{"id":220120,"date":"2025-09-21T08:20:52","date_gmt":"2025-09-21T12:20:52","guid":{"rendered":"https:\/\/www.cuballama.com\/noticias\/?p=220120"},"modified":"2025-09-21T08:20:56","modified_gmt":"2025-09-21T12:20:56","slug":"barco-con-13-migrantes-rumbo-al-rio-miami-es-interceptado-por-la-guardia-costera","status":"publish","type":"post","link":"https:\/\/www.cuballama.com\/noticias\/barco-con-13-migrantes-rumbo-al-rio-miami-es-interceptado-por-la-guardia-costera\/","title":{"rendered":"Barco con 13 migrantes rumbo al r\u00edo Miami es interceptado por la Guardia Costera"},"content":{"rendered":"\n<p>Un patrullero de la Guardia Costera <a href=\"https:\/\/www.miamiherald.com\/news\/local\/community\/miami-dade\/article312136073.html\" target=\"_blank\" rel=\"noreferrer noopener nofollow\">detuvo la noche del domingo<\/a>, a menos de una milla de la desembocadura del r\u00edo Miami, una embarcaci\u00f3n tipo Stamas con dos motores fuera de borda que trasladaba 13 migrantes desde Bimini (Bahamas) hacia el sur de Florida, de acuerdo con una denuncia penal citada por la prensa local.<\/p>\n\n\n\n<p>A bordo iban seis nacionales de Rep\u00fablica Dominicana y siete de Ecuador, adem\u00e1s de dos ciudadanos estadounidenses (la mujer fue liberada en el lugar). El operador, identificado como Dariel P\u00e9rez C\u00e9spedes, cubano de 26 a\u00f1os y tambi\u00e9n ciudadano de EE. UU., quien qued\u00f3 bajo custodia y afronta varios cargos por transporte y facilitaci\u00f3n del ingreso ilegal de personas, seg\u00fan el documento judicial. <\/p>\n\n\n\n<p>La interdicci\u00f3n fue guiada por una tripulaci\u00f3n a\u00e9rea de vigilancia que ven\u00eda siguiendo la ruta desde Bahamas. Cuando el guardacostas detuvo la nave cerca de la bocana del r\u00edo, los marinos hallaron en la consola central una pistola Glock con el logotipo del Departamento de Polic\u00eda de Miami grabado y el nombre de una persona que no estaba a bordo. <\/p>\n\n\n\n<p>De momento, la polic\u00eda de Miami no ha ofrecido comentarios sobre el arma. Los migrantes fueron trasladados a la Base de la Guardia Costera en Miami y, posteriormente, al cutter Rollin Fritch, paso habitual antes de su devoluci\u00f3n a Bahamas para que ese pa\u00eds gestione su repatriaci\u00f3n. Esta es una pr\u00e1ctica frecuente en interdicciones surgidas en la ruta Bimini\u2013Miami, seg\u00fan reportes del Distrito 7 de la Guardia Costera.<\/p>\n\n\n\n<p>El caso vuelve a poner el foco en los \u201catraques r\u00e1pidos\u201d por el r\u00edo Miami, una v\u00eda interior que los contrabandistas eligen para intentar evadir radares y corrientes en mar abierto. A juicio de investigadores federales, estas traves\u00edas se planifican como \u201centregas rel\u00e1mpago\u201d en muelles y rampas cercanas, donde un veh\u00edculo recoge a los pasajeros antes de que lleguen patrullas locales o federales. Cuando hay indicios de transporte con fines de lucro o de riesgo grave para la vida, los fiscales suelen presentar cargos bajo 8 U.S.C. \u00a7 1324, que conllevan penas altas, especialmente si hay reincidencia o armas involucradas.<\/p>\n\n\n\n<p>Sobre la propiedad de la embarcaci\u00f3n, hasta ahora las autoridades no han precisado la identidad ni la nacionalidad del due\u00f1o. La informaci\u00f3n disponible se limita al patr\u00f3n y a los pasajeros. A medida que el expediente avance (registro de la nave, titularidad y eventuales v\u00ednculos financieros), ese dato deber\u00e1 constar en los archivos del tribunal o en comunicados oficiales.<\/p>\n\n\n\n<p>El episodio se conoce en un contexto de presi\u00f3n migratoria sostenida y de tramas de contrabando que utilizan tanto lanchas r\u00e1pidas como botes recreativos adaptados. En lo que va de a\u00f1o, la Guardia Costera y las agencias de Investigaciones de Seguridad Nacional (HSI) han multiplicado operativos contra redes que operan desde Florida y el Caribe. La tragedia de 2022, que dej\u00f3 16 muertos en un intento de cruce desde Cuba, y por la cual una mujer residente en Florida fue sentenciada a 7 a\u00f1os y medio en prisi\u00f3n en 2025, es recordatorio del alt\u00edsimo riesgo de estas traves\u00edas y de las severas consecuencias penales para los organizadores, indica <a href=\"https:\/\/apnews.com\/article\/e9f98737b2d98bfb6dade47e9dd9854d\" target=\"_blank\" rel=\"noreferrer noopener nofollow\">AP News<\/a>.<\/p>\n\n\n\n<p>Qu\u00e9 sigue en este caso. P\u00e9rez C\u00e9spedes invoc\u00f3 su derecho a guardar silencio tras su arresto. De ser formalizado, comparecer\u00e1 ante un juez federal en Miami para audiencia de fianza y lectura de cargos. En paralelo, HSI puede ampliar la pesquisa a posibles c\u00f3mplices, financistas y reclutadores en Florida, Bahamas, Rep\u00fablica Dominicana y Ecuador. La procedencia del arma con emblema del MPD (y el nombre grabado) tambi\u00e9n abre una l\u00ednea separada: determinar si fue robada, extraviada o transferida de manera irregular.<\/p>\n\n\n\n<p><em>pd: Intentamos localizar documentos y comunicados oficiales adicionales sobre esta interdicci\u00f3n espec\u00edfica; al cierre de esta nota solo hab\u00eda referencias p\u00fablicas generales de la Guardia Costera sobre repatriaciones desde Bahamas y antecedentes recientes de casos de contrabando en el sur de la Florida, pero no se hab\u00eda difundido un parte institucional con los pormenores de la incautaci\u00f3n del arma ni la titularidad de la embarcaci\u00f3n. Si usted tiene informaci\u00f3n relacionada con este u otros eventos de contrabando mar\u00edtimo, HSI solicita comunicarse de manera confidencial con su l\u00ednea de denuncias o con el Distrito 7 de la Guardia Costera.<\/em><\/p>\n\n\n\n<p><\/p>\n","protected":false},"excerpt":{"rendered":"<p>La interdicci\u00f3n fue guiada por una tripulaci\u00f3n a\u00e9rea de vigilancia que ven\u00eda siguiendo la ruta desde Bahamas. Cuando el guardacostas detuvo la nave cerca de la bocana del r\u00edo, los marinos hallaron en la consola central una pistola Glock con el logotipo del Departamento de Polic\u00eda de Miami grabado y el nombre de una persona que no estaba a bordo. <\/p>\n","protected":false},"author":13,"featured_media":220124,"comment_status":"open","ping_status":"closed","sticky":false,"template":"","format":"standard","meta":{"_acf_changed":false,"footnotes":""},"categories":[18,11024],"tags":[27673,472,27668,27666,27674,941,2760,27672,2415,23891,26984,27675,1029,96,27670,4098,27669,27671,27667],"class_list":{"0":"post-220120","1":"post","2":"type-post","3":"status-publish","4":"format-standard","5":"has-post-thumbnail","7":"category-noticias","8":"category-noticias-de-miami","9":"tag-arma-de-fuego","10":"tag-bahamas","11":"tag-bimini","12":"tag-contrabando-de-migrantes","13":"tag-dariel-perez-cespedes","14":"tag-destacado","15":"tag-ecuador","16":"tag-embarcacion-stamas","17":"tag-guardia-costera","18":"tag-hsi","19":"tag-interdiccion-maritima","20":"tag-miami-police-department","21":"tag-miami-dade","22":"tag-migracion","23":"tag-repatriaciones","24":"tag-republica-dominicana","25":"tag-rio-miami","26":"tag-ruta-bahamas-florida","27":"tag-uscg-district-7"},"acf":[],"yoast_head":"<!-- This site is optimized with the Yoast SEO plugin v27.5 - https:\/\/yoast.com\/product\/yoast-seo-wordpress\/ -->\n<title>Barco con 13 migrantes rumbo al r\u00edo Miami es interceptado por la Guardia Costera - Cuballama Noticias<\/title>\n<meta name=\"description\" content=\"La Guardia Costera de Miami intercept\u00f3 este domingo a un &quot;lanchero&quot; cubano, que tra\u00eda desde Bahamas a varios migrantes ilegales.\" \/>\n<meta name=\"robots\" content=\"index, follow, max-snippet:-1, max-image-preview:large, max-video-preview:-1\" \/>\n<link rel=\"canonical\" href=\"https:\/\/www.cuballama.com\/noticias\/barco-con-13-migrantes-rumbo-al-rio-miami-es-interceptado-por-la-guardia-costera\/\" \/>\n<meta property=\"og:locale\" content=\"es_ES\" \/>\n<meta property=\"og:type\" content=\"article\" \/>\n<meta property=\"og:title\" content=\"Barco con 13 migrantes rumbo al r\u00edo Miami es interceptado por la Guardia Costera - Cuballama Noticias\" \/>\n<meta property=\"og:description\" content=\"La Guardia Costera de Miami intercept\u00f3 este domingo a un &quot;lanchero&quot; cubano, que tra\u00eda desde Bahamas a varios migrantes ilegales.\" \/>\n<meta property=\"og:url\" content=\"https:\/\/www.cuballama.com\/noticias\/barco-con-13-migrantes-rumbo-al-rio-miami-es-interceptado-por-la-guardia-costera\/\" \/>\n<meta property=\"og:site_name\" content=\"Cuballama Noticias\" \/>\n<meta property=\"article:publisher\" content=\"https:\/\/www.facebook.com\/CubaLlama\" \/>\n<meta property=\"article:published_time\" content=\"2025-09-21T12:20:52+00:00\" \/>\n<meta property=\"article:modified_time\" content=\"2025-09-21T12:20:56+00:00\" \/>\n<meta property=\"og:image\" content=\"https:\/\/cdn1.mediawpaccore.net\/wp-content\/uploads\/2025\/09\/18084431\/image-100.png\" \/>\n\t<meta property=\"og:image:width\" content=\"1972\" \/>\n\t<meta property=\"og:image:height\" content=\"1040\" \/>\n\t<meta property=\"og:image:type\" content=\"image\/png\" \/>\n<meta name=\"author\" content=\"Roberto A.\" \/>\n<meta name=\"twitter:card\" content=\"summary_large_image\" \/>\n<meta name=\"twitter:creator\" content=\"@cuballama\" \/>\n<meta name=\"twitter:site\" content=\"@cuballama\" \/>\n<meta name=\"twitter:label1\" content=\"Escrito por\" \/>\n\t<meta name=\"twitter:data1\" content=\"Roberto A.\" \/>\n\t<meta name=\"twitter:label2\" content=\"Tiempo de lectura\" \/>\n\t<meta name=\"twitter:data2\" content=\"4 minutos\" \/>\n<script type=\"application\/ld+json\" class=\"yoast-schema-graph\">{\"@context\":\"https:\\\/\\\/schema.org\",\"@graph\":[{\"@type\":\"Article\",\"@id\":\"https:\\\/\\\/www.cuballama.com\\\/noticias\\\/barco-con-13-migrantes-rumbo-al-rio-miami-es-interceptado-por-la-guardia-costera\\\/#article\",\"isPartOf\":{\"@id\":\"https:\\\/\\\/www.cuballama.com\\\/noticias\\\/barco-con-13-migrantes-rumbo-al-rio-miami-es-interceptado-por-la-guardia-costera\\\/\"},\"author\":{\"name\":\"Roberto A.\",\"@id\":\"https:\\\/\\\/www.cuballama.com\\\/noticias\\\/#\\\/schema\\\/person\\\/a58502ed4146c8e9f83872e897c76cd2\"},\"headline\":\"Barco con 13 migrantes rumbo al r\u00edo Miami es interceptado por la Guardia Costera\",\"datePublished\":\"2025-09-21T12:20:52+00:00\",\"dateModified\":\"2025-09-21T12:20:56+00:00\",\"mainEntityOfPage\":{\"@id\":\"https:\\\/\\\/www.cuballama.com\\\/noticias\\\/barco-con-13-migrantes-rumbo-al-rio-miami-es-interceptado-por-la-guardia-costera\\\/\"},\"wordCount\":755,\"commentCount\":0,\"publisher\":{\"@id\":\"https:\\\/\\\/www.cuballama.com\\\/noticias\\\/#organization\"},\"image\":{\"@id\":\"https:\\\/\\\/www.cuballama.com\\\/noticias\\\/barco-con-13-migrantes-rumbo-al-rio-miami-es-interceptado-por-la-guardia-costera\\\/#primaryimage\"},\"thumbnailUrl\":\"https:\\\/\\\/cdn1.mediawpaccore.net\\\/wp-content\\\/uploads\\\/2025\\\/09\\\/18084431\\\/image-100.png\",\"keywords\":[\"arma de fuego\",\"Bahamas\",\"Bimini\",\"contrabando de migrantes\",\"Dariel P\u00e9rez C\u00e9spedes\",\"destacado\",\"Ecuador\",\"embarcaci\u00f3n Stamas\",\"Guardia Costera\",\"HSI\",\"interdicci\u00f3n mar\u00edtima\",\"Miami Police Department\",\"Miami-Dade\",\"migraci\u00f3n\",\"repatriaciones\",\"Rep\u00fablica Dominicana\",\"r\u00edo Miami\",\"ruta Bahamas\u2013Florida\",\"USCG District 7\"],\"articleSection\":[\"Noticias\",\"Noticias de Miami\"],\"inLanguage\":\"es\",\"potentialAction\":[{\"@type\":\"CommentAction\",\"name\":\"Comment\",\"target\":[\"https:\\\/\\\/www.cuballama.com\\\/noticias\\\/barco-con-13-migrantes-rumbo-al-rio-miami-es-interceptado-por-la-guardia-costera\\\/#respond\"]}]},{\"@type\":\"WebPage\",\"@id\":\"https:\\\/\\\/www.cuballama.com\\\/noticias\\\/barco-con-13-migrantes-rumbo-al-rio-miami-es-interceptado-por-la-guardia-costera\\\/\",\"url\":\"https:\\\/\\\/www.cuballama.com\\\/noticias\\\/barco-con-13-migrantes-rumbo-al-rio-miami-es-interceptado-por-la-guardia-costera\\\/\",\"name\":\"Barco con 13 migrantes rumbo al r\u00edo Miami es interceptado por la Guardia Costera - Cuballama Noticias\",\"isPartOf\":{\"@id\":\"https:\\\/\\\/www.cuballama.com\\\/noticias\\\/#website\"},\"primaryImageOfPage\":{\"@id\":\"https:\\\/\\\/www.cuballama.com\\\/noticias\\\/barco-con-13-migrantes-rumbo-al-rio-miami-es-interceptado-por-la-guardia-costera\\\/#primaryimage\"},\"image\":{\"@id\":\"https:\\\/\\\/www.cuballama.com\\\/noticias\\\/barco-con-13-migrantes-rumbo-al-rio-miami-es-interceptado-por-la-guardia-costera\\\/#primaryimage\"},\"thumbnailUrl\":\"https:\\\/\\\/cdn1.mediawpaccore.net\\\/wp-content\\\/uploads\\\/2025\\\/09\\\/18084431\\\/image-100.png\",\"datePublished\":\"2025-09-21T12:20:52+00:00\",\"dateModified\":\"2025-09-21T12:20:56+00:00\",\"description\":\"La Guardia Costera de Miami intercept\u00f3 este domingo a un \\\"lanchero\\\" cubano, que tra\u00eda desde Bahamas a varios migrantes ilegales.\",\"breadcrumb\":{\"@id\":\"https:\\\/\\\/www.cuballama.com\\\/noticias\\\/barco-con-13-migrantes-rumbo-al-rio-miami-es-interceptado-por-la-guardia-costera\\\/#breadcrumb\"},\"inLanguage\":\"es\",\"potentialAction\":[{\"@type\":\"ReadAction\",\"target\":[\"https:\\\/\\\/www.cuballama.com\\\/noticias\\\/barco-con-13-migrantes-rumbo-al-rio-miami-es-interceptado-por-la-guardia-costera\\\/\"]}]},{\"@type\":\"ImageObject\",\"inLanguage\":\"es\",\"@id\":\"https:\\\/\\\/www.cuballama.com\\\/noticias\\\/barco-con-13-migrantes-rumbo-al-rio-miami-es-interceptado-por-la-guardia-costera\\\/#primaryimage\",\"url\":\"https:\\\/\\\/cdn1.mediawpaccore.net\\\/wp-content\\\/uploads\\\/2025\\\/09\\\/18084431\\\/image-100.png\",\"contentUrl\":\"https:\\\/\\\/cdn1.mediawpaccore.net\\\/wp-content\\\/uploads\\\/2025\\\/09\\\/18084431\\\/image-100.png\",\"width\":1972,\"height\":1040,\"caption\":\"Foto referencial: tripulaci\u00f3n del USCGC Winslow Griesser durante la transferencia de 30 migrantes a Bahamas (5 sep. 2025). Cr\u00e9dito: U.S. Coast Guard photo \\\/ District Seven. Fuente: USCG Newsroom, \u201cCoast Guard transfers 30 aliens to The Bahamas\u201d \u2014 https:\\\/\\\/www.news.uscg.mil\\\/Press-Releases\\\/Article\\\/4294737\\\/coast-guard-transfers-30-aliens-to-the-bahamas\\\/ . Estatus: Dominio p\u00fablico (obra del Gobierno de EE. UU.). Sin modificaciones.\"},{\"@type\":\"BreadcrumbList\",\"@id\":\"https:\\\/\\\/www.cuballama.com\\\/noticias\\\/barco-con-13-migrantes-rumbo-al-rio-miami-es-interceptado-por-la-guardia-costera\\\/#breadcrumb\",\"itemListElement\":[{\"@type\":\"ListItem\",\"position\":1,\"name\":\"Home\",\"item\":\"https:\\\/\\\/www.cuballama.com\\\/noticias\\\/\"},{\"@type\":\"ListItem\",\"position\":2,\"name\":\"Barco con 13 migrantes rumbo al r\u00edo Miami es interceptado por la Guardia Costera\"}]},{\"@type\":\"WebSite\",\"@id\":\"https:\\\/\\\/www.cuballama.com\\\/noticias\\\/#website\",\"url\":\"https:\\\/\\\/www.cuballama.com\\\/noticias\\\/\",\"name\":\"Cuballama Noticias\",\"description\":\"Medio digital sobre Cuba y el mundo\",\"publisher\":{\"@id\":\"https:\\\/\\\/www.cuballama.com\\\/noticias\\\/#organization\"},\"potentialAction\":[{\"@type\":\"SearchAction\",\"target\":{\"@type\":\"EntryPoint\",\"urlTemplate\":\"https:\\\/\\\/www.cuballama.com\\\/noticias\\\/?s={search_term_string}\"},\"query-input\":{\"@type\":\"PropertyValueSpecification\",\"valueRequired\":true,\"valueName\":\"search_term_string\"}}],\"inLanguage\":\"es\"},{\"@type\":\"Organization\",\"@id\":\"https:\\\/\\\/www.cuballama.com\\\/noticias\\\/#organization\",\"name\":\"Cuballama\",\"url\":\"https:\\\/\\\/www.cuballama.com\\\/noticias\\\/\",\"logo\":{\"@type\":\"ImageObject\",\"inLanguage\":\"es\",\"@id\":\"https:\\\/\\\/www.cuballama.com\\\/noticias\\\/#\\\/schema\\\/logo\\\/image\\\/\",\"url\":\"https:\\\/\\\/cdn1.mediawpaccore.net\\\/wp-content\\\/uploads\\\/2021\\\/12\\\/28171206\\\/cbll-logo-color-sm.png\",\"contentUrl\":\"https:\\\/\\\/cdn1.mediawpaccore.net\\\/wp-content\\\/uploads\\\/2021\\\/12\\\/28171206\\\/cbll-logo-color-sm.png\",\"width\":600,\"height\":133,\"caption\":\"Cuballama\"},\"image\":{\"@id\":\"https:\\\/\\\/www.cuballama.com\\\/noticias\\\/#\\\/schema\\\/logo\\\/image\\\/\"},\"sameAs\":[\"https:\\\/\\\/www.facebook.com\\\/CubaLlama\",\"https:\\\/\\\/x.com\\\/cuballama\",\"https:\\\/\\\/www.instagram.com\\\/stories\\\/cuballama_oficial\\\/\",\"https:\\\/\\\/www.youtube.com\\\/channel\\\/UCKkFE-d_axENGZcrc4as0IA\"]},{\"@type\":\"Person\",\"@id\":\"https:\\\/\\\/www.cuballama.com\\\/noticias\\\/#\\\/schema\\\/person\\\/a58502ed4146c8e9f83872e897c76cd2\",\"name\":\"Roberto A.\",\"description\":\"Roberto A. Periodista por decisi\u00f3n propia. Interesado en cualquier tema que me apasione y cada vez m\u00e1s comprometido con la verdad y la objetividad period\u00edstica. Graduado en La Habana hace ya muchos a\u00f1os, luego de una accidentada y polvorienta b\u00fasqueda de informaci\u00f3n sobre un tema in\u00e9dito. La Tesis, por cierto, desapareci\u00f3 de la biblioteca y no se conservan copias de la misma.\",\"url\":\"https:\\\/\\\/www.cuballama.com\\\/noticias\\\/author\\\/roberto\\\/\"}]}<\/script>\n<!-- \/ Yoast SEO plugin. -->","yoast_head_json":{"title":"Barco con 13 migrantes rumbo al r\u00edo Miami es interceptado por la Guardia Costera - Cuballama Noticias","description":"La Guardia Costera de Miami intercept\u00f3 este domingo a un \"lanchero\" cubano, que tra\u00eda desde Bahamas a varios migrantes ilegales.","robots":{"index":"index","follow":"follow","max-snippet":"max-snippet:-1","max-image-preview":"max-image-preview:large","max-video-preview":"max-video-preview:-1"},"canonical":"https:\/\/www.cuballama.com\/noticias\/barco-con-13-migrantes-rumbo-al-rio-miami-es-interceptado-por-la-guardia-costera\/","og_locale":"es_ES","og_type":"article","og_title":"Barco con 13 migrantes rumbo al r\u00edo Miami es interceptado por la Guardia Costera - Cuballama Noticias","og_description":"La Guardia Costera de Miami intercept\u00f3 este domingo a un \"lanchero\" cubano, que tra\u00eda desde Bahamas a varios migrantes ilegales.","og_url":"https:\/\/www.cuballama.com\/noticias\/barco-con-13-migrantes-rumbo-al-rio-miami-es-interceptado-por-la-guardia-costera\/","og_site_name":"Cuballama Noticias","article_publisher":"https:\/\/www.facebook.com\/CubaLlama","article_published_time":"2025-09-21T12:20:52+00:00","article_modified_time":"2025-09-21T12:20:56+00:00","og_image":[{"width":1972,"height":1040,"url":"https:\/\/cdn1.mediawpaccore.net\/wp-content\/uploads\/2025\/09\/18084431\/image-100.png","type":"image\/png"}],"author":"Roberto A.","twitter_card":"summary_large_image","twitter_creator":"@cuballama","twitter_site":"@cuballama","twitter_misc":{"Escrito por":"Roberto A.","Tiempo de lectura":"4 minutos"},"schema":{"@context":"https:\/\/schema.org","@graph":[{"@type":"Article","@id":"https:\/\/www.cuballama.com\/noticias\/barco-con-13-migrantes-rumbo-al-rio-miami-es-interceptado-por-la-guardia-costera\/#article","isPartOf":{"@id":"https:\/\/www.cuballama.com\/noticias\/barco-con-13-migrantes-rumbo-al-rio-miami-es-interceptado-por-la-guardia-costera\/"},"author":{"name":"Roberto A.","@id":"https:\/\/www.cuballama.com\/noticias\/#\/schema\/person\/a58502ed4146c8e9f83872e897c76cd2"},"headline":"Barco con 13 migrantes rumbo al r\u00edo Miami es interceptado por la Guardia Costera","datePublished":"2025-09-21T12:20:52+00:00","dateModified":"2025-09-21T12:20:56+00:00","mainEntityOfPage":{"@id":"https:\/\/www.cuballama.com\/noticias\/barco-con-13-migrantes-rumbo-al-rio-miami-es-interceptado-por-la-guardia-costera\/"},"wordCount":755,"commentCount":0,"publisher":{"@id":"https:\/\/www.cuballama.com\/noticias\/#organization"},"image":{"@id":"https:\/\/www.cuballama.com\/noticias\/barco-con-13-migrantes-rumbo-al-rio-miami-es-interceptado-por-la-guardia-costera\/#primaryimage"},"thumbnailUrl":"https:\/\/cdn1.mediawpaccore.net\/wp-content\/uploads\/2025\/09\/18084431\/image-100.png","keywords":["arma de fuego","Bahamas","Bimini","contrabando de migrantes","Dariel P\u00e9rez C\u00e9spedes","destacado","Ecuador","embarcaci\u00f3n Stamas","Guardia Costera","HSI","interdicci\u00f3n mar\u00edtima","Miami Police Department","Miami-Dade","migraci\u00f3n","repatriaciones","Rep\u00fablica Dominicana","r\u00edo Miami","ruta Bahamas\u2013Florida","USCG District 7"],"articleSection":["Noticias","Noticias de Miami"],"inLanguage":"es","potentialAction":[{"@type":"CommentAction","name":"Comment","target":["https:\/\/www.cuballama.com\/noticias\/barco-con-13-migrantes-rumbo-al-rio-miami-es-interceptado-por-la-guardia-costera\/#respond"]}]},{"@type":"WebPage","@id":"https:\/\/www.cuballama.com\/noticias\/barco-con-13-migrantes-rumbo-al-rio-miami-es-interceptado-por-la-guardia-costera\/","url":"https:\/\/www.cuballama.com\/noticias\/barco-con-13-migrantes-rumbo-al-rio-miami-es-interceptado-por-la-guardia-costera\/","name":"Barco con 13 migrantes rumbo al r\u00edo Miami es interceptado por la Guardia Costera - Cuballama Noticias","isPartOf":{"@id":"https:\/\/www.cuballama.com\/noticias\/#website"},"primaryImageOfPage":{"@id":"https:\/\/www.cuballama.com\/noticias\/barco-con-13-migrantes-rumbo-al-rio-miami-es-interceptado-por-la-guardia-costera\/#primaryimage"},"image":{"@id":"https:\/\/www.cuballama.com\/noticias\/barco-con-13-migrantes-rumbo-al-rio-miami-es-interceptado-por-la-guardia-costera\/#primaryimage"},"thumbnailUrl":"https:\/\/cdn1.mediawpaccore.net\/wp-content\/uploads\/2025\/09\/18084431\/image-100.png","datePublished":"2025-09-21T12:20:52+00:00","dateModified":"2025-09-21T12:20:56+00:00","description":"La Guardia Costera de Miami intercept\u00f3 este domingo a un \"lanchero\" cubano, que tra\u00eda desde Bahamas a varios migrantes ilegales.","breadcrumb":{"@id":"https:\/\/www.cuballama.com\/noticias\/barco-con-13-migrantes-rumbo-al-rio-miami-es-interceptado-por-la-guardia-costera\/#breadcrumb"},"inLanguage":"es","potentialAction":[{"@type":"ReadAction","target":["https:\/\/www.cuballama.com\/noticias\/barco-con-13-migrantes-rumbo-al-rio-miami-es-interceptado-por-la-guardia-costera\/"]}]},{"@type":"ImageObject","inLanguage":"es","@id":"https:\/\/www.cuballama.com\/noticias\/barco-con-13-migrantes-rumbo-al-rio-miami-es-interceptado-por-la-guardia-costera\/#primaryimage","url":"https:\/\/cdn1.mediawpaccore.net\/wp-content\/uploads\/2025\/09\/18084431\/image-100.png","contentUrl":"https:\/\/cdn1.mediawpaccore.net\/wp-content\/uploads\/2025\/09\/18084431\/image-100.png","width":1972,"height":1040,"caption":"Foto referencial: tripulaci\u00f3n del USCGC Winslow Griesser durante la transferencia de 30 migrantes a Bahamas (5 sep. 2025). Cr\u00e9dito: U.S. Coast Guard photo \/ District Seven. Fuente: USCG Newsroom, \u201cCoast Guard transfers 30 aliens to The Bahamas\u201d \u2014 https:\/\/www.news.uscg.mil\/Press-Releases\/Article\/4294737\/coast-guard-transfers-30-aliens-to-the-bahamas\/ . Estatus: Dominio p\u00fablico (obra del Gobierno de EE. UU.). Sin modificaciones."},{"@type":"BreadcrumbList","@id":"https:\/\/www.cuballama.com\/noticias\/barco-con-13-migrantes-rumbo-al-rio-miami-es-interceptado-por-la-guardia-costera\/#breadcrumb","itemListElement":[{"@type":"ListItem","position":1,"name":"Home","item":"https:\/\/www.cuballama.com\/noticias\/"},{"@type":"ListItem","position":2,"name":"Barco con 13 migrantes rumbo al r\u00edo Miami es interceptado por la Guardia Costera"}]},{"@type":"WebSite","@id":"https:\/\/www.cuballama.com\/noticias\/#website","url":"https:\/\/www.cuballama.com\/noticias\/","name":"Cuballama Noticias","description":"Medio digital sobre Cuba y el mundo","publisher":{"@id":"https:\/\/www.cuballama.com\/noticias\/#organization"},"potentialAction":[{"@type":"SearchAction","target":{"@type":"EntryPoint","urlTemplate":"https:\/\/www.cuballama.com\/noticias\/?s={search_term_string}"},"query-input":{"@type":"PropertyValueSpecification","valueRequired":true,"valueName":"search_term_string"}}],"inLanguage":"es"},{"@type":"Organization","@id":"https:\/\/www.cuballama.com\/noticias\/#organization","name":"Cuballama","url":"https:\/\/www.cuballama.com\/noticias\/","logo":{"@type":"ImageObject","inLanguage":"es","@id":"https:\/\/www.cuballama.com\/noticias\/#\/schema\/logo\/image\/","url":"https:\/\/cdn1.mediawpaccore.net\/wp-content\/uploads\/2021\/12\/28171206\/cbll-logo-color-sm.png","contentUrl":"https:\/\/cdn1.mediawpaccore.net\/wp-content\/uploads\/2021\/12\/28171206\/cbll-logo-color-sm.png","width":600,"height":133,"caption":"Cuballama"},"image":{"@id":"https:\/\/www.cuballama.com\/noticias\/#\/schema\/logo\/image\/"},"sameAs":["https:\/\/www.facebook.com\/CubaLlama","https:\/\/x.com\/cuballama","https:\/\/www.instagram.com\/stories\/cuballama_oficial\/","https:\/\/www.youtube.com\/channel\/UCKkFE-d_axENGZcrc4as0IA"]},{"@type":"Person","@id":"https:\/\/www.cuballama.com\/noticias\/#\/schema\/person\/a58502ed4146c8e9f83872e897c76cd2","name":"Roberto A.","description":"Roberto A. Periodista por decisi\u00f3n propia. Interesado en cualquier tema que me apasione y cada vez m\u00e1s comprometido con la verdad y la objetividad period\u00edstica. Graduado en La Habana hace ya muchos a\u00f1os, luego de una accidentada y polvorienta b\u00fasqueda de informaci\u00f3n sobre un tema in\u00e9dito. La Tesis, por cierto, desapareci\u00f3 de la biblioteca y no se conservan copias de la misma.","url":"https:\/\/www.cuballama.com\/noticias\/author\/roberto\/"}]}},"_links":{"self":[{"href":"https:\/\/www.cuballama.com\/noticias\/wp-json\/wp\/v2\/posts\/220120","targetHints":{"allow":["GET"]}}],"collection":[{"href":"https:\/\/www.cuballama.com\/noticias\/wp-json\/wp\/v2\/posts"}],"about":[{"href":"https:\/\/www.cuballama.com\/noticias\/wp-json\/wp\/v2\/types\/post"}],"author":[{"embeddable":true,"href":"https:\/\/www.cuballama.com\/noticias\/wp-json\/wp\/v2\/users\/13"}],"replies":[{"embeddable":true,"href":"https:\/\/www.cuballama.com\/noticias\/wp-json\/wp\/v2\/comments?post=220120"}],"version-history":[{"count":3,"href":"https:\/\/www.cuballama.com\/noticias\/wp-json\/wp\/v2\/posts\/220120\/revisions"}],"predecessor-version":[{"id":220373,"href":"https:\/\/www.cuballama.com\/noticias\/wp-json\/wp\/v2\/posts\/220120\/revisions\/220373"}],"wp:featuredmedia":[{"embeddable":true,"href":"https:\/\/www.cuballama.com\/noticias\/wp-json\/wp\/v2\/media\/220124"}],"wp:attachment":[{"href":"https:\/\/www.cuballama.com\/noticias\/wp-json\/wp\/v2\/media?parent=220120"}],"wp:term":[{"taxonomy":"category","embeddable":true,"href":"https:\/\/www.cuballama.com\/noticias\/wp-json\/wp\/v2\/categories?post=220120"},{"taxonomy":"post_tag","embeddable":true,"href":"https:\/\/www.cuballama.com\/noticias\/wp-json\/wp\/v2\/tags?post=220120"}],"curies":[{"name":"wp","href":"https:\/\/api.w.org\/{rel}","templated":true}]}}