{"id":220109,"date":"2025-09-21T13:02:00","date_gmt":"2025-09-21T17:02:00","guid":{"rendered":"https:\/\/www.cuballama.com\/noticias\/?p=220109"},"modified":"2025-09-21T13:02:04","modified_gmt":"2025-09-21T17:02:04","slug":"movilizara-fuerzas-cuba-para-enviar-a-venezuela-cubano-recibe-citacion-del-comite-militar-y-se-desata-el-runrun","status":"publish","type":"post","link":"https:\/\/www.cuballama.com\/noticias\/movilizara-fuerzas-cuba-para-enviar-a-venezuela-cubano-recibe-citacion-del-comite-militar-y-se-desata-el-runrun\/","title":{"rendered":"\u00bfMovilizar\u00e1 fuerzas Cuba para enviar a Venezuela? Cubano recibe citaci\u00f3n del Comit\u00e9 Militar y se desata el runr\u00fan"},"content":{"rendered":"\n<p>Un post en redes sociales reaviv\u00f3 este jueves las especulaciones sobre una posible movilizaci\u00f3n de reservistas en Cuba.<a href=\"https:\/\/www.facebook.com\/story.php?story_fbid=1352698219560960&amp;id=100044623830419&amp;post_id=100044623830419_1352698219560960&amp;rdid=l0V73AvTAyUHgeMJ#\" target=\"_blank\" rel=\"noreferrer noopener nofollow\"> El periodista Mario Vallejo public\u00f3 la imagen<\/a> de una \u201ccitaci\u00f3n\u201d supuestamente emitida por el Comit\u00e9 Militar de las FAR para un joven que cumpli\u00f3 el Servicio Militar Obligatorio hace seis a\u00f1os. <\/p>\n\n\n\n<p><em>\u201cHoy me llevaron una citaci\u00f3n de la reserva militar\u2026 ahora, casualmente, lo hacen cuando hay problemas en Venezuela\u201d,<\/em> se lee en el testimonio difundido por Vallejo.<\/p>\n\n\n\n<iframe loading=\"lazy\" src=\"https:\/\/www.facebook.com\/plugins\/post.php?href=https%3A%2F%2Fwww.facebook.com%2FMVallejoTV%2Fposts%2Fpfbid02kcPjC7vC4WPGR1MZhYBuSCeofGKFvDeyVN5rcDgvaqyfpsongPixtapamRcqmvt1l&#038;show_text=true&#038;width=500\" width=\"500\" height=\"635\" style=\"border:none;overflow:hidden\" scrolling=\"no\" frameborder=\"0\" allowfullscreen=\"true\" allow=\"autoplay; clipboard-write; encrypted-media; picture-in-picture; web-share\"><\/iframe>\n\n\n\n<p>La publicaci\u00f3n desat\u00f3 una oleada de reacciones: desde llamados a que \u201cnadie vaya\u201d hasta recuerdos de los costos humanos de las campa\u00f1as militares del pasado, especialmente Angola y Etiop\u00eda. <\/p>\n\n\n\n<p>Varias madres advirtieron que no permitir\u00e1n que sus hijos \u201csean carne de ca\u00f1\u00f3n\u201d, mientras otros usuarios pidieron que, de haber despliegues, \u201cvayan los hijos de los dirigentes\u201d. No faltaron voces que, con escepticismo, recordaron que en Cuba los reservistas son citados peri\u00f3dicamente para \u201cejercicios\u201d o tr\u00e1mites administrativos, por lo que cualquier inferencia sobre un env\u00edo inminente a otro pa\u00eds ser\u00eda, por ahora, conjetura.<\/p>\n\n\n\n<p>Hasta el momento, no hay confirmaci\u00f3n oficial de una movilizaci\u00f3n extraordinaria ni del prop\u00f3sito de las citaciones. En el pasado reciente, las Fuerzas Armadas Revolucionarias han realizado controles de reserva y maniobras internas que no derivaron en despliegues externos. Sin embargo, el contexto regional y la hist\u00f3rica alianza La Habana\u2013Caracas alimentan la sospecha p\u00fablica: muchos temen que, si la crisis pol\u00edtica venezolana escala, el Gobierno cubano intente reforzar a su aliado con personal \u201cde apoyo\u201d que no necesariamente ser\u00eda anunciado como tropa de combate, y que muy probablemente no env\u00ede nunca, pero que lo muestre para ver si \u00abel enemigo\u00bb desiste de intervenir.<\/p>\n\n\n\n<p>Sin embargo, el intercambio en redes dej\u00f3 ver otra preocupaci\u00f3n que es fundamental: la opacidad. Quienes dicen haber recibido citaciones aseguran que no figura con claridad el motivo, m\u00e1s all\u00e1 de presentarse en fecha y hora. Juristas consultados por este redactor se\u00f1alan que, en Cuba, el marco legal de la defensa permite convocatorias a la reserva, pero subrayan que cualquier movilizaci\u00f3n fuera del territorio \u2014sobre todo si implica riesgo\u2014 deber\u00eda ir acompa\u00f1ada de garant\u00edas, informaci\u00f3n precisa y consentimiento expreso.<\/p>\n\n\n\n<p>De momento, todo apunta a un episodio donde el rumor corre m\u00e1s r\u00e1pido que la informaci\u00f3n oficial. Lo responsable, para las autoridades, ser\u00eda aclarar si se trata de ejercicios rutinarios, actualizaci\u00f3n de expedientes o algo m\u00e1s. Y para los convocados, exigir por escrito el motivo, la duraci\u00f3n y el estatus de la citaci\u00f3n. En un pa\u00eds exhausto por apagones y carencias, cualquier insinuaci\u00f3n de \u201cmovilizaci\u00f3n\u201d tiene un eco pol\u00edtico y emocional dif\u00edcil de contener.<\/p>\n\n\n\n<p>Eso s\u00ed: no puede quedar fuera de esta ocasi\u00f3n el hecho de que, seg\u00fan expertos extranjeros, Cuba pudiera estar vendiendo soldados. <\/p>\n\n\n\n<p><strong>tal vez quieras leer: <a href=\"https:\/\/www.cuballama.com\/noticias\/the-washington-times-asegura-que-cuba-le-esta-vendiendo-soldados-a-rusia\/\">The Washington Times asegura que Cuba le est\u00e1 vendiendo soldados a Rusia<\/a><\/strong><\/p>\n","protected":false},"excerpt":{"rendered":"<p>De momento, todo apunta a un episodio donde el rumor corre m\u00e1s r\u00e1pido que la informaci\u00f3n oficial. Lo responsable, para las autoridades, ser\u00eda aclarar si se trata de ejercicios rutinarios, actualizaci\u00f3n de expedientes o algo m\u00e1s. Y para los convocados, exigir por escrito el motivo, la duraci\u00f3n y el estatus de la citaci\u00f3n. En un pa\u00eds exhausto por apagones y carencias, cualquier insinuaci\u00f3n de \u201cmovilizaci\u00f3n\u201d tiene un eco pol\u00edtico y emocional dif\u00edcil de contener.<\/p>\n","protected":false},"author":13,"featured_media":220111,"comment_status":"open","ping_status":"closed","sticky":false,"template":"","format":"standard","meta":{"_acf_changed":false,"footnotes":""},"categories":[18,955],"tags":[7728,1146,772,27641,6231,11,13585,9038,6948,26055,13121,27643,164,6470,9971,27642,11576,27644,729,4747,27645,1065,11870,1030],"class_list":{"0":"post-220109","1":"post","2":"type-post","3":"status-publish","4":"format-standard","5":"has-post-thumbnail","7":"category-noticias","8":"category-noticias-de-cuba","9":"tag-angola","10":"tag-apagones","11":"tag-caribe","12":"tag-citacion-comite-militar","13":"tag-crisis-energetica","14":"tag-cuba","15":"tag-derechos-ciudadanos","16":"tag-desmentidos","17":"tag-economia-cubana","18":"tag-ejercito-cubano-2","19":"tag-far","20":"tag-internacionalismo","21":"tag-la-habana","22":"tag-madres-cubanas","23":"tag-mario-vallejo","24":"tag-movilizacion","25":"tag-nicolas-maduro-2","26":"tag-politicas-de-defensa","27":"tag-redes-sociales","28":"tag-represion","29":"tag-reservistas","30":"tag-rumores","31":"tag-servicio-militar","32":"tag-venezuela"},"acf":[],"yoast_head":"<!-- This site is optimized with the Yoast SEO plugin v27.4 - https:\/\/yoast.com\/product\/yoast-seo-wordpress\/ -->\n<title>\u00bfMovilizar\u00e1 fuerzas Cuba para enviar a Venezuela? Cubano recibe citaci\u00f3n del Comit\u00e9 Militar y se desata el runr\u00fan - Cuballama Noticias<\/title>\n<meta name=\"description\" content=\"Un cubano que hace 6 a\u00f1os termin\u00f3 el Servicio Militar recibe por 1ra vez una citaci\u00f3n del Comit\u00e9 Militar, y cree que lo enviar\u00e1n a Venezuela\" \/>\n<meta name=\"robots\" content=\"index, follow, max-snippet:-1, max-image-preview:large, max-video-preview:-1\" \/>\n<link rel=\"canonical\" href=\"https:\/\/www.cuballama.com\/noticias\/movilizara-fuerzas-cuba-para-enviar-a-venezuela-cubano-recibe-citacion-del-comite-militar-y-se-desata-el-runrun\/\" \/>\n<meta property=\"og:locale\" content=\"es_ES\" \/>\n<meta property=\"og:type\" content=\"article\" \/>\n<meta property=\"og:title\" content=\"\u00bfMovilizar\u00e1 fuerzas Cuba para enviar a Venezuela? Cubano recibe citaci\u00f3n del Comit\u00e9 Militar y se desata el runr\u00fan - Cuballama Noticias\" \/>\n<meta property=\"og:description\" content=\"Un cubano que hace 6 a\u00f1os termin\u00f3 el Servicio Militar recibe por 1ra vez una citaci\u00f3n del Comit\u00e9 Militar, y cree que lo enviar\u00e1n a Venezuela\" \/>\n<meta property=\"og:url\" content=\"https:\/\/www.cuballama.com\/noticias\/movilizara-fuerzas-cuba-para-enviar-a-venezuela-cubano-recibe-citacion-del-comite-militar-y-se-desata-el-runrun\/\" \/>\n<meta property=\"og:site_name\" content=\"Cuballama Noticias\" \/>\n<meta property=\"article:publisher\" content=\"https:\/\/www.facebook.com\/CubaLlama\" \/>\n<meta property=\"article:published_time\" content=\"2025-09-21T17:02:00+00:00\" \/>\n<meta property=\"article:modified_time\" content=\"2025-09-21T17:02:04+00:00\" \/>\n<meta property=\"og:image\" content=\"https:\/\/cdn1.mediawpaccore.net\/wp-content\/uploads\/2025\/09\/18073436\/image-98.png\" \/>\n\t<meta property=\"og:image:width\" content=\"928\" \/>\n\t<meta property=\"og:image:height\" content=\"684\" \/>\n\t<meta property=\"og:image:type\" content=\"image\/png\" \/>\n<meta name=\"author\" content=\"Roberto A.\" \/>\n<meta name=\"twitter:card\" content=\"summary_large_image\" \/>\n<meta name=\"twitter:creator\" content=\"@cuballama\" \/>\n<meta name=\"twitter:site\" content=\"@cuballama\" \/>\n<meta name=\"twitter:label1\" content=\"Escrito por\" \/>\n\t<meta name=\"twitter:data1\" content=\"Roberto A.\" \/>\n\t<meta name=\"twitter:label2\" content=\"Tiempo de lectura\" \/>\n\t<meta name=\"twitter:data2\" content=\"3 minutos\" \/>\n<script type=\"application\/ld+json\" class=\"yoast-schema-graph\">{\"@context\":\"https:\\\/\\\/schema.org\",\"@graph\":[{\"@type\":\"Article\",\"@id\":\"https:\\\/\\\/www.cuballama.com\\\/noticias\\\/movilizara-fuerzas-cuba-para-enviar-a-venezuela-cubano-recibe-citacion-del-comite-militar-y-se-desata-el-runrun\\\/#article\",\"isPartOf\":{\"@id\":\"https:\\\/\\\/www.cuballama.com\\\/noticias\\\/movilizara-fuerzas-cuba-para-enviar-a-venezuela-cubano-recibe-citacion-del-comite-militar-y-se-desata-el-runrun\\\/\"},\"author\":{\"name\":\"Roberto A.\",\"@id\":\"https:\\\/\\\/www.cuballama.com\\\/noticias\\\/#\\\/schema\\\/person\\\/a58502ed4146c8e9f83872e897c76cd2\"},\"headline\":\"\u00bfMovilizar\u00e1 fuerzas Cuba para enviar a Venezuela? Cubano recibe citaci\u00f3n del Comit\u00e9 Militar y se desata el runr\u00fan\",\"datePublished\":\"2025-09-21T17:02:00+00:00\",\"dateModified\":\"2025-09-21T17:02:04+00:00\",\"mainEntityOfPage\":{\"@id\":\"https:\\\/\\\/www.cuballama.com\\\/noticias\\\/movilizara-fuerzas-cuba-para-enviar-a-venezuela-cubano-recibe-citacion-del-comite-militar-y-se-desata-el-runrun\\\/\"},\"wordCount\":526,\"commentCount\":0,\"publisher\":{\"@id\":\"https:\\\/\\\/www.cuballama.com\\\/noticias\\\/#organization\"},\"image\":{\"@id\":\"https:\\\/\\\/www.cuballama.com\\\/noticias\\\/movilizara-fuerzas-cuba-para-enviar-a-venezuela-cubano-recibe-citacion-del-comite-militar-y-se-desata-el-runrun\\\/#primaryimage\"},\"thumbnailUrl\":\"https:\\\/\\\/cdn1.mediawpaccore.net\\\/wp-content\\\/uploads\\\/2025\\\/09\\\/18073436\\\/image-98.png\",\"keywords\":[\"Angola\",\"Apagones\",\"Caribe\",\"citaci\u00f3n comit\u00e9 militar\",\"Crisis energ\u00e9tica\",\"Cuba\",\"Derechos ciudadanos\",\"Desmentidos\",\"econom\u00eda cubana\",\"ej\u00e9rcito cubano\",\"FAR\",\"internacionalismo\",\"La Habana\",\"Madres cubanas\",\"Mario Vallejo\",\"movilizaci\u00f3n\",\"Nicol\u00e1s Maduro\",\"pol\u00edticas de defensa\",\"redes Sociales\",\"represi\u00f3n\",\"reservistas\",\"rumores\",\"servicio militar\",\"venezuela\"],\"articleSection\":[\"Noticias\",\"Noticias de Cuba\"],\"inLanguage\":\"es\",\"potentialAction\":[{\"@type\":\"CommentAction\",\"name\":\"Comment\",\"target\":[\"https:\\\/\\\/www.cuballama.com\\\/noticias\\\/movilizara-fuerzas-cuba-para-enviar-a-venezuela-cubano-recibe-citacion-del-comite-militar-y-se-desata-el-runrun\\\/#respond\"]}]},{\"@type\":\"WebPage\",\"@id\":\"https:\\\/\\\/www.cuballama.com\\\/noticias\\\/movilizara-fuerzas-cuba-para-enviar-a-venezuela-cubano-recibe-citacion-del-comite-militar-y-se-desata-el-runrun\\\/\",\"url\":\"https:\\\/\\\/www.cuballama.com\\\/noticias\\\/movilizara-fuerzas-cuba-para-enviar-a-venezuela-cubano-recibe-citacion-del-comite-militar-y-se-desata-el-runrun\\\/\",\"name\":\"\u00bfMovilizar\u00e1 fuerzas Cuba para enviar a Venezuela? Cubano recibe citaci\u00f3n del Comit\u00e9 Militar y se desata el runr\u00fan - Cuballama Noticias\",\"isPartOf\":{\"@id\":\"https:\\\/\\\/www.cuballama.com\\\/noticias\\\/#website\"},\"primaryImageOfPage\":{\"@id\":\"https:\\\/\\\/www.cuballama.com\\\/noticias\\\/movilizara-fuerzas-cuba-para-enviar-a-venezuela-cubano-recibe-citacion-del-comite-militar-y-se-desata-el-runrun\\\/#primaryimage\"},\"image\":{\"@id\":\"https:\\\/\\\/www.cuballama.com\\\/noticias\\\/movilizara-fuerzas-cuba-para-enviar-a-venezuela-cubano-recibe-citacion-del-comite-militar-y-se-desata-el-runrun\\\/#primaryimage\"},\"thumbnailUrl\":\"https:\\\/\\\/cdn1.mediawpaccore.net\\\/wp-content\\\/uploads\\\/2025\\\/09\\\/18073436\\\/image-98.png\",\"datePublished\":\"2025-09-21T17:02:00+00:00\",\"dateModified\":\"2025-09-21T17:02:04+00:00\",\"description\":\"Un cubano que hace 6 a\u00f1os termin\u00f3 el Servicio Militar recibe por 1ra vez una citaci\u00f3n del Comit\u00e9 Militar, y cree que lo enviar\u00e1n a Venezuela\",\"breadcrumb\":{\"@id\":\"https:\\\/\\\/www.cuballama.com\\\/noticias\\\/movilizara-fuerzas-cuba-para-enviar-a-venezuela-cubano-recibe-citacion-del-comite-militar-y-se-desata-el-runrun\\\/#breadcrumb\"},\"inLanguage\":\"es\",\"potentialAction\":[{\"@type\":\"ReadAction\",\"target\":[\"https:\\\/\\\/www.cuballama.com\\\/noticias\\\/movilizara-fuerzas-cuba-para-enviar-a-venezuela-cubano-recibe-citacion-del-comite-militar-y-se-desata-el-runrun\\\/\"]}]},{\"@type\":\"ImageObject\",\"inLanguage\":\"es\",\"@id\":\"https:\\\/\\\/www.cuballama.com\\\/noticias\\\/movilizara-fuerzas-cuba-para-enviar-a-venezuela-cubano-recibe-citacion-del-comite-militar-y-se-desata-el-runrun\\\/#primaryimage\",\"url\":\"https:\\\/\\\/cdn1.mediawpaccore.net\\\/wp-content\\\/uploads\\\/2025\\\/09\\\/18073436\\\/image-98.png\",\"contentUrl\":\"https:\\\/\\\/cdn1.mediawpaccore.net\\\/wp-content\\\/uploads\\\/2025\\\/09\\\/18073436\\\/image-98.png\",\"width\":928,\"height\":684,\"caption\":\"Citaci\u00f3n del Comit\u00e9 Militar le llega a un cubano por primera vez despu\u00e9s de haber finalizado el SMO hace 6 a\u00f1os. Foto: V\u00eda Mario Vallejo & Facebook\"},{\"@type\":\"BreadcrumbList\",\"@id\":\"https:\\\/\\\/www.cuballama.com\\\/noticias\\\/movilizara-fuerzas-cuba-para-enviar-a-venezuela-cubano-recibe-citacion-del-comite-militar-y-se-desata-el-runrun\\\/#breadcrumb\",\"itemListElement\":[{\"@type\":\"ListItem\",\"position\":1,\"name\":\"Home\",\"item\":\"https:\\\/\\\/www.cuballama.com\\\/noticias\\\/\"},{\"@type\":\"ListItem\",\"position\":2,\"name\":\"\u00bfMovilizar\u00e1 fuerzas Cuba para enviar a Venezuela? Cubano recibe citaci\u00f3n del Comit\u00e9 Militar y se desata el runr\u00fan\"}]},{\"@type\":\"WebSite\",\"@id\":\"https:\\\/\\\/www.cuballama.com\\\/noticias\\\/#website\",\"url\":\"https:\\\/\\\/www.cuballama.com\\\/noticias\\\/\",\"name\":\"Cuballama Noticias\",\"description\":\"Medio digital sobre Cuba y el mundo\",\"publisher\":{\"@id\":\"https:\\\/\\\/www.cuballama.com\\\/noticias\\\/#organization\"},\"potentialAction\":[{\"@type\":\"SearchAction\",\"target\":{\"@type\":\"EntryPoint\",\"urlTemplate\":\"https:\\\/\\\/www.cuballama.com\\\/noticias\\\/?s={search_term_string}\"},\"query-input\":{\"@type\":\"PropertyValueSpecification\",\"valueRequired\":true,\"valueName\":\"search_term_string\"}}],\"inLanguage\":\"es\"},{\"@type\":\"Organization\",\"@id\":\"https:\\\/\\\/www.cuballama.com\\\/noticias\\\/#organization\",\"name\":\"Cuballama\",\"url\":\"https:\\\/\\\/www.cuballama.com\\\/noticias\\\/\",\"logo\":{\"@type\":\"ImageObject\",\"inLanguage\":\"es\",\"@id\":\"https:\\\/\\\/www.cuballama.com\\\/noticias\\\/#\\\/schema\\\/logo\\\/image\\\/\",\"url\":\"https:\\\/\\\/cdn1.mediawpaccore.net\\\/wp-content\\\/uploads\\\/2021\\\/12\\\/28171206\\\/cbll-logo-color-sm.png\",\"contentUrl\":\"https:\\\/\\\/cdn1.mediawpaccore.net\\\/wp-content\\\/uploads\\\/2021\\\/12\\\/28171206\\\/cbll-logo-color-sm.png\",\"width\":600,\"height\":133,\"caption\":\"Cuballama\"},\"image\":{\"@id\":\"https:\\\/\\\/www.cuballama.com\\\/noticias\\\/#\\\/schema\\\/logo\\\/image\\\/\"},\"sameAs\":[\"https:\\\/\\\/www.facebook.com\\\/CubaLlama\",\"https:\\\/\\\/x.com\\\/cuballama\",\"https:\\\/\\\/www.instagram.com\\\/stories\\\/cuballama_oficial\\\/\",\"https:\\\/\\\/www.youtube.com\\\/channel\\\/UCKkFE-d_axENGZcrc4as0IA\"]},{\"@type\":\"Person\",\"@id\":\"https:\\\/\\\/www.cuballama.com\\\/noticias\\\/#\\\/schema\\\/person\\\/a58502ed4146c8e9f83872e897c76cd2\",\"name\":\"Roberto A.\",\"description\":\"Roberto A. Periodista por decisi\u00f3n propia. Interesado en cualquier tema que me apasione y cada vez m\u00e1s comprometido con la verdad y la objetividad period\u00edstica. Graduado en La Habana hace ya muchos a\u00f1os, luego de una accidentada y polvorienta b\u00fasqueda de informaci\u00f3n sobre un tema in\u00e9dito. La Tesis, por cierto, desapareci\u00f3 de la biblioteca y no se conservan copias de la misma.\",\"url\":\"https:\\\/\\\/www.cuballama.com\\\/noticias\\\/author\\\/roberto\\\/\"}]}<\/script>\n<!-- \/ Yoast SEO plugin. -->","yoast_head_json":{"title":"\u00bfMovilizar\u00e1 fuerzas Cuba para enviar a Venezuela? Cubano recibe citaci\u00f3n del Comit\u00e9 Militar y se desata el runr\u00fan - Cuballama Noticias","description":"Un cubano que hace 6 a\u00f1os termin\u00f3 el Servicio Militar recibe por 1ra vez una citaci\u00f3n del Comit\u00e9 Militar, y cree que lo enviar\u00e1n a Venezuela","robots":{"index":"index","follow":"follow","max-snippet":"max-snippet:-1","max-image-preview":"max-image-preview:large","max-video-preview":"max-video-preview:-1"},"canonical":"https:\/\/www.cuballama.com\/noticias\/movilizara-fuerzas-cuba-para-enviar-a-venezuela-cubano-recibe-citacion-del-comite-militar-y-se-desata-el-runrun\/","og_locale":"es_ES","og_type":"article","og_title":"\u00bfMovilizar\u00e1 fuerzas Cuba para enviar a Venezuela? Cubano recibe citaci\u00f3n del Comit\u00e9 Militar y se desata el runr\u00fan - Cuballama Noticias","og_description":"Un cubano que hace 6 a\u00f1os termin\u00f3 el Servicio Militar recibe por 1ra vez una citaci\u00f3n del Comit\u00e9 Militar, y cree que lo enviar\u00e1n a Venezuela","og_url":"https:\/\/www.cuballama.com\/noticias\/movilizara-fuerzas-cuba-para-enviar-a-venezuela-cubano-recibe-citacion-del-comite-militar-y-se-desata-el-runrun\/","og_site_name":"Cuballama Noticias","article_publisher":"https:\/\/www.facebook.com\/CubaLlama","article_published_time":"2025-09-21T17:02:00+00:00","article_modified_time":"2025-09-21T17:02:04+00:00","og_image":[{"width":928,"height":684,"url":"https:\/\/cdn1.mediawpaccore.net\/wp-content\/uploads\/2025\/09\/18073436\/image-98.png","type":"image\/png"}],"author":"Roberto A.","twitter_card":"summary_large_image","twitter_creator":"@cuballama","twitter_site":"@cuballama","twitter_misc":{"Escrito por":"Roberto A.","Tiempo de lectura":"3 minutos"},"schema":{"@context":"https:\/\/schema.org","@graph":[{"@type":"Article","@id":"https:\/\/www.cuballama.com\/noticias\/movilizara-fuerzas-cuba-para-enviar-a-venezuela-cubano-recibe-citacion-del-comite-militar-y-se-desata-el-runrun\/#article","isPartOf":{"@id":"https:\/\/www.cuballama.com\/noticias\/movilizara-fuerzas-cuba-para-enviar-a-venezuela-cubano-recibe-citacion-del-comite-militar-y-se-desata-el-runrun\/"},"author":{"name":"Roberto A.","@id":"https:\/\/www.cuballama.com\/noticias\/#\/schema\/person\/a58502ed4146c8e9f83872e897c76cd2"},"headline":"\u00bfMovilizar\u00e1 fuerzas Cuba para enviar a Venezuela? Cubano recibe citaci\u00f3n del Comit\u00e9 Militar y se desata el runr\u00fan","datePublished":"2025-09-21T17:02:00+00:00","dateModified":"2025-09-21T17:02:04+00:00","mainEntityOfPage":{"@id":"https:\/\/www.cuballama.com\/noticias\/movilizara-fuerzas-cuba-para-enviar-a-venezuela-cubano-recibe-citacion-del-comite-militar-y-se-desata-el-runrun\/"},"wordCount":526,"commentCount":0,"publisher":{"@id":"https:\/\/www.cuballama.com\/noticias\/#organization"},"image":{"@id":"https:\/\/www.cuballama.com\/noticias\/movilizara-fuerzas-cuba-para-enviar-a-venezuela-cubano-recibe-citacion-del-comite-militar-y-se-desata-el-runrun\/#primaryimage"},"thumbnailUrl":"https:\/\/cdn1.mediawpaccore.net\/wp-content\/uploads\/2025\/09\/18073436\/image-98.png","keywords":["Angola","Apagones","Caribe","citaci\u00f3n comit\u00e9 militar","Crisis energ\u00e9tica","Cuba","Derechos ciudadanos","Desmentidos","econom\u00eda cubana","ej\u00e9rcito cubano","FAR","internacionalismo","La Habana","Madres cubanas","Mario Vallejo","movilizaci\u00f3n","Nicol\u00e1s Maduro","pol\u00edticas de defensa","redes Sociales","represi\u00f3n","reservistas","rumores","servicio militar","venezuela"],"articleSection":["Noticias","Noticias de Cuba"],"inLanguage":"es","potentialAction":[{"@type":"CommentAction","name":"Comment","target":["https:\/\/www.cuballama.com\/noticias\/movilizara-fuerzas-cuba-para-enviar-a-venezuela-cubano-recibe-citacion-del-comite-militar-y-se-desata-el-runrun\/#respond"]}]},{"@type":"WebPage","@id":"https:\/\/www.cuballama.com\/noticias\/movilizara-fuerzas-cuba-para-enviar-a-venezuela-cubano-recibe-citacion-del-comite-militar-y-se-desata-el-runrun\/","url":"https:\/\/www.cuballama.com\/noticias\/movilizara-fuerzas-cuba-para-enviar-a-venezuela-cubano-recibe-citacion-del-comite-militar-y-se-desata-el-runrun\/","name":"\u00bfMovilizar\u00e1 fuerzas Cuba para enviar a Venezuela? Cubano recibe citaci\u00f3n del Comit\u00e9 Militar y se desata el runr\u00fan - Cuballama Noticias","isPartOf":{"@id":"https:\/\/www.cuballama.com\/noticias\/#website"},"primaryImageOfPage":{"@id":"https:\/\/www.cuballama.com\/noticias\/movilizara-fuerzas-cuba-para-enviar-a-venezuela-cubano-recibe-citacion-del-comite-militar-y-se-desata-el-runrun\/#primaryimage"},"image":{"@id":"https:\/\/www.cuballama.com\/noticias\/movilizara-fuerzas-cuba-para-enviar-a-venezuela-cubano-recibe-citacion-del-comite-militar-y-se-desata-el-runrun\/#primaryimage"},"thumbnailUrl":"https:\/\/cdn1.mediawpaccore.net\/wp-content\/uploads\/2025\/09\/18073436\/image-98.png","datePublished":"2025-09-21T17:02:00+00:00","dateModified":"2025-09-21T17:02:04+00:00","description":"Un cubano que hace 6 a\u00f1os termin\u00f3 el Servicio Militar recibe por 1ra vez una citaci\u00f3n del Comit\u00e9 Militar, y cree que lo enviar\u00e1n a Venezuela","breadcrumb":{"@id":"https:\/\/www.cuballama.com\/noticias\/movilizara-fuerzas-cuba-para-enviar-a-venezuela-cubano-recibe-citacion-del-comite-militar-y-se-desata-el-runrun\/#breadcrumb"},"inLanguage":"es","potentialAction":[{"@type":"ReadAction","target":["https:\/\/www.cuballama.com\/noticias\/movilizara-fuerzas-cuba-para-enviar-a-venezuela-cubano-recibe-citacion-del-comite-militar-y-se-desata-el-runrun\/"]}]},{"@type":"ImageObject","inLanguage":"es","@id":"https:\/\/www.cuballama.com\/noticias\/movilizara-fuerzas-cuba-para-enviar-a-venezuela-cubano-recibe-citacion-del-comite-militar-y-se-desata-el-runrun\/#primaryimage","url":"https:\/\/cdn1.mediawpaccore.net\/wp-content\/uploads\/2025\/09\/18073436\/image-98.png","contentUrl":"https:\/\/cdn1.mediawpaccore.net\/wp-content\/uploads\/2025\/09\/18073436\/image-98.png","width":928,"height":684,"caption":"Citaci\u00f3n del Comit\u00e9 Militar le llega a un cubano por primera vez despu\u00e9s de haber finalizado el SMO hace 6 a\u00f1os. Foto: V\u00eda Mario Vallejo & Facebook"},{"@type":"BreadcrumbList","@id":"https:\/\/www.cuballama.com\/noticias\/movilizara-fuerzas-cuba-para-enviar-a-venezuela-cubano-recibe-citacion-del-comite-militar-y-se-desata-el-runrun\/#breadcrumb","itemListElement":[{"@type":"ListItem","position":1,"name":"Home","item":"https:\/\/www.cuballama.com\/noticias\/"},{"@type":"ListItem","position":2,"name":"\u00bfMovilizar\u00e1 fuerzas Cuba para enviar a Venezuela? Cubano recibe citaci\u00f3n del Comit\u00e9 Militar y se desata el runr\u00fan"}]},{"@type":"WebSite","@id":"https:\/\/www.cuballama.com\/noticias\/#website","url":"https:\/\/www.cuballama.com\/noticias\/","name":"Cuballama Noticias","description":"Medio digital sobre Cuba y el mundo","publisher":{"@id":"https:\/\/www.cuballama.com\/noticias\/#organization"},"potentialAction":[{"@type":"SearchAction","target":{"@type":"EntryPoint","urlTemplate":"https:\/\/www.cuballama.com\/noticias\/?s={search_term_string}"},"query-input":{"@type":"PropertyValueSpecification","valueRequired":true,"valueName":"search_term_string"}}],"inLanguage":"es"},{"@type":"Organization","@id":"https:\/\/www.cuballama.com\/noticias\/#organization","name":"Cuballama","url":"https:\/\/www.cuballama.com\/noticias\/","logo":{"@type":"ImageObject","inLanguage":"es","@id":"https:\/\/www.cuballama.com\/noticias\/#\/schema\/logo\/image\/","url":"https:\/\/cdn1.mediawpaccore.net\/wp-content\/uploads\/2021\/12\/28171206\/cbll-logo-color-sm.png","contentUrl":"https:\/\/cdn1.mediawpaccore.net\/wp-content\/uploads\/2021\/12\/28171206\/cbll-logo-color-sm.png","width":600,"height":133,"caption":"Cuballama"},"image":{"@id":"https:\/\/www.cuballama.com\/noticias\/#\/schema\/logo\/image\/"},"sameAs":["https:\/\/www.facebook.com\/CubaLlama","https:\/\/x.com\/cuballama","https:\/\/www.instagram.com\/stories\/cuballama_oficial\/","https:\/\/www.youtube.com\/channel\/UCKkFE-d_axENGZcrc4as0IA"]},{"@type":"Person","@id":"https:\/\/www.cuballama.com\/noticias\/#\/schema\/person\/a58502ed4146c8e9f83872e897c76cd2","name":"Roberto A.","description":"Roberto A. Periodista por decisi\u00f3n propia. Interesado en cualquier tema que me apasione y cada vez m\u00e1s comprometido con la verdad y la objetividad period\u00edstica. Graduado en La Habana hace ya muchos a\u00f1os, luego de una accidentada y polvorienta b\u00fasqueda de informaci\u00f3n sobre un tema in\u00e9dito. La Tesis, por cierto, desapareci\u00f3 de la biblioteca y no se conservan copias de la misma.","url":"https:\/\/www.cuballama.com\/noticias\/author\/roberto\/"}]}},"_links":{"self":[{"href":"https:\/\/www.cuballama.com\/noticias\/wp-json\/wp\/v2\/posts\/220109","targetHints":{"allow":["GET"]}}],"collection":[{"href":"https:\/\/www.cuballama.com\/noticias\/wp-json\/wp\/v2\/posts"}],"about":[{"href":"https:\/\/www.cuballama.com\/noticias\/wp-json\/wp\/v2\/types\/post"}],"author":[{"embeddable":true,"href":"https:\/\/www.cuballama.com\/noticias\/wp-json\/wp\/v2\/users\/13"}],"replies":[{"embeddable":true,"href":"https:\/\/www.cuballama.com\/noticias\/wp-json\/wp\/v2\/comments?post=220109"}],"version-history":[{"count":4,"href":"https:\/\/www.cuballama.com\/noticias\/wp-json\/wp\/v2\/posts\/220109\/revisions"}],"predecessor-version":[{"id":220114,"href":"https:\/\/www.cuballama.com\/noticias\/wp-json\/wp\/v2\/posts\/220109\/revisions\/220114"}],"wp:featuredmedia":[{"embeddable":true,"href":"https:\/\/www.cuballama.com\/noticias\/wp-json\/wp\/v2\/media\/220111"}],"wp:attachment":[{"href":"https:\/\/www.cuballama.com\/noticias\/wp-json\/wp\/v2\/media?parent=220109"}],"wp:term":[{"taxonomy":"category","embeddable":true,"href":"https:\/\/www.cuballama.com\/noticias\/wp-json\/wp\/v2\/categories?post=220109"},{"taxonomy":"post_tag","embeddable":true,"href":"https:\/\/www.cuballama.com\/noticias\/wp-json\/wp\/v2\/tags?post=220109"}],"curies":[{"name":"wp","href":"https:\/\/api.w.org\/{rel}","templated":true}]}}