{"id":219958,"date":"2025-09-17T13:47:58","date_gmt":"2025-09-17T17:47:58","guid":{"rendered":"https:\/\/www.cuballama.com\/noticias\/?p=219958"},"modified":"2025-09-17T15:42:06","modified_gmt":"2025-09-17T19:42:06","slug":"cubana-detenida-por-asesinato-de-joven-de-hialeah-ya-esta-en-carcel-de-miami","status":"publish","type":"post","link":"https:\/\/www.cuballama.com\/noticias\/cubana-detenida-por-asesinato-de-joven-de-hialeah-ya-esta-en-carcel-de-miami\/","title":{"rendered":"Cubana detenida por asesinato de joven de Hialeah ya est\u00e1 en c\u00e1rcel de Miami"},"content":{"rendered":"\n<p>La cubana Ariely \u00c1lvarez Cabrera, quien est\u00e1 siendo acusada en Estados Unidos por ser c\u00f3mplice de asesinato y manipular evidencias, fue transferida del condado de Broward al de Miami-Dade, ambos en el sur de Florida, donde compareci\u00f3 en la ma\u00f1ana de este mi\u00e9rcoles ante un juez, seg\u00fan report\u00f3 el periodista cubanoamericano Javier D\u00edaz, de <em>Noticias 23<\/em>.<\/p>\n\n\n\n<p>\u00c1lvarez, que tras ser extraditada de M\u00e9xico hace nueve d\u00edas ahora se encuentra en la c\u00e1rcel TGK por estar relacionada con el asesinato del cubano Daylon Fleitas, en agosto de este a\u00f1o, podr\u00eda salir en libertad si es capaz de pagar la fianza que le hab\u00eda impuesto un juez de Broward y que fue confirmada este 17 de septiembre en Miami.<\/p>\n\n\n\n<p>A \u00c1lvarez, de 27 a\u00f1os, le fijaron en Broward <a href=\"https:\/\/www.cuballama.com\/noticias\/cubana-involucrada-en-asesinato-de-joven-de-hialeah-comparece-por-primera-vez-en-corte\/?srsltid=AfmBOorB6qWwY2T6ySpDZnyIc6SAUhgyqfjUcByvKGuLVm-OzOjVqm5k\" target=\"_blank\" rel=\"noreferrer noopener\">una fianza de 200 mil d\u00f3lares<\/a> (100 mil por cada cargo) que, si logra pagarla, le permitir\u00eda estar en arresto domiciliario, de manera altamente vigilada: con un grillete rastreador en el tobillo, sin pasaporte y con un toque de queda de 11 a seis de la ma\u00f1ana.<\/p>\n\n\n\n<p>A tenor con D\u00edaz, el abogado de \u00c1lvarez est\u00e1 peleando para disminuir su fianza, la cual considera excesiva, si se tiene en cuenta que se entreg\u00f3 a las autoridades y que est\u00e1 colaborando para que la polic\u00eda federal y la Interpol arresten a su esposo, Alfredo Carballo Gonz\u00e1lez, a quien ella habr\u00eda ayudado despu\u00e9s de que \u00e9ste matara a Fleitas.<\/p>\n\n\n\n<iframe loading=\"lazy\" src=\"https:\/\/www.facebook.com\/plugins\/video.php?height=314&#038;href=https%3A%2F%2Fwww.facebook.com%2FJavierDiazTV%2Fvideos%2F805040875541358%2F&#038;show_text=true&#038;width=560&#038;t=0\" width=\"560\" height=\"429\" style=\"border:none;overflow:hidden\" scrolling=\"no\" frameborder=\"0\" allowfullscreen=\"true\" allow=\"autoplay; clipboard-write; encrypted-media; picture-in-picture; web-share\" allowFullScreen=\"true\"><\/iframe>\n\n\n\n<p>Tanto Carballo como \u00c1lvarez estaban pr\u00f3fugos de las autoridades junto a su beb\u00e9, que actualmente tendr\u00eda unos seis meses de edad.<\/p>\n\n\n\n<p>Carmen Soler, la madre de la v\u00edctima, declar\u00f3 la pasada semana a D\u00edaz que no estaba e acuerdo con la fianza impuesta a \u00c1lvarez y que esperaba que en Miami-Dade la dejeran detenida. \u201cLe pedimos a las autoridades que revisen bien el caso y que valoren c\u00f3mo est\u00e1 esta familia devastada\u201d, se\u00f1al\u00f3 entonces.<\/p>\n\n\n\n<p>Si bien \u00c1lvarez fue extraditada el pasado 8 de septiembre tras entregarse a las autoridades, su pareja y padre del ni\u00f1o sigue pr\u00f3fugo de la justicia.&nbsp;<\/p>\n\n\n\n<iframe loading=\"lazy\" src=\"https:\/\/www.facebook.com\/plugins\/post.php?href=https%3A%2F%2Fwww.facebook.com%2FJavierDiazTV%2Fposts%2Fpfbid021nqwxnDCKuzkb4mUkY5jEZzhYaoLR3scczZj2Fp536YuXLKro4F8W2sUqqcX9SFZl&#038;show_text=true&#038;width=500\" width=\"500\" height=\"250\" style=\"border:none;overflow:hidden\" scrolling=\"no\" frameborder=\"0\" allowfullscreen=\"true\" allow=\"autoplay; clipboard-write; encrypted-media; picture-in-picture; web-share\"><\/iframe>\n\n\n\n<p>Posteriormente trascendi\u00f3 que Alain, el beb\u00e9 de \u00c1lvarez Cabrera y Carballo Gonz\u00e1lez, se encuentra con familiares maternos cercanos.<\/p>\n\n\n\n<p>Seg\u00fan reportes en redes sociales, la joven, natural de San Antonio de los Ba\u00f1os, en la actual provincia de Artemisa, trabajaba en un sal\u00f3n de tratamientos de belleza en Miami desde hace unos cuatro a\u00f1os.<\/p>\n\n\n\n<p>Mientras, Carballo, quien habr\u00eda asesinado a pu\u00f1aladas de Fleitas, ha sido calificado por las autoridades como un sujeto \u201cextremadamente peligroso\u201d.<\/p>\n\n\n\n<p>Desde la Oficina del Sheriff del Condado de Miami-Dade solicitaron que, si alguien tiene informaci\u00f3n sobre el paradero de Carballo, tambi\u00e9n oriundo de San Antonio, llame a la L\u00ednea de Alto al Crimen al 305-471-TIPS (8477).<\/p>\n\n\n\n<p>La investigaci\u00f3n del caso revel\u00f3 que el domingo 3 de agosto la v\u00edctima se reuni\u00f3 con Carballo en la zona de la avenida 95 y la calle 106 del noroeste, en Medley, ciudad contigua a Hialeah, con el fin de cobrar un pr\u00e9stamo de 10 mil d\u00f3lares.<\/p>\n\n\n\n<p><\/p>\n","protected":false},"excerpt":{"rendered":"<p>A la mujer le fijaron una fianza de 200 mil d\u00f3lares.<\/p>\n","protected":false},"author":30,"featured_media":219960,"comment_status":"open","ping_status":"closed","sticky":false,"template":"","format":"standard","meta":{"_acf_changed":false,"footnotes":""},"categories":[18,11024],"tags":[18871,23635,11050,26205,941],"class_list":{"0":"post-219958","1":"post","2":"type-post","3":"status-publish","4":"format-standard","5":"has-post-thumbnail","7":"category-noticias","8":"category-noticias-de-miami","9":"tag-crimen-en-miami","10":"tag-cubana-detenida","11":"tag-cubanos-en-miami","12":"tag-daylon-fleitas","13":"tag-destacado"},"acf":[],"yoast_head":"<!-- This site is optimized with the Yoast SEO plugin v27.5 - https:\/\/yoast.com\/product\/yoast-seo-wordpress\/ -->\n<title>Cubana detenida por asesinato de joven de Hialeah ya est\u00e1 en c\u00e1rcel de Miami - Cuballama Noticias<\/title>\n<meta name=\"description\" content=\"Una joven madre cubana detenida por el asesinato de joven residente de Hialeah fue trasladada a la c\u00e1rcel de Miami-Dade.\" \/>\n<meta name=\"robots\" content=\"index, follow, max-snippet:-1, max-image-preview:large, max-video-preview:-1\" \/>\n<link rel=\"canonical\" href=\"https:\/\/www.cuballama.com\/noticias\/cubana-detenida-por-asesinato-de-joven-de-hialeah-ya-esta-en-carcel-de-miami\/\" \/>\n<meta property=\"og:locale\" content=\"es_ES\" \/>\n<meta property=\"og:type\" content=\"article\" \/>\n<meta property=\"og:title\" content=\"Cubana detenida por asesinato de joven de Hialeah ya est\u00e1 en c\u00e1rcel de Miami - Cuballama Noticias\" \/>\n<meta property=\"og:description\" content=\"Una joven madre cubana detenida por el asesinato de joven residente de Hialeah fue trasladada a la c\u00e1rcel de Miami-Dade.\" \/>\n<meta property=\"og:url\" content=\"https:\/\/www.cuballama.com\/noticias\/cubana-detenida-por-asesinato-de-joven-de-hialeah-ya-esta-en-carcel-de-miami\/\" \/>\n<meta property=\"og:site_name\" content=\"Cuballama Noticias\" \/>\n<meta property=\"article:publisher\" content=\"https:\/\/www.facebook.com\/CubaLlama\" \/>\n<meta property=\"article:published_time\" content=\"2025-09-17T17:47:58+00:00\" \/>\n<meta property=\"article:modified_time\" content=\"2025-09-17T19:42:06+00:00\" \/>\n<meta property=\"og:image\" content=\"https:\/\/cdn1.mediawpaccore.net\/wp-content\/uploads\/2025\/09\/17090427\/548295418_1344005030722334_172447599034906087_n1.jpg\" \/>\n\t<meta property=\"og:image:width\" content=\"1200\" \/>\n\t<meta property=\"og:image:height\" content=\"630\" \/>\n\t<meta property=\"og:image:type\" content=\"image\/jpeg\" \/>\n<meta name=\"author\" content=\"Kathy\" \/>\n<meta name=\"twitter:card\" content=\"summary_large_image\" \/>\n<meta name=\"twitter:creator\" content=\"@cuballama\" \/>\n<meta name=\"twitter:site\" content=\"@cuballama\" \/>\n<meta name=\"twitter:label1\" content=\"Escrito por\" \/>\n\t<meta name=\"twitter:data1\" content=\"Kathy\" \/>\n\t<meta name=\"twitter:label2\" content=\"Tiempo de lectura\" \/>\n\t<meta name=\"twitter:data2\" content=\"3 minutos\" \/>\n<script type=\"application\/ld+json\" class=\"yoast-schema-graph\">{\"@context\":\"https:\\\/\\\/schema.org\",\"@graph\":[{\"@type\":\"Article\",\"@id\":\"https:\\\/\\\/www.cuballama.com\\\/noticias\\\/cubana-detenida-por-asesinato-de-joven-de-hialeah-ya-esta-en-carcel-de-miami\\\/#article\",\"isPartOf\":{\"@id\":\"https:\\\/\\\/www.cuballama.com\\\/noticias\\\/cubana-detenida-por-asesinato-de-joven-de-hialeah-ya-esta-en-carcel-de-miami\\\/\"},\"author\":{\"name\":\"Kathy\",\"@id\":\"https:\\\/\\\/www.cuballama.com\\\/noticias\\\/#\\\/schema\\\/person\\\/86cd3e3f4974437f031211213bf892d5\"},\"headline\":\"Cubana detenida por asesinato de joven de Hialeah ya est\u00e1 en c\u00e1rcel de Miami\",\"datePublished\":\"2025-09-17T17:47:58+00:00\",\"dateModified\":\"2025-09-17T19:42:06+00:00\",\"mainEntityOfPage\":{\"@id\":\"https:\\\/\\\/www.cuballama.com\\\/noticias\\\/cubana-detenida-por-asesinato-de-joven-de-hialeah-ya-esta-en-carcel-de-miami\\\/\"},\"wordCount\":536,\"commentCount\":0,\"publisher\":{\"@id\":\"https:\\\/\\\/www.cuballama.com\\\/noticias\\\/#organization\"},\"image\":{\"@id\":\"https:\\\/\\\/www.cuballama.com\\\/noticias\\\/cubana-detenida-por-asesinato-de-joven-de-hialeah-ya-esta-en-carcel-de-miami\\\/#primaryimage\"},\"thumbnailUrl\":\"https:\\\/\\\/cdn1.mediawpaccore.net\\\/wp-content\\\/uploads\\\/2025\\\/09\\\/17090427\\\/548295418_1344005030722334_172447599034906087_n1.jpg\",\"keywords\":[\"Crimen en Miami\",\"cubana detenida\",\"cubanos en Miami\",\"Daylon Fleitas\",\"destacado\"],\"articleSection\":[\"Noticias\",\"Noticias de Miami\"],\"inLanguage\":\"es\",\"potentialAction\":[{\"@type\":\"CommentAction\",\"name\":\"Comment\",\"target\":[\"https:\\\/\\\/www.cuballama.com\\\/noticias\\\/cubana-detenida-por-asesinato-de-joven-de-hialeah-ya-esta-en-carcel-de-miami\\\/#respond\"]}]},{\"@type\":\"WebPage\",\"@id\":\"https:\\\/\\\/www.cuballama.com\\\/noticias\\\/cubana-detenida-por-asesinato-de-joven-de-hialeah-ya-esta-en-carcel-de-miami\\\/\",\"url\":\"https:\\\/\\\/www.cuballama.com\\\/noticias\\\/cubana-detenida-por-asesinato-de-joven-de-hialeah-ya-esta-en-carcel-de-miami\\\/\",\"name\":\"Cubana detenida por asesinato de joven de Hialeah ya est\u00e1 en c\u00e1rcel de Miami - Cuballama Noticias\",\"isPartOf\":{\"@id\":\"https:\\\/\\\/www.cuballama.com\\\/noticias\\\/#website\"},\"primaryImageOfPage\":{\"@id\":\"https:\\\/\\\/www.cuballama.com\\\/noticias\\\/cubana-detenida-por-asesinato-de-joven-de-hialeah-ya-esta-en-carcel-de-miami\\\/#primaryimage\"},\"image\":{\"@id\":\"https:\\\/\\\/www.cuballama.com\\\/noticias\\\/cubana-detenida-por-asesinato-de-joven-de-hialeah-ya-esta-en-carcel-de-miami\\\/#primaryimage\"},\"thumbnailUrl\":\"https:\\\/\\\/cdn1.mediawpaccore.net\\\/wp-content\\\/uploads\\\/2025\\\/09\\\/17090427\\\/548295418_1344005030722334_172447599034906087_n1.jpg\",\"datePublished\":\"2025-09-17T17:47:58+00:00\",\"dateModified\":\"2025-09-17T19:42:06+00:00\",\"description\":\"Una joven madre cubana detenida por el asesinato de joven residente de Hialeah fue trasladada a la c\u00e1rcel de Miami-Dade.\",\"breadcrumb\":{\"@id\":\"https:\\\/\\\/www.cuballama.com\\\/noticias\\\/cubana-detenida-por-asesinato-de-joven-de-hialeah-ya-esta-en-carcel-de-miami\\\/#breadcrumb\"},\"inLanguage\":\"es\",\"potentialAction\":[{\"@type\":\"ReadAction\",\"target\":[\"https:\\\/\\\/www.cuballama.com\\\/noticias\\\/cubana-detenida-por-asesinato-de-joven-de-hialeah-ya-esta-en-carcel-de-miami\\\/\"]}]},{\"@type\":\"ImageObject\",\"inLanguage\":\"es\",\"@id\":\"https:\\\/\\\/www.cuballama.com\\\/noticias\\\/cubana-detenida-por-asesinato-de-joven-de-hialeah-ya-esta-en-carcel-de-miami\\\/#primaryimage\",\"url\":\"https:\\\/\\\/cdn1.mediawpaccore.net\\\/wp-content\\\/uploads\\\/2025\\\/09\\\/17090427\\\/548295418_1344005030722334_172447599034906087_n1.jpg\",\"contentUrl\":\"https:\\\/\\\/cdn1.mediawpaccore.net\\\/wp-content\\\/uploads\\\/2025\\\/09\\\/17090427\\\/548295418_1344005030722334_172447599034906087_n1.jpg\",\"width\":1200,\"height\":630,\"caption\":\"Ariely \u00c1lvarez Cabrera. Foto: MDSO.\"},{\"@type\":\"BreadcrumbList\",\"@id\":\"https:\\\/\\\/www.cuballama.com\\\/noticias\\\/cubana-detenida-por-asesinato-de-joven-de-hialeah-ya-esta-en-carcel-de-miami\\\/#breadcrumb\",\"itemListElement\":[{\"@type\":\"ListItem\",\"position\":1,\"name\":\"Home\",\"item\":\"https:\\\/\\\/www.cuballama.com\\\/noticias\\\/\"},{\"@type\":\"ListItem\",\"position\":2,\"name\":\"Cubana detenida por asesinato de joven de Hialeah ya est\u00e1 en c\u00e1rcel de Miami\"}]},{\"@type\":\"WebSite\",\"@id\":\"https:\\\/\\\/www.cuballama.com\\\/noticias\\\/#website\",\"url\":\"https:\\\/\\\/www.cuballama.com\\\/noticias\\\/\",\"name\":\"Cuballama Noticias\",\"description\":\"Medio digital sobre Cuba y el mundo\",\"publisher\":{\"@id\":\"https:\\\/\\\/www.cuballama.com\\\/noticias\\\/#organization\"},\"potentialAction\":[{\"@type\":\"SearchAction\",\"target\":{\"@type\":\"EntryPoint\",\"urlTemplate\":\"https:\\\/\\\/www.cuballama.com\\\/noticias\\\/?s={search_term_string}\"},\"query-input\":{\"@type\":\"PropertyValueSpecification\",\"valueRequired\":true,\"valueName\":\"search_term_string\"}}],\"inLanguage\":\"es\"},{\"@type\":\"Organization\",\"@id\":\"https:\\\/\\\/www.cuballama.com\\\/noticias\\\/#organization\",\"name\":\"Cuballama\",\"url\":\"https:\\\/\\\/www.cuballama.com\\\/noticias\\\/\",\"logo\":{\"@type\":\"ImageObject\",\"inLanguage\":\"es\",\"@id\":\"https:\\\/\\\/www.cuballama.com\\\/noticias\\\/#\\\/schema\\\/logo\\\/image\\\/\",\"url\":\"https:\\\/\\\/cdn1.mediawpaccore.net\\\/wp-content\\\/uploads\\\/2021\\\/12\\\/28171206\\\/cbll-logo-color-sm.png\",\"contentUrl\":\"https:\\\/\\\/cdn1.mediawpaccore.net\\\/wp-content\\\/uploads\\\/2021\\\/12\\\/28171206\\\/cbll-logo-color-sm.png\",\"width\":600,\"height\":133,\"caption\":\"Cuballama\"},\"image\":{\"@id\":\"https:\\\/\\\/www.cuballama.com\\\/noticias\\\/#\\\/schema\\\/logo\\\/image\\\/\"},\"sameAs\":[\"https:\\\/\\\/www.facebook.com\\\/CubaLlama\",\"https:\\\/\\\/x.com\\\/cuballama\",\"https:\\\/\\\/www.instagram.com\\\/stories\\\/cuballama_oficial\\\/\",\"https:\\\/\\\/www.youtube.com\\\/channel\\\/UCKkFE-d_axENGZcrc4as0IA\"]},{\"@type\":\"Person\",\"@id\":\"https:\\\/\\\/www.cuballama.com\\\/noticias\\\/#\\\/schema\\\/person\\\/86cd3e3f4974437f031211213bf892d5\",\"name\":\"Kathy\",\"url\":\"https:\\\/\\\/www.cuballama.com\\\/noticias\\\/author\\\/kathy\\\/\"}]}<\/script>\n<!-- \/ Yoast SEO plugin. -->","yoast_head_json":{"title":"Cubana detenida por asesinato de joven de Hialeah ya est\u00e1 en c\u00e1rcel de Miami - Cuballama Noticias","description":"Una joven madre cubana detenida por el asesinato de joven residente de Hialeah fue trasladada a la c\u00e1rcel de Miami-Dade.","robots":{"index":"index","follow":"follow","max-snippet":"max-snippet:-1","max-image-preview":"max-image-preview:large","max-video-preview":"max-video-preview:-1"},"canonical":"https:\/\/www.cuballama.com\/noticias\/cubana-detenida-por-asesinato-de-joven-de-hialeah-ya-esta-en-carcel-de-miami\/","og_locale":"es_ES","og_type":"article","og_title":"Cubana detenida por asesinato de joven de Hialeah ya est\u00e1 en c\u00e1rcel de Miami - Cuballama Noticias","og_description":"Una joven madre cubana detenida por el asesinato de joven residente de Hialeah fue trasladada a la c\u00e1rcel de Miami-Dade.","og_url":"https:\/\/www.cuballama.com\/noticias\/cubana-detenida-por-asesinato-de-joven-de-hialeah-ya-esta-en-carcel-de-miami\/","og_site_name":"Cuballama Noticias","article_publisher":"https:\/\/www.facebook.com\/CubaLlama","article_published_time":"2025-09-17T17:47:58+00:00","article_modified_time":"2025-09-17T19:42:06+00:00","og_image":[{"width":1200,"height":630,"url":"https:\/\/cdn1.mediawpaccore.net\/wp-content\/uploads\/2025\/09\/17090427\/548295418_1344005030722334_172447599034906087_n1.jpg","type":"image\/jpeg"}],"author":"Kathy","twitter_card":"summary_large_image","twitter_creator":"@cuballama","twitter_site":"@cuballama","twitter_misc":{"Escrito por":"Kathy","Tiempo de lectura":"3 minutos"},"schema":{"@context":"https:\/\/schema.org","@graph":[{"@type":"Article","@id":"https:\/\/www.cuballama.com\/noticias\/cubana-detenida-por-asesinato-de-joven-de-hialeah-ya-esta-en-carcel-de-miami\/#article","isPartOf":{"@id":"https:\/\/www.cuballama.com\/noticias\/cubana-detenida-por-asesinato-de-joven-de-hialeah-ya-esta-en-carcel-de-miami\/"},"author":{"name":"Kathy","@id":"https:\/\/www.cuballama.com\/noticias\/#\/schema\/person\/86cd3e3f4974437f031211213bf892d5"},"headline":"Cubana detenida por asesinato de joven de Hialeah ya est\u00e1 en c\u00e1rcel de Miami","datePublished":"2025-09-17T17:47:58+00:00","dateModified":"2025-09-17T19:42:06+00:00","mainEntityOfPage":{"@id":"https:\/\/www.cuballama.com\/noticias\/cubana-detenida-por-asesinato-de-joven-de-hialeah-ya-esta-en-carcel-de-miami\/"},"wordCount":536,"commentCount":0,"publisher":{"@id":"https:\/\/www.cuballama.com\/noticias\/#organization"},"image":{"@id":"https:\/\/www.cuballama.com\/noticias\/cubana-detenida-por-asesinato-de-joven-de-hialeah-ya-esta-en-carcel-de-miami\/#primaryimage"},"thumbnailUrl":"https:\/\/cdn1.mediawpaccore.net\/wp-content\/uploads\/2025\/09\/17090427\/548295418_1344005030722334_172447599034906087_n1.jpg","keywords":["Crimen en Miami","cubana detenida","cubanos en Miami","Daylon Fleitas","destacado"],"articleSection":["Noticias","Noticias de Miami"],"inLanguage":"es","potentialAction":[{"@type":"CommentAction","name":"Comment","target":["https:\/\/www.cuballama.com\/noticias\/cubana-detenida-por-asesinato-de-joven-de-hialeah-ya-esta-en-carcel-de-miami\/#respond"]}]},{"@type":"WebPage","@id":"https:\/\/www.cuballama.com\/noticias\/cubana-detenida-por-asesinato-de-joven-de-hialeah-ya-esta-en-carcel-de-miami\/","url":"https:\/\/www.cuballama.com\/noticias\/cubana-detenida-por-asesinato-de-joven-de-hialeah-ya-esta-en-carcel-de-miami\/","name":"Cubana detenida por asesinato de joven de Hialeah ya est\u00e1 en c\u00e1rcel de Miami - Cuballama Noticias","isPartOf":{"@id":"https:\/\/www.cuballama.com\/noticias\/#website"},"primaryImageOfPage":{"@id":"https:\/\/www.cuballama.com\/noticias\/cubana-detenida-por-asesinato-de-joven-de-hialeah-ya-esta-en-carcel-de-miami\/#primaryimage"},"image":{"@id":"https:\/\/www.cuballama.com\/noticias\/cubana-detenida-por-asesinato-de-joven-de-hialeah-ya-esta-en-carcel-de-miami\/#primaryimage"},"thumbnailUrl":"https:\/\/cdn1.mediawpaccore.net\/wp-content\/uploads\/2025\/09\/17090427\/548295418_1344005030722334_172447599034906087_n1.jpg","datePublished":"2025-09-17T17:47:58+00:00","dateModified":"2025-09-17T19:42:06+00:00","description":"Una joven madre cubana detenida por el asesinato de joven residente de Hialeah fue trasladada a la c\u00e1rcel de Miami-Dade.","breadcrumb":{"@id":"https:\/\/www.cuballama.com\/noticias\/cubana-detenida-por-asesinato-de-joven-de-hialeah-ya-esta-en-carcel-de-miami\/#breadcrumb"},"inLanguage":"es","potentialAction":[{"@type":"ReadAction","target":["https:\/\/www.cuballama.com\/noticias\/cubana-detenida-por-asesinato-de-joven-de-hialeah-ya-esta-en-carcel-de-miami\/"]}]},{"@type":"ImageObject","inLanguage":"es","@id":"https:\/\/www.cuballama.com\/noticias\/cubana-detenida-por-asesinato-de-joven-de-hialeah-ya-esta-en-carcel-de-miami\/#primaryimage","url":"https:\/\/cdn1.mediawpaccore.net\/wp-content\/uploads\/2025\/09\/17090427\/548295418_1344005030722334_172447599034906087_n1.jpg","contentUrl":"https:\/\/cdn1.mediawpaccore.net\/wp-content\/uploads\/2025\/09\/17090427\/548295418_1344005030722334_172447599034906087_n1.jpg","width":1200,"height":630,"caption":"Ariely \u00c1lvarez Cabrera. Foto: MDSO."},{"@type":"BreadcrumbList","@id":"https:\/\/www.cuballama.com\/noticias\/cubana-detenida-por-asesinato-de-joven-de-hialeah-ya-esta-en-carcel-de-miami\/#breadcrumb","itemListElement":[{"@type":"ListItem","position":1,"name":"Home","item":"https:\/\/www.cuballama.com\/noticias\/"},{"@type":"ListItem","position":2,"name":"Cubana detenida por asesinato de joven de Hialeah ya est\u00e1 en c\u00e1rcel de Miami"}]},{"@type":"WebSite","@id":"https:\/\/www.cuballama.com\/noticias\/#website","url":"https:\/\/www.cuballama.com\/noticias\/","name":"Cuballama Noticias","description":"Medio digital sobre Cuba y el mundo","publisher":{"@id":"https:\/\/www.cuballama.com\/noticias\/#organization"},"potentialAction":[{"@type":"SearchAction","target":{"@type":"EntryPoint","urlTemplate":"https:\/\/www.cuballama.com\/noticias\/?s={search_term_string}"},"query-input":{"@type":"PropertyValueSpecification","valueRequired":true,"valueName":"search_term_string"}}],"inLanguage":"es"},{"@type":"Organization","@id":"https:\/\/www.cuballama.com\/noticias\/#organization","name":"Cuballama","url":"https:\/\/www.cuballama.com\/noticias\/","logo":{"@type":"ImageObject","inLanguage":"es","@id":"https:\/\/www.cuballama.com\/noticias\/#\/schema\/logo\/image\/","url":"https:\/\/cdn1.mediawpaccore.net\/wp-content\/uploads\/2021\/12\/28171206\/cbll-logo-color-sm.png","contentUrl":"https:\/\/cdn1.mediawpaccore.net\/wp-content\/uploads\/2021\/12\/28171206\/cbll-logo-color-sm.png","width":600,"height":133,"caption":"Cuballama"},"image":{"@id":"https:\/\/www.cuballama.com\/noticias\/#\/schema\/logo\/image\/"},"sameAs":["https:\/\/www.facebook.com\/CubaLlama","https:\/\/x.com\/cuballama","https:\/\/www.instagram.com\/stories\/cuballama_oficial\/","https:\/\/www.youtube.com\/channel\/UCKkFE-d_axENGZcrc4as0IA"]},{"@type":"Person","@id":"https:\/\/www.cuballama.com\/noticias\/#\/schema\/person\/86cd3e3f4974437f031211213bf892d5","name":"Kathy","url":"https:\/\/www.cuballama.com\/noticias\/author\/kathy\/"}]}},"_links":{"self":[{"href":"https:\/\/www.cuballama.com\/noticias\/wp-json\/wp\/v2\/posts\/219958","targetHints":{"allow":["GET"]}}],"collection":[{"href":"https:\/\/www.cuballama.com\/noticias\/wp-json\/wp\/v2\/posts"}],"about":[{"href":"https:\/\/www.cuballama.com\/noticias\/wp-json\/wp\/v2\/types\/post"}],"author":[{"embeddable":true,"href":"https:\/\/www.cuballama.com\/noticias\/wp-json\/wp\/v2\/users\/30"}],"replies":[{"embeddable":true,"href":"https:\/\/www.cuballama.com\/noticias\/wp-json\/wp\/v2\/comments?post=219958"}],"version-history":[{"count":14,"href":"https:\/\/www.cuballama.com\/noticias\/wp-json\/wp\/v2\/posts\/219958\/revisions"}],"predecessor-version":[{"id":220055,"href":"https:\/\/www.cuballama.com\/noticias\/wp-json\/wp\/v2\/posts\/219958\/revisions\/220055"}],"wp:featuredmedia":[{"embeddable":true,"href":"https:\/\/www.cuballama.com\/noticias\/wp-json\/wp\/v2\/media\/219960"}],"wp:attachment":[{"href":"https:\/\/www.cuballama.com\/noticias\/wp-json\/wp\/v2\/media?parent=219958"}],"wp:term":[{"taxonomy":"category","embeddable":true,"href":"https:\/\/www.cuballama.com\/noticias\/wp-json\/wp\/v2\/categories?post=219958"},{"taxonomy":"post_tag","embeddable":true,"href":"https:\/\/www.cuballama.com\/noticias\/wp-json\/wp\/v2\/tags?post=219958"}],"curies":[{"name":"wp","href":"https:\/\/api.w.org\/{rel}","templated":true}]}}