{"id":219840,"date":"2025-09-16T11:01:26","date_gmt":"2025-09-16T15:01:26","guid":{"rendered":"https:\/\/www.cuballama.com\/noticias\/?p=219840"},"modified":"2025-09-16T11:02:12","modified_gmt":"2025-09-16T15:02:12","slug":"flor-de-cuba-desmiente-rumores-sobre-un-supuesto-pasado-delictivo-en-la-isla","status":"publish","type":"post","link":"https:\/\/www.cuballama.com\/noticias\/flor-de-cuba-desmiente-rumores-sobre-un-supuesto-pasado-delictivo-en-la-isla\/","title":{"rendered":"Flor de Cuba desmiente rumores sobre un supuesto pasado delictivo en la isla"},"content":{"rendered":"\n<p>La influencer cubana conocida como Flor de Cuba decidi\u00f3 enfrentar de manera directa los comentarios que circulan en redes sociales acerca de un presunto pasado vinculado a la prostituci\u00f3n y a estafas en su pa\u00eds natal. Consciente del alcance de esos rumores, la creadora de contenido abord\u00f3 el tema durante una din\u00e1mica de preguntas y respuestas en Instagram, donde aclar\u00f3 su postura frente a miles de seguidores.<\/p>\n\n\n\n<p>\u201cRespondiendo preguntas inc\u00f3modas, empezamos fuerte\u201d, dijo al leer la interrogante de una seguidora que le ped\u00eda explicaciones sobre los se\u00f1alamientos. La influencer fue enf\u00e1tica en rechazar cualquier v\u00ednculo con hechos delictivos en Cuba y asegur\u00f3 que las acusaciones carecen de sustento.<\/p>\n\n\n\n<p>Su argumento principal gir\u00f3 en torno al proceso migratorio que atraves\u00f3 antes de llegar a Estados Unidos. Seg\u00fan explic\u00f3, la rigurosidad del sistema norteamericano imposibilita que alguien con antecedentes penales logre obtener una visa. \u201cLa visa hacia los Estados Unidos es la visa m\u00e1s cotizada del mundo, es la visa m\u00e1s dif\u00edcil de conseguir y es la visa que m\u00e1s vale porque el mundo entero quiere tener visa americana. Ellos se encargan de que al pa\u00eds no entre ning\u00fan tipo de personas con ning\u00fan hecho delictivo, ning\u00fan antecedente penal\u201d, subray\u00f3.<\/p>\n\n\n\n<blockquote class=\"instagram-media\" data-instgrm-captioned data-instgrm-permalink=\"https:\/\/www.instagram.com\/reel\/DOkUhtJDF5e\/?utm_source=ig_embed&amp;utm_campaign=loading\" data-instgrm-version=\"14\" style=\" background:#FFF; border:0; border-radius:3px; box-shadow:0 0 1px 0 rgba(0,0,0,0.5),0 1px 10px 0 rgba(0,0,0,0.15); margin: 1px; max-width:540px; min-width:326px; padding:0; width:99.375%; width:-webkit-calc(100% - 2px); width:calc(100% - 2px);\"><div style=\"padding:16px;\"> <a href=\"https:\/\/www.instagram.com\/reel\/DOkUhtJDF5e\/?utm_source=ig_embed&amp;utm_campaign=loading\" style=\" background:#FFFFFF; line-height:0; padding:0 0; text-align:center; text-decoration:none; width:100%;\" target=\"_blank\"> <div style=\" display: flex; flex-direction: row; align-items: center;\"> <div style=\"background-color: #F4F4F4; border-radius: 50%; flex-grow: 0; height: 40px; margin-right: 14px; width: 40px;\"><\/div> <div style=\"display: flex; flex-direction: column; flex-grow: 1; justify-content: center;\"> <div style=\" background-color: #F4F4F4; border-radius: 4px; flex-grow: 0; height: 14px; margin-bottom: 6px; width: 100px;\"><\/div> <div style=\" background-color: #F4F4F4; border-radius: 4px; flex-grow: 0; height: 14px; width: 60px;\"><\/div><\/div><\/div><div style=\"padding: 19% 0;\"><\/div> <div style=\"display:block; height:50px; margin:0 auto 12px; width:50px;\"><svg width=\"50px\" height=\"50px\" viewBox=\"0 0 60 60\" version=\"1.1\" xmlns=\"https:\/\/www.w3.org\/2000\/svg\" xmlns:xlink=\"https:\/\/www.w3.org\/1999\/xlink\"><g stroke=\"none\" stroke-width=\"1\" fill=\"none\" fill-rule=\"evenodd\"><g transform=\"translate(-511.000000, -20.000000)\" fill=\"#000000\"><g><path d=\"M556.869,30.41 C554.814,30.41 553.148,32.076 553.148,34.131 C553.148,36.186 554.814,37.852 556.869,37.852 C558.924,37.852 560.59,36.186 560.59,34.131 C560.59,32.076 558.924,30.41 556.869,30.41 M541,60.657 C535.114,60.657 530.342,55.887 530.342,50 C530.342,44.114 535.114,39.342 541,39.342 C546.887,39.342 551.658,44.114 551.658,50 C551.658,55.887 546.887,60.657 541,60.657 M541,33.886 C532.1,33.886 524.886,41.1 524.886,50 C524.886,58.899 532.1,66.113 541,66.113 C549.9,66.113 557.115,58.899 557.115,50 C557.115,41.1 549.9,33.886 541,33.886 M565.378,62.101 C565.244,65.022 564.756,66.606 564.346,67.663 C563.803,69.06 563.154,70.057 562.106,71.106 C561.058,72.155 560.06,72.803 558.662,73.347 C557.607,73.757 556.021,74.244 553.102,74.378 C549.944,74.521 548.997,74.552 541,74.552 C533.003,74.552 532.056,74.521 528.898,74.378 C525.979,74.244 524.393,73.757 523.338,73.347 C521.94,72.803 520.942,72.155 519.894,71.106 C518.846,70.057 518.197,69.06 517.654,67.663 C517.244,66.606 516.755,65.022 516.623,62.101 C516.479,58.943 516.448,57.996 516.448,50 C516.448,42.003 516.479,41.056 516.623,37.899 C516.755,34.978 517.244,33.391 517.654,32.338 C518.197,30.938 518.846,29.942 519.894,28.894 C520.942,27.846 521.94,27.196 523.338,26.654 C524.393,26.244 525.979,25.756 528.898,25.623 C532.057,25.479 533.004,25.448 541,25.448 C548.997,25.448 549.943,25.479 553.102,25.623 C556.021,25.756 557.607,26.244 558.662,26.654 C560.06,27.196 561.058,27.846 562.106,28.894 C563.154,29.942 563.803,30.938 564.346,32.338 C564.756,33.391 565.244,34.978 565.378,37.899 C565.522,41.056 565.552,42.003 565.552,50 C565.552,57.996 565.522,58.943 565.378,62.101 M570.82,37.631 C570.674,34.438 570.167,32.258 569.425,30.349 C568.659,28.377 567.633,26.702 565.965,25.035 C564.297,23.368 562.623,22.342 560.652,21.575 C558.743,20.834 556.562,20.326 553.369,20.18 C550.169,20.033 549.148,20 541,20 C532.853,20 531.831,20.033 528.631,20.18 C525.438,20.326 523.257,20.834 521.349,21.575 C519.376,22.342 517.703,23.368 516.035,25.035 C514.368,26.702 513.342,28.377 512.574,30.349 C511.834,32.258 511.326,34.438 511.181,37.631 C511.035,40.831 511,41.851 511,50 C511,58.147 511.035,59.17 511.181,62.369 C511.326,65.562 511.834,67.743 512.574,69.651 C513.342,71.625 514.368,73.296 516.035,74.965 C517.703,76.634 519.376,77.658 521.349,78.425 C523.257,79.167 525.438,79.673 528.631,79.82 C531.831,79.965 532.853,80.001 541,80.001 C549.148,80.001 550.169,79.965 553.369,79.82 C556.562,79.673 558.743,79.167 560.652,78.425 C562.623,77.658 564.297,76.634 565.965,74.965 C567.633,73.296 568.659,71.625 569.425,69.651 C570.167,67.743 570.674,65.562 570.82,62.369 C570.966,59.17 571,58.147 571,50 C571,41.851 570.966,40.831 570.82,37.631\"><\/path><\/g><\/g><\/g><\/svg><\/div><div style=\"padding-top: 8px;\"> <div style=\" color:#3897f0; font-family:Arial,sans-serif; font-size:14px; font-style:normal; font-weight:550; line-height:18px;\">Ver esta publicaci\u00f3n en Instagram<\/div><\/div><div style=\"padding: 12.5% 0;\"><\/div> <div style=\"display: flex; flex-direction: row; margin-bottom: 14px; align-items: center;\"><div> <div style=\"background-color: #F4F4F4; border-radius: 50%; height: 12.5px; width: 12.5px; transform: translateX(0px) translateY(7px);\"><\/div> <div style=\"background-color: #F4F4F4; height: 12.5px; transform: rotate(-45deg) translateX(3px) translateY(1px); width: 12.5px; flex-grow: 0; margin-right: 14px; margin-left: 2px;\"><\/div> <div style=\"background-color: #F4F4F4; border-radius: 50%; height: 12.5px; width: 12.5px; transform: translateX(9px) translateY(-18px);\"><\/div><\/div><div style=\"margin-left: 8px;\"> <div style=\" background-color: #F4F4F4; border-radius: 50%; flex-grow: 0; height: 20px; width: 20px;\"><\/div> <div style=\" width: 0; height: 0; border-top: 2px solid transparent; border-left: 6px solid #f4f4f4; border-bottom: 2px solid transparent; transform: translateX(16px) translateY(-4px) rotate(30deg)\"><\/div><\/div><div style=\"margin-left: auto;\"> <div style=\" width: 0px; border-top: 8px solid #F4F4F4; border-right: 8px solid transparent; transform: translateY(16px);\"><\/div> <div style=\" background-color: #F4F4F4; flex-grow: 0; height: 12px; width: 16px; transform: translateY(-4px);\"><\/div> <div style=\" width: 0; height: 0; border-top: 8px solid #F4F4F4; border-left: 8px solid transparent; transform: translateY(-4px) translateX(8px);\"><\/div><\/div><\/div> <div style=\"display: flex; flex-direction: column; flex-grow: 1; justify-content: center; margin-bottom: 24px;\"> <div style=\" background-color: #F4F4F4; border-radius: 4px; flex-grow: 0; height: 14px; margin-bottom: 6px; width: 224px;\"><\/div> <div style=\" background-color: #F4F4F4; border-radius: 4px; flex-grow: 0; height: 14px; width: 144px;\"><\/div><\/div><\/a><p style=\" color:#c9c8cd; font-family:Arial,sans-serif; font-size:14px; line-height:17px; margin-bottom:0; margin-top:8px; overflow:hidden; padding:8px 0 7px; text-align:center; text-overflow:ellipsis; white-space:nowrap;\"><a href=\"https:\/\/www.instagram.com\/reel\/DOkUhtJDF5e\/?utm_source=ig_embed&amp;utm_campaign=loading\" style=\" color:#c9c8cd; font-family:Arial,sans-serif; font-size:14px; font-style:normal; font-weight:normal; line-height:17px; text-decoration:none;\" target=\"_blank\">Una publicaci\u00f3n compartida de Flor Danay Hern\u00e1ndez (@una_flor_oficial)<\/a><\/p><\/div><\/blockquote>\n<script async src=\"\/\/www.instagram.com\/embed.js\"><\/script>\n\n\n\n<p>De acuerdo con su testimonio, haber recibido la aprobaci\u00f3n de una visa de turismo constituye la prueba de que no posee historial delictivo. \u201cUna vez que t\u00fa te presentas, investigan absolutamente todo de tu vida. Y, bueno, yo aprob\u00e9 la visa de turismo, por consiguiente, es l\u00f3gico entender que yo no tengo ning\u00fan tipo de antecedente penal\u201d, sostuvo.<\/p>\n\n\n\n<p><strong>Lea m\u00e1s: <a href=\"https:\/\/www.cuballama.com\/noticias\/flor-de-cuba-se-compra-un-lujoso-range-rover-y-le-envia-un-carro-a-sus-hijos-en-la-isla\/\" target=\"_blank\" rel=\"noreferrer noopener\">Flor de Cuba se compra un lujoso Range Rover y le env\u00eda un carro a sus hijos en la Isla<\/a><\/strong><\/p>\n\n\n\n<p>La creadora de contenido tambi\u00e9n record\u00f3 que esta no es la primera vez que enfrenta acusaciones sin fundamento. A modo de ejemplo, enumer\u00f3 episodios previos donde fue se\u00f1alada de manera p\u00fablica sin que existiera evidencia real. \u201cEste tipo de informaci\u00f3n son chismes de redes, como ha sucedido en otras ocasiones. Una vez me acusaron de que el FBI me estaba buscando por $50.000, otra vez me acusaron de estafar como $24.000 en unos pasajes a Nicaragua, otra vez me acusaron de que me iban a demandar un tal manager por no s\u00e9 qu\u00e9. Cuando lamentablemente ocurri\u00f3 la tragedia de El Taiger tambi\u00e9n dijeron que yo hab\u00eda sido la intelectual del crimen\u201d, record\u00f3.<\/p>\n\n\n\n<p>Con un tono entre la firmeza y la resignaci\u00f3n, Flor de Cuba insisti\u00f3 en que estas versiones forman parte del entorno t\u00f3xico que a menudo se genera en las plataformas digitales. \u201cEn fin, ahora esto es otro chisme m\u00e1s as\u00ed que es mentira, mis amores, es falso. No tengo ning\u00fan tipo de antecedente penal, no estoy siendo buscada por nadie\u201d, concluy\u00f3, buscando cerrar el tema con una declaraci\u00f3n definitiva.<\/p>\n\n\n\n<p>El episodio refleja una din\u00e1mica frecuente en el ecosistema de influencers: la necesidad de gestionar la reputaci\u00f3n p\u00fablica frente a rumores que circulan con rapidez y que, en ocasiones, llegan a afectar la credibilidad de la figura en cuesti\u00f3n. La respuesta de Flor no solo pretende desmentir los se\u00f1alamientos, sino tambi\u00e9n reforzar la confianza de sus seguidores en un espacio donde la desinformaci\u00f3n se propaga con facilidad.<\/p>\n","protected":false},"excerpt":{"rendered":"<p>Su argumento principal gir\u00f3 en torno al proceso migratorio que atraves\u00f3 antes de llegar a Estados Unidos<\/p>\n","protected":false},"author":27,"featured_media":219860,"comment_status":"open","ping_status":"closed","sticky":false,"template":"","format":"standard","meta":{"_acf_changed":false,"footnotes":""},"categories":[443],"tags":[9296,14245,21549,600],"class_list":{"0":"post-219840","1":"post","2":"type-post","3":"status-publish","4":"format-standard","5":"has-post-thumbnail","7":"category-farandula","8":"tag-antecedentes-penales","9":"tag-influencer-cubana","10":"tag-la-flor-de-cuba","11":"tag-migrantes-cubanos"},"acf":[],"yoast_head":"<!-- This site is optimized with the Yoast SEO plugin v27.4 - https:\/\/yoast.com\/product\/yoast-seo-wordpress\/ -->\n<title>Flor de Cuba desmiente rumores sobre un supuesto pasado delictivo en la isla - Cuballama Noticias<\/title>\n<meta name=\"description\" content=\"La influencer cubana Flor de Cuba respondi\u00f3 a una serie de preguntas inc\u00f3modas, incluyendo su supuesto pasado con la justicia\" \/>\n<meta name=\"robots\" content=\"index, follow, max-snippet:-1, max-image-preview:large, max-video-preview:-1\" \/>\n<link rel=\"canonical\" href=\"https:\/\/www.cuballama.com\/noticias\/flor-de-cuba-desmiente-rumores-sobre-un-supuesto-pasado-delictivo-en-la-isla\/\" \/>\n<meta property=\"og:locale\" content=\"es_ES\" \/>\n<meta property=\"og:type\" content=\"article\" \/>\n<meta property=\"og:title\" content=\"Flor de Cuba desmiente rumores sobre un supuesto pasado delictivo en la isla - Cuballama Noticias\" \/>\n<meta property=\"og:description\" content=\"La influencer cubana Flor de Cuba respondi\u00f3 a una serie de preguntas inc\u00f3modas, incluyendo su supuesto pasado con la justicia\" \/>\n<meta property=\"og:url\" content=\"https:\/\/www.cuballama.com\/noticias\/flor-de-cuba-desmiente-rumores-sobre-un-supuesto-pasado-delictivo-en-la-isla\/\" \/>\n<meta property=\"og:site_name\" content=\"Cuballama Noticias\" \/>\n<meta property=\"article:publisher\" content=\"https:\/\/www.facebook.com\/CubaLlama\" \/>\n<meta property=\"article:published_time\" content=\"2025-09-16T15:01:26+00:00\" \/>\n<meta property=\"article:modified_time\" content=\"2025-09-16T15:02:12+00:00\" \/>\n<meta property=\"og:image\" content=\"https:\/\/cdn1.mediawpaccore.net\/wp-content\/uploads\/2025\/09\/16085625\/WhatsApp-Image-2025-09-16-at-14.54.53.jpeg\" \/>\n\t<meta property=\"og:image:width\" content=\"1887\" \/>\n\t<meta property=\"og:image:height\" content=\"1286\" \/>\n\t<meta property=\"og:image:type\" content=\"image\/jpeg\" \/>\n<meta name=\"author\" content=\"Rafa\" \/>\n<meta name=\"twitter:card\" content=\"summary_large_image\" \/>\n<meta name=\"twitter:creator\" content=\"@cuballama\" \/>\n<meta name=\"twitter:site\" content=\"@cuballama\" \/>\n<meta name=\"twitter:label1\" content=\"Escrito por\" \/>\n\t<meta name=\"twitter:data1\" content=\"Rafa\" \/>\n\t<meta name=\"twitter:label2\" content=\"Tiempo de lectura\" \/>\n\t<meta name=\"twitter:data2\" content=\"3 minutos\" \/>\n<script type=\"application\/ld+json\" class=\"yoast-schema-graph\">{\"@context\":\"https:\\\/\\\/schema.org\",\"@graph\":[{\"@type\":\"Article\",\"@id\":\"https:\\\/\\\/www.cuballama.com\\\/noticias\\\/flor-de-cuba-desmiente-rumores-sobre-un-supuesto-pasado-delictivo-en-la-isla\\\/#article\",\"isPartOf\":{\"@id\":\"https:\\\/\\\/www.cuballama.com\\\/noticias\\\/flor-de-cuba-desmiente-rumores-sobre-un-supuesto-pasado-delictivo-en-la-isla\\\/\"},\"author\":{\"name\":\"Rafa\",\"@id\":\"https:\\\/\\\/www.cuballama.com\\\/noticias\\\/#\\\/schema\\\/person\\\/0f97914526a658755f00e59ec2a832f2\"},\"headline\":\"Flor de Cuba desmiente rumores sobre un supuesto pasado delictivo en la isla\",\"datePublished\":\"2025-09-16T15:01:26+00:00\",\"dateModified\":\"2025-09-16T15:02:12+00:00\",\"mainEntityOfPage\":{\"@id\":\"https:\\\/\\\/www.cuballama.com\\\/noticias\\\/flor-de-cuba-desmiente-rumores-sobre-un-supuesto-pasado-delictivo-en-la-isla\\\/\"},\"wordCount\":595,\"commentCount\":0,\"publisher\":{\"@id\":\"https:\\\/\\\/www.cuballama.com\\\/noticias\\\/#organization\"},\"image\":{\"@id\":\"https:\\\/\\\/www.cuballama.com\\\/noticias\\\/flor-de-cuba-desmiente-rumores-sobre-un-supuesto-pasado-delictivo-en-la-isla\\\/#primaryimage\"},\"thumbnailUrl\":\"https:\\\/\\\/cdn1.mediawpaccore.net\\\/wp-content\\\/uploads\\\/2025\\\/09\\\/16085625\\\/WhatsApp-Image-2025-09-16-at-14.54.53.jpeg\",\"keywords\":[\"antecedentes penales\",\"influencer cubana\",\"La Flor de Cuba\",\"Migrantes cubanos\"],\"articleSection\":[\"Far\u00e1ndula\"],\"inLanguage\":\"es\",\"potentialAction\":[{\"@type\":\"CommentAction\",\"name\":\"Comment\",\"target\":[\"https:\\\/\\\/www.cuballama.com\\\/noticias\\\/flor-de-cuba-desmiente-rumores-sobre-un-supuesto-pasado-delictivo-en-la-isla\\\/#respond\"]}]},{\"@type\":\"WebPage\",\"@id\":\"https:\\\/\\\/www.cuballama.com\\\/noticias\\\/flor-de-cuba-desmiente-rumores-sobre-un-supuesto-pasado-delictivo-en-la-isla\\\/\",\"url\":\"https:\\\/\\\/www.cuballama.com\\\/noticias\\\/flor-de-cuba-desmiente-rumores-sobre-un-supuesto-pasado-delictivo-en-la-isla\\\/\",\"name\":\"Flor de Cuba desmiente rumores sobre un supuesto pasado delictivo en la isla - Cuballama Noticias\",\"isPartOf\":{\"@id\":\"https:\\\/\\\/www.cuballama.com\\\/noticias\\\/#website\"},\"primaryImageOfPage\":{\"@id\":\"https:\\\/\\\/www.cuballama.com\\\/noticias\\\/flor-de-cuba-desmiente-rumores-sobre-un-supuesto-pasado-delictivo-en-la-isla\\\/#primaryimage\"},\"image\":{\"@id\":\"https:\\\/\\\/www.cuballama.com\\\/noticias\\\/flor-de-cuba-desmiente-rumores-sobre-un-supuesto-pasado-delictivo-en-la-isla\\\/#primaryimage\"},\"thumbnailUrl\":\"https:\\\/\\\/cdn1.mediawpaccore.net\\\/wp-content\\\/uploads\\\/2025\\\/09\\\/16085625\\\/WhatsApp-Image-2025-09-16-at-14.54.53.jpeg\",\"datePublished\":\"2025-09-16T15:01:26+00:00\",\"dateModified\":\"2025-09-16T15:02:12+00:00\",\"description\":\"La influencer cubana Flor de Cuba respondi\u00f3 a una serie de preguntas inc\u00f3modas, incluyendo su supuesto pasado con la justicia\",\"breadcrumb\":{\"@id\":\"https:\\\/\\\/www.cuballama.com\\\/noticias\\\/flor-de-cuba-desmiente-rumores-sobre-un-supuesto-pasado-delictivo-en-la-isla\\\/#breadcrumb\"},\"inLanguage\":\"es\",\"potentialAction\":[{\"@type\":\"ReadAction\",\"target\":[\"https:\\\/\\\/www.cuballama.com\\\/noticias\\\/flor-de-cuba-desmiente-rumores-sobre-un-supuesto-pasado-delictivo-en-la-isla\\\/\"]}]},{\"@type\":\"ImageObject\",\"inLanguage\":\"es\",\"@id\":\"https:\\\/\\\/www.cuballama.com\\\/noticias\\\/flor-de-cuba-desmiente-rumores-sobre-un-supuesto-pasado-delictivo-en-la-isla\\\/#primaryimage\",\"url\":\"https:\\\/\\\/cdn1.mediawpaccore.net\\\/wp-content\\\/uploads\\\/2025\\\/09\\\/16085625\\\/WhatsApp-Image-2025-09-16-at-14.54.53.jpeg\",\"contentUrl\":\"https:\\\/\\\/cdn1.mediawpaccore.net\\\/wp-content\\\/uploads\\\/2025\\\/09\\\/16085625\\\/WhatsApp-Image-2025-09-16-at-14.54.53.jpeg\",\"width\":1887,\"height\":1286,\"caption\":\"Foto: Flor de Cuba\\\/Instagram\"},{\"@type\":\"BreadcrumbList\",\"@id\":\"https:\\\/\\\/www.cuballama.com\\\/noticias\\\/flor-de-cuba-desmiente-rumores-sobre-un-supuesto-pasado-delictivo-en-la-isla\\\/#breadcrumb\",\"itemListElement\":[{\"@type\":\"ListItem\",\"position\":1,\"name\":\"Home\",\"item\":\"https:\\\/\\\/www.cuballama.com\\\/noticias\\\/\"},{\"@type\":\"ListItem\",\"position\":2,\"name\":\"Flor de Cuba desmiente rumores sobre un supuesto pasado delictivo en la isla\"}]},{\"@type\":\"WebSite\",\"@id\":\"https:\\\/\\\/www.cuballama.com\\\/noticias\\\/#website\",\"url\":\"https:\\\/\\\/www.cuballama.com\\\/noticias\\\/\",\"name\":\"Cuballama Noticias\",\"description\":\"Medio digital sobre Cuba y el mundo\",\"publisher\":{\"@id\":\"https:\\\/\\\/www.cuballama.com\\\/noticias\\\/#organization\"},\"potentialAction\":[{\"@type\":\"SearchAction\",\"target\":{\"@type\":\"EntryPoint\",\"urlTemplate\":\"https:\\\/\\\/www.cuballama.com\\\/noticias\\\/?s={search_term_string}\"},\"query-input\":{\"@type\":\"PropertyValueSpecification\",\"valueRequired\":true,\"valueName\":\"search_term_string\"}}],\"inLanguage\":\"es\"},{\"@type\":\"Organization\",\"@id\":\"https:\\\/\\\/www.cuballama.com\\\/noticias\\\/#organization\",\"name\":\"Cuballama\",\"url\":\"https:\\\/\\\/www.cuballama.com\\\/noticias\\\/\",\"logo\":{\"@type\":\"ImageObject\",\"inLanguage\":\"es\",\"@id\":\"https:\\\/\\\/www.cuballama.com\\\/noticias\\\/#\\\/schema\\\/logo\\\/image\\\/\",\"url\":\"https:\\\/\\\/cdn1.mediawpaccore.net\\\/wp-content\\\/uploads\\\/2021\\\/12\\\/28171206\\\/cbll-logo-color-sm.png\",\"contentUrl\":\"https:\\\/\\\/cdn1.mediawpaccore.net\\\/wp-content\\\/uploads\\\/2021\\\/12\\\/28171206\\\/cbll-logo-color-sm.png\",\"width\":600,\"height\":133,\"caption\":\"Cuballama\"},\"image\":{\"@id\":\"https:\\\/\\\/www.cuballama.com\\\/noticias\\\/#\\\/schema\\\/logo\\\/image\\\/\"},\"sameAs\":[\"https:\\\/\\\/www.facebook.com\\\/CubaLlama\",\"https:\\\/\\\/x.com\\\/cuballama\",\"https:\\\/\\\/www.instagram.com\\\/stories\\\/cuballama_oficial\\\/\",\"https:\\\/\\\/www.youtube.com\\\/channel\\\/UCKkFE-d_axENGZcrc4as0IA\"]},{\"@type\":\"Person\",\"@id\":\"https:\\\/\\\/www.cuballama.com\\\/noticias\\\/#\\\/schema\\\/person\\\/0f97914526a658755f00e59ec2a832f2\",\"name\":\"Rafa\",\"url\":\"https:\\\/\\\/www.cuballama.com\\\/noticias\\\/author\\\/rafa\\\/\"}]}<\/script>\n<!-- \/ Yoast SEO plugin. -->","yoast_head_json":{"title":"Flor de Cuba desmiente rumores sobre un supuesto pasado delictivo en la isla - Cuballama Noticias","description":"La influencer cubana Flor de Cuba respondi\u00f3 a una serie de preguntas inc\u00f3modas, incluyendo su supuesto pasado con la justicia","robots":{"index":"index","follow":"follow","max-snippet":"max-snippet:-1","max-image-preview":"max-image-preview:large","max-video-preview":"max-video-preview:-1"},"canonical":"https:\/\/www.cuballama.com\/noticias\/flor-de-cuba-desmiente-rumores-sobre-un-supuesto-pasado-delictivo-en-la-isla\/","og_locale":"es_ES","og_type":"article","og_title":"Flor de Cuba desmiente rumores sobre un supuesto pasado delictivo en la isla - Cuballama Noticias","og_description":"La influencer cubana Flor de Cuba respondi\u00f3 a una serie de preguntas inc\u00f3modas, incluyendo su supuesto pasado con la justicia","og_url":"https:\/\/www.cuballama.com\/noticias\/flor-de-cuba-desmiente-rumores-sobre-un-supuesto-pasado-delictivo-en-la-isla\/","og_site_name":"Cuballama Noticias","article_publisher":"https:\/\/www.facebook.com\/CubaLlama","article_published_time":"2025-09-16T15:01:26+00:00","article_modified_time":"2025-09-16T15:02:12+00:00","og_image":[{"width":1887,"height":1286,"url":"https:\/\/cdn1.mediawpaccore.net\/wp-content\/uploads\/2025\/09\/16085625\/WhatsApp-Image-2025-09-16-at-14.54.53.jpeg","type":"image\/jpeg"}],"author":"Rafa","twitter_card":"summary_large_image","twitter_creator":"@cuballama","twitter_site":"@cuballama","twitter_misc":{"Escrito por":"Rafa","Tiempo de lectura":"3 minutos"},"schema":{"@context":"https:\/\/schema.org","@graph":[{"@type":"Article","@id":"https:\/\/www.cuballama.com\/noticias\/flor-de-cuba-desmiente-rumores-sobre-un-supuesto-pasado-delictivo-en-la-isla\/#article","isPartOf":{"@id":"https:\/\/www.cuballama.com\/noticias\/flor-de-cuba-desmiente-rumores-sobre-un-supuesto-pasado-delictivo-en-la-isla\/"},"author":{"name":"Rafa","@id":"https:\/\/www.cuballama.com\/noticias\/#\/schema\/person\/0f97914526a658755f00e59ec2a832f2"},"headline":"Flor de Cuba desmiente rumores sobre un supuesto pasado delictivo en la isla","datePublished":"2025-09-16T15:01:26+00:00","dateModified":"2025-09-16T15:02:12+00:00","mainEntityOfPage":{"@id":"https:\/\/www.cuballama.com\/noticias\/flor-de-cuba-desmiente-rumores-sobre-un-supuesto-pasado-delictivo-en-la-isla\/"},"wordCount":595,"commentCount":0,"publisher":{"@id":"https:\/\/www.cuballama.com\/noticias\/#organization"},"image":{"@id":"https:\/\/www.cuballama.com\/noticias\/flor-de-cuba-desmiente-rumores-sobre-un-supuesto-pasado-delictivo-en-la-isla\/#primaryimage"},"thumbnailUrl":"https:\/\/cdn1.mediawpaccore.net\/wp-content\/uploads\/2025\/09\/16085625\/WhatsApp-Image-2025-09-16-at-14.54.53.jpeg","keywords":["antecedentes penales","influencer cubana","La Flor de Cuba","Migrantes cubanos"],"articleSection":["Far\u00e1ndula"],"inLanguage":"es","potentialAction":[{"@type":"CommentAction","name":"Comment","target":["https:\/\/www.cuballama.com\/noticias\/flor-de-cuba-desmiente-rumores-sobre-un-supuesto-pasado-delictivo-en-la-isla\/#respond"]}]},{"@type":"WebPage","@id":"https:\/\/www.cuballama.com\/noticias\/flor-de-cuba-desmiente-rumores-sobre-un-supuesto-pasado-delictivo-en-la-isla\/","url":"https:\/\/www.cuballama.com\/noticias\/flor-de-cuba-desmiente-rumores-sobre-un-supuesto-pasado-delictivo-en-la-isla\/","name":"Flor de Cuba desmiente rumores sobre un supuesto pasado delictivo en la isla - Cuballama Noticias","isPartOf":{"@id":"https:\/\/www.cuballama.com\/noticias\/#website"},"primaryImageOfPage":{"@id":"https:\/\/www.cuballama.com\/noticias\/flor-de-cuba-desmiente-rumores-sobre-un-supuesto-pasado-delictivo-en-la-isla\/#primaryimage"},"image":{"@id":"https:\/\/www.cuballama.com\/noticias\/flor-de-cuba-desmiente-rumores-sobre-un-supuesto-pasado-delictivo-en-la-isla\/#primaryimage"},"thumbnailUrl":"https:\/\/cdn1.mediawpaccore.net\/wp-content\/uploads\/2025\/09\/16085625\/WhatsApp-Image-2025-09-16-at-14.54.53.jpeg","datePublished":"2025-09-16T15:01:26+00:00","dateModified":"2025-09-16T15:02:12+00:00","description":"La influencer cubana Flor de Cuba respondi\u00f3 a una serie de preguntas inc\u00f3modas, incluyendo su supuesto pasado con la justicia","breadcrumb":{"@id":"https:\/\/www.cuballama.com\/noticias\/flor-de-cuba-desmiente-rumores-sobre-un-supuesto-pasado-delictivo-en-la-isla\/#breadcrumb"},"inLanguage":"es","potentialAction":[{"@type":"ReadAction","target":["https:\/\/www.cuballama.com\/noticias\/flor-de-cuba-desmiente-rumores-sobre-un-supuesto-pasado-delictivo-en-la-isla\/"]}]},{"@type":"ImageObject","inLanguage":"es","@id":"https:\/\/www.cuballama.com\/noticias\/flor-de-cuba-desmiente-rumores-sobre-un-supuesto-pasado-delictivo-en-la-isla\/#primaryimage","url":"https:\/\/cdn1.mediawpaccore.net\/wp-content\/uploads\/2025\/09\/16085625\/WhatsApp-Image-2025-09-16-at-14.54.53.jpeg","contentUrl":"https:\/\/cdn1.mediawpaccore.net\/wp-content\/uploads\/2025\/09\/16085625\/WhatsApp-Image-2025-09-16-at-14.54.53.jpeg","width":1887,"height":1286,"caption":"Foto: Flor de Cuba\/Instagram"},{"@type":"BreadcrumbList","@id":"https:\/\/www.cuballama.com\/noticias\/flor-de-cuba-desmiente-rumores-sobre-un-supuesto-pasado-delictivo-en-la-isla\/#breadcrumb","itemListElement":[{"@type":"ListItem","position":1,"name":"Home","item":"https:\/\/www.cuballama.com\/noticias\/"},{"@type":"ListItem","position":2,"name":"Flor de Cuba desmiente rumores sobre un supuesto pasado delictivo en la isla"}]},{"@type":"WebSite","@id":"https:\/\/www.cuballama.com\/noticias\/#website","url":"https:\/\/www.cuballama.com\/noticias\/","name":"Cuballama Noticias","description":"Medio digital sobre Cuba y el mundo","publisher":{"@id":"https:\/\/www.cuballama.com\/noticias\/#organization"},"potentialAction":[{"@type":"SearchAction","target":{"@type":"EntryPoint","urlTemplate":"https:\/\/www.cuballama.com\/noticias\/?s={search_term_string}"},"query-input":{"@type":"PropertyValueSpecification","valueRequired":true,"valueName":"search_term_string"}}],"inLanguage":"es"},{"@type":"Organization","@id":"https:\/\/www.cuballama.com\/noticias\/#organization","name":"Cuballama","url":"https:\/\/www.cuballama.com\/noticias\/","logo":{"@type":"ImageObject","inLanguage":"es","@id":"https:\/\/www.cuballama.com\/noticias\/#\/schema\/logo\/image\/","url":"https:\/\/cdn1.mediawpaccore.net\/wp-content\/uploads\/2021\/12\/28171206\/cbll-logo-color-sm.png","contentUrl":"https:\/\/cdn1.mediawpaccore.net\/wp-content\/uploads\/2021\/12\/28171206\/cbll-logo-color-sm.png","width":600,"height":133,"caption":"Cuballama"},"image":{"@id":"https:\/\/www.cuballama.com\/noticias\/#\/schema\/logo\/image\/"},"sameAs":["https:\/\/www.facebook.com\/CubaLlama","https:\/\/x.com\/cuballama","https:\/\/www.instagram.com\/stories\/cuballama_oficial\/","https:\/\/www.youtube.com\/channel\/UCKkFE-d_axENGZcrc4as0IA"]},{"@type":"Person","@id":"https:\/\/www.cuballama.com\/noticias\/#\/schema\/person\/0f97914526a658755f00e59ec2a832f2","name":"Rafa","url":"https:\/\/www.cuballama.com\/noticias\/author\/rafa\/"}]}},"_links":{"self":[{"href":"https:\/\/www.cuballama.com\/noticias\/wp-json\/wp\/v2\/posts\/219840","targetHints":{"allow":["GET"]}}],"collection":[{"href":"https:\/\/www.cuballama.com\/noticias\/wp-json\/wp\/v2\/posts"}],"about":[{"href":"https:\/\/www.cuballama.com\/noticias\/wp-json\/wp\/v2\/types\/post"}],"author":[{"embeddable":true,"href":"https:\/\/www.cuballama.com\/noticias\/wp-json\/wp\/v2\/users\/27"}],"replies":[{"embeddable":true,"href":"https:\/\/www.cuballama.com\/noticias\/wp-json\/wp\/v2\/comments?post=219840"}],"version-history":[{"count":1,"href":"https:\/\/www.cuballama.com\/noticias\/wp-json\/wp\/v2\/posts\/219840\/revisions"}],"predecessor-version":[{"id":219887,"href":"https:\/\/www.cuballama.com\/noticias\/wp-json\/wp\/v2\/posts\/219840\/revisions\/219887"}],"wp:featuredmedia":[{"embeddable":true,"href":"https:\/\/www.cuballama.com\/noticias\/wp-json\/wp\/v2\/media\/219860"}],"wp:attachment":[{"href":"https:\/\/www.cuballama.com\/noticias\/wp-json\/wp\/v2\/media?parent=219840"}],"wp:term":[{"taxonomy":"category","embeddable":true,"href":"https:\/\/www.cuballama.com\/noticias\/wp-json\/wp\/v2\/categories?post=219840"},{"taxonomy":"post_tag","embeddable":true,"href":"https:\/\/www.cuballama.com\/noticias\/wp-json\/wp\/v2\/tags?post=219840"}],"curies":[{"name":"wp","href":"https:\/\/api.w.org\/{rel}","templated":true}]}}