{"id":219827,"date":"2025-09-17T08:45:12","date_gmt":"2025-09-17T12:45:12","guid":{"rendered":"https:\/\/www.cuballama.com\/noticias\/?p=219827"},"modified":"2025-09-17T08:45:19","modified_gmt":"2025-09-17T12:45:19","slug":"la-leyenda-de-los-dolphins-dan-marino-diagnosticado-con-enfermedad-hepatica","status":"publish","type":"post","link":"https:\/\/www.cuballama.com\/noticias\/la-leyenda-de-los-dolphins-dan-marino-diagnosticado-con-enfermedad-hepatica\/","title":{"rendered":"La leyenda de los Dolphins, Dan Marino, diagnosticado con enfermedad hep\u00e1tica"},"content":{"rendered":"\n<p>La leyenda de los Miami Dolphins, Dan Marino, revel\u00f3 recientemente que padece MASH, la esteatohepatitis asociada a disfunci\u00f3n metab\u00f3lica, una forma progresiva de enfermedad hep\u00e1tica. El miembro del Sal\u00f3n de la Fama cont\u00f3 que, aunque su diagn\u00f3stico original data de 2007, decidi\u00f3 hacerlo p\u00fablico ahora para crear conciencia y porque se siente bien, tras introducir cambios de estilo de vida que le han ayudado a controlar el cuadro. <a href=\"https:\/\/www.local10.com\/sports\/local\/2025\/09\/15\/dolphins-legend-dan-marino-diagnosed-with-liver-disease-he-reveals\/\" target=\"_blank\" rel=\"noreferrer noopener nofollow\">La noticia fue confirmada por varios medios estadounidenses especializados y locales en Miami.<\/a><\/p>\n\n\n\n<p>Marino explic\u00f3 que sus m\u00e9dicos le recomendaron \u201cvolver a lo b\u00e1sico\u201d: moverse m\u00e1s y comer mejor. Desde entonces apost\u00f3 por un patr\u00f3n de dieta mediterr\u00e1nea\u2014con menos az\u00facares a\u00f1adidos y productos ultraprocesados\u2014y recort\u00f3 antojos como la pizza, los dulces, el helado y el vino. Tambi\u00e9n incorpor\u00f3 caminatas diarias, salidas en bicicleta con su esposa Claire y rutinas de entrenamiento junto a su excompa\u00f1ero Terry Kirby. Seg\u00fan dijo, estos ajustes le han permitido revertir parte de los efectos de la enfermedad.<\/p>\n\n\n\n<p>\u00bfQu\u00e9 es MASH? Es la denominaci\u00f3n m\u00e9dica adoptada en 2023 para lo que antes se conoc\u00eda como NASH (esteatohepatitis no alcoh\u00f3lica). Forma parte del espectro de las enfermedades hep\u00e1ticas metab\u00f3licas (MASLD, antes NAFLD) y se asocia a factores como sobrepeso, resistencia a la insulina, colesterol elevado o diabetes. Puede avanzar a cirrosis si no se trata, pero suele mejorar de manera notable con p\u00e9rdida de peso, alimentaci\u00f3n saludable y actividad f\u00edsica sostenida, nos dice la web <a href=\"https:\/\/www.health.com\/mash-vs-nash-11735718?utm_source=chatgpt.com\" target=\"_blank\" rel=\"noreferrer noopener\">Health.com<\/a><\/p>\n\n\n\n<p>El hist\u00f3rico \u201c#13\u201d \u2014uno de los brazos m\u00e1s prol\u00edficos de la NFL y emblema de los Dolphins entre 1983 y 1999\u2014 subray\u00f3 que su objetivo, adem\u00e1s de cuidarse, es animar a otras personas a consultarse y a tomar medidas tempranas cuando aparecen se\u00f1ales de enfermedad metab\u00f3lica. En palabras de Marino, controlar el estilo de vida ha sido clave para sentirse fuerte y activo a los 64 a\u00f1os. <\/p>\n\n\n\n<p>M\u00e1s all\u00e1 del impacto medi\u00e1tico por tratarse de un icono del deporte, el caso vuelve a poner en foco un problema silencioso y muy frecuente: millones de personas conviven con MASLD\/MASH sin saberlo. La recomendaci\u00f3n de los especialistas es clara: chequeos m\u00e9dicos peri\u00f3dicos (especialmente si hay factores de riesgo), alimentaci\u00f3n tipo mediterr\u00e1nea, reducci\u00f3n del alcohol, movimiento diario y vacunaci\u00f3n contra hepatitis A y B para proteger un h\u00edgado ya estresado. Marino es, hoy, un ejemplo de que actuar a tiempo puede marcar la diferencia. <\/p>\n\n\n\n<p><\/p>\n","protected":false},"excerpt":{"rendered":"<p>Marino explic\u00f3 que sus m\u00e9dicos le recomendaron \u201cvolver a lo b\u00e1sico\u201d: moverse m\u00e1s y comer mejor. Desde entonces apost\u00f3 por un patr\u00f3n de dieta mediterr\u00e1nea\u2014con menos az\u00facares a\u00f1adidos y productos ultraprocesados\u2014y recort\u00f3 antojos como la pizza, los dulces, el helado y el vino. Tambi\u00e9n incorpor\u00f3 caminatas diarias, salidas en bicicleta con su esposa Claire y rutinas de entrenamiento junto a su excompa\u00f1ero Terry Kirby. Seg\u00fan dijo, estos ajustes le han permitido revertir parte de los efectos de la enfermedad.<\/p>\n","protected":false},"author":13,"featured_media":219945,"comment_status":"open","ping_status":"closed","sticky":false,"template":"","format":"standard","meta":{"_acf_changed":false,"footnotes":""},"categories":[21,18,11025,953],"tags":[27565,785,9569,4644,27566,27564,10005,409],"class_list":{"0":"post-219827","1":"post","2":"type-post","3":"status-publish","4":"format-standard","5":"has-post-thumbnail","7":"category-deportes","8":"category-noticias","9":"category-salud","10":"category-usa","11":"tag-dan-marino","12":"tag-enfermedades","13":"tag-higado","14":"tag-leyendas-del-deporte","15":"tag-mash","16":"tag-miami-dolphins","17":"tag-nfl","18":"tag-salud"},"acf":[],"yoast_head":"<!-- This site is optimized with the Yoast SEO plugin v27.5 - https:\/\/yoast.com\/product\/yoast-seo-wordpress\/ -->\n<title>La leyenda de los Dolphins, Dan Marino, diagnosticado con enfermedad hep\u00e1tica - Cuballama Noticias<\/title>\n<meta name=\"description\" content=\"Dan Marino es la gran leyenda de los Dolphins de Miami, y una de las cinco mayores leyendas dentro de la NFL en Estados Unidos.\" \/>\n<meta name=\"robots\" content=\"index, follow, max-snippet:-1, max-image-preview:large, max-video-preview:-1\" \/>\n<link rel=\"canonical\" href=\"https:\/\/www.cuballama.com\/noticias\/la-leyenda-de-los-dolphins-dan-marino-diagnosticado-con-enfermedad-hepatica\/\" \/>\n<meta property=\"og:locale\" content=\"es_ES\" \/>\n<meta property=\"og:type\" content=\"article\" \/>\n<meta property=\"og:title\" content=\"La leyenda de los Dolphins, Dan Marino, diagnosticado con enfermedad hep\u00e1tica - Cuballama Noticias\" \/>\n<meta property=\"og:description\" content=\"Dan Marino es la gran leyenda de los Dolphins de Miami, y una de las cinco mayores leyendas dentro de la NFL en Estados Unidos.\" \/>\n<meta property=\"og:url\" content=\"https:\/\/www.cuballama.com\/noticias\/la-leyenda-de-los-dolphins-dan-marino-diagnosticado-con-enfermedad-hepatica\/\" \/>\n<meta property=\"og:site_name\" content=\"Cuballama Noticias\" \/>\n<meta property=\"article:publisher\" content=\"https:\/\/www.facebook.com\/CubaLlama\" \/>\n<meta property=\"article:published_time\" content=\"2025-09-17T12:45:12+00:00\" \/>\n<meta property=\"article:modified_time\" content=\"2025-09-17T12:45:19+00:00\" \/>\n<meta property=\"og:image\" content=\"https:\/\/cdn1.mediawpaccore.net\/wp-content\/uploads\/2025\/09\/17063851\/image-91.png\" \/>\n\t<meta property=\"og:image:width\" content=\"1968\" \/>\n\t<meta property=\"og:image:height\" content=\"1038\" \/>\n\t<meta property=\"og:image:type\" content=\"image\/png\" \/>\n<meta name=\"author\" content=\"Roberto A.\" \/>\n<meta name=\"twitter:card\" content=\"summary_large_image\" \/>\n<meta name=\"twitter:creator\" content=\"@cuballama\" \/>\n<meta name=\"twitter:site\" content=\"@cuballama\" \/>\n<meta name=\"twitter:label1\" content=\"Escrito por\" \/>\n\t<meta name=\"twitter:data1\" content=\"Roberto A.\" \/>\n\t<meta name=\"twitter:label2\" content=\"Tiempo de lectura\" \/>\n\t<meta name=\"twitter:data2\" content=\"2 minutos\" \/>\n<script type=\"application\/ld+json\" class=\"yoast-schema-graph\">{\"@context\":\"https:\\\/\\\/schema.org\",\"@graph\":[{\"@type\":\"Article\",\"@id\":\"https:\\\/\\\/www.cuballama.com\\\/noticias\\\/la-leyenda-de-los-dolphins-dan-marino-diagnosticado-con-enfermedad-hepatica\\\/#article\",\"isPartOf\":{\"@id\":\"https:\\\/\\\/www.cuballama.com\\\/noticias\\\/la-leyenda-de-los-dolphins-dan-marino-diagnosticado-con-enfermedad-hepatica\\\/\"},\"author\":{\"name\":\"Roberto A.\",\"@id\":\"https:\\\/\\\/www.cuballama.com\\\/noticias\\\/#\\\/schema\\\/person\\\/a58502ed4146c8e9f83872e897c76cd2\"},\"headline\":\"La leyenda de los Dolphins, Dan Marino, diagnosticado con enfermedad hep\u00e1tica\",\"datePublished\":\"2025-09-17T12:45:12+00:00\",\"dateModified\":\"2025-09-17T12:45:19+00:00\",\"mainEntityOfPage\":{\"@id\":\"https:\\\/\\\/www.cuballama.com\\\/noticias\\\/la-leyenda-de-los-dolphins-dan-marino-diagnosticado-con-enfermedad-hepatica\\\/\"},\"wordCount\":440,\"commentCount\":0,\"publisher\":{\"@id\":\"https:\\\/\\\/www.cuballama.com\\\/noticias\\\/#organization\"},\"image\":{\"@id\":\"https:\\\/\\\/www.cuballama.com\\\/noticias\\\/la-leyenda-de-los-dolphins-dan-marino-diagnosticado-con-enfermedad-hepatica\\\/#primaryimage\"},\"thumbnailUrl\":\"https:\\\/\\\/cdn1.mediawpaccore.net\\\/wp-content\\\/uploads\\\/2025\\\/09\\\/17063851\\\/image-91.png\",\"keywords\":[\"Dan Marino\",\"Enfermedades\",\"h\u00edgado\",\"Leyendas del Deporte\",\"MASH\",\"Miami Dolphins\",\"NFL\",\"Salud\"],\"articleSection\":[\"Deportes\",\"Noticias\",\"Salud\",\"USA\"],\"inLanguage\":\"es\",\"potentialAction\":[{\"@type\":\"CommentAction\",\"name\":\"Comment\",\"target\":[\"https:\\\/\\\/www.cuballama.com\\\/noticias\\\/la-leyenda-de-los-dolphins-dan-marino-diagnosticado-con-enfermedad-hepatica\\\/#respond\"]}]},{\"@type\":\"WebPage\",\"@id\":\"https:\\\/\\\/www.cuballama.com\\\/noticias\\\/la-leyenda-de-los-dolphins-dan-marino-diagnosticado-con-enfermedad-hepatica\\\/\",\"url\":\"https:\\\/\\\/www.cuballama.com\\\/noticias\\\/la-leyenda-de-los-dolphins-dan-marino-diagnosticado-con-enfermedad-hepatica\\\/\",\"name\":\"La leyenda de los Dolphins, Dan Marino, diagnosticado con enfermedad hep\u00e1tica - Cuballama Noticias\",\"isPartOf\":{\"@id\":\"https:\\\/\\\/www.cuballama.com\\\/noticias\\\/#website\"},\"primaryImageOfPage\":{\"@id\":\"https:\\\/\\\/www.cuballama.com\\\/noticias\\\/la-leyenda-de-los-dolphins-dan-marino-diagnosticado-con-enfermedad-hepatica\\\/#primaryimage\"},\"image\":{\"@id\":\"https:\\\/\\\/www.cuballama.com\\\/noticias\\\/la-leyenda-de-los-dolphins-dan-marino-diagnosticado-con-enfermedad-hepatica\\\/#primaryimage\"},\"thumbnailUrl\":\"https:\\\/\\\/cdn1.mediawpaccore.net\\\/wp-content\\\/uploads\\\/2025\\\/09\\\/17063851\\\/image-91.png\",\"datePublished\":\"2025-09-17T12:45:12+00:00\",\"dateModified\":\"2025-09-17T12:45:19+00:00\",\"description\":\"Dan Marino es la gran leyenda de los Dolphins de Miami, y una de las cinco mayores leyendas dentro de la NFL en Estados Unidos.\",\"breadcrumb\":{\"@id\":\"https:\\\/\\\/www.cuballama.com\\\/noticias\\\/la-leyenda-de-los-dolphins-dan-marino-diagnosticado-con-enfermedad-hepatica\\\/#breadcrumb\"},\"inLanguage\":\"es\",\"potentialAction\":[{\"@type\":\"ReadAction\",\"target\":[\"https:\\\/\\\/www.cuballama.com\\\/noticias\\\/la-leyenda-de-los-dolphins-dan-marino-diagnosticado-con-enfermedad-hepatica\\\/\"]}]},{\"@type\":\"ImageObject\",\"inLanguage\":\"es\",\"@id\":\"https:\\\/\\\/www.cuballama.com\\\/noticias\\\/la-leyenda-de-los-dolphins-dan-marino-diagnosticado-con-enfermedad-hepatica\\\/#primaryimage\",\"url\":\"https:\\\/\\\/cdn1.mediawpaccore.net\\\/wp-content\\\/uploads\\\/2025\\\/09\\\/17063851\\\/image-91.png\",\"contentUrl\":\"https:\\\/\\\/cdn1.mediawpaccore.net\\\/wp-content\\\/uploads\\\/2025\\\/09\\\/17063851\\\/image-91.png\",\"width\":1968,\"height\":1038,\"caption\":\"Foto: Webefex \u2014 \u201cDan Marino preparing for an ESPN interview\u201d. V\u00eda Wikimedia Commons; original en Flickr: https:\\\/\\\/www.flickr.com\\\/photos\\\/webefex\\\/102160919\\\/ . Licencia Creative Commons Atribuci\u00f3n-CompartirIgual 2.0 (CC BY-SA 2.0) \u2014 https:\\\/\\\/creativecommons.org\\\/licenses\\\/by-sa\\\/2.0\\\/\"},{\"@type\":\"BreadcrumbList\",\"@id\":\"https:\\\/\\\/www.cuballama.com\\\/noticias\\\/la-leyenda-de-los-dolphins-dan-marino-diagnosticado-con-enfermedad-hepatica\\\/#breadcrumb\",\"itemListElement\":[{\"@type\":\"ListItem\",\"position\":1,\"name\":\"Home\",\"item\":\"https:\\\/\\\/www.cuballama.com\\\/noticias\\\/\"},{\"@type\":\"ListItem\",\"position\":2,\"name\":\"La leyenda de los Dolphins, Dan Marino, diagnosticado con enfermedad hep\u00e1tica\"}]},{\"@type\":\"WebSite\",\"@id\":\"https:\\\/\\\/www.cuballama.com\\\/noticias\\\/#website\",\"url\":\"https:\\\/\\\/www.cuballama.com\\\/noticias\\\/\",\"name\":\"Cuballama Noticias\",\"description\":\"Medio digital sobre Cuba y el mundo\",\"publisher\":{\"@id\":\"https:\\\/\\\/www.cuballama.com\\\/noticias\\\/#organization\"},\"potentialAction\":[{\"@type\":\"SearchAction\",\"target\":{\"@type\":\"EntryPoint\",\"urlTemplate\":\"https:\\\/\\\/www.cuballama.com\\\/noticias\\\/?s={search_term_string}\"},\"query-input\":{\"@type\":\"PropertyValueSpecification\",\"valueRequired\":true,\"valueName\":\"search_term_string\"}}],\"inLanguage\":\"es\"},{\"@type\":\"Organization\",\"@id\":\"https:\\\/\\\/www.cuballama.com\\\/noticias\\\/#organization\",\"name\":\"Cuballama\",\"url\":\"https:\\\/\\\/www.cuballama.com\\\/noticias\\\/\",\"logo\":{\"@type\":\"ImageObject\",\"inLanguage\":\"es\",\"@id\":\"https:\\\/\\\/www.cuballama.com\\\/noticias\\\/#\\\/schema\\\/logo\\\/image\\\/\",\"url\":\"https:\\\/\\\/cdn1.mediawpaccore.net\\\/wp-content\\\/uploads\\\/2021\\\/12\\\/28171206\\\/cbll-logo-color-sm.png\",\"contentUrl\":\"https:\\\/\\\/cdn1.mediawpaccore.net\\\/wp-content\\\/uploads\\\/2021\\\/12\\\/28171206\\\/cbll-logo-color-sm.png\",\"width\":600,\"height\":133,\"caption\":\"Cuballama\"},\"image\":{\"@id\":\"https:\\\/\\\/www.cuballama.com\\\/noticias\\\/#\\\/schema\\\/logo\\\/image\\\/\"},\"sameAs\":[\"https:\\\/\\\/www.facebook.com\\\/CubaLlama\",\"https:\\\/\\\/x.com\\\/cuballama\",\"https:\\\/\\\/www.instagram.com\\\/stories\\\/cuballama_oficial\\\/\",\"https:\\\/\\\/www.youtube.com\\\/channel\\\/UCKkFE-d_axENGZcrc4as0IA\"]},{\"@type\":\"Person\",\"@id\":\"https:\\\/\\\/www.cuballama.com\\\/noticias\\\/#\\\/schema\\\/person\\\/a58502ed4146c8e9f83872e897c76cd2\",\"name\":\"Roberto A.\",\"description\":\"Roberto A. Periodista por decisi\u00f3n propia. Interesado en cualquier tema que me apasione y cada vez m\u00e1s comprometido con la verdad y la objetividad period\u00edstica. Graduado en La Habana hace ya muchos a\u00f1os, luego de una accidentada y polvorienta b\u00fasqueda de informaci\u00f3n sobre un tema in\u00e9dito. La Tesis, por cierto, desapareci\u00f3 de la biblioteca y no se conservan copias de la misma.\",\"url\":\"https:\\\/\\\/www.cuballama.com\\\/noticias\\\/author\\\/roberto\\\/\"}]}<\/script>\n<!-- \/ Yoast SEO plugin. -->","yoast_head_json":{"title":"La leyenda de los Dolphins, Dan Marino, diagnosticado con enfermedad hep\u00e1tica - Cuballama Noticias","description":"Dan Marino es la gran leyenda de los Dolphins de Miami, y una de las cinco mayores leyendas dentro de la NFL en Estados Unidos.","robots":{"index":"index","follow":"follow","max-snippet":"max-snippet:-1","max-image-preview":"max-image-preview:large","max-video-preview":"max-video-preview:-1"},"canonical":"https:\/\/www.cuballama.com\/noticias\/la-leyenda-de-los-dolphins-dan-marino-diagnosticado-con-enfermedad-hepatica\/","og_locale":"es_ES","og_type":"article","og_title":"La leyenda de los Dolphins, Dan Marino, diagnosticado con enfermedad hep\u00e1tica - Cuballama Noticias","og_description":"Dan Marino es la gran leyenda de los Dolphins de Miami, y una de las cinco mayores leyendas dentro de la NFL en Estados Unidos.","og_url":"https:\/\/www.cuballama.com\/noticias\/la-leyenda-de-los-dolphins-dan-marino-diagnosticado-con-enfermedad-hepatica\/","og_site_name":"Cuballama Noticias","article_publisher":"https:\/\/www.facebook.com\/CubaLlama","article_published_time":"2025-09-17T12:45:12+00:00","article_modified_time":"2025-09-17T12:45:19+00:00","og_image":[{"width":1968,"height":1038,"url":"https:\/\/cdn1.mediawpaccore.net\/wp-content\/uploads\/2025\/09\/17063851\/image-91.png","type":"image\/png"}],"author":"Roberto A.","twitter_card":"summary_large_image","twitter_creator":"@cuballama","twitter_site":"@cuballama","twitter_misc":{"Escrito por":"Roberto A.","Tiempo de lectura":"2 minutos"},"schema":{"@context":"https:\/\/schema.org","@graph":[{"@type":"Article","@id":"https:\/\/www.cuballama.com\/noticias\/la-leyenda-de-los-dolphins-dan-marino-diagnosticado-con-enfermedad-hepatica\/#article","isPartOf":{"@id":"https:\/\/www.cuballama.com\/noticias\/la-leyenda-de-los-dolphins-dan-marino-diagnosticado-con-enfermedad-hepatica\/"},"author":{"name":"Roberto A.","@id":"https:\/\/www.cuballama.com\/noticias\/#\/schema\/person\/a58502ed4146c8e9f83872e897c76cd2"},"headline":"La leyenda de los Dolphins, Dan Marino, diagnosticado con enfermedad hep\u00e1tica","datePublished":"2025-09-17T12:45:12+00:00","dateModified":"2025-09-17T12:45:19+00:00","mainEntityOfPage":{"@id":"https:\/\/www.cuballama.com\/noticias\/la-leyenda-de-los-dolphins-dan-marino-diagnosticado-con-enfermedad-hepatica\/"},"wordCount":440,"commentCount":0,"publisher":{"@id":"https:\/\/www.cuballama.com\/noticias\/#organization"},"image":{"@id":"https:\/\/www.cuballama.com\/noticias\/la-leyenda-de-los-dolphins-dan-marino-diagnosticado-con-enfermedad-hepatica\/#primaryimage"},"thumbnailUrl":"https:\/\/cdn1.mediawpaccore.net\/wp-content\/uploads\/2025\/09\/17063851\/image-91.png","keywords":["Dan Marino","Enfermedades","h\u00edgado","Leyendas del Deporte","MASH","Miami Dolphins","NFL","Salud"],"articleSection":["Deportes","Noticias","Salud","USA"],"inLanguage":"es","potentialAction":[{"@type":"CommentAction","name":"Comment","target":["https:\/\/www.cuballama.com\/noticias\/la-leyenda-de-los-dolphins-dan-marino-diagnosticado-con-enfermedad-hepatica\/#respond"]}]},{"@type":"WebPage","@id":"https:\/\/www.cuballama.com\/noticias\/la-leyenda-de-los-dolphins-dan-marino-diagnosticado-con-enfermedad-hepatica\/","url":"https:\/\/www.cuballama.com\/noticias\/la-leyenda-de-los-dolphins-dan-marino-diagnosticado-con-enfermedad-hepatica\/","name":"La leyenda de los Dolphins, Dan Marino, diagnosticado con enfermedad hep\u00e1tica - Cuballama Noticias","isPartOf":{"@id":"https:\/\/www.cuballama.com\/noticias\/#website"},"primaryImageOfPage":{"@id":"https:\/\/www.cuballama.com\/noticias\/la-leyenda-de-los-dolphins-dan-marino-diagnosticado-con-enfermedad-hepatica\/#primaryimage"},"image":{"@id":"https:\/\/www.cuballama.com\/noticias\/la-leyenda-de-los-dolphins-dan-marino-diagnosticado-con-enfermedad-hepatica\/#primaryimage"},"thumbnailUrl":"https:\/\/cdn1.mediawpaccore.net\/wp-content\/uploads\/2025\/09\/17063851\/image-91.png","datePublished":"2025-09-17T12:45:12+00:00","dateModified":"2025-09-17T12:45:19+00:00","description":"Dan Marino es la gran leyenda de los Dolphins de Miami, y una de las cinco mayores leyendas dentro de la NFL en Estados Unidos.","breadcrumb":{"@id":"https:\/\/www.cuballama.com\/noticias\/la-leyenda-de-los-dolphins-dan-marino-diagnosticado-con-enfermedad-hepatica\/#breadcrumb"},"inLanguage":"es","potentialAction":[{"@type":"ReadAction","target":["https:\/\/www.cuballama.com\/noticias\/la-leyenda-de-los-dolphins-dan-marino-diagnosticado-con-enfermedad-hepatica\/"]}]},{"@type":"ImageObject","inLanguage":"es","@id":"https:\/\/www.cuballama.com\/noticias\/la-leyenda-de-los-dolphins-dan-marino-diagnosticado-con-enfermedad-hepatica\/#primaryimage","url":"https:\/\/cdn1.mediawpaccore.net\/wp-content\/uploads\/2025\/09\/17063851\/image-91.png","contentUrl":"https:\/\/cdn1.mediawpaccore.net\/wp-content\/uploads\/2025\/09\/17063851\/image-91.png","width":1968,"height":1038,"caption":"Foto: Webefex \u2014 \u201cDan Marino preparing for an ESPN interview\u201d. V\u00eda Wikimedia Commons; original en Flickr: https:\/\/www.flickr.com\/photos\/webefex\/102160919\/ . Licencia Creative Commons Atribuci\u00f3n-CompartirIgual 2.0 (CC BY-SA 2.0) \u2014 https:\/\/creativecommons.org\/licenses\/by-sa\/2.0\/"},{"@type":"BreadcrumbList","@id":"https:\/\/www.cuballama.com\/noticias\/la-leyenda-de-los-dolphins-dan-marino-diagnosticado-con-enfermedad-hepatica\/#breadcrumb","itemListElement":[{"@type":"ListItem","position":1,"name":"Home","item":"https:\/\/www.cuballama.com\/noticias\/"},{"@type":"ListItem","position":2,"name":"La leyenda de los Dolphins, Dan Marino, diagnosticado con enfermedad hep\u00e1tica"}]},{"@type":"WebSite","@id":"https:\/\/www.cuballama.com\/noticias\/#website","url":"https:\/\/www.cuballama.com\/noticias\/","name":"Cuballama Noticias","description":"Medio digital sobre Cuba y el mundo","publisher":{"@id":"https:\/\/www.cuballama.com\/noticias\/#organization"},"potentialAction":[{"@type":"SearchAction","target":{"@type":"EntryPoint","urlTemplate":"https:\/\/www.cuballama.com\/noticias\/?s={search_term_string}"},"query-input":{"@type":"PropertyValueSpecification","valueRequired":true,"valueName":"search_term_string"}}],"inLanguage":"es"},{"@type":"Organization","@id":"https:\/\/www.cuballama.com\/noticias\/#organization","name":"Cuballama","url":"https:\/\/www.cuballama.com\/noticias\/","logo":{"@type":"ImageObject","inLanguage":"es","@id":"https:\/\/www.cuballama.com\/noticias\/#\/schema\/logo\/image\/","url":"https:\/\/cdn1.mediawpaccore.net\/wp-content\/uploads\/2021\/12\/28171206\/cbll-logo-color-sm.png","contentUrl":"https:\/\/cdn1.mediawpaccore.net\/wp-content\/uploads\/2021\/12\/28171206\/cbll-logo-color-sm.png","width":600,"height":133,"caption":"Cuballama"},"image":{"@id":"https:\/\/www.cuballama.com\/noticias\/#\/schema\/logo\/image\/"},"sameAs":["https:\/\/www.facebook.com\/CubaLlama","https:\/\/x.com\/cuballama","https:\/\/www.instagram.com\/stories\/cuballama_oficial\/","https:\/\/www.youtube.com\/channel\/UCKkFE-d_axENGZcrc4as0IA"]},{"@type":"Person","@id":"https:\/\/www.cuballama.com\/noticias\/#\/schema\/person\/a58502ed4146c8e9f83872e897c76cd2","name":"Roberto A.","description":"Roberto A. Periodista por decisi\u00f3n propia. Interesado en cualquier tema que me apasione y cada vez m\u00e1s comprometido con la verdad y la objetividad period\u00edstica. Graduado en La Habana hace ya muchos a\u00f1os, luego de una accidentada y polvorienta b\u00fasqueda de informaci\u00f3n sobre un tema in\u00e9dito. La Tesis, por cierto, desapareci\u00f3 de la biblioteca y no se conservan copias de la misma.","url":"https:\/\/www.cuballama.com\/noticias\/author\/roberto\/"}]}},"_links":{"self":[{"href":"https:\/\/www.cuballama.com\/noticias\/wp-json\/wp\/v2\/posts\/219827","targetHints":{"allow":["GET"]}}],"collection":[{"href":"https:\/\/www.cuballama.com\/noticias\/wp-json\/wp\/v2\/posts"}],"about":[{"href":"https:\/\/www.cuballama.com\/noticias\/wp-json\/wp\/v2\/types\/post"}],"author":[{"embeddable":true,"href":"https:\/\/www.cuballama.com\/noticias\/wp-json\/wp\/v2\/users\/13"}],"replies":[{"embeddable":true,"href":"https:\/\/www.cuballama.com\/noticias\/wp-json\/wp\/v2\/comments?post=219827"}],"version-history":[{"count":4,"href":"https:\/\/www.cuballama.com\/noticias\/wp-json\/wp\/v2\/posts\/219827\/revisions"}],"predecessor-version":[{"id":219946,"href":"https:\/\/www.cuballama.com\/noticias\/wp-json\/wp\/v2\/posts\/219827\/revisions\/219946"}],"wp:featuredmedia":[{"embeddable":true,"href":"https:\/\/www.cuballama.com\/noticias\/wp-json\/wp\/v2\/media\/219945"}],"wp:attachment":[{"href":"https:\/\/www.cuballama.com\/noticias\/wp-json\/wp\/v2\/media?parent=219827"}],"wp:term":[{"taxonomy":"category","embeddable":true,"href":"https:\/\/www.cuballama.com\/noticias\/wp-json\/wp\/v2\/categories?post=219827"},{"taxonomy":"post_tag","embeddable":true,"href":"https:\/\/www.cuballama.com\/noticias\/wp-json\/wp\/v2\/tags?post=219827"}],"curies":[{"name":"wp","href":"https:\/\/api.w.org\/{rel}","templated":true}]}}