{"id":219758,"date":"2025-09-17T12:48:58","date_gmt":"2025-09-17T16:48:58","guid":{"rendered":"https:\/\/www.cuballama.com\/noticias\/?p=219758"},"modified":"2025-09-17T12:49:00","modified_gmt":"2025-09-17T16:49:00","slug":"gloria-estefan-le-da-vida-a-gigi-una-abuela-muy-cubana-en-la-nueva-entrega-de-gabbys-dollhouse-the-movie","status":"publish","type":"post","link":"https:\/\/www.cuballama.com\/noticias\/gloria-estefan-le-da-vida-a-gigi-una-abuela-muy-cubana-en-la-nueva-entrega-de-gabbys-dollhouse-the-movie\/","title":{"rendered":"Gloria Estefan le da vida a Gigi, una abuela muy \u00abcubana\u00bb, en la nueva entrega de \u201cGabby\u2019s Dollhouse: The Movie\u201d"},"content":{"rendered":"\n<p>Gloria Estefan vuelve al cine encarnando a \u201cGrandma Gigi\u201d en \u201cGabby\u2019s Dollhouse: The Movie\u201d, el salto a la gran pantalla de la exitosa franquicia infantil de DreamWorks. La cinta, programada para estrenarse el 26 de septiembre de 2025, combina acci\u00f3n real y animaci\u00f3n y sigue a Gabby y su abuela en una traves\u00eda por \u201cCat Francisco\u201d para recuperar la ic\u00f3nica casita de mu\u00f1ecas, ahora en manos de una exc\u00e9ntrica \u201ccat lady\u201d interpretada por Kristen Wiig. La propia sinopsis oficial destaca que Estefan, cuatro veces ganadora del Grammy, interpreta a la abuela que acompa\u00f1a el viaje de la protagonista, se\u00f1ala la web <a href=\"https:\/\/www.rottentomatoes.com\/m\/gabbys_dollhouse_the_movie\" target=\"_blank\" rel=\"noreferrer noopener nofollow\">Rotten Tomatoes.<\/a><\/p>\n\n\n\n<p>\u00bfEs Gigi cubana dentro de la historia? Los materiales promocionales no lo especifican, pero las im\u00e1genes s\u00ed. Rostros latinos, acentos, pelo trigue\u00f1o, <em>choronguitos<\/em>&#8230; San Francisco, California. Las claves est\u00e1n ah\u00ed. La hispanidad y la latinidad se notan en todo el trailer promocional.<\/p>\n\n\n\n<iframe loading=\"lazy\" width=\"1179\" height=\"663\" src=\"https:\/\/www.youtube.com\/embed\/S-GFCPEWqe4\" title=\"Gabby&#39;s Dollhouse: The Movie | Official Trailer\" frameborder=\"0\" allow=\"accelerometer; autoplay; clipboard-write; encrypted-media; gyroscope; picture-in-picture; web-share\" referrerpolicy=\"strict-origin-when-cross-origin\" allowfullscreen><\/iframe>\n\n\n\n<p>Aunque no diga que es \u00abcubana\u00bb como tal, la elecci\u00f3n de Gloria Estefan \u2014artista nacida en La Habana y emblema de la di\u00e1spora\u2014 imprime al personaje una calidez y un acento cultural que la cantante suele reivindicar en sus proyectos m\u00e1s recientes.  <\/p>\n\n\n\n<p>La pel\u00edcula se presenta como una aventura familiar apta para primeros espectadores, pero tambi\u00e9n como un gui\u00f1o a padres y abuelos que reconocen en Estefan un puente entre generaciones. <\/p>\n\n\n\n<p>El proyecto llega en un momento activo para la estrella, que este a\u00f1o public\u00f3 \u201cRa\u00edces\u201d, un \u00e1lbum impregnado de memoria familiar y herencia cubana. La figura de la abuela tiene, adem\u00e1s, un significado personal para Gloria Estefan: en entrevistas recientes, ha hablado de su propio rol como \u201cabuela\u201d y del peso que tuvieron sus mayores en su formaci\u00f3n art\u00edstica, un trasfondo que dialoga naturalmente con Gigi, el coraz\u00f3n afectivo del viaje de Gabby. Esa sinton\u00eda entre biograf\u00eda y ficci\u00f3n ayuda a entender por qu\u00e9 su presencia trasciende el simple \u201cstunt casting\u201d.<\/p>\n\n\n\n<iframe loading=\"lazy\" width=\"1179\" height=\"663\" src=\"https:\/\/www.youtube.com\/embed\/XgwGfr4NO04\" title=\"Gabby&#39;s Grandma to the Rescue!! | GABBY&#39;S DOLLHOUSE: THE MOVIE\" frameborder=\"0\" allow=\"accelerometer; autoplay; clipboard-write; encrypted-media; gyroscope; picture-in-picture; web-share\" referrerpolicy=\"strict-origin-when-cross-origin\" allowfullscreen><\/iframe>\n\n\n\n<p>En pantalla, \u201cGabby\u2019s Dollhouse: The Movie\u201d expande el universo de la serie con una narrativa \u201croad movie\u201d donde la relaci\u00f3n nieta-abuela estructura la aventura. La premisa: un trayecto que obliga a Gabby a salir del entorno seguro, resolver problemas en el mundo real y, de paso, reunir a los \u201cGabby Cats\u201d para salvar la casita antes de que sea demasiado tarde. Estefan sostiene el andamiaje emocional del relato, mientras Wiig aporta un contrapunto c\u00f3mico como antagonista. La producci\u00f3n, distribuida por Universal, marca adem\u00e1s otro paso en la hibridaci\u00f3n entre live-action y animaci\u00f3n que el estudio viene explorando.<\/p>\n\n\n\n<p>As\u00ed lo cont\u00f3 la propia Gloria Estefan a Telemundo:<\/p>\n\n\n\n<script type=\"text\/javascript\" charset=\"UTF-8\" \n    src=\"https:\/\/telemundo51.com\/portableplayer\/?CID=1:24:2698674&#038;videoID=2451565635602&#038;origin=telemundo51.com&#038;fullWidth=y&#038;autoplay=true\"><\/script>\n","protected":false},"excerpt":{"rendered":"<p>Aunque el material oficial no confirma que Gigi sea expl\u00edcitamente cubana, la interpretaci\u00f3n de Gloria Estefan \u2014y el momento vital y creativo que atraviesa\u2014 convierte a la abuela de Gabby en una presencia \u201cmuy cubana\u201d en esp\u00edritu: cercana, musical y gu\u00eda de ese viaje que, como tantos en la di\u00e1spora, comienza con una maleta y una historia que contar.<\/p>\n","protected":false},"author":13,"featured_media":136136,"comment_status":"open","ping_status":"closed","sticky":false,"template":"","format":"standard","meta":{"_acf_changed":false,"footnotes":""},"categories":[443],"tags":[11262,27519,24533,27518,27521,4723,27520,2082],"class_list":{"0":"post-219758","1":"post","2":"type-post","3":"status-publish","4":"format-standard","5":"has-post-thumbnail","7":"category-farandula","8":"tag-abuela-cubana","9":"tag-cine-infantil","10":"tag-dreamworks","11":"tag-gabbys-dollhouse-the-movie","12":"tag-gigi","13":"tag-gloria-estefan","14":"tag-kristen-wiig","15":"tag-universal-pictures"},"acf":[],"yoast_head":"<!-- This site is optimized with the Yoast SEO plugin v27.5 - https:\/\/yoast.com\/product\/yoast-seo-wordpress\/ -->\n<title>Gloria Estefan le da vida a Gigi, una abuela muy &quot;cubana&quot;, en la nueva entrega de \u201cGabby\u2019s Dollhouse: The Movie\u201d - Cuballama Noticias<\/title>\n<meta name=\"description\" content=\"Gloria Estefan se sube a la nueva producci\u00f3n de \u201cGabby\u2019s Dollhouse: The Movie\u201d, protagonizando el papel de la abuela Gigi.\" \/>\n<meta name=\"robots\" content=\"index, follow, max-snippet:-1, max-image-preview:large, max-video-preview:-1\" \/>\n<link rel=\"canonical\" href=\"https:\/\/www.cuballama.com\/noticias\/gloria-estefan-le-da-vida-a-gigi-una-abuela-muy-cubana-en-la-nueva-entrega-de-gabbys-dollhouse-the-movie\/\" \/>\n<meta property=\"og:locale\" content=\"es_ES\" \/>\n<meta property=\"og:type\" content=\"article\" \/>\n<meta property=\"og:title\" content=\"Gloria Estefan le da vida a Gigi, una abuela muy &quot;cubana&quot;, en la nueva entrega de \u201cGabby\u2019s Dollhouse: The Movie\u201d - Cuballama Noticias\" \/>\n<meta property=\"og:description\" content=\"Gloria Estefan se sube a la nueva producci\u00f3n de \u201cGabby\u2019s Dollhouse: The Movie\u201d, protagonizando el papel de la abuela Gigi.\" \/>\n<meta property=\"og:url\" content=\"https:\/\/www.cuballama.com\/noticias\/gloria-estefan-le-da-vida-a-gigi-una-abuela-muy-cubana-en-la-nueva-entrega-de-gabbys-dollhouse-the-movie\/\" \/>\n<meta property=\"og:site_name\" content=\"Cuballama Noticias\" \/>\n<meta property=\"article:publisher\" content=\"https:\/\/www.facebook.com\/CubaLlama\" \/>\n<meta property=\"article:published_time\" content=\"2025-09-17T16:48:58+00:00\" \/>\n<meta property=\"article:modified_time\" content=\"2025-09-17T16:49:00+00:00\" \/>\n<meta property=\"og:image\" content=\"https:\/\/cdn1.mediawpaccore.net\/wp-content\/uploads\/2023\/09\/01150949\/shutterstock_6310114-1.jpg\" \/>\n\t<meta property=\"og:image:width\" content=\"1000\" \/>\n\t<meta property=\"og:image:height\" content=\"656\" \/>\n\t<meta property=\"og:image:type\" content=\"image\/jpeg\" \/>\n<meta name=\"author\" content=\"Roberto A.\" \/>\n<meta name=\"twitter:card\" content=\"summary_large_image\" \/>\n<meta name=\"twitter:creator\" content=\"@cuballama\" \/>\n<meta name=\"twitter:site\" content=\"@cuballama\" \/>\n<meta name=\"twitter:label1\" content=\"Escrito por\" \/>\n\t<meta name=\"twitter:data1\" content=\"Roberto A.\" \/>\n\t<meta name=\"twitter:label2\" content=\"Tiempo de lectura\" \/>\n\t<meta name=\"twitter:data2\" content=\"3 minutos\" \/>\n<script type=\"application\/ld+json\" class=\"yoast-schema-graph\">{\"@context\":\"https:\\\/\\\/schema.org\",\"@graph\":[{\"@type\":\"Article\",\"@id\":\"https:\\\/\\\/www.cuballama.com\\\/noticias\\\/gloria-estefan-le-da-vida-a-gigi-una-abuela-muy-cubana-en-la-nueva-entrega-de-gabbys-dollhouse-the-movie\\\/#article\",\"isPartOf\":{\"@id\":\"https:\\\/\\\/www.cuballama.com\\\/noticias\\\/gloria-estefan-le-da-vida-a-gigi-una-abuela-muy-cubana-en-la-nueva-entrega-de-gabbys-dollhouse-the-movie\\\/\"},\"author\":{\"name\":\"Roberto A.\",\"@id\":\"https:\\\/\\\/www.cuballama.com\\\/noticias\\\/#\\\/schema\\\/person\\\/a58502ed4146c8e9f83872e897c76cd2\"},\"headline\":\"Gloria Estefan le da vida a Gigi, una abuela muy \u00abcubana\u00bb, en la nueva entrega de \u201cGabby\u2019s Dollhouse: The Movie\u201d\",\"datePublished\":\"2025-09-17T16:48:58+00:00\",\"dateModified\":\"2025-09-17T16:49:00+00:00\",\"mainEntityOfPage\":{\"@id\":\"https:\\\/\\\/www.cuballama.com\\\/noticias\\\/gloria-estefan-le-da-vida-a-gigi-una-abuela-muy-cubana-en-la-nueva-entrega-de-gabbys-dollhouse-the-movie\\\/\"},\"wordCount\":466,\"commentCount\":0,\"publisher\":{\"@id\":\"https:\\\/\\\/www.cuballama.com\\\/noticias\\\/#organization\"},\"image\":{\"@id\":\"https:\\\/\\\/www.cuballama.com\\\/noticias\\\/gloria-estefan-le-da-vida-a-gigi-una-abuela-muy-cubana-en-la-nueva-entrega-de-gabbys-dollhouse-the-movie\\\/#primaryimage\"},\"thumbnailUrl\":\"https:\\\/\\\/cdn1.mediawpaccore.net\\\/wp-content\\\/uploads\\\/2023\\\/09\\\/01150949\\\/shutterstock_6310114-1.jpg\",\"keywords\":[\"abuela cubana\",\"cine infantil\",\"DreamWorks\",\"Gabby\u2019s Dollhouse The Movie\",\"Gigi\",\"Gloria Estefan\",\"Kristen Wiig\",\"Universal Pictures\"],\"articleSection\":[\"Far\u00e1ndula\"],\"inLanguage\":\"es\",\"potentialAction\":[{\"@type\":\"CommentAction\",\"name\":\"Comment\",\"target\":[\"https:\\\/\\\/www.cuballama.com\\\/noticias\\\/gloria-estefan-le-da-vida-a-gigi-una-abuela-muy-cubana-en-la-nueva-entrega-de-gabbys-dollhouse-the-movie\\\/#respond\"]}]},{\"@type\":\"WebPage\",\"@id\":\"https:\\\/\\\/www.cuballama.com\\\/noticias\\\/gloria-estefan-le-da-vida-a-gigi-una-abuela-muy-cubana-en-la-nueva-entrega-de-gabbys-dollhouse-the-movie\\\/\",\"url\":\"https:\\\/\\\/www.cuballama.com\\\/noticias\\\/gloria-estefan-le-da-vida-a-gigi-una-abuela-muy-cubana-en-la-nueva-entrega-de-gabbys-dollhouse-the-movie\\\/\",\"name\":\"Gloria Estefan le da vida a Gigi, una abuela muy \\\"cubana\\\", en la nueva entrega de \u201cGabby\u2019s Dollhouse: The Movie\u201d - Cuballama Noticias\",\"isPartOf\":{\"@id\":\"https:\\\/\\\/www.cuballama.com\\\/noticias\\\/#website\"},\"primaryImageOfPage\":{\"@id\":\"https:\\\/\\\/www.cuballama.com\\\/noticias\\\/gloria-estefan-le-da-vida-a-gigi-una-abuela-muy-cubana-en-la-nueva-entrega-de-gabbys-dollhouse-the-movie\\\/#primaryimage\"},\"image\":{\"@id\":\"https:\\\/\\\/www.cuballama.com\\\/noticias\\\/gloria-estefan-le-da-vida-a-gigi-una-abuela-muy-cubana-en-la-nueva-entrega-de-gabbys-dollhouse-the-movie\\\/#primaryimage\"},\"thumbnailUrl\":\"https:\\\/\\\/cdn1.mediawpaccore.net\\\/wp-content\\\/uploads\\\/2023\\\/09\\\/01150949\\\/shutterstock_6310114-1.jpg\",\"datePublished\":\"2025-09-17T16:48:58+00:00\",\"dateModified\":\"2025-09-17T16:49:00+00:00\",\"description\":\"Gloria Estefan se sube a la nueva producci\u00f3n de \u201cGabby\u2019s Dollhouse: The Movie\u201d, protagonizando el papel de la abuela Gigi.\",\"breadcrumb\":{\"@id\":\"https:\\\/\\\/www.cuballama.com\\\/noticias\\\/gloria-estefan-le-da-vida-a-gigi-una-abuela-muy-cubana-en-la-nueva-entrega-de-gabbys-dollhouse-the-movie\\\/#breadcrumb\"},\"inLanguage\":\"es\",\"potentialAction\":[{\"@type\":\"ReadAction\",\"target\":[\"https:\\\/\\\/www.cuballama.com\\\/noticias\\\/gloria-estefan-le-da-vida-a-gigi-una-abuela-muy-cubana-en-la-nueva-entrega-de-gabbys-dollhouse-the-movie\\\/\"]}]},{\"@type\":\"ImageObject\",\"inLanguage\":\"es\",\"@id\":\"https:\\\/\\\/www.cuballama.com\\\/noticias\\\/gloria-estefan-le-da-vida-a-gigi-una-abuela-muy-cubana-en-la-nueva-entrega-de-gabbys-dollhouse-the-movie\\\/#primaryimage\",\"url\":\"https:\\\/\\\/cdn1.mediawpaccore.net\\\/wp-content\\\/uploads\\\/2023\\\/09\\\/01150949\\\/shutterstock_6310114-1.jpg\",\"contentUrl\":\"https:\\\/\\\/cdn1.mediawpaccore.net\\\/wp-content\\\/uploads\\\/2023\\\/09\\\/01150949\\\/shutterstock_6310114-1.jpg\",\"width\":1000,\"height\":656,\"caption\":\"Foto: Stocklight | Shutterstock\"},{\"@type\":\"BreadcrumbList\",\"@id\":\"https:\\\/\\\/www.cuballama.com\\\/noticias\\\/gloria-estefan-le-da-vida-a-gigi-una-abuela-muy-cubana-en-la-nueva-entrega-de-gabbys-dollhouse-the-movie\\\/#breadcrumb\",\"itemListElement\":[{\"@type\":\"ListItem\",\"position\":1,\"name\":\"Home\",\"item\":\"https:\\\/\\\/www.cuballama.com\\\/noticias\\\/\"},{\"@type\":\"ListItem\",\"position\":2,\"name\":\"Gloria Estefan le da vida a Gigi, una abuela muy \u00abcubana\u00bb, en la nueva entrega de \u201cGabby\u2019s Dollhouse: The Movie\u201d\"}]},{\"@type\":\"WebSite\",\"@id\":\"https:\\\/\\\/www.cuballama.com\\\/noticias\\\/#website\",\"url\":\"https:\\\/\\\/www.cuballama.com\\\/noticias\\\/\",\"name\":\"Cuballama Noticias\",\"description\":\"Medio digital sobre Cuba y el mundo\",\"publisher\":{\"@id\":\"https:\\\/\\\/www.cuballama.com\\\/noticias\\\/#organization\"},\"potentialAction\":[{\"@type\":\"SearchAction\",\"target\":{\"@type\":\"EntryPoint\",\"urlTemplate\":\"https:\\\/\\\/www.cuballama.com\\\/noticias\\\/?s={search_term_string}\"},\"query-input\":{\"@type\":\"PropertyValueSpecification\",\"valueRequired\":true,\"valueName\":\"search_term_string\"}}],\"inLanguage\":\"es\"},{\"@type\":\"Organization\",\"@id\":\"https:\\\/\\\/www.cuballama.com\\\/noticias\\\/#organization\",\"name\":\"Cuballama\",\"url\":\"https:\\\/\\\/www.cuballama.com\\\/noticias\\\/\",\"logo\":{\"@type\":\"ImageObject\",\"inLanguage\":\"es\",\"@id\":\"https:\\\/\\\/www.cuballama.com\\\/noticias\\\/#\\\/schema\\\/logo\\\/image\\\/\",\"url\":\"https:\\\/\\\/cdn1.mediawpaccore.net\\\/wp-content\\\/uploads\\\/2021\\\/12\\\/28171206\\\/cbll-logo-color-sm.png\",\"contentUrl\":\"https:\\\/\\\/cdn1.mediawpaccore.net\\\/wp-content\\\/uploads\\\/2021\\\/12\\\/28171206\\\/cbll-logo-color-sm.png\",\"width\":600,\"height\":133,\"caption\":\"Cuballama\"},\"image\":{\"@id\":\"https:\\\/\\\/www.cuballama.com\\\/noticias\\\/#\\\/schema\\\/logo\\\/image\\\/\"},\"sameAs\":[\"https:\\\/\\\/www.facebook.com\\\/CubaLlama\",\"https:\\\/\\\/x.com\\\/cuballama\",\"https:\\\/\\\/www.instagram.com\\\/stories\\\/cuballama_oficial\\\/\",\"https:\\\/\\\/www.youtube.com\\\/channel\\\/UCKkFE-d_axENGZcrc4as0IA\"]},{\"@type\":\"Person\",\"@id\":\"https:\\\/\\\/www.cuballama.com\\\/noticias\\\/#\\\/schema\\\/person\\\/a58502ed4146c8e9f83872e897c76cd2\",\"name\":\"Roberto A.\",\"description\":\"Roberto A. Periodista por decisi\u00f3n propia. Interesado en cualquier tema que me apasione y cada vez m\u00e1s comprometido con la verdad y la objetividad period\u00edstica. Graduado en La Habana hace ya muchos a\u00f1os, luego de una accidentada y polvorienta b\u00fasqueda de informaci\u00f3n sobre un tema in\u00e9dito. La Tesis, por cierto, desapareci\u00f3 de la biblioteca y no se conservan copias de la misma.\",\"url\":\"https:\\\/\\\/www.cuballama.com\\\/noticias\\\/author\\\/roberto\\\/\"}]}<\/script>\n<!-- \/ Yoast SEO plugin. -->","yoast_head_json":{"title":"Gloria Estefan le da vida a Gigi, una abuela muy \"cubana\", en la nueva entrega de \u201cGabby\u2019s Dollhouse: The Movie\u201d - Cuballama Noticias","description":"Gloria Estefan se sube a la nueva producci\u00f3n de \u201cGabby\u2019s Dollhouse: The Movie\u201d, protagonizando el papel de la abuela Gigi.","robots":{"index":"index","follow":"follow","max-snippet":"max-snippet:-1","max-image-preview":"max-image-preview:large","max-video-preview":"max-video-preview:-1"},"canonical":"https:\/\/www.cuballama.com\/noticias\/gloria-estefan-le-da-vida-a-gigi-una-abuela-muy-cubana-en-la-nueva-entrega-de-gabbys-dollhouse-the-movie\/","og_locale":"es_ES","og_type":"article","og_title":"Gloria Estefan le da vida a Gigi, una abuela muy \"cubana\", en la nueva entrega de \u201cGabby\u2019s Dollhouse: The Movie\u201d - Cuballama Noticias","og_description":"Gloria Estefan se sube a la nueva producci\u00f3n de \u201cGabby\u2019s Dollhouse: The Movie\u201d, protagonizando el papel de la abuela Gigi.","og_url":"https:\/\/www.cuballama.com\/noticias\/gloria-estefan-le-da-vida-a-gigi-una-abuela-muy-cubana-en-la-nueva-entrega-de-gabbys-dollhouse-the-movie\/","og_site_name":"Cuballama Noticias","article_publisher":"https:\/\/www.facebook.com\/CubaLlama","article_published_time":"2025-09-17T16:48:58+00:00","article_modified_time":"2025-09-17T16:49:00+00:00","og_image":[{"width":1000,"height":656,"url":"https:\/\/cdn1.mediawpaccore.net\/wp-content\/uploads\/2023\/09\/01150949\/shutterstock_6310114-1.jpg","type":"image\/jpeg"}],"author":"Roberto A.","twitter_card":"summary_large_image","twitter_creator":"@cuballama","twitter_site":"@cuballama","twitter_misc":{"Escrito por":"Roberto A.","Tiempo de lectura":"3 minutos"},"schema":{"@context":"https:\/\/schema.org","@graph":[{"@type":"Article","@id":"https:\/\/www.cuballama.com\/noticias\/gloria-estefan-le-da-vida-a-gigi-una-abuela-muy-cubana-en-la-nueva-entrega-de-gabbys-dollhouse-the-movie\/#article","isPartOf":{"@id":"https:\/\/www.cuballama.com\/noticias\/gloria-estefan-le-da-vida-a-gigi-una-abuela-muy-cubana-en-la-nueva-entrega-de-gabbys-dollhouse-the-movie\/"},"author":{"name":"Roberto A.","@id":"https:\/\/www.cuballama.com\/noticias\/#\/schema\/person\/a58502ed4146c8e9f83872e897c76cd2"},"headline":"Gloria Estefan le da vida a Gigi, una abuela muy \u00abcubana\u00bb, en la nueva entrega de \u201cGabby\u2019s Dollhouse: The Movie\u201d","datePublished":"2025-09-17T16:48:58+00:00","dateModified":"2025-09-17T16:49:00+00:00","mainEntityOfPage":{"@id":"https:\/\/www.cuballama.com\/noticias\/gloria-estefan-le-da-vida-a-gigi-una-abuela-muy-cubana-en-la-nueva-entrega-de-gabbys-dollhouse-the-movie\/"},"wordCount":466,"commentCount":0,"publisher":{"@id":"https:\/\/www.cuballama.com\/noticias\/#organization"},"image":{"@id":"https:\/\/www.cuballama.com\/noticias\/gloria-estefan-le-da-vida-a-gigi-una-abuela-muy-cubana-en-la-nueva-entrega-de-gabbys-dollhouse-the-movie\/#primaryimage"},"thumbnailUrl":"https:\/\/cdn1.mediawpaccore.net\/wp-content\/uploads\/2023\/09\/01150949\/shutterstock_6310114-1.jpg","keywords":["abuela cubana","cine infantil","DreamWorks","Gabby\u2019s Dollhouse The Movie","Gigi","Gloria Estefan","Kristen Wiig","Universal Pictures"],"articleSection":["Far\u00e1ndula"],"inLanguage":"es","potentialAction":[{"@type":"CommentAction","name":"Comment","target":["https:\/\/www.cuballama.com\/noticias\/gloria-estefan-le-da-vida-a-gigi-una-abuela-muy-cubana-en-la-nueva-entrega-de-gabbys-dollhouse-the-movie\/#respond"]}]},{"@type":"WebPage","@id":"https:\/\/www.cuballama.com\/noticias\/gloria-estefan-le-da-vida-a-gigi-una-abuela-muy-cubana-en-la-nueva-entrega-de-gabbys-dollhouse-the-movie\/","url":"https:\/\/www.cuballama.com\/noticias\/gloria-estefan-le-da-vida-a-gigi-una-abuela-muy-cubana-en-la-nueva-entrega-de-gabbys-dollhouse-the-movie\/","name":"Gloria Estefan le da vida a Gigi, una abuela muy \"cubana\", en la nueva entrega de \u201cGabby\u2019s Dollhouse: The Movie\u201d - Cuballama Noticias","isPartOf":{"@id":"https:\/\/www.cuballama.com\/noticias\/#website"},"primaryImageOfPage":{"@id":"https:\/\/www.cuballama.com\/noticias\/gloria-estefan-le-da-vida-a-gigi-una-abuela-muy-cubana-en-la-nueva-entrega-de-gabbys-dollhouse-the-movie\/#primaryimage"},"image":{"@id":"https:\/\/www.cuballama.com\/noticias\/gloria-estefan-le-da-vida-a-gigi-una-abuela-muy-cubana-en-la-nueva-entrega-de-gabbys-dollhouse-the-movie\/#primaryimage"},"thumbnailUrl":"https:\/\/cdn1.mediawpaccore.net\/wp-content\/uploads\/2023\/09\/01150949\/shutterstock_6310114-1.jpg","datePublished":"2025-09-17T16:48:58+00:00","dateModified":"2025-09-17T16:49:00+00:00","description":"Gloria Estefan se sube a la nueva producci\u00f3n de \u201cGabby\u2019s Dollhouse: The Movie\u201d, protagonizando el papel de la abuela Gigi.","breadcrumb":{"@id":"https:\/\/www.cuballama.com\/noticias\/gloria-estefan-le-da-vida-a-gigi-una-abuela-muy-cubana-en-la-nueva-entrega-de-gabbys-dollhouse-the-movie\/#breadcrumb"},"inLanguage":"es","potentialAction":[{"@type":"ReadAction","target":["https:\/\/www.cuballama.com\/noticias\/gloria-estefan-le-da-vida-a-gigi-una-abuela-muy-cubana-en-la-nueva-entrega-de-gabbys-dollhouse-the-movie\/"]}]},{"@type":"ImageObject","inLanguage":"es","@id":"https:\/\/www.cuballama.com\/noticias\/gloria-estefan-le-da-vida-a-gigi-una-abuela-muy-cubana-en-la-nueva-entrega-de-gabbys-dollhouse-the-movie\/#primaryimage","url":"https:\/\/cdn1.mediawpaccore.net\/wp-content\/uploads\/2023\/09\/01150949\/shutterstock_6310114-1.jpg","contentUrl":"https:\/\/cdn1.mediawpaccore.net\/wp-content\/uploads\/2023\/09\/01150949\/shutterstock_6310114-1.jpg","width":1000,"height":656,"caption":"Foto: Stocklight | Shutterstock"},{"@type":"BreadcrumbList","@id":"https:\/\/www.cuballama.com\/noticias\/gloria-estefan-le-da-vida-a-gigi-una-abuela-muy-cubana-en-la-nueva-entrega-de-gabbys-dollhouse-the-movie\/#breadcrumb","itemListElement":[{"@type":"ListItem","position":1,"name":"Home","item":"https:\/\/www.cuballama.com\/noticias\/"},{"@type":"ListItem","position":2,"name":"Gloria Estefan le da vida a Gigi, una abuela muy \u00abcubana\u00bb, en la nueva entrega de \u201cGabby\u2019s Dollhouse: The Movie\u201d"}]},{"@type":"WebSite","@id":"https:\/\/www.cuballama.com\/noticias\/#website","url":"https:\/\/www.cuballama.com\/noticias\/","name":"Cuballama Noticias","description":"Medio digital sobre Cuba y el mundo","publisher":{"@id":"https:\/\/www.cuballama.com\/noticias\/#organization"},"potentialAction":[{"@type":"SearchAction","target":{"@type":"EntryPoint","urlTemplate":"https:\/\/www.cuballama.com\/noticias\/?s={search_term_string}"},"query-input":{"@type":"PropertyValueSpecification","valueRequired":true,"valueName":"search_term_string"}}],"inLanguage":"es"},{"@type":"Organization","@id":"https:\/\/www.cuballama.com\/noticias\/#organization","name":"Cuballama","url":"https:\/\/www.cuballama.com\/noticias\/","logo":{"@type":"ImageObject","inLanguage":"es","@id":"https:\/\/www.cuballama.com\/noticias\/#\/schema\/logo\/image\/","url":"https:\/\/cdn1.mediawpaccore.net\/wp-content\/uploads\/2021\/12\/28171206\/cbll-logo-color-sm.png","contentUrl":"https:\/\/cdn1.mediawpaccore.net\/wp-content\/uploads\/2021\/12\/28171206\/cbll-logo-color-sm.png","width":600,"height":133,"caption":"Cuballama"},"image":{"@id":"https:\/\/www.cuballama.com\/noticias\/#\/schema\/logo\/image\/"},"sameAs":["https:\/\/www.facebook.com\/CubaLlama","https:\/\/x.com\/cuballama","https:\/\/www.instagram.com\/stories\/cuballama_oficial\/","https:\/\/www.youtube.com\/channel\/UCKkFE-d_axENGZcrc4as0IA"]},{"@type":"Person","@id":"https:\/\/www.cuballama.com\/noticias\/#\/schema\/person\/a58502ed4146c8e9f83872e897c76cd2","name":"Roberto A.","description":"Roberto A. Periodista por decisi\u00f3n propia. Interesado en cualquier tema que me apasione y cada vez m\u00e1s comprometido con la verdad y la objetividad period\u00edstica. Graduado en La Habana hace ya muchos a\u00f1os, luego de una accidentada y polvorienta b\u00fasqueda de informaci\u00f3n sobre un tema in\u00e9dito. La Tesis, por cierto, desapareci\u00f3 de la biblioteca y no se conservan copias de la misma.","url":"https:\/\/www.cuballama.com\/noticias\/author\/roberto\/"}]}},"_links":{"self":[{"href":"https:\/\/www.cuballama.com\/noticias\/wp-json\/wp\/v2\/posts\/219758","targetHints":{"allow":["GET"]}}],"collection":[{"href":"https:\/\/www.cuballama.com\/noticias\/wp-json\/wp\/v2\/posts"}],"about":[{"href":"https:\/\/www.cuballama.com\/noticias\/wp-json\/wp\/v2\/types\/post"}],"author":[{"embeddable":true,"href":"https:\/\/www.cuballama.com\/noticias\/wp-json\/wp\/v2\/users\/13"}],"replies":[{"embeddable":true,"href":"https:\/\/www.cuballama.com\/noticias\/wp-json\/wp\/v2\/comments?post=219758"}],"version-history":[{"count":5,"href":"https:\/\/www.cuballama.com\/noticias\/wp-json\/wp\/v2\/posts\/219758\/revisions"}],"predecessor-version":[{"id":219792,"href":"https:\/\/www.cuballama.com\/noticias\/wp-json\/wp\/v2\/posts\/219758\/revisions\/219792"}],"wp:featuredmedia":[{"embeddable":true,"href":"https:\/\/www.cuballama.com\/noticias\/wp-json\/wp\/v2\/media\/136136"}],"wp:attachment":[{"href":"https:\/\/www.cuballama.com\/noticias\/wp-json\/wp\/v2\/media?parent=219758"}],"wp:term":[{"taxonomy":"category","embeddable":true,"href":"https:\/\/www.cuballama.com\/noticias\/wp-json\/wp\/v2\/categories?post=219758"},{"taxonomy":"post_tag","embeddable":true,"href":"https:\/\/www.cuballama.com\/noticias\/wp-json\/wp\/v2\/tags?post=219758"}],"curies":[{"name":"wp","href":"https:\/\/api.w.org\/{rel}","templated":true}]}}