{"id":219752,"date":"2025-09-17T10:59:57","date_gmt":"2025-09-17T14:59:57","guid":{"rendered":"https:\/\/www.cuballama.com\/noticias\/?p=219752"},"modified":"2025-09-17T11:00:02","modified_gmt":"2025-09-17T15:00:02","slug":"la-cubana-yany-prado-regresa-a-top-chef","status":"publish","type":"post","link":"https:\/\/www.cuballama.com\/noticias\/la-cubana-yany-prado-regresa-a-top-chef\/","title":{"rendered":"La cubana Yany Prado regresa a Top Chef"},"content":{"rendered":"\n<p>La cubana Yany Prado volvi\u00f3 a ponerse el delantal. La actriz, conocida por su impulso en telenovelas y por \u201cSky Rojo\u201d, recuper\u00f3 su lugar en Top Chef VIP tras imponerse en la repesca dominical y pasar de eliminada a contendiente otra vez. La din\u00e1mica \u2014que reuni\u00f3 a varios ex participantes para disputar dos cupos\u2014 termin\u00f3 favoreciendo a Yany Prado y a Valeria Cuevas, quienes sellaron su regreso en una noche de alto voltaje televisivo, se\u00f1ala el <a href=\"https:\/\/as.com\/us\/tikitakas\/top-chef-vip-2025-que-eliminados-regresaron-a-la-competencia-en-el-reto-de-repesca-hoy-14-de-septiembre-n\/\" target=\"_blank\" rel=\"noreferrer noopener nofollow\">Diario AS<\/a>.<\/p>\n\n\n\n<p>El retorno tiene un peso adicional en el arco de Prado dentro del reality: semanas atr\u00e1s, la cubana hab\u00eda abandonado la competencia por decisi\u00f3n propia, una salida discreta que dej\u00f3 preguntas en la audiencia y reorden\u00f3 la cocina de Telemundo. <\/p>\n\n\n\n<p><strong>noticia relacionada: <a href=\"https:\/\/www.cuballama.com\/noticias\/el-inesperado-adios-de-yany-prado-de-top-chef-vip\/\">El inesperado adi\u00f3s de Yany Prado de\u00a0Top Chef VIP<\/a><\/strong><\/p>\n\n\n\n<p>D\u00edas atr\u00e1s hab\u00eda impactado a todos con un plato que llam\u00f3 \u00abCorre Cut\u00facut\u00fa\u00bb y que le caus\u00f3 mucha gracia a los jueces &#8211; el nombre &#8211; pero que tambi\u00e9n despert\u00f3 elogios en ellos por la calidad del plato.<\/p>\n\n\n\n<p><strong>Tal vez quieras leer: <a href=\"https:\/\/www.cuballama.com\/noticias\/eso-es-cuba-yany-prado-desata-la-rumba-en-una-calle-de-mexico-y-enciende-las-redes-con-autentico-sabor-cubano\/\">\u201c\u00a1Eso es Cuba!\u201d: Yany Prado desata la rumba en una calle de M\u00e9xico y enciende las redes con aut\u00e9ntico sabor cubano<\/a><\/strong><\/p>\n\n\n\n<p>La repesca le ofreci\u00f3 una segunda oportunidad y la actriz no la dej\u00f3 escapar, con un desempe\u00f1o que la reposiciona de cara a la recta final. En esta cuarta temporada, que se transmite por Telemundo y tambi\u00e9n est\u00e1 disponible al d\u00eda siguiente en Peacock, la producci\u00f3n no ha bajado el ritmo: emisiones diarias y eliminaciones marcadas mantienen la presi\u00f3n en cada estaci\u00f3n de trabajo. <\/p>\n\n\n\n<blockquote class=\"instagram-media\" data-instgrm-captioned data-instgrm-permalink=\"https:\/\/www.instagram.com\/p\/DMg3Pvjuz48\/?utm_source=ig_embed&amp;utm_campaign=loading\" data-instgrm-version=\"14\" style=\" background:#FFF; border:0; border-radius:3px; box-shadow:0 0 1px 0 rgba(0,0,0,0.5),0 1px 10px 0 rgba(0,0,0,0.15); margin: 1px; max-width:540px; min-width:326px; padding:0; width:99.375%; width:-webkit-calc(100% - 2px); width:calc(100% - 2px);\"><div style=\"padding:16px;\"> <a href=\"https:\/\/www.instagram.com\/p\/DMg3Pvjuz48\/?utm_source=ig_embed&amp;utm_campaign=loading\" style=\" background:#FFFFFF; line-height:0; padding:0 0; text-align:center; text-decoration:none; width:100%;\" target=\"_blank\"> <div style=\" display: flex; flex-direction: row; align-items: center;\"> <div style=\"background-color: #F4F4F4; border-radius: 50%; flex-grow: 0; height: 40px; margin-right: 14px; width: 40px;\"><\/div> <div style=\"display: flex; flex-direction: column; flex-grow: 1; justify-content: center;\"> <div style=\" background-color: #F4F4F4; border-radius: 4px; flex-grow: 0; height: 14px; margin-bottom: 6px; width: 100px;\"><\/div> <div style=\" background-color: #F4F4F4; border-radius: 4px; flex-grow: 0; height: 14px; width: 60px;\"><\/div><\/div><\/div><div style=\"padding: 19% 0;\"><\/div> <div style=\"display:block; height:50px; margin:0 auto 12px; width:50px;\"><svg width=\"50px\" height=\"50px\" viewBox=\"0 0 60 60\" version=\"1.1\" xmlns=\"https:\/\/www.w3.org\/2000\/svg\" xmlns:xlink=\"https:\/\/www.w3.org\/1999\/xlink\"><g stroke=\"none\" stroke-width=\"1\" fill=\"none\" fill-rule=\"evenodd\"><g transform=\"translate(-511.000000, -20.000000)\" fill=\"#000000\"><g><path d=\"M556.869,30.41 C554.814,30.41 553.148,32.076 553.148,34.131 C553.148,36.186 554.814,37.852 556.869,37.852 C558.924,37.852 560.59,36.186 560.59,34.131 C560.59,32.076 558.924,30.41 556.869,30.41 M541,60.657 C535.114,60.657 530.342,55.887 530.342,50 C530.342,44.114 535.114,39.342 541,39.342 C546.887,39.342 551.658,44.114 551.658,50 C551.658,55.887 546.887,60.657 541,60.657 M541,33.886 C532.1,33.886 524.886,41.1 524.886,50 C524.886,58.899 532.1,66.113 541,66.113 C549.9,66.113 557.115,58.899 557.115,50 C557.115,41.1 549.9,33.886 541,33.886 M565.378,62.101 C565.244,65.022 564.756,66.606 564.346,67.663 C563.803,69.06 563.154,70.057 562.106,71.106 C561.058,72.155 560.06,72.803 558.662,73.347 C557.607,73.757 556.021,74.244 553.102,74.378 C549.944,74.521 548.997,74.552 541,74.552 C533.003,74.552 532.056,74.521 528.898,74.378 C525.979,74.244 524.393,73.757 523.338,73.347 C521.94,72.803 520.942,72.155 519.894,71.106 C518.846,70.057 518.197,69.06 517.654,67.663 C517.244,66.606 516.755,65.022 516.623,62.101 C516.479,58.943 516.448,57.996 516.448,50 C516.448,42.003 516.479,41.056 516.623,37.899 C516.755,34.978 517.244,33.391 517.654,32.338 C518.197,30.938 518.846,29.942 519.894,28.894 C520.942,27.846 521.94,27.196 523.338,26.654 C524.393,26.244 525.979,25.756 528.898,25.623 C532.057,25.479 533.004,25.448 541,25.448 C548.997,25.448 549.943,25.479 553.102,25.623 C556.021,25.756 557.607,26.244 558.662,26.654 C560.06,27.196 561.058,27.846 562.106,28.894 C563.154,29.942 563.803,30.938 564.346,32.338 C564.756,33.391 565.244,34.978 565.378,37.899 C565.522,41.056 565.552,42.003 565.552,50 C565.552,57.996 565.522,58.943 565.378,62.101 M570.82,37.631 C570.674,34.438 570.167,32.258 569.425,30.349 C568.659,28.377 567.633,26.702 565.965,25.035 C564.297,23.368 562.623,22.342 560.652,21.575 C558.743,20.834 556.562,20.326 553.369,20.18 C550.169,20.033 549.148,20 541,20 C532.853,20 531.831,20.033 528.631,20.18 C525.438,20.326 523.257,20.834 521.349,21.575 C519.376,22.342 517.703,23.368 516.035,25.035 C514.368,26.702 513.342,28.377 512.574,30.349 C511.834,32.258 511.326,34.438 511.181,37.631 C511.035,40.831 511,41.851 511,50 C511,58.147 511.035,59.17 511.181,62.369 C511.326,65.562 511.834,67.743 512.574,69.651 C513.342,71.625 514.368,73.296 516.035,74.965 C517.703,76.634 519.376,77.658 521.349,78.425 C523.257,79.167 525.438,79.673 528.631,79.82 C531.831,79.965 532.853,80.001 541,80.001 C549.148,80.001 550.169,79.965 553.369,79.82 C556.562,79.673 558.743,79.167 560.652,78.425 C562.623,77.658 564.297,76.634 565.965,74.965 C567.633,73.296 568.659,71.625 569.425,69.651 C570.167,67.743 570.674,65.562 570.82,62.369 C570.966,59.17 571,58.147 571,50 C571,41.851 570.966,40.831 570.82,37.631\"><\/path><\/g><\/g><\/g><\/svg><\/div><div style=\"padding-top: 8px;\"> <div style=\" color:#3897f0; font-family:Arial,sans-serif; font-size:14px; font-style:normal; font-weight:550; line-height:18px;\">View this post on Instagram<\/div><\/div><div style=\"padding: 12.5% 0;\"><\/div> <div style=\"display: flex; flex-direction: row; margin-bottom: 14px; align-items: center;\"><div> <div style=\"background-color: #F4F4F4; border-radius: 50%; height: 12.5px; width: 12.5px; transform: translateX(0px) translateY(7px);\"><\/div> <div style=\"background-color: #F4F4F4; height: 12.5px; transform: rotate(-45deg) translateX(3px) translateY(1px); width: 12.5px; flex-grow: 0; margin-right: 14px; margin-left: 2px;\"><\/div> <div style=\"background-color: #F4F4F4; border-radius: 50%; height: 12.5px; width: 12.5px; transform: translateX(9px) translateY(-18px);\"><\/div><\/div><div style=\"margin-left: 8px;\"> <div style=\" background-color: #F4F4F4; border-radius: 50%; flex-grow: 0; height: 20px; width: 20px;\"><\/div> <div style=\" width: 0; height: 0; border-top: 2px solid transparent; border-left: 6px solid #f4f4f4; border-bottom: 2px solid transparent; transform: translateX(16px) translateY(-4px) rotate(30deg)\"><\/div><\/div><div style=\"margin-left: auto;\"> <div style=\" width: 0px; border-top: 8px solid #F4F4F4; border-right: 8px solid transparent; transform: translateY(16px);\"><\/div> <div style=\" background-color: #F4F4F4; flex-grow: 0; height: 12px; width: 16px; transform: translateY(-4px);\"><\/div> <div style=\" width: 0; height: 0; border-top: 8px solid #F4F4F4; border-left: 8px solid transparent; transform: translateY(-4px) translateX(8px);\"><\/div><\/div><\/div> <div style=\"display: flex; flex-direction: column; flex-grow: 1; justify-content: center; margin-bottom: 24px;\"> <div style=\" background-color: #F4F4F4; border-radius: 4px; flex-grow: 0; height: 14px; margin-bottom: 6px; width: 224px;\"><\/div> <div style=\" background-color: #F4F4F4; border-radius: 4px; flex-grow: 0; height: 14px; width: 144px;\"><\/div><\/div><\/a><p style=\" color:#c9c8cd; font-family:Arial,sans-serif; font-size:14px; line-height:17px; margin-bottom:0; margin-top:8px; overflow:hidden; padding:8px 0 7px; text-align:center; text-overflow:ellipsis; white-space:nowrap;\"><a href=\"https:\/\/www.instagram.com\/p\/DMg3Pvjuz48\/?utm_source=ig_embed&amp;utm_campaign=loading\" style=\" color:#c9c8cd; font-family:Arial,sans-serif; font-size:14px; font-style:normal; font-weight:normal; line-height:17px; text-decoration:none;\" target=\"_blank\">A post shared by Sen\u0303orita yeli (@senorita_fiorellayeli_realitys)<\/a><\/p><\/div><\/blockquote>\n<script async src=\"\/\/www.instagram.com\/embed.js\"><\/script>\n\n\n\n<p>La narrativa que acompa\u00f1a a Yany Prado fuera del set tambi\u00e9n aporta contexto. Nacida en La Habana y formada en M\u00e9xico, su trayectoria salt\u00f3 de los melodramas a la exposici\u00f3n global con \u201cSky Rojo\u201d, antes de recalar en producciones recientes de Telemundo. Esa mezcla de oficio actoral y presencia medi\u00e1tica le ha dado una base de seguidores que sigui\u00f3 su paso por el programa y celebr\u00f3 su reingreso, ahora con la promesa de mostrar temple competitivo m\u00e1s all\u00e1 del carisma.<\/p>\n\n\n\n<p>En la cocina de Top Chef VIP, la repesca no solo devuelve jugadores; reconfigura estrategias. El regreso de Prado obliga a sus rivales a recalcular alianzas, y la reincorporaci\u00f3n de Valeria Cuevas a\u00f1ade otra voz con hambre de revancha. <\/p>\n\n\n\n<p>La temporada, que arranc\u00f3 en julio y sostiene un elenco de celebridades variado, vive as\u00ed un nuevo punto de inflexi\u00f3n: desde el set, la consigna es cocinar sin margen de error; desde el p\u00fablico, la expectativa es ver si Yany Prado transforma el impulso de esta segunda vida en platos que cuenten una historia distinta a la de su salida anterior. <\/p>\n\n\n\n<p>Para una actriz que ha hecho carrera en interpretar arcos de transformaci\u00f3n, el guion est\u00e1 servido: ahora debe escribirlo a fuego, con sabor y precisi\u00f3n t\u00e9cnica.<\/p>\n","protected":false},"excerpt":{"rendered":"<p>La repesca le ofreci\u00f3 una segunda oportunidad y la actriz no la dej\u00f3 escapar, con un desempe\u00f1o que la reposiciona de cara a la recta final. En esta cuarta temporada, que se transmite por Telemundo y tambi\u00e9n est\u00e1 disponible al d\u00eda siguiente en Peacock, la producci\u00f3n no ha bajado el ritmo: emisiones diarias y eliminaciones marcadas mantienen la presi\u00f3n en cada estaci\u00f3n de trabajo. <\/p>\n","protected":false},"author":13,"featured_media":217190,"comment_status":"open","ping_status":"closed","sticky":false,"template":"","format":"standard","meta":{"_acf_changed":false,"footnotes":""},"categories":[443],"tags":[3375,425,27514,14624,2309,24103,27515,27516,14572],"class_list":{"0":"post-219752","1":"post","2":"type-post","3":"status-publish","4":"format-standard","5":"has-post-thumbnail","7":"category-farandula","8":"tag-actriz-cubana","9":"tag-reality-show","10":"tag-repesca","11":"tag-sky-rojo","12":"tag-telemundo","13":"tag-television-latina","14":"tag-top-chef-vip","15":"tag-valeria-cuevas","16":"tag-yany-prado"},"acf":[],"yoast_head":"<!-- This site is optimized with the Yoast SEO plugin v27.4 - https:\/\/yoast.com\/product\/yoast-seo-wordpress\/ -->\n<title>La cubana Yany Prado regresa a Top Chef - Cuballama Noticias<\/title>\n<meta name=\"description\" content=\"Tras haber salido por decisi\u00f3n propia, Yany Prado regresa a Top Chef en la repesca. \u00bfQu\u00e9 pasar\u00e1 ahora? En sus manos y oficio est\u00e1.\" \/>\n<meta name=\"robots\" content=\"index, follow, max-snippet:-1, max-image-preview:large, max-video-preview:-1\" \/>\n<link rel=\"canonical\" href=\"https:\/\/www.cuballama.com\/noticias\/la-cubana-yany-prado-regresa-a-top-chef\/\" \/>\n<meta property=\"og:locale\" content=\"es_ES\" \/>\n<meta property=\"og:type\" content=\"article\" \/>\n<meta property=\"og:title\" content=\"La cubana Yany Prado regresa a Top Chef - Cuballama Noticias\" \/>\n<meta property=\"og:description\" content=\"Tras haber salido por decisi\u00f3n propia, Yany Prado regresa a Top Chef en la repesca. \u00bfQu\u00e9 pasar\u00e1 ahora? En sus manos y oficio est\u00e1.\" \/>\n<meta property=\"og:url\" content=\"https:\/\/www.cuballama.com\/noticias\/la-cubana-yany-prado-regresa-a-top-chef\/\" \/>\n<meta property=\"og:site_name\" content=\"Cuballama Noticias\" \/>\n<meta property=\"article:publisher\" content=\"https:\/\/www.facebook.com\/CubaLlama\" \/>\n<meta property=\"article:published_time\" content=\"2025-09-17T14:59:57+00:00\" \/>\n<meta property=\"article:modified_time\" content=\"2025-09-17T15:00:02+00:00\" \/>\n<meta property=\"og:image\" content=\"https:\/\/cdn1.mediawpaccore.net\/wp-content\/uploads\/2025\/08\/20102510\/xxxxxccccccccddd-34-1024x576.png\" \/>\n\t<meta property=\"og:image:width\" content=\"1024\" \/>\n\t<meta property=\"og:image:height\" content=\"576\" \/>\n\t<meta property=\"og:image:type\" content=\"image\/png\" \/>\n<meta name=\"author\" content=\"Roberto A.\" \/>\n<meta name=\"twitter:card\" content=\"summary_large_image\" \/>\n<meta name=\"twitter:creator\" content=\"@cuballama\" \/>\n<meta name=\"twitter:site\" content=\"@cuballama\" \/>\n<meta name=\"twitter:label1\" content=\"Escrito por\" \/>\n\t<meta name=\"twitter:data1\" content=\"Roberto A.\" \/>\n\t<meta name=\"twitter:label2\" content=\"Tiempo de lectura\" \/>\n\t<meta name=\"twitter:data2\" content=\"3 minutos\" \/>\n<script type=\"application\/ld+json\" class=\"yoast-schema-graph\">{\"@context\":\"https:\\\/\\\/schema.org\",\"@graph\":[{\"@type\":\"Article\",\"@id\":\"https:\\\/\\\/www.cuballama.com\\\/noticias\\\/la-cubana-yany-prado-regresa-a-top-chef\\\/#article\",\"isPartOf\":{\"@id\":\"https:\\\/\\\/www.cuballama.com\\\/noticias\\\/la-cubana-yany-prado-regresa-a-top-chef\\\/\"},\"author\":{\"name\":\"Roberto A.\",\"@id\":\"https:\\\/\\\/www.cuballama.com\\\/noticias\\\/#\\\/schema\\\/person\\\/a58502ed4146c8e9f83872e897c76cd2\"},\"headline\":\"La cubana Yany Prado regresa a Top Chef\",\"datePublished\":\"2025-09-17T14:59:57+00:00\",\"dateModified\":\"2025-09-17T15:00:02+00:00\",\"mainEntityOfPage\":{\"@id\":\"https:\\\/\\\/www.cuballama.com\\\/noticias\\\/la-cubana-yany-prado-regresa-a-top-chef\\\/\"},\"wordCount\":518,\"commentCount\":0,\"publisher\":{\"@id\":\"https:\\\/\\\/www.cuballama.com\\\/noticias\\\/#organization\"},\"image\":{\"@id\":\"https:\\\/\\\/www.cuballama.com\\\/noticias\\\/la-cubana-yany-prado-regresa-a-top-chef\\\/#primaryimage\"},\"thumbnailUrl\":\"https:\\\/\\\/cdn1.mediawpaccore.net\\\/wp-content\\\/uploads\\\/2025\\\/08\\\/20102510\\\/xxxxxccccccccddd-34.png\",\"keywords\":[\"actriz cubana\",\"reality show\",\"repesca\",\"Sky Rojo\",\"telemundo\",\"televisi\u00f3n latina\",\"Top Chef VIP\",\"Valeria Cuevas\",\"Yany Prado\"],\"articleSection\":[\"Far\u00e1ndula\"],\"inLanguage\":\"es\",\"potentialAction\":[{\"@type\":\"CommentAction\",\"name\":\"Comment\",\"target\":[\"https:\\\/\\\/www.cuballama.com\\\/noticias\\\/la-cubana-yany-prado-regresa-a-top-chef\\\/#respond\"]}]},{\"@type\":\"WebPage\",\"@id\":\"https:\\\/\\\/www.cuballama.com\\\/noticias\\\/la-cubana-yany-prado-regresa-a-top-chef\\\/\",\"url\":\"https:\\\/\\\/www.cuballama.com\\\/noticias\\\/la-cubana-yany-prado-regresa-a-top-chef\\\/\",\"name\":\"La cubana Yany Prado regresa a Top Chef - Cuballama Noticias\",\"isPartOf\":{\"@id\":\"https:\\\/\\\/www.cuballama.com\\\/noticias\\\/#website\"},\"primaryImageOfPage\":{\"@id\":\"https:\\\/\\\/www.cuballama.com\\\/noticias\\\/la-cubana-yany-prado-regresa-a-top-chef\\\/#primaryimage\"},\"image\":{\"@id\":\"https:\\\/\\\/www.cuballama.com\\\/noticias\\\/la-cubana-yany-prado-regresa-a-top-chef\\\/#primaryimage\"},\"thumbnailUrl\":\"https:\\\/\\\/cdn1.mediawpaccore.net\\\/wp-content\\\/uploads\\\/2025\\\/08\\\/20102510\\\/xxxxxccccccccddd-34.png\",\"datePublished\":\"2025-09-17T14:59:57+00:00\",\"dateModified\":\"2025-09-17T15:00:02+00:00\",\"description\":\"Tras haber salido por decisi\u00f3n propia, Yany Prado regresa a Top Chef en la repesca. \u00bfQu\u00e9 pasar\u00e1 ahora? En sus manos y oficio est\u00e1.\",\"breadcrumb\":{\"@id\":\"https:\\\/\\\/www.cuballama.com\\\/noticias\\\/la-cubana-yany-prado-regresa-a-top-chef\\\/#breadcrumb\"},\"inLanguage\":\"es\",\"potentialAction\":[{\"@type\":\"ReadAction\",\"target\":[\"https:\\\/\\\/www.cuballama.com\\\/noticias\\\/la-cubana-yany-prado-regresa-a-top-chef\\\/\"]}]},{\"@type\":\"ImageObject\",\"inLanguage\":\"es\",\"@id\":\"https:\\\/\\\/www.cuballama.com\\\/noticias\\\/la-cubana-yany-prado-regresa-a-top-chef\\\/#primaryimage\",\"url\":\"https:\\\/\\\/cdn1.mediawpaccore.net\\\/wp-content\\\/uploads\\\/2025\\\/08\\\/20102510\\\/xxxxxccccccccddd-34.png\",\"contentUrl\":\"https:\\\/\\\/cdn1.mediawpaccore.net\\\/wp-content\\\/uploads\\\/2025\\\/08\\\/20102510\\\/xxxxxccccccccddd-34.png\",\"width\":1920,\"height\":1080,\"caption\":\"Fotos tomadas del perfil de Instagram de Telemundo Realities\"},{\"@type\":\"BreadcrumbList\",\"@id\":\"https:\\\/\\\/www.cuballama.com\\\/noticias\\\/la-cubana-yany-prado-regresa-a-top-chef\\\/#breadcrumb\",\"itemListElement\":[{\"@type\":\"ListItem\",\"position\":1,\"name\":\"Home\",\"item\":\"https:\\\/\\\/www.cuballama.com\\\/noticias\\\/\"},{\"@type\":\"ListItem\",\"position\":2,\"name\":\"La cubana Yany Prado regresa a Top Chef\"}]},{\"@type\":\"WebSite\",\"@id\":\"https:\\\/\\\/www.cuballama.com\\\/noticias\\\/#website\",\"url\":\"https:\\\/\\\/www.cuballama.com\\\/noticias\\\/\",\"name\":\"Cuballama Noticias\",\"description\":\"Medio digital sobre Cuba y el mundo\",\"publisher\":{\"@id\":\"https:\\\/\\\/www.cuballama.com\\\/noticias\\\/#organization\"},\"potentialAction\":[{\"@type\":\"SearchAction\",\"target\":{\"@type\":\"EntryPoint\",\"urlTemplate\":\"https:\\\/\\\/www.cuballama.com\\\/noticias\\\/?s={search_term_string}\"},\"query-input\":{\"@type\":\"PropertyValueSpecification\",\"valueRequired\":true,\"valueName\":\"search_term_string\"}}],\"inLanguage\":\"es\"},{\"@type\":\"Organization\",\"@id\":\"https:\\\/\\\/www.cuballama.com\\\/noticias\\\/#organization\",\"name\":\"Cuballama\",\"url\":\"https:\\\/\\\/www.cuballama.com\\\/noticias\\\/\",\"logo\":{\"@type\":\"ImageObject\",\"inLanguage\":\"es\",\"@id\":\"https:\\\/\\\/www.cuballama.com\\\/noticias\\\/#\\\/schema\\\/logo\\\/image\\\/\",\"url\":\"https:\\\/\\\/cdn1.mediawpaccore.net\\\/wp-content\\\/uploads\\\/2021\\\/12\\\/28171206\\\/cbll-logo-color-sm.png\",\"contentUrl\":\"https:\\\/\\\/cdn1.mediawpaccore.net\\\/wp-content\\\/uploads\\\/2021\\\/12\\\/28171206\\\/cbll-logo-color-sm.png\",\"width\":600,\"height\":133,\"caption\":\"Cuballama\"},\"image\":{\"@id\":\"https:\\\/\\\/www.cuballama.com\\\/noticias\\\/#\\\/schema\\\/logo\\\/image\\\/\"},\"sameAs\":[\"https:\\\/\\\/www.facebook.com\\\/CubaLlama\",\"https:\\\/\\\/x.com\\\/cuballama\",\"https:\\\/\\\/www.instagram.com\\\/stories\\\/cuballama_oficial\\\/\",\"https:\\\/\\\/www.youtube.com\\\/channel\\\/UCKkFE-d_axENGZcrc4as0IA\"]},{\"@type\":\"Person\",\"@id\":\"https:\\\/\\\/www.cuballama.com\\\/noticias\\\/#\\\/schema\\\/person\\\/a58502ed4146c8e9f83872e897c76cd2\",\"name\":\"Roberto A.\",\"description\":\"Roberto A. Periodista por decisi\u00f3n propia. Interesado en cualquier tema que me apasione y cada vez m\u00e1s comprometido con la verdad y la objetividad period\u00edstica. Graduado en La Habana hace ya muchos a\u00f1os, luego de una accidentada y polvorienta b\u00fasqueda de informaci\u00f3n sobre un tema in\u00e9dito. La Tesis, por cierto, desapareci\u00f3 de la biblioteca y no se conservan copias de la misma.\",\"url\":\"https:\\\/\\\/www.cuballama.com\\\/noticias\\\/author\\\/roberto\\\/\"}]}<\/script>\n<!-- \/ Yoast SEO plugin. -->","yoast_head_json":{"title":"La cubana Yany Prado regresa a Top Chef - Cuballama Noticias","description":"Tras haber salido por decisi\u00f3n propia, Yany Prado regresa a Top Chef en la repesca. \u00bfQu\u00e9 pasar\u00e1 ahora? En sus manos y oficio est\u00e1.","robots":{"index":"index","follow":"follow","max-snippet":"max-snippet:-1","max-image-preview":"max-image-preview:large","max-video-preview":"max-video-preview:-1"},"canonical":"https:\/\/www.cuballama.com\/noticias\/la-cubana-yany-prado-regresa-a-top-chef\/","og_locale":"es_ES","og_type":"article","og_title":"La cubana Yany Prado regresa a Top Chef - Cuballama Noticias","og_description":"Tras haber salido por decisi\u00f3n propia, Yany Prado regresa a Top Chef en la repesca. \u00bfQu\u00e9 pasar\u00e1 ahora? En sus manos y oficio est\u00e1.","og_url":"https:\/\/www.cuballama.com\/noticias\/la-cubana-yany-prado-regresa-a-top-chef\/","og_site_name":"Cuballama Noticias","article_publisher":"https:\/\/www.facebook.com\/CubaLlama","article_published_time":"2025-09-17T14:59:57+00:00","article_modified_time":"2025-09-17T15:00:02+00:00","og_image":[{"width":1024,"height":576,"url":"https:\/\/cdn1.mediawpaccore.net\/wp-content\/uploads\/2025\/08\/20102510\/xxxxxccccccccddd-34-1024x576.png","type":"image\/png"}],"author":"Roberto A.","twitter_card":"summary_large_image","twitter_creator":"@cuballama","twitter_site":"@cuballama","twitter_misc":{"Escrito por":"Roberto A.","Tiempo de lectura":"3 minutos"},"schema":{"@context":"https:\/\/schema.org","@graph":[{"@type":"Article","@id":"https:\/\/www.cuballama.com\/noticias\/la-cubana-yany-prado-regresa-a-top-chef\/#article","isPartOf":{"@id":"https:\/\/www.cuballama.com\/noticias\/la-cubana-yany-prado-regresa-a-top-chef\/"},"author":{"name":"Roberto A.","@id":"https:\/\/www.cuballama.com\/noticias\/#\/schema\/person\/a58502ed4146c8e9f83872e897c76cd2"},"headline":"La cubana Yany Prado regresa a Top Chef","datePublished":"2025-09-17T14:59:57+00:00","dateModified":"2025-09-17T15:00:02+00:00","mainEntityOfPage":{"@id":"https:\/\/www.cuballama.com\/noticias\/la-cubana-yany-prado-regresa-a-top-chef\/"},"wordCount":518,"commentCount":0,"publisher":{"@id":"https:\/\/www.cuballama.com\/noticias\/#organization"},"image":{"@id":"https:\/\/www.cuballama.com\/noticias\/la-cubana-yany-prado-regresa-a-top-chef\/#primaryimage"},"thumbnailUrl":"https:\/\/cdn1.mediawpaccore.net\/wp-content\/uploads\/2025\/08\/20102510\/xxxxxccccccccddd-34.png","keywords":["actriz cubana","reality show","repesca","Sky Rojo","telemundo","televisi\u00f3n latina","Top Chef VIP","Valeria Cuevas","Yany Prado"],"articleSection":["Far\u00e1ndula"],"inLanguage":"es","potentialAction":[{"@type":"CommentAction","name":"Comment","target":["https:\/\/www.cuballama.com\/noticias\/la-cubana-yany-prado-regresa-a-top-chef\/#respond"]}]},{"@type":"WebPage","@id":"https:\/\/www.cuballama.com\/noticias\/la-cubana-yany-prado-regresa-a-top-chef\/","url":"https:\/\/www.cuballama.com\/noticias\/la-cubana-yany-prado-regresa-a-top-chef\/","name":"La cubana Yany Prado regresa a Top Chef - Cuballama Noticias","isPartOf":{"@id":"https:\/\/www.cuballama.com\/noticias\/#website"},"primaryImageOfPage":{"@id":"https:\/\/www.cuballama.com\/noticias\/la-cubana-yany-prado-regresa-a-top-chef\/#primaryimage"},"image":{"@id":"https:\/\/www.cuballama.com\/noticias\/la-cubana-yany-prado-regresa-a-top-chef\/#primaryimage"},"thumbnailUrl":"https:\/\/cdn1.mediawpaccore.net\/wp-content\/uploads\/2025\/08\/20102510\/xxxxxccccccccddd-34.png","datePublished":"2025-09-17T14:59:57+00:00","dateModified":"2025-09-17T15:00:02+00:00","description":"Tras haber salido por decisi\u00f3n propia, Yany Prado regresa a Top Chef en la repesca. \u00bfQu\u00e9 pasar\u00e1 ahora? En sus manos y oficio est\u00e1.","breadcrumb":{"@id":"https:\/\/www.cuballama.com\/noticias\/la-cubana-yany-prado-regresa-a-top-chef\/#breadcrumb"},"inLanguage":"es","potentialAction":[{"@type":"ReadAction","target":["https:\/\/www.cuballama.com\/noticias\/la-cubana-yany-prado-regresa-a-top-chef\/"]}]},{"@type":"ImageObject","inLanguage":"es","@id":"https:\/\/www.cuballama.com\/noticias\/la-cubana-yany-prado-regresa-a-top-chef\/#primaryimage","url":"https:\/\/cdn1.mediawpaccore.net\/wp-content\/uploads\/2025\/08\/20102510\/xxxxxccccccccddd-34.png","contentUrl":"https:\/\/cdn1.mediawpaccore.net\/wp-content\/uploads\/2025\/08\/20102510\/xxxxxccccccccddd-34.png","width":1920,"height":1080,"caption":"Fotos tomadas del perfil de Instagram de Telemundo Realities"},{"@type":"BreadcrumbList","@id":"https:\/\/www.cuballama.com\/noticias\/la-cubana-yany-prado-regresa-a-top-chef\/#breadcrumb","itemListElement":[{"@type":"ListItem","position":1,"name":"Home","item":"https:\/\/www.cuballama.com\/noticias\/"},{"@type":"ListItem","position":2,"name":"La cubana Yany Prado regresa a Top Chef"}]},{"@type":"WebSite","@id":"https:\/\/www.cuballama.com\/noticias\/#website","url":"https:\/\/www.cuballama.com\/noticias\/","name":"Cuballama Noticias","description":"Medio digital sobre Cuba y el mundo","publisher":{"@id":"https:\/\/www.cuballama.com\/noticias\/#organization"},"potentialAction":[{"@type":"SearchAction","target":{"@type":"EntryPoint","urlTemplate":"https:\/\/www.cuballama.com\/noticias\/?s={search_term_string}"},"query-input":{"@type":"PropertyValueSpecification","valueRequired":true,"valueName":"search_term_string"}}],"inLanguage":"es"},{"@type":"Organization","@id":"https:\/\/www.cuballama.com\/noticias\/#organization","name":"Cuballama","url":"https:\/\/www.cuballama.com\/noticias\/","logo":{"@type":"ImageObject","inLanguage":"es","@id":"https:\/\/www.cuballama.com\/noticias\/#\/schema\/logo\/image\/","url":"https:\/\/cdn1.mediawpaccore.net\/wp-content\/uploads\/2021\/12\/28171206\/cbll-logo-color-sm.png","contentUrl":"https:\/\/cdn1.mediawpaccore.net\/wp-content\/uploads\/2021\/12\/28171206\/cbll-logo-color-sm.png","width":600,"height":133,"caption":"Cuballama"},"image":{"@id":"https:\/\/www.cuballama.com\/noticias\/#\/schema\/logo\/image\/"},"sameAs":["https:\/\/www.facebook.com\/CubaLlama","https:\/\/x.com\/cuballama","https:\/\/www.instagram.com\/stories\/cuballama_oficial\/","https:\/\/www.youtube.com\/channel\/UCKkFE-d_axENGZcrc4as0IA"]},{"@type":"Person","@id":"https:\/\/www.cuballama.com\/noticias\/#\/schema\/person\/a58502ed4146c8e9f83872e897c76cd2","name":"Roberto A.","description":"Roberto A. Periodista por decisi\u00f3n propia. Interesado en cualquier tema que me apasione y cada vez m\u00e1s comprometido con la verdad y la objetividad period\u00edstica. Graduado en La Habana hace ya muchos a\u00f1os, luego de una accidentada y polvorienta b\u00fasqueda de informaci\u00f3n sobre un tema in\u00e9dito. La Tesis, por cierto, desapareci\u00f3 de la biblioteca y no se conservan copias de la misma.","url":"https:\/\/www.cuballama.com\/noticias\/author\/roberto\/"}]}},"_links":{"self":[{"href":"https:\/\/www.cuballama.com\/noticias\/wp-json\/wp\/v2\/posts\/219752","targetHints":{"allow":["GET"]}}],"collection":[{"href":"https:\/\/www.cuballama.com\/noticias\/wp-json\/wp\/v2\/posts"}],"about":[{"href":"https:\/\/www.cuballama.com\/noticias\/wp-json\/wp\/v2\/types\/post"}],"author":[{"embeddable":true,"href":"https:\/\/www.cuballama.com\/noticias\/wp-json\/wp\/v2\/users\/13"}],"replies":[{"embeddable":true,"href":"https:\/\/www.cuballama.com\/noticias\/wp-json\/wp\/v2\/comments?post=219752"}],"version-history":[{"count":4,"href":"https:\/\/www.cuballama.com\/noticias\/wp-json\/wp\/v2\/posts\/219752\/revisions"}],"predecessor-version":[{"id":219788,"href":"https:\/\/www.cuballama.com\/noticias\/wp-json\/wp\/v2\/posts\/219752\/revisions\/219788"}],"wp:featuredmedia":[{"embeddable":true,"href":"https:\/\/www.cuballama.com\/noticias\/wp-json\/wp\/v2\/media\/217190"}],"wp:attachment":[{"href":"https:\/\/www.cuballama.com\/noticias\/wp-json\/wp\/v2\/media?parent=219752"}],"wp:term":[{"taxonomy":"category","embeddable":true,"href":"https:\/\/www.cuballama.com\/noticias\/wp-json\/wp\/v2\/categories?post=219752"},{"taxonomy":"post_tag","embeddable":true,"href":"https:\/\/www.cuballama.com\/noticias\/wp-json\/wp\/v2\/tags?post=219752"}],"curies":[{"name":"wp","href":"https:\/\/api.w.org\/{rel}","templated":true}]}}