{"id":219719,"date":"2025-09-16T06:36:00","date_gmt":"2025-09-16T10:36:00","guid":{"rendered":"https:\/\/www.cuballama.com\/noticias\/?p=219719"},"modified":"2025-09-16T01:37:07","modified_gmt":"2025-09-16T05:37:07","slug":"el-chulo-y-maria-karla-unidos-por-el-bautizo-de-su-hijo-justin-pese-a-su-ruptura","status":"publish","type":"post","link":"https:\/\/www.cuballama.com\/noticias\/el-chulo-y-maria-karla-unidos-por-el-bautizo-de-su-hijo-justin-pese-a-su-ruptura\/","title":{"rendered":"El Chulo y Mar\u00eda Karla unidos por el bautizo de su hijo Justin pese a su ruptura"},"content":{"rendered":"\n<p>Las rupturas en la far\u00e1ndula cubana no siempre tienen que estar marcadas por conflictos y pol\u00e9micas. En ocasiones, incluso, logran dejar espacio para la cordialidad y la buena convivencia, especialmente cuando hay un hijo de por medio.<\/p>\n\n\n\n<p>Ese fue el caso del reguetonero cubano <strong>El Chulo<\/strong> y la modelo <strong>Mar\u00eda Karla Castro<\/strong>, quienes, pese a haber confirmado <strong><a href=\"https:\/\/www.cuballama.com\/noticias\/se-acabo-maria-karla-habla-tras-la-separacion-de-el-chulo\/\" target=\"_blank\" rel=\"noreferrer noopener\">su separaci\u00f3n hace unos d\u00edas<\/a><\/strong>, unieron fuerzas para celebrar el bautizo de su peque\u00f1o <strong>Justin<\/strong>. Las im\u00e1genes compartidas en redes sociales reflejaron un ambiente de uni\u00f3n y alegr\u00eda familiar.<\/p>\n\n\n\n<p>El padrino del ni\u00f1o fue <strong>Jadar Big Boss<\/strong>, manager del artista, mientras que la madrina result\u00f3 ser una amiga Mar\u00eda Karla. Ambos se mostraron emocionados durante la ceremonia, que estuvo cargada de la solemnidad y ternura propias de un momento tan especial.<\/p>\n\n\n\n<p>La modelo luci\u00f3 un elegante vestido sin tirantes blanco, un color cl\u00e1sico en este tipo de eventos, mientras que El Chulo apost\u00f3 por un traje formal que destac\u00f3 por su sobriedad. Jadar, orgulloso de su rol, comparti\u00f3 en sus redes: <em>\u201cBautizo de mi ahijado Justin\u201d<\/em>, a lo que el reguetonero respondi\u00f3 con cari\u00f1o desde los comentarios: <em>\u201cTe amo, compa. Gracias por todo\u201d<\/em>.<\/p>\n\n\n\n<blockquote class=\"instagram-media\" data-instgrm-captioned data-instgrm-permalink=\"https:\/\/www.instagram.com\/reel\/DOjcPG3D7g0\/?utm_source=ig_embed&amp;utm_campaign=loading\" data-instgrm-version=\"14\" style=\" background:#FFF; border:0; border-radius:3px; box-shadow:0 0 1px 0 rgba(0,0,0,0.5),0 1px 10px 0 rgba(0,0,0,0.15); margin: 1px; max-width:540px; min-width:326px; padding:0; width:99.375%; width:-webkit-calc(100% - 2px); width:calc(100% - 2px);\"><div style=\"padding:16px;\"> <a href=\"https:\/\/www.instagram.com\/reel\/DOjcPG3D7g0\/?utm_source=ig_embed&amp;utm_campaign=loading\" style=\" background:#FFFFFF; line-height:0; padding:0 0; text-align:center; text-decoration:none; width:100%;\" target=\"_blank\"> <div style=\" display: flex; flex-direction: row; align-items: center;\"> <div style=\"background-color: #F4F4F4; border-radius: 50%; flex-grow: 0; height: 40px; margin-right: 14px; width: 40px;\"><\/div> <div style=\"display: flex; flex-direction: column; flex-grow: 1; justify-content: center;\"> <div style=\" background-color: #F4F4F4; border-radius: 4px; flex-grow: 0; height: 14px; margin-bottom: 6px; width: 100px;\"><\/div> <div style=\" background-color: #F4F4F4; border-radius: 4px; flex-grow: 0; height: 14px; width: 60px;\"><\/div><\/div><\/div><div style=\"padding: 19% 0;\"><\/div> <div style=\"display:block; height:50px; margin:0 auto 12px; width:50px;\"><svg width=\"50px\" height=\"50px\" viewBox=\"0 0 60 60\" version=\"1.1\" xmlns=\"https:\/\/www.w3.org\/2000\/svg\" xmlns:xlink=\"https:\/\/www.w3.org\/1999\/xlink\"><g stroke=\"none\" stroke-width=\"1\" fill=\"none\" fill-rule=\"evenodd\"><g transform=\"translate(-511.000000, -20.000000)\" fill=\"#000000\"><g><path d=\"M556.869,30.41 C554.814,30.41 553.148,32.076 553.148,34.131 C553.148,36.186 554.814,37.852 556.869,37.852 C558.924,37.852 560.59,36.186 560.59,34.131 C560.59,32.076 558.924,30.41 556.869,30.41 M541,60.657 C535.114,60.657 530.342,55.887 530.342,50 C530.342,44.114 535.114,39.342 541,39.342 C546.887,39.342 551.658,44.114 551.658,50 C551.658,55.887 546.887,60.657 541,60.657 M541,33.886 C532.1,33.886 524.886,41.1 524.886,50 C524.886,58.899 532.1,66.113 541,66.113 C549.9,66.113 557.115,58.899 557.115,50 C557.115,41.1 549.9,33.886 541,33.886 M565.378,62.101 C565.244,65.022 564.756,66.606 564.346,67.663 C563.803,69.06 563.154,70.057 562.106,71.106 C561.058,72.155 560.06,72.803 558.662,73.347 C557.607,73.757 556.021,74.244 553.102,74.378 C549.944,74.521 548.997,74.552 541,74.552 C533.003,74.552 532.056,74.521 528.898,74.378 C525.979,74.244 524.393,73.757 523.338,73.347 C521.94,72.803 520.942,72.155 519.894,71.106 C518.846,70.057 518.197,69.06 517.654,67.663 C517.244,66.606 516.755,65.022 516.623,62.101 C516.479,58.943 516.448,57.996 516.448,50 C516.448,42.003 516.479,41.056 516.623,37.899 C516.755,34.978 517.244,33.391 517.654,32.338 C518.197,30.938 518.846,29.942 519.894,28.894 C520.942,27.846 521.94,27.196 523.338,26.654 C524.393,26.244 525.979,25.756 528.898,25.623 C532.057,25.479 533.004,25.448 541,25.448 C548.997,25.448 549.943,25.479 553.102,25.623 C556.021,25.756 557.607,26.244 558.662,26.654 C560.06,27.196 561.058,27.846 562.106,28.894 C563.154,29.942 563.803,30.938 564.346,32.338 C564.756,33.391 565.244,34.978 565.378,37.899 C565.522,41.056 565.552,42.003 565.552,50 C565.552,57.996 565.522,58.943 565.378,62.101 M570.82,37.631 C570.674,34.438 570.167,32.258 569.425,30.349 C568.659,28.377 567.633,26.702 565.965,25.035 C564.297,23.368 562.623,22.342 560.652,21.575 C558.743,20.834 556.562,20.326 553.369,20.18 C550.169,20.033 549.148,20 541,20 C532.853,20 531.831,20.033 528.631,20.18 C525.438,20.326 523.257,20.834 521.349,21.575 C519.376,22.342 517.703,23.368 516.035,25.035 C514.368,26.702 513.342,28.377 512.574,30.349 C511.834,32.258 511.326,34.438 511.181,37.631 C511.035,40.831 511,41.851 511,50 C511,58.147 511.035,59.17 511.181,62.369 C511.326,65.562 511.834,67.743 512.574,69.651 C513.342,71.625 514.368,73.296 516.035,74.965 C517.703,76.634 519.376,77.658 521.349,78.425 C523.257,79.167 525.438,79.673 528.631,79.82 C531.831,79.965 532.853,80.001 541,80.001 C549.148,80.001 550.169,79.965 553.369,79.82 C556.562,79.673 558.743,79.167 560.652,78.425 C562.623,77.658 564.297,76.634 565.965,74.965 C567.633,73.296 568.659,71.625 569.425,69.651 C570.167,67.743 570.674,65.562 570.82,62.369 C570.966,59.17 571,58.147 571,50 C571,41.851 570.966,40.831 570.82,37.631\"><\/path><\/g><\/g><\/g><\/svg><\/div><div style=\"padding-top: 8px;\"> <div style=\" color:#3897f0; font-family:Arial,sans-serif; font-size:14px; font-style:normal; font-weight:550; line-height:18px;\">Ver esta publicaci\u00f3n en Instagram<\/div><\/div><div style=\"padding: 12.5% 0;\"><\/div> <div style=\"display: flex; flex-direction: row; margin-bottom: 14px; align-items: center;\"><div> <div style=\"background-color: #F4F4F4; border-radius: 50%; height: 12.5px; width: 12.5px; transform: translateX(0px) translateY(7px);\"><\/div> <div style=\"background-color: #F4F4F4; height: 12.5px; transform: rotate(-45deg) translateX(3px) translateY(1px); width: 12.5px; flex-grow: 0; margin-right: 14px; margin-left: 2px;\"><\/div> <div style=\"background-color: #F4F4F4; border-radius: 50%; height: 12.5px; width: 12.5px; transform: translateX(9px) translateY(-18px);\"><\/div><\/div><div style=\"margin-left: 8px;\"> <div style=\" background-color: #F4F4F4; border-radius: 50%; flex-grow: 0; height: 20px; width: 20px;\"><\/div> <div style=\" width: 0; height: 0; border-top: 2px solid transparent; border-left: 6px solid #f4f4f4; border-bottom: 2px solid transparent; transform: translateX(16px) translateY(-4px) rotate(30deg)\"><\/div><\/div><div style=\"margin-left: auto;\"> <div style=\" width: 0px; border-top: 8px solid #F4F4F4; border-right: 8px solid transparent; transform: translateY(16px);\"><\/div> <div style=\" background-color: #F4F4F4; flex-grow: 0; height: 12px; width: 16px; transform: translateY(-4px);\"><\/div> <div style=\" width: 0; height: 0; border-top: 8px solid #F4F4F4; border-left: 8px solid transparent; transform: translateY(-4px) translateX(8px);\"><\/div><\/div><\/div> <div style=\"display: flex; flex-direction: column; flex-grow: 1; justify-content: center; margin-bottom: 24px;\"> <div style=\" background-color: #F4F4F4; border-radius: 4px; flex-grow: 0; height: 14px; margin-bottom: 6px; width: 224px;\"><\/div> <div style=\" background-color: #F4F4F4; border-radius: 4px; flex-grow: 0; height: 14px; width: 144px;\"><\/div><\/div><\/a><p style=\" color:#c9c8cd; font-family:Arial,sans-serif; font-size:14px; line-height:17px; margin-bottom:0; margin-top:8px; overflow:hidden; padding:8px 0 7px; text-align:center; text-overflow:ellipsis; white-space:nowrap;\"><a href=\"https:\/\/www.instagram.com\/reel\/DOjcPG3D7g0\/?utm_source=ig_embed&amp;utm_campaign=loading\" style=\" color:#c9c8cd; font-family:Arial,sans-serif; font-size:14px; font-style:normal; font-weight:normal; line-height:17px; text-decoration:none;\" target=\"_blank\">Una publicaci\u00f3n compartida de Jadar Big boss \ud83d\udc51 (@jadar_big_boss_)<\/a><\/p><\/div><\/blockquote>\n<script async src=\"\/\/www.instagram.com\/embed.js\"><\/script>\n\n\n\n<p>Por su parte, Mar\u00eda Karla public\u00f3 im\u00e1genes llenas de cari\u00f1o junto a su beb\u00e9 y la madrina del peque\u00f1o, incluyendo en una de ellas tema <em>Te esperaba<\/em>, de Carlos Rivera, que reforz\u00f3 a\u00fan m\u00e1s la conexi\u00f3n con su hijo.<\/p>\n\n\n\n<p>A las felicitaciones no tardaron en sumarse varias figuras de la far\u00e1ndula cubana como <strong>Magdielito Bonucci, El Teque, Wow Popy, Dany Ome y La S\u00faper Friki<\/strong>, adem\u00e1s de los cientos de mensajes que dejaron los seguidores de la pareja en Instagram.<\/p>\n\n\n\n<p>A pesar de que entre El Chulo y Mar\u00eda Karla ya no existe una relaci\u00f3n de amor de pareja este bautizo dej\u00f3 en claro que entre ambos prevalece el respeto. Y es que, no hay nada m\u00e1s poderoso que el amor por un hijo, que es capaz de hacer que cualquier otra cosa pase a un segundo plano.<\/p>\n","protected":false},"excerpt":{"rendered":"<p>El Chulo y Mar\u00eda Karla Castro, pese a su separaci\u00f3n, celebraron juntos el bautizo de su hijo Justin en una emotiva ceremonia llena de amor, respeto y uni\u00f3n familiar.<\/p>\n","protected":false},"author":29,"featured_media":219744,"comment_status":"open","ping_status":"closed","sticky":false,"template":"","format":"standard","meta":{"_acf_changed":false,"footnotes":""},"categories":[443],"tags":[27454,27453,27455,10020,12534,10752,27452,23187,25555,27457,27456],"class_list":{"0":"post-219719","1":"post","2":"type-post","3":"status-publish","4":"format-standard","5":"has-post-thumbnail","7":"category-farandula","8":"tag-bautizo-famosos-cubanos","9":"tag-bautizo-hijo-de-el-chulo","10":"tag-bautizo-justin","11":"tag-celebridades-cubanas","12":"tag-el-chulo","13":"tag-farandula-cubana","14":"tag-justin-hijo-de-el-chulo","15":"tag-maria-karla-castro","16":"tag-noticias-de-farandula","17":"tag-parejas-de-la-musica-urbana","18":"tag-reguetoneros-de-cuba"},"acf":[],"yoast_head":"<!-- This site is optimized with the Yoast SEO plugin v27.5 - https:\/\/yoast.com\/product\/yoast-seo-wordpress\/ -->\n<title>El Chulo y Mar\u00eda Karla unidos por el bautizo de su hijo Justin pese a su ruptura - Cuballama Noticias<\/title>\n<meta name=\"description\" content=\"El Chulo y Mar\u00eda Karla Castro, pese a su separaci\u00f3n, celebraron juntos el bautizo de su hijo Justin en una ceremonia llena de respeto.\" \/>\n<meta name=\"robots\" content=\"index, follow, max-snippet:-1, max-image-preview:large, max-video-preview:-1\" \/>\n<link rel=\"canonical\" href=\"https:\/\/www.cuballama.com\/noticias\/el-chulo-y-maria-karla-unidos-por-el-bautizo-de-su-hijo-justin-pese-a-su-ruptura\/\" \/>\n<meta property=\"og:locale\" content=\"es_ES\" \/>\n<meta property=\"og:type\" content=\"article\" \/>\n<meta property=\"og:title\" content=\"El Chulo y Mar\u00eda Karla unidos por el bautizo de su hijo Justin pese a su ruptura - Cuballama Noticias\" \/>\n<meta property=\"og:description\" content=\"El Chulo y Mar\u00eda Karla Castro, pese a su separaci\u00f3n, celebraron juntos el bautizo de su hijo Justin en una ceremonia llena de respeto.\" \/>\n<meta property=\"og:url\" content=\"https:\/\/www.cuballama.com\/noticias\/el-chulo-y-maria-karla-unidos-por-el-bautizo-de-su-hijo-justin-pese-a-su-ruptura\/\" \/>\n<meta property=\"og:site_name\" content=\"Cuballama Noticias\" \/>\n<meta property=\"article:publisher\" content=\"https:\/\/www.facebook.com\/CubaLlama\" \/>\n<meta property=\"article:published_time\" content=\"2025-09-16T10:36:00+00:00\" \/>\n<meta property=\"og:image\" content=\"https:\/\/cdn1.mediawpaccore.net\/wp-content\/uploads\/2025\/09\/16013213\/xxxxxccccccccddd-23-1024x576.png\" \/>\n\t<meta property=\"og:image:width\" content=\"1024\" \/>\n\t<meta property=\"og:image:height\" content=\"576\" \/>\n\t<meta property=\"og:image:type\" content=\"image\/png\" \/>\n<meta name=\"author\" content=\"Sof\u00eda Reyes\" \/>\n<meta name=\"twitter:card\" content=\"summary_large_image\" \/>\n<meta name=\"twitter:creator\" content=\"@cuballama\" \/>\n<meta name=\"twitter:site\" content=\"@cuballama\" \/>\n<meta name=\"twitter:label1\" content=\"Escrito por\" \/>\n\t<meta name=\"twitter:data1\" content=\"Sof\u00eda Reyes\" \/>\n\t<meta name=\"twitter:label2\" content=\"Tiempo de lectura\" \/>\n\t<meta name=\"twitter:data2\" content=\"2 minutos\" \/>\n<script type=\"application\/ld+json\" class=\"yoast-schema-graph\">{\"@context\":\"https:\\\/\\\/schema.org\",\"@graph\":[{\"@type\":\"Article\",\"@id\":\"https:\\\/\\\/www.cuballama.com\\\/noticias\\\/el-chulo-y-maria-karla-unidos-por-el-bautizo-de-su-hijo-justin-pese-a-su-ruptura\\\/#article\",\"isPartOf\":{\"@id\":\"https:\\\/\\\/www.cuballama.com\\\/noticias\\\/el-chulo-y-maria-karla-unidos-por-el-bautizo-de-su-hijo-justin-pese-a-su-ruptura\\\/\"},\"author\":{\"name\":\"Sof\u00eda Reyes\",\"@id\":\"https:\\\/\\\/www.cuballama.com\\\/noticias\\\/#\\\/schema\\\/person\\\/5cba2b8cc25a3159e49fe730a94d512e\"},\"headline\":\"El Chulo y Mar\u00eda Karla unidos por el bautizo de su hijo Justin pese a su ruptura\",\"datePublished\":\"2025-09-16T10:36:00+00:00\",\"mainEntityOfPage\":{\"@id\":\"https:\\\/\\\/www.cuballama.com\\\/noticias\\\/el-chulo-y-maria-karla-unidos-por-el-bautizo-de-su-hijo-justin-pese-a-su-ruptura\\\/\"},\"wordCount\":389,\"commentCount\":0,\"publisher\":{\"@id\":\"https:\\\/\\\/www.cuballama.com\\\/noticias\\\/#organization\"},\"image\":{\"@id\":\"https:\\\/\\\/www.cuballama.com\\\/noticias\\\/el-chulo-y-maria-karla-unidos-por-el-bautizo-de-su-hijo-justin-pese-a-su-ruptura\\\/#primaryimage\"},\"thumbnailUrl\":\"https:\\\/\\\/cdn1.mediawpaccore.net\\\/wp-content\\\/uploads\\\/2025\\\/09\\\/16013213\\\/xxxxxccccccccddd-23.png\",\"keywords\":[\"bautizo famosos cubanos\",\"bautizo hijo de El Chulo\",\"bautizo Justin\",\"Celebridades cubanas\",\"El Chulo\",\"Far\u00e1ndula cubana\",\"Justin hijo de El Chulo\",\"Mar\u00eda Karla Castro\",\"noticias de far\u00e1ndula\",\"parejas de la m\u00fasica urbana\",\"reguetoneros de Cuba\"],\"articleSection\":[\"Far\u00e1ndula\"],\"inLanguage\":\"es\",\"potentialAction\":[{\"@type\":\"CommentAction\",\"name\":\"Comment\",\"target\":[\"https:\\\/\\\/www.cuballama.com\\\/noticias\\\/el-chulo-y-maria-karla-unidos-por-el-bautizo-de-su-hijo-justin-pese-a-su-ruptura\\\/#respond\"]}]},{\"@type\":\"WebPage\",\"@id\":\"https:\\\/\\\/www.cuballama.com\\\/noticias\\\/el-chulo-y-maria-karla-unidos-por-el-bautizo-de-su-hijo-justin-pese-a-su-ruptura\\\/\",\"url\":\"https:\\\/\\\/www.cuballama.com\\\/noticias\\\/el-chulo-y-maria-karla-unidos-por-el-bautizo-de-su-hijo-justin-pese-a-su-ruptura\\\/\",\"name\":\"El Chulo y Mar\u00eda Karla unidos por el bautizo de su hijo Justin pese a su ruptura - Cuballama Noticias\",\"isPartOf\":{\"@id\":\"https:\\\/\\\/www.cuballama.com\\\/noticias\\\/#website\"},\"primaryImageOfPage\":{\"@id\":\"https:\\\/\\\/www.cuballama.com\\\/noticias\\\/el-chulo-y-maria-karla-unidos-por-el-bautizo-de-su-hijo-justin-pese-a-su-ruptura\\\/#primaryimage\"},\"image\":{\"@id\":\"https:\\\/\\\/www.cuballama.com\\\/noticias\\\/el-chulo-y-maria-karla-unidos-por-el-bautizo-de-su-hijo-justin-pese-a-su-ruptura\\\/#primaryimage\"},\"thumbnailUrl\":\"https:\\\/\\\/cdn1.mediawpaccore.net\\\/wp-content\\\/uploads\\\/2025\\\/09\\\/16013213\\\/xxxxxccccccccddd-23.png\",\"datePublished\":\"2025-09-16T10:36:00+00:00\",\"description\":\"El Chulo y Mar\u00eda Karla Castro, pese a su separaci\u00f3n, celebraron juntos el bautizo de su hijo Justin en una ceremonia llena de respeto.\",\"breadcrumb\":{\"@id\":\"https:\\\/\\\/www.cuballama.com\\\/noticias\\\/el-chulo-y-maria-karla-unidos-por-el-bautizo-de-su-hijo-justin-pese-a-su-ruptura\\\/#breadcrumb\"},\"inLanguage\":\"es\",\"potentialAction\":[{\"@type\":\"ReadAction\",\"target\":[\"https:\\\/\\\/www.cuballama.com\\\/noticias\\\/el-chulo-y-maria-karla-unidos-por-el-bautizo-de-su-hijo-justin-pese-a-su-ruptura\\\/\"]}]},{\"@type\":\"ImageObject\",\"inLanguage\":\"es\",\"@id\":\"https:\\\/\\\/www.cuballama.com\\\/noticias\\\/el-chulo-y-maria-karla-unidos-por-el-bautizo-de-su-hijo-justin-pese-a-su-ruptura\\\/#primaryimage\",\"url\":\"https:\\\/\\\/cdn1.mediawpaccore.net\\\/wp-content\\\/uploads\\\/2025\\\/09\\\/16013213\\\/xxxxxccccccccddd-23.png\",\"contentUrl\":\"https:\\\/\\\/cdn1.mediawpaccore.net\\\/wp-content\\\/uploads\\\/2025\\\/09\\\/16013213\\\/xxxxxccccccccddd-23.png\",\"width\":1920,\"height\":1080,\"caption\":\"Fotos tomadas del perfil de Instagram de Jadar Big Boss\"},{\"@type\":\"BreadcrumbList\",\"@id\":\"https:\\\/\\\/www.cuballama.com\\\/noticias\\\/el-chulo-y-maria-karla-unidos-por-el-bautizo-de-su-hijo-justin-pese-a-su-ruptura\\\/#breadcrumb\",\"itemListElement\":[{\"@type\":\"ListItem\",\"position\":1,\"name\":\"Home\",\"item\":\"https:\\\/\\\/www.cuballama.com\\\/noticias\\\/\"},{\"@type\":\"ListItem\",\"position\":2,\"name\":\"El Chulo y Mar\u00eda Karla unidos por el bautizo de su hijo Justin pese a su ruptura\"}]},{\"@type\":\"WebSite\",\"@id\":\"https:\\\/\\\/www.cuballama.com\\\/noticias\\\/#website\",\"url\":\"https:\\\/\\\/www.cuballama.com\\\/noticias\\\/\",\"name\":\"Cuballama Noticias\",\"description\":\"Medio digital sobre Cuba y el mundo\",\"publisher\":{\"@id\":\"https:\\\/\\\/www.cuballama.com\\\/noticias\\\/#organization\"},\"potentialAction\":[{\"@type\":\"SearchAction\",\"target\":{\"@type\":\"EntryPoint\",\"urlTemplate\":\"https:\\\/\\\/www.cuballama.com\\\/noticias\\\/?s={search_term_string}\"},\"query-input\":{\"@type\":\"PropertyValueSpecification\",\"valueRequired\":true,\"valueName\":\"search_term_string\"}}],\"inLanguage\":\"es\"},{\"@type\":\"Organization\",\"@id\":\"https:\\\/\\\/www.cuballama.com\\\/noticias\\\/#organization\",\"name\":\"Cuballama\",\"url\":\"https:\\\/\\\/www.cuballama.com\\\/noticias\\\/\",\"logo\":{\"@type\":\"ImageObject\",\"inLanguage\":\"es\",\"@id\":\"https:\\\/\\\/www.cuballama.com\\\/noticias\\\/#\\\/schema\\\/logo\\\/image\\\/\",\"url\":\"https:\\\/\\\/cdn1.mediawpaccore.net\\\/wp-content\\\/uploads\\\/2021\\\/12\\\/28171206\\\/cbll-logo-color-sm.png\",\"contentUrl\":\"https:\\\/\\\/cdn1.mediawpaccore.net\\\/wp-content\\\/uploads\\\/2021\\\/12\\\/28171206\\\/cbll-logo-color-sm.png\",\"width\":600,\"height\":133,\"caption\":\"Cuballama\"},\"image\":{\"@id\":\"https:\\\/\\\/www.cuballama.com\\\/noticias\\\/#\\\/schema\\\/logo\\\/image\\\/\"},\"sameAs\":[\"https:\\\/\\\/www.facebook.com\\\/CubaLlama\",\"https:\\\/\\\/x.com\\\/cuballama\",\"https:\\\/\\\/www.instagram.com\\\/stories\\\/cuballama_oficial\\\/\",\"https:\\\/\\\/www.youtube.com\\\/channel\\\/UCKkFE-d_axENGZcrc4as0IA\"]},{\"@type\":\"Person\",\"@id\":\"https:\\\/\\\/www.cuballama.com\\\/noticias\\\/#\\\/schema\\\/person\\\/5cba2b8cc25a3159e49fe730a94d512e\",\"name\":\"Sof\u00eda Reyes\",\"url\":\"https:\\\/\\\/www.cuballama.com\\\/noticias\\\/author\\\/laura\\\/\"}]}<\/script>\n<!-- \/ Yoast SEO plugin. -->","yoast_head_json":{"title":"El Chulo y Mar\u00eda Karla unidos por el bautizo de su hijo Justin pese a su ruptura - Cuballama Noticias","description":"El Chulo y Mar\u00eda Karla Castro, pese a su separaci\u00f3n, celebraron juntos el bautizo de su hijo Justin en una ceremonia llena de respeto.","robots":{"index":"index","follow":"follow","max-snippet":"max-snippet:-1","max-image-preview":"max-image-preview:large","max-video-preview":"max-video-preview:-1"},"canonical":"https:\/\/www.cuballama.com\/noticias\/el-chulo-y-maria-karla-unidos-por-el-bautizo-de-su-hijo-justin-pese-a-su-ruptura\/","og_locale":"es_ES","og_type":"article","og_title":"El Chulo y Mar\u00eda Karla unidos por el bautizo de su hijo Justin pese a su ruptura - Cuballama Noticias","og_description":"El Chulo y Mar\u00eda Karla Castro, pese a su separaci\u00f3n, celebraron juntos el bautizo de su hijo Justin en una ceremonia llena de respeto.","og_url":"https:\/\/www.cuballama.com\/noticias\/el-chulo-y-maria-karla-unidos-por-el-bautizo-de-su-hijo-justin-pese-a-su-ruptura\/","og_site_name":"Cuballama Noticias","article_publisher":"https:\/\/www.facebook.com\/CubaLlama","article_published_time":"2025-09-16T10:36:00+00:00","og_image":[{"width":1024,"height":576,"url":"https:\/\/cdn1.mediawpaccore.net\/wp-content\/uploads\/2025\/09\/16013213\/xxxxxccccccccddd-23-1024x576.png","type":"image\/png"}],"author":"Sof\u00eda Reyes","twitter_card":"summary_large_image","twitter_creator":"@cuballama","twitter_site":"@cuballama","twitter_misc":{"Escrito por":"Sof\u00eda Reyes","Tiempo de lectura":"2 minutos"},"schema":{"@context":"https:\/\/schema.org","@graph":[{"@type":"Article","@id":"https:\/\/www.cuballama.com\/noticias\/el-chulo-y-maria-karla-unidos-por-el-bautizo-de-su-hijo-justin-pese-a-su-ruptura\/#article","isPartOf":{"@id":"https:\/\/www.cuballama.com\/noticias\/el-chulo-y-maria-karla-unidos-por-el-bautizo-de-su-hijo-justin-pese-a-su-ruptura\/"},"author":{"name":"Sof\u00eda Reyes","@id":"https:\/\/www.cuballama.com\/noticias\/#\/schema\/person\/5cba2b8cc25a3159e49fe730a94d512e"},"headline":"El Chulo y Mar\u00eda Karla unidos por el bautizo de su hijo Justin pese a su ruptura","datePublished":"2025-09-16T10:36:00+00:00","mainEntityOfPage":{"@id":"https:\/\/www.cuballama.com\/noticias\/el-chulo-y-maria-karla-unidos-por-el-bautizo-de-su-hijo-justin-pese-a-su-ruptura\/"},"wordCount":389,"commentCount":0,"publisher":{"@id":"https:\/\/www.cuballama.com\/noticias\/#organization"},"image":{"@id":"https:\/\/www.cuballama.com\/noticias\/el-chulo-y-maria-karla-unidos-por-el-bautizo-de-su-hijo-justin-pese-a-su-ruptura\/#primaryimage"},"thumbnailUrl":"https:\/\/cdn1.mediawpaccore.net\/wp-content\/uploads\/2025\/09\/16013213\/xxxxxccccccccddd-23.png","keywords":["bautizo famosos cubanos","bautizo hijo de El Chulo","bautizo Justin","Celebridades cubanas","El Chulo","Far\u00e1ndula cubana","Justin hijo de El Chulo","Mar\u00eda Karla Castro","noticias de far\u00e1ndula","parejas de la m\u00fasica urbana","reguetoneros de Cuba"],"articleSection":["Far\u00e1ndula"],"inLanguage":"es","potentialAction":[{"@type":"CommentAction","name":"Comment","target":["https:\/\/www.cuballama.com\/noticias\/el-chulo-y-maria-karla-unidos-por-el-bautizo-de-su-hijo-justin-pese-a-su-ruptura\/#respond"]}]},{"@type":"WebPage","@id":"https:\/\/www.cuballama.com\/noticias\/el-chulo-y-maria-karla-unidos-por-el-bautizo-de-su-hijo-justin-pese-a-su-ruptura\/","url":"https:\/\/www.cuballama.com\/noticias\/el-chulo-y-maria-karla-unidos-por-el-bautizo-de-su-hijo-justin-pese-a-su-ruptura\/","name":"El Chulo y Mar\u00eda Karla unidos por el bautizo de su hijo Justin pese a su ruptura - Cuballama Noticias","isPartOf":{"@id":"https:\/\/www.cuballama.com\/noticias\/#website"},"primaryImageOfPage":{"@id":"https:\/\/www.cuballama.com\/noticias\/el-chulo-y-maria-karla-unidos-por-el-bautizo-de-su-hijo-justin-pese-a-su-ruptura\/#primaryimage"},"image":{"@id":"https:\/\/www.cuballama.com\/noticias\/el-chulo-y-maria-karla-unidos-por-el-bautizo-de-su-hijo-justin-pese-a-su-ruptura\/#primaryimage"},"thumbnailUrl":"https:\/\/cdn1.mediawpaccore.net\/wp-content\/uploads\/2025\/09\/16013213\/xxxxxccccccccddd-23.png","datePublished":"2025-09-16T10:36:00+00:00","description":"El Chulo y Mar\u00eda Karla Castro, pese a su separaci\u00f3n, celebraron juntos el bautizo de su hijo Justin en una ceremonia llena de respeto.","breadcrumb":{"@id":"https:\/\/www.cuballama.com\/noticias\/el-chulo-y-maria-karla-unidos-por-el-bautizo-de-su-hijo-justin-pese-a-su-ruptura\/#breadcrumb"},"inLanguage":"es","potentialAction":[{"@type":"ReadAction","target":["https:\/\/www.cuballama.com\/noticias\/el-chulo-y-maria-karla-unidos-por-el-bautizo-de-su-hijo-justin-pese-a-su-ruptura\/"]}]},{"@type":"ImageObject","inLanguage":"es","@id":"https:\/\/www.cuballama.com\/noticias\/el-chulo-y-maria-karla-unidos-por-el-bautizo-de-su-hijo-justin-pese-a-su-ruptura\/#primaryimage","url":"https:\/\/cdn1.mediawpaccore.net\/wp-content\/uploads\/2025\/09\/16013213\/xxxxxccccccccddd-23.png","contentUrl":"https:\/\/cdn1.mediawpaccore.net\/wp-content\/uploads\/2025\/09\/16013213\/xxxxxccccccccddd-23.png","width":1920,"height":1080,"caption":"Fotos tomadas del perfil de Instagram de Jadar Big Boss"},{"@type":"BreadcrumbList","@id":"https:\/\/www.cuballama.com\/noticias\/el-chulo-y-maria-karla-unidos-por-el-bautizo-de-su-hijo-justin-pese-a-su-ruptura\/#breadcrumb","itemListElement":[{"@type":"ListItem","position":1,"name":"Home","item":"https:\/\/www.cuballama.com\/noticias\/"},{"@type":"ListItem","position":2,"name":"El Chulo y Mar\u00eda Karla unidos por el bautizo de su hijo Justin pese a su ruptura"}]},{"@type":"WebSite","@id":"https:\/\/www.cuballama.com\/noticias\/#website","url":"https:\/\/www.cuballama.com\/noticias\/","name":"Cuballama Noticias","description":"Medio digital sobre Cuba y el mundo","publisher":{"@id":"https:\/\/www.cuballama.com\/noticias\/#organization"},"potentialAction":[{"@type":"SearchAction","target":{"@type":"EntryPoint","urlTemplate":"https:\/\/www.cuballama.com\/noticias\/?s={search_term_string}"},"query-input":{"@type":"PropertyValueSpecification","valueRequired":true,"valueName":"search_term_string"}}],"inLanguage":"es"},{"@type":"Organization","@id":"https:\/\/www.cuballama.com\/noticias\/#organization","name":"Cuballama","url":"https:\/\/www.cuballama.com\/noticias\/","logo":{"@type":"ImageObject","inLanguage":"es","@id":"https:\/\/www.cuballama.com\/noticias\/#\/schema\/logo\/image\/","url":"https:\/\/cdn1.mediawpaccore.net\/wp-content\/uploads\/2021\/12\/28171206\/cbll-logo-color-sm.png","contentUrl":"https:\/\/cdn1.mediawpaccore.net\/wp-content\/uploads\/2021\/12\/28171206\/cbll-logo-color-sm.png","width":600,"height":133,"caption":"Cuballama"},"image":{"@id":"https:\/\/www.cuballama.com\/noticias\/#\/schema\/logo\/image\/"},"sameAs":["https:\/\/www.facebook.com\/CubaLlama","https:\/\/x.com\/cuballama","https:\/\/www.instagram.com\/stories\/cuballama_oficial\/","https:\/\/www.youtube.com\/channel\/UCKkFE-d_axENGZcrc4as0IA"]},{"@type":"Person","@id":"https:\/\/www.cuballama.com\/noticias\/#\/schema\/person\/5cba2b8cc25a3159e49fe730a94d512e","name":"Sof\u00eda Reyes","url":"https:\/\/www.cuballama.com\/noticias\/author\/laura\/"}]}},"_links":{"self":[{"href":"https:\/\/www.cuballama.com\/noticias\/wp-json\/wp\/v2\/posts\/219719","targetHints":{"allow":["GET"]}}],"collection":[{"href":"https:\/\/www.cuballama.com\/noticias\/wp-json\/wp\/v2\/posts"}],"about":[{"href":"https:\/\/www.cuballama.com\/noticias\/wp-json\/wp\/v2\/types\/post"}],"author":[{"embeddable":true,"href":"https:\/\/www.cuballama.com\/noticias\/wp-json\/wp\/v2\/users\/29"}],"replies":[{"embeddable":true,"href":"https:\/\/www.cuballama.com\/noticias\/wp-json\/wp\/v2\/comments?post=219719"}],"version-history":[{"count":2,"href":"https:\/\/www.cuballama.com\/noticias\/wp-json\/wp\/v2\/posts\/219719\/revisions"}],"predecessor-version":[{"id":219745,"href":"https:\/\/www.cuballama.com\/noticias\/wp-json\/wp\/v2\/posts\/219719\/revisions\/219745"}],"wp:featuredmedia":[{"embeddable":true,"href":"https:\/\/www.cuballama.com\/noticias\/wp-json\/wp\/v2\/media\/219744"}],"wp:attachment":[{"href":"https:\/\/www.cuballama.com\/noticias\/wp-json\/wp\/v2\/media?parent=219719"}],"wp:term":[{"taxonomy":"category","embeddable":true,"href":"https:\/\/www.cuballama.com\/noticias\/wp-json\/wp\/v2\/categories?post=219719"},{"taxonomy":"post_tag","embeddable":true,"href":"https:\/\/www.cuballama.com\/noticias\/wp-json\/wp\/v2\/tags?post=219719"}],"curies":[{"name":"wp","href":"https:\/\/api.w.org\/{rel}","templated":true}]}}