{"id":219637,"date":"2025-09-21T12:52:45","date_gmt":"2025-09-21T16:52:45","guid":{"rendered":"https:\/\/www.cuballama.com\/noticias\/?p=219637"},"modified":"2025-09-21T12:52:48","modified_gmt":"2025-09-21T16:52:48","slug":"dos-hermanos-cubanos-en-el-limbo-migratorio-de-ee-uu","status":"publish","type":"post","link":"https:\/\/www.cuballama.com\/noticias\/dos-hermanos-cubanos-en-el-limbo-migratorio-de-ee-uu\/","title":{"rendered":"Dos hermanos cubanos en el limbo migratorio de EE.UU."},"content":{"rendered":"\n<p>El caso de Liosbel y Liosmel S\u00e1nchez, dos j\u00f3venes cubanos detenidos en Arizona desde mayo, ilustra de manera descarnada c\u00f3mo la pol\u00edtica migratoria estadounidense ha cambiado bajo la administraci\u00f3n de Donald Trump. <\/p>\n\n\n\n<p>Aunque llegaron legalmente a trav\u00e9s del programa CBP One y presentaron solicitudes de asilo bien fundamentadas, ambos fueron arrestados tras acudir puntualmente a una audiencia en la corte de Phoenix. Desde entonces permanecen en el centro de detenci\u00f3n de Eloy, a la espera de un nuevo examen que podr\u00eda definir si son deportados o permanecen en Estados Unidos. <\/p>\n\n\n\n<p>Seg\u00fan la reconstrucci\u00f3n publicada por <strong><em><a href=\"https:\/\/english.elpais.com\/usa\/2025-09-12\/taking-to-the-streets-in-cuba-seeking-asylum-in-the-us-and-ending-up-in-the-hands-of-ice-the-sanchez-brothers-limbo.html\" target=\"_blank\" rel=\"noreferrer noopener nofollow\">El Pa\u00eds<\/a><\/em><\/strong>, en un reportaje firmado por la periodista Carla Gloria Colom\u00e9 Santiago, los hermanos participaron en las protestas del 11 de julio de 2021 en La Habana y luego sufrieron acoso policial, allanamientos y amenazas en sus estudios y negocios. <\/p>\n\n\n\n<p>Aquella experiencia los empuj\u00f3 a salir de Cuba a fines de 2024. En Seattle se alojaron con un amigo y comenzaron a rehacer sus vidas hasta que, de un d\u00eda para otro, ICE decidi\u00f3 detenerlos. La madre de ambos, desde La Habana, teme que sean devueltos a la isla, donde podr\u00edan enfrentar c\u00e1rcel por su activismo.<\/p>\n\n\n\n<p>Desde que su arresto ocurri\u00f3 en junio, numerosos medios, periodistas y activistas cubanos han documentado su caso. Mario J. Pent\u00f3n, Thais Franco, 14ymedio&#8230; la lista es larga e importante, pero los hermanos a\u00fan est\u00e1n en la c\u00e1rcel.<\/p>\n\n\n\n<iframe loading=\"lazy\" src=\"https:\/\/www.facebook.com\/plugins\/post.php?href=https%3A%2F%2Fwww.facebook.com%2FMarioJPenton%2Fposts%2Fpfbid02sK4zrUTgmbQa41vKsSU5NtrYzB97j7QkwQtZvCSfKvktifizWy1T2VvLe9htxrG1l&#038;show_text=true&#038;width=500\" width=\"500\" height=\"776\" style=\"border:none;overflow:hidden\" scrolling=\"no\" frameborder=\"0\" allowfullscreen=\"true\" allow=\"autoplay; clipboard-write; encrypted-media; picture-in-picture; web-share\"><\/iframe>\n\n\n\n<iframe loading=\"lazy\" src=\"https:\/\/www.facebook.com\/plugins\/post.php?href=https%3A%2F%2Fwww.facebook.com%2FTFB87%2Fposts%2Fpfbid02hF1kBNVt1TmEXdQrBLdLqbdgQatZvsSATnrEt4auwCzEqBcWgMMVbz1kgt3kWrJil&#038;show_text=true&#038;width=500\" width=\"500\" height=\"806\" style=\"border:none;overflow:hidden\" scrolling=\"no\" frameborder=\"0\" allowfullscreen=\"true\" allow=\"autoplay; clipboard-write; encrypted-media; picture-in-picture; web-share\"><\/iframe>\n\n\n\n<p><\/p>\n\n\n\n<p>Familiares y amigos han organizado una campa\u00f1a en <em><a href=\"https:\/\/gofund.me\/937c4759c?fbclid=IwZXh0bgNhZW0CMTAAYnJpZBExbWxmUTV5WHlaYjc0UFR3ZgEeHOJZwKswdB56bRtj5J_CYyiq0XaU98zjCDdVSavVcSERo8tnn0V14peKBkA_aem_ce9zwkEPOQwzagPPUlf0bQ\" target=\"_blank\" rel=\"noreferrer noopener nofollow\">Gofundme <\/a><\/em>para ayudarle en sus gastos de corte.<\/p>\n\n\n\n<p>\u00abMis hijos Liosbel y Liosmel S\u00e1nchez , manifestantes del 11J se encuentran detenidos en ICE desde el 20 de mayo pasado , ellos no tienen familiares ni a nadie en los Estados Unidos , se agradece a todo aquel q pueda y quiera ayudarlos para q contin\u00faen peleando su caso y no sean deportados a Cuba , para su aporte pueden entrar a est\u00e1 p\u00e1gina,\u00bb ped\u00eda la madre de ambos en una publicaci\u00f3n en <em><a href=\"https:\/\/www.facebook.com\/liober.sanchez.1208\/posts\/pfbid0nGH5b7GyQRt32BZLkJ43WY8MzvUtqzoNAToF1P9i8aqJPD1ULmAA1cQDS3vuMBr6l\" target=\"_blank\" rel=\"noreferrer noopener\">Facebook<\/a><\/em>. <\/p>\n\n\n\n<iframe loading=\"lazy\" src=\"https:\/\/www.facebook.com\/plugins\/post.php?href=https%3A%2F%2Fwww.facebook.com%2Fliober.sanchez.1208%2Fposts%2Fpfbid0nGH5b7GyQRt32BZLkJ43WY8MzvUtqzoNAToF1P9i8aqJPD1ULmAA1cQDS3vuMBr6l&#038;show_text=true&#038;width=500\" width=\"500\" height=\"628\" style=\"border:none;overflow:hidden\" scrolling=\"no\" frameborder=\"0\" allowfullscreen=\"true\" allow=\"autoplay; clipboard-write; encrypted-media; picture-in-picture; web-share\"><\/iframe>\n\n\n\n<p>La campa\u00f1a, sin embargo, apenas ha alcanzado los $667 d\u00f3lares y se necesitan unos $5 mil 500.<\/p>\n\n\n\n<div class=\"gfm-embed\" data-url=\"https:\/\/www.gofundme.com\/f\/manifestantes-del-11j-detenidos-por-ice\/widget\/large?sharesheet=undefined&#038;attribution_id=sl:ed2fed38-9aba-4433-9e04-e165dd12979c\"><\/div><script defer src=\"https:\/\/www.gofundme.com\/static\/js\/embed.js\"><\/script>\n\n\n\n<p>El art\u00edculo de Colom\u00e9 recuerda que el sistema migratorio norteamericano arrastra m\u00e1s de 1,5 millones de solicitudes de asilo pendientes y que, solo en marzo, el 76% fueron denegadas. En ese contexto, abogados de inmigraci\u00f3n advierten que el gobierno republicano ha endurecido los procedimientos: cada comparecencia en la corte puede convertirse en un pasaporte directo a un centro de detenci\u00f3n. <\/p>\n\n\n\n<p><em>\u201cEs m\u00e1s f\u00e1cil cumplir la cuota de detenidos atrapando a quienes se presentan voluntariamente\u201d<\/em>, explic\u00f3 el letrado Willy Allen a la reportera de <strong>El Pa\u00eds<\/strong>.<\/p>\n\n\n\n<p>El limbo migratorio en el que hoy viven los hermanos S\u00e1nchez es tambi\u00e9n el de muchos otros cubanos, pero tambi\u00e9n venezolanos y nicarag\u00fcenses que llegaron a EE UU huyendo de reg\u00edmenes autoritarios y que ahora enfrentan un clima mucho m\u00e1s hostil. El caso de los hermanos evidencia c\u00f3mo la l\u00ednea entre un \u201crefugiado leg\u00edtimo\u201d y un \u201cdetenido por ICE\u201d se ha vuelto cada vez m\u00e1s delgada, incluso para quienes cumplen con los requisitos legales.<\/p>\n\n\n\n<iframe loading=\"lazy\" src=\"https:\/\/www.facebook.com\/plugins\/post.php?href=https%3A%2F%2Fwww.facebook.com%2Fcristhian.gonzalez.330467%2Fposts%2Fpfbid02K1a2qhyxbEWpjmTL4bkNHXLfpwteWrd9DHNQ6vQ8gSnvKPDEQEbmCborLsKjwG46l&#038;show_text=true&#038;width=500\" width=\"500\" height=\"710\" style=\"border:none;overflow:hidden\" scrolling=\"no\" frameborder=\"0\" allowfullscreen=\"true\" allow=\"autoplay; clipboard-write; encrypted-media; picture-in-picture; web-share\"><\/iframe>\n","protected":false},"excerpt":{"rendered":"<p>Aunque llegaron legalmente a trav\u00e9s del programa CBP One y presentaron solicitudes de asilo bien fundamentadas, ambos fueron arrestados tras acudir puntualmente a una audiencia en la corte de Phoenix. Desde entonces permanecen en el centro de detenci\u00f3n de Eloy, a la espera de un nuevo examen que podr\u00eda definir si son deportados o permanecen en Estados Unidos. <\/p>\n","protected":false},"author":13,"featured_media":219640,"comment_status":"open","ping_status":"closed","sticky":false,"template":"","format":"standard","meta":{"_acf_changed":false,"footnotes":""},"categories":[18,953],"tags":[2380,27413,11,700,1647,602,27412,2978,108],"class_list":{"0":"post-219637","1":"post","2":"type-post","3":"status-publish","4":"format-standard","5":"has-post-thumbnail","7":"category-noticias","8":"category-usa","9":"tag-asilo","10":"tag-carla-gloria-colome","11":"tag-cuba","12":"tag-donald-trump","13":"tag-el-pais","14":"tag-estados-unidos","15":"tag-hermanos-sanchez","16":"tag-ice","17":"tag-inmigracion"},"acf":[],"yoast_head":"<!-- This site is optimized with the Yoast SEO plugin v27.5 - https:\/\/yoast.com\/product\/yoast-seo-wordpress\/ -->\n<title>Dos hermanos cubanos en el limbo migratorio de EE.UU. - Cuballama Noticias<\/title>\n<meta name=\"description\" content=\"Dos hermanos cubanos que participaron en las protestas del 11 de julio de 2021 y sufrieron persecuci\u00f3n, est\u00e1n detenidos por ICE.\" \/>\n<meta name=\"robots\" content=\"index, follow, max-snippet:-1, max-image-preview:large, max-video-preview:-1\" \/>\n<link rel=\"canonical\" href=\"https:\/\/www.cuballama.com\/noticias\/dos-hermanos-cubanos-en-el-limbo-migratorio-de-ee-uu\/\" \/>\n<meta property=\"og:locale\" content=\"es_ES\" \/>\n<meta property=\"og:type\" content=\"article\" \/>\n<meta property=\"og:title\" content=\"Dos hermanos cubanos en el limbo migratorio de EE.UU. - Cuballama Noticias\" \/>\n<meta property=\"og:description\" content=\"Dos hermanos cubanos que participaron en las protestas del 11 de julio de 2021 y sufrieron persecuci\u00f3n, est\u00e1n detenidos por ICE.\" \/>\n<meta property=\"og:url\" content=\"https:\/\/www.cuballama.com\/noticias\/dos-hermanos-cubanos-en-el-limbo-migratorio-de-ee-uu\/\" \/>\n<meta property=\"og:site_name\" content=\"Cuballama Noticias\" \/>\n<meta property=\"article:publisher\" content=\"https:\/\/www.facebook.com\/CubaLlama\" \/>\n<meta property=\"article:published_time\" content=\"2025-09-21T16:52:45+00:00\" \/>\n<meta property=\"article:modified_time\" content=\"2025-09-21T16:52:48+00:00\" \/>\n<meta property=\"og:image\" content=\"https:\/\/cdn1.mediawpaccore.net\/wp-content\/uploads\/2025\/09\/15050020\/image-74.png\" \/>\n\t<meta property=\"og:image:width\" content=\"1078\" \/>\n\t<meta property=\"og:image:height\" content=\"596\" \/>\n\t<meta property=\"og:image:type\" content=\"image\/png\" \/>\n<meta name=\"author\" content=\"Roberto A.\" \/>\n<meta name=\"twitter:card\" content=\"summary_large_image\" \/>\n<meta name=\"twitter:creator\" content=\"@cuballama\" \/>\n<meta name=\"twitter:site\" content=\"@cuballama\" \/>\n<meta name=\"twitter:label1\" content=\"Escrito por\" \/>\n\t<meta name=\"twitter:data1\" content=\"Roberto A.\" \/>\n\t<meta name=\"twitter:label2\" content=\"Tiempo de lectura\" \/>\n\t<meta name=\"twitter:data2\" content=\"3 minutos\" \/>\n<script type=\"application\/ld+json\" class=\"yoast-schema-graph\">{\"@context\":\"https:\\\/\\\/schema.org\",\"@graph\":[{\"@type\":\"Article\",\"@id\":\"https:\\\/\\\/www.cuballama.com\\\/noticias\\\/dos-hermanos-cubanos-en-el-limbo-migratorio-de-ee-uu\\\/#article\",\"isPartOf\":{\"@id\":\"https:\\\/\\\/www.cuballama.com\\\/noticias\\\/dos-hermanos-cubanos-en-el-limbo-migratorio-de-ee-uu\\\/\"},\"author\":{\"name\":\"Roberto A.\",\"@id\":\"https:\\\/\\\/www.cuballama.com\\\/noticias\\\/#\\\/schema\\\/person\\\/a58502ed4146c8e9f83872e897c76cd2\"},\"headline\":\"Dos hermanos cubanos en el limbo migratorio de EE.UU.\",\"datePublished\":\"2025-09-21T16:52:45+00:00\",\"dateModified\":\"2025-09-21T16:52:48+00:00\",\"mainEntityOfPage\":{\"@id\":\"https:\\\/\\\/www.cuballama.com\\\/noticias\\\/dos-hermanos-cubanos-en-el-limbo-migratorio-de-ee-uu\\\/\"},\"wordCount\":536,\"commentCount\":0,\"publisher\":{\"@id\":\"https:\\\/\\\/www.cuballama.com\\\/noticias\\\/#organization\"},\"image\":{\"@id\":\"https:\\\/\\\/www.cuballama.com\\\/noticias\\\/dos-hermanos-cubanos-en-el-limbo-migratorio-de-ee-uu\\\/#primaryimage\"},\"thumbnailUrl\":\"https:\\\/\\\/cdn1.mediawpaccore.net\\\/wp-content\\\/uploads\\\/2025\\\/09\\\/15050020\\\/image-74.png\",\"keywords\":[\"asilo\",\"Carla Gloria Colom\u00e9\",\"Cuba\",\"Donald Trump\",\"El Pa\u00eds\",\"Estados Unidos\",\"hermanos S\u00e1nchez\",\"ICE\",\"inmigraci\u00f3n\"],\"articleSection\":[\"Noticias\",\"USA\"],\"inLanguage\":\"es\",\"potentialAction\":[{\"@type\":\"CommentAction\",\"name\":\"Comment\",\"target\":[\"https:\\\/\\\/www.cuballama.com\\\/noticias\\\/dos-hermanos-cubanos-en-el-limbo-migratorio-de-ee-uu\\\/#respond\"]}]},{\"@type\":\"WebPage\",\"@id\":\"https:\\\/\\\/www.cuballama.com\\\/noticias\\\/dos-hermanos-cubanos-en-el-limbo-migratorio-de-ee-uu\\\/\",\"url\":\"https:\\\/\\\/www.cuballama.com\\\/noticias\\\/dos-hermanos-cubanos-en-el-limbo-migratorio-de-ee-uu\\\/\",\"name\":\"Dos hermanos cubanos en el limbo migratorio de EE.UU. - Cuballama Noticias\",\"isPartOf\":{\"@id\":\"https:\\\/\\\/www.cuballama.com\\\/noticias\\\/#website\"},\"primaryImageOfPage\":{\"@id\":\"https:\\\/\\\/www.cuballama.com\\\/noticias\\\/dos-hermanos-cubanos-en-el-limbo-migratorio-de-ee-uu\\\/#primaryimage\"},\"image\":{\"@id\":\"https:\\\/\\\/www.cuballama.com\\\/noticias\\\/dos-hermanos-cubanos-en-el-limbo-migratorio-de-ee-uu\\\/#primaryimage\"},\"thumbnailUrl\":\"https:\\\/\\\/cdn1.mediawpaccore.net\\\/wp-content\\\/uploads\\\/2025\\\/09\\\/15050020\\\/image-74.png\",\"datePublished\":\"2025-09-21T16:52:45+00:00\",\"dateModified\":\"2025-09-21T16:52:48+00:00\",\"description\":\"Dos hermanos cubanos que participaron en las protestas del 11 de julio de 2021 y sufrieron persecuci\u00f3n, est\u00e1n detenidos por ICE.\",\"breadcrumb\":{\"@id\":\"https:\\\/\\\/www.cuballama.com\\\/noticias\\\/dos-hermanos-cubanos-en-el-limbo-migratorio-de-ee-uu\\\/#breadcrumb\"},\"inLanguage\":\"es\",\"potentialAction\":[{\"@type\":\"ReadAction\",\"target\":[\"https:\\\/\\\/www.cuballama.com\\\/noticias\\\/dos-hermanos-cubanos-en-el-limbo-migratorio-de-ee-uu\\\/\"]}]},{\"@type\":\"ImageObject\",\"inLanguage\":\"es\",\"@id\":\"https:\\\/\\\/www.cuballama.com\\\/noticias\\\/dos-hermanos-cubanos-en-el-limbo-migratorio-de-ee-uu\\\/#primaryimage\",\"url\":\"https:\\\/\\\/cdn1.mediawpaccore.net\\\/wp-content\\\/uploads\\\/2025\\\/09\\\/15050020\\\/image-74.png\",\"contentUrl\":\"https:\\\/\\\/cdn1.mediawpaccore.net\\\/wp-content\\\/uploads\\\/2025\\\/09\\\/15050020\\\/image-74.png\",\"width\":1078,\"height\":596,\"caption\":\"Foto: V\u00eda Gofundme (https:\\\/\\\/www.gofundme.com\\\/f\\\/manifestantes-del-11j-detenidos-por-ice)\"},{\"@type\":\"BreadcrumbList\",\"@id\":\"https:\\\/\\\/www.cuballama.com\\\/noticias\\\/dos-hermanos-cubanos-en-el-limbo-migratorio-de-ee-uu\\\/#breadcrumb\",\"itemListElement\":[{\"@type\":\"ListItem\",\"position\":1,\"name\":\"Home\",\"item\":\"https:\\\/\\\/www.cuballama.com\\\/noticias\\\/\"},{\"@type\":\"ListItem\",\"position\":2,\"name\":\"Dos hermanos cubanos en el limbo migratorio de EE.UU.\"}]},{\"@type\":\"WebSite\",\"@id\":\"https:\\\/\\\/www.cuballama.com\\\/noticias\\\/#website\",\"url\":\"https:\\\/\\\/www.cuballama.com\\\/noticias\\\/\",\"name\":\"Cuballama Noticias\",\"description\":\"Medio digital sobre Cuba y el mundo\",\"publisher\":{\"@id\":\"https:\\\/\\\/www.cuballama.com\\\/noticias\\\/#organization\"},\"potentialAction\":[{\"@type\":\"SearchAction\",\"target\":{\"@type\":\"EntryPoint\",\"urlTemplate\":\"https:\\\/\\\/www.cuballama.com\\\/noticias\\\/?s={search_term_string}\"},\"query-input\":{\"@type\":\"PropertyValueSpecification\",\"valueRequired\":true,\"valueName\":\"search_term_string\"}}],\"inLanguage\":\"es\"},{\"@type\":\"Organization\",\"@id\":\"https:\\\/\\\/www.cuballama.com\\\/noticias\\\/#organization\",\"name\":\"Cuballama\",\"url\":\"https:\\\/\\\/www.cuballama.com\\\/noticias\\\/\",\"logo\":{\"@type\":\"ImageObject\",\"inLanguage\":\"es\",\"@id\":\"https:\\\/\\\/www.cuballama.com\\\/noticias\\\/#\\\/schema\\\/logo\\\/image\\\/\",\"url\":\"https:\\\/\\\/cdn1.mediawpaccore.net\\\/wp-content\\\/uploads\\\/2021\\\/12\\\/28171206\\\/cbll-logo-color-sm.png\",\"contentUrl\":\"https:\\\/\\\/cdn1.mediawpaccore.net\\\/wp-content\\\/uploads\\\/2021\\\/12\\\/28171206\\\/cbll-logo-color-sm.png\",\"width\":600,\"height\":133,\"caption\":\"Cuballama\"},\"image\":{\"@id\":\"https:\\\/\\\/www.cuballama.com\\\/noticias\\\/#\\\/schema\\\/logo\\\/image\\\/\"},\"sameAs\":[\"https:\\\/\\\/www.facebook.com\\\/CubaLlama\",\"https:\\\/\\\/x.com\\\/cuballama\",\"https:\\\/\\\/www.instagram.com\\\/stories\\\/cuballama_oficial\\\/\",\"https:\\\/\\\/www.youtube.com\\\/channel\\\/UCKkFE-d_axENGZcrc4as0IA\"]},{\"@type\":\"Person\",\"@id\":\"https:\\\/\\\/www.cuballama.com\\\/noticias\\\/#\\\/schema\\\/person\\\/a58502ed4146c8e9f83872e897c76cd2\",\"name\":\"Roberto A.\",\"description\":\"Roberto A. Periodista por decisi\u00f3n propia. Interesado en cualquier tema que me apasione y cada vez m\u00e1s comprometido con la verdad y la objetividad period\u00edstica. Graduado en La Habana hace ya muchos a\u00f1os, luego de una accidentada y polvorienta b\u00fasqueda de informaci\u00f3n sobre un tema in\u00e9dito. La Tesis, por cierto, desapareci\u00f3 de la biblioteca y no se conservan copias de la misma.\",\"url\":\"https:\\\/\\\/www.cuballama.com\\\/noticias\\\/author\\\/roberto\\\/\"}]}<\/script>\n<!-- \/ Yoast SEO plugin. -->","yoast_head_json":{"title":"Dos hermanos cubanos en el limbo migratorio de EE.UU. - Cuballama Noticias","description":"Dos hermanos cubanos que participaron en las protestas del 11 de julio de 2021 y sufrieron persecuci\u00f3n, est\u00e1n detenidos por ICE.","robots":{"index":"index","follow":"follow","max-snippet":"max-snippet:-1","max-image-preview":"max-image-preview:large","max-video-preview":"max-video-preview:-1"},"canonical":"https:\/\/www.cuballama.com\/noticias\/dos-hermanos-cubanos-en-el-limbo-migratorio-de-ee-uu\/","og_locale":"es_ES","og_type":"article","og_title":"Dos hermanos cubanos en el limbo migratorio de EE.UU. - Cuballama Noticias","og_description":"Dos hermanos cubanos que participaron en las protestas del 11 de julio de 2021 y sufrieron persecuci\u00f3n, est\u00e1n detenidos por ICE.","og_url":"https:\/\/www.cuballama.com\/noticias\/dos-hermanos-cubanos-en-el-limbo-migratorio-de-ee-uu\/","og_site_name":"Cuballama Noticias","article_publisher":"https:\/\/www.facebook.com\/CubaLlama","article_published_time":"2025-09-21T16:52:45+00:00","article_modified_time":"2025-09-21T16:52:48+00:00","og_image":[{"width":1078,"height":596,"url":"https:\/\/cdn1.mediawpaccore.net\/wp-content\/uploads\/2025\/09\/15050020\/image-74.png","type":"image\/png"}],"author":"Roberto A.","twitter_card":"summary_large_image","twitter_creator":"@cuballama","twitter_site":"@cuballama","twitter_misc":{"Escrito por":"Roberto A.","Tiempo de lectura":"3 minutos"},"schema":{"@context":"https:\/\/schema.org","@graph":[{"@type":"Article","@id":"https:\/\/www.cuballama.com\/noticias\/dos-hermanos-cubanos-en-el-limbo-migratorio-de-ee-uu\/#article","isPartOf":{"@id":"https:\/\/www.cuballama.com\/noticias\/dos-hermanos-cubanos-en-el-limbo-migratorio-de-ee-uu\/"},"author":{"name":"Roberto A.","@id":"https:\/\/www.cuballama.com\/noticias\/#\/schema\/person\/a58502ed4146c8e9f83872e897c76cd2"},"headline":"Dos hermanos cubanos en el limbo migratorio de EE.UU.","datePublished":"2025-09-21T16:52:45+00:00","dateModified":"2025-09-21T16:52:48+00:00","mainEntityOfPage":{"@id":"https:\/\/www.cuballama.com\/noticias\/dos-hermanos-cubanos-en-el-limbo-migratorio-de-ee-uu\/"},"wordCount":536,"commentCount":0,"publisher":{"@id":"https:\/\/www.cuballama.com\/noticias\/#organization"},"image":{"@id":"https:\/\/www.cuballama.com\/noticias\/dos-hermanos-cubanos-en-el-limbo-migratorio-de-ee-uu\/#primaryimage"},"thumbnailUrl":"https:\/\/cdn1.mediawpaccore.net\/wp-content\/uploads\/2025\/09\/15050020\/image-74.png","keywords":["asilo","Carla Gloria Colom\u00e9","Cuba","Donald Trump","El Pa\u00eds","Estados Unidos","hermanos S\u00e1nchez","ICE","inmigraci\u00f3n"],"articleSection":["Noticias","USA"],"inLanguage":"es","potentialAction":[{"@type":"CommentAction","name":"Comment","target":["https:\/\/www.cuballama.com\/noticias\/dos-hermanos-cubanos-en-el-limbo-migratorio-de-ee-uu\/#respond"]}]},{"@type":"WebPage","@id":"https:\/\/www.cuballama.com\/noticias\/dos-hermanos-cubanos-en-el-limbo-migratorio-de-ee-uu\/","url":"https:\/\/www.cuballama.com\/noticias\/dos-hermanos-cubanos-en-el-limbo-migratorio-de-ee-uu\/","name":"Dos hermanos cubanos en el limbo migratorio de EE.UU. - Cuballama Noticias","isPartOf":{"@id":"https:\/\/www.cuballama.com\/noticias\/#website"},"primaryImageOfPage":{"@id":"https:\/\/www.cuballama.com\/noticias\/dos-hermanos-cubanos-en-el-limbo-migratorio-de-ee-uu\/#primaryimage"},"image":{"@id":"https:\/\/www.cuballama.com\/noticias\/dos-hermanos-cubanos-en-el-limbo-migratorio-de-ee-uu\/#primaryimage"},"thumbnailUrl":"https:\/\/cdn1.mediawpaccore.net\/wp-content\/uploads\/2025\/09\/15050020\/image-74.png","datePublished":"2025-09-21T16:52:45+00:00","dateModified":"2025-09-21T16:52:48+00:00","description":"Dos hermanos cubanos que participaron en las protestas del 11 de julio de 2021 y sufrieron persecuci\u00f3n, est\u00e1n detenidos por ICE.","breadcrumb":{"@id":"https:\/\/www.cuballama.com\/noticias\/dos-hermanos-cubanos-en-el-limbo-migratorio-de-ee-uu\/#breadcrumb"},"inLanguage":"es","potentialAction":[{"@type":"ReadAction","target":["https:\/\/www.cuballama.com\/noticias\/dos-hermanos-cubanos-en-el-limbo-migratorio-de-ee-uu\/"]}]},{"@type":"ImageObject","inLanguage":"es","@id":"https:\/\/www.cuballama.com\/noticias\/dos-hermanos-cubanos-en-el-limbo-migratorio-de-ee-uu\/#primaryimage","url":"https:\/\/cdn1.mediawpaccore.net\/wp-content\/uploads\/2025\/09\/15050020\/image-74.png","contentUrl":"https:\/\/cdn1.mediawpaccore.net\/wp-content\/uploads\/2025\/09\/15050020\/image-74.png","width":1078,"height":596,"caption":"Foto: V\u00eda Gofundme (https:\/\/www.gofundme.com\/f\/manifestantes-del-11j-detenidos-por-ice)"},{"@type":"BreadcrumbList","@id":"https:\/\/www.cuballama.com\/noticias\/dos-hermanos-cubanos-en-el-limbo-migratorio-de-ee-uu\/#breadcrumb","itemListElement":[{"@type":"ListItem","position":1,"name":"Home","item":"https:\/\/www.cuballama.com\/noticias\/"},{"@type":"ListItem","position":2,"name":"Dos hermanos cubanos en el limbo migratorio de EE.UU."}]},{"@type":"WebSite","@id":"https:\/\/www.cuballama.com\/noticias\/#website","url":"https:\/\/www.cuballama.com\/noticias\/","name":"Cuballama Noticias","description":"Medio digital sobre Cuba y el mundo","publisher":{"@id":"https:\/\/www.cuballama.com\/noticias\/#organization"},"potentialAction":[{"@type":"SearchAction","target":{"@type":"EntryPoint","urlTemplate":"https:\/\/www.cuballama.com\/noticias\/?s={search_term_string}"},"query-input":{"@type":"PropertyValueSpecification","valueRequired":true,"valueName":"search_term_string"}}],"inLanguage":"es"},{"@type":"Organization","@id":"https:\/\/www.cuballama.com\/noticias\/#organization","name":"Cuballama","url":"https:\/\/www.cuballama.com\/noticias\/","logo":{"@type":"ImageObject","inLanguage":"es","@id":"https:\/\/www.cuballama.com\/noticias\/#\/schema\/logo\/image\/","url":"https:\/\/cdn1.mediawpaccore.net\/wp-content\/uploads\/2021\/12\/28171206\/cbll-logo-color-sm.png","contentUrl":"https:\/\/cdn1.mediawpaccore.net\/wp-content\/uploads\/2021\/12\/28171206\/cbll-logo-color-sm.png","width":600,"height":133,"caption":"Cuballama"},"image":{"@id":"https:\/\/www.cuballama.com\/noticias\/#\/schema\/logo\/image\/"},"sameAs":["https:\/\/www.facebook.com\/CubaLlama","https:\/\/x.com\/cuballama","https:\/\/www.instagram.com\/stories\/cuballama_oficial\/","https:\/\/www.youtube.com\/channel\/UCKkFE-d_axENGZcrc4as0IA"]},{"@type":"Person","@id":"https:\/\/www.cuballama.com\/noticias\/#\/schema\/person\/a58502ed4146c8e9f83872e897c76cd2","name":"Roberto A.","description":"Roberto A. Periodista por decisi\u00f3n propia. Interesado en cualquier tema que me apasione y cada vez m\u00e1s comprometido con la verdad y la objetividad period\u00edstica. Graduado en La Habana hace ya muchos a\u00f1os, luego de una accidentada y polvorienta b\u00fasqueda de informaci\u00f3n sobre un tema in\u00e9dito. La Tesis, por cierto, desapareci\u00f3 de la biblioteca y no se conservan copias de la misma.","url":"https:\/\/www.cuballama.com\/noticias\/author\/roberto\/"}]}},"_links":{"self":[{"href":"https:\/\/www.cuballama.com\/noticias\/wp-json\/wp\/v2\/posts\/219637","targetHints":{"allow":["GET"]}}],"collection":[{"href":"https:\/\/www.cuballama.com\/noticias\/wp-json\/wp\/v2\/posts"}],"about":[{"href":"https:\/\/www.cuballama.com\/noticias\/wp-json\/wp\/v2\/types\/post"}],"author":[{"embeddable":true,"href":"https:\/\/www.cuballama.com\/noticias\/wp-json\/wp\/v2\/users\/13"}],"replies":[{"embeddable":true,"href":"https:\/\/www.cuballama.com\/noticias\/wp-json\/wp\/v2\/comments?post=219637"}],"version-history":[{"count":5,"href":"https:\/\/www.cuballama.com\/noticias\/wp-json\/wp\/v2\/posts\/219637\/revisions"}],"predecessor-version":[{"id":219643,"href":"https:\/\/www.cuballama.com\/noticias\/wp-json\/wp\/v2\/posts\/219637\/revisions\/219643"}],"wp:featuredmedia":[{"embeddable":true,"href":"https:\/\/www.cuballama.com\/noticias\/wp-json\/wp\/v2\/media\/219640"}],"wp:attachment":[{"href":"https:\/\/www.cuballama.com\/noticias\/wp-json\/wp\/v2\/media?parent=219637"}],"wp:term":[{"taxonomy":"category","embeddable":true,"href":"https:\/\/www.cuballama.com\/noticias\/wp-json\/wp\/v2\/categories?post=219637"},{"taxonomy":"post_tag","embeddable":true,"href":"https:\/\/www.cuballama.com\/noticias\/wp-json\/wp\/v2\/tags?post=219637"}],"curies":[{"name":"wp","href":"https:\/\/api.w.org\/{rel}","templated":true}]}}