{"id":219097,"date":"2025-09-10T06:49:44","date_gmt":"2025-09-10T10:49:44","guid":{"rendered":"https:\/\/www.cuballama.com\/noticias\/?p=219097"},"modified":"2025-09-17T15:27:25","modified_gmt":"2025-09-17T19:27:25","slug":"cubana-involucrada-en-asesinato-de-joven-de-hialeah-comparece-por-primera-vez-en-corte","status":"publish","type":"post","link":"https:\/\/www.cuballama.com\/noticias\/cubana-involucrada-en-asesinato-de-joven-de-hialeah-comparece-por-primera-vez-en-corte\/","title":{"rendered":"Cubana involucrada en asesinato de joven de Hialeah comparece por primera vez en corte"},"content":{"rendered":"\n<p><a href=\"https:\/\/www.cuballama.com\/noticias\/arrestada-en-mexico-y-extraditada-a-florida-madre-cubana-buscada-por-asesinato\/?srsltid=AfmBOoqxuMiVFUX0gQtS67MK1TQ5jmirfA_OydcNoIVcu-LOf_Is0iK3\" target=\"_blank\" rel=\"noreferrer noopener\">Ariely \u00c1lvarez Cabrera<\/a>, la cubana que habr\u00eda ayudado a su esposo, Alfredo Carballo Gonz\u00e1lez, despu\u00e9s de que este asesinara al tambi\u00e9n cubano Daylon Fleitas, quien resid\u00eda en Hialeah, Florida, se present\u00f3 este martes en una corte del condado de Broward.<\/p>\n\n\n\n<p>Tras ser extraditada el lunes desde M\u00e9xico, pa\u00eds donde se entreg\u00f3 a las autoridades, y aterrizar con su hijo de seis meses de nacido en el aeropuerto de Fort Lauderdale, la joven fue acusada por manipulaci\u00f3n de evidencia y complicidad despu\u00e9s del hecho.<\/p>\n\n\n\n<p>A la espera de que la mujer sea extraditada a Miami-Dade, condado en el que ocurri\u00f3 el crimen y donde deber\u00e1 enfrentar otra audiencia de fianza, un juez de Broward le impuso una fianza de 100.000 d\u00f3lares por cada cargo.<\/p>\n\n\n\n<iframe loading=\"lazy\" src=\"https:\/\/www.facebook.com\/plugins\/post.php?href=https%3A%2F%2Fwww.facebook.com%2FJavierDiazTV%2Fposts%2Fpfbid02uyvhdDCQKdFV64VptQcjzfGryrmgeZaefRnGzefTyc7SST4v1PTzaj1bT5qdbNzdl&#038;show_text=true&#038;width=500\" width=\"500\" height=\"736\" style=\"border:none;overflow:hidden\" scrolling=\"no\" frameborder=\"0\" allowfullscreen=\"true\" allow=\"autoplay; clipboard-write; encrypted-media; picture-in-picture; web-share\"><\/iframe>\n\n\n\n<p>No obstante, Carmen Soler, la madre de la v\u00edctima, dijo al periodista Javier D\u00edaz, de <em>Univisi\u00f3n 23<\/em>, que no est\u00e1 de acuerdo con la fianza impuesta y que espera que en Miami-Dade la dejen detenida. \u201cLe pedimos a las autoridades que revisen bien el caso y que valoren c\u00f3mo est\u00e1 esta familia devastada\u201d, se\u00f1al\u00f3.<\/p>\n\n\n\n<p>Por otro lado, se sabe que Alain, el beb\u00e9 de <a href=\"https:\/\/www.cuballama.com\/noticias\/salen-a-la-luz-detalles-de-pareja-de-cubanos-buscada-en-miami-por-asesinato\/\" target=\"_blank\" rel=\"noreferrer noopener\">\u00c1lvarez Cabrera y Carballo Gonz\u00e1lez<\/a>, se encuentra a salvo en manos de las autoridades de Florida.<\/p>\n\n\n\n<p>Seg\u00fan trascendi\u00f3 en redes sociales, ella, natural de San Antonio de los Ba\u00f1os, en la actual provincia de Artemisa, trabajaba en un sal\u00f3n de tratamientos de belleza en Miami desde hace unos cuatro a\u00f1os.<\/p>\n\n\n\n<iframe loading=\"lazy\" src=\"https:\/\/www.facebook.com\/plugins\/video.php?height=314&#038;href=https%3A%2F%2Fwww.facebook.com%2FJavierDiazTV%2Fvideos%2F1760360241275629%2F&#038;show_text=true&#038;width=560&#038;t=0\" width=\"560\" height=\"429\" style=\"border:none;overflow:hidden\" scrolling=\"no\" frameborder=\"0\" allowfullscreen=\"true\" allow=\"autoplay; clipboard-write; encrypted-media; picture-in-picture; web-share\" allowFullScreen=\"true\"><\/iframe>\n\n\n\n<p>Carballo Gonz\u00e1lez, el hombre a quien las autoridades responsabilizan por el asesinato a pu\u00f1aladas de Fleitas, contin\u00faa pr\u00f3fugo de la justicia y las autoridades lo califican como extremadamente peligroso.<\/p>\n\n\n\n<p>Desde la Oficina del Sheriff del Condado de Miami-Dade (MDSO por sus siglas en ingl\u00e9s) solicitaron que, si alguien tiene informaci\u00f3n sobre el paradero de Carballo Gonz\u00e1lez, \u201cllame a la L\u00ednea de Alto al Crimen de Miami-Dade al 305-471-TIPS (8477)\u201d.<\/p>\n\n\n\n<p>La investigaci\u00f3n del caso revel\u00f3 que el domingo 3 de agosto la v\u00edctima se reuni\u00f3 con Carballo Gonz\u00e1lez en la zona de la avenida 95 y la calle 106 del noroeste, en Medley, ciudad contigua a Hialeah, con el fin de cobrar un pr\u00e9stamo de 10 mil d\u00f3lares.&nbsp;<\/p>\n\n\n\n<iframe loading=\"lazy\" src=\"https:\/\/www.facebook.com\/plugins\/video.php?height=314&#038;href=https%3A%2F%2Fwww.facebook.com%2FJavierDiazTV%2Fvideos%2F1739070393444468%2F&#038;show_text=true&#038;width=560&#038;t=0\" width=\"560\" height=\"429\" style=\"border:none;overflow:hidden\" scrolling=\"no\" frameborder=\"0\" allowfullscreen=\"true\" allow=\"autoplay; clipboard-write; encrypted-media; picture-in-picture; web-share\" allowFullScreen=\"true\"><\/iframe>\n\n\n\n<p>\u201cSe vio al sujeto entrar en la camioneta de la v\u00edctima, donde se produjo un altercado. Poco despu\u00e9s, el sujeto coloc\u00f3 un contenedor de reciclaje en la parte trasera de la camioneta de la v\u00edctima y se la llev\u00f3, seguido por otro veh\u00edculo\u201d, relat\u00f3 la MDSO.<\/p>\n\n\n\n<p>De igual forma, se determin\u00f3 que el otro veh\u00edculo era conducido por \u00c1lvarez Cabrera.<\/p>\n\n\n\n<p>El 8 de agosto detectives de Homicidios y la Unidad de Apoyo A\u00e9reo de la MDSO hallaron la camioneta de la v\u00edctima junto a \u201cvarios objetos de valor probatorio\u201d.<\/p>\n\n\n\n<p>Luego, \u201crealizaron un reconocimiento de la zona y localizaron el contenedor de reciclaje que el sujeto hab\u00eda colocado previamente en la parte trasera de la camioneta, con su cuerpo sin vida dentro\u201d.<\/p>\n\n\n\n<p><\/p>\n","protected":false},"excerpt":{"rendered":"<p>La joven fue acusada por manipulaci\u00f3n de evidencia y complicidad despu\u00e9s del hecho.<\/p>\n","protected":false},"author":30,"featured_media":219098,"comment_status":"open","ping_status":"closed","sticky":false,"template":"","format":"standard","meta":{"_acf_changed":false,"footnotes":""},"categories":[18,954],"tags":[27210,18871,11050,26205,941],"class_list":{"0":"post-219097","1":"post","2":"type-post","3":"status-publish","4":"format-standard","5":"has-post-thumbnail","7":"category-noticias","8":"category-noticias-de-florida","9":"tag-asesinato-en-miami","10":"tag-crimen-en-miami","11":"tag-cubanos-en-miami","12":"tag-daylon-fleitas","13":"tag-destacado"},"acf":[],"yoast_head":"<!-- This site is optimized with the Yoast SEO plugin v27.5 - https:\/\/yoast.com\/product\/yoast-seo-wordpress\/ -->\n<title>Cubana involucrada en asesinato de joven de Hialeah comparece por primera vez en corte -Cuballama Noticias<\/title>\n<meta name=\"description\" content=\"La cubana Ariely \u00c1lvarez Cabrera habr\u00eda ayudado a su esposo despu\u00e9s de que este asesinara a otro cubano al que conoc\u00edan.\" \/>\n<meta name=\"robots\" content=\"index, follow, max-snippet:-1, max-image-preview:large, max-video-preview:-1\" \/>\n<link rel=\"canonical\" href=\"https:\/\/www.cuballama.com\/noticias\/cubana-involucrada-en-asesinato-de-joven-de-hialeah-comparece-por-primera-vez-en-corte\/\" \/>\n<meta property=\"og:locale\" content=\"es_ES\" \/>\n<meta property=\"og:type\" content=\"article\" \/>\n<meta property=\"og:title\" content=\"Cubana involucrada en asesinato de joven de Hialeah comparece por primera vez en corte -Cuballama Noticias\" \/>\n<meta property=\"og:description\" content=\"La cubana Ariely \u00c1lvarez Cabrera habr\u00eda ayudado a su esposo despu\u00e9s de que este asesinara a otro cubano al que conoc\u00edan.\" \/>\n<meta property=\"og:url\" content=\"https:\/\/www.cuballama.com\/noticias\/cubana-involucrada-en-asesinato-de-joven-de-hialeah-comparece-por-primera-vez-en-corte\/\" \/>\n<meta property=\"og:site_name\" content=\"Cuballama Noticias\" \/>\n<meta property=\"article:publisher\" content=\"https:\/\/www.facebook.com\/CubaLlama\" \/>\n<meta property=\"article:published_time\" content=\"2025-09-10T10:49:44+00:00\" \/>\n<meta property=\"article:modified_time\" content=\"2025-09-17T19:27:25+00:00\" \/>\n<meta property=\"og:image\" content=\"https:\/\/cdn1.mediawpaccore.net\/wp-content\/uploads\/2025\/09\/09210200\/1757443267-presenta-corte-cubana-acusada-complicidad-ocurrido-hialeah.jpg\" \/>\n\t<meta property=\"og:image:width\" content=\"1200\" \/>\n\t<meta property=\"og:image:height\" content=\"630\" \/>\n\t<meta property=\"og:image:type\" content=\"image\/jpeg\" \/>\n<meta name=\"author\" content=\"Kathy\" \/>\n<meta name=\"twitter:card\" content=\"summary_large_image\" \/>\n<meta name=\"twitter:creator\" content=\"@cuballama\" \/>\n<meta name=\"twitter:site\" content=\"@cuballama\" \/>\n<meta name=\"twitter:label1\" content=\"Escrito por\" \/>\n\t<meta name=\"twitter:data1\" content=\"Kathy\" \/>\n\t<meta name=\"twitter:label2\" content=\"Tiempo de lectura\" \/>\n\t<meta name=\"twitter:data2\" content=\"3 minutos\" \/>\n<script type=\"application\/ld+json\" class=\"yoast-schema-graph\">{\"@context\":\"https:\\\/\\\/schema.org\",\"@graph\":[{\"@type\":\"Article\",\"@id\":\"https:\\\/\\\/www.cuballama.com\\\/noticias\\\/cubana-involucrada-en-asesinato-de-joven-de-hialeah-comparece-por-primera-vez-en-corte\\\/#article\",\"isPartOf\":{\"@id\":\"https:\\\/\\\/www.cuballama.com\\\/noticias\\\/cubana-involucrada-en-asesinato-de-joven-de-hialeah-comparece-por-primera-vez-en-corte\\\/\"},\"author\":{\"name\":\"Kathy\",\"@id\":\"https:\\\/\\\/www.cuballama.com\\\/noticias\\\/#\\\/schema\\\/person\\\/86cd3e3f4974437f031211213bf892d5\"},\"headline\":\"Cubana involucrada en asesinato de joven de Hialeah comparece por primera vez en corte\",\"datePublished\":\"2025-09-10T10:49:44+00:00\",\"dateModified\":\"2025-09-17T19:27:25+00:00\",\"mainEntityOfPage\":{\"@id\":\"https:\\\/\\\/www.cuballama.com\\\/noticias\\\/cubana-involucrada-en-asesinato-de-joven-de-hialeah-comparece-por-primera-vez-en-corte\\\/\"},\"wordCount\":524,\"commentCount\":0,\"publisher\":{\"@id\":\"https:\\\/\\\/www.cuballama.com\\\/noticias\\\/#organization\"},\"image\":{\"@id\":\"https:\\\/\\\/www.cuballama.com\\\/noticias\\\/cubana-involucrada-en-asesinato-de-joven-de-hialeah-comparece-por-primera-vez-en-corte\\\/#primaryimage\"},\"thumbnailUrl\":\"https:\\\/\\\/cdn1.mediawpaccore.net\\\/wp-content\\\/uploads\\\/2025\\\/09\\\/09210200\\\/1757443267-presenta-corte-cubana-acusada-complicidad-ocurrido-hialeah.jpg\",\"keywords\":[\"asesinato en Miami\",\"Crimen en Miami\",\"cubanos en Miami\",\"Daylon Fleitas\",\"destacado\"],\"articleSection\":[\"Noticias\",\"Noticias de Florida\"],\"inLanguage\":\"es\",\"potentialAction\":[{\"@type\":\"CommentAction\",\"name\":\"Comment\",\"target\":[\"https:\\\/\\\/www.cuballama.com\\\/noticias\\\/cubana-involucrada-en-asesinato-de-joven-de-hialeah-comparece-por-primera-vez-en-corte\\\/#respond\"]}]},{\"@type\":\"WebPage\",\"@id\":\"https:\\\/\\\/www.cuballama.com\\\/noticias\\\/cubana-involucrada-en-asesinato-de-joven-de-hialeah-comparece-por-primera-vez-en-corte\\\/\",\"url\":\"https:\\\/\\\/www.cuballama.com\\\/noticias\\\/cubana-involucrada-en-asesinato-de-joven-de-hialeah-comparece-por-primera-vez-en-corte\\\/\",\"name\":\"Cubana involucrada en asesinato de joven de Hialeah comparece por primera vez en corte -Cuballama Noticias\",\"isPartOf\":{\"@id\":\"https:\\\/\\\/www.cuballama.com\\\/noticias\\\/#website\"},\"primaryImageOfPage\":{\"@id\":\"https:\\\/\\\/www.cuballama.com\\\/noticias\\\/cubana-involucrada-en-asesinato-de-joven-de-hialeah-comparece-por-primera-vez-en-corte\\\/#primaryimage\"},\"image\":{\"@id\":\"https:\\\/\\\/www.cuballama.com\\\/noticias\\\/cubana-involucrada-en-asesinato-de-joven-de-hialeah-comparece-por-primera-vez-en-corte\\\/#primaryimage\"},\"thumbnailUrl\":\"https:\\\/\\\/cdn1.mediawpaccore.net\\\/wp-content\\\/uploads\\\/2025\\\/09\\\/09210200\\\/1757443267-presenta-corte-cubana-acusada-complicidad-ocurrido-hialeah.jpg\",\"datePublished\":\"2025-09-10T10:49:44+00:00\",\"dateModified\":\"2025-09-17T19:27:25+00:00\",\"description\":\"La cubana Ariely \u00c1lvarez Cabrera habr\u00eda ayudado a su esposo despu\u00e9s de que este asesinara a otro cubano al que conoc\u00edan.\",\"breadcrumb\":{\"@id\":\"https:\\\/\\\/www.cuballama.com\\\/noticias\\\/cubana-involucrada-en-asesinato-de-joven-de-hialeah-comparece-por-primera-vez-en-corte\\\/#breadcrumb\"},\"inLanguage\":\"es\",\"potentialAction\":[{\"@type\":\"ReadAction\",\"target\":[\"https:\\\/\\\/www.cuballama.com\\\/noticias\\\/cubana-involucrada-en-asesinato-de-joven-de-hialeah-comparece-por-primera-vez-en-corte\\\/\"]}]},{\"@type\":\"ImageObject\",\"inLanguage\":\"es\",\"@id\":\"https:\\\/\\\/www.cuballama.com\\\/noticias\\\/cubana-involucrada-en-asesinato-de-joven-de-hialeah-comparece-por-primera-vez-en-corte\\\/#primaryimage\",\"url\":\"https:\\\/\\\/cdn1.mediawpaccore.net\\\/wp-content\\\/uploads\\\/2025\\\/09\\\/09210200\\\/1757443267-presenta-corte-cubana-acusada-complicidad-ocurrido-hialeah.jpg\",\"contentUrl\":\"https:\\\/\\\/cdn1.mediawpaccore.net\\\/wp-content\\\/uploads\\\/2025\\\/09\\\/09210200\\\/1757443267-presenta-corte-cubana-acusada-complicidad-ocurrido-hialeah.jpg\",\"width\":1200,\"height\":630,\"caption\":\"Ariely \u00c1lvarez. Foto: Facebook\\\/Javier D\u00edaz.\"},{\"@type\":\"BreadcrumbList\",\"@id\":\"https:\\\/\\\/www.cuballama.com\\\/noticias\\\/cubana-involucrada-en-asesinato-de-joven-de-hialeah-comparece-por-primera-vez-en-corte\\\/#breadcrumb\",\"itemListElement\":[{\"@type\":\"ListItem\",\"position\":1,\"name\":\"Home\",\"item\":\"https:\\\/\\\/www.cuballama.com\\\/noticias\\\/\"},{\"@type\":\"ListItem\",\"position\":2,\"name\":\"Cubana involucrada en asesinato de joven de Hialeah comparece por primera vez en corte\"}]},{\"@type\":\"WebSite\",\"@id\":\"https:\\\/\\\/www.cuballama.com\\\/noticias\\\/#website\",\"url\":\"https:\\\/\\\/www.cuballama.com\\\/noticias\\\/\",\"name\":\"Cuballama Noticias\",\"description\":\"Medio digital sobre Cuba y el mundo\",\"publisher\":{\"@id\":\"https:\\\/\\\/www.cuballama.com\\\/noticias\\\/#organization\"},\"potentialAction\":[{\"@type\":\"SearchAction\",\"target\":{\"@type\":\"EntryPoint\",\"urlTemplate\":\"https:\\\/\\\/www.cuballama.com\\\/noticias\\\/?s={search_term_string}\"},\"query-input\":{\"@type\":\"PropertyValueSpecification\",\"valueRequired\":true,\"valueName\":\"search_term_string\"}}],\"inLanguage\":\"es\"},{\"@type\":\"Organization\",\"@id\":\"https:\\\/\\\/www.cuballama.com\\\/noticias\\\/#organization\",\"name\":\"Cuballama\",\"url\":\"https:\\\/\\\/www.cuballama.com\\\/noticias\\\/\",\"logo\":{\"@type\":\"ImageObject\",\"inLanguage\":\"es\",\"@id\":\"https:\\\/\\\/www.cuballama.com\\\/noticias\\\/#\\\/schema\\\/logo\\\/image\\\/\",\"url\":\"https:\\\/\\\/cdn1.mediawpaccore.net\\\/wp-content\\\/uploads\\\/2021\\\/12\\\/28171206\\\/cbll-logo-color-sm.png\",\"contentUrl\":\"https:\\\/\\\/cdn1.mediawpaccore.net\\\/wp-content\\\/uploads\\\/2021\\\/12\\\/28171206\\\/cbll-logo-color-sm.png\",\"width\":600,\"height\":133,\"caption\":\"Cuballama\"},\"image\":{\"@id\":\"https:\\\/\\\/www.cuballama.com\\\/noticias\\\/#\\\/schema\\\/logo\\\/image\\\/\"},\"sameAs\":[\"https:\\\/\\\/www.facebook.com\\\/CubaLlama\",\"https:\\\/\\\/x.com\\\/cuballama\",\"https:\\\/\\\/www.instagram.com\\\/stories\\\/cuballama_oficial\\\/\",\"https:\\\/\\\/www.youtube.com\\\/channel\\\/UCKkFE-d_axENGZcrc4as0IA\"]},{\"@type\":\"Person\",\"@id\":\"https:\\\/\\\/www.cuballama.com\\\/noticias\\\/#\\\/schema\\\/person\\\/86cd3e3f4974437f031211213bf892d5\",\"name\":\"Kathy\",\"url\":\"https:\\\/\\\/www.cuballama.com\\\/noticias\\\/author\\\/kathy\\\/\"}]}<\/script>\n<!-- \/ Yoast SEO plugin. -->","yoast_head_json":{"title":"Cubana involucrada en asesinato de joven de Hialeah comparece por primera vez en corte -Cuballama Noticias","description":"La cubana Ariely \u00c1lvarez Cabrera habr\u00eda ayudado a su esposo despu\u00e9s de que este asesinara a otro cubano al que conoc\u00edan.","robots":{"index":"index","follow":"follow","max-snippet":"max-snippet:-1","max-image-preview":"max-image-preview:large","max-video-preview":"max-video-preview:-1"},"canonical":"https:\/\/www.cuballama.com\/noticias\/cubana-involucrada-en-asesinato-de-joven-de-hialeah-comparece-por-primera-vez-en-corte\/","og_locale":"es_ES","og_type":"article","og_title":"Cubana involucrada en asesinato de joven de Hialeah comparece por primera vez en corte -Cuballama Noticias","og_description":"La cubana Ariely \u00c1lvarez Cabrera habr\u00eda ayudado a su esposo despu\u00e9s de que este asesinara a otro cubano al que conoc\u00edan.","og_url":"https:\/\/www.cuballama.com\/noticias\/cubana-involucrada-en-asesinato-de-joven-de-hialeah-comparece-por-primera-vez-en-corte\/","og_site_name":"Cuballama Noticias","article_publisher":"https:\/\/www.facebook.com\/CubaLlama","article_published_time":"2025-09-10T10:49:44+00:00","article_modified_time":"2025-09-17T19:27:25+00:00","og_image":[{"width":1200,"height":630,"url":"https:\/\/cdn1.mediawpaccore.net\/wp-content\/uploads\/2025\/09\/09210200\/1757443267-presenta-corte-cubana-acusada-complicidad-ocurrido-hialeah.jpg","type":"image\/jpeg"}],"author":"Kathy","twitter_card":"summary_large_image","twitter_creator":"@cuballama","twitter_site":"@cuballama","twitter_misc":{"Escrito por":"Kathy","Tiempo de lectura":"3 minutos"},"schema":{"@context":"https:\/\/schema.org","@graph":[{"@type":"Article","@id":"https:\/\/www.cuballama.com\/noticias\/cubana-involucrada-en-asesinato-de-joven-de-hialeah-comparece-por-primera-vez-en-corte\/#article","isPartOf":{"@id":"https:\/\/www.cuballama.com\/noticias\/cubana-involucrada-en-asesinato-de-joven-de-hialeah-comparece-por-primera-vez-en-corte\/"},"author":{"name":"Kathy","@id":"https:\/\/www.cuballama.com\/noticias\/#\/schema\/person\/86cd3e3f4974437f031211213bf892d5"},"headline":"Cubana involucrada en asesinato de joven de Hialeah comparece por primera vez en corte","datePublished":"2025-09-10T10:49:44+00:00","dateModified":"2025-09-17T19:27:25+00:00","mainEntityOfPage":{"@id":"https:\/\/www.cuballama.com\/noticias\/cubana-involucrada-en-asesinato-de-joven-de-hialeah-comparece-por-primera-vez-en-corte\/"},"wordCount":524,"commentCount":0,"publisher":{"@id":"https:\/\/www.cuballama.com\/noticias\/#organization"},"image":{"@id":"https:\/\/www.cuballama.com\/noticias\/cubana-involucrada-en-asesinato-de-joven-de-hialeah-comparece-por-primera-vez-en-corte\/#primaryimage"},"thumbnailUrl":"https:\/\/cdn1.mediawpaccore.net\/wp-content\/uploads\/2025\/09\/09210200\/1757443267-presenta-corte-cubana-acusada-complicidad-ocurrido-hialeah.jpg","keywords":["asesinato en Miami","Crimen en Miami","cubanos en Miami","Daylon Fleitas","destacado"],"articleSection":["Noticias","Noticias de Florida"],"inLanguage":"es","potentialAction":[{"@type":"CommentAction","name":"Comment","target":["https:\/\/www.cuballama.com\/noticias\/cubana-involucrada-en-asesinato-de-joven-de-hialeah-comparece-por-primera-vez-en-corte\/#respond"]}]},{"@type":"WebPage","@id":"https:\/\/www.cuballama.com\/noticias\/cubana-involucrada-en-asesinato-de-joven-de-hialeah-comparece-por-primera-vez-en-corte\/","url":"https:\/\/www.cuballama.com\/noticias\/cubana-involucrada-en-asesinato-de-joven-de-hialeah-comparece-por-primera-vez-en-corte\/","name":"Cubana involucrada en asesinato de joven de Hialeah comparece por primera vez en corte -Cuballama Noticias","isPartOf":{"@id":"https:\/\/www.cuballama.com\/noticias\/#website"},"primaryImageOfPage":{"@id":"https:\/\/www.cuballama.com\/noticias\/cubana-involucrada-en-asesinato-de-joven-de-hialeah-comparece-por-primera-vez-en-corte\/#primaryimage"},"image":{"@id":"https:\/\/www.cuballama.com\/noticias\/cubana-involucrada-en-asesinato-de-joven-de-hialeah-comparece-por-primera-vez-en-corte\/#primaryimage"},"thumbnailUrl":"https:\/\/cdn1.mediawpaccore.net\/wp-content\/uploads\/2025\/09\/09210200\/1757443267-presenta-corte-cubana-acusada-complicidad-ocurrido-hialeah.jpg","datePublished":"2025-09-10T10:49:44+00:00","dateModified":"2025-09-17T19:27:25+00:00","description":"La cubana Ariely \u00c1lvarez Cabrera habr\u00eda ayudado a su esposo despu\u00e9s de que este asesinara a otro cubano al que conoc\u00edan.","breadcrumb":{"@id":"https:\/\/www.cuballama.com\/noticias\/cubana-involucrada-en-asesinato-de-joven-de-hialeah-comparece-por-primera-vez-en-corte\/#breadcrumb"},"inLanguage":"es","potentialAction":[{"@type":"ReadAction","target":["https:\/\/www.cuballama.com\/noticias\/cubana-involucrada-en-asesinato-de-joven-de-hialeah-comparece-por-primera-vez-en-corte\/"]}]},{"@type":"ImageObject","inLanguage":"es","@id":"https:\/\/www.cuballama.com\/noticias\/cubana-involucrada-en-asesinato-de-joven-de-hialeah-comparece-por-primera-vez-en-corte\/#primaryimage","url":"https:\/\/cdn1.mediawpaccore.net\/wp-content\/uploads\/2025\/09\/09210200\/1757443267-presenta-corte-cubana-acusada-complicidad-ocurrido-hialeah.jpg","contentUrl":"https:\/\/cdn1.mediawpaccore.net\/wp-content\/uploads\/2025\/09\/09210200\/1757443267-presenta-corte-cubana-acusada-complicidad-ocurrido-hialeah.jpg","width":1200,"height":630,"caption":"Ariely \u00c1lvarez. Foto: Facebook\/Javier D\u00edaz."},{"@type":"BreadcrumbList","@id":"https:\/\/www.cuballama.com\/noticias\/cubana-involucrada-en-asesinato-de-joven-de-hialeah-comparece-por-primera-vez-en-corte\/#breadcrumb","itemListElement":[{"@type":"ListItem","position":1,"name":"Home","item":"https:\/\/www.cuballama.com\/noticias\/"},{"@type":"ListItem","position":2,"name":"Cubana involucrada en asesinato de joven de Hialeah comparece por primera vez en corte"}]},{"@type":"WebSite","@id":"https:\/\/www.cuballama.com\/noticias\/#website","url":"https:\/\/www.cuballama.com\/noticias\/","name":"Cuballama Noticias","description":"Medio digital sobre Cuba y el mundo","publisher":{"@id":"https:\/\/www.cuballama.com\/noticias\/#organization"},"potentialAction":[{"@type":"SearchAction","target":{"@type":"EntryPoint","urlTemplate":"https:\/\/www.cuballama.com\/noticias\/?s={search_term_string}"},"query-input":{"@type":"PropertyValueSpecification","valueRequired":true,"valueName":"search_term_string"}}],"inLanguage":"es"},{"@type":"Organization","@id":"https:\/\/www.cuballama.com\/noticias\/#organization","name":"Cuballama","url":"https:\/\/www.cuballama.com\/noticias\/","logo":{"@type":"ImageObject","inLanguage":"es","@id":"https:\/\/www.cuballama.com\/noticias\/#\/schema\/logo\/image\/","url":"https:\/\/cdn1.mediawpaccore.net\/wp-content\/uploads\/2021\/12\/28171206\/cbll-logo-color-sm.png","contentUrl":"https:\/\/cdn1.mediawpaccore.net\/wp-content\/uploads\/2021\/12\/28171206\/cbll-logo-color-sm.png","width":600,"height":133,"caption":"Cuballama"},"image":{"@id":"https:\/\/www.cuballama.com\/noticias\/#\/schema\/logo\/image\/"},"sameAs":["https:\/\/www.facebook.com\/CubaLlama","https:\/\/x.com\/cuballama","https:\/\/www.instagram.com\/stories\/cuballama_oficial\/","https:\/\/www.youtube.com\/channel\/UCKkFE-d_axENGZcrc4as0IA"]},{"@type":"Person","@id":"https:\/\/www.cuballama.com\/noticias\/#\/schema\/person\/86cd3e3f4974437f031211213bf892d5","name":"Kathy","url":"https:\/\/www.cuballama.com\/noticias\/author\/kathy\/"}]}},"_links":{"self":[{"href":"https:\/\/www.cuballama.com\/noticias\/wp-json\/wp\/v2\/posts\/219097","targetHints":{"allow":["GET"]}}],"collection":[{"href":"https:\/\/www.cuballama.com\/noticias\/wp-json\/wp\/v2\/posts"}],"about":[{"href":"https:\/\/www.cuballama.com\/noticias\/wp-json\/wp\/v2\/types\/post"}],"author":[{"embeddable":true,"href":"https:\/\/www.cuballama.com\/noticias\/wp-json\/wp\/v2\/users\/30"}],"replies":[{"embeddable":true,"href":"https:\/\/www.cuballama.com\/noticias\/wp-json\/wp\/v2\/comments?post=219097"}],"version-history":[{"count":7,"href":"https:\/\/www.cuballama.com\/noticias\/wp-json\/wp\/v2\/posts\/219097\/revisions"}],"predecessor-version":[{"id":220047,"href":"https:\/\/www.cuballama.com\/noticias\/wp-json\/wp\/v2\/posts\/219097\/revisions\/220047"}],"wp:featuredmedia":[{"embeddable":true,"href":"https:\/\/www.cuballama.com\/noticias\/wp-json\/wp\/v2\/media\/219098"}],"wp:attachment":[{"href":"https:\/\/www.cuballama.com\/noticias\/wp-json\/wp\/v2\/media?parent=219097"}],"wp:term":[{"taxonomy":"category","embeddable":true,"href":"https:\/\/www.cuballama.com\/noticias\/wp-json\/wp\/v2\/categories?post=219097"},{"taxonomy":"post_tag","embeddable":true,"href":"https:\/\/www.cuballama.com\/noticias\/wp-json\/wp\/v2\/tags?post=219097"}],"curies":[{"name":"wp","href":"https:\/\/api.w.org\/{rel}","templated":true}]}}