{"id":219024,"date":"2025-09-21T12:45:09","date_gmt":"2025-09-21T16:45:09","guid":{"rendered":"https:\/\/www.cuballama.com\/noticias\/?p=219024"},"modified":"2025-09-21T12:45:13","modified_gmt":"2025-09-21T16:45:13","slug":"dwayne-la-roca-johnson-explica-porque-es-que-actualmente-luce-tan-desmejorado","status":"publish","type":"post","link":"https:\/\/www.cuballama.com\/noticias\/dwayne-la-roca-johnson-explica-porque-es-que-actualmente-luce-tan-desmejorado\/","title":{"rendered":"Dwayne \u00abLa Roca\u00bb Johnson explica porqu\u00e9 es que actualmente luce tan \u00abdesmejorado\u00bb"},"content":{"rendered":"\n<p>Dwayne Johnson puso fin a las especulaciones sobre su figura m\u00e1s delgada: el cambio es deliberado y responde a su pr\u00f3ximo papel en <strong>\u201cLizard Music\u201d<\/strong>, la nueva pel\u00edcula de <strong>Benny Safdie<\/strong> basada en la novela de Daniel Pinkwater. <\/p>\n\n\n\n<p><strong>noticia relacionada: <a href=\"https:\/\/www.cuballama.com\/noticias\/debate-en-redes-por-nuevo-look-de-dwayne-la-roca-johnson-tras-aparicion-en-venecia-es-un-problema-de-salud\/\">Debate en redes por nuevo look de Dwayne \u00abLa Roca\u00bb Johnson tras aparici\u00f3n en Venecia. \u00bfEs un problema de salud?<\/a><\/strong> <\/p>\n\n\n\n<p>En el proyecto \u2014presentado estos d\u00edas en el circuito de festivales\u2014 el actor interpretar\u00e1 a un hombre de m\u00e1s de 70 a\u00f1os conocido como el Chicken Man, cuyo mejor amigo es una gallina, un giro exc\u00e9ntrico que exige que \u201cLa Roca\u201d reduzca notablemente su masa muscular habitual. <\/p>\n\n\n\n<p>\u201cEstoy en proceso de bajar de peso\u2026 todav\u00eda me falta mucho\u201d, <a href=\"https:\/\/people.com\/dwayne-johnson-slimming-down-next-role-career-toronto-film-festival-11803134\" target=\"_blank\" rel=\"noreferrer noopener nofollow\">dijo el actor ante la prensa<\/a>.<\/p>\n\n\n\n<p>El ajuste f\u00edsico llega apenas d\u00edas despu\u00e9s de su paso por Venecia con \u201cThe Smashing Machine\u201d, el drama deportivo donde encarna al luchador de MMA Mark Kerr. <\/p>\n\n\n\n<p>Aquel estreno dej\u00f3 im\u00e1genes del actor visiblemente conmovido por la recepci\u00f3n de la cr\u00edtica y del p\u00fablico, y encendi\u00f3 el debate sobre una posible campa\u00f1a de premios por un trabajo que rompe con el registro de acci\u00f3n y comedia que lo hizo globalmente popular. En este contexto, Johnson explic\u00f3 que su \u201creinvenci\u00f3n\u201d tambi\u00e9n pasa por transformarse para personajes no abiertos a su f\u00edsico de siempre, de ah\u00ed la decisi\u00f3n de adelgazar para \u201cLizard Music\u201d, recoge <a href=\"https:\/\/apnews.com\/article\/7757dd8008cae25d99039eedfefc3847\" target=\"_blank\" rel=\"noreferrer noopener nofollow\">AP News<\/a>. <\/p>\n\n\n\n<p>En Toronto, donde volvi\u00f3 a encontrarse con los medios, Dwayne Johnson ampli\u00f3 detalles: el Chicken Man es un septuagenario \u201cquirky\u201d (exc\u00e9ntrico) y entra\u00f1able; su inseparable compa\u00f1era \u2014seg\u00fan la adaptaci\u00f3n\u2014 es una gallina llamada <strong>Claudia<\/strong>. Para encarnarlo, el actor est\u00e1 afinando su silueta y brome\u00f3 con que ahora come \u201cmenos pollo\u201d. El contraste con el volumen que tuvo que desarrollar para otras cintas recientes \u2014y con el uso de pr\u00f3tesis faciales para parecerse a Kerr\u2014 explica por qu\u00e9 su aspecto actual sorprendi\u00f3 a muchos seguidores en redes.<\/p>\n\n\n\n<p>La delgadez, que algunos interpretaron inicialmente como un problema de salud, es, insiste Dwayne Johnson, una elecci\u00f3n profesional. El propio int\u00e9rprete subray\u00f3 que a\u00fan tiene \u201cun largo camino por recorrer\u201d para llegar al punto f\u00edsico que exige el guion, y situ\u00f3 el reto como parte de una etapa en la que se propone ampliar su rango actoral m\u00e1s all\u00e1 de los papeles que explotan su musculatura. Safdie \u2014con quien ya trabaj\u00f3 en \u201cThe Smashing Machine\u201d\u2014 le ofrece ahora un registro fant\u00e1stico y humanista que parece alejarse tanto de los superh\u00e9roes como del cine de franquicia que ha dominado su filmograf\u00eda.<\/p>\n\n\n\n<p>En suma, la imagen \u201cdesmejorada\u201d de La Roca no es tal: es un traje de trabajo para un personaje que, por primera vez, lo obliga a moverse \u2014f\u00edsica y dram\u00e1ticamente\u2014 en otro peso. La apuesta llega tras la ovaci\u00f3n en Venecia y con Toronto como nueva parada, y alimenta la narrativa de un Johnson dispuesto a <strong>sacrificar <\/strong>b<strong>\u00edceps por matices<\/strong> si el papel lo merece. Por ahora, el actor avisa: el proceso sigue, y el Chicken Man todav\u00eda no est\u00e1 listo\u2026 pero viene en camino.<\/p>\n","protected":false},"excerpt":{"rendered":"<p>La delgadez, que algunos interpretaron inicialmente como un problema de salud, es, insiste Dwayne Johnson, una elecci\u00f3n profesional. El propio int\u00e9rprete subray\u00f3 que a\u00fan tiene \u201cun largo camino por recorrer\u201d para llegar al punto f\u00edsico que exige el guion, y situ\u00f3 el reto como parte de una etapa en la que se propone ampliar su rango actoral m\u00e1s all\u00e1 de los papeles que explotan su musculatura. Safdie \u2014con quien ya trabaj\u00f3 en \u201cThe Smashing Machine\u201d\u2014 le ofrece ahora un registro fant\u00e1stico y humanista que parece alejarse tanto de los superh\u00e9roes como del cine de franquicia que ha dominado su filmograf\u00eda.<\/p>\n","protected":false},"author":13,"featured_media":219027,"comment_status":"open","ping_status":"closed","sticky":false,"template":"","format":"standard","meta":{"_acf_changed":false,"footnotes":""},"categories":[443],"tags":[18799,18800],"class_list":{"0":"post-219024","1":"post","2":"type-post","3":"status-publish","4":"format-standard","5":"has-post-thumbnail","7":"category-farandula","8":"tag-dwayne-johnson","9":"tag-la-roca"},"acf":[],"yoast_head":"<!-- This site is optimized with the Yoast SEO plugin v27.4 - https:\/\/yoast.com\/product\/yoast-seo-wordpress\/ -->\n<title>Dwayne &quot;La Roca&quot; Johnson explica porqu\u00e9 es que actualmente luce tan &quot;desmejorado&quot; - Cuballama Noticias<\/title>\n<meta name=\"description\" content=\"El cambio de Dwayne Johnson responde a su pr\u00f3ximo papel en la nueva pel\u00edcula de Benny Safdie basada en la novela de Daniel Pinkwater.\" \/>\n<meta name=\"robots\" content=\"index, follow, max-snippet:-1, max-image-preview:large, max-video-preview:-1\" \/>\n<link rel=\"canonical\" href=\"https:\/\/www.cuballama.com\/noticias\/dwayne-la-roca-johnson-explica-porque-es-que-actualmente-luce-tan-desmejorado\/\" \/>\n<meta property=\"og:locale\" content=\"es_ES\" \/>\n<meta property=\"og:type\" content=\"article\" \/>\n<meta property=\"og:title\" content=\"Dwayne &quot;La Roca&quot; Johnson explica porqu\u00e9 es que actualmente luce tan &quot;desmejorado&quot; - Cuballama Noticias\" \/>\n<meta property=\"og:description\" content=\"El cambio de Dwayne Johnson responde a su pr\u00f3ximo papel en la nueva pel\u00edcula de Benny Safdie basada en la novela de Daniel Pinkwater.\" \/>\n<meta property=\"og:url\" content=\"https:\/\/www.cuballama.com\/noticias\/dwayne-la-roca-johnson-explica-porque-es-que-actualmente-luce-tan-desmejorado\/\" \/>\n<meta property=\"og:site_name\" content=\"Cuballama Noticias\" \/>\n<meta property=\"article:publisher\" content=\"https:\/\/www.facebook.com\/CubaLlama\" \/>\n<meta property=\"article:published_time\" content=\"2025-09-21T16:45:09+00:00\" \/>\n<meta property=\"article:modified_time\" content=\"2025-09-21T16:45:13+00:00\" \/>\n<meta property=\"og:image\" content=\"https:\/\/cdn1.mediawpaccore.net\/wp-content\/uploads\/2025\/09\/09073309\/image-40-1024x534.png\" \/>\n\t<meta property=\"og:image:width\" content=\"1024\" \/>\n\t<meta property=\"og:image:height\" content=\"534\" \/>\n\t<meta property=\"og:image:type\" content=\"image\/png\" \/>\n<meta name=\"author\" content=\"Roberto A.\" \/>\n<meta name=\"twitter:card\" content=\"summary_large_image\" \/>\n<meta name=\"twitter:creator\" content=\"@cuballama\" \/>\n<meta name=\"twitter:site\" content=\"@cuballama\" \/>\n<meta name=\"twitter:label1\" content=\"Escrito por\" \/>\n\t<meta name=\"twitter:data1\" content=\"Roberto A.\" \/>\n\t<meta name=\"twitter:label2\" content=\"Tiempo de lectura\" \/>\n\t<meta name=\"twitter:data2\" content=\"3 minutos\" \/>\n<script type=\"application\/ld+json\" class=\"yoast-schema-graph\">{\"@context\":\"https:\\\/\\\/schema.org\",\"@graph\":[{\"@type\":\"Article\",\"@id\":\"https:\\\/\\\/www.cuballama.com\\\/noticias\\\/dwayne-la-roca-johnson-explica-porque-es-que-actualmente-luce-tan-desmejorado\\\/#article\",\"isPartOf\":{\"@id\":\"https:\\\/\\\/www.cuballama.com\\\/noticias\\\/dwayne-la-roca-johnson-explica-porque-es-que-actualmente-luce-tan-desmejorado\\\/\"},\"author\":{\"name\":\"Roberto A.\",\"@id\":\"https:\\\/\\\/www.cuballama.com\\\/noticias\\\/#\\\/schema\\\/person\\\/a58502ed4146c8e9f83872e897c76cd2\"},\"headline\":\"Dwayne \u00abLa Roca\u00bb Johnson explica porqu\u00e9 es que actualmente luce tan \u00abdesmejorado\u00bb\",\"datePublished\":\"2025-09-21T16:45:09+00:00\",\"dateModified\":\"2025-09-21T16:45:13+00:00\",\"mainEntityOfPage\":{\"@id\":\"https:\\\/\\\/www.cuballama.com\\\/noticias\\\/dwayne-la-roca-johnson-explica-porque-es-que-actualmente-luce-tan-desmejorado\\\/\"},\"wordCount\":551,\"commentCount\":0,\"publisher\":{\"@id\":\"https:\\\/\\\/www.cuballama.com\\\/noticias\\\/#organization\"},\"image\":{\"@id\":\"https:\\\/\\\/www.cuballama.com\\\/noticias\\\/dwayne-la-roca-johnson-explica-porque-es-que-actualmente-luce-tan-desmejorado\\\/#primaryimage\"},\"thumbnailUrl\":\"https:\\\/\\\/cdn1.mediawpaccore.net\\\/wp-content\\\/uploads\\\/2025\\\/09\\\/09073309\\\/image-40.png\",\"keywords\":[\"Dwayne Johnson\",\"La Roca\"],\"articleSection\":[\"Far\u00e1ndula\"],\"inLanguage\":\"es\",\"potentialAction\":[{\"@type\":\"CommentAction\",\"name\":\"Comment\",\"target\":[\"https:\\\/\\\/www.cuballama.com\\\/noticias\\\/dwayne-la-roca-johnson-explica-porque-es-que-actualmente-luce-tan-desmejorado\\\/#respond\"]}]},{\"@type\":\"WebPage\",\"@id\":\"https:\\\/\\\/www.cuballama.com\\\/noticias\\\/dwayne-la-roca-johnson-explica-porque-es-que-actualmente-luce-tan-desmejorado\\\/\",\"url\":\"https:\\\/\\\/www.cuballama.com\\\/noticias\\\/dwayne-la-roca-johnson-explica-porque-es-que-actualmente-luce-tan-desmejorado\\\/\",\"name\":\"Dwayne \\\"La Roca\\\" Johnson explica porqu\u00e9 es que actualmente luce tan \\\"desmejorado\\\" - Cuballama Noticias\",\"isPartOf\":{\"@id\":\"https:\\\/\\\/www.cuballama.com\\\/noticias\\\/#website\"},\"primaryImageOfPage\":{\"@id\":\"https:\\\/\\\/www.cuballama.com\\\/noticias\\\/dwayne-la-roca-johnson-explica-porque-es-que-actualmente-luce-tan-desmejorado\\\/#primaryimage\"},\"image\":{\"@id\":\"https:\\\/\\\/www.cuballama.com\\\/noticias\\\/dwayne-la-roca-johnson-explica-porque-es-que-actualmente-luce-tan-desmejorado\\\/#primaryimage\"},\"thumbnailUrl\":\"https:\\\/\\\/cdn1.mediawpaccore.net\\\/wp-content\\\/uploads\\\/2025\\\/09\\\/09073309\\\/image-40.png\",\"datePublished\":\"2025-09-21T16:45:09+00:00\",\"dateModified\":\"2025-09-21T16:45:13+00:00\",\"description\":\"El cambio de Dwayne Johnson responde a su pr\u00f3ximo papel en la nueva pel\u00edcula de Benny Safdie basada en la novela de Daniel Pinkwater.\",\"breadcrumb\":{\"@id\":\"https:\\\/\\\/www.cuballama.com\\\/noticias\\\/dwayne-la-roca-johnson-explica-porque-es-que-actualmente-luce-tan-desmejorado\\\/#breadcrumb\"},\"inLanguage\":\"es\",\"potentialAction\":[{\"@type\":\"ReadAction\",\"target\":[\"https:\\\/\\\/www.cuballama.com\\\/noticias\\\/dwayne-la-roca-johnson-explica-porque-es-que-actualmente-luce-tan-desmejorado\\\/\"]}]},{\"@type\":\"ImageObject\",\"inLanguage\":\"es\",\"@id\":\"https:\\\/\\\/www.cuballama.com\\\/noticias\\\/dwayne-la-roca-johnson-explica-porque-es-que-actualmente-luce-tan-desmejorado\\\/#primaryimage\",\"url\":\"https:\\\/\\\/cdn1.mediawpaccore.net\\\/wp-content\\\/uploads\\\/2025\\\/09\\\/09073309\\\/image-40.png\",\"contentUrl\":\"https:\\\/\\\/cdn1.mediawpaccore.net\\\/wp-content\\\/uploads\\\/2025\\\/09\\\/09073309\\\/image-40.png\",\"width\":2094,\"height\":1092,\"caption\":\"Credito de la foto: Galafr \\\/ Instagram\"},{\"@type\":\"BreadcrumbList\",\"@id\":\"https:\\\/\\\/www.cuballama.com\\\/noticias\\\/dwayne-la-roca-johnson-explica-porque-es-que-actualmente-luce-tan-desmejorado\\\/#breadcrumb\",\"itemListElement\":[{\"@type\":\"ListItem\",\"position\":1,\"name\":\"Home\",\"item\":\"https:\\\/\\\/www.cuballama.com\\\/noticias\\\/\"},{\"@type\":\"ListItem\",\"position\":2,\"name\":\"Dwayne \u00abLa Roca\u00bb Johnson explica porqu\u00e9 es que actualmente luce tan \u00abdesmejorado\u00bb\"}]},{\"@type\":\"WebSite\",\"@id\":\"https:\\\/\\\/www.cuballama.com\\\/noticias\\\/#website\",\"url\":\"https:\\\/\\\/www.cuballama.com\\\/noticias\\\/\",\"name\":\"Cuballama Noticias\",\"description\":\"Medio digital sobre Cuba y el mundo\",\"publisher\":{\"@id\":\"https:\\\/\\\/www.cuballama.com\\\/noticias\\\/#organization\"},\"potentialAction\":[{\"@type\":\"SearchAction\",\"target\":{\"@type\":\"EntryPoint\",\"urlTemplate\":\"https:\\\/\\\/www.cuballama.com\\\/noticias\\\/?s={search_term_string}\"},\"query-input\":{\"@type\":\"PropertyValueSpecification\",\"valueRequired\":true,\"valueName\":\"search_term_string\"}}],\"inLanguage\":\"es\"},{\"@type\":\"Organization\",\"@id\":\"https:\\\/\\\/www.cuballama.com\\\/noticias\\\/#organization\",\"name\":\"Cuballama\",\"url\":\"https:\\\/\\\/www.cuballama.com\\\/noticias\\\/\",\"logo\":{\"@type\":\"ImageObject\",\"inLanguage\":\"es\",\"@id\":\"https:\\\/\\\/www.cuballama.com\\\/noticias\\\/#\\\/schema\\\/logo\\\/image\\\/\",\"url\":\"https:\\\/\\\/cdn1.mediawpaccore.net\\\/wp-content\\\/uploads\\\/2021\\\/12\\\/28171206\\\/cbll-logo-color-sm.png\",\"contentUrl\":\"https:\\\/\\\/cdn1.mediawpaccore.net\\\/wp-content\\\/uploads\\\/2021\\\/12\\\/28171206\\\/cbll-logo-color-sm.png\",\"width\":600,\"height\":133,\"caption\":\"Cuballama\"},\"image\":{\"@id\":\"https:\\\/\\\/www.cuballama.com\\\/noticias\\\/#\\\/schema\\\/logo\\\/image\\\/\"},\"sameAs\":[\"https:\\\/\\\/www.facebook.com\\\/CubaLlama\",\"https:\\\/\\\/x.com\\\/cuballama\",\"https:\\\/\\\/www.instagram.com\\\/stories\\\/cuballama_oficial\\\/\",\"https:\\\/\\\/www.youtube.com\\\/channel\\\/UCKkFE-d_axENGZcrc4as0IA\"]},{\"@type\":\"Person\",\"@id\":\"https:\\\/\\\/www.cuballama.com\\\/noticias\\\/#\\\/schema\\\/person\\\/a58502ed4146c8e9f83872e897c76cd2\",\"name\":\"Roberto A.\",\"description\":\"Roberto A. Periodista por decisi\u00f3n propia. Interesado en cualquier tema que me apasione y cada vez m\u00e1s comprometido con la verdad y la objetividad period\u00edstica. Graduado en La Habana hace ya muchos a\u00f1os, luego de una accidentada y polvorienta b\u00fasqueda de informaci\u00f3n sobre un tema in\u00e9dito. La Tesis, por cierto, desapareci\u00f3 de la biblioteca y no se conservan copias de la misma.\",\"url\":\"https:\\\/\\\/www.cuballama.com\\\/noticias\\\/author\\\/roberto\\\/\"}]}<\/script>\n<!-- \/ Yoast SEO plugin. -->","yoast_head_json":{"title":"Dwayne \"La Roca\" Johnson explica porqu\u00e9 es que actualmente luce tan \"desmejorado\" - Cuballama Noticias","description":"El cambio de Dwayne Johnson responde a su pr\u00f3ximo papel en la nueva pel\u00edcula de Benny Safdie basada en la novela de Daniel Pinkwater.","robots":{"index":"index","follow":"follow","max-snippet":"max-snippet:-1","max-image-preview":"max-image-preview:large","max-video-preview":"max-video-preview:-1"},"canonical":"https:\/\/www.cuballama.com\/noticias\/dwayne-la-roca-johnson-explica-porque-es-que-actualmente-luce-tan-desmejorado\/","og_locale":"es_ES","og_type":"article","og_title":"Dwayne \"La Roca\" Johnson explica porqu\u00e9 es que actualmente luce tan \"desmejorado\" - Cuballama Noticias","og_description":"El cambio de Dwayne Johnson responde a su pr\u00f3ximo papel en la nueva pel\u00edcula de Benny Safdie basada en la novela de Daniel Pinkwater.","og_url":"https:\/\/www.cuballama.com\/noticias\/dwayne-la-roca-johnson-explica-porque-es-que-actualmente-luce-tan-desmejorado\/","og_site_name":"Cuballama Noticias","article_publisher":"https:\/\/www.facebook.com\/CubaLlama","article_published_time":"2025-09-21T16:45:09+00:00","article_modified_time":"2025-09-21T16:45:13+00:00","og_image":[{"width":1024,"height":534,"url":"https:\/\/cdn1.mediawpaccore.net\/wp-content\/uploads\/2025\/09\/09073309\/image-40-1024x534.png","type":"image\/png"}],"author":"Roberto A.","twitter_card":"summary_large_image","twitter_creator":"@cuballama","twitter_site":"@cuballama","twitter_misc":{"Escrito por":"Roberto A.","Tiempo de lectura":"3 minutos"},"schema":{"@context":"https:\/\/schema.org","@graph":[{"@type":"Article","@id":"https:\/\/www.cuballama.com\/noticias\/dwayne-la-roca-johnson-explica-porque-es-que-actualmente-luce-tan-desmejorado\/#article","isPartOf":{"@id":"https:\/\/www.cuballama.com\/noticias\/dwayne-la-roca-johnson-explica-porque-es-que-actualmente-luce-tan-desmejorado\/"},"author":{"name":"Roberto A.","@id":"https:\/\/www.cuballama.com\/noticias\/#\/schema\/person\/a58502ed4146c8e9f83872e897c76cd2"},"headline":"Dwayne \u00abLa Roca\u00bb Johnson explica porqu\u00e9 es que actualmente luce tan \u00abdesmejorado\u00bb","datePublished":"2025-09-21T16:45:09+00:00","dateModified":"2025-09-21T16:45:13+00:00","mainEntityOfPage":{"@id":"https:\/\/www.cuballama.com\/noticias\/dwayne-la-roca-johnson-explica-porque-es-que-actualmente-luce-tan-desmejorado\/"},"wordCount":551,"commentCount":0,"publisher":{"@id":"https:\/\/www.cuballama.com\/noticias\/#organization"},"image":{"@id":"https:\/\/www.cuballama.com\/noticias\/dwayne-la-roca-johnson-explica-porque-es-que-actualmente-luce-tan-desmejorado\/#primaryimage"},"thumbnailUrl":"https:\/\/cdn1.mediawpaccore.net\/wp-content\/uploads\/2025\/09\/09073309\/image-40.png","keywords":["Dwayne Johnson","La Roca"],"articleSection":["Far\u00e1ndula"],"inLanguage":"es","potentialAction":[{"@type":"CommentAction","name":"Comment","target":["https:\/\/www.cuballama.com\/noticias\/dwayne-la-roca-johnson-explica-porque-es-que-actualmente-luce-tan-desmejorado\/#respond"]}]},{"@type":"WebPage","@id":"https:\/\/www.cuballama.com\/noticias\/dwayne-la-roca-johnson-explica-porque-es-que-actualmente-luce-tan-desmejorado\/","url":"https:\/\/www.cuballama.com\/noticias\/dwayne-la-roca-johnson-explica-porque-es-que-actualmente-luce-tan-desmejorado\/","name":"Dwayne \"La Roca\" Johnson explica porqu\u00e9 es que actualmente luce tan \"desmejorado\" - Cuballama Noticias","isPartOf":{"@id":"https:\/\/www.cuballama.com\/noticias\/#website"},"primaryImageOfPage":{"@id":"https:\/\/www.cuballama.com\/noticias\/dwayne-la-roca-johnson-explica-porque-es-que-actualmente-luce-tan-desmejorado\/#primaryimage"},"image":{"@id":"https:\/\/www.cuballama.com\/noticias\/dwayne-la-roca-johnson-explica-porque-es-que-actualmente-luce-tan-desmejorado\/#primaryimage"},"thumbnailUrl":"https:\/\/cdn1.mediawpaccore.net\/wp-content\/uploads\/2025\/09\/09073309\/image-40.png","datePublished":"2025-09-21T16:45:09+00:00","dateModified":"2025-09-21T16:45:13+00:00","description":"El cambio de Dwayne Johnson responde a su pr\u00f3ximo papel en la nueva pel\u00edcula de Benny Safdie basada en la novela de Daniel Pinkwater.","breadcrumb":{"@id":"https:\/\/www.cuballama.com\/noticias\/dwayne-la-roca-johnson-explica-porque-es-que-actualmente-luce-tan-desmejorado\/#breadcrumb"},"inLanguage":"es","potentialAction":[{"@type":"ReadAction","target":["https:\/\/www.cuballama.com\/noticias\/dwayne-la-roca-johnson-explica-porque-es-que-actualmente-luce-tan-desmejorado\/"]}]},{"@type":"ImageObject","inLanguage":"es","@id":"https:\/\/www.cuballama.com\/noticias\/dwayne-la-roca-johnson-explica-porque-es-que-actualmente-luce-tan-desmejorado\/#primaryimage","url":"https:\/\/cdn1.mediawpaccore.net\/wp-content\/uploads\/2025\/09\/09073309\/image-40.png","contentUrl":"https:\/\/cdn1.mediawpaccore.net\/wp-content\/uploads\/2025\/09\/09073309\/image-40.png","width":2094,"height":1092,"caption":"Credito de la foto: Galafr \/ Instagram"},{"@type":"BreadcrumbList","@id":"https:\/\/www.cuballama.com\/noticias\/dwayne-la-roca-johnson-explica-porque-es-que-actualmente-luce-tan-desmejorado\/#breadcrumb","itemListElement":[{"@type":"ListItem","position":1,"name":"Home","item":"https:\/\/www.cuballama.com\/noticias\/"},{"@type":"ListItem","position":2,"name":"Dwayne \u00abLa Roca\u00bb Johnson explica porqu\u00e9 es que actualmente luce tan \u00abdesmejorado\u00bb"}]},{"@type":"WebSite","@id":"https:\/\/www.cuballama.com\/noticias\/#website","url":"https:\/\/www.cuballama.com\/noticias\/","name":"Cuballama Noticias","description":"Medio digital sobre Cuba y el mundo","publisher":{"@id":"https:\/\/www.cuballama.com\/noticias\/#organization"},"potentialAction":[{"@type":"SearchAction","target":{"@type":"EntryPoint","urlTemplate":"https:\/\/www.cuballama.com\/noticias\/?s={search_term_string}"},"query-input":{"@type":"PropertyValueSpecification","valueRequired":true,"valueName":"search_term_string"}}],"inLanguage":"es"},{"@type":"Organization","@id":"https:\/\/www.cuballama.com\/noticias\/#organization","name":"Cuballama","url":"https:\/\/www.cuballama.com\/noticias\/","logo":{"@type":"ImageObject","inLanguage":"es","@id":"https:\/\/www.cuballama.com\/noticias\/#\/schema\/logo\/image\/","url":"https:\/\/cdn1.mediawpaccore.net\/wp-content\/uploads\/2021\/12\/28171206\/cbll-logo-color-sm.png","contentUrl":"https:\/\/cdn1.mediawpaccore.net\/wp-content\/uploads\/2021\/12\/28171206\/cbll-logo-color-sm.png","width":600,"height":133,"caption":"Cuballama"},"image":{"@id":"https:\/\/www.cuballama.com\/noticias\/#\/schema\/logo\/image\/"},"sameAs":["https:\/\/www.facebook.com\/CubaLlama","https:\/\/x.com\/cuballama","https:\/\/www.instagram.com\/stories\/cuballama_oficial\/","https:\/\/www.youtube.com\/channel\/UCKkFE-d_axENGZcrc4as0IA"]},{"@type":"Person","@id":"https:\/\/www.cuballama.com\/noticias\/#\/schema\/person\/a58502ed4146c8e9f83872e897c76cd2","name":"Roberto A.","description":"Roberto A. Periodista por decisi\u00f3n propia. Interesado en cualquier tema que me apasione y cada vez m\u00e1s comprometido con la verdad y la objetividad period\u00edstica. Graduado en La Habana hace ya muchos a\u00f1os, luego de una accidentada y polvorienta b\u00fasqueda de informaci\u00f3n sobre un tema in\u00e9dito. La Tesis, por cierto, desapareci\u00f3 de la biblioteca y no se conservan copias de la misma.","url":"https:\/\/www.cuballama.com\/noticias\/author\/roberto\/"}]}},"_links":{"self":[{"href":"https:\/\/www.cuballama.com\/noticias\/wp-json\/wp\/v2\/posts\/219024","targetHints":{"allow":["GET"]}}],"collection":[{"href":"https:\/\/www.cuballama.com\/noticias\/wp-json\/wp\/v2\/posts"}],"about":[{"href":"https:\/\/www.cuballama.com\/noticias\/wp-json\/wp\/v2\/types\/post"}],"author":[{"embeddable":true,"href":"https:\/\/www.cuballama.com\/noticias\/wp-json\/wp\/v2\/users\/13"}],"replies":[{"embeddable":true,"href":"https:\/\/www.cuballama.com\/noticias\/wp-json\/wp\/v2\/comments?post=219024"}],"version-history":[{"count":3,"href":"https:\/\/www.cuballama.com\/noticias\/wp-json\/wp\/v2\/posts\/219024\/revisions"}],"predecessor-version":[{"id":219256,"href":"https:\/\/www.cuballama.com\/noticias\/wp-json\/wp\/v2\/posts\/219024\/revisions\/219256"}],"wp:featuredmedia":[{"embeddable":true,"href":"https:\/\/www.cuballama.com\/noticias\/wp-json\/wp\/v2\/media\/219027"}],"wp:attachment":[{"href":"https:\/\/www.cuballama.com\/noticias\/wp-json\/wp\/v2\/media?parent=219024"}],"wp:term":[{"taxonomy":"category","embeddable":true,"href":"https:\/\/www.cuballama.com\/noticias\/wp-json\/wp\/v2\/categories?post=219024"},{"taxonomy":"post_tag","embeddable":true,"href":"https:\/\/www.cuballama.com\/noticias\/wp-json\/wp\/v2\/tags?post=219024"}],"curies":[{"name":"wp","href":"https:\/\/api.w.org\/{rel}","templated":true}]}}