{"id":219018,"date":"2025-09-09T12:58:14","date_gmt":"2025-09-09T16:58:14","guid":{"rendered":"https:\/\/www.cuballama.com\/noticias\/?p=219018"},"modified":"2025-09-09T12:58:18","modified_gmt":"2025-09-09T16:58:18","slug":"ice-ordena-salida-voluntaria-a-un-padre-cubano-en-florida-cuyo-hija-necesita-otra-cirugia-cardiaca","status":"publish","type":"post","link":"https:\/\/www.cuballama.com\/noticias\/ice-ordena-salida-voluntaria-a-un-padre-cubano-en-florida-cuyo-hija-necesita-otra-cirugia-cardiaca\/","title":{"rendered":"ICE ordena salida voluntaria a un padre cubano en Florida cuyo hija necesita otra cirug\u00eda card\u00edaca"},"content":{"rendered":"\n<p>El cubano <strong>Deivy Alem\u00e1n Oropesa<\/strong> deber\u00e1 abandonar Estados Unidos en los pr\u00f3ximos d\u00edas tras recibir de Inmigraci\u00f3n y Control de Aduanas (ICE) una orden de salida voluntaria, pese a que su hija menor \u2014ciudadana estadounidense\u2014 espera una nueva cirug\u00eda de coraz\u00f3n. El caso fue actualizado por <em><a href=\"https:\/\/www.telemundo51.com\/noticias\/local\/padre-cubano-de-nina-con-severa-condicion-medica-debera-salir-voluntariamente-de-eeuu-segun-ice\/2696407\/\" target=\"_blank\" rel=\"noreferrer noopener nofollow\">Telemundo 51<\/a><\/em>, que report\u00f3 que, despu\u00e9s de siete a\u00f1os bajo supervisi\u00f3n migratoria con un formulario I-220B, las gestiones de la familia para frenar la deportaci\u00f3n no prosperaron. En un video difundido por el canal y replicado en la cuenta de <a href=\"https:\/\/www.facebook.com\/watch\/?v=1344166564093000\" target=\"_blank\" rel=\"noreferrer noopener\">Facebook<\/a> de la periodista que cubri\u00f3 la noticia, se ve a la ni\u00f1a consolando a su madre al conocer la decisi\u00f3n.<\/p>\n\n\n\n<iframe loading=\"lazy\" src=\"https:\/\/www.facebook.com\/plugins\/video.php?height=311&#038;href=https%3A%2F%2Fwww.facebook.com%2FmayleganoaT51%2Fvideos%2F1344166564093000%2F&#038;show_text=true&#038;width=560&#038;t=0\" width=\"560\" height=\"426\" style=\"border:none;overflow:hidden\" scrolling=\"no\" frameborder=\"0\" allowfullscreen=\"true\" allow=\"autoplay; clipboard-write; encrypted-media; picture-in-picture; web-share\" allowFullScreen=\"true\"><\/iframe>\n\n\n\n<p>Telemundo 51 ya hab\u00eda contado el 20 de agosto que Alem\u00e1n Oropesa acud\u00eda puntualmente a sus citas anuales con ICE, pero en la m\u00e1s reciente le colocaron un grillete electr\u00f3nico y le informaron de un plazo perentorio para salir del pa\u00eds. La televisora precis\u00f3 que el expediente se remonta a su entrada irregular por la frontera sur, un factor que endurece el margen de alivios administrativos.<\/p>\n\n\n\n<p>La fecha l\u00edmite comunicada a la familia es el 14 de septiembre, <a href=\"https:\/\/www.facebook.com\/mayleganoaT51\/posts\/pfbid0WhSBu1QRhM2QXXPv7rgo88fxaumTDhsWJPxn2TPAfRUMRBP1Rhzd5m1oAPJNDxR5l\" target=\"_blank\" rel=\"noreferrer noopener nofollow\">seg\u00fan confirm\u00f3 la reportera <strong>Maylin Lega\u00f1oa<\/strong> en redes sociales<\/a>, extremo que coincide con lo explicado por otros medios locales que han seguido el caso. La defensa insiste en que separar al padre justo ahora comprometer\u00eda el seguimiento m\u00e9dico de la ni\u00f1a, que ya pas\u00f3 por cirug\u00edas previas y requiere controles peri\u00f3dicos.<\/p>\n\n\n\n<figure class=\"wp-block-image size-large\"><img loading=\"lazy\" decoding=\"async\" width=\"891\" height=\"1024\" src=\"https:\/\/cdn1.mediawpaccore.net\/wp-content\/uploads\/2025\/09\/09071128\/image-38-891x1024.png\" alt=\"\" class=\"wp-image-219021\" srcset=\"https:\/\/cdn1.mediawpaccore.net\/wp-content\/uploads\/2025\/09\/09071128\/image-38-891x1024.png 891w, https:\/\/cdn1.mediawpaccore.net\/wp-content\/uploads\/2025\/09\/09071128\/image-38-261x300.png 261w, https:\/\/cdn1.mediawpaccore.net\/wp-content\/uploads\/2025\/09\/09071128\/image-38-768x883.png 768w, https:\/\/cdn1.mediawpaccore.net\/wp-content\/uploads\/2025\/09\/09071128\/image-38-365x420.png 365w, https:\/\/cdn1.mediawpaccore.net\/wp-content\/uploads\/2025\/09\/09071128\/image-38-150x172.png 150w, https:\/\/cdn1.mediawpaccore.net\/wp-content\/uploads\/2025\/09\/09071128\/image-38-300x345.png 300w, https:\/\/cdn1.mediawpaccore.net\/wp-content\/uploads\/2025\/09\/09071128\/image-38-696x800.png 696w, https:\/\/cdn1.mediawpaccore.net\/wp-content\/uploads\/2025\/09\/09071128\/image-38-1068x1228.png 1068w, https:\/\/cdn1.mediawpaccore.net\/wp-content\/uploads\/2025\/09\/09071128\/image-38.png 1110w\" sizes=\"auto, (max-width: 891px) 100vw, 891px\" \/><\/figure>\n\n\n\n<p>Cadenas hispanas que entrevistaron a Alem\u00e1n Oropesa y a su esposa subrayan que no tiene antecedentes penales en EE. UU., trabaja y paga impuestos, y est\u00e1 casado con una ciudadana, aunque esas circunstancias no han bastado para obtener un amparo. En declaraciones a c\u00e1mara, el padre pidi\u00f3 posponer su salida hasta que los m\u00e9dicos confirmen que su hija est\u00e1 fuera de peligro.<\/p>\n\n\n\n<p>En t\u00e9rminos legales, fuentes consultadas por Telemundo 51 explicaron que la <strong>I-220B<\/strong> es una <strong>orden de supervisi\u00f3n<\/strong> que ICE emite a personas con <strong>orden final de deportaci\u00f3n<\/strong> o en procesos avanzados, permiti\u00e9ndoles vivir y trabajar mientras cumplen controles peri\u00f3dicos; sin embargo, la agencia puede reactivar la remoci\u00f3n y ordenar la salida en cualquier momento. Esa discrecionalidad \u2014y la ausencia de un parole humanitario espec\u00edfico para el caso\u2014 ha limitado las alternativas inmediatas de la familia.<\/p>\n\n\n\n<p>El episodio relanza un debate ya conocido en Florida: \u00bfc\u00f3mo pondera ICE los factores humanitarios cuando hay menores con condiciones m\u00e9dicas complejas? En los \u00faltimos meses, organizaciones locales han documentado otros padres en situaciones similares, con \u00f3rdenes de supervisi\u00f3n activas y plazos de salida que, al llegar, los colocan entre dejar a los suyos o regresar juntos a pa\u00edses donde el acceso a especialistas es incierto. (Esta es una lectura de conjunto basada en la cobertura regional reciente). <\/p>\n\n\n\n<p><strong>noticia relacionada en <a href=\"https:\/\/www.cuballama.com\/noticias\/dos-padres-cubanos-en-peligro-de-deportacion-tras-presentarse-ante-ice\/?srsltid=AfmBOory6hZvPU7jAQxzhTmC1jbtZkZ-YL_k9DhN88jxRy0Olpj82kDr&amp;utm_source=chatgpt.com\" target=\"_blank\" rel=\"noreferrer noopener\">Cuballama<\/a>: Dos padres cubanos en peligro de deportaci\u00f3n tras presentarse ante ICE<\/strong><\/p>\n\n\n\n<p>Al cierre de esta nota, Alem\u00e1n Oropesa permanec\u00eda en su domicilio a la espera de nuevas instrucciones, con el reloj corriendo hacia el 14 de septiembre. La familia dijo a los medios que seguir\u00e1 intentando revisiones administrativas y apoyos m\u00e9dicos documentados para intentar aplazar la salida, al menos hasta que la menor supere la pr\u00f3xima intervenci\u00f3n.<\/p>\n\n\n\n<p>Se desconoce si Alem\u00e1n Oropesa y\/o su esposa han contactado a cualquiera de los congresistas de origen cubanoamericano en el Sur de la Florida o al Secretario de Estado, Marco Rubio, y cu\u00e1l ha sido la respuesta de estos. <\/p>\n","protected":false},"excerpt":{"rendered":"<p>El cubano Deivy Alem\u00e1n Oropesa deber\u00e1 abandonar Estados Unidos en los pr\u00f3ximos d\u00edas tras recibir de Inmigraci\u00f3n y Control de Aduanas (ICE) una orden de salida voluntaria, pese a que su hija menor \u2014ciudadana estadounidense\u2014 espera una nueva cirug\u00eda de coraz\u00f3n. El caso fue actualizado por Telemundo 51, que report\u00f3 que, despu\u00e9s de siete a\u00f1os [&hellip;]<\/p>\n","protected":false},"author":13,"featured_media":219022,"comment_status":"open","ping_status":"closed","sticky":false,"template":"","format":"standard","meta":{"_acf_changed":false,"footnotes":""},"categories":[18,11024],"tags":[27120,4538,941,27116,11518,314,24695,2978,108,27118,27119,256,27115,27121,27117],"class_list":{"0":"post-219018","1":"post","2":"type-post","3":"status-publish","4":"format-standard","5":"has-post-thumbnail","7":"category-noticias","8":"category-noticias-de-miami","9":"tag-deivy-aleman-oropesa","10":"tag-deportacion","11":"tag-destacado","12":"tag-factores-humanitarios","13":"tag-familia-cubana","14":"tag-florida","15":"tag-i-220b","16":"tag-ice","17":"tag-inmigracion","18":"tag-maylin-leganoa-2","19":"tag-menor-con-cardiopatia","20":"tag-miami","21":"tag-salida-voluntaria","22":"tag-supervision-migratoria","23":"tag-telemundo-51"},"acf":[],"yoast_head":"<!-- This site is optimized with the Yoast SEO plugin v27.5 - https:\/\/yoast.com\/product\/yoast-seo-wordpress\/ -->\n<title>ICE ordena salida voluntaria a un padre cubano en Florida cuyo hija necesita otra cirug\u00eda card\u00edaca - Cuballama Noticias<\/title>\n<meta name=\"description\" content=\"ICE ordena una orden de salida voluntaria de los Estados Unidos a el padre cubano Deivy Alem\u00e1n Oropesa, cuya hija ser\u00e1 operada pr\u00f3ximamente\" \/>\n<meta name=\"robots\" content=\"index, follow, max-snippet:-1, max-image-preview:large, max-video-preview:-1\" \/>\n<link rel=\"canonical\" href=\"https:\/\/www.cuballama.com\/noticias\/ice-ordena-salida-voluntaria-a-un-padre-cubano-en-florida-cuyo-hija-necesita-otra-cirugia-cardiaca\/\" \/>\n<meta property=\"og:locale\" content=\"es_ES\" \/>\n<meta property=\"og:type\" content=\"article\" \/>\n<meta property=\"og:title\" content=\"ICE ordena salida voluntaria a un padre cubano en Florida cuyo hija necesita otra cirug\u00eda card\u00edaca - Cuballama Noticias\" \/>\n<meta property=\"og:description\" content=\"ICE ordena una orden de salida voluntaria de los Estados Unidos a el padre cubano Deivy Alem\u00e1n Oropesa, cuya hija ser\u00e1 operada pr\u00f3ximamente\" \/>\n<meta property=\"og:url\" content=\"https:\/\/www.cuballama.com\/noticias\/ice-ordena-salida-voluntaria-a-un-padre-cubano-en-florida-cuyo-hija-necesita-otra-cirugia-cardiaca\/\" \/>\n<meta property=\"og:site_name\" content=\"Cuballama Noticias\" \/>\n<meta property=\"article:publisher\" content=\"https:\/\/www.facebook.com\/CubaLlama\" \/>\n<meta property=\"article:published_time\" content=\"2025-09-09T16:58:14+00:00\" \/>\n<meta property=\"article:modified_time\" content=\"2025-09-09T16:58:18+00:00\" \/>\n<meta property=\"og:image\" content=\"https:\/\/cdn1.mediawpaccore.net\/wp-content\/uploads\/2025\/09\/09071230\/image-39.png\" \/>\n\t<meta property=\"og:image:width\" content=\"1976\" \/>\n\t<meta property=\"og:image:height\" content=\"1038\" \/>\n\t<meta property=\"og:image:type\" content=\"image\/png\" \/>\n<meta name=\"author\" content=\"Roberto A.\" \/>\n<meta name=\"twitter:card\" content=\"summary_large_image\" \/>\n<meta name=\"twitter:creator\" content=\"@cuballama\" \/>\n<meta name=\"twitter:site\" content=\"@cuballama\" \/>\n<meta name=\"twitter:label1\" content=\"Escrito por\" \/>\n\t<meta name=\"twitter:data1\" content=\"Roberto A.\" \/>\n\t<meta name=\"twitter:label2\" content=\"Tiempo de lectura\" \/>\n\t<meta name=\"twitter:data2\" content=\"3 minutos\" \/>\n<script type=\"application\/ld+json\" class=\"yoast-schema-graph\">{\"@context\":\"https:\\\/\\\/schema.org\",\"@graph\":[{\"@type\":\"Article\",\"@id\":\"https:\\\/\\\/www.cuballama.com\\\/noticias\\\/ice-ordena-salida-voluntaria-a-un-padre-cubano-en-florida-cuyo-hija-necesita-otra-cirugia-cardiaca\\\/#article\",\"isPartOf\":{\"@id\":\"https:\\\/\\\/www.cuballama.com\\\/noticias\\\/ice-ordena-salida-voluntaria-a-un-padre-cubano-en-florida-cuyo-hija-necesita-otra-cirugia-cardiaca\\\/\"},\"author\":{\"name\":\"Roberto A.\",\"@id\":\"https:\\\/\\\/www.cuballama.com\\\/noticias\\\/#\\\/schema\\\/person\\\/a58502ed4146c8e9f83872e897c76cd2\"},\"headline\":\"ICE ordena salida voluntaria a un padre cubano en Florida cuyo hija necesita otra cirug\u00eda card\u00edaca\",\"datePublished\":\"2025-09-09T16:58:14+00:00\",\"dateModified\":\"2025-09-09T16:58:18+00:00\",\"mainEntityOfPage\":{\"@id\":\"https:\\\/\\\/www.cuballama.com\\\/noticias\\\/ice-ordena-salida-voluntaria-a-un-padre-cubano-en-florida-cuyo-hija-necesita-otra-cirugia-cardiaca\\\/\"},\"wordCount\":624,\"commentCount\":0,\"publisher\":{\"@id\":\"https:\\\/\\\/www.cuballama.com\\\/noticias\\\/#organization\"},\"image\":{\"@id\":\"https:\\\/\\\/www.cuballama.com\\\/noticias\\\/ice-ordena-salida-voluntaria-a-un-padre-cubano-en-florida-cuyo-hija-necesita-otra-cirugia-cardiaca\\\/#primaryimage\"},\"thumbnailUrl\":\"https:\\\/\\\/cdn1.mediawpaccore.net\\\/wp-content\\\/uploads\\\/2025\\\/09\\\/09071230\\\/image-39.png\",\"keywords\":[\"Deivy Alem\u00e1n Oropesa\",\"deportaci\u00f3n\",\"destacado\",\"factores humanitarios\",\"familia cubana\",\"Florida\",\"I-220B\",\"ICE\",\"inmigraci\u00f3n\",\"Maylin Lega\u00f1oa\",\"menor con cardiopat\u00eda\",\"Miami\",\"salida voluntaria\",\"supervisi\u00f3n migratoria\",\"Telemundo 51\"],\"articleSection\":[\"Noticias\",\"Noticias de Miami\"],\"inLanguage\":\"es\",\"potentialAction\":[{\"@type\":\"CommentAction\",\"name\":\"Comment\",\"target\":[\"https:\\\/\\\/www.cuballama.com\\\/noticias\\\/ice-ordena-salida-voluntaria-a-un-padre-cubano-en-florida-cuyo-hija-necesita-otra-cirugia-cardiaca\\\/#respond\"]}]},{\"@type\":\"WebPage\",\"@id\":\"https:\\\/\\\/www.cuballama.com\\\/noticias\\\/ice-ordena-salida-voluntaria-a-un-padre-cubano-en-florida-cuyo-hija-necesita-otra-cirugia-cardiaca\\\/\",\"url\":\"https:\\\/\\\/www.cuballama.com\\\/noticias\\\/ice-ordena-salida-voluntaria-a-un-padre-cubano-en-florida-cuyo-hija-necesita-otra-cirugia-cardiaca\\\/\",\"name\":\"ICE ordena salida voluntaria a un padre cubano en Florida cuyo hija necesita otra cirug\u00eda card\u00edaca - Cuballama Noticias\",\"isPartOf\":{\"@id\":\"https:\\\/\\\/www.cuballama.com\\\/noticias\\\/#website\"},\"primaryImageOfPage\":{\"@id\":\"https:\\\/\\\/www.cuballama.com\\\/noticias\\\/ice-ordena-salida-voluntaria-a-un-padre-cubano-en-florida-cuyo-hija-necesita-otra-cirugia-cardiaca\\\/#primaryimage\"},\"image\":{\"@id\":\"https:\\\/\\\/www.cuballama.com\\\/noticias\\\/ice-ordena-salida-voluntaria-a-un-padre-cubano-en-florida-cuyo-hija-necesita-otra-cirugia-cardiaca\\\/#primaryimage\"},\"thumbnailUrl\":\"https:\\\/\\\/cdn1.mediawpaccore.net\\\/wp-content\\\/uploads\\\/2025\\\/09\\\/09071230\\\/image-39.png\",\"datePublished\":\"2025-09-09T16:58:14+00:00\",\"dateModified\":\"2025-09-09T16:58:18+00:00\",\"description\":\"ICE ordena una orden de salida voluntaria de los Estados Unidos a el padre cubano Deivy Alem\u00e1n Oropesa, cuya hija ser\u00e1 operada pr\u00f3ximamente\",\"breadcrumb\":{\"@id\":\"https:\\\/\\\/www.cuballama.com\\\/noticias\\\/ice-ordena-salida-voluntaria-a-un-padre-cubano-en-florida-cuyo-hija-necesita-otra-cirugia-cardiaca\\\/#breadcrumb\"},\"inLanguage\":\"es\",\"potentialAction\":[{\"@type\":\"ReadAction\",\"target\":[\"https:\\\/\\\/www.cuballama.com\\\/noticias\\\/ice-ordena-salida-voluntaria-a-un-padre-cubano-en-florida-cuyo-hija-necesita-otra-cirugia-cardiaca\\\/\"]}]},{\"@type\":\"ImageObject\",\"inLanguage\":\"es\",\"@id\":\"https:\\\/\\\/www.cuballama.com\\\/noticias\\\/ice-ordena-salida-voluntaria-a-un-padre-cubano-en-florida-cuyo-hija-necesita-otra-cirugia-cardiaca\\\/#primaryimage\",\"url\":\"https:\\\/\\\/cdn1.mediawpaccore.net\\\/wp-content\\\/uploads\\\/2025\\\/09\\\/09071230\\\/image-39.png\",\"contentUrl\":\"https:\\\/\\\/cdn1.mediawpaccore.net\\\/wp-content\\\/uploads\\\/2025\\\/09\\\/09071230\\\/image-39.png\",\"width\":1976,\"height\":1038,\"caption\":\"Foto (recortada) v\u00eda Mayl\u00edn Lega\u00f1oa \\\/ Facebook\"},{\"@type\":\"BreadcrumbList\",\"@id\":\"https:\\\/\\\/www.cuballama.com\\\/noticias\\\/ice-ordena-salida-voluntaria-a-un-padre-cubano-en-florida-cuyo-hija-necesita-otra-cirugia-cardiaca\\\/#breadcrumb\",\"itemListElement\":[{\"@type\":\"ListItem\",\"position\":1,\"name\":\"Home\",\"item\":\"https:\\\/\\\/www.cuballama.com\\\/noticias\\\/\"},{\"@type\":\"ListItem\",\"position\":2,\"name\":\"ICE ordena salida voluntaria a un padre cubano en Florida cuyo hija necesita otra cirug\u00eda card\u00edaca\"}]},{\"@type\":\"WebSite\",\"@id\":\"https:\\\/\\\/www.cuballama.com\\\/noticias\\\/#website\",\"url\":\"https:\\\/\\\/www.cuballama.com\\\/noticias\\\/\",\"name\":\"Cuballama Noticias\",\"description\":\"Medio digital sobre Cuba y el mundo\",\"publisher\":{\"@id\":\"https:\\\/\\\/www.cuballama.com\\\/noticias\\\/#organization\"},\"potentialAction\":[{\"@type\":\"SearchAction\",\"target\":{\"@type\":\"EntryPoint\",\"urlTemplate\":\"https:\\\/\\\/www.cuballama.com\\\/noticias\\\/?s={search_term_string}\"},\"query-input\":{\"@type\":\"PropertyValueSpecification\",\"valueRequired\":true,\"valueName\":\"search_term_string\"}}],\"inLanguage\":\"es\"},{\"@type\":\"Organization\",\"@id\":\"https:\\\/\\\/www.cuballama.com\\\/noticias\\\/#organization\",\"name\":\"Cuballama\",\"url\":\"https:\\\/\\\/www.cuballama.com\\\/noticias\\\/\",\"logo\":{\"@type\":\"ImageObject\",\"inLanguage\":\"es\",\"@id\":\"https:\\\/\\\/www.cuballama.com\\\/noticias\\\/#\\\/schema\\\/logo\\\/image\\\/\",\"url\":\"https:\\\/\\\/cdn1.mediawpaccore.net\\\/wp-content\\\/uploads\\\/2021\\\/12\\\/28171206\\\/cbll-logo-color-sm.png\",\"contentUrl\":\"https:\\\/\\\/cdn1.mediawpaccore.net\\\/wp-content\\\/uploads\\\/2021\\\/12\\\/28171206\\\/cbll-logo-color-sm.png\",\"width\":600,\"height\":133,\"caption\":\"Cuballama\"},\"image\":{\"@id\":\"https:\\\/\\\/www.cuballama.com\\\/noticias\\\/#\\\/schema\\\/logo\\\/image\\\/\"},\"sameAs\":[\"https:\\\/\\\/www.facebook.com\\\/CubaLlama\",\"https:\\\/\\\/x.com\\\/cuballama\",\"https:\\\/\\\/www.instagram.com\\\/stories\\\/cuballama_oficial\\\/\",\"https:\\\/\\\/www.youtube.com\\\/channel\\\/UCKkFE-d_axENGZcrc4as0IA\"]},{\"@type\":\"Person\",\"@id\":\"https:\\\/\\\/www.cuballama.com\\\/noticias\\\/#\\\/schema\\\/person\\\/a58502ed4146c8e9f83872e897c76cd2\",\"name\":\"Roberto A.\",\"description\":\"Roberto A. Periodista por decisi\u00f3n propia. Interesado en cualquier tema que me apasione y cada vez m\u00e1s comprometido con la verdad y la objetividad period\u00edstica. Graduado en La Habana hace ya muchos a\u00f1os, luego de una accidentada y polvorienta b\u00fasqueda de informaci\u00f3n sobre un tema in\u00e9dito. La Tesis, por cierto, desapareci\u00f3 de la biblioteca y no se conservan copias de la misma.\",\"url\":\"https:\\\/\\\/www.cuballama.com\\\/noticias\\\/author\\\/roberto\\\/\"}]}<\/script>\n<!-- \/ Yoast SEO plugin. -->","yoast_head_json":{"title":"ICE ordena salida voluntaria a un padre cubano en Florida cuyo hija necesita otra cirug\u00eda card\u00edaca - Cuballama Noticias","description":"ICE ordena una orden de salida voluntaria de los Estados Unidos a el padre cubano Deivy Alem\u00e1n Oropesa, cuya hija ser\u00e1 operada pr\u00f3ximamente","robots":{"index":"index","follow":"follow","max-snippet":"max-snippet:-1","max-image-preview":"max-image-preview:large","max-video-preview":"max-video-preview:-1"},"canonical":"https:\/\/www.cuballama.com\/noticias\/ice-ordena-salida-voluntaria-a-un-padre-cubano-en-florida-cuyo-hija-necesita-otra-cirugia-cardiaca\/","og_locale":"es_ES","og_type":"article","og_title":"ICE ordena salida voluntaria a un padre cubano en Florida cuyo hija necesita otra cirug\u00eda card\u00edaca - Cuballama Noticias","og_description":"ICE ordena una orden de salida voluntaria de los Estados Unidos a el padre cubano Deivy Alem\u00e1n Oropesa, cuya hija ser\u00e1 operada pr\u00f3ximamente","og_url":"https:\/\/www.cuballama.com\/noticias\/ice-ordena-salida-voluntaria-a-un-padre-cubano-en-florida-cuyo-hija-necesita-otra-cirugia-cardiaca\/","og_site_name":"Cuballama Noticias","article_publisher":"https:\/\/www.facebook.com\/CubaLlama","article_published_time":"2025-09-09T16:58:14+00:00","article_modified_time":"2025-09-09T16:58:18+00:00","og_image":[{"width":1976,"height":1038,"url":"https:\/\/cdn1.mediawpaccore.net\/wp-content\/uploads\/2025\/09\/09071230\/image-39.png","type":"image\/png"}],"author":"Roberto A.","twitter_card":"summary_large_image","twitter_creator":"@cuballama","twitter_site":"@cuballama","twitter_misc":{"Escrito por":"Roberto A.","Tiempo de lectura":"3 minutos"},"schema":{"@context":"https:\/\/schema.org","@graph":[{"@type":"Article","@id":"https:\/\/www.cuballama.com\/noticias\/ice-ordena-salida-voluntaria-a-un-padre-cubano-en-florida-cuyo-hija-necesita-otra-cirugia-cardiaca\/#article","isPartOf":{"@id":"https:\/\/www.cuballama.com\/noticias\/ice-ordena-salida-voluntaria-a-un-padre-cubano-en-florida-cuyo-hija-necesita-otra-cirugia-cardiaca\/"},"author":{"name":"Roberto A.","@id":"https:\/\/www.cuballama.com\/noticias\/#\/schema\/person\/a58502ed4146c8e9f83872e897c76cd2"},"headline":"ICE ordena salida voluntaria a un padre cubano en Florida cuyo hija necesita otra cirug\u00eda card\u00edaca","datePublished":"2025-09-09T16:58:14+00:00","dateModified":"2025-09-09T16:58:18+00:00","mainEntityOfPage":{"@id":"https:\/\/www.cuballama.com\/noticias\/ice-ordena-salida-voluntaria-a-un-padre-cubano-en-florida-cuyo-hija-necesita-otra-cirugia-cardiaca\/"},"wordCount":624,"commentCount":0,"publisher":{"@id":"https:\/\/www.cuballama.com\/noticias\/#organization"},"image":{"@id":"https:\/\/www.cuballama.com\/noticias\/ice-ordena-salida-voluntaria-a-un-padre-cubano-en-florida-cuyo-hija-necesita-otra-cirugia-cardiaca\/#primaryimage"},"thumbnailUrl":"https:\/\/cdn1.mediawpaccore.net\/wp-content\/uploads\/2025\/09\/09071230\/image-39.png","keywords":["Deivy Alem\u00e1n Oropesa","deportaci\u00f3n","destacado","factores humanitarios","familia cubana","Florida","I-220B","ICE","inmigraci\u00f3n","Maylin Lega\u00f1oa","menor con cardiopat\u00eda","Miami","salida voluntaria","supervisi\u00f3n migratoria","Telemundo 51"],"articleSection":["Noticias","Noticias de Miami"],"inLanguage":"es","potentialAction":[{"@type":"CommentAction","name":"Comment","target":["https:\/\/www.cuballama.com\/noticias\/ice-ordena-salida-voluntaria-a-un-padre-cubano-en-florida-cuyo-hija-necesita-otra-cirugia-cardiaca\/#respond"]}]},{"@type":"WebPage","@id":"https:\/\/www.cuballama.com\/noticias\/ice-ordena-salida-voluntaria-a-un-padre-cubano-en-florida-cuyo-hija-necesita-otra-cirugia-cardiaca\/","url":"https:\/\/www.cuballama.com\/noticias\/ice-ordena-salida-voluntaria-a-un-padre-cubano-en-florida-cuyo-hija-necesita-otra-cirugia-cardiaca\/","name":"ICE ordena salida voluntaria a un padre cubano en Florida cuyo hija necesita otra cirug\u00eda card\u00edaca - Cuballama Noticias","isPartOf":{"@id":"https:\/\/www.cuballama.com\/noticias\/#website"},"primaryImageOfPage":{"@id":"https:\/\/www.cuballama.com\/noticias\/ice-ordena-salida-voluntaria-a-un-padre-cubano-en-florida-cuyo-hija-necesita-otra-cirugia-cardiaca\/#primaryimage"},"image":{"@id":"https:\/\/www.cuballama.com\/noticias\/ice-ordena-salida-voluntaria-a-un-padre-cubano-en-florida-cuyo-hija-necesita-otra-cirugia-cardiaca\/#primaryimage"},"thumbnailUrl":"https:\/\/cdn1.mediawpaccore.net\/wp-content\/uploads\/2025\/09\/09071230\/image-39.png","datePublished":"2025-09-09T16:58:14+00:00","dateModified":"2025-09-09T16:58:18+00:00","description":"ICE ordena una orden de salida voluntaria de los Estados Unidos a el padre cubano Deivy Alem\u00e1n Oropesa, cuya hija ser\u00e1 operada pr\u00f3ximamente","breadcrumb":{"@id":"https:\/\/www.cuballama.com\/noticias\/ice-ordena-salida-voluntaria-a-un-padre-cubano-en-florida-cuyo-hija-necesita-otra-cirugia-cardiaca\/#breadcrumb"},"inLanguage":"es","potentialAction":[{"@type":"ReadAction","target":["https:\/\/www.cuballama.com\/noticias\/ice-ordena-salida-voluntaria-a-un-padre-cubano-en-florida-cuyo-hija-necesita-otra-cirugia-cardiaca\/"]}]},{"@type":"ImageObject","inLanguage":"es","@id":"https:\/\/www.cuballama.com\/noticias\/ice-ordena-salida-voluntaria-a-un-padre-cubano-en-florida-cuyo-hija-necesita-otra-cirugia-cardiaca\/#primaryimage","url":"https:\/\/cdn1.mediawpaccore.net\/wp-content\/uploads\/2025\/09\/09071230\/image-39.png","contentUrl":"https:\/\/cdn1.mediawpaccore.net\/wp-content\/uploads\/2025\/09\/09071230\/image-39.png","width":1976,"height":1038,"caption":"Foto (recortada) v\u00eda Mayl\u00edn Lega\u00f1oa \/ Facebook"},{"@type":"BreadcrumbList","@id":"https:\/\/www.cuballama.com\/noticias\/ice-ordena-salida-voluntaria-a-un-padre-cubano-en-florida-cuyo-hija-necesita-otra-cirugia-cardiaca\/#breadcrumb","itemListElement":[{"@type":"ListItem","position":1,"name":"Home","item":"https:\/\/www.cuballama.com\/noticias\/"},{"@type":"ListItem","position":2,"name":"ICE ordena salida voluntaria a un padre cubano en Florida cuyo hija necesita otra cirug\u00eda card\u00edaca"}]},{"@type":"WebSite","@id":"https:\/\/www.cuballama.com\/noticias\/#website","url":"https:\/\/www.cuballama.com\/noticias\/","name":"Cuballama Noticias","description":"Medio digital sobre Cuba y el mundo","publisher":{"@id":"https:\/\/www.cuballama.com\/noticias\/#organization"},"potentialAction":[{"@type":"SearchAction","target":{"@type":"EntryPoint","urlTemplate":"https:\/\/www.cuballama.com\/noticias\/?s={search_term_string}"},"query-input":{"@type":"PropertyValueSpecification","valueRequired":true,"valueName":"search_term_string"}}],"inLanguage":"es"},{"@type":"Organization","@id":"https:\/\/www.cuballama.com\/noticias\/#organization","name":"Cuballama","url":"https:\/\/www.cuballama.com\/noticias\/","logo":{"@type":"ImageObject","inLanguage":"es","@id":"https:\/\/www.cuballama.com\/noticias\/#\/schema\/logo\/image\/","url":"https:\/\/cdn1.mediawpaccore.net\/wp-content\/uploads\/2021\/12\/28171206\/cbll-logo-color-sm.png","contentUrl":"https:\/\/cdn1.mediawpaccore.net\/wp-content\/uploads\/2021\/12\/28171206\/cbll-logo-color-sm.png","width":600,"height":133,"caption":"Cuballama"},"image":{"@id":"https:\/\/www.cuballama.com\/noticias\/#\/schema\/logo\/image\/"},"sameAs":["https:\/\/www.facebook.com\/CubaLlama","https:\/\/x.com\/cuballama","https:\/\/www.instagram.com\/stories\/cuballama_oficial\/","https:\/\/www.youtube.com\/channel\/UCKkFE-d_axENGZcrc4as0IA"]},{"@type":"Person","@id":"https:\/\/www.cuballama.com\/noticias\/#\/schema\/person\/a58502ed4146c8e9f83872e897c76cd2","name":"Roberto A.","description":"Roberto A. Periodista por decisi\u00f3n propia. Interesado en cualquier tema que me apasione y cada vez m\u00e1s comprometido con la verdad y la objetividad period\u00edstica. Graduado en La Habana hace ya muchos a\u00f1os, luego de una accidentada y polvorienta b\u00fasqueda de informaci\u00f3n sobre un tema in\u00e9dito. La Tesis, por cierto, desapareci\u00f3 de la biblioteca y no se conservan copias de la misma.","url":"https:\/\/www.cuballama.com\/noticias\/author\/roberto\/"}]}},"_links":{"self":[{"href":"https:\/\/www.cuballama.com\/noticias\/wp-json\/wp\/v2\/posts\/219018","targetHints":{"allow":["GET"]}}],"collection":[{"href":"https:\/\/www.cuballama.com\/noticias\/wp-json\/wp\/v2\/posts"}],"about":[{"href":"https:\/\/www.cuballama.com\/noticias\/wp-json\/wp\/v2\/types\/post"}],"author":[{"embeddable":true,"href":"https:\/\/www.cuballama.com\/noticias\/wp-json\/wp\/v2\/users\/13"}],"replies":[{"embeddable":true,"href":"https:\/\/www.cuballama.com\/noticias\/wp-json\/wp\/v2\/comments?post=219018"}],"version-history":[{"count":3,"href":"https:\/\/www.cuballama.com\/noticias\/wp-json\/wp\/v2\/posts\/219018\/revisions"}],"predecessor-version":[{"id":219023,"href":"https:\/\/www.cuballama.com\/noticias\/wp-json\/wp\/v2\/posts\/219018\/revisions\/219023"}],"wp:featuredmedia":[{"embeddable":true,"href":"https:\/\/www.cuballama.com\/noticias\/wp-json\/wp\/v2\/media\/219022"}],"wp:attachment":[{"href":"https:\/\/www.cuballama.com\/noticias\/wp-json\/wp\/v2\/media?parent=219018"}],"wp:term":[{"taxonomy":"category","embeddable":true,"href":"https:\/\/www.cuballama.com\/noticias\/wp-json\/wp\/v2\/categories?post=219018"},{"taxonomy":"post_tag","embeddable":true,"href":"https:\/\/www.cuballama.com\/noticias\/wp-json\/wp\/v2\/tags?post=219018"}],"curies":[{"name":"wp","href":"https:\/\/api.w.org\/{rel}","templated":true}]}}