{"id":218991,"date":"2025-09-09T13:09:22","date_gmt":"2025-09-09T17:09:22","guid":{"rendered":"https:\/\/www.cuballama.com\/noticias\/?p=218991"},"modified":"2025-09-09T13:09:26","modified_gmt":"2025-09-09T17:09:26","slug":"pasajeros-de-american-quedan-varados-en-bahamas-rumbo-a-miami-la-linea-anuncia-vuelo-directo-entre-ambos-destinos","status":"publish","type":"post","link":"https:\/\/www.cuballama.com\/noticias\/pasajeros-de-american-quedan-varados-en-bahamas-rumbo-a-miami-la-linea-anuncia-vuelo-directo-entre-ambos-destinos\/","title":{"rendered":"Pasajeros de American quedan varados en Bahamas rumbo a Miami. La l\u00ednea anuncia vuelo directo entre ambos destinos"},"content":{"rendered":"\n<p>Casi 200 pasajeros que deb\u00edan aterrizar en Miami quedaron varados durante horas en un aeropuerto de Bahamas despu\u00e9s de que su vuelo de American Airlines fuera desviado, presuntamente por mal tiempo. <\/p>\n\n\n\n<p>Seg\u00fan el reporte de <a href=\"https:\/\/www.local10.com\/news\/local\/2025\/09\/08\/passengers-flying-from-bahamas-to-miami-stranded-for-hours-with-no-explanation\/\" target=\"_blank\" rel=\"noreferrer noopener nofollow\">WPLG Local 10<\/a>, se trat\u00f3 del AA1917, que deb\u00eda llegar antes de las 4:00 p. m. del lunes; a las 11:30 p. m., a\u00fan no hab\u00eda despegado de regreso. Uno de los viajeros, Marcus Bolden, afirm\u00f3 que el avi\u00f3n permaneci\u00f3 en plataforma sin aire acondicionado, con gente desmay\u00e1ndose por el calor, hasta que los dejaron bajar a la terminal, mientras la hora de salida se postergaba una y otra vez. La aerol\u00ednea no hab\u00eda respondido a las consultas del canal al cierre de esa nota.<\/p>\n\n\n\n<p>El episodio reaviva las dudas sobre los planes de contingencia cuando los desv\u00edos ocurren en aeropuertos fuera de EE. UU., donde la falta de documentaci\u00f3n migratoria impide a muchos pasajeros salir del \u00e1rea est\u00e9ril y complica la asistencia en tierra. No es un antecedente aislado: <a href=\"https:\/\/www.flyertalk.com\/forum\/american-airlines-aadvantage\/2168823-miami-puerto-rico-stuck-bahamas-14-hours.html\" target=\"_blank\" rel=\"noreferrer noopener nofollow\">situaciones similares han sido narradas por viajeros<\/a> en foros y coberturas previas cuando vuelos con destino a Miami terminan en aeropuertos bahamenses por razones meteorol\u00f3gicas. <\/p>\n\n\n\n<p>Mientras ese grupo aguardaba una soluci\u00f3n, curiosamente<a href=\"https:\/\/news.aa.com\/news\/news-details\/2025\/American-Airlines-provides-customers-a-new-way-to-fall-in-love-with-the-beaches-of-the-Bahamas-NET-RTS-09\/\" target=\"_blank\" rel=\"noreferrer noopener nofollow\"> American anunciaba<\/a> una expansi\u00f3n de su red en el archipi\u00e9lago con una nueva ruta directa entre Miami (MIA) y Bimini (BIM). De acuerdo con el comunicado oficial y la cobertura de <em><a href=\"https:\/\/wsvn.com\/news\/local\/miami-dade\/american-airlines-to-launch-nonstop-flights-from-miami-to-bimini\/\" target=\"_blank\" rel=\"noreferrer noopener nofollow\">WSVN<\/a><\/em>, el servicio arrancar\u00e1 el 14 de febrero, tres veces por semana \u2014lunes, mi\u00e9rcoles y s\u00e1bados\u2014, operado con Embraer 175 con cabina premium. Los boletos ya est\u00e1n a la venta. La compa\u00f1\u00eda subraya que ser\u00e1 la \u00fanica aerol\u00ednea con enlace sin escalas desde EE. UU. a Bimini. <\/p>\n\n\n\n<p><a href=\"https:\/\/www.travelmarketreport.com\/air\/articles\/american-airlines-to-launch-first-miami-to-bimini-route\" target=\"_blank\" rel=\"noreferrer noopener nofollow\">Medios especializados<\/a> a\u00f1aden un dato de color: con apenas 64 millas de tramo, el MIA\u2013BIM se convertir\u00e1 en el vuelo m\u00e1s corto de toda la red de American y en su ruta internacional m\u00e1s breve. Tambi\u00e9n ser\u00e1 el s\u00e9ptimo destino de la aerol\u00ednea en Bahamas y refuerza su apuesta por Miami, donde proyecta un r\u00e9cord de salidas diarias en la temporada de invierno.<\/p>\n\n\n\n<p><strong>Bahamas y Miami, como \u00abdestino\u00bb para cubanos.<\/strong><\/p>\n\n\n\n<p>Aunque ni el DOT estadounidense ni las autoridades bahamenses publican un conteo por nacionalidad de los pasajeros por ruta espec\u00edfica (MIA\u2013NAS\/FPO\/BIM), es sabido que Bahamas, junto a Canc\u00fan y Punta Cana, en Rep. Dominicana, son los destinos favoritos de los cubanos residentes en el Sur de la Florida cada vez que van a salir de vacaciones.<\/p>\n\n\n\n<p>Aunque la cifra de cubanos que viajan a las Bahamas no est\u00e1 medida en concreto, s\u00ed existen estad\u00edsticas globales por aeropuerto. <\/p>\n\n\n\n<p>Por ejemplo, el Lynden Pindling International Airport (NAS) cerr\u00f3 su a\u00f1o fiscal 2024 con 4.06 millones de pasajeros, un r\u00e9cord hist\u00f3rico; dentro de ese total, el \u201csector EE. UU.\u201d aport\u00f3 2.86 millones de viajeros. <\/p>\n\n\n\n<p><a href=\"https:\/\/nassaulpia.com\/lpia-reaches-record-4-06m-passengers-in-fy2024-surpasses-pre-pandemic-record-set-in-fy2019\/\" target=\"_blank\" rel=\"noreferrer noopener nofollow\">El propio aeropuerto se\u00f1ala <\/a>que Miami y Fort Lauderdale est\u00e1n entre sus rutas m\u00e1s concurridas (junto con JFK), lo que coloca el MIA\u2013NAS como uno de los pares m\u00e1s demandados del archipi\u00e9lago, aunque sin un desglose p\u00fablico por pareja de aeropuertos. En otras palabras: sabemos el tama\u00f1o del mercado hacia\/desde EE. UU. y que Miami est\u00e1 en el podio de destinos de NAS, pero la cifra exacta MIA\u2194NAS no se publica abiertamente.<\/p>\n\n\n\n<p><strong>Miami\u2013Freeport (MIA\u2013FPO). <\/strong><\/p>\n\n\n\n<p>A falta de estad\u00edsticas oficiales de pasajeros por ruta, la oferta da una buena idea de magnitud. Hoy American Airlines opera 13 vuelos semanales entre Freeport y Miami (en equipos Embraer regionales, seg\u00fan los listados), lo que supone del orden de 50\u201355 mil asientos al a\u00f1o por sentido si se mantiene esa programaci\u00f3n (c\u00e1lculo aproximado con aeronaves de ~76 plazas). Aerol\u00edneas de peque\u00f1o porte de Bahama conectan Freeport sobre todo con Fort Lauderdale, <a href=\"https:\/\/www.flightsfrom.com\/FPO-MIA\" target=\"_blank\" rel=\"noreferrer noopener nofollow\">pero el enlace directo con MIA corre principalmente por American<\/a>. <\/p>\n\n\n\n<p><strong>Miami\u2013Bimini (MIA\u2013BIM).<\/strong><\/p>\n\n\n\n<p>A partir del 14 de febrero, American abrir\u00e1 una ruta sin escalas MIA\u2013BIM tres veces por semana (lunes, mi\u00e9rcoles y s\u00e1bados) con Embraer 175. Si esa pauta se sostiene, hablamos de una capacidad anual aproximada de 11\u201312 mil asientos por sentido (estimaci\u00f3n). La compa\u00f1\u00eda remarca adem\u00e1s que ser\u00e1 el \u00fanico enlace directo desde EE. UU. a Bimini; la distancia es de apenas 64 millas, su ruta internacional m\u00e1s corta.<\/p>\n\n\n\n<p><strong>Volumen total hacia Bahamas. <\/strong><\/p>\n\n\n\n<p>En 2024, Bahamas recibi\u00f3 m\u00e1s de 11 millones de visitantes (crucero + a\u00e9reo), con un crecimiento de las llegadas por aire en varias islas \u2014Grand Bahama +8.7% interanual\u2014, aunque con oscilaciones mensuales en 2025. NAS, el principal portal a\u00e9reo del pa\u00eds, lidera esa entrada de pasajeros y contin\u00faa reportando aumentos interanuales en el arranque del a\u00f1o fiscal 2025. <\/p>\n","protected":false},"excerpt":{"rendered":"<p>En suma, la jornada dej\u00f3 curiosamente dos caras, no de una misma moneda, pero s\u00ed de una misma historia a\u00e9rea entre el sur de Florida y Bahamas: m\u00e1s espec\u00edficamente entre Miami y Bahamas. De un lado, la frustraci\u00f3n de un centenar largo de pasajeros sin explicaciones claras despu\u00e9s de un desv\u00edo; del otro, una nueva ruta que promete conectar a Miami con Bimini en apenas media hora de vuelo. <\/p>\n","protected":false},"author":13,"featured_media":85532,"comment_status":"open","ping_status":"closed","sticky":false,"template":"","format":"standard","meta":{"_acf_changed":false,"footnotes":""},"categories":[18,954,498],"tags":[1228,472,92,941,572,256,1385,9644,192],"class_list":{"0":"post-218991","1":"post","2":"type-post","3":"status-publish","4":"format-standard","5":"has-post-thumbnail","7":"category-noticias","8":"category-noticias-de-florida","9":"category-viajes","10":"tag-american-airlines","11":"tag-bahamas","12":"tag-cubanos","13":"tag-destacado","14":"tag-fort-lauderdale","15":"tag-miami","16":"tag-pasajeros","17":"tag-sur-de-la-florida","18":"tag-vuelos"},"acf":[],"yoast_head":"<!-- This site is optimized with the Yoast SEO plugin v27.5 - https:\/\/yoast.com\/product\/yoast-seo-wordpress\/ -->\n<title>Pasajeros de American quedan varados en Bahamas rumbo a Miami. La l\u00ednea anuncia vuelo directo entre ambos destinos - Cuballama Noticias<\/title>\n<meta name=\"robots\" content=\"index, follow, max-snippet:-1, max-image-preview:large, max-video-preview:-1\" \/>\n<link rel=\"canonical\" href=\"https:\/\/www.cuballama.com\/noticias\/pasajeros-de-american-quedan-varados-en-bahamas-rumbo-a-miami-la-linea-anuncia-vuelo-directo-entre-ambos-destinos\/\" \/>\n<meta property=\"og:locale\" content=\"es_ES\" \/>\n<meta property=\"og:type\" content=\"article\" \/>\n<meta property=\"og:title\" content=\"Pasajeros de American quedan varados en Bahamas rumbo a Miami. La l\u00ednea anuncia vuelo directo entre ambos destinos - Cuballama Noticias\" \/>\n<meta property=\"og:description\" content=\"En suma, la jornada dej\u00f3 curiosamente dos caras, no de una misma moneda, pero s\u00ed de una misma historia a\u00e9rea entre el sur de Florida y Bahamas: m\u00e1s espec\u00edficamente entre Miami y Bahamas. De un lado, la frustraci\u00f3n de un centenar largo de pasajeros sin explicaciones claras despu\u00e9s de un desv\u00edo; del otro, una nueva ruta que promete conectar a Miami con Bimini en apenas media hora de vuelo.\" \/>\n<meta property=\"og:url\" content=\"https:\/\/www.cuballama.com\/noticias\/pasajeros-de-american-quedan-varados-en-bahamas-rumbo-a-miami-la-linea-anuncia-vuelo-directo-entre-ambos-destinos\/\" \/>\n<meta property=\"og:site_name\" content=\"Cuballama Noticias\" \/>\n<meta property=\"article:publisher\" content=\"https:\/\/www.facebook.com\/CubaLlama\" \/>\n<meta property=\"article:published_time\" content=\"2025-09-09T17:09:22+00:00\" \/>\n<meta property=\"article:modified_time\" content=\"2025-09-09T17:09:26+00:00\" \/>\n<meta property=\"og:image\" content=\"https:\/\/cdn1.mediawpaccore.net\/wp-content\/uploads\/2022\/01\/20130542\/American_Airlines_N798AN_at_Miami_airport-scaled.jpg\" \/>\n\t<meta property=\"og:image:width\" content=\"2560\" \/>\n\t<meta property=\"og:image:height\" content=\"1920\" \/>\n\t<meta property=\"og:image:type\" content=\"image\/jpeg\" \/>\n<meta name=\"author\" content=\"Roberto A.\" \/>\n<meta name=\"twitter:card\" content=\"summary_large_image\" \/>\n<meta name=\"twitter:creator\" content=\"@cuballama\" \/>\n<meta name=\"twitter:site\" content=\"@cuballama\" \/>\n<meta name=\"twitter:label1\" content=\"Escrito por\" \/>\n\t<meta name=\"twitter:data1\" content=\"Roberto A.\" \/>\n\t<meta name=\"twitter:label2\" content=\"Tiempo de lectura\" \/>\n\t<meta name=\"twitter:data2\" content=\"4 minutos\" \/>\n<script type=\"application\/ld+json\" class=\"yoast-schema-graph\">{\"@context\":\"https:\\\/\\\/schema.org\",\"@graph\":[{\"@type\":\"Article\",\"@id\":\"https:\\\/\\\/www.cuballama.com\\\/noticias\\\/pasajeros-de-american-quedan-varados-en-bahamas-rumbo-a-miami-la-linea-anuncia-vuelo-directo-entre-ambos-destinos\\\/#article\",\"isPartOf\":{\"@id\":\"https:\\\/\\\/www.cuballama.com\\\/noticias\\\/pasajeros-de-american-quedan-varados-en-bahamas-rumbo-a-miami-la-linea-anuncia-vuelo-directo-entre-ambos-destinos\\\/\"},\"author\":{\"name\":\"Roberto A.\",\"@id\":\"https:\\\/\\\/www.cuballama.com\\\/noticias\\\/#\\\/schema\\\/person\\\/a58502ed4146c8e9f83872e897c76cd2\"},\"headline\":\"Pasajeros de American quedan varados en Bahamas rumbo a Miami. La l\u00ednea anuncia vuelo directo entre ambos destinos\",\"datePublished\":\"2025-09-09T17:09:22+00:00\",\"dateModified\":\"2025-09-09T17:09:26+00:00\",\"mainEntityOfPage\":{\"@id\":\"https:\\\/\\\/www.cuballama.com\\\/noticias\\\/pasajeros-de-american-quedan-varados-en-bahamas-rumbo-a-miami-la-linea-anuncia-vuelo-directo-entre-ambos-destinos\\\/\"},\"wordCount\":815,\"commentCount\":0,\"publisher\":{\"@id\":\"https:\\\/\\\/www.cuballama.com\\\/noticias\\\/#organization\"},\"image\":{\"@id\":\"https:\\\/\\\/www.cuballama.com\\\/noticias\\\/pasajeros-de-american-quedan-varados-en-bahamas-rumbo-a-miami-la-linea-anuncia-vuelo-directo-entre-ambos-destinos\\\/#primaryimage\"},\"thumbnailUrl\":\"https:\\\/\\\/cdn1.mediawpaccore.net\\\/wp-content\\\/uploads\\\/2022\\\/01\\\/20130542\\\/American_Airlines_N798AN_at_Miami_airport-scaled.jpg\",\"keywords\":[\"American Airlines\",\"Bahamas\",\"cubanos\",\"destacado\",\"Fort Lauderdale\",\"Miami\",\"pasajeros\",\"sur de la Florida\",\"vuelos\"],\"articleSection\":[\"Noticias\",\"Noticias de Florida\",\"Viajes\"],\"inLanguage\":\"es\",\"potentialAction\":[{\"@type\":\"CommentAction\",\"name\":\"Comment\",\"target\":[\"https:\\\/\\\/www.cuballama.com\\\/noticias\\\/pasajeros-de-american-quedan-varados-en-bahamas-rumbo-a-miami-la-linea-anuncia-vuelo-directo-entre-ambos-destinos\\\/#respond\"]}]},{\"@type\":\"WebPage\",\"@id\":\"https:\\\/\\\/www.cuballama.com\\\/noticias\\\/pasajeros-de-american-quedan-varados-en-bahamas-rumbo-a-miami-la-linea-anuncia-vuelo-directo-entre-ambos-destinos\\\/\",\"url\":\"https:\\\/\\\/www.cuballama.com\\\/noticias\\\/pasajeros-de-american-quedan-varados-en-bahamas-rumbo-a-miami-la-linea-anuncia-vuelo-directo-entre-ambos-destinos\\\/\",\"name\":\"Pasajeros de American quedan varados en Bahamas rumbo a Miami. La l\u00ednea anuncia vuelo directo entre ambos destinos - Cuballama Noticias\",\"isPartOf\":{\"@id\":\"https:\\\/\\\/www.cuballama.com\\\/noticias\\\/#website\"},\"primaryImageOfPage\":{\"@id\":\"https:\\\/\\\/www.cuballama.com\\\/noticias\\\/pasajeros-de-american-quedan-varados-en-bahamas-rumbo-a-miami-la-linea-anuncia-vuelo-directo-entre-ambos-destinos\\\/#primaryimage\"},\"image\":{\"@id\":\"https:\\\/\\\/www.cuballama.com\\\/noticias\\\/pasajeros-de-american-quedan-varados-en-bahamas-rumbo-a-miami-la-linea-anuncia-vuelo-directo-entre-ambos-destinos\\\/#primaryimage\"},\"thumbnailUrl\":\"https:\\\/\\\/cdn1.mediawpaccore.net\\\/wp-content\\\/uploads\\\/2022\\\/01\\\/20130542\\\/American_Airlines_N798AN_at_Miami_airport-scaled.jpg\",\"datePublished\":\"2025-09-09T17:09:22+00:00\",\"dateModified\":\"2025-09-09T17:09:26+00:00\",\"breadcrumb\":{\"@id\":\"https:\\\/\\\/www.cuballama.com\\\/noticias\\\/pasajeros-de-american-quedan-varados-en-bahamas-rumbo-a-miami-la-linea-anuncia-vuelo-directo-entre-ambos-destinos\\\/#breadcrumb\"},\"inLanguage\":\"es\",\"potentialAction\":[{\"@type\":\"ReadAction\",\"target\":[\"https:\\\/\\\/www.cuballama.com\\\/noticias\\\/pasajeros-de-american-quedan-varados-en-bahamas-rumbo-a-miami-la-linea-anuncia-vuelo-directo-entre-ambos-destinos\\\/\"]}]},{\"@type\":\"ImageObject\",\"inLanguage\":\"es\",\"@id\":\"https:\\\/\\\/www.cuballama.com\\\/noticias\\\/pasajeros-de-american-quedan-varados-en-bahamas-rumbo-a-miami-la-linea-anuncia-vuelo-directo-entre-ambos-destinos\\\/#primaryimage\",\"url\":\"https:\\\/\\\/cdn1.mediawpaccore.net\\\/wp-content\\\/uploads\\\/2022\\\/01\\\/20130542\\\/American_Airlines_N798AN_at_Miami_airport-scaled.jpg\",\"contentUrl\":\"https:\\\/\\\/cdn1.mediawpaccore.net\\\/wp-content\\\/uploads\\\/2022\\\/01\\\/20130542\\\/American_Airlines_N798AN_at_Miami_airport-scaled.jpg\",\"width\":2560,\"height\":1920,\"caption\":\"Por el Aeropuerto Internacional de Miami han entrado la mayor\u00eda de los contagiados con el Chikungunya, procedentes de Cuba. Foto: Wikimedia Commons Author Sunnya343 con Licencia de Uso compartido\"},{\"@type\":\"BreadcrumbList\",\"@id\":\"https:\\\/\\\/www.cuballama.com\\\/noticias\\\/pasajeros-de-american-quedan-varados-en-bahamas-rumbo-a-miami-la-linea-anuncia-vuelo-directo-entre-ambos-destinos\\\/#breadcrumb\",\"itemListElement\":[{\"@type\":\"ListItem\",\"position\":1,\"name\":\"Home\",\"item\":\"https:\\\/\\\/www.cuballama.com\\\/noticias\\\/\"},{\"@type\":\"ListItem\",\"position\":2,\"name\":\"Pasajeros de American quedan varados en Bahamas rumbo a Miami. La l\u00ednea anuncia vuelo directo entre ambos destinos\"}]},{\"@type\":\"WebSite\",\"@id\":\"https:\\\/\\\/www.cuballama.com\\\/noticias\\\/#website\",\"url\":\"https:\\\/\\\/www.cuballama.com\\\/noticias\\\/\",\"name\":\"Cuballama Noticias\",\"description\":\"Medio digital sobre Cuba y el mundo\",\"publisher\":{\"@id\":\"https:\\\/\\\/www.cuballama.com\\\/noticias\\\/#organization\"},\"potentialAction\":[{\"@type\":\"SearchAction\",\"target\":{\"@type\":\"EntryPoint\",\"urlTemplate\":\"https:\\\/\\\/www.cuballama.com\\\/noticias\\\/?s={search_term_string}\"},\"query-input\":{\"@type\":\"PropertyValueSpecification\",\"valueRequired\":true,\"valueName\":\"search_term_string\"}}],\"inLanguage\":\"es\"},{\"@type\":\"Organization\",\"@id\":\"https:\\\/\\\/www.cuballama.com\\\/noticias\\\/#organization\",\"name\":\"Cuballama\",\"url\":\"https:\\\/\\\/www.cuballama.com\\\/noticias\\\/\",\"logo\":{\"@type\":\"ImageObject\",\"inLanguage\":\"es\",\"@id\":\"https:\\\/\\\/www.cuballama.com\\\/noticias\\\/#\\\/schema\\\/logo\\\/image\\\/\",\"url\":\"https:\\\/\\\/cdn1.mediawpaccore.net\\\/wp-content\\\/uploads\\\/2021\\\/12\\\/28171206\\\/cbll-logo-color-sm.png\",\"contentUrl\":\"https:\\\/\\\/cdn1.mediawpaccore.net\\\/wp-content\\\/uploads\\\/2021\\\/12\\\/28171206\\\/cbll-logo-color-sm.png\",\"width\":600,\"height\":133,\"caption\":\"Cuballama\"},\"image\":{\"@id\":\"https:\\\/\\\/www.cuballama.com\\\/noticias\\\/#\\\/schema\\\/logo\\\/image\\\/\"},\"sameAs\":[\"https:\\\/\\\/www.facebook.com\\\/CubaLlama\",\"https:\\\/\\\/x.com\\\/cuballama\",\"https:\\\/\\\/www.instagram.com\\\/stories\\\/cuballama_oficial\\\/\",\"https:\\\/\\\/www.youtube.com\\\/channel\\\/UCKkFE-d_axENGZcrc4as0IA\"]},{\"@type\":\"Person\",\"@id\":\"https:\\\/\\\/www.cuballama.com\\\/noticias\\\/#\\\/schema\\\/person\\\/a58502ed4146c8e9f83872e897c76cd2\",\"name\":\"Roberto A.\",\"description\":\"Roberto A. Periodista por decisi\u00f3n propia. Interesado en cualquier tema que me apasione y cada vez m\u00e1s comprometido con la verdad y la objetividad period\u00edstica. Graduado en La Habana hace ya muchos a\u00f1os, luego de una accidentada y polvorienta b\u00fasqueda de informaci\u00f3n sobre un tema in\u00e9dito. La Tesis, por cierto, desapareci\u00f3 de la biblioteca y no se conservan copias de la misma.\",\"url\":\"https:\\\/\\\/www.cuballama.com\\\/noticias\\\/author\\\/roberto\\\/\"}]}<\/script>\n<!-- \/ Yoast SEO plugin. -->","yoast_head_json":{"title":"Pasajeros de American quedan varados en Bahamas rumbo a Miami. La l\u00ednea anuncia vuelo directo entre ambos destinos - Cuballama Noticias","robots":{"index":"index","follow":"follow","max-snippet":"max-snippet:-1","max-image-preview":"max-image-preview:large","max-video-preview":"max-video-preview:-1"},"canonical":"https:\/\/www.cuballama.com\/noticias\/pasajeros-de-american-quedan-varados-en-bahamas-rumbo-a-miami-la-linea-anuncia-vuelo-directo-entre-ambos-destinos\/","og_locale":"es_ES","og_type":"article","og_title":"Pasajeros de American quedan varados en Bahamas rumbo a Miami. La l\u00ednea anuncia vuelo directo entre ambos destinos - Cuballama Noticias","og_description":"En suma, la jornada dej\u00f3 curiosamente dos caras, no de una misma moneda, pero s\u00ed de una misma historia a\u00e9rea entre el sur de Florida y Bahamas: m\u00e1s espec\u00edficamente entre Miami y Bahamas. De un lado, la frustraci\u00f3n de un centenar largo de pasajeros sin explicaciones claras despu\u00e9s de un desv\u00edo; del otro, una nueva ruta que promete conectar a Miami con Bimini en apenas media hora de vuelo.","og_url":"https:\/\/www.cuballama.com\/noticias\/pasajeros-de-american-quedan-varados-en-bahamas-rumbo-a-miami-la-linea-anuncia-vuelo-directo-entre-ambos-destinos\/","og_site_name":"Cuballama Noticias","article_publisher":"https:\/\/www.facebook.com\/CubaLlama","article_published_time":"2025-09-09T17:09:22+00:00","article_modified_time":"2025-09-09T17:09:26+00:00","og_image":[{"width":2560,"height":1920,"url":"https:\/\/cdn1.mediawpaccore.net\/wp-content\/uploads\/2022\/01\/20130542\/American_Airlines_N798AN_at_Miami_airport-scaled.jpg","type":"image\/jpeg"}],"author":"Roberto A.","twitter_card":"summary_large_image","twitter_creator":"@cuballama","twitter_site":"@cuballama","twitter_misc":{"Escrito por":"Roberto A.","Tiempo de lectura":"4 minutos"},"schema":{"@context":"https:\/\/schema.org","@graph":[{"@type":"Article","@id":"https:\/\/www.cuballama.com\/noticias\/pasajeros-de-american-quedan-varados-en-bahamas-rumbo-a-miami-la-linea-anuncia-vuelo-directo-entre-ambos-destinos\/#article","isPartOf":{"@id":"https:\/\/www.cuballama.com\/noticias\/pasajeros-de-american-quedan-varados-en-bahamas-rumbo-a-miami-la-linea-anuncia-vuelo-directo-entre-ambos-destinos\/"},"author":{"name":"Roberto A.","@id":"https:\/\/www.cuballama.com\/noticias\/#\/schema\/person\/a58502ed4146c8e9f83872e897c76cd2"},"headline":"Pasajeros de American quedan varados en Bahamas rumbo a Miami. La l\u00ednea anuncia vuelo directo entre ambos destinos","datePublished":"2025-09-09T17:09:22+00:00","dateModified":"2025-09-09T17:09:26+00:00","mainEntityOfPage":{"@id":"https:\/\/www.cuballama.com\/noticias\/pasajeros-de-american-quedan-varados-en-bahamas-rumbo-a-miami-la-linea-anuncia-vuelo-directo-entre-ambos-destinos\/"},"wordCount":815,"commentCount":0,"publisher":{"@id":"https:\/\/www.cuballama.com\/noticias\/#organization"},"image":{"@id":"https:\/\/www.cuballama.com\/noticias\/pasajeros-de-american-quedan-varados-en-bahamas-rumbo-a-miami-la-linea-anuncia-vuelo-directo-entre-ambos-destinos\/#primaryimage"},"thumbnailUrl":"https:\/\/cdn1.mediawpaccore.net\/wp-content\/uploads\/2022\/01\/20130542\/American_Airlines_N798AN_at_Miami_airport-scaled.jpg","keywords":["American Airlines","Bahamas","cubanos","destacado","Fort Lauderdale","Miami","pasajeros","sur de la Florida","vuelos"],"articleSection":["Noticias","Noticias de Florida","Viajes"],"inLanguage":"es","potentialAction":[{"@type":"CommentAction","name":"Comment","target":["https:\/\/www.cuballama.com\/noticias\/pasajeros-de-american-quedan-varados-en-bahamas-rumbo-a-miami-la-linea-anuncia-vuelo-directo-entre-ambos-destinos\/#respond"]}]},{"@type":"WebPage","@id":"https:\/\/www.cuballama.com\/noticias\/pasajeros-de-american-quedan-varados-en-bahamas-rumbo-a-miami-la-linea-anuncia-vuelo-directo-entre-ambos-destinos\/","url":"https:\/\/www.cuballama.com\/noticias\/pasajeros-de-american-quedan-varados-en-bahamas-rumbo-a-miami-la-linea-anuncia-vuelo-directo-entre-ambos-destinos\/","name":"Pasajeros de American quedan varados en Bahamas rumbo a Miami. La l\u00ednea anuncia vuelo directo entre ambos destinos - Cuballama Noticias","isPartOf":{"@id":"https:\/\/www.cuballama.com\/noticias\/#website"},"primaryImageOfPage":{"@id":"https:\/\/www.cuballama.com\/noticias\/pasajeros-de-american-quedan-varados-en-bahamas-rumbo-a-miami-la-linea-anuncia-vuelo-directo-entre-ambos-destinos\/#primaryimage"},"image":{"@id":"https:\/\/www.cuballama.com\/noticias\/pasajeros-de-american-quedan-varados-en-bahamas-rumbo-a-miami-la-linea-anuncia-vuelo-directo-entre-ambos-destinos\/#primaryimage"},"thumbnailUrl":"https:\/\/cdn1.mediawpaccore.net\/wp-content\/uploads\/2022\/01\/20130542\/American_Airlines_N798AN_at_Miami_airport-scaled.jpg","datePublished":"2025-09-09T17:09:22+00:00","dateModified":"2025-09-09T17:09:26+00:00","breadcrumb":{"@id":"https:\/\/www.cuballama.com\/noticias\/pasajeros-de-american-quedan-varados-en-bahamas-rumbo-a-miami-la-linea-anuncia-vuelo-directo-entre-ambos-destinos\/#breadcrumb"},"inLanguage":"es","potentialAction":[{"@type":"ReadAction","target":["https:\/\/www.cuballama.com\/noticias\/pasajeros-de-american-quedan-varados-en-bahamas-rumbo-a-miami-la-linea-anuncia-vuelo-directo-entre-ambos-destinos\/"]}]},{"@type":"ImageObject","inLanguage":"es","@id":"https:\/\/www.cuballama.com\/noticias\/pasajeros-de-american-quedan-varados-en-bahamas-rumbo-a-miami-la-linea-anuncia-vuelo-directo-entre-ambos-destinos\/#primaryimage","url":"https:\/\/cdn1.mediawpaccore.net\/wp-content\/uploads\/2022\/01\/20130542\/American_Airlines_N798AN_at_Miami_airport-scaled.jpg","contentUrl":"https:\/\/cdn1.mediawpaccore.net\/wp-content\/uploads\/2022\/01\/20130542\/American_Airlines_N798AN_at_Miami_airport-scaled.jpg","width":2560,"height":1920,"caption":"Por el Aeropuerto Internacional de Miami han entrado la mayor\u00eda de los contagiados con el Chikungunya, procedentes de Cuba. Foto: Wikimedia Commons Author Sunnya343 con Licencia de Uso compartido"},{"@type":"BreadcrumbList","@id":"https:\/\/www.cuballama.com\/noticias\/pasajeros-de-american-quedan-varados-en-bahamas-rumbo-a-miami-la-linea-anuncia-vuelo-directo-entre-ambos-destinos\/#breadcrumb","itemListElement":[{"@type":"ListItem","position":1,"name":"Home","item":"https:\/\/www.cuballama.com\/noticias\/"},{"@type":"ListItem","position":2,"name":"Pasajeros de American quedan varados en Bahamas rumbo a Miami. La l\u00ednea anuncia vuelo directo entre ambos destinos"}]},{"@type":"WebSite","@id":"https:\/\/www.cuballama.com\/noticias\/#website","url":"https:\/\/www.cuballama.com\/noticias\/","name":"Cuballama Noticias","description":"Medio digital sobre Cuba y el mundo","publisher":{"@id":"https:\/\/www.cuballama.com\/noticias\/#organization"},"potentialAction":[{"@type":"SearchAction","target":{"@type":"EntryPoint","urlTemplate":"https:\/\/www.cuballama.com\/noticias\/?s={search_term_string}"},"query-input":{"@type":"PropertyValueSpecification","valueRequired":true,"valueName":"search_term_string"}}],"inLanguage":"es"},{"@type":"Organization","@id":"https:\/\/www.cuballama.com\/noticias\/#organization","name":"Cuballama","url":"https:\/\/www.cuballama.com\/noticias\/","logo":{"@type":"ImageObject","inLanguage":"es","@id":"https:\/\/www.cuballama.com\/noticias\/#\/schema\/logo\/image\/","url":"https:\/\/cdn1.mediawpaccore.net\/wp-content\/uploads\/2021\/12\/28171206\/cbll-logo-color-sm.png","contentUrl":"https:\/\/cdn1.mediawpaccore.net\/wp-content\/uploads\/2021\/12\/28171206\/cbll-logo-color-sm.png","width":600,"height":133,"caption":"Cuballama"},"image":{"@id":"https:\/\/www.cuballama.com\/noticias\/#\/schema\/logo\/image\/"},"sameAs":["https:\/\/www.facebook.com\/CubaLlama","https:\/\/x.com\/cuballama","https:\/\/www.instagram.com\/stories\/cuballama_oficial\/","https:\/\/www.youtube.com\/channel\/UCKkFE-d_axENGZcrc4as0IA"]},{"@type":"Person","@id":"https:\/\/www.cuballama.com\/noticias\/#\/schema\/person\/a58502ed4146c8e9f83872e897c76cd2","name":"Roberto A.","description":"Roberto A. Periodista por decisi\u00f3n propia. Interesado en cualquier tema que me apasione y cada vez m\u00e1s comprometido con la verdad y la objetividad period\u00edstica. Graduado en La Habana hace ya muchos a\u00f1os, luego de una accidentada y polvorienta b\u00fasqueda de informaci\u00f3n sobre un tema in\u00e9dito. La Tesis, por cierto, desapareci\u00f3 de la biblioteca y no se conservan copias de la misma.","url":"https:\/\/www.cuballama.com\/noticias\/author\/roberto\/"}]}},"_links":{"self":[{"href":"https:\/\/www.cuballama.com\/noticias\/wp-json\/wp\/v2\/posts\/218991","targetHints":{"allow":["GET"]}}],"collection":[{"href":"https:\/\/www.cuballama.com\/noticias\/wp-json\/wp\/v2\/posts"}],"about":[{"href":"https:\/\/www.cuballama.com\/noticias\/wp-json\/wp\/v2\/types\/post"}],"author":[{"embeddable":true,"href":"https:\/\/www.cuballama.com\/noticias\/wp-json\/wp\/v2\/users\/13"}],"replies":[{"embeddable":true,"href":"https:\/\/www.cuballama.com\/noticias\/wp-json\/wp\/v2\/comments?post=218991"}],"version-history":[{"count":3,"href":"https:\/\/www.cuballama.com\/noticias\/wp-json\/wp\/v2\/posts\/218991\/revisions"}],"predecessor-version":[{"id":219000,"href":"https:\/\/www.cuballama.com\/noticias\/wp-json\/wp\/v2\/posts\/218991\/revisions\/219000"}],"wp:featuredmedia":[{"embeddable":true,"href":"https:\/\/www.cuballama.com\/noticias\/wp-json\/wp\/v2\/media\/85532"}],"wp:attachment":[{"href":"https:\/\/www.cuballama.com\/noticias\/wp-json\/wp\/v2\/media?parent=218991"}],"wp:term":[{"taxonomy":"category","embeddable":true,"href":"https:\/\/www.cuballama.com\/noticias\/wp-json\/wp\/v2\/categories?post=218991"},{"taxonomy":"post_tag","embeddable":true,"href":"https:\/\/www.cuballama.com\/noticias\/wp-json\/wp\/v2\/tags?post=218991"}],"curies":[{"name":"wp","href":"https:\/\/api.w.org\/{rel}","templated":true}]}}