{"id":218955,"date":"2025-09-09T06:00:00","date_gmt":"2025-09-09T10:00:00","guid":{"rendered":"https:\/\/www.cuballama.com\/noticias\/?p=218955"},"modified":"2025-09-17T15:28:08","modified_gmt":"2025-09-17T19:28:08","slug":"arrestada-en-mexico-y-extraditada-a-florida-madre-cubana-buscada-por-asesinato","status":"publish","type":"post","link":"https:\/\/www.cuballama.com\/noticias\/arrestada-en-mexico-y-extraditada-a-florida-madre-cubana-buscada-por-asesinato\/","title":{"rendered":"Arrestada en M\u00e9xico y extraditada a Florida madre cubana buscada por asesinato"},"content":{"rendered":"\n<p>La cubana Ariely \u00c1lvarez Cabrera, quien era buscada por un homicidio en el sur de Florida, fue detenida en M\u00e9xico y extraditada a Estados Unidos este lunes 8 de septiembre, seg\u00fan <a href=\"https:\/\/www.miamidade.gov\/global\/release.page?Mduid_release=rel1754915805615599\" target=\"_blank\" rel=\"noreferrer noopener nofollow\">inform\u00f3 la Oficina del Sheriff<\/a> del condado de Miami-Dade (MDSO, por sus siglas en ingl\u00e9s).\u00a0<\/p>\n\n\n\n<p>El arresto fue posible \u201cgracias a la ayuda de la Oficina del Sheriff de Broward, los Alguaciles Federales, el Instituto de Inmigraci\u00f3n y la Oficina de Aduanas y Protecci\u00f3n Fronteriza (CBP)\u201d, apunt\u00f3 un comunicado de la MDSO.&nbsp;<\/p>\n\n\n\n<p>Los investigadores precisaron adem\u00e1s que el beb\u00e9 de cinco meses de \u00c1lvarez Cabrera, con el que hab\u00eda huido y cuyo bienestar peligraba, fue \u201crecuperado\u201d y \u201cse encuentra a salvo en Florida\u201d.<\/p>\n\n\n\n<p>Las autoridades advirtieron asimismo que <a href=\"https:\/\/www.cuballama.com\/noticias\/revelan-mas-detalles-sobre-cubano-buscado-por-asesinato-de-otro-en-miami\/?srsltid=AfmBOoojlpw-knBfelXRA9YhrQQlKtQfKs0gGtFdG1ubBlP5sjVxdixF\" target=\"_blank\" rel=\"noreferrer noopener\">Alfredo Carballo Gonz\u00e1lez<\/a>, tambi\u00e9n cubano, buscado por asesinato y novio de \u00c1lvarez Cabrera, contin\u00faa pr\u00f3fugo y \u201cdebe ser considerado armado y peligroso\u201d.&nbsp;<\/p>\n\n\n\n<p>Desde la MDSO solicitaron que, si alguien tiene informaci\u00f3n sobre el paradero de Carballo Gonz\u00e1lez, \u201cllame a la L\u00ednea de Alto al Crimen de Miami-Dade al 305-471-TIPS (8477)\u201d.<\/p>\n\n\n\n<figure class=\"wp-block-image size-full is-resized\"><img loading=\"lazy\" decoding=\"async\" width=\"382\" height=\"495\" src=\"https:\/\/cdn1.mediawpaccore.net\/wp-content\/uploads\/2025\/09\/08214445\/Captura-de-pantalla_8-9-2025_214236_www.facebook.com_.jpeg\" alt=\"\" class=\"wp-image-218967\" style=\"width:810px;height:auto\" srcset=\"https:\/\/cdn1.mediawpaccore.net\/wp-content\/uploads\/2025\/09\/08214445\/Captura-de-pantalla_8-9-2025_214236_www.facebook.com_.jpeg 382w, https:\/\/cdn1.mediawpaccore.net\/wp-content\/uploads\/2025\/09\/08214445\/Captura-de-pantalla_8-9-2025_214236_www.facebook.com_-232x300.jpeg 232w, https:\/\/cdn1.mediawpaccore.net\/wp-content\/uploads\/2025\/09\/08214445\/Captura-de-pantalla_8-9-2025_214236_www.facebook.com_-324x420.jpeg 324w, https:\/\/cdn1.mediawpaccore.net\/wp-content\/uploads\/2025\/09\/08214445\/Captura-de-pantalla_8-9-2025_214236_www.facebook.com_-150x194.jpeg 150w, https:\/\/cdn1.mediawpaccore.net\/wp-content\/uploads\/2025\/09\/08214445\/Captura-de-pantalla_8-9-2025_214236_www.facebook.com_-300x389.jpeg 300w\" sizes=\"auto, (max-width: 382px) 100vw, 382px\" \/><\/figure>\n\n\n\n<p>El arresto de \u00c1lvarez Cabrera se produce un mes despu\u00e9s de que oficiales de Miami-Dade encontraran el cad\u00e1ver del cubano Daylon Fleitas Gonz\u00e1lez, por cuya muerte eran perseguidos su pareja y ella.<\/p>\n\n\n\n<p>Hay que recordar que el 7 de agosto el Departamento de Polic\u00eda de Hialeah hab\u00eda contactado a detectives de la MDSO para solicitar asistencia en un caso de persona desaparecida.<\/p>\n\n\n\n<p>La investigaci\u00f3n revel\u00f3 que el domingo 3 de agosto la v\u00edctima se reuni\u00f3 con Carballo Gonz\u00e1lez en la zona de la avenida 95 y la calle 106 del noroeste con el fin de cobrar un pr\u00e9stamo de 10 mil d\u00f3lares.&nbsp;<\/p>\n\n\n\n<p>\u201c<a href=\"https:\/\/www.cuballama.com\/noticias\/revelan-imagenes-de-asesinato-de-joven-cubano-en-miami\/?srsltid=AfmBOopVZE_e8nGXupqGDrg35nbGPdz2NCOHsyVIS0wYeiCrQ8iozV4w\" target=\"_blank\" rel=\"noreferrer noopener\">Se vio al sujeto<\/a> entrar en la camioneta de la v\u00edctima, donde se produjo un altercado. Poco despu\u00e9s, el sujeto coloc\u00f3 un contenedor de reciclaje en la parte trasera de la camioneta de la v\u00edctima y se la llev\u00f3, seguido por otro veh\u00edculo\u201d, apunt\u00f3 la MDSO.<\/p>\n\n\n\n<p>Posteriormente, se determin\u00f3 que el otro veh\u00edculo era conducido por \u00c1lvarez Cabrera.<\/p>\n\n\n\n<p>El viernes 8 de agosto detectives de Homicidios de la MDSO, con la asistencia de la Unidad de Apoyo A\u00e9reo de la MDSO, hallaron la camioneta de la v\u00edctima junto \u201ccon varios objetos de valor probatorio\u201d.<\/p>\n\n\n\n<p>Luego, \u201crealizaron un reconocimiento de la zona y localizaron el contenedor de reciclaje que el sujeto hab\u00eda colocado previamente en la parte trasera de la camioneta, con su cuerpo sin vida dentro\u201d.<\/p>\n\n\n\n<p><\/p>\n","protected":false},"excerpt":{"rendered":"<p>Su beb\u00e9 de cinco meses, con el que hab\u00eda huido, fue \u201crecuperado\u201d.<\/p>\n","protected":false},"author":30,"featured_media":218957,"comment_status":"open","ping_status":"closed","sticky":false,"template":"","format":"standard","meta":{"_acf_changed":false,"footnotes":""},"categories":[18,11024],"tags":[24672,10269,11050,941],"class_list":{"0":"post-218955","1":"post","2":"type-post","3":"status-publish","4":"format-standard","5":"has-post-thumbnail","7":"category-noticias","8":"category-noticias-de-miami","9":"tag-asesinato-en-estados-unidos","10":"tag-cubano-asesinado","11":"tag-cubanos-en-miami","12":"tag-destacado"},"acf":[],"yoast_head":"<!-- This site is optimized with the Yoast SEO plugin v27.5 - https:\/\/yoast.com\/product\/yoast-seo-wordpress\/ -->\n<title>Arrestada en M\u00e9xico y extraditada a Florida madre cubana buscada por asesinato - Cuballama Noticias<\/title>\n<meta name=\"description\" content=\"La cubana Ariely \u00c1lvarez Cabrera, quien era buscada por un homicidio en el sur de Florida, fue detenida en M\u00e9xico y extraditada a EE.UU.\" \/>\n<meta name=\"robots\" content=\"index, follow, max-snippet:-1, max-image-preview:large, max-video-preview:-1\" \/>\n<link rel=\"canonical\" href=\"https:\/\/www.cuballama.com\/noticias\/arrestada-en-mexico-y-extraditada-a-florida-madre-cubana-buscada-por-asesinato\/\" \/>\n<meta property=\"og:locale\" content=\"es_ES\" \/>\n<meta property=\"og:type\" content=\"article\" \/>\n<meta property=\"og:title\" content=\"Arrestada en M\u00e9xico y extraditada a Florida madre cubana buscada por asesinato - Cuballama Noticias\" \/>\n<meta property=\"og:description\" content=\"La cubana Ariely \u00c1lvarez Cabrera, quien era buscada por un homicidio en el sur de Florida, fue detenida en M\u00e9xico y extraditada a EE.UU.\" \/>\n<meta property=\"og:url\" content=\"https:\/\/www.cuballama.com\/noticias\/arrestada-en-mexico-y-extraditada-a-florida-madre-cubana-buscada-por-asesinato\/\" \/>\n<meta property=\"og:site_name\" content=\"Cuballama Noticias\" \/>\n<meta property=\"article:publisher\" content=\"https:\/\/www.facebook.com\/CubaLlama\" \/>\n<meta property=\"article:published_time\" content=\"2025-09-09T10:00:00+00:00\" \/>\n<meta property=\"article:modified_time\" content=\"2025-09-17T19:28:08+00:00\" \/>\n<meta property=\"og:image\" content=\"https:\/\/cdn1.mediawpaccore.net\/wp-content\/uploads\/2025\/09\/08205624\/545117330_775971248512731_6014649806184749601_n1.jpg\" \/>\n\t<meta property=\"og:image:width\" content=\"1200\" \/>\n\t<meta property=\"og:image:height\" content=\"630\" \/>\n\t<meta property=\"og:image:type\" content=\"image\/jpeg\" \/>\n<meta name=\"author\" content=\"Kathy\" \/>\n<meta name=\"twitter:card\" content=\"summary_large_image\" \/>\n<meta name=\"twitter:creator\" content=\"@cuballama\" \/>\n<meta name=\"twitter:site\" content=\"@cuballama\" \/>\n<meta name=\"twitter:label1\" content=\"Escrito por\" \/>\n\t<meta name=\"twitter:data1\" content=\"Kathy\" \/>\n\t<meta name=\"twitter:label2\" content=\"Tiempo de lectura\" \/>\n\t<meta name=\"twitter:data2\" content=\"3 minutos\" \/>\n<script type=\"application\/ld+json\" class=\"yoast-schema-graph\">{\"@context\":\"https:\\\/\\\/schema.org\",\"@graph\":[{\"@type\":\"Article\",\"@id\":\"https:\\\/\\\/www.cuballama.com\\\/noticias\\\/arrestada-en-mexico-y-extraditada-a-florida-madre-cubana-buscada-por-asesinato\\\/#article\",\"isPartOf\":{\"@id\":\"https:\\\/\\\/www.cuballama.com\\\/noticias\\\/arrestada-en-mexico-y-extraditada-a-florida-madre-cubana-buscada-por-asesinato\\\/\"},\"author\":{\"name\":\"Kathy\",\"@id\":\"https:\\\/\\\/www.cuballama.com\\\/noticias\\\/#\\\/schema\\\/person\\\/86cd3e3f4974437f031211213bf892d5\"},\"headline\":\"Arrestada en M\u00e9xico y extraditada a Florida madre cubana buscada por asesinato\",\"datePublished\":\"2025-09-09T10:00:00+00:00\",\"dateModified\":\"2025-09-17T19:28:08+00:00\",\"mainEntityOfPage\":{\"@id\":\"https:\\\/\\\/www.cuballama.com\\\/noticias\\\/arrestada-en-mexico-y-extraditada-a-florida-madre-cubana-buscada-por-asesinato\\\/\"},\"wordCount\":438,\"commentCount\":0,\"publisher\":{\"@id\":\"https:\\\/\\\/www.cuballama.com\\\/noticias\\\/#organization\"},\"image\":{\"@id\":\"https:\\\/\\\/www.cuballama.com\\\/noticias\\\/arrestada-en-mexico-y-extraditada-a-florida-madre-cubana-buscada-por-asesinato\\\/#primaryimage\"},\"thumbnailUrl\":\"https:\\\/\\\/cdn1.mediawpaccore.net\\\/wp-content\\\/uploads\\\/2025\\\/09\\\/08205624\\\/545117330_775971248512731_6014649806184749601_n1.jpg\",\"keywords\":[\"asesinato en Estados Unidos\",\"cubano asesinado\",\"cubanos en Miami\",\"destacado\"],\"articleSection\":[\"Noticias\",\"Noticias de Miami\"],\"inLanguage\":\"es\",\"potentialAction\":[{\"@type\":\"CommentAction\",\"name\":\"Comment\",\"target\":[\"https:\\\/\\\/www.cuballama.com\\\/noticias\\\/arrestada-en-mexico-y-extraditada-a-florida-madre-cubana-buscada-por-asesinato\\\/#respond\"]}]},{\"@type\":\"WebPage\",\"@id\":\"https:\\\/\\\/www.cuballama.com\\\/noticias\\\/arrestada-en-mexico-y-extraditada-a-florida-madre-cubana-buscada-por-asesinato\\\/\",\"url\":\"https:\\\/\\\/www.cuballama.com\\\/noticias\\\/arrestada-en-mexico-y-extraditada-a-florida-madre-cubana-buscada-por-asesinato\\\/\",\"name\":\"Arrestada en M\u00e9xico y extraditada a Florida madre cubana buscada por asesinato - Cuballama Noticias\",\"isPartOf\":{\"@id\":\"https:\\\/\\\/www.cuballama.com\\\/noticias\\\/#website\"},\"primaryImageOfPage\":{\"@id\":\"https:\\\/\\\/www.cuballama.com\\\/noticias\\\/arrestada-en-mexico-y-extraditada-a-florida-madre-cubana-buscada-por-asesinato\\\/#primaryimage\"},\"image\":{\"@id\":\"https:\\\/\\\/www.cuballama.com\\\/noticias\\\/arrestada-en-mexico-y-extraditada-a-florida-madre-cubana-buscada-por-asesinato\\\/#primaryimage\"},\"thumbnailUrl\":\"https:\\\/\\\/cdn1.mediawpaccore.net\\\/wp-content\\\/uploads\\\/2025\\\/09\\\/08205624\\\/545117330_775971248512731_6014649806184749601_n1.jpg\",\"datePublished\":\"2025-09-09T10:00:00+00:00\",\"dateModified\":\"2025-09-17T19:28:08+00:00\",\"description\":\"La cubana Ariely \u00c1lvarez Cabrera, quien era buscada por un homicidio en el sur de Florida, fue detenida en M\u00e9xico y extraditada a EE.UU.\",\"breadcrumb\":{\"@id\":\"https:\\\/\\\/www.cuballama.com\\\/noticias\\\/arrestada-en-mexico-y-extraditada-a-florida-madre-cubana-buscada-por-asesinato\\\/#breadcrumb\"},\"inLanguage\":\"es\",\"potentialAction\":[{\"@type\":\"ReadAction\",\"target\":[\"https:\\\/\\\/www.cuballama.com\\\/noticias\\\/arrestada-en-mexico-y-extraditada-a-florida-madre-cubana-buscada-por-asesinato\\\/\"]}]},{\"@type\":\"ImageObject\",\"inLanguage\":\"es\",\"@id\":\"https:\\\/\\\/www.cuballama.com\\\/noticias\\\/arrestada-en-mexico-y-extraditada-a-florida-madre-cubana-buscada-por-asesinato\\\/#primaryimage\",\"url\":\"https:\\\/\\\/cdn1.mediawpaccore.net\\\/wp-content\\\/uploads\\\/2025\\\/09\\\/08205624\\\/545117330_775971248512731_6014649806184749601_n1.jpg\",\"contentUrl\":\"https:\\\/\\\/cdn1.mediawpaccore.net\\\/wp-content\\\/uploads\\\/2025\\\/09\\\/08205624\\\/545117330_775971248512731_6014649806184749601_n1.jpg\",\"width\":1200,\"height\":630,\"caption\":\"Ariely \u00c1lvarez. Foto: Facebook\\\/Miami Dade Sheriff\u2019s Office.\"},{\"@type\":\"BreadcrumbList\",\"@id\":\"https:\\\/\\\/www.cuballama.com\\\/noticias\\\/arrestada-en-mexico-y-extraditada-a-florida-madre-cubana-buscada-por-asesinato\\\/#breadcrumb\",\"itemListElement\":[{\"@type\":\"ListItem\",\"position\":1,\"name\":\"Home\",\"item\":\"https:\\\/\\\/www.cuballama.com\\\/noticias\\\/\"},{\"@type\":\"ListItem\",\"position\":2,\"name\":\"Arrestada en M\u00e9xico y extraditada a Florida madre cubana buscada por asesinato\"}]},{\"@type\":\"WebSite\",\"@id\":\"https:\\\/\\\/www.cuballama.com\\\/noticias\\\/#website\",\"url\":\"https:\\\/\\\/www.cuballama.com\\\/noticias\\\/\",\"name\":\"Cuballama Noticias\",\"description\":\"Medio digital sobre Cuba y el mundo\",\"publisher\":{\"@id\":\"https:\\\/\\\/www.cuballama.com\\\/noticias\\\/#organization\"},\"potentialAction\":[{\"@type\":\"SearchAction\",\"target\":{\"@type\":\"EntryPoint\",\"urlTemplate\":\"https:\\\/\\\/www.cuballama.com\\\/noticias\\\/?s={search_term_string}\"},\"query-input\":{\"@type\":\"PropertyValueSpecification\",\"valueRequired\":true,\"valueName\":\"search_term_string\"}}],\"inLanguage\":\"es\"},{\"@type\":\"Organization\",\"@id\":\"https:\\\/\\\/www.cuballama.com\\\/noticias\\\/#organization\",\"name\":\"Cuballama\",\"url\":\"https:\\\/\\\/www.cuballama.com\\\/noticias\\\/\",\"logo\":{\"@type\":\"ImageObject\",\"inLanguage\":\"es\",\"@id\":\"https:\\\/\\\/www.cuballama.com\\\/noticias\\\/#\\\/schema\\\/logo\\\/image\\\/\",\"url\":\"https:\\\/\\\/cdn1.mediawpaccore.net\\\/wp-content\\\/uploads\\\/2021\\\/12\\\/28171206\\\/cbll-logo-color-sm.png\",\"contentUrl\":\"https:\\\/\\\/cdn1.mediawpaccore.net\\\/wp-content\\\/uploads\\\/2021\\\/12\\\/28171206\\\/cbll-logo-color-sm.png\",\"width\":600,\"height\":133,\"caption\":\"Cuballama\"},\"image\":{\"@id\":\"https:\\\/\\\/www.cuballama.com\\\/noticias\\\/#\\\/schema\\\/logo\\\/image\\\/\"},\"sameAs\":[\"https:\\\/\\\/www.facebook.com\\\/CubaLlama\",\"https:\\\/\\\/x.com\\\/cuballama\",\"https:\\\/\\\/www.instagram.com\\\/stories\\\/cuballama_oficial\\\/\",\"https:\\\/\\\/www.youtube.com\\\/channel\\\/UCKkFE-d_axENGZcrc4as0IA\"]},{\"@type\":\"Person\",\"@id\":\"https:\\\/\\\/www.cuballama.com\\\/noticias\\\/#\\\/schema\\\/person\\\/86cd3e3f4974437f031211213bf892d5\",\"name\":\"Kathy\",\"url\":\"https:\\\/\\\/www.cuballama.com\\\/noticias\\\/author\\\/kathy\\\/\"}]}<\/script>\n<!-- \/ Yoast SEO plugin. -->","yoast_head_json":{"title":"Arrestada en M\u00e9xico y extraditada a Florida madre cubana buscada por asesinato - Cuballama Noticias","description":"La cubana Ariely \u00c1lvarez Cabrera, quien era buscada por un homicidio en el sur de Florida, fue detenida en M\u00e9xico y extraditada a EE.UU.","robots":{"index":"index","follow":"follow","max-snippet":"max-snippet:-1","max-image-preview":"max-image-preview:large","max-video-preview":"max-video-preview:-1"},"canonical":"https:\/\/www.cuballama.com\/noticias\/arrestada-en-mexico-y-extraditada-a-florida-madre-cubana-buscada-por-asesinato\/","og_locale":"es_ES","og_type":"article","og_title":"Arrestada en M\u00e9xico y extraditada a Florida madre cubana buscada por asesinato - Cuballama Noticias","og_description":"La cubana Ariely \u00c1lvarez Cabrera, quien era buscada por un homicidio en el sur de Florida, fue detenida en M\u00e9xico y extraditada a EE.UU.","og_url":"https:\/\/www.cuballama.com\/noticias\/arrestada-en-mexico-y-extraditada-a-florida-madre-cubana-buscada-por-asesinato\/","og_site_name":"Cuballama Noticias","article_publisher":"https:\/\/www.facebook.com\/CubaLlama","article_published_time":"2025-09-09T10:00:00+00:00","article_modified_time":"2025-09-17T19:28:08+00:00","og_image":[{"width":1200,"height":630,"url":"https:\/\/cdn1.mediawpaccore.net\/wp-content\/uploads\/2025\/09\/08205624\/545117330_775971248512731_6014649806184749601_n1.jpg","type":"image\/jpeg"}],"author":"Kathy","twitter_card":"summary_large_image","twitter_creator":"@cuballama","twitter_site":"@cuballama","twitter_misc":{"Escrito por":"Kathy","Tiempo de lectura":"3 minutos"},"schema":{"@context":"https:\/\/schema.org","@graph":[{"@type":"Article","@id":"https:\/\/www.cuballama.com\/noticias\/arrestada-en-mexico-y-extraditada-a-florida-madre-cubana-buscada-por-asesinato\/#article","isPartOf":{"@id":"https:\/\/www.cuballama.com\/noticias\/arrestada-en-mexico-y-extraditada-a-florida-madre-cubana-buscada-por-asesinato\/"},"author":{"name":"Kathy","@id":"https:\/\/www.cuballama.com\/noticias\/#\/schema\/person\/86cd3e3f4974437f031211213bf892d5"},"headline":"Arrestada en M\u00e9xico y extraditada a Florida madre cubana buscada por asesinato","datePublished":"2025-09-09T10:00:00+00:00","dateModified":"2025-09-17T19:28:08+00:00","mainEntityOfPage":{"@id":"https:\/\/www.cuballama.com\/noticias\/arrestada-en-mexico-y-extraditada-a-florida-madre-cubana-buscada-por-asesinato\/"},"wordCount":438,"commentCount":0,"publisher":{"@id":"https:\/\/www.cuballama.com\/noticias\/#organization"},"image":{"@id":"https:\/\/www.cuballama.com\/noticias\/arrestada-en-mexico-y-extraditada-a-florida-madre-cubana-buscada-por-asesinato\/#primaryimage"},"thumbnailUrl":"https:\/\/cdn1.mediawpaccore.net\/wp-content\/uploads\/2025\/09\/08205624\/545117330_775971248512731_6014649806184749601_n1.jpg","keywords":["asesinato en Estados Unidos","cubano asesinado","cubanos en Miami","destacado"],"articleSection":["Noticias","Noticias de Miami"],"inLanguage":"es","potentialAction":[{"@type":"CommentAction","name":"Comment","target":["https:\/\/www.cuballama.com\/noticias\/arrestada-en-mexico-y-extraditada-a-florida-madre-cubana-buscada-por-asesinato\/#respond"]}]},{"@type":"WebPage","@id":"https:\/\/www.cuballama.com\/noticias\/arrestada-en-mexico-y-extraditada-a-florida-madre-cubana-buscada-por-asesinato\/","url":"https:\/\/www.cuballama.com\/noticias\/arrestada-en-mexico-y-extraditada-a-florida-madre-cubana-buscada-por-asesinato\/","name":"Arrestada en M\u00e9xico y extraditada a Florida madre cubana buscada por asesinato - Cuballama Noticias","isPartOf":{"@id":"https:\/\/www.cuballama.com\/noticias\/#website"},"primaryImageOfPage":{"@id":"https:\/\/www.cuballama.com\/noticias\/arrestada-en-mexico-y-extraditada-a-florida-madre-cubana-buscada-por-asesinato\/#primaryimage"},"image":{"@id":"https:\/\/www.cuballama.com\/noticias\/arrestada-en-mexico-y-extraditada-a-florida-madre-cubana-buscada-por-asesinato\/#primaryimage"},"thumbnailUrl":"https:\/\/cdn1.mediawpaccore.net\/wp-content\/uploads\/2025\/09\/08205624\/545117330_775971248512731_6014649806184749601_n1.jpg","datePublished":"2025-09-09T10:00:00+00:00","dateModified":"2025-09-17T19:28:08+00:00","description":"La cubana Ariely \u00c1lvarez Cabrera, quien era buscada por un homicidio en el sur de Florida, fue detenida en M\u00e9xico y extraditada a EE.UU.","breadcrumb":{"@id":"https:\/\/www.cuballama.com\/noticias\/arrestada-en-mexico-y-extraditada-a-florida-madre-cubana-buscada-por-asesinato\/#breadcrumb"},"inLanguage":"es","potentialAction":[{"@type":"ReadAction","target":["https:\/\/www.cuballama.com\/noticias\/arrestada-en-mexico-y-extraditada-a-florida-madre-cubana-buscada-por-asesinato\/"]}]},{"@type":"ImageObject","inLanguage":"es","@id":"https:\/\/www.cuballama.com\/noticias\/arrestada-en-mexico-y-extraditada-a-florida-madre-cubana-buscada-por-asesinato\/#primaryimage","url":"https:\/\/cdn1.mediawpaccore.net\/wp-content\/uploads\/2025\/09\/08205624\/545117330_775971248512731_6014649806184749601_n1.jpg","contentUrl":"https:\/\/cdn1.mediawpaccore.net\/wp-content\/uploads\/2025\/09\/08205624\/545117330_775971248512731_6014649806184749601_n1.jpg","width":1200,"height":630,"caption":"Ariely \u00c1lvarez. Foto: Facebook\/Miami Dade Sheriff\u2019s Office."},{"@type":"BreadcrumbList","@id":"https:\/\/www.cuballama.com\/noticias\/arrestada-en-mexico-y-extraditada-a-florida-madre-cubana-buscada-por-asesinato\/#breadcrumb","itemListElement":[{"@type":"ListItem","position":1,"name":"Home","item":"https:\/\/www.cuballama.com\/noticias\/"},{"@type":"ListItem","position":2,"name":"Arrestada en M\u00e9xico y extraditada a Florida madre cubana buscada por asesinato"}]},{"@type":"WebSite","@id":"https:\/\/www.cuballama.com\/noticias\/#website","url":"https:\/\/www.cuballama.com\/noticias\/","name":"Cuballama Noticias","description":"Medio digital sobre Cuba y el mundo","publisher":{"@id":"https:\/\/www.cuballama.com\/noticias\/#organization"},"potentialAction":[{"@type":"SearchAction","target":{"@type":"EntryPoint","urlTemplate":"https:\/\/www.cuballama.com\/noticias\/?s={search_term_string}"},"query-input":{"@type":"PropertyValueSpecification","valueRequired":true,"valueName":"search_term_string"}}],"inLanguage":"es"},{"@type":"Organization","@id":"https:\/\/www.cuballama.com\/noticias\/#organization","name":"Cuballama","url":"https:\/\/www.cuballama.com\/noticias\/","logo":{"@type":"ImageObject","inLanguage":"es","@id":"https:\/\/www.cuballama.com\/noticias\/#\/schema\/logo\/image\/","url":"https:\/\/cdn1.mediawpaccore.net\/wp-content\/uploads\/2021\/12\/28171206\/cbll-logo-color-sm.png","contentUrl":"https:\/\/cdn1.mediawpaccore.net\/wp-content\/uploads\/2021\/12\/28171206\/cbll-logo-color-sm.png","width":600,"height":133,"caption":"Cuballama"},"image":{"@id":"https:\/\/www.cuballama.com\/noticias\/#\/schema\/logo\/image\/"},"sameAs":["https:\/\/www.facebook.com\/CubaLlama","https:\/\/x.com\/cuballama","https:\/\/www.instagram.com\/stories\/cuballama_oficial\/","https:\/\/www.youtube.com\/channel\/UCKkFE-d_axENGZcrc4as0IA"]},{"@type":"Person","@id":"https:\/\/www.cuballama.com\/noticias\/#\/schema\/person\/86cd3e3f4974437f031211213bf892d5","name":"Kathy","url":"https:\/\/www.cuballama.com\/noticias\/author\/kathy\/"}]}},"_links":{"self":[{"href":"https:\/\/www.cuballama.com\/noticias\/wp-json\/wp\/v2\/posts\/218955","targetHints":{"allow":["GET"]}}],"collection":[{"href":"https:\/\/www.cuballama.com\/noticias\/wp-json\/wp\/v2\/posts"}],"about":[{"href":"https:\/\/www.cuballama.com\/noticias\/wp-json\/wp\/v2\/types\/post"}],"author":[{"embeddable":true,"href":"https:\/\/www.cuballama.com\/noticias\/wp-json\/wp\/v2\/users\/30"}],"replies":[{"embeddable":true,"href":"https:\/\/www.cuballama.com\/noticias\/wp-json\/wp\/v2\/comments?post=218955"}],"version-history":[{"count":9,"href":"https:\/\/www.cuballama.com\/noticias\/wp-json\/wp\/v2\/posts\/218955\/revisions"}],"predecessor-version":[{"id":220048,"href":"https:\/\/www.cuballama.com\/noticias\/wp-json\/wp\/v2\/posts\/218955\/revisions\/220048"}],"wp:featuredmedia":[{"embeddable":true,"href":"https:\/\/www.cuballama.com\/noticias\/wp-json\/wp\/v2\/media\/218957"}],"wp:attachment":[{"href":"https:\/\/www.cuballama.com\/noticias\/wp-json\/wp\/v2\/media?parent=218955"}],"wp:term":[{"taxonomy":"category","embeddable":true,"href":"https:\/\/www.cuballama.com\/noticias\/wp-json\/wp\/v2\/categories?post=218955"},{"taxonomy":"post_tag","embeddable":true,"href":"https:\/\/www.cuballama.com\/noticias\/wp-json\/wp\/v2\/tags?post=218955"}],"curies":[{"name":"wp","href":"https:\/\/api.w.org\/{rel}","templated":true}]}}