{"id":218696,"date":"2025-09-05T11:24:42","date_gmt":"2025-09-05T15:24:42","guid":{"rendered":"https:\/\/www.cuballama.com\/noticias\/?p=218696"},"modified":"2025-09-05T11:24:47","modified_gmt":"2025-09-05T15:24:47","slug":"liberan-a-bryan-hooper-sr-estuvo-encarcelado-27-anos-por-confesion-de-testigo-en-un-crimen-que-el-no-cometio","status":"publish","type":"post","link":"https:\/\/www.cuballama.com\/noticias\/liberan-a-bryan-hooper-sr-estuvo-encarcelado-27-anos-por-confesion-de-testigo-en-un-crimen-que-el-no-cometio\/","title":{"rendered":"Liberan a Bryan Hooper Sr. Estuvo encarcelado 27 a\u00f1os por confesi\u00f3n de testigo, en un crimen que \u00e9l no cometi\u00f3"},"content":{"rendered":"\n<h2 class=\"wp-block-heading\">No hay dudas de que el racismo aun presente en nuestras sociedades, le jug\u00f3 muy sucio a Bryan Hooper<\/h2>\n\n\n\n<p>Bryan Hooper Sr., de 54 a\u00f1os, sali\u00f3 del penal de Stillwater la ma\u00f1ana del 4 de septiembre con la condena anulada por el asesinato de Ann Prazniak, una mujer de 77 a\u00f1os hallada muerta en su apartamento de Minneapolis en 1998. <\/p>\n\n\n\n<p>Un juez del <a href=\"https:\/\/www.hennepinattorney.org\/news\/news\/2025\/September\/hooper-exoneration?utm_source=chatgpt.com\" target=\"_blank\" rel=\"noreferrer noopener nofollow\">condado de Hennepin<\/a> vaci\u00f3 el veredicto al concluir que el caso estuvo \u201ccontaminado por pruebas falsas\u201d y que, sin ese testimonio, \u201cel jurado podr\u00eda haber llegado a una conclusi\u00f3n distinta\u201d. La fiscal del condado, Mary Moriarty, apoy\u00f3 el pedido de exoneraci\u00f3n junto con el Great North Innocence Project, destaca <a href=\"https:\/\/www.cbsnews.com\/minnesota\/news\/man-exonerated-of-1998-minneapolis-murder-charge\/\" target=\"_blank\" rel=\"noreferrer noopener nofollow\">CBS News<\/a>.<\/p>\n\n\n\n<p>La pieza que hizo girar el expediente fue la confesi\u00f3n de la principal testigo de cargo, que admiti\u00f3 haber mentido en el juicio y asumi\u00f3 la autor\u00eda del crimen en una carta y en entrevistas con autoridades. <\/p>\n\n\n\n<iframe loading=\"lazy\" width=\"1179\" height=\"663\" src=\"https:\/\/www.youtube.com\/embed\/hZaXqHvNGRA\" title=\"Bryan Hooper released from prison nearly 3 decades after wrongful conviction\" frameborder=\"0\" allow=\"accelerometer; autoplay; clipboard-write; encrypted-media; gyroscope; picture-in-picture; web-share\" referrerpolicy=\"strict-origin-when-cross-origin\" allowfullscreen><\/iframe>\n\n\n\n<p>En notas y documentos aparece como Chalaka Young o Chalaka Lewis \u2014ambas identificaciones refieren a la misma mujer\u2014, actualmente presa en Georgia por una causa no relacionada. La confesi\u00f3n lleg\u00f3 tras a\u00f1os de recursos infructuosos y de retractaciones de otros testigos incentivados. Seg\u00fan los fiscales, sin ese relato hoy desacreditado el caso contra Hooper \u201cse derrumba\u201d, indica <a href=\"https:\/\/www.startribune.com\/after-27-years-wrongfully-locked-up-for-murder-bryan-hooper-embraces-exoneration-freedom\/601466984\" target=\"_blank\" rel=\"noreferrer noopener nofollow\">Star Tribune<\/a>.<\/p>\n\n\n\n<p>El trasfondo del expediente ayuda a entender el alcance del error. En 1998, un jurado declar\u00f3 culpable a Hooper y un juez le impuso tres cadenas perpetuas concurrentes. Dos cargos fueron anulados en 2020; el \u00faltimo cay\u00f3 ahora. <\/p>\n\n\n\n<p>La acusaci\u00f3n hab\u00eda descansado, sobre todo, en testimonios de informantes y en la declaraci\u00f3n de la testigo estrella, pese a que sus huellas aparecieron en la cinta adhesiva con la que se asfixi\u00f3 a Prazniak y a que no hab\u00eda evidencia forense que vinculara directamente a Hooper con la muerte. Con la exoneraci\u00f3n, la polic\u00eda de Minneapolis reabre la investigaci\u00f3n, se\u00f1ala <a href=\"https:\/\/apnews.com\/article\/ce758e6a069ad9c3103b54131a24b383?utm_source=chatgpt.com\" target=\"_blank\" rel=\"noreferrer noopener\">AP News<\/a>. <\/p>\n\n\n\n<p>El caso tambi\u00e9n desnuda pr\u00e1cticas conocidas en condenas err\u00f3neas: dependencia de informantes carcelarios, presiones para cerrar r\u00e1pido y \u201cvisi\u00f3n de t\u00fanel\u201d en la pesquisa. <\/p>\n\n\n\n<p>La propia oficina de Moriarty pidi\u00f3 perd\u00f3n a la familia de Hooper y defendi\u00f3 el trabajo de su Unidad de Integridad de Condenas, que revis\u00f3 el expediente a la luz de la confesi\u00f3n. En los pasillos del penal, ya libre, Hooper dijo que ahora quiere recuperar tiempo con sus hijos y que el sistema \u201cdebe ser mucho m\u00e1s cuidadoso\u201d al aceptar testimonios de informantes. Podr\u00eda adem\u00e1s acogerse a la ley de compensaci\u00f3n estatal para v\u00edctimas de condenas injustas.<\/p>\n\n\n\n<figure class=\"wp-block-image size-large\"><img decoding=\"async\" src=\"https:\/\/kstp.com\/wp-content\/uploads\/2025\/09\/Bryan-Hooper-exonerated.jpg\" alt=\"\"\/><figcaption class=\"wp-element-caption\">Courtesy of the Great North Innocence Project, Hennepin County Attorney&#8217;s Office<\/figcaption><\/figure>\n\n\n\n<p>La historia, en suma, es la de un giro que tard\u00f3 casi tres d\u00e9cadas: un fallo que se desploma cuando la testigo que lo sosten\u00eda reconoce que fue ella quien mat\u00f3 a Prazniak y escondi\u00f3 el cuerpo en un armario. <\/p>\n","protected":false},"excerpt":{"rendered":"<p>La historia, en suma, es la de un giro que tard\u00f3 casi tres d\u00e9cadas: un fallo que se desploma cuando la testigo que lo sosten\u00eda reconoce que fue ella quien mat\u00f3 a Prazniak y escondi\u00f3 el cuerpo en un armario. <\/p>\n","protected":false},"author":13,"featured_media":218699,"comment_status":"open","ping_status":"closed","sticky":false,"template":"","format":"standard","meta":{"_acf_changed":false,"footnotes":""},"categories":[18,953],"tags":[26993,26991,26992,1459,26990,26994,26996,19536,3540,26997,26995],"class_list":{"0":"post-218696","1":"post","2":"type-post","3":"status-publish","4":"format-standard","5":"has-post-thumbnail","7":"category-noticias","8":"category-usa","9":"tag-ann-prazniak","10":"tag-bryan-hooper-sr","11":"tag-condena-erronea","12":"tag-derechos-civiles","13":"tag-exoneracion","14":"tag-great-north-innocence-project","15":"tag-justicia-penal","16":"tag-minneapolis","17":"tag-minnesota","18":"tag-policia-de-minneapolis","19":"tag-revision-de-condenas"},"acf":[],"yoast_head":"<!-- This site is optimized with the Yoast SEO plugin v27.5 - https:\/\/yoast.com\/product\/yoast-seo-wordpress\/ -->\n<title>Liberan a Bryan Hooper Sr. Estuvo encarcelado 27 a\u00f1os por confesi\u00f3n de testigo, en un crimen que \u00e9l no cometi\u00f3 - Cuballama Noticias<\/title>\n<meta name=\"description\" content=\"La testigo que denunci\u00f3 a Bryan Hooper, reconoci\u00f3 ahora que fue ella quien mat\u00f3 a la v\u00edctima y escondi\u00f3 el cuerpo en un armario.\" \/>\n<meta name=\"robots\" content=\"index, follow, max-snippet:-1, max-image-preview:large, max-video-preview:-1\" \/>\n<link rel=\"canonical\" href=\"https:\/\/www.cuballama.com\/noticias\/liberan-a-bryan-hooper-sr-estuvo-encarcelado-27-anos-por-confesion-de-testigo-en-un-crimen-que-el-no-cometio\/\" \/>\n<meta property=\"og:locale\" content=\"es_ES\" \/>\n<meta property=\"og:type\" content=\"article\" \/>\n<meta property=\"og:title\" content=\"Liberan a Bryan Hooper Sr. Estuvo encarcelado 27 a\u00f1os por confesi\u00f3n de testigo, en un crimen que \u00e9l no cometi\u00f3 - Cuballama Noticias\" \/>\n<meta property=\"og:description\" content=\"La testigo que denunci\u00f3 a Bryan Hooper, reconoci\u00f3 ahora que fue ella quien mat\u00f3 a la v\u00edctima y escondi\u00f3 el cuerpo en un armario.\" \/>\n<meta property=\"og:url\" content=\"https:\/\/www.cuballama.com\/noticias\/liberan-a-bryan-hooper-sr-estuvo-encarcelado-27-anos-por-confesion-de-testigo-en-un-crimen-que-el-no-cometio\/\" \/>\n<meta property=\"og:site_name\" content=\"Cuballama Noticias\" \/>\n<meta property=\"article:publisher\" content=\"https:\/\/www.facebook.com\/CubaLlama\" \/>\n<meta property=\"article:published_time\" content=\"2025-09-05T15:24:42+00:00\" \/>\n<meta property=\"article:modified_time\" content=\"2025-09-05T15:24:47+00:00\" \/>\n<meta property=\"og:image\" content=\"https:\/\/cdn1.mediawpaccore.net\/wp-content\/uploads\/2025\/09\/05061801\/image-27.png\" \/>\n\t<meta property=\"og:image:width\" content=\"1976\" \/>\n\t<meta property=\"og:image:height\" content=\"1044\" \/>\n\t<meta property=\"og:image:type\" content=\"image\/png\" \/>\n<meta name=\"author\" content=\"Roberto A.\" \/>\n<meta name=\"twitter:card\" content=\"summary_large_image\" \/>\n<meta name=\"twitter:creator\" content=\"@cuballama\" \/>\n<meta name=\"twitter:site\" content=\"@cuballama\" \/>\n<meta name=\"twitter:label1\" content=\"Escrito por\" \/>\n\t<meta name=\"twitter:data1\" content=\"Roberto A.\" \/>\n\t<meta name=\"twitter:label2\" content=\"Tiempo de lectura\" \/>\n\t<meta name=\"twitter:data2\" content=\"3 minutos\" \/>\n<script type=\"application\/ld+json\" class=\"yoast-schema-graph\">{\"@context\":\"https:\\\/\\\/schema.org\",\"@graph\":[{\"@type\":\"Article\",\"@id\":\"https:\\\/\\\/www.cuballama.com\\\/noticias\\\/liberan-a-bryan-hooper-sr-estuvo-encarcelado-27-anos-por-confesion-de-testigo-en-un-crimen-que-el-no-cometio\\\/#article\",\"isPartOf\":{\"@id\":\"https:\\\/\\\/www.cuballama.com\\\/noticias\\\/liberan-a-bryan-hooper-sr-estuvo-encarcelado-27-anos-por-confesion-de-testigo-en-un-crimen-que-el-no-cometio\\\/\"},\"author\":{\"name\":\"Roberto A.\",\"@id\":\"https:\\\/\\\/www.cuballama.com\\\/noticias\\\/#\\\/schema\\\/person\\\/a58502ed4146c8e9f83872e897c76cd2\"},\"headline\":\"Liberan a Bryan Hooper Sr. Estuvo encarcelado 27 a\u00f1os por confesi\u00f3n de testigo, en un crimen que \u00e9l no cometi\u00f3\",\"datePublished\":\"2025-09-05T15:24:42+00:00\",\"dateModified\":\"2025-09-05T15:24:47+00:00\",\"mainEntityOfPage\":{\"@id\":\"https:\\\/\\\/www.cuballama.com\\\/noticias\\\/liberan-a-bryan-hooper-sr-estuvo-encarcelado-27-anos-por-confesion-de-testigo-en-un-crimen-que-el-no-cometio\\\/\"},\"wordCount\":513,\"commentCount\":0,\"publisher\":{\"@id\":\"https:\\\/\\\/www.cuballama.com\\\/noticias\\\/#organization\"},\"image\":{\"@id\":\"https:\\\/\\\/www.cuballama.com\\\/noticias\\\/liberan-a-bryan-hooper-sr-estuvo-encarcelado-27-anos-por-confesion-de-testigo-en-un-crimen-que-el-no-cometio\\\/#primaryimage\"},\"thumbnailUrl\":\"https:\\\/\\\/cdn1.mediawpaccore.net\\\/wp-content\\\/uploads\\\/2025\\\/09\\\/05061801\\\/image-27.png\",\"keywords\":[\"Ann Prazniak\",\"Bryan Hooper Sr.\",\"condena err\u00f3nea\",\"Derechos Civiles\",\"exoneraci\u00f3n\",\"Great North Innocence Project\",\"justicia penal\",\"Minneapolis\",\"Minnesota\",\"Polic\u00eda de Minneapolis\",\"revisi\u00f3n de condenas\"],\"articleSection\":[\"Noticias\",\"USA\"],\"inLanguage\":\"es\",\"potentialAction\":[{\"@type\":\"CommentAction\",\"name\":\"Comment\",\"target\":[\"https:\\\/\\\/www.cuballama.com\\\/noticias\\\/liberan-a-bryan-hooper-sr-estuvo-encarcelado-27-anos-por-confesion-de-testigo-en-un-crimen-que-el-no-cometio\\\/#respond\"]}]},{\"@type\":\"WebPage\",\"@id\":\"https:\\\/\\\/www.cuballama.com\\\/noticias\\\/liberan-a-bryan-hooper-sr-estuvo-encarcelado-27-anos-por-confesion-de-testigo-en-un-crimen-que-el-no-cometio\\\/\",\"url\":\"https:\\\/\\\/www.cuballama.com\\\/noticias\\\/liberan-a-bryan-hooper-sr-estuvo-encarcelado-27-anos-por-confesion-de-testigo-en-un-crimen-que-el-no-cometio\\\/\",\"name\":\"Liberan a Bryan Hooper Sr. Estuvo encarcelado 27 a\u00f1os por confesi\u00f3n de testigo, en un crimen que \u00e9l no cometi\u00f3 - Cuballama Noticias\",\"isPartOf\":{\"@id\":\"https:\\\/\\\/www.cuballama.com\\\/noticias\\\/#website\"},\"primaryImageOfPage\":{\"@id\":\"https:\\\/\\\/www.cuballama.com\\\/noticias\\\/liberan-a-bryan-hooper-sr-estuvo-encarcelado-27-anos-por-confesion-de-testigo-en-un-crimen-que-el-no-cometio\\\/#primaryimage\"},\"image\":{\"@id\":\"https:\\\/\\\/www.cuballama.com\\\/noticias\\\/liberan-a-bryan-hooper-sr-estuvo-encarcelado-27-anos-por-confesion-de-testigo-en-un-crimen-que-el-no-cometio\\\/#primaryimage\"},\"thumbnailUrl\":\"https:\\\/\\\/cdn1.mediawpaccore.net\\\/wp-content\\\/uploads\\\/2025\\\/09\\\/05061801\\\/image-27.png\",\"datePublished\":\"2025-09-05T15:24:42+00:00\",\"dateModified\":\"2025-09-05T15:24:47+00:00\",\"description\":\"La testigo que denunci\u00f3 a Bryan Hooper, reconoci\u00f3 ahora que fue ella quien mat\u00f3 a la v\u00edctima y escondi\u00f3 el cuerpo en un armario.\",\"breadcrumb\":{\"@id\":\"https:\\\/\\\/www.cuballama.com\\\/noticias\\\/liberan-a-bryan-hooper-sr-estuvo-encarcelado-27-anos-por-confesion-de-testigo-en-un-crimen-que-el-no-cometio\\\/#breadcrumb\"},\"inLanguage\":\"es\",\"potentialAction\":[{\"@type\":\"ReadAction\",\"target\":[\"https:\\\/\\\/www.cuballama.com\\\/noticias\\\/liberan-a-bryan-hooper-sr-estuvo-encarcelado-27-anos-por-confesion-de-testigo-en-un-crimen-que-el-no-cometio\\\/\"]}]},{\"@type\":\"ImageObject\",\"inLanguage\":\"es\",\"@id\":\"https:\\\/\\\/www.cuballama.com\\\/noticias\\\/liberan-a-bryan-hooper-sr-estuvo-encarcelado-27-anos-por-confesion-de-testigo-en-un-crimen-que-el-no-cometio\\\/#primaryimage\",\"url\":\"https:\\\/\\\/cdn1.mediawpaccore.net\\\/wp-content\\\/uploads\\\/2025\\\/09\\\/05061801\\\/image-27.png\",\"contentUrl\":\"https:\\\/\\\/cdn1.mediawpaccore.net\\\/wp-content\\\/uploads\\\/2025\\\/09\\\/05061801\\\/image-27.png\",\"width\":1976,\"height\":1044,\"caption\":\"Foto: V\u00eda Byran Hooper \\\/ Gofundme (https:\\\/\\\/www.gofundme.com\\\/f\\\/bryan-hooper)\"},{\"@type\":\"BreadcrumbList\",\"@id\":\"https:\\\/\\\/www.cuballama.com\\\/noticias\\\/liberan-a-bryan-hooper-sr-estuvo-encarcelado-27-anos-por-confesion-de-testigo-en-un-crimen-que-el-no-cometio\\\/#breadcrumb\",\"itemListElement\":[{\"@type\":\"ListItem\",\"position\":1,\"name\":\"Home\",\"item\":\"https:\\\/\\\/www.cuballama.com\\\/noticias\\\/\"},{\"@type\":\"ListItem\",\"position\":2,\"name\":\"Liberan a Bryan Hooper Sr. Estuvo encarcelado 27 a\u00f1os por confesi\u00f3n de testigo, en un crimen que \u00e9l no cometi\u00f3\"}]},{\"@type\":\"WebSite\",\"@id\":\"https:\\\/\\\/www.cuballama.com\\\/noticias\\\/#website\",\"url\":\"https:\\\/\\\/www.cuballama.com\\\/noticias\\\/\",\"name\":\"Cuballama Noticias\",\"description\":\"Medio digital sobre Cuba y el mundo\",\"publisher\":{\"@id\":\"https:\\\/\\\/www.cuballama.com\\\/noticias\\\/#organization\"},\"potentialAction\":[{\"@type\":\"SearchAction\",\"target\":{\"@type\":\"EntryPoint\",\"urlTemplate\":\"https:\\\/\\\/www.cuballama.com\\\/noticias\\\/?s={search_term_string}\"},\"query-input\":{\"@type\":\"PropertyValueSpecification\",\"valueRequired\":true,\"valueName\":\"search_term_string\"}}],\"inLanguage\":\"es\"},{\"@type\":\"Organization\",\"@id\":\"https:\\\/\\\/www.cuballama.com\\\/noticias\\\/#organization\",\"name\":\"Cuballama\",\"url\":\"https:\\\/\\\/www.cuballama.com\\\/noticias\\\/\",\"logo\":{\"@type\":\"ImageObject\",\"inLanguage\":\"es\",\"@id\":\"https:\\\/\\\/www.cuballama.com\\\/noticias\\\/#\\\/schema\\\/logo\\\/image\\\/\",\"url\":\"https:\\\/\\\/cdn1.mediawpaccore.net\\\/wp-content\\\/uploads\\\/2021\\\/12\\\/28171206\\\/cbll-logo-color-sm.png\",\"contentUrl\":\"https:\\\/\\\/cdn1.mediawpaccore.net\\\/wp-content\\\/uploads\\\/2021\\\/12\\\/28171206\\\/cbll-logo-color-sm.png\",\"width\":600,\"height\":133,\"caption\":\"Cuballama\"},\"image\":{\"@id\":\"https:\\\/\\\/www.cuballama.com\\\/noticias\\\/#\\\/schema\\\/logo\\\/image\\\/\"},\"sameAs\":[\"https:\\\/\\\/www.facebook.com\\\/CubaLlama\",\"https:\\\/\\\/x.com\\\/cuballama\",\"https:\\\/\\\/www.instagram.com\\\/stories\\\/cuballama_oficial\\\/\",\"https:\\\/\\\/www.youtube.com\\\/channel\\\/UCKkFE-d_axENGZcrc4as0IA\"]},{\"@type\":\"Person\",\"@id\":\"https:\\\/\\\/www.cuballama.com\\\/noticias\\\/#\\\/schema\\\/person\\\/a58502ed4146c8e9f83872e897c76cd2\",\"name\":\"Roberto A.\",\"description\":\"Roberto A. Periodista por decisi\u00f3n propia. Interesado en cualquier tema que me apasione y cada vez m\u00e1s comprometido con la verdad y la objetividad period\u00edstica. Graduado en La Habana hace ya muchos a\u00f1os, luego de una accidentada y polvorienta b\u00fasqueda de informaci\u00f3n sobre un tema in\u00e9dito. La Tesis, por cierto, desapareci\u00f3 de la biblioteca y no se conservan copias de la misma.\",\"url\":\"https:\\\/\\\/www.cuballama.com\\\/noticias\\\/author\\\/roberto\\\/\"}]}<\/script>\n<!-- \/ Yoast SEO plugin. -->","yoast_head_json":{"title":"Liberan a Bryan Hooper Sr. Estuvo encarcelado 27 a\u00f1os por confesi\u00f3n de testigo, en un crimen que \u00e9l no cometi\u00f3 - Cuballama Noticias","description":"La testigo que denunci\u00f3 a Bryan Hooper, reconoci\u00f3 ahora que fue ella quien mat\u00f3 a la v\u00edctima y escondi\u00f3 el cuerpo en un armario.","robots":{"index":"index","follow":"follow","max-snippet":"max-snippet:-1","max-image-preview":"max-image-preview:large","max-video-preview":"max-video-preview:-1"},"canonical":"https:\/\/www.cuballama.com\/noticias\/liberan-a-bryan-hooper-sr-estuvo-encarcelado-27-anos-por-confesion-de-testigo-en-un-crimen-que-el-no-cometio\/","og_locale":"es_ES","og_type":"article","og_title":"Liberan a Bryan Hooper Sr. Estuvo encarcelado 27 a\u00f1os por confesi\u00f3n de testigo, en un crimen que \u00e9l no cometi\u00f3 - Cuballama Noticias","og_description":"La testigo que denunci\u00f3 a Bryan Hooper, reconoci\u00f3 ahora que fue ella quien mat\u00f3 a la v\u00edctima y escondi\u00f3 el cuerpo en un armario.","og_url":"https:\/\/www.cuballama.com\/noticias\/liberan-a-bryan-hooper-sr-estuvo-encarcelado-27-anos-por-confesion-de-testigo-en-un-crimen-que-el-no-cometio\/","og_site_name":"Cuballama Noticias","article_publisher":"https:\/\/www.facebook.com\/CubaLlama","article_published_time":"2025-09-05T15:24:42+00:00","article_modified_time":"2025-09-05T15:24:47+00:00","og_image":[{"width":1976,"height":1044,"url":"https:\/\/cdn1.mediawpaccore.net\/wp-content\/uploads\/2025\/09\/05061801\/image-27.png","type":"image\/png"}],"author":"Roberto A.","twitter_card":"summary_large_image","twitter_creator":"@cuballama","twitter_site":"@cuballama","twitter_misc":{"Escrito por":"Roberto A.","Tiempo de lectura":"3 minutos"},"schema":{"@context":"https:\/\/schema.org","@graph":[{"@type":"Article","@id":"https:\/\/www.cuballama.com\/noticias\/liberan-a-bryan-hooper-sr-estuvo-encarcelado-27-anos-por-confesion-de-testigo-en-un-crimen-que-el-no-cometio\/#article","isPartOf":{"@id":"https:\/\/www.cuballama.com\/noticias\/liberan-a-bryan-hooper-sr-estuvo-encarcelado-27-anos-por-confesion-de-testigo-en-un-crimen-que-el-no-cometio\/"},"author":{"name":"Roberto A.","@id":"https:\/\/www.cuballama.com\/noticias\/#\/schema\/person\/a58502ed4146c8e9f83872e897c76cd2"},"headline":"Liberan a Bryan Hooper Sr. Estuvo encarcelado 27 a\u00f1os por confesi\u00f3n de testigo, en un crimen que \u00e9l no cometi\u00f3","datePublished":"2025-09-05T15:24:42+00:00","dateModified":"2025-09-05T15:24:47+00:00","mainEntityOfPage":{"@id":"https:\/\/www.cuballama.com\/noticias\/liberan-a-bryan-hooper-sr-estuvo-encarcelado-27-anos-por-confesion-de-testigo-en-un-crimen-que-el-no-cometio\/"},"wordCount":513,"commentCount":0,"publisher":{"@id":"https:\/\/www.cuballama.com\/noticias\/#organization"},"image":{"@id":"https:\/\/www.cuballama.com\/noticias\/liberan-a-bryan-hooper-sr-estuvo-encarcelado-27-anos-por-confesion-de-testigo-en-un-crimen-que-el-no-cometio\/#primaryimage"},"thumbnailUrl":"https:\/\/cdn1.mediawpaccore.net\/wp-content\/uploads\/2025\/09\/05061801\/image-27.png","keywords":["Ann Prazniak","Bryan Hooper Sr.","condena err\u00f3nea","Derechos Civiles","exoneraci\u00f3n","Great North Innocence Project","justicia penal","Minneapolis","Minnesota","Polic\u00eda de Minneapolis","revisi\u00f3n de condenas"],"articleSection":["Noticias","USA"],"inLanguage":"es","potentialAction":[{"@type":"CommentAction","name":"Comment","target":["https:\/\/www.cuballama.com\/noticias\/liberan-a-bryan-hooper-sr-estuvo-encarcelado-27-anos-por-confesion-de-testigo-en-un-crimen-que-el-no-cometio\/#respond"]}]},{"@type":"WebPage","@id":"https:\/\/www.cuballama.com\/noticias\/liberan-a-bryan-hooper-sr-estuvo-encarcelado-27-anos-por-confesion-de-testigo-en-un-crimen-que-el-no-cometio\/","url":"https:\/\/www.cuballama.com\/noticias\/liberan-a-bryan-hooper-sr-estuvo-encarcelado-27-anos-por-confesion-de-testigo-en-un-crimen-que-el-no-cometio\/","name":"Liberan a Bryan Hooper Sr. Estuvo encarcelado 27 a\u00f1os por confesi\u00f3n de testigo, en un crimen que \u00e9l no cometi\u00f3 - Cuballama Noticias","isPartOf":{"@id":"https:\/\/www.cuballama.com\/noticias\/#website"},"primaryImageOfPage":{"@id":"https:\/\/www.cuballama.com\/noticias\/liberan-a-bryan-hooper-sr-estuvo-encarcelado-27-anos-por-confesion-de-testigo-en-un-crimen-que-el-no-cometio\/#primaryimage"},"image":{"@id":"https:\/\/www.cuballama.com\/noticias\/liberan-a-bryan-hooper-sr-estuvo-encarcelado-27-anos-por-confesion-de-testigo-en-un-crimen-que-el-no-cometio\/#primaryimage"},"thumbnailUrl":"https:\/\/cdn1.mediawpaccore.net\/wp-content\/uploads\/2025\/09\/05061801\/image-27.png","datePublished":"2025-09-05T15:24:42+00:00","dateModified":"2025-09-05T15:24:47+00:00","description":"La testigo que denunci\u00f3 a Bryan Hooper, reconoci\u00f3 ahora que fue ella quien mat\u00f3 a la v\u00edctima y escondi\u00f3 el cuerpo en un armario.","breadcrumb":{"@id":"https:\/\/www.cuballama.com\/noticias\/liberan-a-bryan-hooper-sr-estuvo-encarcelado-27-anos-por-confesion-de-testigo-en-un-crimen-que-el-no-cometio\/#breadcrumb"},"inLanguage":"es","potentialAction":[{"@type":"ReadAction","target":["https:\/\/www.cuballama.com\/noticias\/liberan-a-bryan-hooper-sr-estuvo-encarcelado-27-anos-por-confesion-de-testigo-en-un-crimen-que-el-no-cometio\/"]}]},{"@type":"ImageObject","inLanguage":"es","@id":"https:\/\/www.cuballama.com\/noticias\/liberan-a-bryan-hooper-sr-estuvo-encarcelado-27-anos-por-confesion-de-testigo-en-un-crimen-que-el-no-cometio\/#primaryimage","url":"https:\/\/cdn1.mediawpaccore.net\/wp-content\/uploads\/2025\/09\/05061801\/image-27.png","contentUrl":"https:\/\/cdn1.mediawpaccore.net\/wp-content\/uploads\/2025\/09\/05061801\/image-27.png","width":1976,"height":1044,"caption":"Foto: V\u00eda Byran Hooper \/ Gofundme (https:\/\/www.gofundme.com\/f\/bryan-hooper)"},{"@type":"BreadcrumbList","@id":"https:\/\/www.cuballama.com\/noticias\/liberan-a-bryan-hooper-sr-estuvo-encarcelado-27-anos-por-confesion-de-testigo-en-un-crimen-que-el-no-cometio\/#breadcrumb","itemListElement":[{"@type":"ListItem","position":1,"name":"Home","item":"https:\/\/www.cuballama.com\/noticias\/"},{"@type":"ListItem","position":2,"name":"Liberan a Bryan Hooper Sr. Estuvo encarcelado 27 a\u00f1os por confesi\u00f3n de testigo, en un crimen que \u00e9l no cometi\u00f3"}]},{"@type":"WebSite","@id":"https:\/\/www.cuballama.com\/noticias\/#website","url":"https:\/\/www.cuballama.com\/noticias\/","name":"Cuballama Noticias","description":"Medio digital sobre Cuba y el mundo","publisher":{"@id":"https:\/\/www.cuballama.com\/noticias\/#organization"},"potentialAction":[{"@type":"SearchAction","target":{"@type":"EntryPoint","urlTemplate":"https:\/\/www.cuballama.com\/noticias\/?s={search_term_string}"},"query-input":{"@type":"PropertyValueSpecification","valueRequired":true,"valueName":"search_term_string"}}],"inLanguage":"es"},{"@type":"Organization","@id":"https:\/\/www.cuballama.com\/noticias\/#organization","name":"Cuballama","url":"https:\/\/www.cuballama.com\/noticias\/","logo":{"@type":"ImageObject","inLanguage":"es","@id":"https:\/\/www.cuballama.com\/noticias\/#\/schema\/logo\/image\/","url":"https:\/\/cdn1.mediawpaccore.net\/wp-content\/uploads\/2021\/12\/28171206\/cbll-logo-color-sm.png","contentUrl":"https:\/\/cdn1.mediawpaccore.net\/wp-content\/uploads\/2021\/12\/28171206\/cbll-logo-color-sm.png","width":600,"height":133,"caption":"Cuballama"},"image":{"@id":"https:\/\/www.cuballama.com\/noticias\/#\/schema\/logo\/image\/"},"sameAs":["https:\/\/www.facebook.com\/CubaLlama","https:\/\/x.com\/cuballama","https:\/\/www.instagram.com\/stories\/cuballama_oficial\/","https:\/\/www.youtube.com\/channel\/UCKkFE-d_axENGZcrc4as0IA"]},{"@type":"Person","@id":"https:\/\/www.cuballama.com\/noticias\/#\/schema\/person\/a58502ed4146c8e9f83872e897c76cd2","name":"Roberto A.","description":"Roberto A. Periodista por decisi\u00f3n propia. Interesado en cualquier tema que me apasione y cada vez m\u00e1s comprometido con la verdad y la objetividad period\u00edstica. Graduado en La Habana hace ya muchos a\u00f1os, luego de una accidentada y polvorienta b\u00fasqueda de informaci\u00f3n sobre un tema in\u00e9dito. La Tesis, por cierto, desapareci\u00f3 de la biblioteca y no se conservan copias de la misma.","url":"https:\/\/www.cuballama.com\/noticias\/author\/roberto\/"}]}},"_links":{"self":[{"href":"https:\/\/www.cuballama.com\/noticias\/wp-json\/wp\/v2\/posts\/218696","targetHints":{"allow":["GET"]}}],"collection":[{"href":"https:\/\/www.cuballama.com\/noticias\/wp-json\/wp\/v2\/posts"}],"about":[{"href":"https:\/\/www.cuballama.com\/noticias\/wp-json\/wp\/v2\/types\/post"}],"author":[{"embeddable":true,"href":"https:\/\/www.cuballama.com\/noticias\/wp-json\/wp\/v2\/users\/13"}],"replies":[{"embeddable":true,"href":"https:\/\/www.cuballama.com\/noticias\/wp-json\/wp\/v2\/comments?post=218696"}],"version-history":[{"count":5,"href":"https:\/\/www.cuballama.com\/noticias\/wp-json\/wp\/v2\/posts\/218696\/revisions"}],"predecessor-version":[{"id":218703,"href":"https:\/\/www.cuballama.com\/noticias\/wp-json\/wp\/v2\/posts\/218696\/revisions\/218703"}],"wp:featuredmedia":[{"embeddable":true,"href":"https:\/\/www.cuballama.com\/noticias\/wp-json\/wp\/v2\/media\/218699"}],"wp:attachment":[{"href":"https:\/\/www.cuballama.com\/noticias\/wp-json\/wp\/v2\/media?parent=218696"}],"wp:term":[{"taxonomy":"category","embeddable":true,"href":"https:\/\/www.cuballama.com\/noticias\/wp-json\/wp\/v2\/categories?post=218696"},{"taxonomy":"post_tag","embeddable":true,"href":"https:\/\/www.cuballama.com\/noticias\/wp-json\/wp\/v2\/tags?post=218696"}],"curies":[{"name":"wp","href":"https:\/\/api.w.org\/{rel}","templated":true}]}}