{"id":218673,"date":"2025-09-11T08:02:44","date_gmt":"2025-09-11T12:02:44","guid":{"rendered":"https:\/\/www.cuballama.com\/noticias\/?p=218673"},"modified":"2025-09-11T08:02:54","modified_gmt":"2025-09-11T12:02:54","slug":"no-pintaba-nada-bien-el-panorama-para-cuba-pero-el-polvo-del-sahara-desaparecio-a-un-probable-y-futuro-huracan","status":"publish","type":"post","link":"https:\/\/www.cuballama.com\/noticias\/no-pintaba-nada-bien-el-panorama-para-cuba-pero-el-polvo-del-sahara-desaparecio-a-un-probable-y-futuro-huracan\/","title":{"rendered":"No pintaba nada bien el panorama para Cuba, pero el polvo del Sahara desapareci\u00f3 a un probable y futuro hurac\u00e1n"},"content":{"rendered":"\n<p>El pasado viernes, los pron\u00f3sticos abr\u00edan la puerta a que una onda tropical en el Atl\u00e1ntico diera el salto a cicl\u00f3n en pocos d\u00edas; momento ese en el que el <a href=\"https:\/\/www.nhc.noaa.gov\/archive\/xgtwo\/gtwo_archive.php?basin=atl&amp;current_issuance=202509050600&amp;fdays=7\" target=\"_blank\" rel=\"noreferrer noopener nofollow\">National Hurricane Center<\/a> (NHC) vigilaba una amplia zona de baja presi\u00f3n en el Atl\u00e1ntico oriental asociada a una onda tropical.<\/p>\n\n\n\n<p>En su parte de las 2:00 a.m. EDT, el NHC le asign\u00f3 un 60% de probabilidad de convertirse en depresi\u00f3n en 48 horas y un 90% en los pr\u00f3ximos siete d\u00edas. El sistema \u2014identificado como AL91\u2014 se mov\u00eda lentamente hacia el oeste, entre 5 y 10 millas por hora, y el CNH aseguraba que, de mantener la organizaci\u00f3n podr\u00eda estar cerca de las Antillas Menores a mediados o finales de la pr\u00f3xima semana. Un tipo de aviso temprano que no defin\u00eda trayectorias, pero s\u00ed que obligaba a mirar el mapa cada d\u00eda. <\/p>\n\n\n\n<p>Los meteor\u00f3logos advirtieron que septiembre siempre abre una \u201cventana\u201d m\u00e1s favorable para el desarrollo en el Atl\u00e1ntico profundo: aguas suficientemente c\u00e1lidas, pulsos convectivos activos y se\u00f1ales de una posible transici\u00f3n hacia La Ni\u00f1a que, de consolidarse, reducir\u00eda los vientos que desgarran a los ciclones j\u00f3venes. No son certezas siempre, pero s\u00ed piezas que encajan en un patr\u00f3n m\u00e1s activo.<\/p>\n\n\n\n<p>Para Cuba, el riesgo \u2014todav\u00eda hipot\u00e9tico\u2014 pasaba por un escenario en el que la perturbaci\u00f3n cruzase el arco de las Antillas y encontrase calor oce\u00e1nico abundante en el Caribe occidental, un corredor donde la intensificaci\u00f3n puede acelerarse si la estructura se consolida. <\/p>\n\n\n\n<p>Con el Caribe en su mira probable, el escenario para Cuba era de vigilancia: mar c\u00e1lido, trayectorias hacia el oeste y la memoria reciente de sistemas que se organizan de la noche a la ma\u00f1ana. Para Florida, la lupa se colocaba en el balance entre la dorsal del Atl\u00e1ntico y cualquier debilidad que permitiese ganar latitud hacia el Golfo o el Estrecho. <\/p>\n\n\n\n<p>Sin embargo, entre s\u00e1bado y domingo, una lengua de polvo del Sahara \u2014aire seco y caliente\u2014 invadi\u00f3 la zona, elev\u00f3 la cizalladura y desarm\u00f3 la convecci\u00f3n. La onda se qued\u00f3 en chubascos dispersos y el \u201cfuturo hurac\u00e1n\u201d no pas\u00f3 de amenaza. Hoy, lunes 8 de septiembre, el Caribe occidental amaneci\u00f3 m\u00e1s estable: bochorno, calima y chaparrones puntuales, pero sin se\u00f1ales de organizaci\u00f3n tropical cercana.<\/p>\n\n\n\n<p>Ese polvo africano no fue una an\u00e9cdota: es una masa muy seca y cargada de part\u00edculas que viaja a miles de kil\u00f3metros sobre el Atl\u00e1ntico, en una cinta que sale del Sahel y cruza hacia el Caribe. Cuando esa lengua alcanza a una onda tropical, le bebe la humedad, calienta las capas medias y corta el ascenso de nubes profundas. A la vez, puede reforzar vientos en altura que desgarran la convecci\u00f3n. El resultado es conocido: cielos blanquecinos, sol atenuado, mucha calina y truenos lejanos que no terminan de cuajar en sistemas organizados.<\/p>\n\n\n\n<p>En tierra, el episodio se sinti\u00f3 en lo cotidiano. La sensaci\u00f3n t\u00e9rmica apret\u00f3, las alergias respiratorias asomaron en quienes son sensibles al polvo y el horizonte qued\u00f3 lavado. En la costa norte el mar se mantuvo relativamente tranquilo y la lluvia fue m\u00e1s caprichosa que generosa; en el sur, entre rachas y nubes bajas, el calor mand\u00f3. No resolvi\u00f3 los apagones, pero s\u00ed cambi\u00f3 la conversaci\u00f3n del fin de semana: de un posible cicl\u00f3n a la nube invisible que lo borr\u00f3 del mapa.<\/p>\n\n\n\n<p>La lecci\u00f3n es simple y \u00fatil: la temporada no camina en l\u00ednea recta. Septiembre y octubre siguen siendo los meses de mayor riesgo para Cuba, y el Atl\u00e1ntico central conserva aguas muy c\u00e1lidas que pueden volver a encender la maquinaria. <\/p>\n\n\n\n<p>Esta vez la isla gan\u00f3 tiempo gracias al polvo sahariano y a una cizalladura oportuna. Ma\u00f1ana, si esa protecci\u00f3n se diluye, el guion puede moverse de nuevo. Por ahora, queda la vigilancia serena y un titular que se sostiene sin grandilocuencia: el polvo del Sahara desapareci\u00f3 a un probable y futuro hurac\u00e1n. <\/p>\n\n\n\n<p>Lo parad\u00f3jico no pas\u00f3 desapercibido: otras veces, la llegada del polvo del Sahara se siente como un castigo \u2014ojos irritados, sed, una pel\u00edcula de tierra sobre los carros\u2014 y se convierte en tema de queja nacional. Esta vez, en cambio, funcion\u00f3 como cortafuegos meteorol\u00f3gico. Molest\u00f3, s\u00ed, pero a cambio deshilach\u00f3 la amenaza. En una temporada que no da tregua, no es poca cosa que el mismo polvo que incomoda haya sido el que desarm\u00f3 al \u201churac\u00e1n que ven\u00eda\u201d<\/p>\n\n\n\n<p><strong>Recuadro |<\/strong><em><strong> \u00bfQu\u00e9 es la Capa de Aire Sahariano (SAL)?<\/strong> <\/em>La SAL es una masa de aire muy seco y cargado de polvo que se origina sobre el Sahara y cruza el Atl\u00e1ntico empujada por los alisios. Viaja a varios kil\u00f3metros de altura con una inversi\u00f3n t\u00e9rmica que estabiliza la atm\u00f3sfera. Suele intensificarse entre junio y agosto, aunque puede extenderse a septiembre. <\/p>\n\n\n\n<p>Sus efectos m\u00e1s visibles son la calima, cielos lechosos y atardeceres m\u00e1s rojos; en personas sensibles puede agravar alergias y asma. Meteorol\u00f3gicamente, la SAL reduce la humedad relativa en capas medias, calienta el aire, y puede aumentar la cizalladura vertical del viento: tres factores que dificultan la convecci\u00f3n profunda y, por tanto, la organizaci\u00f3n de ciclones tropicales. No suprime toda la lluvia, pero tiende a fragmentar y debilitar las tormentas. Cuando esa lengua de aire se diluye o se aparta, las ondas tropicales recuperan humedad y pueden organizarse con rapidez.<\/p>\n","protected":false},"excerpt":{"rendered":"<p>El sistema \u2014identificado como AL91\u2014 se mueve lentamente hacia el oeste, entre 5 y 10 millas por hora, y de mantener la organizaci\u00f3n podr\u00eda estar cerca de las Antillas Menores a mediados o finales de la pr\u00f3xima semana. <\/p>\n","protected":false},"author":13,"featured_media":218858,"comment_status":"open","ping_status":"closed","sticky":false,"template":"","format":"standard","meta":{"_acf_changed":false,"footnotes":""},"categories":[18,955,954],"tags":[26951,26952,10322,772,11,314,26826,378,10883,382,10202,10191,26825,4884,24872,10998,26828],"class_list":{"0":"post-218673","1":"post","2":"type-post","3":"status-publish","4":"format-standard","5":"has-post-thumbnail","7":"category-noticias","8":"category-noticias-de-cuba","9":"category-noticias-de-florida","10":"tag-al91","11":"tag-antillas-menores","12":"tag-atlantico","13":"tag-caribe","14":"tag-cuba","15":"tag-florida","16":"tag-gabrielle","17":"tag-huracanes","18":"tag-nhc","19":"tag-noaa","20":"tag-nube-de-polvo-del-sahara","21":"tag-polvo-del-sahara","22":"tag-pronostico","23":"tag-temporada-ciclonica","24":"tag-temporada-ciclonica-2025","25":"tag-tormenta-tropical","26":"tag-trayectoria"},"acf":[],"yoast_head":"<!-- This site is optimized with the Yoast SEO plugin v27.5 - https:\/\/yoast.com\/product\/yoast-seo-wordpress\/ -->\n<title>No pintaba nada bien el panorama para Cuba, pero el polvo del Sahara desapareci\u00f3 a un probable y futuro hurac\u00e1n - Cuballama Noticias<\/title>\n<meta name=\"description\" content=\"National Hurricane Center (NHC) vigilaba el viernes una amplia zona de baja presi\u00f3n en el Atl\u00e1ntico, pero el Polvo del Sahara la desapareci\u00f3.\" \/>\n<meta name=\"robots\" content=\"index, follow, max-snippet:-1, max-image-preview:large, max-video-preview:-1\" \/>\n<link rel=\"canonical\" href=\"https:\/\/www.cuballama.com\/noticias\/no-pintaba-nada-bien-el-panorama-para-cuba-pero-el-polvo-del-sahara-desaparecio-a-un-probable-y-futuro-huracan\/\" \/>\n<meta property=\"og:locale\" content=\"es_ES\" \/>\n<meta property=\"og:type\" content=\"article\" \/>\n<meta property=\"og:title\" content=\"No pintaba nada bien el panorama para Cuba, pero el polvo del Sahara desapareci\u00f3 a un probable y futuro hurac\u00e1n - Cuballama Noticias\" \/>\n<meta property=\"og:description\" content=\"National Hurricane Center (NHC) vigilaba el viernes una amplia zona de baja presi\u00f3n en el Atl\u00e1ntico, pero el Polvo del Sahara la desapareci\u00f3.\" \/>\n<meta property=\"og:url\" content=\"https:\/\/www.cuballama.com\/noticias\/no-pintaba-nada-bien-el-panorama-para-cuba-pero-el-polvo-del-sahara-desaparecio-a-un-probable-y-futuro-huracan\/\" \/>\n<meta property=\"og:site_name\" content=\"Cuballama Noticias\" \/>\n<meta property=\"article:publisher\" content=\"https:\/\/www.facebook.com\/CubaLlama\" \/>\n<meta property=\"article:published_time\" content=\"2025-09-11T12:02:44+00:00\" \/>\n<meta property=\"article:modified_time\" content=\"2025-09-11T12:02:54+00:00\" \/>\n<meta property=\"og:image\" content=\"https:\/\/cdn1.mediawpaccore.net\/wp-content\/uploads\/2025\/09\/08024336\/image-28.png\" \/>\n\t<meta property=\"og:image:width\" content=\"1972\" \/>\n\t<meta property=\"og:image:height\" content=\"1034\" \/>\n\t<meta property=\"og:image:type\" content=\"image\/png\" \/>\n<meta name=\"author\" content=\"Roberto A.\" \/>\n<meta name=\"twitter:card\" content=\"summary_large_image\" \/>\n<meta name=\"twitter:creator\" content=\"@cuballama\" \/>\n<meta name=\"twitter:site\" content=\"@cuballama\" \/>\n<meta name=\"twitter:label1\" content=\"Escrito por\" \/>\n\t<meta name=\"twitter:data1\" content=\"Roberto A.\" \/>\n\t<meta name=\"twitter:label2\" content=\"Tiempo de lectura\" \/>\n\t<meta name=\"twitter:data2\" content=\"5 minutos\" \/>\n<script type=\"application\/ld+json\" class=\"yoast-schema-graph\">{\"@context\":\"https:\\\/\\\/schema.org\",\"@graph\":[{\"@type\":\"Article\",\"@id\":\"https:\\\/\\\/www.cuballama.com\\\/noticias\\\/no-pintaba-nada-bien-el-panorama-para-cuba-pero-el-polvo-del-sahara-desaparecio-a-un-probable-y-futuro-huracan\\\/#article\",\"isPartOf\":{\"@id\":\"https:\\\/\\\/www.cuballama.com\\\/noticias\\\/no-pintaba-nada-bien-el-panorama-para-cuba-pero-el-polvo-del-sahara-desaparecio-a-un-probable-y-futuro-huracan\\\/\"},\"author\":{\"name\":\"Roberto A.\",\"@id\":\"https:\\\/\\\/www.cuballama.com\\\/noticias\\\/#\\\/schema\\\/person\\\/a58502ed4146c8e9f83872e897c76cd2\"},\"headline\":\"No pintaba nada bien el panorama para Cuba, pero el polvo del Sahara desapareci\u00f3 a un probable y futuro hurac\u00e1n\",\"datePublished\":\"2025-09-11T12:02:44+00:00\",\"dateModified\":\"2025-09-11T12:02:54+00:00\",\"mainEntityOfPage\":{\"@id\":\"https:\\\/\\\/www.cuballama.com\\\/noticias\\\/no-pintaba-nada-bien-el-panorama-para-cuba-pero-el-polvo-del-sahara-desaparecio-a-un-probable-y-futuro-huracan\\\/\"},\"wordCount\":954,\"commentCount\":0,\"publisher\":{\"@id\":\"https:\\\/\\\/www.cuballama.com\\\/noticias\\\/#organization\"},\"image\":{\"@id\":\"https:\\\/\\\/www.cuballama.com\\\/noticias\\\/no-pintaba-nada-bien-el-panorama-para-cuba-pero-el-polvo-del-sahara-desaparecio-a-un-probable-y-futuro-huracan\\\/#primaryimage\"},\"thumbnailUrl\":\"https:\\\/\\\/cdn1.mediawpaccore.net\\\/wp-content\\\/uploads\\\/2025\\\/09\\\/08024336\\\/image-28.png\",\"keywords\":[\"AL91\",\"Antillas Menores\",\"Atl\u00e1ntico\",\"Caribe\",\"Cuba\",\"Florida\",\"Gabrielle\",\"Huracanes\",\"NHC\",\"NOAA\",\"Nube de polvo del Sahara\",\"Polvo del Sahara\",\"pron\u00f3stico\",\"temporada cicl\u00f3nica\",\"temporada cicl\u00f3nica 2025\",\"tormenta tropical\",\"trayectoria\"],\"articleSection\":[\"Noticias\",\"Noticias de Cuba\",\"Noticias de Florida\"],\"inLanguage\":\"es\",\"potentialAction\":[{\"@type\":\"CommentAction\",\"name\":\"Comment\",\"target\":[\"https:\\\/\\\/www.cuballama.com\\\/noticias\\\/no-pintaba-nada-bien-el-panorama-para-cuba-pero-el-polvo-del-sahara-desaparecio-a-un-probable-y-futuro-huracan\\\/#respond\"]}]},{\"@type\":\"WebPage\",\"@id\":\"https:\\\/\\\/www.cuballama.com\\\/noticias\\\/no-pintaba-nada-bien-el-panorama-para-cuba-pero-el-polvo-del-sahara-desaparecio-a-un-probable-y-futuro-huracan\\\/\",\"url\":\"https:\\\/\\\/www.cuballama.com\\\/noticias\\\/no-pintaba-nada-bien-el-panorama-para-cuba-pero-el-polvo-del-sahara-desaparecio-a-un-probable-y-futuro-huracan\\\/\",\"name\":\"No pintaba nada bien el panorama para Cuba, pero el polvo del Sahara desapareci\u00f3 a un probable y futuro hurac\u00e1n - Cuballama Noticias\",\"isPartOf\":{\"@id\":\"https:\\\/\\\/www.cuballama.com\\\/noticias\\\/#website\"},\"primaryImageOfPage\":{\"@id\":\"https:\\\/\\\/www.cuballama.com\\\/noticias\\\/no-pintaba-nada-bien-el-panorama-para-cuba-pero-el-polvo-del-sahara-desaparecio-a-un-probable-y-futuro-huracan\\\/#primaryimage\"},\"image\":{\"@id\":\"https:\\\/\\\/www.cuballama.com\\\/noticias\\\/no-pintaba-nada-bien-el-panorama-para-cuba-pero-el-polvo-del-sahara-desaparecio-a-un-probable-y-futuro-huracan\\\/#primaryimage\"},\"thumbnailUrl\":\"https:\\\/\\\/cdn1.mediawpaccore.net\\\/wp-content\\\/uploads\\\/2025\\\/09\\\/08024336\\\/image-28.png\",\"datePublished\":\"2025-09-11T12:02:44+00:00\",\"dateModified\":\"2025-09-11T12:02:54+00:00\",\"description\":\"National Hurricane Center (NHC) vigilaba el viernes una amplia zona de baja presi\u00f3n en el Atl\u00e1ntico, pero el Polvo del Sahara la desapareci\u00f3.\",\"breadcrumb\":{\"@id\":\"https:\\\/\\\/www.cuballama.com\\\/noticias\\\/no-pintaba-nada-bien-el-panorama-para-cuba-pero-el-polvo-del-sahara-desaparecio-a-un-probable-y-futuro-huracan\\\/#breadcrumb\"},\"inLanguage\":\"es\",\"potentialAction\":[{\"@type\":\"ReadAction\",\"target\":[\"https:\\\/\\\/www.cuballama.com\\\/noticias\\\/no-pintaba-nada-bien-el-panorama-para-cuba-pero-el-polvo-del-sahara-desaparecio-a-un-probable-y-futuro-huracan\\\/\"]}]},{\"@type\":\"ImageObject\",\"inLanguage\":\"es\",\"@id\":\"https:\\\/\\\/www.cuballama.com\\\/noticias\\\/no-pintaba-nada-bien-el-panorama-para-cuba-pero-el-polvo-del-sahara-desaparecio-a-un-probable-y-futuro-huracan\\\/#primaryimage\",\"url\":\"https:\\\/\\\/cdn1.mediawpaccore.net\\\/wp-content\\\/uploads\\\/2025\\\/09\\\/08024336\\\/image-28.png\",\"contentUrl\":\"https:\\\/\\\/cdn1.mediawpaccore.net\\\/wp-content\\\/uploads\\\/2025\\\/09\\\/08024336\\\/image-28.png\",\"width\":1972,\"height\":1034,\"caption\":\"En 48 hrs desapareci\u00f3 \\\"Gabrielle\\\". Gr\u00e1fico de la NOAA.\"},{\"@type\":\"BreadcrumbList\",\"@id\":\"https:\\\/\\\/www.cuballama.com\\\/noticias\\\/no-pintaba-nada-bien-el-panorama-para-cuba-pero-el-polvo-del-sahara-desaparecio-a-un-probable-y-futuro-huracan\\\/#breadcrumb\",\"itemListElement\":[{\"@type\":\"ListItem\",\"position\":1,\"name\":\"Home\",\"item\":\"https:\\\/\\\/www.cuballama.com\\\/noticias\\\/\"},{\"@type\":\"ListItem\",\"position\":2,\"name\":\"No pintaba nada bien el panorama para Cuba, pero el polvo del Sahara desapareci\u00f3 a un probable y futuro hurac\u00e1n\"}]},{\"@type\":\"WebSite\",\"@id\":\"https:\\\/\\\/www.cuballama.com\\\/noticias\\\/#website\",\"url\":\"https:\\\/\\\/www.cuballama.com\\\/noticias\\\/\",\"name\":\"Cuballama Noticias\",\"description\":\"Medio digital sobre Cuba y el mundo\",\"publisher\":{\"@id\":\"https:\\\/\\\/www.cuballama.com\\\/noticias\\\/#organization\"},\"potentialAction\":[{\"@type\":\"SearchAction\",\"target\":{\"@type\":\"EntryPoint\",\"urlTemplate\":\"https:\\\/\\\/www.cuballama.com\\\/noticias\\\/?s={search_term_string}\"},\"query-input\":{\"@type\":\"PropertyValueSpecification\",\"valueRequired\":true,\"valueName\":\"search_term_string\"}}],\"inLanguage\":\"es\"},{\"@type\":\"Organization\",\"@id\":\"https:\\\/\\\/www.cuballama.com\\\/noticias\\\/#organization\",\"name\":\"Cuballama\",\"url\":\"https:\\\/\\\/www.cuballama.com\\\/noticias\\\/\",\"logo\":{\"@type\":\"ImageObject\",\"inLanguage\":\"es\",\"@id\":\"https:\\\/\\\/www.cuballama.com\\\/noticias\\\/#\\\/schema\\\/logo\\\/image\\\/\",\"url\":\"https:\\\/\\\/cdn1.mediawpaccore.net\\\/wp-content\\\/uploads\\\/2021\\\/12\\\/28171206\\\/cbll-logo-color-sm.png\",\"contentUrl\":\"https:\\\/\\\/cdn1.mediawpaccore.net\\\/wp-content\\\/uploads\\\/2021\\\/12\\\/28171206\\\/cbll-logo-color-sm.png\",\"width\":600,\"height\":133,\"caption\":\"Cuballama\"},\"image\":{\"@id\":\"https:\\\/\\\/www.cuballama.com\\\/noticias\\\/#\\\/schema\\\/logo\\\/image\\\/\"},\"sameAs\":[\"https:\\\/\\\/www.facebook.com\\\/CubaLlama\",\"https:\\\/\\\/x.com\\\/cuballama\",\"https:\\\/\\\/www.instagram.com\\\/stories\\\/cuballama_oficial\\\/\",\"https:\\\/\\\/www.youtube.com\\\/channel\\\/UCKkFE-d_axENGZcrc4as0IA\"]},{\"@type\":\"Person\",\"@id\":\"https:\\\/\\\/www.cuballama.com\\\/noticias\\\/#\\\/schema\\\/person\\\/a58502ed4146c8e9f83872e897c76cd2\",\"name\":\"Roberto A.\",\"description\":\"Roberto A. Periodista por decisi\u00f3n propia. Interesado en cualquier tema que me apasione y cada vez m\u00e1s comprometido con la verdad y la objetividad period\u00edstica. Graduado en La Habana hace ya muchos a\u00f1os, luego de una accidentada y polvorienta b\u00fasqueda de informaci\u00f3n sobre un tema in\u00e9dito. La Tesis, por cierto, desapareci\u00f3 de la biblioteca y no se conservan copias de la misma.\",\"url\":\"https:\\\/\\\/www.cuballama.com\\\/noticias\\\/author\\\/roberto\\\/\"}]}<\/script>\n<!-- \/ Yoast SEO plugin. -->","yoast_head_json":{"title":"No pintaba nada bien el panorama para Cuba, pero el polvo del Sahara desapareci\u00f3 a un probable y futuro hurac\u00e1n - Cuballama Noticias","description":"National Hurricane Center (NHC) vigilaba el viernes una amplia zona de baja presi\u00f3n en el Atl\u00e1ntico, pero el Polvo del Sahara la desapareci\u00f3.","robots":{"index":"index","follow":"follow","max-snippet":"max-snippet:-1","max-image-preview":"max-image-preview:large","max-video-preview":"max-video-preview:-1"},"canonical":"https:\/\/www.cuballama.com\/noticias\/no-pintaba-nada-bien-el-panorama-para-cuba-pero-el-polvo-del-sahara-desaparecio-a-un-probable-y-futuro-huracan\/","og_locale":"es_ES","og_type":"article","og_title":"No pintaba nada bien el panorama para Cuba, pero el polvo del Sahara desapareci\u00f3 a un probable y futuro hurac\u00e1n - Cuballama Noticias","og_description":"National Hurricane Center (NHC) vigilaba el viernes una amplia zona de baja presi\u00f3n en el Atl\u00e1ntico, pero el Polvo del Sahara la desapareci\u00f3.","og_url":"https:\/\/www.cuballama.com\/noticias\/no-pintaba-nada-bien-el-panorama-para-cuba-pero-el-polvo-del-sahara-desaparecio-a-un-probable-y-futuro-huracan\/","og_site_name":"Cuballama Noticias","article_publisher":"https:\/\/www.facebook.com\/CubaLlama","article_published_time":"2025-09-11T12:02:44+00:00","article_modified_time":"2025-09-11T12:02:54+00:00","og_image":[{"width":1972,"height":1034,"url":"https:\/\/cdn1.mediawpaccore.net\/wp-content\/uploads\/2025\/09\/08024336\/image-28.png","type":"image\/png"}],"author":"Roberto A.","twitter_card":"summary_large_image","twitter_creator":"@cuballama","twitter_site":"@cuballama","twitter_misc":{"Escrito por":"Roberto A.","Tiempo de lectura":"5 minutos"},"schema":{"@context":"https:\/\/schema.org","@graph":[{"@type":"Article","@id":"https:\/\/www.cuballama.com\/noticias\/no-pintaba-nada-bien-el-panorama-para-cuba-pero-el-polvo-del-sahara-desaparecio-a-un-probable-y-futuro-huracan\/#article","isPartOf":{"@id":"https:\/\/www.cuballama.com\/noticias\/no-pintaba-nada-bien-el-panorama-para-cuba-pero-el-polvo-del-sahara-desaparecio-a-un-probable-y-futuro-huracan\/"},"author":{"name":"Roberto A.","@id":"https:\/\/www.cuballama.com\/noticias\/#\/schema\/person\/a58502ed4146c8e9f83872e897c76cd2"},"headline":"No pintaba nada bien el panorama para Cuba, pero el polvo del Sahara desapareci\u00f3 a un probable y futuro hurac\u00e1n","datePublished":"2025-09-11T12:02:44+00:00","dateModified":"2025-09-11T12:02:54+00:00","mainEntityOfPage":{"@id":"https:\/\/www.cuballama.com\/noticias\/no-pintaba-nada-bien-el-panorama-para-cuba-pero-el-polvo-del-sahara-desaparecio-a-un-probable-y-futuro-huracan\/"},"wordCount":954,"commentCount":0,"publisher":{"@id":"https:\/\/www.cuballama.com\/noticias\/#organization"},"image":{"@id":"https:\/\/www.cuballama.com\/noticias\/no-pintaba-nada-bien-el-panorama-para-cuba-pero-el-polvo-del-sahara-desaparecio-a-un-probable-y-futuro-huracan\/#primaryimage"},"thumbnailUrl":"https:\/\/cdn1.mediawpaccore.net\/wp-content\/uploads\/2025\/09\/08024336\/image-28.png","keywords":["AL91","Antillas Menores","Atl\u00e1ntico","Caribe","Cuba","Florida","Gabrielle","Huracanes","NHC","NOAA","Nube de polvo del Sahara","Polvo del Sahara","pron\u00f3stico","temporada cicl\u00f3nica","temporada cicl\u00f3nica 2025","tormenta tropical","trayectoria"],"articleSection":["Noticias","Noticias de Cuba","Noticias de Florida"],"inLanguage":"es","potentialAction":[{"@type":"CommentAction","name":"Comment","target":["https:\/\/www.cuballama.com\/noticias\/no-pintaba-nada-bien-el-panorama-para-cuba-pero-el-polvo-del-sahara-desaparecio-a-un-probable-y-futuro-huracan\/#respond"]}]},{"@type":"WebPage","@id":"https:\/\/www.cuballama.com\/noticias\/no-pintaba-nada-bien-el-panorama-para-cuba-pero-el-polvo-del-sahara-desaparecio-a-un-probable-y-futuro-huracan\/","url":"https:\/\/www.cuballama.com\/noticias\/no-pintaba-nada-bien-el-panorama-para-cuba-pero-el-polvo-del-sahara-desaparecio-a-un-probable-y-futuro-huracan\/","name":"No pintaba nada bien el panorama para Cuba, pero el polvo del Sahara desapareci\u00f3 a un probable y futuro hurac\u00e1n - Cuballama Noticias","isPartOf":{"@id":"https:\/\/www.cuballama.com\/noticias\/#website"},"primaryImageOfPage":{"@id":"https:\/\/www.cuballama.com\/noticias\/no-pintaba-nada-bien-el-panorama-para-cuba-pero-el-polvo-del-sahara-desaparecio-a-un-probable-y-futuro-huracan\/#primaryimage"},"image":{"@id":"https:\/\/www.cuballama.com\/noticias\/no-pintaba-nada-bien-el-panorama-para-cuba-pero-el-polvo-del-sahara-desaparecio-a-un-probable-y-futuro-huracan\/#primaryimage"},"thumbnailUrl":"https:\/\/cdn1.mediawpaccore.net\/wp-content\/uploads\/2025\/09\/08024336\/image-28.png","datePublished":"2025-09-11T12:02:44+00:00","dateModified":"2025-09-11T12:02:54+00:00","description":"National Hurricane Center (NHC) vigilaba el viernes una amplia zona de baja presi\u00f3n en el Atl\u00e1ntico, pero el Polvo del Sahara la desapareci\u00f3.","breadcrumb":{"@id":"https:\/\/www.cuballama.com\/noticias\/no-pintaba-nada-bien-el-panorama-para-cuba-pero-el-polvo-del-sahara-desaparecio-a-un-probable-y-futuro-huracan\/#breadcrumb"},"inLanguage":"es","potentialAction":[{"@type":"ReadAction","target":["https:\/\/www.cuballama.com\/noticias\/no-pintaba-nada-bien-el-panorama-para-cuba-pero-el-polvo-del-sahara-desaparecio-a-un-probable-y-futuro-huracan\/"]}]},{"@type":"ImageObject","inLanguage":"es","@id":"https:\/\/www.cuballama.com\/noticias\/no-pintaba-nada-bien-el-panorama-para-cuba-pero-el-polvo-del-sahara-desaparecio-a-un-probable-y-futuro-huracan\/#primaryimage","url":"https:\/\/cdn1.mediawpaccore.net\/wp-content\/uploads\/2025\/09\/08024336\/image-28.png","contentUrl":"https:\/\/cdn1.mediawpaccore.net\/wp-content\/uploads\/2025\/09\/08024336\/image-28.png","width":1972,"height":1034,"caption":"En 48 hrs desapareci\u00f3 \"Gabrielle\". Gr\u00e1fico de la NOAA."},{"@type":"BreadcrumbList","@id":"https:\/\/www.cuballama.com\/noticias\/no-pintaba-nada-bien-el-panorama-para-cuba-pero-el-polvo-del-sahara-desaparecio-a-un-probable-y-futuro-huracan\/#breadcrumb","itemListElement":[{"@type":"ListItem","position":1,"name":"Home","item":"https:\/\/www.cuballama.com\/noticias\/"},{"@type":"ListItem","position":2,"name":"No pintaba nada bien el panorama para Cuba, pero el polvo del Sahara desapareci\u00f3 a un probable y futuro hurac\u00e1n"}]},{"@type":"WebSite","@id":"https:\/\/www.cuballama.com\/noticias\/#website","url":"https:\/\/www.cuballama.com\/noticias\/","name":"Cuballama Noticias","description":"Medio digital sobre Cuba y el mundo","publisher":{"@id":"https:\/\/www.cuballama.com\/noticias\/#organization"},"potentialAction":[{"@type":"SearchAction","target":{"@type":"EntryPoint","urlTemplate":"https:\/\/www.cuballama.com\/noticias\/?s={search_term_string}"},"query-input":{"@type":"PropertyValueSpecification","valueRequired":true,"valueName":"search_term_string"}}],"inLanguage":"es"},{"@type":"Organization","@id":"https:\/\/www.cuballama.com\/noticias\/#organization","name":"Cuballama","url":"https:\/\/www.cuballama.com\/noticias\/","logo":{"@type":"ImageObject","inLanguage":"es","@id":"https:\/\/www.cuballama.com\/noticias\/#\/schema\/logo\/image\/","url":"https:\/\/cdn1.mediawpaccore.net\/wp-content\/uploads\/2021\/12\/28171206\/cbll-logo-color-sm.png","contentUrl":"https:\/\/cdn1.mediawpaccore.net\/wp-content\/uploads\/2021\/12\/28171206\/cbll-logo-color-sm.png","width":600,"height":133,"caption":"Cuballama"},"image":{"@id":"https:\/\/www.cuballama.com\/noticias\/#\/schema\/logo\/image\/"},"sameAs":["https:\/\/www.facebook.com\/CubaLlama","https:\/\/x.com\/cuballama","https:\/\/www.instagram.com\/stories\/cuballama_oficial\/","https:\/\/www.youtube.com\/channel\/UCKkFE-d_axENGZcrc4as0IA"]},{"@type":"Person","@id":"https:\/\/www.cuballama.com\/noticias\/#\/schema\/person\/a58502ed4146c8e9f83872e897c76cd2","name":"Roberto A.","description":"Roberto A. Periodista por decisi\u00f3n propia. Interesado en cualquier tema que me apasione y cada vez m\u00e1s comprometido con la verdad y la objetividad period\u00edstica. Graduado en La Habana hace ya muchos a\u00f1os, luego de una accidentada y polvorienta b\u00fasqueda de informaci\u00f3n sobre un tema in\u00e9dito. La Tesis, por cierto, desapareci\u00f3 de la biblioteca y no se conservan copias de la misma.","url":"https:\/\/www.cuballama.com\/noticias\/author\/roberto\/"}]}},"_links":{"self":[{"href":"https:\/\/www.cuballama.com\/noticias\/wp-json\/wp\/v2\/posts\/218673","targetHints":{"allow":["GET"]}}],"collection":[{"href":"https:\/\/www.cuballama.com\/noticias\/wp-json\/wp\/v2\/posts"}],"about":[{"href":"https:\/\/www.cuballama.com\/noticias\/wp-json\/wp\/v2\/types\/post"}],"author":[{"embeddable":true,"href":"https:\/\/www.cuballama.com\/noticias\/wp-json\/wp\/v2\/users\/13"}],"replies":[{"embeddable":true,"href":"https:\/\/www.cuballama.com\/noticias\/wp-json\/wp\/v2\/comments?post=218673"}],"version-history":[{"count":4,"href":"https:\/\/www.cuballama.com\/noticias\/wp-json\/wp\/v2\/posts\/218673\/revisions"}],"predecessor-version":[{"id":218873,"href":"https:\/\/www.cuballama.com\/noticias\/wp-json\/wp\/v2\/posts\/218673\/revisions\/218873"}],"wp:featuredmedia":[{"embeddable":true,"href":"https:\/\/www.cuballama.com\/noticias\/wp-json\/wp\/v2\/media\/218858"}],"wp:attachment":[{"href":"https:\/\/www.cuballama.com\/noticias\/wp-json\/wp\/v2\/media?parent=218673"}],"wp:term":[{"taxonomy":"category","embeddable":true,"href":"https:\/\/www.cuballama.com\/noticias\/wp-json\/wp\/v2\/categories?post=218673"},{"taxonomy":"post_tag","embeddable":true,"href":"https:\/\/www.cuballama.com\/noticias\/wp-json\/wp\/v2\/tags?post=218673"}],"curies":[{"name":"wp","href":"https:\/\/api.w.org\/{rel}","templated":true}]}}