{"id":218479,"date":"2025-09-03T12:20:23","date_gmt":"2025-09-03T16:20:23","guid":{"rendered":"https:\/\/www.cuballama.com\/noticias\/?p=218479"},"modified":"2025-09-03T12:20:25","modified_gmt":"2025-09-03T16:20:25","slug":"vandalizan-auto-turistico-en-cumanayagua-piden-ayuda-para-recuperar-documentos-de-residencia-y-pasaporte","status":"publish","type":"post","link":"https:\/\/www.cuballama.com\/noticias\/vandalizan-auto-turistico-en-cumanayagua-piden-ayuda-para-recuperar-documentos-de-residencia-y-pasaporte\/","title":{"rendered":"Vandalizan auto tur\u00edstico en Cumanayagua: piden ayuda para recuperar documentos de residencia y pasaporte"},"content":{"rendered":"\n<p>Una denuncia publicada en el grupo \u201c<strong><a href=\"https:\/\/www.facebook.com\/groups\/3549207405335564\/permalink\/4182103225379309\/?rdid=XBZVsQrMg4OLNSjg#\" target=\"_blank\" rel=\"noreferrer noopener nofollow\">Revolico 360\u00b0 Cienfuegos<\/a><\/strong>\u201d alerta sobre el robo, a plena luz del d\u00eda, de un autom\u00f3vil con matr\u00edcula tur\u00edstica TUR 026483 en el municipio de Cumanayagua, provincia de Cienfuegos. Seg\u00fan el post firmado por Rachel Santana, dentro del veh\u00edculo se encontraba una cartera con licencia de conducci\u00f3n, pasaporte y documento de residencia del afectado, quien vive en los Estados Unidos, lo que agrava el perjuicio m\u00e1s all\u00e1 de la p\u00e9rdida material del auto.<\/p>\n\n\n\n<p>La publicaci\u00f3n solicita colaboraci\u00f3n ciudadana para recuperar, al menos, los documentos de identidad, indispensables para que la v\u00edctima, identificado como Eliecer Aguila Lois, pueda viajar de regreso a los Estados Unidos. Para aportar informaci\u00f3n, la familia comparti\u00f3 tres tel\u00e9fonos de contacto: (+53) 55719153, (+53) 58892180, ambos en Cuba; y un tercero en USA, (+1) 786-402-7721. <\/p>\n\n\n\n<p>El caso, ocurrido \u201ca plena luz del d\u00eda\u201d seg\u00fan el relato, reaviva las preocupaciones habituales de viajeros y residentes sobre la custodia de pertenencias y papeles en zonas urbanas concurridas. <\/p>\n\n\n\n<figure class=\"wp-block-image size-large\"><img loading=\"lazy\" decoding=\"async\" width=\"883\" height=\"1024\" src=\"https:\/\/cdn1.mediawpaccore.net\/wp-content\/uploads\/2025\/09\/03065306\/image-17-883x1024.png\" alt=\"\" class=\"wp-image-218485\" srcset=\"https:\/\/cdn1.mediawpaccore.net\/wp-content\/uploads\/2025\/09\/03065306\/image-17-883x1024.png 883w, https:\/\/cdn1.mediawpaccore.net\/wp-content\/uploads\/2025\/09\/03065306\/image-17-259x300.png 259w, https:\/\/cdn1.mediawpaccore.net\/wp-content\/uploads\/2025\/09\/03065306\/image-17-768x891.png 768w, https:\/\/cdn1.mediawpaccore.net\/wp-content\/uploads\/2025\/09\/03065306\/image-17-362x420.png 362w, https:\/\/cdn1.mediawpaccore.net\/wp-content\/uploads\/2025\/09\/03065306\/image-17-150x174.png 150w, https:\/\/cdn1.mediawpaccore.net\/wp-content\/uploads\/2025\/09\/03065306\/image-17-300x348.png 300w, https:\/\/cdn1.mediawpaccore.net\/wp-content\/uploads\/2025\/09\/03065306\/image-17-696x807.png 696w, https:\/\/cdn1.mediawpaccore.net\/wp-content\/uploads\/2025\/09\/03065306\/image-17-1068x1239.png 1068w, https:\/\/cdn1.mediawpaccore.net\/wp-content\/uploads\/2025\/09\/03065306\/image-17.png 1100w\" sizes=\"auto, (max-width: 883px) 100vw, 883px\" \/><\/figure>\n\n\n\n<p>Varios comentaristas en el hilo de Facebook insistieron en una regla b\u00e1sica de autoprotecci\u00f3n: <strong>no dejar documentos ni carteras dentro del veh\u00edculo, ni siquiera durante paradas breves<\/strong>. Otros usuarios apuntaron que, en situaciones de p\u00e9rdida o robo de pasaporte y residencia, es clave denunciar de inmediato ante la polic\u00eda y gestionar un salvoconducto o permiso de viaje en la oficina consular correspondiente, pasos que pueden facilitar la salida del pa\u00eds o la reposici\u00f3n de credenciales.<\/p>\n\n\n\n<p>Llama la atenci\u00f3n que el hecho, es muy similar a otros ocurridos recientemente. Justo en agosto se document\u00f3 el caso de un cubano que viaj\u00f3 de visita a la isla y sufri\u00f3 el robo de su cartera con documentos migratorios; los ladrones lo contactaron despu\u00e9s para exigirle 4.000 d\u00f3lares a cambio de devolverle la residencia estadounidense. <\/p>\n\n\n\n<p>El episodio revel\u00f3 un patr\u00f3n de extorsi\u00f3n que va m\u00e1s all\u00e1 del hurto: la v\u00edctima qued\u00f3 \u201cvarada\u201d administrativamente \u2014sin identificaci\u00f3n v\u00e1lida, sin poder abordar vuelos y con riesgo de perder estatus\u2014 mientras la familia buscaba auxilio entre la polic\u00eda y la sede consular. El mensaje que dej\u00f3 aquella historia fue claro: cuando el documento se convierte en \u201cmoneda de rescate\u201d, la vulnerabilidad del viajero se multiplica y aparecen intermediarios informales que encarecen y enrarecen cualquier soluci\u00f3n.<\/p>\n\n\n\n<p>Ese mismo mes, otro reporte del medio narr\u00f3 el asalto a un cantante en La Habana, que denunci\u00f3 p\u00fablicamente el robo de pertenencias y dinero en plena zona c\u00e9ntrica. <\/p>\n\n\n\n<p>Aunque no se trat\u00f3 de documentos migratorios, el caso tuvo amplia resonancia porque mostr\u00f3 la facilidad con que artistas y figuras p\u00fablicas quedan expuestos a robos \u201cal descuido\u201d o con violencia, y la dificultad posterior para recuperar lo sustra\u00eddo. <\/p>\n\n\n\n<p>Ambos episodios, ocurridos con pocos d\u00edas de diferencia, ayudan a contextualizar la denuncia ahora que emerge desde Cumanayagua, Cienfuegos: <strong>no son hechos aislados<\/strong>, sino expresiones de un entorno donde el hurto de carteras y credenciales se cruza con extorsiones, dilaciones institucionales y una sensaci\u00f3n de impunidad que desalienta la denuncia y normaliza el \u201cresolver\u201d por v\u00edas privadas.<\/p>\n\n\n\n<p><strong>noticia relacionada: <a href=\"https:\/\/www.cuballama.com\/noticias\/roban-el-auto-del-repartero-cubano-mucho-mosty-frente-al-capitolio-de-la-habana\/\">Roban el auto del repartero cubano Mucho Mosty frente al Capitolio de La Habana<\/a><\/strong><\/p>\n","protected":false},"excerpt":{"rendered":"<p>Llama la atenci\u00f3n que el hecho, es muy similar a otros ocurridos recientemente. Justo en agosto se document\u00f3 el caso de un cubano que viaj\u00f3 de visita a la isla y sufri\u00f3 el robo de su cartera con documentos migratorios; los ladrones lo contactaron despu\u00e9s para exigirle 4.000 d\u00f3lares a cambio de devolverle la residencia estadounidense. <\/p>\n","protected":false},"author":13,"featured_media":218487,"comment_status":"open","ping_status":"closed","sticky":false,"template":"","format":"standard","meta":{"_acf_changed":false,"footnotes":""},"categories":[18,955],"tags":[26895,29,11,12293,2958,5343,4441,98,5817,3423,26894],"class_list":{"0":"post-218479","1":"post","2":"type-post","3":"status-publish","4":"format-standard","5":"has-post-thumbnail","7":"category-noticias","8":"category-noticias-de-cuba","9":"tag-carro-turistico","10":"tag-cienfuegos","11":"tag-cuba","12":"tag-cumanayagua","13":"tag-denuncia","14":"tag-documentos","15":"tag-licencia-de-conduccion","16":"tag-pasaporte","17":"tag-residencia","18":"tag-robo","19":"tag-tur-026483"},"acf":[],"yoast_head":"<!-- This site is optimized with the Yoast SEO plugin v27.5 - https:\/\/yoast.com\/product\/yoast-seo-wordpress\/ -->\n<title>Vandalizan auto tur\u00edstico en Cumanayagua: piden ayuda para recuperar documentos de residencia y pasaporte - Cuballama Noticias<\/title>\n<meta name=\"description\" content=\"Publicaci\u00f3n solicita colaboraci\u00f3n ciudadana para recuperar al menos la residencia de la v\u00edctima y que este pueda regresar a Estados Unidos.\" \/>\n<meta name=\"robots\" content=\"index, follow, max-snippet:-1, max-image-preview:large, max-video-preview:-1\" \/>\n<link rel=\"canonical\" href=\"https:\/\/www.cuballama.com\/noticias\/vandalizan-auto-turistico-en-cumanayagua-piden-ayuda-para-recuperar-documentos-de-residencia-y-pasaporte\/\" \/>\n<meta property=\"og:locale\" content=\"es_ES\" \/>\n<meta property=\"og:type\" content=\"article\" \/>\n<meta property=\"og:title\" content=\"Vandalizan auto tur\u00edstico en Cumanayagua: piden ayuda para recuperar documentos de residencia y pasaporte - Cuballama Noticias\" \/>\n<meta property=\"og:description\" content=\"Publicaci\u00f3n solicita colaboraci\u00f3n ciudadana para recuperar al menos la residencia de la v\u00edctima y que este pueda regresar a Estados Unidos.\" \/>\n<meta property=\"og:url\" content=\"https:\/\/www.cuballama.com\/noticias\/vandalizan-auto-turistico-en-cumanayagua-piden-ayuda-para-recuperar-documentos-de-residencia-y-pasaporte\/\" \/>\n<meta property=\"og:site_name\" content=\"Cuballama Noticias\" \/>\n<meta property=\"article:publisher\" content=\"https:\/\/www.facebook.com\/CubaLlama\" \/>\n<meta property=\"article:published_time\" content=\"2025-09-03T16:20:23+00:00\" \/>\n<meta property=\"article:modified_time\" content=\"2025-09-03T16:20:25+00:00\" \/>\n<meta property=\"og:image\" content=\"https:\/\/cdn1.mediawpaccore.net\/wp-content\/uploads\/2025\/09\/03065642\/image-18-1024x532.png\" \/>\n\t<meta property=\"og:image:width\" content=\"1024\" \/>\n\t<meta property=\"og:image:height\" content=\"532\" \/>\n\t<meta property=\"og:image:type\" content=\"image\/png\" \/>\n<meta name=\"author\" content=\"Roberto A.\" \/>\n<meta name=\"twitter:card\" content=\"summary_large_image\" \/>\n<meta name=\"twitter:creator\" content=\"@cuballama\" \/>\n<meta name=\"twitter:site\" content=\"@cuballama\" \/>\n<meta name=\"twitter:label1\" content=\"Escrito por\" \/>\n\t<meta name=\"twitter:data1\" content=\"Roberto A.\" \/>\n\t<meta name=\"twitter:label2\" content=\"Tiempo de lectura\" \/>\n\t<meta name=\"twitter:data2\" content=\"3 minutos\" \/>\n<script type=\"application\/ld+json\" class=\"yoast-schema-graph\">{\"@context\":\"https:\\\/\\\/schema.org\",\"@graph\":[{\"@type\":\"Article\",\"@id\":\"https:\\\/\\\/www.cuballama.com\\\/noticias\\\/vandalizan-auto-turistico-en-cumanayagua-piden-ayuda-para-recuperar-documentos-de-residencia-y-pasaporte\\\/#article\",\"isPartOf\":{\"@id\":\"https:\\\/\\\/www.cuballama.com\\\/noticias\\\/vandalizan-auto-turistico-en-cumanayagua-piden-ayuda-para-recuperar-documentos-de-residencia-y-pasaporte\\\/\"},\"author\":{\"name\":\"Roberto A.\",\"@id\":\"https:\\\/\\\/www.cuballama.com\\\/noticias\\\/#\\\/schema\\\/person\\\/a58502ed4146c8e9f83872e897c76cd2\"},\"headline\":\"Vandalizan auto tur\u00edstico en Cumanayagua: piden ayuda para recuperar documentos de residencia y pasaporte\",\"datePublished\":\"2025-09-03T16:20:23+00:00\",\"dateModified\":\"2025-09-03T16:20:25+00:00\",\"mainEntityOfPage\":{\"@id\":\"https:\\\/\\\/www.cuballama.com\\\/noticias\\\/vandalizan-auto-turistico-en-cumanayagua-piden-ayuda-para-recuperar-documentos-de-residencia-y-pasaporte\\\/\"},\"wordCount\":560,\"commentCount\":0,\"publisher\":{\"@id\":\"https:\\\/\\\/www.cuballama.com\\\/noticias\\\/#organization\"},\"image\":{\"@id\":\"https:\\\/\\\/www.cuballama.com\\\/noticias\\\/vandalizan-auto-turistico-en-cumanayagua-piden-ayuda-para-recuperar-documentos-de-residencia-y-pasaporte\\\/#primaryimage\"},\"thumbnailUrl\":\"https:\\\/\\\/cdn1.mediawpaccore.net\\\/wp-content\\\/uploads\\\/2025\\\/09\\\/03065642\\\/image-18.png\",\"keywords\":[\"carro tur\u00edstico\",\"cienfuegos\",\"Cuba\",\"Cumanayagua\",\"denuncia\",\"Documentos\",\"Licencia de Conducci\u00f3n\",\"pasaporte\",\"residencia\",\"Robo\",\"tur 026483\"],\"articleSection\":[\"Noticias\",\"Noticias de Cuba\"],\"inLanguage\":\"es\",\"potentialAction\":[{\"@type\":\"CommentAction\",\"name\":\"Comment\",\"target\":[\"https:\\\/\\\/www.cuballama.com\\\/noticias\\\/vandalizan-auto-turistico-en-cumanayagua-piden-ayuda-para-recuperar-documentos-de-residencia-y-pasaporte\\\/#respond\"]}]},{\"@type\":\"WebPage\",\"@id\":\"https:\\\/\\\/www.cuballama.com\\\/noticias\\\/vandalizan-auto-turistico-en-cumanayagua-piden-ayuda-para-recuperar-documentos-de-residencia-y-pasaporte\\\/\",\"url\":\"https:\\\/\\\/www.cuballama.com\\\/noticias\\\/vandalizan-auto-turistico-en-cumanayagua-piden-ayuda-para-recuperar-documentos-de-residencia-y-pasaporte\\\/\",\"name\":\"Vandalizan auto tur\u00edstico en Cumanayagua: piden ayuda para recuperar documentos de residencia y pasaporte - Cuballama Noticias\",\"isPartOf\":{\"@id\":\"https:\\\/\\\/www.cuballama.com\\\/noticias\\\/#website\"},\"primaryImageOfPage\":{\"@id\":\"https:\\\/\\\/www.cuballama.com\\\/noticias\\\/vandalizan-auto-turistico-en-cumanayagua-piden-ayuda-para-recuperar-documentos-de-residencia-y-pasaporte\\\/#primaryimage\"},\"image\":{\"@id\":\"https:\\\/\\\/www.cuballama.com\\\/noticias\\\/vandalizan-auto-turistico-en-cumanayagua-piden-ayuda-para-recuperar-documentos-de-residencia-y-pasaporte\\\/#primaryimage\"},\"thumbnailUrl\":\"https:\\\/\\\/cdn1.mediawpaccore.net\\\/wp-content\\\/uploads\\\/2025\\\/09\\\/03065642\\\/image-18.png\",\"datePublished\":\"2025-09-03T16:20:23+00:00\",\"dateModified\":\"2025-09-03T16:20:25+00:00\",\"description\":\"Publicaci\u00f3n solicita colaboraci\u00f3n ciudadana para recuperar al menos la residencia de la v\u00edctima y que este pueda regresar a Estados Unidos.\",\"breadcrumb\":{\"@id\":\"https:\\\/\\\/www.cuballama.com\\\/noticias\\\/vandalizan-auto-turistico-en-cumanayagua-piden-ayuda-para-recuperar-documentos-de-residencia-y-pasaporte\\\/#breadcrumb\"},\"inLanguage\":\"es\",\"potentialAction\":[{\"@type\":\"ReadAction\",\"target\":[\"https:\\\/\\\/www.cuballama.com\\\/noticias\\\/vandalizan-auto-turistico-en-cumanayagua-piden-ayuda-para-recuperar-documentos-de-residencia-y-pasaporte\\\/\"]}]},{\"@type\":\"ImageObject\",\"inLanguage\":\"es\",\"@id\":\"https:\\\/\\\/www.cuballama.com\\\/noticias\\\/vandalizan-auto-turistico-en-cumanayagua-piden-ayuda-para-recuperar-documentos-de-residencia-y-pasaporte\\\/#primaryimage\",\"url\":\"https:\\\/\\\/cdn1.mediawpaccore.net\\\/wp-content\\\/uploads\\\/2025\\\/09\\\/03065642\\\/image-18.png\",\"contentUrl\":\"https:\\\/\\\/cdn1.mediawpaccore.net\\\/wp-content\\\/uploads\\\/2025\\\/09\\\/03065642\\\/image-18.png\",\"width\":1990,\"height\":1034,\"caption\":\"Foto: V\u00eda Revolico 360 Cuamanayagua.\"},{\"@type\":\"BreadcrumbList\",\"@id\":\"https:\\\/\\\/www.cuballama.com\\\/noticias\\\/vandalizan-auto-turistico-en-cumanayagua-piden-ayuda-para-recuperar-documentos-de-residencia-y-pasaporte\\\/#breadcrumb\",\"itemListElement\":[{\"@type\":\"ListItem\",\"position\":1,\"name\":\"Home\",\"item\":\"https:\\\/\\\/www.cuballama.com\\\/noticias\\\/\"},{\"@type\":\"ListItem\",\"position\":2,\"name\":\"Vandalizan auto tur\u00edstico en Cumanayagua: piden ayuda para recuperar documentos de residencia y pasaporte\"}]},{\"@type\":\"WebSite\",\"@id\":\"https:\\\/\\\/www.cuballama.com\\\/noticias\\\/#website\",\"url\":\"https:\\\/\\\/www.cuballama.com\\\/noticias\\\/\",\"name\":\"Cuballama Noticias\",\"description\":\"Medio digital sobre Cuba y el mundo\",\"publisher\":{\"@id\":\"https:\\\/\\\/www.cuballama.com\\\/noticias\\\/#organization\"},\"potentialAction\":[{\"@type\":\"SearchAction\",\"target\":{\"@type\":\"EntryPoint\",\"urlTemplate\":\"https:\\\/\\\/www.cuballama.com\\\/noticias\\\/?s={search_term_string}\"},\"query-input\":{\"@type\":\"PropertyValueSpecification\",\"valueRequired\":true,\"valueName\":\"search_term_string\"}}],\"inLanguage\":\"es\"},{\"@type\":\"Organization\",\"@id\":\"https:\\\/\\\/www.cuballama.com\\\/noticias\\\/#organization\",\"name\":\"Cuballama\",\"url\":\"https:\\\/\\\/www.cuballama.com\\\/noticias\\\/\",\"logo\":{\"@type\":\"ImageObject\",\"inLanguage\":\"es\",\"@id\":\"https:\\\/\\\/www.cuballama.com\\\/noticias\\\/#\\\/schema\\\/logo\\\/image\\\/\",\"url\":\"https:\\\/\\\/cdn1.mediawpaccore.net\\\/wp-content\\\/uploads\\\/2021\\\/12\\\/28171206\\\/cbll-logo-color-sm.png\",\"contentUrl\":\"https:\\\/\\\/cdn1.mediawpaccore.net\\\/wp-content\\\/uploads\\\/2021\\\/12\\\/28171206\\\/cbll-logo-color-sm.png\",\"width\":600,\"height\":133,\"caption\":\"Cuballama\"},\"image\":{\"@id\":\"https:\\\/\\\/www.cuballama.com\\\/noticias\\\/#\\\/schema\\\/logo\\\/image\\\/\"},\"sameAs\":[\"https:\\\/\\\/www.facebook.com\\\/CubaLlama\",\"https:\\\/\\\/x.com\\\/cuballama\",\"https:\\\/\\\/www.instagram.com\\\/stories\\\/cuballama_oficial\\\/\",\"https:\\\/\\\/www.youtube.com\\\/channel\\\/UCKkFE-d_axENGZcrc4as0IA\"]},{\"@type\":\"Person\",\"@id\":\"https:\\\/\\\/www.cuballama.com\\\/noticias\\\/#\\\/schema\\\/person\\\/a58502ed4146c8e9f83872e897c76cd2\",\"name\":\"Roberto A.\",\"description\":\"Roberto A. Periodista por decisi\u00f3n propia. Interesado en cualquier tema que me apasione y cada vez m\u00e1s comprometido con la verdad y la objetividad period\u00edstica. Graduado en La Habana hace ya muchos a\u00f1os, luego de una accidentada y polvorienta b\u00fasqueda de informaci\u00f3n sobre un tema in\u00e9dito. La Tesis, por cierto, desapareci\u00f3 de la biblioteca y no se conservan copias de la misma.\",\"url\":\"https:\\\/\\\/www.cuballama.com\\\/noticias\\\/author\\\/roberto\\\/\"}]}<\/script>\n<!-- \/ Yoast SEO plugin. -->","yoast_head_json":{"title":"Vandalizan auto tur\u00edstico en Cumanayagua: piden ayuda para recuperar documentos de residencia y pasaporte - Cuballama Noticias","description":"Publicaci\u00f3n solicita colaboraci\u00f3n ciudadana para recuperar al menos la residencia de la v\u00edctima y que este pueda regresar a Estados Unidos.","robots":{"index":"index","follow":"follow","max-snippet":"max-snippet:-1","max-image-preview":"max-image-preview:large","max-video-preview":"max-video-preview:-1"},"canonical":"https:\/\/www.cuballama.com\/noticias\/vandalizan-auto-turistico-en-cumanayagua-piden-ayuda-para-recuperar-documentos-de-residencia-y-pasaporte\/","og_locale":"es_ES","og_type":"article","og_title":"Vandalizan auto tur\u00edstico en Cumanayagua: piden ayuda para recuperar documentos de residencia y pasaporte - Cuballama Noticias","og_description":"Publicaci\u00f3n solicita colaboraci\u00f3n ciudadana para recuperar al menos la residencia de la v\u00edctima y que este pueda regresar a Estados Unidos.","og_url":"https:\/\/www.cuballama.com\/noticias\/vandalizan-auto-turistico-en-cumanayagua-piden-ayuda-para-recuperar-documentos-de-residencia-y-pasaporte\/","og_site_name":"Cuballama Noticias","article_publisher":"https:\/\/www.facebook.com\/CubaLlama","article_published_time":"2025-09-03T16:20:23+00:00","article_modified_time":"2025-09-03T16:20:25+00:00","og_image":[{"width":1024,"height":532,"url":"https:\/\/cdn1.mediawpaccore.net\/wp-content\/uploads\/2025\/09\/03065642\/image-18-1024x532.png","type":"image\/png"}],"author":"Roberto A.","twitter_card":"summary_large_image","twitter_creator":"@cuballama","twitter_site":"@cuballama","twitter_misc":{"Escrito por":"Roberto A.","Tiempo de lectura":"3 minutos"},"schema":{"@context":"https:\/\/schema.org","@graph":[{"@type":"Article","@id":"https:\/\/www.cuballama.com\/noticias\/vandalizan-auto-turistico-en-cumanayagua-piden-ayuda-para-recuperar-documentos-de-residencia-y-pasaporte\/#article","isPartOf":{"@id":"https:\/\/www.cuballama.com\/noticias\/vandalizan-auto-turistico-en-cumanayagua-piden-ayuda-para-recuperar-documentos-de-residencia-y-pasaporte\/"},"author":{"name":"Roberto A.","@id":"https:\/\/www.cuballama.com\/noticias\/#\/schema\/person\/a58502ed4146c8e9f83872e897c76cd2"},"headline":"Vandalizan auto tur\u00edstico en Cumanayagua: piden ayuda para recuperar documentos de residencia y pasaporte","datePublished":"2025-09-03T16:20:23+00:00","dateModified":"2025-09-03T16:20:25+00:00","mainEntityOfPage":{"@id":"https:\/\/www.cuballama.com\/noticias\/vandalizan-auto-turistico-en-cumanayagua-piden-ayuda-para-recuperar-documentos-de-residencia-y-pasaporte\/"},"wordCount":560,"commentCount":0,"publisher":{"@id":"https:\/\/www.cuballama.com\/noticias\/#organization"},"image":{"@id":"https:\/\/www.cuballama.com\/noticias\/vandalizan-auto-turistico-en-cumanayagua-piden-ayuda-para-recuperar-documentos-de-residencia-y-pasaporte\/#primaryimage"},"thumbnailUrl":"https:\/\/cdn1.mediawpaccore.net\/wp-content\/uploads\/2025\/09\/03065642\/image-18.png","keywords":["carro tur\u00edstico","cienfuegos","Cuba","Cumanayagua","denuncia","Documentos","Licencia de Conducci\u00f3n","pasaporte","residencia","Robo","tur 026483"],"articleSection":["Noticias","Noticias de Cuba"],"inLanguage":"es","potentialAction":[{"@type":"CommentAction","name":"Comment","target":["https:\/\/www.cuballama.com\/noticias\/vandalizan-auto-turistico-en-cumanayagua-piden-ayuda-para-recuperar-documentos-de-residencia-y-pasaporte\/#respond"]}]},{"@type":"WebPage","@id":"https:\/\/www.cuballama.com\/noticias\/vandalizan-auto-turistico-en-cumanayagua-piden-ayuda-para-recuperar-documentos-de-residencia-y-pasaporte\/","url":"https:\/\/www.cuballama.com\/noticias\/vandalizan-auto-turistico-en-cumanayagua-piden-ayuda-para-recuperar-documentos-de-residencia-y-pasaporte\/","name":"Vandalizan auto tur\u00edstico en Cumanayagua: piden ayuda para recuperar documentos de residencia y pasaporte - Cuballama Noticias","isPartOf":{"@id":"https:\/\/www.cuballama.com\/noticias\/#website"},"primaryImageOfPage":{"@id":"https:\/\/www.cuballama.com\/noticias\/vandalizan-auto-turistico-en-cumanayagua-piden-ayuda-para-recuperar-documentos-de-residencia-y-pasaporte\/#primaryimage"},"image":{"@id":"https:\/\/www.cuballama.com\/noticias\/vandalizan-auto-turistico-en-cumanayagua-piden-ayuda-para-recuperar-documentos-de-residencia-y-pasaporte\/#primaryimage"},"thumbnailUrl":"https:\/\/cdn1.mediawpaccore.net\/wp-content\/uploads\/2025\/09\/03065642\/image-18.png","datePublished":"2025-09-03T16:20:23+00:00","dateModified":"2025-09-03T16:20:25+00:00","description":"Publicaci\u00f3n solicita colaboraci\u00f3n ciudadana para recuperar al menos la residencia de la v\u00edctima y que este pueda regresar a Estados Unidos.","breadcrumb":{"@id":"https:\/\/www.cuballama.com\/noticias\/vandalizan-auto-turistico-en-cumanayagua-piden-ayuda-para-recuperar-documentos-de-residencia-y-pasaporte\/#breadcrumb"},"inLanguage":"es","potentialAction":[{"@type":"ReadAction","target":["https:\/\/www.cuballama.com\/noticias\/vandalizan-auto-turistico-en-cumanayagua-piden-ayuda-para-recuperar-documentos-de-residencia-y-pasaporte\/"]}]},{"@type":"ImageObject","inLanguage":"es","@id":"https:\/\/www.cuballama.com\/noticias\/vandalizan-auto-turistico-en-cumanayagua-piden-ayuda-para-recuperar-documentos-de-residencia-y-pasaporte\/#primaryimage","url":"https:\/\/cdn1.mediawpaccore.net\/wp-content\/uploads\/2025\/09\/03065642\/image-18.png","contentUrl":"https:\/\/cdn1.mediawpaccore.net\/wp-content\/uploads\/2025\/09\/03065642\/image-18.png","width":1990,"height":1034,"caption":"Foto: V\u00eda Revolico 360 Cuamanayagua."},{"@type":"BreadcrumbList","@id":"https:\/\/www.cuballama.com\/noticias\/vandalizan-auto-turistico-en-cumanayagua-piden-ayuda-para-recuperar-documentos-de-residencia-y-pasaporte\/#breadcrumb","itemListElement":[{"@type":"ListItem","position":1,"name":"Home","item":"https:\/\/www.cuballama.com\/noticias\/"},{"@type":"ListItem","position":2,"name":"Vandalizan auto tur\u00edstico en Cumanayagua: piden ayuda para recuperar documentos de residencia y pasaporte"}]},{"@type":"WebSite","@id":"https:\/\/www.cuballama.com\/noticias\/#website","url":"https:\/\/www.cuballama.com\/noticias\/","name":"Cuballama Noticias","description":"Medio digital sobre Cuba y el mundo","publisher":{"@id":"https:\/\/www.cuballama.com\/noticias\/#organization"},"potentialAction":[{"@type":"SearchAction","target":{"@type":"EntryPoint","urlTemplate":"https:\/\/www.cuballama.com\/noticias\/?s={search_term_string}"},"query-input":{"@type":"PropertyValueSpecification","valueRequired":true,"valueName":"search_term_string"}}],"inLanguage":"es"},{"@type":"Organization","@id":"https:\/\/www.cuballama.com\/noticias\/#organization","name":"Cuballama","url":"https:\/\/www.cuballama.com\/noticias\/","logo":{"@type":"ImageObject","inLanguage":"es","@id":"https:\/\/www.cuballama.com\/noticias\/#\/schema\/logo\/image\/","url":"https:\/\/cdn1.mediawpaccore.net\/wp-content\/uploads\/2021\/12\/28171206\/cbll-logo-color-sm.png","contentUrl":"https:\/\/cdn1.mediawpaccore.net\/wp-content\/uploads\/2021\/12\/28171206\/cbll-logo-color-sm.png","width":600,"height":133,"caption":"Cuballama"},"image":{"@id":"https:\/\/www.cuballama.com\/noticias\/#\/schema\/logo\/image\/"},"sameAs":["https:\/\/www.facebook.com\/CubaLlama","https:\/\/x.com\/cuballama","https:\/\/www.instagram.com\/stories\/cuballama_oficial\/","https:\/\/www.youtube.com\/channel\/UCKkFE-d_axENGZcrc4as0IA"]},{"@type":"Person","@id":"https:\/\/www.cuballama.com\/noticias\/#\/schema\/person\/a58502ed4146c8e9f83872e897c76cd2","name":"Roberto A.","description":"Roberto A. Periodista por decisi\u00f3n propia. Interesado en cualquier tema que me apasione y cada vez m\u00e1s comprometido con la verdad y la objetividad period\u00edstica. Graduado en La Habana hace ya muchos a\u00f1os, luego de una accidentada y polvorienta b\u00fasqueda de informaci\u00f3n sobre un tema in\u00e9dito. La Tesis, por cierto, desapareci\u00f3 de la biblioteca y no se conservan copias de la misma.","url":"https:\/\/www.cuballama.com\/noticias\/author\/roberto\/"}]}},"_links":{"self":[{"href":"https:\/\/www.cuballama.com\/noticias\/wp-json\/wp\/v2\/posts\/218479","targetHints":{"allow":["GET"]}}],"collection":[{"href":"https:\/\/www.cuballama.com\/noticias\/wp-json\/wp\/v2\/posts"}],"about":[{"href":"https:\/\/www.cuballama.com\/noticias\/wp-json\/wp\/v2\/types\/post"}],"author":[{"embeddable":true,"href":"https:\/\/www.cuballama.com\/noticias\/wp-json\/wp\/v2\/users\/13"}],"replies":[{"embeddable":true,"href":"https:\/\/www.cuballama.com\/noticias\/wp-json\/wp\/v2\/comments?post=218479"}],"version-history":[{"count":1,"href":"https:\/\/www.cuballama.com\/noticias\/wp-json\/wp\/v2\/posts\/218479\/revisions"}],"predecessor-version":[{"id":218488,"href":"https:\/\/www.cuballama.com\/noticias\/wp-json\/wp\/v2\/posts\/218479\/revisions\/218488"}],"wp:featuredmedia":[{"embeddable":true,"href":"https:\/\/www.cuballama.com\/noticias\/wp-json\/wp\/v2\/media\/218487"}],"wp:attachment":[{"href":"https:\/\/www.cuballama.com\/noticias\/wp-json\/wp\/v2\/media?parent=218479"}],"wp:term":[{"taxonomy":"category","embeddable":true,"href":"https:\/\/www.cuballama.com\/noticias\/wp-json\/wp\/v2\/categories?post=218479"},{"taxonomy":"post_tag","embeddable":true,"href":"https:\/\/www.cuballama.com\/noticias\/wp-json\/wp\/v2\/tags?post=218479"}],"curies":[{"name":"wp","href":"https:\/\/api.w.org\/{rel}","templated":true}]}}