{"id":218436,"date":"2025-09-03T12:22:01","date_gmt":"2025-09-03T16:22:01","guid":{"rendered":"https:\/\/www.cuballama.com\/noticias\/?p=218436"},"modified":"2025-09-03T12:22:04","modified_gmt":"2025-09-03T16:22:04","slug":"centro-nacional-de-huracanes-vigila-sistema-que-apunta-al-caribe-y-la-florida","status":"publish","type":"post","link":"https:\/\/www.cuballama.com\/noticias\/centro-nacional-de-huracanes-vigila-sistema-que-apunta-al-caribe-y-la-florida\/","title":{"rendered":"Centro Nacional de Huracanes vigila sistema que apunta al Caribe y la Florida"},"content":{"rendered":"\n<p>El Centro Nacional de Huracanes (NHC, por sus siglas en ingl\u00e9s) emiti\u00f3 este mi\u00e9rcoles un aviso sobre un sistema de baja presi\u00f3n en el Atl\u00e1ntico oriental que, seg\u00fan sus modelos, presenta un <strong>70% de probabilidades de convertirse en cicl\u00f3n tropical en los pr\u00f3ximos siete d\u00edas<\/strong>. La perturbaci\u00f3n, identificada como <em>Disturbance 1<\/em>, se ubica al suroeste de las islas de Cabo Verde y se desplaza hacia el oeste-noroeste, en direcci\u00f3n al Caribe. <\/p>\n\n\n\n<p>De confirmarse su desarrollo, el fen\u00f3meno recibir\u00eda el nombre de <strong>Gabrielle<\/strong>, la pr\u00f3xima en la lista de la temporada cicl\u00f3nica 2025. <\/p>\n\n\n\n<p>La meteor\u00f3loga Tara Lane, de <em>Queen City News<\/em>, advirti\u00f3 en sus <a href=\"https:\/\/www.facebook.com\/story.php?story_fbid=1343771604415681&amp;id=100063485625032&amp;post_id=100063485625032_1343771604415681&amp;rdid=RJ5JxMcWf6KSDDvg#\" target=\"_blank\" rel=\"noreferrer noopener nofollow\">redes sociales<\/a> que \u201cla probabilidad de formaci\u00f3n es alta\u201d y pidi\u00f3 a la poblaci\u00f3n mantenerse atenta a los partes oficiales. \u201cEs todav\u00eda temprano, pero hay que seguirlo de cerca en los pr\u00f3ximos d\u00edas\u201d, apunt\u00f3.<\/p>\n\n\n\n<iframe loading=\"lazy\" src=\"https:\/\/www.facebook.com\/plugins\/post.php?href=https%3A%2F%2Fwww.facebook.com%2FMeteorologistTaraLane%2Fposts%2Fpfbid0JhKtRKc9YuA2zaJ7v934AT3XjDufERfMX6tkXDnz7TDTS2ksjLUF8CWmAqy7gbSul&#038;show_text=true&#038;width=500\" width=\"500\" height=\"455\" style=\"border:none;overflow:hidden\" scrolling=\"no\" frameborder=\"0\" allowfullscreen=\"true\" allow=\"autoplay; clipboard-write; encrypted-media; picture-in-picture; web-share\"><\/iframe>\n\n\n\n<p>Por su parte, el especialista cubano Rub\u00e9n Capote subray\u00f3 que el sistema estaba dentro de lo esperado para esta semana y que pronto podr\u00eda ser clasificado como <em>Invest<\/em> para someterlo a modelos m\u00e1s detallados. <\/p>\n\n\n\n<p>Con un tono entre t\u00e9cnico y humor\u00edstico, al hablar sobre su futura trayectoria, Capote se\u00f1al\u00f3 que \u201csaber exactamente a d\u00f3nde va ahora mismo es como ganarse el Powerball\u201d, pero que, de cualquier manera, el desplazamiento al oeste obliga a vigilarlo tanto en las Antillas como en el Caribe.<\/p>\n\n\n\n<div style=\"position:relative;width:100%;max-width:420px;aspect-ratio:9\/16;\">\n  <iframe\n    src=\"https:\/\/www.facebook.com\/plugins\/video.php?href=https%3A%2F%2Fwww.facebook.com%2Freel%2F1955499668560900%2F&#038;show_text=false\"\n    style=\"position:absolute;top:0;left:0;width:100%;height:100%;border:0;overflow:hidden;\"\n    scrolling=\"no\" frameborder=\"0\"\n    allow=\"autoplay; clipboard-write; encrypted-media; picture-in-picture; web-share\"\n    allowfullscreen=\"true\">\n  <\/iframe>\n<\/div>\n\n\n\n\n<p>Lo \u00fanico cierto, sugiri\u00f3 Capote, es que pronto comenzar\u00e1n las personas a llevarse las cajas de agua y los papeles sanitarios de los estantes de Walmart, como si no hubiese un ma\u00f1ana. Un hecho que ocurre cada a\u00f1o cada vez que un fen\u00f3meno de estos se acerca a la Florida.<\/p>\n\n\n\n<iframe loading=\"lazy\" src=\"https:\/\/www.facebook.com\/plugins\/post.php?href=https%3A%2F%2Fwww.facebook.com%2Frubencapote49%2Fposts%2Fpfbid02oR7AsPgNYLEw76CAsBEFdnVs2Uu4M7cHjV2r754VSdyqDmhYrWwrVSLStrY5aQnbl&#038;show_text=true&#038;width=500\" width=\"500\" height=\"753\" style=\"border:none;overflow:hidden\" scrolling=\"no\" frameborder=\"0\" allowfullscreen=\"true\" allow=\"autoplay; clipboard-write; encrypted-media; picture-in-picture; web-share\"><\/iframe>\n\n\n\n<p>Algunos modelos sugieren que el disturbio podr\u00eda girar hacia el norte antes de acercarse a las islas, lo que lo mantendr\u00eda en mar abierto. Otros, en cambio, muestran un posible acercamiento m\u00e1s pronunciado al arco de las Antillas, lo que reaviva la preocupaci\u00f3n en pa\u00edses como Puerto Rico, Rep\u00fablica Dominicana, Cuba y eventualmente la Florida.<\/p>\n\n\n\n<p>Aunque la incertidumbre es alta, lo cierto es que el sistema a\u00fan se encuentra lejos de tierra firme y hay al menos una semana por delante antes de que pueda representar un riesgo concreto. Esa distancia ofrece margen para prepararse y seguir de cerca su evoluci\u00f3n sin caer en alarmismo, se\u00f1al\u00f3 Capote.<\/p>\n\n\n\n<iframe loading=\"lazy\" src=\"https:\/\/www.facebook.com\/plugins\/video.php?height=314&#038;href=https%3A%2F%2Fwww.facebook.com%2Freel%2F686043760908156%2F&#038;show_text=true&#038;width=560&#038;t=0\" width=\"560\" height=\"429\" style=\"border:none;overflow:hidden\" scrolling=\"no\" frameborder=\"0\" allowfullscreen=\"true\" allow=\"autoplay; clipboard-write; encrypted-media; picture-in-picture; web-share\" allowFullScreen=\"true\"><\/iframe>\n\n\n\n<p>Sin embargo, en redes sociales, las reacciones combinan preocupaci\u00f3n con resignaci\u00f3n. Usuarios en Puerto Rico y Cuba destacan que \u201ccada a\u00f1o toca lo mismo\u201d y llaman a mantener la calma, mientras otros recuerdan que lo esencial es la preparaci\u00f3n. \u201cLo mejor es que d\u00e9 el giro temprano y se vaya mar adentro\u201d, comentan muchos.<\/p>\n\n\n\n<p>Para los cubanos este representa un peligro adicional. Por un lado, la dif\u00edcil situaci\u00f3n socioecon\u00f3mica que se vive en la isla no resiste el paso de un hurac\u00e1n por su territorio y&#8230; \u00a1estamos en Septiembre! Un mes tradicionalmente \u00abutilizado\u00bb por estos caprichos de la naturaleza para hacer su aparici\u00f3n por la isla.<\/p>\n\n\n\n<p>Por ahora, la instrucci\u00f3n general de los meteor\u00f3logos es clara: <strong>vigilar, informarse y no bajar la guardia<\/strong>. La temporada cicl\u00f3nica se encuentra en su punto m\u00e1s activo y la disciplina en la preparaci\u00f3n sigue siendo la mejor defensa frente a la incertidumbre que representan estos sistemas.<\/p>\n","protected":false},"excerpt":{"rendered":"<p>De confirmarse su desarrollo, el fen\u00f3meno recibir\u00eda el nombre de Gabrielle, la pr\u00f3xima en la lista de la temporada cicl\u00f3nica 2025. <\/p>\n","protected":false},"author":13,"featured_media":218439,"comment_status":"open","ping_status":"closed","sticky":false,"template":"","format":"standard","meta":{"_acf_changed":false,"footnotes":""},"categories":[18,955],"tags":[26827,26823,772,11,314,26826,378,26824,10883,382,26822,26825,858,4098,11017,24872,26828],"class_list":{"0":"post-218436","1":"post","2":"type-post","3":"status-publish","4":"format-standard","5":"has-post-thumbnail","7":"category-noticias","8":"category-noticias-de-cuba","9":"tag-antillas","10":"tag-atlantico-tropical","11":"tag-caribe","12":"tag-cuba","13":"tag-florida","14":"tag-gabrielle","15":"tag-huracanes","16":"tag-invest","17":"tag-nhc","18":"tag-noaa","19":"tag-perturbacion-tropical","20":"tag-pronostico","21":"tag-puerto-rico","22":"tag-republica-dominicana","23":"tag-superdestacado","24":"tag-temporada-ciclonica-2025","25":"tag-trayectoria"},"acf":[],"yoast_head":"<!-- This site is optimized with the Yoast SEO plugin v27.5 - https:\/\/yoast.com\/product\/yoast-seo-wordpress\/ -->\n<title>Centro Nacional de Huracanes vigila sistema que apunta al Caribe y la Florida - Cuballama Noticias<\/title>\n<meta name=\"description\" content=\"El Centro Nacional de Huracanes vigila sistema de baja presi\u00f3n en el Atl\u00e1ntico oriental que podr\u00eda convertirse en cicl\u00f3n tropical en unos d\u00edas\" \/>\n<meta name=\"robots\" content=\"index, follow, max-snippet:-1, max-image-preview:large, max-video-preview:-1\" \/>\n<link rel=\"canonical\" href=\"https:\/\/www.cuballama.com\/noticias\/centro-nacional-de-huracanes-vigila-sistema-que-apunta-al-caribe-y-la-florida\/\" \/>\n<meta property=\"og:locale\" content=\"es_ES\" \/>\n<meta property=\"og:type\" content=\"article\" \/>\n<meta property=\"og:title\" content=\"Centro Nacional de Huracanes vigila sistema que apunta al Caribe y la Florida - Cuballama Noticias\" \/>\n<meta property=\"og:description\" content=\"El Centro Nacional de Huracanes vigila sistema de baja presi\u00f3n en el Atl\u00e1ntico oriental que podr\u00eda convertirse en cicl\u00f3n tropical en unos d\u00edas\" \/>\n<meta property=\"og:url\" content=\"https:\/\/www.cuballama.com\/noticias\/centro-nacional-de-huracanes-vigila-sistema-que-apunta-al-caribe-y-la-florida\/\" \/>\n<meta property=\"og:site_name\" content=\"Cuballama Noticias\" \/>\n<meta property=\"article:publisher\" content=\"https:\/\/www.facebook.com\/CubaLlama\" \/>\n<meta property=\"article:published_time\" content=\"2025-09-03T16:22:01+00:00\" \/>\n<meta property=\"article:modified_time\" content=\"2025-09-03T16:22:04+00:00\" \/>\n<meta property=\"og:image\" content=\"https:\/\/cdn1.mediawpaccore.net\/wp-content\/uploads\/2025\/09\/03033840\/image-10.png\" \/>\n\t<meta property=\"og:image:width\" content=\"1972\" \/>\n\t<meta property=\"og:image:height\" content=\"1030\" \/>\n\t<meta property=\"og:image:type\" content=\"image\/png\" \/>\n<meta name=\"author\" content=\"Roberto A.\" \/>\n<meta name=\"twitter:card\" content=\"summary_large_image\" \/>\n<meta name=\"twitter:creator\" content=\"@cuballama\" \/>\n<meta name=\"twitter:site\" content=\"@cuballama\" \/>\n<meta name=\"twitter:label1\" content=\"Escrito por\" \/>\n\t<meta name=\"twitter:data1\" content=\"Roberto A.\" \/>\n\t<meta name=\"twitter:label2\" content=\"Tiempo de lectura\" \/>\n\t<meta name=\"twitter:data2\" content=\"3 minutos\" \/>\n<script type=\"application\/ld+json\" class=\"yoast-schema-graph\">{\"@context\":\"https:\\\/\\\/schema.org\",\"@graph\":[{\"@type\":\"Article\",\"@id\":\"https:\\\/\\\/www.cuballama.com\\\/noticias\\\/centro-nacional-de-huracanes-vigila-sistema-que-apunta-al-caribe-y-la-florida\\\/#article\",\"isPartOf\":{\"@id\":\"https:\\\/\\\/www.cuballama.com\\\/noticias\\\/centro-nacional-de-huracanes-vigila-sistema-que-apunta-al-caribe-y-la-florida\\\/\"},\"author\":{\"name\":\"Roberto A.\",\"@id\":\"https:\\\/\\\/www.cuballama.com\\\/noticias\\\/#\\\/schema\\\/person\\\/a58502ed4146c8e9f83872e897c76cd2\"},\"headline\":\"Centro Nacional de Huracanes vigila sistema que apunta al Caribe y la Florida\",\"datePublished\":\"2025-09-03T16:22:01+00:00\",\"dateModified\":\"2025-09-03T16:22:04+00:00\",\"mainEntityOfPage\":{\"@id\":\"https:\\\/\\\/www.cuballama.com\\\/noticias\\\/centro-nacional-de-huracanes-vigila-sistema-que-apunta-al-caribe-y-la-florida\\\/\"},\"wordCount\":592,\"commentCount\":0,\"publisher\":{\"@id\":\"https:\\\/\\\/www.cuballama.com\\\/noticias\\\/#organization\"},\"image\":{\"@id\":\"https:\\\/\\\/www.cuballama.com\\\/noticias\\\/centro-nacional-de-huracanes-vigila-sistema-que-apunta-al-caribe-y-la-florida\\\/#primaryimage\"},\"thumbnailUrl\":\"https:\\\/\\\/cdn1.mediawpaccore.net\\\/wp-content\\\/uploads\\\/2025\\\/09\\\/03033840\\\/image-10.png\",\"keywords\":[\"Antillas\",\"Atl\u00e1ntico tropical\",\"Caribe\",\"Cuba\",\"Florida\",\"Gabrielle\",\"Huracanes\",\"invest\",\"NHC\",\"NOAA\",\"perturbaci\u00f3n tropical\",\"pron\u00f3stico\",\"Puerto Rico\",\"Rep\u00fablica Dominicana\",\"superdestacado\",\"temporada cicl\u00f3nica 2025\",\"trayectoria\"],\"articleSection\":[\"Noticias\",\"Noticias de Cuba\"],\"inLanguage\":\"es\",\"potentialAction\":[{\"@type\":\"CommentAction\",\"name\":\"Comment\",\"target\":[\"https:\\\/\\\/www.cuballama.com\\\/noticias\\\/centro-nacional-de-huracanes-vigila-sistema-que-apunta-al-caribe-y-la-florida\\\/#respond\"]}]},{\"@type\":\"WebPage\",\"@id\":\"https:\\\/\\\/www.cuballama.com\\\/noticias\\\/centro-nacional-de-huracanes-vigila-sistema-que-apunta-al-caribe-y-la-florida\\\/\",\"url\":\"https:\\\/\\\/www.cuballama.com\\\/noticias\\\/centro-nacional-de-huracanes-vigila-sistema-que-apunta-al-caribe-y-la-florida\\\/\",\"name\":\"Centro Nacional de Huracanes vigila sistema que apunta al Caribe y la Florida - Cuballama Noticias\",\"isPartOf\":{\"@id\":\"https:\\\/\\\/www.cuballama.com\\\/noticias\\\/#website\"},\"primaryImageOfPage\":{\"@id\":\"https:\\\/\\\/www.cuballama.com\\\/noticias\\\/centro-nacional-de-huracanes-vigila-sistema-que-apunta-al-caribe-y-la-florida\\\/#primaryimage\"},\"image\":{\"@id\":\"https:\\\/\\\/www.cuballama.com\\\/noticias\\\/centro-nacional-de-huracanes-vigila-sistema-que-apunta-al-caribe-y-la-florida\\\/#primaryimage\"},\"thumbnailUrl\":\"https:\\\/\\\/cdn1.mediawpaccore.net\\\/wp-content\\\/uploads\\\/2025\\\/09\\\/03033840\\\/image-10.png\",\"datePublished\":\"2025-09-03T16:22:01+00:00\",\"dateModified\":\"2025-09-03T16:22:04+00:00\",\"description\":\"El Centro Nacional de Huracanes vigila sistema de baja presi\u00f3n en el Atl\u00e1ntico oriental que podr\u00eda convertirse en cicl\u00f3n tropical en unos d\u00edas\",\"breadcrumb\":{\"@id\":\"https:\\\/\\\/www.cuballama.com\\\/noticias\\\/centro-nacional-de-huracanes-vigila-sistema-que-apunta-al-caribe-y-la-florida\\\/#breadcrumb\"},\"inLanguage\":\"es\",\"potentialAction\":[{\"@type\":\"ReadAction\",\"target\":[\"https:\\\/\\\/www.cuballama.com\\\/noticias\\\/centro-nacional-de-huracanes-vigila-sistema-que-apunta-al-caribe-y-la-florida\\\/\"]}]},{\"@type\":\"ImageObject\",\"inLanguage\":\"es\",\"@id\":\"https:\\\/\\\/www.cuballama.com\\\/noticias\\\/centro-nacional-de-huracanes-vigila-sistema-que-apunta-al-caribe-y-la-florida\\\/#primaryimage\",\"url\":\"https:\\\/\\\/cdn1.mediawpaccore.net\\\/wp-content\\\/uploads\\\/2025\\\/09\\\/03033840\\\/image-10.png\",\"contentUrl\":\"https:\\\/\\\/cdn1.mediawpaccore.net\\\/wp-content\\\/uploads\\\/2025\\\/09\\\/03033840\\\/image-10.png\",\"width\":1972,\"height\":1030,\"caption\":\"Imagen gr\u00e1fico del Centro Nacional de Huracanes\"},{\"@type\":\"BreadcrumbList\",\"@id\":\"https:\\\/\\\/www.cuballama.com\\\/noticias\\\/centro-nacional-de-huracanes-vigila-sistema-que-apunta-al-caribe-y-la-florida\\\/#breadcrumb\",\"itemListElement\":[{\"@type\":\"ListItem\",\"position\":1,\"name\":\"Home\",\"item\":\"https:\\\/\\\/www.cuballama.com\\\/noticias\\\/\"},{\"@type\":\"ListItem\",\"position\":2,\"name\":\"Centro Nacional de Huracanes vigila sistema que apunta al Caribe y la Florida\"}]},{\"@type\":\"WebSite\",\"@id\":\"https:\\\/\\\/www.cuballama.com\\\/noticias\\\/#website\",\"url\":\"https:\\\/\\\/www.cuballama.com\\\/noticias\\\/\",\"name\":\"Cuballama Noticias\",\"description\":\"Medio digital sobre Cuba y el mundo\",\"publisher\":{\"@id\":\"https:\\\/\\\/www.cuballama.com\\\/noticias\\\/#organization\"},\"potentialAction\":[{\"@type\":\"SearchAction\",\"target\":{\"@type\":\"EntryPoint\",\"urlTemplate\":\"https:\\\/\\\/www.cuballama.com\\\/noticias\\\/?s={search_term_string}\"},\"query-input\":{\"@type\":\"PropertyValueSpecification\",\"valueRequired\":true,\"valueName\":\"search_term_string\"}}],\"inLanguage\":\"es\"},{\"@type\":\"Organization\",\"@id\":\"https:\\\/\\\/www.cuballama.com\\\/noticias\\\/#organization\",\"name\":\"Cuballama\",\"url\":\"https:\\\/\\\/www.cuballama.com\\\/noticias\\\/\",\"logo\":{\"@type\":\"ImageObject\",\"inLanguage\":\"es\",\"@id\":\"https:\\\/\\\/www.cuballama.com\\\/noticias\\\/#\\\/schema\\\/logo\\\/image\\\/\",\"url\":\"https:\\\/\\\/cdn1.mediawpaccore.net\\\/wp-content\\\/uploads\\\/2021\\\/12\\\/28171206\\\/cbll-logo-color-sm.png\",\"contentUrl\":\"https:\\\/\\\/cdn1.mediawpaccore.net\\\/wp-content\\\/uploads\\\/2021\\\/12\\\/28171206\\\/cbll-logo-color-sm.png\",\"width\":600,\"height\":133,\"caption\":\"Cuballama\"},\"image\":{\"@id\":\"https:\\\/\\\/www.cuballama.com\\\/noticias\\\/#\\\/schema\\\/logo\\\/image\\\/\"},\"sameAs\":[\"https:\\\/\\\/www.facebook.com\\\/CubaLlama\",\"https:\\\/\\\/x.com\\\/cuballama\",\"https:\\\/\\\/www.instagram.com\\\/stories\\\/cuballama_oficial\\\/\",\"https:\\\/\\\/www.youtube.com\\\/channel\\\/UCKkFE-d_axENGZcrc4as0IA\"]},{\"@type\":\"Person\",\"@id\":\"https:\\\/\\\/www.cuballama.com\\\/noticias\\\/#\\\/schema\\\/person\\\/a58502ed4146c8e9f83872e897c76cd2\",\"name\":\"Roberto A.\",\"description\":\"Roberto A. Periodista por decisi\u00f3n propia. Interesado en cualquier tema que me apasione y cada vez m\u00e1s comprometido con la verdad y la objetividad period\u00edstica. Graduado en La Habana hace ya muchos a\u00f1os, luego de una accidentada y polvorienta b\u00fasqueda de informaci\u00f3n sobre un tema in\u00e9dito. La Tesis, por cierto, desapareci\u00f3 de la biblioteca y no se conservan copias de la misma.\",\"url\":\"https:\\\/\\\/www.cuballama.com\\\/noticias\\\/author\\\/roberto\\\/\"}]}<\/script>\n<!-- \/ Yoast SEO plugin. -->","yoast_head_json":{"title":"Centro Nacional de Huracanes vigila sistema que apunta al Caribe y la Florida - Cuballama Noticias","description":"El Centro Nacional de Huracanes vigila sistema de baja presi\u00f3n en el Atl\u00e1ntico oriental que podr\u00eda convertirse en cicl\u00f3n tropical en unos d\u00edas","robots":{"index":"index","follow":"follow","max-snippet":"max-snippet:-1","max-image-preview":"max-image-preview:large","max-video-preview":"max-video-preview:-1"},"canonical":"https:\/\/www.cuballama.com\/noticias\/centro-nacional-de-huracanes-vigila-sistema-que-apunta-al-caribe-y-la-florida\/","og_locale":"es_ES","og_type":"article","og_title":"Centro Nacional de Huracanes vigila sistema que apunta al Caribe y la Florida - Cuballama Noticias","og_description":"El Centro Nacional de Huracanes vigila sistema de baja presi\u00f3n en el Atl\u00e1ntico oriental que podr\u00eda convertirse en cicl\u00f3n tropical en unos d\u00edas","og_url":"https:\/\/www.cuballama.com\/noticias\/centro-nacional-de-huracanes-vigila-sistema-que-apunta-al-caribe-y-la-florida\/","og_site_name":"Cuballama Noticias","article_publisher":"https:\/\/www.facebook.com\/CubaLlama","article_published_time":"2025-09-03T16:22:01+00:00","article_modified_time":"2025-09-03T16:22:04+00:00","og_image":[{"width":1972,"height":1030,"url":"https:\/\/cdn1.mediawpaccore.net\/wp-content\/uploads\/2025\/09\/03033840\/image-10.png","type":"image\/png"}],"author":"Roberto A.","twitter_card":"summary_large_image","twitter_creator":"@cuballama","twitter_site":"@cuballama","twitter_misc":{"Escrito por":"Roberto A.","Tiempo de lectura":"3 minutos"},"schema":{"@context":"https:\/\/schema.org","@graph":[{"@type":"Article","@id":"https:\/\/www.cuballama.com\/noticias\/centro-nacional-de-huracanes-vigila-sistema-que-apunta-al-caribe-y-la-florida\/#article","isPartOf":{"@id":"https:\/\/www.cuballama.com\/noticias\/centro-nacional-de-huracanes-vigila-sistema-que-apunta-al-caribe-y-la-florida\/"},"author":{"name":"Roberto A.","@id":"https:\/\/www.cuballama.com\/noticias\/#\/schema\/person\/a58502ed4146c8e9f83872e897c76cd2"},"headline":"Centro Nacional de Huracanes vigila sistema que apunta al Caribe y la Florida","datePublished":"2025-09-03T16:22:01+00:00","dateModified":"2025-09-03T16:22:04+00:00","mainEntityOfPage":{"@id":"https:\/\/www.cuballama.com\/noticias\/centro-nacional-de-huracanes-vigila-sistema-que-apunta-al-caribe-y-la-florida\/"},"wordCount":592,"commentCount":0,"publisher":{"@id":"https:\/\/www.cuballama.com\/noticias\/#organization"},"image":{"@id":"https:\/\/www.cuballama.com\/noticias\/centro-nacional-de-huracanes-vigila-sistema-que-apunta-al-caribe-y-la-florida\/#primaryimage"},"thumbnailUrl":"https:\/\/cdn1.mediawpaccore.net\/wp-content\/uploads\/2025\/09\/03033840\/image-10.png","keywords":["Antillas","Atl\u00e1ntico tropical","Caribe","Cuba","Florida","Gabrielle","Huracanes","invest","NHC","NOAA","perturbaci\u00f3n tropical","pron\u00f3stico","Puerto Rico","Rep\u00fablica Dominicana","superdestacado","temporada cicl\u00f3nica 2025","trayectoria"],"articleSection":["Noticias","Noticias de Cuba"],"inLanguage":"es","potentialAction":[{"@type":"CommentAction","name":"Comment","target":["https:\/\/www.cuballama.com\/noticias\/centro-nacional-de-huracanes-vigila-sistema-que-apunta-al-caribe-y-la-florida\/#respond"]}]},{"@type":"WebPage","@id":"https:\/\/www.cuballama.com\/noticias\/centro-nacional-de-huracanes-vigila-sistema-que-apunta-al-caribe-y-la-florida\/","url":"https:\/\/www.cuballama.com\/noticias\/centro-nacional-de-huracanes-vigila-sistema-que-apunta-al-caribe-y-la-florida\/","name":"Centro Nacional de Huracanes vigila sistema que apunta al Caribe y la Florida - Cuballama Noticias","isPartOf":{"@id":"https:\/\/www.cuballama.com\/noticias\/#website"},"primaryImageOfPage":{"@id":"https:\/\/www.cuballama.com\/noticias\/centro-nacional-de-huracanes-vigila-sistema-que-apunta-al-caribe-y-la-florida\/#primaryimage"},"image":{"@id":"https:\/\/www.cuballama.com\/noticias\/centro-nacional-de-huracanes-vigila-sistema-que-apunta-al-caribe-y-la-florida\/#primaryimage"},"thumbnailUrl":"https:\/\/cdn1.mediawpaccore.net\/wp-content\/uploads\/2025\/09\/03033840\/image-10.png","datePublished":"2025-09-03T16:22:01+00:00","dateModified":"2025-09-03T16:22:04+00:00","description":"El Centro Nacional de Huracanes vigila sistema de baja presi\u00f3n en el Atl\u00e1ntico oriental que podr\u00eda convertirse en cicl\u00f3n tropical en unos d\u00edas","breadcrumb":{"@id":"https:\/\/www.cuballama.com\/noticias\/centro-nacional-de-huracanes-vigila-sistema-que-apunta-al-caribe-y-la-florida\/#breadcrumb"},"inLanguage":"es","potentialAction":[{"@type":"ReadAction","target":["https:\/\/www.cuballama.com\/noticias\/centro-nacional-de-huracanes-vigila-sistema-que-apunta-al-caribe-y-la-florida\/"]}]},{"@type":"ImageObject","inLanguage":"es","@id":"https:\/\/www.cuballama.com\/noticias\/centro-nacional-de-huracanes-vigila-sistema-que-apunta-al-caribe-y-la-florida\/#primaryimage","url":"https:\/\/cdn1.mediawpaccore.net\/wp-content\/uploads\/2025\/09\/03033840\/image-10.png","contentUrl":"https:\/\/cdn1.mediawpaccore.net\/wp-content\/uploads\/2025\/09\/03033840\/image-10.png","width":1972,"height":1030,"caption":"Imagen gr\u00e1fico del Centro Nacional de Huracanes"},{"@type":"BreadcrumbList","@id":"https:\/\/www.cuballama.com\/noticias\/centro-nacional-de-huracanes-vigila-sistema-que-apunta-al-caribe-y-la-florida\/#breadcrumb","itemListElement":[{"@type":"ListItem","position":1,"name":"Home","item":"https:\/\/www.cuballama.com\/noticias\/"},{"@type":"ListItem","position":2,"name":"Centro Nacional de Huracanes vigila sistema que apunta al Caribe y la Florida"}]},{"@type":"WebSite","@id":"https:\/\/www.cuballama.com\/noticias\/#website","url":"https:\/\/www.cuballama.com\/noticias\/","name":"Cuballama Noticias","description":"Medio digital sobre Cuba y el mundo","publisher":{"@id":"https:\/\/www.cuballama.com\/noticias\/#organization"},"potentialAction":[{"@type":"SearchAction","target":{"@type":"EntryPoint","urlTemplate":"https:\/\/www.cuballama.com\/noticias\/?s={search_term_string}"},"query-input":{"@type":"PropertyValueSpecification","valueRequired":true,"valueName":"search_term_string"}}],"inLanguage":"es"},{"@type":"Organization","@id":"https:\/\/www.cuballama.com\/noticias\/#organization","name":"Cuballama","url":"https:\/\/www.cuballama.com\/noticias\/","logo":{"@type":"ImageObject","inLanguage":"es","@id":"https:\/\/www.cuballama.com\/noticias\/#\/schema\/logo\/image\/","url":"https:\/\/cdn1.mediawpaccore.net\/wp-content\/uploads\/2021\/12\/28171206\/cbll-logo-color-sm.png","contentUrl":"https:\/\/cdn1.mediawpaccore.net\/wp-content\/uploads\/2021\/12\/28171206\/cbll-logo-color-sm.png","width":600,"height":133,"caption":"Cuballama"},"image":{"@id":"https:\/\/www.cuballama.com\/noticias\/#\/schema\/logo\/image\/"},"sameAs":["https:\/\/www.facebook.com\/CubaLlama","https:\/\/x.com\/cuballama","https:\/\/www.instagram.com\/stories\/cuballama_oficial\/","https:\/\/www.youtube.com\/channel\/UCKkFE-d_axENGZcrc4as0IA"]},{"@type":"Person","@id":"https:\/\/www.cuballama.com\/noticias\/#\/schema\/person\/a58502ed4146c8e9f83872e897c76cd2","name":"Roberto A.","description":"Roberto A. Periodista por decisi\u00f3n propia. Interesado en cualquier tema que me apasione y cada vez m\u00e1s comprometido con la verdad y la objetividad period\u00edstica. Graduado en La Habana hace ya muchos a\u00f1os, luego de una accidentada y polvorienta b\u00fasqueda de informaci\u00f3n sobre un tema in\u00e9dito. La Tesis, por cierto, desapareci\u00f3 de la biblioteca y no se conservan copias de la misma.","url":"https:\/\/www.cuballama.com\/noticias\/author\/roberto\/"}]}},"_links":{"self":[{"href":"https:\/\/www.cuballama.com\/noticias\/wp-json\/wp\/v2\/posts\/218436","targetHints":{"allow":["GET"]}}],"collection":[{"href":"https:\/\/www.cuballama.com\/noticias\/wp-json\/wp\/v2\/posts"}],"about":[{"href":"https:\/\/www.cuballama.com\/noticias\/wp-json\/wp\/v2\/types\/post"}],"author":[{"embeddable":true,"href":"https:\/\/www.cuballama.com\/noticias\/wp-json\/wp\/v2\/users\/13"}],"replies":[{"embeddable":true,"href":"https:\/\/www.cuballama.com\/noticias\/wp-json\/wp\/v2\/comments?post=218436"}],"version-history":[{"count":5,"href":"https:\/\/www.cuballama.com\/noticias\/wp-json\/wp\/v2\/posts\/218436\/revisions"}],"predecessor-version":[{"id":218443,"href":"https:\/\/www.cuballama.com\/noticias\/wp-json\/wp\/v2\/posts\/218436\/revisions\/218443"}],"wp:featuredmedia":[{"embeddable":true,"href":"https:\/\/www.cuballama.com\/noticias\/wp-json\/wp\/v2\/media\/218439"}],"wp:attachment":[{"href":"https:\/\/www.cuballama.com\/noticias\/wp-json\/wp\/v2\/media?parent=218436"}],"wp:term":[{"taxonomy":"category","embeddable":true,"href":"https:\/\/www.cuballama.com\/noticias\/wp-json\/wp\/v2\/categories?post=218436"},{"taxonomy":"post_tag","embeddable":true,"href":"https:\/\/www.cuballama.com\/noticias\/wp-json\/wp\/v2\/tags?post=218436"}],"curies":[{"name":"wp","href":"https:\/\/api.w.org\/{rel}","templated":true}]}}