{"id":218350,"date":"2025-09-07T08:39:47","date_gmt":"2025-09-07T12:39:47","guid":{"rendered":"https:\/\/www.cuballama.com\/noticias\/?p=218350"},"modified":"2025-09-07T08:39:49","modified_gmt":"2025-09-07T12:39:49","slug":"preocupa-el-costo-economico-y-social-de-las-politicas-migratorias-de-trump-trabajadores-turismo-y-un-pais-en-tension","status":"publish","type":"post","link":"https:\/\/www.cuballama.com\/noticias\/preocupa-el-costo-economico-y-social-de-las-politicas-migratorias-de-trump-trabajadores-turismo-y-un-pais-en-tension\/","title":{"rendered":"Preocupa el costo econ\u00f3mico y social de las pol\u00edticas migratorias de Trump. Trabajadores, turismo y un pa\u00eds en tensi\u00f3n"},"content":{"rendered":"\n<p>El regreso de Donald Trump a la Casa Blanca ha reconfigurado el debate migratorio en Estados Unidos, no solo en los pasillos del Congreso, sino tambi\u00e9n en la vida diaria de millones de personas. El endurecimiento de las redadas, los vetos de visado y el discurso oficial han colocado al pa\u00eds en un escenario donde la econom\u00eda y la pol\u00edtica chocan de frente. Las consecuencias empiezan a sentirse en los campos de cultivo, en las obras de construcci\u00f3n, en las cocinas de los restaurantes y hasta en los mostradores de los aeropuertos.<\/p>\n\n\n\n<p>En este contexto, la congresista cubanoamericana <strong>Mar\u00eda Elvira Salazar<\/strong> volvi\u00f3 a poner el dedo en la llaga durante el D\u00eda del Trabajo.<\/p>\n\n\n\n<p>La exfigura del periodismo y conocida por su defensa a los inmigrantes a pesar de ser una republicana de pura cepa, reconoci\u00f3 que los hispanos son los que \u201cnos dan de comer\u201d, invisibles pero indispensables en sectores como la agricultura y los servicios. <\/p>\n\n\n\n<figure class=\"wp-block-embed is-type-rich is-provider-twitter wp-block-embed-twitter\"><div class=\"wp-block-embed__wrapper\">\n<blockquote class=\"twitter-tweet\" data-width=\"550\" data-dnt=\"true\"><p lang=\"en\" dir=\"ltr\">Nearly 30% of America\u2019s farmworkers are Hispanic. Their labor fills our grocery stores and puts food on our tables.<br>This Labor Day, we salute the hands that harvest our crops and keep America fed, today and every day. <a href=\"https:\/\/t.co\/yJpGTcQvPW\">pic.twitter.com\/yJpGTcQvPW<\/a><\/p>&mdash; Mar\u00eda Elvira Salazar \ud83c\uddfa\ud83c\uddf8 (@MaElviraSalazar) <a href=\"https:\/\/twitter.com\/MaElviraSalazar\/status\/1962538849436926185?ref_src=twsrc%5Etfw\">September 1, 2025<\/a><\/blockquote><script async src=\"https:\/\/platform.twitter.com\/widgets.js\" charset=\"utf-8\"><\/script>\n<\/div><\/figure>\n\n\n\n<p><a href=\"https:\/\/x.com\/MaElviraSalazar\/status\/1962538849436926185\" target=\"_blank\" rel=\"noreferrer noopener\">Su llamado<\/a> no fue aislado: desde hace tiempo impulsa la llamada \u201cLey Dignidad\u201d, que busca ofrecer un camino de regularizaci\u00f3n a millones de indocumentados a cambio de responsabilidades fiscales y mayores controles fronterizos. Su voz representa una corriente minoritaria dentro del Partido Republicano, que intenta conciliar el reconocimiento a los trabajadores migrantes con la exigencia de orden y legalidad.<\/p>\n\n\n\n<figure class=\"wp-block-embed is-type-rich is-provider-twitter wp-block-embed-twitter\"><div class=\"wp-block-embed__wrapper\">\n<blockquote class=\"twitter-tweet\" data-width=\"550\" data-dnt=\"true\"><p lang=\"en\" dir=\"ltr\">On this Labor Day, we celebrate the Hispanic workers we rarely see but always depend on, in hospitality and healthcare.<br><br>To those who clean our hotel rooms, power our kitchens, and keep our country running: THANK YOU. You strengthen our communities, and we are deeply grateful. <a href=\"https:\/\/t.co\/u0e0JeLd5A\">pic.twitter.com\/u0e0JeLd5A<\/a><\/p>&mdash; Mar\u00eda Elvira Salazar \ud83c\uddfa\ud83c\uddf8 (@MaElviraSalazar) <a href=\"https:\/\/twitter.com\/MaElviraSalazar\/status\/1962583929677914324?ref_src=twsrc%5Etfw\">September 1, 2025<\/a><\/blockquote><script async src=\"https:\/\/platform.twitter.com\/widgets.js\" charset=\"utf-8\"><\/script>\n<\/div><\/figure>\n\n\n\n<p>Mientras tanto, los datos hablan por s\u00ed solos. <\/p>\n\n\n\n<p><a href=\"https:\/\/www.pewresearch.org\/short-reads\/2025\/08\/21\/key-findings-about-us-immigrants\/\" target=\"_blank\" rel=\"noreferrer noopener nofollow\">Seg\u00fan cifras del Pew Research Center<\/a>, <strong>m\u00e1s de un mill\u00f3n de inmigrantes han desaparecido de la fuerza laboral en lo que va de 2025<\/strong>. <\/p>\n\n\n\n<p>Las redadas del ICE, justificadas en nombre de la seguridad, han dejado cosechas sin recoger, proyectos de construcci\u00f3n paralizados y restaurantes incapaces de cubrir turnos, destaca la agencia <em><a href=\"https:\/\/apnews.com\/article\/labor-day-immigration-trump-9a40f9e371209cc1d145e4a7f157a499\" target=\"_blank\" rel=\"noreferrer noopener nofollow\">AP<\/a><\/em>.<\/p>\n\n\n\n<p>La paradoja es evidente: mientras el gobierno proclama que \u201clos empleos son ahora para los estadounidenses\u201d, empresarios en California, Texas y Nueva York denuncian p\u00e9rdidas millonarias por falta de mano de obra. El impacto alcanza incluso al sector de cuidados de salud, donde cerca de la mitad de los auxiliares son inmigrantes y cuya ausencia amenaza a miles de familias.<\/p>\n\n\n\n<p>El golpe no se queda en el mercado laboral. El <strong>turismo internacional<\/strong>, que durante d\u00e9cadas fue un motor de la econom\u00eda estadounidense, atraviesa su peor momento en a\u00f1os. Ciudades fronterizas como Buffalo y destinos ic\u00f3nicos como Las Vegas, Los \u00c1ngeles o Washington reportan una ca\u00edda significativa de visitantes extranjeros, seg\u00fan rese\u00f1a en otra nota la misma agencia <em><a href=\"https:\/\/apnews.com\/article\/international-travel-us-decline-trump-canada-fd1b3fc3225703ee3e521754a171ecfb\" target=\"_blank\" rel=\"noreferrer noopener nofollow\">AP<\/a><\/em>.<\/p>\n\n\n\n<p>Las restricciones de visado, la ret\u00f3rica hostil y la percepci\u00f3n de un pa\u00eds poco hospitalario han disuadido a millones de viajeros. Seg\u00fan la firma Tourism Economics, la llegada de turistas internacionales caer\u00e1 un 8,2% en 2025, con p\u00e9rdidas de hasta 23.000 millones de d\u00f3lares y m\u00e1s de 200.000 empleos en riesgo.<\/p>\n\n\n\n<p>No deja de ser curioso el mensaje elaborad\u00edsimo de la secretaria de Seguridad Nacional, Kristi Noem, que para contrarrestar los datos sobre escasez de mano de obra public\u00f3 en su cuenta de X una felicitaci\u00f3n por el D\u00eda del Trabajo cargada de cifras llamativas. En \u00e9l asegur\u00f3 que \u201cel 100 % de los nuevos empleos ha ido a ciudadanos estadounidenses\u201d y que \u201c2,5 millones de personas han vuelto a trabajar desde enero\u201d. Tambi\u00e9n a\u00f1adi\u00f3 que bajo Biden el 88 % de los nuevos puestos hab\u00eda beneficiado a trabajadores nacidos en el extranjero y que las reformas del DHS hab\u00edan ahorrado m\u00e1s de 13.200 millones de d\u00f3lares a los contribuyentes.<\/p>\n\n\n\n<figure class=\"wp-block-embed is-type-rich is-provider-twitter wp-block-embed-twitter\"><div class=\"wp-block-embed__wrapper\">\n<blockquote class=\"twitter-tweet\" data-width=\"550\" data-dnt=\"true\"><p lang=\"en\" dir=\"ltr\">This Labor Day, America works for Americans again. 100% of all new job gains have gone to U.S. citizens, and 2.5 million Americans are back at work since January. Under Biden, 88% of all jobs went to foreign born workers. Meanwhile DHS reforms have saved taxpayers over $13.2\u2026<\/p>&mdash; Secretary Kristi Noem (@Sec_Noem) <a href=\"https:\/\/twitter.com\/Sec_Noem\/status\/1962531588756918520?ref_src=twsrc%5Etfw\">September 1, 2025<\/a><\/blockquote><script async src=\"https:\/\/platform.twitter.com\/widgets.js\" charset=\"utf-8\"><\/script>\n<\/div><\/figure>\n\n\n\n<p>El problema es que, aunque el comunicado oficial del DHS respalda esas cifras y algunos an\u00e1lisis independientes confirman que en la primera mitad de 2025 el aumento neto de empleo s\u00ed favoreci\u00f3 a trabajadores nacidos en EE. UU., la realidad econ\u00f3mica muestra un cuadro mucho m\u00e1s complejo. El n\u00famero de empleos no refleja la productividad perdida ni los vac\u00edos que dejaron los inmigrantes en sectores esenciales. Y en cuanto al \u201cahorro\u201d de 13.200 millones, se trata de una estimaci\u00f3n elaborada por el propio departamento, sin auditor\u00eda externa que la valide. <\/p>\n\n\n\n<p>En otras palabras, la aritm\u00e9tica pol\u00edtica de Noem funciona bien en un tuit usando como fuente un comunicado del propio departamento que ella dirige, pero no explica por qu\u00e9 hay cosechas que se pierden en el campo, hoteles sin personal suficiente o ciudades tur\u00edsticas que reportan p\u00e9rdidas millonarias.<\/p>\n\n\n\n<p>Los efectos combinados, a tenor de lo que pueda decir ella, dibujan un panorama inquietante. Por un lado, la econom\u00eda se resiente en sectores que dependen de la mano de obra inmigrante. Por otro, la imagen del pa\u00eds como destino abierto y atractivo se erosiona en el escenario global. Entre tanto, voces como la de Salazar insisten en que no se puede seguir ignorando el aporte de quienes trabajan en silencio para sostener la vida cotidiana.<\/p>\n\n\n\n<p>El dilema de fondo trasciende la coyuntura: \u00bfc\u00f3mo conciliar la seguridad fronteriza con la necesidad econ\u00f3mica y humana de los inmigrantes? De la respuesta a esa pregunta depender\u00e1 no solo la pol\u00edtica migratoria de esta administraci\u00f3n, sino tambi\u00e9n el rumbo econ\u00f3mico de la naci\u00f3n en los pr\u00f3ximos a\u00f1os.<\/p>\n","protected":false},"excerpt":{"rendered":"<p>Los efectos combinados, a tenor de lo que pueda decir ella, dibujan un panorama inquietante. Por un lado, la econom\u00eda se resiente en sectores que dependen de la mano de obra inmigrante. Por otro, la imagen del pa\u00eds como destino abierto y atractivo se erosiona en el escenario global. Entre tanto, voces como la de Salazar insisten en que no se puede seguir ignorando el aporte de quienes trabajan en silencio para sostener la vida cotidiana.<\/p>\n","protected":false},"author":13,"featured_media":115046,"comment_status":"open","ping_status":"closed","sticky":false,"template":"","format":"standard","meta":{"_acf_changed":false,"footnotes":""},"categories":[11027,18,953],"tags":[4328,698,6153,700,24547,7142,108,23892,26785,11995,26788,24541,26786,26787],"class_list":{"0":"post-218350","1":"post","2":"type-post","3":"status-publish","4":"format-standard","5":"has-post-thumbnail","7":"category-economia","8":"category-noticias","9":"category-usa","10":"tag-agricultura","11":"tag-construccion","12":"tag-dhs","13":"tag-donald-trump","14":"tag-economia-estadounidense","15":"tag-fuerza-laboral","16":"tag-inmigracion","17":"tag-kristi-noem","18":"tag-ley-dignidad","19":"tag-maria-elvira-salazar-2","20":"tag-pew-research-center","22":"tag-trabajadores-hispanos","23":"tag-turismo-internacional"},"acf":[],"yoast_head":"<!-- This site is optimized with the Yoast SEO plugin v27.5 - https:\/\/yoast.com\/product\/yoast-seo-wordpress\/ -->\n<title>Preocupa el costo econ\u00f3mico y social de las pol\u00edticas migratorias de Trump. Trabajadores, turismo y un pa\u00eds en tensi\u00f3n - Cuballama Noticias<\/title>\n<meta name=\"description\" content=\"Conoce c\u00f3mo el trabajo de migrantes y econom\u00eda en Estados Unidos se ven afectados por la nueva administraci\u00f3n y sus decisiones.\" \/>\n<meta name=\"robots\" content=\"index, follow, max-snippet:-1, max-image-preview:large, max-video-preview:-1\" \/>\n<link rel=\"canonical\" href=\"https:\/\/www.cuballama.com\/noticias\/preocupa-el-costo-economico-y-social-de-las-politicas-migratorias-de-trump-trabajadores-turismo-y-un-pais-en-tension\/\" \/>\n<meta property=\"og:locale\" content=\"es_ES\" \/>\n<meta property=\"og:type\" content=\"article\" \/>\n<meta property=\"og:title\" content=\"Preocupa el costo econ\u00f3mico y social de las pol\u00edticas migratorias de Trump. Trabajadores, turismo y un pa\u00eds en tensi\u00f3n - Cuballama Noticias\" \/>\n<meta property=\"og:description\" content=\"Conoce c\u00f3mo el trabajo de migrantes y econom\u00eda en Estados Unidos se ven afectados por la nueva administraci\u00f3n y sus decisiones.\" \/>\n<meta property=\"og:url\" content=\"https:\/\/www.cuballama.com\/noticias\/preocupa-el-costo-economico-y-social-de-las-politicas-migratorias-de-trump-trabajadores-turismo-y-un-pais-en-tension\/\" \/>\n<meta property=\"og:site_name\" content=\"Cuballama Noticias\" \/>\n<meta property=\"article:publisher\" content=\"https:\/\/www.facebook.com\/CubaLlama\" \/>\n<meta property=\"article:published_time\" content=\"2025-09-07T12:39:47+00:00\" \/>\n<meta property=\"article:modified_time\" content=\"2025-09-07T12:39:49+00:00\" \/>\n<meta property=\"og:image\" content=\"https:\/\/cdn1.mediawpaccore.net\/wp-content\/uploads\/2023\/02\/13082908\/Inmigrantes.jpg\" \/>\n\t<meta property=\"og:image:width\" content=\"1024\" \/>\n\t<meta property=\"og:image:height\" content=\"683\" \/>\n\t<meta property=\"og:image:type\" content=\"image\/jpeg\" \/>\n<meta name=\"author\" content=\"Roberto A.\" \/>\n<meta name=\"twitter:card\" content=\"summary_large_image\" \/>\n<meta name=\"twitter:creator\" content=\"@cuballama\" \/>\n<meta name=\"twitter:site\" content=\"@cuballama\" \/>\n<meta name=\"twitter:label1\" content=\"Escrito por\" \/>\n\t<meta name=\"twitter:data1\" content=\"Roberto A.\" \/>\n\t<meta name=\"twitter:label2\" content=\"Tiempo de lectura\" \/>\n\t<meta name=\"twitter:data2\" content=\"4 minutos\" \/>\n<script type=\"application\/ld+json\" class=\"yoast-schema-graph\">{\"@context\":\"https:\\\/\\\/schema.org\",\"@graph\":[{\"@type\":\"Article\",\"@id\":\"https:\\\/\\\/www.cuballama.com\\\/noticias\\\/preocupa-el-costo-economico-y-social-de-las-politicas-migratorias-de-trump-trabajadores-turismo-y-un-pais-en-tension\\\/#article\",\"isPartOf\":{\"@id\":\"https:\\\/\\\/www.cuballama.com\\\/noticias\\\/preocupa-el-costo-economico-y-social-de-las-politicas-migratorias-de-trump-trabajadores-turismo-y-un-pais-en-tension\\\/\"},\"author\":{\"name\":\"Roberto A.\",\"@id\":\"https:\\\/\\\/www.cuballama.com\\\/noticias\\\/#\\\/schema\\\/person\\\/a58502ed4146c8e9f83872e897c76cd2\"},\"headline\":\"Preocupa el costo econ\u00f3mico y social de las pol\u00edticas migratorias de Trump. Trabajadores, turismo y un pa\u00eds en tensi\u00f3n\",\"datePublished\":\"2025-09-07T12:39:47+00:00\",\"dateModified\":\"2025-09-07T12:39:49+00:00\",\"mainEntityOfPage\":{\"@id\":\"https:\\\/\\\/www.cuballama.com\\\/noticias\\\/preocupa-el-costo-economico-y-social-de-las-politicas-migratorias-de-trump-trabajadores-turismo-y-un-pais-en-tension\\\/\"},\"wordCount\":901,\"commentCount\":0,\"publisher\":{\"@id\":\"https:\\\/\\\/www.cuballama.com\\\/noticias\\\/#organization\"},\"image\":{\"@id\":\"https:\\\/\\\/www.cuballama.com\\\/noticias\\\/preocupa-el-costo-economico-y-social-de-las-politicas-migratorias-de-trump-trabajadores-turismo-y-un-pais-en-tension\\\/#primaryimage\"},\"thumbnailUrl\":\"https:\\\/\\\/cdn1.mediawpaccore.net\\\/wp-content\\\/uploads\\\/2023\\\/02\\\/13082908\\\/Inmigrantes.jpg\",\"keywords\":[\"agricultura\",\"Construcci\u00f3n\",\"DHS\",\"Donald Trump\",\"econom\u00eda estadounidense\",\"fuerza laboral\",\"inmigraci\u00f3n\",\"Kristi Noem\",\"Ley Dignidad\",\"Mar\u00eda Elvira Salazar\",\"Pew Research Center\",\"redadas migratorias\",\"trabajadores hispanos\",\"turismo internacional\"],\"articleSection\":[\"Econom\u00eda\",\"Noticias\",\"USA\"],\"inLanguage\":\"es\",\"potentialAction\":[{\"@type\":\"CommentAction\",\"name\":\"Comment\",\"target\":[\"https:\\\/\\\/www.cuballama.com\\\/noticias\\\/preocupa-el-costo-economico-y-social-de-las-politicas-migratorias-de-trump-trabajadores-turismo-y-un-pais-en-tension\\\/#respond\"]}]},{\"@type\":\"WebPage\",\"@id\":\"https:\\\/\\\/www.cuballama.com\\\/noticias\\\/preocupa-el-costo-economico-y-social-de-las-politicas-migratorias-de-trump-trabajadores-turismo-y-un-pais-en-tension\\\/\",\"url\":\"https:\\\/\\\/www.cuballama.com\\\/noticias\\\/preocupa-el-costo-economico-y-social-de-las-politicas-migratorias-de-trump-trabajadores-turismo-y-un-pais-en-tension\\\/\",\"name\":\"Preocupa el costo econ\u00f3mico y social de las pol\u00edticas migratorias de Trump. Trabajadores, turismo y un pa\u00eds en tensi\u00f3n - Cuballama Noticias\",\"isPartOf\":{\"@id\":\"https:\\\/\\\/www.cuballama.com\\\/noticias\\\/#website\"},\"primaryImageOfPage\":{\"@id\":\"https:\\\/\\\/www.cuballama.com\\\/noticias\\\/preocupa-el-costo-economico-y-social-de-las-politicas-migratorias-de-trump-trabajadores-turismo-y-un-pais-en-tension\\\/#primaryimage\"},\"image\":{\"@id\":\"https:\\\/\\\/www.cuballama.com\\\/noticias\\\/preocupa-el-costo-economico-y-social-de-las-politicas-migratorias-de-trump-trabajadores-turismo-y-un-pais-en-tension\\\/#primaryimage\"},\"thumbnailUrl\":\"https:\\\/\\\/cdn1.mediawpaccore.net\\\/wp-content\\\/uploads\\\/2023\\\/02\\\/13082908\\\/Inmigrantes.jpg\",\"datePublished\":\"2025-09-07T12:39:47+00:00\",\"dateModified\":\"2025-09-07T12:39:49+00:00\",\"description\":\"Conoce c\u00f3mo el trabajo de migrantes y econom\u00eda en Estados Unidos se ven afectados por la nueva administraci\u00f3n y sus decisiones.\",\"breadcrumb\":{\"@id\":\"https:\\\/\\\/www.cuballama.com\\\/noticias\\\/preocupa-el-costo-economico-y-social-de-las-politicas-migratorias-de-trump-trabajadores-turismo-y-un-pais-en-tension\\\/#breadcrumb\"},\"inLanguage\":\"es\",\"potentialAction\":[{\"@type\":\"ReadAction\",\"target\":[\"https:\\\/\\\/www.cuballama.com\\\/noticias\\\/preocupa-el-costo-economico-y-social-de-las-politicas-migratorias-de-trump-trabajadores-turismo-y-un-pais-en-tension\\\/\"]}]},{\"@type\":\"ImageObject\",\"inLanguage\":\"es\",\"@id\":\"https:\\\/\\\/www.cuballama.com\\\/noticias\\\/preocupa-el-costo-economico-y-social-de-las-politicas-migratorias-de-trump-trabajadores-turismo-y-un-pais-en-tension\\\/#primaryimage\",\"url\":\"https:\\\/\\\/cdn1.mediawpaccore.net\\\/wp-content\\\/uploads\\\/2023\\\/02\\\/13082908\\\/Inmigrantes.jpg\",\"contentUrl\":\"https:\\\/\\\/cdn1.mediawpaccore.net\\\/wp-content\\\/uploads\\\/2023\\\/02\\\/13082908\\\/Inmigrantes.jpg\",\"width\":1024,\"height\":683,\"caption\":\"Foto: https:\\\/\\\/www.flickr.com\\\/photos\\\/usdagov\\\/\"},{\"@type\":\"BreadcrumbList\",\"@id\":\"https:\\\/\\\/www.cuballama.com\\\/noticias\\\/preocupa-el-costo-economico-y-social-de-las-politicas-migratorias-de-trump-trabajadores-turismo-y-un-pais-en-tension\\\/#breadcrumb\",\"itemListElement\":[{\"@type\":\"ListItem\",\"position\":1,\"name\":\"Home\",\"item\":\"https:\\\/\\\/www.cuballama.com\\\/noticias\\\/\"},{\"@type\":\"ListItem\",\"position\":2,\"name\":\"Preocupa el costo econ\u00f3mico y social de las pol\u00edticas migratorias de Trump. Trabajadores, turismo y un pa\u00eds en tensi\u00f3n\"}]},{\"@type\":\"WebSite\",\"@id\":\"https:\\\/\\\/www.cuballama.com\\\/noticias\\\/#website\",\"url\":\"https:\\\/\\\/www.cuballama.com\\\/noticias\\\/\",\"name\":\"Cuballama Noticias\",\"description\":\"Medio digital sobre Cuba y el mundo\",\"publisher\":{\"@id\":\"https:\\\/\\\/www.cuballama.com\\\/noticias\\\/#organization\"},\"potentialAction\":[{\"@type\":\"SearchAction\",\"target\":{\"@type\":\"EntryPoint\",\"urlTemplate\":\"https:\\\/\\\/www.cuballama.com\\\/noticias\\\/?s={search_term_string}\"},\"query-input\":{\"@type\":\"PropertyValueSpecification\",\"valueRequired\":true,\"valueName\":\"search_term_string\"}}],\"inLanguage\":\"es\"},{\"@type\":\"Organization\",\"@id\":\"https:\\\/\\\/www.cuballama.com\\\/noticias\\\/#organization\",\"name\":\"Cuballama\",\"url\":\"https:\\\/\\\/www.cuballama.com\\\/noticias\\\/\",\"logo\":{\"@type\":\"ImageObject\",\"inLanguage\":\"es\",\"@id\":\"https:\\\/\\\/www.cuballama.com\\\/noticias\\\/#\\\/schema\\\/logo\\\/image\\\/\",\"url\":\"https:\\\/\\\/cdn1.mediawpaccore.net\\\/wp-content\\\/uploads\\\/2021\\\/12\\\/28171206\\\/cbll-logo-color-sm.png\",\"contentUrl\":\"https:\\\/\\\/cdn1.mediawpaccore.net\\\/wp-content\\\/uploads\\\/2021\\\/12\\\/28171206\\\/cbll-logo-color-sm.png\",\"width\":600,\"height\":133,\"caption\":\"Cuballama\"},\"image\":{\"@id\":\"https:\\\/\\\/www.cuballama.com\\\/noticias\\\/#\\\/schema\\\/logo\\\/image\\\/\"},\"sameAs\":[\"https:\\\/\\\/www.facebook.com\\\/CubaLlama\",\"https:\\\/\\\/x.com\\\/cuballama\",\"https:\\\/\\\/www.instagram.com\\\/stories\\\/cuballama_oficial\\\/\",\"https:\\\/\\\/www.youtube.com\\\/channel\\\/UCKkFE-d_axENGZcrc4as0IA\"]},{\"@type\":\"Person\",\"@id\":\"https:\\\/\\\/www.cuballama.com\\\/noticias\\\/#\\\/schema\\\/person\\\/a58502ed4146c8e9f83872e897c76cd2\",\"name\":\"Roberto A.\",\"description\":\"Roberto A. Periodista por decisi\u00f3n propia. Interesado en cualquier tema que me apasione y cada vez m\u00e1s comprometido con la verdad y la objetividad period\u00edstica. Graduado en La Habana hace ya muchos a\u00f1os, luego de una accidentada y polvorienta b\u00fasqueda de informaci\u00f3n sobre un tema in\u00e9dito. La Tesis, por cierto, desapareci\u00f3 de la biblioteca y no se conservan copias de la misma.\",\"url\":\"https:\\\/\\\/www.cuballama.com\\\/noticias\\\/author\\\/roberto\\\/\"}]}<\/script>\n<!-- \/ Yoast SEO plugin. -->","yoast_head_json":{"title":"Preocupa el costo econ\u00f3mico y social de las pol\u00edticas migratorias de Trump. Trabajadores, turismo y un pa\u00eds en tensi\u00f3n - Cuballama Noticias","description":"Conoce c\u00f3mo el trabajo de migrantes y econom\u00eda en Estados Unidos se ven afectados por la nueva administraci\u00f3n y sus decisiones.","robots":{"index":"index","follow":"follow","max-snippet":"max-snippet:-1","max-image-preview":"max-image-preview:large","max-video-preview":"max-video-preview:-1"},"canonical":"https:\/\/www.cuballama.com\/noticias\/preocupa-el-costo-economico-y-social-de-las-politicas-migratorias-de-trump-trabajadores-turismo-y-un-pais-en-tension\/","og_locale":"es_ES","og_type":"article","og_title":"Preocupa el costo econ\u00f3mico y social de las pol\u00edticas migratorias de Trump. Trabajadores, turismo y un pa\u00eds en tensi\u00f3n - Cuballama Noticias","og_description":"Conoce c\u00f3mo el trabajo de migrantes y econom\u00eda en Estados Unidos se ven afectados por la nueva administraci\u00f3n y sus decisiones.","og_url":"https:\/\/www.cuballama.com\/noticias\/preocupa-el-costo-economico-y-social-de-las-politicas-migratorias-de-trump-trabajadores-turismo-y-un-pais-en-tension\/","og_site_name":"Cuballama Noticias","article_publisher":"https:\/\/www.facebook.com\/CubaLlama","article_published_time":"2025-09-07T12:39:47+00:00","article_modified_time":"2025-09-07T12:39:49+00:00","og_image":[{"width":1024,"height":683,"url":"https:\/\/cdn1.mediawpaccore.net\/wp-content\/uploads\/2023\/02\/13082908\/Inmigrantes.jpg","type":"image\/jpeg"}],"author":"Roberto A.","twitter_card":"summary_large_image","twitter_creator":"@cuballama","twitter_site":"@cuballama","twitter_misc":{"Escrito por":"Roberto A.","Tiempo de lectura":"4 minutos"},"schema":{"@context":"https:\/\/schema.org","@graph":[{"@type":"Article","@id":"https:\/\/www.cuballama.com\/noticias\/preocupa-el-costo-economico-y-social-de-las-politicas-migratorias-de-trump-trabajadores-turismo-y-un-pais-en-tension\/#article","isPartOf":{"@id":"https:\/\/www.cuballama.com\/noticias\/preocupa-el-costo-economico-y-social-de-las-politicas-migratorias-de-trump-trabajadores-turismo-y-un-pais-en-tension\/"},"author":{"name":"Roberto A.","@id":"https:\/\/www.cuballama.com\/noticias\/#\/schema\/person\/a58502ed4146c8e9f83872e897c76cd2"},"headline":"Preocupa el costo econ\u00f3mico y social de las pol\u00edticas migratorias de Trump. Trabajadores, turismo y un pa\u00eds en tensi\u00f3n","datePublished":"2025-09-07T12:39:47+00:00","dateModified":"2025-09-07T12:39:49+00:00","mainEntityOfPage":{"@id":"https:\/\/www.cuballama.com\/noticias\/preocupa-el-costo-economico-y-social-de-las-politicas-migratorias-de-trump-trabajadores-turismo-y-un-pais-en-tension\/"},"wordCount":901,"commentCount":0,"publisher":{"@id":"https:\/\/www.cuballama.com\/noticias\/#organization"},"image":{"@id":"https:\/\/www.cuballama.com\/noticias\/preocupa-el-costo-economico-y-social-de-las-politicas-migratorias-de-trump-trabajadores-turismo-y-un-pais-en-tension\/#primaryimage"},"thumbnailUrl":"https:\/\/cdn1.mediawpaccore.net\/wp-content\/uploads\/2023\/02\/13082908\/Inmigrantes.jpg","keywords":["agricultura","Construcci\u00f3n","DHS","Donald Trump","econom\u00eda estadounidense","fuerza laboral","inmigraci\u00f3n","Kristi Noem","Ley Dignidad","Mar\u00eda Elvira Salazar","Pew Research Center","redadas migratorias","trabajadores hispanos","turismo internacional"],"articleSection":["Econom\u00eda","Noticias","USA"],"inLanguage":"es","potentialAction":[{"@type":"CommentAction","name":"Comment","target":["https:\/\/www.cuballama.com\/noticias\/preocupa-el-costo-economico-y-social-de-las-politicas-migratorias-de-trump-trabajadores-turismo-y-un-pais-en-tension\/#respond"]}]},{"@type":"WebPage","@id":"https:\/\/www.cuballama.com\/noticias\/preocupa-el-costo-economico-y-social-de-las-politicas-migratorias-de-trump-trabajadores-turismo-y-un-pais-en-tension\/","url":"https:\/\/www.cuballama.com\/noticias\/preocupa-el-costo-economico-y-social-de-las-politicas-migratorias-de-trump-trabajadores-turismo-y-un-pais-en-tension\/","name":"Preocupa el costo econ\u00f3mico y social de las pol\u00edticas migratorias de Trump. Trabajadores, turismo y un pa\u00eds en tensi\u00f3n - Cuballama Noticias","isPartOf":{"@id":"https:\/\/www.cuballama.com\/noticias\/#website"},"primaryImageOfPage":{"@id":"https:\/\/www.cuballama.com\/noticias\/preocupa-el-costo-economico-y-social-de-las-politicas-migratorias-de-trump-trabajadores-turismo-y-un-pais-en-tension\/#primaryimage"},"image":{"@id":"https:\/\/www.cuballama.com\/noticias\/preocupa-el-costo-economico-y-social-de-las-politicas-migratorias-de-trump-trabajadores-turismo-y-un-pais-en-tension\/#primaryimage"},"thumbnailUrl":"https:\/\/cdn1.mediawpaccore.net\/wp-content\/uploads\/2023\/02\/13082908\/Inmigrantes.jpg","datePublished":"2025-09-07T12:39:47+00:00","dateModified":"2025-09-07T12:39:49+00:00","description":"Conoce c\u00f3mo el trabajo de migrantes y econom\u00eda en Estados Unidos se ven afectados por la nueva administraci\u00f3n y sus decisiones.","breadcrumb":{"@id":"https:\/\/www.cuballama.com\/noticias\/preocupa-el-costo-economico-y-social-de-las-politicas-migratorias-de-trump-trabajadores-turismo-y-un-pais-en-tension\/#breadcrumb"},"inLanguage":"es","potentialAction":[{"@type":"ReadAction","target":["https:\/\/www.cuballama.com\/noticias\/preocupa-el-costo-economico-y-social-de-las-politicas-migratorias-de-trump-trabajadores-turismo-y-un-pais-en-tension\/"]}]},{"@type":"ImageObject","inLanguage":"es","@id":"https:\/\/www.cuballama.com\/noticias\/preocupa-el-costo-economico-y-social-de-las-politicas-migratorias-de-trump-trabajadores-turismo-y-un-pais-en-tension\/#primaryimage","url":"https:\/\/cdn1.mediawpaccore.net\/wp-content\/uploads\/2023\/02\/13082908\/Inmigrantes.jpg","contentUrl":"https:\/\/cdn1.mediawpaccore.net\/wp-content\/uploads\/2023\/02\/13082908\/Inmigrantes.jpg","width":1024,"height":683,"caption":"Foto: https:\/\/www.flickr.com\/photos\/usdagov\/"},{"@type":"BreadcrumbList","@id":"https:\/\/www.cuballama.com\/noticias\/preocupa-el-costo-economico-y-social-de-las-politicas-migratorias-de-trump-trabajadores-turismo-y-un-pais-en-tension\/#breadcrumb","itemListElement":[{"@type":"ListItem","position":1,"name":"Home","item":"https:\/\/www.cuballama.com\/noticias\/"},{"@type":"ListItem","position":2,"name":"Preocupa el costo econ\u00f3mico y social de las pol\u00edticas migratorias de Trump. Trabajadores, turismo y un pa\u00eds en tensi\u00f3n"}]},{"@type":"WebSite","@id":"https:\/\/www.cuballama.com\/noticias\/#website","url":"https:\/\/www.cuballama.com\/noticias\/","name":"Cuballama Noticias","description":"Medio digital sobre Cuba y el mundo","publisher":{"@id":"https:\/\/www.cuballama.com\/noticias\/#organization"},"potentialAction":[{"@type":"SearchAction","target":{"@type":"EntryPoint","urlTemplate":"https:\/\/www.cuballama.com\/noticias\/?s={search_term_string}"},"query-input":{"@type":"PropertyValueSpecification","valueRequired":true,"valueName":"search_term_string"}}],"inLanguage":"es"},{"@type":"Organization","@id":"https:\/\/www.cuballama.com\/noticias\/#organization","name":"Cuballama","url":"https:\/\/www.cuballama.com\/noticias\/","logo":{"@type":"ImageObject","inLanguage":"es","@id":"https:\/\/www.cuballama.com\/noticias\/#\/schema\/logo\/image\/","url":"https:\/\/cdn1.mediawpaccore.net\/wp-content\/uploads\/2021\/12\/28171206\/cbll-logo-color-sm.png","contentUrl":"https:\/\/cdn1.mediawpaccore.net\/wp-content\/uploads\/2021\/12\/28171206\/cbll-logo-color-sm.png","width":600,"height":133,"caption":"Cuballama"},"image":{"@id":"https:\/\/www.cuballama.com\/noticias\/#\/schema\/logo\/image\/"},"sameAs":["https:\/\/www.facebook.com\/CubaLlama","https:\/\/x.com\/cuballama","https:\/\/www.instagram.com\/stories\/cuballama_oficial\/","https:\/\/www.youtube.com\/channel\/UCKkFE-d_axENGZcrc4as0IA"]},{"@type":"Person","@id":"https:\/\/www.cuballama.com\/noticias\/#\/schema\/person\/a58502ed4146c8e9f83872e897c76cd2","name":"Roberto A.","description":"Roberto A. Periodista por decisi\u00f3n propia. Interesado en cualquier tema que me apasione y cada vez m\u00e1s comprometido con la verdad y la objetividad period\u00edstica. Graduado en La Habana hace ya muchos a\u00f1os, luego de una accidentada y polvorienta b\u00fasqueda de informaci\u00f3n sobre un tema in\u00e9dito. La Tesis, por cierto, desapareci\u00f3 de la biblioteca y no se conservan copias de la misma.","url":"https:\/\/www.cuballama.com\/noticias\/author\/roberto\/"}]}},"_links":{"self":[{"href":"https:\/\/www.cuballama.com\/noticias\/wp-json\/wp\/v2\/posts\/218350","targetHints":{"allow":["GET"]}}],"collection":[{"href":"https:\/\/www.cuballama.com\/noticias\/wp-json\/wp\/v2\/posts"}],"about":[{"href":"https:\/\/www.cuballama.com\/noticias\/wp-json\/wp\/v2\/types\/post"}],"author":[{"embeddable":true,"href":"https:\/\/www.cuballama.com\/noticias\/wp-json\/wp\/v2\/users\/13"}],"replies":[{"embeddable":true,"href":"https:\/\/www.cuballama.com\/noticias\/wp-json\/wp\/v2\/comments?post=218350"}],"version-history":[{"count":1,"href":"https:\/\/www.cuballama.com\/noticias\/wp-json\/wp\/v2\/posts\/218350\/revisions"}],"predecessor-version":[{"id":218351,"href":"https:\/\/www.cuballama.com\/noticias\/wp-json\/wp\/v2\/posts\/218350\/revisions\/218351"}],"wp:featuredmedia":[{"embeddable":true,"href":"https:\/\/www.cuballama.com\/noticias\/wp-json\/wp\/v2\/media\/115046"}],"wp:attachment":[{"href":"https:\/\/www.cuballama.com\/noticias\/wp-json\/wp\/v2\/media?parent=218350"}],"wp:term":[{"taxonomy":"category","embeddable":true,"href":"https:\/\/www.cuballama.com\/noticias\/wp-json\/wp\/v2\/categories?post=218350"},{"taxonomy":"post_tag","embeddable":true,"href":"https:\/\/www.cuballama.com\/noticias\/wp-json\/wp\/v2\/tags?post=218350"}],"curies":[{"name":"wp","href":"https:\/\/api.w.org\/{rel}","templated":true}]}}