{"id":218295,"date":"2025-09-02T06:49:29","date_gmt":"2025-09-02T10:49:29","guid":{"rendered":"https:\/\/www.cuballama.com\/noticias\/?p=218295"},"modified":"2025-09-02T06:49:31","modified_gmt":"2025-09-02T10:49:31","slug":"hallel-genesis-habla-de-su-vinculo-con-yomil-por-primera-vez-yo-con-roberto-tengo-una-relacion-super-bonita","status":"publish","type":"post","link":"https:\/\/www.cuballama.com\/noticias\/hallel-genesis-habla-de-su-vinculo-con-yomil-por-primera-vez-yo-con-roberto-tengo-una-relacion-super-bonita\/","title":{"rendered":"Hallel G\u00e9nesis habla de su v\u00ednculo con Yomil por primera vez: \u201cYo con Roberto tengo una relaci\u00f3n s\u00faper bonita\u201d"},"content":{"rendered":"\n<p>La escena urbana cubana lleva meses girando en torno a un rumor: la supuesta relaci\u00f3n amorosa entre la cantante Hallel G\u00e9nesis y el reguetonero Yomil. La artista, que reside en Miami y alcanz\u00f3 gran notoriedad este a\u00f1o tras su medi\u00e1tica relaci\u00f3n con el rapero estadounidense Tekashi 6ix9ine, decidi\u00f3 aclarar las especulaciones durante una entrevista concedida al canal de YouTube El Clave P\u00f3dcast.<\/p>\n\n\n\n<p>\u201cYo creo que ya yo le puedo decir Roberto, porque \u00e9l y yo tenemos una amistad s\u00faper bonita\u201d, expres\u00f3 entre risas c\u00f3mplices, aludiendo al nombre real del reguetonero, Roberto Hidalgo Puentes. \u201cEs 100% una amistad, de hecho, somos colegas del g\u00e9nero, pero yo con Roberto tengo una relaci\u00f3n s\u00faper bonita\u201d, reiter\u00f3 la joven int\u00e9rprete, subrayando que no existe romance entre ambos.<\/p>\n\n\n\n<p>La aclaraci\u00f3n llega luego de meses en que seguidores y p\u00e1ginas de far\u00e1ndula han alimentado la teor\u00eda de un noviazgo secreto. El contexto tambi\u00e9n daba pie a conjeturas: Yomil anunci\u00f3 recientemente el fin de su relaci\u00f3n con la influencer Daniela Reyes, quien se mud\u00f3 a Miami mientras su entonces novio recib\u00eda su tercera negativa de visado en el consulado estadounidense. Yomil permaneci\u00f3 en La Habana, lo que intensific\u00f3 la atenci\u00f3n sobre cualquier v\u00ednculo sentimental en su vida personal.<\/p>\n\n\n\n<p><strong>Lea m\u00e1s: <a href=\"https:\/\/www.cuballama.com\/noticias\/hallel-genesis-regresa-a-cuba-para-cantar-con-yomil-lo-que-pasa-en-varadero-se-queda-en-varadero\/\" target=\"_blank\" rel=\"noreferrer noopener\">Hallel G\u00e9nesis regresa a Cuba para cantar con Yomil: \u201cLo que pasa en Varadero se queda en Varadero\u201d<\/a><\/strong><\/p>\n\n\n\n<p>Durante la conversaci\u00f3n en El Clave P\u00f3dcast, Hallel relat\u00f3 c\u00f3mo surgi\u00f3 la colaboraci\u00f3n art\u00edstica con Yomil y aprovech\u00f3 para resaltar su disciplina profesional. \u201cLe agradezco mucho, porque en cuanto yo le dije de hacer un tema con \u00e9l. \u00c9l, sin pensarlo, me dijo \u2018Dale\u2019. De una se dio, nunca hubo un no. Al momento me respondi\u00f3. Roberto es super disciplinado\u201d, coment\u00f3.<\/p>\n\n\n\n<blockquote class=\"instagram-media\" data-instgrm-captioned data-instgrm-permalink=\"https:\/\/www.instagram.com\/reel\/DNs_rcK2mcI\/?utm_source=ig_embed&amp;utm_campaign=loading\" data-instgrm-version=\"14\" style=\" background:#FFF; border:0; border-radius:3px; box-shadow:0 0 1px 0 rgba(0,0,0,0.5),0 1px 10px 0 rgba(0,0,0,0.15); margin: 1px; max-width:540px; min-width:326px; padding:0; width:99.375%; width:-webkit-calc(100% - 2px); width:calc(100% - 2px);\"><div style=\"padding:16px;\"> <a href=\"https:\/\/www.instagram.com\/reel\/DNs_rcK2mcI\/?utm_source=ig_embed&amp;utm_campaign=loading\" style=\" background:#FFFFFF; line-height:0; padding:0 0; text-align:center; text-decoration:none; width:100%;\" target=\"_blank\"> <div style=\" display: flex; flex-direction: row; align-items: center;\"> <div style=\"background-color: #F4F4F4; border-radius: 50%; flex-grow: 0; height: 40px; margin-right: 14px; width: 40px;\"><\/div> <div style=\"display: flex; flex-direction: column; flex-grow: 1; justify-content: center;\"> <div style=\" background-color: #F4F4F4; border-radius: 4px; flex-grow: 0; height: 14px; margin-bottom: 6px; width: 100px;\"><\/div> <div style=\" background-color: #F4F4F4; border-radius: 4px; flex-grow: 0; height: 14px; width: 60px;\"><\/div><\/div><\/div><div style=\"padding: 19% 0;\"><\/div> <div style=\"display:block; height:50px; margin:0 auto 12px; width:50px;\"><svg width=\"50px\" height=\"50px\" viewBox=\"0 0 60 60\" version=\"1.1\" xmlns=\"https:\/\/www.w3.org\/2000\/svg\" xmlns:xlink=\"https:\/\/www.w3.org\/1999\/xlink\"><g stroke=\"none\" stroke-width=\"1\" fill=\"none\" fill-rule=\"evenodd\"><g transform=\"translate(-511.000000, -20.000000)\" fill=\"#000000\"><g><path d=\"M556.869,30.41 C554.814,30.41 553.148,32.076 553.148,34.131 C553.148,36.186 554.814,37.852 556.869,37.852 C558.924,37.852 560.59,36.186 560.59,34.131 C560.59,32.076 558.924,30.41 556.869,30.41 M541,60.657 C535.114,60.657 530.342,55.887 530.342,50 C530.342,44.114 535.114,39.342 541,39.342 C546.887,39.342 551.658,44.114 551.658,50 C551.658,55.887 546.887,60.657 541,60.657 M541,33.886 C532.1,33.886 524.886,41.1 524.886,50 C524.886,58.899 532.1,66.113 541,66.113 C549.9,66.113 557.115,58.899 557.115,50 C557.115,41.1 549.9,33.886 541,33.886 M565.378,62.101 C565.244,65.022 564.756,66.606 564.346,67.663 C563.803,69.06 563.154,70.057 562.106,71.106 C561.058,72.155 560.06,72.803 558.662,73.347 C557.607,73.757 556.021,74.244 553.102,74.378 C549.944,74.521 548.997,74.552 541,74.552 C533.003,74.552 532.056,74.521 528.898,74.378 C525.979,74.244 524.393,73.757 523.338,73.347 C521.94,72.803 520.942,72.155 519.894,71.106 C518.846,70.057 518.197,69.06 517.654,67.663 C517.244,66.606 516.755,65.022 516.623,62.101 C516.479,58.943 516.448,57.996 516.448,50 C516.448,42.003 516.479,41.056 516.623,37.899 C516.755,34.978 517.244,33.391 517.654,32.338 C518.197,30.938 518.846,29.942 519.894,28.894 C520.942,27.846 521.94,27.196 523.338,26.654 C524.393,26.244 525.979,25.756 528.898,25.623 C532.057,25.479 533.004,25.448 541,25.448 C548.997,25.448 549.943,25.479 553.102,25.623 C556.021,25.756 557.607,26.244 558.662,26.654 C560.06,27.196 561.058,27.846 562.106,28.894 C563.154,29.942 563.803,30.938 564.346,32.338 C564.756,33.391 565.244,34.978 565.378,37.899 C565.522,41.056 565.552,42.003 565.552,50 C565.552,57.996 565.522,58.943 565.378,62.101 M570.82,37.631 C570.674,34.438 570.167,32.258 569.425,30.349 C568.659,28.377 567.633,26.702 565.965,25.035 C564.297,23.368 562.623,22.342 560.652,21.575 C558.743,20.834 556.562,20.326 553.369,20.18 C550.169,20.033 549.148,20 541,20 C532.853,20 531.831,20.033 528.631,20.18 C525.438,20.326 523.257,20.834 521.349,21.575 C519.376,22.342 517.703,23.368 516.035,25.035 C514.368,26.702 513.342,28.377 512.574,30.349 C511.834,32.258 511.326,34.438 511.181,37.631 C511.035,40.831 511,41.851 511,50 C511,58.147 511.035,59.17 511.181,62.369 C511.326,65.562 511.834,67.743 512.574,69.651 C513.342,71.625 514.368,73.296 516.035,74.965 C517.703,76.634 519.376,77.658 521.349,78.425 C523.257,79.167 525.438,79.673 528.631,79.82 C531.831,79.965 532.853,80.001 541,80.001 C549.148,80.001 550.169,79.965 553.369,79.82 C556.562,79.673 558.743,79.167 560.652,78.425 C562.623,77.658 564.297,76.634 565.965,74.965 C567.633,73.296 568.659,71.625 569.425,69.651 C570.167,67.743 570.674,65.562 570.82,62.369 C570.966,59.17 571,58.147 571,50 C571,41.851 570.966,40.831 570.82,37.631\"><\/path><\/g><\/g><\/g><\/svg><\/div><div style=\"padding-top: 8px;\"> <div style=\" color:#3897f0; font-family:Arial,sans-serif; font-size:14px; font-style:normal; font-weight:550; line-height:18px;\">Ver esta publicaci\u00f3n en Instagram<\/div><\/div><div style=\"padding: 12.5% 0;\"><\/div> <div style=\"display: flex; flex-direction: row; margin-bottom: 14px; align-items: center;\"><div> <div style=\"background-color: #F4F4F4; border-radius: 50%; height: 12.5px; width: 12.5px; transform: translateX(0px) translateY(7px);\"><\/div> <div style=\"background-color: #F4F4F4; height: 12.5px; transform: rotate(-45deg) translateX(3px) translateY(1px); width: 12.5px; flex-grow: 0; margin-right: 14px; margin-left: 2px;\"><\/div> <div style=\"background-color: #F4F4F4; border-radius: 50%; height: 12.5px; width: 12.5px; transform: translateX(9px) translateY(-18px);\"><\/div><\/div><div style=\"margin-left: 8px;\"> <div style=\" background-color: #F4F4F4; border-radius: 50%; flex-grow: 0; height: 20px; width: 20px;\"><\/div> <div style=\" width: 0; height: 0; border-top: 2px solid transparent; border-left: 6px solid #f4f4f4; border-bottom: 2px solid transparent; transform: translateX(16px) translateY(-4px) rotate(30deg)\"><\/div><\/div><div style=\"margin-left: auto;\"> <div style=\" width: 0px; border-top: 8px solid #F4F4F4; border-right: 8px solid transparent; transform: translateY(16px);\"><\/div> <div style=\" background-color: #F4F4F4; flex-grow: 0; height: 12px; width: 16px; transform: translateY(-4px);\"><\/div> <div style=\" width: 0; height: 0; border-top: 8px solid #F4F4F4; border-left: 8px solid transparent; transform: translateY(-4px) translateX(8px);\"><\/div><\/div><\/div> <div style=\"display: flex; flex-direction: column; flex-grow: 1; justify-content: center; margin-bottom: 24px;\"> <div style=\" background-color: #F4F4F4; border-radius: 4px; flex-grow: 0; height: 14px; margin-bottom: 6px; width: 224px;\"><\/div> <div style=\" background-color: #F4F4F4; border-radius: 4px; flex-grow: 0; height: 14px; width: 144px;\"><\/div><\/div><\/a><p style=\" color:#c9c8cd; font-family:Arial,sans-serif; font-size:14px; line-height:17px; margin-bottom:0; margin-top:8px; overflow:hidden; padding:8px 0 7px; text-align:center; text-overflow:ellipsis; white-space:nowrap;\"><a href=\"https:\/\/www.instagram.com\/reel\/DNs_rcK2mcI\/?utm_source=ig_embed&amp;utm_campaign=loading\" style=\" color:#c9c8cd; font-family:Arial,sans-serif; font-size:14px; font-style:normal; font-weight:normal; line-height:17px; text-decoration:none;\" target=\"_blank\">Una publicaci\u00f3n compartida de Hallel Genesis (@hallelgenesis)<\/a><\/p><\/div><\/blockquote>\n<script async src=\"\/\/www.instagram.com\/embed.js\"><\/script>\n\n\n\n<p>La cantante record\u00f3 adem\u00e1s que ha viajado en varias ocasiones a Cuba para grabar y presentarse junto a \u00e9l, encuentros que en redes sociales se interpretaron como pruebas de una cercan\u00eda sentimental.<\/p>\n\n\n\n<p>El presentador del programa fue directo al grano y le pregunt\u00f3 por la supuesta relaci\u00f3n. La respuesta no dej\u00f3 lugar a dudas. \u201cNo, para nada, tenemos una amistad, una relaci\u00f3n s\u00faper bonita\u201d, repiti\u00f3 Hallel G\u00e9nesis, sorprendida de c\u00f3mo un v\u00ednculo profesional y de amistad termin\u00f3 convertido en carne de especulaci\u00f3n. \u201cNo s\u00e9 por qu\u00e9 raz\u00f3n la gente empez\u00f3 a decir eso\u201d, a\u00f1adi\u00f3.<\/p>\n\n\n\n<blockquote class=\"instagram-media\" data-instgrm-captioned data-instgrm-permalink=\"https:\/\/www.instagram.com\/p\/DM8k2CZJeSK\/?utm_source=ig_embed&amp;utm_campaign=loading\" data-instgrm-version=\"14\" style=\" background:#FFF; border:0; border-radius:3px; box-shadow:0 0 1px 0 rgba(0,0,0,0.5),0 1px 10px 0 rgba(0,0,0,0.15); margin: 1px; max-width:540px; min-width:326px; padding:0; width:99.375%; width:-webkit-calc(100% - 2px); width:calc(100% - 2px);\"><div style=\"padding:16px;\"> <a href=\"https:\/\/www.instagram.com\/p\/DM8k2CZJeSK\/?utm_source=ig_embed&amp;utm_campaign=loading\" style=\" background:#FFFFFF; line-height:0; padding:0 0; text-align:center; text-decoration:none; width:100%;\" target=\"_blank\"> <div style=\" display: flex; flex-direction: row; align-items: center;\"> <div style=\"background-color: #F4F4F4; border-radius: 50%; flex-grow: 0; height: 40px; margin-right: 14px; width: 40px;\"><\/div> <div style=\"display: flex; flex-direction: column; flex-grow: 1; justify-content: center;\"> <div style=\" background-color: #F4F4F4; border-radius: 4px; flex-grow: 0; height: 14px; margin-bottom: 6px; width: 100px;\"><\/div> <div style=\" background-color: #F4F4F4; border-radius: 4px; flex-grow: 0; height: 14px; width: 60px;\"><\/div><\/div><\/div><div style=\"padding: 19% 0;\"><\/div> <div style=\"display:block; height:50px; margin:0 auto 12px; width:50px;\"><svg width=\"50px\" height=\"50px\" viewBox=\"0 0 60 60\" version=\"1.1\" xmlns=\"https:\/\/www.w3.org\/2000\/svg\" xmlns:xlink=\"https:\/\/www.w3.org\/1999\/xlink\"><g stroke=\"none\" stroke-width=\"1\" fill=\"none\" fill-rule=\"evenodd\"><g transform=\"translate(-511.000000, -20.000000)\" fill=\"#000000\"><g><path d=\"M556.869,30.41 C554.814,30.41 553.148,32.076 553.148,34.131 C553.148,36.186 554.814,37.852 556.869,37.852 C558.924,37.852 560.59,36.186 560.59,34.131 C560.59,32.076 558.924,30.41 556.869,30.41 M541,60.657 C535.114,60.657 530.342,55.887 530.342,50 C530.342,44.114 535.114,39.342 541,39.342 C546.887,39.342 551.658,44.114 551.658,50 C551.658,55.887 546.887,60.657 541,60.657 M541,33.886 C532.1,33.886 524.886,41.1 524.886,50 C524.886,58.899 532.1,66.113 541,66.113 C549.9,66.113 557.115,58.899 557.115,50 C557.115,41.1 549.9,33.886 541,33.886 M565.378,62.101 C565.244,65.022 564.756,66.606 564.346,67.663 C563.803,69.06 563.154,70.057 562.106,71.106 C561.058,72.155 560.06,72.803 558.662,73.347 C557.607,73.757 556.021,74.244 553.102,74.378 C549.944,74.521 548.997,74.552 541,74.552 C533.003,74.552 532.056,74.521 528.898,74.378 C525.979,74.244 524.393,73.757 523.338,73.347 C521.94,72.803 520.942,72.155 519.894,71.106 C518.846,70.057 518.197,69.06 517.654,67.663 C517.244,66.606 516.755,65.022 516.623,62.101 C516.479,58.943 516.448,57.996 516.448,50 C516.448,42.003 516.479,41.056 516.623,37.899 C516.755,34.978 517.244,33.391 517.654,32.338 C518.197,30.938 518.846,29.942 519.894,28.894 C520.942,27.846 521.94,27.196 523.338,26.654 C524.393,26.244 525.979,25.756 528.898,25.623 C532.057,25.479 533.004,25.448 541,25.448 C548.997,25.448 549.943,25.479 553.102,25.623 C556.021,25.756 557.607,26.244 558.662,26.654 C560.06,27.196 561.058,27.846 562.106,28.894 C563.154,29.942 563.803,30.938 564.346,32.338 C564.756,33.391 565.244,34.978 565.378,37.899 C565.522,41.056 565.552,42.003 565.552,50 C565.552,57.996 565.522,58.943 565.378,62.101 M570.82,37.631 C570.674,34.438 570.167,32.258 569.425,30.349 C568.659,28.377 567.633,26.702 565.965,25.035 C564.297,23.368 562.623,22.342 560.652,21.575 C558.743,20.834 556.562,20.326 553.369,20.18 C550.169,20.033 549.148,20 541,20 C532.853,20 531.831,20.033 528.631,20.18 C525.438,20.326 523.257,20.834 521.349,21.575 C519.376,22.342 517.703,23.368 516.035,25.035 C514.368,26.702 513.342,28.377 512.574,30.349 C511.834,32.258 511.326,34.438 511.181,37.631 C511.035,40.831 511,41.851 511,50 C511,58.147 511.035,59.17 511.181,62.369 C511.326,65.562 511.834,67.743 512.574,69.651 C513.342,71.625 514.368,73.296 516.035,74.965 C517.703,76.634 519.376,77.658 521.349,78.425 C523.257,79.167 525.438,79.673 528.631,79.82 C531.831,79.965 532.853,80.001 541,80.001 C549.148,80.001 550.169,79.965 553.369,79.82 C556.562,79.673 558.743,79.167 560.652,78.425 C562.623,77.658 564.297,76.634 565.965,74.965 C567.633,73.296 568.659,71.625 569.425,69.651 C570.167,67.743 570.674,65.562 570.82,62.369 C570.966,59.17 571,58.147 571,50 C571,41.851 570.966,40.831 570.82,37.631\"><\/path><\/g><\/g><\/g><\/svg><\/div><div style=\"padding-top: 8px;\"> <div style=\" color:#3897f0; font-family:Arial,sans-serif; font-size:14px; font-style:normal; font-weight:550; line-height:18px;\">Ver esta publicaci\u00f3n en Instagram<\/div><\/div><div style=\"padding: 12.5% 0;\"><\/div> <div style=\"display: flex; flex-direction: row; margin-bottom: 14px; align-items: center;\"><div> <div style=\"background-color: #F4F4F4; border-radius: 50%; height: 12.5px; width: 12.5px; transform: translateX(0px) translateY(7px);\"><\/div> <div style=\"background-color: #F4F4F4; height: 12.5px; transform: rotate(-45deg) translateX(3px) translateY(1px); width: 12.5px; flex-grow: 0; margin-right: 14px; margin-left: 2px;\"><\/div> <div style=\"background-color: #F4F4F4; border-radius: 50%; height: 12.5px; width: 12.5px; transform: translateX(9px) translateY(-18px);\"><\/div><\/div><div style=\"margin-left: 8px;\"> <div style=\" background-color: #F4F4F4; border-radius: 50%; flex-grow: 0; height: 20px; width: 20px;\"><\/div> <div style=\" width: 0; height: 0; border-top: 2px solid transparent; border-left: 6px solid #f4f4f4; border-bottom: 2px solid transparent; transform: translateX(16px) translateY(-4px) rotate(30deg)\"><\/div><\/div><div style=\"margin-left: auto;\"> <div style=\" width: 0px; border-top: 8px solid #F4F4F4; border-right: 8px solid transparent; transform: translateY(16px);\"><\/div> <div style=\" background-color: #F4F4F4; flex-grow: 0; height: 12px; width: 16px; transform: translateY(-4px);\"><\/div> <div style=\" width: 0; height: 0; border-top: 8px solid #F4F4F4; border-left: 8px solid transparent; transform: translateY(-4px) translateX(8px);\"><\/div><\/div><\/div> <div style=\"display: flex; flex-direction: column; flex-grow: 1; justify-content: center; margin-bottom: 24px;\"> <div style=\" background-color: #F4F4F4; border-radius: 4px; flex-grow: 0; height: 14px; margin-bottom: 6px; width: 224px;\"><\/div> <div style=\" background-color: #F4F4F4; border-radius: 4px; flex-grow: 0; height: 14px; width: 144px;\"><\/div><\/div><\/a><p style=\" color:#c9c8cd; font-family:Arial,sans-serif; font-size:14px; line-height:17px; margin-bottom:0; margin-top:8px; overflow:hidden; padding:8px 0 7px; text-align:center; text-overflow:ellipsis; white-space:nowrap;\"><a href=\"https:\/\/www.instagram.com\/p\/DM8k2CZJeSK\/?utm_source=ig_embed&amp;utm_campaign=loading\" style=\" color:#c9c8cd; font-family:Arial,sans-serif; font-size:14px; font-style:normal; font-weight:normal; line-height:17px; text-decoration:none;\" target=\"_blank\">Una publicaci\u00f3n compartida de Hallel Genesis (@hallelgenesis)<\/a><\/p><\/div><\/blockquote>\n<script async src=\"\/\/www.instagram.com\/embed.js\"><\/script>\n\n\n\n<p>Con estas declaraciones, la cantante intenta poner punto final a los comentarios que la han acompa\u00f1ado en los \u00faltimos meses, aunque la experiencia demuestra que los rumores rara vez se extinguen de golpe. La escena urbana, con sus millones de seguidores entre Cuba y la di\u00e1spora, convierte cualquier gesto en material de debate. En ese escenario, donde la l\u00ednea entre vida personal y p\u00fablica se desdibuja con facilidad, Hallel G\u00e9nesis insiste en que lo suyo con Yomil no es amor, sino respeto, colaboraci\u00f3n y amistad.<\/p>\n\n\n\n<figure class=\"wp-block-embed is-type-video is-provider-youtube wp-block-embed-youtube wp-embed-aspect-16-9 wp-has-aspect-ratio\"><div class=\"wp-block-embed__wrapper\">\n<iframe loading=\"lazy\" title=\"Hallel Genesis habla de todo:de su Carrera Musical ,de su  examigos influencers.\" width=\"696\" height=\"392\" src=\"https:\/\/www.youtube.com\/embed\/AFWAZv8M9w4?start=549&#038;feature=oembed\" frameborder=\"0\" allow=\"accelerometer; autoplay; clipboard-write; encrypted-media; gyroscope; picture-in-picture; web-share\" referrerpolicy=\"strict-origin-when-cross-origin\" allowfullscreen><\/iframe>\n<\/div><\/figure>\n","protected":false},"excerpt":{"rendered":"<p>La aclaraci\u00f3n llega luego de meses en que seguidores y p\u00e1ginas de far\u00e1ndula han alimentado la teor\u00eda de un noviazgo secreto<\/p>\n","protected":false},"author":27,"featured_media":218348,"comment_status":"open","ping_status":"closed","sticky":false,"template":"","format":"standard","meta":{"_acf_changed":false,"footnotes":""},"categories":[443],"tags":[23349,256,6160,870],"class_list":{"0":"post-218295","1":"post","2":"type-post","3":"status-publish","4":"format-standard","5":"has-post-thumbnail","7":"category-farandula","8":"tag-hallel-genesis","9":"tag-miami","10":"tag-reguetoneros-cubanos","11":"tag-yomil-hidalgo"},"acf":[],"yoast_head":"<!-- This site is optimized with the Yoast SEO plugin v27.5 - https:\/\/yoast.com\/product\/yoast-seo-wordpress\/ -->\n<title>Hallel G\u00e9nesis habla de su v\u00ednculo con Yomil por primera vez: \u201cYo con Roberto tengo una relaci\u00f3n s\u00faper bonita\u201d - Cuballama Noticias<\/title>\n<meta name=\"description\" content=\"En El Clave P\u00f3dcast, Hallel relat\u00f3 c\u00f3mo surgi\u00f3 la colaboraci\u00f3n art\u00edstica con Yomil y aprovech\u00f3 para resaltar su disciplina profesional\" \/>\n<meta name=\"robots\" content=\"index, follow, max-snippet:-1, max-image-preview:large, max-video-preview:-1\" \/>\n<link rel=\"canonical\" href=\"https:\/\/www.cuballama.com\/noticias\/hallel-genesis-habla-de-su-vinculo-con-yomil-por-primera-vez-yo-con-roberto-tengo-una-relacion-super-bonita\/\" \/>\n<meta property=\"og:locale\" content=\"es_ES\" \/>\n<meta property=\"og:type\" content=\"article\" \/>\n<meta property=\"og:title\" content=\"Hallel G\u00e9nesis habla de su v\u00ednculo con Yomil por primera vez: \u201cYo con Roberto tengo una relaci\u00f3n s\u00faper bonita\u201d - Cuballama Noticias\" \/>\n<meta property=\"og:description\" content=\"En El Clave P\u00f3dcast, Hallel relat\u00f3 c\u00f3mo surgi\u00f3 la colaboraci\u00f3n art\u00edstica con Yomil y aprovech\u00f3 para resaltar su disciplina profesional\" \/>\n<meta property=\"og:url\" content=\"https:\/\/www.cuballama.com\/noticias\/hallel-genesis-habla-de-su-vinculo-con-yomil-por-primera-vez-yo-con-roberto-tengo-una-relacion-super-bonita\/\" \/>\n<meta property=\"og:site_name\" content=\"Cuballama Noticias\" \/>\n<meta property=\"article:publisher\" content=\"https:\/\/www.facebook.com\/CubaLlama\" \/>\n<meta property=\"article:published_time\" content=\"2025-09-02T10:49:29+00:00\" \/>\n<meta property=\"article:modified_time\" content=\"2025-09-02T10:49:31+00:00\" \/>\n<meta property=\"og:image\" content=\"https:\/\/cdn1.mediawpaccore.net\/wp-content\/uploads\/2025\/09\/02064519\/WhatsApp-Image-2025-09-02-at-12.44.42.jpeg\" \/>\n\t<meta property=\"og:image:width\" content=\"1886\" \/>\n\t<meta property=\"og:image:height\" content=\"1302\" \/>\n\t<meta property=\"og:image:type\" content=\"image\/jpeg\" \/>\n<meta name=\"author\" content=\"Rafa\" \/>\n<meta name=\"twitter:card\" content=\"summary_large_image\" \/>\n<meta name=\"twitter:creator\" content=\"@cuballama\" \/>\n<meta name=\"twitter:site\" content=\"@cuballama\" \/>\n<meta name=\"twitter:label1\" content=\"Escrito por\" \/>\n\t<meta name=\"twitter:data1\" content=\"Rafa\" \/>\n\t<meta name=\"twitter:label2\" content=\"Tiempo de lectura\" \/>\n\t<meta name=\"twitter:data2\" content=\"3 minutos\" \/>\n<script type=\"application\/ld+json\" class=\"yoast-schema-graph\">{\"@context\":\"https:\\\/\\\/schema.org\",\"@graph\":[{\"@type\":\"Article\",\"@id\":\"https:\\\/\\\/www.cuballama.com\\\/noticias\\\/hallel-genesis-habla-de-su-vinculo-con-yomil-por-primera-vez-yo-con-roberto-tengo-una-relacion-super-bonita\\\/#article\",\"isPartOf\":{\"@id\":\"https:\\\/\\\/www.cuballama.com\\\/noticias\\\/hallel-genesis-habla-de-su-vinculo-con-yomil-por-primera-vez-yo-con-roberto-tengo-una-relacion-super-bonita\\\/\"},\"author\":{\"name\":\"Rafa\",\"@id\":\"https:\\\/\\\/www.cuballama.com\\\/noticias\\\/#\\\/schema\\\/person\\\/0f97914526a658755f00e59ec2a832f2\"},\"headline\":\"Hallel G\u00e9nesis habla de su v\u00ednculo con Yomil por primera vez: \u201cYo con Roberto tengo una relaci\u00f3n s\u00faper bonita\u201d\",\"datePublished\":\"2025-09-02T10:49:29+00:00\",\"dateModified\":\"2025-09-02T10:49:31+00:00\",\"mainEntityOfPage\":{\"@id\":\"https:\\\/\\\/www.cuballama.com\\\/noticias\\\/hallel-genesis-habla-de-su-vinculo-con-yomil-por-primera-vez-yo-con-roberto-tengo-una-relacion-super-bonita\\\/\"},\"wordCount\":564,\"commentCount\":0,\"publisher\":{\"@id\":\"https:\\\/\\\/www.cuballama.com\\\/noticias\\\/#organization\"},\"image\":{\"@id\":\"https:\\\/\\\/www.cuballama.com\\\/noticias\\\/hallel-genesis-habla-de-su-vinculo-con-yomil-por-primera-vez-yo-con-roberto-tengo-una-relacion-super-bonita\\\/#primaryimage\"},\"thumbnailUrl\":\"https:\\\/\\\/cdn1.mediawpaccore.net\\\/wp-content\\\/uploads\\\/2025\\\/09\\\/02064519\\\/WhatsApp-Image-2025-09-02-at-12.44.42.jpeg\",\"keywords\":[\"Hallel G\u00e9nesis\",\"Miami\",\"Reguetoneros cubanos\",\"Yomil Hidalgo\"],\"articleSection\":[\"Far\u00e1ndula\"],\"inLanguage\":\"es\",\"potentialAction\":[{\"@type\":\"CommentAction\",\"name\":\"Comment\",\"target\":[\"https:\\\/\\\/www.cuballama.com\\\/noticias\\\/hallel-genesis-habla-de-su-vinculo-con-yomil-por-primera-vez-yo-con-roberto-tengo-una-relacion-super-bonita\\\/#respond\"]}]},{\"@type\":\"WebPage\",\"@id\":\"https:\\\/\\\/www.cuballama.com\\\/noticias\\\/hallel-genesis-habla-de-su-vinculo-con-yomil-por-primera-vez-yo-con-roberto-tengo-una-relacion-super-bonita\\\/\",\"url\":\"https:\\\/\\\/www.cuballama.com\\\/noticias\\\/hallel-genesis-habla-de-su-vinculo-con-yomil-por-primera-vez-yo-con-roberto-tengo-una-relacion-super-bonita\\\/\",\"name\":\"Hallel G\u00e9nesis habla de su v\u00ednculo con Yomil por primera vez: \u201cYo con Roberto tengo una relaci\u00f3n s\u00faper bonita\u201d - Cuballama Noticias\",\"isPartOf\":{\"@id\":\"https:\\\/\\\/www.cuballama.com\\\/noticias\\\/#website\"},\"primaryImageOfPage\":{\"@id\":\"https:\\\/\\\/www.cuballama.com\\\/noticias\\\/hallel-genesis-habla-de-su-vinculo-con-yomil-por-primera-vez-yo-con-roberto-tengo-una-relacion-super-bonita\\\/#primaryimage\"},\"image\":{\"@id\":\"https:\\\/\\\/www.cuballama.com\\\/noticias\\\/hallel-genesis-habla-de-su-vinculo-con-yomil-por-primera-vez-yo-con-roberto-tengo-una-relacion-super-bonita\\\/#primaryimage\"},\"thumbnailUrl\":\"https:\\\/\\\/cdn1.mediawpaccore.net\\\/wp-content\\\/uploads\\\/2025\\\/09\\\/02064519\\\/WhatsApp-Image-2025-09-02-at-12.44.42.jpeg\",\"datePublished\":\"2025-09-02T10:49:29+00:00\",\"dateModified\":\"2025-09-02T10:49:31+00:00\",\"description\":\"En El Clave P\u00f3dcast, Hallel relat\u00f3 c\u00f3mo surgi\u00f3 la colaboraci\u00f3n art\u00edstica con Yomil y aprovech\u00f3 para resaltar su disciplina profesional\",\"breadcrumb\":{\"@id\":\"https:\\\/\\\/www.cuballama.com\\\/noticias\\\/hallel-genesis-habla-de-su-vinculo-con-yomil-por-primera-vez-yo-con-roberto-tengo-una-relacion-super-bonita\\\/#breadcrumb\"},\"inLanguage\":\"es\",\"potentialAction\":[{\"@type\":\"ReadAction\",\"target\":[\"https:\\\/\\\/www.cuballama.com\\\/noticias\\\/hallel-genesis-habla-de-su-vinculo-con-yomil-por-primera-vez-yo-con-roberto-tengo-una-relacion-super-bonita\\\/\"]}]},{\"@type\":\"ImageObject\",\"inLanguage\":\"es\",\"@id\":\"https:\\\/\\\/www.cuballama.com\\\/noticias\\\/hallel-genesis-habla-de-su-vinculo-con-yomil-por-primera-vez-yo-con-roberto-tengo-una-relacion-super-bonita\\\/#primaryimage\",\"url\":\"https:\\\/\\\/cdn1.mediawpaccore.net\\\/wp-content\\\/uploads\\\/2025\\\/09\\\/02064519\\\/WhatsApp-Image-2025-09-02-at-12.44.42.jpeg\",\"contentUrl\":\"https:\\\/\\\/cdn1.mediawpaccore.net\\\/wp-content\\\/uploads\\\/2025\\\/09\\\/02064519\\\/WhatsApp-Image-2025-09-02-at-12.44.42.jpeg\",\"width\":1886,\"height\":1302,\"caption\":\"Foto: Hallel G\u00e9nesis\\\/Yomil\\\/\\\/Instagram\"},{\"@type\":\"BreadcrumbList\",\"@id\":\"https:\\\/\\\/www.cuballama.com\\\/noticias\\\/hallel-genesis-habla-de-su-vinculo-con-yomil-por-primera-vez-yo-con-roberto-tengo-una-relacion-super-bonita\\\/#breadcrumb\",\"itemListElement\":[{\"@type\":\"ListItem\",\"position\":1,\"name\":\"Home\",\"item\":\"https:\\\/\\\/www.cuballama.com\\\/noticias\\\/\"},{\"@type\":\"ListItem\",\"position\":2,\"name\":\"Hallel G\u00e9nesis habla de su v\u00ednculo con Yomil por primera vez: \u201cYo con Roberto tengo una relaci\u00f3n s\u00faper bonita\u201d\"}]},{\"@type\":\"WebSite\",\"@id\":\"https:\\\/\\\/www.cuballama.com\\\/noticias\\\/#website\",\"url\":\"https:\\\/\\\/www.cuballama.com\\\/noticias\\\/\",\"name\":\"Cuballama Noticias\",\"description\":\"Medio digital sobre Cuba y el mundo\",\"publisher\":{\"@id\":\"https:\\\/\\\/www.cuballama.com\\\/noticias\\\/#organization\"},\"potentialAction\":[{\"@type\":\"SearchAction\",\"target\":{\"@type\":\"EntryPoint\",\"urlTemplate\":\"https:\\\/\\\/www.cuballama.com\\\/noticias\\\/?s={search_term_string}\"},\"query-input\":{\"@type\":\"PropertyValueSpecification\",\"valueRequired\":true,\"valueName\":\"search_term_string\"}}],\"inLanguage\":\"es\"},{\"@type\":\"Organization\",\"@id\":\"https:\\\/\\\/www.cuballama.com\\\/noticias\\\/#organization\",\"name\":\"Cuballama\",\"url\":\"https:\\\/\\\/www.cuballama.com\\\/noticias\\\/\",\"logo\":{\"@type\":\"ImageObject\",\"inLanguage\":\"es\",\"@id\":\"https:\\\/\\\/www.cuballama.com\\\/noticias\\\/#\\\/schema\\\/logo\\\/image\\\/\",\"url\":\"https:\\\/\\\/cdn1.mediawpaccore.net\\\/wp-content\\\/uploads\\\/2021\\\/12\\\/28171206\\\/cbll-logo-color-sm.png\",\"contentUrl\":\"https:\\\/\\\/cdn1.mediawpaccore.net\\\/wp-content\\\/uploads\\\/2021\\\/12\\\/28171206\\\/cbll-logo-color-sm.png\",\"width\":600,\"height\":133,\"caption\":\"Cuballama\"},\"image\":{\"@id\":\"https:\\\/\\\/www.cuballama.com\\\/noticias\\\/#\\\/schema\\\/logo\\\/image\\\/\"},\"sameAs\":[\"https:\\\/\\\/www.facebook.com\\\/CubaLlama\",\"https:\\\/\\\/x.com\\\/cuballama\",\"https:\\\/\\\/www.instagram.com\\\/stories\\\/cuballama_oficial\\\/\",\"https:\\\/\\\/www.youtube.com\\\/channel\\\/UCKkFE-d_axENGZcrc4as0IA\"]},{\"@type\":\"Person\",\"@id\":\"https:\\\/\\\/www.cuballama.com\\\/noticias\\\/#\\\/schema\\\/person\\\/0f97914526a658755f00e59ec2a832f2\",\"name\":\"Rafa\",\"url\":\"https:\\\/\\\/www.cuballama.com\\\/noticias\\\/author\\\/rafa\\\/\"}]}<\/script>\n<!-- \/ Yoast SEO plugin. -->","yoast_head_json":{"title":"Hallel G\u00e9nesis habla de su v\u00ednculo con Yomil por primera vez: \u201cYo con Roberto tengo una relaci\u00f3n s\u00faper bonita\u201d - Cuballama Noticias","description":"En El Clave P\u00f3dcast, Hallel relat\u00f3 c\u00f3mo surgi\u00f3 la colaboraci\u00f3n art\u00edstica con Yomil y aprovech\u00f3 para resaltar su disciplina profesional","robots":{"index":"index","follow":"follow","max-snippet":"max-snippet:-1","max-image-preview":"max-image-preview:large","max-video-preview":"max-video-preview:-1"},"canonical":"https:\/\/www.cuballama.com\/noticias\/hallel-genesis-habla-de-su-vinculo-con-yomil-por-primera-vez-yo-con-roberto-tengo-una-relacion-super-bonita\/","og_locale":"es_ES","og_type":"article","og_title":"Hallel G\u00e9nesis habla de su v\u00ednculo con Yomil por primera vez: \u201cYo con Roberto tengo una relaci\u00f3n s\u00faper bonita\u201d - Cuballama Noticias","og_description":"En El Clave P\u00f3dcast, Hallel relat\u00f3 c\u00f3mo surgi\u00f3 la colaboraci\u00f3n art\u00edstica con Yomil y aprovech\u00f3 para resaltar su disciplina profesional","og_url":"https:\/\/www.cuballama.com\/noticias\/hallel-genesis-habla-de-su-vinculo-con-yomil-por-primera-vez-yo-con-roberto-tengo-una-relacion-super-bonita\/","og_site_name":"Cuballama Noticias","article_publisher":"https:\/\/www.facebook.com\/CubaLlama","article_published_time":"2025-09-02T10:49:29+00:00","article_modified_time":"2025-09-02T10:49:31+00:00","og_image":[{"width":1886,"height":1302,"url":"https:\/\/cdn1.mediawpaccore.net\/wp-content\/uploads\/2025\/09\/02064519\/WhatsApp-Image-2025-09-02-at-12.44.42.jpeg","type":"image\/jpeg"}],"author":"Rafa","twitter_card":"summary_large_image","twitter_creator":"@cuballama","twitter_site":"@cuballama","twitter_misc":{"Escrito por":"Rafa","Tiempo de lectura":"3 minutos"},"schema":{"@context":"https:\/\/schema.org","@graph":[{"@type":"Article","@id":"https:\/\/www.cuballama.com\/noticias\/hallel-genesis-habla-de-su-vinculo-con-yomil-por-primera-vez-yo-con-roberto-tengo-una-relacion-super-bonita\/#article","isPartOf":{"@id":"https:\/\/www.cuballama.com\/noticias\/hallel-genesis-habla-de-su-vinculo-con-yomil-por-primera-vez-yo-con-roberto-tengo-una-relacion-super-bonita\/"},"author":{"name":"Rafa","@id":"https:\/\/www.cuballama.com\/noticias\/#\/schema\/person\/0f97914526a658755f00e59ec2a832f2"},"headline":"Hallel G\u00e9nesis habla de su v\u00ednculo con Yomil por primera vez: \u201cYo con Roberto tengo una relaci\u00f3n s\u00faper bonita\u201d","datePublished":"2025-09-02T10:49:29+00:00","dateModified":"2025-09-02T10:49:31+00:00","mainEntityOfPage":{"@id":"https:\/\/www.cuballama.com\/noticias\/hallel-genesis-habla-de-su-vinculo-con-yomil-por-primera-vez-yo-con-roberto-tengo-una-relacion-super-bonita\/"},"wordCount":564,"commentCount":0,"publisher":{"@id":"https:\/\/www.cuballama.com\/noticias\/#organization"},"image":{"@id":"https:\/\/www.cuballama.com\/noticias\/hallel-genesis-habla-de-su-vinculo-con-yomil-por-primera-vez-yo-con-roberto-tengo-una-relacion-super-bonita\/#primaryimage"},"thumbnailUrl":"https:\/\/cdn1.mediawpaccore.net\/wp-content\/uploads\/2025\/09\/02064519\/WhatsApp-Image-2025-09-02-at-12.44.42.jpeg","keywords":["Hallel G\u00e9nesis","Miami","Reguetoneros cubanos","Yomil Hidalgo"],"articleSection":["Far\u00e1ndula"],"inLanguage":"es","potentialAction":[{"@type":"CommentAction","name":"Comment","target":["https:\/\/www.cuballama.com\/noticias\/hallel-genesis-habla-de-su-vinculo-con-yomil-por-primera-vez-yo-con-roberto-tengo-una-relacion-super-bonita\/#respond"]}]},{"@type":"WebPage","@id":"https:\/\/www.cuballama.com\/noticias\/hallel-genesis-habla-de-su-vinculo-con-yomil-por-primera-vez-yo-con-roberto-tengo-una-relacion-super-bonita\/","url":"https:\/\/www.cuballama.com\/noticias\/hallel-genesis-habla-de-su-vinculo-con-yomil-por-primera-vez-yo-con-roberto-tengo-una-relacion-super-bonita\/","name":"Hallel G\u00e9nesis habla de su v\u00ednculo con Yomil por primera vez: \u201cYo con Roberto tengo una relaci\u00f3n s\u00faper bonita\u201d - Cuballama Noticias","isPartOf":{"@id":"https:\/\/www.cuballama.com\/noticias\/#website"},"primaryImageOfPage":{"@id":"https:\/\/www.cuballama.com\/noticias\/hallel-genesis-habla-de-su-vinculo-con-yomil-por-primera-vez-yo-con-roberto-tengo-una-relacion-super-bonita\/#primaryimage"},"image":{"@id":"https:\/\/www.cuballama.com\/noticias\/hallel-genesis-habla-de-su-vinculo-con-yomil-por-primera-vez-yo-con-roberto-tengo-una-relacion-super-bonita\/#primaryimage"},"thumbnailUrl":"https:\/\/cdn1.mediawpaccore.net\/wp-content\/uploads\/2025\/09\/02064519\/WhatsApp-Image-2025-09-02-at-12.44.42.jpeg","datePublished":"2025-09-02T10:49:29+00:00","dateModified":"2025-09-02T10:49:31+00:00","description":"En El Clave P\u00f3dcast, Hallel relat\u00f3 c\u00f3mo surgi\u00f3 la colaboraci\u00f3n art\u00edstica con Yomil y aprovech\u00f3 para resaltar su disciplina profesional","breadcrumb":{"@id":"https:\/\/www.cuballama.com\/noticias\/hallel-genesis-habla-de-su-vinculo-con-yomil-por-primera-vez-yo-con-roberto-tengo-una-relacion-super-bonita\/#breadcrumb"},"inLanguage":"es","potentialAction":[{"@type":"ReadAction","target":["https:\/\/www.cuballama.com\/noticias\/hallel-genesis-habla-de-su-vinculo-con-yomil-por-primera-vez-yo-con-roberto-tengo-una-relacion-super-bonita\/"]}]},{"@type":"ImageObject","inLanguage":"es","@id":"https:\/\/www.cuballama.com\/noticias\/hallel-genesis-habla-de-su-vinculo-con-yomil-por-primera-vez-yo-con-roberto-tengo-una-relacion-super-bonita\/#primaryimage","url":"https:\/\/cdn1.mediawpaccore.net\/wp-content\/uploads\/2025\/09\/02064519\/WhatsApp-Image-2025-09-02-at-12.44.42.jpeg","contentUrl":"https:\/\/cdn1.mediawpaccore.net\/wp-content\/uploads\/2025\/09\/02064519\/WhatsApp-Image-2025-09-02-at-12.44.42.jpeg","width":1886,"height":1302,"caption":"Foto: Hallel G\u00e9nesis\/Yomil\/\/Instagram"},{"@type":"BreadcrumbList","@id":"https:\/\/www.cuballama.com\/noticias\/hallel-genesis-habla-de-su-vinculo-con-yomil-por-primera-vez-yo-con-roberto-tengo-una-relacion-super-bonita\/#breadcrumb","itemListElement":[{"@type":"ListItem","position":1,"name":"Home","item":"https:\/\/www.cuballama.com\/noticias\/"},{"@type":"ListItem","position":2,"name":"Hallel G\u00e9nesis habla de su v\u00ednculo con Yomil por primera vez: \u201cYo con Roberto tengo una relaci\u00f3n s\u00faper bonita\u201d"}]},{"@type":"WebSite","@id":"https:\/\/www.cuballama.com\/noticias\/#website","url":"https:\/\/www.cuballama.com\/noticias\/","name":"Cuballama Noticias","description":"Medio digital sobre Cuba y el mundo","publisher":{"@id":"https:\/\/www.cuballama.com\/noticias\/#organization"},"potentialAction":[{"@type":"SearchAction","target":{"@type":"EntryPoint","urlTemplate":"https:\/\/www.cuballama.com\/noticias\/?s={search_term_string}"},"query-input":{"@type":"PropertyValueSpecification","valueRequired":true,"valueName":"search_term_string"}}],"inLanguage":"es"},{"@type":"Organization","@id":"https:\/\/www.cuballama.com\/noticias\/#organization","name":"Cuballama","url":"https:\/\/www.cuballama.com\/noticias\/","logo":{"@type":"ImageObject","inLanguage":"es","@id":"https:\/\/www.cuballama.com\/noticias\/#\/schema\/logo\/image\/","url":"https:\/\/cdn1.mediawpaccore.net\/wp-content\/uploads\/2021\/12\/28171206\/cbll-logo-color-sm.png","contentUrl":"https:\/\/cdn1.mediawpaccore.net\/wp-content\/uploads\/2021\/12\/28171206\/cbll-logo-color-sm.png","width":600,"height":133,"caption":"Cuballama"},"image":{"@id":"https:\/\/www.cuballama.com\/noticias\/#\/schema\/logo\/image\/"},"sameAs":["https:\/\/www.facebook.com\/CubaLlama","https:\/\/x.com\/cuballama","https:\/\/www.instagram.com\/stories\/cuballama_oficial\/","https:\/\/www.youtube.com\/channel\/UCKkFE-d_axENGZcrc4as0IA"]},{"@type":"Person","@id":"https:\/\/www.cuballama.com\/noticias\/#\/schema\/person\/0f97914526a658755f00e59ec2a832f2","name":"Rafa","url":"https:\/\/www.cuballama.com\/noticias\/author\/rafa\/"}]}},"_links":{"self":[{"href":"https:\/\/www.cuballama.com\/noticias\/wp-json\/wp\/v2\/posts\/218295","targetHints":{"allow":["GET"]}}],"collection":[{"href":"https:\/\/www.cuballama.com\/noticias\/wp-json\/wp\/v2\/posts"}],"about":[{"href":"https:\/\/www.cuballama.com\/noticias\/wp-json\/wp\/v2\/types\/post"}],"author":[{"embeddable":true,"href":"https:\/\/www.cuballama.com\/noticias\/wp-json\/wp\/v2\/users\/27"}],"replies":[{"embeddable":true,"href":"https:\/\/www.cuballama.com\/noticias\/wp-json\/wp\/v2\/comments?post=218295"}],"version-history":[{"count":1,"href":"https:\/\/www.cuballama.com\/noticias\/wp-json\/wp\/v2\/posts\/218295\/revisions"}],"predecessor-version":[{"id":218349,"href":"https:\/\/www.cuballama.com\/noticias\/wp-json\/wp\/v2\/posts\/218295\/revisions\/218349"}],"wp:featuredmedia":[{"embeddable":true,"href":"https:\/\/www.cuballama.com\/noticias\/wp-json\/wp\/v2\/media\/218348"}],"wp:attachment":[{"href":"https:\/\/www.cuballama.com\/noticias\/wp-json\/wp\/v2\/media?parent=218295"}],"wp:term":[{"taxonomy":"category","embeddable":true,"href":"https:\/\/www.cuballama.com\/noticias\/wp-json\/wp\/v2\/categories?post=218295"},{"taxonomy":"post_tag","embeddable":true,"href":"https:\/\/www.cuballama.com\/noticias\/wp-json\/wp\/v2\/tags?post=218295"}],"curies":[{"name":"wp","href":"https:\/\/api.w.org\/{rel}","templated":true}]}}