{"id":218285,"date":"2026-03-06T15:42:58","date_gmt":"2026-03-06T20:42:58","guid":{"rendered":"https:\/\/www.cuballama.com\/noticias\/?p=218285"},"modified":"2026-03-06T15:43:01","modified_gmt":"2026-03-06T20:43:01","slug":"escenario-en-harapos-premio-cervantes-sergio-ramirez-sentencia-el-fin-del-mito-revolucionario-en-cuba","status":"publish","type":"post","link":"https:\/\/www.cuballama.com\/noticias\/escenario-en-harapos-premio-cervantes-sergio-ramirez-sentencia-el-fin-del-mito-revolucionario-en-cuba\/","title":{"rendered":"\u00abEscenario en harapos\u00bb: Premio Cervantes Sergio Ram\u00edrez sentencia el fin del mito revolucionario en Cuba"},"content":{"rendered":"\n<p>El prestigioso escritor nicarag\u00fcense y Premio Cervantes, <strong>Sergio Ram\u00edrez<\/strong>, ha lanzado una radiograf\u00eda demoledora sobre la realidad de la Isla en su m\u00e1s reciente columna para <em>El Pa\u00eds<\/em>. Bajo el t\u00edtulo \u201cCuba, escenario en harapos\u201d, el intelectual despoja de romanticismo el legado del castrismo y retrata una naci\u00f3n sumida en una decadencia que parece no tener retorno.<\/p>\n\n\n\n<p>Para Ram\u00edrez, el misticismo que alguna vez rode\u00f3 a la Revoluci\u00f3n se ha desvanecido, dejando paso a una crisis estructural donde falta lo m\u00e1s b\u00e1sico. Describe el presente cubano como un pa\u00eds <strong>\u201csin combustible, sin agua potable, sin luz el\u00e9ctrica, escasa de alimentos y de medicinas\u201d<\/strong>, definiendo la situaci\u00f3n como <strong>\u201cun escenario en el que la escenograf\u00eda se cae a pedazos\u201d<\/strong>.<\/p>\n\n\n\n<p>El autor, quien fuera una figura clave en la insurrecci\u00f3n sandinista contra Somoza, reflexiona sobre c\u00f3mo el tiempo ha erosionado la narrativa oficial. Lo que en los a\u00f1os 60 fue un s\u00edmbolo de esperanza para la juventud continental, hoy se percibe como <strong>\u201cun libreto gastado\u201d<\/strong> interpretado por <strong>\u201cactores vestidos de viejo verde olivo\u201d<\/strong>.<\/p>\n\n\n\n<p>La mutaci\u00f3n del l\u00edder es, para el novelista, el signo m\u00e1s evidente del fracaso: <strong>\u201cHoy \u2018Castro\u2019 ha triunfado sobre \u2018Fidel\u2019 en la memoria\u201d<\/strong>. Seg\u00fan su an\u00e1lisis, aquel joven rebelde ha quedado <strong>\u201cconvertido para la historia en dictador que hered\u00f3 el poder a su hermano\u201d<\/strong>.<\/p>\n\n\n\n<p>Ram\u00edrez no olvida su propia tierra en este an\u00e1lisis. Establece un v\u00ednculo melanc\u00f3lico y amargo entre ambos procesos pol\u00edticos que nacieron bajo una misma <strong>\u201cluz entre ideol\u00f3gica y sentimental\u201d<\/strong>. Sin embargo, el desenlace es sombr\u00edo: <strong>\u201cEl escenario de Cuba lo alumbran focos mortecinos; el de Nicaragua ha quedado en la oscuridad, ruido y furia que ya no significan nada\u201d<\/strong>.<\/p>\n\n\n\n<p>Cabe recordar que el escritor vive hoy el exilio en Espa\u00f1a, tras ser perseguido y despojado de su nacionalidad por Daniel Ortega, su antiguo compa\u00f1ero de armas.<\/p>\n\n\n\n<p>Hacia el cierre de su texto, el autor de <em>Margarita, est\u00e1 linda la mar<\/em> lamenta el aislamiento y el silencio c\u00f3mplice de la comunidad internacional y de las viejas alianzas ideol\u00f3gicas: \u201cLos espectadores parecen esperar que el tel\u00f3n caiga de una vez por todas\u201d, \u00abRusia, China, quieren alejarse del teatro antes de que termine la tragedia\u201d o \u00abY la izquierda que coreaba \u00a1Patria o muerte, venceremos!, tambi\u00e9n callada mientras los cortinajes caen hechos girones\u201d.<\/p>\n\n\n\n<p>Pese al panorama desolador, Ram\u00edrez mantiene una convicci\u00f3n que ya hab\u00eda expresado anteriormente: los reg\u00edmenes del socialismo del siglo XXI tienen fecha de caducidad. Asegura que la corrupci\u00f3n y el fraude <strong><a href=\"https:\/\/www.cuballama.com\/noticias\/trump-sugiere-que-cuba-seria-lo-proximo-es-solo-cuestion-de-tiempo\/\" type=\"link\" id=\"https:\/\/www.cuballama.com\/noticias\/trump-sugiere-que-cuba-seria-lo-proximo-es-solo-cuestion-de-tiempo\/\" target=\"_blank\" rel=\"noreferrer noopener\">\u201cmarcar\u00e1n su final\u201d<\/a><\/strong> y que estas estructuras <strong>\u201ccaer\u00e1n por implosi\u00f3n o por explosi\u00f3n, pero caer\u00e1n. M\u00e1s temprano que tarde\u201d<\/strong>.<\/p>\n","protected":false},"excerpt":{"rendered":"<p>El Premio Cervantes Sergio Ram\u00edrez analiza la agon\u00eda del sistema cubano en su \u00faltima columna. Entre carencias de agua y luz, el escritor describe a una Cuba \u201csin combustible\u201d.<\/p>\n","protected":false},"author":29,"featured_media":237428,"comment_status":"open","ping_status":"closed","sticky":false,"template":"","format":"standard","meta":{"_acf_changed":false,"footnotes":""},"categories":[14202,18,955],"tags":[10867,11,92,941,30908],"class_list":{"0":"post-218285","1":"post","2":"type-post","3":"status-publish","4":"format-standard","5":"has-post-thumbnail","7":"category-destacado-cuba","8":"category-noticias","9":"category-noticias-de-cuba","10":"tag-crisis-en-cuba","11":"tag-cuba","12":"tag-cubanos","13":"tag-destacado","14":"tag-sergio-ramirez"},"acf":[],"yoast_head":"<!-- This site is optimized with the Yoast SEO plugin v27.4 - https:\/\/yoast.com\/product\/yoast-seo-wordpress\/ -->\n<title>&quot;Escenario en harapos&quot;: Premio Cervantes Sergio Ram\u00edrez sentencia el fin del mito revolucionario en Cuba - Cuballama Noticias<\/title>\n<meta name=\"description\" content=\"El Premio Cervantes Sergio Ram\u00edrez analiza la agon\u00eda del sistema cubano en su \u00faltima columna, describe a una Cuba \u201csin combustible\u201d.\" \/>\n<meta name=\"robots\" content=\"index, follow, max-snippet:-1, max-image-preview:large, max-video-preview:-1\" \/>\n<link rel=\"canonical\" href=\"https:\/\/www.cuballama.com\/noticias\/escenario-en-harapos-premio-cervantes-sergio-ramirez-sentencia-el-fin-del-mito-revolucionario-en-cuba\/\" \/>\n<meta property=\"og:locale\" content=\"es_ES\" \/>\n<meta property=\"og:type\" content=\"article\" \/>\n<meta property=\"og:title\" content=\"&quot;Escenario en harapos&quot;: Premio Cervantes Sergio Ram\u00edrez sentencia el fin del mito revolucionario en Cuba - Cuballama Noticias\" \/>\n<meta property=\"og:description\" content=\"El Premio Cervantes Sergio Ram\u00edrez analiza la agon\u00eda del sistema cubano en su \u00faltima columna, describe a una Cuba \u201csin combustible\u201d.\" \/>\n<meta property=\"og:url\" content=\"https:\/\/www.cuballama.com\/noticias\/escenario-en-harapos-premio-cervantes-sergio-ramirez-sentencia-el-fin-del-mito-revolucionario-en-cuba\/\" \/>\n<meta property=\"og:site_name\" content=\"Cuballama Noticias\" \/>\n<meta property=\"article:publisher\" content=\"https:\/\/www.facebook.com\/CubaLlama\" \/>\n<meta property=\"article:published_time\" content=\"2026-03-06T20:42:58+00:00\" \/>\n<meta property=\"article:modified_time\" content=\"2026-03-06T20:43:01+00:00\" \/>\n<meta property=\"og:image\" content=\"https:\/\/cdn1.mediawpaccore.net\/wp-content\/uploads\/2026\/03\/06153651\/Captura-de-pantalla-2026-03-06-a-las-21.36.25.png\" \/>\n\t<meta property=\"og:image:width\" content=\"1028\" \/>\n\t<meta property=\"og:image:height\" content=\"514\" \/>\n\t<meta property=\"og:image:type\" content=\"image\/png\" \/>\n<meta name=\"author\" content=\"Sof\u00eda Reyes\" \/>\n<meta name=\"twitter:card\" content=\"summary_large_image\" \/>\n<meta name=\"twitter:creator\" content=\"@cuballama\" \/>\n<meta name=\"twitter:site\" content=\"@cuballama\" \/>\n<meta name=\"twitter:label1\" content=\"Escrito por\" \/>\n\t<meta name=\"twitter:data1\" content=\"Sof\u00eda Reyes\" \/>\n\t<meta name=\"twitter:label2\" content=\"Tiempo de lectura\" \/>\n\t<meta name=\"twitter:data2\" content=\"3 minutos\" \/>\n<script type=\"application\/ld+json\" class=\"yoast-schema-graph\">{\"@context\":\"https:\\\/\\\/schema.org\",\"@graph\":[{\"@type\":\"Article\",\"@id\":\"https:\\\/\\\/www.cuballama.com\\\/noticias\\\/escenario-en-harapos-premio-cervantes-sergio-ramirez-sentencia-el-fin-del-mito-revolucionario-en-cuba\\\/#article\",\"isPartOf\":{\"@id\":\"https:\\\/\\\/www.cuballama.com\\\/noticias\\\/escenario-en-harapos-premio-cervantes-sergio-ramirez-sentencia-el-fin-del-mito-revolucionario-en-cuba\\\/\"},\"author\":{\"name\":\"Sof\u00eda Reyes\",\"@id\":\"https:\\\/\\\/www.cuballama.com\\\/noticias\\\/#\\\/schema\\\/person\\\/5cba2b8cc25a3159e49fe730a94d512e\"},\"headline\":\"\u00abEscenario en harapos\u00bb: Premio Cervantes Sergio Ram\u00edrez sentencia el fin del mito revolucionario en Cuba\",\"datePublished\":\"2026-03-06T20:42:58+00:00\",\"dateModified\":\"2026-03-06T20:43:01+00:00\",\"mainEntityOfPage\":{\"@id\":\"https:\\\/\\\/www.cuballama.com\\\/noticias\\\/escenario-en-harapos-premio-cervantes-sergio-ramirez-sentencia-el-fin-del-mito-revolucionario-en-cuba\\\/\"},\"wordCount\":488,\"commentCount\":0,\"publisher\":{\"@id\":\"https:\\\/\\\/www.cuballama.com\\\/noticias\\\/#organization\"},\"image\":{\"@id\":\"https:\\\/\\\/www.cuballama.com\\\/noticias\\\/escenario-en-harapos-premio-cervantes-sergio-ramirez-sentencia-el-fin-del-mito-revolucionario-en-cuba\\\/#primaryimage\"},\"thumbnailUrl\":\"https:\\\/\\\/cdn1.mediawpaccore.net\\\/wp-content\\\/uploads\\\/2026\\\/03\\\/06153651\\\/Captura-de-pantalla-2026-03-06-a-las-21.36.25.png\",\"keywords\":[\"Crisis en Cuba\",\"Cuba\",\"cubanos\",\"destacado\",\"Sergio Ram\u00edrez\"],\"articleSection\":[\"Destacado Cuba\",\"Noticias\",\"Noticias de Cuba\"],\"inLanguage\":\"es\",\"potentialAction\":[{\"@type\":\"CommentAction\",\"name\":\"Comment\",\"target\":[\"https:\\\/\\\/www.cuballama.com\\\/noticias\\\/escenario-en-harapos-premio-cervantes-sergio-ramirez-sentencia-el-fin-del-mito-revolucionario-en-cuba\\\/#respond\"]}]},{\"@type\":\"WebPage\",\"@id\":\"https:\\\/\\\/www.cuballama.com\\\/noticias\\\/escenario-en-harapos-premio-cervantes-sergio-ramirez-sentencia-el-fin-del-mito-revolucionario-en-cuba\\\/\",\"url\":\"https:\\\/\\\/www.cuballama.com\\\/noticias\\\/escenario-en-harapos-premio-cervantes-sergio-ramirez-sentencia-el-fin-del-mito-revolucionario-en-cuba\\\/\",\"name\":\"\\\"Escenario en harapos\\\": Premio Cervantes Sergio Ram\u00edrez sentencia el fin del mito revolucionario en Cuba - Cuballama Noticias\",\"isPartOf\":{\"@id\":\"https:\\\/\\\/www.cuballama.com\\\/noticias\\\/#website\"},\"primaryImageOfPage\":{\"@id\":\"https:\\\/\\\/www.cuballama.com\\\/noticias\\\/escenario-en-harapos-premio-cervantes-sergio-ramirez-sentencia-el-fin-del-mito-revolucionario-en-cuba\\\/#primaryimage\"},\"image\":{\"@id\":\"https:\\\/\\\/www.cuballama.com\\\/noticias\\\/escenario-en-harapos-premio-cervantes-sergio-ramirez-sentencia-el-fin-del-mito-revolucionario-en-cuba\\\/#primaryimage\"},\"thumbnailUrl\":\"https:\\\/\\\/cdn1.mediawpaccore.net\\\/wp-content\\\/uploads\\\/2026\\\/03\\\/06153651\\\/Captura-de-pantalla-2026-03-06-a-las-21.36.25.png\",\"datePublished\":\"2026-03-06T20:42:58+00:00\",\"dateModified\":\"2026-03-06T20:43:01+00:00\",\"description\":\"El Premio Cervantes Sergio Ram\u00edrez analiza la agon\u00eda del sistema cubano en su \u00faltima columna, describe a una Cuba \u201csin combustible\u201d.\",\"breadcrumb\":{\"@id\":\"https:\\\/\\\/www.cuballama.com\\\/noticias\\\/escenario-en-harapos-premio-cervantes-sergio-ramirez-sentencia-el-fin-del-mito-revolucionario-en-cuba\\\/#breadcrumb\"},\"inLanguage\":\"es\",\"potentialAction\":[{\"@type\":\"ReadAction\",\"target\":[\"https:\\\/\\\/www.cuballama.com\\\/noticias\\\/escenario-en-harapos-premio-cervantes-sergio-ramirez-sentencia-el-fin-del-mito-revolucionario-en-cuba\\\/\"]}]},{\"@type\":\"ImageObject\",\"inLanguage\":\"es\",\"@id\":\"https:\\\/\\\/www.cuballama.com\\\/noticias\\\/escenario-en-harapos-premio-cervantes-sergio-ramirez-sentencia-el-fin-del-mito-revolucionario-en-cuba\\\/#primaryimage\",\"url\":\"https:\\\/\\\/cdn1.mediawpaccore.net\\\/wp-content\\\/uploads\\\/2026\\\/03\\\/06153651\\\/Captura-de-pantalla-2026-03-06-a-las-21.36.25.png\",\"contentUrl\":\"https:\\\/\\\/cdn1.mediawpaccore.net\\\/wp-content\\\/uploads\\\/2026\\\/03\\\/06153651\\\/Captura-de-pantalla-2026-03-06-a-las-21.36.25.png\",\"width\":1028,\"height\":514,\"caption\":\"Foto tomada del canal de YouTube del Instituto Cervantes\"},{\"@type\":\"BreadcrumbList\",\"@id\":\"https:\\\/\\\/www.cuballama.com\\\/noticias\\\/escenario-en-harapos-premio-cervantes-sergio-ramirez-sentencia-el-fin-del-mito-revolucionario-en-cuba\\\/#breadcrumb\",\"itemListElement\":[{\"@type\":\"ListItem\",\"position\":1,\"name\":\"Home\",\"item\":\"https:\\\/\\\/www.cuballama.com\\\/noticias\\\/\"},{\"@type\":\"ListItem\",\"position\":2,\"name\":\"\u00abEscenario en harapos\u00bb: Premio Cervantes Sergio Ram\u00edrez sentencia el fin del mito revolucionario en Cuba\"}]},{\"@type\":\"WebSite\",\"@id\":\"https:\\\/\\\/www.cuballama.com\\\/noticias\\\/#website\",\"url\":\"https:\\\/\\\/www.cuballama.com\\\/noticias\\\/\",\"name\":\"Cuballama Noticias\",\"description\":\"Medio digital sobre Cuba y el mundo\",\"publisher\":{\"@id\":\"https:\\\/\\\/www.cuballama.com\\\/noticias\\\/#organization\"},\"potentialAction\":[{\"@type\":\"SearchAction\",\"target\":{\"@type\":\"EntryPoint\",\"urlTemplate\":\"https:\\\/\\\/www.cuballama.com\\\/noticias\\\/?s={search_term_string}\"},\"query-input\":{\"@type\":\"PropertyValueSpecification\",\"valueRequired\":true,\"valueName\":\"search_term_string\"}}],\"inLanguage\":\"es\"},{\"@type\":\"Organization\",\"@id\":\"https:\\\/\\\/www.cuballama.com\\\/noticias\\\/#organization\",\"name\":\"Cuballama\",\"url\":\"https:\\\/\\\/www.cuballama.com\\\/noticias\\\/\",\"logo\":{\"@type\":\"ImageObject\",\"inLanguage\":\"es\",\"@id\":\"https:\\\/\\\/www.cuballama.com\\\/noticias\\\/#\\\/schema\\\/logo\\\/image\\\/\",\"url\":\"https:\\\/\\\/cdn1.mediawpaccore.net\\\/wp-content\\\/uploads\\\/2021\\\/12\\\/28171206\\\/cbll-logo-color-sm.png\",\"contentUrl\":\"https:\\\/\\\/cdn1.mediawpaccore.net\\\/wp-content\\\/uploads\\\/2021\\\/12\\\/28171206\\\/cbll-logo-color-sm.png\",\"width\":600,\"height\":133,\"caption\":\"Cuballama\"},\"image\":{\"@id\":\"https:\\\/\\\/www.cuballama.com\\\/noticias\\\/#\\\/schema\\\/logo\\\/image\\\/\"},\"sameAs\":[\"https:\\\/\\\/www.facebook.com\\\/CubaLlama\",\"https:\\\/\\\/x.com\\\/cuballama\",\"https:\\\/\\\/www.instagram.com\\\/stories\\\/cuballama_oficial\\\/\",\"https:\\\/\\\/www.youtube.com\\\/channel\\\/UCKkFE-d_axENGZcrc4as0IA\"]},{\"@type\":\"Person\",\"@id\":\"https:\\\/\\\/www.cuballama.com\\\/noticias\\\/#\\\/schema\\\/person\\\/5cba2b8cc25a3159e49fe730a94d512e\",\"name\":\"Sof\u00eda Reyes\",\"url\":\"https:\\\/\\\/www.cuballama.com\\\/noticias\\\/author\\\/laura\\\/\"}]}<\/script>\n<!-- \/ Yoast SEO plugin. -->","yoast_head_json":{"title":"\"Escenario en harapos\": Premio Cervantes Sergio Ram\u00edrez sentencia el fin del mito revolucionario en Cuba - Cuballama Noticias","description":"El Premio Cervantes Sergio Ram\u00edrez analiza la agon\u00eda del sistema cubano en su \u00faltima columna, describe a una Cuba \u201csin combustible\u201d.","robots":{"index":"index","follow":"follow","max-snippet":"max-snippet:-1","max-image-preview":"max-image-preview:large","max-video-preview":"max-video-preview:-1"},"canonical":"https:\/\/www.cuballama.com\/noticias\/escenario-en-harapos-premio-cervantes-sergio-ramirez-sentencia-el-fin-del-mito-revolucionario-en-cuba\/","og_locale":"es_ES","og_type":"article","og_title":"\"Escenario en harapos\": Premio Cervantes Sergio Ram\u00edrez sentencia el fin del mito revolucionario en Cuba - Cuballama Noticias","og_description":"El Premio Cervantes Sergio Ram\u00edrez analiza la agon\u00eda del sistema cubano en su \u00faltima columna, describe a una Cuba \u201csin combustible\u201d.","og_url":"https:\/\/www.cuballama.com\/noticias\/escenario-en-harapos-premio-cervantes-sergio-ramirez-sentencia-el-fin-del-mito-revolucionario-en-cuba\/","og_site_name":"Cuballama Noticias","article_publisher":"https:\/\/www.facebook.com\/CubaLlama","article_published_time":"2026-03-06T20:42:58+00:00","article_modified_time":"2026-03-06T20:43:01+00:00","og_image":[{"width":1028,"height":514,"url":"https:\/\/cdn1.mediawpaccore.net\/wp-content\/uploads\/2026\/03\/06153651\/Captura-de-pantalla-2026-03-06-a-las-21.36.25.png","type":"image\/png"}],"author":"Sof\u00eda Reyes","twitter_card":"summary_large_image","twitter_creator":"@cuballama","twitter_site":"@cuballama","twitter_misc":{"Escrito por":"Sof\u00eda Reyes","Tiempo de lectura":"3 minutos"},"schema":{"@context":"https:\/\/schema.org","@graph":[{"@type":"Article","@id":"https:\/\/www.cuballama.com\/noticias\/escenario-en-harapos-premio-cervantes-sergio-ramirez-sentencia-el-fin-del-mito-revolucionario-en-cuba\/#article","isPartOf":{"@id":"https:\/\/www.cuballama.com\/noticias\/escenario-en-harapos-premio-cervantes-sergio-ramirez-sentencia-el-fin-del-mito-revolucionario-en-cuba\/"},"author":{"name":"Sof\u00eda Reyes","@id":"https:\/\/www.cuballama.com\/noticias\/#\/schema\/person\/5cba2b8cc25a3159e49fe730a94d512e"},"headline":"\u00abEscenario en harapos\u00bb: Premio Cervantes Sergio Ram\u00edrez sentencia el fin del mito revolucionario en Cuba","datePublished":"2026-03-06T20:42:58+00:00","dateModified":"2026-03-06T20:43:01+00:00","mainEntityOfPage":{"@id":"https:\/\/www.cuballama.com\/noticias\/escenario-en-harapos-premio-cervantes-sergio-ramirez-sentencia-el-fin-del-mito-revolucionario-en-cuba\/"},"wordCount":488,"commentCount":0,"publisher":{"@id":"https:\/\/www.cuballama.com\/noticias\/#organization"},"image":{"@id":"https:\/\/www.cuballama.com\/noticias\/escenario-en-harapos-premio-cervantes-sergio-ramirez-sentencia-el-fin-del-mito-revolucionario-en-cuba\/#primaryimage"},"thumbnailUrl":"https:\/\/cdn1.mediawpaccore.net\/wp-content\/uploads\/2026\/03\/06153651\/Captura-de-pantalla-2026-03-06-a-las-21.36.25.png","keywords":["Crisis en Cuba","Cuba","cubanos","destacado","Sergio Ram\u00edrez"],"articleSection":["Destacado Cuba","Noticias","Noticias de Cuba"],"inLanguage":"es","potentialAction":[{"@type":"CommentAction","name":"Comment","target":["https:\/\/www.cuballama.com\/noticias\/escenario-en-harapos-premio-cervantes-sergio-ramirez-sentencia-el-fin-del-mito-revolucionario-en-cuba\/#respond"]}]},{"@type":"WebPage","@id":"https:\/\/www.cuballama.com\/noticias\/escenario-en-harapos-premio-cervantes-sergio-ramirez-sentencia-el-fin-del-mito-revolucionario-en-cuba\/","url":"https:\/\/www.cuballama.com\/noticias\/escenario-en-harapos-premio-cervantes-sergio-ramirez-sentencia-el-fin-del-mito-revolucionario-en-cuba\/","name":"\"Escenario en harapos\": Premio Cervantes Sergio Ram\u00edrez sentencia el fin del mito revolucionario en Cuba - Cuballama Noticias","isPartOf":{"@id":"https:\/\/www.cuballama.com\/noticias\/#website"},"primaryImageOfPage":{"@id":"https:\/\/www.cuballama.com\/noticias\/escenario-en-harapos-premio-cervantes-sergio-ramirez-sentencia-el-fin-del-mito-revolucionario-en-cuba\/#primaryimage"},"image":{"@id":"https:\/\/www.cuballama.com\/noticias\/escenario-en-harapos-premio-cervantes-sergio-ramirez-sentencia-el-fin-del-mito-revolucionario-en-cuba\/#primaryimage"},"thumbnailUrl":"https:\/\/cdn1.mediawpaccore.net\/wp-content\/uploads\/2026\/03\/06153651\/Captura-de-pantalla-2026-03-06-a-las-21.36.25.png","datePublished":"2026-03-06T20:42:58+00:00","dateModified":"2026-03-06T20:43:01+00:00","description":"El Premio Cervantes Sergio Ram\u00edrez analiza la agon\u00eda del sistema cubano en su \u00faltima columna, describe a una Cuba \u201csin combustible\u201d.","breadcrumb":{"@id":"https:\/\/www.cuballama.com\/noticias\/escenario-en-harapos-premio-cervantes-sergio-ramirez-sentencia-el-fin-del-mito-revolucionario-en-cuba\/#breadcrumb"},"inLanguage":"es","potentialAction":[{"@type":"ReadAction","target":["https:\/\/www.cuballama.com\/noticias\/escenario-en-harapos-premio-cervantes-sergio-ramirez-sentencia-el-fin-del-mito-revolucionario-en-cuba\/"]}]},{"@type":"ImageObject","inLanguage":"es","@id":"https:\/\/www.cuballama.com\/noticias\/escenario-en-harapos-premio-cervantes-sergio-ramirez-sentencia-el-fin-del-mito-revolucionario-en-cuba\/#primaryimage","url":"https:\/\/cdn1.mediawpaccore.net\/wp-content\/uploads\/2026\/03\/06153651\/Captura-de-pantalla-2026-03-06-a-las-21.36.25.png","contentUrl":"https:\/\/cdn1.mediawpaccore.net\/wp-content\/uploads\/2026\/03\/06153651\/Captura-de-pantalla-2026-03-06-a-las-21.36.25.png","width":1028,"height":514,"caption":"Foto tomada del canal de YouTube del Instituto Cervantes"},{"@type":"BreadcrumbList","@id":"https:\/\/www.cuballama.com\/noticias\/escenario-en-harapos-premio-cervantes-sergio-ramirez-sentencia-el-fin-del-mito-revolucionario-en-cuba\/#breadcrumb","itemListElement":[{"@type":"ListItem","position":1,"name":"Home","item":"https:\/\/www.cuballama.com\/noticias\/"},{"@type":"ListItem","position":2,"name":"\u00abEscenario en harapos\u00bb: Premio Cervantes Sergio Ram\u00edrez sentencia el fin del mito revolucionario en Cuba"}]},{"@type":"WebSite","@id":"https:\/\/www.cuballama.com\/noticias\/#website","url":"https:\/\/www.cuballama.com\/noticias\/","name":"Cuballama Noticias","description":"Medio digital sobre Cuba y el mundo","publisher":{"@id":"https:\/\/www.cuballama.com\/noticias\/#organization"},"potentialAction":[{"@type":"SearchAction","target":{"@type":"EntryPoint","urlTemplate":"https:\/\/www.cuballama.com\/noticias\/?s={search_term_string}"},"query-input":{"@type":"PropertyValueSpecification","valueRequired":true,"valueName":"search_term_string"}}],"inLanguage":"es"},{"@type":"Organization","@id":"https:\/\/www.cuballama.com\/noticias\/#organization","name":"Cuballama","url":"https:\/\/www.cuballama.com\/noticias\/","logo":{"@type":"ImageObject","inLanguage":"es","@id":"https:\/\/www.cuballama.com\/noticias\/#\/schema\/logo\/image\/","url":"https:\/\/cdn1.mediawpaccore.net\/wp-content\/uploads\/2021\/12\/28171206\/cbll-logo-color-sm.png","contentUrl":"https:\/\/cdn1.mediawpaccore.net\/wp-content\/uploads\/2021\/12\/28171206\/cbll-logo-color-sm.png","width":600,"height":133,"caption":"Cuballama"},"image":{"@id":"https:\/\/www.cuballama.com\/noticias\/#\/schema\/logo\/image\/"},"sameAs":["https:\/\/www.facebook.com\/CubaLlama","https:\/\/x.com\/cuballama","https:\/\/www.instagram.com\/stories\/cuballama_oficial\/","https:\/\/www.youtube.com\/channel\/UCKkFE-d_axENGZcrc4as0IA"]},{"@type":"Person","@id":"https:\/\/www.cuballama.com\/noticias\/#\/schema\/person\/5cba2b8cc25a3159e49fe730a94d512e","name":"Sof\u00eda Reyes","url":"https:\/\/www.cuballama.com\/noticias\/author\/laura\/"}]}},"_links":{"self":[{"href":"https:\/\/www.cuballama.com\/noticias\/wp-json\/wp\/v2\/posts\/218285","targetHints":{"allow":["GET"]}}],"collection":[{"href":"https:\/\/www.cuballama.com\/noticias\/wp-json\/wp\/v2\/posts"}],"about":[{"href":"https:\/\/www.cuballama.com\/noticias\/wp-json\/wp\/v2\/types\/post"}],"author":[{"embeddable":true,"href":"https:\/\/www.cuballama.com\/noticias\/wp-json\/wp\/v2\/users\/29"}],"replies":[{"embeddable":true,"href":"https:\/\/www.cuballama.com\/noticias\/wp-json\/wp\/v2\/comments?post=218285"}],"version-history":[{"count":4,"href":"https:\/\/www.cuballama.com\/noticias\/wp-json\/wp\/v2\/posts\/218285\/revisions"}],"predecessor-version":[{"id":237430,"href":"https:\/\/www.cuballama.com\/noticias\/wp-json\/wp\/v2\/posts\/218285\/revisions\/237430"}],"wp:featuredmedia":[{"embeddable":true,"href":"https:\/\/www.cuballama.com\/noticias\/wp-json\/wp\/v2\/media\/237428"}],"wp:attachment":[{"href":"https:\/\/www.cuballama.com\/noticias\/wp-json\/wp\/v2\/media?parent=218285"}],"wp:term":[{"taxonomy":"category","embeddable":true,"href":"https:\/\/www.cuballama.com\/noticias\/wp-json\/wp\/v2\/categories?post=218285"},{"taxonomy":"post_tag","embeddable":true,"href":"https:\/\/www.cuballama.com\/noticias\/wp-json\/wp\/v2\/tags?post=218285"}],"curies":[{"name":"wp","href":"https:\/\/api.w.org\/{rel}","templated":true}]}}