{"id":218146,"date":"2025-08-30T12:03:16","date_gmt":"2025-08-30T16:03:16","guid":{"rendered":"https:\/\/www.cuballama.com\/noticias\/?p=218146"},"modified":"2025-08-30T12:39:44","modified_gmt":"2025-08-30T16:39:44","slug":"muere-adolescente-cubano-en-accidente-de-transito-en-villa-clara","status":"publish","type":"post","link":"https:\/\/www.cuballama.com\/noticias\/muere-adolescente-cubano-en-accidente-de-transito-en-villa-clara\/","title":{"rendered":"Muere adolescente cubano en accidente de tr\u00e1nsito en Villa Clara"},"content":{"rendered":"\n<p>Un adolescente cubano identificado como Cristian Galvez falleci\u00f3 esta semana en un accidente de tr\u00e1nsito en la comunidad de Santo Domingo, en la provincia de Villa Clara, seg\u00fan varios reportes en redes sociales.<\/p>\n\n\n\n<p>Descrito por la poetisa Gloria Mu\u00f1oz como un \u201cchico bicicletero\u201d, el muchacho habr\u00eda muerto mientras \u201cjugaba\u201d a \u201cestar arreguind\u00e1ndose\u201d de otros veh\u00edculos, de acuerdo con testimonios de quienes no solo lamentaron su muerte, sino que adem\u00e1s esperan que sirva de ejemplo para otros j\u00f3venes.<\/p>\n\n\n\n<p>\u201cQue juntos formen un club deportivo donde el riesgo no sea jugar la vida, sino demostrar talento\u201d, expres\u00f3 Mu\u00f1oz en sus versos, a trav\u00e9s de los cuales dej\u00f3 entrever que el tr\u00e1gico incidente podr\u00eda haber sido responsabilidad de la v\u00edctima.<\/p>\n\n\n\n<iframe loading=\"lazy\" src=\"https:\/\/www.facebook.com\/plugins\/post.php?href=https%3A%2F%2Fwww.facebook.com%2Fgloria.munoz.5411%2Fposts%2Fpfbid0wEDeRJmxaXFTD5hAVJKzUW9yVHWSEi8DbQX7XLPG7Dt8KYZ6CCcYJoqe4phBmo5Ql&#038;show_text=true&#038;width=500\" width=\"500\" height=\"653\" style=\"border:none;overflow:hidden\" scrolling=\"no\" frameborder=\"0\" allowfullscreen=\"true\" allow=\"autoplay; clipboard-write; encrypted-media; picture-in-picture; web-share\"><\/iframe>\n\n\n\n<p>\u201cTu pueblo hoy te llora. Nunca imaginamos que esto suceder\u00eda. Mis condolencias para tu familia y tus amigos. Aunque no estudiamos juntos te conoc\u00eda desde la primaria y siempre fuiste muy alegre y de buen coraz\u00f3n. EPD, mi coraz\u00f3n, cu\u00eddanos desde el cielo y que Dios te tenga en el lugar m\u00e1s hermoso que tenga\u201d, escribi\u00f3 por su parte Kathleen Arencibia.<\/p>\n\n\n\n<iframe loading=\"lazy\" src=\"https:\/\/www.facebook.com\/plugins\/video.php?height=476&#038;href=https%3A%2F%2Fwww.facebook.com%2Freel%2F1679983849333486%2F&#038;show_text=true&#038;width=267&#038;t=0\" width=\"267\" height=\"591\" style=\"border:none;overflow:hidden\" scrolling=\"no\" frameborder=\"0\" allowfullscreen=\"true\" allow=\"autoplay; clipboard-write; encrypted-media; picture-in-picture; web-share\" allowFullScreen=\"true\"><\/iframe>\n\n\n\n<p>La usuaria Livia Garc\u00eda Hern\u00e1ndez comparti\u00f3 igualmente im\u00e1genes que mostraban a decenas de ciclistas acompa\u00f1ando el carro f\u00fanebre hasta el cementerio.<\/p>\n\n\n\n<p>Asimismo, la maestra Admarys D\u00edaz, record\u00f3 a Cristian, uno de sus exalumnos. \u201cMe duele, lo vi crecer, le di clases y nunca sabr\u00e9 lidiar con este tipo de p\u00e9rdida. Mi hijo es casi de su edad y lo celo de cada paso que da. Quiere su bici y a\u00fan no estoy preparada. Hay que hablar mucho con los j\u00f3venes y no rendirnos en el empe\u00f1o de educarlos. Qu\u00e9 triste suceso y c\u00f3mo voy a extra\u00f1ar a ese peque\u00f1o\u00bb, reflexion\u00f3.<\/p>\n\n\n\n<p>\u201cEse tipo de actividad siempre fue muy peligrosa. Ojal\u00e1 que los chavales tomen conciencia de lo mortal que puede ser y es una pena que se lo piensen despu\u00e9s de la muerte de un ni\u00f1o. Mis condolencias a la familias y los amigos\u201d, escribi\u00f3 otro internauta.<\/p>\n","protected":false},"excerpt":{"rendered":"<p>El pueblo del muchacho ha lamentado profundamente su temprana partida.<\/p>\n","protected":false},"author":30,"featured_media":218152,"comment_status":"open","ping_status":"closed","sticky":false,"template":"","format":"standard","meta":{"_acf_changed":false,"footnotes":""},"categories":[18,955],"tags":[4773,19636,941],"class_list":{"0":"post-218146","1":"post","2":"type-post","3":"status-publish","4":"format-standard","5":"has-post-thumbnail","7":"category-noticias","8":"category-noticias-de-cuba","9":"tag-accidente-de-transito","10":"tag-adolescente-cubano","11":"tag-destacado"},"acf":[],"yoast_head":"<!-- This site is optimized with the Yoast SEO plugin v27.5 - https:\/\/yoast.com\/product\/yoast-seo-wordpress\/ -->\n<title>Muere adolescente cubano en accidente de tr\u00e1nsito en Villa Clara - Cuballama Noticias<\/title>\n<meta name=\"description\" content=\"Un adolescente cubano falleci\u00f3 esta semana en un accidente de tr\u00e1nsito en una comunidad de la provincia de Villa Clara.\" \/>\n<meta name=\"robots\" content=\"index, follow, max-snippet:-1, max-image-preview:large, max-video-preview:-1\" \/>\n<link rel=\"canonical\" href=\"https:\/\/www.cuballama.com\/noticias\/muere-adolescente-cubano-en-accidente-de-transito-en-villa-clara\/\" \/>\n<meta property=\"og:locale\" content=\"es_ES\" \/>\n<meta property=\"og:type\" content=\"article\" \/>\n<meta property=\"og:title\" content=\"Muere adolescente cubano en accidente de tr\u00e1nsito en Villa Clara - Cuballama Noticias\" \/>\n<meta property=\"og:description\" content=\"Un adolescente cubano falleci\u00f3 esta semana en un accidente de tr\u00e1nsito en una comunidad de la provincia de Villa Clara.\" \/>\n<meta property=\"og:url\" content=\"https:\/\/www.cuballama.com\/noticias\/muere-adolescente-cubano-en-accidente-de-transito-en-villa-clara\/\" \/>\n<meta property=\"og:site_name\" content=\"Cuballama Noticias\" \/>\n<meta property=\"article:publisher\" content=\"https:\/\/www.facebook.com\/CubaLlama\" \/>\n<meta property=\"article:published_time\" content=\"2025-08-30T16:03:16+00:00\" \/>\n<meta property=\"article:modified_time\" content=\"2025-08-30T16:39:44+00:00\" \/>\n<meta property=\"og:image\" content=\"https:\/\/cdn1.mediawpaccore.net\/wp-content\/uploads\/2025\/08\/30085252\/luto_localidad_villa_clara_muerte_adolescente_accidente-3.webp\" \/>\n\t<meta property=\"og:image:width\" content=\"1200\" \/>\n\t<meta property=\"og:image:height\" content=\"630\" \/>\n\t<meta property=\"og:image:type\" content=\"image\/webp\" \/>\n<meta name=\"author\" content=\"Kathy\" \/>\n<meta name=\"twitter:card\" content=\"summary_large_image\" \/>\n<meta name=\"twitter:creator\" content=\"@cuballama\" \/>\n<meta name=\"twitter:site\" content=\"@cuballama\" \/>\n<meta name=\"twitter:label1\" content=\"Escrito por\" \/>\n\t<meta name=\"twitter:data1\" content=\"Kathy\" \/>\n\t<meta name=\"twitter:label2\" content=\"Tiempo de lectura\" \/>\n\t<meta name=\"twitter:data2\" content=\"2 minutos\" \/>\n<script type=\"application\/ld+json\" class=\"yoast-schema-graph\">{\"@context\":\"https:\\\/\\\/schema.org\",\"@graph\":[{\"@type\":\"Article\",\"@id\":\"https:\\\/\\\/www.cuballama.com\\\/noticias\\\/muere-adolescente-cubano-en-accidente-de-transito-en-villa-clara\\\/#article\",\"isPartOf\":{\"@id\":\"https:\\\/\\\/www.cuballama.com\\\/noticias\\\/muere-adolescente-cubano-en-accidente-de-transito-en-villa-clara\\\/\"},\"author\":{\"name\":\"Kathy\",\"@id\":\"https:\\\/\\\/www.cuballama.com\\\/noticias\\\/#\\\/schema\\\/person\\\/86cd3e3f4974437f031211213bf892d5\"},\"headline\":\"Muere adolescente cubano en accidente de tr\u00e1nsito en Villa Clara\",\"datePublished\":\"2025-08-30T16:03:16+00:00\",\"dateModified\":\"2025-08-30T16:39:44+00:00\",\"mainEntityOfPage\":{\"@id\":\"https:\\\/\\\/www.cuballama.com\\\/noticias\\\/muere-adolescente-cubano-en-accidente-de-transito-en-villa-clara\\\/\"},\"wordCount\":369,\"commentCount\":0,\"publisher\":{\"@id\":\"https:\\\/\\\/www.cuballama.com\\\/noticias\\\/#organization\"},\"image\":{\"@id\":\"https:\\\/\\\/www.cuballama.com\\\/noticias\\\/muere-adolescente-cubano-en-accidente-de-transito-en-villa-clara\\\/#primaryimage\"},\"thumbnailUrl\":\"https:\\\/\\\/cdn1.mediawpaccore.net\\\/wp-content\\\/uploads\\\/2025\\\/08\\\/30085252\\\/luto_localidad_villa_clara_muerte_adolescente_accidente-3.webp\",\"keywords\":[\"accidente de tr\u00e1nsito\",\"adolescente cubano\",\"destacado\"],\"articleSection\":[\"Noticias\",\"Noticias de Cuba\"],\"inLanguage\":\"es\",\"potentialAction\":[{\"@type\":\"CommentAction\",\"name\":\"Comment\",\"target\":[\"https:\\\/\\\/www.cuballama.com\\\/noticias\\\/muere-adolescente-cubano-en-accidente-de-transito-en-villa-clara\\\/#respond\"]}]},{\"@type\":\"WebPage\",\"@id\":\"https:\\\/\\\/www.cuballama.com\\\/noticias\\\/muere-adolescente-cubano-en-accidente-de-transito-en-villa-clara\\\/\",\"url\":\"https:\\\/\\\/www.cuballama.com\\\/noticias\\\/muere-adolescente-cubano-en-accidente-de-transito-en-villa-clara\\\/\",\"name\":\"Muere adolescente cubano en accidente de tr\u00e1nsito en Villa Clara - Cuballama Noticias\",\"isPartOf\":{\"@id\":\"https:\\\/\\\/www.cuballama.com\\\/noticias\\\/#website\"},\"primaryImageOfPage\":{\"@id\":\"https:\\\/\\\/www.cuballama.com\\\/noticias\\\/muere-adolescente-cubano-en-accidente-de-transito-en-villa-clara\\\/#primaryimage\"},\"image\":{\"@id\":\"https:\\\/\\\/www.cuballama.com\\\/noticias\\\/muere-adolescente-cubano-en-accidente-de-transito-en-villa-clara\\\/#primaryimage\"},\"thumbnailUrl\":\"https:\\\/\\\/cdn1.mediawpaccore.net\\\/wp-content\\\/uploads\\\/2025\\\/08\\\/30085252\\\/luto_localidad_villa_clara_muerte_adolescente_accidente-3.webp\",\"datePublished\":\"2025-08-30T16:03:16+00:00\",\"dateModified\":\"2025-08-30T16:39:44+00:00\",\"description\":\"Un adolescente cubano falleci\u00f3 esta semana en un accidente de tr\u00e1nsito en una comunidad de la provincia de Villa Clara.\",\"breadcrumb\":{\"@id\":\"https:\\\/\\\/www.cuballama.com\\\/noticias\\\/muere-adolescente-cubano-en-accidente-de-transito-en-villa-clara\\\/#breadcrumb\"},\"inLanguage\":\"es\",\"potentialAction\":[{\"@type\":\"ReadAction\",\"target\":[\"https:\\\/\\\/www.cuballama.com\\\/noticias\\\/muere-adolescente-cubano-en-accidente-de-transito-en-villa-clara\\\/\"]}]},{\"@type\":\"ImageObject\",\"inLanguage\":\"es\",\"@id\":\"https:\\\/\\\/www.cuballama.com\\\/noticias\\\/muere-adolescente-cubano-en-accidente-de-transito-en-villa-clara\\\/#primaryimage\",\"url\":\"https:\\\/\\\/cdn1.mediawpaccore.net\\\/wp-content\\\/uploads\\\/2025\\\/08\\\/30085252\\\/luto_localidad_villa_clara_muerte_adolescente_accidente-3.webp\",\"contentUrl\":\"https:\\\/\\\/cdn1.mediawpaccore.net\\\/wp-content\\\/uploads\\\/2025\\\/08\\\/30085252\\\/luto_localidad_villa_clara_muerte_adolescente_accidente-3.webp\",\"width\":1200,\"height\":630,\"caption\":\"Cristian Galvez. Foto: Facebook\\\/Gloria Mu\u00f1oz.\"},{\"@type\":\"BreadcrumbList\",\"@id\":\"https:\\\/\\\/www.cuballama.com\\\/noticias\\\/muere-adolescente-cubano-en-accidente-de-transito-en-villa-clara\\\/#breadcrumb\",\"itemListElement\":[{\"@type\":\"ListItem\",\"position\":1,\"name\":\"Home\",\"item\":\"https:\\\/\\\/www.cuballama.com\\\/noticias\\\/\"},{\"@type\":\"ListItem\",\"position\":2,\"name\":\"Muere adolescente cubano en accidente de tr\u00e1nsito en Villa Clara\"}]},{\"@type\":\"WebSite\",\"@id\":\"https:\\\/\\\/www.cuballama.com\\\/noticias\\\/#website\",\"url\":\"https:\\\/\\\/www.cuballama.com\\\/noticias\\\/\",\"name\":\"Cuballama Noticias\",\"description\":\"Medio digital sobre Cuba y el mundo\",\"publisher\":{\"@id\":\"https:\\\/\\\/www.cuballama.com\\\/noticias\\\/#organization\"},\"potentialAction\":[{\"@type\":\"SearchAction\",\"target\":{\"@type\":\"EntryPoint\",\"urlTemplate\":\"https:\\\/\\\/www.cuballama.com\\\/noticias\\\/?s={search_term_string}\"},\"query-input\":{\"@type\":\"PropertyValueSpecification\",\"valueRequired\":true,\"valueName\":\"search_term_string\"}}],\"inLanguage\":\"es\"},{\"@type\":\"Organization\",\"@id\":\"https:\\\/\\\/www.cuballama.com\\\/noticias\\\/#organization\",\"name\":\"Cuballama\",\"url\":\"https:\\\/\\\/www.cuballama.com\\\/noticias\\\/\",\"logo\":{\"@type\":\"ImageObject\",\"inLanguage\":\"es\",\"@id\":\"https:\\\/\\\/www.cuballama.com\\\/noticias\\\/#\\\/schema\\\/logo\\\/image\\\/\",\"url\":\"https:\\\/\\\/cdn1.mediawpaccore.net\\\/wp-content\\\/uploads\\\/2021\\\/12\\\/28171206\\\/cbll-logo-color-sm.png\",\"contentUrl\":\"https:\\\/\\\/cdn1.mediawpaccore.net\\\/wp-content\\\/uploads\\\/2021\\\/12\\\/28171206\\\/cbll-logo-color-sm.png\",\"width\":600,\"height\":133,\"caption\":\"Cuballama\"},\"image\":{\"@id\":\"https:\\\/\\\/www.cuballama.com\\\/noticias\\\/#\\\/schema\\\/logo\\\/image\\\/\"},\"sameAs\":[\"https:\\\/\\\/www.facebook.com\\\/CubaLlama\",\"https:\\\/\\\/x.com\\\/cuballama\",\"https:\\\/\\\/www.instagram.com\\\/stories\\\/cuballama_oficial\\\/\",\"https:\\\/\\\/www.youtube.com\\\/channel\\\/UCKkFE-d_axENGZcrc4as0IA\"]},{\"@type\":\"Person\",\"@id\":\"https:\\\/\\\/www.cuballama.com\\\/noticias\\\/#\\\/schema\\\/person\\\/86cd3e3f4974437f031211213bf892d5\",\"name\":\"Kathy\",\"url\":\"https:\\\/\\\/www.cuballama.com\\\/noticias\\\/author\\\/kathy\\\/\"}]}<\/script>\n<!-- \/ Yoast SEO plugin. -->","yoast_head_json":{"title":"Muere adolescente cubano en accidente de tr\u00e1nsito en Villa Clara - Cuballama Noticias","description":"Un adolescente cubano falleci\u00f3 esta semana en un accidente de tr\u00e1nsito en una comunidad de la provincia de Villa Clara.","robots":{"index":"index","follow":"follow","max-snippet":"max-snippet:-1","max-image-preview":"max-image-preview:large","max-video-preview":"max-video-preview:-1"},"canonical":"https:\/\/www.cuballama.com\/noticias\/muere-adolescente-cubano-en-accidente-de-transito-en-villa-clara\/","og_locale":"es_ES","og_type":"article","og_title":"Muere adolescente cubano en accidente de tr\u00e1nsito en Villa Clara - Cuballama Noticias","og_description":"Un adolescente cubano falleci\u00f3 esta semana en un accidente de tr\u00e1nsito en una comunidad de la provincia de Villa Clara.","og_url":"https:\/\/www.cuballama.com\/noticias\/muere-adolescente-cubano-en-accidente-de-transito-en-villa-clara\/","og_site_name":"Cuballama Noticias","article_publisher":"https:\/\/www.facebook.com\/CubaLlama","article_published_time":"2025-08-30T16:03:16+00:00","article_modified_time":"2025-08-30T16:39:44+00:00","og_image":[{"width":1200,"height":630,"url":"https:\/\/cdn1.mediawpaccore.net\/wp-content\/uploads\/2025\/08\/30085252\/luto_localidad_villa_clara_muerte_adolescente_accidente-3.webp","type":"image\/webp"}],"author":"Kathy","twitter_card":"summary_large_image","twitter_creator":"@cuballama","twitter_site":"@cuballama","twitter_misc":{"Escrito por":"Kathy","Tiempo de lectura":"2 minutos"},"schema":{"@context":"https:\/\/schema.org","@graph":[{"@type":"Article","@id":"https:\/\/www.cuballama.com\/noticias\/muere-adolescente-cubano-en-accidente-de-transito-en-villa-clara\/#article","isPartOf":{"@id":"https:\/\/www.cuballama.com\/noticias\/muere-adolescente-cubano-en-accidente-de-transito-en-villa-clara\/"},"author":{"name":"Kathy","@id":"https:\/\/www.cuballama.com\/noticias\/#\/schema\/person\/86cd3e3f4974437f031211213bf892d5"},"headline":"Muere adolescente cubano en accidente de tr\u00e1nsito en Villa Clara","datePublished":"2025-08-30T16:03:16+00:00","dateModified":"2025-08-30T16:39:44+00:00","mainEntityOfPage":{"@id":"https:\/\/www.cuballama.com\/noticias\/muere-adolescente-cubano-en-accidente-de-transito-en-villa-clara\/"},"wordCount":369,"commentCount":0,"publisher":{"@id":"https:\/\/www.cuballama.com\/noticias\/#organization"},"image":{"@id":"https:\/\/www.cuballama.com\/noticias\/muere-adolescente-cubano-en-accidente-de-transito-en-villa-clara\/#primaryimage"},"thumbnailUrl":"https:\/\/cdn1.mediawpaccore.net\/wp-content\/uploads\/2025\/08\/30085252\/luto_localidad_villa_clara_muerte_adolescente_accidente-3.webp","keywords":["accidente de tr\u00e1nsito","adolescente cubano","destacado"],"articleSection":["Noticias","Noticias de Cuba"],"inLanguage":"es","potentialAction":[{"@type":"CommentAction","name":"Comment","target":["https:\/\/www.cuballama.com\/noticias\/muere-adolescente-cubano-en-accidente-de-transito-en-villa-clara\/#respond"]}]},{"@type":"WebPage","@id":"https:\/\/www.cuballama.com\/noticias\/muere-adolescente-cubano-en-accidente-de-transito-en-villa-clara\/","url":"https:\/\/www.cuballama.com\/noticias\/muere-adolescente-cubano-en-accidente-de-transito-en-villa-clara\/","name":"Muere adolescente cubano en accidente de tr\u00e1nsito en Villa Clara - Cuballama Noticias","isPartOf":{"@id":"https:\/\/www.cuballama.com\/noticias\/#website"},"primaryImageOfPage":{"@id":"https:\/\/www.cuballama.com\/noticias\/muere-adolescente-cubano-en-accidente-de-transito-en-villa-clara\/#primaryimage"},"image":{"@id":"https:\/\/www.cuballama.com\/noticias\/muere-adolescente-cubano-en-accidente-de-transito-en-villa-clara\/#primaryimage"},"thumbnailUrl":"https:\/\/cdn1.mediawpaccore.net\/wp-content\/uploads\/2025\/08\/30085252\/luto_localidad_villa_clara_muerte_adolescente_accidente-3.webp","datePublished":"2025-08-30T16:03:16+00:00","dateModified":"2025-08-30T16:39:44+00:00","description":"Un adolescente cubano falleci\u00f3 esta semana en un accidente de tr\u00e1nsito en una comunidad de la provincia de Villa Clara.","breadcrumb":{"@id":"https:\/\/www.cuballama.com\/noticias\/muere-adolescente-cubano-en-accidente-de-transito-en-villa-clara\/#breadcrumb"},"inLanguage":"es","potentialAction":[{"@type":"ReadAction","target":["https:\/\/www.cuballama.com\/noticias\/muere-adolescente-cubano-en-accidente-de-transito-en-villa-clara\/"]}]},{"@type":"ImageObject","inLanguage":"es","@id":"https:\/\/www.cuballama.com\/noticias\/muere-adolescente-cubano-en-accidente-de-transito-en-villa-clara\/#primaryimage","url":"https:\/\/cdn1.mediawpaccore.net\/wp-content\/uploads\/2025\/08\/30085252\/luto_localidad_villa_clara_muerte_adolescente_accidente-3.webp","contentUrl":"https:\/\/cdn1.mediawpaccore.net\/wp-content\/uploads\/2025\/08\/30085252\/luto_localidad_villa_clara_muerte_adolescente_accidente-3.webp","width":1200,"height":630,"caption":"Cristian Galvez. Foto: Facebook\/Gloria Mu\u00f1oz."},{"@type":"BreadcrumbList","@id":"https:\/\/www.cuballama.com\/noticias\/muere-adolescente-cubano-en-accidente-de-transito-en-villa-clara\/#breadcrumb","itemListElement":[{"@type":"ListItem","position":1,"name":"Home","item":"https:\/\/www.cuballama.com\/noticias\/"},{"@type":"ListItem","position":2,"name":"Muere adolescente cubano en accidente de tr\u00e1nsito en Villa Clara"}]},{"@type":"WebSite","@id":"https:\/\/www.cuballama.com\/noticias\/#website","url":"https:\/\/www.cuballama.com\/noticias\/","name":"Cuballama Noticias","description":"Medio digital sobre Cuba y el mundo","publisher":{"@id":"https:\/\/www.cuballama.com\/noticias\/#organization"},"potentialAction":[{"@type":"SearchAction","target":{"@type":"EntryPoint","urlTemplate":"https:\/\/www.cuballama.com\/noticias\/?s={search_term_string}"},"query-input":{"@type":"PropertyValueSpecification","valueRequired":true,"valueName":"search_term_string"}}],"inLanguage":"es"},{"@type":"Organization","@id":"https:\/\/www.cuballama.com\/noticias\/#organization","name":"Cuballama","url":"https:\/\/www.cuballama.com\/noticias\/","logo":{"@type":"ImageObject","inLanguage":"es","@id":"https:\/\/www.cuballama.com\/noticias\/#\/schema\/logo\/image\/","url":"https:\/\/cdn1.mediawpaccore.net\/wp-content\/uploads\/2021\/12\/28171206\/cbll-logo-color-sm.png","contentUrl":"https:\/\/cdn1.mediawpaccore.net\/wp-content\/uploads\/2021\/12\/28171206\/cbll-logo-color-sm.png","width":600,"height":133,"caption":"Cuballama"},"image":{"@id":"https:\/\/www.cuballama.com\/noticias\/#\/schema\/logo\/image\/"},"sameAs":["https:\/\/www.facebook.com\/CubaLlama","https:\/\/x.com\/cuballama","https:\/\/www.instagram.com\/stories\/cuballama_oficial\/","https:\/\/www.youtube.com\/channel\/UCKkFE-d_axENGZcrc4as0IA"]},{"@type":"Person","@id":"https:\/\/www.cuballama.com\/noticias\/#\/schema\/person\/86cd3e3f4974437f031211213bf892d5","name":"Kathy","url":"https:\/\/www.cuballama.com\/noticias\/author\/kathy\/"}]}},"_links":{"self":[{"href":"https:\/\/www.cuballama.com\/noticias\/wp-json\/wp\/v2\/posts\/218146","targetHints":{"allow":["GET"]}}],"collection":[{"href":"https:\/\/www.cuballama.com\/noticias\/wp-json\/wp\/v2\/posts"}],"about":[{"href":"https:\/\/www.cuballama.com\/noticias\/wp-json\/wp\/v2\/types\/post"}],"author":[{"embeddable":true,"href":"https:\/\/www.cuballama.com\/noticias\/wp-json\/wp\/v2\/users\/30"}],"replies":[{"embeddable":true,"href":"https:\/\/www.cuballama.com\/noticias\/wp-json\/wp\/v2\/comments?post=218146"}],"version-history":[{"count":5,"href":"https:\/\/www.cuballama.com\/noticias\/wp-json\/wp\/v2\/posts\/218146\/revisions"}],"predecessor-version":[{"id":218173,"href":"https:\/\/www.cuballama.com\/noticias\/wp-json\/wp\/v2\/posts\/218146\/revisions\/218173"}],"wp:featuredmedia":[{"embeddable":true,"href":"https:\/\/www.cuballama.com\/noticias\/wp-json\/wp\/v2\/media\/218152"}],"wp:attachment":[{"href":"https:\/\/www.cuballama.com\/noticias\/wp-json\/wp\/v2\/media?parent=218146"}],"wp:term":[{"taxonomy":"category","embeddable":true,"href":"https:\/\/www.cuballama.com\/noticias\/wp-json\/wp\/v2\/categories?post=218146"},{"taxonomy":"post_tag","embeddable":true,"href":"https:\/\/www.cuballama.com\/noticias\/wp-json\/wp\/v2\/tags?post=218146"}],"curies":[{"name":"wp","href":"https:\/\/api.w.org\/{rel}","templated":true}]}}