{"id":218041,"date":"2025-08-29T07:00:00","date_gmt":"2025-08-29T11:00:00","guid":{"rendered":"https:\/\/www.cuballama.com\/noticias\/?p=218041"},"modified":"2025-08-29T09:37:00","modified_gmt":"2025-08-29T13:37:00","slug":"cifra-historica-de-migrantes-cubanos-deportados-de-ee-uu-a-cuba","status":"publish","type":"post","link":"https:\/\/www.cuballama.com\/noticias\/cifra-historica-de-migrantes-cubanos-deportados-de-ee-uu-a-cuba\/","title":{"rendered":"Cifra hist\u00f3rica de migrantes cubanos deportados de EE.UU."},"content":{"rendered":"\n<p>Un total de 161 migrantes irregulares cubanos fueron deportados por Estados Unidos este jueves a La Habana en el octavo vuelo realizado desde el inicio del segundo mandato del presidente Donald Trump el pasado 20 de enero a la isla.<\/p>\n\n\n\n<p>Seg\u00fan una nota del Ministerio del Interior (Minint), citada por la televisi\u00f3n estatal, estos inmigrantes -124 hombres y 37 mujeres- fueron retornados a la isla \u201cen cumplimiento de los acuerdos migratorios bilaterales\u201d suscritos entre La Habana y Washington.<\/p>\n\n\n\n<p>El comunicado detall\u00f3 que dos de las personas reci\u00e9n repatriadas se encuentran bajo investigaci\u00f3n \u201ccomo presuntos comisores de hechos delictivos antes de salir del pa\u00eds\u201d.<\/p>\n\n\n\n<p>El texto tambi\u00e9n precis\u00f3 que con la operaci\u00f3n de este jueves suman 33 las devoluciones realizadas desde varios pa\u00edses de la regi\u00f3n en lo que va de a\u00f1o, con un total de 1.001 personas retornadas, la mayor\u00eda desde Estados Unidos.<\/p>\n\n\n\n<blockquote class=\"twitter-tweet\"><p lang=\"es\" dir=\"ltr\">Llega a <a href=\"https:\/\/twitter.com\/hashtag\/Cuba?src=hash&amp;ref_src=twsrc%5Etfw\">#Cuba<\/a> vuelo procedente de Estados Unidos en la octava operaci\u00f3n de devoluci\u00f3n de migrantes irregulares desde ese pa\u00eds en 2025, por el Aeropuerto Internacional &quot;Jos\u00e9 Mart\u00ed&quot;, que constituye la trig\u00e9simo tercera desde diferentes naciones de la regi\u00f3n. Se ampliar\u00e1. <a href=\"https:\/\/t.co\/KN595jsu8O\">pic.twitter.com\/KN595jsu8O<\/a><\/p>&mdash; MININT_CUBA (@minint_cuba) <a href=\"https:\/\/twitter.com\/minint_cuba\/status\/1961174616564699344?ref_src=twsrc%5Etfw\">August 28, 2025<\/a><\/blockquote> <script async src=\"https:\/\/platform.twitter.com\/widgets.js\" charset=\"utf-8\"><\/script>\n\n\n\n<p>Este ser\u00eda un vuelo hist\u00f3rico, ya que es el de mayor n\u00famero de personas devueltas a Cuba una sola operaci\u00f3n de este tipo. Ya <a href=\"https:\/\/www.cuballama.com\/noticias\/ee-uu-devuelve-cifra-record-de-migrantes-cubanos-en-vuelo-de-deportacion\/\" target=\"_blank\" rel=\"noreferrer noopener\">el vuelo del pasado 30 de mayo<\/a> hab\u00eda marcado un r\u00e9cord, con 130 migrantes cubanos retornados en un vuelo fletado desde Miami.<\/p>\n\n\n\n<p>Por su parte, <em>14yMedio<\/em> revel\u00f3 que, pese a que en los d\u00edas previos se pens\u00f3 que en este vuelo ser\u00eda devuelta la ex jueza cubana Melody Gonz\u00e1lez Pedraza, conocida por su actuaci\u00f3n en los procesos contra manifestantes del 11 de julio de 2021, su nombre aparece a\u00fan en los registros del centro para inmigrantes de Richwood, Luisiana, donde permanece bajo custodia del Servicio de Inmigraci\u00f3n y Control de Aduanas.<\/p>\n\n\n\n<p>A lo largo del 2025 los vuelos de deportaci\u00f3n hacia Cuba se han mantenido de manera regular, casi siempre el \u00faltimo jueves de cada mes.<\/p>\n\n\n\n<p><\/p>\n","protected":false},"excerpt":{"rendered":"<p>Un nuevo grupo de migrantes irregulares fue retornado a la isla este jueves 28 de agosto.<\/p>\n","protected":false},"author":30,"featured_media":218045,"comment_status":"open","ping_status":"closed","sticky":false,"template":"","format":"standard","meta":{"_acf_changed":false,"footnotes":""},"categories":[18,955],"tags":[5404,600,11017,20532],"class_list":{"0":"post-218041","1":"post","2":"type-post","3":"status-publish","4":"format-standard","5":"has-post-thumbnail","7":"category-noticias","8":"category-noticias-de-cuba","9":"tag-administracion-trump","10":"tag-migrantes-cubanos","11":"tag-superdestacado","12":"tag-vuelo-de-deportacion"},"acf":[],"yoast_head":"<!-- This site is optimized with the Yoast SEO plugin v27.4 - https:\/\/yoast.com\/product\/yoast-seo-wordpress\/ -->\n<title>Cifra hist\u00f3rica de migrantes cubanos deportados de EE.UU. - Cuballama Noticias<\/title>\n<meta name=\"description\" content=\"Un total de 161 migrantes irregulares cubanos fueron deportados por Estados Unidos este jueves a La Habana.\" \/>\n<meta name=\"robots\" content=\"index, follow, max-snippet:-1, max-image-preview:large, max-video-preview:-1\" \/>\n<link rel=\"canonical\" href=\"https:\/\/www.cuballama.com\/noticias\/cifra-historica-de-migrantes-cubanos-deportados-de-ee-uu-a-cuba\/\" \/>\n<meta property=\"og:locale\" content=\"es_ES\" \/>\n<meta property=\"og:type\" content=\"article\" \/>\n<meta property=\"og:title\" content=\"Cifra hist\u00f3rica de migrantes cubanos deportados de EE.UU. - Cuballama Noticias\" \/>\n<meta property=\"og:description\" content=\"Un total de 161 migrantes irregulares cubanos fueron deportados por Estados Unidos este jueves a La Habana.\" \/>\n<meta property=\"og:url\" content=\"https:\/\/www.cuballama.com\/noticias\/cifra-historica-de-migrantes-cubanos-deportados-de-ee-uu-a-cuba\/\" \/>\n<meta property=\"og:site_name\" content=\"Cuballama Noticias\" \/>\n<meta property=\"article:publisher\" content=\"https:\/\/www.facebook.com\/CubaLlama\" \/>\n<meta property=\"article:published_time\" content=\"2025-08-29T11:00:00+00:00\" \/>\n<meta property=\"article:modified_time\" content=\"2025-08-29T13:37:00+00:00\" \/>\n<meta property=\"og:image\" content=\"https:\/\/cdn1.mediawpaccore.net\/wp-content\/uploads\/2025\/08\/29002804\/Gzd940cXAAA_azN.jpg\" \/>\n\t<meta property=\"og:image:width\" content=\"1200\" \/>\n\t<meta property=\"og:image:height\" content=\"630\" \/>\n\t<meta property=\"og:image:type\" content=\"image\/jpeg\" \/>\n<meta name=\"author\" content=\"Kathy\" \/>\n<meta name=\"twitter:card\" content=\"summary_large_image\" \/>\n<meta name=\"twitter:creator\" content=\"@cuballama\" \/>\n<meta name=\"twitter:site\" content=\"@cuballama\" \/>\n<meta name=\"twitter:label1\" content=\"Escrito por\" \/>\n\t<meta name=\"twitter:data1\" content=\"Kathy\" \/>\n\t<meta name=\"twitter:label2\" content=\"Tiempo de lectura\" \/>\n\t<meta name=\"twitter:data2\" content=\"2 minutos\" \/>\n<script type=\"application\/ld+json\" class=\"yoast-schema-graph\">{\"@context\":\"https:\\\/\\\/schema.org\",\"@graph\":[{\"@type\":\"Article\",\"@id\":\"https:\\\/\\\/www.cuballama.com\\\/noticias\\\/cifra-historica-de-migrantes-cubanos-deportados-de-ee-uu-a-cuba\\\/#article\",\"isPartOf\":{\"@id\":\"https:\\\/\\\/www.cuballama.com\\\/noticias\\\/cifra-historica-de-migrantes-cubanos-deportados-de-ee-uu-a-cuba\\\/\"},\"author\":{\"name\":\"Kathy\",\"@id\":\"https:\\\/\\\/www.cuballama.com\\\/noticias\\\/#\\\/schema\\\/person\\\/86cd3e3f4974437f031211213bf892d5\"},\"headline\":\"Cifra hist\u00f3rica de migrantes cubanos deportados de EE.UU.\",\"datePublished\":\"2025-08-29T11:00:00+00:00\",\"dateModified\":\"2025-08-29T13:37:00+00:00\",\"mainEntityOfPage\":{\"@id\":\"https:\\\/\\\/www.cuballama.com\\\/noticias\\\/cifra-historica-de-migrantes-cubanos-deportados-de-ee-uu-a-cuba\\\/\"},\"wordCount\":366,\"commentCount\":0,\"publisher\":{\"@id\":\"https:\\\/\\\/www.cuballama.com\\\/noticias\\\/#organization\"},\"image\":{\"@id\":\"https:\\\/\\\/www.cuballama.com\\\/noticias\\\/cifra-historica-de-migrantes-cubanos-deportados-de-ee-uu-a-cuba\\\/#primaryimage\"},\"thumbnailUrl\":\"https:\\\/\\\/cdn1.mediawpaccore.net\\\/wp-content\\\/uploads\\\/2025\\\/08\\\/29002804\\\/Gzd940cXAAA_azN.jpg\",\"keywords\":[\"administraci\u00f3n Trump\",\"Migrantes cubanos\",\"superdestacado\",\"vuelo de deportaci\u00f3n\"],\"articleSection\":[\"Noticias\",\"Noticias de Cuba\"],\"inLanguage\":\"es\",\"potentialAction\":[{\"@type\":\"CommentAction\",\"name\":\"Comment\",\"target\":[\"https:\\\/\\\/www.cuballama.com\\\/noticias\\\/cifra-historica-de-migrantes-cubanos-deportados-de-ee-uu-a-cuba\\\/#respond\"]}]},{\"@type\":\"WebPage\",\"@id\":\"https:\\\/\\\/www.cuballama.com\\\/noticias\\\/cifra-historica-de-migrantes-cubanos-deportados-de-ee-uu-a-cuba\\\/\",\"url\":\"https:\\\/\\\/www.cuballama.com\\\/noticias\\\/cifra-historica-de-migrantes-cubanos-deportados-de-ee-uu-a-cuba\\\/\",\"name\":\"Cifra hist\u00f3rica de migrantes cubanos deportados de EE.UU. - Cuballama Noticias\",\"isPartOf\":{\"@id\":\"https:\\\/\\\/www.cuballama.com\\\/noticias\\\/#website\"},\"primaryImageOfPage\":{\"@id\":\"https:\\\/\\\/www.cuballama.com\\\/noticias\\\/cifra-historica-de-migrantes-cubanos-deportados-de-ee-uu-a-cuba\\\/#primaryimage\"},\"image\":{\"@id\":\"https:\\\/\\\/www.cuballama.com\\\/noticias\\\/cifra-historica-de-migrantes-cubanos-deportados-de-ee-uu-a-cuba\\\/#primaryimage\"},\"thumbnailUrl\":\"https:\\\/\\\/cdn1.mediawpaccore.net\\\/wp-content\\\/uploads\\\/2025\\\/08\\\/29002804\\\/Gzd940cXAAA_azN.jpg\",\"datePublished\":\"2025-08-29T11:00:00+00:00\",\"dateModified\":\"2025-08-29T13:37:00+00:00\",\"description\":\"Un total de 161 migrantes irregulares cubanos fueron deportados por Estados Unidos este jueves a La Habana.\",\"breadcrumb\":{\"@id\":\"https:\\\/\\\/www.cuballama.com\\\/noticias\\\/cifra-historica-de-migrantes-cubanos-deportados-de-ee-uu-a-cuba\\\/#breadcrumb\"},\"inLanguage\":\"es\",\"potentialAction\":[{\"@type\":\"ReadAction\",\"target\":[\"https:\\\/\\\/www.cuballama.com\\\/noticias\\\/cifra-historica-de-migrantes-cubanos-deportados-de-ee-uu-a-cuba\\\/\"]}]},{\"@type\":\"ImageObject\",\"inLanguage\":\"es\",\"@id\":\"https:\\\/\\\/www.cuballama.com\\\/noticias\\\/cifra-historica-de-migrantes-cubanos-deportados-de-ee-uu-a-cuba\\\/#primaryimage\",\"url\":\"https:\\\/\\\/cdn1.mediawpaccore.net\\\/wp-content\\\/uploads\\\/2025\\\/08\\\/29002804\\\/Gzd940cXAAA_azN.jpg\",\"contentUrl\":\"https:\\\/\\\/cdn1.mediawpaccore.net\\\/wp-content\\\/uploads\\\/2025\\\/08\\\/29002804\\\/Gzd940cXAAA_azN.jpg\",\"width\":1200,\"height\":630,\"caption\":\"Vuelo de deportaci\u00f3n a Cuba. Foto: X\\\/Minint Cuba.\"},{\"@type\":\"BreadcrumbList\",\"@id\":\"https:\\\/\\\/www.cuballama.com\\\/noticias\\\/cifra-historica-de-migrantes-cubanos-deportados-de-ee-uu-a-cuba\\\/#breadcrumb\",\"itemListElement\":[{\"@type\":\"ListItem\",\"position\":1,\"name\":\"Home\",\"item\":\"https:\\\/\\\/www.cuballama.com\\\/noticias\\\/\"},{\"@type\":\"ListItem\",\"position\":2,\"name\":\"Cifra hist\u00f3rica de migrantes cubanos deportados de EE.UU.\"}]},{\"@type\":\"WebSite\",\"@id\":\"https:\\\/\\\/www.cuballama.com\\\/noticias\\\/#website\",\"url\":\"https:\\\/\\\/www.cuballama.com\\\/noticias\\\/\",\"name\":\"Cuballama Noticias\",\"description\":\"Medio digital sobre Cuba y el mundo\",\"publisher\":{\"@id\":\"https:\\\/\\\/www.cuballama.com\\\/noticias\\\/#organization\"},\"potentialAction\":[{\"@type\":\"SearchAction\",\"target\":{\"@type\":\"EntryPoint\",\"urlTemplate\":\"https:\\\/\\\/www.cuballama.com\\\/noticias\\\/?s={search_term_string}\"},\"query-input\":{\"@type\":\"PropertyValueSpecification\",\"valueRequired\":true,\"valueName\":\"search_term_string\"}}],\"inLanguage\":\"es\"},{\"@type\":\"Organization\",\"@id\":\"https:\\\/\\\/www.cuballama.com\\\/noticias\\\/#organization\",\"name\":\"Cuballama\",\"url\":\"https:\\\/\\\/www.cuballama.com\\\/noticias\\\/\",\"logo\":{\"@type\":\"ImageObject\",\"inLanguage\":\"es\",\"@id\":\"https:\\\/\\\/www.cuballama.com\\\/noticias\\\/#\\\/schema\\\/logo\\\/image\\\/\",\"url\":\"https:\\\/\\\/cdn1.mediawpaccore.net\\\/wp-content\\\/uploads\\\/2021\\\/12\\\/28171206\\\/cbll-logo-color-sm.png\",\"contentUrl\":\"https:\\\/\\\/cdn1.mediawpaccore.net\\\/wp-content\\\/uploads\\\/2021\\\/12\\\/28171206\\\/cbll-logo-color-sm.png\",\"width\":600,\"height\":133,\"caption\":\"Cuballama\"},\"image\":{\"@id\":\"https:\\\/\\\/www.cuballama.com\\\/noticias\\\/#\\\/schema\\\/logo\\\/image\\\/\"},\"sameAs\":[\"https:\\\/\\\/www.facebook.com\\\/CubaLlama\",\"https:\\\/\\\/x.com\\\/cuballama\",\"https:\\\/\\\/www.instagram.com\\\/stories\\\/cuballama_oficial\\\/\",\"https:\\\/\\\/www.youtube.com\\\/channel\\\/UCKkFE-d_axENGZcrc4as0IA\"]},{\"@type\":\"Person\",\"@id\":\"https:\\\/\\\/www.cuballama.com\\\/noticias\\\/#\\\/schema\\\/person\\\/86cd3e3f4974437f031211213bf892d5\",\"name\":\"Kathy\",\"url\":\"https:\\\/\\\/www.cuballama.com\\\/noticias\\\/author\\\/kathy\\\/\"}]}<\/script>\n<!-- \/ Yoast SEO plugin. -->","yoast_head_json":{"title":"Cifra hist\u00f3rica de migrantes cubanos deportados de EE.UU. - Cuballama Noticias","description":"Un total de 161 migrantes irregulares cubanos fueron deportados por Estados Unidos este jueves a La Habana.","robots":{"index":"index","follow":"follow","max-snippet":"max-snippet:-1","max-image-preview":"max-image-preview:large","max-video-preview":"max-video-preview:-1"},"canonical":"https:\/\/www.cuballama.com\/noticias\/cifra-historica-de-migrantes-cubanos-deportados-de-ee-uu-a-cuba\/","og_locale":"es_ES","og_type":"article","og_title":"Cifra hist\u00f3rica de migrantes cubanos deportados de EE.UU. - Cuballama Noticias","og_description":"Un total de 161 migrantes irregulares cubanos fueron deportados por Estados Unidos este jueves a La Habana.","og_url":"https:\/\/www.cuballama.com\/noticias\/cifra-historica-de-migrantes-cubanos-deportados-de-ee-uu-a-cuba\/","og_site_name":"Cuballama Noticias","article_publisher":"https:\/\/www.facebook.com\/CubaLlama","article_published_time":"2025-08-29T11:00:00+00:00","article_modified_time":"2025-08-29T13:37:00+00:00","og_image":[{"width":1200,"height":630,"url":"https:\/\/cdn1.mediawpaccore.net\/wp-content\/uploads\/2025\/08\/29002804\/Gzd940cXAAA_azN.jpg","type":"image\/jpeg"}],"author":"Kathy","twitter_card":"summary_large_image","twitter_creator":"@cuballama","twitter_site":"@cuballama","twitter_misc":{"Escrito por":"Kathy","Tiempo de lectura":"2 minutos"},"schema":{"@context":"https:\/\/schema.org","@graph":[{"@type":"Article","@id":"https:\/\/www.cuballama.com\/noticias\/cifra-historica-de-migrantes-cubanos-deportados-de-ee-uu-a-cuba\/#article","isPartOf":{"@id":"https:\/\/www.cuballama.com\/noticias\/cifra-historica-de-migrantes-cubanos-deportados-de-ee-uu-a-cuba\/"},"author":{"name":"Kathy","@id":"https:\/\/www.cuballama.com\/noticias\/#\/schema\/person\/86cd3e3f4974437f031211213bf892d5"},"headline":"Cifra hist\u00f3rica de migrantes cubanos deportados de EE.UU.","datePublished":"2025-08-29T11:00:00+00:00","dateModified":"2025-08-29T13:37:00+00:00","mainEntityOfPage":{"@id":"https:\/\/www.cuballama.com\/noticias\/cifra-historica-de-migrantes-cubanos-deportados-de-ee-uu-a-cuba\/"},"wordCount":366,"commentCount":0,"publisher":{"@id":"https:\/\/www.cuballama.com\/noticias\/#organization"},"image":{"@id":"https:\/\/www.cuballama.com\/noticias\/cifra-historica-de-migrantes-cubanos-deportados-de-ee-uu-a-cuba\/#primaryimage"},"thumbnailUrl":"https:\/\/cdn1.mediawpaccore.net\/wp-content\/uploads\/2025\/08\/29002804\/Gzd940cXAAA_azN.jpg","keywords":["administraci\u00f3n Trump","Migrantes cubanos","superdestacado","vuelo de deportaci\u00f3n"],"articleSection":["Noticias","Noticias de Cuba"],"inLanguage":"es","potentialAction":[{"@type":"CommentAction","name":"Comment","target":["https:\/\/www.cuballama.com\/noticias\/cifra-historica-de-migrantes-cubanos-deportados-de-ee-uu-a-cuba\/#respond"]}]},{"@type":"WebPage","@id":"https:\/\/www.cuballama.com\/noticias\/cifra-historica-de-migrantes-cubanos-deportados-de-ee-uu-a-cuba\/","url":"https:\/\/www.cuballama.com\/noticias\/cifra-historica-de-migrantes-cubanos-deportados-de-ee-uu-a-cuba\/","name":"Cifra hist\u00f3rica de migrantes cubanos deportados de EE.UU. - Cuballama Noticias","isPartOf":{"@id":"https:\/\/www.cuballama.com\/noticias\/#website"},"primaryImageOfPage":{"@id":"https:\/\/www.cuballama.com\/noticias\/cifra-historica-de-migrantes-cubanos-deportados-de-ee-uu-a-cuba\/#primaryimage"},"image":{"@id":"https:\/\/www.cuballama.com\/noticias\/cifra-historica-de-migrantes-cubanos-deportados-de-ee-uu-a-cuba\/#primaryimage"},"thumbnailUrl":"https:\/\/cdn1.mediawpaccore.net\/wp-content\/uploads\/2025\/08\/29002804\/Gzd940cXAAA_azN.jpg","datePublished":"2025-08-29T11:00:00+00:00","dateModified":"2025-08-29T13:37:00+00:00","description":"Un total de 161 migrantes irregulares cubanos fueron deportados por Estados Unidos este jueves a La Habana.","breadcrumb":{"@id":"https:\/\/www.cuballama.com\/noticias\/cifra-historica-de-migrantes-cubanos-deportados-de-ee-uu-a-cuba\/#breadcrumb"},"inLanguage":"es","potentialAction":[{"@type":"ReadAction","target":["https:\/\/www.cuballama.com\/noticias\/cifra-historica-de-migrantes-cubanos-deportados-de-ee-uu-a-cuba\/"]}]},{"@type":"ImageObject","inLanguage":"es","@id":"https:\/\/www.cuballama.com\/noticias\/cifra-historica-de-migrantes-cubanos-deportados-de-ee-uu-a-cuba\/#primaryimage","url":"https:\/\/cdn1.mediawpaccore.net\/wp-content\/uploads\/2025\/08\/29002804\/Gzd940cXAAA_azN.jpg","contentUrl":"https:\/\/cdn1.mediawpaccore.net\/wp-content\/uploads\/2025\/08\/29002804\/Gzd940cXAAA_azN.jpg","width":1200,"height":630,"caption":"Vuelo de deportaci\u00f3n a Cuba. Foto: X\/Minint Cuba."},{"@type":"BreadcrumbList","@id":"https:\/\/www.cuballama.com\/noticias\/cifra-historica-de-migrantes-cubanos-deportados-de-ee-uu-a-cuba\/#breadcrumb","itemListElement":[{"@type":"ListItem","position":1,"name":"Home","item":"https:\/\/www.cuballama.com\/noticias\/"},{"@type":"ListItem","position":2,"name":"Cifra hist\u00f3rica de migrantes cubanos deportados de EE.UU."}]},{"@type":"WebSite","@id":"https:\/\/www.cuballama.com\/noticias\/#website","url":"https:\/\/www.cuballama.com\/noticias\/","name":"Cuballama Noticias","description":"Medio digital sobre Cuba y el mundo","publisher":{"@id":"https:\/\/www.cuballama.com\/noticias\/#organization"},"potentialAction":[{"@type":"SearchAction","target":{"@type":"EntryPoint","urlTemplate":"https:\/\/www.cuballama.com\/noticias\/?s={search_term_string}"},"query-input":{"@type":"PropertyValueSpecification","valueRequired":true,"valueName":"search_term_string"}}],"inLanguage":"es"},{"@type":"Organization","@id":"https:\/\/www.cuballama.com\/noticias\/#organization","name":"Cuballama","url":"https:\/\/www.cuballama.com\/noticias\/","logo":{"@type":"ImageObject","inLanguage":"es","@id":"https:\/\/www.cuballama.com\/noticias\/#\/schema\/logo\/image\/","url":"https:\/\/cdn1.mediawpaccore.net\/wp-content\/uploads\/2021\/12\/28171206\/cbll-logo-color-sm.png","contentUrl":"https:\/\/cdn1.mediawpaccore.net\/wp-content\/uploads\/2021\/12\/28171206\/cbll-logo-color-sm.png","width":600,"height":133,"caption":"Cuballama"},"image":{"@id":"https:\/\/www.cuballama.com\/noticias\/#\/schema\/logo\/image\/"},"sameAs":["https:\/\/www.facebook.com\/CubaLlama","https:\/\/x.com\/cuballama","https:\/\/www.instagram.com\/stories\/cuballama_oficial\/","https:\/\/www.youtube.com\/channel\/UCKkFE-d_axENGZcrc4as0IA"]},{"@type":"Person","@id":"https:\/\/www.cuballama.com\/noticias\/#\/schema\/person\/86cd3e3f4974437f031211213bf892d5","name":"Kathy","url":"https:\/\/www.cuballama.com\/noticias\/author\/kathy\/"}]}},"_links":{"self":[{"href":"https:\/\/www.cuballama.com\/noticias\/wp-json\/wp\/v2\/posts\/218041","targetHints":{"allow":["GET"]}}],"collection":[{"href":"https:\/\/www.cuballama.com\/noticias\/wp-json\/wp\/v2\/posts"}],"about":[{"href":"https:\/\/www.cuballama.com\/noticias\/wp-json\/wp\/v2\/types\/post"}],"author":[{"embeddable":true,"href":"https:\/\/www.cuballama.com\/noticias\/wp-json\/wp\/v2\/users\/30"}],"replies":[{"embeddable":true,"href":"https:\/\/www.cuballama.com\/noticias\/wp-json\/wp\/v2\/comments?post=218041"}],"version-history":[{"count":7,"href":"https:\/\/www.cuballama.com\/noticias\/wp-json\/wp\/v2\/posts\/218041\/revisions"}],"predecessor-version":[{"id":218123,"href":"https:\/\/www.cuballama.com\/noticias\/wp-json\/wp\/v2\/posts\/218041\/revisions\/218123"}],"wp:featuredmedia":[{"embeddable":true,"href":"https:\/\/www.cuballama.com\/noticias\/wp-json\/wp\/v2\/media\/218045"}],"wp:attachment":[{"href":"https:\/\/www.cuballama.com\/noticias\/wp-json\/wp\/v2\/media?parent=218041"}],"wp:term":[{"taxonomy":"category","embeddable":true,"href":"https:\/\/www.cuballama.com\/noticias\/wp-json\/wp\/v2\/categories?post=218041"},{"taxonomy":"post_tag","embeddable":true,"href":"https:\/\/www.cuballama.com\/noticias\/wp-json\/wp\/v2\/tags?post=218041"}],"curies":[{"name":"wp","href":"https:\/\/api.w.org\/{rel}","templated":true}]}}