{"id":217992,"date":"2025-08-28T09:07:50","date_gmt":"2025-08-28T13:07:50","guid":{"rendered":"https:\/\/www.cuballama.com\/noticias\/?p=217992"},"modified":"2025-08-28T09:07:52","modified_gmt":"2025-08-28T13:07:52","slug":"no-son-bienvenidos-aqui-maria-vargas-explica-por-que-sofia-no-vera-a-su-papa-alexander-delgado-ni-a-su-hermana-kuki","status":"publish","type":"post","link":"https:\/\/www.cuballama.com\/noticias\/no-son-bienvenidos-aqui-maria-vargas-explica-por-que-sofia-no-vera-a-su-papa-alexander-delgado-ni-a-su-hermana-kuki\/","title":{"rendered":"\u201cNo son bienvenidos aqu\u00ed\u201d: Mar\u00eda Vargas explica por qu\u00e9 Sof\u00eda no ver\u00e1 a su pap\u00e1 Alexander Delgado ni a su hermana Kuki"},"content":{"rendered":"\n<p>Mar\u00eda Vargas, madre de la hija menor del m\u00fasico cubano Alexander Delgado, volvi\u00f3 a colocarse en el centro de la conversaci\u00f3n digital tras rechazar con absoluta firmeza un posible encuentro familiar entre los cuatro hijos del artista. El l\u00edder de Gente de Zona vive en Miami con dos de sus hijos, Alex Jr. y Kuki Delgado, mientras Sof\u00eda radica con su mam\u00e1 en Orlando y el mayor de los ni\u00f1os (hasta ayer desconocido por el p\u00fablico) en Italia<\/p>\n\n\n\n<p>El comentario surgi\u00f3 a ra\u00edz de unas fotos recientes que mostraban a Sof\u00eda junto a su hermano mayor, el hijo menos conocido del reguetonero, quien reside en Italia y viaj\u00f3 a Florida para encontrarse con ella. Una usuaria, con la ilusi\u00f3n de una futura uni\u00f3n familiar, pregunt\u00f3: \u201c\u00bfAlg\u00fan d\u00eda pudieran estar los cuatro unidos?\u201d.<\/p>\n\n\n\n<p>La respuesta de Mar\u00eda no dej\u00f3 espacio para ambig\u00fcedades. \u201cEso no va a suceder, por lo menos con la hermana no. Sof\u00eda vive a solo 4 horas de su casa, ni una llamada, ni una visita, WhatsApp es gratis. \u00a1Sof\u00eda no necesita hermana ni padre as\u00ed!\u201d, escribi\u00f3 la mam\u00e1 de Sof\u00eda.<\/p>\n\n\n\n<p>Lejos de suavizar su postura, Vargas reforz\u00f3 el mensaje con palabras a\u00fan m\u00e1s tajantes. \u201cLa que no los acepta soy yo. No son bienvenidos aqu\u00ed. Que esperen a que ella sea mayor; mientras tanto, no van a venir a joder ninguno de los dos\u201d. Sus declaraciones dejaron al descubierto no solo el quiebre con Alexander, sino tambi\u00e9n con la hija mayor del artista, conocida como Kuki Delgado.<\/p>\n\n\n\n<figure class=\"wp-block-image size-large\"><img loading=\"lazy\" decoding=\"async\" width=\"672\" height=\"1024\" src=\"https:\/\/cdn1.mediawpaccore.net\/wp-content\/uploads\/2025\/08\/28090323\/WhatsApp-Image-2025-08-28-at-14.54.53-672x1024.jpeg\" alt=\"\" class=\"wp-image-218002\" srcset=\"https:\/\/cdn1.mediawpaccore.net\/wp-content\/uploads\/2025\/08\/28090323\/WhatsApp-Image-2025-08-28-at-14.54.53-672x1024.jpeg 672w, https:\/\/cdn1.mediawpaccore.net\/wp-content\/uploads\/2025\/08\/28090323\/WhatsApp-Image-2025-08-28-at-14.54.53-197x300.jpeg 197w, https:\/\/cdn1.mediawpaccore.net\/wp-content\/uploads\/2025\/08\/28090323\/WhatsApp-Image-2025-08-28-at-14.54.53-768x1170.jpeg 768w, https:\/\/cdn1.mediawpaccore.net\/wp-content\/uploads\/2025\/08\/28090323\/WhatsApp-Image-2025-08-28-at-14.54.53-1008x1536.jpeg 1008w, https:\/\/cdn1.mediawpaccore.net\/wp-content\/uploads\/2025\/08\/28090323\/WhatsApp-Image-2025-08-28-at-14.54.53-276x420.jpeg 276w, https:\/\/cdn1.mediawpaccore.net\/wp-content\/uploads\/2025\/08\/28090323\/WhatsApp-Image-2025-08-28-at-14.54.53-150x228.jpeg 150w, https:\/\/cdn1.mediawpaccore.net\/wp-content\/uploads\/2025\/08\/28090323\/WhatsApp-Image-2025-08-28-at-14.54.53-300x457.jpeg 300w, https:\/\/cdn1.mediawpaccore.net\/wp-content\/uploads\/2025\/08\/28090323\/WhatsApp-Image-2025-08-28-at-14.54.53-696x1060.jpeg 696w, https:\/\/cdn1.mediawpaccore.net\/wp-content\/uploads\/2025\/08\/28090323\/WhatsApp-Image-2025-08-28-at-14.54.53-1068x1627.jpeg 1068w, https:\/\/cdn1.mediawpaccore.net\/wp-content\/uploads\/2025\/08\/28090323\/WhatsApp-Image-2025-08-28-at-14.54.53.jpeg 1179w\" sizes=\"auto, (max-width: 672px) 100vw, 672px\" \/><\/figure>\n\n\n\n<p>El episodio se produce tras la primera aparici\u00f3n p\u00fablica del primog\u00e9nito de Alexander, un joven que hasta ahora se hab\u00eda mantenido al margen de la fama de su padre. En las im\u00e1genes compartidas por Mar\u00eda se le ve\u00eda disfrutando de un encuentro afectivo con Sof\u00eda, un gesto que muchos interpretaron como el inicio de un posible acercamiento entre hermanos. Sin embargo, la madre dej\u00f3 claro que ese puente no se extender\u00e1 hacia el resto del clan Delgado.<\/p>\n\n\n\n<p><strong>Lea m\u00e1s: <a href=\"https:\/\/www.cuballama.com\/noticias\/hijo-no-conocido-de-alexander-delgado-se-encuentra-con-su-hermanita-sofia-vargas-en-florida\/\" target=\"_blank\" rel=\"noreferrer noopener\">Hijo no conocido de Alexander Delgado se encuentra con su hermanita Sof\u00eda Vargas en Florida<\/a><\/strong><\/p>\n\n\n\n<p>Consultada en redes sobre si el muchacho realmente era hijo de Alexander, Mar\u00eda confirm\u00f3 lo que hasta ahora el cantante nunca ha declarado abiertamente. \u201cS\u00ed, est\u00e1 reconocido, solo que hay padres y PADRES\u201d, apunt\u00f3, con una frase que reson\u00f3 entre sus seguidores.<\/p>\n\n\n\n<blockquote class=\"instagram-media\" data-instgrm-captioned data-instgrm-permalink=\"https:\/\/www.instagram.com\/p\/DNcE4YJO26s\/?utm_source=ig_embed&amp;utm_campaign=loading\" data-instgrm-version=\"14\" style=\" background:#FFF; border:0; border-radius:3px; box-shadow:0 0 1px 0 rgba(0,0,0,0.5),0 1px 10px 0 rgba(0,0,0,0.15); margin: 1px; max-width:540px; min-width:326px; padding:0; width:99.375%; width:-webkit-calc(100% - 2px); width:calc(100% - 2px);\"><div style=\"padding:16px;\"> <a href=\"https:\/\/www.instagram.com\/p\/DNcE4YJO26s\/?utm_source=ig_embed&amp;utm_campaign=loading\" style=\" background:#FFFFFF; line-height:0; padding:0 0; text-align:center; text-decoration:none; width:100%;\" target=\"_blank\"> <div style=\" display: flex; flex-direction: row; align-items: center;\"> <div style=\"background-color: #F4F4F4; border-radius: 50%; flex-grow: 0; height: 40px; margin-right: 14px; width: 40px;\"><\/div> <div style=\"display: flex; flex-direction: column; flex-grow: 1; justify-content: center;\"> <div style=\" background-color: #F4F4F4; border-radius: 4px; flex-grow: 0; height: 14px; margin-bottom: 6px; width: 100px;\"><\/div> <div style=\" background-color: #F4F4F4; border-radius: 4px; flex-grow: 0; height: 14px; width: 60px;\"><\/div><\/div><\/div><div style=\"padding: 19% 0;\"><\/div> <div style=\"display:block; height:50px; margin:0 auto 12px; width:50px;\"><svg width=\"50px\" height=\"50px\" viewBox=\"0 0 60 60\" version=\"1.1\" xmlns=\"https:\/\/www.w3.org\/2000\/svg\" xmlns:xlink=\"https:\/\/www.w3.org\/1999\/xlink\"><g stroke=\"none\" stroke-width=\"1\" fill=\"none\" fill-rule=\"evenodd\"><g transform=\"translate(-511.000000, -20.000000)\" fill=\"#000000\"><g><path d=\"M556.869,30.41 C554.814,30.41 553.148,32.076 553.148,34.131 C553.148,36.186 554.814,37.852 556.869,37.852 C558.924,37.852 560.59,36.186 560.59,34.131 C560.59,32.076 558.924,30.41 556.869,30.41 M541,60.657 C535.114,60.657 530.342,55.887 530.342,50 C530.342,44.114 535.114,39.342 541,39.342 C546.887,39.342 551.658,44.114 551.658,50 C551.658,55.887 546.887,60.657 541,60.657 M541,33.886 C532.1,33.886 524.886,41.1 524.886,50 C524.886,58.899 532.1,66.113 541,66.113 C549.9,66.113 557.115,58.899 557.115,50 C557.115,41.1 549.9,33.886 541,33.886 M565.378,62.101 C565.244,65.022 564.756,66.606 564.346,67.663 C563.803,69.06 563.154,70.057 562.106,71.106 C561.058,72.155 560.06,72.803 558.662,73.347 C557.607,73.757 556.021,74.244 553.102,74.378 C549.944,74.521 548.997,74.552 541,74.552 C533.003,74.552 532.056,74.521 528.898,74.378 C525.979,74.244 524.393,73.757 523.338,73.347 C521.94,72.803 520.942,72.155 519.894,71.106 C518.846,70.057 518.197,69.06 517.654,67.663 C517.244,66.606 516.755,65.022 516.623,62.101 C516.479,58.943 516.448,57.996 516.448,50 C516.448,42.003 516.479,41.056 516.623,37.899 C516.755,34.978 517.244,33.391 517.654,32.338 C518.197,30.938 518.846,29.942 519.894,28.894 C520.942,27.846 521.94,27.196 523.338,26.654 C524.393,26.244 525.979,25.756 528.898,25.623 C532.057,25.479 533.004,25.448 541,25.448 C548.997,25.448 549.943,25.479 553.102,25.623 C556.021,25.756 557.607,26.244 558.662,26.654 C560.06,27.196 561.058,27.846 562.106,28.894 C563.154,29.942 563.803,30.938 564.346,32.338 C564.756,33.391 565.244,34.978 565.378,37.899 C565.522,41.056 565.552,42.003 565.552,50 C565.552,57.996 565.522,58.943 565.378,62.101 M570.82,37.631 C570.674,34.438 570.167,32.258 569.425,30.349 C568.659,28.377 567.633,26.702 565.965,25.035 C564.297,23.368 562.623,22.342 560.652,21.575 C558.743,20.834 556.562,20.326 553.369,20.18 C550.169,20.033 549.148,20 541,20 C532.853,20 531.831,20.033 528.631,20.18 C525.438,20.326 523.257,20.834 521.349,21.575 C519.376,22.342 517.703,23.368 516.035,25.035 C514.368,26.702 513.342,28.377 512.574,30.349 C511.834,32.258 511.326,34.438 511.181,37.631 C511.035,40.831 511,41.851 511,50 C511,58.147 511.035,59.17 511.181,62.369 C511.326,65.562 511.834,67.743 512.574,69.651 C513.342,71.625 514.368,73.296 516.035,74.965 C517.703,76.634 519.376,77.658 521.349,78.425 C523.257,79.167 525.438,79.673 528.631,79.82 C531.831,79.965 532.853,80.001 541,80.001 C549.148,80.001 550.169,79.965 553.369,79.82 C556.562,79.673 558.743,79.167 560.652,78.425 C562.623,77.658 564.297,76.634 565.965,74.965 C567.633,73.296 568.659,71.625 569.425,69.651 C570.167,67.743 570.674,65.562 570.82,62.369 C570.966,59.17 571,58.147 571,50 C571,41.851 570.966,40.831 570.82,37.631\"><\/path><\/g><\/g><\/g><\/svg><\/div><div style=\"padding-top: 8px;\"> <div style=\" color:#3897f0; font-family:Arial,sans-serif; font-size:14px; font-style:normal; font-weight:550; line-height:18px;\">Ver esta publicaci\u00f3n en Instagram<\/div><\/div><div style=\"padding: 12.5% 0;\"><\/div> <div style=\"display: flex; flex-direction: row; margin-bottom: 14px; align-items: center;\"><div> <div style=\"background-color: #F4F4F4; border-radius: 50%; height: 12.5px; width: 12.5px; transform: translateX(0px) translateY(7px);\"><\/div> <div style=\"background-color: #F4F4F4; height: 12.5px; transform: rotate(-45deg) translateX(3px) translateY(1px); width: 12.5px; flex-grow: 0; margin-right: 14px; margin-left: 2px;\"><\/div> <div style=\"background-color: #F4F4F4; border-radius: 50%; height: 12.5px; width: 12.5px; transform: translateX(9px) translateY(-18px);\"><\/div><\/div><div style=\"margin-left: 8px;\"> <div style=\" background-color: #F4F4F4; border-radius: 50%; flex-grow: 0; height: 20px; width: 20px;\"><\/div> <div style=\" width: 0; height: 0; border-top: 2px solid transparent; border-left: 6px solid #f4f4f4; border-bottom: 2px solid transparent; transform: translateX(16px) translateY(-4px) rotate(30deg)\"><\/div><\/div><div style=\"margin-left: auto;\"> <div style=\" width: 0px; border-top: 8px solid #F4F4F4; border-right: 8px solid transparent; transform: translateY(16px);\"><\/div> <div style=\" background-color: #F4F4F4; flex-grow: 0; height: 12px; width: 16px; transform: translateY(-4px);\"><\/div> <div style=\" width: 0; height: 0; border-top: 8px solid #F4F4F4; border-left: 8px solid transparent; transform: translateY(-4px) translateX(8px);\"><\/div><\/div><\/div> <div style=\"display: flex; flex-direction: column; flex-grow: 1; justify-content: center; margin-bottom: 24px;\"> <div style=\" background-color: #F4F4F4; border-radius: 4px; flex-grow: 0; height: 14px; margin-bottom: 6px; width: 224px;\"><\/div> <div style=\" background-color: #F4F4F4; border-radius: 4px; flex-grow: 0; height: 14px; width: 144px;\"><\/div><\/div><\/a><p style=\" color:#c9c8cd; font-family:Arial,sans-serif; font-size:14px; line-height:17px; margin-bottom:0; margin-top:8px; overflow:hidden; padding:8px 0 7px; text-align:center; text-overflow:ellipsis; white-space:nowrap;\"><a href=\"https:\/\/www.instagram.com\/p\/DNcE4YJO26s\/?utm_source=ig_embed&amp;utm_campaign=loading\" style=\" color:#c9c8cd; font-family:Arial,sans-serif; font-size:14px; font-style:normal; font-weight:normal; line-height:17px; text-decoration:none;\" target=\"_blank\">Una publicaci\u00f3n compartida de Maria Vargas (@maria.aventin.vargas)<\/a><\/p><\/div><\/blockquote>\n<script async src=\"\/\/www.instagram.com\/embed.js\"><\/script>\n\n\n\n<p>La contundencia de estas palabras no pas\u00f3 desapercibida ni en la isla ni entre los cubanos dispersos en ciudades como Miami o Madrid, donde los v\u00ednculos familiares de los artistas suelen seguirse casi como una telenovela. En este caso, la narrativa toma un giro m\u00e1s \u00e1spero: un padre de renombre internacional, hijos que aparecen en escenarios distintos y una madre que ha decidido fijar l\u00edmites sin contemplaciones.<\/p>\n\n\n\n<p>M\u00e1s all\u00e1 del morbo medi\u00e1tico, la situaci\u00f3n expone un tema recurrente en las historias de la far\u00e1ndula: hasta qu\u00e9 punto la fama puede coexistir con las responsabilidades \u00edntimas. En el caso de Mar\u00eda y Alexander, la grieta parece profunda y dif\u00edcil de cerrar, al menos en el presente inmediato.<\/p>\n","protected":false},"excerpt":{"rendered":"<p>El comentario surgi\u00f3 a ra\u00edz de unas fotos recientes que mostraban a Sof\u00eda junto a su hermano mayor, el hijo menos conocido del reguetonero<\/p>\n","protected":false},"author":27,"featured_media":217996,"comment_status":"open","ping_status":"closed","sticky":false,"template":"","format":"standard","meta":{"_acf_changed":false,"footnotes":""},"categories":[443],"tags":[970,46,11428,256,18473],"class_list":{"0":"post-217992","1":"post","2":"type-post","3":"status-publish","4":"format-standard","5":"has-post-thumbnail","7":"category-farandula","8":"tag-alexander-delgado","9":"tag-gente-de-zona","10":"tag-kuki-delgado","11":"tag-miami","12":"tag-sofia-delgado"},"acf":[],"yoast_head":"<!-- This site is optimized with the Yoast SEO plugin v27.5 - https:\/\/yoast.com\/product\/yoast-seo-wordpress\/ -->\n<title>\u201cNo son bienvenidos aqu\u00ed\u201d: Mar\u00eda Vargas explica por qu\u00e9 Sof\u00eda no ver\u00e1 a su pap\u00e1 Alexander Delgado ni a su hermana Kuki - Cuballama Noticias<\/title>\n<meta name=\"description\" content=\"El comentario surgi\u00f3 a ra\u00edz de unas fotos recientes que mostraban a Sof\u00eda junto a su hermano mayor, el hijo menos conocido del reguetonero\" \/>\n<meta name=\"robots\" content=\"index, follow, max-snippet:-1, max-image-preview:large, max-video-preview:-1\" \/>\n<link rel=\"canonical\" href=\"https:\/\/www.cuballama.com\/noticias\/no-son-bienvenidos-aqui-maria-vargas-explica-por-que-sofia-no-vera-a-su-papa-alexander-delgado-ni-a-su-hermana-kuki\/\" \/>\n<meta property=\"og:locale\" content=\"es_ES\" \/>\n<meta property=\"og:type\" content=\"article\" \/>\n<meta property=\"og:title\" content=\"\u201cNo son bienvenidos aqu\u00ed\u201d: Mar\u00eda Vargas explica por qu\u00e9 Sof\u00eda no ver\u00e1 a su pap\u00e1 Alexander Delgado ni a su hermana Kuki - Cuballama Noticias\" \/>\n<meta property=\"og:description\" content=\"El comentario surgi\u00f3 a ra\u00edz de unas fotos recientes que mostraban a Sof\u00eda junto a su hermano mayor, el hijo menos conocido del reguetonero\" \/>\n<meta property=\"og:url\" content=\"https:\/\/www.cuballama.com\/noticias\/no-son-bienvenidos-aqui-maria-vargas-explica-por-que-sofia-no-vera-a-su-papa-alexander-delgado-ni-a-su-hermana-kuki\/\" \/>\n<meta property=\"og:site_name\" content=\"Cuballama Noticias\" \/>\n<meta property=\"article:publisher\" content=\"https:\/\/www.facebook.com\/CubaLlama\" \/>\n<meta property=\"article:published_time\" content=\"2025-08-28T13:07:50+00:00\" \/>\n<meta property=\"article:modified_time\" content=\"2025-08-28T13:07:52+00:00\" \/>\n<meta property=\"og:image\" content=\"https:\/\/cdn1.mediawpaccore.net\/wp-content\/uploads\/2025\/08\/28085722\/WhatsApp-Image-2025-08-28-at-14.54.42.jpeg\" \/>\n\t<meta property=\"og:image:width\" content=\"1873\" \/>\n\t<meta property=\"og:image:height\" content=\"1213\" \/>\n\t<meta property=\"og:image:type\" content=\"image\/jpeg\" \/>\n<meta name=\"author\" content=\"Rafa\" \/>\n<meta name=\"twitter:card\" content=\"summary_large_image\" \/>\n<meta name=\"twitter:creator\" content=\"@cuballama\" \/>\n<meta name=\"twitter:site\" content=\"@cuballama\" \/>\n<meta name=\"twitter:label1\" content=\"Escrito por\" \/>\n\t<meta name=\"twitter:data1\" content=\"Rafa\" \/>\n\t<meta name=\"twitter:label2\" content=\"Tiempo de lectura\" \/>\n\t<meta name=\"twitter:data2\" content=\"3 minutos\" \/>\n<script type=\"application\/ld+json\" class=\"yoast-schema-graph\">{\"@context\":\"https:\\\/\\\/schema.org\",\"@graph\":[{\"@type\":\"Article\",\"@id\":\"https:\\\/\\\/www.cuballama.com\\\/noticias\\\/no-son-bienvenidos-aqui-maria-vargas-explica-por-que-sofia-no-vera-a-su-papa-alexander-delgado-ni-a-su-hermana-kuki\\\/#article\",\"isPartOf\":{\"@id\":\"https:\\\/\\\/www.cuballama.com\\\/noticias\\\/no-son-bienvenidos-aqui-maria-vargas-explica-por-que-sofia-no-vera-a-su-papa-alexander-delgado-ni-a-su-hermana-kuki\\\/\"},\"author\":{\"name\":\"Rafa\",\"@id\":\"https:\\\/\\\/www.cuballama.com\\\/noticias\\\/#\\\/schema\\\/person\\\/0f97914526a658755f00e59ec2a832f2\"},\"headline\":\"\u201cNo son bienvenidos aqu\u00ed\u201d: Mar\u00eda Vargas explica por qu\u00e9 Sof\u00eda no ver\u00e1 a su pap\u00e1 Alexander Delgado ni a su hermana Kuki\",\"datePublished\":\"2025-08-28T13:07:50+00:00\",\"dateModified\":\"2025-08-28T13:07:52+00:00\",\"mainEntityOfPage\":{\"@id\":\"https:\\\/\\\/www.cuballama.com\\\/noticias\\\/no-son-bienvenidos-aqui-maria-vargas-explica-por-que-sofia-no-vera-a-su-papa-alexander-delgado-ni-a-su-hermana-kuki\\\/\"},\"wordCount\":582,\"commentCount\":0,\"publisher\":{\"@id\":\"https:\\\/\\\/www.cuballama.com\\\/noticias\\\/#organization\"},\"image\":{\"@id\":\"https:\\\/\\\/www.cuballama.com\\\/noticias\\\/no-son-bienvenidos-aqui-maria-vargas-explica-por-que-sofia-no-vera-a-su-papa-alexander-delgado-ni-a-su-hermana-kuki\\\/#primaryimage\"},\"thumbnailUrl\":\"https:\\\/\\\/cdn1.mediawpaccore.net\\\/wp-content\\\/uploads\\\/2025\\\/08\\\/28085722\\\/WhatsApp-Image-2025-08-28-at-14.54.42.jpeg\",\"keywords\":[\"Alexander Delgado\",\"gente de zona\",\"Kuki Delgado\",\"Miami\",\"Sof\u00eda Delgado\"],\"articleSection\":[\"Far\u00e1ndula\"],\"inLanguage\":\"es\",\"potentialAction\":[{\"@type\":\"CommentAction\",\"name\":\"Comment\",\"target\":[\"https:\\\/\\\/www.cuballama.com\\\/noticias\\\/no-son-bienvenidos-aqui-maria-vargas-explica-por-que-sofia-no-vera-a-su-papa-alexander-delgado-ni-a-su-hermana-kuki\\\/#respond\"]}]},{\"@type\":\"WebPage\",\"@id\":\"https:\\\/\\\/www.cuballama.com\\\/noticias\\\/no-son-bienvenidos-aqui-maria-vargas-explica-por-que-sofia-no-vera-a-su-papa-alexander-delgado-ni-a-su-hermana-kuki\\\/\",\"url\":\"https:\\\/\\\/www.cuballama.com\\\/noticias\\\/no-son-bienvenidos-aqui-maria-vargas-explica-por-que-sofia-no-vera-a-su-papa-alexander-delgado-ni-a-su-hermana-kuki\\\/\",\"name\":\"\u201cNo son bienvenidos aqu\u00ed\u201d: Mar\u00eda Vargas explica por qu\u00e9 Sof\u00eda no ver\u00e1 a su pap\u00e1 Alexander Delgado ni a su hermana Kuki - Cuballama Noticias\",\"isPartOf\":{\"@id\":\"https:\\\/\\\/www.cuballama.com\\\/noticias\\\/#website\"},\"primaryImageOfPage\":{\"@id\":\"https:\\\/\\\/www.cuballama.com\\\/noticias\\\/no-son-bienvenidos-aqui-maria-vargas-explica-por-que-sofia-no-vera-a-su-papa-alexander-delgado-ni-a-su-hermana-kuki\\\/#primaryimage\"},\"image\":{\"@id\":\"https:\\\/\\\/www.cuballama.com\\\/noticias\\\/no-son-bienvenidos-aqui-maria-vargas-explica-por-que-sofia-no-vera-a-su-papa-alexander-delgado-ni-a-su-hermana-kuki\\\/#primaryimage\"},\"thumbnailUrl\":\"https:\\\/\\\/cdn1.mediawpaccore.net\\\/wp-content\\\/uploads\\\/2025\\\/08\\\/28085722\\\/WhatsApp-Image-2025-08-28-at-14.54.42.jpeg\",\"datePublished\":\"2025-08-28T13:07:50+00:00\",\"dateModified\":\"2025-08-28T13:07:52+00:00\",\"description\":\"El comentario surgi\u00f3 a ra\u00edz de unas fotos recientes que mostraban a Sof\u00eda junto a su hermano mayor, el hijo menos conocido del reguetonero\",\"breadcrumb\":{\"@id\":\"https:\\\/\\\/www.cuballama.com\\\/noticias\\\/no-son-bienvenidos-aqui-maria-vargas-explica-por-que-sofia-no-vera-a-su-papa-alexander-delgado-ni-a-su-hermana-kuki\\\/#breadcrumb\"},\"inLanguage\":\"es\",\"potentialAction\":[{\"@type\":\"ReadAction\",\"target\":[\"https:\\\/\\\/www.cuballama.com\\\/noticias\\\/no-son-bienvenidos-aqui-maria-vargas-explica-por-que-sofia-no-vera-a-su-papa-alexander-delgado-ni-a-su-hermana-kuki\\\/\"]}]},{\"@type\":\"ImageObject\",\"inLanguage\":\"es\",\"@id\":\"https:\\\/\\\/www.cuballama.com\\\/noticias\\\/no-son-bienvenidos-aqui-maria-vargas-explica-por-que-sofia-no-vera-a-su-papa-alexander-delgado-ni-a-su-hermana-kuki\\\/#primaryimage\",\"url\":\"https:\\\/\\\/cdn1.mediawpaccore.net\\\/wp-content\\\/uploads\\\/2025\\\/08\\\/28085722\\\/WhatsApp-Image-2025-08-28-at-14.54.42.jpeg\",\"contentUrl\":\"https:\\\/\\\/cdn1.mediawpaccore.net\\\/wp-content\\\/uploads\\\/2025\\\/08\\\/28085722\\\/WhatsApp-Image-2025-08-28-at-14.54.42.jpeg\",\"width\":1873,\"height\":1213,\"caption\":\"Foto: Mar\u00eda Vargas\\\/Alexander Delgado\\\/\\\/Instagram\"},{\"@type\":\"BreadcrumbList\",\"@id\":\"https:\\\/\\\/www.cuballama.com\\\/noticias\\\/no-son-bienvenidos-aqui-maria-vargas-explica-por-que-sofia-no-vera-a-su-papa-alexander-delgado-ni-a-su-hermana-kuki\\\/#breadcrumb\",\"itemListElement\":[{\"@type\":\"ListItem\",\"position\":1,\"name\":\"Home\",\"item\":\"https:\\\/\\\/www.cuballama.com\\\/noticias\\\/\"},{\"@type\":\"ListItem\",\"position\":2,\"name\":\"\u201cNo son bienvenidos aqu\u00ed\u201d: Mar\u00eda Vargas explica por qu\u00e9 Sof\u00eda no ver\u00e1 a su pap\u00e1 Alexander Delgado ni a su hermana Kuki\"}]},{\"@type\":\"WebSite\",\"@id\":\"https:\\\/\\\/www.cuballama.com\\\/noticias\\\/#website\",\"url\":\"https:\\\/\\\/www.cuballama.com\\\/noticias\\\/\",\"name\":\"Cuballama Noticias\",\"description\":\"Medio digital sobre Cuba y el mundo\",\"publisher\":{\"@id\":\"https:\\\/\\\/www.cuballama.com\\\/noticias\\\/#organization\"},\"potentialAction\":[{\"@type\":\"SearchAction\",\"target\":{\"@type\":\"EntryPoint\",\"urlTemplate\":\"https:\\\/\\\/www.cuballama.com\\\/noticias\\\/?s={search_term_string}\"},\"query-input\":{\"@type\":\"PropertyValueSpecification\",\"valueRequired\":true,\"valueName\":\"search_term_string\"}}],\"inLanguage\":\"es\"},{\"@type\":\"Organization\",\"@id\":\"https:\\\/\\\/www.cuballama.com\\\/noticias\\\/#organization\",\"name\":\"Cuballama\",\"url\":\"https:\\\/\\\/www.cuballama.com\\\/noticias\\\/\",\"logo\":{\"@type\":\"ImageObject\",\"inLanguage\":\"es\",\"@id\":\"https:\\\/\\\/www.cuballama.com\\\/noticias\\\/#\\\/schema\\\/logo\\\/image\\\/\",\"url\":\"https:\\\/\\\/cdn1.mediawpaccore.net\\\/wp-content\\\/uploads\\\/2021\\\/12\\\/28171206\\\/cbll-logo-color-sm.png\",\"contentUrl\":\"https:\\\/\\\/cdn1.mediawpaccore.net\\\/wp-content\\\/uploads\\\/2021\\\/12\\\/28171206\\\/cbll-logo-color-sm.png\",\"width\":600,\"height\":133,\"caption\":\"Cuballama\"},\"image\":{\"@id\":\"https:\\\/\\\/www.cuballama.com\\\/noticias\\\/#\\\/schema\\\/logo\\\/image\\\/\"},\"sameAs\":[\"https:\\\/\\\/www.facebook.com\\\/CubaLlama\",\"https:\\\/\\\/x.com\\\/cuballama\",\"https:\\\/\\\/www.instagram.com\\\/stories\\\/cuballama_oficial\\\/\",\"https:\\\/\\\/www.youtube.com\\\/channel\\\/UCKkFE-d_axENGZcrc4as0IA\"]},{\"@type\":\"Person\",\"@id\":\"https:\\\/\\\/www.cuballama.com\\\/noticias\\\/#\\\/schema\\\/person\\\/0f97914526a658755f00e59ec2a832f2\",\"name\":\"Rafa\",\"url\":\"https:\\\/\\\/www.cuballama.com\\\/noticias\\\/author\\\/rafa\\\/\"}]}<\/script>\n<!-- \/ Yoast SEO plugin. -->","yoast_head_json":{"title":"\u201cNo son bienvenidos aqu\u00ed\u201d: Mar\u00eda Vargas explica por qu\u00e9 Sof\u00eda no ver\u00e1 a su pap\u00e1 Alexander Delgado ni a su hermana Kuki - Cuballama Noticias","description":"El comentario surgi\u00f3 a ra\u00edz de unas fotos recientes que mostraban a Sof\u00eda junto a su hermano mayor, el hijo menos conocido del reguetonero","robots":{"index":"index","follow":"follow","max-snippet":"max-snippet:-1","max-image-preview":"max-image-preview:large","max-video-preview":"max-video-preview:-1"},"canonical":"https:\/\/www.cuballama.com\/noticias\/no-son-bienvenidos-aqui-maria-vargas-explica-por-que-sofia-no-vera-a-su-papa-alexander-delgado-ni-a-su-hermana-kuki\/","og_locale":"es_ES","og_type":"article","og_title":"\u201cNo son bienvenidos aqu\u00ed\u201d: Mar\u00eda Vargas explica por qu\u00e9 Sof\u00eda no ver\u00e1 a su pap\u00e1 Alexander Delgado ni a su hermana Kuki - Cuballama Noticias","og_description":"El comentario surgi\u00f3 a ra\u00edz de unas fotos recientes que mostraban a Sof\u00eda junto a su hermano mayor, el hijo menos conocido del reguetonero","og_url":"https:\/\/www.cuballama.com\/noticias\/no-son-bienvenidos-aqui-maria-vargas-explica-por-que-sofia-no-vera-a-su-papa-alexander-delgado-ni-a-su-hermana-kuki\/","og_site_name":"Cuballama Noticias","article_publisher":"https:\/\/www.facebook.com\/CubaLlama","article_published_time":"2025-08-28T13:07:50+00:00","article_modified_time":"2025-08-28T13:07:52+00:00","og_image":[{"width":1873,"height":1213,"url":"https:\/\/cdn1.mediawpaccore.net\/wp-content\/uploads\/2025\/08\/28085722\/WhatsApp-Image-2025-08-28-at-14.54.42.jpeg","type":"image\/jpeg"}],"author":"Rafa","twitter_card":"summary_large_image","twitter_creator":"@cuballama","twitter_site":"@cuballama","twitter_misc":{"Escrito por":"Rafa","Tiempo de lectura":"3 minutos"},"schema":{"@context":"https:\/\/schema.org","@graph":[{"@type":"Article","@id":"https:\/\/www.cuballama.com\/noticias\/no-son-bienvenidos-aqui-maria-vargas-explica-por-que-sofia-no-vera-a-su-papa-alexander-delgado-ni-a-su-hermana-kuki\/#article","isPartOf":{"@id":"https:\/\/www.cuballama.com\/noticias\/no-son-bienvenidos-aqui-maria-vargas-explica-por-que-sofia-no-vera-a-su-papa-alexander-delgado-ni-a-su-hermana-kuki\/"},"author":{"name":"Rafa","@id":"https:\/\/www.cuballama.com\/noticias\/#\/schema\/person\/0f97914526a658755f00e59ec2a832f2"},"headline":"\u201cNo son bienvenidos aqu\u00ed\u201d: Mar\u00eda Vargas explica por qu\u00e9 Sof\u00eda no ver\u00e1 a su pap\u00e1 Alexander Delgado ni a su hermana Kuki","datePublished":"2025-08-28T13:07:50+00:00","dateModified":"2025-08-28T13:07:52+00:00","mainEntityOfPage":{"@id":"https:\/\/www.cuballama.com\/noticias\/no-son-bienvenidos-aqui-maria-vargas-explica-por-que-sofia-no-vera-a-su-papa-alexander-delgado-ni-a-su-hermana-kuki\/"},"wordCount":582,"commentCount":0,"publisher":{"@id":"https:\/\/www.cuballama.com\/noticias\/#organization"},"image":{"@id":"https:\/\/www.cuballama.com\/noticias\/no-son-bienvenidos-aqui-maria-vargas-explica-por-que-sofia-no-vera-a-su-papa-alexander-delgado-ni-a-su-hermana-kuki\/#primaryimage"},"thumbnailUrl":"https:\/\/cdn1.mediawpaccore.net\/wp-content\/uploads\/2025\/08\/28085722\/WhatsApp-Image-2025-08-28-at-14.54.42.jpeg","keywords":["Alexander Delgado","gente de zona","Kuki Delgado","Miami","Sof\u00eda Delgado"],"articleSection":["Far\u00e1ndula"],"inLanguage":"es","potentialAction":[{"@type":"CommentAction","name":"Comment","target":["https:\/\/www.cuballama.com\/noticias\/no-son-bienvenidos-aqui-maria-vargas-explica-por-que-sofia-no-vera-a-su-papa-alexander-delgado-ni-a-su-hermana-kuki\/#respond"]}]},{"@type":"WebPage","@id":"https:\/\/www.cuballama.com\/noticias\/no-son-bienvenidos-aqui-maria-vargas-explica-por-que-sofia-no-vera-a-su-papa-alexander-delgado-ni-a-su-hermana-kuki\/","url":"https:\/\/www.cuballama.com\/noticias\/no-son-bienvenidos-aqui-maria-vargas-explica-por-que-sofia-no-vera-a-su-papa-alexander-delgado-ni-a-su-hermana-kuki\/","name":"\u201cNo son bienvenidos aqu\u00ed\u201d: Mar\u00eda Vargas explica por qu\u00e9 Sof\u00eda no ver\u00e1 a su pap\u00e1 Alexander Delgado ni a su hermana Kuki - Cuballama Noticias","isPartOf":{"@id":"https:\/\/www.cuballama.com\/noticias\/#website"},"primaryImageOfPage":{"@id":"https:\/\/www.cuballama.com\/noticias\/no-son-bienvenidos-aqui-maria-vargas-explica-por-que-sofia-no-vera-a-su-papa-alexander-delgado-ni-a-su-hermana-kuki\/#primaryimage"},"image":{"@id":"https:\/\/www.cuballama.com\/noticias\/no-son-bienvenidos-aqui-maria-vargas-explica-por-que-sofia-no-vera-a-su-papa-alexander-delgado-ni-a-su-hermana-kuki\/#primaryimage"},"thumbnailUrl":"https:\/\/cdn1.mediawpaccore.net\/wp-content\/uploads\/2025\/08\/28085722\/WhatsApp-Image-2025-08-28-at-14.54.42.jpeg","datePublished":"2025-08-28T13:07:50+00:00","dateModified":"2025-08-28T13:07:52+00:00","description":"El comentario surgi\u00f3 a ra\u00edz de unas fotos recientes que mostraban a Sof\u00eda junto a su hermano mayor, el hijo menos conocido del reguetonero","breadcrumb":{"@id":"https:\/\/www.cuballama.com\/noticias\/no-son-bienvenidos-aqui-maria-vargas-explica-por-que-sofia-no-vera-a-su-papa-alexander-delgado-ni-a-su-hermana-kuki\/#breadcrumb"},"inLanguage":"es","potentialAction":[{"@type":"ReadAction","target":["https:\/\/www.cuballama.com\/noticias\/no-son-bienvenidos-aqui-maria-vargas-explica-por-que-sofia-no-vera-a-su-papa-alexander-delgado-ni-a-su-hermana-kuki\/"]}]},{"@type":"ImageObject","inLanguage":"es","@id":"https:\/\/www.cuballama.com\/noticias\/no-son-bienvenidos-aqui-maria-vargas-explica-por-que-sofia-no-vera-a-su-papa-alexander-delgado-ni-a-su-hermana-kuki\/#primaryimage","url":"https:\/\/cdn1.mediawpaccore.net\/wp-content\/uploads\/2025\/08\/28085722\/WhatsApp-Image-2025-08-28-at-14.54.42.jpeg","contentUrl":"https:\/\/cdn1.mediawpaccore.net\/wp-content\/uploads\/2025\/08\/28085722\/WhatsApp-Image-2025-08-28-at-14.54.42.jpeg","width":1873,"height":1213,"caption":"Foto: Mar\u00eda Vargas\/Alexander Delgado\/\/Instagram"},{"@type":"BreadcrumbList","@id":"https:\/\/www.cuballama.com\/noticias\/no-son-bienvenidos-aqui-maria-vargas-explica-por-que-sofia-no-vera-a-su-papa-alexander-delgado-ni-a-su-hermana-kuki\/#breadcrumb","itemListElement":[{"@type":"ListItem","position":1,"name":"Home","item":"https:\/\/www.cuballama.com\/noticias\/"},{"@type":"ListItem","position":2,"name":"\u201cNo son bienvenidos aqu\u00ed\u201d: Mar\u00eda Vargas explica por qu\u00e9 Sof\u00eda no ver\u00e1 a su pap\u00e1 Alexander Delgado ni a su hermana Kuki"}]},{"@type":"WebSite","@id":"https:\/\/www.cuballama.com\/noticias\/#website","url":"https:\/\/www.cuballama.com\/noticias\/","name":"Cuballama Noticias","description":"Medio digital sobre Cuba y el mundo","publisher":{"@id":"https:\/\/www.cuballama.com\/noticias\/#organization"},"potentialAction":[{"@type":"SearchAction","target":{"@type":"EntryPoint","urlTemplate":"https:\/\/www.cuballama.com\/noticias\/?s={search_term_string}"},"query-input":{"@type":"PropertyValueSpecification","valueRequired":true,"valueName":"search_term_string"}}],"inLanguage":"es"},{"@type":"Organization","@id":"https:\/\/www.cuballama.com\/noticias\/#organization","name":"Cuballama","url":"https:\/\/www.cuballama.com\/noticias\/","logo":{"@type":"ImageObject","inLanguage":"es","@id":"https:\/\/www.cuballama.com\/noticias\/#\/schema\/logo\/image\/","url":"https:\/\/cdn1.mediawpaccore.net\/wp-content\/uploads\/2021\/12\/28171206\/cbll-logo-color-sm.png","contentUrl":"https:\/\/cdn1.mediawpaccore.net\/wp-content\/uploads\/2021\/12\/28171206\/cbll-logo-color-sm.png","width":600,"height":133,"caption":"Cuballama"},"image":{"@id":"https:\/\/www.cuballama.com\/noticias\/#\/schema\/logo\/image\/"},"sameAs":["https:\/\/www.facebook.com\/CubaLlama","https:\/\/x.com\/cuballama","https:\/\/www.instagram.com\/stories\/cuballama_oficial\/","https:\/\/www.youtube.com\/channel\/UCKkFE-d_axENGZcrc4as0IA"]},{"@type":"Person","@id":"https:\/\/www.cuballama.com\/noticias\/#\/schema\/person\/0f97914526a658755f00e59ec2a832f2","name":"Rafa","url":"https:\/\/www.cuballama.com\/noticias\/author\/rafa\/"}]}},"_links":{"self":[{"href":"https:\/\/www.cuballama.com\/noticias\/wp-json\/wp\/v2\/posts\/217992","targetHints":{"allow":["GET"]}}],"collection":[{"href":"https:\/\/www.cuballama.com\/noticias\/wp-json\/wp\/v2\/posts"}],"about":[{"href":"https:\/\/www.cuballama.com\/noticias\/wp-json\/wp\/v2\/types\/post"}],"author":[{"embeddable":true,"href":"https:\/\/www.cuballama.com\/noticias\/wp-json\/wp\/v2\/users\/27"}],"replies":[{"embeddable":true,"href":"https:\/\/www.cuballama.com\/noticias\/wp-json\/wp\/v2\/comments?post=217992"}],"version-history":[{"count":1,"href":"https:\/\/www.cuballama.com\/noticias\/wp-json\/wp\/v2\/posts\/217992\/revisions"}],"predecessor-version":[{"id":218007,"href":"https:\/\/www.cuballama.com\/noticias\/wp-json\/wp\/v2\/posts\/217992\/revisions\/218007"}],"wp:featuredmedia":[{"embeddable":true,"href":"https:\/\/www.cuballama.com\/noticias\/wp-json\/wp\/v2\/media\/217996"}],"wp:attachment":[{"href":"https:\/\/www.cuballama.com\/noticias\/wp-json\/wp\/v2\/media?parent=217992"}],"wp:term":[{"taxonomy":"category","embeddable":true,"href":"https:\/\/www.cuballama.com\/noticias\/wp-json\/wp\/v2\/categories?post=217992"},{"taxonomy":"post_tag","embeddable":true,"href":"https:\/\/www.cuballama.com\/noticias\/wp-json\/wp\/v2\/tags?post=217992"}],"curies":[{"name":"wp","href":"https:\/\/api.w.org\/{rel}","templated":true}]}}