{"id":217854,"date":"2025-08-27T10:08:16","date_gmt":"2025-08-27T14:08:16","guid":{"rendered":"https:\/\/www.cuballama.com\/noticias\/?p=217854"},"modified":"2025-08-27T10:08:18","modified_gmt":"2025-08-27T14:08:18","slug":"hijo-no-conocido-de-alexander-delgado-se-encuentra-con-su-hermanita-sofia-vargas-en-florida","status":"publish","type":"post","link":"https:\/\/www.cuballama.com\/noticias\/hijo-no-conocido-de-alexander-delgado-se-encuentra-con-su-hermanita-sofia-vargas-en-florida\/","title":{"rendered":"Hijo no conocido de Alexander Delgado se encuentra con su hermanita Sof\u00eda Vargas en Florida"},"content":{"rendered":"\n<p>La modelo cubana Mar\u00eda Vargas sorprendi\u00f3 en redes sociales al publicar una serie de im\u00e1genes familiares que han desatado un verdadero torbellino medi\u00e1tico. En ellas aparece su hija, Sof\u00eda Vargas, junto a su hermano mayor, ambos hijos del cantante Alexander Delgado, l\u00edder de Gente de Zona.<\/p>\n\n\n\n<p>Lo que ha generado mayor revuelo es que se trata de la primera vez que el p\u00fablico tiene acceso a im\u00e1genes del hijo \u201cno reconocido\u201d del m\u00fasico, quien ya es padre de Alex Jr. y de Kuki Delgado. Hasta ahora, de este menor se sab\u00eda muy poco: seg\u00fan ha explicado Mar\u00eda en anteriores ocasiones, el muchacho vive en Italia con su madre, aunque recientemente viaj\u00f3 a Florida para reencontrarse con Sof\u00eda y compartir unas vacaciones.<\/p>\n\n\n\n<figure class=\"wp-block-image size-large\"><img loading=\"lazy\" decoding=\"async\" width=\"1024\" height=\"722\" src=\"https:\/\/cdn1.mediawpaccore.net\/wp-content\/uploads\/2025\/08\/27100405\/Captura-de-pantalla-2025-08-27-a-las-16.03.49-1024x722.png\" alt=\"\" class=\"wp-image-217859\" srcset=\"https:\/\/cdn1.mediawpaccore.net\/wp-content\/uploads\/2025\/08\/27100405\/Captura-de-pantalla-2025-08-27-a-las-16.03.49-1024x722.png 1024w, https:\/\/cdn1.mediawpaccore.net\/wp-content\/uploads\/2025\/08\/27100405\/Captura-de-pantalla-2025-08-27-a-las-16.03.49-300x211.png 300w, https:\/\/cdn1.mediawpaccore.net\/wp-content\/uploads\/2025\/08\/27100405\/Captura-de-pantalla-2025-08-27-a-las-16.03.49-768x541.png 768w, https:\/\/cdn1.mediawpaccore.net\/wp-content\/uploads\/2025\/08\/27100405\/Captura-de-pantalla-2025-08-27-a-las-16.03.49-1536x1082.png 1536w, https:\/\/cdn1.mediawpaccore.net\/wp-content\/uploads\/2025\/08\/27100405\/Captura-de-pantalla-2025-08-27-a-las-16.03.49-596x420.png 596w, https:\/\/cdn1.mediawpaccore.net\/wp-content\/uploads\/2025\/08\/27100405\/Captura-de-pantalla-2025-08-27-a-las-16.03.49-150x106.png 150w, https:\/\/cdn1.mediawpaccore.net\/wp-content\/uploads\/2025\/08\/27100405\/Captura-de-pantalla-2025-08-27-a-las-16.03.49-696x491.png 696w, https:\/\/cdn1.mediawpaccore.net\/wp-content\/uploads\/2025\/08\/27100405\/Captura-de-pantalla-2025-08-27-a-las-16.03.49-1068x753.png 1068w, https:\/\/cdn1.mediawpaccore.net\/wp-content\/uploads\/2025\/08\/27100405\/Captura-de-pantalla-2025-08-27-a-las-16.03.49.png 1558w\" sizes=\"auto, (max-width: 1024px) 100vw, 1024px\" \/><\/figure>\n\n\n\n<p>La emoci\u00f3n de Mar\u00eda qued\u00f3 reflejada en el mensaje con que acompa\u00f1\u00f3 las fotos: \u201cVerlos as\u00ed de felices me hace tan feliz, aqu\u00ed se tienen el uno al otro por siempre y para siempre\u201d. En otro comentario a\u00f1adi\u00f3: \u201cCu\u00eddense, \u00e1mense, defi\u00e9ndanse contra viento y marea. Los amo y les doy mi bendici\u00f3n cada d\u00eda de mi vida\u201d.<\/p>\n\n\n\n<p>Ese reencuentro no solo tuvo un valor personal para la familia, sino que tambi\u00e9n reabri\u00f3 viejas conversaciones sobre la paternidad del reguetonero. Vale recordar que en 2018 la propia Mar\u00eda tuvo que viajar desde Canad\u00e1 -donde resid\u00eda entonces- hasta Miami para que Sof\u00eda se sometiera a una prueba de ADN. Aquella acci\u00f3n fue decisiva para que Alexander Delgado reconociera legalmente a la ni\u00f1a y asumiera sus responsabilidades como padre.<\/p>\n\n\n\n<figure class=\"wp-block-image size-large\"><img loading=\"lazy\" decoding=\"async\" width=\"1024\" height=\"722\" src=\"https:\/\/cdn1.mediawpaccore.net\/wp-content\/uploads\/2025\/08\/27100420\/Captura-de-pantalla-2025-08-27-a-las-16.02.59-1024x722.png\" alt=\"\" class=\"wp-image-217860\" srcset=\"https:\/\/cdn1.mediawpaccore.net\/wp-content\/uploads\/2025\/08\/27100420\/Captura-de-pantalla-2025-08-27-a-las-16.02.59-1024x722.png 1024w, https:\/\/cdn1.mediawpaccore.net\/wp-content\/uploads\/2025\/08\/27100420\/Captura-de-pantalla-2025-08-27-a-las-16.02.59-300x211.png 300w, https:\/\/cdn1.mediawpaccore.net\/wp-content\/uploads\/2025\/08\/27100420\/Captura-de-pantalla-2025-08-27-a-las-16.02.59-768x541.png 768w, https:\/\/cdn1.mediawpaccore.net\/wp-content\/uploads\/2025\/08\/27100420\/Captura-de-pantalla-2025-08-27-a-las-16.02.59-1536x1082.png 1536w, https:\/\/cdn1.mediawpaccore.net\/wp-content\/uploads\/2025\/08\/27100420\/Captura-de-pantalla-2025-08-27-a-las-16.02.59-596x420.png 596w, https:\/\/cdn1.mediawpaccore.net\/wp-content\/uploads\/2025\/08\/27100420\/Captura-de-pantalla-2025-08-27-a-las-16.02.59-150x106.png 150w, https:\/\/cdn1.mediawpaccore.net\/wp-content\/uploads\/2025\/08\/27100420\/Captura-de-pantalla-2025-08-27-a-las-16.02.59-696x491.png 696w, https:\/\/cdn1.mediawpaccore.net\/wp-content\/uploads\/2025\/08\/27100420\/Captura-de-pantalla-2025-08-27-a-las-16.02.59-1068x753.png 1068w, https:\/\/cdn1.mediawpaccore.net\/wp-content\/uploads\/2025\/08\/27100420\/Captura-de-pantalla-2025-08-27-a-las-16.02.59.png 1558w\" sizes=\"auto, (max-width: 1024px) 100vw, 1024px\" \/><\/figure>\n\n\n\n<p>El caso del hijo mayor, sin embargo, sigue siendo un cap\u00edtulo aparte. El joven ha permanecido al margen del ojo p\u00fablico y Alexander, hoy casado con la modelo Mily Alem\u00e1n, jam\u00e1s ha hecho una declaraci\u00f3n p\u00fablica que confirme oficialmente esa paternidad. De ah\u00ed que las im\u00e1genes divulgadas por Vargas provocaran una mezcla de sorpresa, especulaci\u00f3n y curiosidad en la comunidad digital cubana.<\/p>\n\n\n\n<figure class=\"wp-block-image size-large\"><img loading=\"lazy\" decoding=\"async\" width=\"1024\" height=\"722\" src=\"https:\/\/cdn1.mediawpaccore.net\/wp-content\/uploads\/2025\/08\/27100452\/Captura-de-pantalla-2025-08-27-a-las-16.02.09-1024x722.png\" alt=\"\" class=\"wp-image-217863\" srcset=\"https:\/\/cdn1.mediawpaccore.net\/wp-content\/uploads\/2025\/08\/27100452\/Captura-de-pantalla-2025-08-27-a-las-16.02.09-1024x722.png 1024w, https:\/\/cdn1.mediawpaccore.net\/wp-content\/uploads\/2025\/08\/27100452\/Captura-de-pantalla-2025-08-27-a-las-16.02.09-300x211.png 300w, https:\/\/cdn1.mediawpaccore.net\/wp-content\/uploads\/2025\/08\/27100452\/Captura-de-pantalla-2025-08-27-a-las-16.02.09-768x541.png 768w, https:\/\/cdn1.mediawpaccore.net\/wp-content\/uploads\/2025\/08\/27100452\/Captura-de-pantalla-2025-08-27-a-las-16.02.09-1536x1082.png 1536w, https:\/\/cdn1.mediawpaccore.net\/wp-content\/uploads\/2025\/08\/27100452\/Captura-de-pantalla-2025-08-27-a-las-16.02.09-596x420.png 596w, https:\/\/cdn1.mediawpaccore.net\/wp-content\/uploads\/2025\/08\/27100452\/Captura-de-pantalla-2025-08-27-a-las-16.02.09-150x106.png 150w, https:\/\/cdn1.mediawpaccore.net\/wp-content\/uploads\/2025\/08\/27100452\/Captura-de-pantalla-2025-08-27-a-las-16.02.09-696x491.png 696w, https:\/\/cdn1.mediawpaccore.net\/wp-content\/uploads\/2025\/08\/27100452\/Captura-de-pantalla-2025-08-27-a-las-16.02.09-1068x753.png 1068w, https:\/\/cdn1.mediawpaccore.net\/wp-content\/uploads\/2025\/08\/27100452\/Captura-de-pantalla-2025-08-27-a-las-16.02.09.png 1558w\" sizes=\"auto, (max-width: 1024px) 100vw, 1024px\" \/><\/figure>\n\n\n\n<p>En los comentarios, muchos seguidores confesaron desconocer la existencia de este cuarto hijo del artista. \u201cNo ten\u00eda idea que Alexander ten\u00eda m\u00e1s hijos, muy lindos ambos\u201d, escribi\u00f3 una fan\u00e1tica incr\u00e9dula. Mar\u00eda, lejos de esquivar la conversaci\u00f3n, respondi\u00f3 con naturalidad: \u201cEl ni\u00f1o es hermoso, qu\u00e9 te puedo decir. Yo estoy impresionada con lo lindo e inteligente que es, amable y educado. Sin duda, un ni\u00f1o muy lindo\u201d.<\/p>\n\n\n\n<figure class=\"wp-block-image size-large\"><img loading=\"lazy\" decoding=\"async\" width=\"1024\" height=\"722\" src=\"https:\/\/cdn1.mediawpaccore.net\/wp-content\/uploads\/2025\/08\/27100428\/Captura-de-pantalla-2025-08-27-a-las-16.02.32-1024x722.png\" alt=\"\" class=\"wp-image-217861\" srcset=\"https:\/\/cdn1.mediawpaccore.net\/wp-content\/uploads\/2025\/08\/27100428\/Captura-de-pantalla-2025-08-27-a-las-16.02.32-1024x722.png 1024w, https:\/\/cdn1.mediawpaccore.net\/wp-content\/uploads\/2025\/08\/27100428\/Captura-de-pantalla-2025-08-27-a-las-16.02.32-300x211.png 300w, https:\/\/cdn1.mediawpaccore.net\/wp-content\/uploads\/2025\/08\/27100428\/Captura-de-pantalla-2025-08-27-a-las-16.02.32-768x541.png 768w, https:\/\/cdn1.mediawpaccore.net\/wp-content\/uploads\/2025\/08\/27100428\/Captura-de-pantalla-2025-08-27-a-las-16.02.32-1536x1082.png 1536w, https:\/\/cdn1.mediawpaccore.net\/wp-content\/uploads\/2025\/08\/27100428\/Captura-de-pantalla-2025-08-27-a-las-16.02.32-596x420.png 596w, https:\/\/cdn1.mediawpaccore.net\/wp-content\/uploads\/2025\/08\/27100428\/Captura-de-pantalla-2025-08-27-a-las-16.02.32-150x106.png 150w, https:\/\/cdn1.mediawpaccore.net\/wp-content\/uploads\/2025\/08\/27100428\/Captura-de-pantalla-2025-08-27-a-las-16.02.32-696x491.png 696w, https:\/\/cdn1.mediawpaccore.net\/wp-content\/uploads\/2025\/08\/27100428\/Captura-de-pantalla-2025-08-27-a-las-16.02.32-1068x753.png 1068w, https:\/\/cdn1.mediawpaccore.net\/wp-content\/uploads\/2025\/08\/27100428\/Captura-de-pantalla-2025-08-27-a-las-16.02.32.png 1558w\" sizes=\"auto, (max-width: 1024px) 100vw, 1024px\" \/><\/figure>\n\n\n\n<p>Otros usuarios, igualmente confundidos, insistieron en preguntar si realmente se trataba del hijo no reconocido del l\u00edder de Gente de Zona. La modelo, con un \u201cS\u00ed\u201d rotundo, despej\u00f3 las dudas y termin\u00f3 por confirmar lo que hasta ahora solo circulaba en rumores.<\/p>\n\n\n\n<figure class=\"wp-block-image size-large\"><img loading=\"lazy\" decoding=\"async\" width=\"1024\" height=\"722\" src=\"https:\/\/cdn1.mediawpaccore.net\/wp-content\/uploads\/2025\/08\/27100440\/Captura-de-pantalla-2025-08-27-a-las-16.01.53-1024x722.png\" alt=\"\" class=\"wp-image-217862\" srcset=\"https:\/\/cdn1.mediawpaccore.net\/wp-content\/uploads\/2025\/08\/27100440\/Captura-de-pantalla-2025-08-27-a-las-16.01.53-1024x722.png 1024w, https:\/\/cdn1.mediawpaccore.net\/wp-content\/uploads\/2025\/08\/27100440\/Captura-de-pantalla-2025-08-27-a-las-16.01.53-300x211.png 300w, https:\/\/cdn1.mediawpaccore.net\/wp-content\/uploads\/2025\/08\/27100440\/Captura-de-pantalla-2025-08-27-a-las-16.01.53-768x541.png 768w, https:\/\/cdn1.mediawpaccore.net\/wp-content\/uploads\/2025\/08\/27100440\/Captura-de-pantalla-2025-08-27-a-las-16.01.53-1536x1082.png 1536w, https:\/\/cdn1.mediawpaccore.net\/wp-content\/uploads\/2025\/08\/27100440\/Captura-de-pantalla-2025-08-27-a-las-16.01.53-596x420.png 596w, https:\/\/cdn1.mediawpaccore.net\/wp-content\/uploads\/2025\/08\/27100440\/Captura-de-pantalla-2025-08-27-a-las-16.01.53-150x106.png 150w, https:\/\/cdn1.mediawpaccore.net\/wp-content\/uploads\/2025\/08\/27100440\/Captura-de-pantalla-2025-08-27-a-las-16.01.53-696x491.png 696w, https:\/\/cdn1.mediawpaccore.net\/wp-content\/uploads\/2025\/08\/27100440\/Captura-de-pantalla-2025-08-27-a-las-16.01.53-1068x753.png 1068w, https:\/\/cdn1.mediawpaccore.net\/wp-content\/uploads\/2025\/08\/27100440\/Captura-de-pantalla-2025-08-27-a-las-16.01.53.png 1558w\" sizes=\"auto, (max-width: 1024px) 100vw, 1024px\" \/><\/figure>\n\n\n\n<p>M\u00e1s all\u00e1 de la pol\u00e9mica, lo que qued\u00f3 claro en las im\u00e1genes es la conexi\u00f3n entre los hermanos que, pese a haber crecido en contextos distintos, han encontrado un espacio para unirse. Esa complicidad, expuesta sin filtros en redes sociales, abri\u00f3 la puerta a un debate que trasciende la far\u00e1ndula: el peso de la responsabilidad paterna en figuras p\u00fablicas que, por m\u00e1s exitosas que sean en la m\u00fasica, no pueden escapar de los compromisos familiares que dejan huella en la vida de sus hijos.<\/p>\n\n\n\n<blockquote class=\"instagram-media\" data-instgrm-captioned data-instgrm-permalink=\"https:\/\/www.instagram.com\/reel\/DN0hYspwKaB\/?utm_source=ig_embed&amp;utm_campaign=loading\" data-instgrm-version=\"14\" style=\" background:#FFF; border:0; border-radius:3px; box-shadow:0 0 1px 0 rgba(0,0,0,0.5),0 1px 10px 0 rgba(0,0,0,0.15); margin: 1px; max-width:540px; min-width:326px; padding:0; width:99.375%; width:-webkit-calc(100% - 2px); width:calc(100% - 2px);\"><div style=\"padding:16px;\"> <a href=\"https:\/\/www.instagram.com\/reel\/DN0hYspwKaB\/?utm_source=ig_embed&amp;utm_campaign=loading\" style=\" background:#FFFFFF; line-height:0; padding:0 0; text-align:center; text-decoration:none; width:100%;\" target=\"_blank\"> <div style=\" display: flex; flex-direction: row; align-items: center;\"> <div style=\"background-color: #F4F4F4; border-radius: 50%; flex-grow: 0; height: 40px; margin-right: 14px; width: 40px;\"><\/div> <div style=\"display: flex; flex-direction: column; flex-grow: 1; justify-content: center;\"> <div style=\" background-color: #F4F4F4; border-radius: 4px; flex-grow: 0; height: 14px; margin-bottom: 6px; width: 100px;\"><\/div> <div style=\" background-color: #F4F4F4; border-radius: 4px; flex-grow: 0; height: 14px; width: 60px;\"><\/div><\/div><\/div><div style=\"padding: 19% 0;\"><\/div> <div style=\"display:block; height:50px; margin:0 auto 12px; width:50px;\"><svg width=\"50px\" height=\"50px\" viewBox=\"0 0 60 60\" version=\"1.1\" xmlns=\"https:\/\/www.w3.org\/2000\/svg\" xmlns:xlink=\"https:\/\/www.w3.org\/1999\/xlink\"><g stroke=\"none\" stroke-width=\"1\" fill=\"none\" fill-rule=\"evenodd\"><g transform=\"translate(-511.000000, -20.000000)\" fill=\"#000000\"><g><path d=\"M556.869,30.41 C554.814,30.41 553.148,32.076 553.148,34.131 C553.148,36.186 554.814,37.852 556.869,37.852 C558.924,37.852 560.59,36.186 560.59,34.131 C560.59,32.076 558.924,30.41 556.869,30.41 M541,60.657 C535.114,60.657 530.342,55.887 530.342,50 C530.342,44.114 535.114,39.342 541,39.342 C546.887,39.342 551.658,44.114 551.658,50 C551.658,55.887 546.887,60.657 541,60.657 M541,33.886 C532.1,33.886 524.886,41.1 524.886,50 C524.886,58.899 532.1,66.113 541,66.113 C549.9,66.113 557.115,58.899 557.115,50 C557.115,41.1 549.9,33.886 541,33.886 M565.378,62.101 C565.244,65.022 564.756,66.606 564.346,67.663 C563.803,69.06 563.154,70.057 562.106,71.106 C561.058,72.155 560.06,72.803 558.662,73.347 C557.607,73.757 556.021,74.244 553.102,74.378 C549.944,74.521 548.997,74.552 541,74.552 C533.003,74.552 532.056,74.521 528.898,74.378 C525.979,74.244 524.393,73.757 523.338,73.347 C521.94,72.803 520.942,72.155 519.894,71.106 C518.846,70.057 518.197,69.06 517.654,67.663 C517.244,66.606 516.755,65.022 516.623,62.101 C516.479,58.943 516.448,57.996 516.448,50 C516.448,42.003 516.479,41.056 516.623,37.899 C516.755,34.978 517.244,33.391 517.654,32.338 C518.197,30.938 518.846,29.942 519.894,28.894 C520.942,27.846 521.94,27.196 523.338,26.654 C524.393,26.244 525.979,25.756 528.898,25.623 C532.057,25.479 533.004,25.448 541,25.448 C548.997,25.448 549.943,25.479 553.102,25.623 C556.021,25.756 557.607,26.244 558.662,26.654 C560.06,27.196 561.058,27.846 562.106,28.894 C563.154,29.942 563.803,30.938 564.346,32.338 C564.756,33.391 565.244,34.978 565.378,37.899 C565.522,41.056 565.552,42.003 565.552,50 C565.552,57.996 565.522,58.943 565.378,62.101 M570.82,37.631 C570.674,34.438 570.167,32.258 569.425,30.349 C568.659,28.377 567.633,26.702 565.965,25.035 C564.297,23.368 562.623,22.342 560.652,21.575 C558.743,20.834 556.562,20.326 553.369,20.18 C550.169,20.033 549.148,20 541,20 C532.853,20 531.831,20.033 528.631,20.18 C525.438,20.326 523.257,20.834 521.349,21.575 C519.376,22.342 517.703,23.368 516.035,25.035 C514.368,26.702 513.342,28.377 512.574,30.349 C511.834,32.258 511.326,34.438 511.181,37.631 C511.035,40.831 511,41.851 511,50 C511,58.147 511.035,59.17 511.181,62.369 C511.326,65.562 511.834,67.743 512.574,69.651 C513.342,71.625 514.368,73.296 516.035,74.965 C517.703,76.634 519.376,77.658 521.349,78.425 C523.257,79.167 525.438,79.673 528.631,79.82 C531.831,79.965 532.853,80.001 541,80.001 C549.148,80.001 550.169,79.965 553.369,79.82 C556.562,79.673 558.743,79.167 560.652,78.425 C562.623,77.658 564.297,76.634 565.965,74.965 C567.633,73.296 568.659,71.625 569.425,69.651 C570.167,67.743 570.674,65.562 570.82,62.369 C570.966,59.17 571,58.147 571,50 C571,41.851 570.966,40.831 570.82,37.631\"><\/path><\/g><\/g><\/g><\/svg><\/div><div style=\"padding-top: 8px;\"> <div style=\" color:#3897f0; font-family:Arial,sans-serif; font-size:14px; font-style:normal; font-weight:550; line-height:18px;\">Ver esta publicaci\u00f3n en Instagram<\/div><\/div><div style=\"padding: 12.5% 0;\"><\/div> <div style=\"display: flex; flex-direction: row; margin-bottom: 14px; align-items: center;\"><div> <div style=\"background-color: #F4F4F4; border-radius: 50%; height: 12.5px; width: 12.5px; transform: translateX(0px) translateY(7px);\"><\/div> <div style=\"background-color: #F4F4F4; height: 12.5px; transform: rotate(-45deg) translateX(3px) translateY(1px); width: 12.5px; flex-grow: 0; margin-right: 14px; margin-left: 2px;\"><\/div> <div style=\"background-color: #F4F4F4; border-radius: 50%; height: 12.5px; width: 12.5px; transform: translateX(9px) translateY(-18px);\"><\/div><\/div><div style=\"margin-left: 8px;\"> <div style=\" background-color: #F4F4F4; border-radius: 50%; flex-grow: 0; height: 20px; width: 20px;\"><\/div> <div style=\" width: 0; height: 0; border-top: 2px solid transparent; border-left: 6px solid #f4f4f4; border-bottom: 2px solid transparent; transform: translateX(16px) translateY(-4px) rotate(30deg)\"><\/div><\/div><div style=\"margin-left: auto;\"> <div style=\" width: 0px; border-top: 8px solid #F4F4F4; border-right: 8px solid transparent; transform: translateY(16px);\"><\/div> <div style=\" background-color: #F4F4F4; flex-grow: 0; height: 12px; width: 16px; transform: translateY(-4px);\"><\/div> <div style=\" width: 0; height: 0; border-top: 8px solid #F4F4F4; border-left: 8px solid transparent; transform: translateY(-4px) translateX(8px);\"><\/div><\/div><\/div> <div style=\"display: flex; flex-direction: column; flex-grow: 1; justify-content: center; margin-bottom: 24px;\"> <div style=\" background-color: #F4F4F4; border-radius: 4px; flex-grow: 0; height: 14px; margin-bottom: 6px; width: 224px;\"><\/div> <div style=\" background-color: #F4F4F4; border-radius: 4px; flex-grow: 0; height: 14px; width: 144px;\"><\/div><\/div><\/a><p style=\" color:#c9c8cd; font-family:Arial,sans-serif; font-size:14px; line-height:17px; margin-bottom:0; margin-top:8px; overflow:hidden; padding:8px 0 7px; text-align:center; text-overflow:ellipsis; white-space:nowrap;\"><a href=\"https:\/\/www.instagram.com\/reel\/DN0hYspwKaB\/?utm_source=ig_embed&amp;utm_campaign=loading\" style=\" color:#c9c8cd; font-family:Arial,sans-serif; font-size:14px; font-style:normal; font-weight:normal; line-height:17px; text-decoration:none;\" target=\"_blank\">Una publicaci\u00f3n compartida de Maria Vargas (@maria.aventin.vargas)<\/a><\/p><\/div><\/blockquote>\n<script async src=\"\/\/www.instagram.com\/embed.js\"><\/script>\n\n\n\n<p>El tema seguramente seguir\u00e1 dando de qu\u00e9 hablar, tanto dentro de Cuba como en la di\u00e1spora, donde los fan\u00e1ticos de Gente de Zona siguen cada paso de Alexander Delgado con lupa. Porque en definitiva, en la era de las redes, la vida personal de los artistas se convierte en un espejo donde la gente proyecta sus propias historias de familia, amor y desencuentros.<\/p>\n","protected":false},"excerpt":{"rendered":"<p>Se trata de la primera vez que el p\u00fablico tiene acceso a im\u00e1genes del hijo \u201cno reconocido\u201d del m\u00fasico, quien ya es padre de Alex Jr. y de Kuki Delgado<\/p>\n","protected":false},"author":27,"featured_media":217855,"comment_status":"open","ping_status":"closed","sticky":false,"template":"","format":"standard","meta":{"_acf_changed":false,"footnotes":""},"categories":[443],"tags":[970,46,18474,6160,18473],"class_list":{"0":"post-217854","1":"post","2":"type-post","3":"status-publish","4":"format-standard","5":"has-post-thumbnail","7":"category-farandula","8":"tag-alexander-delgado","9":"tag-gente-de-zona","10":"tag-maria-vargas","11":"tag-reguetoneros-cubanos","12":"tag-sofia-delgado"},"acf":[],"yoast_head":"<!-- This site is optimized with the Yoast SEO plugin v27.5 - https:\/\/yoast.com\/product\/yoast-seo-wordpress\/ -->\n<title>Hijo no conocido de Alexander Delgado se encuentra con su hermanita Sof\u00eda Vargas en Florida - Cuballama Noticias<\/title>\n<meta name=\"description\" content=\"Alexander, hoy casado con la modelo Mily Alem\u00e1n, jam\u00e1s ha hecho una declaraci\u00f3n p\u00fablica que confirme oficialmente esa paternidad.\" \/>\n<meta name=\"robots\" content=\"index, follow, max-snippet:-1, max-image-preview:large, max-video-preview:-1\" \/>\n<link rel=\"canonical\" href=\"https:\/\/www.cuballama.com\/noticias\/hijo-no-conocido-de-alexander-delgado-se-encuentra-con-su-hermanita-sofia-vargas-en-florida\/\" \/>\n<meta property=\"og:locale\" content=\"es_ES\" \/>\n<meta property=\"og:type\" content=\"article\" \/>\n<meta property=\"og:title\" content=\"Hijo no conocido de Alexander Delgado se encuentra con su hermanita Sof\u00eda Vargas en Florida - Cuballama Noticias\" \/>\n<meta property=\"og:description\" content=\"Alexander, hoy casado con la modelo Mily Alem\u00e1n, jam\u00e1s ha hecho una declaraci\u00f3n p\u00fablica que confirme oficialmente esa paternidad.\" \/>\n<meta property=\"og:url\" content=\"https:\/\/www.cuballama.com\/noticias\/hijo-no-conocido-de-alexander-delgado-se-encuentra-con-su-hermanita-sofia-vargas-en-florida\/\" \/>\n<meta property=\"og:site_name\" content=\"Cuballama Noticias\" \/>\n<meta property=\"article:publisher\" content=\"https:\/\/www.facebook.com\/CubaLlama\" \/>\n<meta property=\"article:published_time\" content=\"2025-08-27T14:08:16+00:00\" \/>\n<meta property=\"article:modified_time\" content=\"2025-08-27T14:08:18+00:00\" \/>\n<meta property=\"og:image\" content=\"https:\/\/cdn1.mediawpaccore.net\/wp-content\/uploads\/2025\/08\/27093637\/WhatsApp-Image-2025-08-27-at-15.34.34.jpeg\" \/>\n\t<meta property=\"og:image:width\" content=\"1893\" \/>\n\t<meta property=\"og:image:height\" content=\"1268\" \/>\n\t<meta property=\"og:image:type\" content=\"image\/jpeg\" \/>\n<meta name=\"author\" content=\"Rafa\" \/>\n<meta name=\"twitter:card\" content=\"summary_large_image\" \/>\n<meta name=\"twitter:creator\" content=\"@cuballama\" \/>\n<meta name=\"twitter:site\" content=\"@cuballama\" \/>\n<meta name=\"twitter:label1\" content=\"Escrito por\" \/>\n\t<meta name=\"twitter:data1\" content=\"Rafa\" \/>\n\t<meta name=\"twitter:label2\" content=\"Tiempo de lectura\" \/>\n\t<meta name=\"twitter:data2\" content=\"4 minutos\" \/>\n<script type=\"application\/ld+json\" class=\"yoast-schema-graph\">{\"@context\":\"https:\\\/\\\/schema.org\",\"@graph\":[{\"@type\":\"Article\",\"@id\":\"https:\\\/\\\/www.cuballama.com\\\/noticias\\\/hijo-no-conocido-de-alexander-delgado-se-encuentra-con-su-hermanita-sofia-vargas-en-florida\\\/#article\",\"isPartOf\":{\"@id\":\"https:\\\/\\\/www.cuballama.com\\\/noticias\\\/hijo-no-conocido-de-alexander-delgado-se-encuentra-con-su-hermanita-sofia-vargas-en-florida\\\/\"},\"author\":{\"name\":\"Rafa\",\"@id\":\"https:\\\/\\\/www.cuballama.com\\\/noticias\\\/#\\\/schema\\\/person\\\/0f97914526a658755f00e59ec2a832f2\"},\"headline\":\"Hijo no conocido de Alexander Delgado se encuentra con su hermanita Sof\u00eda Vargas en Florida\",\"datePublished\":\"2025-08-27T14:08:16+00:00\",\"dateModified\":\"2025-08-27T14:08:18+00:00\",\"mainEntityOfPage\":{\"@id\":\"https:\\\/\\\/www.cuballama.com\\\/noticias\\\/hijo-no-conocido-de-alexander-delgado-se-encuentra-con-su-hermanita-sofia-vargas-en-florida\\\/\"},\"wordCount\":648,\"commentCount\":0,\"publisher\":{\"@id\":\"https:\\\/\\\/www.cuballama.com\\\/noticias\\\/#organization\"},\"image\":{\"@id\":\"https:\\\/\\\/www.cuballama.com\\\/noticias\\\/hijo-no-conocido-de-alexander-delgado-se-encuentra-con-su-hermanita-sofia-vargas-en-florida\\\/#primaryimage\"},\"thumbnailUrl\":\"https:\\\/\\\/cdn1.mediawpaccore.net\\\/wp-content\\\/uploads\\\/2025\\\/08\\\/27093637\\\/WhatsApp-Image-2025-08-27-at-15.34.34.jpeg\",\"keywords\":[\"Alexander Delgado\",\"gente de zona\",\"Mar\u00eda Vargas\",\"Reguetoneros cubanos\",\"Sof\u00eda Delgado\"],\"articleSection\":[\"Far\u00e1ndula\"],\"inLanguage\":\"es\",\"potentialAction\":[{\"@type\":\"CommentAction\",\"name\":\"Comment\",\"target\":[\"https:\\\/\\\/www.cuballama.com\\\/noticias\\\/hijo-no-conocido-de-alexander-delgado-se-encuentra-con-su-hermanita-sofia-vargas-en-florida\\\/#respond\"]}]},{\"@type\":\"WebPage\",\"@id\":\"https:\\\/\\\/www.cuballama.com\\\/noticias\\\/hijo-no-conocido-de-alexander-delgado-se-encuentra-con-su-hermanita-sofia-vargas-en-florida\\\/\",\"url\":\"https:\\\/\\\/www.cuballama.com\\\/noticias\\\/hijo-no-conocido-de-alexander-delgado-se-encuentra-con-su-hermanita-sofia-vargas-en-florida\\\/\",\"name\":\"Hijo no conocido de Alexander Delgado se encuentra con su hermanita Sof\u00eda Vargas en Florida - Cuballama Noticias\",\"isPartOf\":{\"@id\":\"https:\\\/\\\/www.cuballama.com\\\/noticias\\\/#website\"},\"primaryImageOfPage\":{\"@id\":\"https:\\\/\\\/www.cuballama.com\\\/noticias\\\/hijo-no-conocido-de-alexander-delgado-se-encuentra-con-su-hermanita-sofia-vargas-en-florida\\\/#primaryimage\"},\"image\":{\"@id\":\"https:\\\/\\\/www.cuballama.com\\\/noticias\\\/hijo-no-conocido-de-alexander-delgado-se-encuentra-con-su-hermanita-sofia-vargas-en-florida\\\/#primaryimage\"},\"thumbnailUrl\":\"https:\\\/\\\/cdn1.mediawpaccore.net\\\/wp-content\\\/uploads\\\/2025\\\/08\\\/27093637\\\/WhatsApp-Image-2025-08-27-at-15.34.34.jpeg\",\"datePublished\":\"2025-08-27T14:08:16+00:00\",\"dateModified\":\"2025-08-27T14:08:18+00:00\",\"description\":\"Alexander, hoy casado con la modelo Mily Alem\u00e1n, jam\u00e1s ha hecho una declaraci\u00f3n p\u00fablica que confirme oficialmente esa paternidad.\",\"breadcrumb\":{\"@id\":\"https:\\\/\\\/www.cuballama.com\\\/noticias\\\/hijo-no-conocido-de-alexander-delgado-se-encuentra-con-su-hermanita-sofia-vargas-en-florida\\\/#breadcrumb\"},\"inLanguage\":\"es\",\"potentialAction\":[{\"@type\":\"ReadAction\",\"target\":[\"https:\\\/\\\/www.cuballama.com\\\/noticias\\\/hijo-no-conocido-de-alexander-delgado-se-encuentra-con-su-hermanita-sofia-vargas-en-florida\\\/\"]}]},{\"@type\":\"ImageObject\",\"inLanguage\":\"es\",\"@id\":\"https:\\\/\\\/www.cuballama.com\\\/noticias\\\/hijo-no-conocido-de-alexander-delgado-se-encuentra-con-su-hermanita-sofia-vargas-en-florida\\\/#primaryimage\",\"url\":\"https:\\\/\\\/cdn1.mediawpaccore.net\\\/wp-content\\\/uploads\\\/2025\\\/08\\\/27093637\\\/WhatsApp-Image-2025-08-27-at-15.34.34.jpeg\",\"contentUrl\":\"https:\\\/\\\/cdn1.mediawpaccore.net\\\/wp-content\\\/uploads\\\/2025\\\/08\\\/27093637\\\/WhatsApp-Image-2025-08-27-at-15.34.34.jpeg\",\"width\":1893,\"height\":1268,\"caption\":\"Foto: Mar\u00eda Vargas\"},{\"@type\":\"BreadcrumbList\",\"@id\":\"https:\\\/\\\/www.cuballama.com\\\/noticias\\\/hijo-no-conocido-de-alexander-delgado-se-encuentra-con-su-hermanita-sofia-vargas-en-florida\\\/#breadcrumb\",\"itemListElement\":[{\"@type\":\"ListItem\",\"position\":1,\"name\":\"Home\",\"item\":\"https:\\\/\\\/www.cuballama.com\\\/noticias\\\/\"},{\"@type\":\"ListItem\",\"position\":2,\"name\":\"Hijo no conocido de Alexander Delgado se encuentra con su hermanita Sof\u00eda Vargas en Florida\"}]},{\"@type\":\"WebSite\",\"@id\":\"https:\\\/\\\/www.cuballama.com\\\/noticias\\\/#website\",\"url\":\"https:\\\/\\\/www.cuballama.com\\\/noticias\\\/\",\"name\":\"Cuballama Noticias\",\"description\":\"Medio digital sobre Cuba y el mundo\",\"publisher\":{\"@id\":\"https:\\\/\\\/www.cuballama.com\\\/noticias\\\/#organization\"},\"potentialAction\":[{\"@type\":\"SearchAction\",\"target\":{\"@type\":\"EntryPoint\",\"urlTemplate\":\"https:\\\/\\\/www.cuballama.com\\\/noticias\\\/?s={search_term_string}\"},\"query-input\":{\"@type\":\"PropertyValueSpecification\",\"valueRequired\":true,\"valueName\":\"search_term_string\"}}],\"inLanguage\":\"es\"},{\"@type\":\"Organization\",\"@id\":\"https:\\\/\\\/www.cuballama.com\\\/noticias\\\/#organization\",\"name\":\"Cuballama\",\"url\":\"https:\\\/\\\/www.cuballama.com\\\/noticias\\\/\",\"logo\":{\"@type\":\"ImageObject\",\"inLanguage\":\"es\",\"@id\":\"https:\\\/\\\/www.cuballama.com\\\/noticias\\\/#\\\/schema\\\/logo\\\/image\\\/\",\"url\":\"https:\\\/\\\/cdn1.mediawpaccore.net\\\/wp-content\\\/uploads\\\/2021\\\/12\\\/28171206\\\/cbll-logo-color-sm.png\",\"contentUrl\":\"https:\\\/\\\/cdn1.mediawpaccore.net\\\/wp-content\\\/uploads\\\/2021\\\/12\\\/28171206\\\/cbll-logo-color-sm.png\",\"width\":600,\"height\":133,\"caption\":\"Cuballama\"},\"image\":{\"@id\":\"https:\\\/\\\/www.cuballama.com\\\/noticias\\\/#\\\/schema\\\/logo\\\/image\\\/\"},\"sameAs\":[\"https:\\\/\\\/www.facebook.com\\\/CubaLlama\",\"https:\\\/\\\/x.com\\\/cuballama\",\"https:\\\/\\\/www.instagram.com\\\/stories\\\/cuballama_oficial\\\/\",\"https:\\\/\\\/www.youtube.com\\\/channel\\\/UCKkFE-d_axENGZcrc4as0IA\"]},{\"@type\":\"Person\",\"@id\":\"https:\\\/\\\/www.cuballama.com\\\/noticias\\\/#\\\/schema\\\/person\\\/0f97914526a658755f00e59ec2a832f2\",\"name\":\"Rafa\",\"url\":\"https:\\\/\\\/www.cuballama.com\\\/noticias\\\/author\\\/rafa\\\/\"}]}<\/script>\n<!-- \/ Yoast SEO plugin. -->","yoast_head_json":{"title":"Hijo no conocido de Alexander Delgado se encuentra con su hermanita Sof\u00eda Vargas en Florida - Cuballama Noticias","description":"Alexander, hoy casado con la modelo Mily Alem\u00e1n, jam\u00e1s ha hecho una declaraci\u00f3n p\u00fablica que confirme oficialmente esa paternidad.","robots":{"index":"index","follow":"follow","max-snippet":"max-snippet:-1","max-image-preview":"max-image-preview:large","max-video-preview":"max-video-preview:-1"},"canonical":"https:\/\/www.cuballama.com\/noticias\/hijo-no-conocido-de-alexander-delgado-se-encuentra-con-su-hermanita-sofia-vargas-en-florida\/","og_locale":"es_ES","og_type":"article","og_title":"Hijo no conocido de Alexander Delgado se encuentra con su hermanita Sof\u00eda Vargas en Florida - Cuballama Noticias","og_description":"Alexander, hoy casado con la modelo Mily Alem\u00e1n, jam\u00e1s ha hecho una declaraci\u00f3n p\u00fablica que confirme oficialmente esa paternidad.","og_url":"https:\/\/www.cuballama.com\/noticias\/hijo-no-conocido-de-alexander-delgado-se-encuentra-con-su-hermanita-sofia-vargas-en-florida\/","og_site_name":"Cuballama Noticias","article_publisher":"https:\/\/www.facebook.com\/CubaLlama","article_published_time":"2025-08-27T14:08:16+00:00","article_modified_time":"2025-08-27T14:08:18+00:00","og_image":[{"width":1893,"height":1268,"url":"https:\/\/cdn1.mediawpaccore.net\/wp-content\/uploads\/2025\/08\/27093637\/WhatsApp-Image-2025-08-27-at-15.34.34.jpeg","type":"image\/jpeg"}],"author":"Rafa","twitter_card":"summary_large_image","twitter_creator":"@cuballama","twitter_site":"@cuballama","twitter_misc":{"Escrito por":"Rafa","Tiempo de lectura":"4 minutos"},"schema":{"@context":"https:\/\/schema.org","@graph":[{"@type":"Article","@id":"https:\/\/www.cuballama.com\/noticias\/hijo-no-conocido-de-alexander-delgado-se-encuentra-con-su-hermanita-sofia-vargas-en-florida\/#article","isPartOf":{"@id":"https:\/\/www.cuballama.com\/noticias\/hijo-no-conocido-de-alexander-delgado-se-encuentra-con-su-hermanita-sofia-vargas-en-florida\/"},"author":{"name":"Rafa","@id":"https:\/\/www.cuballama.com\/noticias\/#\/schema\/person\/0f97914526a658755f00e59ec2a832f2"},"headline":"Hijo no conocido de Alexander Delgado se encuentra con su hermanita Sof\u00eda Vargas en Florida","datePublished":"2025-08-27T14:08:16+00:00","dateModified":"2025-08-27T14:08:18+00:00","mainEntityOfPage":{"@id":"https:\/\/www.cuballama.com\/noticias\/hijo-no-conocido-de-alexander-delgado-se-encuentra-con-su-hermanita-sofia-vargas-en-florida\/"},"wordCount":648,"commentCount":0,"publisher":{"@id":"https:\/\/www.cuballama.com\/noticias\/#organization"},"image":{"@id":"https:\/\/www.cuballama.com\/noticias\/hijo-no-conocido-de-alexander-delgado-se-encuentra-con-su-hermanita-sofia-vargas-en-florida\/#primaryimage"},"thumbnailUrl":"https:\/\/cdn1.mediawpaccore.net\/wp-content\/uploads\/2025\/08\/27093637\/WhatsApp-Image-2025-08-27-at-15.34.34.jpeg","keywords":["Alexander Delgado","gente de zona","Mar\u00eda Vargas","Reguetoneros cubanos","Sof\u00eda Delgado"],"articleSection":["Far\u00e1ndula"],"inLanguage":"es","potentialAction":[{"@type":"CommentAction","name":"Comment","target":["https:\/\/www.cuballama.com\/noticias\/hijo-no-conocido-de-alexander-delgado-se-encuentra-con-su-hermanita-sofia-vargas-en-florida\/#respond"]}]},{"@type":"WebPage","@id":"https:\/\/www.cuballama.com\/noticias\/hijo-no-conocido-de-alexander-delgado-se-encuentra-con-su-hermanita-sofia-vargas-en-florida\/","url":"https:\/\/www.cuballama.com\/noticias\/hijo-no-conocido-de-alexander-delgado-se-encuentra-con-su-hermanita-sofia-vargas-en-florida\/","name":"Hijo no conocido de Alexander Delgado se encuentra con su hermanita Sof\u00eda Vargas en Florida - Cuballama Noticias","isPartOf":{"@id":"https:\/\/www.cuballama.com\/noticias\/#website"},"primaryImageOfPage":{"@id":"https:\/\/www.cuballama.com\/noticias\/hijo-no-conocido-de-alexander-delgado-se-encuentra-con-su-hermanita-sofia-vargas-en-florida\/#primaryimage"},"image":{"@id":"https:\/\/www.cuballama.com\/noticias\/hijo-no-conocido-de-alexander-delgado-se-encuentra-con-su-hermanita-sofia-vargas-en-florida\/#primaryimage"},"thumbnailUrl":"https:\/\/cdn1.mediawpaccore.net\/wp-content\/uploads\/2025\/08\/27093637\/WhatsApp-Image-2025-08-27-at-15.34.34.jpeg","datePublished":"2025-08-27T14:08:16+00:00","dateModified":"2025-08-27T14:08:18+00:00","description":"Alexander, hoy casado con la modelo Mily Alem\u00e1n, jam\u00e1s ha hecho una declaraci\u00f3n p\u00fablica que confirme oficialmente esa paternidad.","breadcrumb":{"@id":"https:\/\/www.cuballama.com\/noticias\/hijo-no-conocido-de-alexander-delgado-se-encuentra-con-su-hermanita-sofia-vargas-en-florida\/#breadcrumb"},"inLanguage":"es","potentialAction":[{"@type":"ReadAction","target":["https:\/\/www.cuballama.com\/noticias\/hijo-no-conocido-de-alexander-delgado-se-encuentra-con-su-hermanita-sofia-vargas-en-florida\/"]}]},{"@type":"ImageObject","inLanguage":"es","@id":"https:\/\/www.cuballama.com\/noticias\/hijo-no-conocido-de-alexander-delgado-se-encuentra-con-su-hermanita-sofia-vargas-en-florida\/#primaryimage","url":"https:\/\/cdn1.mediawpaccore.net\/wp-content\/uploads\/2025\/08\/27093637\/WhatsApp-Image-2025-08-27-at-15.34.34.jpeg","contentUrl":"https:\/\/cdn1.mediawpaccore.net\/wp-content\/uploads\/2025\/08\/27093637\/WhatsApp-Image-2025-08-27-at-15.34.34.jpeg","width":1893,"height":1268,"caption":"Foto: Mar\u00eda Vargas"},{"@type":"BreadcrumbList","@id":"https:\/\/www.cuballama.com\/noticias\/hijo-no-conocido-de-alexander-delgado-se-encuentra-con-su-hermanita-sofia-vargas-en-florida\/#breadcrumb","itemListElement":[{"@type":"ListItem","position":1,"name":"Home","item":"https:\/\/www.cuballama.com\/noticias\/"},{"@type":"ListItem","position":2,"name":"Hijo no conocido de Alexander Delgado se encuentra con su hermanita Sof\u00eda Vargas en Florida"}]},{"@type":"WebSite","@id":"https:\/\/www.cuballama.com\/noticias\/#website","url":"https:\/\/www.cuballama.com\/noticias\/","name":"Cuballama Noticias","description":"Medio digital sobre Cuba y el mundo","publisher":{"@id":"https:\/\/www.cuballama.com\/noticias\/#organization"},"potentialAction":[{"@type":"SearchAction","target":{"@type":"EntryPoint","urlTemplate":"https:\/\/www.cuballama.com\/noticias\/?s={search_term_string}"},"query-input":{"@type":"PropertyValueSpecification","valueRequired":true,"valueName":"search_term_string"}}],"inLanguage":"es"},{"@type":"Organization","@id":"https:\/\/www.cuballama.com\/noticias\/#organization","name":"Cuballama","url":"https:\/\/www.cuballama.com\/noticias\/","logo":{"@type":"ImageObject","inLanguage":"es","@id":"https:\/\/www.cuballama.com\/noticias\/#\/schema\/logo\/image\/","url":"https:\/\/cdn1.mediawpaccore.net\/wp-content\/uploads\/2021\/12\/28171206\/cbll-logo-color-sm.png","contentUrl":"https:\/\/cdn1.mediawpaccore.net\/wp-content\/uploads\/2021\/12\/28171206\/cbll-logo-color-sm.png","width":600,"height":133,"caption":"Cuballama"},"image":{"@id":"https:\/\/www.cuballama.com\/noticias\/#\/schema\/logo\/image\/"},"sameAs":["https:\/\/www.facebook.com\/CubaLlama","https:\/\/x.com\/cuballama","https:\/\/www.instagram.com\/stories\/cuballama_oficial\/","https:\/\/www.youtube.com\/channel\/UCKkFE-d_axENGZcrc4as0IA"]},{"@type":"Person","@id":"https:\/\/www.cuballama.com\/noticias\/#\/schema\/person\/0f97914526a658755f00e59ec2a832f2","name":"Rafa","url":"https:\/\/www.cuballama.com\/noticias\/author\/rafa\/"}]}},"_links":{"self":[{"href":"https:\/\/www.cuballama.com\/noticias\/wp-json\/wp\/v2\/posts\/217854","targetHints":{"allow":["GET"]}}],"collection":[{"href":"https:\/\/www.cuballama.com\/noticias\/wp-json\/wp\/v2\/posts"}],"about":[{"href":"https:\/\/www.cuballama.com\/noticias\/wp-json\/wp\/v2\/types\/post"}],"author":[{"embeddable":true,"href":"https:\/\/www.cuballama.com\/noticias\/wp-json\/wp\/v2\/users\/27"}],"replies":[{"embeddable":true,"href":"https:\/\/www.cuballama.com\/noticias\/wp-json\/wp\/v2\/comments?post=217854"}],"version-history":[{"count":1,"href":"https:\/\/www.cuballama.com\/noticias\/wp-json\/wp\/v2\/posts\/217854\/revisions"}],"predecessor-version":[{"id":217864,"href":"https:\/\/www.cuballama.com\/noticias\/wp-json\/wp\/v2\/posts\/217854\/revisions\/217864"}],"wp:featuredmedia":[{"embeddable":true,"href":"https:\/\/www.cuballama.com\/noticias\/wp-json\/wp\/v2\/media\/217855"}],"wp:attachment":[{"href":"https:\/\/www.cuballama.com\/noticias\/wp-json\/wp\/v2\/media?parent=217854"}],"wp:term":[{"taxonomy":"category","embeddable":true,"href":"https:\/\/www.cuballama.com\/noticias\/wp-json\/wp\/v2\/categories?post=217854"},{"taxonomy":"post_tag","embeddable":true,"href":"https:\/\/www.cuballama.com\/noticias\/wp-json\/wp\/v2\/tags?post=217854"}],"curies":[{"name":"wp","href":"https:\/\/api.w.org\/{rel}","templated":true}]}}