{"id":217688,"date":"2025-08-26T09:36:14","date_gmt":"2025-08-26T13:36:14","guid":{"rendered":"https:\/\/www.cuballama.com\/noticias\/?p=217688"},"modified":"2025-08-26T11:45:05","modified_gmt":"2025-08-26T15:45:05","slug":"secuestro-de-activista-lara-crofs-confirma-palabras-de-fernando-perez-con-esa-gente-no-hay-dialogo-posible","status":"publish","type":"post","link":"https:\/\/www.cuballama.com\/noticias\/secuestro-de-activista-lara-crofs-confirma-palabras-de-fernando-perez-con-esa-gente-no-hay-dialogo-posible\/","title":{"rendered":"Secuestro de activista Lara Crofs confirma palabras de Fern\u00e1ndo Perez: con esa gente, no hay di\u00e1logo posible"},"content":{"rendered":"\n<h2 class=\"wp-block-heading\">Este episodio se suma al creciente descontento y al eco cultural que exige una apertura real y efectiva en Cuba. Mientras figuras como Fernando P\u00e9rez y la activista conocida en redes sociales como Lara Crofs sigan alzando su voz, el conflicto entre una voluntad cultural independiente y un Estado impermeable al cambio contin\u00faa sin visos de reconciliaci\u00f3n. <\/h2>\n\n\n\n<h3 class=\"wp-block-heading\">Bajo ese entendimiento, queda claro: con esa gente, di\u00e1logo no hay.<\/h3>\n\n\n\n<p>La activista cubana <strong>Yamilka Lafita Cancio<\/strong>, conocida en redes como <strong>Lara Crofs<\/strong>, fue detenida este lunes en La Habana, en lo que sus amigos denunciaron como una acci\u00f3n represiva claramente dirigida, y un secuestro.<\/p>\n\n\n\n<p><a href=\"https:\/\/www.facebook.com\/photo.php?fbid=1717523012528740&amp;set=a.906384686975914&amp;type=3&amp;utm_source=chatgpt.com\" target=\"_blank\" rel=\"noreferrer noopener\">Seg\u00fan el testimonio de Jorge Fern\u00e1ndez Era<\/a> \u2014a quien Lara acompa\u00f1aba minutos antes de ser arrestada\u2014, ella acudi\u00f3 a la estaci\u00f3n policial de Infanta y Manglar junto a Laideliz Herrera Laza; luego, permaneci\u00f3 a su lado en la unidad de Santos Su\u00e1rez por casi dos horas. <\/p>\n\n\n\n<p>Cuando finalmente sali\u00f3, alrededor de las 6:00 p.m., subi\u00f3 a un carro que la esperaba en plena calle. Apenas diez minutos despu\u00e9s, Daniela Peral \u2014compa\u00f1era de Lara\u2014 inform\u00f3 que un carro patrullero aguardaba en la esquina, en Zapotes y Flores, y que procedieron a detenerla.<\/p>\n\n\n\n<iframe loading=\"lazy\" src=\"https:\/\/www.facebook.com\/plugins\/post.php?href=https%3A%2F%2Fwww.facebook.com%2Fjorge.fernandezera.5%2Fposts%2Fpfbid02ynQxEvrTkPQjWuETMteQ7ddksDkLR9GwCn1RmppqcxJeFeRxCDqhgFX4X2HHTeQKl&#038;show_text=true&#038;width=500\" width=\"500\" height=\"621\" style=\"border:none;overflow:hidden\" scrolling=\"no\" frameborder=\"0\" allowfullscreen=\"true\" allow=\"autoplay; clipboard-write; encrypted-media; picture-in-picture; web-share\"><\/iframe>\n\n\n\n<p>Desde entonces, su paradero fue desconocido por horas. Muchos calificaron el acto como un \u201csecuestro silencioso\u201d \u2500un claro ejercicio de intimidaci\u00f3n por parte del aparato represivo (Departamento de Seguridad del Estado, Polic\u00eda Nacional Revolucionaria y colaboradores locales).<\/p>\n\n\n\n<iframe loading=\"lazy\" src=\"https:\/\/www.facebook.com\/plugins\/post.php?href=https%3A%2F%2Fwww.facebook.com%2Falbertoaregocu%2Fposts%2Fpfbid0UCwcceNnMGG2nATjJ1j7XSN41R4Vvsrpub2dLVUQQKSJVJUWgqRPfKBn2HjMECATl&#038;show_text=true&#038;width=500\" width=\"500\" height=\"718\" style=\"border:none;overflow:hidden\" scrolling=\"no\" frameborder=\"0\" allowfullscreen=\"true\" allow=\"autoplay; clipboard-write; encrypted-media; picture-in-picture; web-share\"><\/iframe>\n\n\n\n<p>Horas despu\u00e9s, <a href=\"https:\/\/www.facebook.com\/lara.crofs\/posts\/pfbid0Wk3jpQN72Nivv1GyTgTEyftgx82qa5iW9NG4V2UJdf6jZfcXWQxPnq3vx8bmCykxl\">Lara comunic\u00f3 desde casa que se encontraba bien<\/a>, aunque con un esguince de grado 2 en el tobillo derecho, producto de un empuj\u00f3n injustificado por parte de un patrullero cuando se resisti\u00f3 a entrar en la patrulla sin fundamento legal alguno. Afirm\u00f3 que se le aplic\u00f3 hielo y que tras un reposo podr\u00e1 compartir m\u00e1s detalles, subrayando que la represi\u00f3n no detendr\u00e1 su voluntad de luchar por la libertad y la dignidad. \u201cSeguimos\u201d, concluy\u00f3, fortaleciendo su imagen como \u201cmujer libre\u201d y comprometida en la defensa de los derechos civiles, junto a quienes la apoyan, entre ellos Jorge Fern\u00e1ndez Era.<\/p>\n\n\n\n<iframe loading=\"lazy\" src=\"https:\/\/www.facebook.com\/plugins\/post.php?href=https%3A%2F%2Fwww.facebook.com%2Flara.crofs%2Fposts%2Fpfbid0Wk3jpQN72Nivv1GyTgTEyftgx82qa5iW9NG4V2UJdf6jZfcXWQxPnq3vx8bmCykxl&#038;show_text=true&#038;width=500\" width=\"500\" height=\"731\" style=\"border:none;overflow:hidden\" scrolling=\"no\" frameborder=\"0\" allowfullscreen=\"true\" allow=\"autoplay; clipboard-write; encrypted-media; picture-in-picture; web-share\"><\/iframe>\n\n\n\n<p>El suceso desat\u00f3 una intensa ola de reacciones en redes sociales. Usuarios como Eduardo D\u00edaz Delgado denunciaron una \u201cdetenci\u00f3n arbitraria\u201d y el silencio c\u00f3mplice de muchos; Zea Gisselle calific\u00f3 los sucesos como criminalizaci\u00f3n de la amistad y la empat\u00eda, subrayando que \u201ceso fue secuestro\u201d. Otros celebraron su regreso a casa, como Jos\u00e9 Lu\u00eds Tan Estrada: \u201cMi hermana, Lara Crofs, ya est\u00e1 en casa\u201d. Estas expresiones reflejan el hartazgo que genera la represi\u00f3n selectiva y la complicidad del silencio en el entorno cubano.<\/p>\n\n\n\n<h4 class=\"wp-block-heading\">El eco de Fernando P\u00e9rez y la imposibilidad del di\u00e1logo<\/h4>\n\n\n\n<p>Este episodio confirma, de manera dolorosa, lo que el prestigioso cineasta Fernando P\u00e9rez expresaba apenas unas horas antes de lo sucedido con la activista, en su reciente aparici\u00f3n en el <a href=\"https:\/\/www.youtube.com\/watch?v=W2uJJY6aeKk\" target=\"_blank\" rel=\"noreferrer noopener nofollow\">podcast <em>La Sobremesa<\/em> de <em>La Joven Cuba<\/em><\/a>: <em>\u201cCon esa gente, no hay di\u00e1logo posible\u201d<\/em>. Para P\u00e9rez, la pol\u00edtica cultural oficial cubana se caracteriza por la censura, la exclusi\u00f3n de j\u00f3venes y el silencio de voces cr\u00edticas y emergentes. La detenci\u00f3n de Lara Crofs, basada en su simple acto de acompa\u00f1amiento a un amigo, sin aviso ni causa legal comprobable, es una manifestaci\u00f3n clara de esa imposibilidad de comunicaci\u00f3n y reconocimiento mutuo entre la sociedad civil y el Estado cubano.<\/p>\n\n\n\n<p>P\u00e9rez se\u00f1al\u00f3 tambi\u00e9n que el cine, como otros \u00e1mbitos creativos, ha sido fracturado entre lo institucional tolerado y lo independiente marginado. La creaci\u00f3n de una Asamblea de Cineastas, que reclamaba libertad de expresi\u00f3n e inclusi\u00f3n, fue una chispa de esperanza que termin\u00f3 siendo ignorada institucionalmente, obligando a que su resistencia fuera virtual y clandestina. <\/p>\n\n\n\n<p><em>\u201cLa voluntad de di\u00e1logo ya no existe\u201d,<\/em> afirm\u00f3 P\u00e9rez, y lo vemos reforzado cuando la cautela no basta para evitar detenciones arbitrarias como la de Lara Crofs.<\/p>\n\n\n\n<iframe loading=\"lazy\" width=\"1179\" height=\"663\" src=\"https:\/\/www.youtube.com\/embed\/W2uJJY6aeKk\" title=\"Dialogue and Nation, with Fernando P\u00e9rez\" frameborder=\"0\" allow=\"accelerometer; autoplay; clipboard-write; encrypted-media; gyroscope; picture-in-picture; web-share\" referrerpolicy=\"strict-origin-when-cross-origin\" allowfullscreen><\/iframe>\n\n\n\n<p>Para el cineasta, este tipo de incidentes no son solo represiones aisladas, sino s\u00edmbolos de un Estado que responde con fuerza y silencio ante cualquier reclamo o posibilidad de encuentro. En su visi\u00f3n, el agotamiento del di\u00e1logo institucional \u2014sustentado en principios\u2014 ha dado paso a una confrontaci\u00f3n simb\u00f3lica: coexistencias silenciadas, asambleas ignoradas, arte marginado y voces apagadas. Lara Crofs y sus acompa\u00f1antes sufrieron esa realidad en carne propia.<\/p>\n\n\n\n<h5 class=\"wp-block-heading\"><strong>Un p\u00e1rrafo especialmente dedicado a las clarias cibern\u00e9ticas<\/strong><\/h5>\n\n\n\n<p><em>De acuerdo con las definiciones de la Real Academia Espa\u00f1ola, una <strong>detenci\u00f3n<\/strong> supone la privaci\u00f3n de libertad por parte de la autoridad competente en los casos previstos por la ley, mientras que un <strong>secuestro<\/strong> es la retenci\u00f3n ilegal de una persona contra su voluntad. <\/em><\/p>\n\n\n\n<p><em>En el caso de Lara Crofs, no se le notific\u00f3 delito ni causa alguna, fue obligada a subir a un carro patrullero mediante la fuerza y permaneci\u00f3 retenida sin proceso legal. Lo sucedido, por tanto, no puede describirse como una detenci\u00f3n legal, sino como una <strong>detenci\u00f3n arbitraria<\/strong> que, en t\u00e9rminos estrictos, se ajusta m\u00e1s a la definici\u00f3n de <strong>secuestro cometido por agentes del Estado<\/strong>.<\/em><\/p>\n","protected":false},"excerpt":{"rendered":"<p>La detenci\u00f3n de Lara Crofs pone rostro y nombre a las reflexiones de Fernando P\u00e9rez. M\u00e1s all\u00e1 de la industria del cine, su llamado se extiende a toda esfera civil donde el di\u00e1logo ha sido reemplazado por el cerco, la vigilancia y la represi\u00f3n sistem\u00e1tica. Cuando el simple acto de acompa\u00f1ar a un amigo se convierte en raz\u00f3n para una detenci\u00f3n, la apertura al di\u00e1logo se convierte en una ilusi\u00f3n.<\/p>\n","protected":false},"author":13,"featured_media":217726,"comment_status":"open","ping_status":"closed","sticky":false,"template":"","format":"standard","meta":{"_acf_changed":false,"footnotes":""},"categories":[18,955],"tags":[24488,26574,24239,26575,1698,20920,8081,6160,11305,1405,20921],"class_list":{"0":"post-217688","1":"post","2":"type-post","3":"status-publish","4":"format-standard","5":"has-post-thumbnail","7":"category-noticias","8":"category-noticias-de-cuba","9":"tag-activismo-cubano","10":"tag-asamblea-de-cineastas","11":"tag-detencion-arbitraria","12":"tag-dialogo-imposible","13":"tag-fernando-perez","14":"tag-lara-crofs","15":"tag-libertad-de-expresion","16":"tag-reguetoneros-cubanos","17":"tag-represion-en-cuba","18":"tag-secuestro","19":"tag-yamilka-lafita"},"acf":[],"yoast_head":"<!-- This site is optimized with the Yoast SEO plugin v27.5 - https:\/\/yoast.com\/product\/yoast-seo-wordpress\/ -->\n<title>Secuestro de activista Lara Crofs confirma palabras de Fern\u00e1ndo Perez: con esa gente, no hay di\u00e1logo posible - Cuballama Noticias<\/title>\n<meta name=\"description\" content=\"La activista Yamilka Laffita Cancio (Lara Crofs en Facebook) fue secuestrada en La Habana. Horas despu\u00e9s regres\u00f3 a su casa, con un esguince.\" \/>\n<meta name=\"robots\" content=\"index, follow, max-snippet:-1, max-image-preview:large, max-video-preview:-1\" \/>\n<link rel=\"canonical\" href=\"https:\/\/www.cuballama.com\/noticias\/secuestro-de-activista-lara-crofs-confirma-palabras-de-fernando-perez-con-esa-gente-no-hay-dialogo-posible\/\" \/>\n<meta property=\"og:locale\" content=\"es_ES\" \/>\n<meta property=\"og:type\" content=\"article\" \/>\n<meta property=\"og:title\" content=\"Secuestro de activista Lara Crofs confirma palabras de Fern\u00e1ndo Perez: con esa gente, no hay di\u00e1logo posible - Cuballama Noticias\" \/>\n<meta property=\"og:description\" content=\"La activista Yamilka Laffita Cancio (Lara Crofs en Facebook) fue secuestrada en La Habana. Horas despu\u00e9s regres\u00f3 a su casa, con un esguince.\" \/>\n<meta property=\"og:url\" content=\"https:\/\/www.cuballama.com\/noticias\/secuestro-de-activista-lara-crofs-confirma-palabras-de-fernando-perez-con-esa-gente-no-hay-dialogo-posible\/\" \/>\n<meta property=\"og:site_name\" content=\"Cuballama Noticias\" \/>\n<meta property=\"article:publisher\" content=\"https:\/\/www.facebook.com\/CubaLlama\" \/>\n<meta property=\"article:published_time\" content=\"2025-08-26T13:36:14+00:00\" \/>\n<meta property=\"article:modified_time\" content=\"2025-08-26T15:45:05+00:00\" \/>\n<meta property=\"og:image\" content=\"https:\/\/cdn1.mediawpaccore.net\/wp-content\/uploads\/2025\/08\/26063338\/image-128.png\" \/>\n\t<meta property=\"og:image:width\" content=\"1972\" \/>\n\t<meta property=\"og:image:height\" content=\"1034\" \/>\n\t<meta property=\"og:image:type\" content=\"image\/png\" \/>\n<meta name=\"author\" content=\"Roberto A.\" \/>\n<meta name=\"twitter:card\" content=\"summary_large_image\" \/>\n<meta name=\"twitter:creator\" content=\"@cuballama\" \/>\n<meta name=\"twitter:site\" content=\"@cuballama\" \/>\n<meta name=\"twitter:label1\" content=\"Escrito por\" \/>\n\t<meta name=\"twitter:data1\" content=\"Roberto A.\" \/>\n\t<meta name=\"twitter:label2\" content=\"Tiempo de lectura\" \/>\n\t<meta name=\"twitter:data2\" content=\"4 minutos\" \/>\n<script type=\"application\/ld+json\" class=\"yoast-schema-graph\">{\"@context\":\"https:\\\/\\\/schema.org\",\"@graph\":[{\"@type\":\"Article\",\"@id\":\"https:\\\/\\\/www.cuballama.com\\\/noticias\\\/secuestro-de-activista-lara-crofs-confirma-palabras-de-fernando-perez-con-esa-gente-no-hay-dialogo-posible\\\/#article\",\"isPartOf\":{\"@id\":\"https:\\\/\\\/www.cuballama.com\\\/noticias\\\/secuestro-de-activista-lara-crofs-confirma-palabras-de-fernando-perez-con-esa-gente-no-hay-dialogo-posible\\\/\"},\"author\":{\"name\":\"Roberto A.\",\"@id\":\"https:\\\/\\\/www.cuballama.com\\\/noticias\\\/#\\\/schema\\\/person\\\/a58502ed4146c8e9f83872e897c76cd2\"},\"headline\":\"Secuestro de activista Lara Crofs confirma palabras de Fern\u00e1ndo Perez: con esa gente, no hay di\u00e1logo posible\",\"datePublished\":\"2025-08-26T13:36:14+00:00\",\"dateModified\":\"2025-08-26T15:45:05+00:00\",\"mainEntityOfPage\":{\"@id\":\"https:\\\/\\\/www.cuballama.com\\\/noticias\\\/secuestro-de-activista-lara-crofs-confirma-palabras-de-fernando-perez-con-esa-gente-no-hay-dialogo-posible\\\/\"},\"wordCount\":880,\"commentCount\":0,\"publisher\":{\"@id\":\"https:\\\/\\\/www.cuballama.com\\\/noticias\\\/#organization\"},\"image\":{\"@id\":\"https:\\\/\\\/www.cuballama.com\\\/noticias\\\/secuestro-de-activista-lara-crofs-confirma-palabras-de-fernando-perez-con-esa-gente-no-hay-dialogo-posible\\\/#primaryimage\"},\"thumbnailUrl\":\"https:\\\/\\\/cdn1.mediawpaccore.net\\\/wp-content\\\/uploads\\\/2025\\\/08\\\/26063338\\\/image-128.png\",\"keywords\":[\"activismo cubano\",\"Asamblea de Cineastas\",\"detenci\u00f3n arbitraria\",\"di\u00e1logo imposible\",\"Fernando P\u00e9rez\",\"Lara Crofs\",\"Libertad de Expresi\u00f3n\",\"Reguetoneros cubanos\",\"represi\u00f3n en Cuba\",\"secuestro\",\"Yamilka Lafita\"],\"articleSection\":[\"Noticias\",\"Noticias de Cuba\"],\"inLanguage\":\"es\",\"potentialAction\":[{\"@type\":\"CommentAction\",\"name\":\"Comment\",\"target\":[\"https:\\\/\\\/www.cuballama.com\\\/noticias\\\/secuestro-de-activista-lara-crofs-confirma-palabras-de-fernando-perez-con-esa-gente-no-hay-dialogo-posible\\\/#respond\"]}]},{\"@type\":\"WebPage\",\"@id\":\"https:\\\/\\\/www.cuballama.com\\\/noticias\\\/secuestro-de-activista-lara-crofs-confirma-palabras-de-fernando-perez-con-esa-gente-no-hay-dialogo-posible\\\/\",\"url\":\"https:\\\/\\\/www.cuballama.com\\\/noticias\\\/secuestro-de-activista-lara-crofs-confirma-palabras-de-fernando-perez-con-esa-gente-no-hay-dialogo-posible\\\/\",\"name\":\"Secuestro de activista Lara Crofs confirma palabras de Fern\u00e1ndo Perez: con esa gente, no hay di\u00e1logo posible - Cuballama Noticias\",\"isPartOf\":{\"@id\":\"https:\\\/\\\/www.cuballama.com\\\/noticias\\\/#website\"},\"primaryImageOfPage\":{\"@id\":\"https:\\\/\\\/www.cuballama.com\\\/noticias\\\/secuestro-de-activista-lara-crofs-confirma-palabras-de-fernando-perez-con-esa-gente-no-hay-dialogo-posible\\\/#primaryimage\"},\"image\":{\"@id\":\"https:\\\/\\\/www.cuballama.com\\\/noticias\\\/secuestro-de-activista-lara-crofs-confirma-palabras-de-fernando-perez-con-esa-gente-no-hay-dialogo-posible\\\/#primaryimage\"},\"thumbnailUrl\":\"https:\\\/\\\/cdn1.mediawpaccore.net\\\/wp-content\\\/uploads\\\/2025\\\/08\\\/26063338\\\/image-128.png\",\"datePublished\":\"2025-08-26T13:36:14+00:00\",\"dateModified\":\"2025-08-26T15:45:05+00:00\",\"description\":\"La activista Yamilka Laffita Cancio (Lara Crofs en Facebook) fue secuestrada en La Habana. Horas despu\u00e9s regres\u00f3 a su casa, con un esguince.\",\"breadcrumb\":{\"@id\":\"https:\\\/\\\/www.cuballama.com\\\/noticias\\\/secuestro-de-activista-lara-crofs-confirma-palabras-de-fernando-perez-con-esa-gente-no-hay-dialogo-posible\\\/#breadcrumb\"},\"inLanguage\":\"es\",\"potentialAction\":[{\"@type\":\"ReadAction\",\"target\":[\"https:\\\/\\\/www.cuballama.com\\\/noticias\\\/secuestro-de-activista-lara-crofs-confirma-palabras-de-fernando-perez-con-esa-gente-no-hay-dialogo-posible\\\/\"]}]},{\"@type\":\"ImageObject\",\"inLanguage\":\"es\",\"@id\":\"https:\\\/\\\/www.cuballama.com\\\/noticias\\\/secuestro-de-activista-lara-crofs-confirma-palabras-de-fernando-perez-con-esa-gente-no-hay-dialogo-posible\\\/#primaryimage\",\"url\":\"https:\\\/\\\/cdn1.mediawpaccore.net\\\/wp-content\\\/uploads\\\/2025\\\/08\\\/26063338\\\/image-128.png\",\"contentUrl\":\"https:\\\/\\\/cdn1.mediawpaccore.net\\\/wp-content\\\/uploads\\\/2025\\\/08\\\/26063338\\\/image-128.png\",\"width\":1972,\"height\":1034,\"caption\":\"Yamilka Laffita Cancio, conocida como Lara Crofs en redes sociales, junto al director de cine Fernando P\u00e9rez, el 27 de noviembre de 2020 frente al Ministerio de Cultura. Foto; Lara Crofs \\\/ Facebook\"},{\"@type\":\"BreadcrumbList\",\"@id\":\"https:\\\/\\\/www.cuballama.com\\\/noticias\\\/secuestro-de-activista-lara-crofs-confirma-palabras-de-fernando-perez-con-esa-gente-no-hay-dialogo-posible\\\/#breadcrumb\",\"itemListElement\":[{\"@type\":\"ListItem\",\"position\":1,\"name\":\"Home\",\"item\":\"https:\\\/\\\/www.cuballama.com\\\/noticias\\\/\"},{\"@type\":\"ListItem\",\"position\":2,\"name\":\"Secuestro de activista Lara Crofs confirma palabras de Fern\u00e1ndo Perez: con esa gente, no hay di\u00e1logo posible\"}]},{\"@type\":\"WebSite\",\"@id\":\"https:\\\/\\\/www.cuballama.com\\\/noticias\\\/#website\",\"url\":\"https:\\\/\\\/www.cuballama.com\\\/noticias\\\/\",\"name\":\"Cuballama Noticias\",\"description\":\"Medio digital sobre Cuba y el mundo\",\"publisher\":{\"@id\":\"https:\\\/\\\/www.cuballama.com\\\/noticias\\\/#organization\"},\"potentialAction\":[{\"@type\":\"SearchAction\",\"target\":{\"@type\":\"EntryPoint\",\"urlTemplate\":\"https:\\\/\\\/www.cuballama.com\\\/noticias\\\/?s={search_term_string}\"},\"query-input\":{\"@type\":\"PropertyValueSpecification\",\"valueRequired\":true,\"valueName\":\"search_term_string\"}}],\"inLanguage\":\"es\"},{\"@type\":\"Organization\",\"@id\":\"https:\\\/\\\/www.cuballama.com\\\/noticias\\\/#organization\",\"name\":\"Cuballama\",\"url\":\"https:\\\/\\\/www.cuballama.com\\\/noticias\\\/\",\"logo\":{\"@type\":\"ImageObject\",\"inLanguage\":\"es\",\"@id\":\"https:\\\/\\\/www.cuballama.com\\\/noticias\\\/#\\\/schema\\\/logo\\\/image\\\/\",\"url\":\"https:\\\/\\\/cdn1.mediawpaccore.net\\\/wp-content\\\/uploads\\\/2021\\\/12\\\/28171206\\\/cbll-logo-color-sm.png\",\"contentUrl\":\"https:\\\/\\\/cdn1.mediawpaccore.net\\\/wp-content\\\/uploads\\\/2021\\\/12\\\/28171206\\\/cbll-logo-color-sm.png\",\"width\":600,\"height\":133,\"caption\":\"Cuballama\"},\"image\":{\"@id\":\"https:\\\/\\\/www.cuballama.com\\\/noticias\\\/#\\\/schema\\\/logo\\\/image\\\/\"},\"sameAs\":[\"https:\\\/\\\/www.facebook.com\\\/CubaLlama\",\"https:\\\/\\\/x.com\\\/cuballama\",\"https:\\\/\\\/www.instagram.com\\\/stories\\\/cuballama_oficial\\\/\",\"https:\\\/\\\/www.youtube.com\\\/channel\\\/UCKkFE-d_axENGZcrc4as0IA\"]},{\"@type\":\"Person\",\"@id\":\"https:\\\/\\\/www.cuballama.com\\\/noticias\\\/#\\\/schema\\\/person\\\/a58502ed4146c8e9f83872e897c76cd2\",\"name\":\"Roberto A.\",\"description\":\"Roberto A. Periodista por decisi\u00f3n propia. Interesado en cualquier tema que me apasione y cada vez m\u00e1s comprometido con la verdad y la objetividad period\u00edstica. Graduado en La Habana hace ya muchos a\u00f1os, luego de una accidentada y polvorienta b\u00fasqueda de informaci\u00f3n sobre un tema in\u00e9dito. La Tesis, por cierto, desapareci\u00f3 de la biblioteca y no se conservan copias de la misma.\",\"url\":\"https:\\\/\\\/www.cuballama.com\\\/noticias\\\/author\\\/roberto\\\/\"}]}<\/script>\n<!-- \/ Yoast SEO plugin. -->","yoast_head_json":{"title":"Secuestro de activista Lara Crofs confirma palabras de Fern\u00e1ndo Perez: con esa gente, no hay di\u00e1logo posible - Cuballama Noticias","description":"La activista Yamilka Laffita Cancio (Lara Crofs en Facebook) fue secuestrada en La Habana. Horas despu\u00e9s regres\u00f3 a su casa, con un esguince.","robots":{"index":"index","follow":"follow","max-snippet":"max-snippet:-1","max-image-preview":"max-image-preview:large","max-video-preview":"max-video-preview:-1"},"canonical":"https:\/\/www.cuballama.com\/noticias\/secuestro-de-activista-lara-crofs-confirma-palabras-de-fernando-perez-con-esa-gente-no-hay-dialogo-posible\/","og_locale":"es_ES","og_type":"article","og_title":"Secuestro de activista Lara Crofs confirma palabras de Fern\u00e1ndo Perez: con esa gente, no hay di\u00e1logo posible - Cuballama Noticias","og_description":"La activista Yamilka Laffita Cancio (Lara Crofs en Facebook) fue secuestrada en La Habana. Horas despu\u00e9s regres\u00f3 a su casa, con un esguince.","og_url":"https:\/\/www.cuballama.com\/noticias\/secuestro-de-activista-lara-crofs-confirma-palabras-de-fernando-perez-con-esa-gente-no-hay-dialogo-posible\/","og_site_name":"Cuballama Noticias","article_publisher":"https:\/\/www.facebook.com\/CubaLlama","article_published_time":"2025-08-26T13:36:14+00:00","article_modified_time":"2025-08-26T15:45:05+00:00","og_image":[{"width":1972,"height":1034,"url":"https:\/\/cdn1.mediawpaccore.net\/wp-content\/uploads\/2025\/08\/26063338\/image-128.png","type":"image\/png"}],"author":"Roberto A.","twitter_card":"summary_large_image","twitter_creator":"@cuballama","twitter_site":"@cuballama","twitter_misc":{"Escrito por":"Roberto A.","Tiempo de lectura":"4 minutos"},"schema":{"@context":"https:\/\/schema.org","@graph":[{"@type":"Article","@id":"https:\/\/www.cuballama.com\/noticias\/secuestro-de-activista-lara-crofs-confirma-palabras-de-fernando-perez-con-esa-gente-no-hay-dialogo-posible\/#article","isPartOf":{"@id":"https:\/\/www.cuballama.com\/noticias\/secuestro-de-activista-lara-crofs-confirma-palabras-de-fernando-perez-con-esa-gente-no-hay-dialogo-posible\/"},"author":{"name":"Roberto A.","@id":"https:\/\/www.cuballama.com\/noticias\/#\/schema\/person\/a58502ed4146c8e9f83872e897c76cd2"},"headline":"Secuestro de activista Lara Crofs confirma palabras de Fern\u00e1ndo Perez: con esa gente, no hay di\u00e1logo posible","datePublished":"2025-08-26T13:36:14+00:00","dateModified":"2025-08-26T15:45:05+00:00","mainEntityOfPage":{"@id":"https:\/\/www.cuballama.com\/noticias\/secuestro-de-activista-lara-crofs-confirma-palabras-de-fernando-perez-con-esa-gente-no-hay-dialogo-posible\/"},"wordCount":880,"commentCount":0,"publisher":{"@id":"https:\/\/www.cuballama.com\/noticias\/#organization"},"image":{"@id":"https:\/\/www.cuballama.com\/noticias\/secuestro-de-activista-lara-crofs-confirma-palabras-de-fernando-perez-con-esa-gente-no-hay-dialogo-posible\/#primaryimage"},"thumbnailUrl":"https:\/\/cdn1.mediawpaccore.net\/wp-content\/uploads\/2025\/08\/26063338\/image-128.png","keywords":["activismo cubano","Asamblea de Cineastas","detenci\u00f3n arbitraria","di\u00e1logo imposible","Fernando P\u00e9rez","Lara Crofs","Libertad de Expresi\u00f3n","Reguetoneros cubanos","represi\u00f3n en Cuba","secuestro","Yamilka Lafita"],"articleSection":["Noticias","Noticias de Cuba"],"inLanguage":"es","potentialAction":[{"@type":"CommentAction","name":"Comment","target":["https:\/\/www.cuballama.com\/noticias\/secuestro-de-activista-lara-crofs-confirma-palabras-de-fernando-perez-con-esa-gente-no-hay-dialogo-posible\/#respond"]}]},{"@type":"WebPage","@id":"https:\/\/www.cuballama.com\/noticias\/secuestro-de-activista-lara-crofs-confirma-palabras-de-fernando-perez-con-esa-gente-no-hay-dialogo-posible\/","url":"https:\/\/www.cuballama.com\/noticias\/secuestro-de-activista-lara-crofs-confirma-palabras-de-fernando-perez-con-esa-gente-no-hay-dialogo-posible\/","name":"Secuestro de activista Lara Crofs confirma palabras de Fern\u00e1ndo Perez: con esa gente, no hay di\u00e1logo posible - Cuballama Noticias","isPartOf":{"@id":"https:\/\/www.cuballama.com\/noticias\/#website"},"primaryImageOfPage":{"@id":"https:\/\/www.cuballama.com\/noticias\/secuestro-de-activista-lara-crofs-confirma-palabras-de-fernando-perez-con-esa-gente-no-hay-dialogo-posible\/#primaryimage"},"image":{"@id":"https:\/\/www.cuballama.com\/noticias\/secuestro-de-activista-lara-crofs-confirma-palabras-de-fernando-perez-con-esa-gente-no-hay-dialogo-posible\/#primaryimage"},"thumbnailUrl":"https:\/\/cdn1.mediawpaccore.net\/wp-content\/uploads\/2025\/08\/26063338\/image-128.png","datePublished":"2025-08-26T13:36:14+00:00","dateModified":"2025-08-26T15:45:05+00:00","description":"La activista Yamilka Laffita Cancio (Lara Crofs en Facebook) fue secuestrada en La Habana. Horas despu\u00e9s regres\u00f3 a su casa, con un esguince.","breadcrumb":{"@id":"https:\/\/www.cuballama.com\/noticias\/secuestro-de-activista-lara-crofs-confirma-palabras-de-fernando-perez-con-esa-gente-no-hay-dialogo-posible\/#breadcrumb"},"inLanguage":"es","potentialAction":[{"@type":"ReadAction","target":["https:\/\/www.cuballama.com\/noticias\/secuestro-de-activista-lara-crofs-confirma-palabras-de-fernando-perez-con-esa-gente-no-hay-dialogo-posible\/"]}]},{"@type":"ImageObject","inLanguage":"es","@id":"https:\/\/www.cuballama.com\/noticias\/secuestro-de-activista-lara-crofs-confirma-palabras-de-fernando-perez-con-esa-gente-no-hay-dialogo-posible\/#primaryimage","url":"https:\/\/cdn1.mediawpaccore.net\/wp-content\/uploads\/2025\/08\/26063338\/image-128.png","contentUrl":"https:\/\/cdn1.mediawpaccore.net\/wp-content\/uploads\/2025\/08\/26063338\/image-128.png","width":1972,"height":1034,"caption":"Yamilka Laffita Cancio, conocida como Lara Crofs en redes sociales, junto al director de cine Fernando P\u00e9rez, el 27 de noviembre de 2020 frente al Ministerio de Cultura. Foto; Lara Crofs \/ Facebook"},{"@type":"BreadcrumbList","@id":"https:\/\/www.cuballama.com\/noticias\/secuestro-de-activista-lara-crofs-confirma-palabras-de-fernando-perez-con-esa-gente-no-hay-dialogo-posible\/#breadcrumb","itemListElement":[{"@type":"ListItem","position":1,"name":"Home","item":"https:\/\/www.cuballama.com\/noticias\/"},{"@type":"ListItem","position":2,"name":"Secuestro de activista Lara Crofs confirma palabras de Fern\u00e1ndo Perez: con esa gente, no hay di\u00e1logo posible"}]},{"@type":"WebSite","@id":"https:\/\/www.cuballama.com\/noticias\/#website","url":"https:\/\/www.cuballama.com\/noticias\/","name":"Cuballama Noticias","description":"Medio digital sobre Cuba y el mundo","publisher":{"@id":"https:\/\/www.cuballama.com\/noticias\/#organization"},"potentialAction":[{"@type":"SearchAction","target":{"@type":"EntryPoint","urlTemplate":"https:\/\/www.cuballama.com\/noticias\/?s={search_term_string}"},"query-input":{"@type":"PropertyValueSpecification","valueRequired":true,"valueName":"search_term_string"}}],"inLanguage":"es"},{"@type":"Organization","@id":"https:\/\/www.cuballama.com\/noticias\/#organization","name":"Cuballama","url":"https:\/\/www.cuballama.com\/noticias\/","logo":{"@type":"ImageObject","inLanguage":"es","@id":"https:\/\/www.cuballama.com\/noticias\/#\/schema\/logo\/image\/","url":"https:\/\/cdn1.mediawpaccore.net\/wp-content\/uploads\/2021\/12\/28171206\/cbll-logo-color-sm.png","contentUrl":"https:\/\/cdn1.mediawpaccore.net\/wp-content\/uploads\/2021\/12\/28171206\/cbll-logo-color-sm.png","width":600,"height":133,"caption":"Cuballama"},"image":{"@id":"https:\/\/www.cuballama.com\/noticias\/#\/schema\/logo\/image\/"},"sameAs":["https:\/\/www.facebook.com\/CubaLlama","https:\/\/x.com\/cuballama","https:\/\/www.instagram.com\/stories\/cuballama_oficial\/","https:\/\/www.youtube.com\/channel\/UCKkFE-d_axENGZcrc4as0IA"]},{"@type":"Person","@id":"https:\/\/www.cuballama.com\/noticias\/#\/schema\/person\/a58502ed4146c8e9f83872e897c76cd2","name":"Roberto A.","description":"Roberto A. Periodista por decisi\u00f3n propia. Interesado en cualquier tema que me apasione y cada vez m\u00e1s comprometido con la verdad y la objetividad period\u00edstica. Graduado en La Habana hace ya muchos a\u00f1os, luego de una accidentada y polvorienta b\u00fasqueda de informaci\u00f3n sobre un tema in\u00e9dito. La Tesis, por cierto, desapareci\u00f3 de la biblioteca y no se conservan copias de la misma.","url":"https:\/\/www.cuballama.com\/noticias\/author\/roberto\/"}]}},"_links":{"self":[{"href":"https:\/\/www.cuballama.com\/noticias\/wp-json\/wp\/v2\/posts\/217688","targetHints":{"allow":["GET"]}}],"collection":[{"href":"https:\/\/www.cuballama.com\/noticias\/wp-json\/wp\/v2\/posts"}],"about":[{"href":"https:\/\/www.cuballama.com\/noticias\/wp-json\/wp\/v2\/types\/post"}],"author":[{"embeddable":true,"href":"https:\/\/www.cuballama.com\/noticias\/wp-json\/wp\/v2\/users\/13"}],"replies":[{"embeddable":true,"href":"https:\/\/www.cuballama.com\/noticias\/wp-json\/wp\/v2\/comments?post=217688"}],"version-history":[{"count":5,"href":"https:\/\/www.cuballama.com\/noticias\/wp-json\/wp\/v2\/posts\/217688\/revisions"}],"predecessor-version":[{"id":217728,"href":"https:\/\/www.cuballama.com\/noticias\/wp-json\/wp\/v2\/posts\/217688\/revisions\/217728"}],"wp:featuredmedia":[{"embeddable":true,"href":"https:\/\/www.cuballama.com\/noticias\/wp-json\/wp\/v2\/media\/217726"}],"wp:attachment":[{"href":"https:\/\/www.cuballama.com\/noticias\/wp-json\/wp\/v2\/media?parent=217688"}],"wp:term":[{"taxonomy":"category","embeddable":true,"href":"https:\/\/www.cuballama.com\/noticias\/wp-json\/wp\/v2\/categories?post=217688"},{"taxonomy":"post_tag","embeddable":true,"href":"https:\/\/www.cuballama.com\/noticias\/wp-json\/wp\/v2\/tags?post=217688"}],"curies":[{"name":"wp","href":"https:\/\/api.w.org\/{rel}","templated":true}]}}