{"id":217578,"date":"2025-08-25T16:53:05","date_gmt":"2025-08-25T20:53:05","guid":{"rendered":"https:\/\/www.cuballama.com\/noticias\/?p=217578"},"modified":"2025-08-25T16:53:08","modified_gmt":"2025-08-25T20:53:08","slug":"despiden-a-joven-madre-que-murio-durante-parto-complicado-en-la-isla","status":"publish","type":"post","link":"https:\/\/www.cuballama.com\/noticias\/despiden-a-joven-madre-que-murio-durante-parto-complicado-en-la-isla\/","title":{"rendered":"Despiden a joven madre que muri\u00f3 durante parto complicado en la isla"},"content":{"rendered":"\n<p>La comunidad cubana est\u00e1 de luto tras el fallecimiento de <strong>Lisandra Maceo Garc\u00eda<\/strong>, una joven madre de 26 a\u00f1os que luch\u00f3 por su vida durante tres meses luego de sufrir complicaciones cr\u00edticas durante el parto. Su partida ha dejado un vac\u00edo irreparable y puso en evidencia profundas carencias en el sistema de salud y viviendas en la isla. <\/p>\n\n\n\n<p>Seg\u00fan se report\u00f3 desde Cuba, Lisandra cay\u00f3 en estado vegetativo tras un paro respiratorio de <strong>35 minutos<\/strong>, ocurrido 21 d\u00edas despu\u00e9s de dar a luz, lo que le ocasion\u00f3 da\u00f1os cerebrales irreversibles. Depend\u00eda de una traqueotom\u00eda para respirar y de alimentaci\u00f3n por sonda g\u00e1strica. Aunque recibi\u00f3 el alta, no pudo regresar a su hogar familiar, que era una vivienda de madera con piso de tierra, expuesta a graves riesgos de infecciones.<\/p>\n\n\n\n<p>Durante este dif\u00edcil periodo, familiares, vecinos y personal m\u00e9dico organizaron campa\u00f1as solidarias para recaudar fondos y mejorar sus condiciones de vida, en especial para garantizar un techo seguro para ella y sus dos hijos \u2014una ni\u00f1a de siete a\u00f1os y un beb\u00e9 de apenas tres meses. La comunidad cubana, tanto local como en la di\u00e1spora, se moviliz\u00f3 y aport\u00f3 donaciones por valor de <strong>1,830\u202fUSD<\/strong>, destinadas a buscar un hogar digno para los ni\u00f1os.<\/p>\n\n\n\n<p>Este s\u00e1bado, Lisandra falleci\u00f3 y ha sido despedida en redes sociales como una <strong>\u00abguerrera\u00bb<\/strong>, con mensajes cargados de dolor: \u201cSolo te pedimos que cuides siempre a tus peque\u00f1os\u201d, escribi\u00f3 un familiar, mientras otros expresaron: \u201cGloria eterna para ti, Lisandra&#8230; fuiste una guerrera\u201d.<\/p>\n\n\n\n<iframe loading=\"lazy\" src=\"https:\/\/www.facebook.com\/plugins\/post.php?href=https%3A%2F%2Fwww.facebook.com%2Fleandro.penagutierrez%2Fposts%2Fpfbid0AT6Bu1wr9THs5EZV2qN829JanB2Z9AiJzLeyjjJGvVdCYBfrJbdKZfYQhwewpNF8l&#038;show_text=true&#038;width=500\" width=\"500\" height=\"678\" style=\"border:none;overflow:hidden\" scrolling=\"no\" frameborder=\"0\" allowfullscreen=\"true\" allow=\"autoplay; clipboard-write; encrypted-media; picture-in-picture; web-share\"><\/iframe>\n\n\n\n<p>Yoelkis Reyes Verdecia expres\u00f3 que la muerte de Lisandra ha sido una noticia devastadora para \u00e9l, porque la consideraba como una madre y amiga muy cercana. Lament\u00f3 que sus dos hijos, una ni\u00f1a peque\u00f1a y un beb\u00e9 reci\u00e9n nacido, quedaran sin el calor y los cuidados de su madre. Record\u00f3 con cari\u00f1o las palabras y muestras de afecto que ella sol\u00eda dedicarle, asegurando que llevar\u00e1 esos recuerdos en el coraz\u00f3n para siempre. Cerr\u00f3 su mensaje despidi\u00e9ndola con dolor y afecto, llam\u00e1ndola \u201cputi\u201d, como ella le dec\u00eda, y dese\u00e1ndole descanso eterno en la gloria de Dios.<\/p>\n\n\n\n<iframe loading=\"lazy\" src=\"https:\/\/www.facebook.com\/plugins\/post.php?href=https%3A%2F%2Fwww.facebook.com%2Fyoelkis.reyesverdecia.7%2Fposts%2Fpfbid0VsUxi6eFWZCsJs79U9tUMKr5VArLypDL6jsETx9sdiRNx7f2kef6kmYGjNEQ1VuDl&#038;show_text=true&#038;width=500\" width=\"500\" height=\"628\" style=\"border:none;overflow:hidden\" scrolling=\"no\" frameborder=\"0\" allowfullscreen=\"true\" allow=\"autoplay; clipboard-write; encrypted-media; picture-in-picture; web-share\"><\/iframe>\n\n\n\n<p>La tragedia de Lisandra trasciende lo personal: se ha convertido en un s\u00edmbolo del abandono que enfrentan muchas madres vulnerables en Cuba. Su historia refleja la fragilidad del sistema m\u00e9dico y habitacional ante emergencias obst\u00e9tricas. El drama puso el foco en la urgencia de mejorar las pol\u00edticas de salud materna, la atenci\u00f3n postparto y las condiciones de vivienda.<\/p>\n\n\n\n<p>La comunidad cubana despide con dolor a una joven que apenas comenzaba su vida, su memoria persiste en la solidaridad que desat\u00f3 y en el llamado a no ignorar m\u00e1s a quienes viven al borde.<\/p>\n\n\n\n<p><strong>Familiares y amigos despiden a otras dos mujeres cubanas fallecidas en la isla<\/strong><\/p>\n\n\n\n<p>El dolor no se detiene en un solo caso. En La Habana, <a href=\"https:\/\/www.facebook.com\/maritza.lopez.846759\/posts\/pfbid0cC6sevZsj65TcEEPe4CywtA3pRvWGUKANfTHEwXrg52e9pPhzwbcUcEeJvdipA3tl\" target=\"_blank\" rel=\"noreferrer noopener nofollow\">familiares y amistades lloran la partida de <strong>Olgalidia<\/strong><\/a>, una mujer que fue hallada sin vida en el ba\u00f1o de su casa. Sus allegados la recuerdan como alguien trabajadora y fuerte, que pas\u00f3 sus \u00faltimos a\u00f1os en soledad. \u201cNo importa cu\u00e1nto tiempo pase, tu recuerdo seguir\u00e1 vivo en nuestros corazones\u201d, escribi\u00f3 su amiga Maritza L\u00f3pez, mientras otros la describieron como \u201cuna guerrera de la vida\u201d cuyo esfuerzo silencioso marc\u00f3 a todos los que la conocieron.<\/p>\n\n\n\n<iframe loading=\"lazy\" src=\"https:\/\/www.facebook.com\/plugins\/post.php?href=https%3A%2F%2Fwww.facebook.com%2Fmaritza.lopez.846759%2Fposts%2Fpfbid0cC6sevZsj65TcEEPe4CywtA3pRvWGUKANfTHEwXrg52e9pPhzwbcUcEeJvdipA3tl&#038;show_text=true&#038;width=500\" width=\"500\" height=\"742\" style=\"border:none;overflow:hidden\" scrolling=\"no\" frameborder=\"0\" allowfullscreen=\"true\" allow=\"autoplay; clipboard-write; encrypted-media; picture-in-picture; web-share\"><\/iframe>\n\n\n\n<p>Al mismo tiempo, <a href=\"https:\/\/www.facebook.com\/roxy.alvarez.934538\/posts\/pfbid02LD1t825oXT5r8rhKEPPMXZqfdB2t2uPkDa3wx5zueV9GUudvd4gerRbpU79Z9DFCl\" target=\"_blank\" rel=\"noreferrer noopener\">otra familia cubana enfrenta la tristeza por la p\u00e9rdida de <strong>B\u00e1rbara<\/strong><\/a>, recordada con ternura por sus nietos, hijos y esposo. En las redes sociales, su nuera comparti\u00f3 un mensaje que resume el dolor: \u201cNo solo fuiste la abuela de mis ni\u00f1os; para m\u00ed eras y ser\u00e1s siempre familia. Siempre estar\u00e1s en nuestros corazones\u201d. Los comentarios de amigos y vecinos coincidieron en destacar su bondad y el cari\u00f1o con que trataba a todos.<\/p>\n\n\n\n<iframe loading=\"lazy\" src=\"https:\/\/www.facebook.com\/plugins\/post.php?href=https%3A%2F%2Fwww.facebook.com%2Froxy.alvarez.934538%2Fposts%2Fpfbid02LD1t825oXT5r8rhKEPPMXZqfdB2t2uPkDa3wx5zueV9GUudvd4gerRbpU79Z9DFCl&#038;show_text=true&#038;width=500\" width=\"500\" height=\"761\" style=\"border:none;overflow:hidden\" scrolling=\"no\" frameborder=\"0\" allowfullscreen=\"true\" allow=\"autoplay; clipboard-write; encrypted-media; picture-in-picture; web-share\"><\/iframe>\n\n\n\n<p>Tres mujeres, tres historias distintas y un mismo sentimiento de orfandad colectiva: la muerte de Lisandra, Olgalidia y B\u00e1rbara ha dejado cicatrices profundas en sus comunidades. En medio de la precariedad cotidiana, la memoria de estas vidas interrumpidas se convierte en un recordatorio de cu\u00e1n fr\u00e1gil es la existencia y de la necesidad urgente de fortalecer el acompa\u00f1amiento social y humano a quienes atraviesan momentos de vulnerabilidad.<\/p>\n","protected":false},"excerpt":{"rendered":"<p>La comunidad cubana despide con dolor a una joven que apenas comenzaba su vida, su memoria persiste en la solidaridad que desat\u00f3 y en el llamado a no ignorar m\u00e1s a quienes viven al borde.<\/p>\n","protected":false},"author":13,"featured_media":217588,"comment_status":"open","ping_status":"closed","sticky":false,"template":"","format":"standard","meta":{"_acf_changed":false,"footnotes":""},"categories":[18,955,11025],"tags":[26493,11,3125,26488,17091,11175,26491,26490,26489],"class_list":{"0":"post-217578","1":"post","2":"type-post","3":"status-publish","4":"format-standard","5":"has-post-thumbnail","7":"category-noticias","8":"category-noticias-de-cuba","9":"category-salud","10":"tag-comunidades-en-duelo","11":"tag-cuba","12":"tag-fallecimiento","13":"tag-lisandra-maceo","14":"tag-luto","15":"tag-mujeres-cubanas","16":"tag-olgalidia","17":"tag-parto-complicado","18":"tag-salud-materna"},"acf":[],"yoast_head":"<!-- This site is optimized with the Yoast SEO plugin v27.5 - https:\/\/yoast.com\/product\/yoast-seo-wordpress\/ -->\n<title>Despiden a joven madre que muri\u00f3 durante parto complicado en la isla - Cuballama Noticias<\/title>\n<meta name=\"description\" content=\"Una madre cubana sufre un percance tras el parto y batalla por su vida durante varios meses. Las redes la despiden con dolor.\" \/>\n<meta name=\"robots\" content=\"index, follow, max-snippet:-1, max-image-preview:large, max-video-preview:-1\" \/>\n<link rel=\"canonical\" href=\"https:\/\/www.cuballama.com\/noticias\/despiden-a-joven-madre-que-murio-durante-parto-complicado-en-la-isla\/\" \/>\n<meta property=\"og:locale\" content=\"es_ES\" \/>\n<meta property=\"og:type\" content=\"article\" \/>\n<meta property=\"og:title\" content=\"Despiden a joven madre que muri\u00f3 durante parto complicado en la isla - Cuballama Noticias\" \/>\n<meta property=\"og:description\" content=\"Una madre cubana sufre un percance tras el parto y batalla por su vida durante varios meses. Las redes la despiden con dolor.\" \/>\n<meta property=\"og:url\" content=\"https:\/\/www.cuballama.com\/noticias\/despiden-a-joven-madre-que-murio-durante-parto-complicado-en-la-isla\/\" \/>\n<meta property=\"og:site_name\" content=\"Cuballama Noticias\" \/>\n<meta property=\"article:publisher\" content=\"https:\/\/www.facebook.com\/CubaLlama\" \/>\n<meta property=\"article:published_time\" content=\"2025-08-25T20:53:05+00:00\" \/>\n<meta property=\"article:modified_time\" content=\"2025-08-25T20:53:08+00:00\" \/>\n<meta property=\"og:image\" content=\"https:\/\/cdn1.mediawpaccore.net\/wp-content\/uploads\/2025\/08\/25055941\/image-118-1024x539.png\" \/>\n\t<meta property=\"og:image:width\" content=\"1024\" \/>\n\t<meta property=\"og:image:height\" content=\"539\" \/>\n\t<meta property=\"og:image:type\" content=\"image\/png\" \/>\n<meta name=\"author\" content=\"Roberto A.\" \/>\n<meta name=\"twitter:card\" content=\"summary_large_image\" \/>\n<meta name=\"twitter:creator\" content=\"@cuballama\" \/>\n<meta name=\"twitter:site\" content=\"@cuballama\" \/>\n<meta name=\"twitter:label1\" content=\"Escrito por\" \/>\n\t<meta name=\"twitter:data1\" content=\"Roberto A.\" \/>\n\t<meta name=\"twitter:label2\" content=\"Tiempo de lectura\" \/>\n\t<meta name=\"twitter:data2\" content=\"4 minutos\" \/>\n<script type=\"application\/ld+json\" class=\"yoast-schema-graph\">{\"@context\":\"https:\\\/\\\/schema.org\",\"@graph\":[{\"@type\":\"Article\",\"@id\":\"https:\\\/\\\/www.cuballama.com\\\/noticias\\\/despiden-a-joven-madre-que-murio-durante-parto-complicado-en-la-isla\\\/#article\",\"isPartOf\":{\"@id\":\"https:\\\/\\\/www.cuballama.com\\\/noticias\\\/despiden-a-joven-madre-que-murio-durante-parto-complicado-en-la-isla\\\/\"},\"author\":{\"name\":\"Roberto A.\",\"@id\":\"https:\\\/\\\/www.cuballama.com\\\/noticias\\\/#\\\/schema\\\/person\\\/a58502ed4146c8e9f83872e897c76cd2\"},\"headline\":\"Despiden a joven madre que muri\u00f3 durante parto complicado en la isla\",\"datePublished\":\"2025-08-25T20:53:05+00:00\",\"dateModified\":\"2025-08-25T20:53:08+00:00\",\"mainEntityOfPage\":{\"@id\":\"https:\\\/\\\/www.cuballama.com\\\/noticias\\\/despiden-a-joven-madre-que-murio-durante-parto-complicado-en-la-isla\\\/\"},\"wordCount\":733,\"commentCount\":0,\"publisher\":{\"@id\":\"https:\\\/\\\/www.cuballama.com\\\/noticias\\\/#organization\"},\"image\":{\"@id\":\"https:\\\/\\\/www.cuballama.com\\\/noticias\\\/despiden-a-joven-madre-que-murio-durante-parto-complicado-en-la-isla\\\/#primaryimage\"},\"thumbnailUrl\":\"https:\\\/\\\/cdn1.mediawpaccore.net\\\/wp-content\\\/uploads\\\/2025\\\/08\\\/25055941\\\/image-118.png\",\"keywords\":[\"comunidades en duelo\",\"Cuba\",\"fallecimiento\",\"Lisandra Maceo\",\"Luto\",\"mujeres cubanas\",\"Olgalidia\",\"parto complicado\",\"salud materna\"],\"articleSection\":[\"Noticias\",\"Noticias de Cuba\",\"Salud\"],\"inLanguage\":\"es\",\"potentialAction\":[{\"@type\":\"CommentAction\",\"name\":\"Comment\",\"target\":[\"https:\\\/\\\/www.cuballama.com\\\/noticias\\\/despiden-a-joven-madre-que-murio-durante-parto-complicado-en-la-isla\\\/#respond\"]}]},{\"@type\":\"WebPage\",\"@id\":\"https:\\\/\\\/www.cuballama.com\\\/noticias\\\/despiden-a-joven-madre-que-murio-durante-parto-complicado-en-la-isla\\\/\",\"url\":\"https:\\\/\\\/www.cuballama.com\\\/noticias\\\/despiden-a-joven-madre-que-murio-durante-parto-complicado-en-la-isla\\\/\",\"name\":\"Despiden a joven madre que muri\u00f3 durante parto complicado en la isla - Cuballama Noticias\",\"isPartOf\":{\"@id\":\"https:\\\/\\\/www.cuballama.com\\\/noticias\\\/#website\"},\"primaryImageOfPage\":{\"@id\":\"https:\\\/\\\/www.cuballama.com\\\/noticias\\\/despiden-a-joven-madre-que-murio-durante-parto-complicado-en-la-isla\\\/#primaryimage\"},\"image\":{\"@id\":\"https:\\\/\\\/www.cuballama.com\\\/noticias\\\/despiden-a-joven-madre-que-murio-durante-parto-complicado-en-la-isla\\\/#primaryimage\"},\"thumbnailUrl\":\"https:\\\/\\\/cdn1.mediawpaccore.net\\\/wp-content\\\/uploads\\\/2025\\\/08\\\/25055941\\\/image-118.png\",\"datePublished\":\"2025-08-25T20:53:05+00:00\",\"dateModified\":\"2025-08-25T20:53:08+00:00\",\"description\":\"Una madre cubana sufre un percance tras el parto y batalla por su vida durante varios meses. Las redes la despiden con dolor.\",\"breadcrumb\":{\"@id\":\"https:\\\/\\\/www.cuballama.com\\\/noticias\\\/despiden-a-joven-madre-que-murio-durante-parto-complicado-en-la-isla\\\/#breadcrumb\"},\"inLanguage\":\"es\",\"potentialAction\":[{\"@type\":\"ReadAction\",\"target\":[\"https:\\\/\\\/www.cuballama.com\\\/noticias\\\/despiden-a-joven-madre-que-murio-durante-parto-complicado-en-la-isla\\\/\"]}]},{\"@type\":\"ImageObject\",\"inLanguage\":\"es\",\"@id\":\"https:\\\/\\\/www.cuballama.com\\\/noticias\\\/despiden-a-joven-madre-que-murio-durante-parto-complicado-en-la-isla\\\/#primaryimage\",\"url\":\"https:\\\/\\\/cdn1.mediawpaccore.net\\\/wp-content\\\/uploads\\\/2025\\\/08\\\/25055941\\\/image-118.png\",\"contentUrl\":\"https:\\\/\\\/cdn1.mediawpaccore.net\\\/wp-content\\\/uploads\\\/2025\\\/08\\\/25055941\\\/image-118.png\",\"width\":1970,\"height\":1036,\"caption\":\"Lisandra Maceo llevaba tres meses luchando por su vida, tras haber dado a luz y sufrir complicaciones en el parto. Su caso conmovio a toda una comunidad que se moviliz\u00f3 para ayudarla. EPD, guerrera. Foto: Collage v\u00eda Redes Sociales\"},{\"@type\":\"BreadcrumbList\",\"@id\":\"https:\\\/\\\/www.cuballama.com\\\/noticias\\\/despiden-a-joven-madre-que-murio-durante-parto-complicado-en-la-isla\\\/#breadcrumb\",\"itemListElement\":[{\"@type\":\"ListItem\",\"position\":1,\"name\":\"Home\",\"item\":\"https:\\\/\\\/www.cuballama.com\\\/noticias\\\/\"},{\"@type\":\"ListItem\",\"position\":2,\"name\":\"Despiden a joven madre que muri\u00f3 durante parto complicado en la isla\"}]},{\"@type\":\"WebSite\",\"@id\":\"https:\\\/\\\/www.cuballama.com\\\/noticias\\\/#website\",\"url\":\"https:\\\/\\\/www.cuballama.com\\\/noticias\\\/\",\"name\":\"Cuballama Noticias\",\"description\":\"Medio digital sobre Cuba y el mundo\",\"publisher\":{\"@id\":\"https:\\\/\\\/www.cuballama.com\\\/noticias\\\/#organization\"},\"potentialAction\":[{\"@type\":\"SearchAction\",\"target\":{\"@type\":\"EntryPoint\",\"urlTemplate\":\"https:\\\/\\\/www.cuballama.com\\\/noticias\\\/?s={search_term_string}\"},\"query-input\":{\"@type\":\"PropertyValueSpecification\",\"valueRequired\":true,\"valueName\":\"search_term_string\"}}],\"inLanguage\":\"es\"},{\"@type\":\"Organization\",\"@id\":\"https:\\\/\\\/www.cuballama.com\\\/noticias\\\/#organization\",\"name\":\"Cuballama\",\"url\":\"https:\\\/\\\/www.cuballama.com\\\/noticias\\\/\",\"logo\":{\"@type\":\"ImageObject\",\"inLanguage\":\"es\",\"@id\":\"https:\\\/\\\/www.cuballama.com\\\/noticias\\\/#\\\/schema\\\/logo\\\/image\\\/\",\"url\":\"https:\\\/\\\/cdn1.mediawpaccore.net\\\/wp-content\\\/uploads\\\/2021\\\/12\\\/28171206\\\/cbll-logo-color-sm.png\",\"contentUrl\":\"https:\\\/\\\/cdn1.mediawpaccore.net\\\/wp-content\\\/uploads\\\/2021\\\/12\\\/28171206\\\/cbll-logo-color-sm.png\",\"width\":600,\"height\":133,\"caption\":\"Cuballama\"},\"image\":{\"@id\":\"https:\\\/\\\/www.cuballama.com\\\/noticias\\\/#\\\/schema\\\/logo\\\/image\\\/\"},\"sameAs\":[\"https:\\\/\\\/www.facebook.com\\\/CubaLlama\",\"https:\\\/\\\/x.com\\\/cuballama\",\"https:\\\/\\\/www.instagram.com\\\/stories\\\/cuballama_oficial\\\/\",\"https:\\\/\\\/www.youtube.com\\\/channel\\\/UCKkFE-d_axENGZcrc4as0IA\"]},{\"@type\":\"Person\",\"@id\":\"https:\\\/\\\/www.cuballama.com\\\/noticias\\\/#\\\/schema\\\/person\\\/a58502ed4146c8e9f83872e897c76cd2\",\"name\":\"Roberto A.\",\"description\":\"Roberto A. Periodista por decisi\u00f3n propia. Interesado en cualquier tema que me apasione y cada vez m\u00e1s comprometido con la verdad y la objetividad period\u00edstica. Graduado en La Habana hace ya muchos a\u00f1os, luego de una accidentada y polvorienta b\u00fasqueda de informaci\u00f3n sobre un tema in\u00e9dito. La Tesis, por cierto, desapareci\u00f3 de la biblioteca y no se conservan copias de la misma.\",\"url\":\"https:\\\/\\\/www.cuballama.com\\\/noticias\\\/author\\\/roberto\\\/\"}]}<\/script>\n<!-- \/ Yoast SEO plugin. -->","yoast_head_json":{"title":"Despiden a joven madre que muri\u00f3 durante parto complicado en la isla - Cuballama Noticias","description":"Una madre cubana sufre un percance tras el parto y batalla por su vida durante varios meses. Las redes la despiden con dolor.","robots":{"index":"index","follow":"follow","max-snippet":"max-snippet:-1","max-image-preview":"max-image-preview:large","max-video-preview":"max-video-preview:-1"},"canonical":"https:\/\/www.cuballama.com\/noticias\/despiden-a-joven-madre-que-murio-durante-parto-complicado-en-la-isla\/","og_locale":"es_ES","og_type":"article","og_title":"Despiden a joven madre que muri\u00f3 durante parto complicado en la isla - Cuballama Noticias","og_description":"Una madre cubana sufre un percance tras el parto y batalla por su vida durante varios meses. Las redes la despiden con dolor.","og_url":"https:\/\/www.cuballama.com\/noticias\/despiden-a-joven-madre-que-murio-durante-parto-complicado-en-la-isla\/","og_site_name":"Cuballama Noticias","article_publisher":"https:\/\/www.facebook.com\/CubaLlama","article_published_time":"2025-08-25T20:53:05+00:00","article_modified_time":"2025-08-25T20:53:08+00:00","og_image":[{"width":1024,"height":539,"url":"https:\/\/cdn1.mediawpaccore.net\/wp-content\/uploads\/2025\/08\/25055941\/image-118-1024x539.png","type":"image\/png"}],"author":"Roberto A.","twitter_card":"summary_large_image","twitter_creator":"@cuballama","twitter_site":"@cuballama","twitter_misc":{"Escrito por":"Roberto A.","Tiempo de lectura":"4 minutos"},"schema":{"@context":"https:\/\/schema.org","@graph":[{"@type":"Article","@id":"https:\/\/www.cuballama.com\/noticias\/despiden-a-joven-madre-que-murio-durante-parto-complicado-en-la-isla\/#article","isPartOf":{"@id":"https:\/\/www.cuballama.com\/noticias\/despiden-a-joven-madre-que-murio-durante-parto-complicado-en-la-isla\/"},"author":{"name":"Roberto A.","@id":"https:\/\/www.cuballama.com\/noticias\/#\/schema\/person\/a58502ed4146c8e9f83872e897c76cd2"},"headline":"Despiden a joven madre que muri\u00f3 durante parto complicado en la isla","datePublished":"2025-08-25T20:53:05+00:00","dateModified":"2025-08-25T20:53:08+00:00","mainEntityOfPage":{"@id":"https:\/\/www.cuballama.com\/noticias\/despiden-a-joven-madre-que-murio-durante-parto-complicado-en-la-isla\/"},"wordCount":733,"commentCount":0,"publisher":{"@id":"https:\/\/www.cuballama.com\/noticias\/#organization"},"image":{"@id":"https:\/\/www.cuballama.com\/noticias\/despiden-a-joven-madre-que-murio-durante-parto-complicado-en-la-isla\/#primaryimage"},"thumbnailUrl":"https:\/\/cdn1.mediawpaccore.net\/wp-content\/uploads\/2025\/08\/25055941\/image-118.png","keywords":["comunidades en duelo","Cuba","fallecimiento","Lisandra Maceo","Luto","mujeres cubanas","Olgalidia","parto complicado","salud materna"],"articleSection":["Noticias","Noticias de Cuba","Salud"],"inLanguage":"es","potentialAction":[{"@type":"CommentAction","name":"Comment","target":["https:\/\/www.cuballama.com\/noticias\/despiden-a-joven-madre-que-murio-durante-parto-complicado-en-la-isla\/#respond"]}]},{"@type":"WebPage","@id":"https:\/\/www.cuballama.com\/noticias\/despiden-a-joven-madre-que-murio-durante-parto-complicado-en-la-isla\/","url":"https:\/\/www.cuballama.com\/noticias\/despiden-a-joven-madre-que-murio-durante-parto-complicado-en-la-isla\/","name":"Despiden a joven madre que muri\u00f3 durante parto complicado en la isla - Cuballama Noticias","isPartOf":{"@id":"https:\/\/www.cuballama.com\/noticias\/#website"},"primaryImageOfPage":{"@id":"https:\/\/www.cuballama.com\/noticias\/despiden-a-joven-madre-que-murio-durante-parto-complicado-en-la-isla\/#primaryimage"},"image":{"@id":"https:\/\/www.cuballama.com\/noticias\/despiden-a-joven-madre-que-murio-durante-parto-complicado-en-la-isla\/#primaryimage"},"thumbnailUrl":"https:\/\/cdn1.mediawpaccore.net\/wp-content\/uploads\/2025\/08\/25055941\/image-118.png","datePublished":"2025-08-25T20:53:05+00:00","dateModified":"2025-08-25T20:53:08+00:00","description":"Una madre cubana sufre un percance tras el parto y batalla por su vida durante varios meses. Las redes la despiden con dolor.","breadcrumb":{"@id":"https:\/\/www.cuballama.com\/noticias\/despiden-a-joven-madre-que-murio-durante-parto-complicado-en-la-isla\/#breadcrumb"},"inLanguage":"es","potentialAction":[{"@type":"ReadAction","target":["https:\/\/www.cuballama.com\/noticias\/despiden-a-joven-madre-que-murio-durante-parto-complicado-en-la-isla\/"]}]},{"@type":"ImageObject","inLanguage":"es","@id":"https:\/\/www.cuballama.com\/noticias\/despiden-a-joven-madre-que-murio-durante-parto-complicado-en-la-isla\/#primaryimage","url":"https:\/\/cdn1.mediawpaccore.net\/wp-content\/uploads\/2025\/08\/25055941\/image-118.png","contentUrl":"https:\/\/cdn1.mediawpaccore.net\/wp-content\/uploads\/2025\/08\/25055941\/image-118.png","width":1970,"height":1036,"caption":"Lisandra Maceo llevaba tres meses luchando por su vida, tras haber dado a luz y sufrir complicaciones en el parto. Su caso conmovio a toda una comunidad que se moviliz\u00f3 para ayudarla. EPD, guerrera. Foto: Collage v\u00eda Redes Sociales"},{"@type":"BreadcrumbList","@id":"https:\/\/www.cuballama.com\/noticias\/despiden-a-joven-madre-que-murio-durante-parto-complicado-en-la-isla\/#breadcrumb","itemListElement":[{"@type":"ListItem","position":1,"name":"Home","item":"https:\/\/www.cuballama.com\/noticias\/"},{"@type":"ListItem","position":2,"name":"Despiden a joven madre que muri\u00f3 durante parto complicado en la isla"}]},{"@type":"WebSite","@id":"https:\/\/www.cuballama.com\/noticias\/#website","url":"https:\/\/www.cuballama.com\/noticias\/","name":"Cuballama Noticias","description":"Medio digital sobre Cuba y el mundo","publisher":{"@id":"https:\/\/www.cuballama.com\/noticias\/#organization"},"potentialAction":[{"@type":"SearchAction","target":{"@type":"EntryPoint","urlTemplate":"https:\/\/www.cuballama.com\/noticias\/?s={search_term_string}"},"query-input":{"@type":"PropertyValueSpecification","valueRequired":true,"valueName":"search_term_string"}}],"inLanguage":"es"},{"@type":"Organization","@id":"https:\/\/www.cuballama.com\/noticias\/#organization","name":"Cuballama","url":"https:\/\/www.cuballama.com\/noticias\/","logo":{"@type":"ImageObject","inLanguage":"es","@id":"https:\/\/www.cuballama.com\/noticias\/#\/schema\/logo\/image\/","url":"https:\/\/cdn1.mediawpaccore.net\/wp-content\/uploads\/2021\/12\/28171206\/cbll-logo-color-sm.png","contentUrl":"https:\/\/cdn1.mediawpaccore.net\/wp-content\/uploads\/2021\/12\/28171206\/cbll-logo-color-sm.png","width":600,"height":133,"caption":"Cuballama"},"image":{"@id":"https:\/\/www.cuballama.com\/noticias\/#\/schema\/logo\/image\/"},"sameAs":["https:\/\/www.facebook.com\/CubaLlama","https:\/\/x.com\/cuballama","https:\/\/www.instagram.com\/stories\/cuballama_oficial\/","https:\/\/www.youtube.com\/channel\/UCKkFE-d_axENGZcrc4as0IA"]},{"@type":"Person","@id":"https:\/\/www.cuballama.com\/noticias\/#\/schema\/person\/a58502ed4146c8e9f83872e897c76cd2","name":"Roberto A.","description":"Roberto A. Periodista por decisi\u00f3n propia. Interesado en cualquier tema que me apasione y cada vez m\u00e1s comprometido con la verdad y la objetividad period\u00edstica. Graduado en La Habana hace ya muchos a\u00f1os, luego de una accidentada y polvorienta b\u00fasqueda de informaci\u00f3n sobre un tema in\u00e9dito. La Tesis, por cierto, desapareci\u00f3 de la biblioteca y no se conservan copias de la misma.","url":"https:\/\/www.cuballama.com\/noticias\/author\/roberto\/"}]}},"_links":{"self":[{"href":"https:\/\/www.cuballama.com\/noticias\/wp-json\/wp\/v2\/posts\/217578","targetHints":{"allow":["GET"]}}],"collection":[{"href":"https:\/\/www.cuballama.com\/noticias\/wp-json\/wp\/v2\/posts"}],"about":[{"href":"https:\/\/www.cuballama.com\/noticias\/wp-json\/wp\/v2\/types\/post"}],"author":[{"embeddable":true,"href":"https:\/\/www.cuballama.com\/noticias\/wp-json\/wp\/v2\/users\/13"}],"replies":[{"embeddable":true,"href":"https:\/\/www.cuballama.com\/noticias\/wp-json\/wp\/v2\/comments?post=217578"}],"version-history":[{"count":4,"href":"https:\/\/www.cuballama.com\/noticias\/wp-json\/wp\/v2\/posts\/217578\/revisions"}],"predecessor-version":[{"id":217589,"href":"https:\/\/www.cuballama.com\/noticias\/wp-json\/wp\/v2\/posts\/217578\/revisions\/217589"}],"wp:featuredmedia":[{"embeddable":true,"href":"https:\/\/www.cuballama.com\/noticias\/wp-json\/wp\/v2\/media\/217588"}],"wp:attachment":[{"href":"https:\/\/www.cuballama.com\/noticias\/wp-json\/wp\/v2\/media?parent=217578"}],"wp:term":[{"taxonomy":"category","embeddable":true,"href":"https:\/\/www.cuballama.com\/noticias\/wp-json\/wp\/v2\/categories?post=217578"},{"taxonomy":"post_tag","embeddable":true,"href":"https:\/\/www.cuballama.com\/noticias\/wp-json\/wp\/v2\/tags?post=217578"}],"curies":[{"name":"wp","href":"https:\/\/api.w.org\/{rel}","templated":true}]}}