{"id":217374,"date":"2025-08-22T13:36:19","date_gmt":"2025-08-22T17:36:19","guid":{"rendered":"https:\/\/www.cuballama.com\/noticias\/?p=217374"},"modified":"2025-08-22T13:36:24","modified_gmt":"2025-08-22T17:36:24","slug":"el-debate-migratorio-en-la-voz-de-tres-abogados-de-origen-cubano-en-el-exilio","status":"publish","type":"post","link":"https:\/\/www.cuballama.com\/noticias\/el-debate-migratorio-en-la-voz-de-tres-abogados-de-origen-cubano-en-el-exilio\/","title":{"rendered":"El debate migratorio en la voz de tres abogados de origen cubano en el exilio"},"content":{"rendered":"\n<p>El debate migratorio en torno a los cubanos en Estados Unidos ha vuelto a ocupar titulares esta semana gracias a las acciones de dos abogados cubanoamericanos que marcan la diferencia desde la pr\u00e1ctica diaria y a la intervenci\u00f3n de un tercero que aporta un an\u00e1lisis profundo sobre la Ley de Ajuste Cubano, esa norma que ha definido por m\u00e1s de medio siglo la relaci\u00f3n del exilio con la naci\u00f3n que lo acogi\u00f3.<\/p>\n\n\n\n<p>En Miami, el abogado <strong>Wilfredo Allen Jr.<\/strong> se ha convertido en una voz recurrente sobre la crisis que atraviesa la Corte de Inmigraci\u00f3n del Downtown. Su despacho representa nada menos que 16,000 causas activas, la inmensa mayor\u00eda de cubanos. <\/p>\n\n\n\n<p>En entrevista con la prensa local y en publicaciones en sus redes, Allen ha descrito un panorama de colapso: m\u00e1s de 312,000 casos pendientes, de los cuales un tercio corresponden a ciudadanos de la isla. La situaci\u00f3n, dice, es \u201carbitraria e impredecible\u201d. <\/p>\n\n\n\n<p>El temor ya no se limita a perder un caso de asilo, sino a ser detenido en plena audiencia, como ocurri\u00f3 en julio con dos de sus clientes que, aun teniendo expedientes s\u00f3lidos y sin antecedentes penales, terminaron en un centro de detenci\u00f3n migratoria. <\/p>\n\n\n\n<p><em>\u201cLa gente est\u00e1 aterrada de ir a las audiencias\u201d,<\/em> explic\u00f3 el abogado, al tiempo que reconoci\u00f3 que ha tenido que contratar m\u00e1s personal legal para enfrentar la avalancha de expedientes.<\/p>\n\n\n\n<p>Su \u00abcaso\u00bb apareci\u00f3 en la prestigiosa revista The Economist, y la oficina dedic\u00f3 un momento para agradecer, v\u00eda redes sociales, la exposici\u00f3n sobre el fen\u00f3meno, que constituye a su vez un reconocimiento a su labor.<\/p>\n\n\n\n<p>\u00abEstamos honrados de aparecer en esta prestigiosa revista, donde volvemos a poner sobre la mesa la realidad migratoria que enfrentan miles de familias cubanas,\u00bb dijo la oficina en su <a href=\"https:\/\/www.facebook.com\/61561075796283\/posts\/122180966234369193\/?rdid=FtLEX9rZu08TY7PX#\" target=\"_blank\" rel=\"noreferrer noopener\">publicaci\u00f3n<\/a>.<\/p>\n\n\n\n<figure class=\"wp-block-image size-large\"><img loading=\"lazy\" decoding=\"async\" width=\"533\" height=\"1024\" src=\"https:\/\/cdn1.mediawpaccore.net\/wp-content\/uploads\/2025\/08\/22054229\/image-112-533x1024.png\" alt=\"\" class=\"wp-image-217414\" srcset=\"https:\/\/cdn1.mediawpaccore.net\/wp-content\/uploads\/2025\/08\/22054229\/image-112-533x1024.png 533w, https:\/\/cdn1.mediawpaccore.net\/wp-content\/uploads\/2025\/08\/22054229\/image-112-156x300.png 156w, https:\/\/cdn1.mediawpaccore.net\/wp-content\/uploads\/2025\/08\/22054229\/image-112-218x420.png 218w, https:\/\/cdn1.mediawpaccore.net\/wp-content\/uploads\/2025\/08\/22054229\/image-112-150x288.png 150w, https:\/\/cdn1.mediawpaccore.net\/wp-content\/uploads\/2025\/08\/22054229\/image-112-300x577.png 300w, https:\/\/cdn1.mediawpaccore.net\/wp-content\/uploads\/2025\/08\/22054229\/image-112.png 696w\" sizes=\"auto, (max-width: 533px) 100vw, 533px\" \/><\/figure>\n\n\n\n<p>A miles de kil\u00f3metros de all\u00ed, en San Antonio, Texas, la abogada <strong>Liudmila Armas Marcelo<\/strong> celebraba el triunfo de un caso de asilo que su firma defendi\u00f3 con \u00e9xito. <\/p>\n\n\n\n<p>La noticia fue compartida con entusiasmo en sus redes y desat\u00f3 una ola de felicitaciones que habla no solo del impacto de su trabajo, sino de la esperanza que despiertan estas victorias en medio de un ambiente legal incierto. <\/p>\n\n\n\n<p>\u201cM\u00e1s all\u00e1 de la emoci\u00f3n de ganar un caso, est\u00e1 la satisfacci\u00f3n de ver el alivio de nuestra clienta al escuchar c\u00f3mo la jueza daba el valor que realmente ten\u00edan su declaraci\u00f3n escrita, la evidencia aportada en el expediente y la coherencia con la que respondi\u00f3 a todas las preguntas\u201d, <a href=\"https:\/\/www.facebook.com\/liudmila.armasmarcelo\/posts\/pfbid02LxNTMY9vjAgzHsUi9SYpfFH7v5QKsBkYQUtzofD8zjVEH3PmUUu6yjyjB7GBC87Bl\" target=\"_blank\" rel=\"noreferrer noopener nofollow\">escribi\u00f3 Marcelo<\/a>, quien aparece en la foto aqu\u00ed debajo vestida de azul.<\/p>\n\n\n\n<figure class=\"wp-block-image size-large\"><img loading=\"lazy\" decoding=\"async\" width=\"586\" height=\"1024\" src=\"https:\/\/cdn1.mediawpaccore.net\/wp-content\/uploads\/2025\/08\/22054527\/image-113-586x1024.png\" alt=\"\" class=\"wp-image-217416\" srcset=\"https:\/\/cdn1.mediawpaccore.net\/wp-content\/uploads\/2025\/08\/22054527\/image-113-586x1024.png 586w, https:\/\/cdn1.mediawpaccore.net\/wp-content\/uploads\/2025\/08\/22054527\/image-113-172x300.png 172w, https:\/\/cdn1.mediawpaccore.net\/wp-content\/uploads\/2025\/08\/22054527\/image-113-240x420.png 240w, https:\/\/cdn1.mediawpaccore.net\/wp-content\/uploads\/2025\/08\/22054527\/image-113-150x262.png 150w, https:\/\/cdn1.mediawpaccore.net\/wp-content\/uploads\/2025\/08\/22054527\/image-113-300x524.png 300w, https:\/\/cdn1.mediawpaccore.net\/wp-content\/uploads\/2025\/08\/22054527\/image-113.png 696w\" sizes=\"auto, (max-width: 586px) 100vw, 586px\" \/><\/figure>\n\n\n\n<p>El reconocimiento de su equipo, en especial de su paralegal Yakelin Caraballo, subraya la dimensi\u00f3n colectiva de estos logros. Como advierte Armas, no todos los jueces valoran del mismo modo las evidencias ni interpretan la situaci\u00f3n cubana con la misma rigurosidad, lo que convierte cada victoria en un hecho cargado de simbolismo, y el hecho de que haya ganado la demanda en Texas, un estado que no parece muy tolerante con la inmigraci\u00f3n, da un matiz de sobredimensionamiento al \u00e9xito.<\/p>\n\n\n\n<p><strong>tal vez quieras leer: <a href=\"https:\/\/www.cuballama.com\/noticias\/abogada-cubanoamericana-logra-ganar-en-miami-un-caso-de-inmigracion-que-parecia-imposible-y-lo-hizo-contrarreloj\/\">Abogada cubanoamericana Liudmila Armas Marcelo logra ganar en Miami un caso de Inmigraci\u00f3n que parec\u00eda imposible y lo hizo contrarreloj<\/a><\/strong><\/p>\n\n\n\n<p>Mientras Allen y Armas libran batallas en los tribunales, el abogado y analista <a href=\"https:\/\/www.facebook.com\/100010436716320\/posts\/2553479478343251\/?rdid=uKgqp1yc5sYI8CUe#\" target=\"_blank\" rel=\"noreferrer noopener nofollow\"><strong>Eloy Viera Ca\u00f1ive<\/strong> <\/a>ha puesto la discusi\u00f3n en otro terreno: el del sentido hist\u00f3rico y pol\u00edtico de la Ley de Ajuste Cubano. <\/p>\n\n\n\n<p>En un extenso texto, Viera record\u00f3 que la norma, aprobada en 1966, naci\u00f3 como hija de la Guerra Fr\u00eda y como herramienta de confrontaci\u00f3n contra el castrismo, m\u00e1s que como una respuesta humanitaria. Su an\u00e1lisis desmonta la idea de que la ley surgi\u00f3 para atender una \u201ccrisis humanitaria\u201d en la isla y se\u00f1ala, en cambio, que los primeros beneficiados fueron parte de un exilio dorado, con preparaci\u00f3n y recursos, que buscaba refugio pol\u00edtico tras el giro comunista en Cuba. \u201cEl esp\u00edritu de la Ley de Ajuste es mucho m\u00e1s pol\u00edtico que humanitario\u201d, afirma Viera, citando debates parlamentarios de la \u00e9poca y el inter\u00e9s estadounidense en proyectar la imagen de refugio para los perseguidos por el comunismo.<\/p>\n\n\n\n<p>El abogado tambi\u00e9n alerta sobre un punto espinoso en la actualidad: la incoherencia de quienes solicitan asilo alegando persecuci\u00f3n pol\u00edtica y luego regresan a Cuba en plazos muy cortos. \u201cSi quieres defender que la mentira es necesaria para entrar a Estados Unidos, entonces vive de acuerdo con esa mentira\u201d, subray\u00f3, aludiendo a que este comportamiento erosiona la credibilidad de toda la comunidad migrante.<\/p>\n\n\n\n<figure class=\"wp-block-gallery has-nested-images columns-default is-cropped wp-block-gallery-1 is-layout-flex wp-block-gallery-is-layout-flex\">\n<figure class=\"wp-block-image size-large\"><img loading=\"lazy\" decoding=\"async\" width=\"535\" height=\"1024\" data-id=\"217418\" src=\"https:\/\/cdn1.mediawpaccore.net\/wp-content\/uploads\/2025\/08\/22054709\/Screenshot-2025-08-22-114604-535x1024.png\" alt=\"\" class=\"wp-image-217418\" srcset=\"https:\/\/cdn1.mediawpaccore.net\/wp-content\/uploads\/2025\/08\/22054709\/Screenshot-2025-08-22-114604-535x1024.png 535w, https:\/\/cdn1.mediawpaccore.net\/wp-content\/uploads\/2025\/08\/22054709\/Screenshot-2025-08-22-114604-157x300.png 157w, https:\/\/cdn1.mediawpaccore.net\/wp-content\/uploads\/2025\/08\/22054709\/Screenshot-2025-08-22-114604-219x420.png 219w, https:\/\/cdn1.mediawpaccore.net\/wp-content\/uploads\/2025\/08\/22054709\/Screenshot-2025-08-22-114604-150x287.png 150w, https:\/\/cdn1.mediawpaccore.net\/wp-content\/uploads\/2025\/08\/22054709\/Screenshot-2025-08-22-114604-300x575.png 300w, https:\/\/cdn1.mediawpaccore.net\/wp-content\/uploads\/2025\/08\/22054709\/Screenshot-2025-08-22-114604-696x1333.png 696w, https:\/\/cdn1.mediawpaccore.net\/wp-content\/uploads\/2025\/08\/22054709\/Screenshot-2025-08-22-114604.png 698w\" sizes=\"auto, (max-width: 535px) 100vw, 535px\" \/><\/figure>\n\n\n\n<figure class=\"wp-block-image size-large\"><img loading=\"lazy\" decoding=\"async\" width=\"527\" height=\"1024\" data-id=\"217417\" src=\"https:\/\/cdn1.mediawpaccore.net\/wp-content\/uploads\/2025\/08\/22054709\/Screenshot-2025-08-22-114626-527x1024.png\" alt=\"\" class=\"wp-image-217417\" srcset=\"https:\/\/cdn1.mediawpaccore.net\/wp-content\/uploads\/2025\/08\/22054709\/Screenshot-2025-08-22-114626-527x1024.png 527w, https:\/\/cdn1.mediawpaccore.net\/wp-content\/uploads\/2025\/08\/22054709\/Screenshot-2025-08-22-114626-155x300.png 155w, https:\/\/cdn1.mediawpaccore.net\/wp-content\/uploads\/2025\/08\/22054709\/Screenshot-2025-08-22-114626-216x420.png 216w, https:\/\/cdn1.mediawpaccore.net\/wp-content\/uploads\/2025\/08\/22054709\/Screenshot-2025-08-22-114626-150x291.png 150w, https:\/\/cdn1.mediawpaccore.net\/wp-content\/uploads\/2025\/08\/22054709\/Screenshot-2025-08-22-114626-300x582.png 300w, https:\/\/cdn1.mediawpaccore.net\/wp-content\/uploads\/2025\/08\/22054709\/Screenshot-2025-08-22-114626-696x1351.png 696w, https:\/\/cdn1.mediawpaccore.net\/wp-content\/uploads\/2025\/08\/22054709\/Screenshot-2025-08-22-114626.png 702w\" sizes=\"auto, (max-width: 527px) 100vw, 527px\" \/><\/figure>\n\n\n\n<figure class=\"wp-block-image size-large\"><img loading=\"lazy\" decoding=\"async\" width=\"598\" height=\"1024\" data-id=\"217419\" src=\"https:\/\/cdn1.mediawpaccore.net\/wp-content\/uploads\/2025\/08\/22054710\/Screenshot-2025-08-22-114649-598x1024.png\" alt=\"\" class=\"wp-image-217419\" srcset=\"https:\/\/cdn1.mediawpaccore.net\/wp-content\/uploads\/2025\/08\/22054710\/Screenshot-2025-08-22-114649-598x1024.png 598w, https:\/\/cdn1.mediawpaccore.net\/wp-content\/uploads\/2025\/08\/22054710\/Screenshot-2025-08-22-114649-175x300.png 175w, https:\/\/cdn1.mediawpaccore.net\/wp-content\/uploads\/2025\/08\/22054710\/Screenshot-2025-08-22-114649-245x420.png 245w, https:\/\/cdn1.mediawpaccore.net\/wp-content\/uploads\/2025\/08\/22054710\/Screenshot-2025-08-22-114649-150x257.png 150w, https:\/\/cdn1.mediawpaccore.net\/wp-content\/uploads\/2025\/08\/22054710\/Screenshot-2025-08-22-114649-300x514.png 300w, https:\/\/cdn1.mediawpaccore.net\/wp-content\/uploads\/2025\/08\/22054710\/Screenshot-2025-08-22-114649-696x1192.png 696w, https:\/\/cdn1.mediawpaccore.net\/wp-content\/uploads\/2025\/08\/22054710\/Screenshot-2025-08-22-114649.png 698w\" sizes=\"auto, (max-width: 598px) 100vw, 598px\" \/><\/figure>\n<\/figure>\n\n\n\n<p>El panorama, en suma, es complejo y refleja distintas dimensiones del exilio cubano en Estados Unidos. Est\u00e1n los abogados como Allen, lidiando con la arbitrariedad del sistema en cortes saturadas; los como Armas, que demuestran que con preparaci\u00f3n y rigor a\u00fan es posible ganar; y los como Viera, que obligan a mirar hacia atr\u00e1s y a reconocer que la Ley de Ajuste no es un simple salvavidas humanitario, sino el fruto de un contexto pol\u00edtico espec\u00edfico cuya legitimidad hoy vuelve a estar en discusi\u00f3n.<\/p>\n\n\n\n<p>El hecho de que estas tres voces coincidan en el debate p\u00fablico no es casualidad. La emigraci\u00f3n cubana se encuentra en un momento de redefinici\u00f3n, con flujos masivos recientes, cuestionamientos pol\u00edticos internos y una creciente presi\u00f3n externa sobre pol\u00edticas migratorias en Washington. Que los abogados cubanos en el exilio sean noticia es, m\u00e1s que un detalle anecd\u00f3tico, un s\u00edntoma de que las tensiones que rodean a la Ley de Ajuste Cubano \u2014su aplicaci\u00f3n, su vigencia y su coherencia \u00e9tica\u2014 siguen marcando el pulso de una comunidad que nunca ha dejado de debatirse entre el recuerdo de la patria y la construcci\u00f3n de un futuro en libertad.<\/p>\n\n\n\n<p><\/p>\n","protected":false},"excerpt":{"rendered":"<p>La emigraci\u00f3n cubana se encuentra en un momento de redefinici\u00f3n, con flujos masivos recientes, cuestionamientos pol\u00edticos internos y una creciente presi\u00f3n externa sobre pol\u00edticas migratorias en Washington. <\/p>\n","protected":false},"author":13,"featured_media":209038,"comment_status":"open","ping_status":"closed","sticky":false,"template":"","format":"standard","meta":{"_acf_changed":false,"footnotes":""},"categories":[18,953],"tags":[2257,12622,8000,108,110,26418,256,16974,26419],"class_list":{"0":"post-217374","1":"post","2":"type-post","3":"status-publish","4":"format-standard","5":"has-post-thumbnail","7":"category-noticias","8":"category-usa","9":"tag-asilo-politico","10":"tag-eloy-viera-canive","11":"tag-exilio-cubano","12":"tag-inmigracion","13":"tag-ley-de-ajuste-cubano","14":"tag-liudmila-armas","15":"tag-miami","16":"tag-san-antonio","17":"tag-wilfredo-allen"},"acf":[],"yoast_head":"<!-- This site is optimized with the Yoast SEO plugin v27.5 - https:\/\/yoast.com\/product\/yoast-seo-wordpress\/ -->\n<title>El debate migratorio en la voz de tres abogados de origen cubano en el exilio - Cuballama Noticias<\/title>\n<meta name=\"description\" content=\"Tres abogados de origen cubano, dos residentes en Miami y uno en Canad\u00e1, dan la batalla por el problema migratorio\" \/>\n<meta name=\"robots\" content=\"index, follow, max-snippet:-1, max-image-preview:large, max-video-preview:-1\" \/>\n<link rel=\"canonical\" href=\"https:\/\/www.cuballama.com\/noticias\/el-debate-migratorio-en-la-voz-de-tres-abogados-de-origen-cubano-en-el-exilio\/\" \/>\n<meta property=\"og:locale\" content=\"es_ES\" \/>\n<meta property=\"og:type\" content=\"article\" \/>\n<meta property=\"og:title\" content=\"El debate migratorio en la voz de tres abogados de origen cubano en el exilio - Cuballama Noticias\" \/>\n<meta property=\"og:description\" content=\"Tres abogados de origen cubano, dos residentes en Miami y uno en Canad\u00e1, dan la batalla por el problema migratorio\" \/>\n<meta property=\"og:url\" content=\"https:\/\/www.cuballama.com\/noticias\/el-debate-migratorio-en-la-voz-de-tres-abogados-de-origen-cubano-en-el-exilio\/\" \/>\n<meta property=\"og:site_name\" content=\"Cuballama Noticias\" \/>\n<meta property=\"article:publisher\" content=\"https:\/\/www.facebook.com\/CubaLlama\" \/>\n<meta property=\"article:published_time\" content=\"2025-08-22T17:36:19+00:00\" \/>\n<meta property=\"article:modified_time\" content=\"2025-08-22T17:36:24+00:00\" \/>\n<meta property=\"og:image\" content=\"https:\/\/cdn1.mediawpaccore.net\/wp-content\/uploads\/2025\/05\/30065711\/image-95.png\" \/>\n\t<meta property=\"og:image:width\" content=\"922\" \/>\n\t<meta property=\"og:image:height\" content=\"538\" \/>\n\t<meta property=\"og:image:type\" content=\"image\/png\" \/>\n<meta name=\"author\" content=\"Roberto A.\" \/>\n<meta name=\"twitter:card\" content=\"summary_large_image\" \/>\n<meta name=\"twitter:creator\" content=\"@cuballama\" \/>\n<meta name=\"twitter:site\" content=\"@cuballama\" \/>\n<meta name=\"twitter:label1\" content=\"Escrito por\" \/>\n\t<meta name=\"twitter:data1\" content=\"Roberto A.\" \/>\n\t<meta name=\"twitter:label2\" content=\"Tiempo de lectura\" \/>\n\t<meta name=\"twitter:data2\" content=\"6 minutos\" \/>\n<script type=\"application\/ld+json\" class=\"yoast-schema-graph\">{\"@context\":\"https:\\\/\\\/schema.org\",\"@graph\":[{\"@type\":\"Article\",\"@id\":\"https:\\\/\\\/www.cuballama.com\\\/noticias\\\/el-debate-migratorio-en-la-voz-de-tres-abogados-de-origen-cubano-en-el-exilio\\\/#article\",\"isPartOf\":{\"@id\":\"https:\\\/\\\/www.cuballama.com\\\/noticias\\\/el-debate-migratorio-en-la-voz-de-tres-abogados-de-origen-cubano-en-el-exilio\\\/\"},\"author\":{\"name\":\"Roberto A.\",\"@id\":\"https:\\\/\\\/www.cuballama.com\\\/noticias\\\/#\\\/schema\\\/person\\\/a58502ed4146c8e9f83872e897c76cd2\"},\"headline\":\"El debate migratorio en la voz de tres abogados de origen cubano en el exilio\",\"datePublished\":\"2025-08-22T17:36:19+00:00\",\"dateModified\":\"2025-08-22T17:36:24+00:00\",\"mainEntityOfPage\":{\"@id\":\"https:\\\/\\\/www.cuballama.com\\\/noticias\\\/el-debate-migratorio-en-la-voz-de-tres-abogados-de-origen-cubano-en-el-exilio\\\/\"},\"wordCount\":1007,\"commentCount\":0,\"publisher\":{\"@id\":\"https:\\\/\\\/www.cuballama.com\\\/noticias\\\/#organization\"},\"image\":{\"@id\":\"https:\\\/\\\/www.cuballama.com\\\/noticias\\\/el-debate-migratorio-en-la-voz-de-tres-abogados-de-origen-cubano-en-el-exilio\\\/#primaryimage\"},\"thumbnailUrl\":\"https:\\\/\\\/cdn1.mediawpaccore.net\\\/wp-content\\\/uploads\\\/2025\\\/05\\\/30065711\\\/image-95.png\",\"keywords\":[\"Asilo Pol\u00edtico\",\"Eloy Viera Ca\u00f1ive\",\"Exilio Cubano\",\"inmigraci\u00f3n\",\"ley de ajuste cubano\",\"Liudmila Armas\",\"Miami\",\"San Antonio\",\"Wilfredo Allen\"],\"articleSection\":[\"Noticias\",\"USA\"],\"inLanguage\":\"es\",\"potentialAction\":[{\"@type\":\"CommentAction\",\"name\":\"Comment\",\"target\":[\"https:\\\/\\\/www.cuballama.com\\\/noticias\\\/el-debate-migratorio-en-la-voz-de-tres-abogados-de-origen-cubano-en-el-exilio\\\/#respond\"]}]},{\"@type\":\"WebPage\",\"@id\":\"https:\\\/\\\/www.cuballama.com\\\/noticias\\\/el-debate-migratorio-en-la-voz-de-tres-abogados-de-origen-cubano-en-el-exilio\\\/\",\"url\":\"https:\\\/\\\/www.cuballama.com\\\/noticias\\\/el-debate-migratorio-en-la-voz-de-tres-abogados-de-origen-cubano-en-el-exilio\\\/\",\"name\":\"El debate migratorio en la voz de tres abogados de origen cubano en el exilio - Cuballama Noticias\",\"isPartOf\":{\"@id\":\"https:\\\/\\\/www.cuballama.com\\\/noticias\\\/#website\"},\"primaryImageOfPage\":{\"@id\":\"https:\\\/\\\/www.cuballama.com\\\/noticias\\\/el-debate-migratorio-en-la-voz-de-tres-abogados-de-origen-cubano-en-el-exilio\\\/#primaryimage\"},\"image\":{\"@id\":\"https:\\\/\\\/www.cuballama.com\\\/noticias\\\/el-debate-migratorio-en-la-voz-de-tres-abogados-de-origen-cubano-en-el-exilio\\\/#primaryimage\"},\"thumbnailUrl\":\"https:\\\/\\\/cdn1.mediawpaccore.net\\\/wp-content\\\/uploads\\\/2025\\\/05\\\/30065711\\\/image-95.png\",\"datePublished\":\"2025-08-22T17:36:19+00:00\",\"dateModified\":\"2025-08-22T17:36:24+00:00\",\"description\":\"Tres abogados de origen cubano, dos residentes en Miami y uno en Canad\u00e1, dan la batalla por el problema migratorio\",\"breadcrumb\":{\"@id\":\"https:\\\/\\\/www.cuballama.com\\\/noticias\\\/el-debate-migratorio-en-la-voz-de-tres-abogados-de-origen-cubano-en-el-exilio\\\/#breadcrumb\"},\"inLanguage\":\"es\",\"potentialAction\":[{\"@type\":\"ReadAction\",\"target\":[\"https:\\\/\\\/www.cuballama.com\\\/noticias\\\/el-debate-migratorio-en-la-voz-de-tres-abogados-de-origen-cubano-en-el-exilio\\\/\"]}]},{\"@type\":\"ImageObject\",\"inLanguage\":\"es\",\"@id\":\"https:\\\/\\\/www.cuballama.com\\\/noticias\\\/el-debate-migratorio-en-la-voz-de-tres-abogados-de-origen-cubano-en-el-exilio\\\/#primaryimage\",\"url\":\"https:\\\/\\\/cdn1.mediawpaccore.net\\\/wp-content\\\/uploads\\\/2025\\\/05\\\/30065711\\\/image-95.png\",\"contentUrl\":\"https:\\\/\\\/cdn1.mediawpaccore.net\\\/wp-content\\\/uploads\\\/2025\\\/05\\\/30065711\\\/image-95.png\",\"width\":922,\"height\":538,\"caption\":\"La abogada de inmigraci\u00f3n Liudmila Armas Marcelo es una de las que a diario batalla a favor de la comunidad cubana en los EE.UU., en las cortes. Armas Marcelo ha vuelto a ganar otro caso en el complejo escenario de las cortes de Inmigraci\u00f3n que representa el estado de Texas. Foto: Facebook\"},{\"@type\":\"BreadcrumbList\",\"@id\":\"https:\\\/\\\/www.cuballama.com\\\/noticias\\\/el-debate-migratorio-en-la-voz-de-tres-abogados-de-origen-cubano-en-el-exilio\\\/#breadcrumb\",\"itemListElement\":[{\"@type\":\"ListItem\",\"position\":1,\"name\":\"Home\",\"item\":\"https:\\\/\\\/www.cuballama.com\\\/noticias\\\/\"},{\"@type\":\"ListItem\",\"position\":2,\"name\":\"El debate migratorio en la voz de tres abogados de origen cubano en el exilio\"}]},{\"@type\":\"WebSite\",\"@id\":\"https:\\\/\\\/www.cuballama.com\\\/noticias\\\/#website\",\"url\":\"https:\\\/\\\/www.cuballama.com\\\/noticias\\\/\",\"name\":\"Cuballama Noticias\",\"description\":\"Medio digital sobre Cuba y el mundo\",\"publisher\":{\"@id\":\"https:\\\/\\\/www.cuballama.com\\\/noticias\\\/#organization\"},\"potentialAction\":[{\"@type\":\"SearchAction\",\"target\":{\"@type\":\"EntryPoint\",\"urlTemplate\":\"https:\\\/\\\/www.cuballama.com\\\/noticias\\\/?s={search_term_string}\"},\"query-input\":{\"@type\":\"PropertyValueSpecification\",\"valueRequired\":true,\"valueName\":\"search_term_string\"}}],\"inLanguage\":\"es\"},{\"@type\":\"Organization\",\"@id\":\"https:\\\/\\\/www.cuballama.com\\\/noticias\\\/#organization\",\"name\":\"Cuballama\",\"url\":\"https:\\\/\\\/www.cuballama.com\\\/noticias\\\/\",\"logo\":{\"@type\":\"ImageObject\",\"inLanguage\":\"es\",\"@id\":\"https:\\\/\\\/www.cuballama.com\\\/noticias\\\/#\\\/schema\\\/logo\\\/image\\\/\",\"url\":\"https:\\\/\\\/cdn1.mediawpaccore.net\\\/wp-content\\\/uploads\\\/2021\\\/12\\\/28171206\\\/cbll-logo-color-sm.png\",\"contentUrl\":\"https:\\\/\\\/cdn1.mediawpaccore.net\\\/wp-content\\\/uploads\\\/2021\\\/12\\\/28171206\\\/cbll-logo-color-sm.png\",\"width\":600,\"height\":133,\"caption\":\"Cuballama\"},\"image\":{\"@id\":\"https:\\\/\\\/www.cuballama.com\\\/noticias\\\/#\\\/schema\\\/logo\\\/image\\\/\"},\"sameAs\":[\"https:\\\/\\\/www.facebook.com\\\/CubaLlama\",\"https:\\\/\\\/x.com\\\/cuballama\",\"https:\\\/\\\/www.instagram.com\\\/stories\\\/cuballama_oficial\\\/\",\"https:\\\/\\\/www.youtube.com\\\/channel\\\/UCKkFE-d_axENGZcrc4as0IA\"]},{\"@type\":\"Person\",\"@id\":\"https:\\\/\\\/www.cuballama.com\\\/noticias\\\/#\\\/schema\\\/person\\\/a58502ed4146c8e9f83872e897c76cd2\",\"name\":\"Roberto A.\",\"description\":\"Roberto A. Periodista por decisi\u00f3n propia. Interesado en cualquier tema que me apasione y cada vez m\u00e1s comprometido con la verdad y la objetividad period\u00edstica. Graduado en La Habana hace ya muchos a\u00f1os, luego de una accidentada y polvorienta b\u00fasqueda de informaci\u00f3n sobre un tema in\u00e9dito. La Tesis, por cierto, desapareci\u00f3 de la biblioteca y no se conservan copias de la misma.\",\"url\":\"https:\\\/\\\/www.cuballama.com\\\/noticias\\\/author\\\/roberto\\\/\"}]}<\/script>\n<!-- \/ Yoast SEO plugin. -->","yoast_head_json":{"title":"El debate migratorio en la voz de tres abogados de origen cubano en el exilio - Cuballama Noticias","description":"Tres abogados de origen cubano, dos residentes en Miami y uno en Canad\u00e1, dan la batalla por el problema migratorio","robots":{"index":"index","follow":"follow","max-snippet":"max-snippet:-1","max-image-preview":"max-image-preview:large","max-video-preview":"max-video-preview:-1"},"canonical":"https:\/\/www.cuballama.com\/noticias\/el-debate-migratorio-en-la-voz-de-tres-abogados-de-origen-cubano-en-el-exilio\/","og_locale":"es_ES","og_type":"article","og_title":"El debate migratorio en la voz de tres abogados de origen cubano en el exilio - Cuballama Noticias","og_description":"Tres abogados de origen cubano, dos residentes en Miami y uno en Canad\u00e1, dan la batalla por el problema migratorio","og_url":"https:\/\/www.cuballama.com\/noticias\/el-debate-migratorio-en-la-voz-de-tres-abogados-de-origen-cubano-en-el-exilio\/","og_site_name":"Cuballama Noticias","article_publisher":"https:\/\/www.facebook.com\/CubaLlama","article_published_time":"2025-08-22T17:36:19+00:00","article_modified_time":"2025-08-22T17:36:24+00:00","og_image":[{"width":922,"height":538,"url":"https:\/\/cdn1.mediawpaccore.net\/wp-content\/uploads\/2025\/05\/30065711\/image-95.png","type":"image\/png"}],"author":"Roberto A.","twitter_card":"summary_large_image","twitter_creator":"@cuballama","twitter_site":"@cuballama","twitter_misc":{"Escrito por":"Roberto A.","Tiempo de lectura":"6 minutos"},"schema":{"@context":"https:\/\/schema.org","@graph":[{"@type":"Article","@id":"https:\/\/www.cuballama.com\/noticias\/el-debate-migratorio-en-la-voz-de-tres-abogados-de-origen-cubano-en-el-exilio\/#article","isPartOf":{"@id":"https:\/\/www.cuballama.com\/noticias\/el-debate-migratorio-en-la-voz-de-tres-abogados-de-origen-cubano-en-el-exilio\/"},"author":{"name":"Roberto A.","@id":"https:\/\/www.cuballama.com\/noticias\/#\/schema\/person\/a58502ed4146c8e9f83872e897c76cd2"},"headline":"El debate migratorio en la voz de tres abogados de origen cubano en el exilio","datePublished":"2025-08-22T17:36:19+00:00","dateModified":"2025-08-22T17:36:24+00:00","mainEntityOfPage":{"@id":"https:\/\/www.cuballama.com\/noticias\/el-debate-migratorio-en-la-voz-de-tres-abogados-de-origen-cubano-en-el-exilio\/"},"wordCount":1007,"commentCount":0,"publisher":{"@id":"https:\/\/www.cuballama.com\/noticias\/#organization"},"image":{"@id":"https:\/\/www.cuballama.com\/noticias\/el-debate-migratorio-en-la-voz-de-tres-abogados-de-origen-cubano-en-el-exilio\/#primaryimage"},"thumbnailUrl":"https:\/\/cdn1.mediawpaccore.net\/wp-content\/uploads\/2025\/05\/30065711\/image-95.png","keywords":["Asilo Pol\u00edtico","Eloy Viera Ca\u00f1ive","Exilio Cubano","inmigraci\u00f3n","ley de ajuste cubano","Liudmila Armas","Miami","San Antonio","Wilfredo Allen"],"articleSection":["Noticias","USA"],"inLanguage":"es","potentialAction":[{"@type":"CommentAction","name":"Comment","target":["https:\/\/www.cuballama.com\/noticias\/el-debate-migratorio-en-la-voz-de-tres-abogados-de-origen-cubano-en-el-exilio\/#respond"]}]},{"@type":"WebPage","@id":"https:\/\/www.cuballama.com\/noticias\/el-debate-migratorio-en-la-voz-de-tres-abogados-de-origen-cubano-en-el-exilio\/","url":"https:\/\/www.cuballama.com\/noticias\/el-debate-migratorio-en-la-voz-de-tres-abogados-de-origen-cubano-en-el-exilio\/","name":"El debate migratorio en la voz de tres abogados de origen cubano en el exilio - Cuballama Noticias","isPartOf":{"@id":"https:\/\/www.cuballama.com\/noticias\/#website"},"primaryImageOfPage":{"@id":"https:\/\/www.cuballama.com\/noticias\/el-debate-migratorio-en-la-voz-de-tres-abogados-de-origen-cubano-en-el-exilio\/#primaryimage"},"image":{"@id":"https:\/\/www.cuballama.com\/noticias\/el-debate-migratorio-en-la-voz-de-tres-abogados-de-origen-cubano-en-el-exilio\/#primaryimage"},"thumbnailUrl":"https:\/\/cdn1.mediawpaccore.net\/wp-content\/uploads\/2025\/05\/30065711\/image-95.png","datePublished":"2025-08-22T17:36:19+00:00","dateModified":"2025-08-22T17:36:24+00:00","description":"Tres abogados de origen cubano, dos residentes en Miami y uno en Canad\u00e1, dan la batalla por el problema migratorio","breadcrumb":{"@id":"https:\/\/www.cuballama.com\/noticias\/el-debate-migratorio-en-la-voz-de-tres-abogados-de-origen-cubano-en-el-exilio\/#breadcrumb"},"inLanguage":"es","potentialAction":[{"@type":"ReadAction","target":["https:\/\/www.cuballama.com\/noticias\/el-debate-migratorio-en-la-voz-de-tres-abogados-de-origen-cubano-en-el-exilio\/"]}]},{"@type":"ImageObject","inLanguage":"es","@id":"https:\/\/www.cuballama.com\/noticias\/el-debate-migratorio-en-la-voz-de-tres-abogados-de-origen-cubano-en-el-exilio\/#primaryimage","url":"https:\/\/cdn1.mediawpaccore.net\/wp-content\/uploads\/2025\/05\/30065711\/image-95.png","contentUrl":"https:\/\/cdn1.mediawpaccore.net\/wp-content\/uploads\/2025\/05\/30065711\/image-95.png","width":922,"height":538,"caption":"La abogada de inmigraci\u00f3n Liudmila Armas Marcelo es una de las que a diario batalla a favor de la comunidad cubana en los EE.UU., en las cortes. Armas Marcelo ha vuelto a ganar otro caso en el complejo escenario de las cortes de Inmigraci\u00f3n que representa el estado de Texas. Foto: Facebook"},{"@type":"BreadcrumbList","@id":"https:\/\/www.cuballama.com\/noticias\/el-debate-migratorio-en-la-voz-de-tres-abogados-de-origen-cubano-en-el-exilio\/#breadcrumb","itemListElement":[{"@type":"ListItem","position":1,"name":"Home","item":"https:\/\/www.cuballama.com\/noticias\/"},{"@type":"ListItem","position":2,"name":"El debate migratorio en la voz de tres abogados de origen cubano en el exilio"}]},{"@type":"WebSite","@id":"https:\/\/www.cuballama.com\/noticias\/#website","url":"https:\/\/www.cuballama.com\/noticias\/","name":"Cuballama Noticias","description":"Medio digital sobre Cuba y el mundo","publisher":{"@id":"https:\/\/www.cuballama.com\/noticias\/#organization"},"potentialAction":[{"@type":"SearchAction","target":{"@type":"EntryPoint","urlTemplate":"https:\/\/www.cuballama.com\/noticias\/?s={search_term_string}"},"query-input":{"@type":"PropertyValueSpecification","valueRequired":true,"valueName":"search_term_string"}}],"inLanguage":"es"},{"@type":"Organization","@id":"https:\/\/www.cuballama.com\/noticias\/#organization","name":"Cuballama","url":"https:\/\/www.cuballama.com\/noticias\/","logo":{"@type":"ImageObject","inLanguage":"es","@id":"https:\/\/www.cuballama.com\/noticias\/#\/schema\/logo\/image\/","url":"https:\/\/cdn1.mediawpaccore.net\/wp-content\/uploads\/2021\/12\/28171206\/cbll-logo-color-sm.png","contentUrl":"https:\/\/cdn1.mediawpaccore.net\/wp-content\/uploads\/2021\/12\/28171206\/cbll-logo-color-sm.png","width":600,"height":133,"caption":"Cuballama"},"image":{"@id":"https:\/\/www.cuballama.com\/noticias\/#\/schema\/logo\/image\/"},"sameAs":["https:\/\/www.facebook.com\/CubaLlama","https:\/\/x.com\/cuballama","https:\/\/www.instagram.com\/stories\/cuballama_oficial\/","https:\/\/www.youtube.com\/channel\/UCKkFE-d_axENGZcrc4as0IA"]},{"@type":"Person","@id":"https:\/\/www.cuballama.com\/noticias\/#\/schema\/person\/a58502ed4146c8e9f83872e897c76cd2","name":"Roberto A.","description":"Roberto A. Periodista por decisi\u00f3n propia. Interesado en cualquier tema que me apasione y cada vez m\u00e1s comprometido con la verdad y la objetividad period\u00edstica. Graduado en La Habana hace ya muchos a\u00f1os, luego de una accidentada y polvorienta b\u00fasqueda de informaci\u00f3n sobre un tema in\u00e9dito. La Tesis, por cierto, desapareci\u00f3 de la biblioteca y no se conservan copias de la misma.","url":"https:\/\/www.cuballama.com\/noticias\/author\/roberto\/"}]}},"_links":{"self":[{"href":"https:\/\/www.cuballama.com\/noticias\/wp-json\/wp\/v2\/posts\/217374","targetHints":{"allow":["GET"]}}],"collection":[{"href":"https:\/\/www.cuballama.com\/noticias\/wp-json\/wp\/v2\/posts"}],"about":[{"href":"https:\/\/www.cuballama.com\/noticias\/wp-json\/wp\/v2\/types\/post"}],"author":[{"embeddable":true,"href":"https:\/\/www.cuballama.com\/noticias\/wp-json\/wp\/v2\/users\/13"}],"replies":[{"embeddable":true,"href":"https:\/\/www.cuballama.com\/noticias\/wp-json\/wp\/v2\/comments?post=217374"}],"version-history":[{"count":4,"href":"https:\/\/www.cuballama.com\/noticias\/wp-json\/wp\/v2\/posts\/217374\/revisions"}],"predecessor-version":[{"id":217421,"href":"https:\/\/www.cuballama.com\/noticias\/wp-json\/wp\/v2\/posts\/217374\/revisions\/217421"}],"wp:featuredmedia":[{"embeddable":true,"href":"https:\/\/www.cuballama.com\/noticias\/wp-json\/wp\/v2\/media\/209038"}],"wp:attachment":[{"href":"https:\/\/www.cuballama.com\/noticias\/wp-json\/wp\/v2\/media?parent=217374"}],"wp:term":[{"taxonomy":"category","embeddable":true,"href":"https:\/\/www.cuballama.com\/noticias\/wp-json\/wp\/v2\/categories?post=217374"},{"taxonomy":"post_tag","embeddable":true,"href":"https:\/\/www.cuballama.com\/noticias\/wp-json\/wp\/v2\/tags?post=217374"}],"curies":[{"name":"wp","href":"https:\/\/api.w.org\/{rel}","templated":true}]}}