{"id":217352,"date":"2025-08-21T14:40:40","date_gmt":"2025-08-21T18:40:40","guid":{"rendered":"https:\/\/www.cuballama.com\/noticias\/?p=217352"},"modified":"2025-08-21T14:56:01","modified_gmt":"2025-08-21T18:56:01","slug":"revelan-detalles-sobre-muerte-de-joven-cubano-en-servicio-militar-obligatorio","status":"publish","type":"post","link":"https:\/\/www.cuballama.com\/noticias\/revelan-detalles-sobre-muerte-de-joven-cubano-en-servicio-militar-obligatorio\/","title":{"rendered":"Revelan detalles sobre muerte de joven cubano en Servicio Militar Obligatorio"},"content":{"rendered":"\n<p>Un joven cubano de 18 a\u00f1os, <a href=\"https:\/\/www.cuballama.com\/noticias\/muere-otro-joven-cubano-en-el-servicio-militar-obligatorio\/\" target=\"_blank\" rel=\"noreferrer noopener\">identificado como Antonio Rassi<\/a>, falleci\u00f3 el pasado lunes 18 de agosto mientras cumpl\u00eda el Servicio Militar Obligatorio (SMO) en la Unidad Militar El Calvario, en La Habana, debido a una \u201cautolesi\u00f3n\u201d.<\/p>\n\n\n\n<p>De acuerdo con la noticia confirmada a <em>Cubanet <\/em>por el padre de otro joven recluta que acompa\u00f1aba a Rassi, a los otros soldados se les dijo que el muchacho se dispar\u00f3 quit\u00e1ndose la vida.<\/p>\n\n\n\n<p>Sin embargo, la p\u00e1gina de Facebook D\u00edaz Canel Sin Gao afirm\u00f3 que Rassi \u201cse dispar\u00f3 accidentalmente\u201d porque \u201cno sab\u00eda c\u00f3mo usar el arma\u201d, ya que \u201cllevaba menos de un mes en la unidad\u201d.<\/p>\n\n\n\n<p>La fuente citada por Cubanet se\u00f1al\u00f3 igualmente que la semana antes de su muerte \u201cAntonio no se ba\u00f1aba\u201d. \u201cLe requer\u00edan, pero andaba mal oliente. Era notable que se estaba descomponiendo su salud mental. Nadie observa esto y muchos chicos hace rechazo enorme al Servicio Militar Obligatorio. Y lo peor, le dan un arma sin estar apto ni analizar su situaci\u00f3n psicol\u00f3gica\u201d, indic\u00f3.<\/p>\n\n\n\n<figure class=\"wp-block-image size-large\"><img loading=\"lazy\" decoding=\"async\" width=\"521\" height=\"1024\" src=\"https:\/\/cdn1.mediawpaccore.net\/wp-content\/uploads\/2025\/08\/21142842\/Imagen-de-WhatsApp-2025-08-21-a-las-14.27.53_6ddf75a2-521x1024.jpg\" alt=\"\" class=\"wp-image-217366\" srcset=\"https:\/\/cdn1.mediawpaccore.net\/wp-content\/uploads\/2025\/08\/21142842\/Imagen-de-WhatsApp-2025-08-21-a-las-14.27.53_6ddf75a2-521x1024.jpg 521w, https:\/\/cdn1.mediawpaccore.net\/wp-content\/uploads\/2025\/08\/21142842\/Imagen-de-WhatsApp-2025-08-21-a-las-14.27.53_6ddf75a2-153x300.jpg 153w, https:\/\/cdn1.mediawpaccore.net\/wp-content\/uploads\/2025\/08\/21142842\/Imagen-de-WhatsApp-2025-08-21-a-las-14.27.53_6ddf75a2-768x1510.jpg 768w, https:\/\/cdn1.mediawpaccore.net\/wp-content\/uploads\/2025\/08\/21142842\/Imagen-de-WhatsApp-2025-08-21-a-las-14.27.53_6ddf75a2-781x1536.jpg 781w, https:\/\/cdn1.mediawpaccore.net\/wp-content\/uploads\/2025\/08\/21142842\/Imagen-de-WhatsApp-2025-08-21-a-las-14.27.53_6ddf75a2-214x420.jpg 214w, https:\/\/cdn1.mediawpaccore.net\/wp-content\/uploads\/2025\/08\/21142842\/Imagen-de-WhatsApp-2025-08-21-a-las-14.27.53_6ddf75a2-150x295.jpg 150w, https:\/\/cdn1.mediawpaccore.net\/wp-content\/uploads\/2025\/08\/21142842\/Imagen-de-WhatsApp-2025-08-21-a-las-14.27.53_6ddf75a2-300x590.jpg 300w, https:\/\/cdn1.mediawpaccore.net\/wp-content\/uploads\/2025\/08\/21142842\/Imagen-de-WhatsApp-2025-08-21-a-las-14.27.53_6ddf75a2-696x1368.jpg 696w, https:\/\/cdn1.mediawpaccore.net\/wp-content\/uploads\/2025\/08\/21142842\/Imagen-de-WhatsApp-2025-08-21-a-las-14.27.53_6ddf75a2.jpg 814w\" sizes=\"auto, (max-width: 521px) 100vw, 521px\" \/><\/figure>\n\n\n\n<p>En redes sociales Mercedes Roque, identificada como la madre del fallecido en plena previa del SMO, coment\u00f3: \u201cSoy la madre de Antonio Rassi, quien falleci\u00f3 el 18 de agosto en la unidad del Calvario,&#8230; Justicia para mi hijo y para todos los fallecidos en SMO\u201d.<\/p>\n\n\n\n<p>De acuerdo con la t\u00eda del joven, Maribel Hern\u00e1ndez, la familia vel\u00f3 su cuerpo en la funeraria de Infanta, conocida como \u201cLa Nacional\u201d, hasta el momento sin conocer la causa de la muerte.<\/p>\n\n\n\n<p>En lo que va de 2025 han muerto al menos 15 j\u00f3venes en el SMO, seg\u00fan datos de Cubalex citados por Cubanet. Entre estos casos se cuentan accidentes en el Cuerpo de Prevenci\u00f3n, negligencias m\u00e9dicas, disparos y autolesiones.<\/p>\n\n\n\n<p>En tantu, gran parte de la sociedad civil cubana considera que el SMO es un entorno de riesgos y abusos para adolescentes y j\u00f3venes cubanos, muchos de los cuales fallecen durante dicho periodo en circunstancias similares.<\/p>\n\n\n\n<p><\/p>\n","protected":false},"excerpt":{"rendered":"<p>El muchacho llevaba menos de un mes en la unidad militar en la que perdi\u00f3 la vida.<\/p>\n","protected":false},"author":30,"featured_media":217364,"comment_status":"open","ping_status":"closed","sticky":false,"template":"","format":"standard","meta":{"_acf_changed":false,"footnotes":""},"categories":[18,955],"tags":[941,13408,6547],"class_list":{"0":"post-217352","1":"post","2":"type-post","3":"status-publish","4":"format-standard","5":"has-post-thumbnail","7":"category-noticias","8":"category-noticias-de-cuba","9":"tag-destacado","10":"tag-joven-cubano","11":"tag-servicio-militar-obligatorio"},"acf":[],"yoast_head":"<!-- This site is optimized with the Yoast SEO plugin v27.5 - https:\/\/yoast.com\/product\/yoast-seo-wordpress\/ -->\n<title>Revelan detalles sobre muerte de joven cubano en Servicio Militar Obligatorio - Cuballama Noticias<\/title>\n<meta name=\"description\" content=\"Un joven cubano de 18 a\u00f1os falleci\u00f3 el pasado lunes mientras cumpl\u00eda el Servicio Militar Obligatorio en La Habana.\" \/>\n<meta name=\"robots\" content=\"index, follow, max-snippet:-1, max-image-preview:large, max-video-preview:-1\" \/>\n<link rel=\"canonical\" href=\"https:\/\/www.cuballama.com\/noticias\/revelan-detalles-sobre-muerte-de-joven-cubano-en-servicio-militar-obligatorio\/\" \/>\n<meta property=\"og:locale\" content=\"es_ES\" \/>\n<meta property=\"og:type\" content=\"article\" \/>\n<meta property=\"og:title\" content=\"Revelan detalles sobre muerte de joven cubano en Servicio Militar Obligatorio - Cuballama Noticias\" \/>\n<meta property=\"og:description\" content=\"Un joven cubano de 18 a\u00f1os falleci\u00f3 el pasado lunes mientras cumpl\u00eda el Servicio Militar Obligatorio en La Habana.\" \/>\n<meta property=\"og:url\" content=\"https:\/\/www.cuballama.com\/noticias\/revelan-detalles-sobre-muerte-de-joven-cubano-en-servicio-militar-obligatorio\/\" \/>\n<meta property=\"og:site_name\" content=\"Cuballama Noticias\" \/>\n<meta property=\"article:publisher\" content=\"https:\/\/www.facebook.com\/CubaLlama\" \/>\n<meta property=\"article:published_time\" content=\"2025-08-21T18:40:40+00:00\" \/>\n<meta property=\"article:modified_time\" content=\"2025-08-21T18:56:01+00:00\" \/>\n<meta property=\"og:image\" content=\"https:\/\/cdn1.mediawpaccore.net\/wp-content\/uploads\/2025\/08\/21140226\/536189866_1100649628911050_4660876648741883188_n2.jpg\" \/>\n\t<meta property=\"og:image:width\" content=\"1200\" \/>\n\t<meta property=\"og:image:height\" content=\"630\" \/>\n\t<meta property=\"og:image:type\" content=\"image\/jpeg\" \/>\n<meta name=\"author\" content=\"Kathy\" \/>\n<meta name=\"twitter:card\" content=\"summary_large_image\" \/>\n<meta name=\"twitter:creator\" content=\"@cuballama\" \/>\n<meta name=\"twitter:site\" content=\"@cuballama\" \/>\n<meta name=\"twitter:label1\" content=\"Escrito por\" \/>\n\t<meta name=\"twitter:data1\" content=\"Kathy\" \/>\n\t<meta name=\"twitter:label2\" content=\"Tiempo de lectura\" \/>\n\t<meta name=\"twitter:data2\" content=\"2 minutos\" \/>\n<script type=\"application\/ld+json\" class=\"yoast-schema-graph\">{\"@context\":\"https:\\\/\\\/schema.org\",\"@graph\":[{\"@type\":\"Article\",\"@id\":\"https:\\\/\\\/www.cuballama.com\\\/noticias\\\/revelan-detalles-sobre-muerte-de-joven-cubano-en-servicio-militar-obligatorio\\\/#article\",\"isPartOf\":{\"@id\":\"https:\\\/\\\/www.cuballama.com\\\/noticias\\\/revelan-detalles-sobre-muerte-de-joven-cubano-en-servicio-militar-obligatorio\\\/\"},\"author\":{\"name\":\"Kathy\",\"@id\":\"https:\\\/\\\/www.cuballama.com\\\/noticias\\\/#\\\/schema\\\/person\\\/86cd3e3f4974437f031211213bf892d5\"},\"headline\":\"Revelan detalles sobre muerte de joven cubano en Servicio Militar Obligatorio\",\"datePublished\":\"2025-08-21T18:40:40+00:00\",\"dateModified\":\"2025-08-21T18:56:01+00:00\",\"mainEntityOfPage\":{\"@id\":\"https:\\\/\\\/www.cuballama.com\\\/noticias\\\/revelan-detalles-sobre-muerte-de-joven-cubano-en-servicio-militar-obligatorio\\\/\"},\"wordCount\":345,\"commentCount\":0,\"publisher\":{\"@id\":\"https:\\\/\\\/www.cuballama.com\\\/noticias\\\/#organization\"},\"image\":{\"@id\":\"https:\\\/\\\/www.cuballama.com\\\/noticias\\\/revelan-detalles-sobre-muerte-de-joven-cubano-en-servicio-militar-obligatorio\\\/#primaryimage\"},\"thumbnailUrl\":\"https:\\\/\\\/cdn1.mediawpaccore.net\\\/wp-content\\\/uploads\\\/2025\\\/08\\\/21140226\\\/536189866_1100649628911050_4660876648741883188_n2.jpg\",\"keywords\":[\"destacado\",\"joven cubano\",\"Servicio Militar Obligatorio\"],\"articleSection\":[\"Noticias\",\"Noticias de Cuba\"],\"inLanguage\":\"es\",\"potentialAction\":[{\"@type\":\"CommentAction\",\"name\":\"Comment\",\"target\":[\"https:\\\/\\\/www.cuballama.com\\\/noticias\\\/revelan-detalles-sobre-muerte-de-joven-cubano-en-servicio-militar-obligatorio\\\/#respond\"]}]},{\"@type\":\"WebPage\",\"@id\":\"https:\\\/\\\/www.cuballama.com\\\/noticias\\\/revelan-detalles-sobre-muerte-de-joven-cubano-en-servicio-militar-obligatorio\\\/\",\"url\":\"https:\\\/\\\/www.cuballama.com\\\/noticias\\\/revelan-detalles-sobre-muerte-de-joven-cubano-en-servicio-militar-obligatorio\\\/\",\"name\":\"Revelan detalles sobre muerte de joven cubano en Servicio Militar Obligatorio - Cuballama Noticias\",\"isPartOf\":{\"@id\":\"https:\\\/\\\/www.cuballama.com\\\/noticias\\\/#website\"},\"primaryImageOfPage\":{\"@id\":\"https:\\\/\\\/www.cuballama.com\\\/noticias\\\/revelan-detalles-sobre-muerte-de-joven-cubano-en-servicio-militar-obligatorio\\\/#primaryimage\"},\"image\":{\"@id\":\"https:\\\/\\\/www.cuballama.com\\\/noticias\\\/revelan-detalles-sobre-muerte-de-joven-cubano-en-servicio-militar-obligatorio\\\/#primaryimage\"},\"thumbnailUrl\":\"https:\\\/\\\/cdn1.mediawpaccore.net\\\/wp-content\\\/uploads\\\/2025\\\/08\\\/21140226\\\/536189866_1100649628911050_4660876648741883188_n2.jpg\",\"datePublished\":\"2025-08-21T18:40:40+00:00\",\"dateModified\":\"2025-08-21T18:56:01+00:00\",\"description\":\"Un joven cubano de 18 a\u00f1os falleci\u00f3 el pasado lunes mientras cumpl\u00eda el Servicio Militar Obligatorio en La Habana.\",\"breadcrumb\":{\"@id\":\"https:\\\/\\\/www.cuballama.com\\\/noticias\\\/revelan-detalles-sobre-muerte-de-joven-cubano-en-servicio-militar-obligatorio\\\/#breadcrumb\"},\"inLanguage\":\"es\",\"potentialAction\":[{\"@type\":\"ReadAction\",\"target\":[\"https:\\\/\\\/www.cuballama.com\\\/noticias\\\/revelan-detalles-sobre-muerte-de-joven-cubano-en-servicio-militar-obligatorio\\\/\"]}]},{\"@type\":\"ImageObject\",\"inLanguage\":\"es\",\"@id\":\"https:\\\/\\\/www.cuballama.com\\\/noticias\\\/revelan-detalles-sobre-muerte-de-joven-cubano-en-servicio-militar-obligatorio\\\/#primaryimage\",\"url\":\"https:\\\/\\\/cdn1.mediawpaccore.net\\\/wp-content\\\/uploads\\\/2025\\\/08\\\/21140226\\\/536189866_1100649628911050_4660876648741883188_n2.jpg\",\"contentUrl\":\"https:\\\/\\\/cdn1.mediawpaccore.net\\\/wp-content\\\/uploads\\\/2025\\\/08\\\/21140226\\\/536189866_1100649628911050_4660876648741883188_n2.jpg\",\"width\":1200,\"height\":630,\"caption\":\"Antonio Rassi. Foto: Facebook\\\/D\u00edaz Canel Sin Gao.\"},{\"@type\":\"BreadcrumbList\",\"@id\":\"https:\\\/\\\/www.cuballama.com\\\/noticias\\\/revelan-detalles-sobre-muerte-de-joven-cubano-en-servicio-militar-obligatorio\\\/#breadcrumb\",\"itemListElement\":[{\"@type\":\"ListItem\",\"position\":1,\"name\":\"Home\",\"item\":\"https:\\\/\\\/www.cuballama.com\\\/noticias\\\/\"},{\"@type\":\"ListItem\",\"position\":2,\"name\":\"Revelan detalles sobre muerte de joven cubano en Servicio Militar Obligatorio\"}]},{\"@type\":\"WebSite\",\"@id\":\"https:\\\/\\\/www.cuballama.com\\\/noticias\\\/#website\",\"url\":\"https:\\\/\\\/www.cuballama.com\\\/noticias\\\/\",\"name\":\"Cuballama Noticias\",\"description\":\"Medio digital sobre Cuba y el mundo\",\"publisher\":{\"@id\":\"https:\\\/\\\/www.cuballama.com\\\/noticias\\\/#organization\"},\"potentialAction\":[{\"@type\":\"SearchAction\",\"target\":{\"@type\":\"EntryPoint\",\"urlTemplate\":\"https:\\\/\\\/www.cuballama.com\\\/noticias\\\/?s={search_term_string}\"},\"query-input\":{\"@type\":\"PropertyValueSpecification\",\"valueRequired\":true,\"valueName\":\"search_term_string\"}}],\"inLanguage\":\"es\"},{\"@type\":\"Organization\",\"@id\":\"https:\\\/\\\/www.cuballama.com\\\/noticias\\\/#organization\",\"name\":\"Cuballama\",\"url\":\"https:\\\/\\\/www.cuballama.com\\\/noticias\\\/\",\"logo\":{\"@type\":\"ImageObject\",\"inLanguage\":\"es\",\"@id\":\"https:\\\/\\\/www.cuballama.com\\\/noticias\\\/#\\\/schema\\\/logo\\\/image\\\/\",\"url\":\"https:\\\/\\\/cdn1.mediawpaccore.net\\\/wp-content\\\/uploads\\\/2021\\\/12\\\/28171206\\\/cbll-logo-color-sm.png\",\"contentUrl\":\"https:\\\/\\\/cdn1.mediawpaccore.net\\\/wp-content\\\/uploads\\\/2021\\\/12\\\/28171206\\\/cbll-logo-color-sm.png\",\"width\":600,\"height\":133,\"caption\":\"Cuballama\"},\"image\":{\"@id\":\"https:\\\/\\\/www.cuballama.com\\\/noticias\\\/#\\\/schema\\\/logo\\\/image\\\/\"},\"sameAs\":[\"https:\\\/\\\/www.facebook.com\\\/CubaLlama\",\"https:\\\/\\\/x.com\\\/cuballama\",\"https:\\\/\\\/www.instagram.com\\\/stories\\\/cuballama_oficial\\\/\",\"https:\\\/\\\/www.youtube.com\\\/channel\\\/UCKkFE-d_axENGZcrc4as0IA\"]},{\"@type\":\"Person\",\"@id\":\"https:\\\/\\\/www.cuballama.com\\\/noticias\\\/#\\\/schema\\\/person\\\/86cd3e3f4974437f031211213bf892d5\",\"name\":\"Kathy\",\"url\":\"https:\\\/\\\/www.cuballama.com\\\/noticias\\\/author\\\/kathy\\\/\"}]}<\/script>\n<!-- \/ Yoast SEO plugin. -->","yoast_head_json":{"title":"Revelan detalles sobre muerte de joven cubano en Servicio Militar Obligatorio - Cuballama Noticias","description":"Un joven cubano de 18 a\u00f1os falleci\u00f3 el pasado lunes mientras cumpl\u00eda el Servicio Militar Obligatorio en La Habana.","robots":{"index":"index","follow":"follow","max-snippet":"max-snippet:-1","max-image-preview":"max-image-preview:large","max-video-preview":"max-video-preview:-1"},"canonical":"https:\/\/www.cuballama.com\/noticias\/revelan-detalles-sobre-muerte-de-joven-cubano-en-servicio-militar-obligatorio\/","og_locale":"es_ES","og_type":"article","og_title":"Revelan detalles sobre muerte de joven cubano en Servicio Militar Obligatorio - Cuballama Noticias","og_description":"Un joven cubano de 18 a\u00f1os falleci\u00f3 el pasado lunes mientras cumpl\u00eda el Servicio Militar Obligatorio en La Habana.","og_url":"https:\/\/www.cuballama.com\/noticias\/revelan-detalles-sobre-muerte-de-joven-cubano-en-servicio-militar-obligatorio\/","og_site_name":"Cuballama Noticias","article_publisher":"https:\/\/www.facebook.com\/CubaLlama","article_published_time":"2025-08-21T18:40:40+00:00","article_modified_time":"2025-08-21T18:56:01+00:00","og_image":[{"width":1200,"height":630,"url":"https:\/\/cdn1.mediawpaccore.net\/wp-content\/uploads\/2025\/08\/21140226\/536189866_1100649628911050_4660876648741883188_n2.jpg","type":"image\/jpeg"}],"author":"Kathy","twitter_card":"summary_large_image","twitter_creator":"@cuballama","twitter_site":"@cuballama","twitter_misc":{"Escrito por":"Kathy","Tiempo de lectura":"2 minutos"},"schema":{"@context":"https:\/\/schema.org","@graph":[{"@type":"Article","@id":"https:\/\/www.cuballama.com\/noticias\/revelan-detalles-sobre-muerte-de-joven-cubano-en-servicio-militar-obligatorio\/#article","isPartOf":{"@id":"https:\/\/www.cuballama.com\/noticias\/revelan-detalles-sobre-muerte-de-joven-cubano-en-servicio-militar-obligatorio\/"},"author":{"name":"Kathy","@id":"https:\/\/www.cuballama.com\/noticias\/#\/schema\/person\/86cd3e3f4974437f031211213bf892d5"},"headline":"Revelan detalles sobre muerte de joven cubano en Servicio Militar Obligatorio","datePublished":"2025-08-21T18:40:40+00:00","dateModified":"2025-08-21T18:56:01+00:00","mainEntityOfPage":{"@id":"https:\/\/www.cuballama.com\/noticias\/revelan-detalles-sobre-muerte-de-joven-cubano-en-servicio-militar-obligatorio\/"},"wordCount":345,"commentCount":0,"publisher":{"@id":"https:\/\/www.cuballama.com\/noticias\/#organization"},"image":{"@id":"https:\/\/www.cuballama.com\/noticias\/revelan-detalles-sobre-muerte-de-joven-cubano-en-servicio-militar-obligatorio\/#primaryimage"},"thumbnailUrl":"https:\/\/cdn1.mediawpaccore.net\/wp-content\/uploads\/2025\/08\/21140226\/536189866_1100649628911050_4660876648741883188_n2.jpg","keywords":["destacado","joven cubano","Servicio Militar Obligatorio"],"articleSection":["Noticias","Noticias de Cuba"],"inLanguage":"es","potentialAction":[{"@type":"CommentAction","name":"Comment","target":["https:\/\/www.cuballama.com\/noticias\/revelan-detalles-sobre-muerte-de-joven-cubano-en-servicio-militar-obligatorio\/#respond"]}]},{"@type":"WebPage","@id":"https:\/\/www.cuballama.com\/noticias\/revelan-detalles-sobre-muerte-de-joven-cubano-en-servicio-militar-obligatorio\/","url":"https:\/\/www.cuballama.com\/noticias\/revelan-detalles-sobre-muerte-de-joven-cubano-en-servicio-militar-obligatorio\/","name":"Revelan detalles sobre muerte de joven cubano en Servicio Militar Obligatorio - Cuballama Noticias","isPartOf":{"@id":"https:\/\/www.cuballama.com\/noticias\/#website"},"primaryImageOfPage":{"@id":"https:\/\/www.cuballama.com\/noticias\/revelan-detalles-sobre-muerte-de-joven-cubano-en-servicio-militar-obligatorio\/#primaryimage"},"image":{"@id":"https:\/\/www.cuballama.com\/noticias\/revelan-detalles-sobre-muerte-de-joven-cubano-en-servicio-militar-obligatorio\/#primaryimage"},"thumbnailUrl":"https:\/\/cdn1.mediawpaccore.net\/wp-content\/uploads\/2025\/08\/21140226\/536189866_1100649628911050_4660876648741883188_n2.jpg","datePublished":"2025-08-21T18:40:40+00:00","dateModified":"2025-08-21T18:56:01+00:00","description":"Un joven cubano de 18 a\u00f1os falleci\u00f3 el pasado lunes mientras cumpl\u00eda el Servicio Militar Obligatorio en La Habana.","breadcrumb":{"@id":"https:\/\/www.cuballama.com\/noticias\/revelan-detalles-sobre-muerte-de-joven-cubano-en-servicio-militar-obligatorio\/#breadcrumb"},"inLanguage":"es","potentialAction":[{"@type":"ReadAction","target":["https:\/\/www.cuballama.com\/noticias\/revelan-detalles-sobre-muerte-de-joven-cubano-en-servicio-militar-obligatorio\/"]}]},{"@type":"ImageObject","inLanguage":"es","@id":"https:\/\/www.cuballama.com\/noticias\/revelan-detalles-sobre-muerte-de-joven-cubano-en-servicio-militar-obligatorio\/#primaryimage","url":"https:\/\/cdn1.mediawpaccore.net\/wp-content\/uploads\/2025\/08\/21140226\/536189866_1100649628911050_4660876648741883188_n2.jpg","contentUrl":"https:\/\/cdn1.mediawpaccore.net\/wp-content\/uploads\/2025\/08\/21140226\/536189866_1100649628911050_4660876648741883188_n2.jpg","width":1200,"height":630,"caption":"Antonio Rassi. Foto: Facebook\/D\u00edaz Canel Sin Gao."},{"@type":"BreadcrumbList","@id":"https:\/\/www.cuballama.com\/noticias\/revelan-detalles-sobre-muerte-de-joven-cubano-en-servicio-militar-obligatorio\/#breadcrumb","itemListElement":[{"@type":"ListItem","position":1,"name":"Home","item":"https:\/\/www.cuballama.com\/noticias\/"},{"@type":"ListItem","position":2,"name":"Revelan detalles sobre muerte de joven cubano en Servicio Militar Obligatorio"}]},{"@type":"WebSite","@id":"https:\/\/www.cuballama.com\/noticias\/#website","url":"https:\/\/www.cuballama.com\/noticias\/","name":"Cuballama Noticias","description":"Medio digital sobre Cuba y el mundo","publisher":{"@id":"https:\/\/www.cuballama.com\/noticias\/#organization"},"potentialAction":[{"@type":"SearchAction","target":{"@type":"EntryPoint","urlTemplate":"https:\/\/www.cuballama.com\/noticias\/?s={search_term_string}"},"query-input":{"@type":"PropertyValueSpecification","valueRequired":true,"valueName":"search_term_string"}}],"inLanguage":"es"},{"@type":"Organization","@id":"https:\/\/www.cuballama.com\/noticias\/#organization","name":"Cuballama","url":"https:\/\/www.cuballama.com\/noticias\/","logo":{"@type":"ImageObject","inLanguage":"es","@id":"https:\/\/www.cuballama.com\/noticias\/#\/schema\/logo\/image\/","url":"https:\/\/cdn1.mediawpaccore.net\/wp-content\/uploads\/2021\/12\/28171206\/cbll-logo-color-sm.png","contentUrl":"https:\/\/cdn1.mediawpaccore.net\/wp-content\/uploads\/2021\/12\/28171206\/cbll-logo-color-sm.png","width":600,"height":133,"caption":"Cuballama"},"image":{"@id":"https:\/\/www.cuballama.com\/noticias\/#\/schema\/logo\/image\/"},"sameAs":["https:\/\/www.facebook.com\/CubaLlama","https:\/\/x.com\/cuballama","https:\/\/www.instagram.com\/stories\/cuballama_oficial\/","https:\/\/www.youtube.com\/channel\/UCKkFE-d_axENGZcrc4as0IA"]},{"@type":"Person","@id":"https:\/\/www.cuballama.com\/noticias\/#\/schema\/person\/86cd3e3f4974437f031211213bf892d5","name":"Kathy","url":"https:\/\/www.cuballama.com\/noticias\/author\/kathy\/"}]}},"_links":{"self":[{"href":"https:\/\/www.cuballama.com\/noticias\/wp-json\/wp\/v2\/posts\/217352","targetHints":{"allow":["GET"]}}],"collection":[{"href":"https:\/\/www.cuballama.com\/noticias\/wp-json\/wp\/v2\/posts"}],"about":[{"href":"https:\/\/www.cuballama.com\/noticias\/wp-json\/wp\/v2\/types\/post"}],"author":[{"embeddable":true,"href":"https:\/\/www.cuballama.com\/noticias\/wp-json\/wp\/v2\/users\/30"}],"replies":[{"embeddable":true,"href":"https:\/\/www.cuballama.com\/noticias\/wp-json\/wp\/v2\/comments?post=217352"}],"version-history":[{"count":5,"href":"https:\/\/www.cuballama.com\/noticias\/wp-json\/wp\/v2\/posts\/217352\/revisions"}],"predecessor-version":[{"id":217370,"href":"https:\/\/www.cuballama.com\/noticias\/wp-json\/wp\/v2\/posts\/217352\/revisions\/217370"}],"wp:featuredmedia":[{"embeddable":true,"href":"https:\/\/www.cuballama.com\/noticias\/wp-json\/wp\/v2\/media\/217364"}],"wp:attachment":[{"href":"https:\/\/www.cuballama.com\/noticias\/wp-json\/wp\/v2\/media?parent=217352"}],"wp:term":[{"taxonomy":"category","embeddable":true,"href":"https:\/\/www.cuballama.com\/noticias\/wp-json\/wp\/v2\/categories?post=217352"},{"taxonomy":"post_tag","embeddable":true,"href":"https:\/\/www.cuballama.com\/noticias\/wp-json\/wp\/v2\/tags?post=217352"}],"curies":[{"name":"wp","href":"https:\/\/api.w.org\/{rel}","templated":true}]}}