{"id":217349,"date":"2025-08-21T13:43:20","date_gmt":"2025-08-21T17:43:20","guid":{"rendered":"https:\/\/www.cuballama.com\/noticias\/?p=217349"},"modified":"2025-08-21T13:46:16","modified_gmt":"2025-08-21T17:46:16","slug":"dos-padres-cubanos-en-peligro-de-deportacion-tras-presentarse-ante-ice","status":"publish","type":"post","link":"https:\/\/www.cuballama.com\/noticias\/dos-padres-cubanos-en-peligro-de-deportacion-tras-presentarse-ante-ice\/","title":{"rendered":"Dos padres cubanos en peligro de deportaci\u00f3n tras presentarse ante ICE"},"content":{"rendered":"\n<p>Dos padres cubanos, identificados como Deivy Alem\u00e1n Oropesa y Rainel Rodr\u00edguez Delgado, se encuentran en peligro de deportaci\u00f3n tras presentarse en d\u00edas recientes ante el Servicio de Inmigraci\u00f3n y Control de Aduanas de Estados Unidos (ICE por sus siglas en ingl\u00e9s).<\/p>\n\n\n\n<p>El primero de ambos casos, expuestos ambos por el periodista de <em>Univisi\u00f3n 23<\/em>, Javier D\u00edaz, es, si se puede, m\u00e1s conmovedor, porque Alem\u00e1n Oropesa, quien vive en Estados Unidos desde hace siete a\u00f1os, tiene una hija peque\u00f1a con serios problemas de salud.<\/p>\n\n\n\n<p>Si bien no tiene antecedentes penales, este inmigrante fue liberado con una orden de deportaci\u00f3n tras cruzar la frontera sur, por lo que las autoridades lo mandaron a presentarse con un boleto de avi\u00f3n para ser removido del pa\u00eds.<\/p>\n\n\n\n<figure class=\"wp-block-image size-large\"><img loading=\"lazy\" decoding=\"async\" width=\"689\" height=\"1024\" src=\"https:\/\/cdn1.mediawpaccore.net\/wp-content\/uploads\/2025\/08\/21133435\/Imagen-de-WhatsApp-2025-08-21-a-las-13.32.07_621bab5a-689x1024.jpg\" alt=\"\" class=\"wp-image-217356\" srcset=\"https:\/\/cdn1.mediawpaccore.net\/wp-content\/uploads\/2025\/08\/21133435\/Imagen-de-WhatsApp-2025-08-21-a-las-13.32.07_621bab5a-689x1024.jpg 689w, https:\/\/cdn1.mediawpaccore.net\/wp-content\/uploads\/2025\/08\/21133435\/Imagen-de-WhatsApp-2025-08-21-a-las-13.32.07_621bab5a-202x300.jpg 202w, https:\/\/cdn1.mediawpaccore.net\/wp-content\/uploads\/2025\/08\/21133435\/Imagen-de-WhatsApp-2025-08-21-a-las-13.32.07_621bab5a-768x1141.jpg 768w, https:\/\/cdn1.mediawpaccore.net\/wp-content\/uploads\/2025\/08\/21133435\/Imagen-de-WhatsApp-2025-08-21-a-las-13.32.07_621bab5a-1034x1536.jpg 1034w, https:\/\/cdn1.mediawpaccore.net\/wp-content\/uploads\/2025\/08\/21133435\/Imagen-de-WhatsApp-2025-08-21-a-las-13.32.07_621bab5a-283x420.jpg 283w, https:\/\/cdn1.mediawpaccore.net\/wp-content\/uploads\/2025\/08\/21133435\/Imagen-de-WhatsApp-2025-08-21-a-las-13.32.07_621bab5a-150x223.jpg 150w, https:\/\/cdn1.mediawpaccore.net\/wp-content\/uploads\/2025\/08\/21133435\/Imagen-de-WhatsApp-2025-08-21-a-las-13.32.07_621bab5a-300x446.jpg 300w, https:\/\/cdn1.mediawpaccore.net\/wp-content\/uploads\/2025\/08\/21133435\/Imagen-de-WhatsApp-2025-08-21-a-las-13.32.07_621bab5a-696x1034.jpg 696w, https:\/\/cdn1.mediawpaccore.net\/wp-content\/uploads\/2025\/08\/21133435\/Imagen-de-WhatsApp-2025-08-21-a-las-13.32.07_621bab5a-1068x1586.jpg 1068w, https:\/\/cdn1.mediawpaccore.net\/wp-content\/uploads\/2025\/08\/21133435\/Imagen-de-WhatsApp-2025-08-21-a-las-13.32.07_621bab5a.jpg 1179w\" sizes=\"auto, (max-width: 689px) 100vw, 689px\" \/><figcaption class=\"wp-element-caption\">Foto: Captura de pantalla. Facebook\/Javier D\u00edaz.<\/figcaption><\/figure>\n\n\n\n<p>La peque\u00f1a de Alem\u00e1n Oropesa, seg\u00fan detall\u00f3 el reportero, tiene una grave condici\u00f3n card\u00edaca, por lo que ha sido sometida a tres cirug\u00edas a coraz\u00f3n abierto y su vida depende de que pueda seguir trat\u00e1ndose en el pa\u00eds.<\/p>\n\n\n\n<p>\u201cSolo pido quedarme por ella\u201d, declar\u00f3 Alem\u00e1n Oropesa tras salir de su encuentro con ICE llevando un grillete electr\u00f3nico y con una nueva cita para los pr\u00f3ximos d\u00edas.<\/p>\n\n\n\n<p>Por otra parte, Rodr\u00edguez Delgado, tambi\u00e9n radicado en Estados Unidos desde hace varios a\u00f1os, fue arrestado el lunes en Miramar, Florida, luego de ir a una cita programada con ICE.<\/p>\n\n\n\n<figure class=\"wp-block-image size-large\"><img loading=\"lazy\" decoding=\"async\" width=\"676\" height=\"1024\" src=\"https:\/\/cdn1.mediawpaccore.net\/wp-content\/uploads\/2025\/08\/21133457\/Imagen-de-WhatsApp-2025-08-21-a-las-13.32.07_4a8dd4e2-676x1024.jpg\" alt=\"\" class=\"wp-image-217357\" srcset=\"https:\/\/cdn1.mediawpaccore.net\/wp-content\/uploads\/2025\/08\/21133457\/Imagen-de-WhatsApp-2025-08-21-a-las-13.32.07_4a8dd4e2-676x1024.jpg 676w, https:\/\/cdn1.mediawpaccore.net\/wp-content\/uploads\/2025\/08\/21133457\/Imagen-de-WhatsApp-2025-08-21-a-las-13.32.07_4a8dd4e2-198x300.jpg 198w, https:\/\/cdn1.mediawpaccore.net\/wp-content\/uploads\/2025\/08\/21133457\/Imagen-de-WhatsApp-2025-08-21-a-las-13.32.07_4a8dd4e2-768x1163.jpg 768w, https:\/\/cdn1.mediawpaccore.net\/wp-content\/uploads\/2025\/08\/21133457\/Imagen-de-WhatsApp-2025-08-21-a-las-13.32.07_4a8dd4e2-1014x1536.jpg 1014w, https:\/\/cdn1.mediawpaccore.net\/wp-content\/uploads\/2025\/08\/21133457\/Imagen-de-WhatsApp-2025-08-21-a-las-13.32.07_4a8dd4e2-277x420.jpg 277w, https:\/\/cdn1.mediawpaccore.net\/wp-content\/uploads\/2025\/08\/21133457\/Imagen-de-WhatsApp-2025-08-21-a-las-13.32.07_4a8dd4e2-150x227.jpg 150w, https:\/\/cdn1.mediawpaccore.net\/wp-content\/uploads\/2025\/08\/21133457\/Imagen-de-WhatsApp-2025-08-21-a-las-13.32.07_4a8dd4e2-300x454.jpg 300w, https:\/\/cdn1.mediawpaccore.net\/wp-content\/uploads\/2025\/08\/21133457\/Imagen-de-WhatsApp-2025-08-21-a-las-13.32.07_4a8dd4e2-696x1054.jpg 696w, https:\/\/cdn1.mediawpaccore.net\/wp-content\/uploads\/2025\/08\/21133457\/Imagen-de-WhatsApp-2025-08-21-a-las-13.32.07_4a8dd4e2-1068x1617.jpg 1068w, https:\/\/cdn1.mediawpaccore.net\/wp-content\/uploads\/2025\/08\/21133457\/Imagen-de-WhatsApp-2025-08-21-a-las-13.32.07_4a8dd4e2.jpg 1169w\" sizes=\"auto, (max-width: 676px) 100vw, 676px\" \/><figcaption class=\"wp-element-caption\">Foto: Captura de pantalla. Facebook\/Javier D\u00edaz.<\/figcaption><\/figure>\n\n\n\n<p>Rodr\u00edguez Delgado, con una orden de deportaci\u00f3n desde 2019, recibi\u00f3 un parole humanitario, por lo que pudo solicitar la residencia permanente, la cual a\u00fan estar\u00eda esperando.<\/p>\n\n\n\n<p>Fuentes familiares citadas por D\u00edaz afirmaron que el joven ha estado cumpliendo con todas las normas legales, que incluyen reportarse de manera habitual ante las autoridades migratorias.<\/p>\n\n\n\n<p>Tras su cita del pasado 18 de agosto, Rodr\u00edguez Delgado, quien es igualmente padre de una ni\u00f1a, fue arrestado y trasladado al centro de detenci\u00f3n conocido como Alcatraz de los Caimanes, tambi\u00e9n en Florida, por lo que podr\u00eda ser deportado.&nbsp;<\/p>\n\n\n\n<p>Su esposa, visiblemente angustiada, pide que no separen a su familia. \u201cRainel no es un criminal. Es un padre, un esposo, un hombre que ha hecho todo por hacer las cosas bien. Solo queremos estar juntos\u201d, expres\u00f3 entre l\u00e1grimas su esposa al referido periodista.<\/p>\n\n\n\n<p><\/p>\n","protected":false},"excerpt":{"rendered":"<p>Ambos j\u00f3venes llegaron a Estados Unidos hace varios a\u00f1os.<\/p>\n","protected":false},"author":30,"featured_media":217353,"comment_status":"open","ping_status":"closed","sticky":false,"template":"","format":"standard","meta":{"_acf_changed":false,"footnotes":""},"categories":[18,953],"tags":[13451,941,23667,5115],"class_list":{"0":"post-217349","1":"post","2":"type-post","3":"status-publish","4":"format-standard","5":"has-post-thumbnail","7":"category-noticias","8":"category-usa","9":"tag-cubanos-en-estados-unidos","10":"tag-destacado","11":"tag-ice-detenciones","12":"tag-padres-cubanos"},"acf":[],"yoast_head":"<!-- This site is optimized with the Yoast SEO plugin v27.5 - https:\/\/yoast.com\/product\/yoast-seo-wordpress\/ -->\n<title>Dos padres cubanos en peligro de deportaci\u00f3n tras presentarse ante ICE - Cuballama Noticias<\/title>\n<meta name=\"description\" content=\"Dos padres cubanos se encuentran en peligro de deportaci\u00f3n tras presentarse ante las autoridades migratorias de EE.UU.\" \/>\n<meta name=\"robots\" content=\"index, follow, max-snippet:-1, max-image-preview:large, max-video-preview:-1\" \/>\n<link rel=\"canonical\" href=\"https:\/\/www.cuballama.com\/noticias\/dos-padres-cubanos-en-peligro-de-deportacion-tras-presentarse-ante-ice\/\" \/>\n<meta property=\"og:locale\" content=\"es_ES\" \/>\n<meta property=\"og:type\" content=\"article\" \/>\n<meta property=\"og:title\" content=\"Dos padres cubanos en peligro de deportaci\u00f3n tras presentarse ante ICE - Cuballama Noticias\" \/>\n<meta property=\"og:description\" content=\"Dos padres cubanos se encuentran en peligro de deportaci\u00f3n tras presentarse ante las autoridades migratorias de EE.UU.\" \/>\n<meta property=\"og:url\" content=\"https:\/\/www.cuballama.com\/noticias\/dos-padres-cubanos-en-peligro-de-deportacion-tras-presentarse-ante-ice\/\" \/>\n<meta property=\"og:site_name\" content=\"Cuballama Noticias\" \/>\n<meta property=\"article:publisher\" content=\"https:\/\/www.facebook.com\/CubaLlama\" \/>\n<meta property=\"article:published_time\" content=\"2025-08-21T17:43:20+00:00\" \/>\n<meta property=\"article:modified_time\" content=\"2025-08-21T17:46:16+00:00\" \/>\n<meta property=\"og:image\" content=\"https:\/\/cdn1.mediawpaccore.net\/wp-content\/uploads\/2025\/08\/21132337\/Square-4x412-1.jpg\" \/>\n\t<meta property=\"og:image:width\" content=\"1200\" \/>\n\t<meta property=\"og:image:height\" content=\"630\" \/>\n\t<meta property=\"og:image:type\" content=\"image\/jpeg\" \/>\n<meta name=\"author\" content=\"Kathy\" \/>\n<meta name=\"twitter:card\" content=\"summary_large_image\" \/>\n<meta name=\"twitter:creator\" content=\"@cuballama\" \/>\n<meta name=\"twitter:site\" content=\"@cuballama\" \/>\n<meta name=\"twitter:label1\" content=\"Escrito por\" \/>\n\t<meta name=\"twitter:data1\" content=\"Kathy\" \/>\n\t<meta name=\"twitter:label2\" content=\"Tiempo de lectura\" \/>\n\t<meta name=\"twitter:data2\" content=\"3 minutos\" \/>\n<script type=\"application\/ld+json\" class=\"yoast-schema-graph\">{\"@context\":\"https:\\\/\\\/schema.org\",\"@graph\":[{\"@type\":\"Article\",\"@id\":\"https:\\\/\\\/www.cuballama.com\\\/noticias\\\/dos-padres-cubanos-en-peligro-de-deportacion-tras-presentarse-ante-ice\\\/#article\",\"isPartOf\":{\"@id\":\"https:\\\/\\\/www.cuballama.com\\\/noticias\\\/dos-padres-cubanos-en-peligro-de-deportacion-tras-presentarse-ante-ice\\\/\"},\"author\":{\"name\":\"Kathy\",\"@id\":\"https:\\\/\\\/www.cuballama.com\\\/noticias\\\/#\\\/schema\\\/person\\\/86cd3e3f4974437f031211213bf892d5\"},\"headline\":\"Dos padres cubanos en peligro de deportaci\u00f3n tras presentarse ante ICE\",\"datePublished\":\"2025-08-21T17:43:20+00:00\",\"dateModified\":\"2025-08-21T17:46:16+00:00\",\"mainEntityOfPage\":{\"@id\":\"https:\\\/\\\/www.cuballama.com\\\/noticias\\\/dos-padres-cubanos-en-peligro-de-deportacion-tras-presentarse-ante-ice\\\/\"},\"wordCount\":423,\"commentCount\":0,\"publisher\":{\"@id\":\"https:\\\/\\\/www.cuballama.com\\\/noticias\\\/#organization\"},\"image\":{\"@id\":\"https:\\\/\\\/www.cuballama.com\\\/noticias\\\/dos-padres-cubanos-en-peligro-de-deportacion-tras-presentarse-ante-ice\\\/#primaryimage\"},\"thumbnailUrl\":\"https:\\\/\\\/cdn1.mediawpaccore.net\\\/wp-content\\\/uploads\\\/2025\\\/08\\\/21132337\\\/Square-4x412-1.jpg\",\"keywords\":[\"cubanos en Estados Unidos\",\"destacado\",\"ICE detenciones\",\"padres cubanos\"],\"articleSection\":[\"Noticias\",\"USA\"],\"inLanguage\":\"es\",\"potentialAction\":[{\"@type\":\"CommentAction\",\"name\":\"Comment\",\"target\":[\"https:\\\/\\\/www.cuballama.com\\\/noticias\\\/dos-padres-cubanos-en-peligro-de-deportacion-tras-presentarse-ante-ice\\\/#respond\"]}]},{\"@type\":\"WebPage\",\"@id\":\"https:\\\/\\\/www.cuballama.com\\\/noticias\\\/dos-padres-cubanos-en-peligro-de-deportacion-tras-presentarse-ante-ice\\\/\",\"url\":\"https:\\\/\\\/www.cuballama.com\\\/noticias\\\/dos-padres-cubanos-en-peligro-de-deportacion-tras-presentarse-ante-ice\\\/\",\"name\":\"Dos padres cubanos en peligro de deportaci\u00f3n tras presentarse ante ICE - Cuballama Noticias\",\"isPartOf\":{\"@id\":\"https:\\\/\\\/www.cuballama.com\\\/noticias\\\/#website\"},\"primaryImageOfPage\":{\"@id\":\"https:\\\/\\\/www.cuballama.com\\\/noticias\\\/dos-padres-cubanos-en-peligro-de-deportacion-tras-presentarse-ante-ice\\\/#primaryimage\"},\"image\":{\"@id\":\"https:\\\/\\\/www.cuballama.com\\\/noticias\\\/dos-padres-cubanos-en-peligro-de-deportacion-tras-presentarse-ante-ice\\\/#primaryimage\"},\"thumbnailUrl\":\"https:\\\/\\\/cdn1.mediawpaccore.net\\\/wp-content\\\/uploads\\\/2025\\\/08\\\/21132337\\\/Square-4x412-1.jpg\",\"datePublished\":\"2025-08-21T17:43:20+00:00\",\"dateModified\":\"2025-08-21T17:46:16+00:00\",\"description\":\"Dos padres cubanos se encuentran en peligro de deportaci\u00f3n tras presentarse ante las autoridades migratorias de EE.UU.\",\"breadcrumb\":{\"@id\":\"https:\\\/\\\/www.cuballama.com\\\/noticias\\\/dos-padres-cubanos-en-peligro-de-deportacion-tras-presentarse-ante-ice\\\/#breadcrumb\"},\"inLanguage\":\"es\",\"potentialAction\":[{\"@type\":\"ReadAction\",\"target\":[\"https:\\\/\\\/www.cuballama.com\\\/noticias\\\/dos-padres-cubanos-en-peligro-de-deportacion-tras-presentarse-ante-ice\\\/\"]}]},{\"@type\":\"ImageObject\",\"inLanguage\":\"es\",\"@id\":\"https:\\\/\\\/www.cuballama.com\\\/noticias\\\/dos-padres-cubanos-en-peligro-de-deportacion-tras-presentarse-ante-ice\\\/#primaryimage\",\"url\":\"https:\\\/\\\/cdn1.mediawpaccore.net\\\/wp-content\\\/uploads\\\/2025\\\/08\\\/21132337\\\/Square-4x412-1.jpg\",\"contentUrl\":\"https:\\\/\\\/cdn1.mediawpaccore.net\\\/wp-content\\\/uploads\\\/2025\\\/08\\\/21132337\\\/Square-4x412-1.jpg\",\"width\":1200,\"height\":630,\"caption\":\"Rainel Rodr\u00edguez Delgado (i) y Deivy Alem\u00e1n Oropesa. Foto: Facebook\\\/Javier D\u00edaz.\"},{\"@type\":\"BreadcrumbList\",\"@id\":\"https:\\\/\\\/www.cuballama.com\\\/noticias\\\/dos-padres-cubanos-en-peligro-de-deportacion-tras-presentarse-ante-ice\\\/#breadcrumb\",\"itemListElement\":[{\"@type\":\"ListItem\",\"position\":1,\"name\":\"Home\",\"item\":\"https:\\\/\\\/www.cuballama.com\\\/noticias\\\/\"},{\"@type\":\"ListItem\",\"position\":2,\"name\":\"Dos padres cubanos en peligro de deportaci\u00f3n tras presentarse ante ICE\"}]},{\"@type\":\"WebSite\",\"@id\":\"https:\\\/\\\/www.cuballama.com\\\/noticias\\\/#website\",\"url\":\"https:\\\/\\\/www.cuballama.com\\\/noticias\\\/\",\"name\":\"Cuballama Noticias\",\"description\":\"Medio digital sobre Cuba y el mundo\",\"publisher\":{\"@id\":\"https:\\\/\\\/www.cuballama.com\\\/noticias\\\/#organization\"},\"potentialAction\":[{\"@type\":\"SearchAction\",\"target\":{\"@type\":\"EntryPoint\",\"urlTemplate\":\"https:\\\/\\\/www.cuballama.com\\\/noticias\\\/?s={search_term_string}\"},\"query-input\":{\"@type\":\"PropertyValueSpecification\",\"valueRequired\":true,\"valueName\":\"search_term_string\"}}],\"inLanguage\":\"es\"},{\"@type\":\"Organization\",\"@id\":\"https:\\\/\\\/www.cuballama.com\\\/noticias\\\/#organization\",\"name\":\"Cuballama\",\"url\":\"https:\\\/\\\/www.cuballama.com\\\/noticias\\\/\",\"logo\":{\"@type\":\"ImageObject\",\"inLanguage\":\"es\",\"@id\":\"https:\\\/\\\/www.cuballama.com\\\/noticias\\\/#\\\/schema\\\/logo\\\/image\\\/\",\"url\":\"https:\\\/\\\/cdn1.mediawpaccore.net\\\/wp-content\\\/uploads\\\/2021\\\/12\\\/28171206\\\/cbll-logo-color-sm.png\",\"contentUrl\":\"https:\\\/\\\/cdn1.mediawpaccore.net\\\/wp-content\\\/uploads\\\/2021\\\/12\\\/28171206\\\/cbll-logo-color-sm.png\",\"width\":600,\"height\":133,\"caption\":\"Cuballama\"},\"image\":{\"@id\":\"https:\\\/\\\/www.cuballama.com\\\/noticias\\\/#\\\/schema\\\/logo\\\/image\\\/\"},\"sameAs\":[\"https:\\\/\\\/www.facebook.com\\\/CubaLlama\",\"https:\\\/\\\/x.com\\\/cuballama\",\"https:\\\/\\\/www.instagram.com\\\/stories\\\/cuballama_oficial\\\/\",\"https:\\\/\\\/www.youtube.com\\\/channel\\\/UCKkFE-d_axENGZcrc4as0IA\"]},{\"@type\":\"Person\",\"@id\":\"https:\\\/\\\/www.cuballama.com\\\/noticias\\\/#\\\/schema\\\/person\\\/86cd3e3f4974437f031211213bf892d5\",\"name\":\"Kathy\",\"url\":\"https:\\\/\\\/www.cuballama.com\\\/noticias\\\/author\\\/kathy\\\/\"}]}<\/script>\n<!-- \/ Yoast SEO plugin. -->","yoast_head_json":{"title":"Dos padres cubanos en peligro de deportaci\u00f3n tras presentarse ante ICE - Cuballama Noticias","description":"Dos padres cubanos se encuentran en peligro de deportaci\u00f3n tras presentarse ante las autoridades migratorias de EE.UU.","robots":{"index":"index","follow":"follow","max-snippet":"max-snippet:-1","max-image-preview":"max-image-preview:large","max-video-preview":"max-video-preview:-1"},"canonical":"https:\/\/www.cuballama.com\/noticias\/dos-padres-cubanos-en-peligro-de-deportacion-tras-presentarse-ante-ice\/","og_locale":"es_ES","og_type":"article","og_title":"Dos padres cubanos en peligro de deportaci\u00f3n tras presentarse ante ICE - Cuballama Noticias","og_description":"Dos padres cubanos se encuentran en peligro de deportaci\u00f3n tras presentarse ante las autoridades migratorias de EE.UU.","og_url":"https:\/\/www.cuballama.com\/noticias\/dos-padres-cubanos-en-peligro-de-deportacion-tras-presentarse-ante-ice\/","og_site_name":"Cuballama Noticias","article_publisher":"https:\/\/www.facebook.com\/CubaLlama","article_published_time":"2025-08-21T17:43:20+00:00","article_modified_time":"2025-08-21T17:46:16+00:00","og_image":[{"width":1200,"height":630,"url":"https:\/\/cdn1.mediawpaccore.net\/wp-content\/uploads\/2025\/08\/21132337\/Square-4x412-1.jpg","type":"image\/jpeg"}],"author":"Kathy","twitter_card":"summary_large_image","twitter_creator":"@cuballama","twitter_site":"@cuballama","twitter_misc":{"Escrito por":"Kathy","Tiempo de lectura":"3 minutos"},"schema":{"@context":"https:\/\/schema.org","@graph":[{"@type":"Article","@id":"https:\/\/www.cuballama.com\/noticias\/dos-padres-cubanos-en-peligro-de-deportacion-tras-presentarse-ante-ice\/#article","isPartOf":{"@id":"https:\/\/www.cuballama.com\/noticias\/dos-padres-cubanos-en-peligro-de-deportacion-tras-presentarse-ante-ice\/"},"author":{"name":"Kathy","@id":"https:\/\/www.cuballama.com\/noticias\/#\/schema\/person\/86cd3e3f4974437f031211213bf892d5"},"headline":"Dos padres cubanos en peligro de deportaci\u00f3n tras presentarse ante ICE","datePublished":"2025-08-21T17:43:20+00:00","dateModified":"2025-08-21T17:46:16+00:00","mainEntityOfPage":{"@id":"https:\/\/www.cuballama.com\/noticias\/dos-padres-cubanos-en-peligro-de-deportacion-tras-presentarse-ante-ice\/"},"wordCount":423,"commentCount":0,"publisher":{"@id":"https:\/\/www.cuballama.com\/noticias\/#organization"},"image":{"@id":"https:\/\/www.cuballama.com\/noticias\/dos-padres-cubanos-en-peligro-de-deportacion-tras-presentarse-ante-ice\/#primaryimage"},"thumbnailUrl":"https:\/\/cdn1.mediawpaccore.net\/wp-content\/uploads\/2025\/08\/21132337\/Square-4x412-1.jpg","keywords":["cubanos en Estados Unidos","destacado","ICE detenciones","padres cubanos"],"articleSection":["Noticias","USA"],"inLanguage":"es","potentialAction":[{"@type":"CommentAction","name":"Comment","target":["https:\/\/www.cuballama.com\/noticias\/dos-padres-cubanos-en-peligro-de-deportacion-tras-presentarse-ante-ice\/#respond"]}]},{"@type":"WebPage","@id":"https:\/\/www.cuballama.com\/noticias\/dos-padres-cubanos-en-peligro-de-deportacion-tras-presentarse-ante-ice\/","url":"https:\/\/www.cuballama.com\/noticias\/dos-padres-cubanos-en-peligro-de-deportacion-tras-presentarse-ante-ice\/","name":"Dos padres cubanos en peligro de deportaci\u00f3n tras presentarse ante ICE - Cuballama Noticias","isPartOf":{"@id":"https:\/\/www.cuballama.com\/noticias\/#website"},"primaryImageOfPage":{"@id":"https:\/\/www.cuballama.com\/noticias\/dos-padres-cubanos-en-peligro-de-deportacion-tras-presentarse-ante-ice\/#primaryimage"},"image":{"@id":"https:\/\/www.cuballama.com\/noticias\/dos-padres-cubanos-en-peligro-de-deportacion-tras-presentarse-ante-ice\/#primaryimage"},"thumbnailUrl":"https:\/\/cdn1.mediawpaccore.net\/wp-content\/uploads\/2025\/08\/21132337\/Square-4x412-1.jpg","datePublished":"2025-08-21T17:43:20+00:00","dateModified":"2025-08-21T17:46:16+00:00","description":"Dos padres cubanos se encuentran en peligro de deportaci\u00f3n tras presentarse ante las autoridades migratorias de EE.UU.","breadcrumb":{"@id":"https:\/\/www.cuballama.com\/noticias\/dos-padres-cubanos-en-peligro-de-deportacion-tras-presentarse-ante-ice\/#breadcrumb"},"inLanguage":"es","potentialAction":[{"@type":"ReadAction","target":["https:\/\/www.cuballama.com\/noticias\/dos-padres-cubanos-en-peligro-de-deportacion-tras-presentarse-ante-ice\/"]}]},{"@type":"ImageObject","inLanguage":"es","@id":"https:\/\/www.cuballama.com\/noticias\/dos-padres-cubanos-en-peligro-de-deportacion-tras-presentarse-ante-ice\/#primaryimage","url":"https:\/\/cdn1.mediawpaccore.net\/wp-content\/uploads\/2025\/08\/21132337\/Square-4x412-1.jpg","contentUrl":"https:\/\/cdn1.mediawpaccore.net\/wp-content\/uploads\/2025\/08\/21132337\/Square-4x412-1.jpg","width":1200,"height":630,"caption":"Rainel Rodr\u00edguez Delgado (i) y Deivy Alem\u00e1n Oropesa. Foto: Facebook\/Javier D\u00edaz."},{"@type":"BreadcrumbList","@id":"https:\/\/www.cuballama.com\/noticias\/dos-padres-cubanos-en-peligro-de-deportacion-tras-presentarse-ante-ice\/#breadcrumb","itemListElement":[{"@type":"ListItem","position":1,"name":"Home","item":"https:\/\/www.cuballama.com\/noticias\/"},{"@type":"ListItem","position":2,"name":"Dos padres cubanos en peligro de deportaci\u00f3n tras presentarse ante ICE"}]},{"@type":"WebSite","@id":"https:\/\/www.cuballama.com\/noticias\/#website","url":"https:\/\/www.cuballama.com\/noticias\/","name":"Cuballama Noticias","description":"Medio digital sobre Cuba y el mundo","publisher":{"@id":"https:\/\/www.cuballama.com\/noticias\/#organization"},"potentialAction":[{"@type":"SearchAction","target":{"@type":"EntryPoint","urlTemplate":"https:\/\/www.cuballama.com\/noticias\/?s={search_term_string}"},"query-input":{"@type":"PropertyValueSpecification","valueRequired":true,"valueName":"search_term_string"}}],"inLanguage":"es"},{"@type":"Organization","@id":"https:\/\/www.cuballama.com\/noticias\/#organization","name":"Cuballama","url":"https:\/\/www.cuballama.com\/noticias\/","logo":{"@type":"ImageObject","inLanguage":"es","@id":"https:\/\/www.cuballama.com\/noticias\/#\/schema\/logo\/image\/","url":"https:\/\/cdn1.mediawpaccore.net\/wp-content\/uploads\/2021\/12\/28171206\/cbll-logo-color-sm.png","contentUrl":"https:\/\/cdn1.mediawpaccore.net\/wp-content\/uploads\/2021\/12\/28171206\/cbll-logo-color-sm.png","width":600,"height":133,"caption":"Cuballama"},"image":{"@id":"https:\/\/www.cuballama.com\/noticias\/#\/schema\/logo\/image\/"},"sameAs":["https:\/\/www.facebook.com\/CubaLlama","https:\/\/x.com\/cuballama","https:\/\/www.instagram.com\/stories\/cuballama_oficial\/","https:\/\/www.youtube.com\/channel\/UCKkFE-d_axENGZcrc4as0IA"]},{"@type":"Person","@id":"https:\/\/www.cuballama.com\/noticias\/#\/schema\/person\/86cd3e3f4974437f031211213bf892d5","name":"Kathy","url":"https:\/\/www.cuballama.com\/noticias\/author\/kathy\/"}]}},"_links":{"self":[{"href":"https:\/\/www.cuballama.com\/noticias\/wp-json\/wp\/v2\/posts\/217349","targetHints":{"allow":["GET"]}}],"collection":[{"href":"https:\/\/www.cuballama.com\/noticias\/wp-json\/wp\/v2\/posts"}],"about":[{"href":"https:\/\/www.cuballama.com\/noticias\/wp-json\/wp\/v2\/types\/post"}],"author":[{"embeddable":true,"href":"https:\/\/www.cuballama.com\/noticias\/wp-json\/wp\/v2\/users\/30"}],"replies":[{"embeddable":true,"href":"https:\/\/www.cuballama.com\/noticias\/wp-json\/wp\/v2\/comments?post=217349"}],"version-history":[{"count":5,"href":"https:\/\/www.cuballama.com\/noticias\/wp-json\/wp\/v2\/posts\/217349\/revisions"}],"predecessor-version":[{"id":217360,"href":"https:\/\/www.cuballama.com\/noticias\/wp-json\/wp\/v2\/posts\/217349\/revisions\/217360"}],"wp:featuredmedia":[{"embeddable":true,"href":"https:\/\/www.cuballama.com\/noticias\/wp-json\/wp\/v2\/media\/217353"}],"wp:attachment":[{"href":"https:\/\/www.cuballama.com\/noticias\/wp-json\/wp\/v2\/media?parent=217349"}],"wp:term":[{"taxonomy":"category","embeddable":true,"href":"https:\/\/www.cuballama.com\/noticias\/wp-json\/wp\/v2\/categories?post=217349"},{"taxonomy":"post_tag","embeddable":true,"href":"https:\/\/www.cuballama.com\/noticias\/wp-json\/wp\/v2\/tags?post=217349"}],"curies":[{"name":"wp","href":"https:\/\/api.w.org\/{rel}","templated":true}]}}