{"id":217334,"date":"2025-08-21T10:59:22","date_gmt":"2025-08-21T14:59:22","guid":{"rendered":"https:\/\/www.cuballama.com\/noticias\/?p=217334"},"modified":"2025-08-21T10:59:24","modified_gmt":"2025-08-21T14:59:24","slug":"el-va-a-pegar-la-biblia-con-salmos-en-reparto-chocolate-mc-dedica-una-oracion-desde-la-carcel","status":"publish","type":"post","link":"https:\/\/www.cuballama.com\/noticias\/el-va-a-pegar-la-biblia-con-salmos-en-reparto-chocolate-mc-dedica-una-oracion-desde-la-carcel\/","title":{"rendered":"\u201c\u00c9l va a pegar la biblia con salmos en reparto\u201d: Chocolate MC dedica una oraci\u00f3n desde la c\u00e1rcel"},"content":{"rendered":"\n<p>El reguetonero cubano Yosvani Arism\u00edn Sierra Hern\u00e1ndez, conocido popularmente como Chocolate MC, volvi\u00f3 a captar la atenci\u00f3n de sus seguidores, aunque esta vez no por un tema musical, sino por un mensaje cargado de espiritualidad. Desde la prisi\u00f3n, el artista de 34 a\u00f1os asegur\u00f3 haber entregado su vida a Dios y afirm\u00f3 que se encuentra en un proceso de transformaci\u00f3n personal.<\/p>\n\n\n\n<p>\u201cMe encontr\u00e9 con Cristo, me encuentro ahora mismo completamente entregado al Se\u00f1or, dej\u00e1ndole todo en sus manos y que todo sea su voluntad\u201d, declar\u00f3 en una llamada telef\u00f3nica al periodista e influencer Yusnabi P\u00e9rez. Seg\u00fan cont\u00f3, ya dej\u00f3 atr\u00e1s las \u201cfalsas idolatr\u00edas\u201d y siente que sus errores han sido perdonados tras la oraci\u00f3n. Incluso dedic\u00f3 unas palabras a sus seguidores, pidi\u00e9ndoles que mantengan firme su fe.<\/p>\n\n\n\n<p>Estas declaraciones llegan en uno de los momentos m\u00e1s complejos de su vida art\u00edstica y personal. Actualmente, Chocolate MC enfrenta un proceso judicial en el que se le acusa de amenazar y conspirar para asesinar a Damian Vald\u00e9s Galloso, se\u00f1alado como principal sospechoso del homicidio del tambi\u00e9n reguetonero El Taiger. Los cargos formales en su contra son amenazas escritas de muerte o de causar lesiones corporales y solicitud de asesinato en primer grado, delito considerado una felon\u00eda de primer grado en el estado de Florida. De ser hallado culpable, podr\u00eda enfrentarse a una condena de cadena perpetua.<\/p>\n\n\n\n<p><strong>Lea m\u00e1s: <a href=\"https:\/\/www.cuballama.com\/noticias\/familia-de-chocolate-mc-asegura-que-el-reguetonero-ha-cambiado-en-la-carcel\/\" target=\"_blank\" rel=\"noreferrer noopener\">Familia de Chocolate MC asegura que el reguetonero \u201cha cambiado\u201d en la c\u00e1rcel<\/a><\/strong><\/p>\n\n\n\n<p>El \u201cRey del Reparto\u201d tambi\u00e9n permanece detenido por otro proceso independiente tras su arresto del 2 de junio, cuando fue acusado de secuestro y robo a mano armada contra un fan. Aunque se demostr\u00f3 que el arma utilizada era falsa, un tribunal le neg\u00f3 la fianza por violar condiciones de una libertad condicional previa. Con este episodio, ya suma nueve arrestos en los \u00faltimos ocho a\u00f1os y cinco casos abiertos en Florida.<\/p>\n\n\n\n<figure class=\"wp-block-embed is-type-video is-provider-tiktok wp-block-embed-tiktok\"><div class=\"wp-block-embed__wrapper\">\n<blockquote class=\"tiktok-embed\" cite=\"https:\/\/www.tiktok.com\/@yusnaby\/video\/7540711261160475935\" data-video-id=\"7540711261160475935\" data-embed-from=\"oembed\" style=\"max-width:605px; min-width:325px;\"> <section> <a target=\"_blank\" title=\"@yusnaby\" href=\"https:\/\/www.tiktok.com\/@yusnaby?refer=embed\">@yusnaby<\/a> <p>Chocolate MC rompe el silencio desde prisi\u00f3n horas antes de su juicio en la corte de Miami-Dade.<\/p> <a target=\"_blank\" title=\"\u266c original sound - Yusnaby\" href=\"https:\/\/www.tiktok.com\/music\/original-sound-7540711237366106910?refer=embed\">\u266c original sound &#8211; Yusnaby<\/a> <\/section> <\/blockquote> <script async src=\"https:\/\/www.tiktok.com\/embed.js\"><\/script>\n<\/div><\/figure>\n\n\n\n<p>Entre pol\u00e9micas, adicciones y carreras truncadas por problemas legales, Chocolate MC ha mantenido siempre un v\u00ednculo fuerte con su p\u00fablico, que lo sigue considerando una figura central del reparto, g\u00e9nero urbano que \u00e9l mismo ayud\u00f3 a popularizar. Pero ahora, sus declaraciones sugieren que podr\u00eda estar buscando un rumbo diferente.<\/p>\n\n\n\n<p>Su hermana, Isis Arisl\u00e9n Sierra, asegur\u00f3 en entrevista con Telemundo que el encierro ha sido un punto de inflexi\u00f3n en su vida. \u201c\u00c9l estuvo ingresado en Cuba, en el hospital psiqui\u00e1trico de Mazorra, debido a sus problemas de salud mental y su adicci\u00f3n. Creo que los tratamientos que le est\u00e1n dando en la c\u00e1rcel lo han ayudado much\u00edsimo m\u00e1s\u201d, coment\u00f3.<\/p>\n\n\n\n<p>La familia insiste en que sus problemas legales no pueden entenderse sin mirar tambi\u00e9n sus trastornos de salud mental, un tema que suele ser tab\u00fa en la m\u00fasica urbana, pero que aqu\u00ed ocupa un lugar central.<\/p>\n\n\n\n<p>El nuevo representante del reguetonero, Daniel Llorente, confirm\u00f3 que el artista planea un giro en su carrera musical si logra salir en libertad. \u201cComo \u00e9l dice, va a \u2018pegar la Biblia\u2019, haciendo salmos al estilo de su reparto, como \u00e9l lo hace\u201d, explic\u00f3. Seg\u00fan Llorente, el objetivo es mantener su esencia como l\u00edder del g\u00e9nero, pero esta vez con un mensaje cristiano: \u201cVa a seguir siendo el rey, pero esta vez anunciando a Jesucristo\u201d.<\/p>\n\n\n\n<figure class=\"wp-block-embed is-type-video is-provider-youtube wp-block-embed-youtube wp-embed-aspect-16-9 wp-has-aspect-ratio\"><div class=\"wp-block-embed__wrapper\">\n<div class=\"youtube-embed\" data-video_id=\"bj7-1oRD7R0\"><iframe loading=\"lazy\" title=\"Anuncian juicio contra Chocolate MC vinculado al caso de El Taiger\" width=\"696\" height=\"392\" src=\"https:\/\/www.youtube.com\/embed\/bj7-1oRD7R0?feature=oembed&#038;enablejsapi=1\" frameborder=\"0\" allow=\"accelerometer; autoplay; clipboard-write; encrypted-media; gyroscope; picture-in-picture; web-share\" referrerpolicy=\"strict-origin-when-cross-origin\" allowfullscreen><\/iframe><\/div>\n<\/div><\/figure>\n","protected":false},"excerpt":{"rendered":"<p>Chocolate MC enfrenta un proceso judicial en el que se le acusa de amenazar y conspirar para asesinar a Damian Vald\u00e9s Galloso<\/p>\n","protected":false},"author":27,"featured_media":207817,"comment_status":"open","ping_status":"closed","sticky":false,"template":"","format":"standard","meta":{"_acf_changed":false,"footnotes":""},"categories":[443],"tags":[2697,25896,6160],"class_list":{"0":"post-217334","1":"post","2":"type-post","3":"status-publish","4":"format-standard","5":"has-post-thumbnail","7":"category-farandula","8":"tag-chocolate-mc","9":"tag-damian-valdes-galloso","10":"tag-reguetoneros-cubanos"},"acf":[],"yoast_head":"<!-- This site is optimized with the Yoast SEO plugin v27.4 - https:\/\/yoast.com\/product\/yoast-seo-wordpress\/ -->\n<title>\u201c\u00c9l va a pegar la biblia con salmos en reparto\u201d: Chocolate MC dedica una oraci\u00f3n desde la c\u00e1rcel - Cuballama Noticias<\/title>\n<meta name=\"description\" content=\"Chocolate MC enfrenta un proceso judicial en el que se le acusa de amenazar y conspirar para asesinar a Damian Vald\u00e9s Galloso\" \/>\n<meta name=\"robots\" content=\"index, follow, max-snippet:-1, max-image-preview:large, max-video-preview:-1\" \/>\n<link rel=\"canonical\" href=\"https:\/\/www.cuballama.com\/noticias\/el-va-a-pegar-la-biblia-con-salmos-en-reparto-chocolate-mc-dedica-una-oracion-desde-la-carcel\/\" \/>\n<meta property=\"og:locale\" content=\"es_ES\" \/>\n<meta property=\"og:type\" content=\"article\" \/>\n<meta property=\"og:title\" content=\"\u201c\u00c9l va a pegar la biblia con salmos en reparto\u201d: Chocolate MC dedica una oraci\u00f3n desde la c\u00e1rcel - Cuballama Noticias\" \/>\n<meta property=\"og:description\" content=\"Chocolate MC enfrenta un proceso judicial en el que se le acusa de amenazar y conspirar para asesinar a Damian Vald\u00e9s Galloso\" \/>\n<meta property=\"og:url\" content=\"https:\/\/www.cuballama.com\/noticias\/el-va-a-pegar-la-biblia-con-salmos-en-reparto-chocolate-mc-dedica-una-oracion-desde-la-carcel\/\" \/>\n<meta property=\"og:site_name\" content=\"Cuballama Noticias\" \/>\n<meta property=\"article:publisher\" content=\"https:\/\/www.facebook.com\/CubaLlama\" \/>\n<meta property=\"article:published_time\" content=\"2025-08-21T14:59:22+00:00\" \/>\n<meta property=\"article:modified_time\" content=\"2025-08-21T14:59:24+00:00\" \/>\n<meta property=\"og:image\" content=\"https:\/\/cdn1.mediawpaccore.net\/wp-content\/uploads\/2025\/05\/17040718\/Captura-de-pantalla-2025-05-17-a-las-10.07.07.png\" \/>\n\t<meta property=\"og:image:width\" content=\"884\" \/>\n\t<meta property=\"og:image:height\" content=\"528\" \/>\n\t<meta property=\"og:image:type\" content=\"image\/png\" \/>\n<meta name=\"author\" content=\"Rafa\" \/>\n<meta name=\"twitter:card\" content=\"summary_large_image\" \/>\n<meta name=\"twitter:creator\" content=\"@cuballama\" \/>\n<meta name=\"twitter:site\" content=\"@cuballama\" \/>\n<meta name=\"twitter:label1\" content=\"Escrito por\" \/>\n\t<meta name=\"twitter:data1\" content=\"Rafa\" \/>\n\t<meta name=\"twitter:label2\" content=\"Tiempo de lectura\" \/>\n\t<meta name=\"twitter:data2\" content=\"3 minutos\" \/>\n<script type=\"application\/ld+json\" class=\"yoast-schema-graph\">{\"@context\":\"https:\\\/\\\/schema.org\",\"@graph\":[{\"@type\":\"Article\",\"@id\":\"https:\\\/\\\/www.cuballama.com\\\/noticias\\\/el-va-a-pegar-la-biblia-con-salmos-en-reparto-chocolate-mc-dedica-una-oracion-desde-la-carcel\\\/#article\",\"isPartOf\":{\"@id\":\"https:\\\/\\\/www.cuballama.com\\\/noticias\\\/el-va-a-pegar-la-biblia-con-salmos-en-reparto-chocolate-mc-dedica-una-oracion-desde-la-carcel\\\/\"},\"author\":{\"name\":\"Rafa\",\"@id\":\"https:\\\/\\\/www.cuballama.com\\\/noticias\\\/#\\\/schema\\\/person\\\/0f97914526a658755f00e59ec2a832f2\"},\"headline\":\"\u201c\u00c9l va a pegar la biblia con salmos en reparto\u201d: Chocolate MC dedica una oraci\u00f3n desde la c\u00e1rcel\",\"datePublished\":\"2025-08-21T14:59:22+00:00\",\"dateModified\":\"2025-08-21T14:59:24+00:00\",\"mainEntityOfPage\":{\"@id\":\"https:\\\/\\\/www.cuballama.com\\\/noticias\\\/el-va-a-pegar-la-biblia-con-salmos-en-reparto-chocolate-mc-dedica-una-oracion-desde-la-carcel\\\/\"},\"wordCount\":613,\"commentCount\":0,\"publisher\":{\"@id\":\"https:\\\/\\\/www.cuballama.com\\\/noticias\\\/#organization\"},\"image\":{\"@id\":\"https:\\\/\\\/www.cuballama.com\\\/noticias\\\/el-va-a-pegar-la-biblia-con-salmos-en-reparto-chocolate-mc-dedica-una-oracion-desde-la-carcel\\\/#primaryimage\"},\"thumbnailUrl\":\"https:\\\/\\\/cdn1.mediawpaccore.net\\\/wp-content\\\/uploads\\\/2025\\\/05\\\/17040718\\\/Captura-de-pantalla-2025-05-17-a-las-10.07.07.png\",\"keywords\":[\"Chocolate Mc\",\"Dami\u00e1n Vald\u00e9s Galloso\",\"Reguetoneros cubanos\"],\"articleSection\":[\"Far\u00e1ndula\"],\"inLanguage\":\"es\",\"potentialAction\":[{\"@type\":\"CommentAction\",\"name\":\"Comment\",\"target\":[\"https:\\\/\\\/www.cuballama.com\\\/noticias\\\/el-va-a-pegar-la-biblia-con-salmos-en-reparto-chocolate-mc-dedica-una-oracion-desde-la-carcel\\\/#respond\"]}]},{\"@type\":\"WebPage\",\"@id\":\"https:\\\/\\\/www.cuballama.com\\\/noticias\\\/el-va-a-pegar-la-biblia-con-salmos-en-reparto-chocolate-mc-dedica-una-oracion-desde-la-carcel\\\/\",\"url\":\"https:\\\/\\\/www.cuballama.com\\\/noticias\\\/el-va-a-pegar-la-biblia-con-salmos-en-reparto-chocolate-mc-dedica-una-oracion-desde-la-carcel\\\/\",\"name\":\"\u201c\u00c9l va a pegar la biblia con salmos en reparto\u201d: Chocolate MC dedica una oraci\u00f3n desde la c\u00e1rcel - Cuballama Noticias\",\"isPartOf\":{\"@id\":\"https:\\\/\\\/www.cuballama.com\\\/noticias\\\/#website\"},\"primaryImageOfPage\":{\"@id\":\"https:\\\/\\\/www.cuballama.com\\\/noticias\\\/el-va-a-pegar-la-biblia-con-salmos-en-reparto-chocolate-mc-dedica-una-oracion-desde-la-carcel\\\/#primaryimage\"},\"image\":{\"@id\":\"https:\\\/\\\/www.cuballama.com\\\/noticias\\\/el-va-a-pegar-la-biblia-con-salmos-en-reparto-chocolate-mc-dedica-una-oracion-desde-la-carcel\\\/#primaryimage\"},\"thumbnailUrl\":\"https:\\\/\\\/cdn1.mediawpaccore.net\\\/wp-content\\\/uploads\\\/2025\\\/05\\\/17040718\\\/Captura-de-pantalla-2025-05-17-a-las-10.07.07.png\",\"datePublished\":\"2025-08-21T14:59:22+00:00\",\"dateModified\":\"2025-08-21T14:59:24+00:00\",\"description\":\"Chocolate MC enfrenta un proceso judicial en el que se le acusa de amenazar y conspirar para asesinar a Damian Vald\u00e9s Galloso\",\"breadcrumb\":{\"@id\":\"https:\\\/\\\/www.cuballama.com\\\/noticias\\\/el-va-a-pegar-la-biblia-con-salmos-en-reparto-chocolate-mc-dedica-una-oracion-desde-la-carcel\\\/#breadcrumb\"},\"inLanguage\":\"es\",\"potentialAction\":[{\"@type\":\"ReadAction\",\"target\":[\"https:\\\/\\\/www.cuballama.com\\\/noticias\\\/el-va-a-pegar-la-biblia-con-salmos-en-reparto-chocolate-mc-dedica-una-oracion-desde-la-carcel\\\/\"]}]},{\"@type\":\"ImageObject\",\"inLanguage\":\"es\",\"@id\":\"https:\\\/\\\/www.cuballama.com\\\/noticias\\\/el-va-a-pegar-la-biblia-con-salmos-en-reparto-chocolate-mc-dedica-una-oracion-desde-la-carcel\\\/#primaryimage\",\"url\":\"https:\\\/\\\/cdn1.mediawpaccore.net\\\/wp-content\\\/uploads\\\/2025\\\/05\\\/17040718\\\/Captura-de-pantalla-2025-05-17-a-las-10.07.07.png\",\"contentUrl\":\"https:\\\/\\\/cdn1.mediawpaccore.net\\\/wp-content\\\/uploads\\\/2025\\\/05\\\/17040718\\\/Captura-de-pantalla-2025-05-17-a-las-10.07.07.png\",\"width\":884,\"height\":528,\"caption\":\"Foto tomada del perfil de Instagram de Chocolate MC\"},{\"@type\":\"BreadcrumbList\",\"@id\":\"https:\\\/\\\/www.cuballama.com\\\/noticias\\\/el-va-a-pegar-la-biblia-con-salmos-en-reparto-chocolate-mc-dedica-una-oracion-desde-la-carcel\\\/#breadcrumb\",\"itemListElement\":[{\"@type\":\"ListItem\",\"position\":1,\"name\":\"Home\",\"item\":\"https:\\\/\\\/www.cuballama.com\\\/noticias\\\/\"},{\"@type\":\"ListItem\",\"position\":2,\"name\":\"\u201c\u00c9l va a pegar la biblia con salmos en reparto\u201d: Chocolate MC dedica una oraci\u00f3n desde la c\u00e1rcel\"}]},{\"@type\":\"WebSite\",\"@id\":\"https:\\\/\\\/www.cuballama.com\\\/noticias\\\/#website\",\"url\":\"https:\\\/\\\/www.cuballama.com\\\/noticias\\\/\",\"name\":\"Cuballama Noticias\",\"description\":\"Medio digital sobre Cuba y el mundo\",\"publisher\":{\"@id\":\"https:\\\/\\\/www.cuballama.com\\\/noticias\\\/#organization\"},\"potentialAction\":[{\"@type\":\"SearchAction\",\"target\":{\"@type\":\"EntryPoint\",\"urlTemplate\":\"https:\\\/\\\/www.cuballama.com\\\/noticias\\\/?s={search_term_string}\"},\"query-input\":{\"@type\":\"PropertyValueSpecification\",\"valueRequired\":true,\"valueName\":\"search_term_string\"}}],\"inLanguage\":\"es\"},{\"@type\":\"Organization\",\"@id\":\"https:\\\/\\\/www.cuballama.com\\\/noticias\\\/#organization\",\"name\":\"Cuballama\",\"url\":\"https:\\\/\\\/www.cuballama.com\\\/noticias\\\/\",\"logo\":{\"@type\":\"ImageObject\",\"inLanguage\":\"es\",\"@id\":\"https:\\\/\\\/www.cuballama.com\\\/noticias\\\/#\\\/schema\\\/logo\\\/image\\\/\",\"url\":\"https:\\\/\\\/cdn1.mediawpaccore.net\\\/wp-content\\\/uploads\\\/2021\\\/12\\\/28171206\\\/cbll-logo-color-sm.png\",\"contentUrl\":\"https:\\\/\\\/cdn1.mediawpaccore.net\\\/wp-content\\\/uploads\\\/2021\\\/12\\\/28171206\\\/cbll-logo-color-sm.png\",\"width\":600,\"height\":133,\"caption\":\"Cuballama\"},\"image\":{\"@id\":\"https:\\\/\\\/www.cuballama.com\\\/noticias\\\/#\\\/schema\\\/logo\\\/image\\\/\"},\"sameAs\":[\"https:\\\/\\\/www.facebook.com\\\/CubaLlama\",\"https:\\\/\\\/x.com\\\/cuballama\",\"https:\\\/\\\/www.instagram.com\\\/stories\\\/cuballama_oficial\\\/\",\"https:\\\/\\\/www.youtube.com\\\/channel\\\/UCKkFE-d_axENGZcrc4as0IA\"]},{\"@type\":\"Person\",\"@id\":\"https:\\\/\\\/www.cuballama.com\\\/noticias\\\/#\\\/schema\\\/person\\\/0f97914526a658755f00e59ec2a832f2\",\"name\":\"Rafa\",\"url\":\"https:\\\/\\\/www.cuballama.com\\\/noticias\\\/author\\\/rafa\\\/\"}]}<\/script>\n<!-- \/ Yoast SEO plugin. -->","yoast_head_json":{"title":"\u201c\u00c9l va a pegar la biblia con salmos en reparto\u201d: Chocolate MC dedica una oraci\u00f3n desde la c\u00e1rcel - Cuballama Noticias","description":"Chocolate MC enfrenta un proceso judicial en el que se le acusa de amenazar y conspirar para asesinar a Damian Vald\u00e9s Galloso","robots":{"index":"index","follow":"follow","max-snippet":"max-snippet:-1","max-image-preview":"max-image-preview:large","max-video-preview":"max-video-preview:-1"},"canonical":"https:\/\/www.cuballama.com\/noticias\/el-va-a-pegar-la-biblia-con-salmos-en-reparto-chocolate-mc-dedica-una-oracion-desde-la-carcel\/","og_locale":"es_ES","og_type":"article","og_title":"\u201c\u00c9l va a pegar la biblia con salmos en reparto\u201d: Chocolate MC dedica una oraci\u00f3n desde la c\u00e1rcel - Cuballama Noticias","og_description":"Chocolate MC enfrenta un proceso judicial en el que se le acusa de amenazar y conspirar para asesinar a Damian Vald\u00e9s Galloso","og_url":"https:\/\/www.cuballama.com\/noticias\/el-va-a-pegar-la-biblia-con-salmos-en-reparto-chocolate-mc-dedica-una-oracion-desde-la-carcel\/","og_site_name":"Cuballama Noticias","article_publisher":"https:\/\/www.facebook.com\/CubaLlama","article_published_time":"2025-08-21T14:59:22+00:00","article_modified_time":"2025-08-21T14:59:24+00:00","og_image":[{"width":884,"height":528,"url":"https:\/\/cdn1.mediawpaccore.net\/wp-content\/uploads\/2025\/05\/17040718\/Captura-de-pantalla-2025-05-17-a-las-10.07.07.png","type":"image\/png"}],"author":"Rafa","twitter_card":"summary_large_image","twitter_creator":"@cuballama","twitter_site":"@cuballama","twitter_misc":{"Escrito por":"Rafa","Tiempo de lectura":"3 minutos"},"schema":{"@context":"https:\/\/schema.org","@graph":[{"@type":"Article","@id":"https:\/\/www.cuballama.com\/noticias\/el-va-a-pegar-la-biblia-con-salmos-en-reparto-chocolate-mc-dedica-una-oracion-desde-la-carcel\/#article","isPartOf":{"@id":"https:\/\/www.cuballama.com\/noticias\/el-va-a-pegar-la-biblia-con-salmos-en-reparto-chocolate-mc-dedica-una-oracion-desde-la-carcel\/"},"author":{"name":"Rafa","@id":"https:\/\/www.cuballama.com\/noticias\/#\/schema\/person\/0f97914526a658755f00e59ec2a832f2"},"headline":"\u201c\u00c9l va a pegar la biblia con salmos en reparto\u201d: Chocolate MC dedica una oraci\u00f3n desde la c\u00e1rcel","datePublished":"2025-08-21T14:59:22+00:00","dateModified":"2025-08-21T14:59:24+00:00","mainEntityOfPage":{"@id":"https:\/\/www.cuballama.com\/noticias\/el-va-a-pegar-la-biblia-con-salmos-en-reparto-chocolate-mc-dedica-una-oracion-desde-la-carcel\/"},"wordCount":613,"commentCount":0,"publisher":{"@id":"https:\/\/www.cuballama.com\/noticias\/#organization"},"image":{"@id":"https:\/\/www.cuballama.com\/noticias\/el-va-a-pegar-la-biblia-con-salmos-en-reparto-chocolate-mc-dedica-una-oracion-desde-la-carcel\/#primaryimage"},"thumbnailUrl":"https:\/\/cdn1.mediawpaccore.net\/wp-content\/uploads\/2025\/05\/17040718\/Captura-de-pantalla-2025-05-17-a-las-10.07.07.png","keywords":["Chocolate Mc","Dami\u00e1n Vald\u00e9s Galloso","Reguetoneros cubanos"],"articleSection":["Far\u00e1ndula"],"inLanguage":"es","potentialAction":[{"@type":"CommentAction","name":"Comment","target":["https:\/\/www.cuballama.com\/noticias\/el-va-a-pegar-la-biblia-con-salmos-en-reparto-chocolate-mc-dedica-una-oracion-desde-la-carcel\/#respond"]}]},{"@type":"WebPage","@id":"https:\/\/www.cuballama.com\/noticias\/el-va-a-pegar-la-biblia-con-salmos-en-reparto-chocolate-mc-dedica-una-oracion-desde-la-carcel\/","url":"https:\/\/www.cuballama.com\/noticias\/el-va-a-pegar-la-biblia-con-salmos-en-reparto-chocolate-mc-dedica-una-oracion-desde-la-carcel\/","name":"\u201c\u00c9l va a pegar la biblia con salmos en reparto\u201d: Chocolate MC dedica una oraci\u00f3n desde la c\u00e1rcel - Cuballama Noticias","isPartOf":{"@id":"https:\/\/www.cuballama.com\/noticias\/#website"},"primaryImageOfPage":{"@id":"https:\/\/www.cuballama.com\/noticias\/el-va-a-pegar-la-biblia-con-salmos-en-reparto-chocolate-mc-dedica-una-oracion-desde-la-carcel\/#primaryimage"},"image":{"@id":"https:\/\/www.cuballama.com\/noticias\/el-va-a-pegar-la-biblia-con-salmos-en-reparto-chocolate-mc-dedica-una-oracion-desde-la-carcel\/#primaryimage"},"thumbnailUrl":"https:\/\/cdn1.mediawpaccore.net\/wp-content\/uploads\/2025\/05\/17040718\/Captura-de-pantalla-2025-05-17-a-las-10.07.07.png","datePublished":"2025-08-21T14:59:22+00:00","dateModified":"2025-08-21T14:59:24+00:00","description":"Chocolate MC enfrenta un proceso judicial en el que se le acusa de amenazar y conspirar para asesinar a Damian Vald\u00e9s Galloso","breadcrumb":{"@id":"https:\/\/www.cuballama.com\/noticias\/el-va-a-pegar-la-biblia-con-salmos-en-reparto-chocolate-mc-dedica-una-oracion-desde-la-carcel\/#breadcrumb"},"inLanguage":"es","potentialAction":[{"@type":"ReadAction","target":["https:\/\/www.cuballama.com\/noticias\/el-va-a-pegar-la-biblia-con-salmos-en-reparto-chocolate-mc-dedica-una-oracion-desde-la-carcel\/"]}]},{"@type":"ImageObject","inLanguage":"es","@id":"https:\/\/www.cuballama.com\/noticias\/el-va-a-pegar-la-biblia-con-salmos-en-reparto-chocolate-mc-dedica-una-oracion-desde-la-carcel\/#primaryimage","url":"https:\/\/cdn1.mediawpaccore.net\/wp-content\/uploads\/2025\/05\/17040718\/Captura-de-pantalla-2025-05-17-a-las-10.07.07.png","contentUrl":"https:\/\/cdn1.mediawpaccore.net\/wp-content\/uploads\/2025\/05\/17040718\/Captura-de-pantalla-2025-05-17-a-las-10.07.07.png","width":884,"height":528,"caption":"Foto tomada del perfil de Instagram de Chocolate MC"},{"@type":"BreadcrumbList","@id":"https:\/\/www.cuballama.com\/noticias\/el-va-a-pegar-la-biblia-con-salmos-en-reparto-chocolate-mc-dedica-una-oracion-desde-la-carcel\/#breadcrumb","itemListElement":[{"@type":"ListItem","position":1,"name":"Home","item":"https:\/\/www.cuballama.com\/noticias\/"},{"@type":"ListItem","position":2,"name":"\u201c\u00c9l va a pegar la biblia con salmos en reparto\u201d: Chocolate MC dedica una oraci\u00f3n desde la c\u00e1rcel"}]},{"@type":"WebSite","@id":"https:\/\/www.cuballama.com\/noticias\/#website","url":"https:\/\/www.cuballama.com\/noticias\/","name":"Cuballama Noticias","description":"Medio digital sobre Cuba y el mundo","publisher":{"@id":"https:\/\/www.cuballama.com\/noticias\/#organization"},"potentialAction":[{"@type":"SearchAction","target":{"@type":"EntryPoint","urlTemplate":"https:\/\/www.cuballama.com\/noticias\/?s={search_term_string}"},"query-input":{"@type":"PropertyValueSpecification","valueRequired":true,"valueName":"search_term_string"}}],"inLanguage":"es"},{"@type":"Organization","@id":"https:\/\/www.cuballama.com\/noticias\/#organization","name":"Cuballama","url":"https:\/\/www.cuballama.com\/noticias\/","logo":{"@type":"ImageObject","inLanguage":"es","@id":"https:\/\/www.cuballama.com\/noticias\/#\/schema\/logo\/image\/","url":"https:\/\/cdn1.mediawpaccore.net\/wp-content\/uploads\/2021\/12\/28171206\/cbll-logo-color-sm.png","contentUrl":"https:\/\/cdn1.mediawpaccore.net\/wp-content\/uploads\/2021\/12\/28171206\/cbll-logo-color-sm.png","width":600,"height":133,"caption":"Cuballama"},"image":{"@id":"https:\/\/www.cuballama.com\/noticias\/#\/schema\/logo\/image\/"},"sameAs":["https:\/\/www.facebook.com\/CubaLlama","https:\/\/x.com\/cuballama","https:\/\/www.instagram.com\/stories\/cuballama_oficial\/","https:\/\/www.youtube.com\/channel\/UCKkFE-d_axENGZcrc4as0IA"]},{"@type":"Person","@id":"https:\/\/www.cuballama.com\/noticias\/#\/schema\/person\/0f97914526a658755f00e59ec2a832f2","name":"Rafa","url":"https:\/\/www.cuballama.com\/noticias\/author\/rafa\/"}]}},"_links":{"self":[{"href":"https:\/\/www.cuballama.com\/noticias\/wp-json\/wp\/v2\/posts\/217334","targetHints":{"allow":["GET"]}}],"collection":[{"href":"https:\/\/www.cuballama.com\/noticias\/wp-json\/wp\/v2\/posts"}],"about":[{"href":"https:\/\/www.cuballama.com\/noticias\/wp-json\/wp\/v2\/types\/post"}],"author":[{"embeddable":true,"href":"https:\/\/www.cuballama.com\/noticias\/wp-json\/wp\/v2\/users\/27"}],"replies":[{"embeddable":true,"href":"https:\/\/www.cuballama.com\/noticias\/wp-json\/wp\/v2\/comments?post=217334"}],"version-history":[{"count":1,"href":"https:\/\/www.cuballama.com\/noticias\/wp-json\/wp\/v2\/posts\/217334\/revisions"}],"predecessor-version":[{"id":217348,"href":"https:\/\/www.cuballama.com\/noticias\/wp-json\/wp\/v2\/posts\/217334\/revisions\/217348"}],"wp:featuredmedia":[{"embeddable":true,"href":"https:\/\/www.cuballama.com\/noticias\/wp-json\/wp\/v2\/media\/207817"}],"wp:attachment":[{"href":"https:\/\/www.cuballama.com\/noticias\/wp-json\/wp\/v2\/media?parent=217334"}],"wp:term":[{"taxonomy":"category","embeddable":true,"href":"https:\/\/www.cuballama.com\/noticias\/wp-json\/wp\/v2\/categories?post=217334"},{"taxonomy":"post_tag","embeddable":true,"href":"https:\/\/www.cuballama.com\/noticias\/wp-json\/wp\/v2\/tags?post=217334"}],"curies":[{"name":"wp","href":"https:\/\/api.w.org\/{rel}","templated":true}]}}