{"id":217239,"date":"2025-08-20T17:53:41","date_gmt":"2025-08-20T21:53:41","guid":{"rendered":"https:\/\/www.cuballama.com\/noticias\/?p=217239"},"modified":"2025-08-20T17:54:58","modified_gmt":"2025-08-20T21:54:58","slug":"muere-otro-joven-cubano-en-el-servicio-militar-obligatorio","status":"publish","type":"post","link":"https:\/\/www.cuballama.com\/noticias\/muere-otro-joven-cubano-en-el-servicio-militar-obligatorio\/","title":{"rendered":"Muere otro joven cubano en el Servicio Militar Obligatorio"},"content":{"rendered":"\n<p>El joven Antonio Rassi, de 18 a\u00f1os, quien cursaba el Servicio Militar Obligatorio, falleci\u00f3 el pasado 18 de agosto de 2025 en la Unidad Militar El Calvario producto de una autolesi\u00f3n. <\/p>\n\n\n\n<p>La noticia la confirm\u00f3 el portal <a href=\"https:\/\/www.cubanet.org\/muere-joven-cubano-durante-el-servicio-militar-obligatorio\/\" target=\"_blank\" rel=\"noreferrer noopener\">Cubanet <\/a>a trav\u00e9s del padre de otro recluta que se encontraba junto a Rassi.<\/p>\n\n\n\n<p>\u201cLa \u00faltima semana Antonio no se ba\u00f1aba. Le requer\u00edan pero andaba mal oliente. Era notable q se estaba descomponiendo su salud mental. Nadie observa esto y muchos chicos hace rechazo enorme al Servicio Militar Obligatorio. Y lo peor, le dan un arma sin estar apto ni analizar su situaci\u00f3n psicol\u00f3gica\u201d, explic\u00f3 la fuente.<\/p>\n\n\n\n<figure class=\"wp-block-image size-full\"><img loading=\"lazy\" decoding=\"async\" width=\"752\" height=\"378\" src=\"https:\/\/cdn1.mediawpaccore.net\/wp-content\/uploads\/2025\/08\/20175406\/joven-servicio-militar.webp\" alt=\"\" class=\"wp-image-217242\" srcset=\"https:\/\/cdn1.mediawpaccore.net\/wp-content\/uploads\/2025\/08\/20175406\/joven-servicio-militar.webp 752w, https:\/\/cdn1.mediawpaccore.net\/wp-content\/uploads\/2025\/08\/20175406\/joven-servicio-militar-300x151.webp 300w, https:\/\/cdn1.mediawpaccore.net\/wp-content\/uploads\/2025\/08\/20175406\/joven-servicio-militar-150x75.webp 150w, https:\/\/cdn1.mediawpaccore.net\/wp-content\/uploads\/2025\/08\/20175406\/joven-servicio-militar-696x350.webp 696w\" sizes=\"auto, (max-width: 752px) 100vw, 752px\" \/><\/figure>\n\n\n\n<p>Foto: Facebook del joven<\/p>\n\n\n\n<p>La t\u00eda del joven, Maribel Hern\u00e1ndez, dijo en redes sociales que la familia velaba el cuerpo en la funeraria de Infanta, conocida popularmente como \u201cLa Nacional\u201d. A\u00f1adi\u00f3 que hasta el momento desconoc\u00edan la causa del fallecimiento. <\/p>\n\n\n\n<p>\u201cHoy mismo estamos velando a mi sobrino en la funeraria de Infanta, LA NACIONAL, nombrado Antonio Rassi, que entr\u00f3 en este llamado al servicio militar y todav\u00eda no sabemos la causa. Ten\u00eda solamente 18 a\u00f1itos\u201d, se\u00f1al\u00f3-<\/p>\n\n\n\n<p>Cubanet record\u00f3 que solo durante este a\u00f1o han muerto al menos 15 j\u00f3venes en el SMO, seg\u00fan ha documentado Cubalex. \u00abLos casos reportados incluyen accidentes en el Cuerpo de Prevenci\u00f3n, negligencias m\u00e9dicas, disparos, autolesiones\u00bb. indic\u00f3 el medio.<\/p>\n\n\n\n<p>El SMO ha sido duramente criticado por las familias de los reclutas que lo consideran como un peligro para la vida de los soldados y un quiebre en su formaci\u00f3n pero el gobierno ha hecho silencio sobre estas muertes y sigue promoviendo el ingreso obligatorio a las Fuerzas Armadas Revolucionarios de los j\u00f3venes que terminan distintos niveles de ense\u00f1anza.<\/p>\n\n\n\n<p><\/p>\n\n\n\n<p><\/p>\n","protected":false},"excerpt":{"rendered":"<p>La t\u00eda del joven, Maribel Hern\u00e1ndez, dijo en redes sociales que la familia velaba el cuerpo en la funeraria de Infanta, conocida popularmente como \u201cLa Nacional\u201d. A\u00f1adi\u00f3 que hasta el momento desconoc\u00edan la causa del fallecimiento.<\/p>\n","protected":false},"author":24,"featured_media":194788,"comment_status":"open","ping_status":"closed","sticky":false,"template":"","format":"standard","meta":{"_acf_changed":false,"footnotes":""},"categories":[18,955],"tags":[10867,92,941,25715],"class_list":{"0":"post-217239","1":"post","2":"type-post","3":"status-publish","4":"format-standard","5":"has-post-thumbnail","7":"category-noticias","8":"category-noticias-de-cuba","9":"tag-crisis-en-cuba","10":"tag-cubanos","11":"tag-destacado","12":"tag-servicio-militar-en-cuba"},"acf":[],"yoast_head":"<!-- This site is optimized with the Yoast SEO plugin v27.5 - https:\/\/yoast.com\/product\/yoast-seo-wordpress\/ -->\n<title>Muere otro joven cubano en el Servicio Militar Obligatorio - Cuballama Noticias<\/title>\n<meta name=\"description\" content=\"El joven Antonio Rassi, de 18 a\u00f1os, quien cursaba el Servicio Militar Obligatorio, falleci\u00f3 el pasado 18 de agosto de 2025-\" \/>\n<meta name=\"robots\" content=\"index, follow, max-snippet:-1, max-image-preview:large, max-video-preview:-1\" \/>\n<link rel=\"canonical\" href=\"https:\/\/www.cuballama.com\/noticias\/muere-otro-joven-cubano-en-el-servicio-militar-obligatorio\/\" \/>\n<meta property=\"og:locale\" content=\"es_ES\" \/>\n<meta property=\"og:type\" content=\"article\" \/>\n<meta property=\"og:title\" content=\"Muere otro joven cubano en el Servicio Militar Obligatorio - Cuballama Noticias\" \/>\n<meta property=\"og:description\" content=\"El joven Antonio Rassi, de 18 a\u00f1os, quien cursaba el Servicio Militar Obligatorio, falleci\u00f3 el pasado 18 de agosto de 2025-\" \/>\n<meta property=\"og:url\" content=\"https:\/\/www.cuballama.com\/noticias\/muere-otro-joven-cubano-en-el-servicio-militar-obligatorio\/\" \/>\n<meta property=\"og:site_name\" content=\"Cuballama Noticias\" \/>\n<meta property=\"article:publisher\" content=\"https:\/\/www.facebook.com\/CubaLlama\" \/>\n<meta property=\"article:published_time\" content=\"2025-08-20T21:53:41+00:00\" \/>\n<meta property=\"article:modified_time\" content=\"2025-08-20T21:54:58+00:00\" \/>\n<meta property=\"og:image\" content=\"https:\/\/cdn1.mediawpaccore.net\/wp-content\/uploads\/2025\/01\/07123647\/470228871_574556198649197_325496294026648988_n1.jpg\" \/>\n\t<meta property=\"og:image:width\" content=\"1200\" \/>\n\t<meta property=\"og:image:height\" content=\"630\" \/>\n\t<meta property=\"og:image:type\" content=\"image\/jpeg\" \/>\n<meta name=\"author\" content=\"Manu\" \/>\n<meta name=\"twitter:card\" content=\"summary_large_image\" \/>\n<meta name=\"twitter:creator\" content=\"@cuballama\" \/>\n<meta name=\"twitter:site\" content=\"@cuballama\" \/>\n<meta name=\"twitter:label1\" content=\"Escrito por\" \/>\n\t<meta name=\"twitter:data1\" content=\"Manu\" \/>\n\t<meta name=\"twitter:label2\" content=\"Tiempo de lectura\" \/>\n\t<meta name=\"twitter:data2\" content=\"2 minutos\" \/>\n<script type=\"application\/ld+json\" class=\"yoast-schema-graph\">{\"@context\":\"https:\\\/\\\/schema.org\",\"@graph\":[{\"@type\":\"Article\",\"@id\":\"https:\\\/\\\/www.cuballama.com\\\/noticias\\\/muere-otro-joven-cubano-en-el-servicio-militar-obligatorio\\\/#article\",\"isPartOf\":{\"@id\":\"https:\\\/\\\/www.cuballama.com\\\/noticias\\\/muere-otro-joven-cubano-en-el-servicio-militar-obligatorio\\\/\"},\"author\":{\"name\":\"Manu\",\"@id\":\"https:\\\/\\\/www.cuballama.com\\\/noticias\\\/#\\\/schema\\\/person\\\/5889f7d070564f8386e7944d14d436cd\"},\"headline\":\"Muere otro joven cubano en el Servicio Militar Obligatorio\",\"datePublished\":\"2025-08-20T21:53:41+00:00\",\"dateModified\":\"2025-08-20T21:54:58+00:00\",\"mainEntityOfPage\":{\"@id\":\"https:\\\/\\\/www.cuballama.com\\\/noticias\\\/muere-otro-joven-cubano-en-el-servicio-militar-obligatorio\\\/\"},\"wordCount\":304,\"commentCount\":0,\"publisher\":{\"@id\":\"https:\\\/\\\/www.cuballama.com\\\/noticias\\\/#organization\"},\"image\":{\"@id\":\"https:\\\/\\\/www.cuballama.com\\\/noticias\\\/muere-otro-joven-cubano-en-el-servicio-militar-obligatorio\\\/#primaryimage\"},\"thumbnailUrl\":\"https:\\\/\\\/cdn1.mediawpaccore.net\\\/wp-content\\\/uploads\\\/2025\\\/01\\\/07123647\\\/470228871_574556198649197_325496294026648988_n1.jpg\",\"keywords\":[\"Crisis en Cuba\",\"cubanos\",\"destacado\",\"Servicio Militar en Cuba\"],\"articleSection\":[\"Noticias\",\"Noticias de Cuba\"],\"inLanguage\":\"es\",\"potentialAction\":[{\"@type\":\"CommentAction\",\"name\":\"Comment\",\"target\":[\"https:\\\/\\\/www.cuballama.com\\\/noticias\\\/muere-otro-joven-cubano-en-el-servicio-militar-obligatorio\\\/#respond\"]}]},{\"@type\":\"WebPage\",\"@id\":\"https:\\\/\\\/www.cuballama.com\\\/noticias\\\/muere-otro-joven-cubano-en-el-servicio-militar-obligatorio\\\/\",\"url\":\"https:\\\/\\\/www.cuballama.com\\\/noticias\\\/muere-otro-joven-cubano-en-el-servicio-militar-obligatorio\\\/\",\"name\":\"Muere otro joven cubano en el Servicio Militar Obligatorio - Cuballama Noticias\",\"isPartOf\":{\"@id\":\"https:\\\/\\\/www.cuballama.com\\\/noticias\\\/#website\"},\"primaryImageOfPage\":{\"@id\":\"https:\\\/\\\/www.cuballama.com\\\/noticias\\\/muere-otro-joven-cubano-en-el-servicio-militar-obligatorio\\\/#primaryimage\"},\"image\":{\"@id\":\"https:\\\/\\\/www.cuballama.com\\\/noticias\\\/muere-otro-joven-cubano-en-el-servicio-militar-obligatorio\\\/#primaryimage\"},\"thumbnailUrl\":\"https:\\\/\\\/cdn1.mediawpaccore.net\\\/wp-content\\\/uploads\\\/2025\\\/01\\\/07123647\\\/470228871_574556198649197_325496294026648988_n1.jpg\",\"datePublished\":\"2025-08-20T21:53:41+00:00\",\"dateModified\":\"2025-08-20T21:54:58+00:00\",\"description\":\"El joven Antonio Rassi, de 18 a\u00f1os, quien cursaba el Servicio Militar Obligatorio, falleci\u00f3 el pasado 18 de agosto de 2025-\",\"breadcrumb\":{\"@id\":\"https:\\\/\\\/www.cuballama.com\\\/noticias\\\/muere-otro-joven-cubano-en-el-servicio-militar-obligatorio\\\/#breadcrumb\"},\"inLanguage\":\"es\",\"potentialAction\":[{\"@type\":\"ReadAction\",\"target\":[\"https:\\\/\\\/www.cuballama.com\\\/noticias\\\/muere-otro-joven-cubano-en-el-servicio-militar-obligatorio\\\/\"]}]},{\"@type\":\"ImageObject\",\"inLanguage\":\"es\",\"@id\":\"https:\\\/\\\/www.cuballama.com\\\/noticias\\\/muere-otro-joven-cubano-en-el-servicio-militar-obligatorio\\\/#primaryimage\",\"url\":\"https:\\\/\\\/cdn1.mediawpaccore.net\\\/wp-content\\\/uploads\\\/2025\\\/01\\\/07123647\\\/470228871_574556198649197_325496294026648988_n1.jpg\",\"contentUrl\":\"https:\\\/\\\/cdn1.mediawpaccore.net\\\/wp-content\\\/uploads\\\/2025\\\/01\\\/07123647\\\/470228871_574556198649197_325496294026648988_n1.jpg\",\"width\":1200,\"height\":630,\"caption\":\"Soldados del Minfar. Foto: Imagen de referencia\\\/Facebook\\\/Minfar Cuba.\"},{\"@type\":\"BreadcrumbList\",\"@id\":\"https:\\\/\\\/www.cuballama.com\\\/noticias\\\/muere-otro-joven-cubano-en-el-servicio-militar-obligatorio\\\/#breadcrumb\",\"itemListElement\":[{\"@type\":\"ListItem\",\"position\":1,\"name\":\"Home\",\"item\":\"https:\\\/\\\/www.cuballama.com\\\/noticias\\\/\"},{\"@type\":\"ListItem\",\"position\":2,\"name\":\"Muere otro joven cubano en el Servicio Militar Obligatorio\"}]},{\"@type\":\"WebSite\",\"@id\":\"https:\\\/\\\/www.cuballama.com\\\/noticias\\\/#website\",\"url\":\"https:\\\/\\\/www.cuballama.com\\\/noticias\\\/\",\"name\":\"Cuballama Noticias\",\"description\":\"Medio digital sobre Cuba y el mundo\",\"publisher\":{\"@id\":\"https:\\\/\\\/www.cuballama.com\\\/noticias\\\/#organization\"},\"potentialAction\":[{\"@type\":\"SearchAction\",\"target\":{\"@type\":\"EntryPoint\",\"urlTemplate\":\"https:\\\/\\\/www.cuballama.com\\\/noticias\\\/?s={search_term_string}\"},\"query-input\":{\"@type\":\"PropertyValueSpecification\",\"valueRequired\":true,\"valueName\":\"search_term_string\"}}],\"inLanguage\":\"es\"},{\"@type\":\"Organization\",\"@id\":\"https:\\\/\\\/www.cuballama.com\\\/noticias\\\/#organization\",\"name\":\"Cuballama\",\"url\":\"https:\\\/\\\/www.cuballama.com\\\/noticias\\\/\",\"logo\":{\"@type\":\"ImageObject\",\"inLanguage\":\"es\",\"@id\":\"https:\\\/\\\/www.cuballama.com\\\/noticias\\\/#\\\/schema\\\/logo\\\/image\\\/\",\"url\":\"https:\\\/\\\/cdn1.mediawpaccore.net\\\/wp-content\\\/uploads\\\/2021\\\/12\\\/28171206\\\/cbll-logo-color-sm.png\",\"contentUrl\":\"https:\\\/\\\/cdn1.mediawpaccore.net\\\/wp-content\\\/uploads\\\/2021\\\/12\\\/28171206\\\/cbll-logo-color-sm.png\",\"width\":600,\"height\":133,\"caption\":\"Cuballama\"},\"image\":{\"@id\":\"https:\\\/\\\/www.cuballama.com\\\/noticias\\\/#\\\/schema\\\/logo\\\/image\\\/\"},\"sameAs\":[\"https:\\\/\\\/www.facebook.com\\\/CubaLlama\",\"https:\\\/\\\/x.com\\\/cuballama\",\"https:\\\/\\\/www.instagram.com\\\/stories\\\/cuballama_oficial\\\/\",\"https:\\\/\\\/www.youtube.com\\\/channel\\\/UCKkFE-d_axENGZcrc4as0IA\"]},{\"@type\":\"Person\",\"@id\":\"https:\\\/\\\/www.cuballama.com\\\/noticias\\\/#\\\/schema\\\/person\\\/5889f7d070564f8386e7944d14d436cd\",\"name\":\"Manu\",\"url\":\"https:\\\/\\\/www.cuballama.com\\\/noticias\\\/author\\\/manu\\\/\"}]}<\/script>\n<!-- \/ Yoast SEO plugin. -->","yoast_head_json":{"title":"Muere otro joven cubano en el Servicio Militar Obligatorio - Cuballama Noticias","description":"El joven Antonio Rassi, de 18 a\u00f1os, quien cursaba el Servicio Militar Obligatorio, falleci\u00f3 el pasado 18 de agosto de 2025-","robots":{"index":"index","follow":"follow","max-snippet":"max-snippet:-1","max-image-preview":"max-image-preview:large","max-video-preview":"max-video-preview:-1"},"canonical":"https:\/\/www.cuballama.com\/noticias\/muere-otro-joven-cubano-en-el-servicio-militar-obligatorio\/","og_locale":"es_ES","og_type":"article","og_title":"Muere otro joven cubano en el Servicio Militar Obligatorio - Cuballama Noticias","og_description":"El joven Antonio Rassi, de 18 a\u00f1os, quien cursaba el Servicio Militar Obligatorio, falleci\u00f3 el pasado 18 de agosto de 2025-","og_url":"https:\/\/www.cuballama.com\/noticias\/muere-otro-joven-cubano-en-el-servicio-militar-obligatorio\/","og_site_name":"Cuballama Noticias","article_publisher":"https:\/\/www.facebook.com\/CubaLlama","article_published_time":"2025-08-20T21:53:41+00:00","article_modified_time":"2025-08-20T21:54:58+00:00","og_image":[{"width":1200,"height":630,"url":"https:\/\/cdn1.mediawpaccore.net\/wp-content\/uploads\/2025\/01\/07123647\/470228871_574556198649197_325496294026648988_n1.jpg","type":"image\/jpeg"}],"author":"Manu","twitter_card":"summary_large_image","twitter_creator":"@cuballama","twitter_site":"@cuballama","twitter_misc":{"Escrito por":"Manu","Tiempo de lectura":"2 minutos"},"schema":{"@context":"https:\/\/schema.org","@graph":[{"@type":"Article","@id":"https:\/\/www.cuballama.com\/noticias\/muere-otro-joven-cubano-en-el-servicio-militar-obligatorio\/#article","isPartOf":{"@id":"https:\/\/www.cuballama.com\/noticias\/muere-otro-joven-cubano-en-el-servicio-militar-obligatorio\/"},"author":{"name":"Manu","@id":"https:\/\/www.cuballama.com\/noticias\/#\/schema\/person\/5889f7d070564f8386e7944d14d436cd"},"headline":"Muere otro joven cubano en el Servicio Militar Obligatorio","datePublished":"2025-08-20T21:53:41+00:00","dateModified":"2025-08-20T21:54:58+00:00","mainEntityOfPage":{"@id":"https:\/\/www.cuballama.com\/noticias\/muere-otro-joven-cubano-en-el-servicio-militar-obligatorio\/"},"wordCount":304,"commentCount":0,"publisher":{"@id":"https:\/\/www.cuballama.com\/noticias\/#organization"},"image":{"@id":"https:\/\/www.cuballama.com\/noticias\/muere-otro-joven-cubano-en-el-servicio-militar-obligatorio\/#primaryimage"},"thumbnailUrl":"https:\/\/cdn1.mediawpaccore.net\/wp-content\/uploads\/2025\/01\/07123647\/470228871_574556198649197_325496294026648988_n1.jpg","keywords":["Crisis en Cuba","cubanos","destacado","Servicio Militar en Cuba"],"articleSection":["Noticias","Noticias de Cuba"],"inLanguage":"es","potentialAction":[{"@type":"CommentAction","name":"Comment","target":["https:\/\/www.cuballama.com\/noticias\/muere-otro-joven-cubano-en-el-servicio-militar-obligatorio\/#respond"]}]},{"@type":"WebPage","@id":"https:\/\/www.cuballama.com\/noticias\/muere-otro-joven-cubano-en-el-servicio-militar-obligatorio\/","url":"https:\/\/www.cuballama.com\/noticias\/muere-otro-joven-cubano-en-el-servicio-militar-obligatorio\/","name":"Muere otro joven cubano en el Servicio Militar Obligatorio - Cuballama Noticias","isPartOf":{"@id":"https:\/\/www.cuballama.com\/noticias\/#website"},"primaryImageOfPage":{"@id":"https:\/\/www.cuballama.com\/noticias\/muere-otro-joven-cubano-en-el-servicio-militar-obligatorio\/#primaryimage"},"image":{"@id":"https:\/\/www.cuballama.com\/noticias\/muere-otro-joven-cubano-en-el-servicio-militar-obligatorio\/#primaryimage"},"thumbnailUrl":"https:\/\/cdn1.mediawpaccore.net\/wp-content\/uploads\/2025\/01\/07123647\/470228871_574556198649197_325496294026648988_n1.jpg","datePublished":"2025-08-20T21:53:41+00:00","dateModified":"2025-08-20T21:54:58+00:00","description":"El joven Antonio Rassi, de 18 a\u00f1os, quien cursaba el Servicio Militar Obligatorio, falleci\u00f3 el pasado 18 de agosto de 2025-","breadcrumb":{"@id":"https:\/\/www.cuballama.com\/noticias\/muere-otro-joven-cubano-en-el-servicio-militar-obligatorio\/#breadcrumb"},"inLanguage":"es","potentialAction":[{"@type":"ReadAction","target":["https:\/\/www.cuballama.com\/noticias\/muere-otro-joven-cubano-en-el-servicio-militar-obligatorio\/"]}]},{"@type":"ImageObject","inLanguage":"es","@id":"https:\/\/www.cuballama.com\/noticias\/muere-otro-joven-cubano-en-el-servicio-militar-obligatorio\/#primaryimage","url":"https:\/\/cdn1.mediawpaccore.net\/wp-content\/uploads\/2025\/01\/07123647\/470228871_574556198649197_325496294026648988_n1.jpg","contentUrl":"https:\/\/cdn1.mediawpaccore.net\/wp-content\/uploads\/2025\/01\/07123647\/470228871_574556198649197_325496294026648988_n1.jpg","width":1200,"height":630,"caption":"Soldados del Minfar. Foto: Imagen de referencia\/Facebook\/Minfar Cuba."},{"@type":"BreadcrumbList","@id":"https:\/\/www.cuballama.com\/noticias\/muere-otro-joven-cubano-en-el-servicio-militar-obligatorio\/#breadcrumb","itemListElement":[{"@type":"ListItem","position":1,"name":"Home","item":"https:\/\/www.cuballama.com\/noticias\/"},{"@type":"ListItem","position":2,"name":"Muere otro joven cubano en el Servicio Militar Obligatorio"}]},{"@type":"WebSite","@id":"https:\/\/www.cuballama.com\/noticias\/#website","url":"https:\/\/www.cuballama.com\/noticias\/","name":"Cuballama Noticias","description":"Medio digital sobre Cuba y el mundo","publisher":{"@id":"https:\/\/www.cuballama.com\/noticias\/#organization"},"potentialAction":[{"@type":"SearchAction","target":{"@type":"EntryPoint","urlTemplate":"https:\/\/www.cuballama.com\/noticias\/?s={search_term_string}"},"query-input":{"@type":"PropertyValueSpecification","valueRequired":true,"valueName":"search_term_string"}}],"inLanguage":"es"},{"@type":"Organization","@id":"https:\/\/www.cuballama.com\/noticias\/#organization","name":"Cuballama","url":"https:\/\/www.cuballama.com\/noticias\/","logo":{"@type":"ImageObject","inLanguage":"es","@id":"https:\/\/www.cuballama.com\/noticias\/#\/schema\/logo\/image\/","url":"https:\/\/cdn1.mediawpaccore.net\/wp-content\/uploads\/2021\/12\/28171206\/cbll-logo-color-sm.png","contentUrl":"https:\/\/cdn1.mediawpaccore.net\/wp-content\/uploads\/2021\/12\/28171206\/cbll-logo-color-sm.png","width":600,"height":133,"caption":"Cuballama"},"image":{"@id":"https:\/\/www.cuballama.com\/noticias\/#\/schema\/logo\/image\/"},"sameAs":["https:\/\/www.facebook.com\/CubaLlama","https:\/\/x.com\/cuballama","https:\/\/www.instagram.com\/stories\/cuballama_oficial\/","https:\/\/www.youtube.com\/channel\/UCKkFE-d_axENGZcrc4as0IA"]},{"@type":"Person","@id":"https:\/\/www.cuballama.com\/noticias\/#\/schema\/person\/5889f7d070564f8386e7944d14d436cd","name":"Manu","url":"https:\/\/www.cuballama.com\/noticias\/author\/manu\/"}]}},"_links":{"self":[{"href":"https:\/\/www.cuballama.com\/noticias\/wp-json\/wp\/v2\/posts\/217239","targetHints":{"allow":["GET"]}}],"collection":[{"href":"https:\/\/www.cuballama.com\/noticias\/wp-json\/wp\/v2\/posts"}],"about":[{"href":"https:\/\/www.cuballama.com\/noticias\/wp-json\/wp\/v2\/types\/post"}],"author":[{"embeddable":true,"href":"https:\/\/www.cuballama.com\/noticias\/wp-json\/wp\/v2\/users\/24"}],"replies":[{"embeddable":true,"href":"https:\/\/www.cuballama.com\/noticias\/wp-json\/wp\/v2\/comments?post=217239"}],"version-history":[{"count":4,"href":"https:\/\/www.cuballama.com\/noticias\/wp-json\/wp\/v2\/posts\/217239\/revisions"}],"predecessor-version":[{"id":217245,"href":"https:\/\/www.cuballama.com\/noticias\/wp-json\/wp\/v2\/posts\/217239\/revisions\/217245"}],"wp:featuredmedia":[{"embeddable":true,"href":"https:\/\/www.cuballama.com\/noticias\/wp-json\/wp\/v2\/media\/194788"}],"wp:attachment":[{"href":"https:\/\/www.cuballama.com\/noticias\/wp-json\/wp\/v2\/media?parent=217239"}],"wp:term":[{"taxonomy":"category","embeddable":true,"href":"https:\/\/www.cuballama.com\/noticias\/wp-json\/wp\/v2\/categories?post=217239"},{"taxonomy":"post_tag","embeddable":true,"href":"https:\/\/www.cuballama.com\/noticias\/wp-json\/wp\/v2\/tags?post=217239"}],"curies":[{"name":"wp","href":"https:\/\/api.w.org\/{rel}","templated":true}]}}