{"id":217214,"date":"2025-08-20T12:58:54","date_gmt":"2025-08-20T16:58:54","guid":{"rendered":"https:\/\/www.cuballama.com\/noticias\/?p=217214"},"modified":"2025-08-20T13:07:43","modified_gmt":"2025-08-20T17:07:43","slug":"actriz-cubana-rachell-vallori-se-compromete-en-la-bahamas-llore-durante-10-minutos","status":"publish","type":"post","link":"https:\/\/www.cuballama.com\/noticias\/actriz-cubana-rachell-vallori-se-compromete-en-la-bahamas-llore-durante-10-minutos\/","title":{"rendered":"Actriz cubana Rachell Vallori se compromete en La Bahamas: \u201cLlor\u00e9 durante 10 minutos\u201d"},"content":{"rendered":"\n<p>La modelo y actriz cubana Rachell Vallori se comprometi\u00f3 el pasado lunes en Las Bahamas, donde cre\u00f3 una compa\u00f1\u00eda de producci\u00f3n y pasa mucho tiempo junto a su pareja.<\/p>\n\n\n\n<p>\u201c\u00a1Qu\u00e9 ganas de pasar el resto de mi vida contigo! \u00a1Te quiero! \u00a1Mi amor! 18 de agosto de 2025\u201d, escribi\u00f3 emocionada la exaspirante a Miss Universe Cuba 2024.<\/p>\n\n\n\n<p>\u201cLo hizo y llor\u00e9 durante 10 minutos seguidos\u201d, cont\u00f3 en una de sus historias de Instagram la joven, que a trav\u00e9s de su empresa se dedica a hacer sesiones de fotograf\u00eda con marcas internacionales y talento local.<\/p>\n\n\n\n<figure class=\"wp-block-image size-large\"><img loading=\"lazy\" decoding=\"async\" width=\"603\" height=\"1024\" src=\"https:\/\/cdn1.mediawpaccore.net\/wp-content\/uploads\/2025\/08\/20125337\/Imagen-de-WhatsApp-2025-08-20-a-las-12.25.17_2a185ed5-603x1024.jpg\" alt=\"\" class=\"wp-image-217222\" srcset=\"https:\/\/cdn1.mediawpaccore.net\/wp-content\/uploads\/2025\/08\/20125337\/Imagen-de-WhatsApp-2025-08-20-a-las-12.25.17_2a185ed5-603x1024.jpg 603w, https:\/\/cdn1.mediawpaccore.net\/wp-content\/uploads\/2025\/08\/20125337\/Imagen-de-WhatsApp-2025-08-20-a-las-12.25.17_2a185ed5-177x300.jpg 177w, https:\/\/cdn1.mediawpaccore.net\/wp-content\/uploads\/2025\/08\/20125337\/Imagen-de-WhatsApp-2025-08-20-a-las-12.25.17_2a185ed5-247x420.jpg 247w, https:\/\/cdn1.mediawpaccore.net\/wp-content\/uploads\/2025\/08\/20125337\/Imagen-de-WhatsApp-2025-08-20-a-las-12.25.17_2a185ed5-150x255.jpg 150w, https:\/\/cdn1.mediawpaccore.net\/wp-content\/uploads\/2025\/08\/20125337\/Imagen-de-WhatsApp-2025-08-20-a-las-12.25.17_2a185ed5-300x509.jpg 300w, https:\/\/cdn1.mediawpaccore.net\/wp-content\/uploads\/2025\/08\/20125337\/Imagen-de-WhatsApp-2025-08-20-a-las-12.25.17_2a185ed5-696x1182.jpg 696w, https:\/\/cdn1.mediawpaccore.net\/wp-content\/uploads\/2025\/08\/20125337\/Imagen-de-WhatsApp-2025-08-20-a-las-12.25.17_2a185ed5.jpg 738w\" sizes=\"auto, (max-width: 603px) 100vw, 603px\" \/><\/figure>\n\n\n\n<p>Nacida en La Habana, aunque vivi\u00f3 una parte bonita de su vida en el municipio especial de Isla de la Juventud, Vallori era la favorita de muchos para representar a Cuba en el certamen de Miss Universo en noviembre pasado y donde la isla estuvo representada despu\u00e9s de 57 a\u00f1os de ausencia.<\/p>\n\n\n\n<p>Tras <a href=\"https:\/\/www.cuballama.com\/noticias\/rachell-vallori-renuncia-a-convertirse-en-la-proxima-miss-universo-cuba\/?srsltid=AfmBOoplO9dVrpwxVASTN9yubZFoqGli1MPBdiACyVoq-B0wVGAoudeL\" target=\"_blank\" rel=\"noreferrer noopener\">retirarse del Miss Universe Cuba<\/a> debido a \u201ccircunstancias personales y profesionales que me limitan a dar el 100% de lo que se merece un concurso como este\u201d, la joven, de 33 a\u00f1os, se ha enfocado en impulsar su carrera dentro del modelaje, la cual comenz\u00f3 con apenas 15 a\u00f1os en la casa de modelaje La Maison, en la capital cubana.\u00a0<\/p>\n\n\n\n<blockquote class=\"instagram-media\" data-instgrm-captioned data-instgrm-permalink=\"https:\/\/www.instagram.com\/p\/DNjSJxIyr9n\/?utm_source=ig_embed&amp;utm_campaign=loading\" data-instgrm-version=\"14\" style=\" background:#FFF; border:0; border-radius:3px; box-shadow:0 0 1px 0 rgba(0,0,0,0.5),0 1px 10px 0 rgba(0,0,0,0.15); margin: 1px; max-width:540px; min-width:326px; padding:0; width:99.375%; width:-webkit-calc(100% - 2px); width:calc(100% - 2px);\"><div style=\"padding:16px;\"> <a href=\"https:\/\/www.instagram.com\/p\/DNjSJxIyr9n\/?utm_source=ig_embed&amp;utm_campaign=loading\" style=\" background:#FFFFFF; line-height:0; padding:0 0; text-align:center; text-decoration:none; width:100%;\" target=\"_blank\"> <div style=\" display: flex; flex-direction: row; align-items: center;\"> <div style=\"background-color: #F4F4F4; border-radius: 50%; flex-grow: 0; height: 40px; margin-right: 14px; width: 40px;\"><\/div> <div style=\"display: flex; flex-direction: column; flex-grow: 1; justify-content: center;\"> <div style=\" background-color: #F4F4F4; border-radius: 4px; flex-grow: 0; height: 14px; margin-bottom: 6px; width: 100px;\"><\/div> <div style=\" background-color: #F4F4F4; border-radius: 4px; flex-grow: 0; height: 14px; width: 60px;\"><\/div><\/div><\/div><div style=\"padding: 19% 0;\"><\/div> <div style=\"display:block; height:50px; margin:0 auto 12px; width:50px;\"><svg width=\"50px\" height=\"50px\" viewBox=\"0 0 60 60\" version=\"1.1\" xmlns=\"https:\/\/www.w3.org\/2000\/svg\" xmlns:xlink=\"https:\/\/www.w3.org\/1999\/xlink\"><g stroke=\"none\" stroke-width=\"1\" fill=\"none\" fill-rule=\"evenodd\"><g transform=\"translate(-511.000000, -20.000000)\" fill=\"#000000\"><g><path d=\"M556.869,30.41 C554.814,30.41 553.148,32.076 553.148,34.131 C553.148,36.186 554.814,37.852 556.869,37.852 C558.924,37.852 560.59,36.186 560.59,34.131 C560.59,32.076 558.924,30.41 556.869,30.41 M541,60.657 C535.114,60.657 530.342,55.887 530.342,50 C530.342,44.114 535.114,39.342 541,39.342 C546.887,39.342 551.658,44.114 551.658,50 C551.658,55.887 546.887,60.657 541,60.657 M541,33.886 C532.1,33.886 524.886,41.1 524.886,50 C524.886,58.899 532.1,66.113 541,66.113 C549.9,66.113 557.115,58.899 557.115,50 C557.115,41.1 549.9,33.886 541,33.886 M565.378,62.101 C565.244,65.022 564.756,66.606 564.346,67.663 C563.803,69.06 563.154,70.057 562.106,71.106 C561.058,72.155 560.06,72.803 558.662,73.347 C557.607,73.757 556.021,74.244 553.102,74.378 C549.944,74.521 548.997,74.552 541,74.552 C533.003,74.552 532.056,74.521 528.898,74.378 C525.979,74.244 524.393,73.757 523.338,73.347 C521.94,72.803 520.942,72.155 519.894,71.106 C518.846,70.057 518.197,69.06 517.654,67.663 C517.244,66.606 516.755,65.022 516.623,62.101 C516.479,58.943 516.448,57.996 516.448,50 C516.448,42.003 516.479,41.056 516.623,37.899 C516.755,34.978 517.244,33.391 517.654,32.338 C518.197,30.938 518.846,29.942 519.894,28.894 C520.942,27.846 521.94,27.196 523.338,26.654 C524.393,26.244 525.979,25.756 528.898,25.623 C532.057,25.479 533.004,25.448 541,25.448 C548.997,25.448 549.943,25.479 553.102,25.623 C556.021,25.756 557.607,26.244 558.662,26.654 C560.06,27.196 561.058,27.846 562.106,28.894 C563.154,29.942 563.803,30.938 564.346,32.338 C564.756,33.391 565.244,34.978 565.378,37.899 C565.522,41.056 565.552,42.003 565.552,50 C565.552,57.996 565.522,58.943 565.378,62.101 M570.82,37.631 C570.674,34.438 570.167,32.258 569.425,30.349 C568.659,28.377 567.633,26.702 565.965,25.035 C564.297,23.368 562.623,22.342 560.652,21.575 C558.743,20.834 556.562,20.326 553.369,20.18 C550.169,20.033 549.148,20 541,20 C532.853,20 531.831,20.033 528.631,20.18 C525.438,20.326 523.257,20.834 521.349,21.575 C519.376,22.342 517.703,23.368 516.035,25.035 C514.368,26.702 513.342,28.377 512.574,30.349 C511.834,32.258 511.326,34.438 511.181,37.631 C511.035,40.831 511,41.851 511,50 C511,58.147 511.035,59.17 511.181,62.369 C511.326,65.562 511.834,67.743 512.574,69.651 C513.342,71.625 514.368,73.296 516.035,74.965 C517.703,76.634 519.376,77.658 521.349,78.425 C523.257,79.167 525.438,79.673 528.631,79.82 C531.831,79.965 532.853,80.001 541,80.001 C549.148,80.001 550.169,79.965 553.369,79.82 C556.562,79.673 558.743,79.167 560.652,78.425 C562.623,77.658 564.297,76.634 565.965,74.965 C567.633,73.296 568.659,71.625 569.425,69.651 C570.167,67.743 570.674,65.562 570.82,62.369 C570.966,59.17 571,58.147 571,50 C571,41.851 570.966,40.831 570.82,37.631\"><\/path><\/g><\/g><\/g><\/svg><\/div><div style=\"padding-top: 8px;\"> <div style=\" color:#3897f0; font-family:Arial,sans-serif; font-size:14px; font-style:normal; font-weight:550; line-height:18px;\">Ver esta publicaci\u00f3n en Instagram<\/div><\/div><div style=\"padding: 12.5% 0;\"><\/div> <div style=\"display: flex; flex-direction: row; margin-bottom: 14px; align-items: center;\"><div> <div style=\"background-color: #F4F4F4; border-radius: 50%; height: 12.5px; width: 12.5px; transform: translateX(0px) translateY(7px);\"><\/div> <div style=\"background-color: #F4F4F4; height: 12.5px; transform: rotate(-45deg) translateX(3px) translateY(1px); width: 12.5px; flex-grow: 0; margin-right: 14px; margin-left: 2px;\"><\/div> <div style=\"background-color: #F4F4F4; border-radius: 50%; height: 12.5px; width: 12.5px; transform: translateX(9px) translateY(-18px);\"><\/div><\/div><div style=\"margin-left: 8px;\"> <div style=\" background-color: #F4F4F4; border-radius: 50%; flex-grow: 0; height: 20px; width: 20px;\"><\/div> <div style=\" width: 0; height: 0; border-top: 2px solid transparent; border-left: 6px solid #f4f4f4; border-bottom: 2px solid transparent; transform: translateX(16px) translateY(-4px) rotate(30deg)\"><\/div><\/div><div style=\"margin-left: auto;\"> <div style=\" width: 0px; border-top: 8px solid #F4F4F4; border-right: 8px solid transparent; transform: translateY(16px);\"><\/div> <div style=\" background-color: #F4F4F4; flex-grow: 0; height: 12px; width: 16px; transform: translateY(-4px);\"><\/div> <div style=\" width: 0; height: 0; border-top: 8px solid #F4F4F4; border-left: 8px solid transparent; transform: translateY(-4px) translateX(8px);\"><\/div><\/div><\/div> <div style=\"display: flex; flex-direction: column; flex-grow: 1; justify-content: center; margin-bottom: 24px;\"> <div style=\" background-color: #F4F4F4; border-radius: 4px; flex-grow: 0; height: 14px; margin-bottom: 6px; width: 224px;\"><\/div> <div style=\" background-color: #F4F4F4; border-radius: 4px; flex-grow: 0; height: 14px; width: 144px;\"><\/div><\/div><\/a><p style=\" color:#c9c8cd; font-family:Arial,sans-serif; font-size:14px; line-height:17px; margin-bottom:0; margin-top:8px; overflow:hidden; padding:8px 0 7px; text-align:center; text-overflow:ellipsis; white-space:nowrap;\"><a href=\"https:\/\/www.instagram.com\/p\/DNjSJxIyr9n\/?utm_source=ig_embed&amp;utm_campaign=loading\" style=\" color:#c9c8cd; font-family:Arial,sans-serif; font-size:14px; font-style:normal; font-weight:normal; line-height:17px; text-decoration:none;\" target=\"_blank\">Una publicaci\u00f3n compartida por Rachell (@rachellvallori)<\/a><\/p><\/div><\/blockquote>\n<script async src=\"\/\/www.instagram.com\/embed.js\"><\/script>\n\n\n\n<p>Vallori, que es conocida en Miami por su papel en el filme <em>Plantadas<\/em>, en el que interpret\u00f3 a una sindicalista y opositora del r\u00e9gimen de Fidel Castro, ha sido representada por agencias de moda como NEXT y Wilhelmina, con las que ha trabajado por una d\u00e9cada logrando proyecci\u00f3n internacional.<\/p>\n\n\n\n<p>Ha sido tambi\u00e9n imagen de la firma colombiana de ropa interior y fajas Leonisa y marcas  como con Victoria\u2019s Secret, Stella McCartney, Michael Kors y Roberto Cavalli.<\/p>\n\n\n\n<p>Como actriz ha intervenido tambi\u00e9n en <em>Coraz\u00f3n valiente <\/em>(2012), <em>Santa diabla<\/em> (2013) y <em>Due\u00f1os del Para\u00edso<\/em> (2015).<\/p>\n\n\n\n<p><\/p>\n","protected":false},"excerpt":{"rendered":"<p>La tambi\u00e9n modelo se mostr\u00f3 s\u00faper feliz tras decir: \u201cS\u00ed, quiero\u201d.<\/p>\n","protected":false},"author":30,"featured_media":217216,"comment_status":"open","ping_status":"closed","sticky":false,"template":"","format":"standard","meta":{"_acf_changed":false,"footnotes":""},"categories":[443,18],"tags":[3375,23268,941,25335,14326,22431],"class_list":{"0":"post-217214","1":"post","2":"type-post","3":"status-publish","4":"format-standard","5":"has-post-thumbnail","7":"category-farandula","8":"category-noticias","9":"tag-actriz-cubana","10":"tag-anillo-de-compromiso","11":"tag-destacado","12":"tag-miss-universe-cuba","13":"tag-modelo-cubana","14":"tag-rachell-vallori"},"acf":[],"yoast_head":"<!-- This site is optimized with the Yoast SEO plugin v27.5 - https:\/\/yoast.com\/product\/yoast-seo-wordpress\/ -->\n<title>Actriz cubana Rachell Vallori se compromete en La Bahamas: \u201cLlor\u00e9 durante 10 minutos\u201d - Cuballama Noticias<\/title>\n<meta name=\"description\" content=\"La modelo y actriz cubana Rachell Vallori se comprometi\u00f3 el pasado lunes en Las Bahamas, donde pasa mucho tiempo con su pareja.\" \/>\n<meta name=\"robots\" content=\"index, follow, max-snippet:-1, max-image-preview:large, max-video-preview:-1\" \/>\n<link rel=\"canonical\" href=\"https:\/\/www.cuballama.com\/noticias\/actriz-cubana-rachell-vallori-se-compromete-en-la-bahamas-llore-durante-10-minutos\/\" \/>\n<meta property=\"og:locale\" content=\"es_ES\" \/>\n<meta property=\"og:type\" content=\"article\" \/>\n<meta property=\"og:title\" content=\"Actriz cubana Rachell Vallori se compromete en La Bahamas: \u201cLlor\u00e9 durante 10 minutos\u201d - Cuballama Noticias\" \/>\n<meta property=\"og:description\" content=\"La modelo y actriz cubana Rachell Vallori se comprometi\u00f3 el pasado lunes en Las Bahamas, donde pasa mucho tiempo con su pareja.\" \/>\n<meta property=\"og:url\" content=\"https:\/\/www.cuballama.com\/noticias\/actriz-cubana-rachell-vallori-se-compromete-en-la-bahamas-llore-durante-10-minutos\/\" \/>\n<meta property=\"og:site_name\" content=\"Cuballama Noticias\" \/>\n<meta property=\"article:publisher\" content=\"https:\/\/www.facebook.com\/CubaLlama\" \/>\n<meta property=\"article:published_time\" content=\"2025-08-20T16:58:54+00:00\" \/>\n<meta property=\"article:modified_time\" content=\"2025-08-20T17:07:43+00:00\" \/>\n<meta property=\"og:image\" content=\"https:\/\/cdn1.mediawpaccore.net\/wp-content\/uploads\/2025\/08\/20123733\/Imagen-de-WhatsApp-2025-08-20-a-las-12.25.17_f64285a2-3.webp\" \/>\n\t<meta property=\"og:image:width\" content=\"1200\" \/>\n\t<meta property=\"og:image:height\" content=\"630\" \/>\n\t<meta property=\"og:image:type\" content=\"image\/webp\" \/>\n<meta name=\"author\" content=\"Kathy\" \/>\n<meta name=\"twitter:card\" content=\"summary_large_image\" \/>\n<meta name=\"twitter:creator\" content=\"@cuballama\" \/>\n<meta name=\"twitter:site\" content=\"@cuballama\" \/>\n<meta name=\"twitter:label1\" content=\"Escrito por\" \/>\n\t<meta name=\"twitter:data1\" content=\"Kathy\" \/>\n\t<meta name=\"twitter:label2\" content=\"Tiempo de lectura\" \/>\n\t<meta name=\"twitter:data2\" content=\"2 minutos\" \/>\n<script type=\"application\/ld+json\" class=\"yoast-schema-graph\">{\"@context\":\"https:\\\/\\\/schema.org\",\"@graph\":[{\"@type\":\"Article\",\"@id\":\"https:\\\/\\\/www.cuballama.com\\\/noticias\\\/actriz-cubana-rachell-vallori-se-compromete-en-la-bahamas-llore-durante-10-minutos\\\/#article\",\"isPartOf\":{\"@id\":\"https:\\\/\\\/www.cuballama.com\\\/noticias\\\/actriz-cubana-rachell-vallori-se-compromete-en-la-bahamas-llore-durante-10-minutos\\\/\"},\"author\":{\"name\":\"Kathy\",\"@id\":\"https:\\\/\\\/www.cuballama.com\\\/noticias\\\/#\\\/schema\\\/person\\\/86cd3e3f4974437f031211213bf892d5\"},\"headline\":\"Actriz cubana Rachell Vallori se compromete en La Bahamas: \u201cLlor\u00e9 durante 10 minutos\u201d\",\"datePublished\":\"2025-08-20T16:58:54+00:00\",\"dateModified\":\"2025-08-20T17:07:43+00:00\",\"mainEntityOfPage\":{\"@id\":\"https:\\\/\\\/www.cuballama.com\\\/noticias\\\/actriz-cubana-rachell-vallori-se-compromete-en-la-bahamas-llore-durante-10-minutos\\\/\"},\"wordCount\":331,\"commentCount\":0,\"publisher\":{\"@id\":\"https:\\\/\\\/www.cuballama.com\\\/noticias\\\/#organization\"},\"image\":{\"@id\":\"https:\\\/\\\/www.cuballama.com\\\/noticias\\\/actriz-cubana-rachell-vallori-se-compromete-en-la-bahamas-llore-durante-10-minutos\\\/#primaryimage\"},\"thumbnailUrl\":\"https:\\\/\\\/cdn1.mediawpaccore.net\\\/wp-content\\\/uploads\\\/2025\\\/08\\\/20123733\\\/Imagen-de-WhatsApp-2025-08-20-a-las-12.25.17_f64285a2-3.webp\",\"keywords\":[\"actriz cubana\",\"anillo de compromiso\",\"destacado\",\"Miss Universe Cuba\",\"modelo cubana\",\"Rachell Vallori\"],\"articleSection\":[\"Far\u00e1ndula\",\"Noticias\"],\"inLanguage\":\"es\",\"potentialAction\":[{\"@type\":\"CommentAction\",\"name\":\"Comment\",\"target\":[\"https:\\\/\\\/www.cuballama.com\\\/noticias\\\/actriz-cubana-rachell-vallori-se-compromete-en-la-bahamas-llore-durante-10-minutos\\\/#respond\"]}]},{\"@type\":\"WebPage\",\"@id\":\"https:\\\/\\\/www.cuballama.com\\\/noticias\\\/actriz-cubana-rachell-vallori-se-compromete-en-la-bahamas-llore-durante-10-minutos\\\/\",\"url\":\"https:\\\/\\\/www.cuballama.com\\\/noticias\\\/actriz-cubana-rachell-vallori-se-compromete-en-la-bahamas-llore-durante-10-minutos\\\/\",\"name\":\"Actriz cubana Rachell Vallori se compromete en La Bahamas: \u201cLlor\u00e9 durante 10 minutos\u201d - Cuballama Noticias\",\"isPartOf\":{\"@id\":\"https:\\\/\\\/www.cuballama.com\\\/noticias\\\/#website\"},\"primaryImageOfPage\":{\"@id\":\"https:\\\/\\\/www.cuballama.com\\\/noticias\\\/actriz-cubana-rachell-vallori-se-compromete-en-la-bahamas-llore-durante-10-minutos\\\/#primaryimage\"},\"image\":{\"@id\":\"https:\\\/\\\/www.cuballama.com\\\/noticias\\\/actriz-cubana-rachell-vallori-se-compromete-en-la-bahamas-llore-durante-10-minutos\\\/#primaryimage\"},\"thumbnailUrl\":\"https:\\\/\\\/cdn1.mediawpaccore.net\\\/wp-content\\\/uploads\\\/2025\\\/08\\\/20123733\\\/Imagen-de-WhatsApp-2025-08-20-a-las-12.25.17_f64285a2-3.webp\",\"datePublished\":\"2025-08-20T16:58:54+00:00\",\"dateModified\":\"2025-08-20T17:07:43+00:00\",\"description\":\"La modelo y actriz cubana Rachell Vallori se comprometi\u00f3 el pasado lunes en Las Bahamas, donde pasa mucho tiempo con su pareja.\",\"breadcrumb\":{\"@id\":\"https:\\\/\\\/www.cuballama.com\\\/noticias\\\/actriz-cubana-rachell-vallori-se-compromete-en-la-bahamas-llore-durante-10-minutos\\\/#breadcrumb\"},\"inLanguage\":\"es\",\"potentialAction\":[{\"@type\":\"ReadAction\",\"target\":[\"https:\\\/\\\/www.cuballama.com\\\/noticias\\\/actriz-cubana-rachell-vallori-se-compromete-en-la-bahamas-llore-durante-10-minutos\\\/\"]}]},{\"@type\":\"ImageObject\",\"inLanguage\":\"es\",\"@id\":\"https:\\\/\\\/www.cuballama.com\\\/noticias\\\/actriz-cubana-rachell-vallori-se-compromete-en-la-bahamas-llore-durante-10-minutos\\\/#primaryimage\",\"url\":\"https:\\\/\\\/cdn1.mediawpaccore.net\\\/wp-content\\\/uploads\\\/2025\\\/08\\\/20123733\\\/Imagen-de-WhatsApp-2025-08-20-a-las-12.25.17_f64285a2-3.webp\",\"contentUrl\":\"https:\\\/\\\/cdn1.mediawpaccore.net\\\/wp-content\\\/uploads\\\/2025\\\/08\\\/20123733\\\/Imagen-de-WhatsApp-2025-08-20-a-las-12.25.17_f64285a2-3.webp\",\"width\":1200,\"height\":630,\"caption\":\"Rachell Vallori junto a su pareja. Foto: Instagram\\\/Rachell Vallori.\"},{\"@type\":\"BreadcrumbList\",\"@id\":\"https:\\\/\\\/www.cuballama.com\\\/noticias\\\/actriz-cubana-rachell-vallori-se-compromete-en-la-bahamas-llore-durante-10-minutos\\\/#breadcrumb\",\"itemListElement\":[{\"@type\":\"ListItem\",\"position\":1,\"name\":\"Home\",\"item\":\"https:\\\/\\\/www.cuballama.com\\\/noticias\\\/\"},{\"@type\":\"ListItem\",\"position\":2,\"name\":\"Actriz cubana Rachell Vallori se compromete en La Bahamas: \u201cLlor\u00e9 durante 10 minutos\u201d\"}]},{\"@type\":\"WebSite\",\"@id\":\"https:\\\/\\\/www.cuballama.com\\\/noticias\\\/#website\",\"url\":\"https:\\\/\\\/www.cuballama.com\\\/noticias\\\/\",\"name\":\"Cuballama Noticias\",\"description\":\"Medio digital sobre Cuba y el mundo\",\"publisher\":{\"@id\":\"https:\\\/\\\/www.cuballama.com\\\/noticias\\\/#organization\"},\"potentialAction\":[{\"@type\":\"SearchAction\",\"target\":{\"@type\":\"EntryPoint\",\"urlTemplate\":\"https:\\\/\\\/www.cuballama.com\\\/noticias\\\/?s={search_term_string}\"},\"query-input\":{\"@type\":\"PropertyValueSpecification\",\"valueRequired\":true,\"valueName\":\"search_term_string\"}}],\"inLanguage\":\"es\"},{\"@type\":\"Organization\",\"@id\":\"https:\\\/\\\/www.cuballama.com\\\/noticias\\\/#organization\",\"name\":\"Cuballama\",\"url\":\"https:\\\/\\\/www.cuballama.com\\\/noticias\\\/\",\"logo\":{\"@type\":\"ImageObject\",\"inLanguage\":\"es\",\"@id\":\"https:\\\/\\\/www.cuballama.com\\\/noticias\\\/#\\\/schema\\\/logo\\\/image\\\/\",\"url\":\"https:\\\/\\\/cdn1.mediawpaccore.net\\\/wp-content\\\/uploads\\\/2021\\\/12\\\/28171206\\\/cbll-logo-color-sm.png\",\"contentUrl\":\"https:\\\/\\\/cdn1.mediawpaccore.net\\\/wp-content\\\/uploads\\\/2021\\\/12\\\/28171206\\\/cbll-logo-color-sm.png\",\"width\":600,\"height\":133,\"caption\":\"Cuballama\"},\"image\":{\"@id\":\"https:\\\/\\\/www.cuballama.com\\\/noticias\\\/#\\\/schema\\\/logo\\\/image\\\/\"},\"sameAs\":[\"https:\\\/\\\/www.facebook.com\\\/CubaLlama\",\"https:\\\/\\\/x.com\\\/cuballama\",\"https:\\\/\\\/www.instagram.com\\\/stories\\\/cuballama_oficial\\\/\",\"https:\\\/\\\/www.youtube.com\\\/channel\\\/UCKkFE-d_axENGZcrc4as0IA\"]},{\"@type\":\"Person\",\"@id\":\"https:\\\/\\\/www.cuballama.com\\\/noticias\\\/#\\\/schema\\\/person\\\/86cd3e3f4974437f031211213bf892d5\",\"name\":\"Kathy\",\"url\":\"https:\\\/\\\/www.cuballama.com\\\/noticias\\\/author\\\/kathy\\\/\"}]}<\/script>\n<!-- \/ Yoast SEO plugin. -->","yoast_head_json":{"title":"Actriz cubana Rachell Vallori se compromete en La Bahamas: \u201cLlor\u00e9 durante 10 minutos\u201d - Cuballama Noticias","description":"La modelo y actriz cubana Rachell Vallori se comprometi\u00f3 el pasado lunes en Las Bahamas, donde pasa mucho tiempo con su pareja.","robots":{"index":"index","follow":"follow","max-snippet":"max-snippet:-1","max-image-preview":"max-image-preview:large","max-video-preview":"max-video-preview:-1"},"canonical":"https:\/\/www.cuballama.com\/noticias\/actriz-cubana-rachell-vallori-se-compromete-en-la-bahamas-llore-durante-10-minutos\/","og_locale":"es_ES","og_type":"article","og_title":"Actriz cubana Rachell Vallori se compromete en La Bahamas: \u201cLlor\u00e9 durante 10 minutos\u201d - Cuballama Noticias","og_description":"La modelo y actriz cubana Rachell Vallori se comprometi\u00f3 el pasado lunes en Las Bahamas, donde pasa mucho tiempo con su pareja.","og_url":"https:\/\/www.cuballama.com\/noticias\/actriz-cubana-rachell-vallori-se-compromete-en-la-bahamas-llore-durante-10-minutos\/","og_site_name":"Cuballama Noticias","article_publisher":"https:\/\/www.facebook.com\/CubaLlama","article_published_time":"2025-08-20T16:58:54+00:00","article_modified_time":"2025-08-20T17:07:43+00:00","og_image":[{"width":1200,"height":630,"url":"https:\/\/cdn1.mediawpaccore.net\/wp-content\/uploads\/2025\/08\/20123733\/Imagen-de-WhatsApp-2025-08-20-a-las-12.25.17_f64285a2-3.webp","type":"image\/webp"}],"author":"Kathy","twitter_card":"summary_large_image","twitter_creator":"@cuballama","twitter_site":"@cuballama","twitter_misc":{"Escrito por":"Kathy","Tiempo de lectura":"2 minutos"},"schema":{"@context":"https:\/\/schema.org","@graph":[{"@type":"Article","@id":"https:\/\/www.cuballama.com\/noticias\/actriz-cubana-rachell-vallori-se-compromete-en-la-bahamas-llore-durante-10-minutos\/#article","isPartOf":{"@id":"https:\/\/www.cuballama.com\/noticias\/actriz-cubana-rachell-vallori-se-compromete-en-la-bahamas-llore-durante-10-minutos\/"},"author":{"name":"Kathy","@id":"https:\/\/www.cuballama.com\/noticias\/#\/schema\/person\/86cd3e3f4974437f031211213bf892d5"},"headline":"Actriz cubana Rachell Vallori se compromete en La Bahamas: \u201cLlor\u00e9 durante 10 minutos\u201d","datePublished":"2025-08-20T16:58:54+00:00","dateModified":"2025-08-20T17:07:43+00:00","mainEntityOfPage":{"@id":"https:\/\/www.cuballama.com\/noticias\/actriz-cubana-rachell-vallori-se-compromete-en-la-bahamas-llore-durante-10-minutos\/"},"wordCount":331,"commentCount":0,"publisher":{"@id":"https:\/\/www.cuballama.com\/noticias\/#organization"},"image":{"@id":"https:\/\/www.cuballama.com\/noticias\/actriz-cubana-rachell-vallori-se-compromete-en-la-bahamas-llore-durante-10-minutos\/#primaryimage"},"thumbnailUrl":"https:\/\/cdn1.mediawpaccore.net\/wp-content\/uploads\/2025\/08\/20123733\/Imagen-de-WhatsApp-2025-08-20-a-las-12.25.17_f64285a2-3.webp","keywords":["actriz cubana","anillo de compromiso","destacado","Miss Universe Cuba","modelo cubana","Rachell Vallori"],"articleSection":["Far\u00e1ndula","Noticias"],"inLanguage":"es","potentialAction":[{"@type":"CommentAction","name":"Comment","target":["https:\/\/www.cuballama.com\/noticias\/actriz-cubana-rachell-vallori-se-compromete-en-la-bahamas-llore-durante-10-minutos\/#respond"]}]},{"@type":"WebPage","@id":"https:\/\/www.cuballama.com\/noticias\/actriz-cubana-rachell-vallori-se-compromete-en-la-bahamas-llore-durante-10-minutos\/","url":"https:\/\/www.cuballama.com\/noticias\/actriz-cubana-rachell-vallori-se-compromete-en-la-bahamas-llore-durante-10-minutos\/","name":"Actriz cubana Rachell Vallori se compromete en La Bahamas: \u201cLlor\u00e9 durante 10 minutos\u201d - Cuballama Noticias","isPartOf":{"@id":"https:\/\/www.cuballama.com\/noticias\/#website"},"primaryImageOfPage":{"@id":"https:\/\/www.cuballama.com\/noticias\/actriz-cubana-rachell-vallori-se-compromete-en-la-bahamas-llore-durante-10-minutos\/#primaryimage"},"image":{"@id":"https:\/\/www.cuballama.com\/noticias\/actriz-cubana-rachell-vallori-se-compromete-en-la-bahamas-llore-durante-10-minutos\/#primaryimage"},"thumbnailUrl":"https:\/\/cdn1.mediawpaccore.net\/wp-content\/uploads\/2025\/08\/20123733\/Imagen-de-WhatsApp-2025-08-20-a-las-12.25.17_f64285a2-3.webp","datePublished":"2025-08-20T16:58:54+00:00","dateModified":"2025-08-20T17:07:43+00:00","description":"La modelo y actriz cubana Rachell Vallori se comprometi\u00f3 el pasado lunes en Las Bahamas, donde pasa mucho tiempo con su pareja.","breadcrumb":{"@id":"https:\/\/www.cuballama.com\/noticias\/actriz-cubana-rachell-vallori-se-compromete-en-la-bahamas-llore-durante-10-minutos\/#breadcrumb"},"inLanguage":"es","potentialAction":[{"@type":"ReadAction","target":["https:\/\/www.cuballama.com\/noticias\/actriz-cubana-rachell-vallori-se-compromete-en-la-bahamas-llore-durante-10-minutos\/"]}]},{"@type":"ImageObject","inLanguage":"es","@id":"https:\/\/www.cuballama.com\/noticias\/actriz-cubana-rachell-vallori-se-compromete-en-la-bahamas-llore-durante-10-minutos\/#primaryimage","url":"https:\/\/cdn1.mediawpaccore.net\/wp-content\/uploads\/2025\/08\/20123733\/Imagen-de-WhatsApp-2025-08-20-a-las-12.25.17_f64285a2-3.webp","contentUrl":"https:\/\/cdn1.mediawpaccore.net\/wp-content\/uploads\/2025\/08\/20123733\/Imagen-de-WhatsApp-2025-08-20-a-las-12.25.17_f64285a2-3.webp","width":1200,"height":630,"caption":"Rachell Vallori junto a su pareja. Foto: Instagram\/Rachell Vallori."},{"@type":"BreadcrumbList","@id":"https:\/\/www.cuballama.com\/noticias\/actriz-cubana-rachell-vallori-se-compromete-en-la-bahamas-llore-durante-10-minutos\/#breadcrumb","itemListElement":[{"@type":"ListItem","position":1,"name":"Home","item":"https:\/\/www.cuballama.com\/noticias\/"},{"@type":"ListItem","position":2,"name":"Actriz cubana Rachell Vallori se compromete en La Bahamas: \u201cLlor\u00e9 durante 10 minutos\u201d"}]},{"@type":"WebSite","@id":"https:\/\/www.cuballama.com\/noticias\/#website","url":"https:\/\/www.cuballama.com\/noticias\/","name":"Cuballama Noticias","description":"Medio digital sobre Cuba y el mundo","publisher":{"@id":"https:\/\/www.cuballama.com\/noticias\/#organization"},"potentialAction":[{"@type":"SearchAction","target":{"@type":"EntryPoint","urlTemplate":"https:\/\/www.cuballama.com\/noticias\/?s={search_term_string}"},"query-input":{"@type":"PropertyValueSpecification","valueRequired":true,"valueName":"search_term_string"}}],"inLanguage":"es"},{"@type":"Organization","@id":"https:\/\/www.cuballama.com\/noticias\/#organization","name":"Cuballama","url":"https:\/\/www.cuballama.com\/noticias\/","logo":{"@type":"ImageObject","inLanguage":"es","@id":"https:\/\/www.cuballama.com\/noticias\/#\/schema\/logo\/image\/","url":"https:\/\/cdn1.mediawpaccore.net\/wp-content\/uploads\/2021\/12\/28171206\/cbll-logo-color-sm.png","contentUrl":"https:\/\/cdn1.mediawpaccore.net\/wp-content\/uploads\/2021\/12\/28171206\/cbll-logo-color-sm.png","width":600,"height":133,"caption":"Cuballama"},"image":{"@id":"https:\/\/www.cuballama.com\/noticias\/#\/schema\/logo\/image\/"},"sameAs":["https:\/\/www.facebook.com\/CubaLlama","https:\/\/x.com\/cuballama","https:\/\/www.instagram.com\/stories\/cuballama_oficial\/","https:\/\/www.youtube.com\/channel\/UCKkFE-d_axENGZcrc4as0IA"]},{"@type":"Person","@id":"https:\/\/www.cuballama.com\/noticias\/#\/schema\/person\/86cd3e3f4974437f031211213bf892d5","name":"Kathy","url":"https:\/\/www.cuballama.com\/noticias\/author\/kathy\/"}]}},"_links":{"self":[{"href":"https:\/\/www.cuballama.com\/noticias\/wp-json\/wp\/v2\/posts\/217214","targetHints":{"allow":["GET"]}}],"collection":[{"href":"https:\/\/www.cuballama.com\/noticias\/wp-json\/wp\/v2\/posts"}],"about":[{"href":"https:\/\/www.cuballama.com\/noticias\/wp-json\/wp\/v2\/types\/post"}],"author":[{"embeddable":true,"href":"https:\/\/www.cuballama.com\/noticias\/wp-json\/wp\/v2\/users\/30"}],"replies":[{"embeddable":true,"href":"https:\/\/www.cuballama.com\/noticias\/wp-json\/wp\/v2\/comments?post=217214"}],"version-history":[{"count":8,"href":"https:\/\/www.cuballama.com\/noticias\/wp-json\/wp\/v2\/posts\/217214\/revisions"}],"predecessor-version":[{"id":217231,"href":"https:\/\/www.cuballama.com\/noticias\/wp-json\/wp\/v2\/posts\/217214\/revisions\/217231"}],"wp:featuredmedia":[{"embeddable":true,"href":"https:\/\/www.cuballama.com\/noticias\/wp-json\/wp\/v2\/media\/217216"}],"wp:attachment":[{"href":"https:\/\/www.cuballama.com\/noticias\/wp-json\/wp\/v2\/media?parent=217214"}],"wp:term":[{"taxonomy":"category","embeddable":true,"href":"https:\/\/www.cuballama.com\/noticias\/wp-json\/wp\/v2\/categories?post=217214"},{"taxonomy":"post_tag","embeddable":true,"href":"https:\/\/www.cuballama.com\/noticias\/wp-json\/wp\/v2\/tags?post=217214"}],"curies":[{"name":"wp","href":"https:\/\/api.w.org\/{rel}","templated":true}]}}