{"id":216952,"date":"2025-08-19T09:39:30","date_gmt":"2025-08-19T13:39:30","guid":{"rendered":"https:\/\/www.cuballama.com\/noticias\/?p=216952"},"modified":"2025-08-19T09:39:33","modified_gmt":"2025-08-19T13:39:33","slug":"cubana-en-usa-suplica-junto-a-su-nina-para-que-no-deporten-a-su-esposo-quien-tiene-una-i-220b-video","status":"publish","type":"post","link":"https:\/\/www.cuballama.com\/noticias\/cubana-en-usa-suplica-junto-a-su-nina-para-que-no-deporten-a-su-esposo-quien-tiene-una-i-220b-video\/","title":{"rendered":"Cubana en USA suplica, junto a su ni\u00f1a, para que no deporten a su esposo, quien tiene una I-220B (+ video)"},"content":{"rendered":"\n<p>Con l\u00e1grimas en los ojos y su hija peque\u00f1a a su lado, una joven cubana grab\u00f3 un video que circula en redes pidiendo clemencia para su esposo, Rainer Rodr\u00edguez Delgado, actualmente detenido en Estados Unidos bajo riesgo de deportaci\u00f3n. La mujer asegura que el caso es injusto, pues su pareja cumple con todos los requisitos para ajustar su estatus migratorio y ha llevado una vida intachable desde su llegada al pa\u00eds.<\/p>\n\n\n\n<p>En su testimonio, <a href=\"https:\/\/www.facebook.com\/watch\/?v=1155837589766813&amp;rdid=SM9asctFwHzlzvgG\" target=\"_blank\" rel=\"noreferrer noopener\">publicado en sus redes sociales por el periodista cubanoamericano Mario J. Pent\u00f3n<\/a>, la esposa relata que Rainer cuenta con un proceso de residencia en marcha y que siempre ha cumplido con las reglas.<\/p>\n\n\n\n<p><em> \u201c\u00c9l no tiene ni una multa de tr\u00e1fico, siempre ha trabajado, declara sus impuestos y est\u00e1 pendiente de nuestra ni\u00f1a desde que naci\u00f3. No entiendo por qu\u00e9 lo quieren deportar\u201d,<\/em> dice entre sollozos. La mujer explica que incluso existe una apelaci\u00f3n pendiente, pero que la detenci\u00f3n y posible expulsi\u00f3n podr\u00edan destruir a la familia.<\/p>\n\n\n\n<iframe loading=\"lazy\" src=\"https:\/\/www.facebook.com\/plugins\/video.php?height=476&#038;href=https%3A%2F%2Fwww.facebook.com%2FMarioJPenton%2Fvideos%2F1155837589766813%2F&#038;show_text=true&#038;width=267&#038;t=0\" width=\"267\" height=\"591\" style=\"border:none;overflow:hidden\" scrolling=\"no\" frameborder=\"0\" allowfullscreen=\"true\" allow=\"autoplay; clipboard-write; encrypted-media; picture-in-picture; web-share\" allowFullScreen=\"true\"><\/iframe>\n\n\n\n<p>El caso ocurre en medio del creciente escrutinio sobre el uso de las llamadas I-220B, documentos de supervisi\u00f3n migratoria que en los \u00faltimos meses se han convertido en un punto de conflicto legal. Muchos cubanos los recibieron al entrar al pa\u00eds y han tratado de ajustar su estatus a trav\u00e9s de peticiones familiares, pero al mismo tiempo el documento se utiliza en tribunales como argumento para acelerar deportaciones.<\/p>\n\n\n\n<p>La detenci\u00f3n de Rodr\u00edguez coincide con el <a href=\"https:\/\/www.local10.com\/news\/local\/2025\/08\/18\/arguments-to-continue-in-miami-in-federal-lawsuit-against-alligator-alcatraz\/\" target=\"_blank\" rel=\"noreferrer noopener nofollow\">debate nacional sobre las condiciones de los inmigrantes en centros temporales de detenci\u00f3n, conocidos ya como <em>Alligator Alcatraz<\/em> en Florida<\/a>. Organizaciones de derechos civiles denuncian que muchos de los all\u00ed recluidos han sido presionados para firmar \u00f3rdenes de salida voluntaria sin el debido acceso a abogados. La ACLU, en una demanda federal, ha se\u00f1alado que incluso personas vulnerables, como un hombre con discapacidad intelectual, fueron inducidas a firmar documentos de deportaci\u00f3n a cambio de cosas tan b\u00e1sicas como una manta.<\/p>\n\n\n\n<p>Mientras los tribunales en Miami analizan si se est\u00e1n violando derechos fundamentales en este tipo de detenciones, familias como la de Rainer ponen rostro humano a la estad\u00edstica. La esposa insiste en que sin \u00e9l no sabr\u00e1 c\u00f3mo sostener a su hija, quien aparece en el video preguntando por su padre. <em>\u201cSi lo deportan, no tendr\u00edamos vida\u201d,<\/em> repite la mujer, apelando a la solidaridad y a la intervenci\u00f3n de quienes puedan frenar lo que describe como una injusticia devastadora.<\/p>\n\n\n\n<p><strong>tal vez quieras leer: <a href=\"https:\/\/www.cuballama.com\/noticias\/reguetonero-cubano-chocolate-mc-podria-ir-a-juicio-este-martes\/\" target=\"_blank\" rel=\"noreferrer noopener\">Reguetonero cubano Chocolate MC podr\u00eda ir a juicio este martes<\/a><br><\/strong><br><\/p>\n","protected":false},"excerpt":{"rendered":"<p> \u201c\u00c9l no tiene ni una multa de tr\u00e1fico, siempre ha trabajado, declara sus impuestos y est\u00e1 pendiente de nuestra ni\u00f1a desde que naci\u00f3. No entiendo por qu\u00e9 lo quieren deportar\u201d, dice entre sollozos. La mujer explica que incluso existe una apelaci\u00f3n pendiente, pero que la detenci\u00f3n y posible expulsi\u00f3n podr\u00edan destruir a la familia.<\/p>\n","protected":false},"author":13,"featured_media":204769,"comment_status":"open","ping_status":"closed","sticky":false,"template":"","format":"standard","meta":{"_acf_changed":false,"footnotes":""},"categories":[18,953],"tags":[26266,24897,4538,941,602,24695,736,256,26265,9306],"class_list":{"0":"post-216952","1":"post","2":"type-post","3":"status-publish","4":"format-standard","5":"has-post-thumbnail","7":"category-noticias","8":"category-usa","9":"tag-aclu","10":"tag-alligator-alcatraz","11":"tag-deportacion","12":"tag-destacado","13":"tag-estados-unidos","14":"tag-i-220b","15":"tag-inmigrantes-cubanos","16":"tag-miami","17":"tag-rainer-rodriguez-delgado","18":"tag-ron-desantis"},"acf":[],"yoast_head":"<!-- This site is optimized with the Yoast SEO plugin v27.5 - https:\/\/yoast.com\/product\/yoast-seo-wordpress\/ -->\n<title>Cubana en USA suplica, junto a su ni\u00f1a, para que no deporten a su esposo, quien tiene una I-220B (+ video) - Cuballama Noticias<\/title>\n<meta name=\"description\" content=\"Rainer Rodr\u00edguez Delgado, un cubano con I-220B, se encuentra actualmente detenido en Estados Unidos bajo riesgo de deportaci\u00f3n.\" \/>\n<meta name=\"robots\" content=\"index, follow, max-snippet:-1, max-image-preview:large, max-video-preview:-1\" \/>\n<link rel=\"canonical\" href=\"https:\/\/www.cuballama.com\/noticias\/cubana-en-usa-suplica-junto-a-su-nina-para-que-no-deporten-a-su-esposo-quien-tiene-una-i-220b-video\/\" \/>\n<meta property=\"og:locale\" content=\"es_ES\" \/>\n<meta property=\"og:type\" content=\"article\" \/>\n<meta property=\"og:title\" content=\"Cubana en USA suplica, junto a su ni\u00f1a, para que no deporten a su esposo, quien tiene una I-220B (+ video) - Cuballama Noticias\" \/>\n<meta property=\"og:description\" content=\"Rainer Rodr\u00edguez Delgado, un cubano con I-220B, se encuentra actualmente detenido en Estados Unidos bajo riesgo de deportaci\u00f3n.\" \/>\n<meta property=\"og:url\" content=\"https:\/\/www.cuballama.com\/noticias\/cubana-en-usa-suplica-junto-a-su-nina-para-que-no-deporten-a-su-esposo-quien-tiene-una-i-220b-video\/\" \/>\n<meta property=\"og:site_name\" content=\"Cuballama Noticias\" \/>\n<meta property=\"article:publisher\" content=\"https:\/\/www.facebook.com\/CubaLlama\" \/>\n<meta property=\"article:published_time\" content=\"2025-08-19T13:39:30+00:00\" \/>\n<meta property=\"article:modified_time\" content=\"2025-08-19T13:39:33+00:00\" \/>\n<meta property=\"og:image\" content=\"https:\/\/cdn1.mediawpaccore.net\/wp-content\/uploads\/2025\/04\/17055432\/image-53.png\" \/>\n\t<meta property=\"og:image:width\" content=\"954\" \/>\n\t<meta property=\"og:image:height\" content=\"478\" \/>\n\t<meta property=\"og:image:type\" content=\"image\/png\" \/>\n<meta name=\"author\" content=\"Roberto A.\" \/>\n<meta name=\"twitter:card\" content=\"summary_large_image\" \/>\n<meta name=\"twitter:creator\" content=\"@cuballama\" \/>\n<meta name=\"twitter:site\" content=\"@cuballama\" \/>\n<meta name=\"twitter:label1\" content=\"Escrito por\" \/>\n\t<meta name=\"twitter:data1\" content=\"Roberto A.\" \/>\n\t<meta name=\"twitter:label2\" content=\"Tiempo de lectura\" \/>\n\t<meta name=\"twitter:data2\" content=\"3 minutos\" \/>\n<script type=\"application\/ld+json\" class=\"yoast-schema-graph\">{\"@context\":\"https:\\\/\\\/schema.org\",\"@graph\":[{\"@type\":\"Article\",\"@id\":\"https:\\\/\\\/www.cuballama.com\\\/noticias\\\/cubana-en-usa-suplica-junto-a-su-nina-para-que-no-deporten-a-su-esposo-quien-tiene-una-i-220b-video\\\/#article\",\"isPartOf\":{\"@id\":\"https:\\\/\\\/www.cuballama.com\\\/noticias\\\/cubana-en-usa-suplica-junto-a-su-nina-para-que-no-deporten-a-su-esposo-quien-tiene-una-i-220b-video\\\/\"},\"author\":{\"name\":\"Roberto A.\",\"@id\":\"https:\\\/\\\/www.cuballama.com\\\/noticias\\\/#\\\/schema\\\/person\\\/a58502ed4146c8e9f83872e897c76cd2\"},\"headline\":\"Cubana en USA suplica, junto a su ni\u00f1a, para que no deporten a su esposo, quien tiene una I-220B (+ video)\",\"datePublished\":\"2025-08-19T13:39:30+00:00\",\"dateModified\":\"2025-08-19T13:39:33+00:00\",\"mainEntityOfPage\":{\"@id\":\"https:\\\/\\\/www.cuballama.com\\\/noticias\\\/cubana-en-usa-suplica-junto-a-su-nina-para-que-no-deporten-a-su-esposo-quien-tiene-una-i-220b-video\\\/\"},\"wordCount\":459,\"commentCount\":0,\"publisher\":{\"@id\":\"https:\\\/\\\/www.cuballama.com\\\/noticias\\\/#organization\"},\"image\":{\"@id\":\"https:\\\/\\\/www.cuballama.com\\\/noticias\\\/cubana-en-usa-suplica-junto-a-su-nina-para-que-no-deporten-a-su-esposo-quien-tiene-una-i-220b-video\\\/#primaryimage\"},\"thumbnailUrl\":\"https:\\\/\\\/cdn1.mediawpaccore.net\\\/wp-content\\\/uploads\\\/2025\\\/04\\\/17055432\\\/image-53.png\",\"keywords\":[\"ACLU\",\"Alligator Alcatraz\",\"deportaci\u00f3n\",\"destacado\",\"Estados Unidos\",\"I-220B\",\"Inmigrantes cubanos\",\"Miami\",\"Rainer Rodr\u00edguez Delgado\",\"Ron DeSantis\"],\"articleSection\":[\"Noticias\",\"USA\"],\"inLanguage\":\"es\",\"potentialAction\":[{\"@type\":\"CommentAction\",\"name\":\"Comment\",\"target\":[\"https:\\\/\\\/www.cuballama.com\\\/noticias\\\/cubana-en-usa-suplica-junto-a-su-nina-para-que-no-deporten-a-su-esposo-quien-tiene-una-i-220b-video\\\/#respond\"]}]},{\"@type\":\"WebPage\",\"@id\":\"https:\\\/\\\/www.cuballama.com\\\/noticias\\\/cubana-en-usa-suplica-junto-a-su-nina-para-que-no-deporten-a-su-esposo-quien-tiene-una-i-220b-video\\\/\",\"url\":\"https:\\\/\\\/www.cuballama.com\\\/noticias\\\/cubana-en-usa-suplica-junto-a-su-nina-para-que-no-deporten-a-su-esposo-quien-tiene-una-i-220b-video\\\/\",\"name\":\"Cubana en USA suplica, junto a su ni\u00f1a, para que no deporten a su esposo, quien tiene una I-220B (+ video) - Cuballama Noticias\",\"isPartOf\":{\"@id\":\"https:\\\/\\\/www.cuballama.com\\\/noticias\\\/#website\"},\"primaryImageOfPage\":{\"@id\":\"https:\\\/\\\/www.cuballama.com\\\/noticias\\\/cubana-en-usa-suplica-junto-a-su-nina-para-que-no-deporten-a-su-esposo-quien-tiene-una-i-220b-video\\\/#primaryimage\"},\"image\":{\"@id\":\"https:\\\/\\\/www.cuballama.com\\\/noticias\\\/cubana-en-usa-suplica-junto-a-su-nina-para-que-no-deporten-a-su-esposo-quien-tiene-una-i-220b-video\\\/#primaryimage\"},\"thumbnailUrl\":\"https:\\\/\\\/cdn1.mediawpaccore.net\\\/wp-content\\\/uploads\\\/2025\\\/04\\\/17055432\\\/image-53.png\",\"datePublished\":\"2025-08-19T13:39:30+00:00\",\"dateModified\":\"2025-08-19T13:39:33+00:00\",\"description\":\"Rainer Rodr\u00edguez Delgado, un cubano con I-220B, se encuentra actualmente detenido en Estados Unidos bajo riesgo de deportaci\u00f3n.\",\"breadcrumb\":{\"@id\":\"https:\\\/\\\/www.cuballama.com\\\/noticias\\\/cubana-en-usa-suplica-junto-a-su-nina-para-que-no-deporten-a-su-esposo-quien-tiene-una-i-220b-video\\\/#breadcrumb\"},\"inLanguage\":\"es\",\"potentialAction\":[{\"@type\":\"ReadAction\",\"target\":[\"https:\\\/\\\/www.cuballama.com\\\/noticias\\\/cubana-en-usa-suplica-junto-a-su-nina-para-que-no-deporten-a-su-esposo-quien-tiene-una-i-220b-video\\\/\"]}]},{\"@type\":\"ImageObject\",\"inLanguage\":\"es\",\"@id\":\"https:\\\/\\\/www.cuballama.com\\\/noticias\\\/cubana-en-usa-suplica-junto-a-su-nina-para-que-no-deporten-a-su-esposo-quien-tiene-una-i-220b-video\\\/#primaryimage\",\"url\":\"https:\\\/\\\/cdn1.mediawpaccore.net\\\/wp-content\\\/uploads\\\/2025\\\/04\\\/17055432\\\/image-53.png\",\"contentUrl\":\"https:\\\/\\\/cdn1.mediawpaccore.net\\\/wp-content\\\/uploads\\\/2025\\\/04\\\/17055432\\\/image-53.png\",\"width\":954,\"height\":478,\"caption\":\"Foto REFERENCIAL: V\u00eda ICE\"},{\"@type\":\"BreadcrumbList\",\"@id\":\"https:\\\/\\\/www.cuballama.com\\\/noticias\\\/cubana-en-usa-suplica-junto-a-su-nina-para-que-no-deporten-a-su-esposo-quien-tiene-una-i-220b-video\\\/#breadcrumb\",\"itemListElement\":[{\"@type\":\"ListItem\",\"position\":1,\"name\":\"Home\",\"item\":\"https:\\\/\\\/www.cuballama.com\\\/noticias\\\/\"},{\"@type\":\"ListItem\",\"position\":2,\"name\":\"Cubana en USA suplica, junto a su ni\u00f1a, para que no deporten a su esposo, quien tiene una I-220B (+ video)\"}]},{\"@type\":\"WebSite\",\"@id\":\"https:\\\/\\\/www.cuballama.com\\\/noticias\\\/#website\",\"url\":\"https:\\\/\\\/www.cuballama.com\\\/noticias\\\/\",\"name\":\"Cuballama Noticias\",\"description\":\"Medio digital sobre Cuba y el mundo\",\"publisher\":{\"@id\":\"https:\\\/\\\/www.cuballama.com\\\/noticias\\\/#organization\"},\"potentialAction\":[{\"@type\":\"SearchAction\",\"target\":{\"@type\":\"EntryPoint\",\"urlTemplate\":\"https:\\\/\\\/www.cuballama.com\\\/noticias\\\/?s={search_term_string}\"},\"query-input\":{\"@type\":\"PropertyValueSpecification\",\"valueRequired\":true,\"valueName\":\"search_term_string\"}}],\"inLanguage\":\"es\"},{\"@type\":\"Organization\",\"@id\":\"https:\\\/\\\/www.cuballama.com\\\/noticias\\\/#organization\",\"name\":\"Cuballama\",\"url\":\"https:\\\/\\\/www.cuballama.com\\\/noticias\\\/\",\"logo\":{\"@type\":\"ImageObject\",\"inLanguage\":\"es\",\"@id\":\"https:\\\/\\\/www.cuballama.com\\\/noticias\\\/#\\\/schema\\\/logo\\\/image\\\/\",\"url\":\"https:\\\/\\\/cdn1.mediawpaccore.net\\\/wp-content\\\/uploads\\\/2021\\\/12\\\/28171206\\\/cbll-logo-color-sm.png\",\"contentUrl\":\"https:\\\/\\\/cdn1.mediawpaccore.net\\\/wp-content\\\/uploads\\\/2021\\\/12\\\/28171206\\\/cbll-logo-color-sm.png\",\"width\":600,\"height\":133,\"caption\":\"Cuballama\"},\"image\":{\"@id\":\"https:\\\/\\\/www.cuballama.com\\\/noticias\\\/#\\\/schema\\\/logo\\\/image\\\/\"},\"sameAs\":[\"https:\\\/\\\/www.facebook.com\\\/CubaLlama\",\"https:\\\/\\\/x.com\\\/cuballama\",\"https:\\\/\\\/www.instagram.com\\\/stories\\\/cuballama_oficial\\\/\",\"https:\\\/\\\/www.youtube.com\\\/channel\\\/UCKkFE-d_axENGZcrc4as0IA\"]},{\"@type\":\"Person\",\"@id\":\"https:\\\/\\\/www.cuballama.com\\\/noticias\\\/#\\\/schema\\\/person\\\/a58502ed4146c8e9f83872e897c76cd2\",\"name\":\"Roberto A.\",\"description\":\"Roberto A. Periodista por decisi\u00f3n propia. Interesado en cualquier tema que me apasione y cada vez m\u00e1s comprometido con la verdad y la objetividad period\u00edstica. Graduado en La Habana hace ya muchos a\u00f1os, luego de una accidentada y polvorienta b\u00fasqueda de informaci\u00f3n sobre un tema in\u00e9dito. La Tesis, por cierto, desapareci\u00f3 de la biblioteca y no se conservan copias de la misma.\",\"url\":\"https:\\\/\\\/www.cuballama.com\\\/noticias\\\/author\\\/roberto\\\/\"}]}<\/script>\n<!-- \/ Yoast SEO plugin. -->","yoast_head_json":{"title":"Cubana en USA suplica, junto a su ni\u00f1a, para que no deporten a su esposo, quien tiene una I-220B (+ video) - Cuballama Noticias","description":"Rainer Rodr\u00edguez Delgado, un cubano con I-220B, se encuentra actualmente detenido en Estados Unidos bajo riesgo de deportaci\u00f3n.","robots":{"index":"index","follow":"follow","max-snippet":"max-snippet:-1","max-image-preview":"max-image-preview:large","max-video-preview":"max-video-preview:-1"},"canonical":"https:\/\/www.cuballama.com\/noticias\/cubana-en-usa-suplica-junto-a-su-nina-para-que-no-deporten-a-su-esposo-quien-tiene-una-i-220b-video\/","og_locale":"es_ES","og_type":"article","og_title":"Cubana en USA suplica, junto a su ni\u00f1a, para que no deporten a su esposo, quien tiene una I-220B (+ video) - Cuballama Noticias","og_description":"Rainer Rodr\u00edguez Delgado, un cubano con I-220B, se encuentra actualmente detenido en Estados Unidos bajo riesgo de deportaci\u00f3n.","og_url":"https:\/\/www.cuballama.com\/noticias\/cubana-en-usa-suplica-junto-a-su-nina-para-que-no-deporten-a-su-esposo-quien-tiene-una-i-220b-video\/","og_site_name":"Cuballama Noticias","article_publisher":"https:\/\/www.facebook.com\/CubaLlama","article_published_time":"2025-08-19T13:39:30+00:00","article_modified_time":"2025-08-19T13:39:33+00:00","og_image":[{"width":954,"height":478,"url":"https:\/\/cdn1.mediawpaccore.net\/wp-content\/uploads\/2025\/04\/17055432\/image-53.png","type":"image\/png"}],"author":"Roberto A.","twitter_card":"summary_large_image","twitter_creator":"@cuballama","twitter_site":"@cuballama","twitter_misc":{"Escrito por":"Roberto A.","Tiempo de lectura":"3 minutos"},"schema":{"@context":"https:\/\/schema.org","@graph":[{"@type":"Article","@id":"https:\/\/www.cuballama.com\/noticias\/cubana-en-usa-suplica-junto-a-su-nina-para-que-no-deporten-a-su-esposo-quien-tiene-una-i-220b-video\/#article","isPartOf":{"@id":"https:\/\/www.cuballama.com\/noticias\/cubana-en-usa-suplica-junto-a-su-nina-para-que-no-deporten-a-su-esposo-quien-tiene-una-i-220b-video\/"},"author":{"name":"Roberto A.","@id":"https:\/\/www.cuballama.com\/noticias\/#\/schema\/person\/a58502ed4146c8e9f83872e897c76cd2"},"headline":"Cubana en USA suplica, junto a su ni\u00f1a, para que no deporten a su esposo, quien tiene una I-220B (+ video)","datePublished":"2025-08-19T13:39:30+00:00","dateModified":"2025-08-19T13:39:33+00:00","mainEntityOfPage":{"@id":"https:\/\/www.cuballama.com\/noticias\/cubana-en-usa-suplica-junto-a-su-nina-para-que-no-deporten-a-su-esposo-quien-tiene-una-i-220b-video\/"},"wordCount":459,"commentCount":0,"publisher":{"@id":"https:\/\/www.cuballama.com\/noticias\/#organization"},"image":{"@id":"https:\/\/www.cuballama.com\/noticias\/cubana-en-usa-suplica-junto-a-su-nina-para-que-no-deporten-a-su-esposo-quien-tiene-una-i-220b-video\/#primaryimage"},"thumbnailUrl":"https:\/\/cdn1.mediawpaccore.net\/wp-content\/uploads\/2025\/04\/17055432\/image-53.png","keywords":["ACLU","Alligator Alcatraz","deportaci\u00f3n","destacado","Estados Unidos","I-220B","Inmigrantes cubanos","Miami","Rainer Rodr\u00edguez Delgado","Ron DeSantis"],"articleSection":["Noticias","USA"],"inLanguage":"es","potentialAction":[{"@type":"CommentAction","name":"Comment","target":["https:\/\/www.cuballama.com\/noticias\/cubana-en-usa-suplica-junto-a-su-nina-para-que-no-deporten-a-su-esposo-quien-tiene-una-i-220b-video\/#respond"]}]},{"@type":"WebPage","@id":"https:\/\/www.cuballama.com\/noticias\/cubana-en-usa-suplica-junto-a-su-nina-para-que-no-deporten-a-su-esposo-quien-tiene-una-i-220b-video\/","url":"https:\/\/www.cuballama.com\/noticias\/cubana-en-usa-suplica-junto-a-su-nina-para-que-no-deporten-a-su-esposo-quien-tiene-una-i-220b-video\/","name":"Cubana en USA suplica, junto a su ni\u00f1a, para que no deporten a su esposo, quien tiene una I-220B (+ video) - Cuballama Noticias","isPartOf":{"@id":"https:\/\/www.cuballama.com\/noticias\/#website"},"primaryImageOfPage":{"@id":"https:\/\/www.cuballama.com\/noticias\/cubana-en-usa-suplica-junto-a-su-nina-para-que-no-deporten-a-su-esposo-quien-tiene-una-i-220b-video\/#primaryimage"},"image":{"@id":"https:\/\/www.cuballama.com\/noticias\/cubana-en-usa-suplica-junto-a-su-nina-para-que-no-deporten-a-su-esposo-quien-tiene-una-i-220b-video\/#primaryimage"},"thumbnailUrl":"https:\/\/cdn1.mediawpaccore.net\/wp-content\/uploads\/2025\/04\/17055432\/image-53.png","datePublished":"2025-08-19T13:39:30+00:00","dateModified":"2025-08-19T13:39:33+00:00","description":"Rainer Rodr\u00edguez Delgado, un cubano con I-220B, se encuentra actualmente detenido en Estados Unidos bajo riesgo de deportaci\u00f3n.","breadcrumb":{"@id":"https:\/\/www.cuballama.com\/noticias\/cubana-en-usa-suplica-junto-a-su-nina-para-que-no-deporten-a-su-esposo-quien-tiene-una-i-220b-video\/#breadcrumb"},"inLanguage":"es","potentialAction":[{"@type":"ReadAction","target":["https:\/\/www.cuballama.com\/noticias\/cubana-en-usa-suplica-junto-a-su-nina-para-que-no-deporten-a-su-esposo-quien-tiene-una-i-220b-video\/"]}]},{"@type":"ImageObject","inLanguage":"es","@id":"https:\/\/www.cuballama.com\/noticias\/cubana-en-usa-suplica-junto-a-su-nina-para-que-no-deporten-a-su-esposo-quien-tiene-una-i-220b-video\/#primaryimage","url":"https:\/\/cdn1.mediawpaccore.net\/wp-content\/uploads\/2025\/04\/17055432\/image-53.png","contentUrl":"https:\/\/cdn1.mediawpaccore.net\/wp-content\/uploads\/2025\/04\/17055432\/image-53.png","width":954,"height":478,"caption":"Foto REFERENCIAL: V\u00eda ICE"},{"@type":"BreadcrumbList","@id":"https:\/\/www.cuballama.com\/noticias\/cubana-en-usa-suplica-junto-a-su-nina-para-que-no-deporten-a-su-esposo-quien-tiene-una-i-220b-video\/#breadcrumb","itemListElement":[{"@type":"ListItem","position":1,"name":"Home","item":"https:\/\/www.cuballama.com\/noticias\/"},{"@type":"ListItem","position":2,"name":"Cubana en USA suplica, junto a su ni\u00f1a, para que no deporten a su esposo, quien tiene una I-220B (+ video)"}]},{"@type":"WebSite","@id":"https:\/\/www.cuballama.com\/noticias\/#website","url":"https:\/\/www.cuballama.com\/noticias\/","name":"Cuballama Noticias","description":"Medio digital sobre Cuba y el mundo","publisher":{"@id":"https:\/\/www.cuballama.com\/noticias\/#organization"},"potentialAction":[{"@type":"SearchAction","target":{"@type":"EntryPoint","urlTemplate":"https:\/\/www.cuballama.com\/noticias\/?s={search_term_string}"},"query-input":{"@type":"PropertyValueSpecification","valueRequired":true,"valueName":"search_term_string"}}],"inLanguage":"es"},{"@type":"Organization","@id":"https:\/\/www.cuballama.com\/noticias\/#organization","name":"Cuballama","url":"https:\/\/www.cuballama.com\/noticias\/","logo":{"@type":"ImageObject","inLanguage":"es","@id":"https:\/\/www.cuballama.com\/noticias\/#\/schema\/logo\/image\/","url":"https:\/\/cdn1.mediawpaccore.net\/wp-content\/uploads\/2021\/12\/28171206\/cbll-logo-color-sm.png","contentUrl":"https:\/\/cdn1.mediawpaccore.net\/wp-content\/uploads\/2021\/12\/28171206\/cbll-logo-color-sm.png","width":600,"height":133,"caption":"Cuballama"},"image":{"@id":"https:\/\/www.cuballama.com\/noticias\/#\/schema\/logo\/image\/"},"sameAs":["https:\/\/www.facebook.com\/CubaLlama","https:\/\/x.com\/cuballama","https:\/\/www.instagram.com\/stories\/cuballama_oficial\/","https:\/\/www.youtube.com\/channel\/UCKkFE-d_axENGZcrc4as0IA"]},{"@type":"Person","@id":"https:\/\/www.cuballama.com\/noticias\/#\/schema\/person\/a58502ed4146c8e9f83872e897c76cd2","name":"Roberto A.","description":"Roberto A. Periodista por decisi\u00f3n propia. Interesado en cualquier tema que me apasione y cada vez m\u00e1s comprometido con la verdad y la objetividad period\u00edstica. Graduado en La Habana hace ya muchos a\u00f1os, luego de una accidentada y polvorienta b\u00fasqueda de informaci\u00f3n sobre un tema in\u00e9dito. La Tesis, por cierto, desapareci\u00f3 de la biblioteca y no se conservan copias de la misma.","url":"https:\/\/www.cuballama.com\/noticias\/author\/roberto\/"}]}},"_links":{"self":[{"href":"https:\/\/www.cuballama.com\/noticias\/wp-json\/wp\/v2\/posts\/216952","targetHints":{"allow":["GET"]}}],"collection":[{"href":"https:\/\/www.cuballama.com\/noticias\/wp-json\/wp\/v2\/posts"}],"about":[{"href":"https:\/\/www.cuballama.com\/noticias\/wp-json\/wp\/v2\/types\/post"}],"author":[{"embeddable":true,"href":"https:\/\/www.cuballama.com\/noticias\/wp-json\/wp\/v2\/users\/13"}],"replies":[{"embeddable":true,"href":"https:\/\/www.cuballama.com\/noticias\/wp-json\/wp\/v2\/comments?post=216952"}],"version-history":[{"count":4,"href":"https:\/\/www.cuballama.com\/noticias\/wp-json\/wp\/v2\/posts\/216952\/revisions"}],"predecessor-version":[{"id":216977,"href":"https:\/\/www.cuballama.com\/noticias\/wp-json\/wp\/v2\/posts\/216952\/revisions\/216977"}],"wp:featuredmedia":[{"embeddable":true,"href":"https:\/\/www.cuballama.com\/noticias\/wp-json\/wp\/v2\/media\/204769"}],"wp:attachment":[{"href":"https:\/\/www.cuballama.com\/noticias\/wp-json\/wp\/v2\/media?parent=216952"}],"wp:term":[{"taxonomy":"category","embeddable":true,"href":"https:\/\/www.cuballama.com\/noticias\/wp-json\/wp\/v2\/categories?post=216952"},{"taxonomy":"post_tag","embeddable":true,"href":"https:\/\/www.cuballama.com\/noticias\/wp-json\/wp\/v2\/tags?post=216952"}],"curies":[{"name":"wp","href":"https:\/\/api.w.org\/{rel}","templated":true}]}}