{"id":216732,"date":"2025-08-20T07:00:00","date_gmt":"2025-08-20T11:00:00","guid":{"rendered":"https:\/\/www.cuballama.com\/noticias\/?p=216732"},"modified":"2025-09-08T21:38:38","modified_gmt":"2025-09-09T01:38:38","slug":"revelan-mas-detalles-sobre-cubano-buscado-por-asesinato-de-otro-en-miami","status":"publish","type":"post","link":"https:\/\/www.cuballama.com\/noticias\/revelan-mas-detalles-sobre-cubano-buscado-por-asesinato-de-otro-en-miami\/","title":{"rendered":"Revelan m\u00e1s detalles sobre cubano buscado por asesinar a otro en Miami"},"content":{"rendered":"\n<p>Alfredo Carballo, un cubano de 32 a\u00f1os que sigue siendo buscado por la polic\u00eda del condado de Miami-Dade, Florida, como el principal sospechoso del asesinato del tambi\u00e9n cubano Daylon Fleitas, no tiene estatus legal en Estados Unidos ya que le fue otorgado un formulario I-220 tras entrar por la frontera sur, seg\u00fan inform\u00f3 este martes el periodista de <em>Univisi\u00f3n 23<\/em>, Javier D\u00edaz.<\/p>\n\n\n\n<p>Carballo y su pareja, la cubana Ariely \u00c1lvarez, de 27 a\u00f1os, se mantienen pr\u00f3fugos de la justicia y estar\u00edan en compa\u00f1\u00eda de su hijo, un beb\u00e9 de cinco meses por cuyo bienestar temen las autoridades.<\/p>\n\n\n\n<p>Un <a href=\"https:\/\/www.cuballama.com\/noticias\/revelan-imagenes-de-asesinato-de-joven-cubano-en-miami\/?srsltid=AfmBOoqPz2EIvpR9AJfF2tTag3z3IEMdan9Ju7tsJ9OGqJ94njwzgK2V\">video de vigilancia<\/a> y un documento interno de la Sheriff de Miami-Dade confirmaron la relaci\u00f3n de la pareja con la muerte de Fleitas, de 37 a\u00f1os, cuyo cuerpo fue hallado sin vida el pasado 9 de agosto dentro de un contenedor de reciclaje con m\u00faltiples pu\u00f1aladas.<\/p>\n\n\n\n<p>Un d\u00eda antes hab\u00eda sido encontrada en la zona de la calle 210 del suroeste y la avenida 203 la Ford F-150 negra de Fleitas, con manchas de sangre y una mochila con evidencias.<\/p>\n\n\n\n<figure class=\"wp-block-image size-large\"><img loading=\"lazy\" decoding=\"async\" width=\"853\" height=\"1024\" src=\"https:\/\/cdn1.mediawpaccore.net\/wp-content\/uploads\/2025\/08\/19234336\/Imagen-de-WhatsApp-2025-08-19-a-las-23.42.58_fd534217-853x1024.jpg\" alt=\"\" class=\"wp-image-217068\" srcset=\"https:\/\/cdn1.mediawpaccore.net\/wp-content\/uploads\/2025\/08\/19234336\/Imagen-de-WhatsApp-2025-08-19-a-las-23.42.58_fd534217-853x1024.jpg 853w, https:\/\/cdn1.mediawpaccore.net\/wp-content\/uploads\/2025\/08\/19234336\/Imagen-de-WhatsApp-2025-08-19-a-las-23.42.58_fd534217-250x300.jpg 250w, https:\/\/cdn1.mediawpaccore.net\/wp-content\/uploads\/2025\/08\/19234336\/Imagen-de-WhatsApp-2025-08-19-a-las-23.42.58_fd534217-768x922.jpg 768w, https:\/\/cdn1.mediawpaccore.net\/wp-content\/uploads\/2025\/08\/19234336\/Imagen-de-WhatsApp-2025-08-19-a-las-23.42.58_fd534217-350x420.jpg 350w, https:\/\/cdn1.mediawpaccore.net\/wp-content\/uploads\/2025\/08\/19234336\/Imagen-de-WhatsApp-2025-08-19-a-las-23.42.58_fd534217-150x180.jpg 150w, https:\/\/cdn1.mediawpaccore.net\/wp-content\/uploads\/2025\/08\/19234336\/Imagen-de-WhatsApp-2025-08-19-a-las-23.42.58_fd534217-300x360.jpg 300w, https:\/\/cdn1.mediawpaccore.net\/wp-content\/uploads\/2025\/08\/19234336\/Imagen-de-WhatsApp-2025-08-19-a-las-23.42.58_fd534217-696x835.jpg 696w, https:\/\/cdn1.mediawpaccore.net\/wp-content\/uploads\/2025\/08\/19234336\/Imagen-de-WhatsApp-2025-08-19-a-las-23.42.58_fd534217-1068x1282.jpg 1068w, https:\/\/cdn1.mediawpaccore.net\/wp-content\/uploads\/2025\/08\/19234336\/Imagen-de-WhatsApp-2025-08-19-a-las-23.42.58_fd534217.jpg 1150w\" sizes=\"auto, (max-width: 853px) 100vw, 853px\" \/><\/figure>\n\n\n\n<p>Posteriormente, la oficina del m\u00e9dico forense de Miami-Dade confirm\u00f3 que la muerte de Fleitas, que hab\u00eda estado desaparecido de su hogar en Hialeah desde el 3 de agosto, fue un homicidio por objeto cortopunzante.<\/p>\n\n\n\n<p>Seg\u00fan la investigaci\u00f3n, la v\u00edctima hab\u00eda ido a cobrar 10.000 d\u00f3lares a Carballo, un conocido de su pueblo natal, San Antonio de los Ba\u00f1os, en un estacionamiento sito en la avenida 95 y la calle 106 del noroeste, en la ciudad de Medley, contigua a Hialeah.<\/p>\n\n\n\n<p>El video difundido por <em>Univisi\u00f3n 23<\/em> mostr\u00f3 a Carballo acerc\u00e1ndose a la camioneta de la v\u00edctima, quien poco despu\u00e9s cay\u00f3 al suelo. Luego, se ve al fugitivo colocando el cuerpo en un contenedor de reciclaje, el cual puso en la parte trasera de la camioneta, y alej\u00e1ndose del lugar, seguido de un auto manejado presuntamente por su esposa.<\/p>\n\n\n\n<p>Desde hace una semana la Oficina de la Sheriff de Miami-Dade lanz\u00f3 alertas oficiales para capturar a Carballo y \u00c1lvarez, que son considerados armados y peligrosos; as\u00ed como para rescatar a su hijo, Alain, quien podr\u00eda estar en riesgo.\u00a0<\/p>\n\n\n\n<p>Seg\u00fan trascendi\u00f3 en redes sociales, \u00c1lvarez trabajaba en un sal\u00f3n de tratamientos de belleza en Miami desde hace unos cuatro a\u00f1os y Carballo era chofer de Uber.<\/p>\n\n\n\n<p>Las autoridades ofrecieron una recompensa de hasta $5,000 por informaci\u00f3n que conduzca a su captura y reiteraron la llamada a la ciudadan\u00eda para compartir informaci\u00f3n an\u00f3nima a trav\u00e9s de la L\u00ednea de Alto al Crimen (305-471-8477).<\/p>\n\n\n\n<p><\/p>\n","protected":false},"excerpt":{"rendered":"<p>El presunto asesino y su pareja se encuentran huyendo de las autoridades.<\/p>\n","protected":false},"author":30,"featured_media":217066,"comment_status":"open","ping_status":"closed","sticky":false,"template":"","format":"standard","meta":{"_acf_changed":false,"footnotes":""},"categories":[18,11024],"tags":[10269,21239,12634,11050,26205,941],"class_list":{"0":"post-216732","1":"post","2":"type-post","3":"status-publish","4":"format-standard","5":"has-post-thumbnail","7":"category-noticias","8":"category-noticias-de-miami","9":"tag-cubano-asesinado","10":"tag-cubanos-con-i-220a","11":"tag-cubanos-en-hialeah","12":"tag-cubanos-en-miami","13":"tag-daylon-fleitas","14":"tag-destacado"},"acf":[],"yoast_head":"<!-- This site is optimized with the Yoast SEO plugin v27.5 - https:\/\/yoast.com\/product\/yoast-seo-wordpress\/ -->\n<title>Revelan m\u00e1s detalles sobre cubano buscado por asesinar a otro en Miami - Cuballama Noticias<\/title>\n<meta name=\"description\" content=\"El cubano Alfredo Carballo sigue siendo buscado por la polic\u00eda de Miami-Dade por el asesinato de otro cubano.\" \/>\n<meta name=\"robots\" content=\"index, follow, max-snippet:-1, max-image-preview:large, max-video-preview:-1\" \/>\n<link rel=\"canonical\" href=\"https:\/\/www.cuballama.com\/noticias\/revelan-mas-detalles-sobre-cubano-buscado-por-asesinato-de-otro-en-miami\/\" \/>\n<meta property=\"og:locale\" content=\"es_ES\" \/>\n<meta property=\"og:type\" content=\"article\" \/>\n<meta property=\"og:title\" content=\"Revelan m\u00e1s detalles sobre cubano buscado por asesinar a otro en Miami - Cuballama Noticias\" \/>\n<meta property=\"og:description\" content=\"El cubano Alfredo Carballo sigue siendo buscado por la polic\u00eda de Miami-Dade por el asesinato de otro cubano.\" \/>\n<meta property=\"og:url\" content=\"https:\/\/www.cuballama.com\/noticias\/revelan-mas-detalles-sobre-cubano-buscado-por-asesinato-de-otro-en-miami\/\" \/>\n<meta property=\"og:site_name\" content=\"Cuballama Noticias\" \/>\n<meta property=\"article:publisher\" content=\"https:\/\/www.facebook.com\/CubaLlama\" \/>\n<meta property=\"article:published_time\" content=\"2025-08-20T11:00:00+00:00\" \/>\n<meta property=\"article:modified_time\" content=\"2025-09-09T01:38:38+00:00\" \/>\n<meta property=\"og:image\" content=\"https:\/\/cdn1.mediawpaccore.net\/wp-content\/uploads\/2025\/08\/19230339\/Daylon-Fleitas-6.jpg.optimized1.jpg\" \/>\n\t<meta property=\"og:image:width\" content=\"1200\" \/>\n\t<meta property=\"og:image:height\" content=\"630\" \/>\n\t<meta property=\"og:image:type\" content=\"image\/jpeg\" \/>\n<meta name=\"author\" content=\"Kathy\" \/>\n<meta name=\"twitter:card\" content=\"summary_large_image\" \/>\n<meta name=\"twitter:creator\" content=\"@cuballama\" \/>\n<meta name=\"twitter:site\" content=\"@cuballama\" \/>\n<meta name=\"twitter:label1\" content=\"Escrito por\" \/>\n\t<meta name=\"twitter:data1\" content=\"Kathy\" \/>\n\t<meta name=\"twitter:label2\" content=\"Tiempo de lectura\" \/>\n\t<meta name=\"twitter:data2\" content=\"3 minutos\" \/>\n<script type=\"application\/ld+json\" class=\"yoast-schema-graph\">{\"@context\":\"https:\\\/\\\/schema.org\",\"@graph\":[{\"@type\":\"Article\",\"@id\":\"https:\\\/\\\/www.cuballama.com\\\/noticias\\\/revelan-mas-detalles-sobre-cubano-buscado-por-asesinato-de-otro-en-miami\\\/#article\",\"isPartOf\":{\"@id\":\"https:\\\/\\\/www.cuballama.com\\\/noticias\\\/revelan-mas-detalles-sobre-cubano-buscado-por-asesinato-de-otro-en-miami\\\/\"},\"author\":{\"name\":\"Kathy\",\"@id\":\"https:\\\/\\\/www.cuballama.com\\\/noticias\\\/#\\\/schema\\\/person\\\/86cd3e3f4974437f031211213bf892d5\"},\"headline\":\"Revelan m\u00e1s detalles sobre cubano buscado por asesinar a otro en Miami\",\"datePublished\":\"2025-08-20T11:00:00+00:00\",\"dateModified\":\"2025-09-09T01:38:38+00:00\",\"mainEntityOfPage\":{\"@id\":\"https:\\\/\\\/www.cuballama.com\\\/noticias\\\/revelan-mas-detalles-sobre-cubano-buscado-por-asesinato-de-otro-en-miami\\\/\"},\"wordCount\":458,\"commentCount\":0,\"publisher\":{\"@id\":\"https:\\\/\\\/www.cuballama.com\\\/noticias\\\/#organization\"},\"image\":{\"@id\":\"https:\\\/\\\/www.cuballama.com\\\/noticias\\\/revelan-mas-detalles-sobre-cubano-buscado-por-asesinato-de-otro-en-miami\\\/#primaryimage\"},\"thumbnailUrl\":\"https:\\\/\\\/cdn1.mediawpaccore.net\\\/wp-content\\\/uploads\\\/2025\\\/08\\\/19230339\\\/Daylon-Fleitas-6.jpg.optimized1.jpg\",\"keywords\":[\"cubano asesinado\",\"Cubanos con I-220A\",\"Cubanos en Hialeah\",\"cubanos en Miami\",\"Daylon Fleitas\",\"destacado\"],\"articleSection\":[\"Noticias\",\"Noticias de Miami\"],\"inLanguage\":\"es\",\"potentialAction\":[{\"@type\":\"CommentAction\",\"name\":\"Comment\",\"target\":[\"https:\\\/\\\/www.cuballama.com\\\/noticias\\\/revelan-mas-detalles-sobre-cubano-buscado-por-asesinato-de-otro-en-miami\\\/#respond\"]}]},{\"@type\":\"WebPage\",\"@id\":\"https:\\\/\\\/www.cuballama.com\\\/noticias\\\/revelan-mas-detalles-sobre-cubano-buscado-por-asesinato-de-otro-en-miami\\\/\",\"url\":\"https:\\\/\\\/www.cuballama.com\\\/noticias\\\/revelan-mas-detalles-sobre-cubano-buscado-por-asesinato-de-otro-en-miami\\\/\",\"name\":\"Revelan m\u00e1s detalles sobre cubano buscado por asesinar a otro en Miami - Cuballama Noticias\",\"isPartOf\":{\"@id\":\"https:\\\/\\\/www.cuballama.com\\\/noticias\\\/#website\"},\"primaryImageOfPage\":{\"@id\":\"https:\\\/\\\/www.cuballama.com\\\/noticias\\\/revelan-mas-detalles-sobre-cubano-buscado-por-asesinato-de-otro-en-miami\\\/#primaryimage\"},\"image\":{\"@id\":\"https:\\\/\\\/www.cuballama.com\\\/noticias\\\/revelan-mas-detalles-sobre-cubano-buscado-por-asesinato-de-otro-en-miami\\\/#primaryimage\"},\"thumbnailUrl\":\"https:\\\/\\\/cdn1.mediawpaccore.net\\\/wp-content\\\/uploads\\\/2025\\\/08\\\/19230339\\\/Daylon-Fleitas-6.jpg.optimized1.jpg\",\"datePublished\":\"2025-08-20T11:00:00+00:00\",\"dateModified\":\"2025-09-09T01:38:38+00:00\",\"description\":\"El cubano Alfredo Carballo sigue siendo buscado por la polic\u00eda de Miami-Dade por el asesinato de otro cubano.\",\"breadcrumb\":{\"@id\":\"https:\\\/\\\/www.cuballama.com\\\/noticias\\\/revelan-mas-detalles-sobre-cubano-buscado-por-asesinato-de-otro-en-miami\\\/#breadcrumb\"},\"inLanguage\":\"es\",\"potentialAction\":[{\"@type\":\"ReadAction\",\"target\":[\"https:\\\/\\\/www.cuballama.com\\\/noticias\\\/revelan-mas-detalles-sobre-cubano-buscado-por-asesinato-de-otro-en-miami\\\/\"]}]},{\"@type\":\"ImageObject\",\"inLanguage\":\"es\",\"@id\":\"https:\\\/\\\/www.cuballama.com\\\/noticias\\\/revelan-mas-detalles-sobre-cubano-buscado-por-asesinato-de-otro-en-miami\\\/#primaryimage\",\"url\":\"https:\\\/\\\/cdn1.mediawpaccore.net\\\/wp-content\\\/uploads\\\/2025\\\/08\\\/19230339\\\/Daylon-Fleitas-6.jpg.optimized1.jpg\",\"contentUrl\":\"https:\\\/\\\/cdn1.mediawpaccore.net\\\/wp-content\\\/uploads\\\/2025\\\/08\\\/19230339\\\/Daylon-Fleitas-6.jpg.optimized1.jpg\",\"width\":1200,\"height\":630,\"caption\":\"Alfredo Carballo Gonz\u00e1lez. Foto: Univisi\u00f3n 23.\"},{\"@type\":\"BreadcrumbList\",\"@id\":\"https:\\\/\\\/www.cuballama.com\\\/noticias\\\/revelan-mas-detalles-sobre-cubano-buscado-por-asesinato-de-otro-en-miami\\\/#breadcrumb\",\"itemListElement\":[{\"@type\":\"ListItem\",\"position\":1,\"name\":\"Home\",\"item\":\"https:\\\/\\\/www.cuballama.com\\\/noticias\\\/\"},{\"@type\":\"ListItem\",\"position\":2,\"name\":\"Revelan m\u00e1s detalles sobre cubano buscado por asesinar a otro en Miami\"}]},{\"@type\":\"WebSite\",\"@id\":\"https:\\\/\\\/www.cuballama.com\\\/noticias\\\/#website\",\"url\":\"https:\\\/\\\/www.cuballama.com\\\/noticias\\\/\",\"name\":\"Cuballama Noticias\",\"description\":\"Medio digital sobre Cuba y el mundo\",\"publisher\":{\"@id\":\"https:\\\/\\\/www.cuballama.com\\\/noticias\\\/#organization\"},\"potentialAction\":[{\"@type\":\"SearchAction\",\"target\":{\"@type\":\"EntryPoint\",\"urlTemplate\":\"https:\\\/\\\/www.cuballama.com\\\/noticias\\\/?s={search_term_string}\"},\"query-input\":{\"@type\":\"PropertyValueSpecification\",\"valueRequired\":true,\"valueName\":\"search_term_string\"}}],\"inLanguage\":\"es\"},{\"@type\":\"Organization\",\"@id\":\"https:\\\/\\\/www.cuballama.com\\\/noticias\\\/#organization\",\"name\":\"Cuballama\",\"url\":\"https:\\\/\\\/www.cuballama.com\\\/noticias\\\/\",\"logo\":{\"@type\":\"ImageObject\",\"inLanguage\":\"es\",\"@id\":\"https:\\\/\\\/www.cuballama.com\\\/noticias\\\/#\\\/schema\\\/logo\\\/image\\\/\",\"url\":\"https:\\\/\\\/cdn1.mediawpaccore.net\\\/wp-content\\\/uploads\\\/2021\\\/12\\\/28171206\\\/cbll-logo-color-sm.png\",\"contentUrl\":\"https:\\\/\\\/cdn1.mediawpaccore.net\\\/wp-content\\\/uploads\\\/2021\\\/12\\\/28171206\\\/cbll-logo-color-sm.png\",\"width\":600,\"height\":133,\"caption\":\"Cuballama\"},\"image\":{\"@id\":\"https:\\\/\\\/www.cuballama.com\\\/noticias\\\/#\\\/schema\\\/logo\\\/image\\\/\"},\"sameAs\":[\"https:\\\/\\\/www.facebook.com\\\/CubaLlama\",\"https:\\\/\\\/x.com\\\/cuballama\",\"https:\\\/\\\/www.instagram.com\\\/stories\\\/cuballama_oficial\\\/\",\"https:\\\/\\\/www.youtube.com\\\/channel\\\/UCKkFE-d_axENGZcrc4as0IA\"]},{\"@type\":\"Person\",\"@id\":\"https:\\\/\\\/www.cuballama.com\\\/noticias\\\/#\\\/schema\\\/person\\\/86cd3e3f4974437f031211213bf892d5\",\"name\":\"Kathy\",\"url\":\"https:\\\/\\\/www.cuballama.com\\\/noticias\\\/author\\\/kathy\\\/\"}]}<\/script>\n<!-- \/ Yoast SEO plugin. -->","yoast_head_json":{"title":"Revelan m\u00e1s detalles sobre cubano buscado por asesinar a otro en Miami - Cuballama Noticias","description":"El cubano Alfredo Carballo sigue siendo buscado por la polic\u00eda de Miami-Dade por el asesinato de otro cubano.","robots":{"index":"index","follow":"follow","max-snippet":"max-snippet:-1","max-image-preview":"max-image-preview:large","max-video-preview":"max-video-preview:-1"},"canonical":"https:\/\/www.cuballama.com\/noticias\/revelan-mas-detalles-sobre-cubano-buscado-por-asesinato-de-otro-en-miami\/","og_locale":"es_ES","og_type":"article","og_title":"Revelan m\u00e1s detalles sobre cubano buscado por asesinar a otro en Miami - Cuballama Noticias","og_description":"El cubano Alfredo Carballo sigue siendo buscado por la polic\u00eda de Miami-Dade por el asesinato de otro cubano.","og_url":"https:\/\/www.cuballama.com\/noticias\/revelan-mas-detalles-sobre-cubano-buscado-por-asesinato-de-otro-en-miami\/","og_site_name":"Cuballama Noticias","article_publisher":"https:\/\/www.facebook.com\/CubaLlama","article_published_time":"2025-08-20T11:00:00+00:00","article_modified_time":"2025-09-09T01:38:38+00:00","og_image":[{"width":1200,"height":630,"url":"https:\/\/cdn1.mediawpaccore.net\/wp-content\/uploads\/2025\/08\/19230339\/Daylon-Fleitas-6.jpg.optimized1.jpg","type":"image\/jpeg"}],"author":"Kathy","twitter_card":"summary_large_image","twitter_creator":"@cuballama","twitter_site":"@cuballama","twitter_misc":{"Escrito por":"Kathy","Tiempo de lectura":"3 minutos"},"schema":{"@context":"https:\/\/schema.org","@graph":[{"@type":"Article","@id":"https:\/\/www.cuballama.com\/noticias\/revelan-mas-detalles-sobre-cubano-buscado-por-asesinato-de-otro-en-miami\/#article","isPartOf":{"@id":"https:\/\/www.cuballama.com\/noticias\/revelan-mas-detalles-sobre-cubano-buscado-por-asesinato-de-otro-en-miami\/"},"author":{"name":"Kathy","@id":"https:\/\/www.cuballama.com\/noticias\/#\/schema\/person\/86cd3e3f4974437f031211213bf892d5"},"headline":"Revelan m\u00e1s detalles sobre cubano buscado por asesinar a otro en Miami","datePublished":"2025-08-20T11:00:00+00:00","dateModified":"2025-09-09T01:38:38+00:00","mainEntityOfPage":{"@id":"https:\/\/www.cuballama.com\/noticias\/revelan-mas-detalles-sobre-cubano-buscado-por-asesinato-de-otro-en-miami\/"},"wordCount":458,"commentCount":0,"publisher":{"@id":"https:\/\/www.cuballama.com\/noticias\/#organization"},"image":{"@id":"https:\/\/www.cuballama.com\/noticias\/revelan-mas-detalles-sobre-cubano-buscado-por-asesinato-de-otro-en-miami\/#primaryimage"},"thumbnailUrl":"https:\/\/cdn1.mediawpaccore.net\/wp-content\/uploads\/2025\/08\/19230339\/Daylon-Fleitas-6.jpg.optimized1.jpg","keywords":["cubano asesinado","Cubanos con I-220A","Cubanos en Hialeah","cubanos en Miami","Daylon Fleitas","destacado"],"articleSection":["Noticias","Noticias de Miami"],"inLanguage":"es","potentialAction":[{"@type":"CommentAction","name":"Comment","target":["https:\/\/www.cuballama.com\/noticias\/revelan-mas-detalles-sobre-cubano-buscado-por-asesinato-de-otro-en-miami\/#respond"]}]},{"@type":"WebPage","@id":"https:\/\/www.cuballama.com\/noticias\/revelan-mas-detalles-sobre-cubano-buscado-por-asesinato-de-otro-en-miami\/","url":"https:\/\/www.cuballama.com\/noticias\/revelan-mas-detalles-sobre-cubano-buscado-por-asesinato-de-otro-en-miami\/","name":"Revelan m\u00e1s detalles sobre cubano buscado por asesinar a otro en Miami - Cuballama Noticias","isPartOf":{"@id":"https:\/\/www.cuballama.com\/noticias\/#website"},"primaryImageOfPage":{"@id":"https:\/\/www.cuballama.com\/noticias\/revelan-mas-detalles-sobre-cubano-buscado-por-asesinato-de-otro-en-miami\/#primaryimage"},"image":{"@id":"https:\/\/www.cuballama.com\/noticias\/revelan-mas-detalles-sobre-cubano-buscado-por-asesinato-de-otro-en-miami\/#primaryimage"},"thumbnailUrl":"https:\/\/cdn1.mediawpaccore.net\/wp-content\/uploads\/2025\/08\/19230339\/Daylon-Fleitas-6.jpg.optimized1.jpg","datePublished":"2025-08-20T11:00:00+00:00","dateModified":"2025-09-09T01:38:38+00:00","description":"El cubano Alfredo Carballo sigue siendo buscado por la polic\u00eda de Miami-Dade por el asesinato de otro cubano.","breadcrumb":{"@id":"https:\/\/www.cuballama.com\/noticias\/revelan-mas-detalles-sobre-cubano-buscado-por-asesinato-de-otro-en-miami\/#breadcrumb"},"inLanguage":"es","potentialAction":[{"@type":"ReadAction","target":["https:\/\/www.cuballama.com\/noticias\/revelan-mas-detalles-sobre-cubano-buscado-por-asesinato-de-otro-en-miami\/"]}]},{"@type":"ImageObject","inLanguage":"es","@id":"https:\/\/www.cuballama.com\/noticias\/revelan-mas-detalles-sobre-cubano-buscado-por-asesinato-de-otro-en-miami\/#primaryimage","url":"https:\/\/cdn1.mediawpaccore.net\/wp-content\/uploads\/2025\/08\/19230339\/Daylon-Fleitas-6.jpg.optimized1.jpg","contentUrl":"https:\/\/cdn1.mediawpaccore.net\/wp-content\/uploads\/2025\/08\/19230339\/Daylon-Fleitas-6.jpg.optimized1.jpg","width":1200,"height":630,"caption":"Alfredo Carballo Gonz\u00e1lez. Foto: Univisi\u00f3n 23."},{"@type":"BreadcrumbList","@id":"https:\/\/www.cuballama.com\/noticias\/revelan-mas-detalles-sobre-cubano-buscado-por-asesinato-de-otro-en-miami\/#breadcrumb","itemListElement":[{"@type":"ListItem","position":1,"name":"Home","item":"https:\/\/www.cuballama.com\/noticias\/"},{"@type":"ListItem","position":2,"name":"Revelan m\u00e1s detalles sobre cubano buscado por asesinar a otro en Miami"}]},{"@type":"WebSite","@id":"https:\/\/www.cuballama.com\/noticias\/#website","url":"https:\/\/www.cuballama.com\/noticias\/","name":"Cuballama Noticias","description":"Medio digital sobre Cuba y el mundo","publisher":{"@id":"https:\/\/www.cuballama.com\/noticias\/#organization"},"potentialAction":[{"@type":"SearchAction","target":{"@type":"EntryPoint","urlTemplate":"https:\/\/www.cuballama.com\/noticias\/?s={search_term_string}"},"query-input":{"@type":"PropertyValueSpecification","valueRequired":true,"valueName":"search_term_string"}}],"inLanguage":"es"},{"@type":"Organization","@id":"https:\/\/www.cuballama.com\/noticias\/#organization","name":"Cuballama","url":"https:\/\/www.cuballama.com\/noticias\/","logo":{"@type":"ImageObject","inLanguage":"es","@id":"https:\/\/www.cuballama.com\/noticias\/#\/schema\/logo\/image\/","url":"https:\/\/cdn1.mediawpaccore.net\/wp-content\/uploads\/2021\/12\/28171206\/cbll-logo-color-sm.png","contentUrl":"https:\/\/cdn1.mediawpaccore.net\/wp-content\/uploads\/2021\/12\/28171206\/cbll-logo-color-sm.png","width":600,"height":133,"caption":"Cuballama"},"image":{"@id":"https:\/\/www.cuballama.com\/noticias\/#\/schema\/logo\/image\/"},"sameAs":["https:\/\/www.facebook.com\/CubaLlama","https:\/\/x.com\/cuballama","https:\/\/www.instagram.com\/stories\/cuballama_oficial\/","https:\/\/www.youtube.com\/channel\/UCKkFE-d_axENGZcrc4as0IA"]},{"@type":"Person","@id":"https:\/\/www.cuballama.com\/noticias\/#\/schema\/person\/86cd3e3f4974437f031211213bf892d5","name":"Kathy","url":"https:\/\/www.cuballama.com\/noticias\/author\/kathy\/"}]}},"_links":{"self":[{"href":"https:\/\/www.cuballama.com\/noticias\/wp-json\/wp\/v2\/posts\/216732","targetHints":{"allow":["GET"]}}],"collection":[{"href":"https:\/\/www.cuballama.com\/noticias\/wp-json\/wp\/v2\/posts"}],"about":[{"href":"https:\/\/www.cuballama.com\/noticias\/wp-json\/wp\/v2\/types\/post"}],"author":[{"embeddable":true,"href":"https:\/\/www.cuballama.com\/noticias\/wp-json\/wp\/v2\/users\/30"}],"replies":[{"embeddable":true,"href":"https:\/\/www.cuballama.com\/noticias\/wp-json\/wp\/v2\/comments?post=216732"}],"version-history":[{"count":11,"href":"https:\/\/www.cuballama.com\/noticias\/wp-json\/wp\/v2\/posts\/216732\/revisions"}],"predecessor-version":[{"id":218965,"href":"https:\/\/www.cuballama.com\/noticias\/wp-json\/wp\/v2\/posts\/216732\/revisions\/218965"}],"wp:featuredmedia":[{"embeddable":true,"href":"https:\/\/www.cuballama.com\/noticias\/wp-json\/wp\/v2\/media\/217066"}],"wp:attachment":[{"href":"https:\/\/www.cuballama.com\/noticias\/wp-json\/wp\/v2\/media?parent=216732"}],"wp:term":[{"taxonomy":"category","embeddable":true,"href":"https:\/\/www.cuballama.com\/noticias\/wp-json\/wp\/v2\/categories?post=216732"},{"taxonomy":"post_tag","embeddable":true,"href":"https:\/\/www.cuballama.com\/noticias\/wp-json\/wp\/v2\/tags?post=216732"}],"curies":[{"name":"wp","href":"https:\/\/api.w.org\/{rel}","templated":true}]}}