{"id":216701,"date":"2025-08-15T14:00:42","date_gmt":"2025-08-15T18:00:42","guid":{"rendered":"https:\/\/www.cuballama.com\/noticias\/?p=216701"},"modified":"2025-09-08T21:40:10","modified_gmt":"2025-09-09T01:40:10","slug":"revelan-imagenes-de-asesinato-de-joven-cubano-en-miami","status":"publish","type":"post","link":"https:\/\/www.cuballama.com\/noticias\/revelan-imagenes-de-asesinato-de-joven-cubano-en-miami\/","title":{"rendered":"Revelan im\u00e1genes de asesinato de joven cubano en Miami"},"content":{"rendered":"\n<p>La polic\u00eda de Miami-Dade ha revelado im\u00e1genes del momento en que habr\u00eda sido asesinado Daylon Fleitas Gonz\u00e1lez, un cubano de 37 a\u00f1os que fue <a href=\"https:\/\/www.cuballama.com\/noticias\/hallan-sin-vida-a-joven-cubano-desaparecido-en-hialeah\/\" target=\"_blank\" rel=\"noreferrer noopener\">hallado sin vida<\/a> esta semana cerca de los Everglades, al suroeste del condado floridano, seg\u00fan inform\u00f3 este jueves el periodista Daniel Ben\u00edtez, de <em>Univisi\u00f3n 23<\/em>.<\/p>\n\n\n\n<p>El incidente habr\u00eda sido grabado en video de vigilancia en un estacionamiento de camiones, ubicado en la avenida 95 y la calle 106 del noroeste, en Medley, donde Daylon se reuni\u00f3 con otro cubano, <a href=\"https:\/\/www.cuballama.com\/noticias\/policia-de-miami-busca-a-pareja-por-asesinato-de-joven-cubano\/\" target=\"_blank\" rel=\"noreferrer noopener\">Alfredo Carballo Gonz\u00e1lez<\/a>, de 32 a\u00f1os, con el fin de cobrar un pr\u00e9stamo de 10 mil d\u00f3lares.<\/p>\n\n\n\n<p>El material muestra la camioneta Ford negra que manejaba la v\u00edctima y que fue encontrada posteriormente cerca de su cad\u00e1ver, junto a otro veh\u00edculo, del cual sali\u00f3 Alfredo, una de las personas buscadas actualmente por el asesinato.<\/p>\n\n\n\n<p>\u201cLa v\u00edctima y el sujeto ingresaron a la camioneta de la v\u00edctima. Poco despu\u00e9s, se observa a la v\u00edctima caer del veh\u00edculo y al sujeto arrastr\u00e1ndola por el suelo\u201d, se\u00f1al\u00f3 un documento interno de la Oficina de la Sheriff de Miami-Dade.<\/p>\n\n\n\n<blockquote class=\"tiktok-embed\" cite=\"https:\/\/www.tiktok.com\/@univision23miami\/video\/7538803868851883295\" data-video-id=\"7538803868851883295\" style=\"max-width: 605px;min-width: 325px;\" > <section> <a target=\"_blank\" title=\"@univision23miami\" href=\"https:\/\/www.tiktok.com\/@univision23miami?refer=embed\">@univision23miami<\/a> <p>Exclusivo: video del momento previo al asesinato del hispano reportado como desaparecido en Hialeah.<\/p> <a target=\"_blank\" title=\"\u266c original sound  - Univision Miami\" href=\"https:\/\/www.tiktok.com\/music\/original-sound-Univision-Miami-7538803824329968415?refer=embed\">\u266c original sound  &#8211; Univision Miami<\/a> <\/section> <\/blockquote> <script async src=\"https:\/\/www.tiktok.com\/embed.js\"><\/script>\n\n\n\n<p>\u201cEl sujeto coloc\u00f3 un contenedor de reciclaje en la parte trasera de la camioneta de la v\u00edctima y se alej\u00f3 en ella, mientras otro veh\u00edculo lo segu\u00eda\u201d, precis\u00f3 el mismo texto al que tuvo acceso <em>Univisi\u00f3n 23<\/em>.<\/p>\n\n\n\n<p>Daylon hab\u00eda desaparecido de su hogar en Hialeah desde el 3 de agosto, mismo d\u00eda en que habr\u00eda ocurrido el crimen, seg\u00fan las autoridades locales.<\/p>\n\n\n\n<p>La v\u00edctima hab\u00eda salido de su casa \u201ca cobrar un dinero que le deb\u00edan\u201d y a reunirse con alguien conocido, pero nunca regres\u00f3.<\/p>\n\n\n\n<p>Tras el hallazgo del cad\u00e1ver, la polic\u00eda lanz\u00f3 una orden de b\u00fasqueda y captura para Alfredo y su esposa, Ariely \u00c1lvarez Cabrera, tambi\u00e9n cubana, de 27 a\u00f1os.<\/p>\n\n\n\n<p>Hasta el momento ambos est\u00e1n <a href=\"https:\/\/www.cuballama.com\/noticias\/salen-a-la-luz-detalles-de-pareja-de-cubanos-buscada-en-miami-por-asesinato\/\" target=\"_blank\" rel=\"noreferrer noopener\">pr\u00f3fugos de la justicia junto a su hijo<\/a>, un beb\u00e9 de apenas cinco meses cuya vida podr\u00eda estar en peligro.&nbsp;<\/p>\n\n\n\n<p>La polic\u00eda ha insistido en que ambos sospechosos son considerados armados y peligrosos. Ambos son adem\u00e1s naturales de San Antonio de los Ba\u00f1os, en la provincia cubana de Artemisa, al igual que la v\u00edctima.<\/p>\n\n\n\n<p>En el video publicado por <em>Univisi\u00f3n 23 <\/em>se ve a Alfredo yendo hacia la camioneta de Daylon, al que al parecer le habr\u00eda disparado, por lo que se presume que Ariely estaba en el veh\u00edculo en el que lleg\u00f3 al encuentro que tuvo un tr\u00e1gico desenlace.<\/p>\n\n\n\n<p>\u201cSin palabras. Conozco a ambos y en mi cabeza no cab\u00eda que Alfredo fuera capaz de eso\u201d, coment\u00f3 un conocido de ambos en TikTok.<\/p>\n\n\n\n<p>Hasta el momento en que fue revelado el video poco se sab\u00eda de las circunstancias en que ocurri\u00f3 el homicidio y muchos allegados a la v\u00edctima y al presunto asesino desconfiaban de que \u00e9l o su esposa hubieran tenido que ver con el crimen.<\/p>\n\n\n\n<p><\/p>\n","protected":false},"excerpt":{"rendered":"<p>La v\u00edctima se habr\u00eda reunido con el presunto asesino con el fin de cobrar un pr\u00e9stamo de 10 mil d\u00f3lares.<\/p>\n","protected":false},"author":30,"featured_media":216311,"comment_status":"open","ping_status":"closed","sticky":false,"template":"","format":"standard","meta":{"_acf_changed":false,"footnotes":""},"categories":[18,11024],"tags":[19597,10269,11050,941],"class_list":{"0":"post-216701","1":"post","2":"type-post","3":"status-publish","4":"format-standard","5":"has-post-thumbnail","7":"category-noticias","8":"category-noticias-de-miami","9":"tag-asesinatos-en-miami","10":"tag-cubano-asesinado","11":"tag-cubanos-en-miami","12":"tag-destacado"},"acf":[],"yoast_head":"<!-- This site is optimized with the Yoast SEO plugin v27.5 - https:\/\/yoast.com\/product\/yoast-seo-wordpress\/ -->\n<title>Revelan im\u00e1genes de asesinato de joven cubano en Miami - Cuballama Noticias<\/title>\n<meta name=\"description\" content=\"La polic\u00eda de Miami-Dade ha revelado im\u00e1genes del momento en que habr\u00eda sido asesinado el joven cubano Daylon Fleitas.\" \/>\n<meta name=\"robots\" content=\"index, follow, max-snippet:-1, max-image-preview:large, max-video-preview:-1\" \/>\n<link rel=\"canonical\" href=\"https:\/\/www.cuballama.com\/noticias\/revelan-imagenes-de-asesinato-de-joven-cubano-en-miami\/\" \/>\n<meta property=\"og:locale\" content=\"es_ES\" \/>\n<meta property=\"og:type\" content=\"article\" \/>\n<meta property=\"og:title\" content=\"Revelan im\u00e1genes de asesinato de joven cubano en Miami - Cuballama Noticias\" \/>\n<meta property=\"og:description\" content=\"La polic\u00eda de Miami-Dade ha revelado im\u00e1genes del momento en que habr\u00eda sido asesinado el joven cubano Daylon Fleitas.\" \/>\n<meta property=\"og:url\" content=\"https:\/\/www.cuballama.com\/noticias\/revelan-imagenes-de-asesinato-de-joven-cubano-en-miami\/\" \/>\n<meta property=\"og:site_name\" content=\"Cuballama Noticias\" \/>\n<meta property=\"article:publisher\" content=\"https:\/\/www.facebook.com\/CubaLlama\" \/>\n<meta property=\"article:published_time\" content=\"2025-08-15T18:00:42+00:00\" \/>\n<meta property=\"article:modified_time\" content=\"2025-09-09T01:40:10+00:00\" \/>\n<meta property=\"og:image\" content=\"https:\/\/cdn1.mediawpaccore.net\/wp-content\/uploads\/2025\/08\/12143006\/530914145_1342384714150878_6910114485553917255_n2.jpg\" \/>\n\t<meta property=\"og:image:width\" content=\"1200\" \/>\n\t<meta property=\"og:image:height\" content=\"630\" \/>\n\t<meta property=\"og:image:type\" content=\"image\/jpeg\" \/>\n<meta name=\"author\" content=\"Kathy\" \/>\n<meta name=\"twitter:card\" content=\"summary_large_image\" \/>\n<meta name=\"twitter:creator\" content=\"@cuballama\" \/>\n<meta name=\"twitter:site\" content=\"@cuballama\" \/>\n<meta name=\"twitter:label1\" content=\"Escrito por\" \/>\n\t<meta name=\"twitter:data1\" content=\"Kathy\" \/>\n\t<meta name=\"twitter:label2\" content=\"Tiempo de lectura\" \/>\n\t<meta name=\"twitter:data2\" content=\"3 minutos\" \/>\n<script type=\"application\/ld+json\" class=\"yoast-schema-graph\">{\"@context\":\"https:\\\/\\\/schema.org\",\"@graph\":[{\"@type\":\"Article\",\"@id\":\"https:\\\/\\\/www.cuballama.com\\\/noticias\\\/revelan-imagenes-de-asesinato-de-joven-cubano-en-miami\\\/#article\",\"isPartOf\":{\"@id\":\"https:\\\/\\\/www.cuballama.com\\\/noticias\\\/revelan-imagenes-de-asesinato-de-joven-cubano-en-miami\\\/\"},\"author\":{\"name\":\"Kathy\",\"@id\":\"https:\\\/\\\/www.cuballama.com\\\/noticias\\\/#\\\/schema\\\/person\\\/86cd3e3f4974437f031211213bf892d5\"},\"headline\":\"Revelan im\u00e1genes de asesinato de joven cubano en Miami\",\"datePublished\":\"2025-08-15T18:00:42+00:00\",\"dateModified\":\"2025-09-09T01:40:10+00:00\",\"mainEntityOfPage\":{\"@id\":\"https:\\\/\\\/www.cuballama.com\\\/noticias\\\/revelan-imagenes-de-asesinato-de-joven-cubano-en-miami\\\/\"},\"wordCount\":538,\"commentCount\":0,\"publisher\":{\"@id\":\"https:\\\/\\\/www.cuballama.com\\\/noticias\\\/#organization\"},\"image\":{\"@id\":\"https:\\\/\\\/www.cuballama.com\\\/noticias\\\/revelan-imagenes-de-asesinato-de-joven-cubano-en-miami\\\/#primaryimage\"},\"thumbnailUrl\":\"https:\\\/\\\/cdn1.mediawpaccore.net\\\/wp-content\\\/uploads\\\/2025\\\/08\\\/12143006\\\/530914145_1342384714150878_6910114485553917255_n2.jpg\",\"keywords\":[\"Asesinatos en Miami\",\"cubano asesinado\",\"cubanos en Miami\",\"destacado\"],\"articleSection\":[\"Noticias\",\"Noticias de Miami\"],\"inLanguage\":\"es\",\"potentialAction\":[{\"@type\":\"CommentAction\",\"name\":\"Comment\",\"target\":[\"https:\\\/\\\/www.cuballama.com\\\/noticias\\\/revelan-imagenes-de-asesinato-de-joven-cubano-en-miami\\\/#respond\"]}]},{\"@type\":\"WebPage\",\"@id\":\"https:\\\/\\\/www.cuballama.com\\\/noticias\\\/revelan-imagenes-de-asesinato-de-joven-cubano-en-miami\\\/\",\"url\":\"https:\\\/\\\/www.cuballama.com\\\/noticias\\\/revelan-imagenes-de-asesinato-de-joven-cubano-en-miami\\\/\",\"name\":\"Revelan im\u00e1genes de asesinato de joven cubano en Miami - Cuballama Noticias\",\"isPartOf\":{\"@id\":\"https:\\\/\\\/www.cuballama.com\\\/noticias\\\/#website\"},\"primaryImageOfPage\":{\"@id\":\"https:\\\/\\\/www.cuballama.com\\\/noticias\\\/revelan-imagenes-de-asesinato-de-joven-cubano-en-miami\\\/#primaryimage\"},\"image\":{\"@id\":\"https:\\\/\\\/www.cuballama.com\\\/noticias\\\/revelan-imagenes-de-asesinato-de-joven-cubano-en-miami\\\/#primaryimage\"},\"thumbnailUrl\":\"https:\\\/\\\/cdn1.mediawpaccore.net\\\/wp-content\\\/uploads\\\/2025\\\/08\\\/12143006\\\/530914145_1342384714150878_6910114485553917255_n2.jpg\",\"datePublished\":\"2025-08-15T18:00:42+00:00\",\"dateModified\":\"2025-09-09T01:40:10+00:00\",\"description\":\"La polic\u00eda de Miami-Dade ha revelado im\u00e1genes del momento en que habr\u00eda sido asesinado el joven cubano Daylon Fleitas.\",\"breadcrumb\":{\"@id\":\"https:\\\/\\\/www.cuballama.com\\\/noticias\\\/revelan-imagenes-de-asesinato-de-joven-cubano-en-miami\\\/#breadcrumb\"},\"inLanguage\":\"es\",\"potentialAction\":[{\"@type\":\"ReadAction\",\"target\":[\"https:\\\/\\\/www.cuballama.com\\\/noticias\\\/revelan-imagenes-de-asesinato-de-joven-cubano-en-miami\\\/\"]}]},{\"@type\":\"ImageObject\",\"inLanguage\":\"es\",\"@id\":\"https:\\\/\\\/www.cuballama.com\\\/noticias\\\/revelan-imagenes-de-asesinato-de-joven-cubano-en-miami\\\/#primaryimage\",\"url\":\"https:\\\/\\\/cdn1.mediawpaccore.net\\\/wp-content\\\/uploads\\\/2025\\\/08\\\/12143006\\\/530914145_1342384714150878_6910114485553917255_n2.jpg\",\"contentUrl\":\"https:\\\/\\\/cdn1.mediawpaccore.net\\\/wp-content\\\/uploads\\\/2025\\\/08\\\/12143006\\\/530914145_1342384714150878_6910114485553917255_n2.jpg\",\"width\":1200,\"height\":630,\"caption\":\"Daylon Fleitas. Foto: Captura de video\\\/Univisi\u00f3n 23.\"},{\"@type\":\"BreadcrumbList\",\"@id\":\"https:\\\/\\\/www.cuballama.com\\\/noticias\\\/revelan-imagenes-de-asesinato-de-joven-cubano-en-miami\\\/#breadcrumb\",\"itemListElement\":[{\"@type\":\"ListItem\",\"position\":1,\"name\":\"Home\",\"item\":\"https:\\\/\\\/www.cuballama.com\\\/noticias\\\/\"},{\"@type\":\"ListItem\",\"position\":2,\"name\":\"Revelan im\u00e1genes de asesinato de joven cubano en Miami\"}]},{\"@type\":\"WebSite\",\"@id\":\"https:\\\/\\\/www.cuballama.com\\\/noticias\\\/#website\",\"url\":\"https:\\\/\\\/www.cuballama.com\\\/noticias\\\/\",\"name\":\"Cuballama Noticias\",\"description\":\"Medio digital sobre Cuba y el mundo\",\"publisher\":{\"@id\":\"https:\\\/\\\/www.cuballama.com\\\/noticias\\\/#organization\"},\"potentialAction\":[{\"@type\":\"SearchAction\",\"target\":{\"@type\":\"EntryPoint\",\"urlTemplate\":\"https:\\\/\\\/www.cuballama.com\\\/noticias\\\/?s={search_term_string}\"},\"query-input\":{\"@type\":\"PropertyValueSpecification\",\"valueRequired\":true,\"valueName\":\"search_term_string\"}}],\"inLanguage\":\"es\"},{\"@type\":\"Organization\",\"@id\":\"https:\\\/\\\/www.cuballama.com\\\/noticias\\\/#organization\",\"name\":\"Cuballama\",\"url\":\"https:\\\/\\\/www.cuballama.com\\\/noticias\\\/\",\"logo\":{\"@type\":\"ImageObject\",\"inLanguage\":\"es\",\"@id\":\"https:\\\/\\\/www.cuballama.com\\\/noticias\\\/#\\\/schema\\\/logo\\\/image\\\/\",\"url\":\"https:\\\/\\\/cdn1.mediawpaccore.net\\\/wp-content\\\/uploads\\\/2021\\\/12\\\/28171206\\\/cbll-logo-color-sm.png\",\"contentUrl\":\"https:\\\/\\\/cdn1.mediawpaccore.net\\\/wp-content\\\/uploads\\\/2021\\\/12\\\/28171206\\\/cbll-logo-color-sm.png\",\"width\":600,\"height\":133,\"caption\":\"Cuballama\"},\"image\":{\"@id\":\"https:\\\/\\\/www.cuballama.com\\\/noticias\\\/#\\\/schema\\\/logo\\\/image\\\/\"},\"sameAs\":[\"https:\\\/\\\/www.facebook.com\\\/CubaLlama\",\"https:\\\/\\\/x.com\\\/cuballama\",\"https:\\\/\\\/www.instagram.com\\\/stories\\\/cuballama_oficial\\\/\",\"https:\\\/\\\/www.youtube.com\\\/channel\\\/UCKkFE-d_axENGZcrc4as0IA\"]},{\"@type\":\"Person\",\"@id\":\"https:\\\/\\\/www.cuballama.com\\\/noticias\\\/#\\\/schema\\\/person\\\/86cd3e3f4974437f031211213bf892d5\",\"name\":\"Kathy\",\"url\":\"https:\\\/\\\/www.cuballama.com\\\/noticias\\\/author\\\/kathy\\\/\"}]}<\/script>\n<!-- \/ Yoast SEO plugin. -->","yoast_head_json":{"title":"Revelan im\u00e1genes de asesinato de joven cubano en Miami - Cuballama Noticias","description":"La polic\u00eda de Miami-Dade ha revelado im\u00e1genes del momento en que habr\u00eda sido asesinado el joven cubano Daylon Fleitas.","robots":{"index":"index","follow":"follow","max-snippet":"max-snippet:-1","max-image-preview":"max-image-preview:large","max-video-preview":"max-video-preview:-1"},"canonical":"https:\/\/www.cuballama.com\/noticias\/revelan-imagenes-de-asesinato-de-joven-cubano-en-miami\/","og_locale":"es_ES","og_type":"article","og_title":"Revelan im\u00e1genes de asesinato de joven cubano en Miami - Cuballama Noticias","og_description":"La polic\u00eda de Miami-Dade ha revelado im\u00e1genes del momento en que habr\u00eda sido asesinado el joven cubano Daylon Fleitas.","og_url":"https:\/\/www.cuballama.com\/noticias\/revelan-imagenes-de-asesinato-de-joven-cubano-en-miami\/","og_site_name":"Cuballama Noticias","article_publisher":"https:\/\/www.facebook.com\/CubaLlama","article_published_time":"2025-08-15T18:00:42+00:00","article_modified_time":"2025-09-09T01:40:10+00:00","og_image":[{"width":1200,"height":630,"url":"https:\/\/cdn1.mediawpaccore.net\/wp-content\/uploads\/2025\/08\/12143006\/530914145_1342384714150878_6910114485553917255_n2.jpg","type":"image\/jpeg"}],"author":"Kathy","twitter_card":"summary_large_image","twitter_creator":"@cuballama","twitter_site":"@cuballama","twitter_misc":{"Escrito por":"Kathy","Tiempo de lectura":"3 minutos"},"schema":{"@context":"https:\/\/schema.org","@graph":[{"@type":"Article","@id":"https:\/\/www.cuballama.com\/noticias\/revelan-imagenes-de-asesinato-de-joven-cubano-en-miami\/#article","isPartOf":{"@id":"https:\/\/www.cuballama.com\/noticias\/revelan-imagenes-de-asesinato-de-joven-cubano-en-miami\/"},"author":{"name":"Kathy","@id":"https:\/\/www.cuballama.com\/noticias\/#\/schema\/person\/86cd3e3f4974437f031211213bf892d5"},"headline":"Revelan im\u00e1genes de asesinato de joven cubano en Miami","datePublished":"2025-08-15T18:00:42+00:00","dateModified":"2025-09-09T01:40:10+00:00","mainEntityOfPage":{"@id":"https:\/\/www.cuballama.com\/noticias\/revelan-imagenes-de-asesinato-de-joven-cubano-en-miami\/"},"wordCount":538,"commentCount":0,"publisher":{"@id":"https:\/\/www.cuballama.com\/noticias\/#organization"},"image":{"@id":"https:\/\/www.cuballama.com\/noticias\/revelan-imagenes-de-asesinato-de-joven-cubano-en-miami\/#primaryimage"},"thumbnailUrl":"https:\/\/cdn1.mediawpaccore.net\/wp-content\/uploads\/2025\/08\/12143006\/530914145_1342384714150878_6910114485553917255_n2.jpg","keywords":["Asesinatos en Miami","cubano asesinado","cubanos en Miami","destacado"],"articleSection":["Noticias","Noticias de Miami"],"inLanguage":"es","potentialAction":[{"@type":"CommentAction","name":"Comment","target":["https:\/\/www.cuballama.com\/noticias\/revelan-imagenes-de-asesinato-de-joven-cubano-en-miami\/#respond"]}]},{"@type":"WebPage","@id":"https:\/\/www.cuballama.com\/noticias\/revelan-imagenes-de-asesinato-de-joven-cubano-en-miami\/","url":"https:\/\/www.cuballama.com\/noticias\/revelan-imagenes-de-asesinato-de-joven-cubano-en-miami\/","name":"Revelan im\u00e1genes de asesinato de joven cubano en Miami - Cuballama Noticias","isPartOf":{"@id":"https:\/\/www.cuballama.com\/noticias\/#website"},"primaryImageOfPage":{"@id":"https:\/\/www.cuballama.com\/noticias\/revelan-imagenes-de-asesinato-de-joven-cubano-en-miami\/#primaryimage"},"image":{"@id":"https:\/\/www.cuballama.com\/noticias\/revelan-imagenes-de-asesinato-de-joven-cubano-en-miami\/#primaryimage"},"thumbnailUrl":"https:\/\/cdn1.mediawpaccore.net\/wp-content\/uploads\/2025\/08\/12143006\/530914145_1342384714150878_6910114485553917255_n2.jpg","datePublished":"2025-08-15T18:00:42+00:00","dateModified":"2025-09-09T01:40:10+00:00","description":"La polic\u00eda de Miami-Dade ha revelado im\u00e1genes del momento en que habr\u00eda sido asesinado el joven cubano Daylon Fleitas.","breadcrumb":{"@id":"https:\/\/www.cuballama.com\/noticias\/revelan-imagenes-de-asesinato-de-joven-cubano-en-miami\/#breadcrumb"},"inLanguage":"es","potentialAction":[{"@type":"ReadAction","target":["https:\/\/www.cuballama.com\/noticias\/revelan-imagenes-de-asesinato-de-joven-cubano-en-miami\/"]}]},{"@type":"ImageObject","inLanguage":"es","@id":"https:\/\/www.cuballama.com\/noticias\/revelan-imagenes-de-asesinato-de-joven-cubano-en-miami\/#primaryimage","url":"https:\/\/cdn1.mediawpaccore.net\/wp-content\/uploads\/2025\/08\/12143006\/530914145_1342384714150878_6910114485553917255_n2.jpg","contentUrl":"https:\/\/cdn1.mediawpaccore.net\/wp-content\/uploads\/2025\/08\/12143006\/530914145_1342384714150878_6910114485553917255_n2.jpg","width":1200,"height":630,"caption":"Daylon Fleitas. Foto: Captura de video\/Univisi\u00f3n 23."},{"@type":"BreadcrumbList","@id":"https:\/\/www.cuballama.com\/noticias\/revelan-imagenes-de-asesinato-de-joven-cubano-en-miami\/#breadcrumb","itemListElement":[{"@type":"ListItem","position":1,"name":"Home","item":"https:\/\/www.cuballama.com\/noticias\/"},{"@type":"ListItem","position":2,"name":"Revelan im\u00e1genes de asesinato de joven cubano en Miami"}]},{"@type":"WebSite","@id":"https:\/\/www.cuballama.com\/noticias\/#website","url":"https:\/\/www.cuballama.com\/noticias\/","name":"Cuballama Noticias","description":"Medio digital sobre Cuba y el mundo","publisher":{"@id":"https:\/\/www.cuballama.com\/noticias\/#organization"},"potentialAction":[{"@type":"SearchAction","target":{"@type":"EntryPoint","urlTemplate":"https:\/\/www.cuballama.com\/noticias\/?s={search_term_string}"},"query-input":{"@type":"PropertyValueSpecification","valueRequired":true,"valueName":"search_term_string"}}],"inLanguage":"es"},{"@type":"Organization","@id":"https:\/\/www.cuballama.com\/noticias\/#organization","name":"Cuballama","url":"https:\/\/www.cuballama.com\/noticias\/","logo":{"@type":"ImageObject","inLanguage":"es","@id":"https:\/\/www.cuballama.com\/noticias\/#\/schema\/logo\/image\/","url":"https:\/\/cdn1.mediawpaccore.net\/wp-content\/uploads\/2021\/12\/28171206\/cbll-logo-color-sm.png","contentUrl":"https:\/\/cdn1.mediawpaccore.net\/wp-content\/uploads\/2021\/12\/28171206\/cbll-logo-color-sm.png","width":600,"height":133,"caption":"Cuballama"},"image":{"@id":"https:\/\/www.cuballama.com\/noticias\/#\/schema\/logo\/image\/"},"sameAs":["https:\/\/www.facebook.com\/CubaLlama","https:\/\/x.com\/cuballama","https:\/\/www.instagram.com\/stories\/cuballama_oficial\/","https:\/\/www.youtube.com\/channel\/UCKkFE-d_axENGZcrc4as0IA"]},{"@type":"Person","@id":"https:\/\/www.cuballama.com\/noticias\/#\/schema\/person\/86cd3e3f4974437f031211213bf892d5","name":"Kathy","url":"https:\/\/www.cuballama.com\/noticias\/author\/kathy\/"}]}},"_links":{"self":[{"href":"https:\/\/www.cuballama.com\/noticias\/wp-json\/wp\/v2\/posts\/216701","targetHints":{"allow":["GET"]}}],"collection":[{"href":"https:\/\/www.cuballama.com\/noticias\/wp-json\/wp\/v2\/posts"}],"about":[{"href":"https:\/\/www.cuballama.com\/noticias\/wp-json\/wp\/v2\/types\/post"}],"author":[{"embeddable":true,"href":"https:\/\/www.cuballama.com\/noticias\/wp-json\/wp\/v2\/users\/30"}],"replies":[{"embeddable":true,"href":"https:\/\/www.cuballama.com\/noticias\/wp-json\/wp\/v2\/comments?post=216701"}],"version-history":[{"count":9,"href":"https:\/\/www.cuballama.com\/noticias\/wp-json\/wp\/v2\/posts\/216701\/revisions"}],"predecessor-version":[{"id":218966,"href":"https:\/\/www.cuballama.com\/noticias\/wp-json\/wp\/v2\/posts\/216701\/revisions\/218966"}],"wp:featuredmedia":[{"embeddable":true,"href":"https:\/\/www.cuballama.com\/noticias\/wp-json\/wp\/v2\/media\/216311"}],"wp:attachment":[{"href":"https:\/\/www.cuballama.com\/noticias\/wp-json\/wp\/v2\/media?parent=216701"}],"wp:term":[{"taxonomy":"category","embeddable":true,"href":"https:\/\/www.cuballama.com\/noticias\/wp-json\/wp\/v2\/categories?post=216701"},{"taxonomy":"post_tag","embeddable":true,"href":"https:\/\/www.cuballama.com\/noticias\/wp-json\/wp\/v2\/tags?post=216701"}],"curies":[{"name":"wp","href":"https:\/\/api.w.org\/{rel}","templated":true}]}}