{"id":216102,"date":"2025-08-11T13:29:21","date_gmt":"2025-08-11T17:29:21","guid":{"rendered":"https:\/\/www.cuballama.com\/noticias\/?p=216102"},"modified":"2025-08-11T14:56:14","modified_gmt":"2025-08-11T18:56:14","slug":"continua-la-detencion-de-cubanos-en-la-florida-y-las-quejas-sobre-alligator-alcatraz","status":"publish","type":"post","link":"https:\/\/www.cuballama.com\/noticias\/continua-la-detencion-de-cubanos-en-la-florida-y-las-quejas-sobre-alligator-alcatraz\/","title":{"rendered":"Continua la detenci\u00f3n de cubanos en la Florida y las quejas sobre Alligator Alcatraz"},"content":{"rendered":"\n<p>Mientras en Florida crecen las protestas contra el centro de detenci\u00f3n de inmigrantes conocido como \u201cAlligator Alcatraz\u201d, las autoridades locales siguen registrando arrestos de ciudadanos cubanos en distintas localidades del suroeste del estado. Entre las \u00faltimas detenciones figuran casos de violencia, secuestro y agresi\u00f3n f\u00edsica, con procesos judiciales ya en curso y fechas de audiencia fijadas para las pr\u00f3ximas semanas.<\/p>\n\n\n\n<p>En Fort Myers, la polic\u00eda local detuvo a <a href=\"https:\/\/www.sheriffleefl.org\/booking\/?id=1009780\" target=\"_blank\" rel=\"noreferrer noopener nofollow\">Luis Alberto Morej\u00f3n Calero<\/a>, de 38 a\u00f1os, por otro caso de <em>battery<\/em>. Su arresto se produjo el 10 de agosto a las 5:41 de la ma\u00f1ana, y su audiencia est\u00e1 programada para el 2 de septiembre. Mientras, \u00abal otro lado del puente\u00bb, en Cape Coral, la polic\u00eda arrest\u00f3 a <a href=\"https:\/\/www.sheriffleefl.org\/booking\/?id=1009820\" target=\"_blank\" rel=\"noreferrer noopener nofollow\">Marino Medina Serrano<\/a>, de 39 a\u00f1os, por un cargo de <em>battery<\/em> (agresi\u00f3n f\u00edsica mediante toque o golpe). La detenci\u00f3n ocurri\u00f3 a la 1:43 de la madrugada del 11 de agosto de 2025, y el acusado permanece bajo custodia en la c\u00e1rcel del condado Lee, sin fianza establecida. <\/p>\n\n\n\n<p>En Lehigh Acres, agentes del <em>Lee County Sheriff\u2019s Office<\/em> capturaron a <a href=\"https:\/\/www.sheriffleefl.org\/booking\/?id=1009816\" target=\"_blank\" rel=\"noreferrer noopener nofollow\">Alberto Lucas Bustillo Ruiz<\/a>, de 25 a\u00f1os, apenas media hora antes que a Medina Serrano. Tanto a Bustillo Ruiz, como a Medina Serrano se le imputan cargos de secuestro y de agresi\u00f3n f\u00edsica, ambos sin derecho a fianza por el momento, y ser\u00e1 procesado en la Corte de Circuito el pr\u00f3ximo 8 de septiembre.<\/p>\n\n\n\n<p>El \u00fanico de este grupo que ha sido liberado es <a href=\"https:\/\/www.sheriffleefl.org\/booking\/?id=1009770\" target=\"_blank\" rel=\"noreferrer noopener nofollow\">Jes\u00fas Javier Serrano<\/a>, de 30 a\u00f1os, detenido el mismo d\u00eda por un cargo similar y puesto en libertad horas despu\u00e9s, aunque tambi\u00e9n deber\u00e1 comparecer ante un juez el 2 de septiembre. <\/p>\n\n\n\n<p>Estos arrestos, temerarios si se quiere decir, se producen en un clima de crecientes arrestos de inmigrantes, pero tambi\u00e9n de escrutinio hacia las pol\u00edticas migratorias y las condiciones en los centros de detenci\u00f3n de Florida. <\/p>\n\n\n\n<p>El m\u00e1s pol\u00e9mico es \u201cAlligator Alcatraz\u201d, una instalaci\u00f3n en los Everglades construida en tiempo r\u00e9cord y rodeada de denuncias por abusos, negligencia m\u00e9dica y trato inhumano. Durante las \u00faltimas dos semanas, grupos religiosos, activistas y familiares de detenidos <a href=\"https:\/\/wsvn.com\/news\/local\/florida\/2nd-interfaith-prayer-vigil-held-outside-alligator-alcatraz-detainee-says-conditions-right-now-are-very-bad\/\" target=\"_blank\" rel=\"noreferrer noopener nofollow\">han realizado vigilias de oraci\u00f3n frente a sus portones, pidiendo su cierre definitivo.<\/a><\/p>\n\n\n\n<p>Los testimonios que han salido a la luz son inquietantes. Un exempleado, que trabaj\u00f3 apenas diez d\u00edas en el centro, <a href=\"https:\/\/www.youtube.com\/watch?v=Rf1BFkYKWYQ\" target=\"_blank\" rel=\"noreferrer noopener\">describi\u00f3 un entorno sin m\u00e9dicos<\/a>, con enfermos graves sin tratamiento y sanciones f\u00edsicas contra quienes protestan. Entre los casos m\u00e1s graves, mencion\u00f3 a un joven con c\u00e1ncer de colon sin la dieta adecuada y a otro con una herida abierta que amenaza con costarle la pierna. Extrabajadores y familiares coinciden en que el lugar parece una \u201cperrera sobredimensionada\u201d, sin luz solar, con duchas cada dos o cuatro d\u00edas y sin acceso a la hora del d\u00eda.<\/p>\n\n\n\n<iframe loading=\"lazy\" width=\"887\" height=\"499\" src=\"https:\/\/www.youtube.com\/embed\/Rf1BFkYKWYQ\" title=\"Secretos de &#39;Alligator Alcatraz&#39;: exempleado revela informaci\u00f3n y dice que hay un cuarto de castigos\" frameborder=\"0\" allow=\"accelerometer; autoplay; clipboard-write; encrypted-media; gyroscope; picture-in-picture; web-share\" referrerpolicy=\"strict-origin-when-cross-origin\" allowfullscreen><\/iframe>\n\n\n\n<p>Las denuncias no se limitan a las condiciones f\u00edsicas. Seg\u00fan un abogado de inmigraci\u00f3n que representa a seis detenidos all\u00ed, el centro mantiene c\u00e1maras de vigilancia incluso en las entrevistas con defensores legales, lo que vulnera la confidencialidad. En paralelo, un detenido que logr\u00f3 comunicarse con los asistentes a una de las vigilias describi\u00f3 comidas fr\u00edas y repetitivas, y un almuerzo servido a las tres de la tarde. <\/p>\n\n\n\n<p>La jueza federal Kathleen Williams orden\u00f3 recientemente suspender por dos semanas la ampliaci\u00f3n de la instalaci\u00f3n, tras una demanda presentada por ambientalistas y la tribu Miccosukee, que alegan da\u00f1os irreversibles a humedales protegidos.<\/p>\n\n\n\n<p>Sin embargo, la pausa no detiene las operaciones: el gobernador Ron DeSantis insiste en que las deportaciones siguen su curso y que el centro es una herramienta clave en el endurecimiento de las pol\u00edticas migratorias bajo la actual administraci\u00f3n federal.<\/p>\n\n\n\n<p>La pregunta de fondo, sin embargo, sigue siendo la misma: por qu\u00e9, con el panorama actual y las denuncias sobre centros de detenci\u00f3n cada vez m\u00e1s expuestas, todav\u00eda hay quienes se arriesgan a desafiar la ley. Una respuesta f\u00e1cil no existe, pero la combinaci\u00f3n de necesidad, impulsos personales y la compleja realidad migratoria de los cubanos en Estados Unidos parece mantener abierto ese ciclo de arrestos, juicios y, para algunos, reclusi\u00f3n en las entra\u00f1as de los Everglades.<\/p>\n","protected":false},"excerpt":{"rendered":"<p>crecen las protestas contra el centro de detenci\u00f3n de inmigrantes conocido como \u201cAlligator Alcatraz\u201d, las autoridades locales siguen registrando arrestos de ciudadanos cubanos en distintas localidades del suroeste del estado.<\/p>\n","protected":false},"author":13,"featured_media":216110,"comment_status":"open","ping_status":"closed","sticky":false,"template":"","format":"standard","meta":{"_acf_changed":false,"footnotes":""},"categories":[18,954],"tags":[24897,1067,92,941,4824,736],"class_list":{"0":"post-216102","1":"post","2":"type-post","3":"status-publish","4":"format-standard","5":"has-post-thumbnail","7":"category-noticias","8":"category-noticias-de-florida","9":"tag-alligator-alcatraz","10":"tag-arrestos","11":"tag-cubanos","12":"tag-destacado","13":"tag-detenciones","14":"tag-inmigrantes-cubanos"},"acf":[],"yoast_head":"<!-- This site is optimized with the Yoast SEO plugin v27.5 - https:\/\/yoast.com\/product\/yoast-seo-wordpress\/ -->\n<title>Continua la detenci\u00f3n de cubanos en la Florida y las quejas sobre Alligator Alcatraz - Cuballama Noticias<\/title>\n<meta name=\"description\" content=\"Cubanos continuan siendo arrestados por delitos. Algunos menores, otros con motivos suficientes para ser enviados a Alligator Alcatraz\" \/>\n<meta name=\"robots\" content=\"index, follow, max-snippet:-1, max-image-preview:large, max-video-preview:-1\" \/>\n<link rel=\"canonical\" href=\"https:\/\/www.cuballama.com\/noticias\/continua-la-detencion-de-cubanos-en-la-florida-y-las-quejas-sobre-alligator-alcatraz\/\" \/>\n<meta property=\"og:locale\" content=\"es_ES\" \/>\n<meta property=\"og:type\" content=\"article\" \/>\n<meta property=\"og:title\" content=\"Continua la detenci\u00f3n de cubanos en la Florida y las quejas sobre Alligator Alcatraz - Cuballama Noticias\" \/>\n<meta property=\"og:description\" content=\"Cubanos continuan siendo arrestados por delitos. Algunos menores, otros con motivos suficientes para ser enviados a Alligator Alcatraz\" \/>\n<meta property=\"og:url\" content=\"https:\/\/www.cuballama.com\/noticias\/continua-la-detencion-de-cubanos-en-la-florida-y-las-quejas-sobre-alligator-alcatraz\/\" \/>\n<meta property=\"og:site_name\" content=\"Cuballama Noticias\" \/>\n<meta property=\"article:publisher\" content=\"https:\/\/www.facebook.com\/CubaLlama\" \/>\n<meta property=\"article:published_time\" content=\"2025-08-11T17:29:21+00:00\" \/>\n<meta property=\"article:modified_time\" content=\"2025-08-11T18:56:14+00:00\" \/>\n<meta property=\"og:image\" content=\"https:\/\/cdn1.mediawpaccore.net\/wp-content\/uploads\/2025\/08\/11070403\/image-41-1024x521.png\" \/>\n\t<meta property=\"og:image:width\" content=\"1024\" \/>\n\t<meta property=\"og:image:height\" content=\"521\" \/>\n\t<meta property=\"og:image:type\" content=\"image\/png\" \/>\n<meta name=\"author\" content=\"Roberto A.\" \/>\n<meta name=\"twitter:card\" content=\"summary_large_image\" \/>\n<meta name=\"twitter:creator\" content=\"@cuballama\" \/>\n<meta name=\"twitter:site\" content=\"@cuballama\" \/>\n<meta name=\"twitter:label1\" content=\"Escrito por\" \/>\n\t<meta name=\"twitter:data1\" content=\"Roberto A.\" \/>\n\t<meta name=\"twitter:label2\" content=\"Tiempo de lectura\" \/>\n\t<meta name=\"twitter:data2\" content=\"4 minutos\" \/>\n<script type=\"application\/ld+json\" class=\"yoast-schema-graph\">{\"@context\":\"https:\\\/\\\/schema.org\",\"@graph\":[{\"@type\":\"Article\",\"@id\":\"https:\\\/\\\/www.cuballama.com\\\/noticias\\\/continua-la-detencion-de-cubanos-en-la-florida-y-las-quejas-sobre-alligator-alcatraz\\\/#article\",\"isPartOf\":{\"@id\":\"https:\\\/\\\/www.cuballama.com\\\/noticias\\\/continua-la-detencion-de-cubanos-en-la-florida-y-las-quejas-sobre-alligator-alcatraz\\\/\"},\"author\":{\"name\":\"Roberto A.\",\"@id\":\"https:\\\/\\\/www.cuballama.com\\\/noticias\\\/#\\\/schema\\\/person\\\/a58502ed4146c8e9f83872e897c76cd2\"},\"headline\":\"Continua la detenci\u00f3n de cubanos en la Florida y las quejas sobre Alligator Alcatraz\",\"datePublished\":\"2025-08-11T17:29:21+00:00\",\"dateModified\":\"2025-08-11T18:56:14+00:00\",\"mainEntityOfPage\":{\"@id\":\"https:\\\/\\\/www.cuballama.com\\\/noticias\\\/continua-la-detencion-de-cubanos-en-la-florida-y-las-quejas-sobre-alligator-alcatraz\\\/\"},\"wordCount\":730,\"commentCount\":0,\"publisher\":{\"@id\":\"https:\\\/\\\/www.cuballama.com\\\/noticias\\\/#organization\"},\"image\":{\"@id\":\"https:\\\/\\\/www.cuballama.com\\\/noticias\\\/continua-la-detencion-de-cubanos-en-la-florida-y-las-quejas-sobre-alligator-alcatraz\\\/#primaryimage\"},\"thumbnailUrl\":\"https:\\\/\\\/cdn1.mediawpaccore.net\\\/wp-content\\\/uploads\\\/2025\\\/08\\\/11070403\\\/image-41.png\",\"keywords\":[\"Alligator Alcatraz\",\"Arrestos\",\"cubanos\",\"destacado\",\"Detenciones\",\"Inmigrantes cubanos\"],\"articleSection\":[\"Noticias\",\"Noticias de Florida\"],\"inLanguage\":\"es\",\"potentialAction\":[{\"@type\":\"CommentAction\",\"name\":\"Comment\",\"target\":[\"https:\\\/\\\/www.cuballama.com\\\/noticias\\\/continua-la-detencion-de-cubanos-en-la-florida-y-las-quejas-sobre-alligator-alcatraz\\\/#respond\"]}]},{\"@type\":\"WebPage\",\"@id\":\"https:\\\/\\\/www.cuballama.com\\\/noticias\\\/continua-la-detencion-de-cubanos-en-la-florida-y-las-quejas-sobre-alligator-alcatraz\\\/\",\"url\":\"https:\\\/\\\/www.cuballama.com\\\/noticias\\\/continua-la-detencion-de-cubanos-en-la-florida-y-las-quejas-sobre-alligator-alcatraz\\\/\",\"name\":\"Continua la detenci\u00f3n de cubanos en la Florida y las quejas sobre Alligator Alcatraz - Cuballama Noticias\",\"isPartOf\":{\"@id\":\"https:\\\/\\\/www.cuballama.com\\\/noticias\\\/#website\"},\"primaryImageOfPage\":{\"@id\":\"https:\\\/\\\/www.cuballama.com\\\/noticias\\\/continua-la-detencion-de-cubanos-en-la-florida-y-las-quejas-sobre-alligator-alcatraz\\\/#primaryimage\"},\"image\":{\"@id\":\"https:\\\/\\\/www.cuballama.com\\\/noticias\\\/continua-la-detencion-de-cubanos-en-la-florida-y-las-quejas-sobre-alligator-alcatraz\\\/#primaryimage\"},\"thumbnailUrl\":\"https:\\\/\\\/cdn1.mediawpaccore.net\\\/wp-content\\\/uploads\\\/2025\\\/08\\\/11070403\\\/image-41.png\",\"datePublished\":\"2025-08-11T17:29:21+00:00\",\"dateModified\":\"2025-08-11T18:56:14+00:00\",\"description\":\"Cubanos continuan siendo arrestados por delitos. Algunos menores, otros con motivos suficientes para ser enviados a Alligator Alcatraz\",\"breadcrumb\":{\"@id\":\"https:\\\/\\\/www.cuballama.com\\\/noticias\\\/continua-la-detencion-de-cubanos-en-la-florida-y-las-quejas-sobre-alligator-alcatraz\\\/#breadcrumb\"},\"inLanguage\":\"es\",\"potentialAction\":[{\"@type\":\"ReadAction\",\"target\":[\"https:\\\/\\\/www.cuballama.com\\\/noticias\\\/continua-la-detencion-de-cubanos-en-la-florida-y-las-quejas-sobre-alligator-alcatraz\\\/\"]}]},{\"@type\":\"ImageObject\",\"inLanguage\":\"es\",\"@id\":\"https:\\\/\\\/www.cuballama.com\\\/noticias\\\/continua-la-detencion-de-cubanos-en-la-florida-y-las-quejas-sobre-alligator-alcatraz\\\/#primaryimage\",\"url\":\"https:\\\/\\\/cdn1.mediawpaccore.net\\\/wp-content\\\/uploads\\\/2025\\\/08\\\/11070403\\\/image-41.png\",\"contentUrl\":\"https:\\\/\\\/cdn1.mediawpaccore.net\\\/wp-content\\\/uploads\\\/2025\\\/08\\\/11070403\\\/image-41.png\",\"width\":2160,\"height\":1100,\"caption\":\"Foto: Cortes\u00eda para autor del texto\"},{\"@type\":\"BreadcrumbList\",\"@id\":\"https:\\\/\\\/www.cuballama.com\\\/noticias\\\/continua-la-detencion-de-cubanos-en-la-florida-y-las-quejas-sobre-alligator-alcatraz\\\/#breadcrumb\",\"itemListElement\":[{\"@type\":\"ListItem\",\"position\":1,\"name\":\"Home\",\"item\":\"https:\\\/\\\/www.cuballama.com\\\/noticias\\\/\"},{\"@type\":\"ListItem\",\"position\":2,\"name\":\"Continua la detenci\u00f3n de cubanos en la Florida y las quejas sobre Alligator Alcatraz\"}]},{\"@type\":\"WebSite\",\"@id\":\"https:\\\/\\\/www.cuballama.com\\\/noticias\\\/#website\",\"url\":\"https:\\\/\\\/www.cuballama.com\\\/noticias\\\/\",\"name\":\"Cuballama Noticias\",\"description\":\"Medio digital sobre Cuba y el mundo\",\"publisher\":{\"@id\":\"https:\\\/\\\/www.cuballama.com\\\/noticias\\\/#organization\"},\"potentialAction\":[{\"@type\":\"SearchAction\",\"target\":{\"@type\":\"EntryPoint\",\"urlTemplate\":\"https:\\\/\\\/www.cuballama.com\\\/noticias\\\/?s={search_term_string}\"},\"query-input\":{\"@type\":\"PropertyValueSpecification\",\"valueRequired\":true,\"valueName\":\"search_term_string\"}}],\"inLanguage\":\"es\"},{\"@type\":\"Organization\",\"@id\":\"https:\\\/\\\/www.cuballama.com\\\/noticias\\\/#organization\",\"name\":\"Cuballama\",\"url\":\"https:\\\/\\\/www.cuballama.com\\\/noticias\\\/\",\"logo\":{\"@type\":\"ImageObject\",\"inLanguage\":\"es\",\"@id\":\"https:\\\/\\\/www.cuballama.com\\\/noticias\\\/#\\\/schema\\\/logo\\\/image\\\/\",\"url\":\"https:\\\/\\\/cdn1.mediawpaccore.net\\\/wp-content\\\/uploads\\\/2021\\\/12\\\/28171206\\\/cbll-logo-color-sm.png\",\"contentUrl\":\"https:\\\/\\\/cdn1.mediawpaccore.net\\\/wp-content\\\/uploads\\\/2021\\\/12\\\/28171206\\\/cbll-logo-color-sm.png\",\"width\":600,\"height\":133,\"caption\":\"Cuballama\"},\"image\":{\"@id\":\"https:\\\/\\\/www.cuballama.com\\\/noticias\\\/#\\\/schema\\\/logo\\\/image\\\/\"},\"sameAs\":[\"https:\\\/\\\/www.facebook.com\\\/CubaLlama\",\"https:\\\/\\\/x.com\\\/cuballama\",\"https:\\\/\\\/www.instagram.com\\\/stories\\\/cuballama_oficial\\\/\",\"https:\\\/\\\/www.youtube.com\\\/channel\\\/UCKkFE-d_axENGZcrc4as0IA\"]},{\"@type\":\"Person\",\"@id\":\"https:\\\/\\\/www.cuballama.com\\\/noticias\\\/#\\\/schema\\\/person\\\/a58502ed4146c8e9f83872e897c76cd2\",\"name\":\"Roberto A.\",\"description\":\"Roberto A. Periodista por decisi\u00f3n propia. Interesado en cualquier tema que me apasione y cada vez m\u00e1s comprometido con la verdad y la objetividad period\u00edstica. Graduado en La Habana hace ya muchos a\u00f1os, luego de una accidentada y polvorienta b\u00fasqueda de informaci\u00f3n sobre un tema in\u00e9dito. La Tesis, por cierto, desapareci\u00f3 de la biblioteca y no se conservan copias de la misma.\",\"url\":\"https:\\\/\\\/www.cuballama.com\\\/noticias\\\/author\\\/roberto\\\/\"}]}<\/script>\n<!-- \/ Yoast SEO plugin. -->","yoast_head_json":{"title":"Continua la detenci\u00f3n de cubanos en la Florida y las quejas sobre Alligator Alcatraz - Cuballama Noticias","description":"Cubanos continuan siendo arrestados por delitos. Algunos menores, otros con motivos suficientes para ser enviados a Alligator Alcatraz","robots":{"index":"index","follow":"follow","max-snippet":"max-snippet:-1","max-image-preview":"max-image-preview:large","max-video-preview":"max-video-preview:-1"},"canonical":"https:\/\/www.cuballama.com\/noticias\/continua-la-detencion-de-cubanos-en-la-florida-y-las-quejas-sobre-alligator-alcatraz\/","og_locale":"es_ES","og_type":"article","og_title":"Continua la detenci\u00f3n de cubanos en la Florida y las quejas sobre Alligator Alcatraz - Cuballama Noticias","og_description":"Cubanos continuan siendo arrestados por delitos. Algunos menores, otros con motivos suficientes para ser enviados a Alligator Alcatraz","og_url":"https:\/\/www.cuballama.com\/noticias\/continua-la-detencion-de-cubanos-en-la-florida-y-las-quejas-sobre-alligator-alcatraz\/","og_site_name":"Cuballama Noticias","article_publisher":"https:\/\/www.facebook.com\/CubaLlama","article_published_time":"2025-08-11T17:29:21+00:00","article_modified_time":"2025-08-11T18:56:14+00:00","og_image":[{"width":1024,"height":521,"url":"https:\/\/cdn1.mediawpaccore.net\/wp-content\/uploads\/2025\/08\/11070403\/image-41-1024x521.png","type":"image\/png"}],"author":"Roberto A.","twitter_card":"summary_large_image","twitter_creator":"@cuballama","twitter_site":"@cuballama","twitter_misc":{"Escrito por":"Roberto A.","Tiempo de lectura":"4 minutos"},"schema":{"@context":"https:\/\/schema.org","@graph":[{"@type":"Article","@id":"https:\/\/www.cuballama.com\/noticias\/continua-la-detencion-de-cubanos-en-la-florida-y-las-quejas-sobre-alligator-alcatraz\/#article","isPartOf":{"@id":"https:\/\/www.cuballama.com\/noticias\/continua-la-detencion-de-cubanos-en-la-florida-y-las-quejas-sobre-alligator-alcatraz\/"},"author":{"name":"Roberto A.","@id":"https:\/\/www.cuballama.com\/noticias\/#\/schema\/person\/a58502ed4146c8e9f83872e897c76cd2"},"headline":"Continua la detenci\u00f3n de cubanos en la Florida y las quejas sobre Alligator Alcatraz","datePublished":"2025-08-11T17:29:21+00:00","dateModified":"2025-08-11T18:56:14+00:00","mainEntityOfPage":{"@id":"https:\/\/www.cuballama.com\/noticias\/continua-la-detencion-de-cubanos-en-la-florida-y-las-quejas-sobre-alligator-alcatraz\/"},"wordCount":730,"commentCount":0,"publisher":{"@id":"https:\/\/www.cuballama.com\/noticias\/#organization"},"image":{"@id":"https:\/\/www.cuballama.com\/noticias\/continua-la-detencion-de-cubanos-en-la-florida-y-las-quejas-sobre-alligator-alcatraz\/#primaryimage"},"thumbnailUrl":"https:\/\/cdn1.mediawpaccore.net\/wp-content\/uploads\/2025\/08\/11070403\/image-41.png","keywords":["Alligator Alcatraz","Arrestos","cubanos","destacado","Detenciones","Inmigrantes cubanos"],"articleSection":["Noticias","Noticias de Florida"],"inLanguage":"es","potentialAction":[{"@type":"CommentAction","name":"Comment","target":["https:\/\/www.cuballama.com\/noticias\/continua-la-detencion-de-cubanos-en-la-florida-y-las-quejas-sobre-alligator-alcatraz\/#respond"]}]},{"@type":"WebPage","@id":"https:\/\/www.cuballama.com\/noticias\/continua-la-detencion-de-cubanos-en-la-florida-y-las-quejas-sobre-alligator-alcatraz\/","url":"https:\/\/www.cuballama.com\/noticias\/continua-la-detencion-de-cubanos-en-la-florida-y-las-quejas-sobre-alligator-alcatraz\/","name":"Continua la detenci\u00f3n de cubanos en la Florida y las quejas sobre Alligator Alcatraz - Cuballama Noticias","isPartOf":{"@id":"https:\/\/www.cuballama.com\/noticias\/#website"},"primaryImageOfPage":{"@id":"https:\/\/www.cuballama.com\/noticias\/continua-la-detencion-de-cubanos-en-la-florida-y-las-quejas-sobre-alligator-alcatraz\/#primaryimage"},"image":{"@id":"https:\/\/www.cuballama.com\/noticias\/continua-la-detencion-de-cubanos-en-la-florida-y-las-quejas-sobre-alligator-alcatraz\/#primaryimage"},"thumbnailUrl":"https:\/\/cdn1.mediawpaccore.net\/wp-content\/uploads\/2025\/08\/11070403\/image-41.png","datePublished":"2025-08-11T17:29:21+00:00","dateModified":"2025-08-11T18:56:14+00:00","description":"Cubanos continuan siendo arrestados por delitos. Algunos menores, otros con motivos suficientes para ser enviados a Alligator Alcatraz","breadcrumb":{"@id":"https:\/\/www.cuballama.com\/noticias\/continua-la-detencion-de-cubanos-en-la-florida-y-las-quejas-sobre-alligator-alcatraz\/#breadcrumb"},"inLanguage":"es","potentialAction":[{"@type":"ReadAction","target":["https:\/\/www.cuballama.com\/noticias\/continua-la-detencion-de-cubanos-en-la-florida-y-las-quejas-sobre-alligator-alcatraz\/"]}]},{"@type":"ImageObject","inLanguage":"es","@id":"https:\/\/www.cuballama.com\/noticias\/continua-la-detencion-de-cubanos-en-la-florida-y-las-quejas-sobre-alligator-alcatraz\/#primaryimage","url":"https:\/\/cdn1.mediawpaccore.net\/wp-content\/uploads\/2025\/08\/11070403\/image-41.png","contentUrl":"https:\/\/cdn1.mediawpaccore.net\/wp-content\/uploads\/2025\/08\/11070403\/image-41.png","width":2160,"height":1100,"caption":"Foto: Cortes\u00eda para autor del texto"},{"@type":"BreadcrumbList","@id":"https:\/\/www.cuballama.com\/noticias\/continua-la-detencion-de-cubanos-en-la-florida-y-las-quejas-sobre-alligator-alcatraz\/#breadcrumb","itemListElement":[{"@type":"ListItem","position":1,"name":"Home","item":"https:\/\/www.cuballama.com\/noticias\/"},{"@type":"ListItem","position":2,"name":"Continua la detenci\u00f3n de cubanos en la Florida y las quejas sobre Alligator Alcatraz"}]},{"@type":"WebSite","@id":"https:\/\/www.cuballama.com\/noticias\/#website","url":"https:\/\/www.cuballama.com\/noticias\/","name":"Cuballama Noticias","description":"Medio digital sobre Cuba y el mundo","publisher":{"@id":"https:\/\/www.cuballama.com\/noticias\/#organization"},"potentialAction":[{"@type":"SearchAction","target":{"@type":"EntryPoint","urlTemplate":"https:\/\/www.cuballama.com\/noticias\/?s={search_term_string}"},"query-input":{"@type":"PropertyValueSpecification","valueRequired":true,"valueName":"search_term_string"}}],"inLanguage":"es"},{"@type":"Organization","@id":"https:\/\/www.cuballama.com\/noticias\/#organization","name":"Cuballama","url":"https:\/\/www.cuballama.com\/noticias\/","logo":{"@type":"ImageObject","inLanguage":"es","@id":"https:\/\/www.cuballama.com\/noticias\/#\/schema\/logo\/image\/","url":"https:\/\/cdn1.mediawpaccore.net\/wp-content\/uploads\/2021\/12\/28171206\/cbll-logo-color-sm.png","contentUrl":"https:\/\/cdn1.mediawpaccore.net\/wp-content\/uploads\/2021\/12\/28171206\/cbll-logo-color-sm.png","width":600,"height":133,"caption":"Cuballama"},"image":{"@id":"https:\/\/www.cuballama.com\/noticias\/#\/schema\/logo\/image\/"},"sameAs":["https:\/\/www.facebook.com\/CubaLlama","https:\/\/x.com\/cuballama","https:\/\/www.instagram.com\/stories\/cuballama_oficial\/","https:\/\/www.youtube.com\/channel\/UCKkFE-d_axENGZcrc4as0IA"]},{"@type":"Person","@id":"https:\/\/www.cuballama.com\/noticias\/#\/schema\/person\/a58502ed4146c8e9f83872e897c76cd2","name":"Roberto A.","description":"Roberto A. Periodista por decisi\u00f3n propia. Interesado en cualquier tema que me apasione y cada vez m\u00e1s comprometido con la verdad y la objetividad period\u00edstica. Graduado en La Habana hace ya muchos a\u00f1os, luego de una accidentada y polvorienta b\u00fasqueda de informaci\u00f3n sobre un tema in\u00e9dito. La Tesis, por cierto, desapareci\u00f3 de la biblioteca y no se conservan copias de la misma.","url":"https:\/\/www.cuballama.com\/noticias\/author\/roberto\/"}]}},"_links":{"self":[{"href":"https:\/\/www.cuballama.com\/noticias\/wp-json\/wp\/v2\/posts\/216102","targetHints":{"allow":["GET"]}}],"collection":[{"href":"https:\/\/www.cuballama.com\/noticias\/wp-json\/wp\/v2\/posts"}],"about":[{"href":"https:\/\/www.cuballama.com\/noticias\/wp-json\/wp\/v2\/types\/post"}],"author":[{"embeddable":true,"href":"https:\/\/www.cuballama.com\/noticias\/wp-json\/wp\/v2\/users\/13"}],"replies":[{"embeddable":true,"href":"https:\/\/www.cuballama.com\/noticias\/wp-json\/wp\/v2\/comments?post=216102"}],"version-history":[{"count":5,"href":"https:\/\/www.cuballama.com\/noticias\/wp-json\/wp\/v2\/posts\/216102\/revisions"}],"predecessor-version":[{"id":216114,"href":"https:\/\/www.cuballama.com\/noticias\/wp-json\/wp\/v2\/posts\/216102\/revisions\/216114"}],"wp:featuredmedia":[{"embeddable":true,"href":"https:\/\/www.cuballama.com\/noticias\/wp-json\/wp\/v2\/media\/216110"}],"wp:attachment":[{"href":"https:\/\/www.cuballama.com\/noticias\/wp-json\/wp\/v2\/media?parent=216102"}],"wp:term":[{"taxonomy":"category","embeddable":true,"href":"https:\/\/www.cuballama.com\/noticias\/wp-json\/wp\/v2\/categories?post=216102"},{"taxonomy":"post_tag","embeddable":true,"href":"https:\/\/www.cuballama.com\/noticias\/wp-json\/wp\/v2\/tags?post=216102"}],"curies":[{"name":"wp","href":"https:\/\/api.w.org\/{rel}","templated":true}]}}