{"id":215909,"date":"2025-08-10T15:56:15","date_gmt":"2025-08-10T19:56:15","guid":{"rendered":"https:\/\/www.cuballama.com\/noticias\/?p=215909"},"modified":"2025-08-10T15:56:20","modified_gmt":"2025-08-10T19:56:20","slug":"joven-alemana-encuentra-gracias-a-las-redes-sociales-a-su-padre-cubano-quien-la-dejo-de-ver-siendo-una-bebe","status":"publish","type":"post","link":"https:\/\/www.cuballama.com\/noticias\/joven-alemana-encuentra-gracias-a-las-redes-sociales-a-su-padre-cubano-quien-la-dejo-de-ver-siendo-una-bebe\/","title":{"rendered":"Joven alemana encuentra gracias a las redes sociales a su padre cubano, quien la dej\u00f3 de ver siendo una beb\u00e9"},"content":{"rendered":"\n<p>Dana Rode naci\u00f3 en Alemania en la d\u00e9cada de 1980, fruto de una historia de amor entre una mujer germana y un joven profesor cubano que por entonces cumpl\u00eda misi\u00f3n laboral en la RDA. Su padre, Alfredo B. Leyva, hab\u00eda sido enviado desde Holgu\u00edn a K\u00f6nigsbr\u00fcck como parte de los acuerdos de cooperaci\u00f3n entre Cuba y la antigua Alemania Oriental. All\u00ed vivi\u00f3 cinco a\u00f1os y dej\u00f3 una semilla.<\/p>\n\n\n\n<p>Crecida y ya establecida en Austria, Dana emprendi\u00f3 recientemente la b\u00fasqueda de ese hombre que solo conoce por referencias y una foto de cuando ella era apenas una beb\u00e9. <\/p>\n\n\n\n<p>Para ello se vali\u00f3 de las redes sociales, <a href=\"https:\/\/www.facebook.com\/holguinenfotos\/posts\/pfbid03687ZhfhDRDDt7rsdU8EqbCw2zP1QnzG8ZLfRFds6XHqUnymW7CyUu2cA4FN3pbPQl\" target=\"_blank\" rel=\"noreferrer noopener nofollow\">donde un post publicado en la p\u00e1gina \u201cHolgu\u00edn en fotos\u201d<\/a> se volvi\u00f3 viral en cuesti\u00f3n de horas. En el mensaje, Dana compart\u00eda lo poco que sab\u00eda: que su padre se llamaba Alfredo B. Leyva, que en los a\u00f1os ochenta viv\u00eda en Holgu\u00edn y que ahora deb\u00eda rondar los 60 a\u00f1os.<\/p>\n\n\n\n<iframe loading=\"lazy\" src=\"https:\/\/www.facebook.com\/plugins\/post.php?href=https%3A%2F%2Fwww.facebook.com%2Fholguinenfotos%2Fposts%2Fpfbid03687ZhfhDRDDt7rsdU8EqbCw2zP1QnzG8ZLfRFds6XHqUnymW7CyUu2cA4FN3pbPQl&#038;show_text=true&#038;width=500\" width=\"500\" height=\"774\" style=\"border:none;overflow:hidden\" scrolling=\"no\" frameborder=\"0\" allowfullscreen=\"true\" allow=\"autoplay; clipboard-write; encrypted-media; picture-in-picture; web-share\"><\/iframe>\n\n\n\n<p>La reacci\u00f3n fue inmediata. En los comentarios, decenas de cubanos comenzaron a compartir el anuncio en otros grupos, a dar consejos \u00fatiles \u2014como acudir a la Cruz Roja Internacional o al Registro Civil\u2014 y hasta a especular con pistas m\u00e1s concretas. <\/p>\n\n\n\n<p>Un usuario asegur\u00f3 haber conocido a un Alfredo Leyva originario de Banes durante un viaje a Hungr\u00eda en 1984, y otra mujer revel\u00f3 tener un primo con ese mismo nombre que hab\u00eda estado en Alemania en esa \u00e9poca y a\u00fan reside en Holgu\u00edn.<\/p>\n\n\n\n<p>Lo m\u00e1s inesperado lleg\u00f3 al final del hilo, cuando una usuaria identificada como C. Pereira da Silva, quien asegura ser la cu\u00f1ada de Dana, y que escrib\u00eda en el grupo a nombre de esta pues aquella no tiene Facebook ni conoce el idioma espa\u00f1ol, escribi\u00f3 simplemente: <em><strong>\u201cMe gustar\u00eda agradecerte, acabo de encontrarlo. Mi pap\u00e1\u201d.<\/strong><\/em> Aunque la publicaci\u00f3n no aclara todos los detalles, fuentes cercanas a Cuballama confirmaron que el padre s\u00ed ten\u00eda fotos de Dana de cuando era peque\u00f1a, lo cual refuerza la posibilidad de que nunca la olvid\u00f3 y de que s\u00ed, ciertamente en \u00e9l, pues Alfredo Leyvas hay muchos y cualquiera de ellos, a estas alturas, estar\u00eda interesado en tener una hija extranjera.<\/p>\n\n\n\n<p>Esta historia, que a\u00fan est\u00e1 en desarrollo, ha tocado una fibra profunda entre cubanos dentro y fuera de la isla. En los a\u00f1os ochenta, muchos fueron los j\u00f3venes enviados a pa\u00edses del campo socialista, y no pocos regresaron dejando atr\u00e1s v\u00ednculos afectivos e hijos sin contacto. Hoy, gracias a las herramientas digitales y al empuje de mujeres como Dana, esos puentes rotos comienzan a reconstruirse. Muchos han encontrado su familia perdida as\u00ed, mediante las redes sociales y mediante grupos como BUSCANDO AMIGOS Y FAMILIA, donde las incansables Raquel C\u00e9sar y Margarita Adriana, hacen magia y maravilla encontrando personas que est\u00e1n \u00abperdidas\u00bb en el oscuro y vasto mundo de la informaci\u00f3n en Internet.<\/p>\n\n\n\n<p><em>\u201cTodo hijo tiene el derecho de conocer qui\u00e9nes son sus padres\u201d, <\/em>escribi\u00f3 una internauta. Y cuando las redes se llenan de ruido, pero tambi\u00e9n de solidaridad, a veces ese derecho encuentra el camino de regreso.<\/p>\n\n\n\n<p><strong>tal vez quieras leer esta historia muy similar: <a href=\"https:\/\/www.cuballama.com\/noticias\/cubanoamericana-que-buscaba-a-su-padre-en-cuba-lo-encontro\/\">Cubanoamericana que buscaba a su padre en Cuba \u00a1lo encontr\u00f3!<\/a><\/strong><\/p>\n","protected":false},"excerpt":{"rendered":"<p>Esta historia, que a\u00fan est\u00e1 en desarrollo, ha tocado una fibra profunda entre cubanos dentro y fuera de la isla. En los a\u00f1os ochenta, muchos fueron los j\u00f3venes enviados a pa\u00edses del campo socialista, y no pocos regresaron dejando atr\u00e1s v\u00ednculos afectivos e hijos sin contacto.<\/p>\n","protected":false},"author":13,"featured_media":215913,"comment_status":"open","ping_status":"closed","sticky":false,"template":"","format":"standard","meta":{"_acf_changed":false,"footnotes":""},"categories":[18,955],"tags":[273,2601,13714,328,604,685,5307,10218],"class_list":{"0":"post-215909","1":"post","2":"type-post","3":"status-publish","4":"format-standard","5":"has-post-thumbnail","7":"category-noticias","8":"category-noticias-de-cuba","9":"tag-alemania","10":"tag-cubanas","11":"tag-hechos-asombrosos","12":"tag-hechos-inspiradores","13":"tag-hijos","14":"tag-historias","15":"tag-padres","16":"tag-padres-e-hijos"},"acf":[],"yoast_head":"<!-- This site is optimized with the Yoast SEO plugin v27.5 - https:\/\/yoast.com\/product\/yoast-seo-wordpress\/ -->\n<title>Joven alemana encuentra gracias a las redes sociales a su padre cubano, quien la dej\u00f3 de ver siendo una beb\u00e9 - Cuballama Noticias<\/title>\n<meta name=\"description\" content=\"Una joven alemana hija de un cubano que estuvo en la RDA en los a\u00f1os 80, lo ha encontrado gracias al apoyo de muchos otros cubanos en Facebook\" \/>\n<meta name=\"robots\" content=\"index, follow, max-snippet:-1, max-image-preview:large, max-video-preview:-1\" \/>\n<link rel=\"canonical\" href=\"https:\/\/www.cuballama.com\/noticias\/joven-alemana-encuentra-gracias-a-las-redes-sociales-a-su-padre-cubano-quien-la-dejo-de-ver-siendo-una-bebe\/\" \/>\n<meta property=\"og:locale\" content=\"es_ES\" \/>\n<meta property=\"og:type\" content=\"article\" \/>\n<meta property=\"og:title\" content=\"Joven alemana encuentra gracias a las redes sociales a su padre cubano, quien la dej\u00f3 de ver siendo una beb\u00e9 - Cuballama Noticias\" \/>\n<meta property=\"og:description\" content=\"Una joven alemana hija de un cubano que estuvo en la RDA en los a\u00f1os 80, lo ha encontrado gracias al apoyo de muchos otros cubanos en Facebook\" \/>\n<meta property=\"og:url\" content=\"https:\/\/www.cuballama.com\/noticias\/joven-alemana-encuentra-gracias-a-las-redes-sociales-a-su-padre-cubano-quien-la-dejo-de-ver-siendo-una-bebe\/\" \/>\n<meta property=\"og:site_name\" content=\"Cuballama Noticias\" \/>\n<meta property=\"article:publisher\" content=\"https:\/\/www.facebook.com\/CubaLlama\" \/>\n<meta property=\"article:published_time\" content=\"2025-08-10T19:56:15+00:00\" \/>\n<meta property=\"article:modified_time\" content=\"2025-08-10T19:56:20+00:00\" \/>\n<meta property=\"og:image\" content=\"https:\/\/cdn1.mediawpaccore.net\/wp-content\/uploads\/2025\/08\/08044427\/image-26.png\" \/>\n\t<meta property=\"og:image:width\" content=\"1980\" \/>\n\t<meta property=\"og:image:height\" content=\"1038\" \/>\n\t<meta property=\"og:image:type\" content=\"image\/png\" \/>\n<meta name=\"author\" content=\"Roberto A.\" \/>\n<meta name=\"twitter:card\" content=\"summary_large_image\" \/>\n<meta name=\"twitter:creator\" content=\"@cuballama\" \/>\n<meta name=\"twitter:site\" content=\"@cuballama\" \/>\n<meta name=\"twitter:label1\" content=\"Escrito por\" \/>\n\t<meta name=\"twitter:data1\" content=\"Roberto A.\" \/>\n\t<meta name=\"twitter:label2\" content=\"Tiempo de lectura\" \/>\n\t<meta name=\"twitter:data2\" content=\"3 minutos\" \/>\n<script type=\"application\/ld+json\" class=\"yoast-schema-graph\">{\"@context\":\"https:\\\/\\\/schema.org\",\"@graph\":[{\"@type\":\"Article\",\"@id\":\"https:\\\/\\\/www.cuballama.com\\\/noticias\\\/joven-alemana-encuentra-gracias-a-las-redes-sociales-a-su-padre-cubano-quien-la-dejo-de-ver-siendo-una-bebe\\\/#article\",\"isPartOf\":{\"@id\":\"https:\\\/\\\/www.cuballama.com\\\/noticias\\\/joven-alemana-encuentra-gracias-a-las-redes-sociales-a-su-padre-cubano-quien-la-dejo-de-ver-siendo-una-bebe\\\/\"},\"author\":{\"name\":\"Roberto A.\",\"@id\":\"https:\\\/\\\/www.cuballama.com\\\/noticias\\\/#\\\/schema\\\/person\\\/a58502ed4146c8e9f83872e897c76cd2\"},\"headline\":\"Joven alemana encuentra gracias a las redes sociales a su padre cubano, quien la dej\u00f3 de ver siendo una beb\u00e9\",\"datePublished\":\"2025-08-10T19:56:15+00:00\",\"dateModified\":\"2025-08-10T19:56:20+00:00\",\"mainEntityOfPage\":{\"@id\":\"https:\\\/\\\/www.cuballama.com\\\/noticias\\\/joven-alemana-encuentra-gracias-a-las-redes-sociales-a-su-padre-cubano-quien-la-dejo-de-ver-siendo-una-bebe\\\/\"},\"wordCount\":582,\"commentCount\":0,\"publisher\":{\"@id\":\"https:\\\/\\\/www.cuballama.com\\\/noticias\\\/#organization\"},\"image\":{\"@id\":\"https:\\\/\\\/www.cuballama.com\\\/noticias\\\/joven-alemana-encuentra-gracias-a-las-redes-sociales-a-su-padre-cubano-quien-la-dejo-de-ver-siendo-una-bebe\\\/#primaryimage\"},\"thumbnailUrl\":\"https:\\\/\\\/cdn1.mediawpaccore.net\\\/wp-content\\\/uploads\\\/2025\\\/08\\\/08044427\\\/image-26.png\",\"keywords\":[\"Alemania\",\"cubanas\",\"Hechos asombrosos\",\"hechos inspiradores\",\"Hijos\",\"Historias\",\"padres\",\"Padres e hijos\"],\"articleSection\":[\"Noticias\",\"Noticias de Cuba\"],\"inLanguage\":\"es\",\"potentialAction\":[{\"@type\":\"CommentAction\",\"name\":\"Comment\",\"target\":[\"https:\\\/\\\/www.cuballama.com\\\/noticias\\\/joven-alemana-encuentra-gracias-a-las-redes-sociales-a-su-padre-cubano-quien-la-dejo-de-ver-siendo-una-bebe\\\/#respond\"]}]},{\"@type\":\"WebPage\",\"@id\":\"https:\\\/\\\/www.cuballama.com\\\/noticias\\\/joven-alemana-encuentra-gracias-a-las-redes-sociales-a-su-padre-cubano-quien-la-dejo-de-ver-siendo-una-bebe\\\/\",\"url\":\"https:\\\/\\\/www.cuballama.com\\\/noticias\\\/joven-alemana-encuentra-gracias-a-las-redes-sociales-a-su-padre-cubano-quien-la-dejo-de-ver-siendo-una-bebe\\\/\",\"name\":\"Joven alemana encuentra gracias a las redes sociales a su padre cubano, quien la dej\u00f3 de ver siendo una beb\u00e9 - Cuballama Noticias\",\"isPartOf\":{\"@id\":\"https:\\\/\\\/www.cuballama.com\\\/noticias\\\/#website\"},\"primaryImageOfPage\":{\"@id\":\"https:\\\/\\\/www.cuballama.com\\\/noticias\\\/joven-alemana-encuentra-gracias-a-las-redes-sociales-a-su-padre-cubano-quien-la-dejo-de-ver-siendo-una-bebe\\\/#primaryimage\"},\"image\":{\"@id\":\"https:\\\/\\\/www.cuballama.com\\\/noticias\\\/joven-alemana-encuentra-gracias-a-las-redes-sociales-a-su-padre-cubano-quien-la-dejo-de-ver-siendo-una-bebe\\\/#primaryimage\"},\"thumbnailUrl\":\"https:\\\/\\\/cdn1.mediawpaccore.net\\\/wp-content\\\/uploads\\\/2025\\\/08\\\/08044427\\\/image-26.png\",\"datePublished\":\"2025-08-10T19:56:15+00:00\",\"dateModified\":\"2025-08-10T19:56:20+00:00\",\"description\":\"Una joven alemana hija de un cubano que estuvo en la RDA en los a\u00f1os 80, lo ha encontrado gracias al apoyo de muchos otros cubanos en Facebook\",\"breadcrumb\":{\"@id\":\"https:\\\/\\\/www.cuballama.com\\\/noticias\\\/joven-alemana-encuentra-gracias-a-las-redes-sociales-a-su-padre-cubano-quien-la-dejo-de-ver-siendo-una-bebe\\\/#breadcrumb\"},\"inLanguage\":\"es\",\"potentialAction\":[{\"@type\":\"ReadAction\",\"target\":[\"https:\\\/\\\/www.cuballama.com\\\/noticias\\\/joven-alemana-encuentra-gracias-a-las-redes-sociales-a-su-padre-cubano-quien-la-dejo-de-ver-siendo-una-bebe\\\/\"]}]},{\"@type\":\"ImageObject\",\"inLanguage\":\"es\",\"@id\":\"https:\\\/\\\/www.cuballama.com\\\/noticias\\\/joven-alemana-encuentra-gracias-a-las-redes-sociales-a-su-padre-cubano-quien-la-dejo-de-ver-siendo-una-bebe\\\/#primaryimage\",\"url\":\"https:\\\/\\\/cdn1.mediawpaccore.net\\\/wp-content\\\/uploads\\\/2025\\\/08\\\/08044427\\\/image-26.png\",\"contentUrl\":\"https:\\\/\\\/cdn1.mediawpaccore.net\\\/wp-content\\\/uploads\\\/2025\\\/08\\\/08044427\\\/image-26.png\",\"width\":1980,\"height\":1038,\"caption\":\"Foto REFERENCIAL, generada por la Inteligencia Artificial\"},{\"@type\":\"BreadcrumbList\",\"@id\":\"https:\\\/\\\/www.cuballama.com\\\/noticias\\\/joven-alemana-encuentra-gracias-a-las-redes-sociales-a-su-padre-cubano-quien-la-dejo-de-ver-siendo-una-bebe\\\/#breadcrumb\",\"itemListElement\":[{\"@type\":\"ListItem\",\"position\":1,\"name\":\"Home\",\"item\":\"https:\\\/\\\/www.cuballama.com\\\/noticias\\\/\"},{\"@type\":\"ListItem\",\"position\":2,\"name\":\"Joven alemana encuentra gracias a las redes sociales a su padre cubano, quien la dej\u00f3 de ver siendo una beb\u00e9\"}]},{\"@type\":\"WebSite\",\"@id\":\"https:\\\/\\\/www.cuballama.com\\\/noticias\\\/#website\",\"url\":\"https:\\\/\\\/www.cuballama.com\\\/noticias\\\/\",\"name\":\"Cuballama Noticias\",\"description\":\"Medio digital sobre Cuba y el mundo\",\"publisher\":{\"@id\":\"https:\\\/\\\/www.cuballama.com\\\/noticias\\\/#organization\"},\"potentialAction\":[{\"@type\":\"SearchAction\",\"target\":{\"@type\":\"EntryPoint\",\"urlTemplate\":\"https:\\\/\\\/www.cuballama.com\\\/noticias\\\/?s={search_term_string}\"},\"query-input\":{\"@type\":\"PropertyValueSpecification\",\"valueRequired\":true,\"valueName\":\"search_term_string\"}}],\"inLanguage\":\"es\"},{\"@type\":\"Organization\",\"@id\":\"https:\\\/\\\/www.cuballama.com\\\/noticias\\\/#organization\",\"name\":\"Cuballama\",\"url\":\"https:\\\/\\\/www.cuballama.com\\\/noticias\\\/\",\"logo\":{\"@type\":\"ImageObject\",\"inLanguage\":\"es\",\"@id\":\"https:\\\/\\\/www.cuballama.com\\\/noticias\\\/#\\\/schema\\\/logo\\\/image\\\/\",\"url\":\"https:\\\/\\\/cdn1.mediawpaccore.net\\\/wp-content\\\/uploads\\\/2021\\\/12\\\/28171206\\\/cbll-logo-color-sm.png\",\"contentUrl\":\"https:\\\/\\\/cdn1.mediawpaccore.net\\\/wp-content\\\/uploads\\\/2021\\\/12\\\/28171206\\\/cbll-logo-color-sm.png\",\"width\":600,\"height\":133,\"caption\":\"Cuballama\"},\"image\":{\"@id\":\"https:\\\/\\\/www.cuballama.com\\\/noticias\\\/#\\\/schema\\\/logo\\\/image\\\/\"},\"sameAs\":[\"https:\\\/\\\/www.facebook.com\\\/CubaLlama\",\"https:\\\/\\\/x.com\\\/cuballama\",\"https:\\\/\\\/www.instagram.com\\\/stories\\\/cuballama_oficial\\\/\",\"https:\\\/\\\/www.youtube.com\\\/channel\\\/UCKkFE-d_axENGZcrc4as0IA\"]},{\"@type\":\"Person\",\"@id\":\"https:\\\/\\\/www.cuballama.com\\\/noticias\\\/#\\\/schema\\\/person\\\/a58502ed4146c8e9f83872e897c76cd2\",\"name\":\"Roberto A.\",\"description\":\"Roberto A. Periodista por decisi\u00f3n propia. Interesado en cualquier tema que me apasione y cada vez m\u00e1s comprometido con la verdad y la objetividad period\u00edstica. Graduado en La Habana hace ya muchos a\u00f1os, luego de una accidentada y polvorienta b\u00fasqueda de informaci\u00f3n sobre un tema in\u00e9dito. La Tesis, por cierto, desapareci\u00f3 de la biblioteca y no se conservan copias de la misma.\",\"url\":\"https:\\\/\\\/www.cuballama.com\\\/noticias\\\/author\\\/roberto\\\/\"}]}<\/script>\n<!-- \/ Yoast SEO plugin. -->","yoast_head_json":{"title":"Joven alemana encuentra gracias a las redes sociales a su padre cubano, quien la dej\u00f3 de ver siendo una beb\u00e9 - Cuballama Noticias","description":"Una joven alemana hija de un cubano que estuvo en la RDA en los a\u00f1os 80, lo ha encontrado gracias al apoyo de muchos otros cubanos en Facebook","robots":{"index":"index","follow":"follow","max-snippet":"max-snippet:-1","max-image-preview":"max-image-preview:large","max-video-preview":"max-video-preview:-1"},"canonical":"https:\/\/www.cuballama.com\/noticias\/joven-alemana-encuentra-gracias-a-las-redes-sociales-a-su-padre-cubano-quien-la-dejo-de-ver-siendo-una-bebe\/","og_locale":"es_ES","og_type":"article","og_title":"Joven alemana encuentra gracias a las redes sociales a su padre cubano, quien la dej\u00f3 de ver siendo una beb\u00e9 - Cuballama Noticias","og_description":"Una joven alemana hija de un cubano que estuvo en la RDA en los a\u00f1os 80, lo ha encontrado gracias al apoyo de muchos otros cubanos en Facebook","og_url":"https:\/\/www.cuballama.com\/noticias\/joven-alemana-encuentra-gracias-a-las-redes-sociales-a-su-padre-cubano-quien-la-dejo-de-ver-siendo-una-bebe\/","og_site_name":"Cuballama Noticias","article_publisher":"https:\/\/www.facebook.com\/CubaLlama","article_published_time":"2025-08-10T19:56:15+00:00","article_modified_time":"2025-08-10T19:56:20+00:00","og_image":[{"width":1980,"height":1038,"url":"https:\/\/cdn1.mediawpaccore.net\/wp-content\/uploads\/2025\/08\/08044427\/image-26.png","type":"image\/png"}],"author":"Roberto A.","twitter_card":"summary_large_image","twitter_creator":"@cuballama","twitter_site":"@cuballama","twitter_misc":{"Escrito por":"Roberto A.","Tiempo de lectura":"3 minutos"},"schema":{"@context":"https:\/\/schema.org","@graph":[{"@type":"Article","@id":"https:\/\/www.cuballama.com\/noticias\/joven-alemana-encuentra-gracias-a-las-redes-sociales-a-su-padre-cubano-quien-la-dejo-de-ver-siendo-una-bebe\/#article","isPartOf":{"@id":"https:\/\/www.cuballama.com\/noticias\/joven-alemana-encuentra-gracias-a-las-redes-sociales-a-su-padre-cubano-quien-la-dejo-de-ver-siendo-una-bebe\/"},"author":{"name":"Roberto A.","@id":"https:\/\/www.cuballama.com\/noticias\/#\/schema\/person\/a58502ed4146c8e9f83872e897c76cd2"},"headline":"Joven alemana encuentra gracias a las redes sociales a su padre cubano, quien la dej\u00f3 de ver siendo una beb\u00e9","datePublished":"2025-08-10T19:56:15+00:00","dateModified":"2025-08-10T19:56:20+00:00","mainEntityOfPage":{"@id":"https:\/\/www.cuballama.com\/noticias\/joven-alemana-encuentra-gracias-a-las-redes-sociales-a-su-padre-cubano-quien-la-dejo-de-ver-siendo-una-bebe\/"},"wordCount":582,"commentCount":0,"publisher":{"@id":"https:\/\/www.cuballama.com\/noticias\/#organization"},"image":{"@id":"https:\/\/www.cuballama.com\/noticias\/joven-alemana-encuentra-gracias-a-las-redes-sociales-a-su-padre-cubano-quien-la-dejo-de-ver-siendo-una-bebe\/#primaryimage"},"thumbnailUrl":"https:\/\/cdn1.mediawpaccore.net\/wp-content\/uploads\/2025\/08\/08044427\/image-26.png","keywords":["Alemania","cubanas","Hechos asombrosos","hechos inspiradores","Hijos","Historias","padres","Padres e hijos"],"articleSection":["Noticias","Noticias de Cuba"],"inLanguage":"es","potentialAction":[{"@type":"CommentAction","name":"Comment","target":["https:\/\/www.cuballama.com\/noticias\/joven-alemana-encuentra-gracias-a-las-redes-sociales-a-su-padre-cubano-quien-la-dejo-de-ver-siendo-una-bebe\/#respond"]}]},{"@type":"WebPage","@id":"https:\/\/www.cuballama.com\/noticias\/joven-alemana-encuentra-gracias-a-las-redes-sociales-a-su-padre-cubano-quien-la-dejo-de-ver-siendo-una-bebe\/","url":"https:\/\/www.cuballama.com\/noticias\/joven-alemana-encuentra-gracias-a-las-redes-sociales-a-su-padre-cubano-quien-la-dejo-de-ver-siendo-una-bebe\/","name":"Joven alemana encuentra gracias a las redes sociales a su padre cubano, quien la dej\u00f3 de ver siendo una beb\u00e9 - Cuballama Noticias","isPartOf":{"@id":"https:\/\/www.cuballama.com\/noticias\/#website"},"primaryImageOfPage":{"@id":"https:\/\/www.cuballama.com\/noticias\/joven-alemana-encuentra-gracias-a-las-redes-sociales-a-su-padre-cubano-quien-la-dejo-de-ver-siendo-una-bebe\/#primaryimage"},"image":{"@id":"https:\/\/www.cuballama.com\/noticias\/joven-alemana-encuentra-gracias-a-las-redes-sociales-a-su-padre-cubano-quien-la-dejo-de-ver-siendo-una-bebe\/#primaryimage"},"thumbnailUrl":"https:\/\/cdn1.mediawpaccore.net\/wp-content\/uploads\/2025\/08\/08044427\/image-26.png","datePublished":"2025-08-10T19:56:15+00:00","dateModified":"2025-08-10T19:56:20+00:00","description":"Una joven alemana hija de un cubano que estuvo en la RDA en los a\u00f1os 80, lo ha encontrado gracias al apoyo de muchos otros cubanos en Facebook","breadcrumb":{"@id":"https:\/\/www.cuballama.com\/noticias\/joven-alemana-encuentra-gracias-a-las-redes-sociales-a-su-padre-cubano-quien-la-dejo-de-ver-siendo-una-bebe\/#breadcrumb"},"inLanguage":"es","potentialAction":[{"@type":"ReadAction","target":["https:\/\/www.cuballama.com\/noticias\/joven-alemana-encuentra-gracias-a-las-redes-sociales-a-su-padre-cubano-quien-la-dejo-de-ver-siendo-una-bebe\/"]}]},{"@type":"ImageObject","inLanguage":"es","@id":"https:\/\/www.cuballama.com\/noticias\/joven-alemana-encuentra-gracias-a-las-redes-sociales-a-su-padre-cubano-quien-la-dejo-de-ver-siendo-una-bebe\/#primaryimage","url":"https:\/\/cdn1.mediawpaccore.net\/wp-content\/uploads\/2025\/08\/08044427\/image-26.png","contentUrl":"https:\/\/cdn1.mediawpaccore.net\/wp-content\/uploads\/2025\/08\/08044427\/image-26.png","width":1980,"height":1038,"caption":"Foto REFERENCIAL, generada por la Inteligencia Artificial"},{"@type":"BreadcrumbList","@id":"https:\/\/www.cuballama.com\/noticias\/joven-alemana-encuentra-gracias-a-las-redes-sociales-a-su-padre-cubano-quien-la-dejo-de-ver-siendo-una-bebe\/#breadcrumb","itemListElement":[{"@type":"ListItem","position":1,"name":"Home","item":"https:\/\/www.cuballama.com\/noticias\/"},{"@type":"ListItem","position":2,"name":"Joven alemana encuentra gracias a las redes sociales a su padre cubano, quien la dej\u00f3 de ver siendo una beb\u00e9"}]},{"@type":"WebSite","@id":"https:\/\/www.cuballama.com\/noticias\/#website","url":"https:\/\/www.cuballama.com\/noticias\/","name":"Cuballama Noticias","description":"Medio digital sobre Cuba y el mundo","publisher":{"@id":"https:\/\/www.cuballama.com\/noticias\/#organization"},"potentialAction":[{"@type":"SearchAction","target":{"@type":"EntryPoint","urlTemplate":"https:\/\/www.cuballama.com\/noticias\/?s={search_term_string}"},"query-input":{"@type":"PropertyValueSpecification","valueRequired":true,"valueName":"search_term_string"}}],"inLanguage":"es"},{"@type":"Organization","@id":"https:\/\/www.cuballama.com\/noticias\/#organization","name":"Cuballama","url":"https:\/\/www.cuballama.com\/noticias\/","logo":{"@type":"ImageObject","inLanguage":"es","@id":"https:\/\/www.cuballama.com\/noticias\/#\/schema\/logo\/image\/","url":"https:\/\/cdn1.mediawpaccore.net\/wp-content\/uploads\/2021\/12\/28171206\/cbll-logo-color-sm.png","contentUrl":"https:\/\/cdn1.mediawpaccore.net\/wp-content\/uploads\/2021\/12\/28171206\/cbll-logo-color-sm.png","width":600,"height":133,"caption":"Cuballama"},"image":{"@id":"https:\/\/www.cuballama.com\/noticias\/#\/schema\/logo\/image\/"},"sameAs":["https:\/\/www.facebook.com\/CubaLlama","https:\/\/x.com\/cuballama","https:\/\/www.instagram.com\/stories\/cuballama_oficial\/","https:\/\/www.youtube.com\/channel\/UCKkFE-d_axENGZcrc4as0IA"]},{"@type":"Person","@id":"https:\/\/www.cuballama.com\/noticias\/#\/schema\/person\/a58502ed4146c8e9f83872e897c76cd2","name":"Roberto A.","description":"Roberto A. Periodista por decisi\u00f3n propia. Interesado en cualquier tema que me apasione y cada vez m\u00e1s comprometido con la verdad y la objetividad period\u00edstica. Graduado en La Habana hace ya muchos a\u00f1os, luego de una accidentada y polvorienta b\u00fasqueda de informaci\u00f3n sobre un tema in\u00e9dito. La Tesis, por cierto, desapareci\u00f3 de la biblioteca y no se conservan copias de la misma.","url":"https:\/\/www.cuballama.com\/noticias\/author\/roberto\/"}]}},"_links":{"self":[{"href":"https:\/\/www.cuballama.com\/noticias\/wp-json\/wp\/v2\/posts\/215909","targetHints":{"allow":["GET"]}}],"collection":[{"href":"https:\/\/www.cuballama.com\/noticias\/wp-json\/wp\/v2\/posts"}],"about":[{"href":"https:\/\/www.cuballama.com\/noticias\/wp-json\/wp\/v2\/types\/post"}],"author":[{"embeddable":true,"href":"https:\/\/www.cuballama.com\/noticias\/wp-json\/wp\/v2\/users\/13"}],"replies":[{"embeddable":true,"href":"https:\/\/www.cuballama.com\/noticias\/wp-json\/wp\/v2\/comments?post=215909"}],"version-history":[{"count":4,"href":"https:\/\/www.cuballama.com\/noticias\/wp-json\/wp\/v2\/posts\/215909\/revisions"}],"predecessor-version":[{"id":215914,"href":"https:\/\/www.cuballama.com\/noticias\/wp-json\/wp\/v2\/posts\/215909\/revisions\/215914"}],"wp:featuredmedia":[{"embeddable":true,"href":"https:\/\/www.cuballama.com\/noticias\/wp-json\/wp\/v2\/media\/215913"}],"wp:attachment":[{"href":"https:\/\/www.cuballama.com\/noticias\/wp-json\/wp\/v2\/media?parent=215909"}],"wp:term":[{"taxonomy":"category","embeddable":true,"href":"https:\/\/www.cuballama.com\/noticias\/wp-json\/wp\/v2\/categories?post=215909"},{"taxonomy":"post_tag","embeddable":true,"href":"https:\/\/www.cuballama.com\/noticias\/wp-json\/wp\/v2\/tags?post=215909"}],"curies":[{"name":"wp","href":"https:\/\/api.w.org\/{rel}","templated":true}]}}