{"id":215119,"date":"2025-08-01T07:00:00","date_gmt":"2025-08-01T11:00:00","guid":{"rendered":"https:\/\/www.cuballama.com\/noticias\/?p=215119"},"modified":"2025-07-31T23:33:17","modified_gmt":"2025-08-01T03:33:17","slug":"llegan-a-cuba-118-migrantes-en-nuevo-vuelo-de-deportacion-desde-ee-uu","status":"publish","type":"post","link":"https:\/\/www.cuballama.com\/noticias\/llegan-a-cuba-118-migrantes-en-nuevo-vuelo-de-deportacion-desde-ee-uu\/","title":{"rendered":"Llegan a Cuba 118 migrantes en nuevo vuelo de deportaci\u00f3n desde EE.UU."},"content":{"rendered":"\n<p>Un total de 118 cubanos fueron deportados este jueves 31 de julio de Estados Unidos a la isla, en el s\u00e9ptimo vuelo de deportaci\u00f3n del a\u00f1o desde territorio estadounidense.<\/p>\n\n\n\n<p>Seg\u00fan confirmaron las autoridades cubanas en redes sociales, abordo del avi\u00f3n que aterriz\u00f3 en el Aeropuerto Internacional Jos\u00e9 Mart\u00ed de La Habana iban 96 hombres y 22 mujeres.&nbsp;<\/p>\n\n\n\n<p>Tres de los repatriados fueron trasladados directamente a \u00f3rganos de investigaci\u00f3n penal por estar vinculados a presuntos delitos cometidos antes de abandonar el pa\u00eds, apunt\u00f3 el Ministerio del Interior de Cuba.<\/p>\n\n\n\n<blockquote class=\"twitter-tweet\"><p lang=\"es\" dir=\"ltr\">Realizan vuelo de retorno a <a href=\"https:\/\/twitter.com\/hashtag\/Cuba?src=hash&amp;ref_src=twsrc%5Etfw\">#Cuba<\/a> con 118 migrantes irregulares desde EE.UU. (96 hombres y 22 mujeres). Totalizan  27 devoluciones desde distintos pa\u00edses de la regi\u00f3n en el 2025, con un total de 833 personas devueltas. <a href=\"https:\/\/t.co\/vOatk6YKg9\">pic.twitter.com\/vOatk6YKg9<\/a><\/p>&mdash; MININT_CUBA (@minint_cuba) <a href=\"https:\/\/twitter.com\/minint_cuba\/status\/1951010693970264280?ref_src=twsrc%5Etfw\">July 31, 2025<\/a><\/blockquote> <script async src=\"https:\/\/platform.twitter.com\/widgets.js\" charset=\"utf-8\"><\/script>\n\n\n\n<p>El vuelo de este jueves, <a href=\"https:\/\/www.cuballama.com\/noticias\/ee-uu-prepara-vuelo-de-deportacion-a-cuba-para-esta-semana\/\" target=\"_blank\" rel=\"noreferrer noopener\">anunciado por el periodista Mario J. Pent\u00f3n desde principios de semana<\/a>, forma parte de los acuerdos migratorios bilaterales entre La Habana y Washington.<\/p>\n\n\n\n<p>Con esta operaci\u00f3n a\u00e9rea llegan a 833 el n\u00famero de cubanos repatriados en lo que va de 2025 desde diversos pa\u00edses de la regi\u00f3n, inform\u00f3 el oficialismo cubano.<\/p>\n\n\n\n<p>Seg\u00fan fuentes del Departamento de Seguridad Nacional (DHS), el gobierno cubano habr\u00eda mostrado disposici\u00f3n a aceptar un segundo vuelo mensual, aunque las negociaciones no prosperaron.<\/p>\n\n\n\n<p>Es decir que, pese a la congelaci\u00f3n diplom\u00e1tica y la suspensi\u00f3n indefinida de las conversaciones migratorias bilaterales en abril, el r\u00e9gimen cubano ha continuado recibiendo vuelos de deportaci\u00f3n, lo que evidencia un m\u00ednimo canal de cooperaci\u00f3n operativa entre ambas partes.<\/p>\n\n\n\n<p>Desde enero han sido devueltos a la isla por v\u00eda a\u00e9rea desde Estados Unidos m\u00e1s de 600 cubanos.<\/p>\n\n\n\n<p>La Habana ha reiterado su compromiso con una migraci\u00f3n \u201cregular, segura y ordenada\u201d, al tiempo que alerta sobre los riesgos que implican las salidas ilegales del pa\u00eds, muchas de ellas impulsadas por la desesperaci\u00f3n econ\u00f3mica, la represi\u00f3n pol\u00edtica o la falta de futuro en la isla.<\/p>\n\n\n\n<p>Seg\u00fan cifras oficiales, m\u00e1s de 42.000 cubanos se encuentran bajo \u00f3rdenes finales de deportaci\u00f3n en Estados Unidos, muchos en libertad supervisada o en centros de detenci\u00f3n en Luisiana y Nuevo M\u00e9xico.&nbsp;<\/p>\n\n\n\n<p>El DHS ha reconocido que ya se han ejecutado m\u00e1s de 185.000 deportaciones, en lo que califica como un esfuerzo hist\u00f3rico por \u201crestaurar el control fronterizo\u201d.<\/p>\n\n\n\n<p><\/p>\n","protected":false},"excerpt":{"rendered":"<p>Tres de los retornados fueron detenidos a su llegada por supuestos v\u00ednculos con delitos anteriores.<\/p>\n","protected":false},"author":30,"featured_media":215121,"comment_status":"open","ping_status":"closed","sticky":false,"template":"","format":"standard","meta":{"_acf_changed":false,"footnotes":""},"categories":[18,955],"tags":[5404,941,600,20532],"class_list":{"0":"post-215119","1":"post","2":"type-post","3":"status-publish","4":"format-standard","5":"has-post-thumbnail","7":"category-noticias","8":"category-noticias-de-cuba","9":"tag-administracion-trump","10":"tag-destacado","11":"tag-migrantes-cubanos","12":"tag-vuelo-de-deportacion"},"acf":[],"yoast_head":"<!-- This site is optimized with the Yoast SEO plugin v27.4 - https:\/\/yoast.com\/product\/yoast-seo-wordpress\/ -->\n<title>Llegan a Cuba 118 migrantes en nuevo vuelo de deportaci\u00f3n desde EE.UU. - Cuballama Noticias<\/title>\n<meta name=\"description\" content=\"Un total de 118 migrantes irregulares cubanos fueron deportados este jueves 31 de julio de Estados Unidos a Cuba.\" \/>\n<meta name=\"robots\" content=\"index, follow, max-snippet:-1, max-image-preview:large, max-video-preview:-1\" \/>\n<link rel=\"canonical\" href=\"https:\/\/www.cuballama.com\/noticias\/llegan-a-cuba-118-migrantes-en-nuevo-vuelo-de-deportacion-desde-ee-uu\/\" \/>\n<meta property=\"og:locale\" content=\"es_ES\" \/>\n<meta property=\"og:type\" content=\"article\" \/>\n<meta property=\"og:title\" content=\"Llegan a Cuba 118 migrantes en nuevo vuelo de deportaci\u00f3n desde EE.UU. - Cuballama Noticias\" \/>\n<meta property=\"og:description\" content=\"Un total de 118 migrantes irregulares cubanos fueron deportados este jueves 31 de julio de Estados Unidos a Cuba.\" \/>\n<meta property=\"og:url\" content=\"https:\/\/www.cuballama.com\/noticias\/llegan-a-cuba-118-migrantes-en-nuevo-vuelo-de-deportacion-desde-ee-uu\/\" \/>\n<meta property=\"og:site_name\" content=\"Cuballama Noticias\" \/>\n<meta property=\"article:publisher\" content=\"https:\/\/www.facebook.com\/CubaLlama\" \/>\n<meta property=\"article:published_time\" content=\"2025-08-01T11:00:00+00:00\" \/>\n<meta property=\"og:image\" content=\"https:\/\/cdn1.mediawpaccore.net\/wp-content\/uploads\/2025\/07\/31191134\/GxNh36WWgAMYkDU.jpg\" \/>\n\t<meta property=\"og:image:width\" content=\"1200\" \/>\n\t<meta property=\"og:image:height\" content=\"630\" \/>\n\t<meta property=\"og:image:type\" content=\"image\/jpeg\" \/>\n<meta name=\"author\" content=\"Kathy\" \/>\n<meta name=\"twitter:card\" content=\"summary_large_image\" \/>\n<meta name=\"twitter:creator\" content=\"@cuballama\" \/>\n<meta name=\"twitter:site\" content=\"@cuballama\" \/>\n<meta name=\"twitter:label1\" content=\"Escrito por\" \/>\n\t<meta name=\"twitter:data1\" content=\"Kathy\" \/>\n\t<meta name=\"twitter:label2\" content=\"Tiempo de lectura\" \/>\n\t<meta name=\"twitter:data2\" content=\"2 minutos\" \/>\n<script type=\"application\/ld+json\" class=\"yoast-schema-graph\">{\"@context\":\"https:\\\/\\\/schema.org\",\"@graph\":[{\"@type\":\"Article\",\"@id\":\"https:\\\/\\\/www.cuballama.com\\\/noticias\\\/llegan-a-cuba-118-migrantes-en-nuevo-vuelo-de-deportacion-desde-ee-uu\\\/#article\",\"isPartOf\":{\"@id\":\"https:\\\/\\\/www.cuballama.com\\\/noticias\\\/llegan-a-cuba-118-migrantes-en-nuevo-vuelo-de-deportacion-desde-ee-uu\\\/\"},\"author\":{\"name\":\"Kathy\",\"@id\":\"https:\\\/\\\/www.cuballama.com\\\/noticias\\\/#\\\/schema\\\/person\\\/86cd3e3f4974437f031211213bf892d5\"},\"headline\":\"Llegan a Cuba 118 migrantes en nuevo vuelo de deportaci\u00f3n desde EE.UU.\",\"datePublished\":\"2025-08-01T11:00:00+00:00\",\"mainEntityOfPage\":{\"@id\":\"https:\\\/\\\/www.cuballama.com\\\/noticias\\\/llegan-a-cuba-118-migrantes-en-nuevo-vuelo-de-deportacion-desde-ee-uu\\\/\"},\"wordCount\":419,\"commentCount\":0,\"publisher\":{\"@id\":\"https:\\\/\\\/www.cuballama.com\\\/noticias\\\/#organization\"},\"image\":{\"@id\":\"https:\\\/\\\/www.cuballama.com\\\/noticias\\\/llegan-a-cuba-118-migrantes-en-nuevo-vuelo-de-deportacion-desde-ee-uu\\\/#primaryimage\"},\"thumbnailUrl\":\"https:\\\/\\\/cdn1.mediawpaccore.net\\\/wp-content\\\/uploads\\\/2025\\\/07\\\/31191134\\\/GxNh36WWgAMYkDU.jpg\",\"keywords\":[\"administraci\u00f3n Trump\",\"destacado\",\"Migrantes cubanos\",\"vuelo de deportaci\u00f3n\"],\"articleSection\":[\"Noticias\",\"Noticias de Cuba\"],\"inLanguage\":\"es\",\"potentialAction\":[{\"@type\":\"CommentAction\",\"name\":\"Comment\",\"target\":[\"https:\\\/\\\/www.cuballama.com\\\/noticias\\\/llegan-a-cuba-118-migrantes-en-nuevo-vuelo-de-deportacion-desde-ee-uu\\\/#respond\"]}]},{\"@type\":\"WebPage\",\"@id\":\"https:\\\/\\\/www.cuballama.com\\\/noticias\\\/llegan-a-cuba-118-migrantes-en-nuevo-vuelo-de-deportacion-desde-ee-uu\\\/\",\"url\":\"https:\\\/\\\/www.cuballama.com\\\/noticias\\\/llegan-a-cuba-118-migrantes-en-nuevo-vuelo-de-deportacion-desde-ee-uu\\\/\",\"name\":\"Llegan a Cuba 118 migrantes en nuevo vuelo de deportaci\u00f3n desde EE.UU. - Cuballama Noticias\",\"isPartOf\":{\"@id\":\"https:\\\/\\\/www.cuballama.com\\\/noticias\\\/#website\"},\"primaryImageOfPage\":{\"@id\":\"https:\\\/\\\/www.cuballama.com\\\/noticias\\\/llegan-a-cuba-118-migrantes-en-nuevo-vuelo-de-deportacion-desde-ee-uu\\\/#primaryimage\"},\"image\":{\"@id\":\"https:\\\/\\\/www.cuballama.com\\\/noticias\\\/llegan-a-cuba-118-migrantes-en-nuevo-vuelo-de-deportacion-desde-ee-uu\\\/#primaryimage\"},\"thumbnailUrl\":\"https:\\\/\\\/cdn1.mediawpaccore.net\\\/wp-content\\\/uploads\\\/2025\\\/07\\\/31191134\\\/GxNh36WWgAMYkDU.jpg\",\"datePublished\":\"2025-08-01T11:00:00+00:00\",\"description\":\"Un total de 118 migrantes irregulares cubanos fueron deportados este jueves 31 de julio de Estados Unidos a Cuba.\",\"breadcrumb\":{\"@id\":\"https:\\\/\\\/www.cuballama.com\\\/noticias\\\/llegan-a-cuba-118-migrantes-en-nuevo-vuelo-de-deportacion-desde-ee-uu\\\/#breadcrumb\"},\"inLanguage\":\"es\",\"potentialAction\":[{\"@type\":\"ReadAction\",\"target\":[\"https:\\\/\\\/www.cuballama.com\\\/noticias\\\/llegan-a-cuba-118-migrantes-en-nuevo-vuelo-de-deportacion-desde-ee-uu\\\/\"]}]},{\"@type\":\"ImageObject\",\"inLanguage\":\"es\",\"@id\":\"https:\\\/\\\/www.cuballama.com\\\/noticias\\\/llegan-a-cuba-118-migrantes-en-nuevo-vuelo-de-deportacion-desde-ee-uu\\\/#primaryimage\",\"url\":\"https:\\\/\\\/cdn1.mediawpaccore.net\\\/wp-content\\\/uploads\\\/2025\\\/07\\\/31191134\\\/GxNh36WWgAMYkDU.jpg\",\"contentUrl\":\"https:\\\/\\\/cdn1.mediawpaccore.net\\\/wp-content\\\/uploads\\\/2025\\\/07\\\/31191134\\\/GxNh36WWgAMYkDU.jpg\",\"width\":1200,\"height\":630,\"caption\":\"Vuelo de deportaci\u00f3n a Cuba. Foto: X7Minint Cuba.\"},{\"@type\":\"BreadcrumbList\",\"@id\":\"https:\\\/\\\/www.cuballama.com\\\/noticias\\\/llegan-a-cuba-118-migrantes-en-nuevo-vuelo-de-deportacion-desde-ee-uu\\\/#breadcrumb\",\"itemListElement\":[{\"@type\":\"ListItem\",\"position\":1,\"name\":\"Home\",\"item\":\"https:\\\/\\\/www.cuballama.com\\\/noticias\\\/\"},{\"@type\":\"ListItem\",\"position\":2,\"name\":\"Llegan a Cuba 118 migrantes en nuevo vuelo de deportaci\u00f3n desde EE.UU.\"}]},{\"@type\":\"WebSite\",\"@id\":\"https:\\\/\\\/www.cuballama.com\\\/noticias\\\/#website\",\"url\":\"https:\\\/\\\/www.cuballama.com\\\/noticias\\\/\",\"name\":\"Cuballama Noticias\",\"description\":\"Medio digital sobre Cuba y el mundo\",\"publisher\":{\"@id\":\"https:\\\/\\\/www.cuballama.com\\\/noticias\\\/#organization\"},\"potentialAction\":[{\"@type\":\"SearchAction\",\"target\":{\"@type\":\"EntryPoint\",\"urlTemplate\":\"https:\\\/\\\/www.cuballama.com\\\/noticias\\\/?s={search_term_string}\"},\"query-input\":{\"@type\":\"PropertyValueSpecification\",\"valueRequired\":true,\"valueName\":\"search_term_string\"}}],\"inLanguage\":\"es\"},{\"@type\":\"Organization\",\"@id\":\"https:\\\/\\\/www.cuballama.com\\\/noticias\\\/#organization\",\"name\":\"Cuballama\",\"url\":\"https:\\\/\\\/www.cuballama.com\\\/noticias\\\/\",\"logo\":{\"@type\":\"ImageObject\",\"inLanguage\":\"es\",\"@id\":\"https:\\\/\\\/www.cuballama.com\\\/noticias\\\/#\\\/schema\\\/logo\\\/image\\\/\",\"url\":\"https:\\\/\\\/cdn1.mediawpaccore.net\\\/wp-content\\\/uploads\\\/2021\\\/12\\\/28171206\\\/cbll-logo-color-sm.png\",\"contentUrl\":\"https:\\\/\\\/cdn1.mediawpaccore.net\\\/wp-content\\\/uploads\\\/2021\\\/12\\\/28171206\\\/cbll-logo-color-sm.png\",\"width\":600,\"height\":133,\"caption\":\"Cuballama\"},\"image\":{\"@id\":\"https:\\\/\\\/www.cuballama.com\\\/noticias\\\/#\\\/schema\\\/logo\\\/image\\\/\"},\"sameAs\":[\"https:\\\/\\\/www.facebook.com\\\/CubaLlama\",\"https:\\\/\\\/x.com\\\/cuballama\",\"https:\\\/\\\/www.instagram.com\\\/stories\\\/cuballama_oficial\\\/\",\"https:\\\/\\\/www.youtube.com\\\/channel\\\/UCKkFE-d_axENGZcrc4as0IA\"]},{\"@type\":\"Person\",\"@id\":\"https:\\\/\\\/www.cuballama.com\\\/noticias\\\/#\\\/schema\\\/person\\\/86cd3e3f4974437f031211213bf892d5\",\"name\":\"Kathy\",\"url\":\"https:\\\/\\\/www.cuballama.com\\\/noticias\\\/author\\\/kathy\\\/\"}]}<\/script>\n<!-- \/ Yoast SEO plugin. -->","yoast_head_json":{"title":"Llegan a Cuba 118 migrantes en nuevo vuelo de deportaci\u00f3n desde EE.UU. - Cuballama Noticias","description":"Un total de 118 migrantes irregulares cubanos fueron deportados este jueves 31 de julio de Estados Unidos a Cuba.","robots":{"index":"index","follow":"follow","max-snippet":"max-snippet:-1","max-image-preview":"max-image-preview:large","max-video-preview":"max-video-preview:-1"},"canonical":"https:\/\/www.cuballama.com\/noticias\/llegan-a-cuba-118-migrantes-en-nuevo-vuelo-de-deportacion-desde-ee-uu\/","og_locale":"es_ES","og_type":"article","og_title":"Llegan a Cuba 118 migrantes en nuevo vuelo de deportaci\u00f3n desde EE.UU. - Cuballama Noticias","og_description":"Un total de 118 migrantes irregulares cubanos fueron deportados este jueves 31 de julio de Estados Unidos a Cuba.","og_url":"https:\/\/www.cuballama.com\/noticias\/llegan-a-cuba-118-migrantes-en-nuevo-vuelo-de-deportacion-desde-ee-uu\/","og_site_name":"Cuballama Noticias","article_publisher":"https:\/\/www.facebook.com\/CubaLlama","article_published_time":"2025-08-01T11:00:00+00:00","og_image":[{"width":1200,"height":630,"url":"https:\/\/cdn1.mediawpaccore.net\/wp-content\/uploads\/2025\/07\/31191134\/GxNh36WWgAMYkDU.jpg","type":"image\/jpeg"}],"author":"Kathy","twitter_card":"summary_large_image","twitter_creator":"@cuballama","twitter_site":"@cuballama","twitter_misc":{"Escrito por":"Kathy","Tiempo de lectura":"2 minutos"},"schema":{"@context":"https:\/\/schema.org","@graph":[{"@type":"Article","@id":"https:\/\/www.cuballama.com\/noticias\/llegan-a-cuba-118-migrantes-en-nuevo-vuelo-de-deportacion-desde-ee-uu\/#article","isPartOf":{"@id":"https:\/\/www.cuballama.com\/noticias\/llegan-a-cuba-118-migrantes-en-nuevo-vuelo-de-deportacion-desde-ee-uu\/"},"author":{"name":"Kathy","@id":"https:\/\/www.cuballama.com\/noticias\/#\/schema\/person\/86cd3e3f4974437f031211213bf892d5"},"headline":"Llegan a Cuba 118 migrantes en nuevo vuelo de deportaci\u00f3n desde EE.UU.","datePublished":"2025-08-01T11:00:00+00:00","mainEntityOfPage":{"@id":"https:\/\/www.cuballama.com\/noticias\/llegan-a-cuba-118-migrantes-en-nuevo-vuelo-de-deportacion-desde-ee-uu\/"},"wordCount":419,"commentCount":0,"publisher":{"@id":"https:\/\/www.cuballama.com\/noticias\/#organization"},"image":{"@id":"https:\/\/www.cuballama.com\/noticias\/llegan-a-cuba-118-migrantes-en-nuevo-vuelo-de-deportacion-desde-ee-uu\/#primaryimage"},"thumbnailUrl":"https:\/\/cdn1.mediawpaccore.net\/wp-content\/uploads\/2025\/07\/31191134\/GxNh36WWgAMYkDU.jpg","keywords":["administraci\u00f3n Trump","destacado","Migrantes cubanos","vuelo de deportaci\u00f3n"],"articleSection":["Noticias","Noticias de Cuba"],"inLanguage":"es","potentialAction":[{"@type":"CommentAction","name":"Comment","target":["https:\/\/www.cuballama.com\/noticias\/llegan-a-cuba-118-migrantes-en-nuevo-vuelo-de-deportacion-desde-ee-uu\/#respond"]}]},{"@type":"WebPage","@id":"https:\/\/www.cuballama.com\/noticias\/llegan-a-cuba-118-migrantes-en-nuevo-vuelo-de-deportacion-desde-ee-uu\/","url":"https:\/\/www.cuballama.com\/noticias\/llegan-a-cuba-118-migrantes-en-nuevo-vuelo-de-deportacion-desde-ee-uu\/","name":"Llegan a Cuba 118 migrantes en nuevo vuelo de deportaci\u00f3n desde EE.UU. - Cuballama Noticias","isPartOf":{"@id":"https:\/\/www.cuballama.com\/noticias\/#website"},"primaryImageOfPage":{"@id":"https:\/\/www.cuballama.com\/noticias\/llegan-a-cuba-118-migrantes-en-nuevo-vuelo-de-deportacion-desde-ee-uu\/#primaryimage"},"image":{"@id":"https:\/\/www.cuballama.com\/noticias\/llegan-a-cuba-118-migrantes-en-nuevo-vuelo-de-deportacion-desde-ee-uu\/#primaryimage"},"thumbnailUrl":"https:\/\/cdn1.mediawpaccore.net\/wp-content\/uploads\/2025\/07\/31191134\/GxNh36WWgAMYkDU.jpg","datePublished":"2025-08-01T11:00:00+00:00","description":"Un total de 118 migrantes irregulares cubanos fueron deportados este jueves 31 de julio de Estados Unidos a Cuba.","breadcrumb":{"@id":"https:\/\/www.cuballama.com\/noticias\/llegan-a-cuba-118-migrantes-en-nuevo-vuelo-de-deportacion-desde-ee-uu\/#breadcrumb"},"inLanguage":"es","potentialAction":[{"@type":"ReadAction","target":["https:\/\/www.cuballama.com\/noticias\/llegan-a-cuba-118-migrantes-en-nuevo-vuelo-de-deportacion-desde-ee-uu\/"]}]},{"@type":"ImageObject","inLanguage":"es","@id":"https:\/\/www.cuballama.com\/noticias\/llegan-a-cuba-118-migrantes-en-nuevo-vuelo-de-deportacion-desde-ee-uu\/#primaryimage","url":"https:\/\/cdn1.mediawpaccore.net\/wp-content\/uploads\/2025\/07\/31191134\/GxNh36WWgAMYkDU.jpg","contentUrl":"https:\/\/cdn1.mediawpaccore.net\/wp-content\/uploads\/2025\/07\/31191134\/GxNh36WWgAMYkDU.jpg","width":1200,"height":630,"caption":"Vuelo de deportaci\u00f3n a Cuba. Foto: X7Minint Cuba."},{"@type":"BreadcrumbList","@id":"https:\/\/www.cuballama.com\/noticias\/llegan-a-cuba-118-migrantes-en-nuevo-vuelo-de-deportacion-desde-ee-uu\/#breadcrumb","itemListElement":[{"@type":"ListItem","position":1,"name":"Home","item":"https:\/\/www.cuballama.com\/noticias\/"},{"@type":"ListItem","position":2,"name":"Llegan a Cuba 118 migrantes en nuevo vuelo de deportaci\u00f3n desde EE.UU."}]},{"@type":"WebSite","@id":"https:\/\/www.cuballama.com\/noticias\/#website","url":"https:\/\/www.cuballama.com\/noticias\/","name":"Cuballama Noticias","description":"Medio digital sobre Cuba y el mundo","publisher":{"@id":"https:\/\/www.cuballama.com\/noticias\/#organization"},"potentialAction":[{"@type":"SearchAction","target":{"@type":"EntryPoint","urlTemplate":"https:\/\/www.cuballama.com\/noticias\/?s={search_term_string}"},"query-input":{"@type":"PropertyValueSpecification","valueRequired":true,"valueName":"search_term_string"}}],"inLanguage":"es"},{"@type":"Organization","@id":"https:\/\/www.cuballama.com\/noticias\/#organization","name":"Cuballama","url":"https:\/\/www.cuballama.com\/noticias\/","logo":{"@type":"ImageObject","inLanguage":"es","@id":"https:\/\/www.cuballama.com\/noticias\/#\/schema\/logo\/image\/","url":"https:\/\/cdn1.mediawpaccore.net\/wp-content\/uploads\/2021\/12\/28171206\/cbll-logo-color-sm.png","contentUrl":"https:\/\/cdn1.mediawpaccore.net\/wp-content\/uploads\/2021\/12\/28171206\/cbll-logo-color-sm.png","width":600,"height":133,"caption":"Cuballama"},"image":{"@id":"https:\/\/www.cuballama.com\/noticias\/#\/schema\/logo\/image\/"},"sameAs":["https:\/\/www.facebook.com\/CubaLlama","https:\/\/x.com\/cuballama","https:\/\/www.instagram.com\/stories\/cuballama_oficial\/","https:\/\/www.youtube.com\/channel\/UCKkFE-d_axENGZcrc4as0IA"]},{"@type":"Person","@id":"https:\/\/www.cuballama.com\/noticias\/#\/schema\/person\/86cd3e3f4974437f031211213bf892d5","name":"Kathy","url":"https:\/\/www.cuballama.com\/noticias\/author\/kathy\/"}]}},"_links":{"self":[{"href":"https:\/\/www.cuballama.com\/noticias\/wp-json\/wp\/v2\/posts\/215119","targetHints":{"allow":["GET"]}}],"collection":[{"href":"https:\/\/www.cuballama.com\/noticias\/wp-json\/wp\/v2\/posts"}],"about":[{"href":"https:\/\/www.cuballama.com\/noticias\/wp-json\/wp\/v2\/types\/post"}],"author":[{"embeddable":true,"href":"https:\/\/www.cuballama.com\/noticias\/wp-json\/wp\/v2\/users\/30"}],"replies":[{"embeddable":true,"href":"https:\/\/www.cuballama.com\/noticias\/wp-json\/wp\/v2\/comments?post=215119"}],"version-history":[{"count":5,"href":"https:\/\/www.cuballama.com\/noticias\/wp-json\/wp\/v2\/posts\/215119\/revisions"}],"predecessor-version":[{"id":215126,"href":"https:\/\/www.cuballama.com\/noticias\/wp-json\/wp\/v2\/posts\/215119\/revisions\/215126"}],"wp:featuredmedia":[{"embeddable":true,"href":"https:\/\/www.cuballama.com\/noticias\/wp-json\/wp\/v2\/media\/215121"}],"wp:attachment":[{"href":"https:\/\/www.cuballama.com\/noticias\/wp-json\/wp\/v2\/media?parent=215119"}],"wp:term":[{"taxonomy":"category","embeddable":true,"href":"https:\/\/www.cuballama.com\/noticias\/wp-json\/wp\/v2\/categories?post=215119"},{"taxonomy":"post_tag","embeddable":true,"href":"https:\/\/www.cuballama.com\/noticias\/wp-json\/wp\/v2\/tags?post=215119"}],"curies":[{"name":"wp","href":"https:\/\/api.w.org\/{rel}","templated":true}]}}