{"id":214998,"date":"2025-07-31T11:06:45","date_gmt":"2025-07-31T15:06:45","guid":{"rendered":"https:\/\/www.cuballama.com\/noticias\/?p=214998"},"modified":"2025-07-31T11:07:03","modified_gmt":"2025-07-31T15:07:03","slug":"guiteras-al-borde-del-colapso-cualquier-reparacion-puede-fallar","status":"publish","type":"post","link":"https:\/\/www.cuballama.com\/noticias\/guiteras-al-borde-del-colapso-cualquier-reparacion-puede-fallar\/","title":{"rendered":"Guiteras, al borde del colapso: \u201cCualquier reparaci\u00f3n puede fallar\u201d"},"content":{"rendered":"\n<p>Lo inevitable ya es oficial: la Central Termoel\u00e9ctrica (CTE) Antonio Guiteras, en Matanzas, atraviesa un estado cr\u00edtico de deterioro. Pese a las promesas del oficialismo, los fallos recurrentes confirman lo que muchos ya daban por hecho: el sistema no aguanta m\u00e1s.<\/p>\n\n\n\n<p>Tras la aver\u00eda registrada este martes, el director de Electricidad del Ministerio de Energ\u00eda y Minas (Minem), L\u00e1zaro Guerra Hern\u00e1ndez, admiti\u00f3 en declaraciones al diario <em>Granma<\/em> que la planta tiene una \u201c<strong>gran deuda de mantenimiento capital\u201d<\/strong>, lo que genera <strong><a href=\"https:\/\/www.cuballama.com\/noticias\/fracasa-el-regreso-de-la-guiteras-nueva-averia-agrava-crisis-energetica-en-cuba\/\" target=\"_blank\" rel=\"noreferrer noopener\">salidas imprevistas y constantes vulnerabilidades<\/a><\/strong>. No es un detalle menor: la Guiteras es una de las principales fuentes de generaci\u00f3n el\u00e9ctrica del pa\u00eds.<\/p>\n\n\n\n<p>El funcionario se\u00f1al\u00f3 que los fallos m\u00e1s recientes se han concentrado en el <strong>recalentador de aire<\/strong>, una de las piezas clave de la caldera, y evidencia del nivel de desgaste que sufre la central.<\/p>\n\n\n\n<p>\u201cNo hay reparaciones mal hechas, pero en la medida en que se arregla un n\u00famero de tubos, otros que en el momento de la parada estaban bien, despu\u00e9s pueden fallar\u201d, justific\u00f3 Guerra.<\/p>\n\n\n\n<p>A pesar de las reparaciones en curso, Guerra admiti\u00f3 que <strong>el bloque no quedar\u00e1 funcionando en condiciones \u00f3ptimas<\/strong>, ya que el deterioro estructural es profundo. \u201cSe va a reparar la afectaci\u00f3n, pero eso no significa que va a estar en perfectas condiciones\u2026 Tiene una gran deuda de mantenimiento capital\u201d, reiter\u00f3.<\/p>\n\n\n\n<p>Aunque asegur\u00f3 que este a\u00f1o la planta \u201cha entregado mucha corriente\u201d, el propio funcionario alert\u00f3 que el sistema sigue bajo tensi\u00f3n. \u201cCualquier movimiento brusco de la m\u00e1quina, una bajada imprevista, puede tambi\u00e9n traer como resultado estr\u00e9s en la tuber\u00eda y caer en otro fallo\u201d.<\/p>\n\n\n\n<p>Mientras tanto, el personal t\u00e9cnico intenta identificar la mayor cantidad de defectos posibles para ejecutar una intervenci\u00f3n que extienda la vida \u00fatil del bloque. Sin embargo, <strong>no hay fecha prevista<\/strong> para el mantenimiento capital que la planta requiere con urgencia.<\/p>\n\n\n\n<p>De forma contradictoria, en enero de este mismo a\u00f1o, directivos de la central aseguraban que la Guiteras recibir\u00eda su <strong>mantenimiento t\u00e9cnico capital a finales de 2025<\/strong>, una reparaci\u00f3n mayor que <strong>no se realiza desde hace m\u00e1s de 15 a\u00f1os<\/strong>. En aquel momento, <strong>Rom\u00e1n P\u00e9rez Casta\u00f1eda<\/strong>, subdirector t\u00e9cnico de la planta, declar\u00f3 que se estaban gestionando los recursos y el financiamiento necesarios para <strong>elevar la generaci\u00f3n a m\u00e1s de 280 MW<\/strong>.<\/p>\n\n\n\n<p>Sin embargo, <strong>desde entonces no se ha vuelto a hablar del tema<\/strong>. La posibilidad de llevar a cabo esa intervenci\u00f3n profunda \u2014que implicar\u00eda <strong>sacar de operaci\u00f3n la central durante al menos seis meses<\/strong>\u2014 <strong>brill\u00f3 por su ausencia<\/strong> en las recientes declaraciones de L\u00e1zaro Guerra Hern\u00e1ndez. Su silencio al respecto <strong>refuerza la sospecha<\/strong> de que, una vez m\u00e1s, <strong>el mantenimiento capital ser\u00e1 postergado<\/strong>, mientras la Guiteras sigue funcionando al l\u00edmite\u2026 hasta que, inevitablemente, deje de hacerlo.<\/p>\n","protected":false},"excerpt":{"rendered":"<p>La CTE Guiteras enfrenta un deterioro cr\u00edtico. El Minem admite que cualquier reparaci\u00f3n puede fallar y no hay fecha para su mantenimiento capital.<\/p>\n","protected":false},"author":29,"featured_media":176377,"comment_status":"open","ping_status":"closed","sticky":false,"template":"","format":"standard","meta":{"_acf_changed":false,"footnotes":""},"categories":[14202,18,955],"tags":[],"class_list":{"0":"post-214998","1":"post","2":"type-post","3":"status-publish","4":"format-standard","5":"has-post-thumbnail","7":"category-destacado-cuba","8":"category-noticias","9":"category-noticias-de-cuba"},"acf":[],"yoast_head":"<!-- This site is optimized with the Yoast SEO plugin v27.4 - https:\/\/yoast.com\/product\/yoast-seo-wordpress\/ -->\n<title>Guiteras, al borde del colapso: \u201cCualquier reparaci\u00f3n puede fallar\u201d - Cuballama Noticias<\/title>\n<meta name=\"description\" content=\"La CTE Guiteras enfrenta un deterioro cr\u00edtico. El Minem admite que cualquier reparaci\u00f3n puede fallar ni fecha para su mantenimiento capital.\" \/>\n<meta name=\"robots\" content=\"index, follow, max-snippet:-1, max-image-preview:large, max-video-preview:-1\" \/>\n<link rel=\"canonical\" href=\"https:\/\/www.cuballama.com\/noticias\/guiteras-al-borde-del-colapso-cualquier-reparacion-puede-fallar\/\" \/>\n<meta property=\"og:locale\" content=\"es_ES\" \/>\n<meta property=\"og:type\" content=\"article\" \/>\n<meta property=\"og:title\" content=\"Guiteras, al borde del colapso: \u201cCualquier reparaci\u00f3n puede fallar\u201d - Cuballama Noticias\" \/>\n<meta property=\"og:description\" content=\"La CTE Guiteras enfrenta un deterioro cr\u00edtico. El Minem admite que cualquier reparaci\u00f3n puede fallar ni fecha para su mantenimiento capital.\" \/>\n<meta property=\"og:url\" content=\"https:\/\/www.cuballama.com\/noticias\/guiteras-al-borde-del-colapso-cualquier-reparacion-puede-fallar\/\" \/>\n<meta property=\"og:site_name\" content=\"Cuballama Noticias\" \/>\n<meta property=\"article:publisher\" content=\"https:\/\/www.facebook.com\/CubaLlama\" \/>\n<meta property=\"article:published_time\" content=\"2025-07-31T15:06:45+00:00\" \/>\n<meta property=\"article:modified_time\" content=\"2025-07-31T15:07:03+00:00\" \/>\n<meta property=\"og:image\" content=\"https:\/\/cdn1.mediawpaccore.net\/wp-content\/uploads\/2024\/07\/13105751\/Captura-de-pantalla-2024-07-13-a-las-16.57.12-1024x620.png\" \/>\n\t<meta property=\"og:image:width\" content=\"1024\" \/>\n\t<meta property=\"og:image:height\" content=\"620\" \/>\n\t<meta property=\"og:image:type\" content=\"image\/png\" \/>\n<meta name=\"author\" content=\"Sof\u00eda Reyes\" \/>\n<meta name=\"twitter:card\" content=\"summary_large_image\" \/>\n<meta name=\"twitter:creator\" content=\"@cuballama\" \/>\n<meta name=\"twitter:site\" content=\"@cuballama\" \/>\n<meta name=\"twitter:label1\" content=\"Escrito por\" \/>\n\t<meta name=\"twitter:data1\" content=\"Sof\u00eda Reyes\" \/>\n\t<meta name=\"twitter:label2\" content=\"Tiempo de lectura\" \/>\n\t<meta name=\"twitter:data2\" content=\"3 minutos\" \/>\n<script type=\"application\/ld+json\" class=\"yoast-schema-graph\">{\"@context\":\"https:\\\/\\\/schema.org\",\"@graph\":[{\"@type\":\"Article\",\"@id\":\"https:\\\/\\\/www.cuballama.com\\\/noticias\\\/guiteras-al-borde-del-colapso-cualquier-reparacion-puede-fallar\\\/#article\",\"isPartOf\":{\"@id\":\"https:\\\/\\\/www.cuballama.com\\\/noticias\\\/guiteras-al-borde-del-colapso-cualquier-reparacion-puede-fallar\\\/\"},\"author\":{\"name\":\"Sof\u00eda Reyes\",\"@id\":\"https:\\\/\\\/www.cuballama.com\\\/noticias\\\/#\\\/schema\\\/person\\\/5cba2b8cc25a3159e49fe730a94d512e\"},\"headline\":\"Guiteras, al borde del colapso: \u201cCualquier reparaci\u00f3n puede fallar\u201d\",\"datePublished\":\"2025-07-31T15:06:45+00:00\",\"dateModified\":\"2025-07-31T15:07:03+00:00\",\"mainEntityOfPage\":{\"@id\":\"https:\\\/\\\/www.cuballama.com\\\/noticias\\\/guiteras-al-borde-del-colapso-cualquier-reparacion-puede-fallar\\\/\"},\"wordCount\":497,\"commentCount\":0,\"publisher\":{\"@id\":\"https:\\\/\\\/www.cuballama.com\\\/noticias\\\/#organization\"},\"image\":{\"@id\":\"https:\\\/\\\/www.cuballama.com\\\/noticias\\\/guiteras-al-borde-del-colapso-cualquier-reparacion-puede-fallar\\\/#primaryimage\"},\"thumbnailUrl\":\"https:\\\/\\\/cdn1.mediawpaccore.net\\\/wp-content\\\/uploads\\\/2024\\\/07\\\/13105751\\\/Captura-de-pantalla-2024-07-13-a-las-16.57.12.png\",\"articleSection\":[\"Destacado Cuba\",\"Noticias\",\"Noticias de Cuba\"],\"inLanguage\":\"es\",\"potentialAction\":[{\"@type\":\"CommentAction\",\"name\":\"Comment\",\"target\":[\"https:\\\/\\\/www.cuballama.com\\\/noticias\\\/guiteras-al-borde-del-colapso-cualquier-reparacion-puede-fallar\\\/#respond\"]}]},{\"@type\":\"WebPage\",\"@id\":\"https:\\\/\\\/www.cuballama.com\\\/noticias\\\/guiteras-al-borde-del-colapso-cualquier-reparacion-puede-fallar\\\/\",\"url\":\"https:\\\/\\\/www.cuballama.com\\\/noticias\\\/guiteras-al-borde-del-colapso-cualquier-reparacion-puede-fallar\\\/\",\"name\":\"Guiteras, al borde del colapso: \u201cCualquier reparaci\u00f3n puede fallar\u201d - Cuballama Noticias\",\"isPartOf\":{\"@id\":\"https:\\\/\\\/www.cuballama.com\\\/noticias\\\/#website\"},\"primaryImageOfPage\":{\"@id\":\"https:\\\/\\\/www.cuballama.com\\\/noticias\\\/guiteras-al-borde-del-colapso-cualquier-reparacion-puede-fallar\\\/#primaryimage\"},\"image\":{\"@id\":\"https:\\\/\\\/www.cuballama.com\\\/noticias\\\/guiteras-al-borde-del-colapso-cualquier-reparacion-puede-fallar\\\/#primaryimage\"},\"thumbnailUrl\":\"https:\\\/\\\/cdn1.mediawpaccore.net\\\/wp-content\\\/uploads\\\/2024\\\/07\\\/13105751\\\/Captura-de-pantalla-2024-07-13-a-las-16.57.12.png\",\"datePublished\":\"2025-07-31T15:06:45+00:00\",\"dateModified\":\"2025-07-31T15:07:03+00:00\",\"description\":\"La CTE Guiteras enfrenta un deterioro cr\u00edtico. El Minem admite que cualquier reparaci\u00f3n puede fallar ni fecha para su mantenimiento capital.\",\"breadcrumb\":{\"@id\":\"https:\\\/\\\/www.cuballama.com\\\/noticias\\\/guiteras-al-borde-del-colapso-cualquier-reparacion-puede-fallar\\\/#breadcrumb\"},\"inLanguage\":\"es\",\"potentialAction\":[{\"@type\":\"ReadAction\",\"target\":[\"https:\\\/\\\/www.cuballama.com\\\/noticias\\\/guiteras-al-borde-del-colapso-cualquier-reparacion-puede-fallar\\\/\"]}]},{\"@type\":\"ImageObject\",\"inLanguage\":\"es\",\"@id\":\"https:\\\/\\\/www.cuballama.com\\\/noticias\\\/guiteras-al-borde-del-colapso-cualquier-reparacion-puede-fallar\\\/#primaryimage\",\"url\":\"https:\\\/\\\/cdn1.mediawpaccore.net\\\/wp-content\\\/uploads\\\/2024\\\/07\\\/13105751\\\/Captura-de-pantalla-2024-07-13-a-las-16.57.12.png\",\"contentUrl\":\"https:\\\/\\\/cdn1.mediawpaccore.net\\\/wp-content\\\/uploads\\\/2024\\\/07\\\/13105751\\\/Captura-de-pantalla-2024-07-13-a-las-16.57.12.png\",\"width\":1730,\"height\":1048,\"caption\":\"Foto tomada del perfil de Facebook de Jos\u00e9 Miguel Sol\u00eds\"},{\"@type\":\"BreadcrumbList\",\"@id\":\"https:\\\/\\\/www.cuballama.com\\\/noticias\\\/guiteras-al-borde-del-colapso-cualquier-reparacion-puede-fallar\\\/#breadcrumb\",\"itemListElement\":[{\"@type\":\"ListItem\",\"position\":1,\"name\":\"Home\",\"item\":\"https:\\\/\\\/www.cuballama.com\\\/noticias\\\/\"},{\"@type\":\"ListItem\",\"position\":2,\"name\":\"Guiteras, al borde del colapso: \u201cCualquier reparaci\u00f3n puede fallar\u201d\"}]},{\"@type\":\"WebSite\",\"@id\":\"https:\\\/\\\/www.cuballama.com\\\/noticias\\\/#website\",\"url\":\"https:\\\/\\\/www.cuballama.com\\\/noticias\\\/\",\"name\":\"Cuballama Noticias\",\"description\":\"Medio digital sobre Cuba y el mundo\",\"publisher\":{\"@id\":\"https:\\\/\\\/www.cuballama.com\\\/noticias\\\/#organization\"},\"potentialAction\":[{\"@type\":\"SearchAction\",\"target\":{\"@type\":\"EntryPoint\",\"urlTemplate\":\"https:\\\/\\\/www.cuballama.com\\\/noticias\\\/?s={search_term_string}\"},\"query-input\":{\"@type\":\"PropertyValueSpecification\",\"valueRequired\":true,\"valueName\":\"search_term_string\"}}],\"inLanguage\":\"es\"},{\"@type\":\"Organization\",\"@id\":\"https:\\\/\\\/www.cuballama.com\\\/noticias\\\/#organization\",\"name\":\"Cuballama\",\"url\":\"https:\\\/\\\/www.cuballama.com\\\/noticias\\\/\",\"logo\":{\"@type\":\"ImageObject\",\"inLanguage\":\"es\",\"@id\":\"https:\\\/\\\/www.cuballama.com\\\/noticias\\\/#\\\/schema\\\/logo\\\/image\\\/\",\"url\":\"https:\\\/\\\/cdn1.mediawpaccore.net\\\/wp-content\\\/uploads\\\/2021\\\/12\\\/28171206\\\/cbll-logo-color-sm.png\",\"contentUrl\":\"https:\\\/\\\/cdn1.mediawpaccore.net\\\/wp-content\\\/uploads\\\/2021\\\/12\\\/28171206\\\/cbll-logo-color-sm.png\",\"width\":600,\"height\":133,\"caption\":\"Cuballama\"},\"image\":{\"@id\":\"https:\\\/\\\/www.cuballama.com\\\/noticias\\\/#\\\/schema\\\/logo\\\/image\\\/\"},\"sameAs\":[\"https:\\\/\\\/www.facebook.com\\\/CubaLlama\",\"https:\\\/\\\/x.com\\\/cuballama\",\"https:\\\/\\\/www.instagram.com\\\/stories\\\/cuballama_oficial\\\/\",\"https:\\\/\\\/www.youtube.com\\\/channel\\\/UCKkFE-d_axENGZcrc4as0IA\"]},{\"@type\":\"Person\",\"@id\":\"https:\\\/\\\/www.cuballama.com\\\/noticias\\\/#\\\/schema\\\/person\\\/5cba2b8cc25a3159e49fe730a94d512e\",\"name\":\"Sof\u00eda Reyes\",\"url\":\"https:\\\/\\\/www.cuballama.com\\\/noticias\\\/author\\\/laura\\\/\"}]}<\/script>\n<!-- \/ Yoast SEO plugin. -->","yoast_head_json":{"title":"Guiteras, al borde del colapso: \u201cCualquier reparaci\u00f3n puede fallar\u201d - Cuballama Noticias","description":"La CTE Guiteras enfrenta un deterioro cr\u00edtico. El Minem admite que cualquier reparaci\u00f3n puede fallar ni fecha para su mantenimiento capital.","robots":{"index":"index","follow":"follow","max-snippet":"max-snippet:-1","max-image-preview":"max-image-preview:large","max-video-preview":"max-video-preview:-1"},"canonical":"https:\/\/www.cuballama.com\/noticias\/guiteras-al-borde-del-colapso-cualquier-reparacion-puede-fallar\/","og_locale":"es_ES","og_type":"article","og_title":"Guiteras, al borde del colapso: \u201cCualquier reparaci\u00f3n puede fallar\u201d - Cuballama Noticias","og_description":"La CTE Guiteras enfrenta un deterioro cr\u00edtico. El Minem admite que cualquier reparaci\u00f3n puede fallar ni fecha para su mantenimiento capital.","og_url":"https:\/\/www.cuballama.com\/noticias\/guiteras-al-borde-del-colapso-cualquier-reparacion-puede-fallar\/","og_site_name":"Cuballama Noticias","article_publisher":"https:\/\/www.facebook.com\/CubaLlama","article_published_time":"2025-07-31T15:06:45+00:00","article_modified_time":"2025-07-31T15:07:03+00:00","og_image":[{"width":1024,"height":620,"url":"https:\/\/cdn1.mediawpaccore.net\/wp-content\/uploads\/2024\/07\/13105751\/Captura-de-pantalla-2024-07-13-a-las-16.57.12-1024x620.png","type":"image\/png"}],"author":"Sof\u00eda Reyes","twitter_card":"summary_large_image","twitter_creator":"@cuballama","twitter_site":"@cuballama","twitter_misc":{"Escrito por":"Sof\u00eda Reyes","Tiempo de lectura":"3 minutos"},"schema":{"@context":"https:\/\/schema.org","@graph":[{"@type":"Article","@id":"https:\/\/www.cuballama.com\/noticias\/guiteras-al-borde-del-colapso-cualquier-reparacion-puede-fallar\/#article","isPartOf":{"@id":"https:\/\/www.cuballama.com\/noticias\/guiteras-al-borde-del-colapso-cualquier-reparacion-puede-fallar\/"},"author":{"name":"Sof\u00eda Reyes","@id":"https:\/\/www.cuballama.com\/noticias\/#\/schema\/person\/5cba2b8cc25a3159e49fe730a94d512e"},"headline":"Guiteras, al borde del colapso: \u201cCualquier reparaci\u00f3n puede fallar\u201d","datePublished":"2025-07-31T15:06:45+00:00","dateModified":"2025-07-31T15:07:03+00:00","mainEntityOfPage":{"@id":"https:\/\/www.cuballama.com\/noticias\/guiteras-al-borde-del-colapso-cualquier-reparacion-puede-fallar\/"},"wordCount":497,"commentCount":0,"publisher":{"@id":"https:\/\/www.cuballama.com\/noticias\/#organization"},"image":{"@id":"https:\/\/www.cuballama.com\/noticias\/guiteras-al-borde-del-colapso-cualquier-reparacion-puede-fallar\/#primaryimage"},"thumbnailUrl":"https:\/\/cdn1.mediawpaccore.net\/wp-content\/uploads\/2024\/07\/13105751\/Captura-de-pantalla-2024-07-13-a-las-16.57.12.png","articleSection":["Destacado Cuba","Noticias","Noticias de Cuba"],"inLanguage":"es","potentialAction":[{"@type":"CommentAction","name":"Comment","target":["https:\/\/www.cuballama.com\/noticias\/guiteras-al-borde-del-colapso-cualquier-reparacion-puede-fallar\/#respond"]}]},{"@type":"WebPage","@id":"https:\/\/www.cuballama.com\/noticias\/guiteras-al-borde-del-colapso-cualquier-reparacion-puede-fallar\/","url":"https:\/\/www.cuballama.com\/noticias\/guiteras-al-borde-del-colapso-cualquier-reparacion-puede-fallar\/","name":"Guiteras, al borde del colapso: \u201cCualquier reparaci\u00f3n puede fallar\u201d - Cuballama Noticias","isPartOf":{"@id":"https:\/\/www.cuballama.com\/noticias\/#website"},"primaryImageOfPage":{"@id":"https:\/\/www.cuballama.com\/noticias\/guiteras-al-borde-del-colapso-cualquier-reparacion-puede-fallar\/#primaryimage"},"image":{"@id":"https:\/\/www.cuballama.com\/noticias\/guiteras-al-borde-del-colapso-cualquier-reparacion-puede-fallar\/#primaryimage"},"thumbnailUrl":"https:\/\/cdn1.mediawpaccore.net\/wp-content\/uploads\/2024\/07\/13105751\/Captura-de-pantalla-2024-07-13-a-las-16.57.12.png","datePublished":"2025-07-31T15:06:45+00:00","dateModified":"2025-07-31T15:07:03+00:00","description":"La CTE Guiteras enfrenta un deterioro cr\u00edtico. El Minem admite que cualquier reparaci\u00f3n puede fallar ni fecha para su mantenimiento capital.","breadcrumb":{"@id":"https:\/\/www.cuballama.com\/noticias\/guiteras-al-borde-del-colapso-cualquier-reparacion-puede-fallar\/#breadcrumb"},"inLanguage":"es","potentialAction":[{"@type":"ReadAction","target":["https:\/\/www.cuballama.com\/noticias\/guiteras-al-borde-del-colapso-cualquier-reparacion-puede-fallar\/"]}]},{"@type":"ImageObject","inLanguage":"es","@id":"https:\/\/www.cuballama.com\/noticias\/guiteras-al-borde-del-colapso-cualquier-reparacion-puede-fallar\/#primaryimage","url":"https:\/\/cdn1.mediawpaccore.net\/wp-content\/uploads\/2024\/07\/13105751\/Captura-de-pantalla-2024-07-13-a-las-16.57.12.png","contentUrl":"https:\/\/cdn1.mediawpaccore.net\/wp-content\/uploads\/2024\/07\/13105751\/Captura-de-pantalla-2024-07-13-a-las-16.57.12.png","width":1730,"height":1048,"caption":"Foto tomada del perfil de Facebook de Jos\u00e9 Miguel Sol\u00eds"},{"@type":"BreadcrumbList","@id":"https:\/\/www.cuballama.com\/noticias\/guiteras-al-borde-del-colapso-cualquier-reparacion-puede-fallar\/#breadcrumb","itemListElement":[{"@type":"ListItem","position":1,"name":"Home","item":"https:\/\/www.cuballama.com\/noticias\/"},{"@type":"ListItem","position":2,"name":"Guiteras, al borde del colapso: \u201cCualquier reparaci\u00f3n puede fallar\u201d"}]},{"@type":"WebSite","@id":"https:\/\/www.cuballama.com\/noticias\/#website","url":"https:\/\/www.cuballama.com\/noticias\/","name":"Cuballama Noticias","description":"Medio digital sobre Cuba y el mundo","publisher":{"@id":"https:\/\/www.cuballama.com\/noticias\/#organization"},"potentialAction":[{"@type":"SearchAction","target":{"@type":"EntryPoint","urlTemplate":"https:\/\/www.cuballama.com\/noticias\/?s={search_term_string}"},"query-input":{"@type":"PropertyValueSpecification","valueRequired":true,"valueName":"search_term_string"}}],"inLanguage":"es"},{"@type":"Organization","@id":"https:\/\/www.cuballama.com\/noticias\/#organization","name":"Cuballama","url":"https:\/\/www.cuballama.com\/noticias\/","logo":{"@type":"ImageObject","inLanguage":"es","@id":"https:\/\/www.cuballama.com\/noticias\/#\/schema\/logo\/image\/","url":"https:\/\/cdn1.mediawpaccore.net\/wp-content\/uploads\/2021\/12\/28171206\/cbll-logo-color-sm.png","contentUrl":"https:\/\/cdn1.mediawpaccore.net\/wp-content\/uploads\/2021\/12\/28171206\/cbll-logo-color-sm.png","width":600,"height":133,"caption":"Cuballama"},"image":{"@id":"https:\/\/www.cuballama.com\/noticias\/#\/schema\/logo\/image\/"},"sameAs":["https:\/\/www.facebook.com\/CubaLlama","https:\/\/x.com\/cuballama","https:\/\/www.instagram.com\/stories\/cuballama_oficial\/","https:\/\/www.youtube.com\/channel\/UCKkFE-d_axENGZcrc4as0IA"]},{"@type":"Person","@id":"https:\/\/www.cuballama.com\/noticias\/#\/schema\/person\/5cba2b8cc25a3159e49fe730a94d512e","name":"Sof\u00eda Reyes","url":"https:\/\/www.cuballama.com\/noticias\/author\/laura\/"}]}},"_links":{"self":[{"href":"https:\/\/www.cuballama.com\/noticias\/wp-json\/wp\/v2\/posts\/214998","targetHints":{"allow":["GET"]}}],"collection":[{"href":"https:\/\/www.cuballama.com\/noticias\/wp-json\/wp\/v2\/posts"}],"about":[{"href":"https:\/\/www.cuballama.com\/noticias\/wp-json\/wp\/v2\/types\/post"}],"author":[{"embeddable":true,"href":"https:\/\/www.cuballama.com\/noticias\/wp-json\/wp\/v2\/users\/29"}],"replies":[{"embeddable":true,"href":"https:\/\/www.cuballama.com\/noticias\/wp-json\/wp\/v2\/comments?post=214998"}],"version-history":[{"count":2,"href":"https:\/\/www.cuballama.com\/noticias\/wp-json\/wp\/v2\/posts\/214998\/revisions"}],"predecessor-version":[{"id":215082,"href":"https:\/\/www.cuballama.com\/noticias\/wp-json\/wp\/v2\/posts\/214998\/revisions\/215082"}],"wp:featuredmedia":[{"embeddable":true,"href":"https:\/\/www.cuballama.com\/noticias\/wp-json\/wp\/v2\/media\/176377"}],"wp:attachment":[{"href":"https:\/\/www.cuballama.com\/noticias\/wp-json\/wp\/v2\/media?parent=214998"}],"wp:term":[{"taxonomy":"category","embeddable":true,"href":"https:\/\/www.cuballama.com\/noticias\/wp-json\/wp\/v2\/categories?post=214998"},{"taxonomy":"post_tag","embeddable":true,"href":"https:\/\/www.cuballama.com\/noticias\/wp-json\/wp\/v2\/tags?post=214998"}],"curies":[{"name":"wp","href":"https:\/\/api.w.org\/{rel}","templated":true}]}}