{"id":214848,"date":"2025-07-30T06:30:00","date_gmt":"2025-07-30T10:30:00","guid":{"rendered":"https:\/\/www.cuballama.com\/noticias\/?p=214848"},"modified":"2025-07-30T19:55:08","modified_gmt":"2025-07-30T23:55:08","slug":"asi-de-frio-hablo-damian-valdes-tras-matar-a-el-taiger-esperaba-que-se-levantara","status":"publish","type":"post","link":"https:\/\/www.cuballama.com\/noticias\/asi-de-frio-hablo-damian-valdes-tras-matar-a-el-taiger-esperaba-que-se-levantara\/","title":{"rendered":"As\u00ed de fr\u00edo habl\u00f3 Dami\u00e1n Vald\u00e9s tras matar a El Taiger: Esperaba que \u201cse levantara\u201d"},"content":{"rendered":"\n<p>Si <a href=\"https:\/\/www.cuballama.com\/noticias\/revelan-interrogatorio-en-que-damian-valdes-niega-haber-matado-a-el-taiger\/\" target=\"_blank\" rel=\"noreferrer noopener\">el audio del interrogatorio<\/a> que se le hizo a Dami\u00e1n Vald\u00e9s Galloso, presunto asesino del reguetonero cubano El Taiger, <a href=\"https:\/\/www.cuballama.com\/noticias\/revelan-detalles-sobre-arresto-de-presunto-asesino-de-el-taiger-en-nueva-york\/?srsltid=AfmBOoqUo2s90ObD9hnFn10hsooTOjGAm0aL9Ogfq2aW_Byleu7T5lBQ\" target=\"_blank\" rel=\"noreferrer noopener\">tras ser detenido  en hace nueve meses<\/a>, despert\u00f3 profunda indignaci\u00f3n por lo calmado de su tono, ver su rostro mientras lo hac\u00eda ha sido todav\u00eda m\u00e1s impactante.<\/p>\n\n\n\n<p>Seg\u00fan el fragmento del interrogatorio publicado este martes por <em>Telemundo 51<\/em>, el acusado de homicidio en primer grado respondi\u00f3 con una sonrisa cuando le preguntaron la raz\u00f3n por la que no llev\u00f3 al artista, con un disparo en la frente, directo a los servicios de emergencia.<\/p>\n\n\n\n<p>\u201cMi casa, quien soy yo, \u00bfqu\u00e9 t\u00fa crees que me pase?\u201d, le pregunt\u00f3 Vald\u00e9s Galloso al detective de Miami-Dade que lo interrog\u00f3 despu\u00e9s de ser detenido por fuerzas especiales en Nueva York <a href=\"https:\/\/www.cuballama.com\/noticias\/detenida-en-nueva-york-persona-de-interes-en-el-caso-de-el-taiger\/?srsltid=AfmBOoqsfxwU2rKeC4Y8Rcbwvy1L3Mdplysw-ijdUVOxkVu1IviPu73E\" target=\"_blank\" rel=\"noreferrer noopener\">el pasado 29 de octubre<\/a>, tras varias semanas escondi\u00e9ndose fuera de Florida.&nbsp;<\/p>\n\n\n\n<p>\u201cMi corazonada era que \u00e9l se levantara y dijera lo que pas\u00f3\u201d, al que, por \u201cdesgracia\u201d para \u00e9l, no ocurri\u00f3, explic\u00f3 Vald\u00e9s Galloso al intentar convencer a la polic\u00eda de que no fue \u00e9l quien le dispar\u00f3 a El Taiger en el portal de la casa en la que viv\u00eda rentado en Hialeah en la madrugada del 3 de octubre de 2024.<\/p>\n\n\n\n<p>Entre risas Vald\u00e9s Galloso achac\u00f3 a su amplio historial delictivo el hecho de que no diera los primeros auxilios al cantante gravemente herido ni llamara al 911 desde su propia casa.&nbsp;<\/p>\n\n\n\n<iframe loading=\"lazy\" src=\"https:\/\/www.facebook.com\/plugins\/video.php?height=476&#038;href=https%3A%2F%2Fwww.facebook.com%2FTelemundo51%2Fvideos%2F1497263911685957%2F&#038;show_text=true&#038;width=267&#038;t=0\" width=\"267\" height=\"591\" style=\"border:none;overflow:hidden\" scrolling=\"no\" frameborder=\"0\" allowfullscreen=\"true\" allow=\"autoplay; clipboard-write; encrypted-media; picture-in-picture; web-share\" allowFullScreen=\"true\"><\/iframe>\n\n\n\n<p>\u201cSi yo llam\u00e9 de mi tel\u00e9fono. Yo lo llev\u00e9 de mi casa\u201d, dijo para justificar su comportamiento tras dispararle a quemarropa a El Taiger, quien muri\u00f3 el 10 de octubre en el Hospital Jackson Memorial de Miami, en cuyas cercan\u00edas lo dej\u00f3 Vald\u00e9s Galloso metido en el maletero de un auto.<\/p>\n\n\n\n<p>\u201cYo no s\u00e9 a qui\u00e9n \u00e9l le deb\u00eda un dinero, que \u00e9l fue a pedirme 20.000 pesos prestados con alguien\u201d, recalc\u00f3 Vald\u00e9s Galloso, pese a que el oficial le dijo que \u00e9l sab\u00eda que \u201cno hab\u00eda nadie ah\u00ed\u201d.<\/p>\n\n\n\n<p>\u201c\u00c9l fue a pedirme 20.000 pesos prestados y le dije: \u2018Jose, si t\u00fa me debes 18, \u00bfde d\u00f3nde voy a tener 20 mil pesos?\u201d, se\u00f1al\u00f3 al contar que el artista se apareci\u00f3 con dos hombres en su casa.&nbsp;<\/p>\n\n\n\n<p>\u201cLe dice: \u2018Te dimos hasta las 12 de la noche y mira la hora que es\u2019\u201d, dijo sobre un supuesto momento en el que El Taiger y uno de los hombres se quedaron conversando en el portal.<\/p>\n\n\n\n<p>\u201cCuando salgo con el pomo de agua lo veo tirado en el portal, veo la sangre y salgo corriendo para atr\u00e1s porque cojo miedo\u201d, declar\u00f3.<\/p>\n\n\n\n<blockquote class=\"instagram-media\" data-instgrm-captioned data-instgrm-permalink=\"https:\/\/www.instagram.com\/reel\/DMuHJROvssI\/?utm_source=ig_embed&amp;utm_campaign=loading\" data-instgrm-version=\"14\" style=\" background:#FFF; border:0; border-radius:3px; box-shadow:0 0 1px 0 rgba(0,0,0,0.5),0 1px 10px 0 rgba(0,0,0,0.15); margin: 1px; max-width:540px; min-width:326px; padding:0; width:99.375%; width:-webkit-calc(100% - 2px); width:calc(100% - 2px);\"><div style=\"padding:16px;\"> <a href=\"https:\/\/www.instagram.com\/reel\/DMuHJROvssI\/?utm_source=ig_embed&amp;utm_campaign=loading\" style=\" background:#FFFFFF; line-height:0; padding:0 0; text-align:center; text-decoration:none; width:100%;\" target=\"_blank\"> <div style=\" display: flex; flex-direction: row; align-items: center;\"> <div style=\"background-color: #F4F4F4; border-radius: 50%; flex-grow: 0; height: 40px; margin-right: 14px; width: 40px;\"><\/div> <div style=\"display: flex; flex-direction: column; flex-grow: 1; justify-content: center;\"> <div style=\" background-color: #F4F4F4; border-radius: 4px; flex-grow: 0; height: 14px; margin-bottom: 6px; width: 100px;\"><\/div> <div style=\" background-color: #F4F4F4; border-radius: 4px; flex-grow: 0; height: 14px; width: 60px;\"><\/div><\/div><\/div><div style=\"padding: 19% 0;\"><\/div> <div style=\"display:block; height:50px; margin:0 auto 12px; width:50px;\"><svg width=\"50px\" height=\"50px\" viewBox=\"0 0 60 60\" version=\"1.1\" xmlns=\"https:\/\/www.w3.org\/2000\/svg\" xmlns:xlink=\"https:\/\/www.w3.org\/1999\/xlink\"><g stroke=\"none\" stroke-width=\"1\" fill=\"none\" fill-rule=\"evenodd\"><g transform=\"translate(-511.000000, -20.000000)\" fill=\"#000000\"><g><path d=\"M556.869,30.41 C554.814,30.41 553.148,32.076 553.148,34.131 C553.148,36.186 554.814,37.852 556.869,37.852 C558.924,37.852 560.59,36.186 560.59,34.131 C560.59,32.076 558.924,30.41 556.869,30.41 M541,60.657 C535.114,60.657 530.342,55.887 530.342,50 C530.342,44.114 535.114,39.342 541,39.342 C546.887,39.342 551.658,44.114 551.658,50 C551.658,55.887 546.887,60.657 541,60.657 M541,33.886 C532.1,33.886 524.886,41.1 524.886,50 C524.886,58.899 532.1,66.113 541,66.113 C549.9,66.113 557.115,58.899 557.115,50 C557.115,41.1 549.9,33.886 541,33.886 M565.378,62.101 C565.244,65.022 564.756,66.606 564.346,67.663 C563.803,69.06 563.154,70.057 562.106,71.106 C561.058,72.155 560.06,72.803 558.662,73.347 C557.607,73.757 556.021,74.244 553.102,74.378 C549.944,74.521 548.997,74.552 541,74.552 C533.003,74.552 532.056,74.521 528.898,74.378 C525.979,74.244 524.393,73.757 523.338,73.347 C521.94,72.803 520.942,72.155 519.894,71.106 C518.846,70.057 518.197,69.06 517.654,67.663 C517.244,66.606 516.755,65.022 516.623,62.101 C516.479,58.943 516.448,57.996 516.448,50 C516.448,42.003 516.479,41.056 516.623,37.899 C516.755,34.978 517.244,33.391 517.654,32.338 C518.197,30.938 518.846,29.942 519.894,28.894 C520.942,27.846 521.94,27.196 523.338,26.654 C524.393,26.244 525.979,25.756 528.898,25.623 C532.057,25.479 533.004,25.448 541,25.448 C548.997,25.448 549.943,25.479 553.102,25.623 C556.021,25.756 557.607,26.244 558.662,26.654 C560.06,27.196 561.058,27.846 562.106,28.894 C563.154,29.942 563.803,30.938 564.346,32.338 C564.756,33.391 565.244,34.978 565.378,37.899 C565.522,41.056 565.552,42.003 565.552,50 C565.552,57.996 565.522,58.943 565.378,62.101 M570.82,37.631 C570.674,34.438 570.167,32.258 569.425,30.349 C568.659,28.377 567.633,26.702 565.965,25.035 C564.297,23.368 562.623,22.342 560.652,21.575 C558.743,20.834 556.562,20.326 553.369,20.18 C550.169,20.033 549.148,20 541,20 C532.853,20 531.831,20.033 528.631,20.18 C525.438,20.326 523.257,20.834 521.349,21.575 C519.376,22.342 517.703,23.368 516.035,25.035 C514.368,26.702 513.342,28.377 512.574,30.349 C511.834,32.258 511.326,34.438 511.181,37.631 C511.035,40.831 511,41.851 511,50 C511,58.147 511.035,59.17 511.181,62.369 C511.326,65.562 511.834,67.743 512.574,69.651 C513.342,71.625 514.368,73.296 516.035,74.965 C517.703,76.634 519.376,77.658 521.349,78.425 C523.257,79.167 525.438,79.673 528.631,79.82 C531.831,79.965 532.853,80.001 541,80.001 C549.148,80.001 550.169,79.965 553.369,79.82 C556.562,79.673 558.743,79.167 560.652,78.425 C562.623,77.658 564.297,76.634 565.965,74.965 C567.633,73.296 568.659,71.625 569.425,69.651 C570.167,67.743 570.674,65.562 570.82,62.369 C570.966,59.17 571,58.147 571,50 C571,41.851 570.966,40.831 570.82,37.631\"><\/path><\/g><\/g><\/g><\/svg><\/div><div style=\"padding-top: 8px;\"> <div style=\" color:#3897f0; font-family:Arial,sans-serif; font-size:14px; font-style:normal; font-weight:550; line-height:18px;\">Ver esta publicaci\u00f3n en Instagram<\/div><\/div><div style=\"padding: 12.5% 0;\"><\/div> <div style=\"display: flex; flex-direction: row; margin-bottom: 14px; align-items: center;\"><div> <div style=\"background-color: #F4F4F4; border-radius: 50%; height: 12.5px; width: 12.5px; transform: translateX(0px) translateY(7px);\"><\/div> <div style=\"background-color: #F4F4F4; height: 12.5px; transform: rotate(-45deg) translateX(3px) translateY(1px); width: 12.5px; flex-grow: 0; margin-right: 14px; margin-left: 2px;\"><\/div> <div style=\"background-color: #F4F4F4; border-radius: 50%; height: 12.5px; width: 12.5px; transform: translateX(9px) translateY(-18px);\"><\/div><\/div><div style=\"margin-left: 8px;\"> <div style=\" background-color: #F4F4F4; border-radius: 50%; flex-grow: 0; height: 20px; width: 20px;\"><\/div> <div style=\" width: 0; height: 0; border-top: 2px solid transparent; border-left: 6px solid #f4f4f4; border-bottom: 2px solid transparent; transform: translateX(16px) translateY(-4px) rotate(30deg)\"><\/div><\/div><div style=\"margin-left: auto;\"> <div style=\" width: 0px; border-top: 8px solid #F4F4F4; border-right: 8px solid transparent; transform: translateY(16px);\"><\/div> <div style=\" background-color: #F4F4F4; flex-grow: 0; height: 12px; width: 16px; transform: translateY(-4px);\"><\/div> <div style=\" width: 0; height: 0; border-top: 8px solid #F4F4F4; border-left: 8px solid transparent; transform: translateY(-4px) translateX(8px);\"><\/div><\/div><\/div> <div style=\"display: flex; flex-direction: column; flex-grow: 1; justify-content: center; margin-bottom: 24px;\"> <div style=\" background-color: #F4F4F4; border-radius: 4px; flex-grow: 0; height: 14px; margin-bottom: 6px; width: 224px;\"><\/div> <div style=\" background-color: #F4F4F4; border-radius: 4px; flex-grow: 0; height: 14px; width: 144px;\"><\/div><\/div><\/a><p style=\" color:#c9c8cd; font-family:Arial,sans-serif; font-size:14px; line-height:17px; margin-bottom:0; margin-top:8px; overflow:hidden; padding:8px 0 7px; text-align:center; text-overflow:ellipsis; white-space:nowrap;\"><a href=\"https:\/\/www.instagram.com\/reel\/DMuHJROvssI\/?utm_source=ig_embed&amp;utm_campaign=loading\" style=\" color:#c9c8cd; font-family:Arial,sans-serif; font-size:14px; font-style:normal; font-weight:normal; line-height:17px; text-decoration:none;\" target=\"_blank\">Una publicaci\u00f3n compartida por Univision 23 Miami (@univision23)<\/a><\/p><\/div><\/blockquote>\n<script async src=\"\/\/www.instagram.com\/embed.js\"><\/script>\n\n\n\n<p>\u201cSalgo corriendo por atr\u00e1s. Llamo a la muchacha, a la nuera m\u00eda y le digo: \u2018Vamos, que yo creo que a Jose le hicieron algo ah\u00ed\u2019\u201d, a\u00f1adi\u00f3 sobre lo que hizo antes de esperar \u201cun rato\u201d atr\u00e1s en el patio \u201cescondido\u201d.<\/p>\n\n\n\n<p>\u201cYa no veo a nadie y lo tiro para adentro del carro y lo llevo para el hospital\u201d, narr\u00f3 sobre el momento en que arrastr\u00f3 al reguetonero hasta la parte trasera del veh\u00edculo en el que lo traslad\u00f3.<\/p>\n\n\n\n<p>Sin embargo, seg\u00fan mostr\u00f3 un impactante video publicado por la fiscal\u00eda de Miami-Dade tras estas declaraciones iniciales, a El Taiger, que iba solo, le dispararon desde el interior de la casa de Vald\u00e9s Galloso, tras lo cual \u00e9ste sali\u00f3, tir\u00f3 del cuerpo, limpi\u00f3 la escena del crimen y se cambi\u00f3 de ropa antes de salir rumbo al hospital.<\/p>\n\n\n\n<p>\u201cEstamos frente a un asesino de sangre fr\u00eda\u201d; \u201cJose fue a pedir con derecho no con favor. El muerto aguanta todo lo que le pongan\u201d; \u201c\u00bfA qui\u00e9n quiere engalar este hombre, si las c\u00e1maras vieron todo?\u201d; y \u201cEn su forma de hablar pausado se ve que es mentira, como que piensa qu\u00e9 decir\u201d, comentaron en redes muchos internautas.<\/p>\n\n\n\n<p>Lo cierto es que las palabras de Vald\u00e9s Galloso no convencen a nadie. De ser hallado culpable de asesinato en primer grado en el juicio que deber\u00e1 empezar en septiembre, podr\u00eda pasar toda la vida en prisi\u00f3n o ser sentenciado a muerte.<\/p>\n\n\n\n<p>A principios de este mes se supo que <a href=\"https:\/\/www.cuballama.com\/noticias\/revelan-tres-nombres-claves-en-juicio-por-asesinato-de-el-taiger\/\" target=\"_blank\" rel=\"noreferrer noopener\">tres mujeres<\/a>, identificadas como Ana M. P\u00e9rez, Solayne de la Caridad Garc\u00eda Vald\u00e9s y Reina Richard, deb\u00edan tener informaci\u00f3n importante para la investigaci\u00f3n. Seg\u00fan Vald\u00e9s Galloso, Solayne, a quien \u00e9l llama Sol durante el interrogatorio, es su nuera y habr\u00eda estado durmiendo cuando ocurri\u00f3 el crimen.<\/p>\n\n\n\n<p><\/p>\n","protected":false},"excerpt":{"rendered":"<p>Seg\u00fan el \u00fanico acusado por el asesinato, ten\u00eda la corazonada de que el cantante cubano se despertara.<\/p>\n","protected":false},"author":30,"featured_media":214851,"comment_status":"open","ping_status":"closed","sticky":false,"template":"","format":"standard","meta":{"_acf_changed":false,"footnotes":""},"categories":[18,11024],"tags":[23055,11050,22692,941],"class_list":{"0":"post-214848","1":"post","2":"type-post","3":"status-publish","4":"format-standard","5":"has-post-thumbnail","7":"category-noticias","8":"category-noticias-de-miami","9":"tag-asesinato-de-el-taiger","10":"tag-cubanos-en-miami","11":"tag-damian-valdes","12":"tag-destacado"},"acf":[],"yoast_head":"<!-- This site is optimized with the Yoast SEO plugin v27.4 - https:\/\/yoast.com\/product\/yoast-seo-wordpress\/ -->\n<title>As\u00ed de fr\u00edo habl\u00f3 Dami\u00e1n Vald\u00e9s tras matar a El Taiger: Esperaba que \u201cse levantara\u201d - Cuballama Noticias<\/title>\n<meta name=\"description\" content=\"Las im\u00e1genes del interrogatorio a Dami\u00e1n Vald\u00e9s Galloso, presunto asesino del reguetonero cubano El Taiger, han despertado indignaci\u00f3n.\" \/>\n<meta name=\"robots\" content=\"index, follow, max-snippet:-1, max-image-preview:large, max-video-preview:-1\" \/>\n<link rel=\"canonical\" href=\"https:\/\/www.cuballama.com\/noticias\/asi-de-frio-hablo-damian-valdes-tras-matar-a-el-taiger-esperaba-que-se-levantara\/\" \/>\n<meta property=\"og:locale\" content=\"es_ES\" \/>\n<meta property=\"og:type\" content=\"article\" \/>\n<meta property=\"og:title\" content=\"As\u00ed de fr\u00edo habl\u00f3 Dami\u00e1n Vald\u00e9s tras matar a El Taiger: Esperaba que \u201cse levantara\u201d - Cuballama Noticias\" \/>\n<meta property=\"og:description\" content=\"Las im\u00e1genes del interrogatorio a Dami\u00e1n Vald\u00e9s Galloso, presunto asesino del reguetonero cubano El Taiger, han despertado indignaci\u00f3n.\" \/>\n<meta property=\"og:url\" content=\"https:\/\/www.cuballama.com\/noticias\/asi-de-frio-hablo-damian-valdes-tras-matar-a-el-taiger-esperaba-que-se-levantara\/\" \/>\n<meta property=\"og:site_name\" content=\"Cuballama Noticias\" \/>\n<meta property=\"article:publisher\" content=\"https:\/\/www.facebook.com\/CubaLlama\" \/>\n<meta property=\"article:published_time\" content=\"2025-07-30T10:30:00+00:00\" \/>\n<meta property=\"article:modified_time\" content=\"2025-07-30T23:55:08+00:00\" \/>\n<meta property=\"og:image\" content=\"https:\/\/cdn1.mediawpaccore.net\/wp-content\/uploads\/2025\/07\/29190025\/Simple-three-in-a-row.jpg\" \/>\n\t<meta property=\"og:image:width\" content=\"1200\" \/>\n\t<meta property=\"og:image:height\" content=\"630\" \/>\n\t<meta property=\"og:image:type\" content=\"image\/jpeg\" \/>\n<meta name=\"author\" content=\"Kathy\" \/>\n<meta name=\"twitter:card\" content=\"summary_large_image\" \/>\n<meta name=\"twitter:creator\" content=\"@cuballama\" \/>\n<meta name=\"twitter:site\" content=\"@cuballama\" \/>\n<meta name=\"twitter:label1\" content=\"Escrito por\" \/>\n\t<meta name=\"twitter:data1\" content=\"Kathy\" \/>\n\t<meta name=\"twitter:label2\" content=\"Tiempo de lectura\" \/>\n\t<meta name=\"twitter:data2\" content=\"4 minutos\" \/>\n<script type=\"application\/ld+json\" class=\"yoast-schema-graph\">{\"@context\":\"https:\\\/\\\/schema.org\",\"@graph\":[{\"@type\":\"Article\",\"@id\":\"https:\\\/\\\/www.cuballama.com\\\/noticias\\\/asi-de-frio-hablo-damian-valdes-tras-matar-a-el-taiger-esperaba-que-se-levantara\\\/#article\",\"isPartOf\":{\"@id\":\"https:\\\/\\\/www.cuballama.com\\\/noticias\\\/asi-de-frio-hablo-damian-valdes-tras-matar-a-el-taiger-esperaba-que-se-levantara\\\/\"},\"author\":{\"name\":\"Kathy\",\"@id\":\"https:\\\/\\\/www.cuballama.com\\\/noticias\\\/#\\\/schema\\\/person\\\/86cd3e3f4974437f031211213bf892d5\"},\"headline\":\"As\u00ed de fr\u00edo habl\u00f3 Dami\u00e1n Vald\u00e9s tras matar a El Taiger: Esperaba que \u201cse levantara\u201d\",\"datePublished\":\"2025-07-30T10:30:00+00:00\",\"dateModified\":\"2025-07-30T23:55:08+00:00\",\"mainEntityOfPage\":{\"@id\":\"https:\\\/\\\/www.cuballama.com\\\/noticias\\\/asi-de-frio-hablo-damian-valdes-tras-matar-a-el-taiger-esperaba-que-se-levantara\\\/\"},\"wordCount\":783,\"commentCount\":0,\"publisher\":{\"@id\":\"https:\\\/\\\/www.cuballama.com\\\/noticias\\\/#organization\"},\"image\":{\"@id\":\"https:\\\/\\\/www.cuballama.com\\\/noticias\\\/asi-de-frio-hablo-damian-valdes-tras-matar-a-el-taiger-esperaba-que-se-levantara\\\/#primaryimage\"},\"thumbnailUrl\":\"https:\\\/\\\/cdn1.mediawpaccore.net\\\/wp-content\\\/uploads\\\/2025\\\/07\\\/29190025\\\/Simple-three-in-a-row.jpg\",\"keywords\":[\"asesinato de El Taiger\",\"cubanos en Miami\",\"Dami\u00e1n Vald\u00e9s\",\"destacado\"],\"articleSection\":[\"Noticias\",\"Noticias de Miami\"],\"inLanguage\":\"es\",\"potentialAction\":[{\"@type\":\"CommentAction\",\"name\":\"Comment\",\"target\":[\"https:\\\/\\\/www.cuballama.com\\\/noticias\\\/asi-de-frio-hablo-damian-valdes-tras-matar-a-el-taiger-esperaba-que-se-levantara\\\/#respond\"]}]},{\"@type\":\"WebPage\",\"@id\":\"https:\\\/\\\/www.cuballama.com\\\/noticias\\\/asi-de-frio-hablo-damian-valdes-tras-matar-a-el-taiger-esperaba-que-se-levantara\\\/\",\"url\":\"https:\\\/\\\/www.cuballama.com\\\/noticias\\\/asi-de-frio-hablo-damian-valdes-tras-matar-a-el-taiger-esperaba-que-se-levantara\\\/\",\"name\":\"As\u00ed de fr\u00edo habl\u00f3 Dami\u00e1n Vald\u00e9s tras matar a El Taiger: Esperaba que \u201cse levantara\u201d - Cuballama Noticias\",\"isPartOf\":{\"@id\":\"https:\\\/\\\/www.cuballama.com\\\/noticias\\\/#website\"},\"primaryImageOfPage\":{\"@id\":\"https:\\\/\\\/www.cuballama.com\\\/noticias\\\/asi-de-frio-hablo-damian-valdes-tras-matar-a-el-taiger-esperaba-que-se-levantara\\\/#primaryimage\"},\"image\":{\"@id\":\"https:\\\/\\\/www.cuballama.com\\\/noticias\\\/asi-de-frio-hablo-damian-valdes-tras-matar-a-el-taiger-esperaba-que-se-levantara\\\/#primaryimage\"},\"thumbnailUrl\":\"https:\\\/\\\/cdn1.mediawpaccore.net\\\/wp-content\\\/uploads\\\/2025\\\/07\\\/29190025\\\/Simple-three-in-a-row.jpg\",\"datePublished\":\"2025-07-30T10:30:00+00:00\",\"dateModified\":\"2025-07-30T23:55:08+00:00\",\"description\":\"Las im\u00e1genes del interrogatorio a Dami\u00e1n Vald\u00e9s Galloso, presunto asesino del reguetonero cubano El Taiger, han despertado indignaci\u00f3n.\",\"breadcrumb\":{\"@id\":\"https:\\\/\\\/www.cuballama.com\\\/noticias\\\/asi-de-frio-hablo-damian-valdes-tras-matar-a-el-taiger-esperaba-que-se-levantara\\\/#breadcrumb\"},\"inLanguage\":\"es\",\"potentialAction\":[{\"@type\":\"ReadAction\",\"target\":[\"https:\\\/\\\/www.cuballama.com\\\/noticias\\\/asi-de-frio-hablo-damian-valdes-tras-matar-a-el-taiger-esperaba-que-se-levantara\\\/\"]}]},{\"@type\":\"ImageObject\",\"inLanguage\":\"es\",\"@id\":\"https:\\\/\\\/www.cuballama.com\\\/noticias\\\/asi-de-frio-hablo-damian-valdes-tras-matar-a-el-taiger-esperaba-que-se-levantara\\\/#primaryimage\",\"url\":\"https:\\\/\\\/cdn1.mediawpaccore.net\\\/wp-content\\\/uploads\\\/2025\\\/07\\\/29190025\\\/Simple-three-in-a-row.jpg\",\"contentUrl\":\"https:\\\/\\\/cdn1.mediawpaccore.net\\\/wp-content\\\/uploads\\\/2025\\\/07\\\/29190025\\\/Simple-three-in-a-row.jpg\",\"width\":1200,\"height\":630,\"caption\":\"Dami\u00e1n Vald\u00e9s Galloso durante el interrogatorio en Nueva York. Foto: Captura de video\\\/Facebook\\\/Telemundo 51.\"},{\"@type\":\"BreadcrumbList\",\"@id\":\"https:\\\/\\\/www.cuballama.com\\\/noticias\\\/asi-de-frio-hablo-damian-valdes-tras-matar-a-el-taiger-esperaba-que-se-levantara\\\/#breadcrumb\",\"itemListElement\":[{\"@type\":\"ListItem\",\"position\":1,\"name\":\"Home\",\"item\":\"https:\\\/\\\/www.cuballama.com\\\/noticias\\\/\"},{\"@type\":\"ListItem\",\"position\":2,\"name\":\"As\u00ed de fr\u00edo habl\u00f3 Dami\u00e1n Vald\u00e9s tras matar a El Taiger: Esperaba que \u201cse levantara\u201d\"}]},{\"@type\":\"WebSite\",\"@id\":\"https:\\\/\\\/www.cuballama.com\\\/noticias\\\/#website\",\"url\":\"https:\\\/\\\/www.cuballama.com\\\/noticias\\\/\",\"name\":\"Cuballama Noticias\",\"description\":\"Medio digital sobre Cuba y el mundo\",\"publisher\":{\"@id\":\"https:\\\/\\\/www.cuballama.com\\\/noticias\\\/#organization\"},\"potentialAction\":[{\"@type\":\"SearchAction\",\"target\":{\"@type\":\"EntryPoint\",\"urlTemplate\":\"https:\\\/\\\/www.cuballama.com\\\/noticias\\\/?s={search_term_string}\"},\"query-input\":{\"@type\":\"PropertyValueSpecification\",\"valueRequired\":true,\"valueName\":\"search_term_string\"}}],\"inLanguage\":\"es\"},{\"@type\":\"Organization\",\"@id\":\"https:\\\/\\\/www.cuballama.com\\\/noticias\\\/#organization\",\"name\":\"Cuballama\",\"url\":\"https:\\\/\\\/www.cuballama.com\\\/noticias\\\/\",\"logo\":{\"@type\":\"ImageObject\",\"inLanguage\":\"es\",\"@id\":\"https:\\\/\\\/www.cuballama.com\\\/noticias\\\/#\\\/schema\\\/logo\\\/image\\\/\",\"url\":\"https:\\\/\\\/cdn1.mediawpaccore.net\\\/wp-content\\\/uploads\\\/2021\\\/12\\\/28171206\\\/cbll-logo-color-sm.png\",\"contentUrl\":\"https:\\\/\\\/cdn1.mediawpaccore.net\\\/wp-content\\\/uploads\\\/2021\\\/12\\\/28171206\\\/cbll-logo-color-sm.png\",\"width\":600,\"height\":133,\"caption\":\"Cuballama\"},\"image\":{\"@id\":\"https:\\\/\\\/www.cuballama.com\\\/noticias\\\/#\\\/schema\\\/logo\\\/image\\\/\"},\"sameAs\":[\"https:\\\/\\\/www.facebook.com\\\/CubaLlama\",\"https:\\\/\\\/x.com\\\/cuballama\",\"https:\\\/\\\/www.instagram.com\\\/stories\\\/cuballama_oficial\\\/\",\"https:\\\/\\\/www.youtube.com\\\/channel\\\/UCKkFE-d_axENGZcrc4as0IA\"]},{\"@type\":\"Person\",\"@id\":\"https:\\\/\\\/www.cuballama.com\\\/noticias\\\/#\\\/schema\\\/person\\\/86cd3e3f4974437f031211213bf892d5\",\"name\":\"Kathy\",\"url\":\"https:\\\/\\\/www.cuballama.com\\\/noticias\\\/author\\\/kathy\\\/\"}]}<\/script>\n<!-- \/ Yoast SEO plugin. -->","yoast_head_json":{"title":"As\u00ed de fr\u00edo habl\u00f3 Dami\u00e1n Vald\u00e9s tras matar a El Taiger: Esperaba que \u201cse levantara\u201d - Cuballama Noticias","description":"Las im\u00e1genes del interrogatorio a Dami\u00e1n Vald\u00e9s Galloso, presunto asesino del reguetonero cubano El Taiger, han despertado indignaci\u00f3n.","robots":{"index":"index","follow":"follow","max-snippet":"max-snippet:-1","max-image-preview":"max-image-preview:large","max-video-preview":"max-video-preview:-1"},"canonical":"https:\/\/www.cuballama.com\/noticias\/asi-de-frio-hablo-damian-valdes-tras-matar-a-el-taiger-esperaba-que-se-levantara\/","og_locale":"es_ES","og_type":"article","og_title":"As\u00ed de fr\u00edo habl\u00f3 Dami\u00e1n Vald\u00e9s tras matar a El Taiger: Esperaba que \u201cse levantara\u201d - Cuballama Noticias","og_description":"Las im\u00e1genes del interrogatorio a Dami\u00e1n Vald\u00e9s Galloso, presunto asesino del reguetonero cubano El Taiger, han despertado indignaci\u00f3n.","og_url":"https:\/\/www.cuballama.com\/noticias\/asi-de-frio-hablo-damian-valdes-tras-matar-a-el-taiger-esperaba-que-se-levantara\/","og_site_name":"Cuballama Noticias","article_publisher":"https:\/\/www.facebook.com\/CubaLlama","article_published_time":"2025-07-30T10:30:00+00:00","article_modified_time":"2025-07-30T23:55:08+00:00","og_image":[{"width":1200,"height":630,"url":"https:\/\/cdn1.mediawpaccore.net\/wp-content\/uploads\/2025\/07\/29190025\/Simple-three-in-a-row.jpg","type":"image\/jpeg"}],"author":"Kathy","twitter_card":"summary_large_image","twitter_creator":"@cuballama","twitter_site":"@cuballama","twitter_misc":{"Escrito por":"Kathy","Tiempo de lectura":"4 minutos"},"schema":{"@context":"https:\/\/schema.org","@graph":[{"@type":"Article","@id":"https:\/\/www.cuballama.com\/noticias\/asi-de-frio-hablo-damian-valdes-tras-matar-a-el-taiger-esperaba-que-se-levantara\/#article","isPartOf":{"@id":"https:\/\/www.cuballama.com\/noticias\/asi-de-frio-hablo-damian-valdes-tras-matar-a-el-taiger-esperaba-que-se-levantara\/"},"author":{"name":"Kathy","@id":"https:\/\/www.cuballama.com\/noticias\/#\/schema\/person\/86cd3e3f4974437f031211213bf892d5"},"headline":"As\u00ed de fr\u00edo habl\u00f3 Dami\u00e1n Vald\u00e9s tras matar a El Taiger: Esperaba que \u201cse levantara\u201d","datePublished":"2025-07-30T10:30:00+00:00","dateModified":"2025-07-30T23:55:08+00:00","mainEntityOfPage":{"@id":"https:\/\/www.cuballama.com\/noticias\/asi-de-frio-hablo-damian-valdes-tras-matar-a-el-taiger-esperaba-que-se-levantara\/"},"wordCount":783,"commentCount":0,"publisher":{"@id":"https:\/\/www.cuballama.com\/noticias\/#organization"},"image":{"@id":"https:\/\/www.cuballama.com\/noticias\/asi-de-frio-hablo-damian-valdes-tras-matar-a-el-taiger-esperaba-que-se-levantara\/#primaryimage"},"thumbnailUrl":"https:\/\/cdn1.mediawpaccore.net\/wp-content\/uploads\/2025\/07\/29190025\/Simple-three-in-a-row.jpg","keywords":["asesinato de El Taiger","cubanos en Miami","Dami\u00e1n Vald\u00e9s","destacado"],"articleSection":["Noticias","Noticias de Miami"],"inLanguage":"es","potentialAction":[{"@type":"CommentAction","name":"Comment","target":["https:\/\/www.cuballama.com\/noticias\/asi-de-frio-hablo-damian-valdes-tras-matar-a-el-taiger-esperaba-que-se-levantara\/#respond"]}]},{"@type":"WebPage","@id":"https:\/\/www.cuballama.com\/noticias\/asi-de-frio-hablo-damian-valdes-tras-matar-a-el-taiger-esperaba-que-se-levantara\/","url":"https:\/\/www.cuballama.com\/noticias\/asi-de-frio-hablo-damian-valdes-tras-matar-a-el-taiger-esperaba-que-se-levantara\/","name":"As\u00ed de fr\u00edo habl\u00f3 Dami\u00e1n Vald\u00e9s tras matar a El Taiger: Esperaba que \u201cse levantara\u201d - Cuballama Noticias","isPartOf":{"@id":"https:\/\/www.cuballama.com\/noticias\/#website"},"primaryImageOfPage":{"@id":"https:\/\/www.cuballama.com\/noticias\/asi-de-frio-hablo-damian-valdes-tras-matar-a-el-taiger-esperaba-que-se-levantara\/#primaryimage"},"image":{"@id":"https:\/\/www.cuballama.com\/noticias\/asi-de-frio-hablo-damian-valdes-tras-matar-a-el-taiger-esperaba-que-se-levantara\/#primaryimage"},"thumbnailUrl":"https:\/\/cdn1.mediawpaccore.net\/wp-content\/uploads\/2025\/07\/29190025\/Simple-three-in-a-row.jpg","datePublished":"2025-07-30T10:30:00+00:00","dateModified":"2025-07-30T23:55:08+00:00","description":"Las im\u00e1genes del interrogatorio a Dami\u00e1n Vald\u00e9s Galloso, presunto asesino del reguetonero cubano El Taiger, han despertado indignaci\u00f3n.","breadcrumb":{"@id":"https:\/\/www.cuballama.com\/noticias\/asi-de-frio-hablo-damian-valdes-tras-matar-a-el-taiger-esperaba-que-se-levantara\/#breadcrumb"},"inLanguage":"es","potentialAction":[{"@type":"ReadAction","target":["https:\/\/www.cuballama.com\/noticias\/asi-de-frio-hablo-damian-valdes-tras-matar-a-el-taiger-esperaba-que-se-levantara\/"]}]},{"@type":"ImageObject","inLanguage":"es","@id":"https:\/\/www.cuballama.com\/noticias\/asi-de-frio-hablo-damian-valdes-tras-matar-a-el-taiger-esperaba-que-se-levantara\/#primaryimage","url":"https:\/\/cdn1.mediawpaccore.net\/wp-content\/uploads\/2025\/07\/29190025\/Simple-three-in-a-row.jpg","contentUrl":"https:\/\/cdn1.mediawpaccore.net\/wp-content\/uploads\/2025\/07\/29190025\/Simple-three-in-a-row.jpg","width":1200,"height":630,"caption":"Dami\u00e1n Vald\u00e9s Galloso durante el interrogatorio en Nueva York. Foto: Captura de video\/Facebook\/Telemundo 51."},{"@type":"BreadcrumbList","@id":"https:\/\/www.cuballama.com\/noticias\/asi-de-frio-hablo-damian-valdes-tras-matar-a-el-taiger-esperaba-que-se-levantara\/#breadcrumb","itemListElement":[{"@type":"ListItem","position":1,"name":"Home","item":"https:\/\/www.cuballama.com\/noticias\/"},{"@type":"ListItem","position":2,"name":"As\u00ed de fr\u00edo habl\u00f3 Dami\u00e1n Vald\u00e9s tras matar a El Taiger: Esperaba que \u201cse levantara\u201d"}]},{"@type":"WebSite","@id":"https:\/\/www.cuballama.com\/noticias\/#website","url":"https:\/\/www.cuballama.com\/noticias\/","name":"Cuballama Noticias","description":"Medio digital sobre Cuba y el mundo","publisher":{"@id":"https:\/\/www.cuballama.com\/noticias\/#organization"},"potentialAction":[{"@type":"SearchAction","target":{"@type":"EntryPoint","urlTemplate":"https:\/\/www.cuballama.com\/noticias\/?s={search_term_string}"},"query-input":{"@type":"PropertyValueSpecification","valueRequired":true,"valueName":"search_term_string"}}],"inLanguage":"es"},{"@type":"Organization","@id":"https:\/\/www.cuballama.com\/noticias\/#organization","name":"Cuballama","url":"https:\/\/www.cuballama.com\/noticias\/","logo":{"@type":"ImageObject","inLanguage":"es","@id":"https:\/\/www.cuballama.com\/noticias\/#\/schema\/logo\/image\/","url":"https:\/\/cdn1.mediawpaccore.net\/wp-content\/uploads\/2021\/12\/28171206\/cbll-logo-color-sm.png","contentUrl":"https:\/\/cdn1.mediawpaccore.net\/wp-content\/uploads\/2021\/12\/28171206\/cbll-logo-color-sm.png","width":600,"height":133,"caption":"Cuballama"},"image":{"@id":"https:\/\/www.cuballama.com\/noticias\/#\/schema\/logo\/image\/"},"sameAs":["https:\/\/www.facebook.com\/CubaLlama","https:\/\/x.com\/cuballama","https:\/\/www.instagram.com\/stories\/cuballama_oficial\/","https:\/\/www.youtube.com\/channel\/UCKkFE-d_axENGZcrc4as0IA"]},{"@type":"Person","@id":"https:\/\/www.cuballama.com\/noticias\/#\/schema\/person\/86cd3e3f4974437f031211213bf892d5","name":"Kathy","url":"https:\/\/www.cuballama.com\/noticias\/author\/kathy\/"}]}},"_links":{"self":[{"href":"https:\/\/www.cuballama.com\/noticias\/wp-json\/wp\/v2\/posts\/214848","targetHints":{"allow":["GET"]}}],"collection":[{"href":"https:\/\/www.cuballama.com\/noticias\/wp-json\/wp\/v2\/posts"}],"about":[{"href":"https:\/\/www.cuballama.com\/noticias\/wp-json\/wp\/v2\/types\/post"}],"author":[{"embeddable":true,"href":"https:\/\/www.cuballama.com\/noticias\/wp-json\/wp\/v2\/users\/30"}],"replies":[{"embeddable":true,"href":"https:\/\/www.cuballama.com\/noticias\/wp-json\/wp\/v2\/comments?post=214848"}],"version-history":[{"count":7,"href":"https:\/\/www.cuballama.com\/noticias\/wp-json\/wp\/v2\/posts\/214848\/revisions"}],"predecessor-version":[{"id":214994,"href":"https:\/\/www.cuballama.com\/noticias\/wp-json\/wp\/v2\/posts\/214848\/revisions\/214994"}],"wp:featuredmedia":[{"embeddable":true,"href":"https:\/\/www.cuballama.com\/noticias\/wp-json\/wp\/v2\/media\/214851"}],"wp:attachment":[{"href":"https:\/\/www.cuballama.com\/noticias\/wp-json\/wp\/v2\/media?parent=214848"}],"wp:term":[{"taxonomy":"category","embeddable":true,"href":"https:\/\/www.cuballama.com\/noticias\/wp-json\/wp\/v2\/categories?post=214848"},{"taxonomy":"post_tag","embeddable":true,"href":"https:\/\/www.cuballama.com\/noticias\/wp-json\/wp\/v2\/tags?post=214848"}],"curies":[{"name":"wp","href":"https:\/\/api.w.org\/{rel}","templated":true}]}}