{"id":214159,"date":"2025-07-23T04:00:00","date_gmt":"2025-07-23T08:00:00","guid":{"rendered":"https:\/\/www.cuballama.com\/noticias\/?p=214159"},"modified":"2025-07-23T01:02:54","modified_gmt":"2025-07-23T05:02:54","slug":"ozzy-osbourne-muere-a-los-76-anos-el-heavy-metal-pierde-a-su-principe-de-las-tinieblas","status":"publish","type":"post","link":"https:\/\/www.cuballama.com\/noticias\/ozzy-osbourne-muere-a-los-76-anos-el-heavy-metal-pierde-a-su-principe-de-las-tinieblas\/","title":{"rendered":"Ozzy Osbourne muere a los 76 a\u00f1os: el heavy metal pierde a su Pr\u00edncipe de las Tinieblas"},"content":{"rendered":"\n<p>El mundo del heavy metal amaneci\u00f3 de luto. A los 76 a\u00f1os ha fallecido <strong>Ozzy Osbourne<\/strong>, uno de los \u00edconos m\u00e1s legendarios del g\u00e9nero, tan solo dos semanas despu\u00e9s de su emotivo concierto de despedida junto a los miembros originales de <strong>Black Sabbath<\/strong>.<\/p>\n\n\n\n<p>La familia del artista fue quien confirm\u00f3 la triste noticia a trav\u00e9s de un comunicado oficial, recordando que Osbourne padec\u00eda <strong>mal de Parkinson<\/strong> desde hac\u00eda varios a\u00f1os y que parti\u00f3 \u00abrodeado de amor\u00bb por sus seres queridos.<\/p>\n\n\n\n<p>\u201cCon una tristeza indescriptible, informamos del fallecimiento de nuestro querido Ozzy Osbourne esta ma\u00f1ana. Estaba con su familia, rodeado de mucho cari\u00f1o\u201d, expresa el texto difundido por medios brit\u00e1nicos.<\/p>\n\n\n\n<p>Fue en 2020 cuando Osbourne hizo p\u00fablico su diagn\u00f3stico, una enfermedad neurodegenerativa que afectaba seriamente su movilidad y que lo oblig\u00f3 a ofrecer su \u00faltima presentaci\u00f3n \u2014el pasado <strong>5 de julio en Birmingham<\/strong>\u2014 <strong>sentado en un trono<\/strong>, s\u00edmbolo de su grandeza y persistencia.<\/p>\n\n\n\n<p>Conocido como <strong>\u201cEl Pr\u00edncipe de las Tinieblas\u201d<\/strong> o <strong>\u201cEl Padrino del Heavy Metal\u201d<\/strong>, Ozzy deja una carrera monumental que abarca m\u00e1s de <strong>100 millones de discos vendidos<\/strong> en todo el mundo. Junto a Black Sabbath firm\u00f3 cl\u00e1sicos inmortales como <em>\u201cParanoid\u201d<\/em> y <em>\u201cMaster of Reality\u201d<\/em>, mientras que en solitario brill\u00f3 con \u00e1lbumes como <em>\u201cBlizzard of Ozz\u201d<\/em>, tambi\u00e9n l\u00edder en ventas.<\/p>\n\n\n\n<p>Su \u00faltima actuaci\u00f3n tuvo lugar en el <strong>Villa Park de Aston<\/strong>, como parte de un cartel legendario que inclu\u00eda a bandas como <strong>Guns N\u2019 Roses<\/strong> y <strong>Metallica<\/strong>. Fue all\u00ed donde <strong>James Hetfield<\/strong>, vocalista de Metallica, rindi\u00f3 homenaje al legado de Black Sabbath: \u201cSin Sabbath no existir\u00eda Metallica. Gracias, chicos, por darnos un prop\u00f3sito en la vida\u201d, dijo emocionado desde el escenario.<\/p>\n\n\n\n<p>El concierto tuvo un significado doblemente especial: fue no solo una despedida, sino tambi\u00e9n el <strong>reencuentro de los miembros originales<\/strong> de Black Sabbath \u2014Ozzy, Tony Iommi, Terence \u2018Geezer\u2019 Butler y Bill Ward\u2014, quienes <strong>no tocaban juntos desde 2005<\/strong>.<\/p>\n\n\n\n<p>\u201cNo tienen ni idea de c\u00f3mo me siento. Gracias de todo coraz\u00f3n\u201d, expres\u00f3 un conmovido Ozzy frente a miles de fans que corearon su nombre.<\/p>\n\n\n\n<p>Originario de <strong>Birmingham<\/strong>, Ozzy Osbourne encontr\u00f3 su primera gran inspiraci\u00f3n musical en <strong>The Beatles<\/strong>. De hecho, alguna vez confes\u00f3 que conocer a <strong>Paul McCartney<\/strong> fue, para \u00e9l, como ver a Dios en persona. Sin embargo, la vida lo llev\u00f3 por un camino completamente distinto: convertirse en una figura \u00fanica e inigualable del <strong>heavy metal<\/strong>.<\/p>\n\n\n\n<p>Durante su trayectoria, no solo destac\u00f3 por su m\u00fasica, sino tambi\u00e9n por protagonizar momentos tan <strong>extravagantes como controversiales<\/strong>. Uno de los m\u00e1s recordados fue cuando <strong>lanz\u00f3 carne cruda al p\u00fablico<\/strong> durante un show. Pero sin duda, el episodio m\u00e1s impactante ocurri\u00f3 cuando <strong>mordi\u00f3 la cabeza de un murci\u00e9lago<\/strong> en pleno concierto, pensando que se trataba de un mu\u00f1eco de utiler\u00eda. Al darse cuenta de que era real, fue inmediatamente trasladado al hospital, donde recibi\u00f3 una <strong>vacuna contra la rabia<\/strong>.<\/p>\n\n\n\n<p>Ozzy Osbourne se va como vivi\u00f3: <strong>entre sombras y gloria<\/strong>, eterno y desafiante. El metal pierde a una de sus voces m\u00e1s ic\u00f3nicas, pero su legado retumbar\u00e1 para siempre en cada acorde distorsionado.<\/p>\n","protected":false},"excerpt":{"rendered":"<p>Ozzy Osbourne, \u00edcono del heavy metal y l\u00edder de Black Sabbath, fallece a los 76 a\u00f1os tras un emotivo concierto de despedida en Birmingham.<\/p>\n","protected":false},"author":29,"featured_media":214178,"comment_status":"open","ping_status":"closed","sticky":false,"template":"","format":"standard","meta":{"_acf_changed":false,"footnotes":""},"categories":[18,957],"tags":[25632,25638,25630,14118,25629,25636,25635,25639,25628,25640,24736,25627,25631,25634,25633,25637],"class_list":{"0":"post-214159","1":"post","2":"type-post","3":"status-publish","4":"format-standard","5":"has-post-thumbnail","7":"category-noticias","8":"category-noticias-internacionales","9":"tag-black-sabbath","10":"tag-concierto-despedida-ozzy","11":"tag-fallece-ozzy-osbourne","12":"tag-farandula-internacional","13":"tag-heavy-metal","14":"tag-james-hetfield","15":"tag-leyenda-del-rock","16":"tag-metallica","17":"tag-muerte-ozzy-osbourne","18":"tag-murcielago-ozzy","19":"tag-noticias-de-famosos","20":"tag-ozzy-osbourne","21":"tag-ozzy-osbourne-2025","22":"tag-parkinson-ozzy","23":"tag-rock-en-luto","24":"tag-villa-park-concierto"},"acf":[],"yoast_head":"<!-- This site is optimized with the Yoast SEO plugin v27.5 - https:\/\/yoast.com\/product\/yoast-seo-wordpress\/ -->\n<title>Ozzy Osbourne muere a los 76 a\u00f1os: el heavy metal pierde a su Pr\u00edncipe de las Tinieblas - Cuballama Noticias<\/title>\n<meta name=\"description\" content=\"Ozzy Osbourne, \u00edcono del heavy metal y l\u00edder de Black Sabbath, fallece a los 76 a\u00f1os tras un emotivo concierto de despedida en Birmingham.\" \/>\n<meta name=\"robots\" content=\"index, follow, max-snippet:-1, max-image-preview:large, max-video-preview:-1\" \/>\n<link rel=\"canonical\" href=\"https:\/\/www.cuballama.com\/noticias\/ozzy-osbourne-muere-a-los-76-anos-el-heavy-metal-pierde-a-su-principe-de-las-tinieblas\/\" \/>\n<meta property=\"og:locale\" content=\"es_ES\" \/>\n<meta property=\"og:type\" content=\"article\" \/>\n<meta property=\"og:title\" content=\"Ozzy Osbourne muere a los 76 a\u00f1os: el heavy metal pierde a su Pr\u00edncipe de las Tinieblas - Cuballama Noticias\" \/>\n<meta property=\"og:description\" content=\"Ozzy Osbourne, \u00edcono del heavy metal y l\u00edder de Black Sabbath, fallece a los 76 a\u00f1os tras un emotivo concierto de despedida en Birmingham.\" \/>\n<meta property=\"og:url\" content=\"https:\/\/www.cuballama.com\/noticias\/ozzy-osbourne-muere-a-los-76-anos-el-heavy-metal-pierde-a-su-principe-de-las-tinieblas\/\" \/>\n<meta property=\"og:site_name\" content=\"Cuballama Noticias\" \/>\n<meta property=\"article:publisher\" content=\"https:\/\/www.facebook.com\/CubaLlama\" \/>\n<meta property=\"article:published_time\" content=\"2025-07-23T08:00:00+00:00\" \/>\n<meta property=\"og:image\" content=\"https:\/\/cdn1.mediawpaccore.net\/wp-content\/uploads\/2025\/07\/23005851\/640px-OzzyOsbourne-1.jpg\" \/>\n\t<meta property=\"og:image:width\" content=\"640\" \/>\n\t<meta property=\"og:image:height\" content=\"425\" \/>\n\t<meta property=\"og:image:type\" content=\"image\/jpeg\" \/>\n<meta name=\"author\" content=\"Sof\u00eda Reyes\" \/>\n<meta name=\"twitter:card\" content=\"summary_large_image\" \/>\n<meta name=\"twitter:creator\" content=\"@cuballama\" \/>\n<meta name=\"twitter:site\" content=\"@cuballama\" \/>\n<meta name=\"twitter:label1\" content=\"Escrito por\" \/>\n\t<meta name=\"twitter:data1\" content=\"Sof\u00eda Reyes\" \/>\n\t<meta name=\"twitter:label2\" content=\"Tiempo de lectura\" \/>\n\t<meta name=\"twitter:data2\" content=\"3 minutos\" \/>\n<script type=\"application\/ld+json\" class=\"yoast-schema-graph\">{\"@context\":\"https:\\\/\\\/schema.org\",\"@graph\":[{\"@type\":\"Article\",\"@id\":\"https:\\\/\\\/www.cuballama.com\\\/noticias\\\/ozzy-osbourne-muere-a-los-76-anos-el-heavy-metal-pierde-a-su-principe-de-las-tinieblas\\\/#article\",\"isPartOf\":{\"@id\":\"https:\\\/\\\/www.cuballama.com\\\/noticias\\\/ozzy-osbourne-muere-a-los-76-anos-el-heavy-metal-pierde-a-su-principe-de-las-tinieblas\\\/\"},\"author\":{\"name\":\"Sof\u00eda Reyes\",\"@id\":\"https:\\\/\\\/www.cuballama.com\\\/noticias\\\/#\\\/schema\\\/person\\\/5cba2b8cc25a3159e49fe730a94d512e\"},\"headline\":\"Ozzy Osbourne muere a los 76 a\u00f1os: el heavy metal pierde a su Pr\u00edncipe de las Tinieblas\",\"datePublished\":\"2025-07-23T08:00:00+00:00\",\"mainEntityOfPage\":{\"@id\":\"https:\\\/\\\/www.cuballama.com\\\/noticias\\\/ozzy-osbourne-muere-a-los-76-anos-el-heavy-metal-pierde-a-su-principe-de-las-tinieblas\\\/\"},\"wordCount\":552,\"commentCount\":0,\"publisher\":{\"@id\":\"https:\\\/\\\/www.cuballama.com\\\/noticias\\\/#organization\"},\"image\":{\"@id\":\"https:\\\/\\\/www.cuballama.com\\\/noticias\\\/ozzy-osbourne-muere-a-los-76-anos-el-heavy-metal-pierde-a-su-principe-de-las-tinieblas\\\/#primaryimage\"},\"thumbnailUrl\":\"https:\\\/\\\/cdn1.mediawpaccore.net\\\/wp-content\\\/uploads\\\/2025\\\/07\\\/23005851\\\/640px-OzzyOsbourne-1.jpg\",\"keywords\":[\"Black Sabbath\",\"concierto despedida Ozzy\",\"fallece Ozzy Osbourne\",\"far\u00e1ndula internacional\",\"heavy metal\",\"James Hetfield\",\"leyenda del rock\",\"Metallica\",\"muerte Ozzy Osbourne\",\"murci\u00e9lago Ozzy\",\"noticias de famosos\",\"Ozzy Osbourne\",\"Ozzy Osbourne 2025\",\"Parkinson Ozzy\",\"rock en luto\",\"Villa Park concierto\"],\"articleSection\":[\"Noticias\",\"Noticias Internacionales\"],\"inLanguage\":\"es\",\"potentialAction\":[{\"@type\":\"CommentAction\",\"name\":\"Comment\",\"target\":[\"https:\\\/\\\/www.cuballama.com\\\/noticias\\\/ozzy-osbourne-muere-a-los-76-anos-el-heavy-metal-pierde-a-su-principe-de-las-tinieblas\\\/#respond\"]}]},{\"@type\":\"WebPage\",\"@id\":\"https:\\\/\\\/www.cuballama.com\\\/noticias\\\/ozzy-osbourne-muere-a-los-76-anos-el-heavy-metal-pierde-a-su-principe-de-las-tinieblas\\\/\",\"url\":\"https:\\\/\\\/www.cuballama.com\\\/noticias\\\/ozzy-osbourne-muere-a-los-76-anos-el-heavy-metal-pierde-a-su-principe-de-las-tinieblas\\\/\",\"name\":\"Ozzy Osbourne muere a los 76 a\u00f1os: el heavy metal pierde a su Pr\u00edncipe de las Tinieblas - Cuballama Noticias\",\"isPartOf\":{\"@id\":\"https:\\\/\\\/www.cuballama.com\\\/noticias\\\/#website\"},\"primaryImageOfPage\":{\"@id\":\"https:\\\/\\\/www.cuballama.com\\\/noticias\\\/ozzy-osbourne-muere-a-los-76-anos-el-heavy-metal-pierde-a-su-principe-de-las-tinieblas\\\/#primaryimage\"},\"image\":{\"@id\":\"https:\\\/\\\/www.cuballama.com\\\/noticias\\\/ozzy-osbourne-muere-a-los-76-anos-el-heavy-metal-pierde-a-su-principe-de-las-tinieblas\\\/#primaryimage\"},\"thumbnailUrl\":\"https:\\\/\\\/cdn1.mediawpaccore.net\\\/wp-content\\\/uploads\\\/2025\\\/07\\\/23005851\\\/640px-OzzyOsbourne-1.jpg\",\"datePublished\":\"2025-07-23T08:00:00+00:00\",\"description\":\"Ozzy Osbourne, \u00edcono del heavy metal y l\u00edder de Black Sabbath, fallece a los 76 a\u00f1os tras un emotivo concierto de despedida en Birmingham.\",\"breadcrumb\":{\"@id\":\"https:\\\/\\\/www.cuballama.com\\\/noticias\\\/ozzy-osbourne-muere-a-los-76-anos-el-heavy-metal-pierde-a-su-principe-de-las-tinieblas\\\/#breadcrumb\"},\"inLanguage\":\"es\",\"potentialAction\":[{\"@type\":\"ReadAction\",\"target\":[\"https:\\\/\\\/www.cuballama.com\\\/noticias\\\/ozzy-osbourne-muere-a-los-76-anos-el-heavy-metal-pierde-a-su-principe-de-las-tinieblas\\\/\"]}]},{\"@type\":\"ImageObject\",\"inLanguage\":\"es\",\"@id\":\"https:\\\/\\\/www.cuballama.com\\\/noticias\\\/ozzy-osbourne-muere-a-los-76-anos-el-heavy-metal-pierde-a-su-principe-de-las-tinieblas\\\/#primaryimage\",\"url\":\"https:\\\/\\\/cdn1.mediawpaccore.net\\\/wp-content\\\/uploads\\\/2025\\\/07\\\/23005851\\\/640px-OzzyOsbourne-1.jpg\",\"contentUrl\":\"https:\\\/\\\/cdn1.mediawpaccore.net\\\/wp-content\\\/uploads\\\/2025\\\/07\\\/23005851\\\/640px-OzzyOsbourne-1.jpg\",\"width\":640,\"height\":425,\"caption\":\"Foto de Kevin Burkett from Philadelphia, Pa., USA, CC BY-SA 2.0 , via Wikimedia Commons\"},{\"@type\":\"BreadcrumbList\",\"@id\":\"https:\\\/\\\/www.cuballama.com\\\/noticias\\\/ozzy-osbourne-muere-a-los-76-anos-el-heavy-metal-pierde-a-su-principe-de-las-tinieblas\\\/#breadcrumb\",\"itemListElement\":[{\"@type\":\"ListItem\",\"position\":1,\"name\":\"Home\",\"item\":\"https:\\\/\\\/www.cuballama.com\\\/noticias\\\/\"},{\"@type\":\"ListItem\",\"position\":2,\"name\":\"Ozzy Osbourne muere a los 76 a\u00f1os: el heavy metal pierde a su Pr\u00edncipe de las Tinieblas\"}]},{\"@type\":\"WebSite\",\"@id\":\"https:\\\/\\\/www.cuballama.com\\\/noticias\\\/#website\",\"url\":\"https:\\\/\\\/www.cuballama.com\\\/noticias\\\/\",\"name\":\"Cuballama Noticias\",\"description\":\"Medio digital sobre Cuba y el mundo\",\"publisher\":{\"@id\":\"https:\\\/\\\/www.cuballama.com\\\/noticias\\\/#organization\"},\"potentialAction\":[{\"@type\":\"SearchAction\",\"target\":{\"@type\":\"EntryPoint\",\"urlTemplate\":\"https:\\\/\\\/www.cuballama.com\\\/noticias\\\/?s={search_term_string}\"},\"query-input\":{\"@type\":\"PropertyValueSpecification\",\"valueRequired\":true,\"valueName\":\"search_term_string\"}}],\"inLanguage\":\"es\"},{\"@type\":\"Organization\",\"@id\":\"https:\\\/\\\/www.cuballama.com\\\/noticias\\\/#organization\",\"name\":\"Cuballama\",\"url\":\"https:\\\/\\\/www.cuballama.com\\\/noticias\\\/\",\"logo\":{\"@type\":\"ImageObject\",\"inLanguage\":\"es\",\"@id\":\"https:\\\/\\\/www.cuballama.com\\\/noticias\\\/#\\\/schema\\\/logo\\\/image\\\/\",\"url\":\"https:\\\/\\\/cdn1.mediawpaccore.net\\\/wp-content\\\/uploads\\\/2021\\\/12\\\/28171206\\\/cbll-logo-color-sm.png\",\"contentUrl\":\"https:\\\/\\\/cdn1.mediawpaccore.net\\\/wp-content\\\/uploads\\\/2021\\\/12\\\/28171206\\\/cbll-logo-color-sm.png\",\"width\":600,\"height\":133,\"caption\":\"Cuballama\"},\"image\":{\"@id\":\"https:\\\/\\\/www.cuballama.com\\\/noticias\\\/#\\\/schema\\\/logo\\\/image\\\/\"},\"sameAs\":[\"https:\\\/\\\/www.facebook.com\\\/CubaLlama\",\"https:\\\/\\\/x.com\\\/cuballama\",\"https:\\\/\\\/www.instagram.com\\\/stories\\\/cuballama_oficial\\\/\",\"https:\\\/\\\/www.youtube.com\\\/channel\\\/UCKkFE-d_axENGZcrc4as0IA\"]},{\"@type\":\"Person\",\"@id\":\"https:\\\/\\\/www.cuballama.com\\\/noticias\\\/#\\\/schema\\\/person\\\/5cba2b8cc25a3159e49fe730a94d512e\",\"name\":\"Sof\u00eda Reyes\",\"url\":\"https:\\\/\\\/www.cuballama.com\\\/noticias\\\/author\\\/laura\\\/\"}]}<\/script>\n<!-- \/ Yoast SEO plugin. -->","yoast_head_json":{"title":"Ozzy Osbourne muere a los 76 a\u00f1os: el heavy metal pierde a su Pr\u00edncipe de las Tinieblas - Cuballama Noticias","description":"Ozzy Osbourne, \u00edcono del heavy metal y l\u00edder de Black Sabbath, fallece a los 76 a\u00f1os tras un emotivo concierto de despedida en Birmingham.","robots":{"index":"index","follow":"follow","max-snippet":"max-snippet:-1","max-image-preview":"max-image-preview:large","max-video-preview":"max-video-preview:-1"},"canonical":"https:\/\/www.cuballama.com\/noticias\/ozzy-osbourne-muere-a-los-76-anos-el-heavy-metal-pierde-a-su-principe-de-las-tinieblas\/","og_locale":"es_ES","og_type":"article","og_title":"Ozzy Osbourne muere a los 76 a\u00f1os: el heavy metal pierde a su Pr\u00edncipe de las Tinieblas - Cuballama Noticias","og_description":"Ozzy Osbourne, \u00edcono del heavy metal y l\u00edder de Black Sabbath, fallece a los 76 a\u00f1os tras un emotivo concierto de despedida en Birmingham.","og_url":"https:\/\/www.cuballama.com\/noticias\/ozzy-osbourne-muere-a-los-76-anos-el-heavy-metal-pierde-a-su-principe-de-las-tinieblas\/","og_site_name":"Cuballama Noticias","article_publisher":"https:\/\/www.facebook.com\/CubaLlama","article_published_time":"2025-07-23T08:00:00+00:00","og_image":[{"width":640,"height":425,"url":"https:\/\/cdn1.mediawpaccore.net\/wp-content\/uploads\/2025\/07\/23005851\/640px-OzzyOsbourne-1.jpg","type":"image\/jpeg"}],"author":"Sof\u00eda Reyes","twitter_card":"summary_large_image","twitter_creator":"@cuballama","twitter_site":"@cuballama","twitter_misc":{"Escrito por":"Sof\u00eda Reyes","Tiempo de lectura":"3 minutos"},"schema":{"@context":"https:\/\/schema.org","@graph":[{"@type":"Article","@id":"https:\/\/www.cuballama.com\/noticias\/ozzy-osbourne-muere-a-los-76-anos-el-heavy-metal-pierde-a-su-principe-de-las-tinieblas\/#article","isPartOf":{"@id":"https:\/\/www.cuballama.com\/noticias\/ozzy-osbourne-muere-a-los-76-anos-el-heavy-metal-pierde-a-su-principe-de-las-tinieblas\/"},"author":{"name":"Sof\u00eda Reyes","@id":"https:\/\/www.cuballama.com\/noticias\/#\/schema\/person\/5cba2b8cc25a3159e49fe730a94d512e"},"headline":"Ozzy Osbourne muere a los 76 a\u00f1os: el heavy metal pierde a su Pr\u00edncipe de las Tinieblas","datePublished":"2025-07-23T08:00:00+00:00","mainEntityOfPage":{"@id":"https:\/\/www.cuballama.com\/noticias\/ozzy-osbourne-muere-a-los-76-anos-el-heavy-metal-pierde-a-su-principe-de-las-tinieblas\/"},"wordCount":552,"commentCount":0,"publisher":{"@id":"https:\/\/www.cuballama.com\/noticias\/#organization"},"image":{"@id":"https:\/\/www.cuballama.com\/noticias\/ozzy-osbourne-muere-a-los-76-anos-el-heavy-metal-pierde-a-su-principe-de-las-tinieblas\/#primaryimage"},"thumbnailUrl":"https:\/\/cdn1.mediawpaccore.net\/wp-content\/uploads\/2025\/07\/23005851\/640px-OzzyOsbourne-1.jpg","keywords":["Black Sabbath","concierto despedida Ozzy","fallece Ozzy Osbourne","far\u00e1ndula internacional","heavy metal","James Hetfield","leyenda del rock","Metallica","muerte Ozzy Osbourne","murci\u00e9lago Ozzy","noticias de famosos","Ozzy Osbourne","Ozzy Osbourne 2025","Parkinson Ozzy","rock en luto","Villa Park concierto"],"articleSection":["Noticias","Noticias Internacionales"],"inLanguage":"es","potentialAction":[{"@type":"CommentAction","name":"Comment","target":["https:\/\/www.cuballama.com\/noticias\/ozzy-osbourne-muere-a-los-76-anos-el-heavy-metal-pierde-a-su-principe-de-las-tinieblas\/#respond"]}]},{"@type":"WebPage","@id":"https:\/\/www.cuballama.com\/noticias\/ozzy-osbourne-muere-a-los-76-anos-el-heavy-metal-pierde-a-su-principe-de-las-tinieblas\/","url":"https:\/\/www.cuballama.com\/noticias\/ozzy-osbourne-muere-a-los-76-anos-el-heavy-metal-pierde-a-su-principe-de-las-tinieblas\/","name":"Ozzy Osbourne muere a los 76 a\u00f1os: el heavy metal pierde a su Pr\u00edncipe de las Tinieblas - Cuballama Noticias","isPartOf":{"@id":"https:\/\/www.cuballama.com\/noticias\/#website"},"primaryImageOfPage":{"@id":"https:\/\/www.cuballama.com\/noticias\/ozzy-osbourne-muere-a-los-76-anos-el-heavy-metal-pierde-a-su-principe-de-las-tinieblas\/#primaryimage"},"image":{"@id":"https:\/\/www.cuballama.com\/noticias\/ozzy-osbourne-muere-a-los-76-anos-el-heavy-metal-pierde-a-su-principe-de-las-tinieblas\/#primaryimage"},"thumbnailUrl":"https:\/\/cdn1.mediawpaccore.net\/wp-content\/uploads\/2025\/07\/23005851\/640px-OzzyOsbourne-1.jpg","datePublished":"2025-07-23T08:00:00+00:00","description":"Ozzy Osbourne, \u00edcono del heavy metal y l\u00edder de Black Sabbath, fallece a los 76 a\u00f1os tras un emotivo concierto de despedida en Birmingham.","breadcrumb":{"@id":"https:\/\/www.cuballama.com\/noticias\/ozzy-osbourne-muere-a-los-76-anos-el-heavy-metal-pierde-a-su-principe-de-las-tinieblas\/#breadcrumb"},"inLanguage":"es","potentialAction":[{"@type":"ReadAction","target":["https:\/\/www.cuballama.com\/noticias\/ozzy-osbourne-muere-a-los-76-anos-el-heavy-metal-pierde-a-su-principe-de-las-tinieblas\/"]}]},{"@type":"ImageObject","inLanguage":"es","@id":"https:\/\/www.cuballama.com\/noticias\/ozzy-osbourne-muere-a-los-76-anos-el-heavy-metal-pierde-a-su-principe-de-las-tinieblas\/#primaryimage","url":"https:\/\/cdn1.mediawpaccore.net\/wp-content\/uploads\/2025\/07\/23005851\/640px-OzzyOsbourne-1.jpg","contentUrl":"https:\/\/cdn1.mediawpaccore.net\/wp-content\/uploads\/2025\/07\/23005851\/640px-OzzyOsbourne-1.jpg","width":640,"height":425,"caption":"Foto de Kevin Burkett from Philadelphia, Pa., USA, CC BY-SA 2.0 , via Wikimedia Commons"},{"@type":"BreadcrumbList","@id":"https:\/\/www.cuballama.com\/noticias\/ozzy-osbourne-muere-a-los-76-anos-el-heavy-metal-pierde-a-su-principe-de-las-tinieblas\/#breadcrumb","itemListElement":[{"@type":"ListItem","position":1,"name":"Home","item":"https:\/\/www.cuballama.com\/noticias\/"},{"@type":"ListItem","position":2,"name":"Ozzy Osbourne muere a los 76 a\u00f1os: el heavy metal pierde a su Pr\u00edncipe de las Tinieblas"}]},{"@type":"WebSite","@id":"https:\/\/www.cuballama.com\/noticias\/#website","url":"https:\/\/www.cuballama.com\/noticias\/","name":"Cuballama Noticias","description":"Medio digital sobre Cuba y el mundo","publisher":{"@id":"https:\/\/www.cuballama.com\/noticias\/#organization"},"potentialAction":[{"@type":"SearchAction","target":{"@type":"EntryPoint","urlTemplate":"https:\/\/www.cuballama.com\/noticias\/?s={search_term_string}"},"query-input":{"@type":"PropertyValueSpecification","valueRequired":true,"valueName":"search_term_string"}}],"inLanguage":"es"},{"@type":"Organization","@id":"https:\/\/www.cuballama.com\/noticias\/#organization","name":"Cuballama","url":"https:\/\/www.cuballama.com\/noticias\/","logo":{"@type":"ImageObject","inLanguage":"es","@id":"https:\/\/www.cuballama.com\/noticias\/#\/schema\/logo\/image\/","url":"https:\/\/cdn1.mediawpaccore.net\/wp-content\/uploads\/2021\/12\/28171206\/cbll-logo-color-sm.png","contentUrl":"https:\/\/cdn1.mediawpaccore.net\/wp-content\/uploads\/2021\/12\/28171206\/cbll-logo-color-sm.png","width":600,"height":133,"caption":"Cuballama"},"image":{"@id":"https:\/\/www.cuballama.com\/noticias\/#\/schema\/logo\/image\/"},"sameAs":["https:\/\/www.facebook.com\/CubaLlama","https:\/\/x.com\/cuballama","https:\/\/www.instagram.com\/stories\/cuballama_oficial\/","https:\/\/www.youtube.com\/channel\/UCKkFE-d_axENGZcrc4as0IA"]},{"@type":"Person","@id":"https:\/\/www.cuballama.com\/noticias\/#\/schema\/person\/5cba2b8cc25a3159e49fe730a94d512e","name":"Sof\u00eda Reyes","url":"https:\/\/www.cuballama.com\/noticias\/author\/laura\/"}]}},"_links":{"self":[{"href":"https:\/\/www.cuballama.com\/noticias\/wp-json\/wp\/v2\/posts\/214159","targetHints":{"allow":["GET"]}}],"collection":[{"href":"https:\/\/www.cuballama.com\/noticias\/wp-json\/wp\/v2\/posts"}],"about":[{"href":"https:\/\/www.cuballama.com\/noticias\/wp-json\/wp\/v2\/types\/post"}],"author":[{"embeddable":true,"href":"https:\/\/www.cuballama.com\/noticias\/wp-json\/wp\/v2\/users\/29"}],"replies":[{"embeddable":true,"href":"https:\/\/www.cuballama.com\/noticias\/wp-json\/wp\/v2\/comments?post=214159"}],"version-history":[{"count":3,"href":"https:\/\/www.cuballama.com\/noticias\/wp-json\/wp\/v2\/posts\/214159\/revisions"}],"predecessor-version":[{"id":214179,"href":"https:\/\/www.cuballama.com\/noticias\/wp-json\/wp\/v2\/posts\/214159\/revisions\/214179"}],"wp:featuredmedia":[{"embeddable":true,"href":"https:\/\/www.cuballama.com\/noticias\/wp-json\/wp\/v2\/media\/214178"}],"wp:attachment":[{"href":"https:\/\/www.cuballama.com\/noticias\/wp-json\/wp\/v2\/media?parent=214159"}],"wp:term":[{"taxonomy":"category","embeddable":true,"href":"https:\/\/www.cuballama.com\/noticias\/wp-json\/wp\/v2\/categories?post=214159"},{"taxonomy":"post_tag","embeddable":true,"href":"https:\/\/www.cuballama.com\/noticias\/wp-json\/wp\/v2\/tags?post=214159"}],"curies":[{"name":"wp","href":"https:\/\/api.w.org\/{rel}","templated":true}]}}