{"id":214153,"date":"2025-07-23T07:00:00","date_gmt":"2025-07-23T11:00:00","guid":{"rendered":"https:\/\/www.cuballama.com\/noticias\/?p=214153"},"modified":"2025-07-24T07:00:28","modified_gmt":"2025-07-24T11:00:28","slug":"madre-cubana-muere-asesinada-por-un-convicto-en-cienfuegos","status":"publish","type":"post","link":"https:\/\/www.cuballama.com\/noticias\/madre-cubana-muere-asesinada-por-un-convicto-en-cienfuegos\/","title":{"rendered":"Madre cubana muere asesinada por un convicto en Cienfuegos"},"content":{"rendered":"\n<p>Una madre cubana de 29 a\u00f1os, identificada como Yail\u00edn Carrasco P\u00e9rez, fue brutalmente asesinada en la ma\u00f1ana de este martes 22 de julio en el Consejo Popular de Pastorita, en Cienfuegos.<\/p>\n\n\n\n<p>Seg\u00fan revel\u00f3 en Facebook el perfil oficialista Las Cosas de Fernanda, el crimen tuvo lugar cerca de las seis y treinta de la ma\u00f1ana en la carretera Vial Universidad, muy cerca del polit\u00e9cnico Jos\u00e9 Gregorio Mart\u00ednez, cuando la v\u00edctima, habr\u00eda ido a encontrarse con su agresor \u201cen las cercan\u00edas de su vivienda\u201d acompa\u00f1ada por una de sus tres hijas.<\/p>\n\n\n\n<p>Vecinos citados por la misma fuente destacaron que los gritos desgarradores de la menor los alertaron. \u201c\u00a1Me mataron a mi mam\u00e1!\u201d, oyeron gritar a la ni\u00f1a de seis a\u00f1os, quien reconoci\u00f3 a la pareja de su madre como el atacante.<\/p>\n\n\n\n<iframe loading=\"lazy\" src=\"https:\/\/www.facebook.com\/plugins\/post.php?href=https%3A%2F%2Fwww.facebook.com%2Fpermalink.php%3Fstory_fbid%3Dpfbid02zRxmuq4JVBnx6gzdjamMv3xmKisgeRZcfXTL7wa9URUXENgdMTPiGze6SL77dXHVl%26id%3D100076263720419&#038;show_text=true&#038;width=500\" width=\"500\" height=\"613\" style=\"border:none;overflow:hidden\" scrolling=\"no\" frameborder=\"0\" allowfullscreen=\"true\" allow=\"autoplay; clipboard-write; encrypted-media; picture-in-picture; web-share\"><\/iframe>\n\n\n\n<p>El sujeto, que seg\u00fan reportes no oficiales \u201cse fug\u00f3 de la c\u00e1rcel\u201d o \u201cestaba de pase\u201d, ya ha sido arrestado y est\u00e1 \u201cbajo investigaci\u00f3n penal\u201d.<\/p>\n\n\n\n<p>Seg\u00fan precis\u00f3 el activista Sa\u00fal Manuel, Yail\u00edn, tambi\u00e9n conocida como \u2018La China\u2019, habr\u00eda muerto degollada.&nbsp;<\/p>\n\n\n\n<iframe loading=\"lazy\" src=\"https:\/\/www.facebook.com\/plugins\/post.php?href=https%3A%2F%2Fwww.facebook.com%2FDeuntijeretazo%2Fposts%2Fpfbid0ogvKv4qKQiqreRki6DMjDPeKoH3AETcLso9df3fRyMfGycUBsaWE2am6r4TF6pYSl&#038;show_text=true&#038;width=500\" width=\"500\" height=\"792\" style=\"border:none;overflow:hidden\" scrolling=\"no\" frameborder=\"0\" allowfullscreen=\"true\" allow=\"autoplay; clipboard-write; encrypted-media; picture-in-picture; web-share\"><\/iframe>\n\n\n\n<p>Por otro lado, la p\u00e1gina de Facebook D\u00edaz-Canel Singao precis\u00f3 que la v\u00edctima adem\u00e1s recibi\u00f3 una pu\u00f1alada en el pie en su casa, frente a la Universidad de Cienfuegos.<\/p>\n\n\n\n<p>Este nuevo caso de feminicidio ha despertado consternaci\u00f3n en la comunidad y ha vuelto a poner en evidencia <a href=\"https:\/\/www.cuballama.com\/noticias\/capturan-a-cubano-que-mato-a-su-pareja-e-hirio-gravemente-a-su-hijastra\/\" target=\"_blank\" rel=\"noreferrer noopener\">la gravedad de la violencia machista en Cuba<\/a>.<\/p>\n\n\n\n<iframe loading=\"lazy\" src=\"https:\/\/www.facebook.com\/plugins\/post.php?href=https%3A%2F%2Fwww.facebook.com%2Fsaul.manuel.500961%2Fposts%2Fpfbid033FEQe42UEqnjm6YarHBJ9a1b9AeG2T95QGr4fBH4K58hiNKWJNkeXhXFoPFyv7kPl&#038;show_text=true&#038;width=500\" width=\"500\" height=\"541\" style=\"border:none;overflow:hidden\" scrolling=\"no\" frameborder=\"0\" allowfullscreen=\"true\" allow=\"autoplay; clipboard-write; encrypted-media; picture-in-picture; web-share\"><\/iframe>\n\n\n\n<p>En tanto, el oficialismo cubano sigue calificando a estos tristes hechos como \u201cviolencia pasional\u201d, en un intento por minimizar los cr\u00edmenes de odio contra las mujeres.<\/p>\n\n\n\n<p>Hasta el 15 de julio el Observatorio de G\u00e9nero Alas Tensas hab\u00eda confirmado 19 feminicidios en la isla en lo que va de 2025.<\/p>\n\n\n\n<p>Dos casos recientes no incluidos en esta \u00faltima cifra ser\u00edan los de dos j\u00f3venes mujeres asesinadas en Camag\u00fcey y en Holgu\u00edn en los \u00faltimos d\u00edas.<\/p>\n\n\n\n<p><\/p>\n","protected":false},"excerpt":{"rendered":"<p>La v\u00edctima era madre de tres ni\u00f1as.<\/p>\n","protected":false},"author":30,"featured_media":214154,"comment_status":"open","ping_status":"closed","sticky":false,"template":"","format":"standard","meta":{"_acf_changed":false,"footnotes":""},"categories":[18,955],"tags":[22112,941,10655,4850],"class_list":{"0":"post-214153","1":"post","2":"type-post","3":"status-publish","4":"format-standard","5":"has-post-thumbnail","7":"category-noticias","8":"category-noticias-de-cuba","9":"tag-cubana-asesinada","10":"tag-destacado","11":"tag-feminicidio-en-cuba","12":"tag-madre-cubana"},"acf":[],"yoast_head":"<!-- This site is optimized with the Yoast SEO plugin v27.4 - https:\/\/yoast.com\/product\/yoast-seo-wordpress\/ -->\n<title>Madre cubana muere asesinada por un convicto en Cienfuegos - Cuballama Noticias<\/title>\n<meta name=\"description\" content=\"Una madre cubana de 29 a\u00f1os, identificada como Yail\u00edn Carrasco P\u00e9rez, fue brutalmente asesinada en la ma\u00f1ana de este 22 de julio.\" \/>\n<meta name=\"robots\" content=\"index, follow, max-snippet:-1, max-image-preview:large, max-video-preview:-1\" \/>\n<link rel=\"canonical\" href=\"https:\/\/www.cuballama.com\/noticias\/madre-cubana-muere-asesinada-por-un-convicto-en-cienfuegos\/\" \/>\n<meta property=\"og:locale\" content=\"es_ES\" \/>\n<meta property=\"og:type\" content=\"article\" \/>\n<meta property=\"og:title\" content=\"Madre cubana muere asesinada por un convicto en Cienfuegos - Cuballama Noticias\" \/>\n<meta property=\"og:description\" content=\"Una madre cubana de 29 a\u00f1os, identificada como Yail\u00edn Carrasco P\u00e9rez, fue brutalmente asesinada en la ma\u00f1ana de este 22 de julio.\" \/>\n<meta property=\"og:url\" content=\"https:\/\/www.cuballama.com\/noticias\/madre-cubana-muere-asesinada-por-un-convicto-en-cienfuegos\/\" \/>\n<meta property=\"og:site_name\" content=\"Cuballama Noticias\" \/>\n<meta property=\"article:publisher\" content=\"https:\/\/www.facebook.com\/CubaLlama\" \/>\n<meta property=\"article:published_time\" content=\"2025-07-23T11:00:00+00:00\" \/>\n<meta property=\"article:modified_time\" content=\"2025-07-24T11:00:28+00:00\" \/>\n<meta property=\"og:image\" content=\"https:\/\/cdn1.mediawpaccore.net\/wp-content\/uploads\/2025\/07\/22222843\/522635506_756422640102725_3899368786131316732_n1.jpg\" \/>\n\t<meta property=\"og:image:width\" content=\"1200\" \/>\n\t<meta property=\"og:image:height\" content=\"630\" \/>\n\t<meta property=\"og:image:type\" content=\"image\/jpeg\" \/>\n<meta name=\"author\" content=\"Kathy\" \/>\n<meta name=\"twitter:card\" content=\"summary_large_image\" \/>\n<meta name=\"twitter:creator\" content=\"@cuballama\" \/>\n<meta name=\"twitter:site\" content=\"@cuballama\" \/>\n<meta name=\"twitter:label1\" content=\"Escrito por\" \/>\n\t<meta name=\"twitter:data1\" content=\"Kathy\" \/>\n\t<meta name=\"twitter:label2\" content=\"Tiempo de lectura\" \/>\n\t<meta name=\"twitter:data2\" content=\"2 minutos\" \/>\n<script type=\"application\/ld+json\" class=\"yoast-schema-graph\">{\"@context\":\"https:\\\/\\\/schema.org\",\"@graph\":[{\"@type\":\"Article\",\"@id\":\"https:\\\/\\\/www.cuballama.com\\\/noticias\\\/madre-cubana-muere-asesinada-por-un-convicto-en-cienfuegos\\\/#article\",\"isPartOf\":{\"@id\":\"https:\\\/\\\/www.cuballama.com\\\/noticias\\\/madre-cubana-muere-asesinada-por-un-convicto-en-cienfuegos\\\/\"},\"author\":{\"name\":\"Kathy\",\"@id\":\"https:\\\/\\\/www.cuballama.com\\\/noticias\\\/#\\\/schema\\\/person\\\/86cd3e3f4974437f031211213bf892d5\"},\"headline\":\"Madre cubana muere asesinada por un convicto en Cienfuegos\",\"datePublished\":\"2025-07-23T11:00:00+00:00\",\"dateModified\":\"2025-07-24T11:00:28+00:00\",\"mainEntityOfPage\":{\"@id\":\"https:\\\/\\\/www.cuballama.com\\\/noticias\\\/madre-cubana-muere-asesinada-por-un-convicto-en-cienfuegos\\\/\"},\"wordCount\":341,\"commentCount\":0,\"publisher\":{\"@id\":\"https:\\\/\\\/www.cuballama.com\\\/noticias\\\/#organization\"},\"image\":{\"@id\":\"https:\\\/\\\/www.cuballama.com\\\/noticias\\\/madre-cubana-muere-asesinada-por-un-convicto-en-cienfuegos\\\/#primaryimage\"},\"thumbnailUrl\":\"https:\\\/\\\/cdn1.mediawpaccore.net\\\/wp-content\\\/uploads\\\/2025\\\/07\\\/22222843\\\/522635506_756422640102725_3899368786131316732_n1.jpg\",\"keywords\":[\"cubana asesinada\",\"destacado\",\"feminicidio en Cuba\",\"madre cubana\"],\"articleSection\":[\"Noticias\",\"Noticias de Cuba\"],\"inLanguage\":\"es\",\"potentialAction\":[{\"@type\":\"CommentAction\",\"name\":\"Comment\",\"target\":[\"https:\\\/\\\/www.cuballama.com\\\/noticias\\\/madre-cubana-muere-asesinada-por-un-convicto-en-cienfuegos\\\/#respond\"]}]},{\"@type\":\"WebPage\",\"@id\":\"https:\\\/\\\/www.cuballama.com\\\/noticias\\\/madre-cubana-muere-asesinada-por-un-convicto-en-cienfuegos\\\/\",\"url\":\"https:\\\/\\\/www.cuballama.com\\\/noticias\\\/madre-cubana-muere-asesinada-por-un-convicto-en-cienfuegos\\\/\",\"name\":\"Madre cubana muere asesinada por un convicto en Cienfuegos - Cuballama Noticias\",\"isPartOf\":{\"@id\":\"https:\\\/\\\/www.cuballama.com\\\/noticias\\\/#website\"},\"primaryImageOfPage\":{\"@id\":\"https:\\\/\\\/www.cuballama.com\\\/noticias\\\/madre-cubana-muere-asesinada-por-un-convicto-en-cienfuegos\\\/#primaryimage\"},\"image\":{\"@id\":\"https:\\\/\\\/www.cuballama.com\\\/noticias\\\/madre-cubana-muere-asesinada-por-un-convicto-en-cienfuegos\\\/#primaryimage\"},\"thumbnailUrl\":\"https:\\\/\\\/cdn1.mediawpaccore.net\\\/wp-content\\\/uploads\\\/2025\\\/07\\\/22222843\\\/522635506_756422640102725_3899368786131316732_n1.jpg\",\"datePublished\":\"2025-07-23T11:00:00+00:00\",\"dateModified\":\"2025-07-24T11:00:28+00:00\",\"description\":\"Una madre cubana de 29 a\u00f1os, identificada como Yail\u00edn Carrasco P\u00e9rez, fue brutalmente asesinada en la ma\u00f1ana de este 22 de julio.\",\"breadcrumb\":{\"@id\":\"https:\\\/\\\/www.cuballama.com\\\/noticias\\\/madre-cubana-muere-asesinada-por-un-convicto-en-cienfuegos\\\/#breadcrumb\"},\"inLanguage\":\"es\",\"potentialAction\":[{\"@type\":\"ReadAction\",\"target\":[\"https:\\\/\\\/www.cuballama.com\\\/noticias\\\/madre-cubana-muere-asesinada-por-un-convicto-en-cienfuegos\\\/\"]}]},{\"@type\":\"ImageObject\",\"inLanguage\":\"es\",\"@id\":\"https:\\\/\\\/www.cuballama.com\\\/noticias\\\/madre-cubana-muere-asesinada-por-un-convicto-en-cienfuegos\\\/#primaryimage\",\"url\":\"https:\\\/\\\/cdn1.mediawpaccore.net\\\/wp-content\\\/uploads\\\/2025\\\/07\\\/22222843\\\/522635506_756422640102725_3899368786131316732_n1.jpg\",\"contentUrl\":\"https:\\\/\\\/cdn1.mediawpaccore.net\\\/wp-content\\\/uploads\\\/2025\\\/07\\\/22222843\\\/522635506_756422640102725_3899368786131316732_n1.jpg\",\"width\":1200,\"height\":630,\"caption\":\"Cubana asesinada en Cienfuegos. Foto: Facebook\\\/Sa\u00fal Manuel.\"},{\"@type\":\"BreadcrumbList\",\"@id\":\"https:\\\/\\\/www.cuballama.com\\\/noticias\\\/madre-cubana-muere-asesinada-por-un-convicto-en-cienfuegos\\\/#breadcrumb\",\"itemListElement\":[{\"@type\":\"ListItem\",\"position\":1,\"name\":\"Home\",\"item\":\"https:\\\/\\\/www.cuballama.com\\\/noticias\\\/\"},{\"@type\":\"ListItem\",\"position\":2,\"name\":\"Madre cubana muere asesinada por un convicto en Cienfuegos\"}]},{\"@type\":\"WebSite\",\"@id\":\"https:\\\/\\\/www.cuballama.com\\\/noticias\\\/#website\",\"url\":\"https:\\\/\\\/www.cuballama.com\\\/noticias\\\/\",\"name\":\"Cuballama Noticias\",\"description\":\"Medio digital sobre Cuba y el mundo\",\"publisher\":{\"@id\":\"https:\\\/\\\/www.cuballama.com\\\/noticias\\\/#organization\"},\"potentialAction\":[{\"@type\":\"SearchAction\",\"target\":{\"@type\":\"EntryPoint\",\"urlTemplate\":\"https:\\\/\\\/www.cuballama.com\\\/noticias\\\/?s={search_term_string}\"},\"query-input\":{\"@type\":\"PropertyValueSpecification\",\"valueRequired\":true,\"valueName\":\"search_term_string\"}}],\"inLanguage\":\"es\"},{\"@type\":\"Organization\",\"@id\":\"https:\\\/\\\/www.cuballama.com\\\/noticias\\\/#organization\",\"name\":\"Cuballama\",\"url\":\"https:\\\/\\\/www.cuballama.com\\\/noticias\\\/\",\"logo\":{\"@type\":\"ImageObject\",\"inLanguage\":\"es\",\"@id\":\"https:\\\/\\\/www.cuballama.com\\\/noticias\\\/#\\\/schema\\\/logo\\\/image\\\/\",\"url\":\"https:\\\/\\\/cdn1.mediawpaccore.net\\\/wp-content\\\/uploads\\\/2021\\\/12\\\/28171206\\\/cbll-logo-color-sm.png\",\"contentUrl\":\"https:\\\/\\\/cdn1.mediawpaccore.net\\\/wp-content\\\/uploads\\\/2021\\\/12\\\/28171206\\\/cbll-logo-color-sm.png\",\"width\":600,\"height\":133,\"caption\":\"Cuballama\"},\"image\":{\"@id\":\"https:\\\/\\\/www.cuballama.com\\\/noticias\\\/#\\\/schema\\\/logo\\\/image\\\/\"},\"sameAs\":[\"https:\\\/\\\/www.facebook.com\\\/CubaLlama\",\"https:\\\/\\\/x.com\\\/cuballama\",\"https:\\\/\\\/www.instagram.com\\\/stories\\\/cuballama_oficial\\\/\",\"https:\\\/\\\/www.youtube.com\\\/channel\\\/UCKkFE-d_axENGZcrc4as0IA\"]},{\"@type\":\"Person\",\"@id\":\"https:\\\/\\\/www.cuballama.com\\\/noticias\\\/#\\\/schema\\\/person\\\/86cd3e3f4974437f031211213bf892d5\",\"name\":\"Kathy\",\"url\":\"https:\\\/\\\/www.cuballama.com\\\/noticias\\\/author\\\/kathy\\\/\"}]}<\/script>\n<!-- \/ Yoast SEO plugin. -->","yoast_head_json":{"title":"Madre cubana muere asesinada por un convicto en Cienfuegos - Cuballama Noticias","description":"Una madre cubana de 29 a\u00f1os, identificada como Yail\u00edn Carrasco P\u00e9rez, fue brutalmente asesinada en la ma\u00f1ana de este 22 de julio.","robots":{"index":"index","follow":"follow","max-snippet":"max-snippet:-1","max-image-preview":"max-image-preview:large","max-video-preview":"max-video-preview:-1"},"canonical":"https:\/\/www.cuballama.com\/noticias\/madre-cubana-muere-asesinada-por-un-convicto-en-cienfuegos\/","og_locale":"es_ES","og_type":"article","og_title":"Madre cubana muere asesinada por un convicto en Cienfuegos - Cuballama Noticias","og_description":"Una madre cubana de 29 a\u00f1os, identificada como Yail\u00edn Carrasco P\u00e9rez, fue brutalmente asesinada en la ma\u00f1ana de este 22 de julio.","og_url":"https:\/\/www.cuballama.com\/noticias\/madre-cubana-muere-asesinada-por-un-convicto-en-cienfuegos\/","og_site_name":"Cuballama Noticias","article_publisher":"https:\/\/www.facebook.com\/CubaLlama","article_published_time":"2025-07-23T11:00:00+00:00","article_modified_time":"2025-07-24T11:00:28+00:00","og_image":[{"width":1200,"height":630,"url":"https:\/\/cdn1.mediawpaccore.net\/wp-content\/uploads\/2025\/07\/22222843\/522635506_756422640102725_3899368786131316732_n1.jpg","type":"image\/jpeg"}],"author":"Kathy","twitter_card":"summary_large_image","twitter_creator":"@cuballama","twitter_site":"@cuballama","twitter_misc":{"Escrito por":"Kathy","Tiempo de lectura":"2 minutos"},"schema":{"@context":"https:\/\/schema.org","@graph":[{"@type":"Article","@id":"https:\/\/www.cuballama.com\/noticias\/madre-cubana-muere-asesinada-por-un-convicto-en-cienfuegos\/#article","isPartOf":{"@id":"https:\/\/www.cuballama.com\/noticias\/madre-cubana-muere-asesinada-por-un-convicto-en-cienfuegos\/"},"author":{"name":"Kathy","@id":"https:\/\/www.cuballama.com\/noticias\/#\/schema\/person\/86cd3e3f4974437f031211213bf892d5"},"headline":"Madre cubana muere asesinada por un convicto en Cienfuegos","datePublished":"2025-07-23T11:00:00+00:00","dateModified":"2025-07-24T11:00:28+00:00","mainEntityOfPage":{"@id":"https:\/\/www.cuballama.com\/noticias\/madre-cubana-muere-asesinada-por-un-convicto-en-cienfuegos\/"},"wordCount":341,"commentCount":0,"publisher":{"@id":"https:\/\/www.cuballama.com\/noticias\/#organization"},"image":{"@id":"https:\/\/www.cuballama.com\/noticias\/madre-cubana-muere-asesinada-por-un-convicto-en-cienfuegos\/#primaryimage"},"thumbnailUrl":"https:\/\/cdn1.mediawpaccore.net\/wp-content\/uploads\/2025\/07\/22222843\/522635506_756422640102725_3899368786131316732_n1.jpg","keywords":["cubana asesinada","destacado","feminicidio en Cuba","madre cubana"],"articleSection":["Noticias","Noticias de Cuba"],"inLanguage":"es","potentialAction":[{"@type":"CommentAction","name":"Comment","target":["https:\/\/www.cuballama.com\/noticias\/madre-cubana-muere-asesinada-por-un-convicto-en-cienfuegos\/#respond"]}]},{"@type":"WebPage","@id":"https:\/\/www.cuballama.com\/noticias\/madre-cubana-muere-asesinada-por-un-convicto-en-cienfuegos\/","url":"https:\/\/www.cuballama.com\/noticias\/madre-cubana-muere-asesinada-por-un-convicto-en-cienfuegos\/","name":"Madre cubana muere asesinada por un convicto en Cienfuegos - Cuballama Noticias","isPartOf":{"@id":"https:\/\/www.cuballama.com\/noticias\/#website"},"primaryImageOfPage":{"@id":"https:\/\/www.cuballama.com\/noticias\/madre-cubana-muere-asesinada-por-un-convicto-en-cienfuegos\/#primaryimage"},"image":{"@id":"https:\/\/www.cuballama.com\/noticias\/madre-cubana-muere-asesinada-por-un-convicto-en-cienfuegos\/#primaryimage"},"thumbnailUrl":"https:\/\/cdn1.mediawpaccore.net\/wp-content\/uploads\/2025\/07\/22222843\/522635506_756422640102725_3899368786131316732_n1.jpg","datePublished":"2025-07-23T11:00:00+00:00","dateModified":"2025-07-24T11:00:28+00:00","description":"Una madre cubana de 29 a\u00f1os, identificada como Yail\u00edn Carrasco P\u00e9rez, fue brutalmente asesinada en la ma\u00f1ana de este 22 de julio.","breadcrumb":{"@id":"https:\/\/www.cuballama.com\/noticias\/madre-cubana-muere-asesinada-por-un-convicto-en-cienfuegos\/#breadcrumb"},"inLanguage":"es","potentialAction":[{"@type":"ReadAction","target":["https:\/\/www.cuballama.com\/noticias\/madre-cubana-muere-asesinada-por-un-convicto-en-cienfuegos\/"]}]},{"@type":"ImageObject","inLanguage":"es","@id":"https:\/\/www.cuballama.com\/noticias\/madre-cubana-muere-asesinada-por-un-convicto-en-cienfuegos\/#primaryimage","url":"https:\/\/cdn1.mediawpaccore.net\/wp-content\/uploads\/2025\/07\/22222843\/522635506_756422640102725_3899368786131316732_n1.jpg","contentUrl":"https:\/\/cdn1.mediawpaccore.net\/wp-content\/uploads\/2025\/07\/22222843\/522635506_756422640102725_3899368786131316732_n1.jpg","width":1200,"height":630,"caption":"Cubana asesinada en Cienfuegos. Foto: Facebook\/Sa\u00fal Manuel."},{"@type":"BreadcrumbList","@id":"https:\/\/www.cuballama.com\/noticias\/madre-cubana-muere-asesinada-por-un-convicto-en-cienfuegos\/#breadcrumb","itemListElement":[{"@type":"ListItem","position":1,"name":"Home","item":"https:\/\/www.cuballama.com\/noticias\/"},{"@type":"ListItem","position":2,"name":"Madre cubana muere asesinada por un convicto en Cienfuegos"}]},{"@type":"WebSite","@id":"https:\/\/www.cuballama.com\/noticias\/#website","url":"https:\/\/www.cuballama.com\/noticias\/","name":"Cuballama Noticias","description":"Medio digital sobre Cuba y el mundo","publisher":{"@id":"https:\/\/www.cuballama.com\/noticias\/#organization"},"potentialAction":[{"@type":"SearchAction","target":{"@type":"EntryPoint","urlTemplate":"https:\/\/www.cuballama.com\/noticias\/?s={search_term_string}"},"query-input":{"@type":"PropertyValueSpecification","valueRequired":true,"valueName":"search_term_string"}}],"inLanguage":"es"},{"@type":"Organization","@id":"https:\/\/www.cuballama.com\/noticias\/#organization","name":"Cuballama","url":"https:\/\/www.cuballama.com\/noticias\/","logo":{"@type":"ImageObject","inLanguage":"es","@id":"https:\/\/www.cuballama.com\/noticias\/#\/schema\/logo\/image\/","url":"https:\/\/cdn1.mediawpaccore.net\/wp-content\/uploads\/2021\/12\/28171206\/cbll-logo-color-sm.png","contentUrl":"https:\/\/cdn1.mediawpaccore.net\/wp-content\/uploads\/2021\/12\/28171206\/cbll-logo-color-sm.png","width":600,"height":133,"caption":"Cuballama"},"image":{"@id":"https:\/\/www.cuballama.com\/noticias\/#\/schema\/logo\/image\/"},"sameAs":["https:\/\/www.facebook.com\/CubaLlama","https:\/\/x.com\/cuballama","https:\/\/www.instagram.com\/stories\/cuballama_oficial\/","https:\/\/www.youtube.com\/channel\/UCKkFE-d_axENGZcrc4as0IA"]},{"@type":"Person","@id":"https:\/\/www.cuballama.com\/noticias\/#\/schema\/person\/86cd3e3f4974437f031211213bf892d5","name":"Kathy","url":"https:\/\/www.cuballama.com\/noticias\/author\/kathy\/"}]}},"_links":{"self":[{"href":"https:\/\/www.cuballama.com\/noticias\/wp-json\/wp\/v2\/posts\/214153","targetHints":{"allow":["GET"]}}],"collection":[{"href":"https:\/\/www.cuballama.com\/noticias\/wp-json\/wp\/v2\/posts"}],"about":[{"href":"https:\/\/www.cuballama.com\/noticias\/wp-json\/wp\/v2\/types\/post"}],"author":[{"embeddable":true,"href":"https:\/\/www.cuballama.com\/noticias\/wp-json\/wp\/v2\/users\/30"}],"replies":[{"embeddable":true,"href":"https:\/\/www.cuballama.com\/noticias\/wp-json\/wp\/v2\/comments?post=214153"}],"version-history":[{"count":11,"href":"https:\/\/www.cuballama.com\/noticias\/wp-json\/wp\/v2\/posts\/214153\/revisions"}],"predecessor-version":[{"id":214377,"href":"https:\/\/www.cuballama.com\/noticias\/wp-json\/wp\/v2\/posts\/214153\/revisions\/214377"}],"wp:featuredmedia":[{"embeddable":true,"href":"https:\/\/www.cuballama.com\/noticias\/wp-json\/wp\/v2\/media\/214154"}],"wp:attachment":[{"href":"https:\/\/www.cuballama.com\/noticias\/wp-json\/wp\/v2\/media?parent=214153"}],"wp:term":[{"taxonomy":"category","embeddable":true,"href":"https:\/\/www.cuballama.com\/noticias\/wp-json\/wp\/v2\/categories?post=214153"},{"taxonomy":"post_tag","embeddable":true,"href":"https:\/\/www.cuballama.com\/noticias\/wp-json\/wp\/v2\/tags?post=214153"}],"curies":[{"name":"wp","href":"https:\/\/api.w.org\/{rel}","templated":true}]}}