{"id":213977,"date":"2025-07-21T12:57:52","date_gmt":"2025-07-21T16:57:52","guid":{"rendered":"https:\/\/www.cuballama.com\/noticias\/?p=213977"},"modified":"2025-07-22T23:49:09","modified_gmt":"2025-07-23T03:49:09","slug":"joven-cubana-es-hallada-muerta-en-camaguey-tras-dias-desaparecida","status":"publish","type":"post","link":"https:\/\/www.cuballama.com\/noticias\/joven-cubana-es-hallada-muerta-en-camaguey-tras-dias-desaparecida\/","title":{"rendered":"Joven cubana es hallada muerta en Camag\u00fcey tras d\u00edas desaparecida"},"content":{"rendered":"\n<p>Una joven cubana conocida como Roxi \u201cLa Yemayasita\u201d fue hallada muerta despu\u00e9s de pasar varios d\u00edas desaparecida en Camag\u00fcey, seg\u00fan report\u00f3 el usuario conocido como <em>La Tijera<\/em> en Facebook.<\/p>\n\n\n\n<p>Seg\u00fan fuentes cercanas citadas por <em>La Tijera<\/em>, Roxi habr\u00eda sido asesinada por su esposo, un hombre que no ten\u00eda antecedentes delictivos y que era considerado por vecinos como \u201cuna persona tranquila\u201d.<\/p>\n\n\n\n<p>\u201cYa esta situaci\u00f3n se ha convertido en rutina en este pa\u00eds\u201d, se\u00f1al\u00f3 preocupada una internauta sobre un tr\u00e1gico caso que ha vuelto a poner en el centro del debate la violencia machista en Cuba, as\u00ed como la falta de mecanismos para prevenirla y enfrentarla.&nbsp;<\/p>\n\n\n\n<iframe loading=\"lazy\" src=\"https:\/\/www.facebook.com\/plugins\/post.php?href=https%3A%2F%2Fwww.facebook.com%2FDeuntijeretazo%2Fposts%2Fpfbid02TcdS4VnZ7URK1zEuJtkVi2x3b16SdddcxSYwDs1MRw1pjSpsqiF4VtT1v4r9VYHAl&#038;show_text=true&#038;width=500\" width=\"500\" height=\"250\" style=\"border:none;overflow:hidden\" scrolling=\"no\" frameborder=\"0\" allowfullscreen=\"true\" allow=\"autoplay; clipboard-write; encrypted-media; picture-in-picture; web-share\"><\/iframe>\n\n\n\n<p>\u201cQu\u00e9 horror. Ya es un himno asesinar en este pa\u00eds. EPD. Qu\u00e9 tristeza\u201d; \u201cEPD. Descansa en paz, mi ni\u00f1a. Siempre estar\u00e1s en mi coraz\u00f3n\u201d; y \u201cRoxi, te vamos a extra\u00f1ar, tanto tus padres como tu amistades, mi vida. EPD. No hay palabras para un dolor tan grande para tus padres y tu hermana\u201d, comentaron en redes sociales algunas personas allegadas a la v\u00edctima.<\/p>\n\n\n\n<p>Hasta mediados de este mes de julio el Observatorio de G\u00e9nero Alas Tensas hab\u00eda confirmado 19 feminicidios en la isla en lo que va de 2025.<\/p>\n\n\n\n<iframe loading=\"lazy\" src=\"https:\/\/www.facebook.com\/plugins\/post.php?href=https%3A%2F%2Fwww.facebook.com%2FAlasTensasCuba%2Fposts%2Fpfbid08cbDebexN4qB4LYDAVWe5CkrtgvjyV8mBE4Lu4fEB4kYjE5uiczZaMj2azHtkF66l&#038;show_text=true&#038;width=500\" width=\"500\" height=\"756\" style=\"border:none;overflow:hidden\" scrolling=\"no\" frameborder=\"0\" allowfullscreen=\"true\" allow=\"autoplay; clipboard-write; encrypted-media; picture-in-picture; web-share\"><\/iframe>\n\n\n\n<p>Este mismo mes el Gobierno cubano confirm\u00f3 que sus tribunales identificaron un total de 76 mujeres asesinadas por sus parejas, exparejas u otras personas a lo largo de 2024, lo que ubica al pa\u00eds entre los tres con mayores tasas de feminicios, solo superado por Honduras y Rep\u00fablica Dominicana, precis\u00f3 la agencia <em>EFE<\/em>.<\/p>\n\n\n\n<p>La cifra representa una tasa de 1,79 por cada 100.000 mujeres, seg\u00fan la Oficina Nacional de Estad\u00edstica e Informaci\u00f3n.<\/p>\n\n\n\n<p>Los tribunales cubanos registraron 110 v\u00edctimas de cr\u00edmenes machistas en juicios en 2023.<\/p>\n\n\n\n<p>Por su parte, los registros de las plataformas Alas Tensas y Yo S\u00ed Te Creo cifraron en 54 los feminicidios verificados el a\u00f1o pasado.<\/p>\n","protected":false},"excerpt":{"rendered":"<p>La muchacha habr\u00eda sido asesinada por su pareja.<\/p>\n","protected":false},"author":30,"featured_media":213979,"comment_status":"open","ping_status":"closed","sticky":false,"template":"","format":"standard","meta":{"_acf_changed":false,"footnotes":""},"categories":[18,955],"tags":[23428,941,9701,4671,17069],"class_list":{"0":"post-213977","1":"post","2":"type-post","3":"status-publish","4":"format-standard","5":"has-post-thumbnail","7":"category-noticias","8":"category-noticias-de-cuba","9":"tag-crimen-en-cuba","10":"tag-destacado","11":"tag-feminicidio","12":"tag-joven-cubana","13":"tag-violencia-machista"},"acf":[],"yoast_head":"<!-- This site is optimized with the Yoast SEO plugin v27.5 - https:\/\/yoast.com\/product\/yoast-seo-wordpress\/ -->\n<title>Joven cubana es hallada muerta en Camag\u00fcey tras d\u00edas desaparecida - Cuballama Noticias<\/title>\n<meta name=\"description\" content=\"Una joven cubana conocida como Roxi \u201cLa Yemayasita\u201d fue hallada muerta tras pasar varios d\u00edas desaparecida.\" \/>\n<meta name=\"robots\" content=\"index, follow, max-snippet:-1, max-image-preview:large, max-video-preview:-1\" \/>\n<link rel=\"canonical\" href=\"https:\/\/www.cuballama.com\/noticias\/joven-cubana-es-hallada-muerta-en-camaguey-tras-dias-desaparecida\/\" \/>\n<meta property=\"og:locale\" content=\"es_ES\" \/>\n<meta property=\"og:type\" content=\"article\" \/>\n<meta property=\"og:title\" content=\"Joven cubana es hallada muerta en Camag\u00fcey tras d\u00edas desaparecida - Cuballama Noticias\" \/>\n<meta property=\"og:description\" content=\"Una joven cubana conocida como Roxi \u201cLa Yemayasita\u201d fue hallada muerta tras pasar varios d\u00edas desaparecida.\" \/>\n<meta property=\"og:url\" content=\"https:\/\/www.cuballama.com\/noticias\/joven-cubana-es-hallada-muerta-en-camaguey-tras-dias-desaparecida\/\" \/>\n<meta property=\"og:site_name\" content=\"Cuballama Noticias\" \/>\n<meta property=\"article:publisher\" content=\"https:\/\/www.facebook.com\/CubaLlama\" \/>\n<meta property=\"article:published_time\" content=\"2025-07-21T16:57:52+00:00\" \/>\n<meta property=\"article:modified_time\" content=\"2025-07-23T03:49:09+00:00\" \/>\n<meta property=\"og:image\" content=\"https:\/\/cdn1.mediawpaccore.net\/wp-content\/uploads\/2025\/07\/21123907\/519594617_1324697325919617_8533254669130592638_n-2.webp\" \/>\n\t<meta property=\"og:image:width\" content=\"1200\" \/>\n\t<meta property=\"og:image:height\" content=\"630\" \/>\n\t<meta property=\"og:image:type\" content=\"image\/webp\" \/>\n<meta name=\"author\" content=\"Kathy\" \/>\n<meta name=\"twitter:card\" content=\"summary_large_image\" \/>\n<meta name=\"twitter:creator\" content=\"@cuballama\" \/>\n<meta name=\"twitter:site\" content=\"@cuballama\" \/>\n<meta name=\"twitter:label1\" content=\"Escrito por\" \/>\n\t<meta name=\"twitter:data1\" content=\"Kathy\" \/>\n\t<meta name=\"twitter:label2\" content=\"Tiempo de lectura\" \/>\n\t<meta name=\"twitter:data2\" content=\"2 minutos\" \/>\n<script type=\"application\/ld+json\" class=\"yoast-schema-graph\">{\"@context\":\"https:\\\/\\\/schema.org\",\"@graph\":[{\"@type\":\"Article\",\"@id\":\"https:\\\/\\\/www.cuballama.com\\\/noticias\\\/joven-cubana-es-hallada-muerta-en-camaguey-tras-dias-desaparecida\\\/#article\",\"isPartOf\":{\"@id\":\"https:\\\/\\\/www.cuballama.com\\\/noticias\\\/joven-cubana-es-hallada-muerta-en-camaguey-tras-dias-desaparecida\\\/\"},\"author\":{\"name\":\"Kathy\",\"@id\":\"https:\\\/\\\/www.cuballama.com\\\/noticias\\\/#\\\/schema\\\/person\\\/86cd3e3f4974437f031211213bf892d5\"},\"headline\":\"Joven cubana es hallada muerta en Camag\u00fcey tras d\u00edas desaparecida\",\"datePublished\":\"2025-07-21T16:57:52+00:00\",\"dateModified\":\"2025-07-23T03:49:09+00:00\",\"mainEntityOfPage\":{\"@id\":\"https:\\\/\\\/www.cuballama.com\\\/noticias\\\/joven-cubana-es-hallada-muerta-en-camaguey-tras-dias-desaparecida\\\/\"},\"wordCount\":333,\"commentCount\":0,\"publisher\":{\"@id\":\"https:\\\/\\\/www.cuballama.com\\\/noticias\\\/#organization\"},\"image\":{\"@id\":\"https:\\\/\\\/www.cuballama.com\\\/noticias\\\/joven-cubana-es-hallada-muerta-en-camaguey-tras-dias-desaparecida\\\/#primaryimage\"},\"thumbnailUrl\":\"https:\\\/\\\/cdn1.mediawpaccore.net\\\/wp-content\\\/uploads\\\/2025\\\/07\\\/21123907\\\/519594617_1324697325919617_8533254669130592638_n-2.webp\",\"keywords\":[\"crimen en Cuba\",\"destacado\",\"feminicidio\",\"joven cubana\",\"Violencia Machista\"],\"articleSection\":[\"Noticias\",\"Noticias de Cuba\"],\"inLanguage\":\"es\",\"potentialAction\":[{\"@type\":\"CommentAction\",\"name\":\"Comment\",\"target\":[\"https:\\\/\\\/www.cuballama.com\\\/noticias\\\/joven-cubana-es-hallada-muerta-en-camaguey-tras-dias-desaparecida\\\/#respond\"]}]},{\"@type\":\"WebPage\",\"@id\":\"https:\\\/\\\/www.cuballama.com\\\/noticias\\\/joven-cubana-es-hallada-muerta-en-camaguey-tras-dias-desaparecida\\\/\",\"url\":\"https:\\\/\\\/www.cuballama.com\\\/noticias\\\/joven-cubana-es-hallada-muerta-en-camaguey-tras-dias-desaparecida\\\/\",\"name\":\"Joven cubana es hallada muerta en Camag\u00fcey tras d\u00edas desaparecida - Cuballama Noticias\",\"isPartOf\":{\"@id\":\"https:\\\/\\\/www.cuballama.com\\\/noticias\\\/#website\"},\"primaryImageOfPage\":{\"@id\":\"https:\\\/\\\/www.cuballama.com\\\/noticias\\\/joven-cubana-es-hallada-muerta-en-camaguey-tras-dias-desaparecida\\\/#primaryimage\"},\"image\":{\"@id\":\"https:\\\/\\\/www.cuballama.com\\\/noticias\\\/joven-cubana-es-hallada-muerta-en-camaguey-tras-dias-desaparecida\\\/#primaryimage\"},\"thumbnailUrl\":\"https:\\\/\\\/cdn1.mediawpaccore.net\\\/wp-content\\\/uploads\\\/2025\\\/07\\\/21123907\\\/519594617_1324697325919617_8533254669130592638_n-2.webp\",\"datePublished\":\"2025-07-21T16:57:52+00:00\",\"dateModified\":\"2025-07-23T03:49:09+00:00\",\"description\":\"Una joven cubana conocida como Roxi \u201cLa Yemayasita\u201d fue hallada muerta tras pasar varios d\u00edas desaparecida.\",\"breadcrumb\":{\"@id\":\"https:\\\/\\\/www.cuballama.com\\\/noticias\\\/joven-cubana-es-hallada-muerta-en-camaguey-tras-dias-desaparecida\\\/#breadcrumb\"},\"inLanguage\":\"es\",\"potentialAction\":[{\"@type\":\"ReadAction\",\"target\":[\"https:\\\/\\\/www.cuballama.com\\\/noticias\\\/joven-cubana-es-hallada-muerta-en-camaguey-tras-dias-desaparecida\\\/\"]}]},{\"@type\":\"ImageObject\",\"inLanguage\":\"es\",\"@id\":\"https:\\\/\\\/www.cuballama.com\\\/noticias\\\/joven-cubana-es-hallada-muerta-en-camaguey-tras-dias-desaparecida\\\/#primaryimage\",\"url\":\"https:\\\/\\\/cdn1.mediawpaccore.net\\\/wp-content\\\/uploads\\\/2025\\\/07\\\/21123907\\\/519594617_1324697325919617_8533254669130592638_n-2.webp\",\"contentUrl\":\"https:\\\/\\\/cdn1.mediawpaccore.net\\\/wp-content\\\/uploads\\\/2025\\\/07\\\/21123907\\\/519594617_1324697325919617_8533254669130592638_n-2.webp\",\"width\":1200,\"height\":630,\"caption\":\"Cubana asesinada en Camag\u00fcey. Foto: Facebook\\\/La Tijera.\"},{\"@type\":\"BreadcrumbList\",\"@id\":\"https:\\\/\\\/www.cuballama.com\\\/noticias\\\/joven-cubana-es-hallada-muerta-en-camaguey-tras-dias-desaparecida\\\/#breadcrumb\",\"itemListElement\":[{\"@type\":\"ListItem\",\"position\":1,\"name\":\"Home\",\"item\":\"https:\\\/\\\/www.cuballama.com\\\/noticias\\\/\"},{\"@type\":\"ListItem\",\"position\":2,\"name\":\"Joven cubana es hallada muerta en Camag\u00fcey tras d\u00edas desaparecida\"}]},{\"@type\":\"WebSite\",\"@id\":\"https:\\\/\\\/www.cuballama.com\\\/noticias\\\/#website\",\"url\":\"https:\\\/\\\/www.cuballama.com\\\/noticias\\\/\",\"name\":\"Cuballama Noticias\",\"description\":\"Medio digital sobre Cuba y el mundo\",\"publisher\":{\"@id\":\"https:\\\/\\\/www.cuballama.com\\\/noticias\\\/#organization\"},\"potentialAction\":[{\"@type\":\"SearchAction\",\"target\":{\"@type\":\"EntryPoint\",\"urlTemplate\":\"https:\\\/\\\/www.cuballama.com\\\/noticias\\\/?s={search_term_string}\"},\"query-input\":{\"@type\":\"PropertyValueSpecification\",\"valueRequired\":true,\"valueName\":\"search_term_string\"}}],\"inLanguage\":\"es\"},{\"@type\":\"Organization\",\"@id\":\"https:\\\/\\\/www.cuballama.com\\\/noticias\\\/#organization\",\"name\":\"Cuballama\",\"url\":\"https:\\\/\\\/www.cuballama.com\\\/noticias\\\/\",\"logo\":{\"@type\":\"ImageObject\",\"inLanguage\":\"es\",\"@id\":\"https:\\\/\\\/www.cuballama.com\\\/noticias\\\/#\\\/schema\\\/logo\\\/image\\\/\",\"url\":\"https:\\\/\\\/cdn1.mediawpaccore.net\\\/wp-content\\\/uploads\\\/2021\\\/12\\\/28171206\\\/cbll-logo-color-sm.png\",\"contentUrl\":\"https:\\\/\\\/cdn1.mediawpaccore.net\\\/wp-content\\\/uploads\\\/2021\\\/12\\\/28171206\\\/cbll-logo-color-sm.png\",\"width\":600,\"height\":133,\"caption\":\"Cuballama\"},\"image\":{\"@id\":\"https:\\\/\\\/www.cuballama.com\\\/noticias\\\/#\\\/schema\\\/logo\\\/image\\\/\"},\"sameAs\":[\"https:\\\/\\\/www.facebook.com\\\/CubaLlama\",\"https:\\\/\\\/x.com\\\/cuballama\",\"https:\\\/\\\/www.instagram.com\\\/stories\\\/cuballama_oficial\\\/\",\"https:\\\/\\\/www.youtube.com\\\/channel\\\/UCKkFE-d_axENGZcrc4as0IA\"]},{\"@type\":\"Person\",\"@id\":\"https:\\\/\\\/www.cuballama.com\\\/noticias\\\/#\\\/schema\\\/person\\\/86cd3e3f4974437f031211213bf892d5\",\"name\":\"Kathy\",\"url\":\"https:\\\/\\\/www.cuballama.com\\\/noticias\\\/author\\\/kathy\\\/\"}]}<\/script>\n<!-- \/ Yoast SEO plugin. -->","yoast_head_json":{"title":"Joven cubana es hallada muerta en Camag\u00fcey tras d\u00edas desaparecida - Cuballama Noticias","description":"Una joven cubana conocida como Roxi \u201cLa Yemayasita\u201d fue hallada muerta tras pasar varios d\u00edas desaparecida.","robots":{"index":"index","follow":"follow","max-snippet":"max-snippet:-1","max-image-preview":"max-image-preview:large","max-video-preview":"max-video-preview:-1"},"canonical":"https:\/\/www.cuballama.com\/noticias\/joven-cubana-es-hallada-muerta-en-camaguey-tras-dias-desaparecida\/","og_locale":"es_ES","og_type":"article","og_title":"Joven cubana es hallada muerta en Camag\u00fcey tras d\u00edas desaparecida - Cuballama Noticias","og_description":"Una joven cubana conocida como Roxi \u201cLa Yemayasita\u201d fue hallada muerta tras pasar varios d\u00edas desaparecida.","og_url":"https:\/\/www.cuballama.com\/noticias\/joven-cubana-es-hallada-muerta-en-camaguey-tras-dias-desaparecida\/","og_site_name":"Cuballama Noticias","article_publisher":"https:\/\/www.facebook.com\/CubaLlama","article_published_time":"2025-07-21T16:57:52+00:00","article_modified_time":"2025-07-23T03:49:09+00:00","og_image":[{"width":1200,"height":630,"url":"https:\/\/cdn1.mediawpaccore.net\/wp-content\/uploads\/2025\/07\/21123907\/519594617_1324697325919617_8533254669130592638_n-2.webp","type":"image\/webp"}],"author":"Kathy","twitter_card":"summary_large_image","twitter_creator":"@cuballama","twitter_site":"@cuballama","twitter_misc":{"Escrito por":"Kathy","Tiempo de lectura":"2 minutos"},"schema":{"@context":"https:\/\/schema.org","@graph":[{"@type":"Article","@id":"https:\/\/www.cuballama.com\/noticias\/joven-cubana-es-hallada-muerta-en-camaguey-tras-dias-desaparecida\/#article","isPartOf":{"@id":"https:\/\/www.cuballama.com\/noticias\/joven-cubana-es-hallada-muerta-en-camaguey-tras-dias-desaparecida\/"},"author":{"name":"Kathy","@id":"https:\/\/www.cuballama.com\/noticias\/#\/schema\/person\/86cd3e3f4974437f031211213bf892d5"},"headline":"Joven cubana es hallada muerta en Camag\u00fcey tras d\u00edas desaparecida","datePublished":"2025-07-21T16:57:52+00:00","dateModified":"2025-07-23T03:49:09+00:00","mainEntityOfPage":{"@id":"https:\/\/www.cuballama.com\/noticias\/joven-cubana-es-hallada-muerta-en-camaguey-tras-dias-desaparecida\/"},"wordCount":333,"commentCount":0,"publisher":{"@id":"https:\/\/www.cuballama.com\/noticias\/#organization"},"image":{"@id":"https:\/\/www.cuballama.com\/noticias\/joven-cubana-es-hallada-muerta-en-camaguey-tras-dias-desaparecida\/#primaryimage"},"thumbnailUrl":"https:\/\/cdn1.mediawpaccore.net\/wp-content\/uploads\/2025\/07\/21123907\/519594617_1324697325919617_8533254669130592638_n-2.webp","keywords":["crimen en Cuba","destacado","feminicidio","joven cubana","Violencia Machista"],"articleSection":["Noticias","Noticias de Cuba"],"inLanguage":"es","potentialAction":[{"@type":"CommentAction","name":"Comment","target":["https:\/\/www.cuballama.com\/noticias\/joven-cubana-es-hallada-muerta-en-camaguey-tras-dias-desaparecida\/#respond"]}]},{"@type":"WebPage","@id":"https:\/\/www.cuballama.com\/noticias\/joven-cubana-es-hallada-muerta-en-camaguey-tras-dias-desaparecida\/","url":"https:\/\/www.cuballama.com\/noticias\/joven-cubana-es-hallada-muerta-en-camaguey-tras-dias-desaparecida\/","name":"Joven cubana es hallada muerta en Camag\u00fcey tras d\u00edas desaparecida - Cuballama Noticias","isPartOf":{"@id":"https:\/\/www.cuballama.com\/noticias\/#website"},"primaryImageOfPage":{"@id":"https:\/\/www.cuballama.com\/noticias\/joven-cubana-es-hallada-muerta-en-camaguey-tras-dias-desaparecida\/#primaryimage"},"image":{"@id":"https:\/\/www.cuballama.com\/noticias\/joven-cubana-es-hallada-muerta-en-camaguey-tras-dias-desaparecida\/#primaryimage"},"thumbnailUrl":"https:\/\/cdn1.mediawpaccore.net\/wp-content\/uploads\/2025\/07\/21123907\/519594617_1324697325919617_8533254669130592638_n-2.webp","datePublished":"2025-07-21T16:57:52+00:00","dateModified":"2025-07-23T03:49:09+00:00","description":"Una joven cubana conocida como Roxi \u201cLa Yemayasita\u201d fue hallada muerta tras pasar varios d\u00edas desaparecida.","breadcrumb":{"@id":"https:\/\/www.cuballama.com\/noticias\/joven-cubana-es-hallada-muerta-en-camaguey-tras-dias-desaparecida\/#breadcrumb"},"inLanguage":"es","potentialAction":[{"@type":"ReadAction","target":["https:\/\/www.cuballama.com\/noticias\/joven-cubana-es-hallada-muerta-en-camaguey-tras-dias-desaparecida\/"]}]},{"@type":"ImageObject","inLanguage":"es","@id":"https:\/\/www.cuballama.com\/noticias\/joven-cubana-es-hallada-muerta-en-camaguey-tras-dias-desaparecida\/#primaryimage","url":"https:\/\/cdn1.mediawpaccore.net\/wp-content\/uploads\/2025\/07\/21123907\/519594617_1324697325919617_8533254669130592638_n-2.webp","contentUrl":"https:\/\/cdn1.mediawpaccore.net\/wp-content\/uploads\/2025\/07\/21123907\/519594617_1324697325919617_8533254669130592638_n-2.webp","width":1200,"height":630,"caption":"Cubana asesinada en Camag\u00fcey. Foto: Facebook\/La Tijera."},{"@type":"BreadcrumbList","@id":"https:\/\/www.cuballama.com\/noticias\/joven-cubana-es-hallada-muerta-en-camaguey-tras-dias-desaparecida\/#breadcrumb","itemListElement":[{"@type":"ListItem","position":1,"name":"Home","item":"https:\/\/www.cuballama.com\/noticias\/"},{"@type":"ListItem","position":2,"name":"Joven cubana es hallada muerta en Camag\u00fcey tras d\u00edas desaparecida"}]},{"@type":"WebSite","@id":"https:\/\/www.cuballama.com\/noticias\/#website","url":"https:\/\/www.cuballama.com\/noticias\/","name":"Cuballama Noticias","description":"Medio digital sobre Cuba y el mundo","publisher":{"@id":"https:\/\/www.cuballama.com\/noticias\/#organization"},"potentialAction":[{"@type":"SearchAction","target":{"@type":"EntryPoint","urlTemplate":"https:\/\/www.cuballama.com\/noticias\/?s={search_term_string}"},"query-input":{"@type":"PropertyValueSpecification","valueRequired":true,"valueName":"search_term_string"}}],"inLanguage":"es"},{"@type":"Organization","@id":"https:\/\/www.cuballama.com\/noticias\/#organization","name":"Cuballama","url":"https:\/\/www.cuballama.com\/noticias\/","logo":{"@type":"ImageObject","inLanguage":"es","@id":"https:\/\/www.cuballama.com\/noticias\/#\/schema\/logo\/image\/","url":"https:\/\/cdn1.mediawpaccore.net\/wp-content\/uploads\/2021\/12\/28171206\/cbll-logo-color-sm.png","contentUrl":"https:\/\/cdn1.mediawpaccore.net\/wp-content\/uploads\/2021\/12\/28171206\/cbll-logo-color-sm.png","width":600,"height":133,"caption":"Cuballama"},"image":{"@id":"https:\/\/www.cuballama.com\/noticias\/#\/schema\/logo\/image\/"},"sameAs":["https:\/\/www.facebook.com\/CubaLlama","https:\/\/x.com\/cuballama","https:\/\/www.instagram.com\/stories\/cuballama_oficial\/","https:\/\/www.youtube.com\/channel\/UCKkFE-d_axENGZcrc4as0IA"]},{"@type":"Person","@id":"https:\/\/www.cuballama.com\/noticias\/#\/schema\/person\/86cd3e3f4974437f031211213bf892d5","name":"Kathy","url":"https:\/\/www.cuballama.com\/noticias\/author\/kathy\/"}]}},"_links":{"self":[{"href":"https:\/\/www.cuballama.com\/noticias\/wp-json\/wp\/v2\/posts\/213977","targetHints":{"allow":["GET"]}}],"collection":[{"href":"https:\/\/www.cuballama.com\/noticias\/wp-json\/wp\/v2\/posts"}],"about":[{"href":"https:\/\/www.cuballama.com\/noticias\/wp-json\/wp\/v2\/types\/post"}],"author":[{"embeddable":true,"href":"https:\/\/www.cuballama.com\/noticias\/wp-json\/wp\/v2\/users\/30"}],"replies":[{"embeddable":true,"href":"https:\/\/www.cuballama.com\/noticias\/wp-json\/wp\/v2\/comments?post=213977"}],"version-history":[{"count":9,"href":"https:\/\/www.cuballama.com\/noticias\/wp-json\/wp\/v2\/posts\/213977\/revisions"}],"predecessor-version":[{"id":214171,"href":"https:\/\/www.cuballama.com\/noticias\/wp-json\/wp\/v2\/posts\/213977\/revisions\/214171"}],"wp:featuredmedia":[{"embeddable":true,"href":"https:\/\/www.cuballama.com\/noticias\/wp-json\/wp\/v2\/media\/213979"}],"wp:attachment":[{"href":"https:\/\/www.cuballama.com\/noticias\/wp-json\/wp\/v2\/media?parent=213977"}],"wp:term":[{"taxonomy":"category","embeddable":true,"href":"https:\/\/www.cuballama.com\/noticias\/wp-json\/wp\/v2\/categories?post=213977"},{"taxonomy":"post_tag","embeddable":true,"href":"https:\/\/www.cuballama.com\/noticias\/wp-json\/wp\/v2\/tags?post=213977"}],"curies":[{"name":"wp","href":"https:\/\/api.w.org\/{rel}","templated":true}]}}