{"id":213943,"date":"2025-07-21T14:51:57","date_gmt":"2025-07-21T18:51:57","guid":{"rendered":"https:\/\/www.cuballama.com\/noticias\/?p=213943"},"modified":"2025-07-21T14:52:00","modified_gmt":"2025-07-21T18:52:00","slug":"fuente-exclusiva-confirma-ruptura-de-ana-de-armas-con-hijastro-de-canel-ademas-afirma-que-con-tom-cruise","status":"publish","type":"post","link":"https:\/\/www.cuballama.com\/noticias\/fuente-exclusiva-confirma-ruptura-de-ana-de-armas-con-hijastro-de-canel-ademas-afirma-que-con-tom-cruise\/","title":{"rendered":"\u00abFuente exclusiva\u00bb confirma ruptura de Ana de Armas con hijastro de Canel. Adem\u00e1s, afirma que con Tom Cruise&#8230;"},"content":{"rendered":"\n<p><em>Nananina jab\u00f3n candado con Tom Cruise.<\/em> Esa es la frase que resume el sentimiento \u2014al menos oficial\u2014 que envuelve la relaci\u00f3n entre la actriz cubana Ana de Armas y el astro de Hollywood Tom Cruise. Porque s\u00ed, hay fotos en yates, caminatas en Londres, cumplea\u00f1os compartidos y hasta una conexi\u00f3n profesional intensa que los tendr\u00e1 filmando juntos una pel\u00edcula de alto voltaje. Pero no, seg\u00fan fuentes cercanas a ambos, no hay romance. Por ahora.<\/p>\n\n\n\n<p>Lo que s\u00ed es un hecho es la ruptura de Ana con Manuel Anido Cuesta, hijastro del presidente cubano Miguel D\u00edaz-Canel. Ocho meses despu\u00e9s de que se hicieran virales las fotos de ambos bes\u00e1ndose en Madrid, y luego de ser vistos juntos por \u00faltima vez en diciembre, una fuente cercana a la actriz<strong> confirm\u00f3 a<a href=\"https:\/\/people.com\/ana-de-armas-single-focused-on-tom-cruise-movie-exclusive-source-11775292\" target=\"_blank\" rel=\"noreferrer noopener nofollow\"> <em>People<\/em><\/a> que la relaci\u00f3n lleg\u00f3 a su fin<\/strong>. Y sin declaraciones oficiales, la distancia en el tiempo ha hecho lo suyo.<\/p>\n\n\n\n<p>En cambio, el presente de Ana est\u00e1 marcado por ensayos, entrenamientos y viajes compartidos con Tom Cruise, en preparaci\u00f3n para <em>Deeper<\/em>, un thriller dirigido por Doug Liman que los unir\u00e1 por primera vez en pantalla y cuyo rodaje arranca en agosto. Desde febrero, la dupla ha sido vista en cenas con agentes, <a href=\"https:\/\/people.com\/tom-cruise-ana-de-armas-spain-boat-photos-11773267\" target=\"_blank\" rel=\"noreferrer noopener nofollow\">en yates cerca de Menorca<\/a>, en cumplea\u00f1os c\u00e9lebres como el de David Beckham e incluso paseando en el parque por el aniversario 37 de la actriz. Pero a pesar de la cercan\u00eda visible, todas las fuentes insisten: es una relaci\u00f3n de trabajo.<\/p>\n\n\n\n<p>\u201cAna tiene todo el respeto del mundo por Tom. Lo considera un mentor, un modelo de disciplina. Est\u00e1 emocionada por esta oportunidad, lo llama el proyecto de su vida\u201d, <a href=\"https:\/\/people.com\/ana-de-armas-considers-tom-cruise-incredible-mentor-exclusive-11775174\" target=\"_blank\" rel=\"noreferrer noopener nofollow\">dijo alguien del entorno de la cubana<\/a>. Y Cruise, por su parte, no se queda atr\u00e1s en elogios. \u201cTiene un talento incre\u00edble, un rango dram\u00e1tico y c\u00f3mico tremendo. Aprendi\u00f3 r\u00e1pido. Es una gran actriz\u201d, declar\u00f3 recientemente durante la gira promocional de <em>Mission: Impossible \u2013 The Final Reckoning<\/em>.<\/p>\n\n\n\n<p>No es la primera vez que Ana de Armas ve su vida sentimental entremezclada con su carrera. De Paul Boukadakis a Ben Affleck, sus relaciones han sido seguidas con lupa, y su imagen proyecta una mezcla de carisma medi\u00e1tico y misterio controlado. Ahora, libre y enfocada, est\u00e1 lista para sumergirse \u2014literalmente\u2014 en el mundo de <em>Deeper<\/em>, un thriller oce\u00e1nico con escenas extremas, c\u00e1maras submarinas y, quiz\u00e1s, m\u00e1s de una chispa.<\/p>\n\n\n\n<p>Porque si bien las fuentes insisten en que no hay romance con Cruise, las im\u00e1genes hablan de una complicidad poco com\u00fan. Y como bien dice el dicho, el fuego no siempre empieza con una chispa\u2026 pero s\u00ed con un roce. Y ya llevan meses compartiendo olas, sets y sonrisas.<\/p>\n\n\n\n<p>\u00bfY si, como dec\u00edan nuestras abuelas, <em>el roce hace el cari\u00f1o?<\/em><\/p>\n\n\n\n<p><strong>noticia relacionada:<a href=\"https:\/\/www.cuballama.com\/noticias\/nuevas-fotos-paparazzi-capta-a-ana-de-armas-y-tom-cruise-en-romantico-velero-por-menorca\/\"> \u00a1Nuevas fotos! Paparazzi capta a Ana de Armas y Tom Cruise en rom\u00e1ntico velero por Menorca<\/a><\/strong><br><br><\/p>\n","protected":false},"excerpt":{"rendered":"<p>si bien las fuentes insisten en que no hay romance con Cruise, las im\u00e1genes hablan de una complicidad poco com\u00fan. Y como bien dice el dicho, el fuego no siempre empieza con una chispa\u2026 pero s\u00ed con un roce. Y ya llevan meses compartiendo olas, sets y sonrisas.<\/p>\n","protected":false},"author":13,"featured_media":206246,"comment_status":"open","ping_status":"closed","sticky":false,"template":"","format":"standard","meta":{"_acf_changed":false,"footnotes":""},"categories":[443],"tags":[1000,1568,446,2640,13225],"class_list":{"0":"post-213943","1":"post","2":"type-post","3":"status-publish","4":"format-standard","5":"has-post-thumbnail","7":"category-farandula","8":"tag-ana-de-armas","9":"tag-celebridades","10":"tag-famosos","11":"tag-parejas","12":"tag-tom-cruise"},"acf":[],"yoast_head":"<!-- This site is optimized with the Yoast SEO plugin v27.5 - https:\/\/yoast.com\/product\/yoast-seo-wordpress\/ -->\n<title>&quot;Fuente exclusiva&quot; confirma ruptura de Ana de Armas con hijastro de Canel. Adem\u00e1s, afirma que con Tom Cruise... - Cuballama Noticias<\/title>\n<meta name=\"description\" content=\"Como bien dice el dicho, el fuego no siempre empieza con una chispa\u2026 pero s\u00ed con un roce. Y Ana de Armas y Tom Cruise llevan rato en eso\" \/>\n<meta name=\"robots\" content=\"index, follow, max-snippet:-1, max-image-preview:large, max-video-preview:-1\" \/>\n<link rel=\"canonical\" href=\"https:\/\/www.cuballama.com\/noticias\/fuente-exclusiva-confirma-ruptura-de-ana-de-armas-con-hijastro-de-canel-ademas-afirma-que-con-tom-cruise\/\" \/>\n<meta property=\"og:locale\" content=\"es_ES\" \/>\n<meta property=\"og:type\" content=\"article\" \/>\n<meta property=\"og:title\" content=\"&quot;Fuente exclusiva&quot; confirma ruptura de Ana de Armas con hijastro de Canel. Adem\u00e1s, afirma que con Tom Cruise... - Cuballama Noticias\" \/>\n<meta property=\"og:description\" content=\"Como bien dice el dicho, el fuego no siempre empieza con una chispa\u2026 pero s\u00ed con un roce. Y Ana de Armas y Tom Cruise llevan rato en eso\" \/>\n<meta property=\"og:url\" content=\"https:\/\/www.cuballama.com\/noticias\/fuente-exclusiva-confirma-ruptura-de-ana-de-armas-con-hijastro-de-canel-ademas-afirma-que-con-tom-cruise\/\" \/>\n<meta property=\"og:site_name\" content=\"Cuballama Noticias\" \/>\n<meta property=\"article:publisher\" content=\"https:\/\/www.facebook.com\/CubaLlama\" \/>\n<meta property=\"article:published_time\" content=\"2025-07-21T18:51:57+00:00\" \/>\n<meta property=\"article:modified_time\" content=\"2025-07-21T18:52:00+00:00\" \/>\n<meta property=\"og:image\" content=\"https:\/\/cdn1.mediawpaccore.net\/wp-content\/uploads\/2025\/05\/02044832\/xxxxxccccccccddd44-1024x576.png\" \/>\n\t<meta property=\"og:image:width\" content=\"1024\" \/>\n\t<meta property=\"og:image:height\" content=\"576\" \/>\n\t<meta property=\"og:image:type\" content=\"image\/png\" \/>\n<meta name=\"author\" content=\"Roberto A.\" \/>\n<meta name=\"twitter:card\" content=\"summary_large_image\" \/>\n<meta name=\"twitter:creator\" content=\"@cuballama\" \/>\n<meta name=\"twitter:site\" content=\"@cuballama\" \/>\n<meta name=\"twitter:label1\" content=\"Escrito por\" \/>\n\t<meta name=\"twitter:data1\" content=\"Roberto A.\" \/>\n\t<meta name=\"twitter:label2\" content=\"Tiempo de lectura\" \/>\n\t<meta name=\"twitter:data2\" content=\"3 minutos\" \/>\n<script type=\"application\/ld+json\" class=\"yoast-schema-graph\">{\"@context\":\"https:\\\/\\\/schema.org\",\"@graph\":[{\"@type\":\"Article\",\"@id\":\"https:\\\/\\\/www.cuballama.com\\\/noticias\\\/fuente-exclusiva-confirma-ruptura-de-ana-de-armas-con-hijastro-de-canel-ademas-afirma-que-con-tom-cruise\\\/#article\",\"isPartOf\":{\"@id\":\"https:\\\/\\\/www.cuballama.com\\\/noticias\\\/fuente-exclusiva-confirma-ruptura-de-ana-de-armas-con-hijastro-de-canel-ademas-afirma-que-con-tom-cruise\\\/\"},\"author\":{\"name\":\"Roberto A.\",\"@id\":\"https:\\\/\\\/www.cuballama.com\\\/noticias\\\/#\\\/schema\\\/person\\\/a58502ed4146c8e9f83872e897c76cd2\"},\"headline\":\"\u00abFuente exclusiva\u00bb confirma ruptura de Ana de Armas con hijastro de Canel. Adem\u00e1s, afirma que con Tom Cruise&#8230;\",\"datePublished\":\"2025-07-21T18:51:57+00:00\",\"dateModified\":\"2025-07-21T18:52:00+00:00\",\"mainEntityOfPage\":{\"@id\":\"https:\\\/\\\/www.cuballama.com\\\/noticias\\\/fuente-exclusiva-confirma-ruptura-de-ana-de-armas-con-hijastro-de-canel-ademas-afirma-que-con-tom-cruise\\\/\"},\"wordCount\":515,\"commentCount\":0,\"publisher\":{\"@id\":\"https:\\\/\\\/www.cuballama.com\\\/noticias\\\/#organization\"},\"image\":{\"@id\":\"https:\\\/\\\/www.cuballama.com\\\/noticias\\\/fuente-exclusiva-confirma-ruptura-de-ana-de-armas-con-hijastro-de-canel-ademas-afirma-que-con-tom-cruise\\\/#primaryimage\"},\"thumbnailUrl\":\"https:\\\/\\\/cdn1.mediawpaccore.net\\\/wp-content\\\/uploads\\\/2025\\\/05\\\/02044832\\\/xxxxxccccccccddd44.png\",\"keywords\":[\"Ana de Armas\",\"celebridades\",\"Famosos\",\"Parejas\",\"Tom Cruise\"],\"articleSection\":[\"Far\u00e1ndula\"],\"inLanguage\":\"es\",\"potentialAction\":[{\"@type\":\"CommentAction\",\"name\":\"Comment\",\"target\":[\"https:\\\/\\\/www.cuballama.com\\\/noticias\\\/fuente-exclusiva-confirma-ruptura-de-ana-de-armas-con-hijastro-de-canel-ademas-afirma-que-con-tom-cruise\\\/#respond\"]}]},{\"@type\":\"WebPage\",\"@id\":\"https:\\\/\\\/www.cuballama.com\\\/noticias\\\/fuente-exclusiva-confirma-ruptura-de-ana-de-armas-con-hijastro-de-canel-ademas-afirma-que-con-tom-cruise\\\/\",\"url\":\"https:\\\/\\\/www.cuballama.com\\\/noticias\\\/fuente-exclusiva-confirma-ruptura-de-ana-de-armas-con-hijastro-de-canel-ademas-afirma-que-con-tom-cruise\\\/\",\"name\":\"\\\"Fuente exclusiva\\\" confirma ruptura de Ana de Armas con hijastro de Canel. Adem\u00e1s, afirma que con Tom Cruise... - Cuballama Noticias\",\"isPartOf\":{\"@id\":\"https:\\\/\\\/www.cuballama.com\\\/noticias\\\/#website\"},\"primaryImageOfPage\":{\"@id\":\"https:\\\/\\\/www.cuballama.com\\\/noticias\\\/fuente-exclusiva-confirma-ruptura-de-ana-de-armas-con-hijastro-de-canel-ademas-afirma-que-con-tom-cruise\\\/#primaryimage\"},\"image\":{\"@id\":\"https:\\\/\\\/www.cuballama.com\\\/noticias\\\/fuente-exclusiva-confirma-ruptura-de-ana-de-armas-con-hijastro-de-canel-ademas-afirma-que-con-tom-cruise\\\/#primaryimage\"},\"thumbnailUrl\":\"https:\\\/\\\/cdn1.mediawpaccore.net\\\/wp-content\\\/uploads\\\/2025\\\/05\\\/02044832\\\/xxxxxccccccccddd44.png\",\"datePublished\":\"2025-07-21T18:51:57+00:00\",\"dateModified\":\"2025-07-21T18:52:00+00:00\",\"description\":\"Como bien dice el dicho, el fuego no siempre empieza con una chispa\u2026 pero s\u00ed con un roce. Y Ana de Armas y Tom Cruise llevan rato en eso\",\"breadcrumb\":{\"@id\":\"https:\\\/\\\/www.cuballama.com\\\/noticias\\\/fuente-exclusiva-confirma-ruptura-de-ana-de-armas-con-hijastro-de-canel-ademas-afirma-que-con-tom-cruise\\\/#breadcrumb\"},\"inLanguage\":\"es\",\"potentialAction\":[{\"@type\":\"ReadAction\",\"target\":[\"https:\\\/\\\/www.cuballama.com\\\/noticias\\\/fuente-exclusiva-confirma-ruptura-de-ana-de-armas-con-hijastro-de-canel-ademas-afirma-que-con-tom-cruise\\\/\"]}]},{\"@type\":\"ImageObject\",\"inLanguage\":\"es\",\"@id\":\"https:\\\/\\\/www.cuballama.com\\\/noticias\\\/fuente-exclusiva-confirma-ruptura-de-ana-de-armas-con-hijastro-de-canel-ademas-afirma-que-con-tom-cruise\\\/#primaryimage\",\"url\":\"https:\\\/\\\/cdn1.mediawpaccore.net\\\/wp-content\\\/uploads\\\/2025\\\/05\\\/02044832\\\/xxxxxccccccccddd44.png\",\"contentUrl\":\"https:\\\/\\\/cdn1.mediawpaccore.net\\\/wp-content\\\/uploads\\\/2025\\\/05\\\/02044832\\\/xxxxxccccccccddd44.png\",\"width\":1920,\"height\":1080,\"caption\":\"Foto tomada por Gage Skidmore, CC BY-SA 3.0 , via Wikimedia Commons y del perfil de Instagram de Ana de Armas\"},{\"@type\":\"BreadcrumbList\",\"@id\":\"https:\\\/\\\/www.cuballama.com\\\/noticias\\\/fuente-exclusiva-confirma-ruptura-de-ana-de-armas-con-hijastro-de-canel-ademas-afirma-que-con-tom-cruise\\\/#breadcrumb\",\"itemListElement\":[{\"@type\":\"ListItem\",\"position\":1,\"name\":\"Home\",\"item\":\"https:\\\/\\\/www.cuballama.com\\\/noticias\\\/\"},{\"@type\":\"ListItem\",\"position\":2,\"name\":\"\u00abFuente exclusiva\u00bb confirma ruptura de Ana de Armas con hijastro de Canel. Adem\u00e1s, afirma que con Tom Cruise&#8230;\"}]},{\"@type\":\"WebSite\",\"@id\":\"https:\\\/\\\/www.cuballama.com\\\/noticias\\\/#website\",\"url\":\"https:\\\/\\\/www.cuballama.com\\\/noticias\\\/\",\"name\":\"Cuballama Noticias\",\"description\":\"Medio digital sobre Cuba y el mundo\",\"publisher\":{\"@id\":\"https:\\\/\\\/www.cuballama.com\\\/noticias\\\/#organization\"},\"potentialAction\":[{\"@type\":\"SearchAction\",\"target\":{\"@type\":\"EntryPoint\",\"urlTemplate\":\"https:\\\/\\\/www.cuballama.com\\\/noticias\\\/?s={search_term_string}\"},\"query-input\":{\"@type\":\"PropertyValueSpecification\",\"valueRequired\":true,\"valueName\":\"search_term_string\"}}],\"inLanguage\":\"es\"},{\"@type\":\"Organization\",\"@id\":\"https:\\\/\\\/www.cuballama.com\\\/noticias\\\/#organization\",\"name\":\"Cuballama\",\"url\":\"https:\\\/\\\/www.cuballama.com\\\/noticias\\\/\",\"logo\":{\"@type\":\"ImageObject\",\"inLanguage\":\"es\",\"@id\":\"https:\\\/\\\/www.cuballama.com\\\/noticias\\\/#\\\/schema\\\/logo\\\/image\\\/\",\"url\":\"https:\\\/\\\/cdn1.mediawpaccore.net\\\/wp-content\\\/uploads\\\/2021\\\/12\\\/28171206\\\/cbll-logo-color-sm.png\",\"contentUrl\":\"https:\\\/\\\/cdn1.mediawpaccore.net\\\/wp-content\\\/uploads\\\/2021\\\/12\\\/28171206\\\/cbll-logo-color-sm.png\",\"width\":600,\"height\":133,\"caption\":\"Cuballama\"},\"image\":{\"@id\":\"https:\\\/\\\/www.cuballama.com\\\/noticias\\\/#\\\/schema\\\/logo\\\/image\\\/\"},\"sameAs\":[\"https:\\\/\\\/www.facebook.com\\\/CubaLlama\",\"https:\\\/\\\/x.com\\\/cuballama\",\"https:\\\/\\\/www.instagram.com\\\/stories\\\/cuballama_oficial\\\/\",\"https:\\\/\\\/www.youtube.com\\\/channel\\\/UCKkFE-d_axENGZcrc4as0IA\"]},{\"@type\":\"Person\",\"@id\":\"https:\\\/\\\/www.cuballama.com\\\/noticias\\\/#\\\/schema\\\/person\\\/a58502ed4146c8e9f83872e897c76cd2\",\"name\":\"Roberto A.\",\"description\":\"Roberto A. Periodista por decisi\u00f3n propia. Interesado en cualquier tema que me apasione y cada vez m\u00e1s comprometido con la verdad y la objetividad period\u00edstica. Graduado en La Habana hace ya muchos a\u00f1os, luego de una accidentada y polvorienta b\u00fasqueda de informaci\u00f3n sobre un tema in\u00e9dito. La Tesis, por cierto, desapareci\u00f3 de la biblioteca y no se conservan copias de la misma.\",\"url\":\"https:\\\/\\\/www.cuballama.com\\\/noticias\\\/author\\\/roberto\\\/\"}]}<\/script>\n<!-- \/ Yoast SEO plugin. -->","yoast_head_json":{"title":"\"Fuente exclusiva\" confirma ruptura de Ana de Armas con hijastro de Canel. Adem\u00e1s, afirma que con Tom Cruise... - Cuballama Noticias","description":"Como bien dice el dicho, el fuego no siempre empieza con una chispa\u2026 pero s\u00ed con un roce. Y Ana de Armas y Tom Cruise llevan rato en eso","robots":{"index":"index","follow":"follow","max-snippet":"max-snippet:-1","max-image-preview":"max-image-preview:large","max-video-preview":"max-video-preview:-1"},"canonical":"https:\/\/www.cuballama.com\/noticias\/fuente-exclusiva-confirma-ruptura-de-ana-de-armas-con-hijastro-de-canel-ademas-afirma-que-con-tom-cruise\/","og_locale":"es_ES","og_type":"article","og_title":"\"Fuente exclusiva\" confirma ruptura de Ana de Armas con hijastro de Canel. Adem\u00e1s, afirma que con Tom Cruise... - Cuballama Noticias","og_description":"Como bien dice el dicho, el fuego no siempre empieza con una chispa\u2026 pero s\u00ed con un roce. Y Ana de Armas y Tom Cruise llevan rato en eso","og_url":"https:\/\/www.cuballama.com\/noticias\/fuente-exclusiva-confirma-ruptura-de-ana-de-armas-con-hijastro-de-canel-ademas-afirma-que-con-tom-cruise\/","og_site_name":"Cuballama Noticias","article_publisher":"https:\/\/www.facebook.com\/CubaLlama","article_published_time":"2025-07-21T18:51:57+00:00","article_modified_time":"2025-07-21T18:52:00+00:00","og_image":[{"width":1024,"height":576,"url":"https:\/\/cdn1.mediawpaccore.net\/wp-content\/uploads\/2025\/05\/02044832\/xxxxxccccccccddd44-1024x576.png","type":"image\/png"}],"author":"Roberto A.","twitter_card":"summary_large_image","twitter_creator":"@cuballama","twitter_site":"@cuballama","twitter_misc":{"Escrito por":"Roberto A.","Tiempo de lectura":"3 minutos"},"schema":{"@context":"https:\/\/schema.org","@graph":[{"@type":"Article","@id":"https:\/\/www.cuballama.com\/noticias\/fuente-exclusiva-confirma-ruptura-de-ana-de-armas-con-hijastro-de-canel-ademas-afirma-que-con-tom-cruise\/#article","isPartOf":{"@id":"https:\/\/www.cuballama.com\/noticias\/fuente-exclusiva-confirma-ruptura-de-ana-de-armas-con-hijastro-de-canel-ademas-afirma-que-con-tom-cruise\/"},"author":{"name":"Roberto A.","@id":"https:\/\/www.cuballama.com\/noticias\/#\/schema\/person\/a58502ed4146c8e9f83872e897c76cd2"},"headline":"\u00abFuente exclusiva\u00bb confirma ruptura de Ana de Armas con hijastro de Canel. Adem\u00e1s, afirma que con Tom Cruise&#8230;","datePublished":"2025-07-21T18:51:57+00:00","dateModified":"2025-07-21T18:52:00+00:00","mainEntityOfPage":{"@id":"https:\/\/www.cuballama.com\/noticias\/fuente-exclusiva-confirma-ruptura-de-ana-de-armas-con-hijastro-de-canel-ademas-afirma-que-con-tom-cruise\/"},"wordCount":515,"commentCount":0,"publisher":{"@id":"https:\/\/www.cuballama.com\/noticias\/#organization"},"image":{"@id":"https:\/\/www.cuballama.com\/noticias\/fuente-exclusiva-confirma-ruptura-de-ana-de-armas-con-hijastro-de-canel-ademas-afirma-que-con-tom-cruise\/#primaryimage"},"thumbnailUrl":"https:\/\/cdn1.mediawpaccore.net\/wp-content\/uploads\/2025\/05\/02044832\/xxxxxccccccccddd44.png","keywords":["Ana de Armas","celebridades","Famosos","Parejas","Tom Cruise"],"articleSection":["Far\u00e1ndula"],"inLanguage":"es","potentialAction":[{"@type":"CommentAction","name":"Comment","target":["https:\/\/www.cuballama.com\/noticias\/fuente-exclusiva-confirma-ruptura-de-ana-de-armas-con-hijastro-de-canel-ademas-afirma-que-con-tom-cruise\/#respond"]}]},{"@type":"WebPage","@id":"https:\/\/www.cuballama.com\/noticias\/fuente-exclusiva-confirma-ruptura-de-ana-de-armas-con-hijastro-de-canel-ademas-afirma-que-con-tom-cruise\/","url":"https:\/\/www.cuballama.com\/noticias\/fuente-exclusiva-confirma-ruptura-de-ana-de-armas-con-hijastro-de-canel-ademas-afirma-que-con-tom-cruise\/","name":"\"Fuente exclusiva\" confirma ruptura de Ana de Armas con hijastro de Canel. Adem\u00e1s, afirma que con Tom Cruise... - Cuballama Noticias","isPartOf":{"@id":"https:\/\/www.cuballama.com\/noticias\/#website"},"primaryImageOfPage":{"@id":"https:\/\/www.cuballama.com\/noticias\/fuente-exclusiva-confirma-ruptura-de-ana-de-armas-con-hijastro-de-canel-ademas-afirma-que-con-tom-cruise\/#primaryimage"},"image":{"@id":"https:\/\/www.cuballama.com\/noticias\/fuente-exclusiva-confirma-ruptura-de-ana-de-armas-con-hijastro-de-canel-ademas-afirma-que-con-tom-cruise\/#primaryimage"},"thumbnailUrl":"https:\/\/cdn1.mediawpaccore.net\/wp-content\/uploads\/2025\/05\/02044832\/xxxxxccccccccddd44.png","datePublished":"2025-07-21T18:51:57+00:00","dateModified":"2025-07-21T18:52:00+00:00","description":"Como bien dice el dicho, el fuego no siempre empieza con una chispa\u2026 pero s\u00ed con un roce. Y Ana de Armas y Tom Cruise llevan rato en eso","breadcrumb":{"@id":"https:\/\/www.cuballama.com\/noticias\/fuente-exclusiva-confirma-ruptura-de-ana-de-armas-con-hijastro-de-canel-ademas-afirma-que-con-tom-cruise\/#breadcrumb"},"inLanguage":"es","potentialAction":[{"@type":"ReadAction","target":["https:\/\/www.cuballama.com\/noticias\/fuente-exclusiva-confirma-ruptura-de-ana-de-armas-con-hijastro-de-canel-ademas-afirma-que-con-tom-cruise\/"]}]},{"@type":"ImageObject","inLanguage":"es","@id":"https:\/\/www.cuballama.com\/noticias\/fuente-exclusiva-confirma-ruptura-de-ana-de-armas-con-hijastro-de-canel-ademas-afirma-que-con-tom-cruise\/#primaryimage","url":"https:\/\/cdn1.mediawpaccore.net\/wp-content\/uploads\/2025\/05\/02044832\/xxxxxccccccccddd44.png","contentUrl":"https:\/\/cdn1.mediawpaccore.net\/wp-content\/uploads\/2025\/05\/02044832\/xxxxxccccccccddd44.png","width":1920,"height":1080,"caption":"Foto tomada por Gage Skidmore, CC BY-SA 3.0 , via Wikimedia Commons y del perfil de Instagram de Ana de Armas"},{"@type":"BreadcrumbList","@id":"https:\/\/www.cuballama.com\/noticias\/fuente-exclusiva-confirma-ruptura-de-ana-de-armas-con-hijastro-de-canel-ademas-afirma-que-con-tom-cruise\/#breadcrumb","itemListElement":[{"@type":"ListItem","position":1,"name":"Home","item":"https:\/\/www.cuballama.com\/noticias\/"},{"@type":"ListItem","position":2,"name":"\u00abFuente exclusiva\u00bb confirma ruptura de Ana de Armas con hijastro de Canel. Adem\u00e1s, afirma que con Tom Cruise&#8230;"}]},{"@type":"WebSite","@id":"https:\/\/www.cuballama.com\/noticias\/#website","url":"https:\/\/www.cuballama.com\/noticias\/","name":"Cuballama Noticias","description":"Medio digital sobre Cuba y el mundo","publisher":{"@id":"https:\/\/www.cuballama.com\/noticias\/#organization"},"potentialAction":[{"@type":"SearchAction","target":{"@type":"EntryPoint","urlTemplate":"https:\/\/www.cuballama.com\/noticias\/?s={search_term_string}"},"query-input":{"@type":"PropertyValueSpecification","valueRequired":true,"valueName":"search_term_string"}}],"inLanguage":"es"},{"@type":"Organization","@id":"https:\/\/www.cuballama.com\/noticias\/#organization","name":"Cuballama","url":"https:\/\/www.cuballama.com\/noticias\/","logo":{"@type":"ImageObject","inLanguage":"es","@id":"https:\/\/www.cuballama.com\/noticias\/#\/schema\/logo\/image\/","url":"https:\/\/cdn1.mediawpaccore.net\/wp-content\/uploads\/2021\/12\/28171206\/cbll-logo-color-sm.png","contentUrl":"https:\/\/cdn1.mediawpaccore.net\/wp-content\/uploads\/2021\/12\/28171206\/cbll-logo-color-sm.png","width":600,"height":133,"caption":"Cuballama"},"image":{"@id":"https:\/\/www.cuballama.com\/noticias\/#\/schema\/logo\/image\/"},"sameAs":["https:\/\/www.facebook.com\/CubaLlama","https:\/\/x.com\/cuballama","https:\/\/www.instagram.com\/stories\/cuballama_oficial\/","https:\/\/www.youtube.com\/channel\/UCKkFE-d_axENGZcrc4as0IA"]},{"@type":"Person","@id":"https:\/\/www.cuballama.com\/noticias\/#\/schema\/person\/a58502ed4146c8e9f83872e897c76cd2","name":"Roberto A.","description":"Roberto A. Periodista por decisi\u00f3n propia. Interesado en cualquier tema que me apasione y cada vez m\u00e1s comprometido con la verdad y la objetividad period\u00edstica. Graduado en La Habana hace ya muchos a\u00f1os, luego de una accidentada y polvorienta b\u00fasqueda de informaci\u00f3n sobre un tema in\u00e9dito. La Tesis, por cierto, desapareci\u00f3 de la biblioteca y no se conservan copias de la misma.","url":"https:\/\/www.cuballama.com\/noticias\/author\/roberto\/"}]}},"_links":{"self":[{"href":"https:\/\/www.cuballama.com\/noticias\/wp-json\/wp\/v2\/posts\/213943","targetHints":{"allow":["GET"]}}],"collection":[{"href":"https:\/\/www.cuballama.com\/noticias\/wp-json\/wp\/v2\/posts"}],"about":[{"href":"https:\/\/www.cuballama.com\/noticias\/wp-json\/wp\/v2\/types\/post"}],"author":[{"embeddable":true,"href":"https:\/\/www.cuballama.com\/noticias\/wp-json\/wp\/v2\/users\/13"}],"replies":[{"embeddable":true,"href":"https:\/\/www.cuballama.com\/noticias\/wp-json\/wp\/v2\/comments?post=213943"}],"version-history":[{"count":4,"href":"https:\/\/www.cuballama.com\/noticias\/wp-json\/wp\/v2\/posts\/213943\/revisions"}],"predecessor-version":[{"id":213947,"href":"https:\/\/www.cuballama.com\/noticias\/wp-json\/wp\/v2\/posts\/213943\/revisions\/213947"}],"wp:featuredmedia":[{"embeddable":true,"href":"https:\/\/www.cuballama.com\/noticias\/wp-json\/wp\/v2\/media\/206246"}],"wp:attachment":[{"href":"https:\/\/www.cuballama.com\/noticias\/wp-json\/wp\/v2\/media?parent=213943"}],"wp:term":[{"taxonomy":"category","embeddable":true,"href":"https:\/\/www.cuballama.com\/noticias\/wp-json\/wp\/v2\/categories?post=213943"},{"taxonomy":"post_tag","embeddable":true,"href":"https:\/\/www.cuballama.com\/noticias\/wp-json\/wp\/v2\/tags?post=213943"}],"curies":[{"name":"wp","href":"https:\/\/api.w.org\/{rel}","templated":true}]}}