{"id":213652,"date":"2025-07-22T09:19:38","date_gmt":"2025-07-22T13:19:38","guid":{"rendered":"https:\/\/www.cuballama.com\/noticias\/?p=213652"},"modified":"2025-07-22T09:19:42","modified_gmt":"2025-07-22T13:19:42","slug":"negacion-de-asilo-politico-a-opositores-sienta-un-mal-precedente-y-reclaman-hacer-algo-urgente","status":"publish","type":"post","link":"https:\/\/www.cuballama.com\/noticias\/negacion-de-asilo-politico-a-opositores-sienta-un-mal-precedente-y-reclaman-hacer-algo-urgente\/","title":{"rendered":"Negaci\u00f3n de Asilo Pol\u00edtico a opositores sienta un mal precedente y reclaman hacer algo urgente"},"content":{"rendered":"\n<h2 class=\"wp-block-heading\">El peso de la jaula y el silencio de la toga que est\u00e1n enfrentando activistas y opositores cubanos en Miami es demasiado fuerte. Se enfrentan a un sistema desinformado, con una comunidad desunida, interesada m\u00e1s en los chismes de far\u00e1ndula, que en la pol\u00edtica. <\/h2>\n\n\n\n<h3 class=\"wp-block-heading\">Frente a esto, los congresistas cubanoamericanos de la Florida, deber\u00edan jugar un papel mucho m\u00e1s activo, porque tal parece que el fantasma de Fidel Castro sobrevuela los EE.UU.<\/h3>\n\n\n\n<h4 class=\"wp-block-heading\">\u00bfCu\u00e1nto m\u00e1s hay que esperar y ver para despertar como comunidad? \u00bfPara que nuestros pol\u00edticos act\u00faen como deben actuar? <\/h4>\n\n\n\n<p>La audiencia final por asilo pol\u00edtico de Joel P\u00e9rez dur\u00f3 exactamente dos horas y treinta minutos. Lo suficiente, pensaba \u00e9l, para convencer a la Corte de Inmigraci\u00f3n de que sus a\u00f1os de activismo en contra del r\u00e9gimen cubano eran m\u00e1s que un prontuario de riesgos: eran una sentencia en diferido si regresaba a la isla. <\/p>\n\n\n\n<p>Pero no fue suficiente. La jueza a cargo del caso desestim\u00f3 la solicitud. A su juicio, la evidencia presentada \u2014que inclu\u00eda citaciones oficiales, fotograf\u00edas de manifestaciones y testimonios de arrestos, acoso y hasta un secuestro\u2014 no cumpl\u00eda con el est\u00e1ndar necesario para probar un \u00abtemor cre\u00edble\u00bb de persecuci\u00f3n. Joel, de 44 a\u00f1os, con su I-220A en mano y una historia de lucha que muchos en el exilio reconocen como propia, sali\u00f3 de la sala con la certeza de que la justicia en Estados Unidos no siempre reconoce los rostros del miedo.<\/p>\n\n\n\n<p>Las palabras de su abogada, Rosaly Chaviano, <a href=\"https:\/\/www.telemundo51.com\/noticias\/local\/niegan-asilo-politico-a-opositor-cubano-joel-perez-que-recibio-i-220a-tras-ingresar-por-la-frontera\/2677289\/?amp=1&amp;fbclid=IwY2xjawLm14hleHRuA2FlbQIxMQBicmlkETFoNHc4Zml3ZU9pcmFDVXQ4AR4DZ-biZxxgGg3OtYmMCVxWRtj7o7U32wNOuv1-z6SrFMjS2tFVrgtrshRdlQ_aem_6a7xxHIuSHczV4NfVaHk8w\" target=\"_blank\" rel=\"noreferrer noopener nofollow\">resonaron tras el fallo<\/a>. Denunci\u00f3 que existe una pr\u00e1ctica frecuente entre fiscales del sistema migratorio: deslegitimar documentos emitidos por el propio r\u00e9gimen cubano, como citaciones policiales, bajo el argumento de que podr\u00edan ser fabricados o carentes de fecha verificable. <\/p>\n\n\n\n<!DOCTYPE html>\n<html lang=\"es\">\n<head>\n    <meta charset=\"UTF-8\">\n    <meta name=\"viewport\" content=\"width=device-width, initial-scale=1.0\">\n    <title>Reel de Facebook<\/title>\n<\/head>\n<body>\n    <!-- Insertar Reel de Facebook -->\n    <div id=\"fb-root\"><\/div>\n    <script async defer crossorigin=\"anonymous\" \n            src=\"https:\/\/connect.facebook.net\/es_LA\/sdk.js#xfbml=1&#038;version=v18.0\" \n            nonce=\"ABCD1234\">\n    <\/script>\n\n    <div class=\"fb-video\" \n         data-href=\"https:\/\/www.facebook.com\/reel\/648840790799659\/\" \n         data-width=\"500\" \n         data-show-text=\"true\">\n    <\/div>\n<\/body>\n<\/html>\n\n\n\n<p>Una paradoja cruel, porque para muchos activistas ese tipo de documentos constituyen las \u00fanicas pruebas f\u00edsicas que pueden obtener bajo vigilancia constante. En un sistema que se precia de legalismo, el exceso de celo procesal se convierte en un muro para los cubanos.<\/p>\n\n\n\n<iframe loading=\"lazy\" src=\"https:\/\/www.facebook.com\/plugins\/post.php?href=https%3A%2F%2Fwww.facebook.com%2Fsalome.garciabacallao%2Fposts%2Fpfbid026iPsBwfnrGEEUzMYho8Z557o9pnAAPtuKyXqZwRhu9sm1HRgAFq4YJJbYva6x8bWl&#038;show_text=true&#038;width=500\" width=\"500\" height=\"563\" style=\"border:none;overflow:hidden\" scrolling=\"no\" frameborder=\"0\" allowfullscreen=\"true\" allow=\"autoplay; clipboard-write; encrypted-media; picture-in-picture; web-share\"><\/iframe>\n\n\n\n<p>El nombre de la jueza no fue confirmado en el expediente p\u00fablico, pero entre activistas y defensores legales se repite uno con frecuencia sombr\u00eda: Marsha Nettles. <\/p>\n\n\n\n<p>Magistrada con sede en Miami, acumula una de las tasas m\u00e1s altas de rechazo de asilos del pa\u00eds. Seg\u00fan reportes del Transactional Records Access Clearinghouse (TRAC) de la Universidad de Syracuse, entre 2019 y 2024 su \u00edndice de negaci\u00f3n de solicitudes super\u00f3 el 94\u202f%, una cifra desproporcionada incluso en comparaci\u00f3n con el promedio nacional de 57\u202f%. En grupos de WhatsApp entre abogados de inmigraci\u00f3n circulan advertencias: \u00abNettles es la que menos asilo da en Miami\u2026 pero no es la \u00fanica\u00bb. La ley, como la suerte, parece pender de qui\u00e9n est\u00e9 detr\u00e1s del estrado.<\/p>\n\n\n\n<p>Este patr\u00f3n de rechazo en las Cortes de Asilo se da en paralelo con un fen\u00f3meno a\u00fan m\u00e1s inquietante: la profunda desinformaci\u00f3n que exhiben algunos jueces sobre la situaci\u00f3n actual de Cuba. En m\u00faltiples audiencias, activistas  y defensores legales han reportado la incredulidad de magistrados ante pruebas que, desde el exilio, se consideran irrefutables. <\/p>\n\n\n\n<p>Arrestos arbitrarios, acoso por la Seguridad del Estado, expulsi\u00f3n de centros de trabajo o estudio por razones ideol\u00f3gicas\u2026 Todo eso, en m\u00e1s de una ocasi\u00f3n, ha sido desestimado como insuficiente para demostrar \u201cpersecuci\u00f3n pol\u00edtica\u201d. Para muchos cubanos, el sistema judicial de inmigraci\u00f3n estadounidense se ha convertido en una ruleta de sensibilidades, donde la justicia depende m\u00e1s del temperamento del juez que del m\u00e9rito del caso.<\/p>\n\n\n\n<p>Se dio el caso, incluso, ahora imposible de recordar d\u00f3nde y cu\u00e1ndo sucedi\u00f3 pero es real, de un juez en una corte de Asilo que os\u00f3 &#8211; s\u00ed, habr\u00eda que usar ese verbo &#8211; de decir que en Cuba no hab\u00eda una dictadura porque, Fidel Castro ya hab\u00eda muerto y su hermano Ra\u00fal, le hab\u00eda entregado el poder a un civil. Cuando Ud. escucha tama\u00f1a estupidez en la boca de un juez, \u00bfqu\u00e9 puede esperar?<\/p>\n\n\n\n<h5 class=\"wp-block-heading\"><strong>El eco del juicio de Oscar Casanella: otro exilio y asilo en espera<\/strong><\/h5>\n\n\n\n<p>A finales de junio de 2025, el cient\u00edfico y activista cubano Oscar\u202fCasanella compareci\u00f3 frente a la Corte de Inmigraci\u00f3n en Miami para una audiencia decisiva por su solicitud de asilo pol\u00edtico. La audiencia, realizada el martes 24 de junio \u2014mismo d\u00eda del cumplea\u00f1os de su hijo mayor\u2014, se extendi\u00f3 desde las 8:30\u202fa.\u202fm. hasta pasadas las 3\u202fp.\u202fm., sin que se emitiera un fallo al cierre del d\u00eda. La magistrada se\u00f1al\u00f3 que necesitar\u00eda hasta el 11 de julio para entregar su decisi\u00f3n por escrito, lo que prolong\u00f3 la incertidumbre sobre su futuro legal. <\/p>\n\n\n\n<p>Casanella, bioqu\u00edmico y profesor universitario en La Habana, lleg\u00f3 a Estados Unidos en enero de 2022 junto a su familia, con un historial que incluye arrestos arbitrarios, vigilancia constante de la Seguridad del Estado y amenazas directas por su cercan\u00eda a figuras cr\u00edticas del r\u00e9gimen como el Movimiento San Isidro, documentada desde hace ya m\u00e1s de una d\u00e9cada, por medios independientes cubanos. Su rostro, incluso, fue viral durante mucho tiempo y lo mostraba mientras era arrestado y golpeado por las fuerzas del r\u00e9gimen. Aunque su expediente inclu\u00eda estas pruebas, fotograf\u00edas, videos y citaciones oficiales, el proceso migratorio lo coloc\u00f3 en un limbo legal: al llegar a los EE.UU., recibi\u00f3 un formulario I\u2011220A en lugar de un parole o acceso a los beneficios bajo la Ley de Ajuste Cubano.<\/p>\n\n\n\n<p>Para la defensa de Casanella, representada por las abogadas Kenia\u202fGarc\u00eda y Deliane\u202fQuiles, la audiencia fue extensa y los argumentos completos, pero su misma duraci\u00f3n y la demora en la resoluci\u00f3n son emblem\u00e1ticos del sistema: casos complejos que pueden permanecer congelados durante a\u00f1os. <\/p>\n\n\n\n<p>Pero hay algo en su caso que va m\u00e1s all\u00e1 del papeleo o de los tecnicismos legales. La vida de Oscar Casanella ha sido tan marcada por la persecuci\u00f3n que, ir\u00f3nicamente, esa abundancia de represi\u00f3n se ha convertido en un obst\u00e1culo ante los tribunales. Son tantos los episodios de acoso, tantos los arrestos, los interrogatorios, las amenazas, que reconstruir una cronolog\u00eda exacta se vuelve casi imposible. Y en la sala fr\u00eda de una corte estadounidense, donde los fiscales se aferran a las fechas como si fueran l\u00edneas rectas en un mapa, cualquier error, cualquier confusi\u00f3n, cualquier laguna temporal puede leerse como una falla de credibilidad. No importa si el cuerpo de Oscar lleva las cicatrices y su memoria carga el trauma; para algunos jueces, la precisi\u00f3n documental vale m\u00e1s que la experiencia vivida.<\/p>\n\n\n\n<p>Ese es, quiz\u00e1s, el componente m\u00e1s cruel en muchos casos de asilo de opositores cubanos: el sistema no est\u00e1 dise\u00f1ado para digerir el caos. No entiende la l\u00f3gica del acoso cotidiano, no reconoce que, cuando la represi\u00f3n es rutina, las fechas se mezclan, se borran, se confunden. En lugar de verlo como una prueba de la intensidad de la persecuci\u00f3n, muchos lo interpretan como incoherencia. Y as\u00ed, lo que deber\u00eda reforzar un caso termina debilit\u00e1ndolo. <\/p>\n\n\n\n<p>Casanella declar\u00f3 despu\u00e9s que \u201clo presentado no fue ni un 10\u202f% de lo sufrido\u201d y advirti\u00f3 que, de ser expulsado, su vida podr\u00eda estar en riesgo, e incluso la de su familia, pues las amenazas en Cuba no cesan.<\/p>\n\n\n\n<p>Oscar Casanella no es el \u00fanico, y el caso de Joel P\u00e9rez lo confirma. Pero su historia \u2014tan llena de verdad, tan saturada de hechos\u2014 ilustra de forma dolorosa c\u00f3mo la justicia puede volverse ciega precisamente ante quienes m\u00e1s necesitan ser vistos. La situaci\u00f3n de Casanella, al igual que la de Joel\u202fP\u00e9rez, dibuja un sistema de justicia migratoria que dilata decisiones cruciales y pone en jaque el futuro de quienes verdaderamente abandonaron Cuba por razones pol\u00edticas.<\/p>\n\n\n\n<script type=\"text\/javascript\" charset=\"UTF-8\" \n    src=\"https:\/\/telemundo47.com\/portableplayer\/?CID=1:24:2677368&#038;videoID=2439617603770&#038;origin=telemundo47.com&#038;fullWidth=y&#038;autoplay=true\"><\/script>\n\n\n\n<p><strong>noticia relacionada: <a href=\"https:\/\/www.cuballama.com\/noticias\/oscar-casanella-sigue-en-el-limbo-juicio-por-asilo-politico-en-miami-termina-sin-decision\/\">Oscar Casanella sigue en el limbo: juicio por asilo pol\u00edtico en Miami termina sin decisi\u00f3n<\/a><\/strong><\/p>\n\n\n\n<p><strong>Mar\u00eda Elvira, \u00bfla tabla de salvaci\u00f3n?<\/strong><\/p>\n\n\n\n<p>En este contexto, la congresista republicana Mar\u00eda Elvira Salazar intenta vender una idea que, sobre el papel, parece razonable: la llamada \u00abLey Dignidad\u00bb. <\/p>\n\n\n\n<p>Presentada por segunda vez el pasado 16 de julio \u2014el mismo d\u00eda en que se desestimaba el caso de Joel P\u00e9rez\u2014, el proyecto bipartidista propone un estatus legal temporal para inmigrantes sin antecedentes penales, un camino laboral que no conduzca directamente a la ciudadan\u00eda y la implementaci\u00f3n de mecanismos m\u00e1s humanos y ordenados de control fronterizo. <\/p>\n\n\n\n<p>La ley incluye, adem\u00e1s, una reforma del sistema de asilo, con procesamiento acelerado en centros ubicados en pa\u00edses de tr\u00e1nsito o en la frontera, denominados \u00abcampus humanitarios\u00bb. La idea, seg\u00fan sus autoras \u2014Salazar y la dem\u00f3crata Ver\u00f3nica Escobar\u2014, es ofrecer una soluci\u00f3n realista y de largo plazo a la crisis migratoria que, cada semana, vuelve a poner a Estados Unidos en el centro del debate \u00e9tico continental.<\/p>\n\n\n\n<p>Pero el esfuerzo ha sido recibido con una mezcla de indiferencia y sospecha dentro del propio Congreso. Ni Marco Rubio, ni Carlos Gim\u00e9nez, ni Mario D\u00edaz-Balart \u2014los otros congresistas cubanoamericanos de Florida\u2014 han respaldado p\u00fablicamente la iniciativa. Aunque algunos medios y figuras del exilio han celebrado el gesto de Salazar, otros consideran que la falta de apoyo entre sus colegas evidencia que se trata de un proyecto sin destino real, m\u00e1s pensado para lucir compromiso que para generar cambios tangibles. <\/p>\n\n\n\n<p>No esta claro, al menos para quien escribe esto, c\u00f3mo se compagina el inter\u00e9s de la congresista, con una frase que pronunciara ella misma hace unos d\u00edas y que pudiera convertirse en su condena pol\u00edtica: <em>\u201cThe cages are clean\u201d.<\/em> Solo le falt\u00f3 decir <em>\u00abRoses are red\u00bb.<\/em><\/p>\n\n\n\n<p>Esa fue su declaraci\u00f3n en una entrevista concedida a Fox News tras visitar el centro de detenci\u00f3n \u201cAlligator Alcatraz\u201d, una instalaci\u00f3n levantada en los Everglades para albergar a inmigrantes \u201cdif\u00edciles\u201d \u2014seg\u00fan palabras del propio gobernador Ron DeSantis\u2014. Durante el recorrido, Salazar asegur\u00f3 que las camas estaban suaves y que nadie quiere estar enjaulado, pero las condiciones del lugar eran aceptables. La frase, banal y ajena al drama humano, de que \u00ablas jaulas est\u00e1n limpias\u00bb, decididamente provoca indignaci\u00f3n y fue recibida como tal. En redes sociales, periodistas y activistas como <a href=\"https:\/\/www.facebook.com\/annarella.grimal\/posts\/24048759908067671?ref=embed_post\" target=\"_blank\" rel=\"noreferrer noopener\">Annarella Grimal<\/a>, quien con su trabajo period\u00edstico ha sido la que m\u00e1s duro le ha dado a la dictadura cubana con sus denuncias documentadas sobre las \u00abcolaboraciones m\u00e9dicas\u00bb, comenzaron a hacer notar el disparate. Otros, replicaron la frase acompa\u00f1ada de im\u00e1genes de mascotas en jaulas, una forma de denunciar la deshumanizaci\u00f3n impl\u00edcita en su comparaci\u00f3n.<\/p>\n\n\n\n<iframe loading=\"lazy\" src=\"https:\/\/www.facebook.com\/plugins\/post.php?href=https%3A%2F%2Fwww.facebook.com%2Fannarella.grimal%2Fposts%2Fpfbid029ZJVDyKUgnpd6cViJL7XtXv5CY4wxBRPhdHWPB6yqto3JvRKCh2ZRtC4zScgL15El&#038;show_text=true&#038;width=500\" width=\"500\" height=\"658\" style=\"border:none;overflow:hidden\" scrolling=\"no\" frameborder=\"0\" allowfullscreen=\"true\" allow=\"autoplay; clipboard-write; encrypted-media; picture-in-picture; web-share\"><\/iframe>\n\n\n\n<p>No, no se trata solo de frases infelices. En ese mismo centro de detenci\u00f3n, se descubri\u00f3 recientemente que un menor de 15 a\u00f1os, sin antecedentes penales, fue encerrado durante tres d\u00edas. El joven, de nombre Alexis, hab\u00eda ocultado su edad por temor a ser separado de su grupo de viaje. Fue trasladado esposado a Alligator Alcatraz y solo despu\u00e9s de que su padre, Ignacio, lograra enviar una copia de su acta de nacimiento por WhatsApp, las autoridades aceptaron transferirlo a un albergue apropiado. El caso, confirmado por el <em><a href=\"https:\/\/www.miamiherald.com\/news\/politics-government\/state-politics\/article310785240.html\" target=\"_blank\" rel=\"noreferrer noopener nofollow\">Miami Herald<\/a><\/em>, expone la rapidez y opacidad con que el Estado de Florida, en coordinaci\u00f3n con agencias federales, ejecuta detenciones que cruzan l\u00edmites legales y \u00e9ticos. Mientras Salazar elogiaba la limpieza de las celdas, un ni\u00f1o era encerrado entre adultos.<\/p>\n\n\n\n<p><strong>La diferencia entre los casos expone un denominador com\u00fan<\/strong><\/p>\n\n\n\n<p>Los casos de Joel P\u00e9rez y de Oscar Casanella, evidencian un sistema que no est\u00e1 preparado para entender la complejidad que se vive actualmente en los Estados Unidos. La diferencia entre ambos quiz\u00e1s radica solo en la edad y la fortuna de haber sido escuchados a tiempo. Pero hay una pregunta que flota entre abogados, activistas y votantes: \u00bfcu\u00e1ntos m\u00e1s quedar\u00e1n atrapados entre jaulas limpias y sentencias sordas?<\/p>\n\n\n\n<p>Esa pregunta tambi\u00e9n deber\u00eda pesar sobre las pr\u00f3ximas elecciones congresionales en la Florida. La comunidad cubanoamericana, hist\u00f3ricamente fiel al Partido Republicano, podr\u00eda comenzar a repensar su lealtad. Si sus representantes no responden con hechos \u2014con apoyo real a leyes que protejan al exilio, con una postura clara contra los abusos migratorios\u2014, el voto de castigo se vuelve una posibilidad real. <\/p>\n\n\n\n<p>Porque ning\u00fan eslogan, por audaz que suene, puede reemplazar la experiencia directa del abandono. Ni el perfume de las rosas, ni la suavidad de un colch\u00f3n, ni lo blanco de unas s\u00e1banas, ni la pulcritud de las jaulas podr\u00e1n borrar JAM\u00c1s, el rostro de un hombre como Joel P\u00e9rez al que le cerraron la puerta del asilo mientras la comunidad miraba en silencio.<\/p>\n\n\n\n<p>\u00bfQu\u00e9 har\u00e1n en su caso, y en otros similares, los congresistas cubanoamericanos y el Secretario de Estado de los EE.UU., Marco Rubio? Parafraseando al m\u00edtico h\u00e9roe animado de nuestras luchas independendistas, Elpidio Vald\u00e9s&#8230; <em>\u00abEso habr\u00eda que verlo, compay\u00bb<\/em>.<\/p>\n\n\n\n<p><strong>tal vez quieras leer del mismo autor:<\/strong> <strong><a href=\"https:\/\/www.cuballama.com\/noticias\/marrero-hace-un-cuento-que-nadie-se-cree-y-muchos-se-preguntan-por-que-tu-no-hiciste-lo-mismo\/\" target=\"_blank\" rel=\"noreferrer noopener\">Marrero hace un cuento que nadie se cree y muchos se preguntan: \u00bfpor qu\u00e9 t\u00fa no hiciste lo mismo?<\/a><\/strong><\/p>\n","protected":false},"excerpt":{"rendered":"<p>Al opositor cubano Joel P\u00e9rez le negaron su caso de Asilo Pol\u00edtico. En d\u00edas pasados, el caso de Oscar Casanella qued\u00f3 en suspenso. \u00bfCu\u00e1nto m\u00e1s hay que esperar y ver para despertar como comunidad? \u00bfPara que nuestros pol\u00edticos act\u00faen como deben actuar?<\/p>\n","protected":false},"author":13,"featured_media":213663,"comment_status":"open","ping_status":"closed","sticky":false,"template":"","format":"standard","meta":{"_acf_changed":false,"footnotes":""},"categories":[18,954,11024,9667,953],"tags":[24488,24897,2257,1341,24240,2864,8000,17863,23990,25541,3687,25544,24548,25542,11017,25543],"class_list":{"0":"post-213652","1":"post","2":"type-post","3":"status-publish","4":"format-standard","5":"has-post-thumbnail","7":"category-noticias","8":"category-noticias-de-florida","9":"category-noticias-de-miami","10":"category-opinion","11":"category-usa","12":"tag-activismo-cubano","13":"tag-alligator-alcatraz","14":"tag-asilo-politico","15":"tag-comunidad-cubanoamericana","16":"tag-corte-de-inmigracion","17":"tag-derechos-humanos","18":"tag-exilio-cubano","19":"tag-i-220a","20":"tag-inmigracion-cubana","21":"tag-joel-perez","22":"tag-maria-elvira-salazar","23":"tag-persecucion-politica","24":"tag-reforma-migratoria","25":"tag-sistema-migratorio-ee-uu","26":"tag-superdestacado","27":"tag-votantes-cubanos-en-florida"},"acf":[],"yoast_head":"<!-- This site is optimized with the Yoast SEO plugin v27.5 - https:\/\/yoast.com\/product\/yoast-seo-wordpress\/ -->\n<title>Negaci\u00f3n de Asilo Pol\u00edtico a opositores sienta un mal precedente y reclaman hacer algo urgente - Cuballama Noticias<\/title>\n<meta name=\"description\" content=\"Al opositor cubano Joel P\u00e9rez le han negado el asilo pol\u00edtico en Miami. Todav\u00eda est\u00e1 pendiente el caso de Oscar Casanella.\" \/>\n<meta name=\"robots\" content=\"index, follow, max-snippet:-1, max-image-preview:large, max-video-preview:-1\" \/>\n<link rel=\"canonical\" href=\"https:\/\/www.cuballama.com\/noticias\/negacion-de-asilo-politico-a-opositores-sienta-un-mal-precedente-y-reclaman-hacer-algo-urgente\/\" \/>\n<meta property=\"og:locale\" content=\"es_ES\" \/>\n<meta property=\"og:type\" content=\"article\" \/>\n<meta property=\"og:title\" content=\"Negaci\u00f3n de Asilo Pol\u00edtico a opositores sienta un mal precedente y reclaman hacer algo urgente - Cuballama Noticias\" \/>\n<meta property=\"og:description\" content=\"Al opositor cubano Joel P\u00e9rez le han negado el asilo pol\u00edtico en Miami. Todav\u00eda est\u00e1 pendiente el caso de Oscar Casanella.\" \/>\n<meta property=\"og:url\" content=\"https:\/\/www.cuballama.com\/noticias\/negacion-de-asilo-politico-a-opositores-sienta-un-mal-precedente-y-reclaman-hacer-algo-urgente\/\" \/>\n<meta property=\"og:site_name\" content=\"Cuballama Noticias\" \/>\n<meta property=\"article:publisher\" content=\"https:\/\/www.facebook.com\/CubaLlama\" \/>\n<meta property=\"article:published_time\" content=\"2025-07-22T13:19:38+00:00\" \/>\n<meta property=\"article:modified_time\" content=\"2025-07-22T13:19:42+00:00\" \/>\n<meta property=\"og:image\" content=\"https:\/\/cdn1.mediawpaccore.net\/wp-content\/uploads\/2025\/07\/18042759\/image-88.png\" \/>\n\t<meta property=\"og:image:width\" content=\"1892\" \/>\n\t<meta property=\"og:image:height\" content=\"1014\" \/>\n\t<meta property=\"og:image:type\" content=\"image\/png\" \/>\n<meta name=\"author\" content=\"Roberto A.\" \/>\n<meta name=\"twitter:card\" content=\"summary_large_image\" \/>\n<meta name=\"twitter:creator\" content=\"@cuballama\" \/>\n<meta name=\"twitter:site\" content=\"@cuballama\" \/>\n<meta name=\"twitter:label1\" content=\"Escrito por\" \/>\n\t<meta name=\"twitter:data1\" content=\"Roberto A.\" \/>\n\t<meta name=\"twitter:label2\" content=\"Tiempo de lectura\" \/>\n\t<meta name=\"twitter:data2\" content=\"10 minutos\" \/>\n<script type=\"application\/ld+json\" class=\"yoast-schema-graph\">{\"@context\":\"https:\\\/\\\/schema.org\",\"@graph\":[{\"@type\":\"Article\",\"@id\":\"https:\\\/\\\/www.cuballama.com\\\/noticias\\\/negacion-de-asilo-politico-a-opositores-sienta-un-mal-precedente-y-reclaman-hacer-algo-urgente\\\/#article\",\"isPartOf\":{\"@id\":\"https:\\\/\\\/www.cuballama.com\\\/noticias\\\/negacion-de-asilo-politico-a-opositores-sienta-un-mal-precedente-y-reclaman-hacer-algo-urgente\\\/\"},\"author\":{\"name\":\"Roberto A.\",\"@id\":\"https:\\\/\\\/www.cuballama.com\\\/noticias\\\/#\\\/schema\\\/person\\\/a58502ed4146c8e9f83872e897c76cd2\"},\"headline\":\"Negaci\u00f3n de Asilo Pol\u00edtico a opositores sienta un mal precedente y reclaman hacer algo urgente\",\"datePublished\":\"2025-07-22T13:19:38+00:00\",\"dateModified\":\"2025-07-22T13:19:42+00:00\",\"mainEntityOfPage\":{\"@id\":\"https:\\\/\\\/www.cuballama.com\\\/noticias\\\/negacion-de-asilo-politico-a-opositores-sienta-un-mal-precedente-y-reclaman-hacer-algo-urgente\\\/\"},\"wordCount\":2267,\"commentCount\":0,\"publisher\":{\"@id\":\"https:\\\/\\\/www.cuballama.com\\\/noticias\\\/#organization\"},\"image\":{\"@id\":\"https:\\\/\\\/www.cuballama.com\\\/noticias\\\/negacion-de-asilo-politico-a-opositores-sienta-un-mal-precedente-y-reclaman-hacer-algo-urgente\\\/#primaryimage\"},\"thumbnailUrl\":\"https:\\\/\\\/cdn1.mediawpaccore.net\\\/wp-content\\\/uploads\\\/2025\\\/07\\\/18042759\\\/image-88.png\",\"keywords\":[\"activismo cubano\",\"Alligator Alcatraz\",\"Asilo Pol\u00edtico\",\"comunidad cubanoamericana\",\"corte de inmigraci\u00f3n\",\"derechos humanos\",\"Exilio Cubano\",\"I-220A\",\"inmigraci\u00f3n cubana\",\"Joel P\u00e9rez\",\"Maria Elvira Salazar\",\"persecuci\u00f3n pol\u00edtica\",\"reforma migratoria\",\"sistema migratorio EE.UU.\",\"superdestacado\",\"votantes cubanos en Florida\"],\"articleSection\":[\"Noticias\",\"Noticias de Florida\",\"Noticias de Miami\",\"Opini\u00f3n\",\"USA\"],\"inLanguage\":\"es\",\"potentialAction\":[{\"@type\":\"CommentAction\",\"name\":\"Comment\",\"target\":[\"https:\\\/\\\/www.cuballama.com\\\/noticias\\\/negacion-de-asilo-politico-a-opositores-sienta-un-mal-precedente-y-reclaman-hacer-algo-urgente\\\/#respond\"]}]},{\"@type\":\"WebPage\",\"@id\":\"https:\\\/\\\/www.cuballama.com\\\/noticias\\\/negacion-de-asilo-politico-a-opositores-sienta-un-mal-precedente-y-reclaman-hacer-algo-urgente\\\/\",\"url\":\"https:\\\/\\\/www.cuballama.com\\\/noticias\\\/negacion-de-asilo-politico-a-opositores-sienta-un-mal-precedente-y-reclaman-hacer-algo-urgente\\\/\",\"name\":\"Negaci\u00f3n de Asilo Pol\u00edtico a opositores sienta un mal precedente y reclaman hacer algo urgente - Cuballama Noticias\",\"isPartOf\":{\"@id\":\"https:\\\/\\\/www.cuballama.com\\\/noticias\\\/#website\"},\"primaryImageOfPage\":{\"@id\":\"https:\\\/\\\/www.cuballama.com\\\/noticias\\\/negacion-de-asilo-politico-a-opositores-sienta-un-mal-precedente-y-reclaman-hacer-algo-urgente\\\/#primaryimage\"},\"image\":{\"@id\":\"https:\\\/\\\/www.cuballama.com\\\/noticias\\\/negacion-de-asilo-politico-a-opositores-sienta-un-mal-precedente-y-reclaman-hacer-algo-urgente\\\/#primaryimage\"},\"thumbnailUrl\":\"https:\\\/\\\/cdn1.mediawpaccore.net\\\/wp-content\\\/uploads\\\/2025\\\/07\\\/18042759\\\/image-88.png\",\"datePublished\":\"2025-07-22T13:19:38+00:00\",\"dateModified\":\"2025-07-22T13:19:42+00:00\",\"description\":\"Al opositor cubano Joel P\u00e9rez le han negado el asilo pol\u00edtico en Miami. Todav\u00eda est\u00e1 pendiente el caso de Oscar Casanella.\",\"breadcrumb\":{\"@id\":\"https:\\\/\\\/www.cuballama.com\\\/noticias\\\/negacion-de-asilo-politico-a-opositores-sienta-un-mal-precedente-y-reclaman-hacer-algo-urgente\\\/#breadcrumb\"},\"inLanguage\":\"es\",\"potentialAction\":[{\"@type\":\"ReadAction\",\"target\":[\"https:\\\/\\\/www.cuballama.com\\\/noticias\\\/negacion-de-asilo-politico-a-opositores-sienta-un-mal-precedente-y-reclaman-hacer-algo-urgente\\\/\"]}]},{\"@type\":\"ImageObject\",\"inLanguage\":\"es\",\"@id\":\"https:\\\/\\\/www.cuballama.com\\\/noticias\\\/negacion-de-asilo-politico-a-opositores-sienta-un-mal-precedente-y-reclaman-hacer-algo-urgente\\\/#primaryimage\",\"url\":\"https:\\\/\\\/cdn1.mediawpaccore.net\\\/wp-content\\\/uploads\\\/2025\\\/07\\\/18042759\\\/image-88.png\",\"contentUrl\":\"https:\\\/\\\/cdn1.mediawpaccore.net\\\/wp-content\\\/uploads\\\/2025\\\/07\\\/18042759\\\/image-88.png\",\"width\":1892,\"height\":1014,\"caption\":\"La audiencia final por asilo pol\u00edtico de Joel P\u00e9rez dur\u00f3 exactamente dos horas y treinta minutos. Al opositor y activista le fue negado el Asilo.\"},{\"@type\":\"BreadcrumbList\",\"@id\":\"https:\\\/\\\/www.cuballama.com\\\/noticias\\\/negacion-de-asilo-politico-a-opositores-sienta-un-mal-precedente-y-reclaman-hacer-algo-urgente\\\/#breadcrumb\",\"itemListElement\":[{\"@type\":\"ListItem\",\"position\":1,\"name\":\"Home\",\"item\":\"https:\\\/\\\/www.cuballama.com\\\/noticias\\\/\"},{\"@type\":\"ListItem\",\"position\":2,\"name\":\"Negaci\u00f3n de Asilo Pol\u00edtico a opositores sienta un mal precedente y reclaman hacer algo urgente\"}]},{\"@type\":\"WebSite\",\"@id\":\"https:\\\/\\\/www.cuballama.com\\\/noticias\\\/#website\",\"url\":\"https:\\\/\\\/www.cuballama.com\\\/noticias\\\/\",\"name\":\"Cuballama Noticias\",\"description\":\"Medio digital sobre Cuba y el mundo\",\"publisher\":{\"@id\":\"https:\\\/\\\/www.cuballama.com\\\/noticias\\\/#organization\"},\"potentialAction\":[{\"@type\":\"SearchAction\",\"target\":{\"@type\":\"EntryPoint\",\"urlTemplate\":\"https:\\\/\\\/www.cuballama.com\\\/noticias\\\/?s={search_term_string}\"},\"query-input\":{\"@type\":\"PropertyValueSpecification\",\"valueRequired\":true,\"valueName\":\"search_term_string\"}}],\"inLanguage\":\"es\"},{\"@type\":\"Organization\",\"@id\":\"https:\\\/\\\/www.cuballama.com\\\/noticias\\\/#organization\",\"name\":\"Cuballama\",\"url\":\"https:\\\/\\\/www.cuballama.com\\\/noticias\\\/\",\"logo\":{\"@type\":\"ImageObject\",\"inLanguage\":\"es\",\"@id\":\"https:\\\/\\\/www.cuballama.com\\\/noticias\\\/#\\\/schema\\\/logo\\\/image\\\/\",\"url\":\"https:\\\/\\\/cdn1.mediawpaccore.net\\\/wp-content\\\/uploads\\\/2021\\\/12\\\/28171206\\\/cbll-logo-color-sm.png\",\"contentUrl\":\"https:\\\/\\\/cdn1.mediawpaccore.net\\\/wp-content\\\/uploads\\\/2021\\\/12\\\/28171206\\\/cbll-logo-color-sm.png\",\"width\":600,\"height\":133,\"caption\":\"Cuballama\"},\"image\":{\"@id\":\"https:\\\/\\\/www.cuballama.com\\\/noticias\\\/#\\\/schema\\\/logo\\\/image\\\/\"},\"sameAs\":[\"https:\\\/\\\/www.facebook.com\\\/CubaLlama\",\"https:\\\/\\\/x.com\\\/cuballama\",\"https:\\\/\\\/www.instagram.com\\\/stories\\\/cuballama_oficial\\\/\",\"https:\\\/\\\/www.youtube.com\\\/channel\\\/UCKkFE-d_axENGZcrc4as0IA\"]},{\"@type\":\"Person\",\"@id\":\"https:\\\/\\\/www.cuballama.com\\\/noticias\\\/#\\\/schema\\\/person\\\/a58502ed4146c8e9f83872e897c76cd2\",\"name\":\"Roberto A.\",\"description\":\"Roberto A. Periodista por decisi\u00f3n propia. Interesado en cualquier tema que me apasione y cada vez m\u00e1s comprometido con la verdad y la objetividad period\u00edstica. Graduado en La Habana hace ya muchos a\u00f1os, luego de una accidentada y polvorienta b\u00fasqueda de informaci\u00f3n sobre un tema in\u00e9dito. La Tesis, por cierto, desapareci\u00f3 de la biblioteca y no se conservan copias de la misma.\",\"url\":\"https:\\\/\\\/www.cuballama.com\\\/noticias\\\/author\\\/roberto\\\/\"}]}<\/script>\n<!-- \/ Yoast SEO plugin. -->","yoast_head_json":{"title":"Negaci\u00f3n de Asilo Pol\u00edtico a opositores sienta un mal precedente y reclaman hacer algo urgente - Cuballama Noticias","description":"Al opositor cubano Joel P\u00e9rez le han negado el asilo pol\u00edtico en Miami. Todav\u00eda est\u00e1 pendiente el caso de Oscar Casanella.","robots":{"index":"index","follow":"follow","max-snippet":"max-snippet:-1","max-image-preview":"max-image-preview:large","max-video-preview":"max-video-preview:-1"},"canonical":"https:\/\/www.cuballama.com\/noticias\/negacion-de-asilo-politico-a-opositores-sienta-un-mal-precedente-y-reclaman-hacer-algo-urgente\/","og_locale":"es_ES","og_type":"article","og_title":"Negaci\u00f3n de Asilo Pol\u00edtico a opositores sienta un mal precedente y reclaman hacer algo urgente - Cuballama Noticias","og_description":"Al opositor cubano Joel P\u00e9rez le han negado el asilo pol\u00edtico en Miami. Todav\u00eda est\u00e1 pendiente el caso de Oscar Casanella.","og_url":"https:\/\/www.cuballama.com\/noticias\/negacion-de-asilo-politico-a-opositores-sienta-un-mal-precedente-y-reclaman-hacer-algo-urgente\/","og_site_name":"Cuballama Noticias","article_publisher":"https:\/\/www.facebook.com\/CubaLlama","article_published_time":"2025-07-22T13:19:38+00:00","article_modified_time":"2025-07-22T13:19:42+00:00","og_image":[{"width":1892,"height":1014,"url":"https:\/\/cdn1.mediawpaccore.net\/wp-content\/uploads\/2025\/07\/18042759\/image-88.png","type":"image\/png"}],"author":"Roberto A.","twitter_card":"summary_large_image","twitter_creator":"@cuballama","twitter_site":"@cuballama","twitter_misc":{"Escrito por":"Roberto A.","Tiempo de lectura":"10 minutos"},"schema":{"@context":"https:\/\/schema.org","@graph":[{"@type":"Article","@id":"https:\/\/www.cuballama.com\/noticias\/negacion-de-asilo-politico-a-opositores-sienta-un-mal-precedente-y-reclaman-hacer-algo-urgente\/#article","isPartOf":{"@id":"https:\/\/www.cuballama.com\/noticias\/negacion-de-asilo-politico-a-opositores-sienta-un-mal-precedente-y-reclaman-hacer-algo-urgente\/"},"author":{"name":"Roberto A.","@id":"https:\/\/www.cuballama.com\/noticias\/#\/schema\/person\/a58502ed4146c8e9f83872e897c76cd2"},"headline":"Negaci\u00f3n de Asilo Pol\u00edtico a opositores sienta un mal precedente y reclaman hacer algo urgente","datePublished":"2025-07-22T13:19:38+00:00","dateModified":"2025-07-22T13:19:42+00:00","mainEntityOfPage":{"@id":"https:\/\/www.cuballama.com\/noticias\/negacion-de-asilo-politico-a-opositores-sienta-un-mal-precedente-y-reclaman-hacer-algo-urgente\/"},"wordCount":2267,"commentCount":0,"publisher":{"@id":"https:\/\/www.cuballama.com\/noticias\/#organization"},"image":{"@id":"https:\/\/www.cuballama.com\/noticias\/negacion-de-asilo-politico-a-opositores-sienta-un-mal-precedente-y-reclaman-hacer-algo-urgente\/#primaryimage"},"thumbnailUrl":"https:\/\/cdn1.mediawpaccore.net\/wp-content\/uploads\/2025\/07\/18042759\/image-88.png","keywords":["activismo cubano","Alligator Alcatraz","Asilo Pol\u00edtico","comunidad cubanoamericana","corte de inmigraci\u00f3n","derechos humanos","Exilio Cubano","I-220A","inmigraci\u00f3n cubana","Joel P\u00e9rez","Maria Elvira Salazar","persecuci\u00f3n pol\u00edtica","reforma migratoria","sistema migratorio EE.UU.","superdestacado","votantes cubanos en Florida"],"articleSection":["Noticias","Noticias de Florida","Noticias de Miami","Opini\u00f3n","USA"],"inLanguage":"es","potentialAction":[{"@type":"CommentAction","name":"Comment","target":["https:\/\/www.cuballama.com\/noticias\/negacion-de-asilo-politico-a-opositores-sienta-un-mal-precedente-y-reclaman-hacer-algo-urgente\/#respond"]}]},{"@type":"WebPage","@id":"https:\/\/www.cuballama.com\/noticias\/negacion-de-asilo-politico-a-opositores-sienta-un-mal-precedente-y-reclaman-hacer-algo-urgente\/","url":"https:\/\/www.cuballama.com\/noticias\/negacion-de-asilo-politico-a-opositores-sienta-un-mal-precedente-y-reclaman-hacer-algo-urgente\/","name":"Negaci\u00f3n de Asilo Pol\u00edtico a opositores sienta un mal precedente y reclaman hacer algo urgente - Cuballama Noticias","isPartOf":{"@id":"https:\/\/www.cuballama.com\/noticias\/#website"},"primaryImageOfPage":{"@id":"https:\/\/www.cuballama.com\/noticias\/negacion-de-asilo-politico-a-opositores-sienta-un-mal-precedente-y-reclaman-hacer-algo-urgente\/#primaryimage"},"image":{"@id":"https:\/\/www.cuballama.com\/noticias\/negacion-de-asilo-politico-a-opositores-sienta-un-mal-precedente-y-reclaman-hacer-algo-urgente\/#primaryimage"},"thumbnailUrl":"https:\/\/cdn1.mediawpaccore.net\/wp-content\/uploads\/2025\/07\/18042759\/image-88.png","datePublished":"2025-07-22T13:19:38+00:00","dateModified":"2025-07-22T13:19:42+00:00","description":"Al opositor cubano Joel P\u00e9rez le han negado el asilo pol\u00edtico en Miami. Todav\u00eda est\u00e1 pendiente el caso de Oscar Casanella.","breadcrumb":{"@id":"https:\/\/www.cuballama.com\/noticias\/negacion-de-asilo-politico-a-opositores-sienta-un-mal-precedente-y-reclaman-hacer-algo-urgente\/#breadcrumb"},"inLanguage":"es","potentialAction":[{"@type":"ReadAction","target":["https:\/\/www.cuballama.com\/noticias\/negacion-de-asilo-politico-a-opositores-sienta-un-mal-precedente-y-reclaman-hacer-algo-urgente\/"]}]},{"@type":"ImageObject","inLanguage":"es","@id":"https:\/\/www.cuballama.com\/noticias\/negacion-de-asilo-politico-a-opositores-sienta-un-mal-precedente-y-reclaman-hacer-algo-urgente\/#primaryimage","url":"https:\/\/cdn1.mediawpaccore.net\/wp-content\/uploads\/2025\/07\/18042759\/image-88.png","contentUrl":"https:\/\/cdn1.mediawpaccore.net\/wp-content\/uploads\/2025\/07\/18042759\/image-88.png","width":1892,"height":1014,"caption":"La audiencia final por asilo pol\u00edtico de Joel P\u00e9rez dur\u00f3 exactamente dos horas y treinta minutos. Al opositor y activista le fue negado el Asilo."},{"@type":"BreadcrumbList","@id":"https:\/\/www.cuballama.com\/noticias\/negacion-de-asilo-politico-a-opositores-sienta-un-mal-precedente-y-reclaman-hacer-algo-urgente\/#breadcrumb","itemListElement":[{"@type":"ListItem","position":1,"name":"Home","item":"https:\/\/www.cuballama.com\/noticias\/"},{"@type":"ListItem","position":2,"name":"Negaci\u00f3n de Asilo Pol\u00edtico a opositores sienta un mal precedente y reclaman hacer algo urgente"}]},{"@type":"WebSite","@id":"https:\/\/www.cuballama.com\/noticias\/#website","url":"https:\/\/www.cuballama.com\/noticias\/","name":"Cuballama Noticias","description":"Medio digital sobre Cuba y el mundo","publisher":{"@id":"https:\/\/www.cuballama.com\/noticias\/#organization"},"potentialAction":[{"@type":"SearchAction","target":{"@type":"EntryPoint","urlTemplate":"https:\/\/www.cuballama.com\/noticias\/?s={search_term_string}"},"query-input":{"@type":"PropertyValueSpecification","valueRequired":true,"valueName":"search_term_string"}}],"inLanguage":"es"},{"@type":"Organization","@id":"https:\/\/www.cuballama.com\/noticias\/#organization","name":"Cuballama","url":"https:\/\/www.cuballama.com\/noticias\/","logo":{"@type":"ImageObject","inLanguage":"es","@id":"https:\/\/www.cuballama.com\/noticias\/#\/schema\/logo\/image\/","url":"https:\/\/cdn1.mediawpaccore.net\/wp-content\/uploads\/2021\/12\/28171206\/cbll-logo-color-sm.png","contentUrl":"https:\/\/cdn1.mediawpaccore.net\/wp-content\/uploads\/2021\/12\/28171206\/cbll-logo-color-sm.png","width":600,"height":133,"caption":"Cuballama"},"image":{"@id":"https:\/\/www.cuballama.com\/noticias\/#\/schema\/logo\/image\/"},"sameAs":["https:\/\/www.facebook.com\/CubaLlama","https:\/\/x.com\/cuballama","https:\/\/www.instagram.com\/stories\/cuballama_oficial\/","https:\/\/www.youtube.com\/channel\/UCKkFE-d_axENGZcrc4as0IA"]},{"@type":"Person","@id":"https:\/\/www.cuballama.com\/noticias\/#\/schema\/person\/a58502ed4146c8e9f83872e897c76cd2","name":"Roberto A.","description":"Roberto A. Periodista por decisi\u00f3n propia. Interesado en cualquier tema que me apasione y cada vez m\u00e1s comprometido con la verdad y la objetividad period\u00edstica. Graduado en La Habana hace ya muchos a\u00f1os, luego de una accidentada y polvorienta b\u00fasqueda de informaci\u00f3n sobre un tema in\u00e9dito. La Tesis, por cierto, desapareci\u00f3 de la biblioteca y no se conservan copias de la misma.","url":"https:\/\/www.cuballama.com\/noticias\/author\/roberto\/"}]}},"_links":{"self":[{"href":"https:\/\/www.cuballama.com\/noticias\/wp-json\/wp\/v2\/posts\/213652","targetHints":{"allow":["GET"]}}],"collection":[{"href":"https:\/\/www.cuballama.com\/noticias\/wp-json\/wp\/v2\/posts"}],"about":[{"href":"https:\/\/www.cuballama.com\/noticias\/wp-json\/wp\/v2\/types\/post"}],"author":[{"embeddable":true,"href":"https:\/\/www.cuballama.com\/noticias\/wp-json\/wp\/v2\/users\/13"}],"replies":[{"embeddable":true,"href":"https:\/\/www.cuballama.com\/noticias\/wp-json\/wp\/v2\/comments?post=213652"}],"version-history":[{"count":12,"href":"https:\/\/www.cuballama.com\/noticias\/wp-json\/wp\/v2\/posts\/213652\/revisions"}],"predecessor-version":[{"id":214096,"href":"https:\/\/www.cuballama.com\/noticias\/wp-json\/wp\/v2\/posts\/213652\/revisions\/214096"}],"wp:featuredmedia":[{"embeddable":true,"href":"https:\/\/www.cuballama.com\/noticias\/wp-json\/wp\/v2\/media\/213663"}],"wp:attachment":[{"href":"https:\/\/www.cuballama.com\/noticias\/wp-json\/wp\/v2\/media?parent=213652"}],"wp:term":[{"taxonomy":"category","embeddable":true,"href":"https:\/\/www.cuballama.com\/noticias\/wp-json\/wp\/v2\/categories?post=213652"},{"taxonomy":"post_tag","embeddable":true,"href":"https:\/\/www.cuballama.com\/noticias\/wp-json\/wp\/v2\/tags?post=213652"}],"curies":[{"name":"wp","href":"https:\/\/api.w.org\/{rel}","templated":true}]}}