{"id":213548,"date":"2025-07-22T09:17:24","date_gmt":"2025-07-22T13:17:24","guid":{"rendered":"https:\/\/www.cuballama.com\/noticias\/?p=213548"},"modified":"2025-07-22T09:17:27","modified_gmt":"2025-07-22T13:17:27","slug":"nathaly-zaragoza-hernandez-nina-cubana-que-viajo-con-visa-humanitaria-a-curarse-en-ee-uu-es-declarada-libre-de-cancer","status":"publish","type":"post","link":"https:\/\/www.cuballama.com\/noticias\/nathaly-zaragoza-hernandez-nina-cubana-que-viajo-con-visa-humanitaria-a-curarse-en-ee-uu-es-declarada-libre-de-cancer\/","title":{"rendered":"N\u00e1thaly Zaragoza Hern\u00e1ndez: ni\u00f1a cubana que viaj\u00f3 con visa humanitaria a curarse en EE.UU., es declarada libre de c\u00e1ncer"},"content":{"rendered":"\n<p>En un brillante ejemplo de c\u00f3mo la presi\u00f3n social y el activismo pueden salvar vidas, la historia de <strong>N\u00e1thaly Zaragoza Hern\u00e1ndez<\/strong>, diagnosticada en Cuba con leucemia linfoide aguda a los 9 a\u00f1os, evidencia la diferencia entre la sobrevivencia y la muerte; y de c\u00f3mo el activismo y el periodismo independiente, a trav\u00e9s de sus historias y de la voluntad y empe\u00f1o de una periodista, pueden salvar la vida de una ni\u00f1a cubana que en la isla, fue diagnosticada con leucemia. <\/p>\n\n\n\n<p>Como inform\u00f3 <em><a href=\"https:\/\/www.diariolasamericas.com\/america-latina\/llegan-eeuu-parole-humanitario-nina-cubana-enferma-y-su-madre-n5329321\" target=\"_blank\" rel=\"noreferrer noopener nofollow\">Diario de las Am\u00e9ricas<\/a><\/em>, y como muchos conocen, fue gracias a la intervenci\u00f3n de la periodista cubana independiente <strong>Darcy Borrero<\/strong> (Darcy Bo, en las redes sociales) y su activismo solidario, que N\u00e1thaly obtuvo una visa humanitaria (parole) que le permiti\u00f3 viajar a Estados Unidos el 29 de enero de 2023 junto con su madre, <strong>Naila Hern\u00e1ndez<\/strong>, a fin de ser evaluada y tratada de su enfermedad.<\/p>\n\n\n\n<p><strong>El dram\u00e1tico diagn\u00f3stico en Cuba<\/strong><\/p>\n\n\n\n<p>En agosto de 2022, la peque\u00f1a comenz\u00f3 a sufrir dolores articulares, fiebre y dificultad para caminar. Inicialmente se sospech\u00f3 una artritis juvenil idiop\u00e1tica, pero tras realizar estudios en la provincia de Las Tunas y luego en el Instituto de Hematolog\u00eda e Inmunolog\u00eda (IHI) en La Habana, se confirmaron <strong>c\u00e9lulas inmaduras en la m\u00e9dula \u00f3sea<\/strong>, lo que llev\u00f3 al diagn\u00f3stico de <strong>leucemia linfoide aguda (LLA)<\/strong>. M\u00e9dicos cubanos confirmaron que su pron\u00f3stico era reservado y que la ni\u00f1a era candidata a un <strong>trasplante alog\u00e9nico de m\u00e9dula \u00f3sea<\/strong>, un procedimiento que el sistema de salud cubano no pod\u00eda ni puede aun garantizar por falta de recursos, a pesar de su cacareado slogan por el mundo de \u00abPotencia M\u00e9dica\u00bb.<\/p>\n\n\n\n<p>Seg\u00fan el documento m\u00e9dico firmado por los doctores Ismael Iv\u00e1n Silverio y Wilfredo Roque Garc\u00eda, \u201cla menor tiene un pron\u00f3stico reservado\u201d y debe someterse a trasplante celular. El colof\u00f3n de la situaci\u00f3n fue cruel: sin tratamientos disponibles en la Isla, la \u00fanica alternativa era el extranjero.<\/p>\n\n\n\n<p><strong>El impacto del activismo de Darcy Borrero<\/strong><\/p>\n\n\n\n<p>Fue en ese momento cuando la periodista cubana independiente Darcy Borrero comenz\u00f3 a documentar el caso en su perfil de redes sociales, denunciando la falta de atenci\u00f3n m\u00e9dica adecuada en Cuba e impulsando la campa\u00f1a en favor de N\u00e1thaly. <\/p>\n\n\n\n<p><em>\u201cSi la ni\u00f1a se hubiese quedado en Cuba, se hubiese muerto\u201d,<\/em> afirmaban seguidores y expertos en salud: la presi\u00f3n tambi\u00e9n se basaba en precedentes tr\u00e1gicos conocidos.<\/p>\n\n\n\n<p>Darcy Borrero moviliz\u00f3 a familiares, fundaciones, abogados y pol\u00edticos cubanoamericanos, como <strong>Marco Rubio<\/strong>. Su activismo fue crucial, pues logr\u00f3 poner el caso bajo la lupa medi\u00e1tica. Fue as\u00ed que, el 25 de enero de 2023, el gobierno estadounidense otorg\u00f3 el <strong>parole humanitario<\/strong> tanto a N\u00e1thaly como a su madre, como confirm\u00f3 Diario de las Am\u00e9ricas. <\/p>\n\n\n\n<!DOCTYPE html>\n<html lang=\"es\">\n<head>\n    <meta charset=\"UTF-8\">\n    <meta name=\"viewport\" content=\"width=device-width, initial-scale=1.0\">\n    <title>Reel de Facebook<\/title>\n<\/head>\n<body>\n    <!-- Insertar Reel de Facebook -->\n    <div id=\"fb-root\"><\/div>\n    <script async defer crossorigin=\"anonymous\" \n            src=\"https:\/\/connect.facebook.net\/es_LA\/sdk.js#xfbml=1&#038;version=v18.0\" \n            nonce=\"ABCD1234\">\n    <\/script>\n\n    <div class=\"fb-video\" \n         data-href=\"https:\/\/www.facebook.com\/reel\/1397031734935360\/\" \n         data-width=\"500\" \n         data-show-text=\"true\">\n    <\/div>\n<\/body>\n<\/html>\n\n\n\n<p><strong>El viaje y la atenci\u00f3n m\u00e9dica en EE. UU.<\/strong><\/p>\n\n\n\n<p>El 29 de enero de 2023, la ni\u00f1a y su madre arribaron al Aeropuerto de Miami, donde fueron recibidas por el equipo organizador, incluyendo miembros de la <strong>Hometown Foundation<\/strong>, el senador Marco Rubio, abogados de inmigraci\u00f3n y el fil\u00e1ntropo <strong>Michael Fux<\/strong>, quien se comprometi\u00f3 a cubrir los gastos m\u00e9dicos y la estad\u00eda en el <strong>Nicklaus Children\u2019s Hospital<\/strong>.<\/p>\n\n\n\n<p>La emoci\u00f3n era inmensa. <\/p>\n\n\n\n<p><em>\u201cObtener estas visas ha sido m\u00e1s que una bendici\u00f3n (\u2026) es una oportunidad de vida para mi ni\u00f1a\u201d, <\/em>declar\u00f3 la madre, entre l\u00e1grimas y gratitud. Las redes sociales, encabezadas por Darcy, reflejaron cientos de mensajes de apoyo y retransmisiones de la noticia.<\/p>\n\n\n\n<p><strong>Tratamiento y recuperaci\u00f3n<\/strong><\/p>\n\n\n\n<p>En Estados Unidos, N\u00e1thaly inici\u00f3 de inmediato tratamientos oncoespec\u00edficos, incluyendo quimioterapia de alta dosis, protocolos de soporte y planificaci\u00f3n de trasplante de m\u00e9dula. Ahora, las mismas fuentes han revelado que la ni\u00f1a super\u00f3 la leucemia y qued\u00f3 \u201clibre de c\u00e1ncer\u201d, confirmando que el cambio de escenario fue determinante para su recuperaci\u00f3n.<\/p>\n\n\n\n<blockquote class=\"instagram-media\" data-instgrm-captioned data-instgrm-permalink=\"https:\/\/www.instagram.com\/p\/DMMZwbIARVD\/?utm_source=ig_embed&amp;utm_campaign=loading\" data-instgrm-version=\"14\" style=\" background:#FFF; border:0; border-radius:3px; box-shadow:0 0 1px 0 rgba(0,0,0,0.5),0 1px 10px 0 rgba(0,0,0,0.15); margin: 1px; max-width:540px; min-width:326px; padding:0; width:99.375%; width:-webkit-calc(100% - 2px); width:calc(100% - 2px);\"><div style=\"padding:16px;\"> <a href=\"https:\/\/www.instagram.com\/p\/DMMZwbIARVD\/?utm_source=ig_embed&amp;utm_campaign=loading\" style=\" background:#FFFFFF; line-height:0; padding:0 0; text-align:center; text-decoration:none; width:100%;\" target=\"_blank\"> <div style=\" display: flex; flex-direction: row; align-items: center;\"> <div style=\"background-color: #F4F4F4; border-radius: 50%; flex-grow: 0; height: 40px; margin-right: 14px; width: 40px;\"><\/div> <div style=\"display: flex; flex-direction: column; flex-grow: 1; justify-content: center;\"> <div style=\" background-color: #F4F4F4; border-radius: 4px; flex-grow: 0; height: 14px; margin-bottom: 6px; width: 100px;\"><\/div> <div style=\" background-color: #F4F4F4; border-radius: 4px; flex-grow: 0; height: 14px; width: 60px;\"><\/div><\/div><\/div><div style=\"padding: 19% 0;\"><\/div> <div style=\"display:block; height:50px; margin:0 auto 12px; width:50px;\"><svg width=\"50px\" height=\"50px\" viewBox=\"0 0 60 60\" version=\"1.1\" xmlns=\"https:\/\/www.w3.org\/2000\/svg\" xmlns:xlink=\"https:\/\/www.w3.org\/1999\/xlink\"><g stroke=\"none\" stroke-width=\"1\" fill=\"none\" fill-rule=\"evenodd\"><g transform=\"translate(-511.000000, -20.000000)\" fill=\"#000000\"><g><path d=\"M556.869,30.41 C554.814,30.41 553.148,32.076 553.148,34.131 C553.148,36.186 554.814,37.852 556.869,37.852 C558.924,37.852 560.59,36.186 560.59,34.131 C560.59,32.076 558.924,30.41 556.869,30.41 M541,60.657 C535.114,60.657 530.342,55.887 530.342,50 C530.342,44.114 535.114,39.342 541,39.342 C546.887,39.342 551.658,44.114 551.658,50 C551.658,55.887 546.887,60.657 541,60.657 M541,33.886 C532.1,33.886 524.886,41.1 524.886,50 C524.886,58.899 532.1,66.113 541,66.113 C549.9,66.113 557.115,58.899 557.115,50 C557.115,41.1 549.9,33.886 541,33.886 M565.378,62.101 C565.244,65.022 564.756,66.606 564.346,67.663 C563.803,69.06 563.154,70.057 562.106,71.106 C561.058,72.155 560.06,72.803 558.662,73.347 C557.607,73.757 556.021,74.244 553.102,74.378 C549.944,74.521 548.997,74.552 541,74.552 C533.003,74.552 532.056,74.521 528.898,74.378 C525.979,74.244 524.393,73.757 523.338,73.347 C521.94,72.803 520.942,72.155 519.894,71.106 C518.846,70.057 518.197,69.06 517.654,67.663 C517.244,66.606 516.755,65.022 516.623,62.101 C516.479,58.943 516.448,57.996 516.448,50 C516.448,42.003 516.479,41.056 516.623,37.899 C516.755,34.978 517.244,33.391 517.654,32.338 C518.197,30.938 518.846,29.942 519.894,28.894 C520.942,27.846 521.94,27.196 523.338,26.654 C524.393,26.244 525.979,25.756 528.898,25.623 C532.057,25.479 533.004,25.448 541,25.448 C548.997,25.448 549.943,25.479 553.102,25.623 C556.021,25.756 557.607,26.244 558.662,26.654 C560.06,27.196 561.058,27.846 562.106,28.894 C563.154,29.942 563.803,30.938 564.346,32.338 C564.756,33.391 565.244,34.978 565.378,37.899 C565.522,41.056 565.552,42.003 565.552,50 C565.552,57.996 565.522,58.943 565.378,62.101 M570.82,37.631 C570.674,34.438 570.167,32.258 569.425,30.349 C568.659,28.377 567.633,26.702 565.965,25.035 C564.297,23.368 562.623,22.342 560.652,21.575 C558.743,20.834 556.562,20.326 553.369,20.18 C550.169,20.033 549.148,20 541,20 C532.853,20 531.831,20.033 528.631,20.18 C525.438,20.326 523.257,20.834 521.349,21.575 C519.376,22.342 517.703,23.368 516.035,25.035 C514.368,26.702 513.342,28.377 512.574,30.349 C511.834,32.258 511.326,34.438 511.181,37.631 C511.035,40.831 511,41.851 511,50 C511,58.147 511.035,59.17 511.181,62.369 C511.326,65.562 511.834,67.743 512.574,69.651 C513.342,71.625 514.368,73.296 516.035,74.965 C517.703,76.634 519.376,77.658 521.349,78.425 C523.257,79.167 525.438,79.673 528.631,79.82 C531.831,79.965 532.853,80.001 541,80.001 C549.148,80.001 550.169,79.965 553.369,79.82 C556.562,79.673 558.743,79.167 560.652,78.425 C562.623,77.658 564.297,76.634 565.965,74.965 C567.633,73.296 568.659,71.625 569.425,69.651 C570.167,67.743 570.674,65.562 570.82,62.369 C570.966,59.17 571,58.147 571,50 C571,41.851 570.966,40.831 570.82,37.631\"><\/path><\/g><\/g><\/g><\/svg><\/div><div style=\"padding-top: 8px;\"> <div style=\" color:#3897f0; font-family:Arial,sans-serif; font-size:14px; font-style:normal; font-weight:550; line-height:18px;\">View this post on Instagram<\/div><\/div><div style=\"padding: 12.5% 0;\"><\/div> <div style=\"display: flex; flex-direction: row; margin-bottom: 14px; align-items: center;\"><div> <div style=\"background-color: #F4F4F4; border-radius: 50%; height: 12.5px; width: 12.5px; transform: translateX(0px) translateY(7px);\"><\/div> <div style=\"background-color: #F4F4F4; height: 12.5px; transform: rotate(-45deg) translateX(3px) translateY(1px); width: 12.5px; flex-grow: 0; margin-right: 14px; margin-left: 2px;\"><\/div> <div style=\"background-color: #F4F4F4; border-radius: 50%; height: 12.5px; width: 12.5px; transform: translateX(9px) translateY(-18px);\"><\/div><\/div><div style=\"margin-left: 8px;\"> <div style=\" background-color: #F4F4F4; border-radius: 50%; flex-grow: 0; height: 20px; width: 20px;\"><\/div> <div style=\" width: 0; height: 0; border-top: 2px solid transparent; border-left: 6px solid #f4f4f4; border-bottom: 2px solid transparent; transform: translateX(16px) translateY(-4px) rotate(30deg)\"><\/div><\/div><div style=\"margin-left: auto;\"> <div style=\" width: 0px; border-top: 8px solid #F4F4F4; border-right: 8px solid transparent; transform: translateY(16px);\"><\/div> <div style=\" background-color: #F4F4F4; flex-grow: 0; height: 12px; width: 16px; transform: translateY(-4px);\"><\/div> <div style=\" width: 0; height: 0; border-top: 8px solid #F4F4F4; border-left: 8px solid transparent; transform: translateY(-4px) translateX(8px);\"><\/div><\/div><\/div> <div style=\"display: flex; flex-direction: column; flex-grow: 1; justify-content: center; margin-bottom: 24px;\"> <div style=\" background-color: #F4F4F4; border-radius: 4px; flex-grow: 0; height: 14px; margin-bottom: 6px; width: 224px;\"><\/div> <div style=\" background-color: #F4F4F4; border-radius: 4px; flex-grow: 0; height: 14px; width: 144px;\"><\/div><\/div><\/a><p style=\" color:#c9c8cd; font-family:Arial,sans-serif; font-size:14px; line-height:17px; margin-bottom:0; margin-top:8px; overflow:hidden; padding:8px 0 7px; text-align:center; text-overflow:ellipsis; white-space:nowrap;\"><a href=\"https:\/\/www.instagram.com\/p\/DMMZwbIARVD\/?utm_source=ig_embed&amp;utm_campaign=loading\" style=\" color:#c9c8cd; font-family:Arial,sans-serif; font-size:14px; font-style:normal; font-weight:normal; line-height:17px; text-decoration:none;\" target=\"_blank\">A post shared by Diario Las Ame\u0301ricas (@diariolasamericas)<\/a><\/p><\/div><\/blockquote>\n<script async src=\"\/\/www.instagram.com\/embed.js\"><\/script>\n\n\n\n<p>En contraste, en Cuba, tal intervenci\u00f3n m\u00e9dica hubiera sido imposible. All\u00e1, todos quedan a merced de la disponibilidad de medicinas como metotrexato y ciclofosfamida \u2014casi siempre agotadas\u2014 y de la imposibilidad de acceder a tratamientos modernos o trasplantes oportunos.<\/p>\n\n\n\n<p>El caso de N\u00e1thaly muestra una dicotom\u00eda brutal: <strong>vivir o morir<\/strong>. Gracias a la sola intervenci\u00f3n de figuras como Darcy Borrero, periodistas independientes y activistas digitales, se logr\u00f3 no solo visibilizar el caso sino mover toda una maquinaria diplom\u00e1tico-humanitaria que concluy\u00f3 con una ni\u00f1a fuerte y sana en EE.\u202fUU.<\/p>\n\n\n\n<iframe loading=\"lazy\" src=\"https:\/\/www.facebook.com\/plugins\/video.php?height=476&#038;href=https%3A%2F%2Fwww.facebook.com%2Fdarcy.borrerobatista%2Fvideos%2F1411029340201023%2F&#038;show_text=true&#038;width=267&#038;t=0\" width=\"267\" height=\"591\" style=\"border:none;overflow:hidden\" scrolling=\"no\" frameborder=\"0\" allowfullscreen=\"true\" allow=\"autoplay; clipboard-write; encrypted-media; picture-in-picture; web-share\" allowFullScreen=\"true\"><\/iframe>\n\n\n\n<p>Un esfuerzo tan urgente como el desplegado por la activista conocida como \u00abLara Crofs\u00bb, en el caso de la ni\u00f1a <a href=\"https:\/\/www.cuballama.com\/noticias\/tag\/amanda-lemus-ortiz\/\">Amanda Lemus Ortiz<\/a>, quien luego de enormes p\u00e9rdidas de tiempo e impedimentos para su salida fuera de Cuba, logr\u00f3 viajar a Espa\u00f1a y ser sometido a un transplante exitoso de \u00f3rganos que le salv\u00f3 la vida. <\/p>\n\n\n\n<p>Hoy N\u00e1thaly recibe controles m\u00e9dicos peri\u00f3dicos, protege su salud frente a una posible reca\u00edda y se prepara para reconectar con su vida cotidiana en Estados Unidos. Pero su historia sigue siendo un s\u00edmbolo poderoso del valor del activismo: sin \u00e9l, sin esa presi\u00f3n desde lo civil y medi\u00e1tico, habr\u00eda muerto.<\/p>\n\n\n\n<iframe loading=\"lazy\" src=\"https:\/\/www.facebook.com\/plugins\/post.php?href=https%3A%2F%2Fwww.facebook.com%2Fdarcy.borrerobatista%2Fposts%2Fpfbid02YUPV5yAVGS6rk9qDwEFgFU8bukAnd8zwsAuiZviVFho7ec58wvT1GFJc4fB3KzCsl&#038;show_text=true&#038;width=500\" width=\"500\" height=\"395\" style=\"border:none;overflow:hidden\" scrolling=\"no\" frameborder=\"0\" allowfullscreen=\"true\" allow=\"autoplay; clipboard-write; encrypted-media; picture-in-picture; web-share\"><\/iframe>\n\n\n\n<p><strong>Tal vez quieras leer este otro caso: <a href=\"https:\/\/www.cuballama.com\/noticias\/maria-elvira-salazar-conoce-a-nina-de-7-anos-que-viajo-desde-cuba-para-vencer-el-cancer\/\">Mar\u00eda Elvira Salazar conoce a ni\u00f1a de 7 a\u00f1os que viaj\u00f3 desde Cuba para vencer el c\u00e1ncer<\/a><\/strong><\/p>\n","protected":false},"excerpt":{"rendered":"<p>Hoy N\u00e1thaly recibe controles m\u00e9dicos peri\u00f3dicos, protege su salud frente a una posible reca\u00edda y se prepara para reconectar con su vida cotidiana en Estados Unidos. Pero su historia sigue siendo un s\u00edmbolo poderoso del valor del activismo: sin \u00e9l, sin esa presi\u00f3n desde lo civil y medi\u00e1tico, habr\u00eda muerto.<\/p>\n","protected":false},"author":13,"featured_media":213561,"comment_status":"open","ping_status":"closed","sticky":false,"template":"","format":"standard","meta":{"_acf_changed":false,"footnotes":""},"categories":[18,955,11024,11025],"tags":[24488,11,23090,602,24057,25516,25517,2395,14667,23869,2398],"class_list":{"0":"post-213548","1":"post","2":"type-post","3":"status-publish","4":"format-standard","5":"has-post-thumbnail","7":"category-noticias","8":"category-noticias-de-cuba","9":"category-noticias-de-miami","10":"category-salud","11":"tag-activismo-cubano","12":"tag-cuba","13":"tag-darcy-borrero","14":"tag-estados-unidos","15":"tag-leucemia-infantil","16":"tag-nathaly-zaragoza","17":"tag-nicklaus-childrens-hospital-3","18":"tag-nina-cubana","19":"tag-parole-humanitario","20":"tag-sistema-de-salud-cubano","21":"tag-visa-humanitaria"},"acf":[],"yoast_head":"<!-- This site is optimized with the Yoast SEO plugin v27.5 - https:\/\/yoast.com\/product\/yoast-seo-wordpress\/ -->\n<title>N\u00e1thaly Zaragoza Hern\u00e1ndez: ni\u00f1a cubana que viaj\u00f3 con visa humanitaria a curarse en EE.UU., es declarada libre de c\u00e1ncer - Cuballama Noticias<\/title>\n<meta name=\"description\" content=\"La historia de N\u00e1thaly Zaragoza Hern\u00e1ndez, diagnosticada en Cuba con leucemia linfoide aguda a los 9 a\u00f1os, tuvo final feliz.\" \/>\n<meta name=\"robots\" content=\"index, follow, max-snippet:-1, max-image-preview:large, max-video-preview:-1\" \/>\n<link rel=\"canonical\" href=\"https:\/\/www.cuballama.com\/noticias\/nathaly-zaragoza-hernandez-nina-cubana-que-viajo-con-visa-humanitaria-a-curarse-en-ee-uu-es-declarada-libre-de-cancer\/\" \/>\n<meta property=\"og:locale\" content=\"es_ES\" \/>\n<meta property=\"og:type\" content=\"article\" \/>\n<meta property=\"og:title\" content=\"N\u00e1thaly Zaragoza Hern\u00e1ndez: ni\u00f1a cubana que viaj\u00f3 con visa humanitaria a curarse en EE.UU., es declarada libre de c\u00e1ncer - Cuballama Noticias\" \/>\n<meta property=\"og:description\" content=\"La historia de N\u00e1thaly Zaragoza Hern\u00e1ndez, diagnosticada en Cuba con leucemia linfoide aguda a los 9 a\u00f1os, tuvo final feliz.\" \/>\n<meta property=\"og:url\" content=\"https:\/\/www.cuballama.com\/noticias\/nathaly-zaragoza-hernandez-nina-cubana-que-viajo-con-visa-humanitaria-a-curarse-en-ee-uu-es-declarada-libre-de-cancer\/\" \/>\n<meta property=\"og:site_name\" content=\"Cuballama Noticias\" \/>\n<meta property=\"article:publisher\" content=\"https:\/\/www.facebook.com\/CubaLlama\" \/>\n<meta property=\"article:published_time\" content=\"2025-07-22T13:17:24+00:00\" \/>\n<meta property=\"article:modified_time\" content=\"2025-07-22T13:17:27+00:00\" \/>\n<meta property=\"og:image\" content=\"https:\/\/cdn1.mediawpaccore.net\/wp-content\/uploads\/2025\/07\/17073439\/image-87.png\" \/>\n\t<meta property=\"og:image:width\" content=\"1186\" \/>\n\t<meta property=\"og:image:height\" content=\"648\" \/>\n\t<meta property=\"og:image:type\" content=\"image\/png\" \/>\n<meta name=\"author\" content=\"Roberto A.\" \/>\n<meta name=\"twitter:card\" content=\"summary_large_image\" \/>\n<meta name=\"twitter:creator\" content=\"@cuballama\" \/>\n<meta name=\"twitter:site\" content=\"@cuballama\" \/>\n<meta name=\"twitter:label1\" content=\"Escrito por\" \/>\n\t<meta name=\"twitter:data1\" content=\"Roberto A.\" \/>\n\t<meta name=\"twitter:label2\" content=\"Tiempo de lectura\" \/>\n\t<meta name=\"twitter:data2\" content=\"1 minuto\" \/>\n<script type=\"application\/ld+json\" class=\"yoast-schema-graph\">{\"@context\":\"https:\\\/\\\/schema.org\",\"@graph\":[{\"@type\":\"Article\",\"@id\":\"https:\\\/\\\/www.cuballama.com\\\/noticias\\\/nathaly-zaragoza-hernandez-nina-cubana-que-viajo-con-visa-humanitaria-a-curarse-en-ee-uu-es-declarada-libre-de-cancer\\\/#article\",\"isPartOf\":{\"@id\":\"https:\\\/\\\/www.cuballama.com\\\/noticias\\\/nathaly-zaragoza-hernandez-nina-cubana-que-viajo-con-visa-humanitaria-a-curarse-en-ee-uu-es-declarada-libre-de-cancer\\\/\"},\"author\":{\"name\":\"Roberto A.\",\"@id\":\"https:\\\/\\\/www.cuballama.com\\\/noticias\\\/#\\\/schema\\\/person\\\/a58502ed4146c8e9f83872e897c76cd2\"},\"headline\":\"N\u00e1thaly Zaragoza Hern\u00e1ndez: ni\u00f1a cubana que viaj\u00f3 con visa humanitaria a curarse en EE.UU., es declarada libre de c\u00e1ncer\",\"datePublished\":\"2025-07-22T13:17:24+00:00\",\"dateModified\":\"2025-07-22T13:17:27+00:00\",\"mainEntityOfPage\":{\"@id\":\"https:\\\/\\\/www.cuballama.com\\\/noticias\\\/nathaly-zaragoza-hernandez-nina-cubana-que-viajo-con-visa-humanitaria-a-curarse-en-ee-uu-es-declarada-libre-de-cancer\\\/\"},\"wordCount\":948,\"commentCount\":0,\"publisher\":{\"@id\":\"https:\\\/\\\/www.cuballama.com\\\/noticias\\\/#organization\"},\"image\":{\"@id\":\"https:\\\/\\\/www.cuballama.com\\\/noticias\\\/nathaly-zaragoza-hernandez-nina-cubana-que-viajo-con-visa-humanitaria-a-curarse-en-ee-uu-es-declarada-libre-de-cancer\\\/#primaryimage\"},\"thumbnailUrl\":\"https:\\\/\\\/cdn1.mediawpaccore.net\\\/wp-content\\\/uploads\\\/2025\\\/07\\\/17073439\\\/image-87.png\",\"keywords\":[\"activismo cubano\",\"Cuba\",\"Darcy Borrero\",\"Estados Unidos\",\"leucemia infantil\",\"N\u00e1thaly Zaragoza\",\"Nicklaus Children\u2019s Hospital\",\"Ni\u00f1a cubana\",\"parole humanitario\",\"sistema de salud cubano\",\"VISA Humanitaria\"],\"articleSection\":[\"Noticias\",\"Noticias de Cuba\",\"Noticias de Miami\",\"Salud\"],\"inLanguage\":\"es\",\"potentialAction\":[{\"@type\":\"CommentAction\",\"name\":\"Comment\",\"target\":[\"https:\\\/\\\/www.cuballama.com\\\/noticias\\\/nathaly-zaragoza-hernandez-nina-cubana-que-viajo-con-visa-humanitaria-a-curarse-en-ee-uu-es-declarada-libre-de-cancer\\\/#respond\"]}]},{\"@type\":\"WebPage\",\"@id\":\"https:\\\/\\\/www.cuballama.com\\\/noticias\\\/nathaly-zaragoza-hernandez-nina-cubana-que-viajo-con-visa-humanitaria-a-curarse-en-ee-uu-es-declarada-libre-de-cancer\\\/\",\"url\":\"https:\\\/\\\/www.cuballama.com\\\/noticias\\\/nathaly-zaragoza-hernandez-nina-cubana-que-viajo-con-visa-humanitaria-a-curarse-en-ee-uu-es-declarada-libre-de-cancer\\\/\",\"name\":\"N\u00e1thaly Zaragoza Hern\u00e1ndez: ni\u00f1a cubana que viaj\u00f3 con visa humanitaria a curarse en EE.UU., es declarada libre de c\u00e1ncer - Cuballama Noticias\",\"isPartOf\":{\"@id\":\"https:\\\/\\\/www.cuballama.com\\\/noticias\\\/#website\"},\"primaryImageOfPage\":{\"@id\":\"https:\\\/\\\/www.cuballama.com\\\/noticias\\\/nathaly-zaragoza-hernandez-nina-cubana-que-viajo-con-visa-humanitaria-a-curarse-en-ee-uu-es-declarada-libre-de-cancer\\\/#primaryimage\"},\"image\":{\"@id\":\"https:\\\/\\\/www.cuballama.com\\\/noticias\\\/nathaly-zaragoza-hernandez-nina-cubana-que-viajo-con-visa-humanitaria-a-curarse-en-ee-uu-es-declarada-libre-de-cancer\\\/#primaryimage\"},\"thumbnailUrl\":\"https:\\\/\\\/cdn1.mediawpaccore.net\\\/wp-content\\\/uploads\\\/2025\\\/07\\\/17073439\\\/image-87.png\",\"datePublished\":\"2025-07-22T13:17:24+00:00\",\"dateModified\":\"2025-07-22T13:17:27+00:00\",\"description\":\"La historia de N\u00e1thaly Zaragoza Hern\u00e1ndez, diagnosticada en Cuba con leucemia linfoide aguda a los 9 a\u00f1os, tuvo final feliz.\",\"breadcrumb\":{\"@id\":\"https:\\\/\\\/www.cuballama.com\\\/noticias\\\/nathaly-zaragoza-hernandez-nina-cubana-que-viajo-con-visa-humanitaria-a-curarse-en-ee-uu-es-declarada-libre-de-cancer\\\/#breadcrumb\"},\"inLanguage\":\"es\",\"potentialAction\":[{\"@type\":\"ReadAction\",\"target\":[\"https:\\\/\\\/www.cuballama.com\\\/noticias\\\/nathaly-zaragoza-hernandez-nina-cubana-que-viajo-con-visa-humanitaria-a-curarse-en-ee-uu-es-declarada-libre-de-cancer\\\/\"]}]},{\"@type\":\"ImageObject\",\"inLanguage\":\"es\",\"@id\":\"https:\\\/\\\/www.cuballama.com\\\/noticias\\\/nathaly-zaragoza-hernandez-nina-cubana-que-viajo-con-visa-humanitaria-a-curarse-en-ee-uu-es-declarada-libre-de-cancer\\\/#primaryimage\",\"url\":\"https:\\\/\\\/cdn1.mediawpaccore.net\\\/wp-content\\\/uploads\\\/2025\\\/07\\\/17073439\\\/image-87.png\",\"contentUrl\":\"https:\\\/\\\/cdn1.mediawpaccore.net\\\/wp-content\\\/uploads\\\/2025\\\/07\\\/17073439\\\/image-87.png\",\"width\":1186,\"height\":648,\"caption\":\"N\u00e1thaly Zaragoza Hern\u00e1ndez en una foto junto a la periodista independiente cubana Darcy Borrero, quien dio a conocer su caso en redes sociales y se moviliz\u00f3 para que la menor viniese a curarse a los EE.UU. Foto: Darcy Bo \\\/ Facebook\"},{\"@type\":\"BreadcrumbList\",\"@id\":\"https:\\\/\\\/www.cuballama.com\\\/noticias\\\/nathaly-zaragoza-hernandez-nina-cubana-que-viajo-con-visa-humanitaria-a-curarse-en-ee-uu-es-declarada-libre-de-cancer\\\/#breadcrumb\",\"itemListElement\":[{\"@type\":\"ListItem\",\"position\":1,\"name\":\"Home\",\"item\":\"https:\\\/\\\/www.cuballama.com\\\/noticias\\\/\"},{\"@type\":\"ListItem\",\"position\":2,\"name\":\"N\u00e1thaly Zaragoza Hern\u00e1ndez: ni\u00f1a cubana que viaj\u00f3 con visa humanitaria a curarse en EE.UU., es declarada libre de c\u00e1ncer\"}]},{\"@type\":\"WebSite\",\"@id\":\"https:\\\/\\\/www.cuballama.com\\\/noticias\\\/#website\",\"url\":\"https:\\\/\\\/www.cuballama.com\\\/noticias\\\/\",\"name\":\"Cuballama Noticias\",\"description\":\"Medio digital sobre Cuba y el mundo\",\"publisher\":{\"@id\":\"https:\\\/\\\/www.cuballama.com\\\/noticias\\\/#organization\"},\"potentialAction\":[{\"@type\":\"SearchAction\",\"target\":{\"@type\":\"EntryPoint\",\"urlTemplate\":\"https:\\\/\\\/www.cuballama.com\\\/noticias\\\/?s={search_term_string}\"},\"query-input\":{\"@type\":\"PropertyValueSpecification\",\"valueRequired\":true,\"valueName\":\"search_term_string\"}}],\"inLanguage\":\"es\"},{\"@type\":\"Organization\",\"@id\":\"https:\\\/\\\/www.cuballama.com\\\/noticias\\\/#organization\",\"name\":\"Cuballama\",\"url\":\"https:\\\/\\\/www.cuballama.com\\\/noticias\\\/\",\"logo\":{\"@type\":\"ImageObject\",\"inLanguage\":\"es\",\"@id\":\"https:\\\/\\\/www.cuballama.com\\\/noticias\\\/#\\\/schema\\\/logo\\\/image\\\/\",\"url\":\"https:\\\/\\\/cdn1.mediawpaccore.net\\\/wp-content\\\/uploads\\\/2021\\\/12\\\/28171206\\\/cbll-logo-color-sm.png\",\"contentUrl\":\"https:\\\/\\\/cdn1.mediawpaccore.net\\\/wp-content\\\/uploads\\\/2021\\\/12\\\/28171206\\\/cbll-logo-color-sm.png\",\"width\":600,\"height\":133,\"caption\":\"Cuballama\"},\"image\":{\"@id\":\"https:\\\/\\\/www.cuballama.com\\\/noticias\\\/#\\\/schema\\\/logo\\\/image\\\/\"},\"sameAs\":[\"https:\\\/\\\/www.facebook.com\\\/CubaLlama\",\"https:\\\/\\\/x.com\\\/cuballama\",\"https:\\\/\\\/www.instagram.com\\\/stories\\\/cuballama_oficial\\\/\",\"https:\\\/\\\/www.youtube.com\\\/channel\\\/UCKkFE-d_axENGZcrc4as0IA\"]},{\"@type\":\"Person\",\"@id\":\"https:\\\/\\\/www.cuballama.com\\\/noticias\\\/#\\\/schema\\\/person\\\/a58502ed4146c8e9f83872e897c76cd2\",\"name\":\"Roberto A.\",\"description\":\"Roberto A. Periodista por decisi\u00f3n propia. Interesado en cualquier tema que me apasione y cada vez m\u00e1s comprometido con la verdad y la objetividad period\u00edstica. Graduado en La Habana hace ya muchos a\u00f1os, luego de una accidentada y polvorienta b\u00fasqueda de informaci\u00f3n sobre un tema in\u00e9dito. La Tesis, por cierto, desapareci\u00f3 de la biblioteca y no se conservan copias de la misma.\",\"url\":\"https:\\\/\\\/www.cuballama.com\\\/noticias\\\/author\\\/roberto\\\/\"}]}<\/script>\n<!-- \/ Yoast SEO plugin. -->","yoast_head_json":{"title":"N\u00e1thaly Zaragoza Hern\u00e1ndez: ni\u00f1a cubana que viaj\u00f3 con visa humanitaria a curarse en EE.UU., es declarada libre de c\u00e1ncer - Cuballama Noticias","description":"La historia de N\u00e1thaly Zaragoza Hern\u00e1ndez, diagnosticada en Cuba con leucemia linfoide aguda a los 9 a\u00f1os, tuvo final feliz.","robots":{"index":"index","follow":"follow","max-snippet":"max-snippet:-1","max-image-preview":"max-image-preview:large","max-video-preview":"max-video-preview:-1"},"canonical":"https:\/\/www.cuballama.com\/noticias\/nathaly-zaragoza-hernandez-nina-cubana-que-viajo-con-visa-humanitaria-a-curarse-en-ee-uu-es-declarada-libre-de-cancer\/","og_locale":"es_ES","og_type":"article","og_title":"N\u00e1thaly Zaragoza Hern\u00e1ndez: ni\u00f1a cubana que viaj\u00f3 con visa humanitaria a curarse en EE.UU., es declarada libre de c\u00e1ncer - Cuballama Noticias","og_description":"La historia de N\u00e1thaly Zaragoza Hern\u00e1ndez, diagnosticada en Cuba con leucemia linfoide aguda a los 9 a\u00f1os, tuvo final feliz.","og_url":"https:\/\/www.cuballama.com\/noticias\/nathaly-zaragoza-hernandez-nina-cubana-que-viajo-con-visa-humanitaria-a-curarse-en-ee-uu-es-declarada-libre-de-cancer\/","og_site_name":"Cuballama Noticias","article_publisher":"https:\/\/www.facebook.com\/CubaLlama","article_published_time":"2025-07-22T13:17:24+00:00","article_modified_time":"2025-07-22T13:17:27+00:00","og_image":[{"width":1186,"height":648,"url":"https:\/\/cdn1.mediawpaccore.net\/wp-content\/uploads\/2025\/07\/17073439\/image-87.png","type":"image\/png"}],"author":"Roberto A.","twitter_card":"summary_large_image","twitter_creator":"@cuballama","twitter_site":"@cuballama","twitter_misc":{"Escrito por":"Roberto A.","Tiempo de lectura":"1 minuto"},"schema":{"@context":"https:\/\/schema.org","@graph":[{"@type":"Article","@id":"https:\/\/www.cuballama.com\/noticias\/nathaly-zaragoza-hernandez-nina-cubana-que-viajo-con-visa-humanitaria-a-curarse-en-ee-uu-es-declarada-libre-de-cancer\/#article","isPartOf":{"@id":"https:\/\/www.cuballama.com\/noticias\/nathaly-zaragoza-hernandez-nina-cubana-que-viajo-con-visa-humanitaria-a-curarse-en-ee-uu-es-declarada-libre-de-cancer\/"},"author":{"name":"Roberto A.","@id":"https:\/\/www.cuballama.com\/noticias\/#\/schema\/person\/a58502ed4146c8e9f83872e897c76cd2"},"headline":"N\u00e1thaly Zaragoza Hern\u00e1ndez: ni\u00f1a cubana que viaj\u00f3 con visa humanitaria a curarse en EE.UU., es declarada libre de c\u00e1ncer","datePublished":"2025-07-22T13:17:24+00:00","dateModified":"2025-07-22T13:17:27+00:00","mainEntityOfPage":{"@id":"https:\/\/www.cuballama.com\/noticias\/nathaly-zaragoza-hernandez-nina-cubana-que-viajo-con-visa-humanitaria-a-curarse-en-ee-uu-es-declarada-libre-de-cancer\/"},"wordCount":948,"commentCount":0,"publisher":{"@id":"https:\/\/www.cuballama.com\/noticias\/#organization"},"image":{"@id":"https:\/\/www.cuballama.com\/noticias\/nathaly-zaragoza-hernandez-nina-cubana-que-viajo-con-visa-humanitaria-a-curarse-en-ee-uu-es-declarada-libre-de-cancer\/#primaryimage"},"thumbnailUrl":"https:\/\/cdn1.mediawpaccore.net\/wp-content\/uploads\/2025\/07\/17073439\/image-87.png","keywords":["activismo cubano","Cuba","Darcy Borrero","Estados Unidos","leucemia infantil","N\u00e1thaly Zaragoza","Nicklaus Children\u2019s Hospital","Ni\u00f1a cubana","parole humanitario","sistema de salud cubano","VISA Humanitaria"],"articleSection":["Noticias","Noticias de Cuba","Noticias de Miami","Salud"],"inLanguage":"es","potentialAction":[{"@type":"CommentAction","name":"Comment","target":["https:\/\/www.cuballama.com\/noticias\/nathaly-zaragoza-hernandez-nina-cubana-que-viajo-con-visa-humanitaria-a-curarse-en-ee-uu-es-declarada-libre-de-cancer\/#respond"]}]},{"@type":"WebPage","@id":"https:\/\/www.cuballama.com\/noticias\/nathaly-zaragoza-hernandez-nina-cubana-que-viajo-con-visa-humanitaria-a-curarse-en-ee-uu-es-declarada-libre-de-cancer\/","url":"https:\/\/www.cuballama.com\/noticias\/nathaly-zaragoza-hernandez-nina-cubana-que-viajo-con-visa-humanitaria-a-curarse-en-ee-uu-es-declarada-libre-de-cancer\/","name":"N\u00e1thaly Zaragoza Hern\u00e1ndez: ni\u00f1a cubana que viaj\u00f3 con visa humanitaria a curarse en EE.UU., es declarada libre de c\u00e1ncer - Cuballama Noticias","isPartOf":{"@id":"https:\/\/www.cuballama.com\/noticias\/#website"},"primaryImageOfPage":{"@id":"https:\/\/www.cuballama.com\/noticias\/nathaly-zaragoza-hernandez-nina-cubana-que-viajo-con-visa-humanitaria-a-curarse-en-ee-uu-es-declarada-libre-de-cancer\/#primaryimage"},"image":{"@id":"https:\/\/www.cuballama.com\/noticias\/nathaly-zaragoza-hernandez-nina-cubana-que-viajo-con-visa-humanitaria-a-curarse-en-ee-uu-es-declarada-libre-de-cancer\/#primaryimage"},"thumbnailUrl":"https:\/\/cdn1.mediawpaccore.net\/wp-content\/uploads\/2025\/07\/17073439\/image-87.png","datePublished":"2025-07-22T13:17:24+00:00","dateModified":"2025-07-22T13:17:27+00:00","description":"La historia de N\u00e1thaly Zaragoza Hern\u00e1ndez, diagnosticada en Cuba con leucemia linfoide aguda a los 9 a\u00f1os, tuvo final feliz.","breadcrumb":{"@id":"https:\/\/www.cuballama.com\/noticias\/nathaly-zaragoza-hernandez-nina-cubana-que-viajo-con-visa-humanitaria-a-curarse-en-ee-uu-es-declarada-libre-de-cancer\/#breadcrumb"},"inLanguage":"es","potentialAction":[{"@type":"ReadAction","target":["https:\/\/www.cuballama.com\/noticias\/nathaly-zaragoza-hernandez-nina-cubana-que-viajo-con-visa-humanitaria-a-curarse-en-ee-uu-es-declarada-libre-de-cancer\/"]}]},{"@type":"ImageObject","inLanguage":"es","@id":"https:\/\/www.cuballama.com\/noticias\/nathaly-zaragoza-hernandez-nina-cubana-que-viajo-con-visa-humanitaria-a-curarse-en-ee-uu-es-declarada-libre-de-cancer\/#primaryimage","url":"https:\/\/cdn1.mediawpaccore.net\/wp-content\/uploads\/2025\/07\/17073439\/image-87.png","contentUrl":"https:\/\/cdn1.mediawpaccore.net\/wp-content\/uploads\/2025\/07\/17073439\/image-87.png","width":1186,"height":648,"caption":"N\u00e1thaly Zaragoza Hern\u00e1ndez en una foto junto a la periodista independiente cubana Darcy Borrero, quien dio a conocer su caso en redes sociales y se moviliz\u00f3 para que la menor viniese a curarse a los EE.UU. Foto: Darcy Bo \/ Facebook"},{"@type":"BreadcrumbList","@id":"https:\/\/www.cuballama.com\/noticias\/nathaly-zaragoza-hernandez-nina-cubana-que-viajo-con-visa-humanitaria-a-curarse-en-ee-uu-es-declarada-libre-de-cancer\/#breadcrumb","itemListElement":[{"@type":"ListItem","position":1,"name":"Home","item":"https:\/\/www.cuballama.com\/noticias\/"},{"@type":"ListItem","position":2,"name":"N\u00e1thaly Zaragoza Hern\u00e1ndez: ni\u00f1a cubana que viaj\u00f3 con visa humanitaria a curarse en EE.UU., es declarada libre de c\u00e1ncer"}]},{"@type":"WebSite","@id":"https:\/\/www.cuballama.com\/noticias\/#website","url":"https:\/\/www.cuballama.com\/noticias\/","name":"Cuballama Noticias","description":"Medio digital sobre Cuba y el mundo","publisher":{"@id":"https:\/\/www.cuballama.com\/noticias\/#organization"},"potentialAction":[{"@type":"SearchAction","target":{"@type":"EntryPoint","urlTemplate":"https:\/\/www.cuballama.com\/noticias\/?s={search_term_string}"},"query-input":{"@type":"PropertyValueSpecification","valueRequired":true,"valueName":"search_term_string"}}],"inLanguage":"es"},{"@type":"Organization","@id":"https:\/\/www.cuballama.com\/noticias\/#organization","name":"Cuballama","url":"https:\/\/www.cuballama.com\/noticias\/","logo":{"@type":"ImageObject","inLanguage":"es","@id":"https:\/\/www.cuballama.com\/noticias\/#\/schema\/logo\/image\/","url":"https:\/\/cdn1.mediawpaccore.net\/wp-content\/uploads\/2021\/12\/28171206\/cbll-logo-color-sm.png","contentUrl":"https:\/\/cdn1.mediawpaccore.net\/wp-content\/uploads\/2021\/12\/28171206\/cbll-logo-color-sm.png","width":600,"height":133,"caption":"Cuballama"},"image":{"@id":"https:\/\/www.cuballama.com\/noticias\/#\/schema\/logo\/image\/"},"sameAs":["https:\/\/www.facebook.com\/CubaLlama","https:\/\/x.com\/cuballama","https:\/\/www.instagram.com\/stories\/cuballama_oficial\/","https:\/\/www.youtube.com\/channel\/UCKkFE-d_axENGZcrc4as0IA"]},{"@type":"Person","@id":"https:\/\/www.cuballama.com\/noticias\/#\/schema\/person\/a58502ed4146c8e9f83872e897c76cd2","name":"Roberto A.","description":"Roberto A. Periodista por decisi\u00f3n propia. Interesado en cualquier tema que me apasione y cada vez m\u00e1s comprometido con la verdad y la objetividad period\u00edstica. Graduado en La Habana hace ya muchos a\u00f1os, luego de una accidentada y polvorienta b\u00fasqueda de informaci\u00f3n sobre un tema in\u00e9dito. La Tesis, por cierto, desapareci\u00f3 de la biblioteca y no se conservan copias de la misma.","url":"https:\/\/www.cuballama.com\/noticias\/author\/roberto\/"}]}},"_links":{"self":[{"href":"https:\/\/www.cuballama.com\/noticias\/wp-json\/wp\/v2\/posts\/213548","targetHints":{"allow":["GET"]}}],"collection":[{"href":"https:\/\/www.cuballama.com\/noticias\/wp-json\/wp\/v2\/posts"}],"about":[{"href":"https:\/\/www.cuballama.com\/noticias\/wp-json\/wp\/v2\/types\/post"}],"author":[{"embeddable":true,"href":"https:\/\/www.cuballama.com\/noticias\/wp-json\/wp\/v2\/users\/13"}],"replies":[{"embeddable":true,"href":"https:\/\/www.cuballama.com\/noticias\/wp-json\/wp\/v2\/comments?post=213548"}],"version-history":[{"count":12,"href":"https:\/\/www.cuballama.com\/noticias\/wp-json\/wp\/v2\/posts\/213548\/revisions"}],"predecessor-version":[{"id":213564,"href":"https:\/\/www.cuballama.com\/noticias\/wp-json\/wp\/v2\/posts\/213548\/revisions\/213564"}],"wp:featuredmedia":[{"embeddable":true,"href":"https:\/\/www.cuballama.com\/noticias\/wp-json\/wp\/v2\/media\/213561"}],"wp:attachment":[{"href":"https:\/\/www.cuballama.com\/noticias\/wp-json\/wp\/v2\/media?parent=213548"}],"wp:term":[{"taxonomy":"category","embeddable":true,"href":"https:\/\/www.cuballama.com\/noticias\/wp-json\/wp\/v2\/categories?post=213548"},{"taxonomy":"post_tag","embeddable":true,"href":"https:\/\/www.cuballama.com\/noticias\/wp-json\/wp\/v2\/tags?post=213548"}],"curies":[{"name":"wp","href":"https:\/\/api.w.org\/{rel}","templated":true}]}}