{"id":213509,"date":"2025-07-17T11:25:49","date_gmt":"2025-07-17T15:25:49","guid":{"rendered":"https:\/\/www.cuballama.com\/noticias\/?p=213509"},"modified":"2025-07-17T11:25:52","modified_gmt":"2025-07-17T15:25:52","slug":"marrero-hace-un-cuento-que-nadie-se-cree-y-muchos-se-preguntan-por-que-tu-no-hiciste-lo-mismo","status":"publish","type":"post","link":"https:\/\/www.cuballama.com\/noticias\/marrero-hace-un-cuento-que-nadie-se-cree-y-muchos-se-preguntan-por-que-tu-no-hiciste-lo-mismo\/","title":{"rendered":"Marrero hace un cuento que nadie se cree y muchos se preguntan: \u00bfpor qu\u00e9 t\u00fa no hiciste lo mismo?"},"content":{"rendered":"\n<p>El primer ministro Manuel Marrero Cruz reuni\u00f3 esta semana al plenario del Parlamento para presentar \u2014con aire \u00e9pico\u2014 la historia de c\u00f3mo la ex ministra de Trabajo, Marta Elena Feit\u00f3 Cabrera, habr\u00eda \u201creconocido sus errores\u201d y presentado su renuncia de forma voluntaria. <\/p>\n\n\n\n<p>Seg\u00fan \u00e9l, la escena fue digna de libro: la ministra, en un arranque de sinceridad, admiti\u00f3 que se equivoc\u00f3 \u201cen lo nunca debi\u00f3 haberse equivocado\u201d, que no estaba en condiciones de seguir al frente, y pidi\u00f3 \u201cliberar sus responsabilidades\u201d. <\/p>\n\n\n\n<p>\u201cFue valiente\u201d, concluy\u00f3 Marrero, mostrando una condescendencia casi paternal. <\/p>\n\n\n\n<iframe loading=\"lazy\" src=\"https:\/\/www.facebook.com\/plugins\/video.php?height=476&#038;href=https%3A%2F%2Fwww.facebook.com%2Falbertoaregocu%2Fvideos%2F1664554767588062%2F&#038;show_text=true&#038;width=267&#038;t=0\" width=\"267\" height=\"591\" style=\"border:none;overflow:hidden\" scrolling=\"no\" frameborder=\"0\" allowfullscreen=\"true\" allow=\"autoplay; clipboard-write; encrypted-media; picture-in-picture; web-share\" allowFullScreen=\"true\"><\/iframe>\n\n\n\n<p>No obstante, el relato oficial tiene ese regusto de guion bien pulido: tropiezo espectacular, redenci\u00f3n p\u00fablica y, acto seguido, salida ordenada. Todo muy conmovedor, si uno no recuerda que en Cuba no existen espontaneidades cuando se trata de altos cargos. Marrero resalt\u00f3 adem\u00e1s que el Consejo de Direcci\u00f3n del ministerio estuvo \u201cde acuerdo\u201d con el movimiento, reforzando la idea de que fue un acto conjunto, colegiado y aparentemente, autoimpuesto .<\/p>\n\n\n\n<p>Para quien conozca casos de estas \u00abdimisiones\u00bb por \u00aberrores cometidos\u00bb, sabe que esta historia contada por Marrero est\u00e1 muy mal contada, a no ser que las cosas hayan cambiado tanto en Palacio como para que el tono se haya rebajado a una conversaci\u00f3n al nivel de la de los suecos. <\/p>\n\n\n\n<p>En honor a la verdad, y para echarle un cabo a Marrero, habr\u00eda que pensar qui\u00e9nes fueron los que se reunieron con \u00abMartica\u00bb, porque si fue Ra\u00fal, o Machado Ventura, por ejemplo, p\u00f3ngale el cu\u00f1o que \u00ablas flores\u00bb volaron. \u00a1Si lo sabr\u00e1 Pelayo Terry! O&#8230; Boris Fuentes. O cualquiera de los defenestrados en a\u00f1os anteriores, que vieron pasar por delante de sus caras, pi&#8230; y co&#8230; como si eso fuera una org\u00eda brasile\u00f1a. A m\u00e1s de uno, mujeres y hombres, los pusieron siempre &#8211; a todos &#8211; como un verdadero zapato.<\/p>\n\n\n\n<p>De todas maneras, lo que muchos consideran fue una escena montada &#8211; t\u00e9ngase en cuenta que de la nada, ayer, subieron las prestaciones a los jubilados, lo cual a los ojos de la poblaci\u00f3n menos pensante, que es la mayor\u00eda, pone a buen resguardo c\u00f3mo la Revoluci\u00f3n y sus dirigentes salen a enfrentar los problemas &#8211; el guion siempre se descompone. Si a la ex ministra la aplauden por su \u201cvalent\u00eda\u201d, \u00bfpor qu\u00e9 Marrero no hizo lo mismo cuando \u00e9l \u2014en plena pandemia\u2014 hizo responsables a los m\u00e9dicos de Cienfuegos &#8211; y a todos en sentido general &#8211; por las muertes ocurridas en el pa\u00eds? En aquel entonces, Marrero acus\u00f3 a los galenos de indisciplina, falta de humanidad y errores. Nada de autocr\u00edtica, mucho de se\u00f1alar con el dedo y, por supuesto, conserv\u00f3 su cargo sin mayores consecuencias. \u00bfValent\u00eda solo aplicada a otros?<\/p>\n\n\n\n<p>Quiz\u00e1s el mantra de Marrero sea: \u201cautoevaluaci\u00f3n solo si te lo piden\u201d. Y vaya que se lo pidieron: despu\u00e9s del estallido social contra la ministra \u2014que neg\u00f3 la existencia de mendigos en Cuba, calific\u00e1ndolos de \u201cdisfrazados\u201d que eligen una vida f\u00e1cil\u2014 Marrero no tuvo m\u00e1s remedio que recoger el guante. En el Parlamento admiti\u00f3 que la postura de la ministra \u201cno se aven\u00eda con la pol\u00edtica del gobierno\u201d y defendi\u00f3 que \u201cno se puede envolver en terciopelo ni edulcorarlo\u201d el problema de la indigencia en la isla.<\/p>\n\n\n\n<p>Fortalecido el cap\u00edtulo dram\u00e1tico, Marrero prometi\u00f3 mantener la atenci\u00f3n a las personas vulnerables como \u201cprioridad de la Revoluci\u00f3n\u201d y record\u00f3 que el Consejo de Ministros aprob\u00f3 procedimientos para esos casos. En paralelo, la prensa independiente destacaba que m\u00e1s de 3\u202f700 personas viven en los llamados Centros de Protecci\u00f3n Social, el 38\u202f% de ellas sin hogar al que regresar; adem\u00e1s, numerosos m\u00e9dicos denunciaron un colapso sanitario casi cr\u00f3nico, lejos de la versi\u00f3n oficial de \u201cmortalidad por falta de sensibilidad\u201d.<\/p>\n\n\n\n<p>Lo m\u00e1s curioso es que, ante una crisis sanitaria real \u2014con m\u00e9dicos agotados, hospitales sin recursos, y una pandemia que lo puso todo patas arriba\u2014 Marrero opt\u00f3 por responsabilizar a los trabajadores, en lugar de dimitir o asumir el peso de sus propias decisiones. Ahora, ante una ministra que simplemente reconoci\u00f3 un error verbal, se erige en adalid de la valent\u00eda y presume del desenlace dram\u00e1tico. <\/p>\n\n\n\n<p>El contraste no pasa desapercibido: muchos cubanos se preguntan<em> \u00bfpor qu\u00e9 este cuento no lo escribiste t\u00fa mismo en aquel entonces? <\/em>\u00bfD\u00f3nde qued\u00f3 la valent\u00eda del primer ministro para reconocer que, tal vez, la pandemia encontr\u00f3 una c\u00fapula improvisada pero firme en culpar sin cuestionar? \u00bfPor qu\u00e9 ahora s\u00ed \u201cencontraron la forma\u201d de elevar a una ministra al pedestal de la empat\u00eda, mientras la sociedad se sigue hundiendo en la precariedad? Tal vez, por ah\u00ed, pudiera empezar a reconocer \u00abla ca\u00f1ona\u00bb &#8211; denunciada, porque <em>sotto voce <\/em>hay m\u00e1s de una &#8211; que le meti\u00f3 a una ex secretaria suya cuando era dirigente del Turismo en Holgu\u00edn.<\/p>\n\n\n\n<p>Incluso, para que no se sienta solo, pudi\u00e9ramos sumar &#8211; ya desde las redes sociales se hace &#8211; el pedido de que los 12 diputados que hablaron tras la ministra, y que incluso uno, como Yusuam, la elogi\u00f3 por sus palabras, dimitan tambi\u00e9n. Pudiera, si se quisiera, revisar las c\u00e1maras y ver todos los que la aplaudieron &#8211; que fueron todos seguramente &#8211; y llamarlos a contar, hal\u00f3n de oreja mediante, y decirles que no se puede ser tan obediente, porque la Revoluci\u00f3n, si la miramos en el sentido estricto de lo que es la palabra, no lo que es \u00abla cubana\u00bb, es desobediencia.<\/p>\n\n\n\n<p>Si la lecci\u00f3n es que los responsables deben asumir su error, qu\u00e9 \u00fatil habr\u00eda sido un <em>Munus Proprio<\/em> de Marrero sobre los m\u00e9dicos se\u00f1alados en Cienfuegos o sobre las pol\u00edticas que llevaron a estos d\u00edas cr\u00edticos (y los aplaudidores). Pero claro, en este cuento dram\u00e1tico-inteligible, solo brillan los actos cuando los protagonistas son otros. El problema de la autocr\u00edtica selectiva es que, tarde o temprano, deja ver el teatro de fondo, y el maestro de ceremonia, solo muestra las escenas que quiere.<\/p>\n\n\n\n<p><strong>tal vez quieras leer:<\/strong> <strong><a href=\"https:\/\/www.cuballama.com\/noticias\/hasta-en-macedonia-del-norte-la-dimision-de-la-ministra-de-tss-en-cuba-es-noticia\/\" target=\"_blank\" rel=\"noreferrer noopener\">Hasta en Macedonia del Norte la dimisi\u00f3n de la Ministra de TSS en Cuba, es noticia<\/a><\/strong><\/p>\n","protected":false},"excerpt":{"rendered":"<p>El primer ministro Manuel Marrero Cruz reuni\u00f3 esta semana al plenario del Parlamento para presentar \u2014con aire \u00e9pico\u2014 la historia de c\u00f3mo la ex ministra de Trabajo, Marta Elena Feit\u00f3 Cabrera, habr\u00eda \u201creconocido sus errores\u201d y presentado su renuncia de forma voluntaria. Seg\u00fan \u00e9l, la escena fue digna de libro: la ministra, en un arranque [&hellip;]<\/p>\n","protected":false},"author":13,"featured_media":213511,"comment_status":"open","ping_status":"closed","sticky":false,"template":"","format":"standard","meta":{"_acf_changed":false,"footnotes":""},"categories":[18,955,9667],"tags":[5368,11,1561,941,20866,7831,25487,20868],"class_list":{"0":"post-213509","1":"post","2":"type-post","3":"status-publish","4":"format-standard","5":"has-post-thumbnail","7":"category-noticias","8":"category-noticias-de-cuba","9":"category-opinion","10":"tag-asamblea-nacional-del-poder-popular","11":"tag-cuba","12":"tag-denuncias","13":"tag-destacado","14":"tag-dimisiones","15":"tag-manuel-marrero","16":"tag-martha-elena-feito-cabrera","17":"tag-renuncias"},"acf":[],"yoast_head":"<!-- This site is optimized with the Yoast SEO plugin v27.5 - https:\/\/yoast.com\/product\/yoast-seo-wordpress\/ -->\n<title>Marrero hace un cuento que nadie se cree y muchos se preguntan: \u00bfpor qu\u00e9 t\u00fa no hiciste lo mismo? - Cuballama Noticias<\/title>\n<meta name=\"description\" content=\"Manuel Marrero se revela cuentista y narra la epopeya de c\u00f3mo la ex Ministra de TSS reconoci\u00f3 sus errores y pidi\u00f3 su dimisi\u00f3n.\" \/>\n<meta name=\"robots\" content=\"index, follow, max-snippet:-1, max-image-preview:large, max-video-preview:-1\" \/>\n<link rel=\"canonical\" href=\"https:\/\/www.cuballama.com\/noticias\/marrero-hace-un-cuento-que-nadie-se-cree-y-muchos-se-preguntan-por-que-tu-no-hiciste-lo-mismo\/\" \/>\n<meta property=\"og:locale\" content=\"es_ES\" \/>\n<meta property=\"og:type\" content=\"article\" \/>\n<meta property=\"og:title\" content=\"Marrero hace un cuento que nadie se cree y muchos se preguntan: \u00bfpor qu\u00e9 t\u00fa no hiciste lo mismo? - Cuballama Noticias\" \/>\n<meta property=\"og:description\" content=\"Manuel Marrero se revela cuentista y narra la epopeya de c\u00f3mo la ex Ministra de TSS reconoci\u00f3 sus errores y pidi\u00f3 su dimisi\u00f3n.\" \/>\n<meta property=\"og:url\" content=\"https:\/\/www.cuballama.com\/noticias\/marrero-hace-un-cuento-que-nadie-se-cree-y-muchos-se-preguntan-por-que-tu-no-hiciste-lo-mismo\/\" \/>\n<meta property=\"og:site_name\" content=\"Cuballama Noticias\" \/>\n<meta property=\"article:publisher\" content=\"https:\/\/www.facebook.com\/CubaLlama\" \/>\n<meta property=\"article:published_time\" content=\"2025-07-17T15:25:49+00:00\" \/>\n<meta property=\"article:modified_time\" content=\"2025-07-17T15:25:52+00:00\" \/>\n<meta property=\"og:image\" content=\"https:\/\/cdn1.mediawpaccore.net\/wp-content\/uploads\/2025\/07\/17041803\/image-82.png\" \/>\n\t<meta property=\"og:image:width\" content=\"1034\" \/>\n\t<meta property=\"og:image:height\" content=\"574\" \/>\n\t<meta property=\"og:image:type\" content=\"image\/png\" \/>\n<meta name=\"author\" content=\"Roberto A.\" \/>\n<meta name=\"twitter:card\" content=\"summary_large_image\" \/>\n<meta name=\"twitter:creator\" content=\"@cuballama\" \/>\n<meta name=\"twitter:site\" content=\"@cuballama\" \/>\n<meta name=\"twitter:label1\" content=\"Escrito por\" \/>\n\t<meta name=\"twitter:data1\" content=\"Roberto A.\" \/>\n\t<meta name=\"twitter:label2\" content=\"Tiempo de lectura\" \/>\n\t<meta name=\"twitter:data2\" content=\"5 minutos\" \/>\n<script type=\"application\/ld+json\" class=\"yoast-schema-graph\">{\"@context\":\"https:\\\/\\\/schema.org\",\"@graph\":[{\"@type\":\"Article\",\"@id\":\"https:\\\/\\\/www.cuballama.com\\\/noticias\\\/marrero-hace-un-cuento-que-nadie-se-cree-y-muchos-se-preguntan-por-que-tu-no-hiciste-lo-mismo\\\/#article\",\"isPartOf\":{\"@id\":\"https:\\\/\\\/www.cuballama.com\\\/noticias\\\/marrero-hace-un-cuento-que-nadie-se-cree-y-muchos-se-preguntan-por-que-tu-no-hiciste-lo-mismo\\\/\"},\"author\":{\"name\":\"Roberto A.\",\"@id\":\"https:\\\/\\\/www.cuballama.com\\\/noticias\\\/#\\\/schema\\\/person\\\/a58502ed4146c8e9f83872e897c76cd2\"},\"headline\":\"Marrero hace un cuento que nadie se cree y muchos se preguntan: \u00bfpor qu\u00e9 t\u00fa no hiciste lo mismo?\",\"datePublished\":\"2025-07-17T15:25:49+00:00\",\"dateModified\":\"2025-07-17T15:25:52+00:00\",\"mainEntityOfPage\":{\"@id\":\"https:\\\/\\\/www.cuballama.com\\\/noticias\\\/marrero-hace-un-cuento-que-nadie-se-cree-y-muchos-se-preguntan-por-que-tu-no-hiciste-lo-mismo\\\/\"},\"wordCount\":1074,\"commentCount\":0,\"publisher\":{\"@id\":\"https:\\\/\\\/www.cuballama.com\\\/noticias\\\/#organization\"},\"image\":{\"@id\":\"https:\\\/\\\/www.cuballama.com\\\/noticias\\\/marrero-hace-un-cuento-que-nadie-se-cree-y-muchos-se-preguntan-por-que-tu-no-hiciste-lo-mismo\\\/#primaryimage\"},\"thumbnailUrl\":\"https:\\\/\\\/cdn1.mediawpaccore.net\\\/wp-content\\\/uploads\\\/2025\\\/07\\\/17041803\\\/image-82.png\",\"keywords\":[\"Asamblea Nacional del Poder Popular\",\"Cuba\",\"Denuncias\",\"destacado\",\"Dimisiones\",\"Manuel Marrero\",\"Martha Elena Feit\u00f3 Cabrera\",\"Renuncias\"],\"articleSection\":[\"Noticias\",\"Noticias de Cuba\",\"Opini\u00f3n\"],\"inLanguage\":\"es\",\"potentialAction\":[{\"@type\":\"CommentAction\",\"name\":\"Comment\",\"target\":[\"https:\\\/\\\/www.cuballama.com\\\/noticias\\\/marrero-hace-un-cuento-que-nadie-se-cree-y-muchos-se-preguntan-por-que-tu-no-hiciste-lo-mismo\\\/#respond\"]}]},{\"@type\":\"WebPage\",\"@id\":\"https:\\\/\\\/www.cuballama.com\\\/noticias\\\/marrero-hace-un-cuento-que-nadie-se-cree-y-muchos-se-preguntan-por-que-tu-no-hiciste-lo-mismo\\\/\",\"url\":\"https:\\\/\\\/www.cuballama.com\\\/noticias\\\/marrero-hace-un-cuento-que-nadie-se-cree-y-muchos-se-preguntan-por-que-tu-no-hiciste-lo-mismo\\\/\",\"name\":\"Marrero hace un cuento que nadie se cree y muchos se preguntan: \u00bfpor qu\u00e9 t\u00fa no hiciste lo mismo? - Cuballama Noticias\",\"isPartOf\":{\"@id\":\"https:\\\/\\\/www.cuballama.com\\\/noticias\\\/#website\"},\"primaryImageOfPage\":{\"@id\":\"https:\\\/\\\/www.cuballama.com\\\/noticias\\\/marrero-hace-un-cuento-que-nadie-se-cree-y-muchos-se-preguntan-por-que-tu-no-hiciste-lo-mismo\\\/#primaryimage\"},\"image\":{\"@id\":\"https:\\\/\\\/www.cuballama.com\\\/noticias\\\/marrero-hace-un-cuento-que-nadie-se-cree-y-muchos-se-preguntan-por-que-tu-no-hiciste-lo-mismo\\\/#primaryimage\"},\"thumbnailUrl\":\"https:\\\/\\\/cdn1.mediawpaccore.net\\\/wp-content\\\/uploads\\\/2025\\\/07\\\/17041803\\\/image-82.png\",\"datePublished\":\"2025-07-17T15:25:49+00:00\",\"dateModified\":\"2025-07-17T15:25:52+00:00\",\"description\":\"Manuel Marrero se revela cuentista y narra la epopeya de c\u00f3mo la ex Ministra de TSS reconoci\u00f3 sus errores y pidi\u00f3 su dimisi\u00f3n.\",\"breadcrumb\":{\"@id\":\"https:\\\/\\\/www.cuballama.com\\\/noticias\\\/marrero-hace-un-cuento-que-nadie-se-cree-y-muchos-se-preguntan-por-que-tu-no-hiciste-lo-mismo\\\/#breadcrumb\"},\"inLanguage\":\"es\",\"potentialAction\":[{\"@type\":\"ReadAction\",\"target\":[\"https:\\\/\\\/www.cuballama.com\\\/noticias\\\/marrero-hace-un-cuento-que-nadie-se-cree-y-muchos-se-preguntan-por-que-tu-no-hiciste-lo-mismo\\\/\"]}]},{\"@type\":\"ImageObject\",\"inLanguage\":\"es\",\"@id\":\"https:\\\/\\\/www.cuballama.com\\\/noticias\\\/marrero-hace-un-cuento-que-nadie-se-cree-y-muchos-se-preguntan-por-que-tu-no-hiciste-lo-mismo\\\/#primaryimage\",\"url\":\"https:\\\/\\\/cdn1.mediawpaccore.net\\\/wp-content\\\/uploads\\\/2025\\\/07\\\/17041803\\\/image-82.png\",\"contentUrl\":\"https:\\\/\\\/cdn1.mediawpaccore.net\\\/wp-content\\\/uploads\\\/2025\\\/07\\\/17041803\\\/image-82.png\",\"width\":1034,\"height\":574,\"caption\":\"Foto: Cubadebate\"},{\"@type\":\"BreadcrumbList\",\"@id\":\"https:\\\/\\\/www.cuballama.com\\\/noticias\\\/marrero-hace-un-cuento-que-nadie-se-cree-y-muchos-se-preguntan-por-que-tu-no-hiciste-lo-mismo\\\/#breadcrumb\",\"itemListElement\":[{\"@type\":\"ListItem\",\"position\":1,\"name\":\"Home\",\"item\":\"https:\\\/\\\/www.cuballama.com\\\/noticias\\\/\"},{\"@type\":\"ListItem\",\"position\":2,\"name\":\"Marrero hace un cuento que nadie se cree y muchos se preguntan: \u00bfpor qu\u00e9 t\u00fa no hiciste lo mismo?\"}]},{\"@type\":\"WebSite\",\"@id\":\"https:\\\/\\\/www.cuballama.com\\\/noticias\\\/#website\",\"url\":\"https:\\\/\\\/www.cuballama.com\\\/noticias\\\/\",\"name\":\"Cuballama Noticias\",\"description\":\"Medio digital sobre Cuba y el mundo\",\"publisher\":{\"@id\":\"https:\\\/\\\/www.cuballama.com\\\/noticias\\\/#organization\"},\"potentialAction\":[{\"@type\":\"SearchAction\",\"target\":{\"@type\":\"EntryPoint\",\"urlTemplate\":\"https:\\\/\\\/www.cuballama.com\\\/noticias\\\/?s={search_term_string}\"},\"query-input\":{\"@type\":\"PropertyValueSpecification\",\"valueRequired\":true,\"valueName\":\"search_term_string\"}}],\"inLanguage\":\"es\"},{\"@type\":\"Organization\",\"@id\":\"https:\\\/\\\/www.cuballama.com\\\/noticias\\\/#organization\",\"name\":\"Cuballama\",\"url\":\"https:\\\/\\\/www.cuballama.com\\\/noticias\\\/\",\"logo\":{\"@type\":\"ImageObject\",\"inLanguage\":\"es\",\"@id\":\"https:\\\/\\\/www.cuballama.com\\\/noticias\\\/#\\\/schema\\\/logo\\\/image\\\/\",\"url\":\"https:\\\/\\\/cdn1.mediawpaccore.net\\\/wp-content\\\/uploads\\\/2021\\\/12\\\/28171206\\\/cbll-logo-color-sm.png\",\"contentUrl\":\"https:\\\/\\\/cdn1.mediawpaccore.net\\\/wp-content\\\/uploads\\\/2021\\\/12\\\/28171206\\\/cbll-logo-color-sm.png\",\"width\":600,\"height\":133,\"caption\":\"Cuballama\"},\"image\":{\"@id\":\"https:\\\/\\\/www.cuballama.com\\\/noticias\\\/#\\\/schema\\\/logo\\\/image\\\/\"},\"sameAs\":[\"https:\\\/\\\/www.facebook.com\\\/CubaLlama\",\"https:\\\/\\\/x.com\\\/cuballama\",\"https:\\\/\\\/www.instagram.com\\\/stories\\\/cuballama_oficial\\\/\",\"https:\\\/\\\/www.youtube.com\\\/channel\\\/UCKkFE-d_axENGZcrc4as0IA\"]},{\"@type\":\"Person\",\"@id\":\"https:\\\/\\\/www.cuballama.com\\\/noticias\\\/#\\\/schema\\\/person\\\/a58502ed4146c8e9f83872e897c76cd2\",\"name\":\"Roberto A.\",\"description\":\"Roberto A. Periodista por decisi\u00f3n propia. Interesado en cualquier tema que me apasione y cada vez m\u00e1s comprometido con la verdad y la objetividad period\u00edstica. Graduado en La Habana hace ya muchos a\u00f1os, luego de una accidentada y polvorienta b\u00fasqueda de informaci\u00f3n sobre un tema in\u00e9dito. La Tesis, por cierto, desapareci\u00f3 de la biblioteca y no se conservan copias de la misma.\",\"url\":\"https:\\\/\\\/www.cuballama.com\\\/noticias\\\/author\\\/roberto\\\/\"}]}<\/script>\n<!-- \/ Yoast SEO plugin. -->","yoast_head_json":{"title":"Marrero hace un cuento que nadie se cree y muchos se preguntan: \u00bfpor qu\u00e9 t\u00fa no hiciste lo mismo? - Cuballama Noticias","description":"Manuel Marrero se revela cuentista y narra la epopeya de c\u00f3mo la ex Ministra de TSS reconoci\u00f3 sus errores y pidi\u00f3 su dimisi\u00f3n.","robots":{"index":"index","follow":"follow","max-snippet":"max-snippet:-1","max-image-preview":"max-image-preview:large","max-video-preview":"max-video-preview:-1"},"canonical":"https:\/\/www.cuballama.com\/noticias\/marrero-hace-un-cuento-que-nadie-se-cree-y-muchos-se-preguntan-por-que-tu-no-hiciste-lo-mismo\/","og_locale":"es_ES","og_type":"article","og_title":"Marrero hace un cuento que nadie se cree y muchos se preguntan: \u00bfpor qu\u00e9 t\u00fa no hiciste lo mismo? - Cuballama Noticias","og_description":"Manuel Marrero se revela cuentista y narra la epopeya de c\u00f3mo la ex Ministra de TSS reconoci\u00f3 sus errores y pidi\u00f3 su dimisi\u00f3n.","og_url":"https:\/\/www.cuballama.com\/noticias\/marrero-hace-un-cuento-que-nadie-se-cree-y-muchos-se-preguntan-por-que-tu-no-hiciste-lo-mismo\/","og_site_name":"Cuballama Noticias","article_publisher":"https:\/\/www.facebook.com\/CubaLlama","article_published_time":"2025-07-17T15:25:49+00:00","article_modified_time":"2025-07-17T15:25:52+00:00","og_image":[{"width":1034,"height":574,"url":"https:\/\/cdn1.mediawpaccore.net\/wp-content\/uploads\/2025\/07\/17041803\/image-82.png","type":"image\/png"}],"author":"Roberto A.","twitter_card":"summary_large_image","twitter_creator":"@cuballama","twitter_site":"@cuballama","twitter_misc":{"Escrito por":"Roberto A.","Tiempo de lectura":"5 minutos"},"schema":{"@context":"https:\/\/schema.org","@graph":[{"@type":"Article","@id":"https:\/\/www.cuballama.com\/noticias\/marrero-hace-un-cuento-que-nadie-se-cree-y-muchos-se-preguntan-por-que-tu-no-hiciste-lo-mismo\/#article","isPartOf":{"@id":"https:\/\/www.cuballama.com\/noticias\/marrero-hace-un-cuento-que-nadie-se-cree-y-muchos-se-preguntan-por-que-tu-no-hiciste-lo-mismo\/"},"author":{"name":"Roberto A.","@id":"https:\/\/www.cuballama.com\/noticias\/#\/schema\/person\/a58502ed4146c8e9f83872e897c76cd2"},"headline":"Marrero hace un cuento que nadie se cree y muchos se preguntan: \u00bfpor qu\u00e9 t\u00fa no hiciste lo mismo?","datePublished":"2025-07-17T15:25:49+00:00","dateModified":"2025-07-17T15:25:52+00:00","mainEntityOfPage":{"@id":"https:\/\/www.cuballama.com\/noticias\/marrero-hace-un-cuento-que-nadie-se-cree-y-muchos-se-preguntan-por-que-tu-no-hiciste-lo-mismo\/"},"wordCount":1074,"commentCount":0,"publisher":{"@id":"https:\/\/www.cuballama.com\/noticias\/#organization"},"image":{"@id":"https:\/\/www.cuballama.com\/noticias\/marrero-hace-un-cuento-que-nadie-se-cree-y-muchos-se-preguntan-por-que-tu-no-hiciste-lo-mismo\/#primaryimage"},"thumbnailUrl":"https:\/\/cdn1.mediawpaccore.net\/wp-content\/uploads\/2025\/07\/17041803\/image-82.png","keywords":["Asamblea Nacional del Poder Popular","Cuba","Denuncias","destacado","Dimisiones","Manuel Marrero","Martha Elena Feit\u00f3 Cabrera","Renuncias"],"articleSection":["Noticias","Noticias de Cuba","Opini\u00f3n"],"inLanguage":"es","potentialAction":[{"@type":"CommentAction","name":"Comment","target":["https:\/\/www.cuballama.com\/noticias\/marrero-hace-un-cuento-que-nadie-se-cree-y-muchos-se-preguntan-por-que-tu-no-hiciste-lo-mismo\/#respond"]}]},{"@type":"WebPage","@id":"https:\/\/www.cuballama.com\/noticias\/marrero-hace-un-cuento-que-nadie-se-cree-y-muchos-se-preguntan-por-que-tu-no-hiciste-lo-mismo\/","url":"https:\/\/www.cuballama.com\/noticias\/marrero-hace-un-cuento-que-nadie-se-cree-y-muchos-se-preguntan-por-que-tu-no-hiciste-lo-mismo\/","name":"Marrero hace un cuento que nadie se cree y muchos se preguntan: \u00bfpor qu\u00e9 t\u00fa no hiciste lo mismo? - Cuballama Noticias","isPartOf":{"@id":"https:\/\/www.cuballama.com\/noticias\/#website"},"primaryImageOfPage":{"@id":"https:\/\/www.cuballama.com\/noticias\/marrero-hace-un-cuento-que-nadie-se-cree-y-muchos-se-preguntan-por-que-tu-no-hiciste-lo-mismo\/#primaryimage"},"image":{"@id":"https:\/\/www.cuballama.com\/noticias\/marrero-hace-un-cuento-que-nadie-se-cree-y-muchos-se-preguntan-por-que-tu-no-hiciste-lo-mismo\/#primaryimage"},"thumbnailUrl":"https:\/\/cdn1.mediawpaccore.net\/wp-content\/uploads\/2025\/07\/17041803\/image-82.png","datePublished":"2025-07-17T15:25:49+00:00","dateModified":"2025-07-17T15:25:52+00:00","description":"Manuel Marrero se revela cuentista y narra la epopeya de c\u00f3mo la ex Ministra de TSS reconoci\u00f3 sus errores y pidi\u00f3 su dimisi\u00f3n.","breadcrumb":{"@id":"https:\/\/www.cuballama.com\/noticias\/marrero-hace-un-cuento-que-nadie-se-cree-y-muchos-se-preguntan-por-que-tu-no-hiciste-lo-mismo\/#breadcrumb"},"inLanguage":"es","potentialAction":[{"@type":"ReadAction","target":["https:\/\/www.cuballama.com\/noticias\/marrero-hace-un-cuento-que-nadie-se-cree-y-muchos-se-preguntan-por-que-tu-no-hiciste-lo-mismo\/"]}]},{"@type":"ImageObject","inLanguage":"es","@id":"https:\/\/www.cuballama.com\/noticias\/marrero-hace-un-cuento-que-nadie-se-cree-y-muchos-se-preguntan-por-que-tu-no-hiciste-lo-mismo\/#primaryimage","url":"https:\/\/cdn1.mediawpaccore.net\/wp-content\/uploads\/2025\/07\/17041803\/image-82.png","contentUrl":"https:\/\/cdn1.mediawpaccore.net\/wp-content\/uploads\/2025\/07\/17041803\/image-82.png","width":1034,"height":574,"caption":"Foto: Cubadebate"},{"@type":"BreadcrumbList","@id":"https:\/\/www.cuballama.com\/noticias\/marrero-hace-un-cuento-que-nadie-se-cree-y-muchos-se-preguntan-por-que-tu-no-hiciste-lo-mismo\/#breadcrumb","itemListElement":[{"@type":"ListItem","position":1,"name":"Home","item":"https:\/\/www.cuballama.com\/noticias\/"},{"@type":"ListItem","position":2,"name":"Marrero hace un cuento que nadie se cree y muchos se preguntan: \u00bfpor qu\u00e9 t\u00fa no hiciste lo mismo?"}]},{"@type":"WebSite","@id":"https:\/\/www.cuballama.com\/noticias\/#website","url":"https:\/\/www.cuballama.com\/noticias\/","name":"Cuballama Noticias","description":"Medio digital sobre Cuba y el mundo","publisher":{"@id":"https:\/\/www.cuballama.com\/noticias\/#organization"},"potentialAction":[{"@type":"SearchAction","target":{"@type":"EntryPoint","urlTemplate":"https:\/\/www.cuballama.com\/noticias\/?s={search_term_string}"},"query-input":{"@type":"PropertyValueSpecification","valueRequired":true,"valueName":"search_term_string"}}],"inLanguage":"es"},{"@type":"Organization","@id":"https:\/\/www.cuballama.com\/noticias\/#organization","name":"Cuballama","url":"https:\/\/www.cuballama.com\/noticias\/","logo":{"@type":"ImageObject","inLanguage":"es","@id":"https:\/\/www.cuballama.com\/noticias\/#\/schema\/logo\/image\/","url":"https:\/\/cdn1.mediawpaccore.net\/wp-content\/uploads\/2021\/12\/28171206\/cbll-logo-color-sm.png","contentUrl":"https:\/\/cdn1.mediawpaccore.net\/wp-content\/uploads\/2021\/12\/28171206\/cbll-logo-color-sm.png","width":600,"height":133,"caption":"Cuballama"},"image":{"@id":"https:\/\/www.cuballama.com\/noticias\/#\/schema\/logo\/image\/"},"sameAs":["https:\/\/www.facebook.com\/CubaLlama","https:\/\/x.com\/cuballama","https:\/\/www.instagram.com\/stories\/cuballama_oficial\/","https:\/\/www.youtube.com\/channel\/UCKkFE-d_axENGZcrc4as0IA"]},{"@type":"Person","@id":"https:\/\/www.cuballama.com\/noticias\/#\/schema\/person\/a58502ed4146c8e9f83872e897c76cd2","name":"Roberto A.","description":"Roberto A. Periodista por decisi\u00f3n propia. Interesado en cualquier tema que me apasione y cada vez m\u00e1s comprometido con la verdad y la objetividad period\u00edstica. Graduado en La Habana hace ya muchos a\u00f1os, luego de una accidentada y polvorienta b\u00fasqueda de informaci\u00f3n sobre un tema in\u00e9dito. La Tesis, por cierto, desapareci\u00f3 de la biblioteca y no se conservan copias de la misma.","url":"https:\/\/www.cuballama.com\/noticias\/author\/roberto\/"}]}},"_links":{"self":[{"href":"https:\/\/www.cuballama.com\/noticias\/wp-json\/wp\/v2\/posts\/213509","targetHints":{"allow":["GET"]}}],"collection":[{"href":"https:\/\/www.cuballama.com\/noticias\/wp-json\/wp\/v2\/posts"}],"about":[{"href":"https:\/\/www.cuballama.com\/noticias\/wp-json\/wp\/v2\/types\/post"}],"author":[{"embeddable":true,"href":"https:\/\/www.cuballama.com\/noticias\/wp-json\/wp\/v2\/users\/13"}],"replies":[{"embeddable":true,"href":"https:\/\/www.cuballama.com\/noticias\/wp-json\/wp\/v2\/comments?post=213509"}],"version-history":[{"count":4,"href":"https:\/\/www.cuballama.com\/noticias\/wp-json\/wp\/v2\/posts\/213509\/revisions"}],"predecessor-version":[{"id":213515,"href":"https:\/\/www.cuballama.com\/noticias\/wp-json\/wp\/v2\/posts\/213509\/revisions\/213515"}],"wp:featuredmedia":[{"embeddable":true,"href":"https:\/\/www.cuballama.com\/noticias\/wp-json\/wp\/v2\/media\/213511"}],"wp:attachment":[{"href":"https:\/\/www.cuballama.com\/noticias\/wp-json\/wp\/v2\/media?parent=213509"}],"wp:term":[{"taxonomy":"category","embeddable":true,"href":"https:\/\/www.cuballama.com\/noticias\/wp-json\/wp\/v2\/categories?post=213509"},{"taxonomy":"post_tag","embeddable":true,"href":"https:\/\/www.cuballama.com\/noticias\/wp-json\/wp\/v2\/tags?post=213509"}],"curies":[{"name":"wp","href":"https:\/\/api.w.org\/{rel}","templated":true}]}}