{"id":212937,"date":"2025-07-11T13:24:46","date_gmt":"2025-07-11T17:24:46","guid":{"rendered":"https:\/\/www.cuballama.com\/noticias\/?p=212937"},"modified":"2025-07-11T13:24:47","modified_gmt":"2025-07-11T17:24:47","slug":"lina-luaces-miss-universo-cuba-entre-los-50-mas-bellos-de-people-en-espanol","status":"publish","type":"post","link":"https:\/\/www.cuballama.com\/noticias\/lina-luaces-miss-universo-cuba-entre-los-50-mas-bellos-de-people-en-espanol\/","title":{"rendered":"Lina Luaces, Miss Universo Cuba, entre los 50 m\u00e1s bellos de People en Espa\u00f1ol"},"content":{"rendered":"\n<p>La revista <strong>People en Espa\u00f1ol<\/strong> ya solt\u00f3 su esperada lista de <strong>\u201cLos 50 m\u00e1s bellos\u201d<\/strong>, esa selecci\u00f3n que cada a\u00f1o pone en el mapa a artistas, modelos e influencers que no solo destacan por su f\u00edsico, sino tambi\u00e9n por su talento, carisma y poder de influencia.<\/p>\n\n\n\n<p>Este a\u00f1o la lista se divide en cinco categor\u00edas que lo tienen todo: <strong>\u201cLos due\u00f1os del flow\u201d<\/strong>, <strong>\u201cEn pleno ascenso\u201d<\/strong>, <strong>\u201cLa raz\u00f3n de nuestros suspiros\u201d<\/strong>, <strong>\u201cPoder de atracci\u00f3n\u201d<\/strong> y <strong>\u201cLa fascinaci\u00f3n de la pantalla\u201d<\/strong>.<\/p>\n\n\n\n<p>Y justo en la categor\u00eda <strong>\u201cEn pleno ascenso\u201d<\/strong>, aparece nada m\u00e1s y nada menos que <strong>Lina Luaces<\/strong>, la flamante <strong><a href=\"https:\/\/www.cuballama.com\/noticias\/cuba-tiene-reina-nueva-lina-luaces-hija-de-lili-estefan-rumbo-a-miss-universo-2025\/\" target=\"_blank\" rel=\"noreferrer noopener\">Miss Universe Cuba 2025<\/a><\/strong>, que viene arrasando y con la mirada fija en <strong>Tailandia<\/strong>, donde se celebrar\u00e1 el pr\u00f3ximo <strong>Miss Universo<\/strong>.<\/p>\n\n\n\n<p>Desde el perfil oficial del certamen celebraron la noticia con orgullo cubano:<em>\u201cLina Luaces (@linaluaces), Miss Universe Cuba 2025, ha sido reconocida como una de las 50 personalidades m\u00e1s bellas por People en Espa\u00f1ol (@peopleenespanol), y no solo por su belleza exterior, sino por la luz que irradia desde adentro\u201d.<\/em><\/p>\n\n\n\n<p>A sus <strong>22 a\u00f1os<\/strong>, Lina, la hija de la querid\u00edsima presentadora <strong>Lili Estefan<\/strong>, est\u00e1 brillando con luz propia. No solo ha conquistado pasarelas internacionales como la del <strong>New York Fashion Week<\/strong>, sino que ahora se prepara para representar a Cuba en el escenario m\u00e1s importante de los cert\u00e1menes de belleza.<\/p>\n\n\n\n<p>\u201c<strong>Trato de no hacer una lista de sue\u00f1os y metas espec\u00edficas; dejo que Dios gu\u00ede mis pasos y mi intuici\u00f3n me diga qu\u00e9 hacer a continuaci\u00f3n en mi carrera<\/strong>\u201d, cont\u00f3 la joven modelo y <strong>nutricionista<\/strong> a la revista, dejando claro que su belleza viene acompa\u00f1ada de una profunda espiritualidad y determinaci\u00f3n.<\/p>\n\n\n\n<p>Lina tiene claro que la belleza comienza desde adentro: <em>\u201cMe hace sentir linda cuando estoy feliz. Siento que cuando estoy feliz, mi energ\u00eda habla por m\u00ed. Las mujeres m\u00e1s bellas que he visto son las que brillan desde su interior\u201d<\/em>, confes\u00f3 la cubanoamericana.<\/p>\n\n\n\n<p>Parte de su rutina para mantener ese brillo incluye <strong>leer la Biblia cada ma\u00f1ana, escribir en su diario, salir a caminar, y siempre hablarse con amor propio<\/strong>. Adem\u00e1s, cuida su alimentaci\u00f3n y practica <strong>pilates<\/strong>, reflejando as\u00ed una filosof\u00eda de vida basada en el equilibrio cuerpo-mente-alma. <\/p>\n\n\n\n<p>Nacida en <strong>Miami<\/strong>, de padres <strong>cubanos<\/strong> y con ra\u00edces <strong>libanesas<\/strong>, Lina Luaces no olvida ni un solo d\u00eda su identidad: <em>\u201cPara m\u00ed, ser cubana no es solo una etnia, es un s\u00edmbolo. Es s\u00edmbolo de esperanza, de fuerza, de resiliencia, y de mucho sacrificio y trabajo duro\u201d.<\/em><\/p>\n","protected":false},"excerpt":{"rendered":"<p>Lina Luaces, Miss Universe Cuba 2025 e hija de Lili Estefan, es elegida entre \u201cLos 50 m\u00e1s bellos\u201d de People en Espa\u00f1ol y se prepara para Miss Universo.<\/p>\n","protected":false},"author":29,"featured_media":213011,"comment_status":"open","ping_status":"closed","sticky":false,"template":"","format":"standard","meta":{"_acf_changed":false,"footnotes":""},"categories":[443],"tags":[17762,25336,25337,18265,10752,8394,25333,16489,25334,25332,25335],"class_list":{"0":"post-212937","1":"post","2":"type-post","3":"status-publish","4":"format-standard","5":"has-post-thumbnail","7":"category-farandula","8":"tag-belleza-cubana","9":"tag-certamenes-de-belleza-cuba","10":"tag-cubanos-en-miss-universo","11":"tag-cubanos-en-tailandia","12":"tag-farandula-cubana","13":"tag-influencers-cubanos","14":"tag-lili-estefan-hija","15":"tag-lina-luaces","17":"tag-los-50-mas-bellos-people-en-espanol","18":"tag-miss-universe-cuba"},"acf":[],"yoast_head":"<!-- This site is optimized with the Yoast SEO plugin v27.5 - https:\/\/yoast.com\/product\/yoast-seo-wordpress\/ -->\n<title>Lina Luaces, Miss Universo Cuba, entre los 50 m\u00e1s bellos de People en Espa\u00f1ol - Cuballama Noticias<\/title>\n<meta name=\"description\" content=\"Lina Luaces, Miss Universe Cuba 2025 e hija de Lili Estefan, es elegida entre \u201cLos 50 m\u00e1s bellos\u201d de People y se prepara para Miss Universo.\" \/>\n<meta name=\"robots\" content=\"index, follow, max-snippet:-1, max-image-preview:large, max-video-preview:-1\" \/>\n<link rel=\"canonical\" href=\"https:\/\/www.cuballama.com\/noticias\/lina-luaces-miss-universo-cuba-entre-los-50-mas-bellos-de-people-en-espanol\/\" \/>\n<meta property=\"og:locale\" content=\"es_ES\" \/>\n<meta property=\"og:type\" content=\"article\" \/>\n<meta property=\"og:title\" content=\"Lina Luaces, Miss Universo Cuba, entre los 50 m\u00e1s bellos de People en Espa\u00f1ol - Cuballama Noticias\" \/>\n<meta property=\"og:description\" content=\"Lina Luaces, Miss Universe Cuba 2025 e hija de Lili Estefan, es elegida entre \u201cLos 50 m\u00e1s bellos\u201d de People y se prepara para Miss Universo.\" \/>\n<meta property=\"og:url\" content=\"https:\/\/www.cuballama.com\/noticias\/lina-luaces-miss-universo-cuba-entre-los-50-mas-bellos-de-people-en-espanol\/\" \/>\n<meta property=\"og:site_name\" content=\"Cuballama Noticias\" \/>\n<meta property=\"article:publisher\" content=\"https:\/\/www.facebook.com\/CubaLlama\" \/>\n<meta property=\"article:published_time\" content=\"2025-07-11T17:24:46+00:00\" \/>\n<meta property=\"article:modified_time\" content=\"2025-07-11T17:24:47+00:00\" \/>\n<meta property=\"og:image\" content=\"https:\/\/cdn1.mediawpaccore.net\/wp-content\/uploads\/2025\/07\/11131010\/Captura-de-pantalla-2025-07-11-a-las-19.03.06.png\" \/>\n\t<meta property=\"og:image:width\" content=\"928\" \/>\n\t<meta property=\"og:image:height\" content=\"514\" \/>\n\t<meta property=\"og:image:type\" content=\"image\/png\" \/>\n<meta name=\"author\" content=\"Sof\u00eda Reyes\" \/>\n<meta name=\"twitter:card\" content=\"summary_large_image\" \/>\n<meta name=\"twitter:creator\" content=\"@cuballama\" \/>\n<meta name=\"twitter:site\" content=\"@cuballama\" \/>\n<meta name=\"twitter:label1\" content=\"Escrito por\" \/>\n\t<meta name=\"twitter:data1\" content=\"Sof\u00eda Reyes\" \/>\n\t<meta name=\"twitter:label2\" content=\"Tiempo de lectura\" \/>\n\t<meta name=\"twitter:data2\" content=\"3 minutos\" \/>\n<script type=\"application\/ld+json\" class=\"yoast-schema-graph\">{\"@context\":\"https:\\\/\\\/schema.org\",\"@graph\":[{\"@type\":\"Article\",\"@id\":\"https:\\\/\\\/www.cuballama.com\\\/noticias\\\/lina-luaces-miss-universo-cuba-entre-los-50-mas-bellos-de-people-en-espanol\\\/#article\",\"isPartOf\":{\"@id\":\"https:\\\/\\\/www.cuballama.com\\\/noticias\\\/lina-luaces-miss-universo-cuba-entre-los-50-mas-bellos-de-people-en-espanol\\\/\"},\"author\":{\"name\":\"Sof\u00eda Reyes\",\"@id\":\"https:\\\/\\\/www.cuballama.com\\\/noticias\\\/#\\\/schema\\\/person\\\/5cba2b8cc25a3159e49fe730a94d512e\"},\"headline\":\"Lina Luaces, Miss Universo Cuba, entre los 50 m\u00e1s bellos de People en Espa\u00f1ol\",\"datePublished\":\"2025-07-11T17:24:46+00:00\",\"dateModified\":\"2025-07-11T17:24:47+00:00\",\"mainEntityOfPage\":{\"@id\":\"https:\\\/\\\/www.cuballama.com\\\/noticias\\\/lina-luaces-miss-universo-cuba-entre-los-50-mas-bellos-de-people-en-espanol\\\/\"},\"wordCount\":454,\"commentCount\":0,\"publisher\":{\"@id\":\"https:\\\/\\\/www.cuballama.com\\\/noticias\\\/#organization\"},\"image\":{\"@id\":\"https:\\\/\\\/www.cuballama.com\\\/noticias\\\/lina-luaces-miss-universo-cuba-entre-los-50-mas-bellos-de-people-en-espanol\\\/#primaryimage\"},\"thumbnailUrl\":\"https:\\\/\\\/cdn1.mediawpaccore.net\\\/wp-content\\\/uploads\\\/2025\\\/07\\\/11131010\\\/Captura-de-pantalla-2025-07-11-a-las-19.03.06.png\",\"keywords\":[\"belleza cubana\",\"cert\u00e1menes de belleza Cuba\",\"cubanos en Miss Universo\",\"cubanos en Tailandia\",\"Far\u00e1ndula cubana\",\"Influencers cubanos\",\"Lili Estefan hija\",\"Lina Luaces\",\"Lina Luaces Miss Universo\",\"Los 50 m\u00e1s bellos People en Espa\u00f1ol\",\"Miss Universe Cuba\"],\"articleSection\":[\"Far\u00e1ndula\"],\"inLanguage\":\"es\",\"potentialAction\":[{\"@type\":\"CommentAction\",\"name\":\"Comment\",\"target\":[\"https:\\\/\\\/www.cuballama.com\\\/noticias\\\/lina-luaces-miss-universo-cuba-entre-los-50-mas-bellos-de-people-en-espanol\\\/#respond\"]}]},{\"@type\":\"WebPage\",\"@id\":\"https:\\\/\\\/www.cuballama.com\\\/noticias\\\/lina-luaces-miss-universo-cuba-entre-los-50-mas-bellos-de-people-en-espanol\\\/\",\"url\":\"https:\\\/\\\/www.cuballama.com\\\/noticias\\\/lina-luaces-miss-universo-cuba-entre-los-50-mas-bellos-de-people-en-espanol\\\/\",\"name\":\"Lina Luaces, Miss Universo Cuba, entre los 50 m\u00e1s bellos de People en Espa\u00f1ol - Cuballama Noticias\",\"isPartOf\":{\"@id\":\"https:\\\/\\\/www.cuballama.com\\\/noticias\\\/#website\"},\"primaryImageOfPage\":{\"@id\":\"https:\\\/\\\/www.cuballama.com\\\/noticias\\\/lina-luaces-miss-universo-cuba-entre-los-50-mas-bellos-de-people-en-espanol\\\/#primaryimage\"},\"image\":{\"@id\":\"https:\\\/\\\/www.cuballama.com\\\/noticias\\\/lina-luaces-miss-universo-cuba-entre-los-50-mas-bellos-de-people-en-espanol\\\/#primaryimage\"},\"thumbnailUrl\":\"https:\\\/\\\/cdn1.mediawpaccore.net\\\/wp-content\\\/uploads\\\/2025\\\/07\\\/11131010\\\/Captura-de-pantalla-2025-07-11-a-las-19.03.06.png\",\"datePublished\":\"2025-07-11T17:24:46+00:00\",\"dateModified\":\"2025-07-11T17:24:47+00:00\",\"description\":\"Lina Luaces, Miss Universe Cuba 2025 e hija de Lili Estefan, es elegida entre \u201cLos 50 m\u00e1s bellos\u201d de People y se prepara para Miss Universo.\",\"breadcrumb\":{\"@id\":\"https:\\\/\\\/www.cuballama.com\\\/noticias\\\/lina-luaces-miss-universo-cuba-entre-los-50-mas-bellos-de-people-en-espanol\\\/#breadcrumb\"},\"inLanguage\":\"es\",\"potentialAction\":[{\"@type\":\"ReadAction\",\"target\":[\"https:\\\/\\\/www.cuballama.com\\\/noticias\\\/lina-luaces-miss-universo-cuba-entre-los-50-mas-bellos-de-people-en-espanol\\\/\"]}]},{\"@type\":\"ImageObject\",\"inLanguage\":\"es\",\"@id\":\"https:\\\/\\\/www.cuballama.com\\\/noticias\\\/lina-luaces-miss-universo-cuba-entre-los-50-mas-bellos-de-people-en-espanol\\\/#primaryimage\",\"url\":\"https:\\\/\\\/cdn1.mediawpaccore.net\\\/wp-content\\\/uploads\\\/2025\\\/07\\\/11131010\\\/Captura-de-pantalla-2025-07-11-a-las-19.03.06.png\",\"contentUrl\":\"https:\\\/\\\/cdn1.mediawpaccore.net\\\/wp-content\\\/uploads\\\/2025\\\/07\\\/11131010\\\/Captura-de-pantalla-2025-07-11-a-las-19.03.06.png\",\"width\":928,\"height\":514,\"caption\":\"Foto tomada del perfil de Instagram de Miss Universo Cuba\"},{\"@type\":\"BreadcrumbList\",\"@id\":\"https:\\\/\\\/www.cuballama.com\\\/noticias\\\/lina-luaces-miss-universo-cuba-entre-los-50-mas-bellos-de-people-en-espanol\\\/#breadcrumb\",\"itemListElement\":[{\"@type\":\"ListItem\",\"position\":1,\"name\":\"Home\",\"item\":\"https:\\\/\\\/www.cuballama.com\\\/noticias\\\/\"},{\"@type\":\"ListItem\",\"position\":2,\"name\":\"Lina Luaces, Miss Universo Cuba, entre los 50 m\u00e1s bellos de People en Espa\u00f1ol\"}]},{\"@type\":\"WebSite\",\"@id\":\"https:\\\/\\\/www.cuballama.com\\\/noticias\\\/#website\",\"url\":\"https:\\\/\\\/www.cuballama.com\\\/noticias\\\/\",\"name\":\"Cuballama Noticias\",\"description\":\"Medio digital sobre Cuba y el mundo\",\"publisher\":{\"@id\":\"https:\\\/\\\/www.cuballama.com\\\/noticias\\\/#organization\"},\"potentialAction\":[{\"@type\":\"SearchAction\",\"target\":{\"@type\":\"EntryPoint\",\"urlTemplate\":\"https:\\\/\\\/www.cuballama.com\\\/noticias\\\/?s={search_term_string}\"},\"query-input\":{\"@type\":\"PropertyValueSpecification\",\"valueRequired\":true,\"valueName\":\"search_term_string\"}}],\"inLanguage\":\"es\"},{\"@type\":\"Organization\",\"@id\":\"https:\\\/\\\/www.cuballama.com\\\/noticias\\\/#organization\",\"name\":\"Cuballama\",\"url\":\"https:\\\/\\\/www.cuballama.com\\\/noticias\\\/\",\"logo\":{\"@type\":\"ImageObject\",\"inLanguage\":\"es\",\"@id\":\"https:\\\/\\\/www.cuballama.com\\\/noticias\\\/#\\\/schema\\\/logo\\\/image\\\/\",\"url\":\"https:\\\/\\\/cdn1.mediawpaccore.net\\\/wp-content\\\/uploads\\\/2021\\\/12\\\/28171206\\\/cbll-logo-color-sm.png\",\"contentUrl\":\"https:\\\/\\\/cdn1.mediawpaccore.net\\\/wp-content\\\/uploads\\\/2021\\\/12\\\/28171206\\\/cbll-logo-color-sm.png\",\"width\":600,\"height\":133,\"caption\":\"Cuballama\"},\"image\":{\"@id\":\"https:\\\/\\\/www.cuballama.com\\\/noticias\\\/#\\\/schema\\\/logo\\\/image\\\/\"},\"sameAs\":[\"https:\\\/\\\/www.facebook.com\\\/CubaLlama\",\"https:\\\/\\\/x.com\\\/cuballama\",\"https:\\\/\\\/www.instagram.com\\\/stories\\\/cuballama_oficial\\\/\",\"https:\\\/\\\/www.youtube.com\\\/channel\\\/UCKkFE-d_axENGZcrc4as0IA\"]},{\"@type\":\"Person\",\"@id\":\"https:\\\/\\\/www.cuballama.com\\\/noticias\\\/#\\\/schema\\\/person\\\/5cba2b8cc25a3159e49fe730a94d512e\",\"name\":\"Sof\u00eda Reyes\",\"url\":\"https:\\\/\\\/www.cuballama.com\\\/noticias\\\/author\\\/laura\\\/\"}]}<\/script>\n<!-- \/ Yoast SEO plugin. -->","yoast_head_json":{"title":"Lina Luaces, Miss Universo Cuba, entre los 50 m\u00e1s bellos de People en Espa\u00f1ol - Cuballama Noticias","description":"Lina Luaces, Miss Universe Cuba 2025 e hija de Lili Estefan, es elegida entre \u201cLos 50 m\u00e1s bellos\u201d de People y se prepara para Miss Universo.","robots":{"index":"index","follow":"follow","max-snippet":"max-snippet:-1","max-image-preview":"max-image-preview:large","max-video-preview":"max-video-preview:-1"},"canonical":"https:\/\/www.cuballama.com\/noticias\/lina-luaces-miss-universo-cuba-entre-los-50-mas-bellos-de-people-en-espanol\/","og_locale":"es_ES","og_type":"article","og_title":"Lina Luaces, Miss Universo Cuba, entre los 50 m\u00e1s bellos de People en Espa\u00f1ol - Cuballama Noticias","og_description":"Lina Luaces, Miss Universe Cuba 2025 e hija de Lili Estefan, es elegida entre \u201cLos 50 m\u00e1s bellos\u201d de People y se prepara para Miss Universo.","og_url":"https:\/\/www.cuballama.com\/noticias\/lina-luaces-miss-universo-cuba-entre-los-50-mas-bellos-de-people-en-espanol\/","og_site_name":"Cuballama Noticias","article_publisher":"https:\/\/www.facebook.com\/CubaLlama","article_published_time":"2025-07-11T17:24:46+00:00","article_modified_time":"2025-07-11T17:24:47+00:00","og_image":[{"width":928,"height":514,"url":"https:\/\/cdn1.mediawpaccore.net\/wp-content\/uploads\/2025\/07\/11131010\/Captura-de-pantalla-2025-07-11-a-las-19.03.06.png","type":"image\/png"}],"author":"Sof\u00eda Reyes","twitter_card":"summary_large_image","twitter_creator":"@cuballama","twitter_site":"@cuballama","twitter_misc":{"Escrito por":"Sof\u00eda Reyes","Tiempo de lectura":"3 minutos"},"schema":{"@context":"https:\/\/schema.org","@graph":[{"@type":"Article","@id":"https:\/\/www.cuballama.com\/noticias\/lina-luaces-miss-universo-cuba-entre-los-50-mas-bellos-de-people-en-espanol\/#article","isPartOf":{"@id":"https:\/\/www.cuballama.com\/noticias\/lina-luaces-miss-universo-cuba-entre-los-50-mas-bellos-de-people-en-espanol\/"},"author":{"name":"Sof\u00eda Reyes","@id":"https:\/\/www.cuballama.com\/noticias\/#\/schema\/person\/5cba2b8cc25a3159e49fe730a94d512e"},"headline":"Lina Luaces, Miss Universo Cuba, entre los 50 m\u00e1s bellos de People en Espa\u00f1ol","datePublished":"2025-07-11T17:24:46+00:00","dateModified":"2025-07-11T17:24:47+00:00","mainEntityOfPage":{"@id":"https:\/\/www.cuballama.com\/noticias\/lina-luaces-miss-universo-cuba-entre-los-50-mas-bellos-de-people-en-espanol\/"},"wordCount":454,"commentCount":0,"publisher":{"@id":"https:\/\/www.cuballama.com\/noticias\/#organization"},"image":{"@id":"https:\/\/www.cuballama.com\/noticias\/lina-luaces-miss-universo-cuba-entre-los-50-mas-bellos-de-people-en-espanol\/#primaryimage"},"thumbnailUrl":"https:\/\/cdn1.mediawpaccore.net\/wp-content\/uploads\/2025\/07\/11131010\/Captura-de-pantalla-2025-07-11-a-las-19.03.06.png","keywords":["belleza cubana","cert\u00e1menes de belleza Cuba","cubanos en Miss Universo","cubanos en Tailandia","Far\u00e1ndula cubana","Influencers cubanos","Lili Estefan hija","Lina Luaces","Lina Luaces Miss Universo","Los 50 m\u00e1s bellos People en Espa\u00f1ol","Miss Universe Cuba"],"articleSection":["Far\u00e1ndula"],"inLanguage":"es","potentialAction":[{"@type":"CommentAction","name":"Comment","target":["https:\/\/www.cuballama.com\/noticias\/lina-luaces-miss-universo-cuba-entre-los-50-mas-bellos-de-people-en-espanol\/#respond"]}]},{"@type":"WebPage","@id":"https:\/\/www.cuballama.com\/noticias\/lina-luaces-miss-universo-cuba-entre-los-50-mas-bellos-de-people-en-espanol\/","url":"https:\/\/www.cuballama.com\/noticias\/lina-luaces-miss-universo-cuba-entre-los-50-mas-bellos-de-people-en-espanol\/","name":"Lina Luaces, Miss Universo Cuba, entre los 50 m\u00e1s bellos de People en Espa\u00f1ol - Cuballama Noticias","isPartOf":{"@id":"https:\/\/www.cuballama.com\/noticias\/#website"},"primaryImageOfPage":{"@id":"https:\/\/www.cuballama.com\/noticias\/lina-luaces-miss-universo-cuba-entre-los-50-mas-bellos-de-people-en-espanol\/#primaryimage"},"image":{"@id":"https:\/\/www.cuballama.com\/noticias\/lina-luaces-miss-universo-cuba-entre-los-50-mas-bellos-de-people-en-espanol\/#primaryimage"},"thumbnailUrl":"https:\/\/cdn1.mediawpaccore.net\/wp-content\/uploads\/2025\/07\/11131010\/Captura-de-pantalla-2025-07-11-a-las-19.03.06.png","datePublished":"2025-07-11T17:24:46+00:00","dateModified":"2025-07-11T17:24:47+00:00","description":"Lina Luaces, Miss Universe Cuba 2025 e hija de Lili Estefan, es elegida entre \u201cLos 50 m\u00e1s bellos\u201d de People y se prepara para Miss Universo.","breadcrumb":{"@id":"https:\/\/www.cuballama.com\/noticias\/lina-luaces-miss-universo-cuba-entre-los-50-mas-bellos-de-people-en-espanol\/#breadcrumb"},"inLanguage":"es","potentialAction":[{"@type":"ReadAction","target":["https:\/\/www.cuballama.com\/noticias\/lina-luaces-miss-universo-cuba-entre-los-50-mas-bellos-de-people-en-espanol\/"]}]},{"@type":"ImageObject","inLanguage":"es","@id":"https:\/\/www.cuballama.com\/noticias\/lina-luaces-miss-universo-cuba-entre-los-50-mas-bellos-de-people-en-espanol\/#primaryimage","url":"https:\/\/cdn1.mediawpaccore.net\/wp-content\/uploads\/2025\/07\/11131010\/Captura-de-pantalla-2025-07-11-a-las-19.03.06.png","contentUrl":"https:\/\/cdn1.mediawpaccore.net\/wp-content\/uploads\/2025\/07\/11131010\/Captura-de-pantalla-2025-07-11-a-las-19.03.06.png","width":928,"height":514,"caption":"Foto tomada del perfil de Instagram de Miss Universo Cuba"},{"@type":"BreadcrumbList","@id":"https:\/\/www.cuballama.com\/noticias\/lina-luaces-miss-universo-cuba-entre-los-50-mas-bellos-de-people-en-espanol\/#breadcrumb","itemListElement":[{"@type":"ListItem","position":1,"name":"Home","item":"https:\/\/www.cuballama.com\/noticias\/"},{"@type":"ListItem","position":2,"name":"Lina Luaces, Miss Universo Cuba, entre los 50 m\u00e1s bellos de People en Espa\u00f1ol"}]},{"@type":"WebSite","@id":"https:\/\/www.cuballama.com\/noticias\/#website","url":"https:\/\/www.cuballama.com\/noticias\/","name":"Cuballama Noticias","description":"Medio digital sobre Cuba y el mundo","publisher":{"@id":"https:\/\/www.cuballama.com\/noticias\/#organization"},"potentialAction":[{"@type":"SearchAction","target":{"@type":"EntryPoint","urlTemplate":"https:\/\/www.cuballama.com\/noticias\/?s={search_term_string}"},"query-input":{"@type":"PropertyValueSpecification","valueRequired":true,"valueName":"search_term_string"}}],"inLanguage":"es"},{"@type":"Organization","@id":"https:\/\/www.cuballama.com\/noticias\/#organization","name":"Cuballama","url":"https:\/\/www.cuballama.com\/noticias\/","logo":{"@type":"ImageObject","inLanguage":"es","@id":"https:\/\/www.cuballama.com\/noticias\/#\/schema\/logo\/image\/","url":"https:\/\/cdn1.mediawpaccore.net\/wp-content\/uploads\/2021\/12\/28171206\/cbll-logo-color-sm.png","contentUrl":"https:\/\/cdn1.mediawpaccore.net\/wp-content\/uploads\/2021\/12\/28171206\/cbll-logo-color-sm.png","width":600,"height":133,"caption":"Cuballama"},"image":{"@id":"https:\/\/www.cuballama.com\/noticias\/#\/schema\/logo\/image\/"},"sameAs":["https:\/\/www.facebook.com\/CubaLlama","https:\/\/x.com\/cuballama","https:\/\/www.instagram.com\/stories\/cuballama_oficial\/","https:\/\/www.youtube.com\/channel\/UCKkFE-d_axENGZcrc4as0IA"]},{"@type":"Person","@id":"https:\/\/www.cuballama.com\/noticias\/#\/schema\/person\/5cba2b8cc25a3159e49fe730a94d512e","name":"Sof\u00eda Reyes","url":"https:\/\/www.cuballama.com\/noticias\/author\/laura\/"}]}},"_links":{"self":[{"href":"https:\/\/www.cuballama.com\/noticias\/wp-json\/wp\/v2\/posts\/212937","targetHints":{"allow":["GET"]}}],"collection":[{"href":"https:\/\/www.cuballama.com\/noticias\/wp-json\/wp\/v2\/posts"}],"about":[{"href":"https:\/\/www.cuballama.com\/noticias\/wp-json\/wp\/v2\/types\/post"}],"author":[{"embeddable":true,"href":"https:\/\/www.cuballama.com\/noticias\/wp-json\/wp\/v2\/users\/29"}],"replies":[{"embeddable":true,"href":"https:\/\/www.cuballama.com\/noticias\/wp-json\/wp\/v2\/comments?post=212937"}],"version-history":[{"count":2,"href":"https:\/\/www.cuballama.com\/noticias\/wp-json\/wp\/v2\/posts\/212937\/revisions"}],"predecessor-version":[{"id":213012,"href":"https:\/\/www.cuballama.com\/noticias\/wp-json\/wp\/v2\/posts\/212937\/revisions\/213012"}],"wp:featuredmedia":[{"embeddable":true,"href":"https:\/\/www.cuballama.com\/noticias\/wp-json\/wp\/v2\/media\/213011"}],"wp:attachment":[{"href":"https:\/\/www.cuballama.com\/noticias\/wp-json\/wp\/v2\/media?parent=212937"}],"wp:term":[{"taxonomy":"category","embeddable":true,"href":"https:\/\/www.cuballama.com\/noticias\/wp-json\/wp\/v2\/categories?post=212937"},{"taxonomy":"post_tag","embeddable":true,"href":"https:\/\/www.cuballama.com\/noticias\/wp-json\/wp\/v2\/tags?post=212937"}],"curies":[{"name":"wp","href":"https:\/\/api.w.org\/{rel}","templated":true}]}}