{"id":212290,"date":"2025-07-04T08:44:01","date_gmt":"2025-07-04T12:44:01","guid":{"rendered":"https:\/\/www.cuballama.com\/noticias\/?p=212290"},"modified":"2025-07-04T09:28:28","modified_gmt":"2025-07-04T13:28:28","slug":"silencio-en-torno-a-la-artista-cubana-que-impidieron-actuar-en-la-ceremonia-del-4-de-julio-en-cuba","status":"publish","type":"post","link":"https:\/\/www.cuballama.com\/noticias\/silencio-en-torno-a-la-artista-cubana-que-impidieron-actuar-en-la-ceremonia-del-4-de-julio-en-cuba\/","title":{"rendered":"Silencio en torno a la artista cubana que impidieron actuar en la ceremonia del 4 de julio en Cuba"},"content":{"rendered":"\n<p>El pasado a\u00f1o la cantante cubana Laritza Bacallao cant\u00f3 el himno nacional de Estados Unidos en la ceremonia del 4 de julio en la casa del embajador de ese pa\u00eds en La Habana. En ese entonces las relaciones bilaterales estaban en un mejor momento y la Bacallao obtuvo \u00abel permiso\u00bb de las autoridades locales para interpretar el himno del \u00abenemigo\u00bb. Este a\u00f1o las cosas han cambiado. La Administraci\u00f3n de Donald Trump ha arreciado las medidas contra la isla y el jefe de su misi\u00f3n diplom\u00e1tica en La Habana Mike Hammer,est\u00e1 en el punto de mira de las autoridades por sus continuos recorridos por las provincias de la isla donde seg\u00fan ha explicado se re\u00fane con cubanos comunes y corrientes, gente de pueblo, para decirlo de la mejor manera.<\/p>\n\n\n\n<p>En este contexto se conoci\u00f3 que la artista invitada a interpretar el himno de Cuba fue presionada para que no lo hiciera seg\u00fan dijo Hammer, quien no mencion\u00f3 el nombre de la cantante. No se sabe si fue la Bacallao, de quien lo \u00faltimo que se supo fue que estaba de cirug\u00edas est\u00e9ticas en Miami u otra int\u00e9rprete de la isla. Adem\u00e1s de la \u00abdesconocida\u00bb cantante tambi\u00e9n fueron presionadas o detenidas otras figuras de la sociedad civil cubana o la disidencia para impedir que asistieran a la fiesta estadounidense.<\/p>\n\n\n\n<p>Incluso circul\u00f3 un video en que miembros de la polic\u00eda o la seguridad del estado se acercaron a un veh\u00edculo de la embajada estadounidense que recog\u00eda a la periodista independiente Camila Acosta y a su pareja, el escritor \u00c1ngel Santiesteban Prats, para impedirle que los trasladaran hasta la celebraci\u00f3n.<\/p>\n\n\n\n<p>Todo esto denota la tensa relaci\u00f3n bilateral entre ambos pa\u00edses que se ha acrecentado por las nuevas medidas aplicadas por el gobierno de Donald Trump contra el aparato del estado cubano y sus brazos econ\u00f3micos como Gaesa. El gobierno de D\u00edaz-Canel, en medio de una grave crisis, culpa de la debacle econ\u00f3mica al embargo estadounidense sin mencionar los millonarios fondos que ha recibido de pa\u00edses como Rusia para restablecer el sistema el\u00e9ctrico nacional, mientras hace silencio ante las criticas por la construcci\u00f3n desmedida de hoteles sin un turismo que respalde la inversi\u00f3n.<\/p>\n","protected":false},"excerpt":{"rendered":"<p>El pasado a\u00f1o la cantante cubana Laritza Bacallao cant\u00f3 el himno nacional de Estados Unidos en la ceremonia del 4 de julio en la casa del embajador de ese pa\u00eds en La Habana. En ese entonces las relaciones bilaterales estaban en un mejor momento y la Bacallao obtuvo \u00abel permiso\u00bb de las autoridades locales para [&hellip;]<\/p>\n","protected":false},"author":24,"featured_media":193389,"comment_status":"open","ping_status":"closed","sticky":false,"template":"","format":"standard","meta":{"_acf_changed":false,"footnotes":""},"categories":[18,955],"tags":[10867,92,941],"class_list":{"0":"post-212290","1":"post","2":"type-post","3":"status-publish","4":"format-standard","5":"has-post-thumbnail","7":"category-noticias","8":"category-noticias-de-cuba","9":"tag-crisis-en-cuba","10":"tag-cubanos","11":"tag-destacado"},"acf":[],"yoast_head":"<!-- This site is optimized with the Yoast SEO plugin v27.4 - https:\/\/yoast.com\/product\/yoast-seo-wordpress\/ -->\n<title>Silencio en torno a la artista cubana que impidieron actuar en la ceremonia del 4 de julio en Cuba - Cuballama Noticias<\/title>\n<meta name=\"description\" content=\"El pasado a\u00f1o la cantante cubana Laritza Bacallao cant\u00f3 el himno nacional de Estados Unidos en la ceremonia del 4 de julio.\" \/>\n<meta name=\"robots\" content=\"index, follow, max-snippet:-1, max-image-preview:large, max-video-preview:-1\" \/>\n<link rel=\"canonical\" href=\"https:\/\/www.cuballama.com\/noticias\/silencio-en-torno-a-la-artista-cubana-que-impidieron-actuar-en-la-ceremonia-del-4-de-julio-en-cuba\/\" \/>\n<meta property=\"og:locale\" content=\"es_ES\" \/>\n<meta property=\"og:type\" content=\"article\" \/>\n<meta property=\"og:title\" content=\"Silencio en torno a la artista cubana que impidieron actuar en la ceremonia del 4 de julio en Cuba - Cuballama Noticias\" \/>\n<meta property=\"og:description\" content=\"El pasado a\u00f1o la cantante cubana Laritza Bacallao cant\u00f3 el himno nacional de Estados Unidos en la ceremonia del 4 de julio.\" \/>\n<meta property=\"og:url\" content=\"https:\/\/www.cuballama.com\/noticias\/silencio-en-torno-a-la-artista-cubana-que-impidieron-actuar-en-la-ceremonia-del-4-de-julio-en-cuba\/\" \/>\n<meta property=\"og:site_name\" content=\"Cuballama Noticias\" \/>\n<meta property=\"article:publisher\" content=\"https:\/\/www.facebook.com\/CubaLlama\" \/>\n<meta property=\"article:published_time\" content=\"2025-07-04T12:44:01+00:00\" \/>\n<meta property=\"article:modified_time\" content=\"2025-07-04T13:28:28+00:00\" \/>\n<meta property=\"og:image\" content=\"https:\/\/cdn1.mediawpaccore.net\/wp-content\/uploads\/2024\/12\/21131725\/MG_7024CN1.jpg\" \/>\n\t<meta property=\"og:image:width\" content=\"1200\" \/>\n\t<meta property=\"og:image:height\" content=\"630\" \/>\n\t<meta property=\"og:image:type\" content=\"image\/jpeg\" \/>\n<meta name=\"author\" content=\"Manu\" \/>\n<meta name=\"twitter:card\" content=\"summary_large_image\" \/>\n<meta name=\"twitter:creator\" content=\"@cuballama\" \/>\n<meta name=\"twitter:site\" content=\"@cuballama\" \/>\n<meta name=\"twitter:label1\" content=\"Escrito por\" \/>\n\t<meta name=\"twitter:data1\" content=\"Manu\" \/>\n\t<meta name=\"twitter:label2\" content=\"Tiempo de lectura\" \/>\n\t<meta name=\"twitter:data2\" content=\"2 minutos\" \/>\n<script type=\"application\/ld+json\" class=\"yoast-schema-graph\">{\"@context\":\"https:\\\/\\\/schema.org\",\"@graph\":[{\"@type\":\"Article\",\"@id\":\"https:\\\/\\\/www.cuballama.com\\\/noticias\\\/silencio-en-torno-a-la-artista-cubana-que-impidieron-actuar-en-la-ceremonia-del-4-de-julio-en-cuba\\\/#article\",\"isPartOf\":{\"@id\":\"https:\\\/\\\/www.cuballama.com\\\/noticias\\\/silencio-en-torno-a-la-artista-cubana-que-impidieron-actuar-en-la-ceremonia-del-4-de-julio-en-cuba\\\/\"},\"author\":{\"name\":\"Manu\",\"@id\":\"https:\\\/\\\/www.cuballama.com\\\/noticias\\\/#\\\/schema\\\/person\\\/5889f7d070564f8386e7944d14d436cd\"},\"headline\":\"Silencio en torno a la artista cubana que impidieron actuar en la ceremonia del 4 de julio en Cuba\",\"datePublished\":\"2025-07-04T12:44:01+00:00\",\"dateModified\":\"2025-07-04T13:28:28+00:00\",\"mainEntityOfPage\":{\"@id\":\"https:\\\/\\\/www.cuballama.com\\\/noticias\\\/silencio-en-torno-a-la-artista-cubana-que-impidieron-actuar-en-la-ceremonia-del-4-de-julio-en-cuba\\\/\"},\"wordCount\":403,\"commentCount\":0,\"publisher\":{\"@id\":\"https:\\\/\\\/www.cuballama.com\\\/noticias\\\/#organization\"},\"image\":{\"@id\":\"https:\\\/\\\/www.cuballama.com\\\/noticias\\\/silencio-en-torno-a-la-artista-cubana-que-impidieron-actuar-en-la-ceremonia-del-4-de-julio-en-cuba\\\/#primaryimage\"},\"thumbnailUrl\":\"https:\\\/\\\/cdn1.mediawpaccore.net\\\/wp-content\\\/uploads\\\/2024\\\/12\\\/21131725\\\/MG_7024CN1.jpg\",\"keywords\":[\"Crisis en Cuba\",\"cubanos\",\"destacado\"],\"articleSection\":[\"Noticias\",\"Noticias de Cuba\"],\"inLanguage\":\"es\",\"potentialAction\":[{\"@type\":\"CommentAction\",\"name\":\"Comment\",\"target\":[\"https:\\\/\\\/www.cuballama.com\\\/noticias\\\/silencio-en-torno-a-la-artista-cubana-que-impidieron-actuar-en-la-ceremonia-del-4-de-julio-en-cuba\\\/#respond\"]}]},{\"@type\":\"WebPage\",\"@id\":\"https:\\\/\\\/www.cuballama.com\\\/noticias\\\/silencio-en-torno-a-la-artista-cubana-que-impidieron-actuar-en-la-ceremonia-del-4-de-julio-en-cuba\\\/\",\"url\":\"https:\\\/\\\/www.cuballama.com\\\/noticias\\\/silencio-en-torno-a-la-artista-cubana-que-impidieron-actuar-en-la-ceremonia-del-4-de-julio-en-cuba\\\/\",\"name\":\"Silencio en torno a la artista cubana que impidieron actuar en la ceremonia del 4 de julio en Cuba - Cuballama Noticias\",\"isPartOf\":{\"@id\":\"https:\\\/\\\/www.cuballama.com\\\/noticias\\\/#website\"},\"primaryImageOfPage\":{\"@id\":\"https:\\\/\\\/www.cuballama.com\\\/noticias\\\/silencio-en-torno-a-la-artista-cubana-que-impidieron-actuar-en-la-ceremonia-del-4-de-julio-en-cuba\\\/#primaryimage\"},\"image\":{\"@id\":\"https:\\\/\\\/www.cuballama.com\\\/noticias\\\/silencio-en-torno-a-la-artista-cubana-que-impidieron-actuar-en-la-ceremonia-del-4-de-julio-en-cuba\\\/#primaryimage\"},\"thumbnailUrl\":\"https:\\\/\\\/cdn1.mediawpaccore.net\\\/wp-content\\\/uploads\\\/2024\\\/12\\\/21131725\\\/MG_7024CN1.jpg\",\"datePublished\":\"2025-07-04T12:44:01+00:00\",\"dateModified\":\"2025-07-04T13:28:28+00:00\",\"description\":\"El pasado a\u00f1o la cantante cubana Laritza Bacallao cant\u00f3 el himno nacional de Estados Unidos en la ceremonia del 4 de julio.\",\"breadcrumb\":{\"@id\":\"https:\\\/\\\/www.cuballama.com\\\/noticias\\\/silencio-en-torno-a-la-artista-cubana-que-impidieron-actuar-en-la-ceremonia-del-4-de-julio-en-cuba\\\/#breadcrumb\"},\"inLanguage\":\"es\",\"potentialAction\":[{\"@type\":\"ReadAction\",\"target\":[\"https:\\\/\\\/www.cuballama.com\\\/noticias\\\/silencio-en-torno-a-la-artista-cubana-que-impidieron-actuar-en-la-ceremonia-del-4-de-julio-en-cuba\\\/\"]}]},{\"@type\":\"ImageObject\",\"inLanguage\":\"es\",\"@id\":\"https:\\\/\\\/www.cuballama.com\\\/noticias\\\/silencio-en-torno-a-la-artista-cubana-que-impidieron-actuar-en-la-ceremonia-del-4-de-julio-en-cuba\\\/#primaryimage\",\"url\":\"https:\\\/\\\/cdn1.mediawpaccore.net\\\/wp-content\\\/uploads\\\/2024\\\/12\\\/21131725\\\/MG_7024CN1.jpg\",\"contentUrl\":\"https:\\\/\\\/cdn1.mediawpaccore.net\\\/wp-content\\\/uploads\\\/2024\\\/12\\\/21131725\\\/MG_7024CN1.jpg\",\"width\":1200,\"height\":630,\"caption\":\"Embajada de Estados Unidos en Cuba. Foto: CN360.\"},{\"@type\":\"BreadcrumbList\",\"@id\":\"https:\\\/\\\/www.cuballama.com\\\/noticias\\\/silencio-en-torno-a-la-artista-cubana-que-impidieron-actuar-en-la-ceremonia-del-4-de-julio-en-cuba\\\/#breadcrumb\",\"itemListElement\":[{\"@type\":\"ListItem\",\"position\":1,\"name\":\"Home\",\"item\":\"https:\\\/\\\/www.cuballama.com\\\/noticias\\\/\"},{\"@type\":\"ListItem\",\"position\":2,\"name\":\"Silencio en torno a la artista cubana que impidieron actuar en la ceremonia del 4 de julio en Cuba\"}]},{\"@type\":\"WebSite\",\"@id\":\"https:\\\/\\\/www.cuballama.com\\\/noticias\\\/#website\",\"url\":\"https:\\\/\\\/www.cuballama.com\\\/noticias\\\/\",\"name\":\"Cuballama Noticias\",\"description\":\"Medio digital sobre Cuba y el mundo\",\"publisher\":{\"@id\":\"https:\\\/\\\/www.cuballama.com\\\/noticias\\\/#organization\"},\"potentialAction\":[{\"@type\":\"SearchAction\",\"target\":{\"@type\":\"EntryPoint\",\"urlTemplate\":\"https:\\\/\\\/www.cuballama.com\\\/noticias\\\/?s={search_term_string}\"},\"query-input\":{\"@type\":\"PropertyValueSpecification\",\"valueRequired\":true,\"valueName\":\"search_term_string\"}}],\"inLanguage\":\"es\"},{\"@type\":\"Organization\",\"@id\":\"https:\\\/\\\/www.cuballama.com\\\/noticias\\\/#organization\",\"name\":\"Cuballama\",\"url\":\"https:\\\/\\\/www.cuballama.com\\\/noticias\\\/\",\"logo\":{\"@type\":\"ImageObject\",\"inLanguage\":\"es\",\"@id\":\"https:\\\/\\\/www.cuballama.com\\\/noticias\\\/#\\\/schema\\\/logo\\\/image\\\/\",\"url\":\"https:\\\/\\\/cdn1.mediawpaccore.net\\\/wp-content\\\/uploads\\\/2021\\\/12\\\/28171206\\\/cbll-logo-color-sm.png\",\"contentUrl\":\"https:\\\/\\\/cdn1.mediawpaccore.net\\\/wp-content\\\/uploads\\\/2021\\\/12\\\/28171206\\\/cbll-logo-color-sm.png\",\"width\":600,\"height\":133,\"caption\":\"Cuballama\"},\"image\":{\"@id\":\"https:\\\/\\\/www.cuballama.com\\\/noticias\\\/#\\\/schema\\\/logo\\\/image\\\/\"},\"sameAs\":[\"https:\\\/\\\/www.facebook.com\\\/CubaLlama\",\"https:\\\/\\\/x.com\\\/cuballama\",\"https:\\\/\\\/www.instagram.com\\\/stories\\\/cuballama_oficial\\\/\",\"https:\\\/\\\/www.youtube.com\\\/channel\\\/UCKkFE-d_axENGZcrc4as0IA\"]},{\"@type\":\"Person\",\"@id\":\"https:\\\/\\\/www.cuballama.com\\\/noticias\\\/#\\\/schema\\\/person\\\/5889f7d070564f8386e7944d14d436cd\",\"name\":\"Manu\",\"url\":\"https:\\\/\\\/www.cuballama.com\\\/noticias\\\/author\\\/manu\\\/\"}]}<\/script>\n<!-- \/ Yoast SEO plugin. -->","yoast_head_json":{"title":"Silencio en torno a la artista cubana que impidieron actuar en la ceremonia del 4 de julio en Cuba - Cuballama Noticias","description":"El pasado a\u00f1o la cantante cubana Laritza Bacallao cant\u00f3 el himno nacional de Estados Unidos en la ceremonia del 4 de julio.","robots":{"index":"index","follow":"follow","max-snippet":"max-snippet:-1","max-image-preview":"max-image-preview:large","max-video-preview":"max-video-preview:-1"},"canonical":"https:\/\/www.cuballama.com\/noticias\/silencio-en-torno-a-la-artista-cubana-que-impidieron-actuar-en-la-ceremonia-del-4-de-julio-en-cuba\/","og_locale":"es_ES","og_type":"article","og_title":"Silencio en torno a la artista cubana que impidieron actuar en la ceremonia del 4 de julio en Cuba - Cuballama Noticias","og_description":"El pasado a\u00f1o la cantante cubana Laritza Bacallao cant\u00f3 el himno nacional de Estados Unidos en la ceremonia del 4 de julio.","og_url":"https:\/\/www.cuballama.com\/noticias\/silencio-en-torno-a-la-artista-cubana-que-impidieron-actuar-en-la-ceremonia-del-4-de-julio-en-cuba\/","og_site_name":"Cuballama Noticias","article_publisher":"https:\/\/www.facebook.com\/CubaLlama","article_published_time":"2025-07-04T12:44:01+00:00","article_modified_time":"2025-07-04T13:28:28+00:00","og_image":[{"width":1200,"height":630,"url":"https:\/\/cdn1.mediawpaccore.net\/wp-content\/uploads\/2024\/12\/21131725\/MG_7024CN1.jpg","type":"image\/jpeg"}],"author":"Manu","twitter_card":"summary_large_image","twitter_creator":"@cuballama","twitter_site":"@cuballama","twitter_misc":{"Escrito por":"Manu","Tiempo de lectura":"2 minutos"},"schema":{"@context":"https:\/\/schema.org","@graph":[{"@type":"Article","@id":"https:\/\/www.cuballama.com\/noticias\/silencio-en-torno-a-la-artista-cubana-que-impidieron-actuar-en-la-ceremonia-del-4-de-julio-en-cuba\/#article","isPartOf":{"@id":"https:\/\/www.cuballama.com\/noticias\/silencio-en-torno-a-la-artista-cubana-que-impidieron-actuar-en-la-ceremonia-del-4-de-julio-en-cuba\/"},"author":{"name":"Manu","@id":"https:\/\/www.cuballama.com\/noticias\/#\/schema\/person\/5889f7d070564f8386e7944d14d436cd"},"headline":"Silencio en torno a la artista cubana que impidieron actuar en la ceremonia del 4 de julio en Cuba","datePublished":"2025-07-04T12:44:01+00:00","dateModified":"2025-07-04T13:28:28+00:00","mainEntityOfPage":{"@id":"https:\/\/www.cuballama.com\/noticias\/silencio-en-torno-a-la-artista-cubana-que-impidieron-actuar-en-la-ceremonia-del-4-de-julio-en-cuba\/"},"wordCount":403,"commentCount":0,"publisher":{"@id":"https:\/\/www.cuballama.com\/noticias\/#organization"},"image":{"@id":"https:\/\/www.cuballama.com\/noticias\/silencio-en-torno-a-la-artista-cubana-que-impidieron-actuar-en-la-ceremonia-del-4-de-julio-en-cuba\/#primaryimage"},"thumbnailUrl":"https:\/\/cdn1.mediawpaccore.net\/wp-content\/uploads\/2024\/12\/21131725\/MG_7024CN1.jpg","keywords":["Crisis en Cuba","cubanos","destacado"],"articleSection":["Noticias","Noticias de Cuba"],"inLanguage":"es","potentialAction":[{"@type":"CommentAction","name":"Comment","target":["https:\/\/www.cuballama.com\/noticias\/silencio-en-torno-a-la-artista-cubana-que-impidieron-actuar-en-la-ceremonia-del-4-de-julio-en-cuba\/#respond"]}]},{"@type":"WebPage","@id":"https:\/\/www.cuballama.com\/noticias\/silencio-en-torno-a-la-artista-cubana-que-impidieron-actuar-en-la-ceremonia-del-4-de-julio-en-cuba\/","url":"https:\/\/www.cuballama.com\/noticias\/silencio-en-torno-a-la-artista-cubana-que-impidieron-actuar-en-la-ceremonia-del-4-de-julio-en-cuba\/","name":"Silencio en torno a la artista cubana que impidieron actuar en la ceremonia del 4 de julio en Cuba - Cuballama Noticias","isPartOf":{"@id":"https:\/\/www.cuballama.com\/noticias\/#website"},"primaryImageOfPage":{"@id":"https:\/\/www.cuballama.com\/noticias\/silencio-en-torno-a-la-artista-cubana-que-impidieron-actuar-en-la-ceremonia-del-4-de-julio-en-cuba\/#primaryimage"},"image":{"@id":"https:\/\/www.cuballama.com\/noticias\/silencio-en-torno-a-la-artista-cubana-que-impidieron-actuar-en-la-ceremonia-del-4-de-julio-en-cuba\/#primaryimage"},"thumbnailUrl":"https:\/\/cdn1.mediawpaccore.net\/wp-content\/uploads\/2024\/12\/21131725\/MG_7024CN1.jpg","datePublished":"2025-07-04T12:44:01+00:00","dateModified":"2025-07-04T13:28:28+00:00","description":"El pasado a\u00f1o la cantante cubana Laritza Bacallao cant\u00f3 el himno nacional de Estados Unidos en la ceremonia del 4 de julio.","breadcrumb":{"@id":"https:\/\/www.cuballama.com\/noticias\/silencio-en-torno-a-la-artista-cubana-que-impidieron-actuar-en-la-ceremonia-del-4-de-julio-en-cuba\/#breadcrumb"},"inLanguage":"es","potentialAction":[{"@type":"ReadAction","target":["https:\/\/www.cuballama.com\/noticias\/silencio-en-torno-a-la-artista-cubana-que-impidieron-actuar-en-la-ceremonia-del-4-de-julio-en-cuba\/"]}]},{"@type":"ImageObject","inLanguage":"es","@id":"https:\/\/www.cuballama.com\/noticias\/silencio-en-torno-a-la-artista-cubana-que-impidieron-actuar-en-la-ceremonia-del-4-de-julio-en-cuba\/#primaryimage","url":"https:\/\/cdn1.mediawpaccore.net\/wp-content\/uploads\/2024\/12\/21131725\/MG_7024CN1.jpg","contentUrl":"https:\/\/cdn1.mediawpaccore.net\/wp-content\/uploads\/2024\/12\/21131725\/MG_7024CN1.jpg","width":1200,"height":630,"caption":"Embajada de Estados Unidos en Cuba. Foto: CN360."},{"@type":"BreadcrumbList","@id":"https:\/\/www.cuballama.com\/noticias\/silencio-en-torno-a-la-artista-cubana-que-impidieron-actuar-en-la-ceremonia-del-4-de-julio-en-cuba\/#breadcrumb","itemListElement":[{"@type":"ListItem","position":1,"name":"Home","item":"https:\/\/www.cuballama.com\/noticias\/"},{"@type":"ListItem","position":2,"name":"Silencio en torno a la artista cubana que impidieron actuar en la ceremonia del 4 de julio en Cuba"}]},{"@type":"WebSite","@id":"https:\/\/www.cuballama.com\/noticias\/#website","url":"https:\/\/www.cuballama.com\/noticias\/","name":"Cuballama Noticias","description":"Medio digital sobre Cuba y el mundo","publisher":{"@id":"https:\/\/www.cuballama.com\/noticias\/#organization"},"potentialAction":[{"@type":"SearchAction","target":{"@type":"EntryPoint","urlTemplate":"https:\/\/www.cuballama.com\/noticias\/?s={search_term_string}"},"query-input":{"@type":"PropertyValueSpecification","valueRequired":true,"valueName":"search_term_string"}}],"inLanguage":"es"},{"@type":"Organization","@id":"https:\/\/www.cuballama.com\/noticias\/#organization","name":"Cuballama","url":"https:\/\/www.cuballama.com\/noticias\/","logo":{"@type":"ImageObject","inLanguage":"es","@id":"https:\/\/www.cuballama.com\/noticias\/#\/schema\/logo\/image\/","url":"https:\/\/cdn1.mediawpaccore.net\/wp-content\/uploads\/2021\/12\/28171206\/cbll-logo-color-sm.png","contentUrl":"https:\/\/cdn1.mediawpaccore.net\/wp-content\/uploads\/2021\/12\/28171206\/cbll-logo-color-sm.png","width":600,"height":133,"caption":"Cuballama"},"image":{"@id":"https:\/\/www.cuballama.com\/noticias\/#\/schema\/logo\/image\/"},"sameAs":["https:\/\/www.facebook.com\/CubaLlama","https:\/\/x.com\/cuballama","https:\/\/www.instagram.com\/stories\/cuballama_oficial\/","https:\/\/www.youtube.com\/channel\/UCKkFE-d_axENGZcrc4as0IA"]},{"@type":"Person","@id":"https:\/\/www.cuballama.com\/noticias\/#\/schema\/person\/5889f7d070564f8386e7944d14d436cd","name":"Manu","url":"https:\/\/www.cuballama.com\/noticias\/author\/manu\/"}]}},"_links":{"self":[{"href":"https:\/\/www.cuballama.com\/noticias\/wp-json\/wp\/v2\/posts\/212290","targetHints":{"allow":["GET"]}}],"collection":[{"href":"https:\/\/www.cuballama.com\/noticias\/wp-json\/wp\/v2\/posts"}],"about":[{"href":"https:\/\/www.cuballama.com\/noticias\/wp-json\/wp\/v2\/types\/post"}],"author":[{"embeddable":true,"href":"https:\/\/www.cuballama.com\/noticias\/wp-json\/wp\/v2\/users\/24"}],"replies":[{"embeddable":true,"href":"https:\/\/www.cuballama.com\/noticias\/wp-json\/wp\/v2\/comments?post=212290"}],"version-history":[{"count":2,"href":"https:\/\/www.cuballama.com\/noticias\/wp-json\/wp\/v2\/posts\/212290\/revisions"}],"predecessor-version":[{"id":212303,"href":"https:\/\/www.cuballama.com\/noticias\/wp-json\/wp\/v2\/posts\/212290\/revisions\/212303"}],"wp:featuredmedia":[{"embeddable":true,"href":"https:\/\/www.cuballama.com\/noticias\/wp-json\/wp\/v2\/media\/193389"}],"wp:attachment":[{"href":"https:\/\/www.cuballama.com\/noticias\/wp-json\/wp\/v2\/media?parent=212290"}],"wp:term":[{"taxonomy":"category","embeddable":true,"href":"https:\/\/www.cuballama.com\/noticias\/wp-json\/wp\/v2\/categories?post=212290"},{"taxonomy":"post_tag","embeddable":true,"href":"https:\/\/www.cuballama.com\/noticias\/wp-json\/wp\/v2\/tags?post=212290"}],"curies":[{"name":"wp","href":"https:\/\/api.w.org\/{rel}","templated":true}]}}